{"id":266187,"date":"2023-02-10T09:29:35","date_gmt":"2023-02-10T14:29:35","guid":{"rendered":"https:\/\/www.fiscalia.gov.co\/colombia\/?p=266187"},"modified":"2023-02-16T11:50:30","modified_gmt":"2023-02-16T16:50:30","slug":"el-fin-de-the-key-la-red-narcotraficante-senalada-de-enviar-cocaina-a-estados-unidos-y-mexico-camuflada-en-equipajes-y-mercancia","status":"publish","type":"post","link":"https:\/\/www.fiscalia.gov.co\/colombia\/noticias\/el-fin-de-the-key-la-red-narcotraficante-senalada-de-enviar-cocaina-a-estados-unidos-y-mexico-camuflada-en-equipajes-y-mercancia\/","title":{"rendered":"El fin de \u2018The Key\u2019, la red narcotraficante se\u00f1alada de enviar coca\u00edna a Estados Unidos y M\u00e9xico camuflada en equipajes y mercanc\u00eda"},"content":{"rendered":"<h4><strong><i>Seis de los se\u00f1alados integrantes de esta organizaci\u00f3n fueron capturados con fines de extradici\u00f3n. Estar\u00edan involucrados en la salida de estupefaciente en peque\u00f1as cantidades desde Bogot\u00e1, Valle del Cauca, Antioquia y Caldas.<\/i>\u00a0<\/strong><\/h4>\n<p><span data-contrast=\"auto\">A disposici\u00f3n de la Fiscal\u00eda General de la Naci\u00f3n quedaron los seis se\u00f1alados dinamizadores principales de la red criminal \u2018The Key\u2019, que ser\u00eda la responsable de enviar de manera sistem\u00e1tica peque\u00f1as cantidades de coca\u00edna a Estados Unidos y M\u00e9xico.<\/span><span data-ccp-props=\"{&quot;201341983&quot;:0,&quot;335551550&quot;:6,&quot;335551620&quot;:6,&quot;335559739&quot;:240,&quot;335559740&quot;:240}\">\u00a0<\/span><\/p>\n<p><span data-contrast=\"auto\">Estas personas fueron capturadas en diligencias realizadas en Bogot\u00e1, Cartago (Valle del Cauca), Manizales (Caldas) y Rionegro (Antioquia), gracias a la articulaci\u00f3n de capacidades de la Direcci\u00f3n Especializada contra el Narcotr\u00e1fico, la DIJIN de la Polic\u00eda Nacional, la Oficina en Colombia del Servicio de Aduanas e Inmigraci\u00f3n (ICE\/HSI) y la agencia estadounidense DEA.<\/span><span data-ccp-props=\"{&quot;201341983&quot;:0,&quot;335551550&quot;:6,&quot;335551620&quot;:6,&quot;335559739&quot;:240,&quot;335559740&quot;:240}\">\u00a0<\/span><\/p>\n<figure id=\"attachment_266188\" aria-describedby=\"caption-attachment-266188\" style=\"width: 300px\" class=\"wp-caption aligncenter\"><img loading=\"lazy\" decoding=\"async\" class=\"wp-image-266188 size-medium\" src=\"https:\/\/www.fiscalia.gov.co\/colombia\/wp-content\/uploads\/WhatsApp-Image-2023-02-10-at-8.30.31-AM-300x188.jpeg\" alt=\" Imagen de los seis capturados, presuntos integrantes de 'The Key', solicitados en extradici\u00f3n por Estados Unidos.\" width=\"300\" height=\"188\" srcset=\"https:\/\/www.fiscalia.gov.co\/colombia\/wp-content\/uploads\/WhatsApp-Image-2023-02-10-at-8.30.31-AM-300x188.jpeg 300w, https:\/\/www.fiscalia.gov.co\/colombia\/wp-content\/uploads\/WhatsApp-Image-2023-02-10-at-8.30.31-AM-1024x642.jpeg 1024w, https:\/\/www.fiscalia.gov.co\/colombia\/wp-content\/uploads\/WhatsApp-Image-2023-02-10-at-8.30.31-AM-768x481.jpeg 768w, https:\/\/www.fiscalia.gov.co\/colombia\/wp-content\/uploads\/WhatsApp-Image-2023-02-10-at-8.30.31-AM-1536x963.jpeg 1536w, https:\/\/www.fiscalia.gov.co\/colombia\/wp-content\/uploads\/WhatsApp-Image-2023-02-10-at-8.30.31-AM-696x436.jpeg 696w, https:\/\/www.fiscalia.gov.co\/colombia\/wp-content\/uploads\/WhatsApp-Image-2023-02-10-at-8.30.31-AM-1068x670.jpeg 1068w, https:\/\/www.fiscalia.gov.co\/colombia\/wp-content\/uploads\/WhatsApp-Image-2023-02-10-at-8.30.31-AM-670x420.jpeg 670w, https:\/\/www.fiscalia.gov.co\/colombia\/wp-content\/uploads\/WhatsApp-Image-2023-02-10-at-8.30.31-AM.jpeg 1600w\" sizes=\"auto, (max-width: 300px) 100vw, 300px\" \/><figcaption id=\"caption-attachment-266188\" class=\"wp-caption-text\">Imagen de los seis capturados, presuntos integrantes de &#8216;The Key&#8217;, solicitados en extradici\u00f3n por Estados Unidos.<\/figcaption><\/figure>\n<p><span data-contrast=\"auto\">\u2018The Key\u2019 estar\u00eda involucrada en la adquisici\u00f3n de coca\u00edna y el dise\u00f1o de m\u00e9todos de camuflaje para moverla oculta en equipajes de mano o distintos productos que sal\u00edan como encomiendas desde los aeropuertos del pa\u00eds hacia destinos internacionales.\u00a0<\/span><span data-ccp-props=\"{&quot;201341983&quot;:0,&quot;335551550&quot;:6,&quot;335551620&quot;:6,&quot;335559739&quot;:240,&quot;335559740&quot;:240}\">\u00a0<\/span><\/p>\n<p><span data-contrast=\"auto\">Por estos hechos, sus se\u00f1alados integrantes est\u00e1n pedidos en extradici\u00f3n por una Corte Distrital de Estados Unidos para el Distrito Sur de la Florida por cargos relacionados con tr\u00e1fico de drogas il\u00edcitas y concierto para delinquir. Entre las personas solicitadas est\u00e1 Augusto G\u00f3mez Zuluaga, alias Ingeniero, presunto cabecilla encargado de adquisici\u00f3n del estupefaciente, establecer contactos narcotraficantes en otros pa\u00edses y recibir los dineros por los env\u00edos.<\/span><span data-ccp-props=\"{&quot;201341983&quot;:0,&quot;335551550&quot;:6,&quot;335551620&quot;:6,&quot;335559739&quot;:240,&quot;335559740&quot;:240}\">\u00a0<\/span><\/p>\n<p><span data-contrast=\"auto\">Los dem\u00e1s capturados son: V\u00edctor Hugo Cardona Londo\u00f1o y C\u00e9sar Alfredo Arciniegas S\u00e1nchez, quienes tendr\u00edan a su cargo las finanzas de la estructura y el reclutamiento de los denominados \u2018correos humanos\u2019; Carlos Andr\u00e9s Zuluaga L\u00f3pez y Mar\u00eda Alejandra Var\u00f3n Garc\u00e9s, alias La Mona, se\u00f1alados de camuflar la coca\u00edna en mercanc\u00eda; y Fabi\u00e1n Emilio Paredes Aristiz\u00e1bal, involucrado en actividades de transporte, y en la recepci\u00f3n de los productos contaminados y el posterior traslado a las oficinas de encomiendas para coordinar el despacho.<\/span><span data-ccp-props=\"{&quot;201341983&quot;:0,&quot;335551550&quot;:6,&quot;335551620&quot;:6,&quot;335559739&quot;:240,&quot;335559740&quot;:240}\">\u00a0<\/span><\/p>\n<p><span data-contrast=\"auto\">La Fiscal\u00eda comunicar\u00e1 los resultados de los procedimientos a la Embajada de Estados Unidos en Colombia para que se surtan los tr\u00e1mites de extradici\u00f3n en atenci\u00f3n a los par\u00e1metros y t\u00e9rminos legales.<\/span><span data-ccp-props=\"{&quot;201341983&quot;:0,&quot;335551550&quot;:6,&quot;335551620&quot;:6,&quot;335559739&quot;:240,&quot;335559740&quot;:240}\">\u00a0<\/span><\/p>\n<p><b><span data-contrast=\"auto\">La Fiscal\u00eda habla con resultados.<\/span><\/b><span data-ccp-props=\"{&quot;201341983&quot;:0,&quot;335551550&quot;:2,&quot;335551620&quot;:2,&quot;335559739&quot;:240,&quot;335559740&quot;:240}\">\u00a0<\/span><\/p>\n<p>&nbsp;<\/p>\n<p>&nbsp;<\/p>\n<p><span data-contrast=\"auto\">LMFO\/JARG\/IAJ\/DECN\/MRC\/<\/span><span data-ccp-props=\"{&quot;201341983&quot;:0,&quot;335559739&quot;:240,&quot;335559740&quot;:240}\">\u00a0<\/span><\/p>\n<p>&nbsp;<\/p>\n<p>&nbsp;<\/p>\n<p>&nbsp;<\/p>\n<p>&nbsp;<\/p>\n<p><i>La informaci\u00f3n contenida en este bolet\u00edn de prensa corresponde a la narraci\u00f3n de los hechos noticiosos objetivos, suministrados por los funcionarios encargados de adelantar las investigaciones penales al interior de la Fiscal\u00eda General de la Naci\u00f3n. Para el momento de la divulgaci\u00f3n de este comunicado, la situaci\u00f3n jur\u00eddica de la(s) persona(s) relacionada(s) se encuentra pendiente de resolver por la autoridad judicial competente, siempre bajo los preceptos de la presunci\u00f3n de inocencia, consagrados en el art\u00edculo 29 de la Constituci\u00f3n Pol\u00edtica y el art\u00edculo 7\u00ba de la Ley 906 de 2004.\u00a0<\/i><\/p>\n<p><span data-ccp-props=\"{&quot;201341983&quot;:0,&quot;335559739&quot;:240,&quot;335559740&quot;:240}\">\u00a0<\/span><\/p>\n<p><span data-ccp-props=\"{&quot;201341983&quot;:0,&quot;335559739&quot;:0,&quot;335559740&quot;:240}\">\u00a0<\/span><\/p>\n\n<div class=\"twitter-share\"><a href=\"https:\/\/twitter.com\/intent\/tweet?via=fiscaliacol\" class=\"twitter-share-button\">Tweet<\/a><\/div>\n","protected":false},"excerpt":{"rendered":"<p>Seis de los se\u00f1alados integrantes de esta organizaci\u00f3n fueron capturados con fines de extradici\u00f3n. Estar\u00edan involucrados en la salida de estupefaciente en peque\u00f1as cantidades desde Bogot\u00e1, Valle del Cauca, Antioquia y Caldas.\u00a0 A disposici\u00f3n de la Fiscal\u00eda General de la Naci\u00f3n quedaron los seis se\u00f1alados dinamizadores principales de la red criminal \u2018The Key\u2019, que ser\u00eda [&hellip;]<\/p>\n","protected":false},"author":178,"featured_media":0,"comment_status":"closed","ping_status":"open","sticky":false,"template":"","format":"video","meta":{"_price":"","_stock":"","_tribe_ticket_header":"","_tribe_default_ticket_provider":"","_tribe_ticket_capacity":"0","_ticket_start_date":"","_ticket_end_date":"","_tribe_ticket_show_description":"","_tribe_ticket_show_not_going":false,"_tribe_ticket_use_global_stock":"","_tribe_ticket_global_stock_level":"","_global_stock_mode":"","_global_stock_cap":"","_tribe_rsvp_for_event":"","_tribe_ticket_going_count":"","_tribe_ticket_not_going_count":"","_tribe_tickets_list":"[]","_tribe_ticket_has_attendee_info_fields":false,"tdm_status":"","tdm_grid_status":"","footnotes":""},"categories":[24115,1],"tags":[33862,28372,24185,1047,148],"class_list":{"0":"post-266187","1":"post","2":"type-post","3":"status-publish","4":"format-video","6":"category-narcotrafico","7":"category-noticias","8":"tag-bogota-d-c","9":"tag-extradicion-estados-unidos","10":"tag-fiscal-barbosa","11":"tag-fiscalia-general-de-la-nacion","12":"tag-narcotrafico","13":"post_format-post-format-video"},"yoast_head":"<!-- This site is optimized with the Yoast SEO plugin v24.3 - https:\/\/yoast.com\/wordpress\/plugins\/seo\/ -->\n<title>Fiscal\u00eda General de la Naci\u00f3n<\/title>\n<meta name=\"description\" content=\"P\u00e1gina oficial de la Fiscal\u00eda General de la Naci\u00f3n \u2013 Colombia. Garantizamos el acceso efectivo a la justicia, la verdad y la reparaci\u00f3n de las v\u00edctimas de los delitos.\" \/>\n<meta name=\"robots\" content=\"noindex, follow\" \/>\n<meta property=\"og:locale\" content=\"es_ES\" \/>\n<meta property=\"og:type\" content=\"article\" \/>\n<meta property=\"og:title\" content=\"Fiscal\u00eda General de la Naci\u00f3n\" \/>\n<meta property=\"og:description\" content=\"P\u00e1gina oficial de la Fiscal\u00eda General de la Naci\u00f3n \u2013 Colombia. Garantizamos el acceso efectivo a la justicia, la verdad y la reparaci\u00f3n de las v\u00edctimas de los delitos.\" \/>\n<meta property=\"og:url\" content=\"https:\/\/www.fiscalia.gov.co\/colombia\/noticias\/el-fin-de-the-key-la-red-narcotraficante-senalada-de-enviar-cocaina-a-estados-unidos-y-mexico-camuflada-en-equipajes-y-mercancia\/\" \/>\n<meta property=\"og:site_name\" content=\"Fiscal\u00eda General de la Naci\u00f3n\" \/>\n<meta property=\"article:publisher\" content=\"https:\/\/www.facebook.com\/FiscaliaCol\" \/>\n<meta property=\"article:published_time\" content=\"2023-02-10T14:29:35+00:00\" \/>\n<meta property=\"article:modified_time\" content=\"2023-02-16T16:50:30+00:00\" \/>\n<meta property=\"og:image\" content=\"https:\/\/www.fiscalia.gov.co\/colombia\/wp-content\/uploads\/WhatsApp-Image-2023-02-10-at-8.30.31-AM-300x188.jpeg\" \/>\n<meta name=\"author\" content=\"Winnie Geraldine Rodr\u00edguez Navarrete\" \/>\n<meta name=\"twitter:card\" content=\"summary_large_image\" \/>\n<meta name=\"twitter:creator\" content=\"@FiscaliaCol\" \/>\n<meta name=\"twitter:site\" content=\"@FiscaliaCol\" \/>\n<meta name=\"twitter:label1\" content=\"Escrito por\" \/>\n\t<meta name=\"twitter:data1\" content=\"Winnie Geraldine Rodr\u00edguez Navarrete\" \/>\n\t<meta name=\"twitter:label2\" content=\"Tiempo de lectura\" \/>\n\t<meta name=\"twitter:data2\" content=\"3 minutos\" \/>\n<script type=\"application\/ld+json\" class=\"yoast-schema-graph\">{\"@context\":\"https:\/\/schema.org\",\"@graph\":[{\"@type\":\"Article\",\"@id\":\"https:\/\/www.fiscalia.gov.co\/colombia\/noticias\/el-fin-de-the-key-la-red-narcotraficante-senalada-de-enviar-cocaina-a-estados-unidos-y-mexico-camuflada-en-equipajes-y-mercancia\/#article\",\"isPartOf\":{\"@id\":\"https:\/\/www.fiscalia.gov.co\/colombia\/noticias\/el-fin-de-the-key-la-red-narcotraficante-senalada-de-enviar-cocaina-a-estados-unidos-y-mexico-camuflada-en-equipajes-y-mercancia\/\"},\"author\":{\"name\":\"Winnie Geraldine Rodr\u00edguez Navarrete\",\"@id\":\"https:\/\/www.fiscalia.gov.co\/colombia\/#\/schema\/person\/176195b99ebab0a52aafa15197e1bf80\"},\"headline\":\"El fin de \u2018The Key\u2019, la red narcotraficante se\u00f1alada de enviar coca\u00edna a Estados Unidos y M\u00e9xico camuflada en equipajes y mercanc\u00eda\",\"datePublished\":\"2023-02-10T14:29:35+00:00\",\"dateModified\":\"2023-02-16T16:50:30+00:00\",\"mainEntityOfPage\":{\"@id\":\"https:\/\/www.fiscalia.gov.co\/colombia\/noticias\/el-fin-de-the-key-la-red-narcotraficante-senalada-de-enviar-cocaina-a-estados-unidos-y-mexico-camuflada-en-equipajes-y-mercancia\/\"},\"wordCount\":569,\"publisher\":{\"@id\":\"https:\/\/www.fiscalia.gov.co\/colombia\/#organization\"},\"image\":{\"@id\":\"https:\/\/www.fiscalia.gov.co\/colombia\/noticias\/el-fin-de-the-key-la-red-narcotraficante-senalada-de-enviar-cocaina-a-estados-unidos-y-mexico-camuflada-en-equipajes-y-mercancia\/#primaryimage\"},\"thumbnailUrl\":\"https:\/\/www.fiscalia.gov.co\/colombia\/wp-content\/uploads\/WhatsApp-Image-2023-02-10-at-8.30.31-AM-300x188.jpeg\",\"keywords\":[\"Bogot\u00e1 D.C.\",\"extradici\u00f3n\u00a0Estados Unidos\",\"Fiscal Barbosa\",\"Fiscal\u00eda General de la Naci\u00f3n\",\"Narcotr\u00e1fico\"],\"articleSection\":[\"Narcotr\u00e1fico\",\"Noticias\"],\"inLanguage\":\"es-CO\"},{\"@type\":\"WebPage\",\"@id\":\"https:\/\/www.fiscalia.gov.co\/colombia\/noticias\/el-fin-de-the-key-la-red-narcotraficante-senalada-de-enviar-cocaina-a-estados-unidos-y-mexico-camuflada-en-equipajes-y-mercancia\/\",\"url\":\"https:\/\/www.fiscalia.gov.co\/colombia\/noticias\/el-fin-de-the-key-la-red-narcotraficante-senalada-de-enviar-cocaina-a-estados-unidos-y-mexico-camuflada-en-equipajes-y-mercancia\/\",\"name\":\"Fiscal\u00eda General de la Naci\u00f3n\",\"isPartOf\":{\"@id\":\"https:\/\/www.fiscalia.gov.co\/colombia\/#website\"},\"primaryImageOfPage\":{\"@id\":\"https:\/\/www.fiscalia.gov.co\/colombia\/noticias\/el-fin-de-the-key-la-red-narcotraficante-senalada-de-enviar-cocaina-a-estados-unidos-y-mexico-camuflada-en-equipajes-y-mercancia\/#primaryimage\"},\"image\":{\"@id\":\"https:\/\/www.fiscalia.gov.co\/colombia\/noticias\/el-fin-de-the-key-la-red-narcotraficante-senalada-de-enviar-cocaina-a-estados-unidos-y-mexico-camuflada-en-equipajes-y-mercancia\/#primaryimage\"},\"thumbnailUrl\":\"https:\/\/www.fiscalia.gov.co\/colombia\/wp-content\/uploads\/WhatsApp-Image-2023-02-10-at-8.30.31-AM-300x188.jpeg\",\"datePublished\":\"2023-02-10T14:29:35+00:00\",\"dateModified\":\"2023-02-16T16:50:30+00:00\",\"description\":\"P\u00e1gina oficial de la Fiscal\u00eda General de la Naci\u00f3n \u2013 Colombia. Garantizamos el acceso efectivo a la justicia, la verdad y la reparaci\u00f3n de las v\u00edctimas de los delitos.\",\"breadcrumb\":{\"@id\":\"https:\/\/www.fiscalia.gov.co\/colombia\/noticias\/el-fin-de-the-key-la-red-narcotraficante-senalada-de-enviar-cocaina-a-estados-unidos-y-mexico-camuflada-en-equipajes-y-mercancia\/#breadcrumb\"},\"inLanguage\":\"es-CO\",\"potentialAction\":[{\"@type\":\"ReadAction\",\"target\":[\"https:\/\/www.fiscalia.gov.co\/colombia\/noticias\/el-fin-de-the-key-la-red-narcotraficante-senalada-de-enviar-cocaina-a-estados-unidos-y-mexico-camuflada-en-equipajes-y-mercancia\/\"]}]},{\"@type\":\"ImageObject\",\"inLanguage\":\"es-CO\",\"@id\":\"https:\/\/www.fiscalia.gov.co\/colombia\/noticias\/el-fin-de-the-key-la-red-narcotraficante-senalada-de-enviar-cocaina-a-estados-unidos-y-mexico-camuflada-en-equipajes-y-mercancia\/#primaryimage\",\"url\":\"https:\/\/www.fiscalia.gov.co\/colombia\/wp-content\/uploads\/WhatsApp-Image-2023-02-10-at-8.30.31-AM-300x188.jpeg\",\"contentUrl\":\"https:\/\/www.fiscalia.gov.co\/colombia\/wp-content\/uploads\/WhatsApp-Image-2023-02-10-at-8.30.31-AM-300x188.jpeg\"},{\"@type\":\"BreadcrumbList\",\"@id\":\"https:\/\/www.fiscalia.gov.co\/colombia\/noticias\/el-fin-de-the-key-la-red-narcotraficante-senalada-de-enviar-cocaina-a-estados-unidos-y-mexico-camuflada-en-equipajes-y-mercancia\/#breadcrumb\",\"itemListElement\":[{\"@type\":\"ListItem\",\"position\":1,\"name\":\"Home\",\"item\":\"https:\/\/www.fiscalia.gov.co\/colombia\/\"},{\"@type\":\"ListItem\",\"position\":2,\"name\":\"El fin de \u2018The Key\u2019, la red narcotraficante se\u00f1alada de enviar coca\u00edna a Estados Unidos y M\u00e9xico camuflada en equipajes y mercanc\u00eda\"}]},{\"@type\":\"WebSite\",\"@id\":\"https:\/\/www.fiscalia.gov.co\/colombia\/#website\",\"url\":\"https:\/\/www.fiscalia.gov.co\/colombia\/\",\"name\":\"Fiscal\u00eda General de la Naci\u00f3n\",\"description\":\"P\u00e1gina oficial de la Fiscal\u00eda General de la Naci\u00f3n \u2013 Colombia. Garantizamos el acceso efectivo a la justicia, la verdad y la reparaci\u00f3n de las v\u00edctimas de los delitos.\",\"publisher\":{\"@id\":\"https:\/\/www.fiscalia.gov.co\/colombia\/#organization\"},\"potentialAction\":[{\"@type\":\"SearchAction\",\"target\":{\"@type\":\"EntryPoint\",\"urlTemplate\":\"https:\/\/www.fiscalia.gov.co\/colombia\/?s={search_term_string}\"},\"query-input\":{\"@type\":\"PropertyValueSpecification\",\"valueRequired\":true,\"valueName\":\"search_term_string\"}}],\"inLanguage\":\"es-CO\"},{\"@type\":\"Organization\",\"@id\":\"https:\/\/www.fiscalia.gov.co\/colombia\/#organization\",\"name\":\"Fiscal\u00eda General de la Naci\u00f3n\",\"url\":\"https:\/\/www.fiscalia.gov.co\/colombia\/\",\"logo\":{\"@type\":\"ImageObject\",\"inLanguage\":\"es-CO\",\"@id\":\"https:\/\/www.fiscalia.gov.co\/colombia\/#\/schema\/logo\/image\/\",\"url\":\"https:\/\/www.fiscalia.gov.co\/colombia\/wp-content\/uploads\/LogoHorizontal_1.jpg\",\"contentUrl\":\"https:\/\/www.fiscalia.gov.co\/colombia\/wp-content\/uploads\/LogoHorizontal_1.jpg\",\"width\":300,\"height\":90,\"caption\":\"Fiscal\u00eda General de la Naci\u00f3n\"},\"image\":{\"@id\":\"https:\/\/www.fiscalia.gov.co\/colombia\/#\/schema\/logo\/image\/\"},\"sameAs\":[\"https:\/\/www.facebook.com\/FiscaliaCol\",\"https:\/\/x.com\/FiscaliaCol\",\"https:\/\/www.instagram.com\/fiscaliacol\",\"https:\/\/www.linkedin.com\/company\/fiscalia-general-de-la-naci-n\/\",\"https:\/\/youtube.com\/@fiscaliageneraldelanacion-4668?si=6nN79nyQICPU5iTh\"]},{\"@type\":\"Person\",\"@id\":\"https:\/\/www.fiscalia.gov.co\/colombia\/#\/schema\/person\/176195b99ebab0a52aafa15197e1bf80\",\"name\":\"Winnie Geraldine Rodr\u00edguez Navarrete\",\"image\":{\"@type\":\"ImageObject\",\"inLanguage\":\"es-CO\",\"@id\":\"https:\/\/www.fiscalia.gov.co\/colombia\/#\/schema\/person\/image\/\",\"url\":\"https:\/\/secure.gravatar.com\/avatar\/c24cf8481dc84fa5e8c7b20bc95ab0c6?s=96&d=mm&r=g\",\"contentUrl\":\"https:\/\/secure.gravatar.com\/avatar\/c24cf8481dc84fa5e8c7b20bc95ab0c6?s=96&d=mm&r=g\",\"caption\":\"Winnie Geraldine Rodr\u00edguez Navarrete\"},\"url\":\"https:\/\/www.fiscalia.gov.co\/colombia\/author\/winnierodriguez\/\"}]}<\/script>\n<!-- \/ Yoast SEO plugin. -->","yoast_head_json":{"title":"Fiscal\u00eda General de la Naci\u00f3n","description":"P\u00e1gina oficial de la Fiscal\u00eda General de la Naci\u00f3n \u2013 Colombia. Garantizamos el acceso efectivo a la justicia, la verdad y la reparaci\u00f3n de las v\u00edctimas de los delitos.","robots":{"index":"noindex","follow":"follow"},"og_locale":"es_ES","og_type":"article","og_title":"Fiscal\u00eda General de la Naci\u00f3n","og_description":"P\u00e1gina oficial de la Fiscal\u00eda General de la Naci\u00f3n \u2013 Colombia. Garantizamos el acceso efectivo a la justicia, la verdad y la reparaci\u00f3n de las v\u00edctimas de los delitos.","og_url":"https:\/\/www.fiscalia.gov.co\/colombia\/noticias\/el-fin-de-the-key-la-red-narcotraficante-senalada-de-enviar-cocaina-a-estados-unidos-y-mexico-camuflada-en-equipajes-y-mercancia\/","og_site_name":"Fiscal\u00eda General de la Naci\u00f3n","article_publisher":"https:\/\/www.facebook.com\/FiscaliaCol","article_published_time":"2023-02-10T14:29:35+00:00","article_modified_time":"2023-02-16T16:50:30+00:00","og_image":[{"url":"https:\/\/www.fiscalia.gov.co\/colombia\/wp-content\/uploads\/WhatsApp-Image-2023-02-10-at-8.30.31-AM-300x188.jpeg","type":"","width":"","height":""}],"author":"Winnie Geraldine Rodr\u00edguez Navarrete","twitter_card":"summary_large_image","twitter_creator":"@FiscaliaCol","twitter_site":"@FiscaliaCol","twitter_misc":{"Escrito por":"Winnie Geraldine Rodr\u00edguez Navarrete","Tiempo de lectura":"3 minutos"},"schema":{"@context":"https:\/\/schema.org","@graph":[{"@type":"Article","@id":"https:\/\/www.fiscalia.gov.co\/colombia\/noticias\/el-fin-de-the-key-la-red-narcotraficante-senalada-de-enviar-cocaina-a-estados-unidos-y-mexico-camuflada-en-equipajes-y-mercancia\/#article","isPartOf":{"@id":"https:\/\/www.fiscalia.gov.co\/colombia\/noticias\/el-fin-de-the-key-la-red-narcotraficante-senalada-de-enviar-cocaina-a-estados-unidos-y-mexico-camuflada-en-equipajes-y-mercancia\/"},"author":{"name":"Winnie Geraldine Rodr\u00edguez Navarrete","@id":"https:\/\/www.fiscalia.gov.co\/colombia\/#\/schema\/person\/176195b99ebab0a52aafa15197e1bf80"},"headline":"El fin de \u2018The Key\u2019, la red narcotraficante se\u00f1alada de enviar coca\u00edna a Estados Unidos y M\u00e9xico camuflada en equipajes y mercanc\u00eda","datePublished":"2023-02-10T14:29:35+00:00","dateModified":"2023-02-16T16:50:30+00:00","mainEntityOfPage":{"@id":"https:\/\/www.fiscalia.gov.co\/colombia\/noticias\/el-fin-de-the-key-la-red-narcotraficante-senalada-de-enviar-cocaina-a-estados-unidos-y-mexico-camuflada-en-equipajes-y-mercancia\/"},"wordCount":569,"publisher":{"@id":"https:\/\/www.fiscalia.gov.co\/colombia\/#organization"},"image":{"@id":"https:\/\/www.fiscalia.gov.co\/colombia\/noticias\/el-fin-de-the-key-la-red-narcotraficante-senalada-de-enviar-cocaina-a-estados-unidos-y-mexico-camuflada-en-equipajes-y-mercancia\/#primaryimage"},"thumbnailUrl":"https:\/\/www.fiscalia.gov.co\/colombia\/wp-content\/uploads\/WhatsApp-Image-2023-02-10-at-8.30.31-AM-300x188.jpeg","keywords":["Bogot\u00e1 D.C.","extradici\u00f3n\u00a0Estados Unidos","Fiscal Barbosa","Fiscal\u00eda General de la Naci\u00f3n","Narcotr\u00e1fico"],"articleSection":["Narcotr\u00e1fico","Noticias"],"inLanguage":"es-CO"},{"@type":"WebPage","@id":"https:\/\/www.fiscalia.gov.co\/colombia\/noticias\/el-fin-de-the-key-la-red-narcotraficante-senalada-de-enviar-cocaina-a-estados-unidos-y-mexico-camuflada-en-equipajes-y-mercancia\/","url":"https:\/\/www.fiscalia.gov.co\/colombia\/noticias\/el-fin-de-the-key-la-red-narcotraficante-senalada-de-enviar-cocaina-a-estados-unidos-y-mexico-camuflada-en-equipajes-y-mercancia\/","name":"Fiscal\u00eda General de la Naci\u00f3n","isPartOf":{"@id":"https:\/\/www.fiscalia.gov.co\/colombia\/#website"},"primaryImageOfPage":{"@id":"https:\/\/www.fiscalia.gov.co\/colombia\/noticias\/el-fin-de-the-key-la-red-narcotraficante-senalada-de-enviar-cocaina-a-estados-unidos-y-mexico-camuflada-en-equipajes-y-mercancia\/#primaryimage"},"image":{"@id":"https:\/\/www.fiscalia.gov.co\/colombia\/noticias\/el-fin-de-the-key-la-red-narcotraficante-senalada-de-enviar-cocaina-a-estados-unidos-y-mexico-camuflada-en-equipajes-y-mercancia\/#primaryimage"},"thumbnailUrl":"https:\/\/www.fiscalia.gov.co\/colombia\/wp-content\/uploads\/WhatsApp-Image-2023-02-10-at-8.30.31-AM-300x188.jpeg","datePublished":"2023-02-10T14:29:35+00:00","dateModified":"2023-02-16T16:50:30+00:00","description":"P\u00e1gina oficial de la Fiscal\u00eda General de la Naci\u00f3n \u2013 Colombia. Garantizamos el acceso efectivo a la justicia, la verdad y la reparaci\u00f3n de las v\u00edctimas de los delitos.","breadcrumb":{"@id":"https:\/\/www.fiscalia.gov.co\/colombia\/noticias\/el-fin-de-the-key-la-red-narcotraficante-senalada-de-enviar-cocaina-a-estados-unidos-y-mexico-camuflada-en-equipajes-y-mercancia\/#breadcrumb"},"inLanguage":"es-CO","potentialAction":[{"@type":"ReadAction","target":["https:\/\/www.fiscalia.gov.co\/colombia\/noticias\/el-fin-de-the-key-la-red-narcotraficante-senalada-de-enviar-cocaina-a-estados-unidos-y-mexico-camuflada-en-equipajes-y-mercancia\/"]}]},{"@type":"ImageObject","inLanguage":"es-CO","@id":"https:\/\/www.fiscalia.gov.co\/colombia\/noticias\/el-fin-de-the-key-la-red-narcotraficante-senalada-de-enviar-cocaina-a-estados-unidos-y-mexico-camuflada-en-equipajes-y-mercancia\/#primaryimage","url":"https:\/\/www.fiscalia.gov.co\/colombia\/wp-content\/uploads\/WhatsApp-Image-2023-02-10-at-8.30.31-AM-300x188.jpeg","contentUrl":"https:\/\/www.fiscalia.gov.co\/colombia\/wp-content\/uploads\/WhatsApp-Image-2023-02-10-at-8.30.31-AM-300x188.jpeg"},{"@type":"BreadcrumbList","@id":"https:\/\/www.fiscalia.gov.co\/colombia\/noticias\/el-fin-de-the-key-la-red-narcotraficante-senalada-de-enviar-cocaina-a-estados-unidos-y-mexico-camuflada-en-equipajes-y-mercancia\/#breadcrumb","itemListElement":[{"@type":"ListItem","position":1,"name":"Home","item":"https:\/\/www.fiscalia.gov.co\/colombia\/"},{"@type":"ListItem","position":2,"name":"El fin de \u2018The Key\u2019, la red narcotraficante se\u00f1alada de enviar coca\u00edna a Estados Unidos y M\u00e9xico camuflada en equipajes y mercanc\u00eda"}]},{"@type":"WebSite","@id":"https:\/\/www.fiscalia.gov.co\/colombia\/#website","url":"https:\/\/www.fiscalia.gov.co\/colombia\/","name":"Fiscal\u00eda General de la Naci\u00f3n","description":"P\u00e1gina oficial de la Fiscal\u00eda General de la Naci\u00f3n \u2013 Colombia. Garantizamos el acceso efectivo a la justicia, la verdad y la reparaci\u00f3n de las v\u00edctimas de los delitos.","publisher":{"@id":"https:\/\/www.fiscalia.gov.co\/colombia\/#organization"},"potentialAction":[{"@type":"SearchAction","target":{"@type":"EntryPoint","urlTemplate":"https:\/\/www.fiscalia.gov.co\/colombia\/?s={search_term_string}"},"query-input":{"@type":"PropertyValueSpecification","valueRequired":true,"valueName":"search_term_string"}}],"inLanguage":"es-CO"},{"@type":"Organization","@id":"https:\/\/www.fiscalia.gov.co\/colombia\/#organization","name":"Fiscal\u00eda General de la Naci\u00f3n","url":"https:\/\/www.fiscalia.gov.co\/colombia\/","logo":{"@type":"ImageObject","inLanguage":"es-CO","@id":"https:\/\/www.fiscalia.gov.co\/colombia\/#\/schema\/logo\/image\/","url":"https:\/\/www.fiscalia.gov.co\/colombia\/wp-content\/uploads\/LogoHorizontal_1.jpg","contentUrl":"https:\/\/www.fiscalia.gov.co\/colombia\/wp-content\/uploads\/LogoHorizontal_1.jpg","width":300,"height":90,"caption":"Fiscal\u00eda General de la Naci\u00f3n"},"image":{"@id":"https:\/\/www.fiscalia.gov.co\/colombia\/#\/schema\/logo\/image\/"},"sameAs":["https:\/\/www.facebook.com\/FiscaliaCol","https:\/\/x.com\/FiscaliaCol","https:\/\/www.instagram.com\/fiscaliacol","https:\/\/www.linkedin.com\/company\/fiscalia-general-de-la-naci-n\/","https:\/\/youtube.com\/@fiscaliageneraldelanacion-4668?si=6nN79nyQICPU5iTh"]},{"@type":"Person","@id":"https:\/\/www.fiscalia.gov.co\/colombia\/#\/schema\/person\/176195b99ebab0a52aafa15197e1bf80","name":"Winnie Geraldine Rodr\u00edguez Navarrete","image":{"@type":"ImageObject","inLanguage":"es-CO","@id":"https:\/\/www.fiscalia.gov.co\/colombia\/#\/schema\/person\/image\/","url":"https:\/\/secure.gravatar.com\/avatar\/c24cf8481dc84fa5e8c7b20bc95ab0c6?s=96&d=mm&r=g","contentUrl":"https:\/\/secure.gravatar.com\/avatar\/c24cf8481dc84fa5e8c7b20bc95ab0c6?s=96&d=mm&r=g","caption":"Winnie Geraldine Rodr\u00edguez Navarrete"},"url":"https:\/\/www.fiscalia.gov.co\/colombia\/author\/winnierodriguez\/"}]}},"_links":{"self":[{"href":"https:\/\/www.fiscalia.gov.co\/colombia\/wp-json\/wp\/v2\/posts\/266187","targetHints":{"allow":["GET"]}}],"collection":[{"href":"https:\/\/www.fiscalia.gov.co\/colombia\/wp-json\/wp\/v2\/posts"}],"about":[{"href":"https:\/\/www.fiscalia.gov.co\/colombia\/wp-json\/wp\/v2\/types\/post"}],"author":[{"embeddable":true,"href":"https:\/\/www.fiscalia.gov.co\/colombia\/wp-json\/wp\/v2\/users\/178"}],"replies":[{"embeddable":true,"href":"https:\/\/www.fiscalia.gov.co\/colombia\/wp-json\/wp\/v2\/comments?post=266187"}],"version-history":[{"count":1,"href":"https:\/\/www.fiscalia.gov.co\/colombia\/wp-json\/wp\/v2\/posts\/266187\/revisions"}],"predecessor-version":[{"id":266195,"href":"https:\/\/www.fiscalia.gov.co\/colombia\/wp-json\/wp\/v2\/posts\/266187\/revisions\/266195"}],"wp:attachment":[{"href":"https:\/\/www.fiscalia.gov.co\/colombia\/wp-json\/wp\/v2\/media?parent=266187"}],"wp:term":[{"taxonomy":"category","embeddable":true,"href":"https:\/\/www.fiscalia.gov.co\/colombia\/wp-json\/wp\/v2\/categories?post=266187"},{"taxonomy":"post_tag","embeddable":true,"href":"https:\/\/www.fiscalia.gov.co\/colombia\/wp-json\/wp\/v2\/tags?post=266187"}],"curies":[{"name":"wp","href":"https:\/\/api.w.org\/{rel}","templated":true}]}}