{"id":266133,"date":"2023-02-09T11:47:50","date_gmt":"2023-02-09T16:47:50","guid":{"rendered":"https:\/\/www.fiscalia.gov.co\/colombia\/?p=266133"},"modified":"2023-02-09T11:47:50","modified_gmt":"2023-02-09T16:47:50","slug":"por-violencia-intrafamiliar-fiscalia-judicializo-a-dos-hombres-presuntamente-implicados-en-violencia-contra-sus-exparejas","status":"publish","type":"post","link":"https:\/\/www.fiscalia.gov.co\/colombia\/noticias\/por-violencia-intrafamiliar-fiscalia-judicializo-a-dos-hombres-presuntamente-implicados-en-violencia-contra-sus-exparejas\/","title":{"rendered":"Por violencia intrafamiliar fiscal\u00eda judicializ\u00f3 a dos hombres, presuntamente implicados en violencia contra sus exparejas"},"content":{"rendered":"<div>\n<p>Dos hombres, presuntamente, implicados en hechos de violencia intrafamiliar contra sus exparejas sentimentales, fueron judicializados por la Fiscal\u00eda General de la Naci\u00f3n. Se trata de dos casos independientes en los que se investiga a Rufo Antonio Mosquera Pino y \u00c1lvaro Enrique Calder\u00f3n Izquierdo. Hechos que ocurrieron en los municipios de Cartago y Guacar\u00ed (Valle del Cauca).<\/p>\n<p>El primero de los casos se present\u00f3 en Cartago, donde fue capturado Rufo Antonio Mosquera Pino, de 51 a\u00f1os. Este hombre, al parecer, en 2022 habr\u00eda incurrido en maltratos f\u00edsicos, verbales, econ\u00f3micos y psicol\u00f3gicos contra su excompa\u00f1era sentimental, a quien, adem\u00e1s, habr\u00eda amenazado de muerte.<\/p>\n<figure id=\"attachment_266135\" aria-describedby=\"caption-attachment-266135\" style=\"width: 300px\" class=\"wp-caption aligncenter\"><img loading=\"lazy\" decoding=\"async\" class=\"wp-image-266135 size-medium\" src=\"https:\/\/www.fiscalia.gov.co\/colombia\/wp-content\/uploads\/WhatsApp-Image-2023-02-09-at-11.36.26-AM-300x213.jpeg\" alt=\"En la foto aparece, de pie y los brazos atr\u00e1s, Rufo Antonio Mosquera Pino. Viste camiseta esqueleto blanca, pantaloneta roja y zapatillas blancas. Al lado derecho de \u00e9l hay un uniformado de la Polic\u00eda Nacional y al lado izquierdo un servidor del CTI de la Fiscal\u00eda. Detr\u00e1s de ellos hay un pend\u00f3n institucional de la Fiscal\u00eda.\" width=\"300\" height=\"213\" srcset=\"https:\/\/www.fiscalia.gov.co\/colombia\/wp-content\/uploads\/WhatsApp-Image-2023-02-09-at-11.36.26-AM-300x213.jpeg 300w, https:\/\/www.fiscalia.gov.co\/colombia\/wp-content\/uploads\/WhatsApp-Image-2023-02-09-at-11.36.26-AM-1024x728.jpeg 1024w, https:\/\/www.fiscalia.gov.co\/colombia\/wp-content\/uploads\/WhatsApp-Image-2023-02-09-at-11.36.26-AM-768x546.jpeg 768w, https:\/\/www.fiscalia.gov.co\/colombia\/wp-content\/uploads\/WhatsApp-Image-2023-02-09-at-11.36.26-AM-1536x1092.jpeg 1536w, https:\/\/www.fiscalia.gov.co\/colombia\/wp-content\/uploads\/WhatsApp-Image-2023-02-09-at-11.36.26-AM-696x495.jpeg 696w, https:\/\/www.fiscalia.gov.co\/colombia\/wp-content\/uploads\/WhatsApp-Image-2023-02-09-at-11.36.26-AM-1068x760.jpeg 1068w, https:\/\/www.fiscalia.gov.co\/colombia\/wp-content\/uploads\/WhatsApp-Image-2023-02-09-at-11.36.26-AM-591x420.jpeg 591w, https:\/\/www.fiscalia.gov.co\/colombia\/wp-content\/uploads\/WhatsApp-Image-2023-02-09-at-11.36.26-AM-100x70.jpeg 100w, https:\/\/www.fiscalia.gov.co\/colombia\/wp-content\/uploads\/WhatsApp-Image-2023-02-09-at-11.36.26-AM.jpeg 1600w\" sizes=\"auto, (max-width: 300px) 100vw, 300px\" \/><figcaption id=\"caption-attachment-266135\" class=\"wp-caption-text\">En la foto aparece, de pie y los brazos atr\u00e1s, Rufo Antonio Mosquera Pino. Viste camiseta esqueleto blanca, pantaloneta roja y zapatillas blancas. Al lado derecho de \u00e9l hay un uniformado de la Polic\u00eda Nacional y al lado izquierdo un servidor del CTI de la Fiscal\u00eda.<\/figcaption><\/figure>\n<p>Mosquera Pino fue capturado en cumplimiento de una orden judicial por servidores del Cuerpo T\u00e9cnico de Investigaci\u00f3n (CTI) y la Polic\u00eda Nacional. La Fiscal\u00eda le imput\u00f3 el delito de violencia intrafamiliar agravada.<\/p>\n<p>El segundo hecho ocurri\u00f3 en Guacar\u00ed donde Calder\u00f3n Izquierdo, de 39 a\u00f1os, vendr\u00eda agrediendo f\u00edsica y psicol\u00f3gicamente a su excompa\u00f1era sentimental. La captura de esta persona fue cumplida por la Polic\u00eda Nacional, con el apoyo del Ej\u00e9rcito Nacional. El procesado fue imputado por violencia intrafamiliar.<\/p>\n<figure id=\"attachment_266136\" aria-describedby=\"caption-attachment-266136\" style=\"width: 300px\" class=\"wp-caption aligncenter\"><img loading=\"lazy\" decoding=\"async\" class=\"size-medium wp-image-266136\" src=\"https:\/\/www.fiscalia.gov.co\/colombia\/wp-content\/uploads\/WhatsApp-Image-2023-02-09-at-11.36.50-AM-300x225.jpeg\" alt=\"En la foto aparece, de pie y con los brazos atr\u00e1s, \u00c1lvaro Enrique Calder\u00f3n Izquierdo. Vista camisa negra de manga corta y cuello, pantal\u00f3n kaki y gorra verde. Al lado derecho de \u00e9l hay un uniformado de la Polic\u00eda y al lado izquierdo hay un uniformado del Ej\u00e9rcito. Detr\u00e1s de ellos hay dos pendones institucionales de la Polic\u00eda y Ej\u00e9rcito.\" width=\"300\" height=\"225\" srcset=\"https:\/\/www.fiscalia.gov.co\/colombia\/wp-content\/uploads\/WhatsApp-Image-2023-02-09-at-11.36.50-AM-300x225.jpeg 300w, https:\/\/www.fiscalia.gov.co\/colombia\/wp-content\/uploads\/WhatsApp-Image-2023-02-09-at-11.36.50-AM-1024x768.jpeg 1024w, https:\/\/www.fiscalia.gov.co\/colombia\/wp-content\/uploads\/WhatsApp-Image-2023-02-09-at-11.36.50-AM-768x576.jpeg 768w, https:\/\/www.fiscalia.gov.co\/colombia\/wp-content\/uploads\/WhatsApp-Image-2023-02-09-at-11.36.50-AM-696x522.jpeg 696w, https:\/\/www.fiscalia.gov.co\/colombia\/wp-content\/uploads\/WhatsApp-Image-2023-02-09-at-11.36.50-AM-1068x801.jpeg 1068w, https:\/\/www.fiscalia.gov.co\/colombia\/wp-content\/uploads\/WhatsApp-Image-2023-02-09-at-11.36.50-AM-560x420.jpeg 560w, https:\/\/www.fiscalia.gov.co\/colombia\/wp-content\/uploads\/WhatsApp-Image-2023-02-09-at-11.36.50-AM-80x60.jpeg 80w, https:\/\/www.fiscalia.gov.co\/colombia\/wp-content\/uploads\/WhatsApp-Image-2023-02-09-at-11.36.50-AM-265x198.jpeg 265w, https:\/\/www.fiscalia.gov.co\/colombia\/wp-content\/uploads\/WhatsApp-Image-2023-02-09-at-11.36.50-AM.jpeg 1330w\" sizes=\"auto, (max-width: 300px) 100vw, 300px\" \/><figcaption id=\"caption-attachment-266136\" class=\"wp-caption-text\">\u00c1lvaro Enrique Calder\u00f3n Izquierdo. Violencia intrafamiliar. Guacar\u00ed (Valle).<\/figcaption><\/figure>\n<p>En ambos casos, los jueces de control de garant\u00edas decidieron que los presuntos implicados deben cumplir la medida de aseguramiento en centros carcelarios.<\/p>\n<p>Esta informaci\u00f3n se publica por razones de inter\u00e9s general.<\/p>\n<p><b>La Fiscal\u00eda habla con resultados.<\/b><\/p>\n<\/div>\n<p>&nbsp;<\/p>\n<p>&nbsp;<\/p>\n<p>&nbsp;<\/p>\n<p>&nbsp;<\/p>\n<p>MAP\/MAGA\/SMLR\/DSVC\/<\/p>\n<p>&nbsp;<\/p>\n<p>&nbsp;<\/p>\n<p>&nbsp;<\/p>\n<p>&nbsp;<\/p>\n<p>&nbsp;<\/p>\n<div>\n<p><i><span lang=\"ES\">La informaci\u00f3n contenida en este bolet\u00edn de prensa corresponde a la narraci\u00f3n de los hechos noticiosos objetivos, suministrados por los funcionarios encargados de adelantar las investigaciones penales al interior de la Fiscal\u00eda General de la Naci\u00f3n. Para el momento de la divulgaci\u00f3n de este comunicado, la situaci\u00f3n jur\u00eddica de la(s) persona(s) relacionada(s) se encuentra pendiente de resolver por la autoridad judicial competente, siempre bajo los preceptos de la presunci\u00f3n de inocencia, consagrados en el art\u00edculo 29 de la Constituci\u00f3n Pol\u00edtica y el art\u00edculo 7\u00ba de la Ley 906 de 2004.<\/span><\/i><i><span lang=\"ES\"><u><\/u>\u00a0<\/span><\/i><\/p>\n<\/div>\n\n<div class=\"twitter-share\"><a href=\"https:\/\/twitter.com\/intent\/tweet?via=fiscaliacol\" class=\"twitter-share-button\">Tweet<\/a><\/div>\n","protected":false},"excerpt":{"rendered":"<p>Dos hombres, presuntamente, implicados en hechos de violencia intrafamiliar contra sus exparejas sentimentales, fueron judicializados por la Fiscal\u00eda General de la Naci\u00f3n. Se trata de dos casos independientes en los que se investiga a Rufo Antonio Mosquera Pino y \u00c1lvaro Enrique Calder\u00f3n Izquierdo. Hechos que ocurrieron en los municipios de Cartago y Guacar\u00ed (Valle del [&hellip;]<\/p>\n","protected":false},"author":178,"featured_media":0,"comment_status":"closed","ping_status":"open","sticky":false,"template":"","format":"standard","meta":{"_price":"","_stock":"","_tribe_ticket_header":"","_tribe_default_ticket_provider":"","_tribe_ticket_capacity":"0","_ticket_start_date":"","_ticket_end_date":"","_tribe_ticket_show_description":"","_tribe_ticket_show_not_going":false,"_tribe_ticket_use_global_stock":"","_tribe_ticket_global_stock_level":"","_global_stock_mode":"","_global_stock_cap":"","_tribe_rsvp_for_event":"","_tribe_ticket_going_count":"","_tribe_ticket_not_going_count":"","_tribe_tickets_list":"[]","_tribe_ticket_has_attendee_info_fields":false,"tdm_status":"","tdm_grid_status":"","footnotes":""},"categories":[1,324,303,24127],"tags":[24968,8010,33917,25070,33919,33918,78,24187,25481,17503,1185,24549,30182,29437,682,12433],"class_list":{"0":"post-266133","1":"post","2":"type-post","3":"status-publish","4":"format-standard","6":"category-noticias","7":"category-seccional-cali","8":"category-seccionales","9":"category-violencia-sexual-e-intrafamiliar","10":"tag-amenazas-de-muerte","11":"tag-capturados","12":"tag-cartago-y-guacari-valle-del-cauca","13":"tag-centros-carcelarios","14":"tag-economico","15":"tag-ex-companeras-sentimentales","16":"tag-fiscal-general-de-la-nacion","17":"tag-fiscalia-colombia","18":"tag-judicializados","19":"tag-maltrato-fisico","20":"tag-medida-de-aseguramiento","21":"tag-orden-judicial","22":"tag-psicologico","23":"tag-seccional-valle-del-cauca","24":"tag-violencia-intrafamiliar","25":"tag-violencia-intrafamiliar-agravada"},"yoast_head":"<!-- This site is optimized with the Yoast SEO plugin v24.3 - https:\/\/yoast.com\/wordpress\/plugins\/seo\/ -->\n<title>Fiscal\u00eda General de la Naci\u00f3n<\/title>\n<meta name=\"description\" content=\"P\u00e1gina oficial de la Fiscal\u00eda General de la Naci\u00f3n \u2013 Colombia. Garantizamos el acceso efectivo a la justicia, la verdad y la reparaci\u00f3n de las v\u00edctimas de los delitos.\" \/>\n<meta name=\"robots\" content=\"noindex, follow\" \/>\n<meta property=\"og:locale\" content=\"es_ES\" \/>\n<meta property=\"og:type\" content=\"article\" \/>\n<meta property=\"og:title\" content=\"Fiscal\u00eda General de la Naci\u00f3n\" \/>\n<meta property=\"og:description\" content=\"P\u00e1gina oficial de la Fiscal\u00eda General de la Naci\u00f3n \u2013 Colombia. Garantizamos el acceso efectivo a la justicia, la verdad y la reparaci\u00f3n de las v\u00edctimas de los delitos.\" \/>\n<meta property=\"og:url\" content=\"https:\/\/www.fiscalia.gov.co\/colombia\/noticias\/por-violencia-intrafamiliar-fiscalia-judicializo-a-dos-hombres-presuntamente-implicados-en-violencia-contra-sus-exparejas\/\" \/>\n<meta property=\"og:site_name\" content=\"Fiscal\u00eda General de la Naci\u00f3n\" \/>\n<meta property=\"article:publisher\" content=\"https:\/\/www.facebook.com\/FiscaliaCol\" \/>\n<meta property=\"article:published_time\" content=\"2023-02-09T16:47:50+00:00\" \/>\n<meta property=\"og:image\" content=\"https:\/\/www.fiscalia.gov.co\/colombia\/wp-content\/uploads\/WhatsApp-Image-2023-02-09-at-11.36.26-AM-300x213.jpeg\" \/>\n<meta name=\"author\" content=\"Winnie Geraldine Rodr\u00edguez Navarrete\" \/>\n<meta name=\"twitter:card\" content=\"summary_large_image\" \/>\n<meta name=\"twitter:creator\" content=\"@FiscaliaCol\" \/>\n<meta name=\"twitter:site\" content=\"@FiscaliaCol\" \/>\n<meta name=\"twitter:label1\" content=\"Escrito por\" \/>\n\t<meta name=\"twitter:data1\" content=\"Winnie Geraldine Rodr\u00edguez Navarrete\" \/>\n\t<meta name=\"twitter:label2\" content=\"Tiempo de lectura\" \/>\n\t<meta name=\"twitter:data2\" content=\"2 minutos\" \/>\n<script type=\"application\/ld+json\" class=\"yoast-schema-graph\">{\"@context\":\"https:\/\/schema.org\",\"@graph\":[{\"@type\":\"Article\",\"@id\":\"https:\/\/www.fiscalia.gov.co\/colombia\/noticias\/por-violencia-intrafamiliar-fiscalia-judicializo-a-dos-hombres-presuntamente-implicados-en-violencia-contra-sus-exparejas\/#article\",\"isPartOf\":{\"@id\":\"https:\/\/www.fiscalia.gov.co\/colombia\/noticias\/por-violencia-intrafamiliar-fiscalia-judicializo-a-dos-hombres-presuntamente-implicados-en-violencia-contra-sus-exparejas\/\"},\"author\":{\"name\":\"Winnie Geraldine Rodr\u00edguez Navarrete\",\"@id\":\"https:\/\/www.fiscalia.gov.co\/colombia\/#\/schema\/person\/176195b99ebab0a52aafa15197e1bf80\"},\"headline\":\"Por violencia intrafamiliar fiscal\u00eda judicializ\u00f3 a dos hombres, presuntamente implicados en violencia contra sus exparejas\",\"datePublished\":\"2023-02-09T16:47:50+00:00\",\"dateModified\":\"2023-02-09T16:47:50+00:00\",\"mainEntityOfPage\":{\"@id\":\"https:\/\/www.fiscalia.gov.co\/colombia\/noticias\/por-violencia-intrafamiliar-fiscalia-judicializo-a-dos-hombres-presuntamente-implicados-en-violencia-contra-sus-exparejas\/\"},\"wordCount\":442,\"publisher\":{\"@id\":\"https:\/\/www.fiscalia.gov.co\/colombia\/#organization\"},\"image\":{\"@id\":\"https:\/\/www.fiscalia.gov.co\/colombia\/noticias\/por-violencia-intrafamiliar-fiscalia-judicializo-a-dos-hombres-presuntamente-implicados-en-violencia-contra-sus-exparejas\/#primaryimage\"},\"thumbnailUrl\":\"https:\/\/www.fiscalia.gov.co\/colombia\/wp-content\/uploads\/WhatsApp-Image-2023-02-09-at-11.36.26-AM-300x213.jpeg\",\"keywords\":[\"amenazas de muerte\",\"Capturados\",\"Cartago y Guacar\u00ed\u00a0(Valle del Cauca)\",\"centros carcelarios\",\"econ\u00f3mico\",\"ex compa\u00f1eras sentimentales\",\"Fiscal General de la Naci\u00f3n\",\"Fiscal\u00eda Colombia\",\"judicializados.\",\"Maltrato f\u00edsico\",\"Medida de aseguramiento\",\"orden judicial\",\"psicol\u00f3gico\",\"Seccional Valle del Cauca\",\"Violencia intrafamiliar\",\"violencia intrafamiliar agravada\"],\"articleSection\":[\"Noticias\",\"Seccional Cali\",\"Seccionales\",\"Violencia sexual e intrafamiliar\"],\"inLanguage\":\"es-CO\"},{\"@type\":\"WebPage\",\"@id\":\"https:\/\/www.fiscalia.gov.co\/colombia\/noticias\/por-violencia-intrafamiliar-fiscalia-judicializo-a-dos-hombres-presuntamente-implicados-en-violencia-contra-sus-exparejas\/\",\"url\":\"https:\/\/www.fiscalia.gov.co\/colombia\/noticias\/por-violencia-intrafamiliar-fiscalia-judicializo-a-dos-hombres-presuntamente-implicados-en-violencia-contra-sus-exparejas\/\",\"name\":\"Fiscal\u00eda General de la Naci\u00f3n\",\"isPartOf\":{\"@id\":\"https:\/\/www.fiscalia.gov.co\/colombia\/#website\"},\"primaryImageOfPage\":{\"@id\":\"https:\/\/www.fiscalia.gov.co\/colombia\/noticias\/por-violencia-intrafamiliar-fiscalia-judicializo-a-dos-hombres-presuntamente-implicados-en-violencia-contra-sus-exparejas\/#primaryimage\"},\"image\":{\"@id\":\"https:\/\/www.fiscalia.gov.co\/colombia\/noticias\/por-violencia-intrafamiliar-fiscalia-judicializo-a-dos-hombres-presuntamente-implicados-en-violencia-contra-sus-exparejas\/#primaryimage\"},\"thumbnailUrl\":\"https:\/\/www.fiscalia.gov.co\/colombia\/wp-content\/uploads\/WhatsApp-Image-2023-02-09-at-11.36.26-AM-300x213.jpeg\",\"datePublished\":\"2023-02-09T16:47:50+00:00\",\"dateModified\":\"2023-02-09T16:47:50+00:00\",\"description\":\"P\u00e1gina oficial de la Fiscal\u00eda General de la Naci\u00f3n \u2013 Colombia. Garantizamos el acceso efectivo a la justicia, la verdad y la reparaci\u00f3n de las v\u00edctimas de los delitos.\",\"breadcrumb\":{\"@id\":\"https:\/\/www.fiscalia.gov.co\/colombia\/noticias\/por-violencia-intrafamiliar-fiscalia-judicializo-a-dos-hombres-presuntamente-implicados-en-violencia-contra-sus-exparejas\/#breadcrumb\"},\"inLanguage\":\"es-CO\",\"potentialAction\":[{\"@type\":\"ReadAction\",\"target\":[\"https:\/\/www.fiscalia.gov.co\/colombia\/noticias\/por-violencia-intrafamiliar-fiscalia-judicializo-a-dos-hombres-presuntamente-implicados-en-violencia-contra-sus-exparejas\/\"]}]},{\"@type\":\"ImageObject\",\"inLanguage\":\"es-CO\",\"@id\":\"https:\/\/www.fiscalia.gov.co\/colombia\/noticias\/por-violencia-intrafamiliar-fiscalia-judicializo-a-dos-hombres-presuntamente-implicados-en-violencia-contra-sus-exparejas\/#primaryimage\",\"url\":\"https:\/\/www.fiscalia.gov.co\/colombia\/wp-content\/uploads\/WhatsApp-Image-2023-02-09-at-11.36.26-AM-300x213.jpeg\",\"contentUrl\":\"https:\/\/www.fiscalia.gov.co\/colombia\/wp-content\/uploads\/WhatsApp-Image-2023-02-09-at-11.36.26-AM-300x213.jpeg\"},{\"@type\":\"BreadcrumbList\",\"@id\":\"https:\/\/www.fiscalia.gov.co\/colombia\/noticias\/por-violencia-intrafamiliar-fiscalia-judicializo-a-dos-hombres-presuntamente-implicados-en-violencia-contra-sus-exparejas\/#breadcrumb\",\"itemListElement\":[{\"@type\":\"ListItem\",\"position\":1,\"name\":\"Home\",\"item\":\"https:\/\/www.fiscalia.gov.co\/colombia\/\"},{\"@type\":\"ListItem\",\"position\":2,\"name\":\"Por violencia intrafamiliar fiscal\u00eda judicializ\u00f3 a dos hombres, presuntamente implicados en violencia contra sus exparejas\"}]},{\"@type\":\"WebSite\",\"@id\":\"https:\/\/www.fiscalia.gov.co\/colombia\/#website\",\"url\":\"https:\/\/www.fiscalia.gov.co\/colombia\/\",\"name\":\"Fiscal\u00eda General de la Naci\u00f3n\",\"description\":\"P\u00e1gina oficial de la Fiscal\u00eda General de la Naci\u00f3n \u2013 Colombia. Garantizamos el acceso efectivo a la justicia, la verdad y la reparaci\u00f3n de las v\u00edctimas de los delitos.\",\"publisher\":{\"@id\":\"https:\/\/www.fiscalia.gov.co\/colombia\/#organization\"},\"potentialAction\":[{\"@type\":\"SearchAction\",\"target\":{\"@type\":\"EntryPoint\",\"urlTemplate\":\"https:\/\/www.fiscalia.gov.co\/colombia\/?s={search_term_string}\"},\"query-input\":{\"@type\":\"PropertyValueSpecification\",\"valueRequired\":true,\"valueName\":\"search_term_string\"}}],\"inLanguage\":\"es-CO\"},{\"@type\":\"Organization\",\"@id\":\"https:\/\/www.fiscalia.gov.co\/colombia\/#organization\",\"name\":\"Fiscal\u00eda General de la Naci\u00f3n\",\"url\":\"https:\/\/www.fiscalia.gov.co\/colombia\/\",\"logo\":{\"@type\":\"ImageObject\",\"inLanguage\":\"es-CO\",\"@id\":\"https:\/\/www.fiscalia.gov.co\/colombia\/#\/schema\/logo\/image\/\",\"url\":\"https:\/\/www.fiscalia.gov.co\/colombia\/wp-content\/uploads\/LogoHorizontal_1.jpg\",\"contentUrl\":\"https:\/\/www.fiscalia.gov.co\/colombia\/wp-content\/uploads\/LogoHorizontal_1.jpg\",\"width\":300,\"height\":90,\"caption\":\"Fiscal\u00eda General de la Naci\u00f3n\"},\"image\":{\"@id\":\"https:\/\/www.fiscalia.gov.co\/colombia\/#\/schema\/logo\/image\/\"},\"sameAs\":[\"https:\/\/www.facebook.com\/FiscaliaCol\",\"https:\/\/x.com\/FiscaliaCol\",\"https:\/\/www.instagram.com\/fiscaliacol\",\"https:\/\/www.linkedin.com\/company\/fiscalia-general-de-la-naci-n\/\",\"https:\/\/youtube.com\/@fiscaliageneraldelanacion-4668?si=6nN79nyQICPU5iTh\"]},{\"@type\":\"Person\",\"@id\":\"https:\/\/www.fiscalia.gov.co\/colombia\/#\/schema\/person\/176195b99ebab0a52aafa15197e1bf80\",\"name\":\"Winnie Geraldine Rodr\u00edguez Navarrete\",\"image\":{\"@type\":\"ImageObject\",\"inLanguage\":\"es-CO\",\"@id\":\"https:\/\/www.fiscalia.gov.co\/colombia\/#\/schema\/person\/image\/\",\"url\":\"https:\/\/secure.gravatar.com\/avatar\/c24cf8481dc84fa5e8c7b20bc95ab0c6?s=96&d=mm&r=g\",\"contentUrl\":\"https:\/\/secure.gravatar.com\/avatar\/c24cf8481dc84fa5e8c7b20bc95ab0c6?s=96&d=mm&r=g\",\"caption\":\"Winnie Geraldine Rodr\u00edguez Navarrete\"},\"url\":\"https:\/\/www.fiscalia.gov.co\/colombia\/author\/winnierodriguez\/\"}]}<\/script>\n<!-- \/ Yoast SEO plugin. -->","yoast_head_json":{"title":"Fiscal\u00eda General de la Naci\u00f3n","description":"P\u00e1gina oficial de la Fiscal\u00eda General de la Naci\u00f3n \u2013 Colombia. Garantizamos el acceso efectivo a la justicia, la verdad y la reparaci\u00f3n de las v\u00edctimas de los delitos.","robots":{"index":"noindex","follow":"follow"},"og_locale":"es_ES","og_type":"article","og_title":"Fiscal\u00eda General de la Naci\u00f3n","og_description":"P\u00e1gina oficial de la Fiscal\u00eda General de la Naci\u00f3n \u2013 Colombia. Garantizamos el acceso efectivo a la justicia, la verdad y la reparaci\u00f3n de las v\u00edctimas de los delitos.","og_url":"https:\/\/www.fiscalia.gov.co\/colombia\/noticias\/por-violencia-intrafamiliar-fiscalia-judicializo-a-dos-hombres-presuntamente-implicados-en-violencia-contra-sus-exparejas\/","og_site_name":"Fiscal\u00eda General de la Naci\u00f3n","article_publisher":"https:\/\/www.facebook.com\/FiscaliaCol","article_published_time":"2023-02-09T16:47:50+00:00","og_image":[{"url":"https:\/\/www.fiscalia.gov.co\/colombia\/wp-content\/uploads\/WhatsApp-Image-2023-02-09-at-11.36.26-AM-300x213.jpeg","type":"","width":"","height":""}],"author":"Winnie Geraldine Rodr\u00edguez Navarrete","twitter_card":"summary_large_image","twitter_creator":"@FiscaliaCol","twitter_site":"@FiscaliaCol","twitter_misc":{"Escrito por":"Winnie Geraldine Rodr\u00edguez Navarrete","Tiempo de lectura":"2 minutos"},"schema":{"@context":"https:\/\/schema.org","@graph":[{"@type":"Article","@id":"https:\/\/www.fiscalia.gov.co\/colombia\/noticias\/por-violencia-intrafamiliar-fiscalia-judicializo-a-dos-hombres-presuntamente-implicados-en-violencia-contra-sus-exparejas\/#article","isPartOf":{"@id":"https:\/\/www.fiscalia.gov.co\/colombia\/noticias\/por-violencia-intrafamiliar-fiscalia-judicializo-a-dos-hombres-presuntamente-implicados-en-violencia-contra-sus-exparejas\/"},"author":{"name":"Winnie Geraldine Rodr\u00edguez Navarrete","@id":"https:\/\/www.fiscalia.gov.co\/colombia\/#\/schema\/person\/176195b99ebab0a52aafa15197e1bf80"},"headline":"Por violencia intrafamiliar fiscal\u00eda judicializ\u00f3 a dos hombres, presuntamente implicados en violencia contra sus exparejas","datePublished":"2023-02-09T16:47:50+00:00","dateModified":"2023-02-09T16:47:50+00:00","mainEntityOfPage":{"@id":"https:\/\/www.fiscalia.gov.co\/colombia\/noticias\/por-violencia-intrafamiliar-fiscalia-judicializo-a-dos-hombres-presuntamente-implicados-en-violencia-contra-sus-exparejas\/"},"wordCount":442,"publisher":{"@id":"https:\/\/www.fiscalia.gov.co\/colombia\/#organization"},"image":{"@id":"https:\/\/www.fiscalia.gov.co\/colombia\/noticias\/por-violencia-intrafamiliar-fiscalia-judicializo-a-dos-hombres-presuntamente-implicados-en-violencia-contra-sus-exparejas\/#primaryimage"},"thumbnailUrl":"https:\/\/www.fiscalia.gov.co\/colombia\/wp-content\/uploads\/WhatsApp-Image-2023-02-09-at-11.36.26-AM-300x213.jpeg","keywords":["amenazas de muerte","Capturados","Cartago y Guacar\u00ed\u00a0(Valle del Cauca)","centros carcelarios","econ\u00f3mico","ex compa\u00f1eras sentimentales","Fiscal General de la Naci\u00f3n","Fiscal\u00eda Colombia","judicializados.","Maltrato f\u00edsico","Medida de aseguramiento","orden judicial","psicol\u00f3gico","Seccional Valle del Cauca","Violencia intrafamiliar","violencia intrafamiliar agravada"],"articleSection":["Noticias","Seccional Cali","Seccionales","Violencia sexual e intrafamiliar"],"inLanguage":"es-CO"},{"@type":"WebPage","@id":"https:\/\/www.fiscalia.gov.co\/colombia\/noticias\/por-violencia-intrafamiliar-fiscalia-judicializo-a-dos-hombres-presuntamente-implicados-en-violencia-contra-sus-exparejas\/","url":"https:\/\/www.fiscalia.gov.co\/colombia\/noticias\/por-violencia-intrafamiliar-fiscalia-judicializo-a-dos-hombres-presuntamente-implicados-en-violencia-contra-sus-exparejas\/","name":"Fiscal\u00eda General de la Naci\u00f3n","isPartOf":{"@id":"https:\/\/www.fiscalia.gov.co\/colombia\/#website"},"primaryImageOfPage":{"@id":"https:\/\/www.fiscalia.gov.co\/colombia\/noticias\/por-violencia-intrafamiliar-fiscalia-judicializo-a-dos-hombres-presuntamente-implicados-en-violencia-contra-sus-exparejas\/#primaryimage"},"image":{"@id":"https:\/\/www.fiscalia.gov.co\/colombia\/noticias\/por-violencia-intrafamiliar-fiscalia-judicializo-a-dos-hombres-presuntamente-implicados-en-violencia-contra-sus-exparejas\/#primaryimage"},"thumbnailUrl":"https:\/\/www.fiscalia.gov.co\/colombia\/wp-content\/uploads\/WhatsApp-Image-2023-02-09-at-11.36.26-AM-300x213.jpeg","datePublished":"2023-02-09T16:47:50+00:00","dateModified":"2023-02-09T16:47:50+00:00","description":"P\u00e1gina oficial de la Fiscal\u00eda General de la Naci\u00f3n \u2013 Colombia. Garantizamos el acceso efectivo a la justicia, la verdad y la reparaci\u00f3n de las v\u00edctimas de los delitos.","breadcrumb":{"@id":"https:\/\/www.fiscalia.gov.co\/colombia\/noticias\/por-violencia-intrafamiliar-fiscalia-judicializo-a-dos-hombres-presuntamente-implicados-en-violencia-contra-sus-exparejas\/#breadcrumb"},"inLanguage":"es-CO","potentialAction":[{"@type":"ReadAction","target":["https:\/\/www.fiscalia.gov.co\/colombia\/noticias\/por-violencia-intrafamiliar-fiscalia-judicializo-a-dos-hombres-presuntamente-implicados-en-violencia-contra-sus-exparejas\/"]}]},{"@type":"ImageObject","inLanguage":"es-CO","@id":"https:\/\/www.fiscalia.gov.co\/colombia\/noticias\/por-violencia-intrafamiliar-fiscalia-judicializo-a-dos-hombres-presuntamente-implicados-en-violencia-contra-sus-exparejas\/#primaryimage","url":"https:\/\/www.fiscalia.gov.co\/colombia\/wp-content\/uploads\/WhatsApp-Image-2023-02-09-at-11.36.26-AM-300x213.jpeg","contentUrl":"https:\/\/www.fiscalia.gov.co\/colombia\/wp-content\/uploads\/WhatsApp-Image-2023-02-09-at-11.36.26-AM-300x213.jpeg"},{"@type":"BreadcrumbList","@id":"https:\/\/www.fiscalia.gov.co\/colombia\/noticias\/por-violencia-intrafamiliar-fiscalia-judicializo-a-dos-hombres-presuntamente-implicados-en-violencia-contra-sus-exparejas\/#breadcrumb","itemListElement":[{"@type":"ListItem","position":1,"name":"Home","item":"https:\/\/www.fiscalia.gov.co\/colombia\/"},{"@type":"ListItem","position":2,"name":"Por violencia intrafamiliar fiscal\u00eda judicializ\u00f3 a dos hombres, presuntamente implicados en violencia contra sus exparejas"}]},{"@type":"WebSite","@id":"https:\/\/www.fiscalia.gov.co\/colombia\/#website","url":"https:\/\/www.fiscalia.gov.co\/colombia\/","name":"Fiscal\u00eda General de la Naci\u00f3n","description":"P\u00e1gina oficial de la Fiscal\u00eda General de la Naci\u00f3n \u2013 Colombia. Garantizamos el acceso efectivo a la justicia, la verdad y la reparaci\u00f3n de las v\u00edctimas de los delitos.","publisher":{"@id":"https:\/\/www.fiscalia.gov.co\/colombia\/#organization"},"potentialAction":[{"@type":"SearchAction","target":{"@type":"EntryPoint","urlTemplate":"https:\/\/www.fiscalia.gov.co\/colombia\/?s={search_term_string}"},"query-input":{"@type":"PropertyValueSpecification","valueRequired":true,"valueName":"search_term_string"}}],"inLanguage":"es-CO"},{"@type":"Organization","@id":"https:\/\/www.fiscalia.gov.co\/colombia\/#organization","name":"Fiscal\u00eda General de la Naci\u00f3n","url":"https:\/\/www.fiscalia.gov.co\/colombia\/","logo":{"@type":"ImageObject","inLanguage":"es-CO","@id":"https:\/\/www.fiscalia.gov.co\/colombia\/#\/schema\/logo\/image\/","url":"https:\/\/www.fiscalia.gov.co\/colombia\/wp-content\/uploads\/LogoHorizontal_1.jpg","contentUrl":"https:\/\/www.fiscalia.gov.co\/colombia\/wp-content\/uploads\/LogoHorizontal_1.jpg","width":300,"height":90,"caption":"Fiscal\u00eda General de la Naci\u00f3n"},"image":{"@id":"https:\/\/www.fiscalia.gov.co\/colombia\/#\/schema\/logo\/image\/"},"sameAs":["https:\/\/www.facebook.com\/FiscaliaCol","https:\/\/x.com\/FiscaliaCol","https:\/\/www.instagram.com\/fiscaliacol","https:\/\/www.linkedin.com\/company\/fiscalia-general-de-la-naci-n\/","https:\/\/youtube.com\/@fiscaliageneraldelanacion-4668?si=6nN79nyQICPU5iTh"]},{"@type":"Person","@id":"https:\/\/www.fiscalia.gov.co\/colombia\/#\/schema\/person\/176195b99ebab0a52aafa15197e1bf80","name":"Winnie Geraldine Rodr\u00edguez Navarrete","image":{"@type":"ImageObject","inLanguage":"es-CO","@id":"https:\/\/www.fiscalia.gov.co\/colombia\/#\/schema\/person\/image\/","url":"https:\/\/secure.gravatar.com\/avatar\/c24cf8481dc84fa5e8c7b20bc95ab0c6?s=96&d=mm&r=g","contentUrl":"https:\/\/secure.gravatar.com\/avatar\/c24cf8481dc84fa5e8c7b20bc95ab0c6?s=96&d=mm&r=g","caption":"Winnie Geraldine Rodr\u00edguez Navarrete"},"url":"https:\/\/www.fiscalia.gov.co\/colombia\/author\/winnierodriguez\/"}]}},"_links":{"self":[{"href":"https:\/\/www.fiscalia.gov.co\/colombia\/wp-json\/wp\/v2\/posts\/266133","targetHints":{"allow":["GET"]}}],"collection":[{"href":"https:\/\/www.fiscalia.gov.co\/colombia\/wp-json\/wp\/v2\/posts"}],"about":[{"href":"https:\/\/www.fiscalia.gov.co\/colombia\/wp-json\/wp\/v2\/types\/post"}],"author":[{"embeddable":true,"href":"https:\/\/www.fiscalia.gov.co\/colombia\/wp-json\/wp\/v2\/users\/178"}],"replies":[{"embeddable":true,"href":"https:\/\/www.fiscalia.gov.co\/colombia\/wp-json\/wp\/v2\/comments?post=266133"}],"version-history":[{"count":2,"href":"https:\/\/www.fiscalia.gov.co\/colombia\/wp-json\/wp\/v2\/posts\/266133\/revisions"}],"predecessor-version":[{"id":266138,"href":"https:\/\/www.fiscalia.gov.co\/colombia\/wp-json\/wp\/v2\/posts\/266133\/revisions\/266138"}],"wp:attachment":[{"href":"https:\/\/www.fiscalia.gov.co\/colombia\/wp-json\/wp\/v2\/media?parent=266133"}],"wp:term":[{"taxonomy":"category","embeddable":true,"href":"https:\/\/www.fiscalia.gov.co\/colombia\/wp-json\/wp\/v2\/categories?post=266133"},{"taxonomy":"post_tag","embeddable":true,"href":"https:\/\/www.fiscalia.gov.co\/colombia\/wp-json\/wp\/v2\/tags?post=266133"}],"curies":[{"name":"wp","href":"https:\/\/api.w.org\/{rel}","templated":true}]}}