{"id":266026,"date":"2023-02-08T16:06:26","date_gmt":"2023-02-08T21:06:26","guid":{"rendered":"https:\/\/www.fiscalia.gov.co\/colombia\/?p=266026"},"modified":"2023-02-08T16:06:26","modified_gmt":"2023-02-08T21:06:26","slug":"los-perros-fueron-privados-de-la-libertad-por-trafico-de-estupefacientes-en-ibague","status":"publish","type":"post","link":"https:\/\/www.fiscalia.gov.co\/colombia\/noticias\/los-perros-fueron-privados-de-la-libertad-por-trafico-de-estupefacientes-en-ibague\/","title":{"rendered":"\u2018Los perros\u2019 fueron privados de la libertad por tr\u00e1fico de estupefacientes en Ibagu\u00e9"},"content":{"rendered":"<p style=\"font-weight: 400;\">Cinco personas se\u00f1aladas por las autoridades de concertarse para el tr\u00e1fico de estupefacientes al menudeo en Ibagu\u00e9 (Tolima), fueron privadas de la libertad de manera preventiva mientras avanza la investigaci\u00f3n en su contra.<\/p>\n<figure id=\"attachment_266027\" aria-describedby=\"caption-attachment-266027\" style=\"width: 407px\" class=\"wp-caption aligncenter\"><img loading=\"lazy\" decoding=\"async\" class=\" wp-image-266027\" src=\"https:\/\/www.fiscalia.gov.co\/colombia\/wp-content\/uploads\/los-perros-estupefacientes-tolima-300x165.jpeg\" alt=\" En la imagen se ven cinco personas detenidas bajo custodia de integrantes de la Polic\u00eda Nacional. Detr\u00e1s suyo un backing de la instituci\u00f3n.\" width=\"407\" height=\"224\" srcset=\"https:\/\/www.fiscalia.gov.co\/colombia\/wp-content\/uploads\/los-perros-estupefacientes-tolima-300x165.jpeg 300w, https:\/\/www.fiscalia.gov.co\/colombia\/wp-content\/uploads\/los-perros-estupefacientes-tolima-1024x564.jpeg 1024w, https:\/\/www.fiscalia.gov.co\/colombia\/wp-content\/uploads\/los-perros-estupefacientes-tolima-768x423.jpeg 768w, https:\/\/www.fiscalia.gov.co\/colombia\/wp-content\/uploads\/los-perros-estupefacientes-tolima-1536x847.jpeg 1536w, https:\/\/www.fiscalia.gov.co\/colombia\/wp-content\/uploads\/los-perros-estupefacientes-tolima-696x385.jpeg 696w, https:\/\/www.fiscalia.gov.co\/colombia\/wp-content\/uploads\/los-perros-estupefacientes-tolima-1068x589.jpeg 1068w, https:\/\/www.fiscalia.gov.co\/colombia\/wp-content\/uploads\/los-perros-estupefacientes-tolima-762x420.jpeg 762w, https:\/\/www.fiscalia.gov.co\/colombia\/wp-content\/uploads\/los-perros-estupefacientes-tolima.jpeg 1600w\" sizes=\"auto, (max-width: 407px) 100vw, 407px\" \/><figcaption id=\"caption-attachment-266027\" class=\"wp-caption-text\">Las 5 personas fueron privadas de la libertad por su presunta participaci\u00f3n en el grupo de delincuencia organizada Los Perros, dedicado al tr\u00e1fico local de marihuana y bazuco en la comuna 9 de Ibagu\u00e9.<\/figcaption><\/figure>\n<p style=\"font-weight: 400;\">La Fiscal\u00eda les endilg\u00f3 los delitos de concierto para delinquir agravado, tr\u00e1fico, fabricaci\u00f3n o porte de estupefacientes, destinaci\u00f3n il\u00edcita de muebles o inmuebles, y fabricaci\u00f3n, tr\u00e1fico o porte ilegal de armas de fuego, partes o municiones que ninguno acept\u00f3 haber cometido.<\/p>\n<p style=\"font-weight: 400;\">Bajo el direccionamiento de la unidad de Estructura de Apoyo (EDA), personal de la Polic\u00eda captur\u00f3 a estas personas mediante dos diligencias de allanamiento y registro en los barrios Topacio, y Santa Rita de la capital tolimense.<\/p>\n<p style=\"font-weight: 400;\">Gracias a la recolecci\u00f3n de elementos materiales probatorios y evidencia f\u00edsica como informes de investigador de campo, vigilancia y seguimiento a lugares y cosas, interceptaci\u00f3n de comunicaciones de las l\u00edneas telef\u00f3nicas utilizadas por los hoy privados de la libertad y la incautaci\u00f3n de sustancia estupefaciente, entre otros, se logr\u00f3 establecer que, al parecer, desde el 2022 estas personas vendr\u00edan comercializando marihuana y bazuco al menudeo en los barrios Bello Horizonte, Villa Marina, Comfenalco Santa Rita y sector Picale\u00f1a de la comuna 9 de la ciudad, cerca de zonas escolares.<\/p>\n<p style=\"font-weight: 400;\">Se tiene que, debido a su inter\u00e9s de controlar la zona con la venta local de sustancias estupefacientes, los integrantes de este grupo atemorizar\u00edan a los moradores de esos sectores, as\u00ed como transe\u00fantes y habitantes de calle, para lo cual ejecutar\u00edan otros delitos conexos como amenazas, lesiones personales y da\u00f1o en bien ajeno.<\/p>\n<p style=\"font-weight: 400;\">El negocio il\u00edcito era controlado v\u00eda telef\u00f3nica para la compra y venta de la sustancia y la entrega a domicilio. La sustancia es dosificada en envolturas de papel cuaderno por valores que oscilan entre los $ 2.000 y $ 2.500.<\/p>\n<p style=\"font-weight: 400;\">Durante las diligencias de captura les fueron incautados varias dosis de marihuana y coca\u00edna y sus derivados, elementos propios para la dosificaci\u00f3n, un arma de fuego y dinero en efectivo.<\/p>\n<p style=\"font-weight: 400;\">Al t\u00e9rmino de las audiencias, el juez que conoci\u00f3 el caso impuso medida de aseguramiento en establecimiento carcelario para los cuatro hombres, y domiciliaria para la mujer.<\/p>\n<p style=\"font-weight: 400;\"><strong>La Fiscal\u00eda habla con resultados.<\/strong><\/p>\n<p style=\"font-weight: 400;\">\n<p>&nbsp;<\/p>\n<p>&nbsp;<\/p>\n<p>PAAM\/VHGB\/JJS\/DST<\/p>\n<p>&nbsp;<\/p>\n<p>&nbsp;<\/p>\n<p>&nbsp;<\/p>\n<p>&nbsp;<\/p>\n\n<div class=\"twitter-share\"><a href=\"https:\/\/twitter.com\/intent\/tweet?via=fiscaliacol\" class=\"twitter-share-button\">Tweet<\/a><\/div>\n","protected":false},"excerpt":{"rendered":"<p>Cinco personas se\u00f1aladas por las autoridades de concertarse para el tr\u00e1fico de estupefacientes al menudeo en Ibagu\u00e9 (Tolima), fueron privadas de la libertad de manera preventiva mientras avanza la investigaci\u00f3n en su contra. La Fiscal\u00eda les endilg\u00f3 los delitos de concierto para delinquir agravado, tr\u00e1fico, fabricaci\u00f3n o porte de estupefacientes, destinaci\u00f3n il\u00edcita de muebles o [&hellip;]<\/p>\n","protected":false},"author":178,"featured_media":0,"comment_status":"closed","ping_status":"open","sticky":false,"template":"","format":"standard","meta":{"_price":"","_stock":"","_tribe_ticket_header":"","_tribe_default_ticket_provider":"","_tribe_ticket_capacity":"0","_ticket_start_date":"","_ticket_end_date":"","_tribe_ticket_show_description":"","_tribe_ticket_show_not_going":false,"_tribe_ticket_use_global_stock":"","_tribe_ticket_global_stock_level":"","_global_stock_mode":"","_global_stock_cap":"","_tribe_rsvp_for_event":"","_tribe_ticket_going_count":"","_tribe_ticket_not_going_count":"","_tribe_tickets_list":"[]","_tribe_ticket_has_attendee_info_fields":false,"tdm_status":"","tdm_grid_status":"","footnotes":""},"categories":[1,329,303,24103],"tags":[33908,5636,33907,3507,25032,50,1047,23990,9760,1264,9471,24211,12189,24716],"class_list":{"0":"post-266026","1":"post","2":"type-post","3":"status-publish","4":"format-standard","6":"category-noticias","7":"category-seccional-ibague","8":"category-seccionales","9":"category-trafico-de-estupefacientes","10":"tag-barrio-santa-rita","11":"tag-bazuco","12":"tag-comuna-9-de-ibague","13":"tag-delincuencia-comun","14":"tag-entornos-escolares","15":"tag-estupefacientes","16":"tag-fiscalia-general-de-la-nacion","17":"tag-ibague-tolima","18":"tag-los-perros","19":"tag-marihuana","20":"tag-organizacion-delincuencial","21":"tag-seccional-tolima","22":"tag-tolima","23":"tag-trafico-local"},"yoast_head":"<!-- This site is optimized with the Yoast SEO plugin v24.3 - https:\/\/yoast.com\/wordpress\/plugins\/seo\/ -->\n<title>Fiscal\u00eda General de la Naci\u00f3n<\/title>\n<meta name=\"description\" content=\"P\u00e1gina oficial de la Fiscal\u00eda General de la Naci\u00f3n \u2013 Colombia. Garantizamos el acceso efectivo a la justicia, la verdad y la reparaci\u00f3n de las v\u00edctimas de los delitos.\" \/>\n<meta name=\"robots\" content=\"noindex, follow\" \/>\n<meta property=\"og:locale\" content=\"es_ES\" \/>\n<meta property=\"og:type\" content=\"article\" \/>\n<meta property=\"og:title\" content=\"Fiscal\u00eda General de la Naci\u00f3n\" \/>\n<meta property=\"og:description\" content=\"P\u00e1gina oficial de la Fiscal\u00eda General de la Naci\u00f3n \u2013 Colombia. Garantizamos el acceso efectivo a la justicia, la verdad y la reparaci\u00f3n de las v\u00edctimas de los delitos.\" \/>\n<meta property=\"og:url\" content=\"https:\/\/www.fiscalia.gov.co\/colombia\/noticias\/los-perros-fueron-privados-de-la-libertad-por-trafico-de-estupefacientes-en-ibague\/\" \/>\n<meta property=\"og:site_name\" content=\"Fiscal\u00eda General de la Naci\u00f3n\" \/>\n<meta property=\"article:publisher\" content=\"https:\/\/www.facebook.com\/FiscaliaCol\" \/>\n<meta property=\"article:published_time\" content=\"2023-02-08T21:06:26+00:00\" \/>\n<meta property=\"og:image\" content=\"https:\/\/www.fiscalia.gov.co\/colombia\/wp-content\/uploads\/los-perros-estupefacientes-tolima-300x165.jpeg\" \/>\n<meta name=\"author\" content=\"Winnie Geraldine Rodr\u00edguez Navarrete\" \/>\n<meta name=\"twitter:card\" content=\"summary_large_image\" \/>\n<meta name=\"twitter:creator\" content=\"@FiscaliaCol\" \/>\n<meta name=\"twitter:site\" content=\"@FiscaliaCol\" \/>\n<meta name=\"twitter:label1\" content=\"Escrito por\" \/>\n\t<meta name=\"twitter:data1\" content=\"Winnie Geraldine Rodr\u00edguez Navarrete\" \/>\n\t<meta name=\"twitter:label2\" content=\"Tiempo de lectura\" \/>\n\t<meta name=\"twitter:data2\" content=\"2 minutos\" \/>\n<script type=\"application\/ld+json\" class=\"yoast-schema-graph\">{\"@context\":\"https:\/\/schema.org\",\"@graph\":[{\"@type\":\"Article\",\"@id\":\"https:\/\/www.fiscalia.gov.co\/colombia\/noticias\/los-perros-fueron-privados-de-la-libertad-por-trafico-de-estupefacientes-en-ibague\/#article\",\"isPartOf\":{\"@id\":\"https:\/\/www.fiscalia.gov.co\/colombia\/noticias\/los-perros-fueron-privados-de-la-libertad-por-trafico-de-estupefacientes-en-ibague\/\"},\"author\":{\"name\":\"Winnie Geraldine Rodr\u00edguez Navarrete\",\"@id\":\"https:\/\/www.fiscalia.gov.co\/colombia\/#\/schema\/person\/176195b99ebab0a52aafa15197e1bf80\"},\"headline\":\"\u2018Los perros\u2019 fueron privados de la libertad por tr\u00e1fico de estupefacientes en Ibagu\u00e9\",\"datePublished\":\"2023-02-08T21:06:26+00:00\",\"dateModified\":\"2023-02-08T21:06:26+00:00\",\"mainEntityOfPage\":{\"@id\":\"https:\/\/www.fiscalia.gov.co\/colombia\/noticias\/los-perros-fueron-privados-de-la-libertad-por-trafico-de-estupefacientes-en-ibague\/\"},\"wordCount\":445,\"publisher\":{\"@id\":\"https:\/\/www.fiscalia.gov.co\/colombia\/#organization\"},\"image\":{\"@id\":\"https:\/\/www.fiscalia.gov.co\/colombia\/noticias\/los-perros-fueron-privados-de-la-libertad-por-trafico-de-estupefacientes-en-ibague\/#primaryimage\"},\"thumbnailUrl\":\"https:\/\/www.fiscalia.gov.co\/colombia\/wp-content\/uploads\/los-perros-estupefacientes-tolima-300x165.jpeg\",\"keywords\":[\"barrio Santa Rita\",\"Bazuco\",\"comuna 9 de Ibagu\u00e9\",\"Delincuencia com\u00fan\",\"Entornos escolares\",\"Estupefacientes\",\"Fiscal\u00eda General de la Naci\u00f3n\",\"Ibagu\u00e9 (Tolima)\",\"Los Perros\",\"Marihuana\",\"Organizaci\u00f3n delincuencial\",\"Seccional Tolima\",\"Tolima\",\"tr\u00e1fico local.\"],\"articleSection\":[\"Noticias\",\"Seccional Ibagu\u00e9\",\"Seccionales\",\"Tr\u00e1fico de estupefacientes\"],\"inLanguage\":\"es-CO\"},{\"@type\":\"WebPage\",\"@id\":\"https:\/\/www.fiscalia.gov.co\/colombia\/noticias\/los-perros-fueron-privados-de-la-libertad-por-trafico-de-estupefacientes-en-ibague\/\",\"url\":\"https:\/\/www.fiscalia.gov.co\/colombia\/noticias\/los-perros-fueron-privados-de-la-libertad-por-trafico-de-estupefacientes-en-ibague\/\",\"name\":\"Fiscal\u00eda General de la Naci\u00f3n\",\"isPartOf\":{\"@id\":\"https:\/\/www.fiscalia.gov.co\/colombia\/#website\"},\"primaryImageOfPage\":{\"@id\":\"https:\/\/www.fiscalia.gov.co\/colombia\/noticias\/los-perros-fueron-privados-de-la-libertad-por-trafico-de-estupefacientes-en-ibague\/#primaryimage\"},\"image\":{\"@id\":\"https:\/\/www.fiscalia.gov.co\/colombia\/noticias\/los-perros-fueron-privados-de-la-libertad-por-trafico-de-estupefacientes-en-ibague\/#primaryimage\"},\"thumbnailUrl\":\"https:\/\/www.fiscalia.gov.co\/colombia\/wp-content\/uploads\/los-perros-estupefacientes-tolima-300x165.jpeg\",\"datePublished\":\"2023-02-08T21:06:26+00:00\",\"dateModified\":\"2023-02-08T21:06:26+00:00\",\"description\":\"P\u00e1gina oficial de la Fiscal\u00eda General de la Naci\u00f3n \u2013 Colombia. Garantizamos el acceso efectivo a la justicia, la verdad y la reparaci\u00f3n de las v\u00edctimas de los delitos.\",\"breadcrumb\":{\"@id\":\"https:\/\/www.fiscalia.gov.co\/colombia\/noticias\/los-perros-fueron-privados-de-la-libertad-por-trafico-de-estupefacientes-en-ibague\/#breadcrumb\"},\"inLanguage\":\"es-CO\",\"potentialAction\":[{\"@type\":\"ReadAction\",\"target\":[\"https:\/\/www.fiscalia.gov.co\/colombia\/noticias\/los-perros-fueron-privados-de-la-libertad-por-trafico-de-estupefacientes-en-ibague\/\"]}]},{\"@type\":\"ImageObject\",\"inLanguage\":\"es-CO\",\"@id\":\"https:\/\/www.fiscalia.gov.co\/colombia\/noticias\/los-perros-fueron-privados-de-la-libertad-por-trafico-de-estupefacientes-en-ibague\/#primaryimage\",\"url\":\"https:\/\/www.fiscalia.gov.co\/colombia\/wp-content\/uploads\/los-perros-estupefacientes-tolima-300x165.jpeg\",\"contentUrl\":\"https:\/\/www.fiscalia.gov.co\/colombia\/wp-content\/uploads\/los-perros-estupefacientes-tolima-300x165.jpeg\"},{\"@type\":\"BreadcrumbList\",\"@id\":\"https:\/\/www.fiscalia.gov.co\/colombia\/noticias\/los-perros-fueron-privados-de-la-libertad-por-trafico-de-estupefacientes-en-ibague\/#breadcrumb\",\"itemListElement\":[{\"@type\":\"ListItem\",\"position\":1,\"name\":\"Home\",\"item\":\"https:\/\/www.fiscalia.gov.co\/colombia\/\"},{\"@type\":\"ListItem\",\"position\":2,\"name\":\"\u2018Los perros\u2019 fueron privados de la libertad por tr\u00e1fico de estupefacientes en Ibagu\u00e9\"}]},{\"@type\":\"WebSite\",\"@id\":\"https:\/\/www.fiscalia.gov.co\/colombia\/#website\",\"url\":\"https:\/\/www.fiscalia.gov.co\/colombia\/\",\"name\":\"Fiscal\u00eda General de la Naci\u00f3n\",\"description\":\"P\u00e1gina oficial de la Fiscal\u00eda General de la Naci\u00f3n \u2013 Colombia. Garantizamos el acceso efectivo a la justicia, la verdad y la reparaci\u00f3n de las v\u00edctimas de los delitos.\",\"publisher\":{\"@id\":\"https:\/\/www.fiscalia.gov.co\/colombia\/#organization\"},\"potentialAction\":[{\"@type\":\"SearchAction\",\"target\":{\"@type\":\"EntryPoint\",\"urlTemplate\":\"https:\/\/www.fiscalia.gov.co\/colombia\/?s={search_term_string}\"},\"query-input\":{\"@type\":\"PropertyValueSpecification\",\"valueRequired\":true,\"valueName\":\"search_term_string\"}}],\"inLanguage\":\"es-CO\"},{\"@type\":\"Organization\",\"@id\":\"https:\/\/www.fiscalia.gov.co\/colombia\/#organization\",\"name\":\"Fiscal\u00eda General de la Naci\u00f3n\",\"url\":\"https:\/\/www.fiscalia.gov.co\/colombia\/\",\"logo\":{\"@type\":\"ImageObject\",\"inLanguage\":\"es-CO\",\"@id\":\"https:\/\/www.fiscalia.gov.co\/colombia\/#\/schema\/logo\/image\/\",\"url\":\"https:\/\/www.fiscalia.gov.co\/colombia\/wp-content\/uploads\/LogoHorizontal_1.jpg\",\"contentUrl\":\"https:\/\/www.fiscalia.gov.co\/colombia\/wp-content\/uploads\/LogoHorizontal_1.jpg\",\"width\":300,\"height\":90,\"caption\":\"Fiscal\u00eda General de la Naci\u00f3n\"},\"image\":{\"@id\":\"https:\/\/www.fiscalia.gov.co\/colombia\/#\/schema\/logo\/image\/\"},\"sameAs\":[\"https:\/\/www.facebook.com\/FiscaliaCol\",\"https:\/\/x.com\/FiscaliaCol\",\"https:\/\/www.instagram.com\/fiscaliacol\",\"https:\/\/www.linkedin.com\/company\/fiscalia-general-de-la-naci-n\/\",\"https:\/\/youtube.com\/@fiscaliageneraldelanacion-4668?si=6nN79nyQICPU5iTh\"]},{\"@type\":\"Person\",\"@id\":\"https:\/\/www.fiscalia.gov.co\/colombia\/#\/schema\/person\/176195b99ebab0a52aafa15197e1bf80\",\"name\":\"Winnie Geraldine Rodr\u00edguez Navarrete\",\"image\":{\"@type\":\"ImageObject\",\"inLanguage\":\"es-CO\",\"@id\":\"https:\/\/www.fiscalia.gov.co\/colombia\/#\/schema\/person\/image\/\",\"url\":\"https:\/\/secure.gravatar.com\/avatar\/c24cf8481dc84fa5e8c7b20bc95ab0c6?s=96&d=mm&r=g\",\"contentUrl\":\"https:\/\/secure.gravatar.com\/avatar\/c24cf8481dc84fa5e8c7b20bc95ab0c6?s=96&d=mm&r=g\",\"caption\":\"Winnie Geraldine Rodr\u00edguez Navarrete\"},\"url\":\"https:\/\/www.fiscalia.gov.co\/colombia\/author\/winnierodriguez\/\"}]}<\/script>\n<!-- \/ Yoast SEO plugin. -->","yoast_head_json":{"title":"Fiscal\u00eda General de la Naci\u00f3n","description":"P\u00e1gina oficial de la Fiscal\u00eda General de la Naci\u00f3n \u2013 Colombia. Garantizamos el acceso efectivo a la justicia, la verdad y la reparaci\u00f3n de las v\u00edctimas de los delitos.","robots":{"index":"noindex","follow":"follow"},"og_locale":"es_ES","og_type":"article","og_title":"Fiscal\u00eda General de la Naci\u00f3n","og_description":"P\u00e1gina oficial de la Fiscal\u00eda General de la Naci\u00f3n \u2013 Colombia. Garantizamos el acceso efectivo a la justicia, la verdad y la reparaci\u00f3n de las v\u00edctimas de los delitos.","og_url":"https:\/\/www.fiscalia.gov.co\/colombia\/noticias\/los-perros-fueron-privados-de-la-libertad-por-trafico-de-estupefacientes-en-ibague\/","og_site_name":"Fiscal\u00eda General de la Naci\u00f3n","article_publisher":"https:\/\/www.facebook.com\/FiscaliaCol","article_published_time":"2023-02-08T21:06:26+00:00","og_image":[{"url":"https:\/\/www.fiscalia.gov.co\/colombia\/wp-content\/uploads\/los-perros-estupefacientes-tolima-300x165.jpeg","type":"","width":"","height":""}],"author":"Winnie Geraldine Rodr\u00edguez Navarrete","twitter_card":"summary_large_image","twitter_creator":"@FiscaliaCol","twitter_site":"@FiscaliaCol","twitter_misc":{"Escrito por":"Winnie Geraldine Rodr\u00edguez Navarrete","Tiempo de lectura":"2 minutos"},"schema":{"@context":"https:\/\/schema.org","@graph":[{"@type":"Article","@id":"https:\/\/www.fiscalia.gov.co\/colombia\/noticias\/los-perros-fueron-privados-de-la-libertad-por-trafico-de-estupefacientes-en-ibague\/#article","isPartOf":{"@id":"https:\/\/www.fiscalia.gov.co\/colombia\/noticias\/los-perros-fueron-privados-de-la-libertad-por-trafico-de-estupefacientes-en-ibague\/"},"author":{"name":"Winnie Geraldine Rodr\u00edguez Navarrete","@id":"https:\/\/www.fiscalia.gov.co\/colombia\/#\/schema\/person\/176195b99ebab0a52aafa15197e1bf80"},"headline":"\u2018Los perros\u2019 fueron privados de la libertad por tr\u00e1fico de estupefacientes en Ibagu\u00e9","datePublished":"2023-02-08T21:06:26+00:00","dateModified":"2023-02-08T21:06:26+00:00","mainEntityOfPage":{"@id":"https:\/\/www.fiscalia.gov.co\/colombia\/noticias\/los-perros-fueron-privados-de-la-libertad-por-trafico-de-estupefacientes-en-ibague\/"},"wordCount":445,"publisher":{"@id":"https:\/\/www.fiscalia.gov.co\/colombia\/#organization"},"image":{"@id":"https:\/\/www.fiscalia.gov.co\/colombia\/noticias\/los-perros-fueron-privados-de-la-libertad-por-trafico-de-estupefacientes-en-ibague\/#primaryimage"},"thumbnailUrl":"https:\/\/www.fiscalia.gov.co\/colombia\/wp-content\/uploads\/los-perros-estupefacientes-tolima-300x165.jpeg","keywords":["barrio Santa Rita","Bazuco","comuna 9 de Ibagu\u00e9","Delincuencia com\u00fan","Entornos escolares","Estupefacientes","Fiscal\u00eda General de la Naci\u00f3n","Ibagu\u00e9 (Tolima)","Los Perros","Marihuana","Organizaci\u00f3n delincuencial","Seccional Tolima","Tolima","tr\u00e1fico local."],"articleSection":["Noticias","Seccional Ibagu\u00e9","Seccionales","Tr\u00e1fico de estupefacientes"],"inLanguage":"es-CO"},{"@type":"WebPage","@id":"https:\/\/www.fiscalia.gov.co\/colombia\/noticias\/los-perros-fueron-privados-de-la-libertad-por-trafico-de-estupefacientes-en-ibague\/","url":"https:\/\/www.fiscalia.gov.co\/colombia\/noticias\/los-perros-fueron-privados-de-la-libertad-por-trafico-de-estupefacientes-en-ibague\/","name":"Fiscal\u00eda General de la Naci\u00f3n","isPartOf":{"@id":"https:\/\/www.fiscalia.gov.co\/colombia\/#website"},"primaryImageOfPage":{"@id":"https:\/\/www.fiscalia.gov.co\/colombia\/noticias\/los-perros-fueron-privados-de-la-libertad-por-trafico-de-estupefacientes-en-ibague\/#primaryimage"},"image":{"@id":"https:\/\/www.fiscalia.gov.co\/colombia\/noticias\/los-perros-fueron-privados-de-la-libertad-por-trafico-de-estupefacientes-en-ibague\/#primaryimage"},"thumbnailUrl":"https:\/\/www.fiscalia.gov.co\/colombia\/wp-content\/uploads\/los-perros-estupefacientes-tolima-300x165.jpeg","datePublished":"2023-02-08T21:06:26+00:00","dateModified":"2023-02-08T21:06:26+00:00","description":"P\u00e1gina oficial de la Fiscal\u00eda General de la Naci\u00f3n \u2013 Colombia. Garantizamos el acceso efectivo a la justicia, la verdad y la reparaci\u00f3n de las v\u00edctimas de los delitos.","breadcrumb":{"@id":"https:\/\/www.fiscalia.gov.co\/colombia\/noticias\/los-perros-fueron-privados-de-la-libertad-por-trafico-de-estupefacientes-en-ibague\/#breadcrumb"},"inLanguage":"es-CO","potentialAction":[{"@type":"ReadAction","target":["https:\/\/www.fiscalia.gov.co\/colombia\/noticias\/los-perros-fueron-privados-de-la-libertad-por-trafico-de-estupefacientes-en-ibague\/"]}]},{"@type":"ImageObject","inLanguage":"es-CO","@id":"https:\/\/www.fiscalia.gov.co\/colombia\/noticias\/los-perros-fueron-privados-de-la-libertad-por-trafico-de-estupefacientes-en-ibague\/#primaryimage","url":"https:\/\/www.fiscalia.gov.co\/colombia\/wp-content\/uploads\/los-perros-estupefacientes-tolima-300x165.jpeg","contentUrl":"https:\/\/www.fiscalia.gov.co\/colombia\/wp-content\/uploads\/los-perros-estupefacientes-tolima-300x165.jpeg"},{"@type":"BreadcrumbList","@id":"https:\/\/www.fiscalia.gov.co\/colombia\/noticias\/los-perros-fueron-privados-de-la-libertad-por-trafico-de-estupefacientes-en-ibague\/#breadcrumb","itemListElement":[{"@type":"ListItem","position":1,"name":"Home","item":"https:\/\/www.fiscalia.gov.co\/colombia\/"},{"@type":"ListItem","position":2,"name":"\u2018Los perros\u2019 fueron privados de la libertad por tr\u00e1fico de estupefacientes en Ibagu\u00e9"}]},{"@type":"WebSite","@id":"https:\/\/www.fiscalia.gov.co\/colombia\/#website","url":"https:\/\/www.fiscalia.gov.co\/colombia\/","name":"Fiscal\u00eda General de la Naci\u00f3n","description":"P\u00e1gina oficial de la Fiscal\u00eda General de la Naci\u00f3n \u2013 Colombia. Garantizamos el acceso efectivo a la justicia, la verdad y la reparaci\u00f3n de las v\u00edctimas de los delitos.","publisher":{"@id":"https:\/\/www.fiscalia.gov.co\/colombia\/#organization"},"potentialAction":[{"@type":"SearchAction","target":{"@type":"EntryPoint","urlTemplate":"https:\/\/www.fiscalia.gov.co\/colombia\/?s={search_term_string}"},"query-input":{"@type":"PropertyValueSpecification","valueRequired":true,"valueName":"search_term_string"}}],"inLanguage":"es-CO"},{"@type":"Organization","@id":"https:\/\/www.fiscalia.gov.co\/colombia\/#organization","name":"Fiscal\u00eda General de la Naci\u00f3n","url":"https:\/\/www.fiscalia.gov.co\/colombia\/","logo":{"@type":"ImageObject","inLanguage":"es-CO","@id":"https:\/\/www.fiscalia.gov.co\/colombia\/#\/schema\/logo\/image\/","url":"https:\/\/www.fiscalia.gov.co\/colombia\/wp-content\/uploads\/LogoHorizontal_1.jpg","contentUrl":"https:\/\/www.fiscalia.gov.co\/colombia\/wp-content\/uploads\/LogoHorizontal_1.jpg","width":300,"height":90,"caption":"Fiscal\u00eda General de la Naci\u00f3n"},"image":{"@id":"https:\/\/www.fiscalia.gov.co\/colombia\/#\/schema\/logo\/image\/"},"sameAs":["https:\/\/www.facebook.com\/FiscaliaCol","https:\/\/x.com\/FiscaliaCol","https:\/\/www.instagram.com\/fiscaliacol","https:\/\/www.linkedin.com\/company\/fiscalia-general-de-la-naci-n\/","https:\/\/youtube.com\/@fiscaliageneraldelanacion-4668?si=6nN79nyQICPU5iTh"]},{"@type":"Person","@id":"https:\/\/www.fiscalia.gov.co\/colombia\/#\/schema\/person\/176195b99ebab0a52aafa15197e1bf80","name":"Winnie Geraldine Rodr\u00edguez Navarrete","image":{"@type":"ImageObject","inLanguage":"es-CO","@id":"https:\/\/www.fiscalia.gov.co\/colombia\/#\/schema\/person\/image\/","url":"https:\/\/secure.gravatar.com\/avatar\/c24cf8481dc84fa5e8c7b20bc95ab0c6?s=96&d=mm&r=g","contentUrl":"https:\/\/secure.gravatar.com\/avatar\/c24cf8481dc84fa5e8c7b20bc95ab0c6?s=96&d=mm&r=g","caption":"Winnie Geraldine Rodr\u00edguez Navarrete"},"url":"https:\/\/www.fiscalia.gov.co\/colombia\/author\/winnierodriguez\/"}]}},"_links":{"self":[{"href":"https:\/\/www.fiscalia.gov.co\/colombia\/wp-json\/wp\/v2\/posts\/266026","targetHints":{"allow":["GET"]}}],"collection":[{"href":"https:\/\/www.fiscalia.gov.co\/colombia\/wp-json\/wp\/v2\/posts"}],"about":[{"href":"https:\/\/www.fiscalia.gov.co\/colombia\/wp-json\/wp\/v2\/types\/post"}],"author":[{"embeddable":true,"href":"https:\/\/www.fiscalia.gov.co\/colombia\/wp-json\/wp\/v2\/users\/178"}],"replies":[{"embeddable":true,"href":"https:\/\/www.fiscalia.gov.co\/colombia\/wp-json\/wp\/v2\/comments?post=266026"}],"version-history":[{"count":1,"href":"https:\/\/www.fiscalia.gov.co\/colombia\/wp-json\/wp\/v2\/posts\/266026\/revisions"}],"predecessor-version":[{"id":266028,"href":"https:\/\/www.fiscalia.gov.co\/colombia\/wp-json\/wp\/v2\/posts\/266026\/revisions\/266028"}],"wp:attachment":[{"href":"https:\/\/www.fiscalia.gov.co\/colombia\/wp-json\/wp\/v2\/media?parent=266026"}],"wp:term":[{"taxonomy":"category","embeddable":true,"href":"https:\/\/www.fiscalia.gov.co\/colombia\/wp-json\/wp\/v2\/categories?post=266026"},{"taxonomy":"post_tag","embeddable":true,"href":"https:\/\/www.fiscalia.gov.co\/colombia\/wp-json\/wp\/v2\/tags?post=266026"}],"curies":[{"name":"wp","href":"https:\/\/api.w.org\/{rel}","templated":true}]}}