{"id":266004,"date":"2023-02-08T13:19:25","date_gmt":"2023-02-08T18:19:25","guid":{"rendered":"https:\/\/www.fiscalia.gov.co\/colombia\/?p=266004"},"modified":"2023-02-08T13:19:25","modified_gmt":"2023-02-08T18:19:25","slug":"asegurado-en-centro-carcelario-presunto-responsable-de-feminicidio-en-contra-su-pareja-sentimental","status":"publish","type":"post","link":"https:\/\/www.fiscalia.gov.co\/colombia\/noticias\/asegurado-en-centro-carcelario-presunto-responsable-de-feminicidio-en-contra-su-pareja-sentimental\/","title":{"rendered":"Asegurado en centro carcelario presunto responsable de feminicidio en contra su pareja sentimental"},"content":{"rendered":"<p>Un fiscal de la Unidad de Vida de Cartagena present\u00f3 ante un juzgado penal con funciones de control de garant\u00edas a Roberto Carlos Fern\u00e1ndez Villa, al\u00edas El Lolo o El Ni\u00f1o, supuesto responsable del feminicidio de su compa\u00f1era sentimental.<\/p>\n<figure id=\"attachment_266005\" aria-describedby=\"caption-attachment-266005\" style=\"width: 355px\" class=\"wp-caption aligncenter\"><img loading=\"lazy\" decoding=\"async\" class=\" wp-image-266005\" src=\"https:\/\/www.fiscalia.gov.co\/colombia\/wp-content\/uploads\/Foto-boletin-8-de-febrero-feminicidio--300x203.jpeg\" alt=\"En la imagen se observa a un hombre moreno con gafas, vestido con una camiseta azul custodiado por dos uniformados del CTI de la Fiscal\u00eda, delante de un pend\u00f3n de esa instituci\u00f3n.\" width=\"355\" height=\"240\" srcset=\"https:\/\/www.fiscalia.gov.co\/colombia\/wp-content\/uploads\/Foto-boletin-8-de-febrero-feminicidio--300x203.jpeg 300w, https:\/\/www.fiscalia.gov.co\/colombia\/wp-content\/uploads\/Foto-boletin-8-de-febrero-feminicidio--1024x694.jpeg 1024w, https:\/\/www.fiscalia.gov.co\/colombia\/wp-content\/uploads\/Foto-boletin-8-de-febrero-feminicidio--768x520.jpeg 768w, https:\/\/www.fiscalia.gov.co\/colombia\/wp-content\/uploads\/Foto-boletin-8-de-febrero-feminicidio--1536x1041.jpeg 1536w, https:\/\/www.fiscalia.gov.co\/colombia\/wp-content\/uploads\/Foto-boletin-8-de-febrero-feminicidio--696x472.jpeg 696w, https:\/\/www.fiscalia.gov.co\/colombia\/wp-content\/uploads\/Foto-boletin-8-de-febrero-feminicidio--1068x724.jpeg 1068w, https:\/\/www.fiscalia.gov.co\/colombia\/wp-content\/uploads\/Foto-boletin-8-de-febrero-feminicidio--620x420.jpeg 620w, https:\/\/www.fiscalia.gov.co\/colombia\/wp-content\/uploads\/Foto-boletin-8-de-febrero-feminicidio-.jpeg 1600w\" sizes=\"auto, (max-width: 355px) 100vw, 355px\" \/><figcaption id=\"caption-attachment-266005\" class=\"wp-caption-text\">El procesado no acept\u00f3 los cargos de feminicidio agravado imputado por la Fiscal\u00eda.<\/figcaption><\/figure>\n<p>La decisi\u00f3n judicial est\u00e1 relacionada con los hechos ocurridos el pasado 16 de enero, en el barrio Torices de Cartagena (Bol\u00edvar), donde el procesado, al parecer, con arma blanca le caus\u00f3 heridas a la mujer de 24 a\u00f1os, quien posteriormente falleci\u00f3 en un centro asistencial.<\/p>\n<p>Adelantadas las labores investigativas, se estableci\u00f3 que Fern\u00e1ndez Villa habr\u00eda sostenido una discusi\u00f3n con unos amigos y familiares de la v\u00edctima y como esta intercedi\u00f3 por ellos, fue presuntamente atacada por su pareja.<\/p>\n<p>Alias El Lolo, de 50 a\u00f1os, se entreg\u00f3 voluntariamente en las instalaciones de la Fiscal\u00eda el pasado 6 de febrero.<\/p>\n<p>Durante las audiencias concentradas, el hombre no acept\u00f3 su responsabilidad en el delito de feminicidio agravado, imputado por el ente acusador, y su reclusi\u00f3n se llevar\u00e1 a cabo en la c\u00e1rcel Ternera de La Heroica.<\/p>\n<p>Esta informaci\u00f3n se publica por razones de inter\u00e9s general.<\/p>\n<p><b>La Fiscal\u00eda habla con resultados.<\/b><\/p>\n<p>&nbsp;<\/p>\n<p>&nbsp;<\/p>\n<p>&nbsp;<\/p>\n<p>&nbsp;<\/p>\n<p>MEVA\/MG\/JB\/DSB<\/p>\n<p><b>\u00a0<\/b><\/p>\n<p>&nbsp;<\/p>\n<p><em><b><span lang=\"ES\">Le puede interesar:<\/span><\/b><\/em><\/p>\n<p><em><b><span lang=\"ES\">\u00a0<\/span><\/b><\/em><\/p>\n<p><a title=\"Seccional Atl\u00e1ntico resuelve feminicidio ocurrido en 2022 y obtiene medida de aseguramiento contra el presunto responsable\" href=\"https:\/\/www.fiscalia.gov.co\/colombia\/noticias\/seccional-atlantico-resuelve-feminicidio-ocurrido-en-2022-y-obtiene-medida-de-aseguramiento-contra-el-presunto-responsable\/\" target=\"_blank\" rel=\"noopener\" data-saferedirecturl=\"https:\/\/www.google.com\/url?q=https:\/\/www.fiscalia.gov.co\/colombia\/noticias\/seccional-atlantico-resuelve-feminicidio-ocurrido-en-2022-y-obtiene-medida-de-aseguramiento-contra-el-presunto-responsable\/&amp;source=gmail&amp;ust=1675962510558000&amp;usg=AOvVaw0nrInG1me1_KxYXkBvGNCw\">Seccional Atl\u00e1ntico resuelve feminicidio ocurrido en 2022 y obtiene medida de aseguramiento contra el presunto responsable<\/a><\/p>\n<p><b><u>\u00a0<\/u><\/b><\/p>\n<p><a title=\"Fiscal\u00eda esclareci\u00f3 primer feminicidio de 2023, al judicializar a un hombre,quien habr\u00eda\u00a0asesinado a su excompa\u00f1era sentimental\u00a0\" href=\"https:\/\/www.fiscalia.gov.co\/colombia\/noticias\/fiscalia-esclarecio-primer-feminicidio-de-2023-al-judicializar-a-un-hombrequien-habria-asesinado-a-su-excompanera-sentimental\/\" target=\"_blank\" rel=\"noopener\" data-saferedirecturl=\"https:\/\/www.google.com\/url?q=https:\/\/www.fiscalia.gov.co\/colombia\/noticias\/fiscalia-esclarecio-primer-feminicidio-de-2023-al-judicializar-a-un-hombrequien-habria-asesinado-a-su-excompanera-sentimental\/&amp;source=gmail&amp;ust=1675962510559000&amp;usg=AOvVaw07N4QNR8CNnv2NamOGE7-t\">Fiscal\u00eda esclareci\u00f3 primer feminicidio de 2023, al judicializar a un hombre,quien habr\u00eda\u00a0asesinado a su excompa\u00f1era sentimental\u00a0<\/a><\/p>\n<p><b><u>\u00a0<\/u><\/b><\/p>\n<p>&nbsp;<\/p>\n<p>&nbsp;<\/p>\n<p>&nbsp;<\/p>\n<p><em><span lang=\"ES\">La informaci\u00f3n contenida en este bolet\u00edn de prensa corresponde a la narraci\u00f3n de los hechos noticiosos objetivos, suministrados por los funcionarios encargados de adelantar las investigaciones penales al interior de la Fiscal\u00eda General de la Naci\u00f3n. Para el momento de la divulgaci\u00f3n de este comunicado, la situaci\u00f3n jur\u00eddica de la(s) persona(s) relacionada(s) se encuentra pendiente de resolver por la autoridad judicial competente, siempre bajo los preceptos de la presunci\u00f3n de inocencia, consagrados en el art\u00edculo 29 de la Constituci\u00f3n Pol\u00edtica y el art\u00edculo 7\u00ba de la Ley 906 de 2004.<\/span><\/em><\/p>\n\n<div class=\"twitter-share\"><a href=\"https:\/\/twitter.com\/intent\/tweet?via=fiscaliacol\" class=\"twitter-share-button\">Tweet<\/a><\/div>\n","protected":false},"excerpt":{"rendered":"<p>Un fiscal de la Unidad de Vida de Cartagena present\u00f3 ante un juzgado penal con funciones de control de garant\u00edas a Roberto Carlos Fern\u00e1ndez Villa, al\u00edas El Lolo o El Ni\u00f1o, supuesto responsable del feminicidio de su compa\u00f1era sentimental. La decisi\u00f3n judicial est\u00e1 relacionada con los hechos ocurridos el pasado 16 de enero, en el [&hellip;]<\/p>\n","protected":false},"author":178,"featured_media":0,"comment_status":"closed","ping_status":"open","sticky":false,"template":"","format":"standard","meta":{"_price":"","_stock":"","_tribe_ticket_header":"","_tribe_default_ticket_provider":"","_tribe_ticket_capacity":"0","_ticket_start_date":"","_ticket_end_date":"","_tribe_ticket_show_description":"","_tribe_ticket_show_not_going":false,"_tribe_ticket_use_global_stock":"","_tribe_ticket_global_stock_level":"","_global_stock_mode":"","_global_stock_cap":"","_tribe_rsvp_for_event":"","_tribe_ticket_going_count":"","_tribe_ticket_not_going_count":"","_tribe_tickets_list":"[]","_tribe_ticket_has_attendee_info_fields":false,"tdm_status":"","tdm_grid_status":"","footnotes":""},"categories":[1,325,303,24127],"tags":[23819,23998,7815,14729,24187,1047,1185,558],"class_list":{"0":"post-266004","1":"post","2":"type-post","3":"status-publish","4":"format-standard","6":"category-noticias","7":"category-seccional-cartagena","8":"category-seccionales","9":"category-violencia-sexual-e-intrafamiliar","10":"tag-cartagena","11":"tag-cartagena-bolivar","12":"tag-companera-sentimental","13":"tag-feminicidio-agravado","14":"tag-fiscalia-colombia","15":"tag-fiscalia-general-de-la-nacion","16":"tag-medida-de-aseguramiento","17":"tag-policia-nacional"},"yoast_head":"<!-- This site is optimized with the Yoast SEO plugin v24.3 - https:\/\/yoast.com\/wordpress\/plugins\/seo\/ -->\n<title>Fiscal\u00eda General de la Naci\u00f3n<\/title>\n<meta name=\"description\" content=\"P\u00e1gina oficial de la Fiscal\u00eda General de la Naci\u00f3n \u2013 Colombia. Garantizamos el acceso efectivo a la justicia, la verdad y la reparaci\u00f3n de las v\u00edctimas de los delitos.\" \/>\n<meta name=\"robots\" content=\"noindex, follow\" \/>\n<meta property=\"og:locale\" content=\"es_ES\" \/>\n<meta property=\"og:type\" content=\"article\" \/>\n<meta property=\"og:title\" content=\"Fiscal\u00eda General de la Naci\u00f3n\" \/>\n<meta property=\"og:description\" content=\"P\u00e1gina oficial de la Fiscal\u00eda General de la Naci\u00f3n \u2013 Colombia. Garantizamos el acceso efectivo a la justicia, la verdad y la reparaci\u00f3n de las v\u00edctimas de los delitos.\" \/>\n<meta property=\"og:url\" content=\"https:\/\/www.fiscalia.gov.co\/colombia\/noticias\/asegurado-en-centro-carcelario-presunto-responsable-de-feminicidio-en-contra-su-pareja-sentimental\/\" \/>\n<meta property=\"og:site_name\" content=\"Fiscal\u00eda General de la Naci\u00f3n\" \/>\n<meta property=\"article:publisher\" content=\"https:\/\/www.facebook.com\/FiscaliaCol\" \/>\n<meta property=\"article:published_time\" content=\"2023-02-08T18:19:25+00:00\" \/>\n<meta property=\"og:image\" content=\"https:\/\/www.fiscalia.gov.co\/colombia\/wp-content\/uploads\/Foto-boletin-8-de-febrero-feminicidio--300x203.jpeg\" \/>\n<meta name=\"author\" content=\"Winnie Geraldine Rodr\u00edguez Navarrete\" \/>\n<meta name=\"twitter:card\" content=\"summary_large_image\" \/>\n<meta name=\"twitter:creator\" content=\"@FiscaliaCol\" \/>\n<meta name=\"twitter:site\" content=\"@FiscaliaCol\" \/>\n<meta name=\"twitter:label1\" content=\"Escrito por\" \/>\n\t<meta name=\"twitter:data1\" content=\"Winnie Geraldine Rodr\u00edguez Navarrete\" \/>\n\t<meta name=\"twitter:label2\" content=\"Tiempo de lectura\" \/>\n\t<meta name=\"twitter:data2\" content=\"2 minutos\" \/>\n<script type=\"application\/ld+json\" class=\"yoast-schema-graph\">{\"@context\":\"https:\/\/schema.org\",\"@graph\":[{\"@type\":\"Article\",\"@id\":\"https:\/\/www.fiscalia.gov.co\/colombia\/noticias\/asegurado-en-centro-carcelario-presunto-responsable-de-feminicidio-en-contra-su-pareja-sentimental\/#article\",\"isPartOf\":{\"@id\":\"https:\/\/www.fiscalia.gov.co\/colombia\/noticias\/asegurado-en-centro-carcelario-presunto-responsable-de-feminicidio-en-contra-su-pareja-sentimental\/\"},\"author\":{\"name\":\"Winnie Geraldine Rodr\u00edguez Navarrete\",\"@id\":\"https:\/\/www.fiscalia.gov.co\/colombia\/#\/schema\/person\/176195b99ebab0a52aafa15197e1bf80\"},\"headline\":\"Asegurado en centro carcelario presunto responsable de feminicidio en contra su pareja sentimental\",\"datePublished\":\"2023-02-08T18:19:25+00:00\",\"dateModified\":\"2023-02-08T18:19:25+00:00\",\"mainEntityOfPage\":{\"@id\":\"https:\/\/www.fiscalia.gov.co\/colombia\/noticias\/asegurado-en-centro-carcelario-presunto-responsable-de-feminicidio-en-contra-su-pareja-sentimental\/\"},\"wordCount\":388,\"publisher\":{\"@id\":\"https:\/\/www.fiscalia.gov.co\/colombia\/#organization\"},\"image\":{\"@id\":\"https:\/\/www.fiscalia.gov.co\/colombia\/noticias\/asegurado-en-centro-carcelario-presunto-responsable-de-feminicidio-en-contra-su-pareja-sentimental\/#primaryimage\"},\"thumbnailUrl\":\"https:\/\/www.fiscalia.gov.co\/colombia\/wp-content\/uploads\/Foto-boletin-8-de-febrero-feminicidio--300x203.jpeg\",\"keywords\":[\"Cartagena\",\"Cartagena (Bol\u00edvar)\",\"Compa\u00f1era sentimental\",\"Feminicidio agravado\",\"Fiscal\u00eda Colombia\",\"Fiscal\u00eda General de la Naci\u00f3n\",\"Medida de aseguramiento\",\"Polic\u00eda Nacional\"],\"articleSection\":[\"Noticias\",\"Seccional Cartagena\",\"Seccionales\",\"Violencia sexual e intrafamiliar\"],\"inLanguage\":\"es-CO\"},{\"@type\":\"WebPage\",\"@id\":\"https:\/\/www.fiscalia.gov.co\/colombia\/noticias\/asegurado-en-centro-carcelario-presunto-responsable-de-feminicidio-en-contra-su-pareja-sentimental\/\",\"url\":\"https:\/\/www.fiscalia.gov.co\/colombia\/noticias\/asegurado-en-centro-carcelario-presunto-responsable-de-feminicidio-en-contra-su-pareja-sentimental\/\",\"name\":\"Fiscal\u00eda General de la Naci\u00f3n\",\"isPartOf\":{\"@id\":\"https:\/\/www.fiscalia.gov.co\/colombia\/#website\"},\"primaryImageOfPage\":{\"@id\":\"https:\/\/www.fiscalia.gov.co\/colombia\/noticias\/asegurado-en-centro-carcelario-presunto-responsable-de-feminicidio-en-contra-su-pareja-sentimental\/#primaryimage\"},\"image\":{\"@id\":\"https:\/\/www.fiscalia.gov.co\/colombia\/noticias\/asegurado-en-centro-carcelario-presunto-responsable-de-feminicidio-en-contra-su-pareja-sentimental\/#primaryimage\"},\"thumbnailUrl\":\"https:\/\/www.fiscalia.gov.co\/colombia\/wp-content\/uploads\/Foto-boletin-8-de-febrero-feminicidio--300x203.jpeg\",\"datePublished\":\"2023-02-08T18:19:25+00:00\",\"dateModified\":\"2023-02-08T18:19:25+00:00\",\"description\":\"P\u00e1gina oficial de la Fiscal\u00eda General de la Naci\u00f3n \u2013 Colombia. Garantizamos el acceso efectivo a la justicia, la verdad y la reparaci\u00f3n de las v\u00edctimas de los delitos.\",\"breadcrumb\":{\"@id\":\"https:\/\/www.fiscalia.gov.co\/colombia\/noticias\/asegurado-en-centro-carcelario-presunto-responsable-de-feminicidio-en-contra-su-pareja-sentimental\/#breadcrumb\"},\"inLanguage\":\"es-CO\",\"potentialAction\":[{\"@type\":\"ReadAction\",\"target\":[\"https:\/\/www.fiscalia.gov.co\/colombia\/noticias\/asegurado-en-centro-carcelario-presunto-responsable-de-feminicidio-en-contra-su-pareja-sentimental\/\"]}]},{\"@type\":\"ImageObject\",\"inLanguage\":\"es-CO\",\"@id\":\"https:\/\/www.fiscalia.gov.co\/colombia\/noticias\/asegurado-en-centro-carcelario-presunto-responsable-de-feminicidio-en-contra-su-pareja-sentimental\/#primaryimage\",\"url\":\"https:\/\/www.fiscalia.gov.co\/colombia\/wp-content\/uploads\/Foto-boletin-8-de-febrero-feminicidio--300x203.jpeg\",\"contentUrl\":\"https:\/\/www.fiscalia.gov.co\/colombia\/wp-content\/uploads\/Foto-boletin-8-de-febrero-feminicidio--300x203.jpeg\"},{\"@type\":\"BreadcrumbList\",\"@id\":\"https:\/\/www.fiscalia.gov.co\/colombia\/noticias\/asegurado-en-centro-carcelario-presunto-responsable-de-feminicidio-en-contra-su-pareja-sentimental\/#breadcrumb\",\"itemListElement\":[{\"@type\":\"ListItem\",\"position\":1,\"name\":\"Home\",\"item\":\"https:\/\/www.fiscalia.gov.co\/colombia\/\"},{\"@type\":\"ListItem\",\"position\":2,\"name\":\"Asegurado en centro carcelario presunto responsable de feminicidio en contra su pareja sentimental\"}]},{\"@type\":\"WebSite\",\"@id\":\"https:\/\/www.fiscalia.gov.co\/colombia\/#website\",\"url\":\"https:\/\/www.fiscalia.gov.co\/colombia\/\",\"name\":\"Fiscal\u00eda General de la Naci\u00f3n\",\"description\":\"P\u00e1gina oficial de la Fiscal\u00eda General de la Naci\u00f3n \u2013 Colombia. Garantizamos el acceso efectivo a la justicia, la verdad y la reparaci\u00f3n de las v\u00edctimas de los delitos.\",\"publisher\":{\"@id\":\"https:\/\/www.fiscalia.gov.co\/colombia\/#organization\"},\"potentialAction\":[{\"@type\":\"SearchAction\",\"target\":{\"@type\":\"EntryPoint\",\"urlTemplate\":\"https:\/\/www.fiscalia.gov.co\/colombia\/?s={search_term_string}\"},\"query-input\":{\"@type\":\"PropertyValueSpecification\",\"valueRequired\":true,\"valueName\":\"search_term_string\"}}],\"inLanguage\":\"es-CO\"},{\"@type\":\"Organization\",\"@id\":\"https:\/\/www.fiscalia.gov.co\/colombia\/#organization\",\"name\":\"Fiscal\u00eda General de la Naci\u00f3n\",\"url\":\"https:\/\/www.fiscalia.gov.co\/colombia\/\",\"logo\":{\"@type\":\"ImageObject\",\"inLanguage\":\"es-CO\",\"@id\":\"https:\/\/www.fiscalia.gov.co\/colombia\/#\/schema\/logo\/image\/\",\"url\":\"https:\/\/www.fiscalia.gov.co\/colombia\/wp-content\/uploads\/LogoHorizontal_1.jpg\",\"contentUrl\":\"https:\/\/www.fiscalia.gov.co\/colombia\/wp-content\/uploads\/LogoHorizontal_1.jpg\",\"width\":300,\"height\":90,\"caption\":\"Fiscal\u00eda General de la Naci\u00f3n\"},\"image\":{\"@id\":\"https:\/\/www.fiscalia.gov.co\/colombia\/#\/schema\/logo\/image\/\"},\"sameAs\":[\"https:\/\/www.facebook.com\/FiscaliaCol\",\"https:\/\/x.com\/FiscaliaCol\",\"https:\/\/www.instagram.com\/fiscaliacol\",\"https:\/\/www.linkedin.com\/company\/fiscalia-general-de-la-naci-n\/\",\"https:\/\/youtube.com\/@fiscaliageneraldelanacion-4668?si=6nN79nyQICPU5iTh\"]},{\"@type\":\"Person\",\"@id\":\"https:\/\/www.fiscalia.gov.co\/colombia\/#\/schema\/person\/176195b99ebab0a52aafa15197e1bf80\",\"name\":\"Winnie Geraldine Rodr\u00edguez Navarrete\",\"image\":{\"@type\":\"ImageObject\",\"inLanguage\":\"es-CO\",\"@id\":\"https:\/\/www.fiscalia.gov.co\/colombia\/#\/schema\/person\/image\/\",\"url\":\"https:\/\/secure.gravatar.com\/avatar\/c24cf8481dc84fa5e8c7b20bc95ab0c6?s=96&d=mm&r=g\",\"contentUrl\":\"https:\/\/secure.gravatar.com\/avatar\/c24cf8481dc84fa5e8c7b20bc95ab0c6?s=96&d=mm&r=g\",\"caption\":\"Winnie Geraldine Rodr\u00edguez Navarrete\"},\"url\":\"https:\/\/www.fiscalia.gov.co\/colombia\/author\/winnierodriguez\/\"}]}<\/script>\n<!-- \/ Yoast SEO plugin. -->","yoast_head_json":{"title":"Fiscal\u00eda General de la Naci\u00f3n","description":"P\u00e1gina oficial de la Fiscal\u00eda General de la Naci\u00f3n \u2013 Colombia. Garantizamos el acceso efectivo a la justicia, la verdad y la reparaci\u00f3n de las v\u00edctimas de los delitos.","robots":{"index":"noindex","follow":"follow"},"og_locale":"es_ES","og_type":"article","og_title":"Fiscal\u00eda General de la Naci\u00f3n","og_description":"P\u00e1gina oficial de la Fiscal\u00eda General de la Naci\u00f3n \u2013 Colombia. Garantizamos el acceso efectivo a la justicia, la verdad y la reparaci\u00f3n de las v\u00edctimas de los delitos.","og_url":"https:\/\/www.fiscalia.gov.co\/colombia\/noticias\/asegurado-en-centro-carcelario-presunto-responsable-de-feminicidio-en-contra-su-pareja-sentimental\/","og_site_name":"Fiscal\u00eda General de la Naci\u00f3n","article_publisher":"https:\/\/www.facebook.com\/FiscaliaCol","article_published_time":"2023-02-08T18:19:25+00:00","og_image":[{"url":"https:\/\/www.fiscalia.gov.co\/colombia\/wp-content\/uploads\/Foto-boletin-8-de-febrero-feminicidio--300x203.jpeg","type":"","width":"","height":""}],"author":"Winnie Geraldine Rodr\u00edguez Navarrete","twitter_card":"summary_large_image","twitter_creator":"@FiscaliaCol","twitter_site":"@FiscaliaCol","twitter_misc":{"Escrito por":"Winnie Geraldine Rodr\u00edguez Navarrete","Tiempo de lectura":"2 minutos"},"schema":{"@context":"https:\/\/schema.org","@graph":[{"@type":"Article","@id":"https:\/\/www.fiscalia.gov.co\/colombia\/noticias\/asegurado-en-centro-carcelario-presunto-responsable-de-feminicidio-en-contra-su-pareja-sentimental\/#article","isPartOf":{"@id":"https:\/\/www.fiscalia.gov.co\/colombia\/noticias\/asegurado-en-centro-carcelario-presunto-responsable-de-feminicidio-en-contra-su-pareja-sentimental\/"},"author":{"name":"Winnie Geraldine Rodr\u00edguez Navarrete","@id":"https:\/\/www.fiscalia.gov.co\/colombia\/#\/schema\/person\/176195b99ebab0a52aafa15197e1bf80"},"headline":"Asegurado en centro carcelario presunto responsable de feminicidio en contra su pareja sentimental","datePublished":"2023-02-08T18:19:25+00:00","dateModified":"2023-02-08T18:19:25+00:00","mainEntityOfPage":{"@id":"https:\/\/www.fiscalia.gov.co\/colombia\/noticias\/asegurado-en-centro-carcelario-presunto-responsable-de-feminicidio-en-contra-su-pareja-sentimental\/"},"wordCount":388,"publisher":{"@id":"https:\/\/www.fiscalia.gov.co\/colombia\/#organization"},"image":{"@id":"https:\/\/www.fiscalia.gov.co\/colombia\/noticias\/asegurado-en-centro-carcelario-presunto-responsable-de-feminicidio-en-contra-su-pareja-sentimental\/#primaryimage"},"thumbnailUrl":"https:\/\/www.fiscalia.gov.co\/colombia\/wp-content\/uploads\/Foto-boletin-8-de-febrero-feminicidio--300x203.jpeg","keywords":["Cartagena","Cartagena (Bol\u00edvar)","Compa\u00f1era sentimental","Feminicidio agravado","Fiscal\u00eda Colombia","Fiscal\u00eda General de la Naci\u00f3n","Medida de aseguramiento","Polic\u00eda Nacional"],"articleSection":["Noticias","Seccional Cartagena","Seccionales","Violencia sexual e intrafamiliar"],"inLanguage":"es-CO"},{"@type":"WebPage","@id":"https:\/\/www.fiscalia.gov.co\/colombia\/noticias\/asegurado-en-centro-carcelario-presunto-responsable-de-feminicidio-en-contra-su-pareja-sentimental\/","url":"https:\/\/www.fiscalia.gov.co\/colombia\/noticias\/asegurado-en-centro-carcelario-presunto-responsable-de-feminicidio-en-contra-su-pareja-sentimental\/","name":"Fiscal\u00eda General de la Naci\u00f3n","isPartOf":{"@id":"https:\/\/www.fiscalia.gov.co\/colombia\/#website"},"primaryImageOfPage":{"@id":"https:\/\/www.fiscalia.gov.co\/colombia\/noticias\/asegurado-en-centro-carcelario-presunto-responsable-de-feminicidio-en-contra-su-pareja-sentimental\/#primaryimage"},"image":{"@id":"https:\/\/www.fiscalia.gov.co\/colombia\/noticias\/asegurado-en-centro-carcelario-presunto-responsable-de-feminicidio-en-contra-su-pareja-sentimental\/#primaryimage"},"thumbnailUrl":"https:\/\/www.fiscalia.gov.co\/colombia\/wp-content\/uploads\/Foto-boletin-8-de-febrero-feminicidio--300x203.jpeg","datePublished":"2023-02-08T18:19:25+00:00","dateModified":"2023-02-08T18:19:25+00:00","description":"P\u00e1gina oficial de la Fiscal\u00eda General de la Naci\u00f3n \u2013 Colombia. Garantizamos el acceso efectivo a la justicia, la verdad y la reparaci\u00f3n de las v\u00edctimas de los delitos.","breadcrumb":{"@id":"https:\/\/www.fiscalia.gov.co\/colombia\/noticias\/asegurado-en-centro-carcelario-presunto-responsable-de-feminicidio-en-contra-su-pareja-sentimental\/#breadcrumb"},"inLanguage":"es-CO","potentialAction":[{"@type":"ReadAction","target":["https:\/\/www.fiscalia.gov.co\/colombia\/noticias\/asegurado-en-centro-carcelario-presunto-responsable-de-feminicidio-en-contra-su-pareja-sentimental\/"]}]},{"@type":"ImageObject","inLanguage":"es-CO","@id":"https:\/\/www.fiscalia.gov.co\/colombia\/noticias\/asegurado-en-centro-carcelario-presunto-responsable-de-feminicidio-en-contra-su-pareja-sentimental\/#primaryimage","url":"https:\/\/www.fiscalia.gov.co\/colombia\/wp-content\/uploads\/Foto-boletin-8-de-febrero-feminicidio--300x203.jpeg","contentUrl":"https:\/\/www.fiscalia.gov.co\/colombia\/wp-content\/uploads\/Foto-boletin-8-de-febrero-feminicidio--300x203.jpeg"},{"@type":"BreadcrumbList","@id":"https:\/\/www.fiscalia.gov.co\/colombia\/noticias\/asegurado-en-centro-carcelario-presunto-responsable-de-feminicidio-en-contra-su-pareja-sentimental\/#breadcrumb","itemListElement":[{"@type":"ListItem","position":1,"name":"Home","item":"https:\/\/www.fiscalia.gov.co\/colombia\/"},{"@type":"ListItem","position":2,"name":"Asegurado en centro carcelario presunto responsable de feminicidio en contra su pareja sentimental"}]},{"@type":"WebSite","@id":"https:\/\/www.fiscalia.gov.co\/colombia\/#website","url":"https:\/\/www.fiscalia.gov.co\/colombia\/","name":"Fiscal\u00eda General de la Naci\u00f3n","description":"P\u00e1gina oficial de la Fiscal\u00eda General de la Naci\u00f3n \u2013 Colombia. Garantizamos el acceso efectivo a la justicia, la verdad y la reparaci\u00f3n de las v\u00edctimas de los delitos.","publisher":{"@id":"https:\/\/www.fiscalia.gov.co\/colombia\/#organization"},"potentialAction":[{"@type":"SearchAction","target":{"@type":"EntryPoint","urlTemplate":"https:\/\/www.fiscalia.gov.co\/colombia\/?s={search_term_string}"},"query-input":{"@type":"PropertyValueSpecification","valueRequired":true,"valueName":"search_term_string"}}],"inLanguage":"es-CO"},{"@type":"Organization","@id":"https:\/\/www.fiscalia.gov.co\/colombia\/#organization","name":"Fiscal\u00eda General de la Naci\u00f3n","url":"https:\/\/www.fiscalia.gov.co\/colombia\/","logo":{"@type":"ImageObject","inLanguage":"es-CO","@id":"https:\/\/www.fiscalia.gov.co\/colombia\/#\/schema\/logo\/image\/","url":"https:\/\/www.fiscalia.gov.co\/colombia\/wp-content\/uploads\/LogoHorizontal_1.jpg","contentUrl":"https:\/\/www.fiscalia.gov.co\/colombia\/wp-content\/uploads\/LogoHorizontal_1.jpg","width":300,"height":90,"caption":"Fiscal\u00eda General de la Naci\u00f3n"},"image":{"@id":"https:\/\/www.fiscalia.gov.co\/colombia\/#\/schema\/logo\/image\/"},"sameAs":["https:\/\/www.facebook.com\/FiscaliaCol","https:\/\/x.com\/FiscaliaCol","https:\/\/www.instagram.com\/fiscaliacol","https:\/\/www.linkedin.com\/company\/fiscalia-general-de-la-naci-n\/","https:\/\/youtube.com\/@fiscaliageneraldelanacion-4668?si=6nN79nyQICPU5iTh"]},{"@type":"Person","@id":"https:\/\/www.fiscalia.gov.co\/colombia\/#\/schema\/person\/176195b99ebab0a52aafa15197e1bf80","name":"Winnie Geraldine Rodr\u00edguez Navarrete","image":{"@type":"ImageObject","inLanguage":"es-CO","@id":"https:\/\/www.fiscalia.gov.co\/colombia\/#\/schema\/person\/image\/","url":"https:\/\/secure.gravatar.com\/avatar\/c24cf8481dc84fa5e8c7b20bc95ab0c6?s=96&d=mm&r=g","contentUrl":"https:\/\/secure.gravatar.com\/avatar\/c24cf8481dc84fa5e8c7b20bc95ab0c6?s=96&d=mm&r=g","caption":"Winnie Geraldine Rodr\u00edguez Navarrete"},"url":"https:\/\/www.fiscalia.gov.co\/colombia\/author\/winnierodriguez\/"}]}},"_links":{"self":[{"href":"https:\/\/www.fiscalia.gov.co\/colombia\/wp-json\/wp\/v2\/posts\/266004","targetHints":{"allow":["GET"]}}],"collection":[{"href":"https:\/\/www.fiscalia.gov.co\/colombia\/wp-json\/wp\/v2\/posts"}],"about":[{"href":"https:\/\/www.fiscalia.gov.co\/colombia\/wp-json\/wp\/v2\/types\/post"}],"author":[{"embeddable":true,"href":"https:\/\/www.fiscalia.gov.co\/colombia\/wp-json\/wp\/v2\/users\/178"}],"replies":[{"embeddable":true,"href":"https:\/\/www.fiscalia.gov.co\/colombia\/wp-json\/wp\/v2\/comments?post=266004"}],"version-history":[{"count":1,"href":"https:\/\/www.fiscalia.gov.co\/colombia\/wp-json\/wp\/v2\/posts\/266004\/revisions"}],"predecessor-version":[{"id":266006,"href":"https:\/\/www.fiscalia.gov.co\/colombia\/wp-json\/wp\/v2\/posts\/266004\/revisions\/266006"}],"wp:attachment":[{"href":"https:\/\/www.fiscalia.gov.co\/colombia\/wp-json\/wp\/v2\/media?parent=266004"}],"wp:term":[{"taxonomy":"category","embeddable":true,"href":"https:\/\/www.fiscalia.gov.co\/colombia\/wp-json\/wp\/v2\/categories?post=266004"},{"taxonomy":"post_tag","embeddable":true,"href":"https:\/\/www.fiscalia.gov.co\/colombia\/wp-json\/wp\/v2\/tags?post=266004"}],"curies":[{"name":"wp","href":"https:\/\/api.w.org\/{rel}","templated":true}]}}