{"id":265994,"date":"2023-02-08T12:20:25","date_gmt":"2023-02-08T17:20:25","guid":{"rendered":"https:\/\/www.fiscalia.gov.co\/colombia\/?p=265994"},"modified":"2023-02-08T12:23:07","modified_gmt":"2023-02-08T17:23:07","slug":"dos-hombres-que-habrian-abusado-sexualmente-ninas-menores-de-14-anos-fueron-enviados-a-la-carcel","status":"publish","type":"post","link":"https:\/\/www.fiscalia.gov.co\/colombia\/noticias\/dos-hombres-que-habrian-abusado-sexualmente-ninas-menores-de-14-anos-fueron-enviados-a-la-carcel\/","title":{"rendered":"Dos hombres que habr\u00edan abusado sexualmente de ni\u00f1as menores de 14 a\u00f1os, fueron enviados a la c\u00e1rcel"},"content":{"rendered":"<p style=\"font-weight: 400;\">En dos casos aislados, en In\u00edrida (Guain\u00eda), y en Mit\u00fa (Vaup\u00e9s), la Fiscal\u00eda logr\u00f3 medidas carcelarias contra dos hombres, quienes, al parecer, cometieron delitos de connotaci\u00f3n sexual, contra dos menores de 14 a\u00f1os.<\/p>\n<p style=\"font-weight: 400;\">El primero de ellos se conoci\u00f3 gracias a la denuncia de un t\u00edo de la v\u00edctima, donde un fiscal de la Seccional Guain\u00eda \u2013 Vaup\u00e9s, inici\u00f3 las investigaciones que permitieron establecer que el padrastro de una menor de edad, al parecer, la abus\u00f3 sexualmente entre 2010 y 2018.<\/p>\n<figure id=\"attachment_265995\" aria-describedby=\"caption-attachment-265995\" style=\"width: 342px\" class=\"wp-caption aligncenter\"><img loading=\"lazy\" decoding=\"async\" class=\" wp-image-265995\" src=\"https:\/\/www.fiscalia.gov.co\/colombia\/wp-content\/uploads\/WhatsApp-Image-2023-02-08-at-11.55.33-AM-300x194.jpeg\" alt=\"El hombre est\u00e1 de espalda a la c\u00e1mara, est\u00e1 esposado a su espalda y est\u00e1 custodiado por uniformados de la Polic\u00eda, el Ej\u00e9rcito y la Armada Nacional.\" width=\"342\" height=\"221\" srcset=\"https:\/\/www.fiscalia.gov.co\/colombia\/wp-content\/uploads\/WhatsApp-Image-2023-02-08-at-11.55.33-AM-300x194.jpeg 300w, https:\/\/www.fiscalia.gov.co\/colombia\/wp-content\/uploads\/WhatsApp-Image-2023-02-08-at-11.55.33-AM-1024x664.jpeg 1024w, https:\/\/www.fiscalia.gov.co\/colombia\/wp-content\/uploads\/WhatsApp-Image-2023-02-08-at-11.55.33-AM-768x498.jpeg 768w, https:\/\/www.fiscalia.gov.co\/colombia\/wp-content\/uploads\/WhatsApp-Image-2023-02-08-at-11.55.33-AM-1536x996.jpeg 1536w, https:\/\/www.fiscalia.gov.co\/colombia\/wp-content\/uploads\/WhatsApp-Image-2023-02-08-at-11.55.33-AM-696x451.jpeg 696w, https:\/\/www.fiscalia.gov.co\/colombia\/wp-content\/uploads\/WhatsApp-Image-2023-02-08-at-11.55.33-AM-1068x692.jpeg 1068w, https:\/\/www.fiscalia.gov.co\/colombia\/wp-content\/uploads\/WhatsApp-Image-2023-02-08-at-11.55.33-AM-648x420.jpeg 648w, https:\/\/www.fiscalia.gov.co\/colombia\/wp-content\/uploads\/WhatsApp-Image-2023-02-08-at-11.55.33-AM.jpeg 1600w\" sizes=\"auto, (max-width: 342px) 100vw, 342px\" \/><figcaption id=\"caption-attachment-265995\" class=\"wp-caption-text\">El hombre de 65 a\u00f1os fue imputado por la Fiscal\u00eda como presunto responsable del delito de acceso carnal abusivo con menor de 14 a\u00f1os y ser\u00eda el responsable del embarazo de su hijastra que dio a luz una ni\u00f1a en 2015.<\/figcaption><\/figure>\n<p style=\"font-weight: 400;\">Producto de dichos abusos, la v\u00edctima dio a luz a una beb\u00e9 en 2015, cuando la joven logr\u00f3 huir de su vivienda, corrobor\u00f3 las denuncias hechas por su t\u00edo ante la Fiscal\u00eda.<\/p>\n<p style=\"font-weight: 400;\">El pasado 4 de febrero la polic\u00eda hizo efectiva la orden de captura en contra del hombre de 65 a\u00f1os y la Fiscal\u00eda lo imput\u00f3 por el delito de acceso carnal abusivo con menor de 14 a\u00f1os agravado. El capturado, que no acept\u00f3 los cargos endilgados, por orden del juez deber\u00e1 ser recluido en un centro carcelario.<\/p>\n<p style=\"font-weight: 400;\">En el segundo caso, los hechos habr\u00edan ocurrido entre agosto y septiembre del 2022, en zona rural del municipio de Carur\u00fa (Vaup\u00e9s), donde el presunto agresor, quien es el t\u00edo pol\u00edtico de la v\u00edctima, le practic\u00f3 tocamientos de tipo sexual y la habr\u00eda accedido carnalmente, la menor le coment\u00f3 a su progenitora y fue cuando se conoci\u00f3 la denunica.<\/p>\n<figure id=\"attachment_265996\" aria-describedby=\"caption-attachment-265996\" style=\"width: 378px\" class=\"wp-caption aligncenter\"><img loading=\"lazy\" decoding=\"async\" class=\" wp-image-265996\" src=\"https:\/\/www.fiscalia.gov.co\/colombia\/wp-content\/uploads\/WhatsApp-Image-2023-02-08-at-11.56.42-AM-300x195.jpeg\" alt=\"El capturado mest\u00e1 de espalda y custodiado por unidades del ej\u00e9rcito y la polic\u00eda..\" width=\"378\" height=\"246\" srcset=\"https:\/\/www.fiscalia.gov.co\/colombia\/wp-content\/uploads\/WhatsApp-Image-2023-02-08-at-11.56.42-AM-300x195.jpeg 300w, https:\/\/www.fiscalia.gov.co\/colombia\/wp-content\/uploads\/WhatsApp-Image-2023-02-08-at-11.56.42-AM-1024x664.jpeg 1024w, https:\/\/www.fiscalia.gov.co\/colombia\/wp-content\/uploads\/WhatsApp-Image-2023-02-08-at-11.56.42-AM-768x498.jpeg 768w, https:\/\/www.fiscalia.gov.co\/colombia\/wp-content\/uploads\/WhatsApp-Image-2023-02-08-at-11.56.42-AM-1536x996.jpeg 1536w, https:\/\/www.fiscalia.gov.co\/colombia\/wp-content\/uploads\/WhatsApp-Image-2023-02-08-at-11.56.42-AM-696x452.jpeg 696w, https:\/\/www.fiscalia.gov.co\/colombia\/wp-content\/uploads\/WhatsApp-Image-2023-02-08-at-11.56.42-AM-1068x693.jpeg 1068w, https:\/\/www.fiscalia.gov.co\/colombia\/wp-content\/uploads\/WhatsApp-Image-2023-02-08-at-11.56.42-AM-647x420.jpeg 647w, https:\/\/www.fiscalia.gov.co\/colombia\/wp-content\/uploads\/WhatsApp-Image-2023-02-08-at-11.56.42-AM.jpeg 1600w\" sizes=\"auto, (max-width: 378px) 100vw, 378px\" \/><figcaption id=\"caption-attachment-265996\" class=\"wp-caption-text\">El presunto agresor de la menor de 7 a\u00f1os, es su t\u00edo politico, quien presuntamente, ser\u00eda el responsible de cometer estos actos punibles, y debe\u00b4ra enfrentar el proceso judicial en pripi\u00f3n a solititud del ente acusador.<\/figcaption><\/figure>\n<p style=\"font-weight: 400;\">El presunto responsable fue imputado por la Fiscal\u00eda por los delitos de Acceso carnal abusivo con menor de catorce a\u00f1os en concurso con Actos sexuales agravado. El capturado no acept\u00f3 los cargos, no obstante, fue enviado a la c\u00e1rcel por solicitud del ente acusador.<\/p>\n<p style=\"font-weight: 400;\">Esta informaci\u00f3n se publica por razones de inter\u00e9s general.<\/p>\n<p style=\"font-weight: 400;\"><strong>La Fiscal\u00eda habla con resultados.<\/strong><\/p>\n<p>&nbsp;<\/p>\n<p>&nbsp;<\/p>\n<p>&nbsp;<\/p>\n<p style=\"font-weight: 400;\">LAZL\/FAGH\/LFRR\/DSGV\/<\/p>\n<p>&nbsp;<\/p>\n<p>&nbsp;<\/p>\n<p>&nbsp;<\/p>\n<p style=\"font-weight: 400;\">Le puede interesar:<\/p>\n<p style=\"font-weight: 400;\"><a href=\"https:\/\/www.fiscalia.gov.co\/colombia\/noticias\/a-la-carcel-hombre-por-presunto-acceso-carnal-violento-en-contra-de-su-prima-de-13-anos\/\" data-saferedirecturl=\"https:\/\/www.google.com\/url?q=https:\/\/www.fiscalia.gov.co\/colombia\/noticias\/a-la-carcel-hombre-por-presunto-acceso-carnal-violento-en-contra-de-su-prima-de-13-anos\/&amp;source=gmail&amp;ust=1675961933451000&amp;usg=AOvVaw3iECyXHlWMt-SPQCrnCe-U\">https:\/\/www.fiscalia.gov.co\/colombia\/noticias\/a-la-carcel-hombre-por-presunto-acceso-carnal-violento-en-contra-de-su-prima-de-13-anos\/<\/a><\/p>\n<p style=\"font-weight: 400;\"><a href=\"https:\/\/www.fiscalia.gov.co\/colombia\/noticias\/fiscalia-logro-sentencia-condenatoria-en-caso-de-feminicidio-agravado-y-acceso-carnal-violento-registrado-en-magdalena\/\" data-saferedirecturl=\"https:\/\/www.google.com\/url?q=https:\/\/www.fiscalia.gov.co\/colombia\/noticias\/fiscalia-logro-sentencia-condenatoria-en-caso-de-feminicidio-agravado-y-acceso-carnal-violento-registrado-en-magdalena\/&amp;source=gmail&amp;ust=1675961933451000&amp;usg=AOvVaw2F6YEJRYUBr4OBA6xjpSrE\">https:\/\/www.fiscalia.gov.co\/colombia\/noticias\/fiscalia-logro-sentencia-condenatoria-en-caso-de-feminicidio-agravado-y-acceso-carnal-violento-registrado-en-magdalena\/<\/a><\/p>\n<p style=\"font-weight: 400;\"><u>\u00a0<\/u><\/p>\n<p style=\"font-weight: 400;\"><a href=\"https:\/\/www.fiscalia.gov.co\/colombia\/noticias\/a-la-carcel-presuntos-responsables-en-el-delito-de-acceso-carnal-violento-en-cartagena\/\" data-saferedirecturl=\"https:\/\/www.google.com\/url?q=https:\/\/www.fiscalia.gov.co\/colombia\/noticias\/a-la-carcel-presuntos-responsables-en-el-delito-de-acceso-carnal-violento-en-cartagena\/&amp;source=gmail&amp;ust=1675961933451000&amp;usg=AOvVaw1vXQfODXDcb0NZ8qpEgjYx\">https:\/\/www.fiscalia.gov.co\/colombia\/noticias\/a-la-carcel-presuntos-responsables-en-el-delito-de-acceso-carnal-violento-en-cartagena\/<\/a><\/p>\n<p>&nbsp;<\/p>\n<p>&nbsp;<\/p>\n<p style=\"font-weight: 400;\"><em>La informaci\u00f3n contenida en este bolet\u00edn de prensa corresponde a la narraci\u00f3n de los hechos noticiosos objetivos, suministrados por los funcionarios encargados de adelantar las investigaciones penales al interior de la Fiscal\u00eda General de la Naci\u00f3n. Para el momento de la divulgaci\u00f3n de este comunicado, la situaci\u00f3n jur\u00eddica de la(s) persona(s) relacionada(s) se encuentra pendiente de resolver por la autoridad judicial competente, siempre bajo los preceptos de la presunci\u00f3n de inocencia, consagrados en el art\u00edculo 29 de la Constituci\u00f3n Pol\u00edtica y el art\u00edculo 7\u00ba de la Ley 906 de 2004.<\/em><\/p>\n\n<div class=\"twitter-share\"><a href=\"https:\/\/twitter.com\/intent\/tweet?via=fiscaliacol\" class=\"twitter-share-button\">Tweet<\/a><\/div>\n","protected":false},"excerpt":{"rendered":"<p>En dos casos aislados, en In\u00edrida (Guain\u00eda), y en Mit\u00fa (Vaup\u00e9s), la Fiscal\u00eda logr\u00f3 medidas carcelarias contra dos hombres, quienes, al parecer, cometieron delitos de connotaci\u00f3n sexual, contra dos menores [&hellip;]<\/p>\n","protected":false},"author":178,"featured_media":0,"comment_status":"closed","ping_status":"open","sticky":false,"template":"","format":"standard","meta":{"tdm_status":"","tdm_grid_status":"","footnotes":""},"categories":[1,24154,303,24127],"tags":[924,11533,1047,31740,1185],"class_list":["post-265994","post","type-post","status-publish","format-standard","category-noticias","category-seccional-inirida","category-seccionales","category-violencia-sexual-e-intrafamiliar","tag-captura","tag-fabricacion-o-porte-de-estupefacientes","tag-fiscalia-general-de-la-nacion","tag-inirida-guainia","tag-medida-de-aseguramiento"],"yoast_head":"<!-- This site is optimized with the Yoast SEO plugin v24.3 - https:\/\/yoast.com\/wordpress\/plugins\/seo\/ -->\n<title>Fiscal\u00eda General de la Naci\u00f3n<\/title>\n<meta name=\"description\" content=\"P\u00e1gina oficial de la Fiscal\u00eda General de la Naci\u00f3n \u2013 Colombia. Garantizamos el acceso efectivo a la justicia, la verdad y la reparaci\u00f3n de las v\u00edctimas de los delitos.\" \/>\n<meta name=\"robots\" content=\"noindex, follow\" \/>\n<meta property=\"og:locale\" content=\"es_ES\" \/>\n<meta property=\"og:type\" content=\"article\" \/>\n<meta property=\"og:title\" content=\"Fiscal\u00eda General de la Naci\u00f3n\" \/>\n<meta property=\"og:description\" content=\"P\u00e1gina oficial de la Fiscal\u00eda General de la Naci\u00f3n \u2013 Colombia. Garantizamos el acceso efectivo a la justicia, la verdad y la reparaci\u00f3n de las v\u00edctimas de los delitos.\" \/>\n<meta property=\"og:url\" content=\"https:\/\/www.fiscalia.gov.co\/colombia\/noticias\/dos-hombres-que-habrian-abusado-sexualmente-ninas-menores-de-14-anos-fueron-enviados-a-la-carcel\/\" \/>\n<meta property=\"og:site_name\" content=\"Fiscal\u00eda General de la Naci\u00f3n\" \/>\n<meta property=\"article:publisher\" content=\"https:\/\/www.facebook.com\/FiscaliaCol\" \/>\n<meta property=\"article:published_time\" content=\"2023-02-08T17:20:25+00:00\" \/>\n<meta property=\"article:modified_time\" content=\"2023-02-08T17:23:07+00:00\" \/>\n<meta property=\"og:image\" content=\"https:\/\/www.fiscalia.gov.co\/colombia\/wp-content\/uploads\/WhatsApp-Image-2023-02-08-at-11.55.33-AM-300x194.jpeg\" \/>\n<meta name=\"author\" content=\"Winnie Geraldine Rodr\u00edguez Navarrete\" \/>\n<meta name=\"twitter:card\" content=\"summary_large_image\" \/>\n<meta name=\"twitter:creator\" content=\"@FiscaliaCol\" \/>\n<meta name=\"twitter:site\" content=\"@FiscaliaCol\" \/>\n<meta name=\"twitter:label1\" content=\"Escrito por\" \/>\n\t<meta name=\"twitter:data1\" content=\"Winnie Geraldine Rodr\u00edguez Navarrete\" \/>\n\t<meta name=\"twitter:label2\" content=\"Tiempo de lectura\" \/>\n\t<meta name=\"twitter:data2\" content=\"3 minutos\" \/>\n<script type=\"application\/ld+json\" class=\"yoast-schema-graph\">{\"@context\":\"https:\/\/schema.org\",\"@graph\":[{\"@type\":\"Article\",\"@id\":\"https:\/\/www.fiscalia.gov.co\/colombia\/noticias\/dos-hombres-que-habrian-abusado-sexualmente-ninas-menores-de-14-anos-fueron-enviados-a-la-carcel\/#article\",\"isPartOf\":{\"@id\":\"https:\/\/www.fiscalia.gov.co\/colombia\/noticias\/dos-hombres-que-habrian-abusado-sexualmente-ninas-menores-de-14-anos-fueron-enviados-a-la-carcel\/\"},\"author\":{\"name\":\"Winnie Geraldine Rodr\u00edguez Navarrete\",\"@id\":\"https:\/\/www.fiscalia.gov.co\/colombia\/#\/schema\/person\/176195b99ebab0a52aafa15197e1bf80\"},\"headline\":\"Dos hombres que habr\u00edan abusado sexualmente de ni\u00f1as menores de 14 a\u00f1os, fueron enviados a la c\u00e1rcel\",\"datePublished\":\"2023-02-08T17:20:25+00:00\",\"dateModified\":\"2023-02-08T17:23:07+00:00\",\"mainEntityOfPage\":{\"@id\":\"https:\/\/www.fiscalia.gov.co\/colombia\/noticias\/dos-hombres-que-habrian-abusado-sexualmente-ninas-menores-de-14-anos-fueron-enviados-a-la-carcel\/\"},\"wordCount\":566,\"publisher\":{\"@id\":\"https:\/\/www.fiscalia.gov.co\/colombia\/#organization\"},\"image\":{\"@id\":\"https:\/\/www.fiscalia.gov.co\/colombia\/noticias\/dos-hombres-que-habrian-abusado-sexualmente-ninas-menores-de-14-anos-fueron-enviados-a-la-carcel\/#primaryimage\"},\"thumbnailUrl\":\"https:\/\/www.fiscalia.gov.co\/colombia\/wp-content\/uploads\/WhatsApp-Image-2023-02-08-at-11.55.33-AM-300x194.jpeg\",\"keywords\":[\"Captura\",\"fabricaci\u00f3n o porte de estupefacientes\",\"Fiscal\u00eda General de la Naci\u00f3n\",\"In\u00edrida (Guain\u00eda)\",\"Medida de aseguramiento\"],\"articleSection\":[\"Noticias\",\"Seccional In\u00edrida\",\"Seccionales\",\"Violencia sexual e intrafamiliar\"],\"inLanguage\":\"es-CO\"},{\"@type\":\"WebPage\",\"@id\":\"https:\/\/www.fiscalia.gov.co\/colombia\/noticias\/dos-hombres-que-habrian-abusado-sexualmente-ninas-menores-de-14-anos-fueron-enviados-a-la-carcel\/\",\"url\":\"https:\/\/www.fiscalia.gov.co\/colombia\/noticias\/dos-hombres-que-habrian-abusado-sexualmente-ninas-menores-de-14-anos-fueron-enviados-a-la-carcel\/\",\"name\":\"Fiscal\u00eda General de la Naci\u00f3n\",\"isPartOf\":{\"@id\":\"https:\/\/www.fiscalia.gov.co\/colombia\/#website\"},\"primaryImageOfPage\":{\"@id\":\"https:\/\/www.fiscalia.gov.co\/colombia\/noticias\/dos-hombres-que-habrian-abusado-sexualmente-ninas-menores-de-14-anos-fueron-enviados-a-la-carcel\/#primaryimage\"},\"image\":{\"@id\":\"https:\/\/www.fiscalia.gov.co\/colombia\/noticias\/dos-hombres-que-habrian-abusado-sexualmente-ninas-menores-de-14-anos-fueron-enviados-a-la-carcel\/#primaryimage\"},\"thumbnailUrl\":\"https:\/\/www.fiscalia.gov.co\/colombia\/wp-content\/uploads\/WhatsApp-Image-2023-02-08-at-11.55.33-AM-300x194.jpeg\",\"datePublished\":\"2023-02-08T17:20:25+00:00\",\"dateModified\":\"2023-02-08T17:23:07+00:00\",\"description\":\"P\u00e1gina oficial de la Fiscal\u00eda General de la Naci\u00f3n \u2013 Colombia. Garantizamos el acceso efectivo a la justicia, la verdad y la reparaci\u00f3n de las v\u00edctimas de los delitos.\",\"breadcrumb\":{\"@id\":\"https:\/\/www.fiscalia.gov.co\/colombia\/noticias\/dos-hombres-que-habrian-abusado-sexualmente-ninas-menores-de-14-anos-fueron-enviados-a-la-carcel\/#breadcrumb\"},\"inLanguage\":\"es-CO\",\"potentialAction\":[{\"@type\":\"ReadAction\",\"target\":[\"https:\/\/www.fiscalia.gov.co\/colombia\/noticias\/dos-hombres-que-habrian-abusado-sexualmente-ninas-menores-de-14-anos-fueron-enviados-a-la-carcel\/\"]}]},{\"@type\":\"ImageObject\",\"inLanguage\":\"es-CO\",\"@id\":\"https:\/\/www.fiscalia.gov.co\/colombia\/noticias\/dos-hombres-que-habrian-abusado-sexualmente-ninas-menores-de-14-anos-fueron-enviados-a-la-carcel\/#primaryimage\",\"url\":\"https:\/\/www.fiscalia.gov.co\/colombia\/wp-content\/uploads\/WhatsApp-Image-2023-02-08-at-11.55.33-AM-300x194.jpeg\",\"contentUrl\":\"https:\/\/www.fiscalia.gov.co\/colombia\/wp-content\/uploads\/WhatsApp-Image-2023-02-08-at-11.55.33-AM-300x194.jpeg\"},{\"@type\":\"BreadcrumbList\",\"@id\":\"https:\/\/www.fiscalia.gov.co\/colombia\/noticias\/dos-hombres-que-habrian-abusado-sexualmente-ninas-menores-de-14-anos-fueron-enviados-a-la-carcel\/#breadcrumb\",\"itemListElement\":[{\"@type\":\"ListItem\",\"position\":1,\"name\":\"Home\",\"item\":\"https:\/\/www.fiscalia.gov.co\/colombia\/\"},{\"@type\":\"ListItem\",\"position\":2,\"name\":\"Dos hombres que habr\u00edan abusado sexualmente de ni\u00f1as menores de 14 a\u00f1os, fueron enviados a la c\u00e1rcel\"}]},{\"@type\":\"WebSite\",\"@id\":\"https:\/\/www.fiscalia.gov.co\/colombia\/#website\",\"url\":\"https:\/\/www.fiscalia.gov.co\/colombia\/\",\"name\":\"Fiscal\u00eda General de la Naci\u00f3n\",\"description\":\"P\u00e1gina oficial de la Fiscal\u00eda General de la Naci\u00f3n \u2013 Colombia. Garantizamos el acceso efectivo a la justicia, la verdad y la reparaci\u00f3n de las v\u00edctimas de los delitos.\",\"publisher\":{\"@id\":\"https:\/\/www.fiscalia.gov.co\/colombia\/#organization\"},\"potentialAction\":[{\"@type\":\"SearchAction\",\"target\":{\"@type\":\"EntryPoint\",\"urlTemplate\":\"https:\/\/www.fiscalia.gov.co\/colombia\/?s={search_term_string}\"},\"query-input\":{\"@type\":\"PropertyValueSpecification\",\"valueRequired\":true,\"valueName\":\"search_term_string\"}}],\"inLanguage\":\"es-CO\"},{\"@type\":\"Organization\",\"@id\":\"https:\/\/www.fiscalia.gov.co\/colombia\/#organization\",\"name\":\"Fiscal\u00eda General de la Naci\u00f3n\",\"url\":\"https:\/\/www.fiscalia.gov.co\/colombia\/\",\"logo\":{\"@type\":\"ImageObject\",\"inLanguage\":\"es-CO\",\"@id\":\"https:\/\/www.fiscalia.gov.co\/colombia\/#\/schema\/logo\/image\/\",\"url\":\"https:\/\/www.fiscalia.gov.co\/colombia\/wp-content\/uploads\/LogoHorizontal_1.jpg\",\"contentUrl\":\"https:\/\/www.fiscalia.gov.co\/colombia\/wp-content\/uploads\/LogoHorizontal_1.jpg\",\"width\":300,\"height\":90,\"caption\":\"Fiscal\u00eda General de la Naci\u00f3n\"},\"image\":{\"@id\":\"https:\/\/www.fiscalia.gov.co\/colombia\/#\/schema\/logo\/image\/\"},\"sameAs\":[\"https:\/\/www.facebook.com\/FiscaliaCol\",\"https:\/\/x.com\/FiscaliaCol\",\"https:\/\/www.instagram.com\/fiscaliacol\",\"https:\/\/www.linkedin.com\/company\/fiscalia-general-de-la-naci-n\/\",\"https:\/\/youtube.com\/@fiscaliageneraldelanacion-4668?si=6nN79nyQICPU5iTh\"]},{\"@type\":\"Person\",\"@id\":\"https:\/\/www.fiscalia.gov.co\/colombia\/#\/schema\/person\/176195b99ebab0a52aafa15197e1bf80\",\"name\":\"Winnie Geraldine Rodr\u00edguez Navarrete\",\"image\":{\"@type\":\"ImageObject\",\"inLanguage\":\"es-CO\",\"@id\":\"https:\/\/www.fiscalia.gov.co\/colombia\/#\/schema\/person\/image\/\",\"url\":\"https:\/\/secure.gravatar.com\/avatar\/c24cf8481dc84fa5e8c7b20bc95ab0c6?s=96&d=mm&r=g\",\"contentUrl\":\"https:\/\/secure.gravatar.com\/avatar\/c24cf8481dc84fa5e8c7b20bc95ab0c6?s=96&d=mm&r=g\",\"caption\":\"Winnie Geraldine Rodr\u00edguez Navarrete\"},\"url\":\"https:\/\/www.fiscalia.gov.co\/colombia\/author\/winnierodriguez\/\"}]}<\/script>\n<!-- \/ Yoast SEO plugin. -->","yoast_head_json":{"title":"Fiscal\u00eda General de la Naci\u00f3n","description":"P\u00e1gina oficial de la Fiscal\u00eda General de la Naci\u00f3n \u2013 Colombia. Garantizamos el acceso efectivo a la justicia, la verdad y la reparaci\u00f3n de las v\u00edctimas de los delitos.","robots":{"index":"noindex","follow":"follow"},"og_locale":"es_ES","og_type":"article","og_title":"Fiscal\u00eda General de la Naci\u00f3n","og_description":"P\u00e1gina oficial de la Fiscal\u00eda General de la Naci\u00f3n \u2013 Colombia. Garantizamos el acceso efectivo a la justicia, la verdad y la reparaci\u00f3n de las v\u00edctimas de los delitos.","og_url":"https:\/\/www.fiscalia.gov.co\/colombia\/noticias\/dos-hombres-que-habrian-abusado-sexualmente-ninas-menores-de-14-anos-fueron-enviados-a-la-carcel\/","og_site_name":"Fiscal\u00eda General de la Naci\u00f3n","article_publisher":"https:\/\/www.facebook.com\/FiscaliaCol","article_published_time":"2023-02-08T17:20:25+00:00","article_modified_time":"2023-02-08T17:23:07+00:00","og_image":[{"url":"https:\/\/www.fiscalia.gov.co\/colombia\/wp-content\/uploads\/WhatsApp-Image-2023-02-08-at-11.55.33-AM-300x194.jpeg","type":"","width":"","height":""}],"author":"Winnie Geraldine Rodr\u00edguez Navarrete","twitter_card":"summary_large_image","twitter_creator":"@FiscaliaCol","twitter_site":"@FiscaliaCol","twitter_misc":{"Escrito por":"Winnie Geraldine Rodr\u00edguez Navarrete","Tiempo de lectura":"3 minutos"},"schema":{"@context":"https:\/\/schema.org","@graph":[{"@type":"Article","@id":"https:\/\/www.fiscalia.gov.co\/colombia\/noticias\/dos-hombres-que-habrian-abusado-sexualmente-ninas-menores-de-14-anos-fueron-enviados-a-la-carcel\/#article","isPartOf":{"@id":"https:\/\/www.fiscalia.gov.co\/colombia\/noticias\/dos-hombres-que-habrian-abusado-sexualmente-ninas-menores-de-14-anos-fueron-enviados-a-la-carcel\/"},"author":{"name":"Winnie Geraldine Rodr\u00edguez Navarrete","@id":"https:\/\/www.fiscalia.gov.co\/colombia\/#\/schema\/person\/176195b99ebab0a52aafa15197e1bf80"},"headline":"Dos hombres que habr\u00edan abusado sexualmente de ni\u00f1as menores de 14 a\u00f1os, fueron enviados a la c\u00e1rcel","datePublished":"2023-02-08T17:20:25+00:00","dateModified":"2023-02-08T17:23:07+00:00","mainEntityOfPage":{"@id":"https:\/\/www.fiscalia.gov.co\/colombia\/noticias\/dos-hombres-que-habrian-abusado-sexualmente-ninas-menores-de-14-anos-fueron-enviados-a-la-carcel\/"},"wordCount":566,"publisher":{"@id":"https:\/\/www.fiscalia.gov.co\/colombia\/#organization"},"image":{"@id":"https:\/\/www.fiscalia.gov.co\/colombia\/noticias\/dos-hombres-que-habrian-abusado-sexualmente-ninas-menores-de-14-anos-fueron-enviados-a-la-carcel\/#primaryimage"},"thumbnailUrl":"https:\/\/www.fiscalia.gov.co\/colombia\/wp-content\/uploads\/WhatsApp-Image-2023-02-08-at-11.55.33-AM-300x194.jpeg","keywords":["Captura","fabricaci\u00f3n o porte de estupefacientes","Fiscal\u00eda General de la Naci\u00f3n","In\u00edrida (Guain\u00eda)","Medida de aseguramiento"],"articleSection":["Noticias","Seccional In\u00edrida","Seccionales","Violencia sexual e intrafamiliar"],"inLanguage":"es-CO"},{"@type":"WebPage","@id":"https:\/\/www.fiscalia.gov.co\/colombia\/noticias\/dos-hombres-que-habrian-abusado-sexualmente-ninas-menores-de-14-anos-fueron-enviados-a-la-carcel\/","url":"https:\/\/www.fiscalia.gov.co\/colombia\/noticias\/dos-hombres-que-habrian-abusado-sexualmente-ninas-menores-de-14-anos-fueron-enviados-a-la-carcel\/","name":"Fiscal\u00eda General de la Naci\u00f3n","isPartOf":{"@id":"https:\/\/www.fiscalia.gov.co\/colombia\/#website"},"primaryImageOfPage":{"@id":"https:\/\/www.fiscalia.gov.co\/colombia\/noticias\/dos-hombres-que-habrian-abusado-sexualmente-ninas-menores-de-14-anos-fueron-enviados-a-la-carcel\/#primaryimage"},"image":{"@id":"https:\/\/www.fiscalia.gov.co\/colombia\/noticias\/dos-hombres-que-habrian-abusado-sexualmente-ninas-menores-de-14-anos-fueron-enviados-a-la-carcel\/#primaryimage"},"thumbnailUrl":"https:\/\/www.fiscalia.gov.co\/colombia\/wp-content\/uploads\/WhatsApp-Image-2023-02-08-at-11.55.33-AM-300x194.jpeg","datePublished":"2023-02-08T17:20:25+00:00","dateModified":"2023-02-08T17:23:07+00:00","description":"P\u00e1gina oficial de la Fiscal\u00eda General de la Naci\u00f3n \u2013 Colombia. Garantizamos el acceso efectivo a la justicia, la verdad y la reparaci\u00f3n de las v\u00edctimas de los delitos.","breadcrumb":{"@id":"https:\/\/www.fiscalia.gov.co\/colombia\/noticias\/dos-hombres-que-habrian-abusado-sexualmente-ninas-menores-de-14-anos-fueron-enviados-a-la-carcel\/#breadcrumb"},"inLanguage":"es-CO","potentialAction":[{"@type":"ReadAction","target":["https:\/\/www.fiscalia.gov.co\/colombia\/noticias\/dos-hombres-que-habrian-abusado-sexualmente-ninas-menores-de-14-anos-fueron-enviados-a-la-carcel\/"]}]},{"@type":"ImageObject","inLanguage":"es-CO","@id":"https:\/\/www.fiscalia.gov.co\/colombia\/noticias\/dos-hombres-que-habrian-abusado-sexualmente-ninas-menores-de-14-anos-fueron-enviados-a-la-carcel\/#primaryimage","url":"https:\/\/www.fiscalia.gov.co\/colombia\/wp-content\/uploads\/WhatsApp-Image-2023-02-08-at-11.55.33-AM-300x194.jpeg","contentUrl":"https:\/\/www.fiscalia.gov.co\/colombia\/wp-content\/uploads\/WhatsApp-Image-2023-02-08-at-11.55.33-AM-300x194.jpeg"},{"@type":"BreadcrumbList","@id":"https:\/\/www.fiscalia.gov.co\/colombia\/noticias\/dos-hombres-que-habrian-abusado-sexualmente-ninas-menores-de-14-anos-fueron-enviados-a-la-carcel\/#breadcrumb","itemListElement":[{"@type":"ListItem","position":1,"name":"Home","item":"https:\/\/www.fiscalia.gov.co\/colombia\/"},{"@type":"ListItem","position":2,"name":"Dos hombres que habr\u00edan abusado sexualmente de ni\u00f1as menores de 14 a\u00f1os, fueron enviados a la c\u00e1rcel"}]},{"@type":"WebSite","@id":"https:\/\/www.fiscalia.gov.co\/colombia\/#website","url":"https:\/\/www.fiscalia.gov.co\/colombia\/","name":"Fiscal\u00eda General de la Naci\u00f3n","description":"P\u00e1gina oficial de la Fiscal\u00eda General de la Naci\u00f3n \u2013 Colombia. Garantizamos el acceso efectivo a la justicia, la verdad y la reparaci\u00f3n de las v\u00edctimas de los delitos.","publisher":{"@id":"https:\/\/www.fiscalia.gov.co\/colombia\/#organization"},"potentialAction":[{"@type":"SearchAction","target":{"@type":"EntryPoint","urlTemplate":"https:\/\/www.fiscalia.gov.co\/colombia\/?s={search_term_string}"},"query-input":{"@type":"PropertyValueSpecification","valueRequired":true,"valueName":"search_term_string"}}],"inLanguage":"es-CO"},{"@type":"Organization","@id":"https:\/\/www.fiscalia.gov.co\/colombia\/#organization","name":"Fiscal\u00eda General de la Naci\u00f3n","url":"https:\/\/www.fiscalia.gov.co\/colombia\/","logo":{"@type":"ImageObject","inLanguage":"es-CO","@id":"https:\/\/www.fiscalia.gov.co\/colombia\/#\/schema\/logo\/image\/","url":"https:\/\/www.fiscalia.gov.co\/colombia\/wp-content\/uploads\/LogoHorizontal_1.jpg","contentUrl":"https:\/\/www.fiscalia.gov.co\/colombia\/wp-content\/uploads\/LogoHorizontal_1.jpg","width":300,"height":90,"caption":"Fiscal\u00eda General de la Naci\u00f3n"},"image":{"@id":"https:\/\/www.fiscalia.gov.co\/colombia\/#\/schema\/logo\/image\/"},"sameAs":["https:\/\/www.facebook.com\/FiscaliaCol","https:\/\/x.com\/FiscaliaCol","https:\/\/www.instagram.com\/fiscaliacol","https:\/\/www.linkedin.com\/company\/fiscalia-general-de-la-naci-n\/","https:\/\/youtube.com\/@fiscaliageneraldelanacion-4668?si=6nN79nyQICPU5iTh"]},{"@type":"Person","@id":"https:\/\/www.fiscalia.gov.co\/colombia\/#\/schema\/person\/176195b99ebab0a52aafa15197e1bf80","name":"Winnie Geraldine Rodr\u00edguez Navarrete","image":{"@type":"ImageObject","inLanguage":"es-CO","@id":"https:\/\/www.fiscalia.gov.co\/colombia\/#\/schema\/person\/image\/","url":"https:\/\/secure.gravatar.com\/avatar\/c24cf8481dc84fa5e8c7b20bc95ab0c6?s=96&d=mm&r=g","contentUrl":"https:\/\/secure.gravatar.com\/avatar\/c24cf8481dc84fa5e8c7b20bc95ab0c6?s=96&d=mm&r=g","caption":"Winnie Geraldine Rodr\u00edguez Navarrete"},"url":"https:\/\/www.fiscalia.gov.co\/colombia\/author\/winnierodriguez\/"}]}},"_links":{"self":[{"href":"https:\/\/www.fiscalia.gov.co\/colombia\/wp-json\/wp\/v2\/posts\/265994","targetHints":{"allow":["GET"]}}],"collection":[{"href":"https:\/\/www.fiscalia.gov.co\/colombia\/wp-json\/wp\/v2\/posts"}],"about":[{"href":"https:\/\/www.fiscalia.gov.co\/colombia\/wp-json\/wp\/v2\/types\/post"}],"author":[{"embeddable":true,"href":"https:\/\/www.fiscalia.gov.co\/colombia\/wp-json\/wp\/v2\/users\/178"}],"replies":[{"embeddable":true,"href":"https:\/\/www.fiscalia.gov.co\/colombia\/wp-json\/wp\/v2\/comments?post=265994"}],"version-history":[{"count":2,"href":"https:\/\/www.fiscalia.gov.co\/colombia\/wp-json\/wp\/v2\/posts\/265994\/revisions"}],"predecessor-version":[{"id":265998,"href":"https:\/\/www.fiscalia.gov.co\/colombia\/wp-json\/wp\/v2\/posts\/265994\/revisions\/265998"}],"wp:attachment":[{"href":"https:\/\/www.fiscalia.gov.co\/colombia\/wp-json\/wp\/v2\/media?parent=265994"}],"wp:term":[{"taxonomy":"category","embeddable":true,"href":"https:\/\/www.fiscalia.gov.co\/colombia\/wp-json\/wp\/v2\/categories?post=265994"},{"taxonomy":"post_tag","embeddable":true,"href":"https:\/\/www.fiscalia.gov.co\/colombia\/wp-json\/wp\/v2\/tags?post=265994"}],"curies":[{"name":"wp","href":"https:\/\/api.w.org\/{rel}","templated":true}]}}