{"id":265898,"date":"2023-02-07T14:16:51","date_gmt":"2023-02-07T19:16:51","guid":{"rendered":"https:\/\/www.fiscalia.gov.co\/colombia\/?p=265898"},"modified":"2023-02-07T14:16:51","modified_gmt":"2023-02-07T19:16:51","slug":"envian-a-prision-a-un-hombre-presuntamente-implicado-en-el-homicidio-de-una-persona-de-50-anos","status":"publish","type":"post","link":"https:\/\/www.fiscalia.gov.co\/colombia\/noticias\/envian-a-prision-a-un-hombre-presuntamente-implicado-en-el-homicidio-de-una-persona-de-50-anos\/","title":{"rendered":"Env\u00edan a prisi\u00f3n a un hombre presuntamente implicado en el homicidio de una persona de 50 a\u00f1os"},"content":{"rendered":"<p>Al acoger la solicitud de la Fiscal\u00eda General de la Naci\u00f3n, un juez de control de garant\u00edas de Tulu\u00e1 (Valle del Cauca) envi\u00f3 a prisi\u00f3n a Wilder Alexis Sinisterra Rivas, alias Makuto, presuntamente, implicado en el homicidio de un hombre de 50 a\u00f1os.<u><\/u>\u00a0<u><\/u><\/p>\n<figure id=\"attachment_265899\" aria-describedby=\"caption-attachment-265899\" style=\"width: 300px\" class=\"wp-caption alignleft\"><img loading=\"lazy\" decoding=\"async\" class=\"size-medium wp-image-265899\" src=\"https:\/\/www.fiscalia.gov.co\/colombia\/wp-content\/uploads\/WhatsApp-Image-2023-02-07-at-1.35.21-PM-300x285.jpeg\" alt=\"En la foto aparece de pie Wilder Alexis Sinisterra Rivas, alias \u2018Makuto\u2019. Viste camiseta de manga corta azul con estampado circular blanco a la altura del pecho; jean azul y zapatos oscuros. Al lado derecho de \u00e9l hay un servidor del CTI de la Fiscal\u00eda y a su izquierda un uniformado de la Polic\u00eda Nacional.\" width=\"300\" height=\"285\" srcset=\"https:\/\/www.fiscalia.gov.co\/colombia\/wp-content\/uploads\/WhatsApp-Image-2023-02-07-at-1.35.21-PM-300x285.jpeg 300w, https:\/\/www.fiscalia.gov.co\/colombia\/wp-content\/uploads\/WhatsApp-Image-2023-02-07-at-1.35.21-PM-1024x973.jpeg 1024w, https:\/\/www.fiscalia.gov.co\/colombia\/wp-content\/uploads\/WhatsApp-Image-2023-02-07-at-1.35.21-PM-768x730.jpeg 768w, https:\/\/www.fiscalia.gov.co\/colombia\/wp-content\/uploads\/WhatsApp-Image-2023-02-07-at-1.35.21-PM-696x661.jpeg 696w, https:\/\/www.fiscalia.gov.co\/colombia\/wp-content\/uploads\/WhatsApp-Image-2023-02-07-at-1.35.21-PM-442x420.jpeg 442w, https:\/\/www.fiscalia.gov.co\/colombia\/wp-content\/uploads\/WhatsApp-Image-2023-02-07-at-1.35.21-PM.jpeg 1066w\" sizes=\"auto, (max-width: 300px) 100vw, 300px\" \/><figcaption id=\"caption-attachment-265899\" class=\"wp-caption-text\">Wilder Alexis Sinisterra Rivas, alias \u2018Makuto\u2019, presunto implicado en el homicidio de un hombre de 50 a\u00f1os de edad, en Tulu\u00e1 (Valle).<\/figcaption><\/figure>\n<p>Los hechos investigados ocurrieron el 29 de agosto de 2022 en el sector Centro de Tulu\u00e1 (Valle del Cauca) donde la v\u00edctima fue atacada con arma cortopunzante. La Fiscal\u00eda estableci\u00f3 la plena identidad del presunto agresor, por lo que solicit\u00f3 su captura.<u><\/u>\u00a0<u><\/u><\/p>\n<p>Estos procedimientos estuvieron a cargo de servidores del Cuerpo T\u00e9cnico de Investigaci\u00f3n (CTI) y la Sijin de la Polic\u00eda Nacional. La Fiscal\u00eda imput\u00f3 al procesado el delito de\u00a0<a href=\"https:\/\/www.fiscalia.gov.co\/colombia\/noticias\/fiscalia-judicializo-a-7-presuntos-responsables-del-homicidio-de-un-hombre-que-iba-a-ser-enterrado-en-fosa-cavada-en-una-finca-de-cerrito-valle\/\" target=\"_blank\" rel=\"noopener\" data-saferedirecturl=\"https:\/\/www.google.com\/url?q=https:\/\/www.fiscalia.gov.co\/colombia\/noticias\/fiscalia-judicializo-a-7-presuntos-responsables-del-homicidio-de-un-hombre-que-iba-a-ser-enterrado-en-fosa-cavada-en-una-finca-de-cerrito-valle\/&amp;source=gmail&amp;ust=1675875116177000&amp;usg=AOvVaw2bf7ksBMaGU1Igba7aXZGk\">homicidio<\/a>, cargo que no fue aceptado por el investigado, quien deber\u00e1 cumplir la medida de aseguramiento en centro carcelario.<u><\/u>\u00a0<u><\/u><\/p>\n<p>Esta informaci\u00f3n se publica por razones de inter\u00e9s general.\u00a0<u><\/u>\u00a0<u><\/u><\/p>\n<p><b>La Fiscal\u00eda habla con resultados.<\/b><u><\/u><\/p>\n<p><u><\/u>\u00a0<u><\/u><\/p>\n<p>&nbsp;<\/p>\n<p>&nbsp;<\/p>\n<p>MAP\/MAGA\/SMLR\/DSVC\/<u><\/u>\u00a0<u><\/u><\/p>\n<p><u><\/u>\u00a0<u><\/u><\/p>\n<p>&nbsp;<\/p>\n<p>&nbsp;<\/p>\n<p>&nbsp;<\/p>\n<p><em>La informaci\u00f3n contenida en este bolet\u00edn de prensa corresponde a la narraci\u00f3n de los hechos noticiosos objetivos, y las investigaciones penales al interior de la Fiscal\u00eda General de la Naci\u00f3n. Para el momento de la divulgaci\u00f3n de este comunicado, la situaci\u00f3n jur\u00eddica de la(s) persona(s) relacionada(s) se encuentra pendiente de resolver por la autoridad judicial competente, siempre bajo los preceptos de la presunci\u00f3n de inocencia, consagrados en el art\u00edculo 29 de la Constituci\u00f3n Pol\u00edtica y el art\u00edculo 7\u00ba de la Ley 906 de 2004.<\/em><\/p>\n\n<div class=\"twitter-share\"><a href=\"https:\/\/twitter.com\/intent\/tweet?via=fiscaliacol\" class=\"twitter-share-button\">Tweet<\/a><\/div>\n","protected":false},"excerpt":{"rendered":"<p>Al acoger la solicitud de la Fiscal\u00eda General de la Naci\u00f3n, un juez de control de garant\u00edas de Tulu\u00e1 (Valle del Cauca) envi\u00f3 a prisi\u00f3n a Wilder Alexis Sinisterra Rivas, alias Makuto, presuntamente, implicado en el homicidio de un hombre de 50 a\u00f1os.\u00a0 Los hechos investigados ocurrieron el 29 de agosto de 2022 en el [&hellip;]<\/p>\n","protected":false},"author":178,"featured_media":0,"comment_status":"closed","ping_status":"open","sticky":false,"template":"","format":"standard","meta":{"_price":"","_stock":"","_tribe_ticket_header":"","_tribe_default_ticket_provider":"","_tribe_ticket_capacity":"0","_ticket_start_date":"","_ticket_end_date":"","_tribe_ticket_show_description":"","_tribe_ticket_show_not_going":false,"_tribe_ticket_use_global_stock":"","_tribe_ticket_global_stock_level":"","_global_stock_mode":"","_global_stock_cap":"","_tribe_rsvp_for_event":"","_tribe_ticket_going_count":"","_tribe_ticket_not_going_count":"","_tribe_tickets_list":"[]","_tribe_ticket_has_attendee_info_fields":false,"tdm_status":"","tdm_grid_status":"","footnotes":""},"categories":[1,324,303,24099],"tags":[33885,24257,12424,24551,78,24187,409,1185,24549,29437,24046],"class_list":{"0":"post-265898","1":"post","2":"type-post","3":"status-publish","4":"format-standard","6":"category-noticias","7":"category-seccional-cali","8":"category-seccionales","9":"category-seguridad-territorial","10":"tag-alias-makuto","11":"tag-arma-cortopunzante","12":"tag-capturado","13":"tag-centro-carcelario","14":"tag-fiscal-general-de-la-nacion","15":"tag-fiscalia-colombia","16":"tag-homicidio","17":"tag-medida-de-aseguramiento","18":"tag-orden-judicial","19":"tag-seccional-valle-del-cauca","20":"tag-tulua-valle-del-cauca"},"yoast_head":"<!-- This site is optimized with the Yoast SEO plugin v24.3 - https:\/\/yoast.com\/wordpress\/plugins\/seo\/ -->\n<title>Fiscal\u00eda General de la Naci\u00f3n<\/title>\n<meta name=\"description\" content=\"P\u00e1gina oficial de la Fiscal\u00eda General de la Naci\u00f3n \u2013 Colombia. Garantizamos el acceso efectivo a la justicia, la verdad y la reparaci\u00f3n de las v\u00edctimas de los delitos.\" \/>\n<meta name=\"robots\" content=\"noindex, follow\" \/>\n<meta property=\"og:locale\" content=\"es_ES\" \/>\n<meta property=\"og:type\" content=\"article\" \/>\n<meta property=\"og:title\" content=\"Fiscal\u00eda General de la Naci\u00f3n\" \/>\n<meta property=\"og:description\" content=\"P\u00e1gina oficial de la Fiscal\u00eda General de la Naci\u00f3n \u2013 Colombia. Garantizamos el acceso efectivo a la justicia, la verdad y la reparaci\u00f3n de las v\u00edctimas de los delitos.\" \/>\n<meta property=\"og:url\" content=\"https:\/\/www.fiscalia.gov.co\/colombia\/noticias\/envian-a-prision-a-un-hombre-presuntamente-implicado-en-el-homicidio-de-una-persona-de-50-anos\/\" \/>\n<meta property=\"og:site_name\" content=\"Fiscal\u00eda General de la Naci\u00f3n\" \/>\n<meta property=\"article:publisher\" content=\"https:\/\/www.facebook.com\/FiscaliaCol\" \/>\n<meta property=\"article:published_time\" content=\"2023-02-07T19:16:51+00:00\" \/>\n<meta property=\"og:image\" content=\"https:\/\/www.fiscalia.gov.co\/colombia\/wp-content\/uploads\/WhatsApp-Image-2023-02-07-at-1.35.21-PM-300x285.jpeg\" \/>\n<meta name=\"author\" content=\"Winnie Geraldine Rodr\u00edguez Navarrete\" \/>\n<meta name=\"twitter:card\" content=\"summary_large_image\" \/>\n<meta name=\"twitter:creator\" content=\"@FiscaliaCol\" \/>\n<meta name=\"twitter:site\" content=\"@FiscaliaCol\" \/>\n<meta name=\"twitter:label1\" content=\"Escrito por\" \/>\n\t<meta name=\"twitter:data1\" content=\"Winnie Geraldine Rodr\u00edguez Navarrete\" \/>\n\t<meta name=\"twitter:label2\" content=\"Tiempo de lectura\" \/>\n\t<meta name=\"twitter:data2\" content=\"1 minuto\" \/>\n<script type=\"application\/ld+json\" class=\"yoast-schema-graph\">{\"@context\":\"https:\/\/schema.org\",\"@graph\":[{\"@type\":\"Article\",\"@id\":\"https:\/\/www.fiscalia.gov.co\/colombia\/noticias\/envian-a-prision-a-un-hombre-presuntamente-implicado-en-el-homicidio-de-una-persona-de-50-anos\/#article\",\"isPartOf\":{\"@id\":\"https:\/\/www.fiscalia.gov.co\/colombia\/noticias\/envian-a-prision-a-un-hombre-presuntamente-implicado-en-el-homicidio-de-una-persona-de-50-anos\/\"},\"author\":{\"name\":\"Winnie Geraldine Rodr\u00edguez Navarrete\",\"@id\":\"https:\/\/www.fiscalia.gov.co\/colombia\/#\/schema\/person\/176195b99ebab0a52aafa15197e1bf80\"},\"headline\":\"Env\u00edan a prisi\u00f3n a un hombre presuntamente implicado en el homicidio de una persona de 50 a\u00f1os\",\"datePublished\":\"2023-02-07T19:16:51+00:00\",\"dateModified\":\"2023-02-07T19:16:51+00:00\",\"mainEntityOfPage\":{\"@id\":\"https:\/\/www.fiscalia.gov.co\/colombia\/noticias\/envian-a-prision-a-un-hombre-presuntamente-implicado-en-el-homicidio-de-una-persona-de-50-anos\/\"},\"wordCount\":310,\"publisher\":{\"@id\":\"https:\/\/www.fiscalia.gov.co\/colombia\/#organization\"},\"image\":{\"@id\":\"https:\/\/www.fiscalia.gov.co\/colombia\/noticias\/envian-a-prision-a-un-hombre-presuntamente-implicado-en-el-homicidio-de-una-persona-de-50-anos\/#primaryimage\"},\"thumbnailUrl\":\"https:\/\/www.fiscalia.gov.co\/colombia\/wp-content\/uploads\/WhatsApp-Image-2023-02-07-at-1.35.21-PM-300x285.jpeg\",\"keywords\":[\"alias \u2018Makuto\u2019\",\"arma cortopunzante\",\"Capturado\",\"centro carcelario\",\"Fiscal General de la Naci\u00f3n\",\"Fiscal\u00eda Colombia\",\"Homicidio\",\"Medida de aseguramiento\",\"orden judicial\",\"Seccional Valle del Cauca\",\"Tulu\u00e1 (Valle del Cauca)\"],\"articleSection\":[\"Noticias\",\"Seccional Cali\",\"Seccionales\",\"Seguridad territorial\"],\"inLanguage\":\"es-CO\"},{\"@type\":\"WebPage\",\"@id\":\"https:\/\/www.fiscalia.gov.co\/colombia\/noticias\/envian-a-prision-a-un-hombre-presuntamente-implicado-en-el-homicidio-de-una-persona-de-50-anos\/\",\"url\":\"https:\/\/www.fiscalia.gov.co\/colombia\/noticias\/envian-a-prision-a-un-hombre-presuntamente-implicado-en-el-homicidio-de-una-persona-de-50-anos\/\",\"name\":\"Fiscal\u00eda General de la Naci\u00f3n\",\"isPartOf\":{\"@id\":\"https:\/\/www.fiscalia.gov.co\/colombia\/#website\"},\"primaryImageOfPage\":{\"@id\":\"https:\/\/www.fiscalia.gov.co\/colombia\/noticias\/envian-a-prision-a-un-hombre-presuntamente-implicado-en-el-homicidio-de-una-persona-de-50-anos\/#primaryimage\"},\"image\":{\"@id\":\"https:\/\/www.fiscalia.gov.co\/colombia\/noticias\/envian-a-prision-a-un-hombre-presuntamente-implicado-en-el-homicidio-de-una-persona-de-50-anos\/#primaryimage\"},\"thumbnailUrl\":\"https:\/\/www.fiscalia.gov.co\/colombia\/wp-content\/uploads\/WhatsApp-Image-2023-02-07-at-1.35.21-PM-300x285.jpeg\",\"datePublished\":\"2023-02-07T19:16:51+00:00\",\"dateModified\":\"2023-02-07T19:16:51+00:00\",\"description\":\"P\u00e1gina oficial de la Fiscal\u00eda General de la Naci\u00f3n \u2013 Colombia. Garantizamos el acceso efectivo a la justicia, la verdad y la reparaci\u00f3n de las v\u00edctimas de los delitos.\",\"breadcrumb\":{\"@id\":\"https:\/\/www.fiscalia.gov.co\/colombia\/noticias\/envian-a-prision-a-un-hombre-presuntamente-implicado-en-el-homicidio-de-una-persona-de-50-anos\/#breadcrumb\"},\"inLanguage\":\"es-CO\",\"potentialAction\":[{\"@type\":\"ReadAction\",\"target\":[\"https:\/\/www.fiscalia.gov.co\/colombia\/noticias\/envian-a-prision-a-un-hombre-presuntamente-implicado-en-el-homicidio-de-una-persona-de-50-anos\/\"]}]},{\"@type\":\"ImageObject\",\"inLanguage\":\"es-CO\",\"@id\":\"https:\/\/www.fiscalia.gov.co\/colombia\/noticias\/envian-a-prision-a-un-hombre-presuntamente-implicado-en-el-homicidio-de-una-persona-de-50-anos\/#primaryimage\",\"url\":\"https:\/\/www.fiscalia.gov.co\/colombia\/wp-content\/uploads\/WhatsApp-Image-2023-02-07-at-1.35.21-PM-300x285.jpeg\",\"contentUrl\":\"https:\/\/www.fiscalia.gov.co\/colombia\/wp-content\/uploads\/WhatsApp-Image-2023-02-07-at-1.35.21-PM-300x285.jpeg\"},{\"@type\":\"BreadcrumbList\",\"@id\":\"https:\/\/www.fiscalia.gov.co\/colombia\/noticias\/envian-a-prision-a-un-hombre-presuntamente-implicado-en-el-homicidio-de-una-persona-de-50-anos\/#breadcrumb\",\"itemListElement\":[{\"@type\":\"ListItem\",\"position\":1,\"name\":\"Home\",\"item\":\"https:\/\/www.fiscalia.gov.co\/colombia\/\"},{\"@type\":\"ListItem\",\"position\":2,\"name\":\"Env\u00edan a prisi\u00f3n a un hombre presuntamente implicado en el homicidio de una persona de 50 a\u00f1os\"}]},{\"@type\":\"WebSite\",\"@id\":\"https:\/\/www.fiscalia.gov.co\/colombia\/#website\",\"url\":\"https:\/\/www.fiscalia.gov.co\/colombia\/\",\"name\":\"Fiscal\u00eda General de la Naci\u00f3n\",\"description\":\"P\u00e1gina oficial de la Fiscal\u00eda General de la Naci\u00f3n \u2013 Colombia. Garantizamos el acceso efectivo a la justicia, la verdad y la reparaci\u00f3n de las v\u00edctimas de los delitos.\",\"publisher\":{\"@id\":\"https:\/\/www.fiscalia.gov.co\/colombia\/#organization\"},\"potentialAction\":[{\"@type\":\"SearchAction\",\"target\":{\"@type\":\"EntryPoint\",\"urlTemplate\":\"https:\/\/www.fiscalia.gov.co\/colombia\/?s={search_term_string}\"},\"query-input\":{\"@type\":\"PropertyValueSpecification\",\"valueRequired\":true,\"valueName\":\"search_term_string\"}}],\"inLanguage\":\"es-CO\"},{\"@type\":\"Organization\",\"@id\":\"https:\/\/www.fiscalia.gov.co\/colombia\/#organization\",\"name\":\"Fiscal\u00eda General de la Naci\u00f3n\",\"url\":\"https:\/\/www.fiscalia.gov.co\/colombia\/\",\"logo\":{\"@type\":\"ImageObject\",\"inLanguage\":\"es-CO\",\"@id\":\"https:\/\/www.fiscalia.gov.co\/colombia\/#\/schema\/logo\/image\/\",\"url\":\"https:\/\/www.fiscalia.gov.co\/colombia\/wp-content\/uploads\/LogoHorizontal_1.jpg\",\"contentUrl\":\"https:\/\/www.fiscalia.gov.co\/colombia\/wp-content\/uploads\/LogoHorizontal_1.jpg\",\"width\":300,\"height\":90,\"caption\":\"Fiscal\u00eda General de la Naci\u00f3n\"},\"image\":{\"@id\":\"https:\/\/www.fiscalia.gov.co\/colombia\/#\/schema\/logo\/image\/\"},\"sameAs\":[\"https:\/\/www.facebook.com\/FiscaliaCol\",\"https:\/\/x.com\/FiscaliaCol\",\"https:\/\/www.instagram.com\/fiscaliacol\",\"https:\/\/www.linkedin.com\/company\/fiscalia-general-de-la-naci-n\/\",\"https:\/\/youtube.com\/@fiscaliageneraldelanacion-4668?si=6nN79nyQICPU5iTh\"]},{\"@type\":\"Person\",\"@id\":\"https:\/\/www.fiscalia.gov.co\/colombia\/#\/schema\/person\/176195b99ebab0a52aafa15197e1bf80\",\"name\":\"Winnie Geraldine Rodr\u00edguez Navarrete\",\"image\":{\"@type\":\"ImageObject\",\"inLanguage\":\"es-CO\",\"@id\":\"https:\/\/www.fiscalia.gov.co\/colombia\/#\/schema\/person\/image\/\",\"url\":\"https:\/\/secure.gravatar.com\/avatar\/c24cf8481dc84fa5e8c7b20bc95ab0c6?s=96&d=mm&r=g\",\"contentUrl\":\"https:\/\/secure.gravatar.com\/avatar\/c24cf8481dc84fa5e8c7b20bc95ab0c6?s=96&d=mm&r=g\",\"caption\":\"Winnie Geraldine Rodr\u00edguez Navarrete\"},\"url\":\"https:\/\/www.fiscalia.gov.co\/colombia\/author\/winnierodriguez\/\"}]}<\/script>\n<!-- \/ Yoast SEO plugin. -->","yoast_head_json":{"title":"Fiscal\u00eda General de la Naci\u00f3n","description":"P\u00e1gina oficial de la Fiscal\u00eda General de la Naci\u00f3n \u2013 Colombia. Garantizamos el acceso efectivo a la justicia, la verdad y la reparaci\u00f3n de las v\u00edctimas de los delitos.","robots":{"index":"noindex","follow":"follow"},"og_locale":"es_ES","og_type":"article","og_title":"Fiscal\u00eda General de la Naci\u00f3n","og_description":"P\u00e1gina oficial de la Fiscal\u00eda General de la Naci\u00f3n \u2013 Colombia. Garantizamos el acceso efectivo a la justicia, la verdad y la reparaci\u00f3n de las v\u00edctimas de los delitos.","og_url":"https:\/\/www.fiscalia.gov.co\/colombia\/noticias\/envian-a-prision-a-un-hombre-presuntamente-implicado-en-el-homicidio-de-una-persona-de-50-anos\/","og_site_name":"Fiscal\u00eda General de la Naci\u00f3n","article_publisher":"https:\/\/www.facebook.com\/FiscaliaCol","article_published_time":"2023-02-07T19:16:51+00:00","og_image":[{"url":"https:\/\/www.fiscalia.gov.co\/colombia\/wp-content\/uploads\/WhatsApp-Image-2023-02-07-at-1.35.21-PM-300x285.jpeg","type":"","width":"","height":""}],"author":"Winnie Geraldine Rodr\u00edguez Navarrete","twitter_card":"summary_large_image","twitter_creator":"@FiscaliaCol","twitter_site":"@FiscaliaCol","twitter_misc":{"Escrito por":"Winnie Geraldine Rodr\u00edguez Navarrete","Tiempo de lectura":"1 minuto"},"schema":{"@context":"https:\/\/schema.org","@graph":[{"@type":"Article","@id":"https:\/\/www.fiscalia.gov.co\/colombia\/noticias\/envian-a-prision-a-un-hombre-presuntamente-implicado-en-el-homicidio-de-una-persona-de-50-anos\/#article","isPartOf":{"@id":"https:\/\/www.fiscalia.gov.co\/colombia\/noticias\/envian-a-prision-a-un-hombre-presuntamente-implicado-en-el-homicidio-de-una-persona-de-50-anos\/"},"author":{"name":"Winnie Geraldine Rodr\u00edguez Navarrete","@id":"https:\/\/www.fiscalia.gov.co\/colombia\/#\/schema\/person\/176195b99ebab0a52aafa15197e1bf80"},"headline":"Env\u00edan a prisi\u00f3n a un hombre presuntamente implicado en el homicidio de una persona de 50 a\u00f1os","datePublished":"2023-02-07T19:16:51+00:00","dateModified":"2023-02-07T19:16:51+00:00","mainEntityOfPage":{"@id":"https:\/\/www.fiscalia.gov.co\/colombia\/noticias\/envian-a-prision-a-un-hombre-presuntamente-implicado-en-el-homicidio-de-una-persona-de-50-anos\/"},"wordCount":310,"publisher":{"@id":"https:\/\/www.fiscalia.gov.co\/colombia\/#organization"},"image":{"@id":"https:\/\/www.fiscalia.gov.co\/colombia\/noticias\/envian-a-prision-a-un-hombre-presuntamente-implicado-en-el-homicidio-de-una-persona-de-50-anos\/#primaryimage"},"thumbnailUrl":"https:\/\/www.fiscalia.gov.co\/colombia\/wp-content\/uploads\/WhatsApp-Image-2023-02-07-at-1.35.21-PM-300x285.jpeg","keywords":["alias \u2018Makuto\u2019","arma cortopunzante","Capturado","centro carcelario","Fiscal General de la Naci\u00f3n","Fiscal\u00eda Colombia","Homicidio","Medida de aseguramiento","orden judicial","Seccional Valle del Cauca","Tulu\u00e1 (Valle del Cauca)"],"articleSection":["Noticias","Seccional Cali","Seccionales","Seguridad territorial"],"inLanguage":"es-CO"},{"@type":"WebPage","@id":"https:\/\/www.fiscalia.gov.co\/colombia\/noticias\/envian-a-prision-a-un-hombre-presuntamente-implicado-en-el-homicidio-de-una-persona-de-50-anos\/","url":"https:\/\/www.fiscalia.gov.co\/colombia\/noticias\/envian-a-prision-a-un-hombre-presuntamente-implicado-en-el-homicidio-de-una-persona-de-50-anos\/","name":"Fiscal\u00eda General de la Naci\u00f3n","isPartOf":{"@id":"https:\/\/www.fiscalia.gov.co\/colombia\/#website"},"primaryImageOfPage":{"@id":"https:\/\/www.fiscalia.gov.co\/colombia\/noticias\/envian-a-prision-a-un-hombre-presuntamente-implicado-en-el-homicidio-de-una-persona-de-50-anos\/#primaryimage"},"image":{"@id":"https:\/\/www.fiscalia.gov.co\/colombia\/noticias\/envian-a-prision-a-un-hombre-presuntamente-implicado-en-el-homicidio-de-una-persona-de-50-anos\/#primaryimage"},"thumbnailUrl":"https:\/\/www.fiscalia.gov.co\/colombia\/wp-content\/uploads\/WhatsApp-Image-2023-02-07-at-1.35.21-PM-300x285.jpeg","datePublished":"2023-02-07T19:16:51+00:00","dateModified":"2023-02-07T19:16:51+00:00","description":"P\u00e1gina oficial de la Fiscal\u00eda General de la Naci\u00f3n \u2013 Colombia. Garantizamos el acceso efectivo a la justicia, la verdad y la reparaci\u00f3n de las v\u00edctimas de los delitos.","breadcrumb":{"@id":"https:\/\/www.fiscalia.gov.co\/colombia\/noticias\/envian-a-prision-a-un-hombre-presuntamente-implicado-en-el-homicidio-de-una-persona-de-50-anos\/#breadcrumb"},"inLanguage":"es-CO","potentialAction":[{"@type":"ReadAction","target":["https:\/\/www.fiscalia.gov.co\/colombia\/noticias\/envian-a-prision-a-un-hombre-presuntamente-implicado-en-el-homicidio-de-una-persona-de-50-anos\/"]}]},{"@type":"ImageObject","inLanguage":"es-CO","@id":"https:\/\/www.fiscalia.gov.co\/colombia\/noticias\/envian-a-prision-a-un-hombre-presuntamente-implicado-en-el-homicidio-de-una-persona-de-50-anos\/#primaryimage","url":"https:\/\/www.fiscalia.gov.co\/colombia\/wp-content\/uploads\/WhatsApp-Image-2023-02-07-at-1.35.21-PM-300x285.jpeg","contentUrl":"https:\/\/www.fiscalia.gov.co\/colombia\/wp-content\/uploads\/WhatsApp-Image-2023-02-07-at-1.35.21-PM-300x285.jpeg"},{"@type":"BreadcrumbList","@id":"https:\/\/www.fiscalia.gov.co\/colombia\/noticias\/envian-a-prision-a-un-hombre-presuntamente-implicado-en-el-homicidio-de-una-persona-de-50-anos\/#breadcrumb","itemListElement":[{"@type":"ListItem","position":1,"name":"Home","item":"https:\/\/www.fiscalia.gov.co\/colombia\/"},{"@type":"ListItem","position":2,"name":"Env\u00edan a prisi\u00f3n a un hombre presuntamente implicado en el homicidio de una persona de 50 a\u00f1os"}]},{"@type":"WebSite","@id":"https:\/\/www.fiscalia.gov.co\/colombia\/#website","url":"https:\/\/www.fiscalia.gov.co\/colombia\/","name":"Fiscal\u00eda General de la Naci\u00f3n","description":"P\u00e1gina oficial de la Fiscal\u00eda General de la Naci\u00f3n \u2013 Colombia. Garantizamos el acceso efectivo a la justicia, la verdad y la reparaci\u00f3n de las v\u00edctimas de los delitos.","publisher":{"@id":"https:\/\/www.fiscalia.gov.co\/colombia\/#organization"},"potentialAction":[{"@type":"SearchAction","target":{"@type":"EntryPoint","urlTemplate":"https:\/\/www.fiscalia.gov.co\/colombia\/?s={search_term_string}"},"query-input":{"@type":"PropertyValueSpecification","valueRequired":true,"valueName":"search_term_string"}}],"inLanguage":"es-CO"},{"@type":"Organization","@id":"https:\/\/www.fiscalia.gov.co\/colombia\/#organization","name":"Fiscal\u00eda General de la Naci\u00f3n","url":"https:\/\/www.fiscalia.gov.co\/colombia\/","logo":{"@type":"ImageObject","inLanguage":"es-CO","@id":"https:\/\/www.fiscalia.gov.co\/colombia\/#\/schema\/logo\/image\/","url":"https:\/\/www.fiscalia.gov.co\/colombia\/wp-content\/uploads\/LogoHorizontal_1.jpg","contentUrl":"https:\/\/www.fiscalia.gov.co\/colombia\/wp-content\/uploads\/LogoHorizontal_1.jpg","width":300,"height":90,"caption":"Fiscal\u00eda General de la Naci\u00f3n"},"image":{"@id":"https:\/\/www.fiscalia.gov.co\/colombia\/#\/schema\/logo\/image\/"},"sameAs":["https:\/\/www.facebook.com\/FiscaliaCol","https:\/\/x.com\/FiscaliaCol","https:\/\/www.instagram.com\/fiscaliacol","https:\/\/www.linkedin.com\/company\/fiscalia-general-de-la-naci-n\/","https:\/\/youtube.com\/@fiscaliageneraldelanacion-4668?si=6nN79nyQICPU5iTh"]},{"@type":"Person","@id":"https:\/\/www.fiscalia.gov.co\/colombia\/#\/schema\/person\/176195b99ebab0a52aafa15197e1bf80","name":"Winnie Geraldine Rodr\u00edguez Navarrete","image":{"@type":"ImageObject","inLanguage":"es-CO","@id":"https:\/\/www.fiscalia.gov.co\/colombia\/#\/schema\/person\/image\/","url":"https:\/\/secure.gravatar.com\/avatar\/c24cf8481dc84fa5e8c7b20bc95ab0c6?s=96&d=mm&r=g","contentUrl":"https:\/\/secure.gravatar.com\/avatar\/c24cf8481dc84fa5e8c7b20bc95ab0c6?s=96&d=mm&r=g","caption":"Winnie Geraldine Rodr\u00edguez Navarrete"},"url":"https:\/\/www.fiscalia.gov.co\/colombia\/author\/winnierodriguez\/"}]}},"_links":{"self":[{"href":"https:\/\/www.fiscalia.gov.co\/colombia\/wp-json\/wp\/v2\/posts\/265898","targetHints":{"allow":["GET"]}}],"collection":[{"href":"https:\/\/www.fiscalia.gov.co\/colombia\/wp-json\/wp\/v2\/posts"}],"about":[{"href":"https:\/\/www.fiscalia.gov.co\/colombia\/wp-json\/wp\/v2\/types\/post"}],"author":[{"embeddable":true,"href":"https:\/\/www.fiscalia.gov.co\/colombia\/wp-json\/wp\/v2\/users\/178"}],"replies":[{"embeddable":true,"href":"https:\/\/www.fiscalia.gov.co\/colombia\/wp-json\/wp\/v2\/comments?post=265898"}],"version-history":[{"count":1,"href":"https:\/\/www.fiscalia.gov.co\/colombia\/wp-json\/wp\/v2\/posts\/265898\/revisions"}],"predecessor-version":[{"id":265900,"href":"https:\/\/www.fiscalia.gov.co\/colombia\/wp-json\/wp\/v2\/posts\/265898\/revisions\/265900"}],"wp:attachment":[{"href":"https:\/\/www.fiscalia.gov.co\/colombia\/wp-json\/wp\/v2\/media?parent=265898"}],"wp:term":[{"taxonomy":"category","embeddable":true,"href":"https:\/\/www.fiscalia.gov.co\/colombia\/wp-json\/wp\/v2\/categories?post=265898"},{"taxonomy":"post_tag","embeddable":true,"href":"https:\/\/www.fiscalia.gov.co\/colombia\/wp-json\/wp\/v2\/tags?post=265898"}],"curies":[{"name":"wp","href":"https:\/\/api.w.org\/{rel}","templated":true}]}}