{"id":265823,"date":"2023-02-06T19:03:51","date_gmt":"2023-02-07T00:03:51","guid":{"rendered":"https:\/\/www.fiscalia.gov.co\/colombia\/?p=265823"},"modified":"2023-02-06T19:03:51","modified_gmt":"2023-02-07T00:03:51","slug":"carcel-para-hombre-que-estaria-involucrado-en-la-muerte-de-una-bebe-por-inhalacion-de-monoxido-de-carbono-en-un-motel-de-valledupar","status":"publish","type":"post","link":"https:\/\/www.fiscalia.gov.co\/colombia\/noticias\/carcel-para-hombre-que-estaria-involucrado-en-la-muerte-de-una-bebe-por-inhalacion-de-monoxido-de-carbono-en-un-motel-de-valledupar\/","title":{"rendered":"C\u00e1rcel para hombre que estar\u00eda involucrado en la muerte de una beb\u00e9 por inhalaci\u00f3n de mon\u00f3xido de carbono en un motel de Valledupar"},"content":{"rendered":"<h4 style=\"font-weight: 400;\"><strong><em>El material de prueba da cuenta de que el hoy procesado habr\u00eda llevado a la mam\u00e1 de la v\u00edctima en contra de su voluntad y obligado a dejar a la menor de edad en un veh\u00edculo mientras permanec\u00edan en el establecimiento.<\/em><\/strong><\/h4>\n<p style=\"font-weight: 400;\">Luego de valorar los argumentos y elementos de prueba aportados por la Fiscal\u00eda General de la Naci\u00f3n, un juez de control de garant\u00edas impuso medida de aseguramiento de detenci\u00f3n en establecimiento carcelario a un hombre que estar\u00eda involucrado en la muerte de su hija de siete meses, y la retenci\u00f3n y abuso sexual de su pareja en hechos ocurridos el pasado 1 de enero, en Valledupar (Cesar).<\/p>\n<figure id=\"attachment_265824\" aria-describedby=\"caption-attachment-265824\" style=\"width: 333px\" class=\"wp-caption aligncenter\"><img loading=\"lazy\" decoding=\"async\" class=\" wp-image-265824\" src=\"https:\/\/www.fiscalia.gov.co\/colombia\/wp-content\/uploads\/Presunto-responsable-de-la-muerte-de-su-hija-de-7-meses-un-motel-de-Valledupar.-300x279.jpg\" alt=\"Presunto responsable de la muerte de su hija de 7 meses en un motel de Valledupar.\" width=\"333\" height=\"310\" srcset=\"https:\/\/www.fiscalia.gov.co\/colombia\/wp-content\/uploads\/Presunto-responsable-de-la-muerte-de-su-hija-de-7-meses-un-motel-de-Valledupar.-300x279.jpg 300w, https:\/\/www.fiscalia.gov.co\/colombia\/wp-content\/uploads\/Presunto-responsable-de-la-muerte-de-su-hija-de-7-meses-un-motel-de-Valledupar.-1024x952.jpg 1024w, https:\/\/www.fiscalia.gov.co\/colombia\/wp-content\/uploads\/Presunto-responsable-de-la-muerte-de-su-hija-de-7-meses-un-motel-de-Valledupar.-768x714.jpg 768w, https:\/\/www.fiscalia.gov.co\/colombia\/wp-content\/uploads\/Presunto-responsable-de-la-muerte-de-su-hija-de-7-meses-un-motel-de-Valledupar.-1536x1428.jpg 1536w, https:\/\/www.fiscalia.gov.co\/colombia\/wp-content\/uploads\/Presunto-responsable-de-la-muerte-de-su-hija-de-7-meses-un-motel-de-Valledupar.-696x647.jpg 696w, https:\/\/www.fiscalia.gov.co\/colombia\/wp-content\/uploads\/Presunto-responsable-de-la-muerte-de-su-hija-de-7-meses-un-motel-de-Valledupar.-1068x993.jpg 1068w, https:\/\/www.fiscalia.gov.co\/colombia\/wp-content\/uploads\/Presunto-responsable-de-la-muerte-de-su-hija-de-7-meses-un-motel-de-Valledupar.-452x420.jpg 452w, https:\/\/www.fiscalia.gov.co\/colombia\/wp-content\/uploads\/Presunto-responsable-de-la-muerte-de-su-hija-de-7-meses-un-motel-de-Valledupar..jpg 1600w\" sizes=\"auto, (max-width: 333px) 100vw, 333px\" \/><figcaption id=\"caption-attachment-265824\" class=\"wp-caption-text\">Presunto responsable de la muerte de su hija de 7 meses en un motel de Valledupar.<\/figcaption><\/figure>\n<p style=\"font-weight: 400;\">El hoy procesado, de 23 a\u00f1os, habr\u00eda llevado a su pareja al establecimiento de comercio en contra de su voluntad y obligado a dejar a la beb\u00e9 en un veh\u00edculo, mientras permanec\u00edan en una habitaci\u00f3n.<\/p>\n<p style=\"font-weight: 400;\">La labor investigativa realizada por el CTI da cuenta de que los empleados del motel se percataron de que el automotor estaba encendido, por lo que acudieron a verificar lo que suced\u00eda y encontraron a la ni\u00f1a en estado de inconsciencia, y a sus padres en igual condici\u00f3n.<\/p>\n<p style=\"font-weight: 400;\">La menor de edad fue trasladada a un centro asistencial de la ciudad; sin embargo, lleg\u00f3 sin signos vitales. El Instituto Nacional de Medicina Legal estableci\u00f3 que muri\u00f3 por inhalaci\u00f3n de mon\u00f3xido de carbono. Asimismo, reafirm\u00f3 que la madre de la v\u00edctima fue sometida a agresiones sexuales.<\/p>\n<p style=\"font-weight: 400;\">Por estos hechos, un fiscal de la Seccional Cesar imput\u00f3 al padre de la beb\u00e9 los delitos de homicidio agravado, secuestro extorsivo agravado y\u00a0acceso carnal violento. Los cargos no fueron aceptados.<\/p>\n<p><strong>La Fiscal\u00eda habla con resultados.<\/strong><\/p>\n<p>&nbsp;<\/p>\n<p>&nbsp;<\/p>\n<p>&nbsp;<\/p>\n<p>&nbsp;<\/p>\n<p style=\"font-weight: 400;\">EDH\/CFG\/JARG\/RDCV\/MCRC\/DSC.<\/p>\n<p>&nbsp;<\/p>\n<p>&nbsp;<\/p>\n<p style=\"font-weight: 400;\">\n<p style=\"font-weight: 400;\"><em>La informaci\u00f3n contenida en este bolet\u00edn de prensa corresponde a la narraci\u00f3n de los hechos noticiosos objetivos, y las investigaciones penales al interior de la Fiscal\u00eda General de la Naci\u00f3n. Para el momento de la divulgaci\u00f3n de este comunicado, la situaci\u00f3n jur\u00eddica de la(s) persona(s) relacionada(s) se encuentra pendiente de resolver por la autoridad judicial competente, siempre bajo los preceptos de la presunci\u00f3n de inocencia, consagrados en el art\u00edculo 29 de la Constituci\u00f3n Pol\u00edtica y el art\u00edculo 7\u00ba de la Ley 906 de 2004.<\/em><\/p>\n\n<div class=\"twitter-share\"><a href=\"https:\/\/twitter.com\/intent\/tweet?via=fiscaliacol\" class=\"twitter-share-button\">Tweet<\/a><\/div>\n","protected":false},"excerpt":{"rendered":"<p>El material de prueba da cuenta de que el hoy procesado habr\u00eda llevado a la mam\u00e1 de la v\u00edctima en contra de su voluntad y obligado a dejar a la menor de edad en un veh\u00edculo mientras permanec\u00edan en el establecimiento. Luego de valorar los argumentos y elementos de prueba aportados por la Fiscal\u00eda General [&hellip;]<\/p>\n","protected":false},"author":178,"featured_media":0,"comment_status":"closed","ping_status":"open","sticky":false,"template":"","format":"standard","meta":{"_price":"","_stock":"","_tribe_ticket_header":"","_tribe_default_ticket_provider":"","_tribe_ticket_capacity":"0","_ticket_start_date":"","_ticket_end_date":"","_tribe_ticket_show_description":"","_tribe_ticket_show_not_going":false,"_tribe_ticket_use_global_stock":"","_tribe_ticket_global_stock_level":"","_global_stock_mode":"","_global_stock_cap":"","_tribe_rsvp_for_event":"","_tribe_ticket_going_count":"","_tribe_ticket_not_going_count":"","_tribe_tickets_list":"[]","_tribe_ticket_has_attendee_info_fields":false,"tdm_status":"","tdm_grid_status":"","footnotes":""},"categories":[1,342,303],"tags":[686,24965],"class_list":{"0":"post-265823","1":"post","2":"type-post","3":"status-publish","4":"format-standard","6":"category-noticias","7":"category-seccional-valledupar","8":"category-seccionales","9":"tag-homicidio-agravado","10":"tag-valledupar-cesar"},"yoast_head":"<!-- This site is optimized with the Yoast SEO plugin v24.3 - https:\/\/yoast.com\/wordpress\/plugins\/seo\/ -->\n<title>Fiscal\u00eda General de la Naci\u00f3n<\/title>\n<meta name=\"description\" content=\"P\u00e1gina oficial de la Fiscal\u00eda General de la Naci\u00f3n \u2013 Colombia. Garantizamos el acceso efectivo a la justicia, la verdad y la reparaci\u00f3n de las v\u00edctimas de los delitos.\" \/>\n<meta name=\"robots\" content=\"noindex, follow\" \/>\n<meta property=\"og:locale\" content=\"es_ES\" \/>\n<meta property=\"og:type\" content=\"article\" \/>\n<meta property=\"og:title\" content=\"Fiscal\u00eda General de la Naci\u00f3n\" \/>\n<meta property=\"og:description\" content=\"P\u00e1gina oficial de la Fiscal\u00eda General de la Naci\u00f3n \u2013 Colombia. Garantizamos el acceso efectivo a la justicia, la verdad y la reparaci\u00f3n de las v\u00edctimas de los delitos.\" \/>\n<meta property=\"og:url\" content=\"https:\/\/www.fiscalia.gov.co\/colombia\/noticias\/carcel-para-hombre-que-estaria-involucrado-en-la-muerte-de-una-bebe-por-inhalacion-de-monoxido-de-carbono-en-un-motel-de-valledupar\/\" \/>\n<meta property=\"og:site_name\" content=\"Fiscal\u00eda General de la Naci\u00f3n\" \/>\n<meta property=\"article:publisher\" content=\"https:\/\/www.facebook.com\/FiscaliaCol\" \/>\n<meta property=\"article:published_time\" content=\"2023-02-07T00:03:51+00:00\" \/>\n<meta property=\"og:image\" content=\"https:\/\/www.fiscalia.gov.co\/colombia\/wp-content\/uploads\/Presunto-responsable-de-la-muerte-de-su-hija-de-7-meses-un-motel-de-Valledupar.-300x279.jpg\" \/>\n<meta name=\"author\" content=\"Winnie Geraldine Rodr\u00edguez Navarrete\" \/>\n<meta name=\"twitter:card\" content=\"summary_large_image\" \/>\n<meta name=\"twitter:creator\" content=\"@FiscaliaCol\" \/>\n<meta name=\"twitter:site\" content=\"@FiscaliaCol\" \/>\n<meta name=\"twitter:label1\" content=\"Escrito por\" \/>\n\t<meta name=\"twitter:data1\" content=\"Winnie Geraldine Rodr\u00edguez Navarrete\" \/>\n\t<meta name=\"twitter:label2\" content=\"Tiempo de lectura\" \/>\n\t<meta name=\"twitter:data2\" content=\"2 minutos\" \/>\n<script type=\"application\/ld+json\" class=\"yoast-schema-graph\">{\"@context\":\"https:\/\/schema.org\",\"@graph\":[{\"@type\":\"Article\",\"@id\":\"https:\/\/www.fiscalia.gov.co\/colombia\/noticias\/carcel-para-hombre-que-estaria-involucrado-en-la-muerte-de-una-bebe-por-inhalacion-de-monoxido-de-carbono-en-un-motel-de-valledupar\/#article\",\"isPartOf\":{\"@id\":\"https:\/\/www.fiscalia.gov.co\/colombia\/noticias\/carcel-para-hombre-que-estaria-involucrado-en-la-muerte-de-una-bebe-por-inhalacion-de-monoxido-de-carbono-en-un-motel-de-valledupar\/\"},\"author\":{\"name\":\"Winnie Geraldine Rodr\u00edguez Navarrete\",\"@id\":\"https:\/\/www.fiscalia.gov.co\/colombia\/#\/schema\/person\/176195b99ebab0a52aafa15197e1bf80\"},\"headline\":\"C\u00e1rcel para hombre que estar\u00eda involucrado en la muerte de una beb\u00e9 por inhalaci\u00f3n de mon\u00f3xido de carbono en un motel de Valledupar\",\"datePublished\":\"2023-02-07T00:03:51+00:00\",\"dateModified\":\"2023-02-07T00:03:51+00:00\",\"mainEntityOfPage\":{\"@id\":\"https:\/\/www.fiscalia.gov.co\/colombia\/noticias\/carcel-para-hombre-que-estaria-involucrado-en-la-muerte-de-una-bebe-por-inhalacion-de-monoxido-de-carbono-en-un-motel-de-valledupar\/\"},\"wordCount\":452,\"publisher\":{\"@id\":\"https:\/\/www.fiscalia.gov.co\/colombia\/#organization\"},\"image\":{\"@id\":\"https:\/\/www.fiscalia.gov.co\/colombia\/noticias\/carcel-para-hombre-que-estaria-involucrado-en-la-muerte-de-una-bebe-por-inhalacion-de-monoxido-de-carbono-en-un-motel-de-valledupar\/#primaryimage\"},\"thumbnailUrl\":\"https:\/\/www.fiscalia.gov.co\/colombia\/wp-content\/uploads\/Presunto-responsable-de-la-muerte-de-su-hija-de-7-meses-un-motel-de-Valledupar.-300x279.jpg\",\"keywords\":[\"Homicidio agravado\",\"Valledupar (Cesar)\"],\"articleSection\":[\"Noticias\",\"Seccional Valledupar\",\"Seccionales\"],\"inLanguage\":\"es-CO\"},{\"@type\":\"WebPage\",\"@id\":\"https:\/\/www.fiscalia.gov.co\/colombia\/noticias\/carcel-para-hombre-que-estaria-involucrado-en-la-muerte-de-una-bebe-por-inhalacion-de-monoxido-de-carbono-en-un-motel-de-valledupar\/\",\"url\":\"https:\/\/www.fiscalia.gov.co\/colombia\/noticias\/carcel-para-hombre-que-estaria-involucrado-en-la-muerte-de-una-bebe-por-inhalacion-de-monoxido-de-carbono-en-un-motel-de-valledupar\/\",\"name\":\"Fiscal\u00eda General de la Naci\u00f3n\",\"isPartOf\":{\"@id\":\"https:\/\/www.fiscalia.gov.co\/colombia\/#website\"},\"primaryImageOfPage\":{\"@id\":\"https:\/\/www.fiscalia.gov.co\/colombia\/noticias\/carcel-para-hombre-que-estaria-involucrado-en-la-muerte-de-una-bebe-por-inhalacion-de-monoxido-de-carbono-en-un-motel-de-valledupar\/#primaryimage\"},\"image\":{\"@id\":\"https:\/\/www.fiscalia.gov.co\/colombia\/noticias\/carcel-para-hombre-que-estaria-involucrado-en-la-muerte-de-una-bebe-por-inhalacion-de-monoxido-de-carbono-en-un-motel-de-valledupar\/#primaryimage\"},\"thumbnailUrl\":\"https:\/\/www.fiscalia.gov.co\/colombia\/wp-content\/uploads\/Presunto-responsable-de-la-muerte-de-su-hija-de-7-meses-un-motel-de-Valledupar.-300x279.jpg\",\"datePublished\":\"2023-02-07T00:03:51+00:00\",\"dateModified\":\"2023-02-07T00:03:51+00:00\",\"description\":\"P\u00e1gina oficial de la Fiscal\u00eda General de la Naci\u00f3n \u2013 Colombia. Garantizamos el acceso efectivo a la justicia, la verdad y la reparaci\u00f3n de las v\u00edctimas de los delitos.\",\"breadcrumb\":{\"@id\":\"https:\/\/www.fiscalia.gov.co\/colombia\/noticias\/carcel-para-hombre-que-estaria-involucrado-en-la-muerte-de-una-bebe-por-inhalacion-de-monoxido-de-carbono-en-un-motel-de-valledupar\/#breadcrumb\"},\"inLanguage\":\"es-CO\",\"potentialAction\":[{\"@type\":\"ReadAction\",\"target\":[\"https:\/\/www.fiscalia.gov.co\/colombia\/noticias\/carcel-para-hombre-que-estaria-involucrado-en-la-muerte-de-una-bebe-por-inhalacion-de-monoxido-de-carbono-en-un-motel-de-valledupar\/\"]}]},{\"@type\":\"ImageObject\",\"inLanguage\":\"es-CO\",\"@id\":\"https:\/\/www.fiscalia.gov.co\/colombia\/noticias\/carcel-para-hombre-que-estaria-involucrado-en-la-muerte-de-una-bebe-por-inhalacion-de-monoxido-de-carbono-en-un-motel-de-valledupar\/#primaryimage\",\"url\":\"https:\/\/www.fiscalia.gov.co\/colombia\/wp-content\/uploads\/Presunto-responsable-de-la-muerte-de-su-hija-de-7-meses-un-motel-de-Valledupar..jpg\",\"contentUrl\":\"https:\/\/www.fiscalia.gov.co\/colombia\/wp-content\/uploads\/Presunto-responsable-de-la-muerte-de-su-hija-de-7-meses-un-motel-de-Valledupar..jpg\",\"width\":1600,\"height\":1487,\"caption\":\"Presunto responsable de la muerte de su hija de 7 meses en un motel de Valledupar.\"},{\"@type\":\"BreadcrumbList\",\"@id\":\"https:\/\/www.fiscalia.gov.co\/colombia\/noticias\/carcel-para-hombre-que-estaria-involucrado-en-la-muerte-de-una-bebe-por-inhalacion-de-monoxido-de-carbono-en-un-motel-de-valledupar\/#breadcrumb\",\"itemListElement\":[{\"@type\":\"ListItem\",\"position\":1,\"name\":\"Home\",\"item\":\"https:\/\/www.fiscalia.gov.co\/colombia\/\"},{\"@type\":\"ListItem\",\"position\":2,\"name\":\"C\u00e1rcel para hombre que estar\u00eda involucrado en la muerte de una beb\u00e9 por inhalaci\u00f3n de mon\u00f3xido de carbono en un motel de Valledupar\"}]},{\"@type\":\"WebSite\",\"@id\":\"https:\/\/www.fiscalia.gov.co\/colombia\/#website\",\"url\":\"https:\/\/www.fiscalia.gov.co\/colombia\/\",\"name\":\"Fiscal\u00eda General de la Naci\u00f3n\",\"description\":\"P\u00e1gina oficial de la Fiscal\u00eda General de la Naci\u00f3n \u2013 Colombia. Garantizamos el acceso efectivo a la justicia, la verdad y la reparaci\u00f3n de las v\u00edctimas de los delitos.\",\"publisher\":{\"@id\":\"https:\/\/www.fiscalia.gov.co\/colombia\/#organization\"},\"potentialAction\":[{\"@type\":\"SearchAction\",\"target\":{\"@type\":\"EntryPoint\",\"urlTemplate\":\"https:\/\/www.fiscalia.gov.co\/colombia\/?s={search_term_string}\"},\"query-input\":{\"@type\":\"PropertyValueSpecification\",\"valueRequired\":true,\"valueName\":\"search_term_string\"}}],\"inLanguage\":\"es-CO\"},{\"@type\":\"Organization\",\"@id\":\"https:\/\/www.fiscalia.gov.co\/colombia\/#organization\",\"name\":\"Fiscal\u00eda General de la Naci\u00f3n\",\"url\":\"https:\/\/www.fiscalia.gov.co\/colombia\/\",\"logo\":{\"@type\":\"ImageObject\",\"inLanguage\":\"es-CO\",\"@id\":\"https:\/\/www.fiscalia.gov.co\/colombia\/#\/schema\/logo\/image\/\",\"url\":\"https:\/\/www.fiscalia.gov.co\/colombia\/wp-content\/uploads\/LogoHorizontal_1.jpg\",\"contentUrl\":\"https:\/\/www.fiscalia.gov.co\/colombia\/wp-content\/uploads\/LogoHorizontal_1.jpg\",\"width\":300,\"height\":90,\"caption\":\"Fiscal\u00eda General de la Naci\u00f3n\"},\"image\":{\"@id\":\"https:\/\/www.fiscalia.gov.co\/colombia\/#\/schema\/logo\/image\/\"},\"sameAs\":[\"https:\/\/www.facebook.com\/FiscaliaCol\",\"https:\/\/x.com\/FiscaliaCol\",\"https:\/\/www.instagram.com\/fiscaliacol\",\"https:\/\/www.linkedin.com\/company\/fiscalia-general-de-la-naci-n\/\",\"https:\/\/youtube.com\/@fiscaliageneraldelanacion-4668?si=6nN79nyQICPU5iTh\"]},{\"@type\":\"Person\",\"@id\":\"https:\/\/www.fiscalia.gov.co\/colombia\/#\/schema\/person\/176195b99ebab0a52aafa15197e1bf80\",\"name\":\"Winnie Geraldine Rodr\u00edguez Navarrete\",\"image\":{\"@type\":\"ImageObject\",\"inLanguage\":\"es-CO\",\"@id\":\"https:\/\/www.fiscalia.gov.co\/colombia\/#\/schema\/person\/image\/\",\"url\":\"https:\/\/secure.gravatar.com\/avatar\/c24cf8481dc84fa5e8c7b20bc95ab0c6?s=96&d=mm&r=g\",\"contentUrl\":\"https:\/\/secure.gravatar.com\/avatar\/c24cf8481dc84fa5e8c7b20bc95ab0c6?s=96&d=mm&r=g\",\"caption\":\"Winnie Geraldine Rodr\u00edguez Navarrete\"},\"url\":\"https:\/\/www.fiscalia.gov.co\/colombia\/author\/winnierodriguez\/\"}]}<\/script>\n<!-- \/ Yoast SEO plugin. -->","yoast_head_json":{"title":"Fiscal\u00eda General de la Naci\u00f3n","description":"P\u00e1gina oficial de la Fiscal\u00eda General de la Naci\u00f3n \u2013 Colombia. Garantizamos el acceso efectivo a la justicia, la verdad y la reparaci\u00f3n de las v\u00edctimas de los delitos.","robots":{"index":"noindex","follow":"follow"},"og_locale":"es_ES","og_type":"article","og_title":"Fiscal\u00eda General de la Naci\u00f3n","og_description":"P\u00e1gina oficial de la Fiscal\u00eda General de la Naci\u00f3n \u2013 Colombia. Garantizamos el acceso efectivo a la justicia, la verdad y la reparaci\u00f3n de las v\u00edctimas de los delitos.","og_url":"https:\/\/www.fiscalia.gov.co\/colombia\/noticias\/carcel-para-hombre-que-estaria-involucrado-en-la-muerte-de-una-bebe-por-inhalacion-de-monoxido-de-carbono-en-un-motel-de-valledupar\/","og_site_name":"Fiscal\u00eda General de la Naci\u00f3n","article_publisher":"https:\/\/www.facebook.com\/FiscaliaCol","article_published_time":"2023-02-07T00:03:51+00:00","og_image":[{"url":"https:\/\/www.fiscalia.gov.co\/colombia\/wp-content\/uploads\/Presunto-responsable-de-la-muerte-de-su-hija-de-7-meses-un-motel-de-Valledupar.-300x279.jpg","type":"","width":"","height":""}],"author":"Winnie Geraldine Rodr\u00edguez Navarrete","twitter_card":"summary_large_image","twitter_creator":"@FiscaliaCol","twitter_site":"@FiscaliaCol","twitter_misc":{"Escrito por":"Winnie Geraldine Rodr\u00edguez Navarrete","Tiempo de lectura":"2 minutos"},"schema":{"@context":"https:\/\/schema.org","@graph":[{"@type":"Article","@id":"https:\/\/www.fiscalia.gov.co\/colombia\/noticias\/carcel-para-hombre-que-estaria-involucrado-en-la-muerte-de-una-bebe-por-inhalacion-de-monoxido-de-carbono-en-un-motel-de-valledupar\/#article","isPartOf":{"@id":"https:\/\/www.fiscalia.gov.co\/colombia\/noticias\/carcel-para-hombre-que-estaria-involucrado-en-la-muerte-de-una-bebe-por-inhalacion-de-monoxido-de-carbono-en-un-motel-de-valledupar\/"},"author":{"name":"Winnie Geraldine Rodr\u00edguez Navarrete","@id":"https:\/\/www.fiscalia.gov.co\/colombia\/#\/schema\/person\/176195b99ebab0a52aafa15197e1bf80"},"headline":"C\u00e1rcel para hombre que estar\u00eda involucrado en la muerte de una beb\u00e9 por inhalaci\u00f3n de mon\u00f3xido de carbono en un motel de Valledupar","datePublished":"2023-02-07T00:03:51+00:00","dateModified":"2023-02-07T00:03:51+00:00","mainEntityOfPage":{"@id":"https:\/\/www.fiscalia.gov.co\/colombia\/noticias\/carcel-para-hombre-que-estaria-involucrado-en-la-muerte-de-una-bebe-por-inhalacion-de-monoxido-de-carbono-en-un-motel-de-valledupar\/"},"wordCount":452,"publisher":{"@id":"https:\/\/www.fiscalia.gov.co\/colombia\/#organization"},"image":{"@id":"https:\/\/www.fiscalia.gov.co\/colombia\/noticias\/carcel-para-hombre-que-estaria-involucrado-en-la-muerte-de-una-bebe-por-inhalacion-de-monoxido-de-carbono-en-un-motel-de-valledupar\/#primaryimage"},"thumbnailUrl":"https:\/\/www.fiscalia.gov.co\/colombia\/wp-content\/uploads\/Presunto-responsable-de-la-muerte-de-su-hija-de-7-meses-un-motel-de-Valledupar.-300x279.jpg","keywords":["Homicidio agravado","Valledupar (Cesar)"],"articleSection":["Noticias","Seccional Valledupar","Seccionales"],"inLanguage":"es-CO"},{"@type":"WebPage","@id":"https:\/\/www.fiscalia.gov.co\/colombia\/noticias\/carcel-para-hombre-que-estaria-involucrado-en-la-muerte-de-una-bebe-por-inhalacion-de-monoxido-de-carbono-en-un-motel-de-valledupar\/","url":"https:\/\/www.fiscalia.gov.co\/colombia\/noticias\/carcel-para-hombre-que-estaria-involucrado-en-la-muerte-de-una-bebe-por-inhalacion-de-monoxido-de-carbono-en-un-motel-de-valledupar\/","name":"Fiscal\u00eda General de la Naci\u00f3n","isPartOf":{"@id":"https:\/\/www.fiscalia.gov.co\/colombia\/#website"},"primaryImageOfPage":{"@id":"https:\/\/www.fiscalia.gov.co\/colombia\/noticias\/carcel-para-hombre-que-estaria-involucrado-en-la-muerte-de-una-bebe-por-inhalacion-de-monoxido-de-carbono-en-un-motel-de-valledupar\/#primaryimage"},"image":{"@id":"https:\/\/www.fiscalia.gov.co\/colombia\/noticias\/carcel-para-hombre-que-estaria-involucrado-en-la-muerte-de-una-bebe-por-inhalacion-de-monoxido-de-carbono-en-un-motel-de-valledupar\/#primaryimage"},"thumbnailUrl":"https:\/\/www.fiscalia.gov.co\/colombia\/wp-content\/uploads\/Presunto-responsable-de-la-muerte-de-su-hija-de-7-meses-un-motel-de-Valledupar.-300x279.jpg","datePublished":"2023-02-07T00:03:51+00:00","dateModified":"2023-02-07T00:03:51+00:00","description":"P\u00e1gina oficial de la Fiscal\u00eda General de la Naci\u00f3n \u2013 Colombia. Garantizamos el acceso efectivo a la justicia, la verdad y la reparaci\u00f3n de las v\u00edctimas de los delitos.","breadcrumb":{"@id":"https:\/\/www.fiscalia.gov.co\/colombia\/noticias\/carcel-para-hombre-que-estaria-involucrado-en-la-muerte-de-una-bebe-por-inhalacion-de-monoxido-de-carbono-en-un-motel-de-valledupar\/#breadcrumb"},"inLanguage":"es-CO","potentialAction":[{"@type":"ReadAction","target":["https:\/\/www.fiscalia.gov.co\/colombia\/noticias\/carcel-para-hombre-que-estaria-involucrado-en-la-muerte-de-una-bebe-por-inhalacion-de-monoxido-de-carbono-en-un-motel-de-valledupar\/"]}]},{"@type":"ImageObject","inLanguage":"es-CO","@id":"https:\/\/www.fiscalia.gov.co\/colombia\/noticias\/carcel-para-hombre-que-estaria-involucrado-en-la-muerte-de-una-bebe-por-inhalacion-de-monoxido-de-carbono-en-un-motel-de-valledupar\/#primaryimage","url":"https:\/\/www.fiscalia.gov.co\/colombia\/wp-content\/uploads\/Presunto-responsable-de-la-muerte-de-su-hija-de-7-meses-un-motel-de-Valledupar..jpg","contentUrl":"https:\/\/www.fiscalia.gov.co\/colombia\/wp-content\/uploads\/Presunto-responsable-de-la-muerte-de-su-hija-de-7-meses-un-motel-de-Valledupar..jpg","width":1600,"height":1487,"caption":"Presunto responsable de la muerte de su hija de 7 meses en un motel de Valledupar."},{"@type":"BreadcrumbList","@id":"https:\/\/www.fiscalia.gov.co\/colombia\/noticias\/carcel-para-hombre-que-estaria-involucrado-en-la-muerte-de-una-bebe-por-inhalacion-de-monoxido-de-carbono-en-un-motel-de-valledupar\/#breadcrumb","itemListElement":[{"@type":"ListItem","position":1,"name":"Home","item":"https:\/\/www.fiscalia.gov.co\/colombia\/"},{"@type":"ListItem","position":2,"name":"C\u00e1rcel para hombre que estar\u00eda involucrado en la muerte de una beb\u00e9 por inhalaci\u00f3n de mon\u00f3xido de carbono en un motel de Valledupar"}]},{"@type":"WebSite","@id":"https:\/\/www.fiscalia.gov.co\/colombia\/#website","url":"https:\/\/www.fiscalia.gov.co\/colombia\/","name":"Fiscal\u00eda General de la Naci\u00f3n","description":"P\u00e1gina oficial de la Fiscal\u00eda General de la Naci\u00f3n \u2013 Colombia. Garantizamos el acceso efectivo a la justicia, la verdad y la reparaci\u00f3n de las v\u00edctimas de los delitos.","publisher":{"@id":"https:\/\/www.fiscalia.gov.co\/colombia\/#organization"},"potentialAction":[{"@type":"SearchAction","target":{"@type":"EntryPoint","urlTemplate":"https:\/\/www.fiscalia.gov.co\/colombia\/?s={search_term_string}"},"query-input":{"@type":"PropertyValueSpecification","valueRequired":true,"valueName":"search_term_string"}}],"inLanguage":"es-CO"},{"@type":"Organization","@id":"https:\/\/www.fiscalia.gov.co\/colombia\/#organization","name":"Fiscal\u00eda General de la Naci\u00f3n","url":"https:\/\/www.fiscalia.gov.co\/colombia\/","logo":{"@type":"ImageObject","inLanguage":"es-CO","@id":"https:\/\/www.fiscalia.gov.co\/colombia\/#\/schema\/logo\/image\/","url":"https:\/\/www.fiscalia.gov.co\/colombia\/wp-content\/uploads\/LogoHorizontal_1.jpg","contentUrl":"https:\/\/www.fiscalia.gov.co\/colombia\/wp-content\/uploads\/LogoHorizontal_1.jpg","width":300,"height":90,"caption":"Fiscal\u00eda General de la Naci\u00f3n"},"image":{"@id":"https:\/\/www.fiscalia.gov.co\/colombia\/#\/schema\/logo\/image\/"},"sameAs":["https:\/\/www.facebook.com\/FiscaliaCol","https:\/\/x.com\/FiscaliaCol","https:\/\/www.instagram.com\/fiscaliacol","https:\/\/www.linkedin.com\/company\/fiscalia-general-de-la-naci-n\/","https:\/\/youtube.com\/@fiscaliageneraldelanacion-4668?si=6nN79nyQICPU5iTh"]},{"@type":"Person","@id":"https:\/\/www.fiscalia.gov.co\/colombia\/#\/schema\/person\/176195b99ebab0a52aafa15197e1bf80","name":"Winnie Geraldine Rodr\u00edguez Navarrete","image":{"@type":"ImageObject","inLanguage":"es-CO","@id":"https:\/\/www.fiscalia.gov.co\/colombia\/#\/schema\/person\/image\/","url":"https:\/\/secure.gravatar.com\/avatar\/c24cf8481dc84fa5e8c7b20bc95ab0c6?s=96&d=mm&r=g","contentUrl":"https:\/\/secure.gravatar.com\/avatar\/c24cf8481dc84fa5e8c7b20bc95ab0c6?s=96&d=mm&r=g","caption":"Winnie Geraldine Rodr\u00edguez Navarrete"},"url":"https:\/\/www.fiscalia.gov.co\/colombia\/author\/winnierodriguez\/"}]}},"_links":{"self":[{"href":"https:\/\/www.fiscalia.gov.co\/colombia\/wp-json\/wp\/v2\/posts\/265823","targetHints":{"allow":["GET"]}}],"collection":[{"href":"https:\/\/www.fiscalia.gov.co\/colombia\/wp-json\/wp\/v2\/posts"}],"about":[{"href":"https:\/\/www.fiscalia.gov.co\/colombia\/wp-json\/wp\/v2\/types\/post"}],"author":[{"embeddable":true,"href":"https:\/\/www.fiscalia.gov.co\/colombia\/wp-json\/wp\/v2\/users\/178"}],"replies":[{"embeddable":true,"href":"https:\/\/www.fiscalia.gov.co\/colombia\/wp-json\/wp\/v2\/comments?post=265823"}],"version-history":[{"count":1,"href":"https:\/\/www.fiscalia.gov.co\/colombia\/wp-json\/wp\/v2\/posts\/265823\/revisions"}],"predecessor-version":[{"id":265825,"href":"https:\/\/www.fiscalia.gov.co\/colombia\/wp-json\/wp\/v2\/posts\/265823\/revisions\/265825"}],"wp:attachment":[{"href":"https:\/\/www.fiscalia.gov.co\/colombia\/wp-json\/wp\/v2\/media?parent=265823"}],"wp:term":[{"taxonomy":"category","embeddable":true,"href":"https:\/\/www.fiscalia.gov.co\/colombia\/wp-json\/wp\/v2\/categories?post=265823"},{"taxonomy":"post_tag","embeddable":true,"href":"https:\/\/www.fiscalia.gov.co\/colombia\/wp-json\/wp\/v2\/tags?post=265823"}],"curies":[{"name":"wp","href":"https:\/\/api.w.org\/{rel}","templated":true}]}}