{"id":265810,"date":"2023-02-06T16:08:26","date_gmt":"2023-02-06T21:08:26","guid":{"rendered":"https:\/\/www.fiscalia.gov.co\/colombia\/?p=265810"},"modified":"2023-02-06T16:52:11","modified_gmt":"2023-02-06T21:52:11","slug":"para-cumplir-condena-de-mas-de-13-anos-por-tentativa-de-homicidio-la-fiscalia-logra-la-captura-de-alias-chaquiro","status":"publish","type":"post","link":"https:\/\/www.fiscalia.gov.co\/colombia\/noticias\/para-cumplir-condena-de-mas-de-13-anos-por-tentativa-de-homicidio-la-fiscalia-logra-la-captura-de-alias-chaquiro\/","title":{"rendered":"Para cumplir condena de m\u00e1s de 13 a\u00f1os por tentativa de homicidio, la Fiscal\u00eda logra la captura de alias \u2018Chaquiro\u2019"},"content":{"rendered":"<p style=\"font-weight: 400;\">Pedro Nel Ospina Lozano, alias Chaquiro, fue capturado para cumplir una condena de 13 a\u00f1os, seis meses y 11 d\u00edas (156 meses) en prisi\u00f3n luego de haber sido vencido en juicio y hallado responsable de un <a href=\"https:\/\/www.fiscalia.gov.co\/colombia\/seccionales\/condenada-a-18-anos-de-prision-por-homicidio-de-dos-hombres-en-pereira-risaralda\/\" data-saferedirecturl=\"https:\/\/www.google.com\/url?q=https:\/\/www.fiscalia.gov.co\/colombia\/seccionales\/condenada-a-18-anos-de-prision-por-homicidio-de-dos-hombres-en-pereira-risaralda\/&amp;source=gmail&amp;ust=1675798781092000&amp;usg=AOvVaw1pEi1-Vo3KHJKvrfJ1ckYV\">homicidio<\/a>\u00a0en grado de tentativa ocurrido en v\u00eda p\u00fablica del Barrio Las Brisas, en la Comuna Villa Santana, en Pereira.<\/p>\n<figure id=\"attachment_265812\" aria-describedby=\"caption-attachment-265812\" style=\"width: 422px\" class=\"wp-caption aligncenter\"><img loading=\"lazy\" decoding=\"async\" class=\" wp-image-265812\" src=\"https:\/\/www.fiscalia.gov.co\/colombia\/wp-content\/uploads\/WhatsApp-Image-2023-02-06-at-4.03.38-PM-1-300x169.jpeg\" alt=\"Pedro Nel Ospina Lozano deber\u00e1 permanecer en prisi\u00f3n m\u00e1s de 13 a\u00f1os cumpliendo su condena\" width=\"422\" height=\"238\" srcset=\"https:\/\/www.fiscalia.gov.co\/colombia\/wp-content\/uploads\/WhatsApp-Image-2023-02-06-at-4.03.38-PM-1-300x169.jpeg 300w, https:\/\/www.fiscalia.gov.co\/colombia\/wp-content\/uploads\/WhatsApp-Image-2023-02-06-at-4.03.38-PM-1-1024x576.jpeg 1024w, https:\/\/www.fiscalia.gov.co\/colombia\/wp-content\/uploads\/WhatsApp-Image-2023-02-06-at-4.03.38-PM-1-768x432.jpeg 768w, https:\/\/www.fiscalia.gov.co\/colombia\/wp-content\/uploads\/WhatsApp-Image-2023-02-06-at-4.03.38-PM-1-696x392.jpeg 696w, https:\/\/www.fiscalia.gov.co\/colombia\/wp-content\/uploads\/WhatsApp-Image-2023-02-06-at-4.03.38-PM-1-1068x601.jpeg 1068w, https:\/\/www.fiscalia.gov.co\/colombia\/wp-content\/uploads\/WhatsApp-Image-2023-02-06-at-4.03.38-PM-1-747x420.jpeg 747w, https:\/\/www.fiscalia.gov.co\/colombia\/wp-content\/uploads\/WhatsApp-Image-2023-02-06-at-4.03.38-PM-1.jpeg 1280w\" sizes=\"auto, (max-width: 422px) 100vw, 422px\" \/><figcaption id=\"caption-attachment-265812\" class=\"wp-caption-text\">Pedro Nel Ospina Lozano deber\u00e1 permanecer en prisi\u00f3n m\u00e1s de 13 a\u00f1os cumpliendo su condena<\/figcaption><\/figure>\n<p style=\"font-weight: 400;\">Los hechos sucedieron el 25 de noviembre de 2017 donde fue herido Jos\u00e9 David Ba\u00f1ol Obando.<\/p>\n<p style=\"font-weight: 400;\">La investigaci\u00f3n evidenci\u00f3 que la v\u00edctima, al parecer, discuti\u00f3 con el hermano del hoy condenado y este \u00faltimo fue a buscar el apoyo de Pedro Nel Ospina.<\/p>\n<p style=\"font-weight: 400;\">El hoy sentenciado lleg\u00f3 al lugar donde se encontraba la v\u00edctima a quien hiri\u00f3 en repetidas ocasiones con arma cortopunzante.\u00a0 Para buscar refugio, el hombre huye del luga, pero fue alcanzado por el hoy condenado quien continu\u00f3 el ataque.\u00a0\u00a0\u00a0 Finalmente, la v\u00edctima finge su muerte y Ospina abandona el lugar.<\/p>\n<p style=\"font-weight: 400;\">Ospina Lozano fue condenado por el delito de homicidio en grado de tentativa y la sentencia de\u00a0<a href=\"https:\/\/www.fiscalia.gov.co\/colombia\/noticias\/dos-hombres-fueron-condenados-a-mas-de-17-anos-cada-uno-por-un-homicidio-en-guatica-risaralda\/\" data-saferedirecturl=\"https:\/\/www.google.com\/url?q=https:\/\/www.fiscalia.gov.co\/colombia\/noticias\/dos-hombres-fueron-condenados-a-mas-de-17-anos-cada-uno-por-un-homicidio-en-guatica-risaralda\/&amp;source=gmail&amp;ust=1675798781092000&amp;usg=AOvVaw3LZvxx_4jJ4sJZM9ha_8mM\">condena<\/a>, que se emiti\u00f3 el 23 de agosto de 2021, fue apelada.\u00a0\u00a0 Este 28 de octubre de 2022, la Sala Penal del tribunal de Pereira la confirm\u00f3.<\/p>\n<p style=\"font-weight: 400;\">Ospina Lozano, de 32 a\u00f1os, fue capturado para cumplir su condena en v\u00eda p\u00fablica Barrio Corocito en Pereira, por uniformados del GAULA del CTI en coordinaci\u00f3n con el Ej\u00e9rcito Nacional.<\/p>\n<p style=\"font-weight: 400;\">Esta informaci\u00f3n se publica por razones de inter\u00e9s general.<\/p>\n<p style=\"font-weight: 400;\"><strong>La Fiscal\u00eda habla con resultados.\u00a0<\/strong><\/p>\n<p>&nbsp;<\/p>\n<p>&nbsp;<\/p>\n<p style=\"font-weight: 400;\">CLCG\/FAGH\/GRM\/DSR<\/p>\n<p>&nbsp;<\/p>\n<p>&nbsp;<\/p>\n<p>&nbsp;<\/p>\n<p>&nbsp;<\/p>\n<p style=\"font-weight: 400;\"><em>La informaci\u00f3n contenida en este bolet\u00edn de prensa corresponde a la narraci\u00f3n de los hechos noticiosos objetivos, suministrados por los funcionarios encargados de adelantar las investigaciones penales al interior de la Fiscal\u00eda General de la Naci\u00f3n. Para el momento de la divulgaci\u00f3n de este comunicado, la situaci\u00f3n jur\u00eddica de la(s) persona(s) relacionada(s) se encuentra pendiente de resolver por la autoridad judicial competente, siempre bajo los preceptos de la presunci\u00f3n de inocencia, consagrados en el art\u00edculo 29 de la Constituci\u00f3n Pol\u00edtica y el art\u00edculo 7\u00ba de la Ley 906 de 2004.\u00a0<\/em><\/p>\n<p>&nbsp;<\/p>\n\n<div class=\"twitter-share\"><a href=\"https:\/\/twitter.com\/intent\/tweet?via=fiscaliacol\" class=\"twitter-share-button\">Tweet<\/a><\/div>\n","protected":false},"excerpt":{"rendered":"<p>Pedro Nel Ospina Lozano, alias Chaquiro, fue capturado para cumplir una condena de 13 a\u00f1os, seis meses y 11 d\u00edas (156 meses) en prisi\u00f3n luego de haber sido vencido en juicio y hallado responsable de un homicidio\u00a0en grado de tentativa ocurrido en v\u00eda p\u00fablica del Barrio Las Brisas, en la Comuna Villa Santana, en Pereira. [&hellip;]<\/p>\n","protected":false},"author":178,"featured_media":0,"comment_status":"closed","ping_status":"open","sticky":false,"template":"","format":"standard","meta":{"_price":"","_stock":"","_tribe_ticket_header":"","_tribe_default_ticket_provider":"","_tribe_ticket_capacity":"0","_ticket_start_date":"","_ticket_end_date":"","_tribe_ticket_show_description":"","_tribe_ticket_show_not_going":false,"_tribe_ticket_use_global_stock":"","_tribe_ticket_global_stock_level":"","_global_stock_mode":"","_global_stock_cap":"","_tribe_rsvp_for_event":"","_tribe_ticket_going_count":"","_tribe_ticket_not_going_count":"","_tribe_tickets_list":"[]","_tribe_ticket_has_attendee_info_fields":false,"tdm_status":"","tdm_grid_status":"","footnotes":""},"categories":[1,335,303,24099],"tags":[24185,1047,23987],"class_list":{"0":"post-265810","1":"post","2":"type-post","3":"status-publish","4":"format-standard","6":"category-noticias","7":"category-seccional-pereira","8":"category-seccionales","9":"category-seguridad-territorial","10":"tag-fiscal-barbosa","11":"tag-fiscalia-general-de-la-nacion","12":"tag-pereira-risaralda"},"yoast_head":"<!-- This site is optimized with the Yoast SEO plugin v24.3 - https:\/\/yoast.com\/wordpress\/plugins\/seo\/ -->\n<title>Fiscal\u00eda General de la Naci\u00f3n<\/title>\n<meta name=\"description\" content=\"P\u00e1gina oficial de la Fiscal\u00eda General de la Naci\u00f3n \u2013 Colombia. Garantizamos el acceso efectivo a la justicia, la verdad y la reparaci\u00f3n de las v\u00edctimas de los delitos.\" \/>\n<meta name=\"robots\" content=\"noindex, follow\" \/>\n<meta property=\"og:locale\" content=\"es_ES\" \/>\n<meta property=\"og:type\" content=\"article\" \/>\n<meta property=\"og:title\" content=\"Fiscal\u00eda General de la Naci\u00f3n\" \/>\n<meta property=\"og:description\" content=\"P\u00e1gina oficial de la Fiscal\u00eda General de la Naci\u00f3n \u2013 Colombia. Garantizamos el acceso efectivo a la justicia, la verdad y la reparaci\u00f3n de las v\u00edctimas de los delitos.\" \/>\n<meta property=\"og:url\" content=\"https:\/\/www.fiscalia.gov.co\/colombia\/noticias\/para-cumplir-condena-de-mas-de-13-anos-por-tentativa-de-homicidio-la-fiscalia-logra-la-captura-de-alias-chaquiro\/\" \/>\n<meta property=\"og:site_name\" content=\"Fiscal\u00eda General de la Naci\u00f3n\" \/>\n<meta property=\"article:publisher\" content=\"https:\/\/www.facebook.com\/FiscaliaCol\" \/>\n<meta property=\"article:published_time\" content=\"2023-02-06T21:08:26+00:00\" \/>\n<meta property=\"article:modified_time\" content=\"2023-02-06T21:52:11+00:00\" \/>\n<meta property=\"og:image\" content=\"https:\/\/www.fiscalia.gov.co\/colombia\/wp-content\/uploads\/WhatsApp-Image-2023-02-06-at-4.03.38-PM-1-300x169.jpeg\" \/>\n<meta name=\"author\" content=\"Winnie Geraldine Rodr\u00edguez Navarrete\" \/>\n<meta name=\"twitter:card\" content=\"summary_large_image\" \/>\n<meta name=\"twitter:creator\" content=\"@FiscaliaCol\" \/>\n<meta name=\"twitter:site\" content=\"@FiscaliaCol\" \/>\n<meta name=\"twitter:label1\" content=\"Escrito por\" \/>\n\t<meta name=\"twitter:data1\" content=\"Winnie Geraldine Rodr\u00edguez Navarrete\" \/>\n\t<meta name=\"twitter:label2\" content=\"Tiempo de lectura\" \/>\n\t<meta name=\"twitter:data2\" content=\"2 minutos\" \/>\n<script type=\"application\/ld+json\" class=\"yoast-schema-graph\">{\"@context\":\"https:\/\/schema.org\",\"@graph\":[{\"@type\":\"Article\",\"@id\":\"https:\/\/www.fiscalia.gov.co\/colombia\/noticias\/para-cumplir-condena-de-mas-de-13-anos-por-tentativa-de-homicidio-la-fiscalia-logra-la-captura-de-alias-chaquiro\/#article\",\"isPartOf\":{\"@id\":\"https:\/\/www.fiscalia.gov.co\/colombia\/noticias\/para-cumplir-condena-de-mas-de-13-anos-por-tentativa-de-homicidio-la-fiscalia-logra-la-captura-de-alias-chaquiro\/\"},\"author\":{\"name\":\"Winnie Geraldine Rodr\u00edguez Navarrete\",\"@id\":\"https:\/\/www.fiscalia.gov.co\/colombia\/#\/schema\/person\/176195b99ebab0a52aafa15197e1bf80\"},\"headline\":\"Para cumplir condena de m\u00e1s de 13 a\u00f1os por tentativa de homicidio, la Fiscal\u00eda logra la captura de alias \u2018Chaquiro\u2019\",\"datePublished\":\"2023-02-06T21:08:26+00:00\",\"dateModified\":\"2023-02-06T21:52:11+00:00\",\"mainEntityOfPage\":{\"@id\":\"https:\/\/www.fiscalia.gov.co\/colombia\/noticias\/para-cumplir-condena-de-mas-de-13-anos-por-tentativa-de-homicidio-la-fiscalia-logra-la-captura-de-alias-chaquiro\/\"},\"wordCount\":404,\"publisher\":{\"@id\":\"https:\/\/www.fiscalia.gov.co\/colombia\/#organization\"},\"image\":{\"@id\":\"https:\/\/www.fiscalia.gov.co\/colombia\/noticias\/para-cumplir-condena-de-mas-de-13-anos-por-tentativa-de-homicidio-la-fiscalia-logra-la-captura-de-alias-chaquiro\/#primaryimage\"},\"thumbnailUrl\":\"https:\/\/www.fiscalia.gov.co\/colombia\/wp-content\/uploads\/WhatsApp-Image-2023-02-06-at-4.03.38-PM-1-300x169.jpeg\",\"keywords\":[\"Fiscal Barbosa\",\"Fiscal\u00eda General de la Naci\u00f3n\",\"Pereira (Risaralda)\"],\"articleSection\":[\"Noticias\",\"Seccional Pereira\",\"Seccionales\",\"Seguridad territorial\"],\"inLanguage\":\"es-CO\"},{\"@type\":\"WebPage\",\"@id\":\"https:\/\/www.fiscalia.gov.co\/colombia\/noticias\/para-cumplir-condena-de-mas-de-13-anos-por-tentativa-de-homicidio-la-fiscalia-logra-la-captura-de-alias-chaquiro\/\",\"url\":\"https:\/\/www.fiscalia.gov.co\/colombia\/noticias\/para-cumplir-condena-de-mas-de-13-anos-por-tentativa-de-homicidio-la-fiscalia-logra-la-captura-de-alias-chaquiro\/\",\"name\":\"Fiscal\u00eda General de la Naci\u00f3n\",\"isPartOf\":{\"@id\":\"https:\/\/www.fiscalia.gov.co\/colombia\/#website\"},\"primaryImageOfPage\":{\"@id\":\"https:\/\/www.fiscalia.gov.co\/colombia\/noticias\/para-cumplir-condena-de-mas-de-13-anos-por-tentativa-de-homicidio-la-fiscalia-logra-la-captura-de-alias-chaquiro\/#primaryimage\"},\"image\":{\"@id\":\"https:\/\/www.fiscalia.gov.co\/colombia\/noticias\/para-cumplir-condena-de-mas-de-13-anos-por-tentativa-de-homicidio-la-fiscalia-logra-la-captura-de-alias-chaquiro\/#primaryimage\"},\"thumbnailUrl\":\"https:\/\/www.fiscalia.gov.co\/colombia\/wp-content\/uploads\/WhatsApp-Image-2023-02-06-at-4.03.38-PM-1-300x169.jpeg\",\"datePublished\":\"2023-02-06T21:08:26+00:00\",\"dateModified\":\"2023-02-06T21:52:11+00:00\",\"description\":\"P\u00e1gina oficial de la Fiscal\u00eda General de la Naci\u00f3n \u2013 Colombia. Garantizamos el acceso efectivo a la justicia, la verdad y la reparaci\u00f3n de las v\u00edctimas de los delitos.\",\"breadcrumb\":{\"@id\":\"https:\/\/www.fiscalia.gov.co\/colombia\/noticias\/para-cumplir-condena-de-mas-de-13-anos-por-tentativa-de-homicidio-la-fiscalia-logra-la-captura-de-alias-chaquiro\/#breadcrumb\"},\"inLanguage\":\"es-CO\",\"potentialAction\":[{\"@type\":\"ReadAction\",\"target\":[\"https:\/\/www.fiscalia.gov.co\/colombia\/noticias\/para-cumplir-condena-de-mas-de-13-anos-por-tentativa-de-homicidio-la-fiscalia-logra-la-captura-de-alias-chaquiro\/\"]}]},{\"@type\":\"ImageObject\",\"inLanguage\":\"es-CO\",\"@id\":\"https:\/\/www.fiscalia.gov.co\/colombia\/noticias\/para-cumplir-condena-de-mas-de-13-anos-por-tentativa-de-homicidio-la-fiscalia-logra-la-captura-de-alias-chaquiro\/#primaryimage\",\"url\":\"https:\/\/www.fiscalia.gov.co\/colombia\/wp-content\/uploads\/WhatsApp-Image-2023-02-06-at-4.03.38-PM-1-300x169.jpeg\",\"contentUrl\":\"https:\/\/www.fiscalia.gov.co\/colombia\/wp-content\/uploads\/WhatsApp-Image-2023-02-06-at-4.03.38-PM-1-300x169.jpeg\"},{\"@type\":\"BreadcrumbList\",\"@id\":\"https:\/\/www.fiscalia.gov.co\/colombia\/noticias\/para-cumplir-condena-de-mas-de-13-anos-por-tentativa-de-homicidio-la-fiscalia-logra-la-captura-de-alias-chaquiro\/#breadcrumb\",\"itemListElement\":[{\"@type\":\"ListItem\",\"position\":1,\"name\":\"Home\",\"item\":\"https:\/\/www.fiscalia.gov.co\/colombia\/\"},{\"@type\":\"ListItem\",\"position\":2,\"name\":\"Para cumplir condena de m\u00e1s de 13 a\u00f1os por tentativa de homicidio, la Fiscal\u00eda logra la captura de alias \u2018Chaquiro\u2019\"}]},{\"@type\":\"WebSite\",\"@id\":\"https:\/\/www.fiscalia.gov.co\/colombia\/#website\",\"url\":\"https:\/\/www.fiscalia.gov.co\/colombia\/\",\"name\":\"Fiscal\u00eda General de la Naci\u00f3n\",\"description\":\"P\u00e1gina oficial de la Fiscal\u00eda General de la Naci\u00f3n \u2013 Colombia. Garantizamos el acceso efectivo a la justicia, la verdad y la reparaci\u00f3n de las v\u00edctimas de los delitos.\",\"publisher\":{\"@id\":\"https:\/\/www.fiscalia.gov.co\/colombia\/#organization\"},\"potentialAction\":[{\"@type\":\"SearchAction\",\"target\":{\"@type\":\"EntryPoint\",\"urlTemplate\":\"https:\/\/www.fiscalia.gov.co\/colombia\/?s={search_term_string}\"},\"query-input\":{\"@type\":\"PropertyValueSpecification\",\"valueRequired\":true,\"valueName\":\"search_term_string\"}}],\"inLanguage\":\"es-CO\"},{\"@type\":\"Organization\",\"@id\":\"https:\/\/www.fiscalia.gov.co\/colombia\/#organization\",\"name\":\"Fiscal\u00eda General de la Naci\u00f3n\",\"url\":\"https:\/\/www.fiscalia.gov.co\/colombia\/\",\"logo\":{\"@type\":\"ImageObject\",\"inLanguage\":\"es-CO\",\"@id\":\"https:\/\/www.fiscalia.gov.co\/colombia\/#\/schema\/logo\/image\/\",\"url\":\"https:\/\/www.fiscalia.gov.co\/colombia\/wp-content\/uploads\/LogoHorizontal_1.jpg\",\"contentUrl\":\"https:\/\/www.fiscalia.gov.co\/colombia\/wp-content\/uploads\/LogoHorizontal_1.jpg\",\"width\":300,\"height\":90,\"caption\":\"Fiscal\u00eda General de la Naci\u00f3n\"},\"image\":{\"@id\":\"https:\/\/www.fiscalia.gov.co\/colombia\/#\/schema\/logo\/image\/\"},\"sameAs\":[\"https:\/\/www.facebook.com\/FiscaliaCol\",\"https:\/\/x.com\/FiscaliaCol\",\"https:\/\/www.instagram.com\/fiscaliacol\",\"https:\/\/www.linkedin.com\/company\/fiscalia-general-de-la-naci-n\/\",\"https:\/\/youtube.com\/@fiscaliageneraldelanacion-4668?si=6nN79nyQICPU5iTh\"]},{\"@type\":\"Person\",\"@id\":\"https:\/\/www.fiscalia.gov.co\/colombia\/#\/schema\/person\/176195b99ebab0a52aafa15197e1bf80\",\"name\":\"Winnie Geraldine Rodr\u00edguez Navarrete\",\"image\":{\"@type\":\"ImageObject\",\"inLanguage\":\"es-CO\",\"@id\":\"https:\/\/www.fiscalia.gov.co\/colombia\/#\/schema\/person\/image\/\",\"url\":\"https:\/\/secure.gravatar.com\/avatar\/c24cf8481dc84fa5e8c7b20bc95ab0c6?s=96&d=mm&r=g\",\"contentUrl\":\"https:\/\/secure.gravatar.com\/avatar\/c24cf8481dc84fa5e8c7b20bc95ab0c6?s=96&d=mm&r=g\",\"caption\":\"Winnie Geraldine Rodr\u00edguez Navarrete\"},\"url\":\"https:\/\/www.fiscalia.gov.co\/colombia\/author\/winnierodriguez\/\"}]}<\/script>\n<!-- \/ Yoast SEO plugin. -->","yoast_head_json":{"title":"Fiscal\u00eda General de la Naci\u00f3n","description":"P\u00e1gina oficial de la Fiscal\u00eda General de la Naci\u00f3n \u2013 Colombia. Garantizamos el acceso efectivo a la justicia, la verdad y la reparaci\u00f3n de las v\u00edctimas de los delitos.","robots":{"index":"noindex","follow":"follow"},"og_locale":"es_ES","og_type":"article","og_title":"Fiscal\u00eda General de la Naci\u00f3n","og_description":"P\u00e1gina oficial de la Fiscal\u00eda General de la Naci\u00f3n \u2013 Colombia. Garantizamos el acceso efectivo a la justicia, la verdad y la reparaci\u00f3n de las v\u00edctimas de los delitos.","og_url":"https:\/\/www.fiscalia.gov.co\/colombia\/noticias\/para-cumplir-condena-de-mas-de-13-anos-por-tentativa-de-homicidio-la-fiscalia-logra-la-captura-de-alias-chaquiro\/","og_site_name":"Fiscal\u00eda General de la Naci\u00f3n","article_publisher":"https:\/\/www.facebook.com\/FiscaliaCol","article_published_time":"2023-02-06T21:08:26+00:00","article_modified_time":"2023-02-06T21:52:11+00:00","og_image":[{"url":"https:\/\/www.fiscalia.gov.co\/colombia\/wp-content\/uploads\/WhatsApp-Image-2023-02-06-at-4.03.38-PM-1-300x169.jpeg","type":"","width":"","height":""}],"author":"Winnie Geraldine Rodr\u00edguez Navarrete","twitter_card":"summary_large_image","twitter_creator":"@FiscaliaCol","twitter_site":"@FiscaliaCol","twitter_misc":{"Escrito por":"Winnie Geraldine Rodr\u00edguez Navarrete","Tiempo de lectura":"2 minutos"},"schema":{"@context":"https:\/\/schema.org","@graph":[{"@type":"Article","@id":"https:\/\/www.fiscalia.gov.co\/colombia\/noticias\/para-cumplir-condena-de-mas-de-13-anos-por-tentativa-de-homicidio-la-fiscalia-logra-la-captura-de-alias-chaquiro\/#article","isPartOf":{"@id":"https:\/\/www.fiscalia.gov.co\/colombia\/noticias\/para-cumplir-condena-de-mas-de-13-anos-por-tentativa-de-homicidio-la-fiscalia-logra-la-captura-de-alias-chaquiro\/"},"author":{"name":"Winnie Geraldine Rodr\u00edguez Navarrete","@id":"https:\/\/www.fiscalia.gov.co\/colombia\/#\/schema\/person\/176195b99ebab0a52aafa15197e1bf80"},"headline":"Para cumplir condena de m\u00e1s de 13 a\u00f1os por tentativa de homicidio, la Fiscal\u00eda logra la captura de alias \u2018Chaquiro\u2019","datePublished":"2023-02-06T21:08:26+00:00","dateModified":"2023-02-06T21:52:11+00:00","mainEntityOfPage":{"@id":"https:\/\/www.fiscalia.gov.co\/colombia\/noticias\/para-cumplir-condena-de-mas-de-13-anos-por-tentativa-de-homicidio-la-fiscalia-logra-la-captura-de-alias-chaquiro\/"},"wordCount":404,"publisher":{"@id":"https:\/\/www.fiscalia.gov.co\/colombia\/#organization"},"image":{"@id":"https:\/\/www.fiscalia.gov.co\/colombia\/noticias\/para-cumplir-condena-de-mas-de-13-anos-por-tentativa-de-homicidio-la-fiscalia-logra-la-captura-de-alias-chaquiro\/#primaryimage"},"thumbnailUrl":"https:\/\/www.fiscalia.gov.co\/colombia\/wp-content\/uploads\/WhatsApp-Image-2023-02-06-at-4.03.38-PM-1-300x169.jpeg","keywords":["Fiscal Barbosa","Fiscal\u00eda General de la Naci\u00f3n","Pereira (Risaralda)"],"articleSection":["Noticias","Seccional Pereira","Seccionales","Seguridad territorial"],"inLanguage":"es-CO"},{"@type":"WebPage","@id":"https:\/\/www.fiscalia.gov.co\/colombia\/noticias\/para-cumplir-condena-de-mas-de-13-anos-por-tentativa-de-homicidio-la-fiscalia-logra-la-captura-de-alias-chaquiro\/","url":"https:\/\/www.fiscalia.gov.co\/colombia\/noticias\/para-cumplir-condena-de-mas-de-13-anos-por-tentativa-de-homicidio-la-fiscalia-logra-la-captura-de-alias-chaquiro\/","name":"Fiscal\u00eda General de la Naci\u00f3n","isPartOf":{"@id":"https:\/\/www.fiscalia.gov.co\/colombia\/#website"},"primaryImageOfPage":{"@id":"https:\/\/www.fiscalia.gov.co\/colombia\/noticias\/para-cumplir-condena-de-mas-de-13-anos-por-tentativa-de-homicidio-la-fiscalia-logra-la-captura-de-alias-chaquiro\/#primaryimage"},"image":{"@id":"https:\/\/www.fiscalia.gov.co\/colombia\/noticias\/para-cumplir-condena-de-mas-de-13-anos-por-tentativa-de-homicidio-la-fiscalia-logra-la-captura-de-alias-chaquiro\/#primaryimage"},"thumbnailUrl":"https:\/\/www.fiscalia.gov.co\/colombia\/wp-content\/uploads\/WhatsApp-Image-2023-02-06-at-4.03.38-PM-1-300x169.jpeg","datePublished":"2023-02-06T21:08:26+00:00","dateModified":"2023-02-06T21:52:11+00:00","description":"P\u00e1gina oficial de la Fiscal\u00eda General de la Naci\u00f3n \u2013 Colombia. Garantizamos el acceso efectivo a la justicia, la verdad y la reparaci\u00f3n de las v\u00edctimas de los delitos.","breadcrumb":{"@id":"https:\/\/www.fiscalia.gov.co\/colombia\/noticias\/para-cumplir-condena-de-mas-de-13-anos-por-tentativa-de-homicidio-la-fiscalia-logra-la-captura-de-alias-chaquiro\/#breadcrumb"},"inLanguage":"es-CO","potentialAction":[{"@type":"ReadAction","target":["https:\/\/www.fiscalia.gov.co\/colombia\/noticias\/para-cumplir-condena-de-mas-de-13-anos-por-tentativa-de-homicidio-la-fiscalia-logra-la-captura-de-alias-chaquiro\/"]}]},{"@type":"ImageObject","inLanguage":"es-CO","@id":"https:\/\/www.fiscalia.gov.co\/colombia\/noticias\/para-cumplir-condena-de-mas-de-13-anos-por-tentativa-de-homicidio-la-fiscalia-logra-la-captura-de-alias-chaquiro\/#primaryimage","url":"https:\/\/www.fiscalia.gov.co\/colombia\/wp-content\/uploads\/WhatsApp-Image-2023-02-06-at-4.03.38-PM-1-300x169.jpeg","contentUrl":"https:\/\/www.fiscalia.gov.co\/colombia\/wp-content\/uploads\/WhatsApp-Image-2023-02-06-at-4.03.38-PM-1-300x169.jpeg"},{"@type":"BreadcrumbList","@id":"https:\/\/www.fiscalia.gov.co\/colombia\/noticias\/para-cumplir-condena-de-mas-de-13-anos-por-tentativa-de-homicidio-la-fiscalia-logra-la-captura-de-alias-chaquiro\/#breadcrumb","itemListElement":[{"@type":"ListItem","position":1,"name":"Home","item":"https:\/\/www.fiscalia.gov.co\/colombia\/"},{"@type":"ListItem","position":2,"name":"Para cumplir condena de m\u00e1s de 13 a\u00f1os por tentativa de homicidio, la Fiscal\u00eda logra la captura de alias \u2018Chaquiro\u2019"}]},{"@type":"WebSite","@id":"https:\/\/www.fiscalia.gov.co\/colombia\/#website","url":"https:\/\/www.fiscalia.gov.co\/colombia\/","name":"Fiscal\u00eda General de la Naci\u00f3n","description":"P\u00e1gina oficial de la Fiscal\u00eda General de la Naci\u00f3n \u2013 Colombia. Garantizamos el acceso efectivo a la justicia, la verdad y la reparaci\u00f3n de las v\u00edctimas de los delitos.","publisher":{"@id":"https:\/\/www.fiscalia.gov.co\/colombia\/#organization"},"potentialAction":[{"@type":"SearchAction","target":{"@type":"EntryPoint","urlTemplate":"https:\/\/www.fiscalia.gov.co\/colombia\/?s={search_term_string}"},"query-input":{"@type":"PropertyValueSpecification","valueRequired":true,"valueName":"search_term_string"}}],"inLanguage":"es-CO"},{"@type":"Organization","@id":"https:\/\/www.fiscalia.gov.co\/colombia\/#organization","name":"Fiscal\u00eda General de la Naci\u00f3n","url":"https:\/\/www.fiscalia.gov.co\/colombia\/","logo":{"@type":"ImageObject","inLanguage":"es-CO","@id":"https:\/\/www.fiscalia.gov.co\/colombia\/#\/schema\/logo\/image\/","url":"https:\/\/www.fiscalia.gov.co\/colombia\/wp-content\/uploads\/LogoHorizontal_1.jpg","contentUrl":"https:\/\/www.fiscalia.gov.co\/colombia\/wp-content\/uploads\/LogoHorizontal_1.jpg","width":300,"height":90,"caption":"Fiscal\u00eda General de la Naci\u00f3n"},"image":{"@id":"https:\/\/www.fiscalia.gov.co\/colombia\/#\/schema\/logo\/image\/"},"sameAs":["https:\/\/www.facebook.com\/FiscaliaCol","https:\/\/x.com\/FiscaliaCol","https:\/\/www.instagram.com\/fiscaliacol","https:\/\/www.linkedin.com\/company\/fiscalia-general-de-la-naci-n\/","https:\/\/youtube.com\/@fiscaliageneraldelanacion-4668?si=6nN79nyQICPU5iTh"]},{"@type":"Person","@id":"https:\/\/www.fiscalia.gov.co\/colombia\/#\/schema\/person\/176195b99ebab0a52aafa15197e1bf80","name":"Winnie Geraldine Rodr\u00edguez Navarrete","image":{"@type":"ImageObject","inLanguage":"es-CO","@id":"https:\/\/www.fiscalia.gov.co\/colombia\/#\/schema\/person\/image\/","url":"https:\/\/secure.gravatar.com\/avatar\/c24cf8481dc84fa5e8c7b20bc95ab0c6?s=96&d=mm&r=g","contentUrl":"https:\/\/secure.gravatar.com\/avatar\/c24cf8481dc84fa5e8c7b20bc95ab0c6?s=96&d=mm&r=g","caption":"Winnie Geraldine Rodr\u00edguez Navarrete"},"url":"https:\/\/www.fiscalia.gov.co\/colombia\/author\/winnierodriguez\/"}]}},"_links":{"self":[{"href":"https:\/\/www.fiscalia.gov.co\/colombia\/wp-json\/wp\/v2\/posts\/265810","targetHints":{"allow":["GET"]}}],"collection":[{"href":"https:\/\/www.fiscalia.gov.co\/colombia\/wp-json\/wp\/v2\/posts"}],"about":[{"href":"https:\/\/www.fiscalia.gov.co\/colombia\/wp-json\/wp\/v2\/types\/post"}],"author":[{"embeddable":true,"href":"https:\/\/www.fiscalia.gov.co\/colombia\/wp-json\/wp\/v2\/users\/178"}],"replies":[{"embeddable":true,"href":"https:\/\/www.fiscalia.gov.co\/colombia\/wp-json\/wp\/v2\/comments?post=265810"}],"version-history":[{"count":2,"href":"https:\/\/www.fiscalia.gov.co\/colombia\/wp-json\/wp\/v2\/posts\/265810\/revisions"}],"predecessor-version":[{"id":265813,"href":"https:\/\/www.fiscalia.gov.co\/colombia\/wp-json\/wp\/v2\/posts\/265810\/revisions\/265813"}],"wp:attachment":[{"href":"https:\/\/www.fiscalia.gov.co\/colombia\/wp-json\/wp\/v2\/media?parent=265810"}],"wp:term":[{"taxonomy":"category","embeddable":true,"href":"https:\/\/www.fiscalia.gov.co\/colombia\/wp-json\/wp\/v2\/categories?post=265810"},{"taxonomy":"post_tag","embeddable":true,"href":"https:\/\/www.fiscalia.gov.co\/colombia\/wp-json\/wp\/v2\/tags?post=265810"}],"curies":[{"name":"wp","href":"https:\/\/api.w.org\/{rel}","templated":true}]}}