{"id":265803,"date":"2023-02-06T15:07:25","date_gmt":"2023-02-06T20:07:25","guid":{"rendered":"https:\/\/www.fiscalia.gov.co\/colombia\/?p=265803"},"modified":"2023-02-06T15:07:25","modified_gmt":"2023-02-06T20:07:25","slug":"a-la-carcel-presunto-integrante-del-clan-del-golfo-dedicado-al-homicidio-y-el-trafico-de-estupefacientes","status":"publish","type":"post","link":"https:\/\/www.fiscalia.gov.co\/colombia\/noticias\/a-la-carcel-presunto-integrante-del-clan-del-golfo-dedicado-al-homicidio-y-el-trafico-de-estupefacientes\/","title":{"rendered":"A la c\u00e1rcel presunto integrante del Clan del Golfo dedicado al homicidio y el tr\u00e1fico de estupefacientes"},"content":{"rendered":"<h4><strong><i>La Fiscal\u00eda tiene material probatorio suficiente para demostrar que Yohandry Ramos Ram\u00edrez, al parecer, delinqu\u00eda en varios municipios de Sucre para una organizaci\u00f3n criminal.<\/i><\/strong><\/h4>\n<p>La contundencia del material probatorio presentado por un especializado fue suficiente para que un juez avalara la solicitud de dictar medida de aseguramiento intramural en contra de Yohandry Ramos Ram\u00edrez por el delito de concierto para delinquir agravado por darse para homicidio y tr\u00e1fico de estupefacientes.<\/p>\n<figure id=\"attachment_265804\" aria-describedby=\"caption-attachment-265804\" style=\"width: 410px\" class=\"wp-caption aligncenter\"><img loading=\"lazy\" decoding=\"async\" class=\" wp-image-265804\" src=\"https:\/\/www.fiscalia.gov.co\/colombia\/wp-content\/uploads\/Yohandri-extorsio-Sucre-300x225.jpeg\" alt=\"En la imagen aparece una persona capturada entre dos polic\u00edas.\" width=\"410\" height=\"307\" srcset=\"https:\/\/www.fiscalia.gov.co\/colombia\/wp-content\/uploads\/Yohandri-extorsio-Sucre-300x225.jpeg 300w, https:\/\/www.fiscalia.gov.co\/colombia\/wp-content\/uploads\/Yohandri-extorsio-Sucre-1024x768.jpeg 1024w, https:\/\/www.fiscalia.gov.co\/colombia\/wp-content\/uploads\/Yohandri-extorsio-Sucre-768x576.jpeg 768w, https:\/\/www.fiscalia.gov.co\/colombia\/wp-content\/uploads\/Yohandri-extorsio-Sucre-696x522.jpeg 696w, https:\/\/www.fiscalia.gov.co\/colombia\/wp-content\/uploads\/Yohandri-extorsio-Sucre-1068x801.jpeg 1068w, https:\/\/www.fiscalia.gov.co\/colombia\/wp-content\/uploads\/Yohandri-extorsio-Sucre-560x420.jpeg 560w, https:\/\/www.fiscalia.gov.co\/colombia\/wp-content\/uploads\/Yohandri-extorsio-Sucre-80x60.jpeg 80w, https:\/\/www.fiscalia.gov.co\/colombia\/wp-content\/uploads\/Yohandri-extorsio-Sucre-265x198.jpeg 265w, https:\/\/www.fiscalia.gov.co\/colombia\/wp-content\/uploads\/Yohandri-extorsio-Sucre.jpeg 1280w\" sizes=\"auto, (max-width: 410px) 100vw, 410px\" \/><figcaption id=\"caption-attachment-265804\" class=\"wp-caption-text\">Alias \u2018Luis\u2019, al parecer\u2019 se dedicaba a la extorsi\u00f3n y a cometer homicidios selectivos.<\/figcaption><\/figure>\n<p>Seg\u00fan el ente investigador, el indiciado, quien no acept\u00f3 el cargo endilgado por el Fiscal, presuntamente desempe\u00f1aba el rol de integrante urbano y de punto de la subestructura Manuel Jos\u00e9 Gait\u00e1n, de la estructura Erlin Pino Duarte, del Clan del Golfo, dedicada a cometer delitos como extorsiones, homicidios y tr\u00e1fico de estupefacientes en Sampu\u00e9s, Galeras, Sincelejo y otros municipios del departamento de Sucre.<\/p>\n<p>A su vez a \u2018Luis\u2019, como lo conocen en la organizaci\u00f3n, lo se\u00f1alaron varios testigos, quienes tambi\u00e9n pertenecieron a la estructura y aseguraron que se encargar\u00eda de homicidios selectivos y el menudeo de alucin\u00f3genos en estos municipios. Incluso, que sus actos se habr\u00edan cometido desde agosto de 2021 hasta el d\u00eda que fue judicializado.<\/p>\n<p>Luego de su captura el 20 de enero en curso en Nemoc\u00f3n (Cundinamarca), un juez Bacrim lo envi\u00f3 a prisi\u00f3n.<\/p>\n<p><b>La Fiscal\u00eda habla con resultados.<\/b><\/p>\n<p>&nbsp;<\/p>\n<p>&nbsp;<\/p>\n<p>&nbsp;<\/p>\n<p>&nbsp;<\/p>\n<p>VHGB\/FAGH\/AR\/DSS<\/p>\n<p>&nbsp;<\/p>\n<p><b>Le puede interesar:<\/b><\/p>\n<p>&nbsp;<\/p>\n<p><a href=\"https:\/\/www.fiscalia.gov.co\/colombia\/noticias\/a-la-carcel-alias-la-mona-presunta-cabecilla-de-subestructura-del-clan-del-golfo\/\" target=\"_blank\" rel=\"noopener\" data-saferedirecturl=\"https:\/\/www.google.com\/url?q=https:\/\/www.fiscalia.gov.co\/colombia\/noticias\/a-la-carcel-alias-la-mona-presunta-cabecilla-de-subestructura-del-clan-del-golfo\/&amp;source=gmail&amp;ust=1675798480165000&amp;usg=AOvVaw2WYdI3b-gx3K-pQp7SEvF5\">A la c\u00e1rcel alias \u2018La Mona\u2019 presunta cabecilla de subestructura del Clan del Golfo<\/a><\/p>\n<p><a href=\"https:\/\/www.fiscalia.gov.co\/colombia\/noticias\/a-la-carcel-cuatro-presuntos-extorsionistas-de-las-autodefensas\/\" target=\"_blank\" rel=\"noopener\" data-saferedirecturl=\"https:\/\/www.google.com\/url?q=https:\/\/www.fiscalia.gov.co\/colombia\/noticias\/a-la-carcel-cuatro-presuntos-extorsionistas-de-las-autodefensas\/&amp;source=gmail&amp;ust=1675798480165000&amp;usg=AOvVaw0Iztf74nONZrjf_iCpoRmN\">A la c\u00e1rcel cuatro presuntos extorsionistas de las autodefensas<\/a><\/p>\n<p align=\"center\"><b>\u00a0<\/b><\/p>\n<p align=\"center\">\n<p align=\"center\">\n<p><em><span lang=\"ES\">La informaci\u00f3n contenida en este bolet\u00edn de prensa corresponde a la narraci\u00f3n de los hechos noticiosos objetivos, suministrados por los funcionarios encargados de adelantar las investigaciones penales al interior de la Fiscal\u00eda General de la Naci\u00f3n. Para el momento de la divulgaci\u00f3n de este comunicado, la situaci\u00f3n jur\u00eddica de la(s) persona(s) relacionada(s) se encuentra pendiente de resolver por la autoridad judicial competente, siempre bajo los preceptos de la presunci\u00f3n de inocencia, consagrados en el art\u00edculo 29 de la Constituci\u00f3n Pol\u00edtica y el art\u00edculo 7\u00ba de la Ley 906 de 2004.<\/span><\/em><\/p>\n\n<div class=\"twitter-share\"><a href=\"https:\/\/twitter.com\/intent\/tweet?via=fiscaliacol\" class=\"twitter-share-button\">Tweet<\/a><\/div>\n","protected":false},"excerpt":{"rendered":"<p>La Fiscal\u00eda tiene material probatorio suficiente para demostrar que Yohandry Ramos Ram\u00edrez, al parecer, delinqu\u00eda en varios municipios de Sucre para una organizaci\u00f3n criminal. La contundencia del material probatorio presentado por un especializado fue suficiente para que un juez avalara la solicitud de dictar medida de aseguramiento intramural en contra de Yohandry Ramos Ram\u00edrez por [&hellip;]<\/p>\n","protected":false},"author":178,"featured_media":0,"comment_status":"closed","ping_status":"open","sticky":false,"template":"","format":"standard","meta":{"_price":"","_stock":"","_tribe_ticket_header":"","_tribe_default_ticket_provider":"","_tribe_ticket_capacity":"0","_ticket_start_date":"","_ticket_end_date":"","_tribe_ticket_show_description":"","_tribe_ticket_show_not_going":false,"_tribe_ticket_use_global_stock":"","_tribe_ticket_global_stock_level":"","_global_stock_mode":"","_global_stock_cap":"","_tribe_rsvp_for_event":"","_tribe_ticket_going_count":"","_tribe_ticket_not_going_count":"","_tribe_tickets_list":"[]","_tribe_ticket_has_attendee_info_fields":false,"tdm_status":"","tdm_grid_status":"","footnotes":""},"categories":[1,12641,303,24099],"tags":[18672,871,24187,1047,33880,409,1185,558,28510,23842,29313,2437],"class_list":{"0":"post-265803","1":"post","2":"type-post","3":"status-publish","4":"format-standard","6":"category-noticias","7":"category-seccional-sucre","8":"category-seccionales","9":"category-seguridad-territorial","10":"tag-clan-del-golfo","11":"tag-extorion","12":"tag-fiscalia-colombia","13":"tag-fiscalia-general-de-la-nacion","14":"tag-galeras","15":"tag-homicidio","16":"tag-medida-de-aseguramiento","17":"tag-policia-nacional","18":"tag-sampues","19":"tag-sincelejo","20":"tag-sincelejo-sucre","21":"tag-sucre"},"yoast_head":"<!-- This site is optimized with the Yoast SEO plugin v24.3 - https:\/\/yoast.com\/wordpress\/plugins\/seo\/ -->\n<title>Fiscal\u00eda General de la Naci\u00f3n<\/title>\n<meta name=\"description\" content=\"P\u00e1gina oficial de la Fiscal\u00eda General de la Naci\u00f3n \u2013 Colombia. Garantizamos el acceso efectivo a la justicia, la verdad y la reparaci\u00f3n de las v\u00edctimas de los delitos.\" \/>\n<meta name=\"robots\" content=\"noindex, follow\" \/>\n<meta property=\"og:locale\" content=\"es_ES\" \/>\n<meta property=\"og:type\" content=\"article\" \/>\n<meta property=\"og:title\" content=\"Fiscal\u00eda General de la Naci\u00f3n\" \/>\n<meta property=\"og:description\" content=\"P\u00e1gina oficial de la Fiscal\u00eda General de la Naci\u00f3n \u2013 Colombia. Garantizamos el acceso efectivo a la justicia, la verdad y la reparaci\u00f3n de las v\u00edctimas de los delitos.\" \/>\n<meta property=\"og:url\" content=\"https:\/\/www.fiscalia.gov.co\/colombia\/noticias\/a-la-carcel-presunto-integrante-del-clan-del-golfo-dedicado-al-homicidio-y-el-trafico-de-estupefacientes\/\" \/>\n<meta property=\"og:site_name\" content=\"Fiscal\u00eda General de la Naci\u00f3n\" \/>\n<meta property=\"article:publisher\" content=\"https:\/\/www.facebook.com\/FiscaliaCol\" \/>\n<meta property=\"article:published_time\" content=\"2023-02-06T20:07:25+00:00\" \/>\n<meta property=\"og:image\" content=\"https:\/\/www.fiscalia.gov.co\/colombia\/wp-content\/uploads\/Yohandri-extorsio-Sucre-300x225.jpeg\" \/>\n<meta name=\"author\" content=\"Winnie Geraldine Rodr\u00edguez Navarrete\" \/>\n<meta name=\"twitter:card\" content=\"summary_large_image\" \/>\n<meta name=\"twitter:creator\" content=\"@FiscaliaCol\" \/>\n<meta name=\"twitter:site\" content=\"@FiscaliaCol\" \/>\n<meta name=\"twitter:label1\" content=\"Escrito por\" \/>\n\t<meta name=\"twitter:data1\" content=\"Winnie Geraldine Rodr\u00edguez Navarrete\" \/>\n\t<meta name=\"twitter:label2\" content=\"Tiempo de lectura\" \/>\n\t<meta name=\"twitter:data2\" content=\"2 minutos\" \/>\n<script type=\"application\/ld+json\" class=\"yoast-schema-graph\">{\"@context\":\"https:\/\/schema.org\",\"@graph\":[{\"@type\":\"Article\",\"@id\":\"https:\/\/www.fiscalia.gov.co\/colombia\/noticias\/a-la-carcel-presunto-integrante-del-clan-del-golfo-dedicado-al-homicidio-y-el-trafico-de-estupefacientes\/#article\",\"isPartOf\":{\"@id\":\"https:\/\/www.fiscalia.gov.co\/colombia\/noticias\/a-la-carcel-presunto-integrante-del-clan-del-golfo-dedicado-al-homicidio-y-el-trafico-de-estupefacientes\/\"},\"author\":{\"name\":\"Winnie Geraldine Rodr\u00edguez Navarrete\",\"@id\":\"https:\/\/www.fiscalia.gov.co\/colombia\/#\/schema\/person\/176195b99ebab0a52aafa15197e1bf80\"},\"headline\":\"A la c\u00e1rcel presunto integrante del Clan del Golfo dedicado al homicidio y el tr\u00e1fico de estupefacientes\",\"datePublished\":\"2023-02-06T20:07:25+00:00\",\"dateModified\":\"2023-02-06T20:07:25+00:00\",\"mainEntityOfPage\":{\"@id\":\"https:\/\/www.fiscalia.gov.co\/colombia\/noticias\/a-la-carcel-presunto-integrante-del-clan-del-golfo-dedicado-al-homicidio-y-el-trafico-de-estupefacientes\/\"},\"wordCount\":412,\"publisher\":{\"@id\":\"https:\/\/www.fiscalia.gov.co\/colombia\/#organization\"},\"image\":{\"@id\":\"https:\/\/www.fiscalia.gov.co\/colombia\/noticias\/a-la-carcel-presunto-integrante-del-clan-del-golfo-dedicado-al-homicidio-y-el-trafico-de-estupefacientes\/#primaryimage\"},\"thumbnailUrl\":\"https:\/\/www.fiscalia.gov.co\/colombia\/wp-content\/uploads\/Yohandri-extorsio-Sucre-300x225.jpeg\",\"keywords\":[\"Clan del Golfo\",\"Extorsi\u00f3n\",\"Fiscal\u00eda Colombia\",\"Fiscal\u00eda General de la Naci\u00f3n\",\"Galeras\",\"Homicidio\",\"Medida de aseguramiento\",\"Polic\u00eda Nacional\",\"Sampu\u00e9s\",\"Sincelejo\",\"Sincelejo (Sucre)\",\"Sucre\"],\"articleSection\":[\"Noticias\",\"Seccional Sucre\",\"Seccionales\",\"Seguridad territorial\"],\"inLanguage\":\"es-CO\"},{\"@type\":\"WebPage\",\"@id\":\"https:\/\/www.fiscalia.gov.co\/colombia\/noticias\/a-la-carcel-presunto-integrante-del-clan-del-golfo-dedicado-al-homicidio-y-el-trafico-de-estupefacientes\/\",\"url\":\"https:\/\/www.fiscalia.gov.co\/colombia\/noticias\/a-la-carcel-presunto-integrante-del-clan-del-golfo-dedicado-al-homicidio-y-el-trafico-de-estupefacientes\/\",\"name\":\"Fiscal\u00eda General de la Naci\u00f3n\",\"isPartOf\":{\"@id\":\"https:\/\/www.fiscalia.gov.co\/colombia\/#website\"},\"primaryImageOfPage\":{\"@id\":\"https:\/\/www.fiscalia.gov.co\/colombia\/noticias\/a-la-carcel-presunto-integrante-del-clan-del-golfo-dedicado-al-homicidio-y-el-trafico-de-estupefacientes\/#primaryimage\"},\"image\":{\"@id\":\"https:\/\/www.fiscalia.gov.co\/colombia\/noticias\/a-la-carcel-presunto-integrante-del-clan-del-golfo-dedicado-al-homicidio-y-el-trafico-de-estupefacientes\/#primaryimage\"},\"thumbnailUrl\":\"https:\/\/www.fiscalia.gov.co\/colombia\/wp-content\/uploads\/Yohandri-extorsio-Sucre-300x225.jpeg\",\"datePublished\":\"2023-02-06T20:07:25+00:00\",\"dateModified\":\"2023-02-06T20:07:25+00:00\",\"description\":\"P\u00e1gina oficial de la Fiscal\u00eda General de la Naci\u00f3n \u2013 Colombia. Garantizamos el acceso efectivo a la justicia, la verdad y la reparaci\u00f3n de las v\u00edctimas de los delitos.\",\"breadcrumb\":{\"@id\":\"https:\/\/www.fiscalia.gov.co\/colombia\/noticias\/a-la-carcel-presunto-integrante-del-clan-del-golfo-dedicado-al-homicidio-y-el-trafico-de-estupefacientes\/#breadcrumb\"},\"inLanguage\":\"es-CO\",\"potentialAction\":[{\"@type\":\"ReadAction\",\"target\":[\"https:\/\/www.fiscalia.gov.co\/colombia\/noticias\/a-la-carcel-presunto-integrante-del-clan-del-golfo-dedicado-al-homicidio-y-el-trafico-de-estupefacientes\/\"]}]},{\"@type\":\"ImageObject\",\"inLanguage\":\"es-CO\",\"@id\":\"https:\/\/www.fiscalia.gov.co\/colombia\/noticias\/a-la-carcel-presunto-integrante-del-clan-del-golfo-dedicado-al-homicidio-y-el-trafico-de-estupefacientes\/#primaryimage\",\"url\":\"https:\/\/www.fiscalia.gov.co\/colombia\/wp-content\/uploads\/Yohandri-extorsio-Sucre-300x225.jpeg\",\"contentUrl\":\"https:\/\/www.fiscalia.gov.co\/colombia\/wp-content\/uploads\/Yohandri-extorsio-Sucre-300x225.jpeg\"},{\"@type\":\"BreadcrumbList\",\"@id\":\"https:\/\/www.fiscalia.gov.co\/colombia\/noticias\/a-la-carcel-presunto-integrante-del-clan-del-golfo-dedicado-al-homicidio-y-el-trafico-de-estupefacientes\/#breadcrumb\",\"itemListElement\":[{\"@type\":\"ListItem\",\"position\":1,\"name\":\"Home\",\"item\":\"https:\/\/www.fiscalia.gov.co\/colombia\/\"},{\"@type\":\"ListItem\",\"position\":2,\"name\":\"A la c\u00e1rcel presunto integrante del Clan del Golfo dedicado al homicidio y el tr\u00e1fico de estupefacientes\"}]},{\"@type\":\"WebSite\",\"@id\":\"https:\/\/www.fiscalia.gov.co\/colombia\/#website\",\"url\":\"https:\/\/www.fiscalia.gov.co\/colombia\/\",\"name\":\"Fiscal\u00eda General de la Naci\u00f3n\",\"description\":\"P\u00e1gina oficial de la Fiscal\u00eda General de la Naci\u00f3n \u2013 Colombia. Garantizamos el acceso efectivo a la justicia, la verdad y la reparaci\u00f3n de las v\u00edctimas de los delitos.\",\"publisher\":{\"@id\":\"https:\/\/www.fiscalia.gov.co\/colombia\/#organization\"},\"potentialAction\":[{\"@type\":\"SearchAction\",\"target\":{\"@type\":\"EntryPoint\",\"urlTemplate\":\"https:\/\/www.fiscalia.gov.co\/colombia\/?s={search_term_string}\"},\"query-input\":{\"@type\":\"PropertyValueSpecification\",\"valueRequired\":true,\"valueName\":\"search_term_string\"}}],\"inLanguage\":\"es-CO\"},{\"@type\":\"Organization\",\"@id\":\"https:\/\/www.fiscalia.gov.co\/colombia\/#organization\",\"name\":\"Fiscal\u00eda General de la Naci\u00f3n\",\"url\":\"https:\/\/www.fiscalia.gov.co\/colombia\/\",\"logo\":{\"@type\":\"ImageObject\",\"inLanguage\":\"es-CO\",\"@id\":\"https:\/\/www.fiscalia.gov.co\/colombia\/#\/schema\/logo\/image\/\",\"url\":\"https:\/\/www.fiscalia.gov.co\/colombia\/wp-content\/uploads\/LogoHorizontal_1.jpg\",\"contentUrl\":\"https:\/\/www.fiscalia.gov.co\/colombia\/wp-content\/uploads\/LogoHorizontal_1.jpg\",\"width\":300,\"height\":90,\"caption\":\"Fiscal\u00eda General de la Naci\u00f3n\"},\"image\":{\"@id\":\"https:\/\/www.fiscalia.gov.co\/colombia\/#\/schema\/logo\/image\/\"},\"sameAs\":[\"https:\/\/www.facebook.com\/FiscaliaCol\",\"https:\/\/x.com\/FiscaliaCol\",\"https:\/\/www.instagram.com\/fiscaliacol\",\"https:\/\/www.linkedin.com\/company\/fiscalia-general-de-la-naci-n\/\",\"https:\/\/youtube.com\/@fiscaliageneraldelanacion-4668?si=6nN79nyQICPU5iTh\"]},{\"@type\":\"Person\",\"@id\":\"https:\/\/www.fiscalia.gov.co\/colombia\/#\/schema\/person\/176195b99ebab0a52aafa15197e1bf80\",\"name\":\"Winnie Geraldine Rodr\u00edguez Navarrete\",\"image\":{\"@type\":\"ImageObject\",\"inLanguage\":\"es-CO\",\"@id\":\"https:\/\/www.fiscalia.gov.co\/colombia\/#\/schema\/person\/image\/\",\"url\":\"https:\/\/secure.gravatar.com\/avatar\/c24cf8481dc84fa5e8c7b20bc95ab0c6?s=96&d=mm&r=g\",\"contentUrl\":\"https:\/\/secure.gravatar.com\/avatar\/c24cf8481dc84fa5e8c7b20bc95ab0c6?s=96&d=mm&r=g\",\"caption\":\"Winnie Geraldine Rodr\u00edguez Navarrete\"},\"url\":\"https:\/\/www.fiscalia.gov.co\/colombia\/author\/winnierodriguez\/\"}]}<\/script>\n<!-- \/ Yoast SEO plugin. -->","yoast_head_json":{"title":"Fiscal\u00eda General de la Naci\u00f3n","description":"P\u00e1gina oficial de la Fiscal\u00eda General de la Naci\u00f3n \u2013 Colombia. Garantizamos el acceso efectivo a la justicia, la verdad y la reparaci\u00f3n de las v\u00edctimas de los delitos.","robots":{"index":"noindex","follow":"follow"},"og_locale":"es_ES","og_type":"article","og_title":"Fiscal\u00eda General de la Naci\u00f3n","og_description":"P\u00e1gina oficial de la Fiscal\u00eda General de la Naci\u00f3n \u2013 Colombia. Garantizamos el acceso efectivo a la justicia, la verdad y la reparaci\u00f3n de las v\u00edctimas de los delitos.","og_url":"https:\/\/www.fiscalia.gov.co\/colombia\/noticias\/a-la-carcel-presunto-integrante-del-clan-del-golfo-dedicado-al-homicidio-y-el-trafico-de-estupefacientes\/","og_site_name":"Fiscal\u00eda General de la Naci\u00f3n","article_publisher":"https:\/\/www.facebook.com\/FiscaliaCol","article_published_time":"2023-02-06T20:07:25+00:00","og_image":[{"url":"https:\/\/www.fiscalia.gov.co\/colombia\/wp-content\/uploads\/Yohandri-extorsio-Sucre-300x225.jpeg","type":"","width":"","height":""}],"author":"Winnie Geraldine Rodr\u00edguez Navarrete","twitter_card":"summary_large_image","twitter_creator":"@FiscaliaCol","twitter_site":"@FiscaliaCol","twitter_misc":{"Escrito por":"Winnie Geraldine Rodr\u00edguez Navarrete","Tiempo de lectura":"2 minutos"},"schema":{"@context":"https:\/\/schema.org","@graph":[{"@type":"Article","@id":"https:\/\/www.fiscalia.gov.co\/colombia\/noticias\/a-la-carcel-presunto-integrante-del-clan-del-golfo-dedicado-al-homicidio-y-el-trafico-de-estupefacientes\/#article","isPartOf":{"@id":"https:\/\/www.fiscalia.gov.co\/colombia\/noticias\/a-la-carcel-presunto-integrante-del-clan-del-golfo-dedicado-al-homicidio-y-el-trafico-de-estupefacientes\/"},"author":{"name":"Winnie Geraldine Rodr\u00edguez Navarrete","@id":"https:\/\/www.fiscalia.gov.co\/colombia\/#\/schema\/person\/176195b99ebab0a52aafa15197e1bf80"},"headline":"A la c\u00e1rcel presunto integrante del Clan del Golfo dedicado al homicidio y el tr\u00e1fico de estupefacientes","datePublished":"2023-02-06T20:07:25+00:00","dateModified":"2023-02-06T20:07:25+00:00","mainEntityOfPage":{"@id":"https:\/\/www.fiscalia.gov.co\/colombia\/noticias\/a-la-carcel-presunto-integrante-del-clan-del-golfo-dedicado-al-homicidio-y-el-trafico-de-estupefacientes\/"},"wordCount":412,"publisher":{"@id":"https:\/\/www.fiscalia.gov.co\/colombia\/#organization"},"image":{"@id":"https:\/\/www.fiscalia.gov.co\/colombia\/noticias\/a-la-carcel-presunto-integrante-del-clan-del-golfo-dedicado-al-homicidio-y-el-trafico-de-estupefacientes\/#primaryimage"},"thumbnailUrl":"https:\/\/www.fiscalia.gov.co\/colombia\/wp-content\/uploads\/Yohandri-extorsio-Sucre-300x225.jpeg","keywords":["Clan del Golfo","Extorsi\u00f3n","Fiscal\u00eda Colombia","Fiscal\u00eda General de la Naci\u00f3n","Galeras","Homicidio","Medida de aseguramiento","Polic\u00eda Nacional","Sampu\u00e9s","Sincelejo","Sincelejo (Sucre)","Sucre"],"articleSection":["Noticias","Seccional Sucre","Seccionales","Seguridad territorial"],"inLanguage":"es-CO"},{"@type":"WebPage","@id":"https:\/\/www.fiscalia.gov.co\/colombia\/noticias\/a-la-carcel-presunto-integrante-del-clan-del-golfo-dedicado-al-homicidio-y-el-trafico-de-estupefacientes\/","url":"https:\/\/www.fiscalia.gov.co\/colombia\/noticias\/a-la-carcel-presunto-integrante-del-clan-del-golfo-dedicado-al-homicidio-y-el-trafico-de-estupefacientes\/","name":"Fiscal\u00eda General de la Naci\u00f3n","isPartOf":{"@id":"https:\/\/www.fiscalia.gov.co\/colombia\/#website"},"primaryImageOfPage":{"@id":"https:\/\/www.fiscalia.gov.co\/colombia\/noticias\/a-la-carcel-presunto-integrante-del-clan-del-golfo-dedicado-al-homicidio-y-el-trafico-de-estupefacientes\/#primaryimage"},"image":{"@id":"https:\/\/www.fiscalia.gov.co\/colombia\/noticias\/a-la-carcel-presunto-integrante-del-clan-del-golfo-dedicado-al-homicidio-y-el-trafico-de-estupefacientes\/#primaryimage"},"thumbnailUrl":"https:\/\/www.fiscalia.gov.co\/colombia\/wp-content\/uploads\/Yohandri-extorsio-Sucre-300x225.jpeg","datePublished":"2023-02-06T20:07:25+00:00","dateModified":"2023-02-06T20:07:25+00:00","description":"P\u00e1gina oficial de la Fiscal\u00eda General de la Naci\u00f3n \u2013 Colombia. Garantizamos el acceso efectivo a la justicia, la verdad y la reparaci\u00f3n de las v\u00edctimas de los delitos.","breadcrumb":{"@id":"https:\/\/www.fiscalia.gov.co\/colombia\/noticias\/a-la-carcel-presunto-integrante-del-clan-del-golfo-dedicado-al-homicidio-y-el-trafico-de-estupefacientes\/#breadcrumb"},"inLanguage":"es-CO","potentialAction":[{"@type":"ReadAction","target":["https:\/\/www.fiscalia.gov.co\/colombia\/noticias\/a-la-carcel-presunto-integrante-del-clan-del-golfo-dedicado-al-homicidio-y-el-trafico-de-estupefacientes\/"]}]},{"@type":"ImageObject","inLanguage":"es-CO","@id":"https:\/\/www.fiscalia.gov.co\/colombia\/noticias\/a-la-carcel-presunto-integrante-del-clan-del-golfo-dedicado-al-homicidio-y-el-trafico-de-estupefacientes\/#primaryimage","url":"https:\/\/www.fiscalia.gov.co\/colombia\/wp-content\/uploads\/Yohandri-extorsio-Sucre-300x225.jpeg","contentUrl":"https:\/\/www.fiscalia.gov.co\/colombia\/wp-content\/uploads\/Yohandri-extorsio-Sucre-300x225.jpeg"},{"@type":"BreadcrumbList","@id":"https:\/\/www.fiscalia.gov.co\/colombia\/noticias\/a-la-carcel-presunto-integrante-del-clan-del-golfo-dedicado-al-homicidio-y-el-trafico-de-estupefacientes\/#breadcrumb","itemListElement":[{"@type":"ListItem","position":1,"name":"Home","item":"https:\/\/www.fiscalia.gov.co\/colombia\/"},{"@type":"ListItem","position":2,"name":"A la c\u00e1rcel presunto integrante del Clan del Golfo dedicado al homicidio y el tr\u00e1fico de estupefacientes"}]},{"@type":"WebSite","@id":"https:\/\/www.fiscalia.gov.co\/colombia\/#website","url":"https:\/\/www.fiscalia.gov.co\/colombia\/","name":"Fiscal\u00eda General de la Naci\u00f3n","description":"P\u00e1gina oficial de la Fiscal\u00eda General de la Naci\u00f3n \u2013 Colombia. Garantizamos el acceso efectivo a la justicia, la verdad y la reparaci\u00f3n de las v\u00edctimas de los delitos.","publisher":{"@id":"https:\/\/www.fiscalia.gov.co\/colombia\/#organization"},"potentialAction":[{"@type":"SearchAction","target":{"@type":"EntryPoint","urlTemplate":"https:\/\/www.fiscalia.gov.co\/colombia\/?s={search_term_string}"},"query-input":{"@type":"PropertyValueSpecification","valueRequired":true,"valueName":"search_term_string"}}],"inLanguage":"es-CO"},{"@type":"Organization","@id":"https:\/\/www.fiscalia.gov.co\/colombia\/#organization","name":"Fiscal\u00eda General de la Naci\u00f3n","url":"https:\/\/www.fiscalia.gov.co\/colombia\/","logo":{"@type":"ImageObject","inLanguage":"es-CO","@id":"https:\/\/www.fiscalia.gov.co\/colombia\/#\/schema\/logo\/image\/","url":"https:\/\/www.fiscalia.gov.co\/colombia\/wp-content\/uploads\/LogoHorizontal_1.jpg","contentUrl":"https:\/\/www.fiscalia.gov.co\/colombia\/wp-content\/uploads\/LogoHorizontal_1.jpg","width":300,"height":90,"caption":"Fiscal\u00eda General de la Naci\u00f3n"},"image":{"@id":"https:\/\/www.fiscalia.gov.co\/colombia\/#\/schema\/logo\/image\/"},"sameAs":["https:\/\/www.facebook.com\/FiscaliaCol","https:\/\/x.com\/FiscaliaCol","https:\/\/www.instagram.com\/fiscaliacol","https:\/\/www.linkedin.com\/company\/fiscalia-general-de-la-naci-n\/","https:\/\/youtube.com\/@fiscaliageneraldelanacion-4668?si=6nN79nyQICPU5iTh"]},{"@type":"Person","@id":"https:\/\/www.fiscalia.gov.co\/colombia\/#\/schema\/person\/176195b99ebab0a52aafa15197e1bf80","name":"Winnie Geraldine Rodr\u00edguez Navarrete","image":{"@type":"ImageObject","inLanguage":"es-CO","@id":"https:\/\/www.fiscalia.gov.co\/colombia\/#\/schema\/person\/image\/","url":"https:\/\/secure.gravatar.com\/avatar\/c24cf8481dc84fa5e8c7b20bc95ab0c6?s=96&d=mm&r=g","contentUrl":"https:\/\/secure.gravatar.com\/avatar\/c24cf8481dc84fa5e8c7b20bc95ab0c6?s=96&d=mm&r=g","caption":"Winnie Geraldine Rodr\u00edguez Navarrete"},"url":"https:\/\/www.fiscalia.gov.co\/colombia\/author\/winnierodriguez\/"}]}},"_links":{"self":[{"href":"https:\/\/www.fiscalia.gov.co\/colombia\/wp-json\/wp\/v2\/posts\/265803","targetHints":{"allow":["GET"]}}],"collection":[{"href":"https:\/\/www.fiscalia.gov.co\/colombia\/wp-json\/wp\/v2\/posts"}],"about":[{"href":"https:\/\/www.fiscalia.gov.co\/colombia\/wp-json\/wp\/v2\/types\/post"}],"author":[{"embeddable":true,"href":"https:\/\/www.fiscalia.gov.co\/colombia\/wp-json\/wp\/v2\/users\/178"}],"replies":[{"embeddable":true,"href":"https:\/\/www.fiscalia.gov.co\/colombia\/wp-json\/wp\/v2\/comments?post=265803"}],"version-history":[{"count":1,"href":"https:\/\/www.fiscalia.gov.co\/colombia\/wp-json\/wp\/v2\/posts\/265803\/revisions"}],"predecessor-version":[{"id":265805,"href":"https:\/\/www.fiscalia.gov.co\/colombia\/wp-json\/wp\/v2\/posts\/265803\/revisions\/265805"}],"wp:attachment":[{"href":"https:\/\/www.fiscalia.gov.co\/colombia\/wp-json\/wp\/v2\/media?parent=265803"}],"wp:term":[{"taxonomy":"category","embeddable":true,"href":"https:\/\/www.fiscalia.gov.co\/colombia\/wp-json\/wp\/v2\/categories?post=265803"},{"taxonomy":"post_tag","embeddable":true,"href":"https:\/\/www.fiscalia.gov.co\/colombia\/wp-json\/wp\/v2\/tags?post=265803"}],"curies":[{"name":"wp","href":"https:\/\/api.w.org\/{rel}","templated":true}]}}