{"id":265713,"date":"2023-02-03T16:03:22","date_gmt":"2023-02-03T21:03:22","guid":{"rendered":"https:\/\/www.fiscalia.gov.co\/colombia\/?p=265713"},"modified":"2023-02-03T16:03:22","modified_gmt":"2023-02-03T21:03:22","slug":"a-la-carcel-alias-fabiancito-por-el-homicidio-de-un-ciudadano-durante-un-ataque-armado-que-dejo-a-otras-tres-personas-mas-heridas","status":"publish","type":"post","link":"https:\/\/www.fiscalia.gov.co\/colombia\/noticias\/a-la-carcel-alias-fabiancito-por-el-homicidio-de-un-ciudadano-durante-un-ataque-armado-que-dejo-a-otras-tres-personas-mas-heridas\/","title":{"rendered":"A la c\u00e1rcel alias Fabiancito por el homicidio de un ciudadano durante un ataque armado que dej\u00f3 a otras tres personas m\u00e1s heridas"},"content":{"rendered":"<p><span lang=\"ES-CO\">Yeis\u00f3n Fabi\u00e1n Mu\u00f1oz Barcos, alias Fabiancito, fue imputado con cargos por un fiscal seccional como presunto responsable de los delitos de\u00a0<\/span><span lang=\"ES-CO\"><a href=\"https:\/\/www.fiscalia.gov.co\/colombia\/noticias\/detencion-carcelaria-contra-un-hombre-presunto-autor-del-homicidio-de-un-ciudadano-en-cali\/\" target=\"_blank\" rel=\"noopener noreferrer\" data-saferedirecturl=\"https:\/\/www.google.com\/url?q=https:\/\/www.fiscalia.gov.co\/colombia\/noticias\/detencion-carcelaria-contra-un-hombre-presunto-autor-del-homicidio-de-un-ciudadano-en-cali\/&amp;source=gmail&amp;ust=1675541971555000&amp;usg=AOvVaw1jfzExxtl2C-4dWnNn_lH-\">homicidio<\/a><\/span><span lang=\"ES-CO\">\u00a0agravado, tentativa de homicidio y\u00a0 fabricaci\u00f3n, tr\u00e1fico y porte de ilegal armas de fuego.<\/span><\/p>\n<figure id=\"attachment_265714\" aria-describedby=\"caption-attachment-265714\" style=\"width: 939px\" class=\"wp-caption aligncenter\"><img loading=\"lazy\" decoding=\"async\" class=\"size-full wp-image-265714\" src=\"https:\/\/www.fiscalia.gov.co\/colombia\/wp-content\/uploads\/IMG-20230203-WA0035.jpg\" alt=\"En la fotograf\u00eda aparece el capturado junto a un servidor del CTI, un agente de la Polic\u00eda y un soldado del Ej\u00e9rcito Nacional. En la parte superior se observan un banner de la Fiscal\u00eda General y un banner del Ej\u00e9rcito General \" width=\"939\" height=\"719\" srcset=\"https:\/\/www.fiscalia.gov.co\/colombia\/wp-content\/uploads\/IMG-20230203-WA0035.jpg 939w, https:\/\/www.fiscalia.gov.co\/colombia\/wp-content\/uploads\/IMG-20230203-WA0035-300x230.jpg 300w, https:\/\/www.fiscalia.gov.co\/colombia\/wp-content\/uploads\/IMG-20230203-WA0035-768x588.jpg 768w, https:\/\/www.fiscalia.gov.co\/colombia\/wp-content\/uploads\/IMG-20230203-WA0035-696x533.jpg 696w, https:\/\/www.fiscalia.gov.co\/colombia\/wp-content\/uploads\/IMG-20230203-WA0035-549x420.jpg 549w, https:\/\/www.fiscalia.gov.co\/colombia\/wp-content\/uploads\/IMG-20230203-WA0035-80x60.jpg 80w\" sizes=\"auto, (max-width: 939px) 100vw, 939px\" \/><figcaption id=\"caption-attachment-265714\" class=\"wp-caption-text\">A Yeis\u00f3n Fabi\u00e1n Mu\u00f1oz Barcos, alias Fabiancito, la Fiscal\u00eda lo imput\u00f3 fue como presunto autor de un homicidio.<\/figcaption><\/figure>\n<p><span lang=\"ES-CO\">Alias Fabiancito es procesado por hechos ocurridos el 7 de abril de 2021 en un sector del barrio Caimitos de este municipio, cuando en compa\u00f1\u00eda de dos sujetos, quienes portaban\u00a0<\/span><span lang=\"ES-CO\"><a href=\"https:\/\/www.fiscalia.gov.co\/colombia\/noticias\/privados-de-la-libertad-dos-hombres-que-portaban-armas-de-fuego-y-municion\/\" target=\"_blank\" rel=\"noopener noreferrer\" data-saferedirecturl=\"https:\/\/www.google.com\/url?q=https:\/\/www.fiscalia.gov.co\/colombia\/noticias\/privados-de-la-libertad-dos-hombres-que-portaban-armas-de-fuego-y-municion\/&amp;source=gmail&amp;ust=1675541971555000&amp;usg=AOvVaw1gMVJAj7c53fhMMF5OBxQJ\">armas de fuego<\/a><\/span><span lang=\"ES-CO\">, ingres\u00f3 a un establecimiento comercial y al parecer dispar\u00f3 en forma indiscriminada contra un grupo de personas que se encontraban departiendo en una mesa.\u00a0<\/span><\/p>\n<p><span lang=\"ES-CO\">El ataque armado provoc\u00f3 la muerte de un hombre de 28 a\u00f1os y dej\u00f3 heridas a otras tres personas. Durante las investigaciones, testigos del crimen declararon a la Fiscal\u00eda que el asegurado habr\u00eda sido quien dispar\u00f3 contra la v\u00edctima.\u00a0<\/span><\/p>\n<p><span lang=\"ES-CO\">Los heridos fueron trasladados a un centro asistencial donde recibieron atenci\u00f3n m\u00e9dica especializada.\u00a0<\/span><\/p>\n<p><span lang=\"ES-CO\">De acuerdo con el proceso, la agresi\u00f3n habr\u00eda tenido como causa el cruce de fronteras invisibles trazadas por organizaciones delincuenciales dedicadas al expendio y venta de estupefacientes en la Comuna 1 de Palmira.\u00a0<\/span><\/p>\n<p><span lang=\"ES-CO\">Un juez penal con control de garant\u00edas emiti\u00f3 una orden de captura contra Fabi\u00e1n Mu\u00f1oz Barcos que fue cumplida por servidores del CTI, agentes de la Polic\u00eda Nacional y soldados del Batall\u00f3n Codazzi del Ej\u00e9rcito.<\/span><\/p>\n<p><span lang=\"ES-CO\">Un juez penal con control de garant\u00edas dict\u00f3 medida de aseguramiento contra alias Fabiancito consistente en detenci\u00f3n preventiva en establecimiento carcelario.\u00a0<\/span><\/p>\n<p><span lang=\"EN-US\">Esta informaci\u00f3n se publica por razones de inter\u00e9s general\u00a0\u00a0<\/span><\/p>\n<p><b><span lang=\"EN-US\">La Fiscal\u00eda habla con resultados\u00a0<\/span><\/b><b><span lang=\"EN-US\">\u00a0<\/span><\/b><\/p>\n<p>Le puede interesar:\u00a0<a href=\"https:\/\/www.fiscalia.gov.co\/colombia\/noticias\/a-la-carcel-dos-hombres-quienes-presuntamente-cometieron-un-homicidio\/\" target=\"_blank\" rel=\"noopener noreferrer\" data-saferedirecturl=\"https:\/\/www.google.com\/url?q=https:\/\/www.fiscalia.gov.co\/colombia\/noticias\/a-la-carcel-dos-hombres-quienes-presuntamente-cometieron-un-homicidio\/&amp;source=gmail&amp;ust=1675541971555000&amp;usg=AOvVaw0DGTe0vdN-wj4AMkSjcZFU\">A la c\u00e1rcel dos hombres quienes presuntamente cometieron un homicidio<\/a><\/p>\n<p>&nbsp;<\/p>\n<p>&nbsp;<\/p>\n<p>&nbsp;<\/p>\n<p>&nbsp;<\/p>\n<p><span lang=\"EN-US\">\u00a0<\/span><\/p>\n<p><span lang=\"ES-CO\">JGP\/CFG\/MMC\/DSC\u00a0<\/span><\/p>\n<p>&nbsp;<\/p>\n<p>&nbsp;<\/p>\n<p>&nbsp;<\/p>\n<p>&nbsp;<\/p>\n<p>&nbsp;<\/p>\n<p>&nbsp;<\/p>\n<p><em>La informaci\u00f3n contenida en este bolet\u00edn de prensa corresponde a la narraci\u00f3n de los hechos noticiosos objetivos, suministrados por los funcionarios encargados de adelantar las investigaciones penales al interior de la Fiscal\u00eda General de la Naci\u00f3n. Para el momento de la divulgaci\u00f3n de este comunicado, la situaci\u00f3n jur\u00eddica de la(s) persona(s) relacionada(s) se encuentra pendiente de resolver por la autoridad judicial competente, siempre bajo los preceptos de la presunci\u00f3n de inocencia, consagrados en el art\u00edculo 29 de la Constituci\u00f3n Pol\u00edtica y el art\u00edculo 7\u00ba de la Ley 906 de 2004.\u00a0 \u00a0 \u00a0 \u00a0 \u00a0\u00a0<\/em><\/p>\n\n<div class=\"twitter-share\"><a href=\"https:\/\/twitter.com\/intent\/tweet?via=fiscaliacol\" class=\"twitter-share-button\">Tweet<\/a><\/div>\n","protected":false},"excerpt":{"rendered":"<p>Yeis\u00f3n Fabi\u00e1n Mu\u00f1oz Barcos, alias Fabiancito, fue imputado con cargos por un fiscal seccional como presunto responsable de los delitos de\u00a0homicidio\u00a0agravado, tentativa de homicidio y\u00a0 fabricaci\u00f3n, tr\u00e1fico y porte de ilegal armas de fuego. Alias Fabiancito es procesado por hechos ocurridos el 7 de abril de 2021 en un sector del barrio Caimitos de este [&hellip;]<\/p>\n","protected":false},"author":177,"featured_media":0,"comment_status":"closed","ping_status":"open","sticky":false,"template":"","format":"standard","meta":{"_price":"","_stock":"","_tribe_ticket_header":"","_tribe_default_ticket_provider":"","_tribe_ticket_capacity":"0","_ticket_start_date":"","_ticket_end_date":"","_tribe_ticket_show_description":"","_tribe_ticket_show_not_going":false,"_tribe_ticket_use_global_stock":"","_tribe_ticket_global_stock_level":"","_global_stock_mode":"","_global_stock_cap":"","_tribe_rsvp_for_event":"","_tribe_ticket_going_count":"","_tribe_ticket_not_going_count":"","_tribe_tickets_list":"[]","_tribe_ticket_has_attendee_info_fields":false,"tdm_status":"","tdm_grid_status":"","footnotes":""},"categories":[1,324,303,24099],"tags":[4017,24526,24481,1047,409,31827],"class_list":{"0":"post-265713","1":"post","2":"type-post","3":"status-publish","4":"format-standard","6":"category-noticias","7":"category-seccional-cali","8":"category-seccionales","9":"category-seguridad-territorial","10":"tag-armas-de-fuego","11":"tag-fiscal-general-francisco-barbosa-delgado","12":"tag-fiscalia-de-colombia","13":"tag-fiscalia-general-de-la-nacion","14":"tag-homicidio","15":"tag-palmira-valle-del-cauca"},"yoast_head":"<!-- This site is optimized with the Yoast SEO plugin v24.3 - https:\/\/yoast.com\/wordpress\/plugins\/seo\/ -->\n<title>Fiscal\u00eda General de la Naci\u00f3n<\/title>\n<meta name=\"description\" content=\"P\u00e1gina oficial de la Fiscal\u00eda General de la Naci\u00f3n \u2013 Colombia. Garantizamos el acceso efectivo a la justicia, la verdad y la reparaci\u00f3n de las v\u00edctimas de los delitos.\" \/>\n<meta name=\"robots\" content=\"noindex, follow\" \/>\n<meta property=\"og:locale\" content=\"es_ES\" \/>\n<meta property=\"og:type\" content=\"article\" \/>\n<meta property=\"og:title\" content=\"Fiscal\u00eda General de la Naci\u00f3n\" \/>\n<meta property=\"og:description\" content=\"P\u00e1gina oficial de la Fiscal\u00eda General de la Naci\u00f3n \u2013 Colombia. Garantizamos el acceso efectivo a la justicia, la verdad y la reparaci\u00f3n de las v\u00edctimas de los delitos.\" \/>\n<meta property=\"og:url\" content=\"https:\/\/www.fiscalia.gov.co\/colombia\/noticias\/a-la-carcel-alias-fabiancito-por-el-homicidio-de-un-ciudadano-durante-un-ataque-armado-que-dejo-a-otras-tres-personas-mas-heridas\/\" \/>\n<meta property=\"og:site_name\" content=\"Fiscal\u00eda General de la Naci\u00f3n\" \/>\n<meta property=\"article:publisher\" content=\"https:\/\/www.facebook.com\/FiscaliaCol\" \/>\n<meta property=\"article:published_time\" content=\"2023-02-03T21:03:22+00:00\" \/>\n<meta property=\"og:image\" content=\"https:\/\/www.fiscalia.gov.co\/colombia\/wp-content\/uploads\/IMG-20230203-WA0035.jpg\" \/>\n<meta name=\"author\" content=\"Jordan Leandro Oviedo Anzola\" \/>\n<meta name=\"twitter:card\" content=\"summary_large_image\" \/>\n<meta name=\"twitter:creator\" content=\"@FiscaliaCol\" \/>\n<meta name=\"twitter:site\" content=\"@FiscaliaCol\" \/>\n<meta name=\"twitter:label1\" content=\"Escrito por\" \/>\n\t<meta name=\"twitter:data1\" content=\"Jordan Leandro Oviedo Anzola\" \/>\n\t<meta name=\"twitter:label2\" content=\"Tiempo de lectura\" \/>\n\t<meta name=\"twitter:data2\" content=\"2 minutos\" \/>\n<script type=\"application\/ld+json\" class=\"yoast-schema-graph\">{\"@context\":\"https:\/\/schema.org\",\"@graph\":[{\"@type\":\"Article\",\"@id\":\"https:\/\/www.fiscalia.gov.co\/colombia\/noticias\/a-la-carcel-alias-fabiancito-por-el-homicidio-de-un-ciudadano-durante-un-ataque-armado-que-dejo-a-otras-tres-personas-mas-heridas\/#article\",\"isPartOf\":{\"@id\":\"https:\/\/www.fiscalia.gov.co\/colombia\/noticias\/a-la-carcel-alias-fabiancito-por-el-homicidio-de-un-ciudadano-durante-un-ataque-armado-que-dejo-a-otras-tres-personas-mas-heridas\/\"},\"author\":{\"name\":\"Jordan Leandro Oviedo Anzola\",\"@id\":\"https:\/\/www.fiscalia.gov.co\/colombia\/#\/schema\/person\/bf84402cf293a5393e9c70b111020b24\"},\"headline\":\"A la c\u00e1rcel alias Fabiancito por el homicidio de un ciudadano durante un ataque armado que dej\u00f3 a otras tres personas m\u00e1s heridas\",\"datePublished\":\"2023-02-03T21:03:22+00:00\",\"dateModified\":\"2023-02-03T21:03:22+00:00\",\"mainEntityOfPage\":{\"@id\":\"https:\/\/www.fiscalia.gov.co\/colombia\/noticias\/a-la-carcel-alias-fabiancito-por-el-homicidio-de-un-ciudadano-durante-un-ataque-armado-que-dejo-a-otras-tres-personas-mas-heridas\/\"},\"wordCount\":453,\"publisher\":{\"@id\":\"https:\/\/www.fiscalia.gov.co\/colombia\/#organization\"},\"image\":{\"@id\":\"https:\/\/www.fiscalia.gov.co\/colombia\/noticias\/a-la-carcel-alias-fabiancito-por-el-homicidio-de-un-ciudadano-durante-un-ataque-armado-que-dejo-a-otras-tres-personas-mas-heridas\/#primaryimage\"},\"thumbnailUrl\":\"https:\/\/www.fiscalia.gov.co\/colombia\/wp-content\/uploads\/IMG-20230203-WA0035.jpg\",\"keywords\":[\"Armas de fuego\",\"Fiscal General Francisco Barbosa Delgado\",\"Fiscal\u00eda de Colombia\",\"Fiscal\u00eda General de la Naci\u00f3n\",\"Homicidio\",\"Palmira (Valle del Cauca)\"],\"articleSection\":[\"Noticias\",\"Seccional Cali\",\"Seccionales\",\"Seguridad territorial\"],\"inLanguage\":\"es-CO\"},{\"@type\":\"WebPage\",\"@id\":\"https:\/\/www.fiscalia.gov.co\/colombia\/noticias\/a-la-carcel-alias-fabiancito-por-el-homicidio-de-un-ciudadano-durante-un-ataque-armado-que-dejo-a-otras-tres-personas-mas-heridas\/\",\"url\":\"https:\/\/www.fiscalia.gov.co\/colombia\/noticias\/a-la-carcel-alias-fabiancito-por-el-homicidio-de-un-ciudadano-durante-un-ataque-armado-que-dejo-a-otras-tres-personas-mas-heridas\/\",\"name\":\"Fiscal\u00eda General de la Naci\u00f3n\",\"isPartOf\":{\"@id\":\"https:\/\/www.fiscalia.gov.co\/colombia\/#website\"},\"primaryImageOfPage\":{\"@id\":\"https:\/\/www.fiscalia.gov.co\/colombia\/noticias\/a-la-carcel-alias-fabiancito-por-el-homicidio-de-un-ciudadano-durante-un-ataque-armado-que-dejo-a-otras-tres-personas-mas-heridas\/#primaryimage\"},\"image\":{\"@id\":\"https:\/\/www.fiscalia.gov.co\/colombia\/noticias\/a-la-carcel-alias-fabiancito-por-el-homicidio-de-un-ciudadano-durante-un-ataque-armado-que-dejo-a-otras-tres-personas-mas-heridas\/#primaryimage\"},\"thumbnailUrl\":\"https:\/\/www.fiscalia.gov.co\/colombia\/wp-content\/uploads\/IMG-20230203-WA0035.jpg\",\"datePublished\":\"2023-02-03T21:03:22+00:00\",\"dateModified\":\"2023-02-03T21:03:22+00:00\",\"description\":\"P\u00e1gina oficial de la Fiscal\u00eda General de la Naci\u00f3n \u2013 Colombia. Garantizamos el acceso efectivo a la justicia, la verdad y la reparaci\u00f3n de las v\u00edctimas de los delitos.\",\"breadcrumb\":{\"@id\":\"https:\/\/www.fiscalia.gov.co\/colombia\/noticias\/a-la-carcel-alias-fabiancito-por-el-homicidio-de-un-ciudadano-durante-un-ataque-armado-que-dejo-a-otras-tres-personas-mas-heridas\/#breadcrumb\"},\"inLanguage\":\"es-CO\",\"potentialAction\":[{\"@type\":\"ReadAction\",\"target\":[\"https:\/\/www.fiscalia.gov.co\/colombia\/noticias\/a-la-carcel-alias-fabiancito-por-el-homicidio-de-un-ciudadano-durante-un-ataque-armado-que-dejo-a-otras-tres-personas-mas-heridas\/\"]}]},{\"@type\":\"ImageObject\",\"inLanguage\":\"es-CO\",\"@id\":\"https:\/\/www.fiscalia.gov.co\/colombia\/noticias\/a-la-carcel-alias-fabiancito-por-el-homicidio-de-un-ciudadano-durante-un-ataque-armado-que-dejo-a-otras-tres-personas-mas-heridas\/#primaryimage\",\"url\":\"https:\/\/www.fiscalia.gov.co\/colombia\/wp-content\/uploads\/IMG-20230203-WA0035.jpg\",\"contentUrl\":\"https:\/\/www.fiscalia.gov.co\/colombia\/wp-content\/uploads\/IMG-20230203-WA0035.jpg\",\"width\":939,\"height\":719,\"caption\":\"A Yeis\u00f3n Fabi\u00e1n Mu\u00f1oz Barcos, alias Fabiancito, la Fiscal\u00eda lo imput\u00f3 fue como presunto autor de un homicidio.\"},{\"@type\":\"BreadcrumbList\",\"@id\":\"https:\/\/www.fiscalia.gov.co\/colombia\/noticias\/a-la-carcel-alias-fabiancito-por-el-homicidio-de-un-ciudadano-durante-un-ataque-armado-que-dejo-a-otras-tres-personas-mas-heridas\/#breadcrumb\",\"itemListElement\":[{\"@type\":\"ListItem\",\"position\":1,\"name\":\"Home\",\"item\":\"https:\/\/www.fiscalia.gov.co\/colombia\/\"},{\"@type\":\"ListItem\",\"position\":2,\"name\":\"A la c\u00e1rcel alias Fabiancito por el homicidio de un ciudadano durante un ataque armado que dej\u00f3 a otras tres personas m\u00e1s heridas\"}]},{\"@type\":\"WebSite\",\"@id\":\"https:\/\/www.fiscalia.gov.co\/colombia\/#website\",\"url\":\"https:\/\/www.fiscalia.gov.co\/colombia\/\",\"name\":\"Fiscal\u00eda General de la Naci\u00f3n\",\"description\":\"P\u00e1gina oficial de la Fiscal\u00eda General de la Naci\u00f3n \u2013 Colombia. Garantizamos el acceso efectivo a la justicia, la verdad y la reparaci\u00f3n de las v\u00edctimas de los delitos.\",\"publisher\":{\"@id\":\"https:\/\/www.fiscalia.gov.co\/colombia\/#organization\"},\"potentialAction\":[{\"@type\":\"SearchAction\",\"target\":{\"@type\":\"EntryPoint\",\"urlTemplate\":\"https:\/\/www.fiscalia.gov.co\/colombia\/?s={search_term_string}\"},\"query-input\":{\"@type\":\"PropertyValueSpecification\",\"valueRequired\":true,\"valueName\":\"search_term_string\"}}],\"inLanguage\":\"es-CO\"},{\"@type\":\"Organization\",\"@id\":\"https:\/\/www.fiscalia.gov.co\/colombia\/#organization\",\"name\":\"Fiscal\u00eda General de la Naci\u00f3n\",\"url\":\"https:\/\/www.fiscalia.gov.co\/colombia\/\",\"logo\":{\"@type\":\"ImageObject\",\"inLanguage\":\"es-CO\",\"@id\":\"https:\/\/www.fiscalia.gov.co\/colombia\/#\/schema\/logo\/image\/\",\"url\":\"https:\/\/www.fiscalia.gov.co\/colombia\/wp-content\/uploads\/LogoHorizontal_1.jpg\",\"contentUrl\":\"https:\/\/www.fiscalia.gov.co\/colombia\/wp-content\/uploads\/LogoHorizontal_1.jpg\",\"width\":300,\"height\":90,\"caption\":\"Fiscal\u00eda General de la Naci\u00f3n\"},\"image\":{\"@id\":\"https:\/\/www.fiscalia.gov.co\/colombia\/#\/schema\/logo\/image\/\"},\"sameAs\":[\"https:\/\/www.facebook.com\/FiscaliaCol\",\"https:\/\/x.com\/FiscaliaCol\",\"https:\/\/www.instagram.com\/fiscaliacol\",\"https:\/\/www.linkedin.com\/company\/fiscalia-general-de-la-naci-n\/\",\"https:\/\/youtube.com\/@fiscaliageneraldelanacion-4668?si=6nN79nyQICPU5iTh\"]},{\"@type\":\"Person\",\"@id\":\"https:\/\/www.fiscalia.gov.co\/colombia\/#\/schema\/person\/bf84402cf293a5393e9c70b111020b24\",\"name\":\"Jordan Leandro Oviedo Anzola\",\"image\":{\"@type\":\"ImageObject\",\"inLanguage\":\"es-CO\",\"@id\":\"https:\/\/www.fiscalia.gov.co\/colombia\/#\/schema\/person\/image\/\",\"url\":\"https:\/\/secure.gravatar.com\/avatar\/dabba4346fa9b9207d96adafa8f92721?s=96&d=mm&r=g\",\"contentUrl\":\"https:\/\/secure.gravatar.com\/avatar\/dabba4346fa9b9207d96adafa8f92721?s=96&d=mm&r=g\",\"caption\":\"Jordan Leandro Oviedo Anzola\"},\"url\":\"https:\/\/www.fiscalia.gov.co\/colombia\/author\/joviedo\/\"}]}<\/script>\n<!-- \/ Yoast SEO plugin. -->","yoast_head_json":{"title":"Fiscal\u00eda General de la Naci\u00f3n","description":"P\u00e1gina oficial de la Fiscal\u00eda General de la Naci\u00f3n \u2013 Colombia. Garantizamos el acceso efectivo a la justicia, la verdad y la reparaci\u00f3n de las v\u00edctimas de los delitos.","robots":{"index":"noindex","follow":"follow"},"og_locale":"es_ES","og_type":"article","og_title":"Fiscal\u00eda General de la Naci\u00f3n","og_description":"P\u00e1gina oficial de la Fiscal\u00eda General de la Naci\u00f3n \u2013 Colombia. Garantizamos el acceso efectivo a la justicia, la verdad y la reparaci\u00f3n de las v\u00edctimas de los delitos.","og_url":"https:\/\/www.fiscalia.gov.co\/colombia\/noticias\/a-la-carcel-alias-fabiancito-por-el-homicidio-de-un-ciudadano-durante-un-ataque-armado-que-dejo-a-otras-tres-personas-mas-heridas\/","og_site_name":"Fiscal\u00eda General de la Naci\u00f3n","article_publisher":"https:\/\/www.facebook.com\/FiscaliaCol","article_published_time":"2023-02-03T21:03:22+00:00","og_image":[{"url":"https:\/\/www.fiscalia.gov.co\/colombia\/wp-content\/uploads\/IMG-20230203-WA0035.jpg","type":"","width":"","height":""}],"author":"Jordan Leandro Oviedo Anzola","twitter_card":"summary_large_image","twitter_creator":"@FiscaliaCol","twitter_site":"@FiscaliaCol","twitter_misc":{"Escrito por":"Jordan Leandro Oviedo Anzola","Tiempo de lectura":"2 minutos"},"schema":{"@context":"https:\/\/schema.org","@graph":[{"@type":"Article","@id":"https:\/\/www.fiscalia.gov.co\/colombia\/noticias\/a-la-carcel-alias-fabiancito-por-el-homicidio-de-un-ciudadano-durante-un-ataque-armado-que-dejo-a-otras-tres-personas-mas-heridas\/#article","isPartOf":{"@id":"https:\/\/www.fiscalia.gov.co\/colombia\/noticias\/a-la-carcel-alias-fabiancito-por-el-homicidio-de-un-ciudadano-durante-un-ataque-armado-que-dejo-a-otras-tres-personas-mas-heridas\/"},"author":{"name":"Jordan Leandro Oviedo Anzola","@id":"https:\/\/www.fiscalia.gov.co\/colombia\/#\/schema\/person\/bf84402cf293a5393e9c70b111020b24"},"headline":"A la c\u00e1rcel alias Fabiancito por el homicidio de un ciudadano durante un ataque armado que dej\u00f3 a otras tres personas m\u00e1s heridas","datePublished":"2023-02-03T21:03:22+00:00","dateModified":"2023-02-03T21:03:22+00:00","mainEntityOfPage":{"@id":"https:\/\/www.fiscalia.gov.co\/colombia\/noticias\/a-la-carcel-alias-fabiancito-por-el-homicidio-de-un-ciudadano-durante-un-ataque-armado-que-dejo-a-otras-tres-personas-mas-heridas\/"},"wordCount":453,"publisher":{"@id":"https:\/\/www.fiscalia.gov.co\/colombia\/#organization"},"image":{"@id":"https:\/\/www.fiscalia.gov.co\/colombia\/noticias\/a-la-carcel-alias-fabiancito-por-el-homicidio-de-un-ciudadano-durante-un-ataque-armado-que-dejo-a-otras-tres-personas-mas-heridas\/#primaryimage"},"thumbnailUrl":"https:\/\/www.fiscalia.gov.co\/colombia\/wp-content\/uploads\/IMG-20230203-WA0035.jpg","keywords":["Armas de fuego","Fiscal General Francisco Barbosa Delgado","Fiscal\u00eda de Colombia","Fiscal\u00eda General de la Naci\u00f3n","Homicidio","Palmira (Valle del Cauca)"],"articleSection":["Noticias","Seccional Cali","Seccionales","Seguridad territorial"],"inLanguage":"es-CO"},{"@type":"WebPage","@id":"https:\/\/www.fiscalia.gov.co\/colombia\/noticias\/a-la-carcel-alias-fabiancito-por-el-homicidio-de-un-ciudadano-durante-un-ataque-armado-que-dejo-a-otras-tres-personas-mas-heridas\/","url":"https:\/\/www.fiscalia.gov.co\/colombia\/noticias\/a-la-carcel-alias-fabiancito-por-el-homicidio-de-un-ciudadano-durante-un-ataque-armado-que-dejo-a-otras-tres-personas-mas-heridas\/","name":"Fiscal\u00eda General de la Naci\u00f3n","isPartOf":{"@id":"https:\/\/www.fiscalia.gov.co\/colombia\/#website"},"primaryImageOfPage":{"@id":"https:\/\/www.fiscalia.gov.co\/colombia\/noticias\/a-la-carcel-alias-fabiancito-por-el-homicidio-de-un-ciudadano-durante-un-ataque-armado-que-dejo-a-otras-tres-personas-mas-heridas\/#primaryimage"},"image":{"@id":"https:\/\/www.fiscalia.gov.co\/colombia\/noticias\/a-la-carcel-alias-fabiancito-por-el-homicidio-de-un-ciudadano-durante-un-ataque-armado-que-dejo-a-otras-tres-personas-mas-heridas\/#primaryimage"},"thumbnailUrl":"https:\/\/www.fiscalia.gov.co\/colombia\/wp-content\/uploads\/IMG-20230203-WA0035.jpg","datePublished":"2023-02-03T21:03:22+00:00","dateModified":"2023-02-03T21:03:22+00:00","description":"P\u00e1gina oficial de la Fiscal\u00eda General de la Naci\u00f3n \u2013 Colombia. Garantizamos el acceso efectivo a la justicia, la verdad y la reparaci\u00f3n de las v\u00edctimas de los delitos.","breadcrumb":{"@id":"https:\/\/www.fiscalia.gov.co\/colombia\/noticias\/a-la-carcel-alias-fabiancito-por-el-homicidio-de-un-ciudadano-durante-un-ataque-armado-que-dejo-a-otras-tres-personas-mas-heridas\/#breadcrumb"},"inLanguage":"es-CO","potentialAction":[{"@type":"ReadAction","target":["https:\/\/www.fiscalia.gov.co\/colombia\/noticias\/a-la-carcel-alias-fabiancito-por-el-homicidio-de-un-ciudadano-durante-un-ataque-armado-que-dejo-a-otras-tres-personas-mas-heridas\/"]}]},{"@type":"ImageObject","inLanguage":"es-CO","@id":"https:\/\/www.fiscalia.gov.co\/colombia\/noticias\/a-la-carcel-alias-fabiancito-por-el-homicidio-de-un-ciudadano-durante-un-ataque-armado-que-dejo-a-otras-tres-personas-mas-heridas\/#primaryimage","url":"https:\/\/www.fiscalia.gov.co\/colombia\/wp-content\/uploads\/IMG-20230203-WA0035.jpg","contentUrl":"https:\/\/www.fiscalia.gov.co\/colombia\/wp-content\/uploads\/IMG-20230203-WA0035.jpg","width":939,"height":719,"caption":"A Yeis\u00f3n Fabi\u00e1n Mu\u00f1oz Barcos, alias Fabiancito, la Fiscal\u00eda lo imput\u00f3 fue como presunto autor de un homicidio."},{"@type":"BreadcrumbList","@id":"https:\/\/www.fiscalia.gov.co\/colombia\/noticias\/a-la-carcel-alias-fabiancito-por-el-homicidio-de-un-ciudadano-durante-un-ataque-armado-que-dejo-a-otras-tres-personas-mas-heridas\/#breadcrumb","itemListElement":[{"@type":"ListItem","position":1,"name":"Home","item":"https:\/\/www.fiscalia.gov.co\/colombia\/"},{"@type":"ListItem","position":2,"name":"A la c\u00e1rcel alias Fabiancito por el homicidio de un ciudadano durante un ataque armado que dej\u00f3 a otras tres personas m\u00e1s heridas"}]},{"@type":"WebSite","@id":"https:\/\/www.fiscalia.gov.co\/colombia\/#website","url":"https:\/\/www.fiscalia.gov.co\/colombia\/","name":"Fiscal\u00eda General de la Naci\u00f3n","description":"P\u00e1gina oficial de la Fiscal\u00eda General de la Naci\u00f3n \u2013 Colombia. Garantizamos el acceso efectivo a la justicia, la verdad y la reparaci\u00f3n de las v\u00edctimas de los delitos.","publisher":{"@id":"https:\/\/www.fiscalia.gov.co\/colombia\/#organization"},"potentialAction":[{"@type":"SearchAction","target":{"@type":"EntryPoint","urlTemplate":"https:\/\/www.fiscalia.gov.co\/colombia\/?s={search_term_string}"},"query-input":{"@type":"PropertyValueSpecification","valueRequired":true,"valueName":"search_term_string"}}],"inLanguage":"es-CO"},{"@type":"Organization","@id":"https:\/\/www.fiscalia.gov.co\/colombia\/#organization","name":"Fiscal\u00eda General de la Naci\u00f3n","url":"https:\/\/www.fiscalia.gov.co\/colombia\/","logo":{"@type":"ImageObject","inLanguage":"es-CO","@id":"https:\/\/www.fiscalia.gov.co\/colombia\/#\/schema\/logo\/image\/","url":"https:\/\/www.fiscalia.gov.co\/colombia\/wp-content\/uploads\/LogoHorizontal_1.jpg","contentUrl":"https:\/\/www.fiscalia.gov.co\/colombia\/wp-content\/uploads\/LogoHorizontal_1.jpg","width":300,"height":90,"caption":"Fiscal\u00eda General de la Naci\u00f3n"},"image":{"@id":"https:\/\/www.fiscalia.gov.co\/colombia\/#\/schema\/logo\/image\/"},"sameAs":["https:\/\/www.facebook.com\/FiscaliaCol","https:\/\/x.com\/FiscaliaCol","https:\/\/www.instagram.com\/fiscaliacol","https:\/\/www.linkedin.com\/company\/fiscalia-general-de-la-naci-n\/","https:\/\/youtube.com\/@fiscaliageneraldelanacion-4668?si=6nN79nyQICPU5iTh"]},{"@type":"Person","@id":"https:\/\/www.fiscalia.gov.co\/colombia\/#\/schema\/person\/bf84402cf293a5393e9c70b111020b24","name":"Jordan Leandro Oviedo Anzola","image":{"@type":"ImageObject","inLanguage":"es-CO","@id":"https:\/\/www.fiscalia.gov.co\/colombia\/#\/schema\/person\/image\/","url":"https:\/\/secure.gravatar.com\/avatar\/dabba4346fa9b9207d96adafa8f92721?s=96&d=mm&r=g","contentUrl":"https:\/\/secure.gravatar.com\/avatar\/dabba4346fa9b9207d96adafa8f92721?s=96&d=mm&r=g","caption":"Jordan Leandro Oviedo Anzola"},"url":"https:\/\/www.fiscalia.gov.co\/colombia\/author\/joviedo\/"}]}},"_links":{"self":[{"href":"https:\/\/www.fiscalia.gov.co\/colombia\/wp-json\/wp\/v2\/posts\/265713","targetHints":{"allow":["GET"]}}],"collection":[{"href":"https:\/\/www.fiscalia.gov.co\/colombia\/wp-json\/wp\/v2\/posts"}],"about":[{"href":"https:\/\/www.fiscalia.gov.co\/colombia\/wp-json\/wp\/v2\/types\/post"}],"author":[{"embeddable":true,"href":"https:\/\/www.fiscalia.gov.co\/colombia\/wp-json\/wp\/v2\/users\/177"}],"replies":[{"embeddable":true,"href":"https:\/\/www.fiscalia.gov.co\/colombia\/wp-json\/wp\/v2\/comments?post=265713"}],"version-history":[{"count":1,"href":"https:\/\/www.fiscalia.gov.co\/colombia\/wp-json\/wp\/v2\/posts\/265713\/revisions"}],"predecessor-version":[{"id":265715,"href":"https:\/\/www.fiscalia.gov.co\/colombia\/wp-json\/wp\/v2\/posts\/265713\/revisions\/265715"}],"wp:attachment":[{"href":"https:\/\/www.fiscalia.gov.co\/colombia\/wp-json\/wp\/v2\/media?parent=265713"}],"wp:term":[{"taxonomy":"category","embeddable":true,"href":"https:\/\/www.fiscalia.gov.co\/colombia\/wp-json\/wp\/v2\/categories?post=265713"},{"taxonomy":"post_tag","embeddable":true,"href":"https:\/\/www.fiscalia.gov.co\/colombia\/wp-json\/wp\/v2\/tags?post=265713"}],"curies":[{"name":"wp","href":"https:\/\/api.w.org\/{rel}","templated":true}]}}