{"id":265688,"date":"2023-02-03T13:01:01","date_gmt":"2023-02-03T18:01:01","guid":{"rendered":"https:\/\/www.fiscalia.gov.co\/colombia\/?p=265688"},"modified":"2023-02-03T13:01:01","modified_gmt":"2023-02-03T18:01:01","slug":"aseguradas-seis-personas-en-la-dorada-caldas-luego-de-ser-capturadas-en-flagrancia-cuando-cometian-un-hurto-en-una-vivienda","status":"publish","type":"post","link":"https:\/\/www.fiscalia.gov.co\/colombia\/noticias\/aseguradas-seis-personas-en-la-dorada-caldas-luego-de-ser-capturadas-en-flagrancia-cuando-cometian-un-hurto-en-una-vivienda\/","title":{"rendered":"Aseguradas seis personas en La Dorada (Caldas) luego de ser capturadas en flagrancia cuando comet\u00edan un hurto en una vivienda"},"content":{"rendered":"<p>Un fiscal de La Dorada adscrito a la Seccional Caldas imput\u00f3 los delitos de porte ilegal de armas de fuego agravado, uso indebido de uniformes\u00a0de la fuerza p\u00fablica, hurto calificado y agravado, e intimidaci\u00f3n con armas de fuego traum\u00e1ticas o elementos menos letales, a\u00a0cinco hombres y una mujer.<\/p>\n<figure id=\"attachment_265689\" aria-describedby=\"caption-attachment-265689\" style=\"width: 397px\" class=\"wp-caption aligncenter\"><img loading=\"lazy\" decoding=\"async\" class=\" wp-image-265689\" src=\"https:\/\/www.fiscalia.gov.co\/colombia\/wp-content\/uploads\/WhatsApp-Image-2023-02-03-at-11.11.56-AM-2-300x204.jpeg\" alt=\"En la foto aparecen 4 procesados de los seis detenidos en La Dorada (Caldas) se\u00f1alados de un hurto a una vivienda.\" width=\"397\" height=\"270\" srcset=\"https:\/\/www.fiscalia.gov.co\/colombia\/wp-content\/uploads\/WhatsApp-Image-2023-02-03-at-11.11.56-AM-2-300x204.jpeg 300w, https:\/\/www.fiscalia.gov.co\/colombia\/wp-content\/uploads\/WhatsApp-Image-2023-02-03-at-11.11.56-AM-2-1024x696.jpeg 1024w, https:\/\/www.fiscalia.gov.co\/colombia\/wp-content\/uploads\/WhatsApp-Image-2023-02-03-at-11.11.56-AM-2-768x522.jpeg 768w, https:\/\/www.fiscalia.gov.co\/colombia\/wp-content\/uploads\/WhatsApp-Image-2023-02-03-at-11.11.56-AM-2-1536x1044.jpeg 1536w, https:\/\/www.fiscalia.gov.co\/colombia\/wp-content\/uploads\/WhatsApp-Image-2023-02-03-at-11.11.56-AM-2-696x473.jpeg 696w, https:\/\/www.fiscalia.gov.co\/colombia\/wp-content\/uploads\/WhatsApp-Image-2023-02-03-at-11.11.56-AM-2-1068x726.jpeg 1068w, https:\/\/www.fiscalia.gov.co\/colombia\/wp-content\/uploads\/WhatsApp-Image-2023-02-03-at-11.11.56-AM-2-618x420.jpeg 618w, https:\/\/www.fiscalia.gov.co\/colombia\/wp-content\/uploads\/WhatsApp-Image-2023-02-03-at-11.11.56-AM-2.jpeg 1600w\" sizes=\"auto, (max-width: 397px) 100vw, 397px\" \/><figcaption id=\"caption-attachment-265689\" class=\"wp-caption-text\">Los detenidos fueron imputados por los delitos de porte ilegal de armas de fuego agravado, uso indebido de uniformes de la fuerza p\u00fablica, hurto calificado y agravado, e intimidaci\u00f3n con armas de fuego traum\u00e1ticas o elementos menos letales.<\/figcaption><\/figure>\n<p>Estas personas son se\u00f1aladas de ingresar a una\u00a0vivienda del barrio Santa Luc\u00eda en La Dorada (Caldas) donde presuntamente\u00a0intimidaron los habitantes exigi\u00e9ndoles\u00a0que entregaran 4.500 millones de pesos que, seg\u00fan ellos, hab\u00eda\u00a0en el lugar.<\/p>\n<p>Los procesados son: Yilmar Andres Palacios Uma\u00f1a, y su compa\u00f1era sentimental Yeimi Andrea Julio Ausa, Jos\u00e9 Francisco Mantilla Cuervo, Victor Armando Mart\u00ednez, Edison Yair Belandia L\u00f3pez, y Luis Eduardo Mendoza Mendoza, quienes ante la solicitud de la Fiscal\u00eda fueron cobijados con medida de aseguramiento intramuros.<\/p>\n<p>De acuerdo con los videos y testimonios de las v\u00edctimas, estas personas\u00a0se hicieron pasar por\u00a0funcionarios de la Sijin de la Policia Nacional y aseguraron\u00a0que ten\u00edan una orden de captura en contra de una de las v\u00edctimas. En la casa vive una pareja de esposos\u00a0con su beb\u00e9 de 2 a\u00f1os.<\/p>\n<p>La indagaci\u00f3n se\u00f1ala que los procesados\u00a0esposaron al hombre\u00a0y luego\u00a0aparentaron leerle los\u00a0derechos del capturado. En medio de\u00a0insultos buscaron\u00a0en cajones objetos de valor encontrando\u00a0$14 millones en efectivo y joyas por un monto cercano a los $50 millones.<\/p>\n<p>Seg\u00fan el material probatorio recaudado uno de los vecinos vio movimientos extra\u00f1os en la vivienda y\u00a0alert\u00f3\u00a0a la Polic\u00eda que atendi\u00f3\u00a0el caso y\u00a0encontr\u00f3\u00a0a dos de los presuntos ladrones vigilando en la calle. Al ver a los uniformados intentaron huir\u00a0pero fueron capturados.<\/p>\n<p>Los polic\u00edas intentaron derribar la puerta para ingresar casa\u00a0mientras que los otros\u00a0cuatro presuntos asaltantes trataban de huir por la parte trasera de la vivienda; sin embargo, en medio de un cruce de disparos fueron capturados. Al parecer estas personas viajaron desde Bogot\u00e1 en un veh\u00edculo\u00a0que hab\u00edan\u00a0abandonado a unas dos cuadras del lugar mientras comet\u00edan el hurto.<\/p>\n<p>En los operativos se logr\u00f3 incautar: seis celulares, un arma de fuego, armas traum\u00e1ticas, un arma blanca, chaquetas reflectivas de la Polic\u00eda, esposas, un veh\u00edculo y\u00a0dinero y\u00a0 joyas\u00a0avaluadas en 64 millones de pesos.<\/p>\n<p><strong>La Fiscal\u00eda General de la Naci\u00f3n habla con resultados.<\/strong><\/p>\n<p>&nbsp;<\/p>\n<p>&nbsp;<\/p>\n<p>&nbsp;<\/p>\n<p>&nbsp;<\/p>\n<p>JLH\/FDBG\/DSC\/LYBT<\/p>\n<p>&nbsp;<\/p>\n<p>&nbsp;<\/p>\n<p>&nbsp;<\/p>\n<p><em>La informaci\u00f3n contenida en este bolet\u00edn de prensa corresponde a la narraci\u00f3n de los hechos noticiosos objetivos, y las investigaciones penales al interior de la Fiscal\u00eda General de la Naci\u00f3n. Para el momento de la divulgaci\u00f3n de este comunicado, la situaci\u00f3n jur\u00eddica de la(s) persona(s) relacionada(s) se encuentra pendiente de resolver por la autoridad judicial competente, siempre bajo los preceptos de la presunci\u00f3n de inocencia, consagrados en el art\u00edculo 29 de la Constituci\u00f3n Pol\u00edtica y el art\u00edculo 7\u00ba de la Ley 906 de 2004.<\/em><\/p>\n\n<div class=\"twitter-share\"><a href=\"https:\/\/twitter.com\/intent\/tweet?via=fiscaliacol\" class=\"twitter-share-button\">Tweet<\/a><\/div>\n","protected":false},"excerpt":{"rendered":"<p>Un fiscal de La Dorada adscrito a la Seccional Caldas imput\u00f3 los delitos de porte ilegal de armas de fuego agravado, uso indebido de uniformes\u00a0de la fuerza p\u00fablica, hurto calificado y agravado, e intimidaci\u00f3n con armas de fuego traum\u00e1ticas o elementos menos letales, a\u00a0cinco hombres y una mujer. Estas personas son se\u00f1aladas de ingresar a [&hellip;]<\/p>\n","protected":false},"author":178,"featured_media":0,"comment_status":"closed","ping_status":"open","sticky":false,"template":"","format":"standard","meta":{"_price":"","_stock":"","_tribe_ticket_header":"","_tribe_default_ticket_provider":"","_tribe_ticket_capacity":"0","_ticket_start_date":"","_ticket_end_date":"","_tribe_ticket_show_description":"","_tribe_ticket_show_not_going":false,"_tribe_ticket_use_global_stock":"","_tribe_ticket_global_stock_level":"","_global_stock_mode":"","_global_stock_cap":"","_tribe_rsvp_for_event":"","_tribe_ticket_going_count":"","_tribe_ticket_not_going_count":"","_tribe_tickets_list":"[]","_tribe_ticket_has_attendee_info_fields":false,"tdm_status":"","tdm_grid_status":"","footnotes":""},"categories":[1,330,303],"tags":[33496,24185,28723],"class_list":{"0":"post-265688","1":"post","2":"type-post","3":"status-publish","4":"format-standard","6":"category-noticias","7":"category-seccional-manizales","8":"category-seccionales","9":"tag-ficalia-general-de-la-nacion","10":"tag-fiscal-barbosa","11":"tag-la-dorada-caldas"},"yoast_head":"<!-- This site is optimized with the Yoast SEO plugin v24.3 - https:\/\/yoast.com\/wordpress\/plugins\/seo\/ -->\n<title>Fiscal\u00eda General de la Naci\u00f3n<\/title>\n<meta name=\"description\" content=\"P\u00e1gina oficial de la Fiscal\u00eda General de la Naci\u00f3n \u2013 Colombia. Garantizamos el acceso efectivo a la justicia, la verdad y la reparaci\u00f3n de las v\u00edctimas de los delitos.\" \/>\n<meta name=\"robots\" content=\"noindex, follow\" \/>\n<meta property=\"og:locale\" content=\"es_ES\" \/>\n<meta property=\"og:type\" content=\"article\" \/>\n<meta property=\"og:title\" content=\"Fiscal\u00eda General de la Naci\u00f3n\" \/>\n<meta property=\"og:description\" content=\"P\u00e1gina oficial de la Fiscal\u00eda General de la Naci\u00f3n \u2013 Colombia. Garantizamos el acceso efectivo a la justicia, la verdad y la reparaci\u00f3n de las v\u00edctimas de los delitos.\" \/>\n<meta property=\"og:url\" content=\"https:\/\/www.fiscalia.gov.co\/colombia\/noticias\/aseguradas-seis-personas-en-la-dorada-caldas-luego-de-ser-capturadas-en-flagrancia-cuando-cometian-un-hurto-en-una-vivienda\/\" \/>\n<meta property=\"og:site_name\" content=\"Fiscal\u00eda General de la Naci\u00f3n\" \/>\n<meta property=\"article:publisher\" content=\"https:\/\/www.facebook.com\/FiscaliaCol\" \/>\n<meta property=\"article:published_time\" content=\"2023-02-03T18:01:01+00:00\" \/>\n<meta property=\"og:image\" content=\"https:\/\/www.fiscalia.gov.co\/colombia\/wp-content\/uploads\/WhatsApp-Image-2023-02-03-at-11.11.56-AM-2-300x204.jpeg\" \/>\n<meta name=\"author\" content=\"Winnie Geraldine Rodr\u00edguez Navarrete\" \/>\n<meta name=\"twitter:card\" content=\"summary_large_image\" \/>\n<meta name=\"twitter:creator\" content=\"@FiscaliaCol\" \/>\n<meta name=\"twitter:site\" content=\"@FiscaliaCol\" \/>\n<meta name=\"twitter:label1\" content=\"Escrito por\" \/>\n\t<meta name=\"twitter:data1\" content=\"Winnie Geraldine Rodr\u00edguez Navarrete\" \/>\n\t<meta name=\"twitter:label2\" content=\"Tiempo de lectura\" \/>\n\t<meta name=\"twitter:data2\" content=\"3 minutos\" \/>\n<script type=\"application\/ld+json\" class=\"yoast-schema-graph\">{\"@context\":\"https:\/\/schema.org\",\"@graph\":[{\"@type\":\"Article\",\"@id\":\"https:\/\/www.fiscalia.gov.co\/colombia\/noticias\/aseguradas-seis-personas-en-la-dorada-caldas-luego-de-ser-capturadas-en-flagrancia-cuando-cometian-un-hurto-en-una-vivienda\/#article\",\"isPartOf\":{\"@id\":\"https:\/\/www.fiscalia.gov.co\/colombia\/noticias\/aseguradas-seis-personas-en-la-dorada-caldas-luego-de-ser-capturadas-en-flagrancia-cuando-cometian-un-hurto-en-una-vivienda\/\"},\"author\":{\"name\":\"Winnie Geraldine Rodr\u00edguez Navarrete\",\"@id\":\"https:\/\/www.fiscalia.gov.co\/colombia\/#\/schema\/person\/176195b99ebab0a52aafa15197e1bf80\"},\"headline\":\"Aseguradas seis personas en La Dorada (Caldas) luego de ser capturadas en flagrancia cuando comet\u00edan un hurto en una vivienda\",\"datePublished\":\"2023-02-03T18:01:01+00:00\",\"dateModified\":\"2023-02-03T18:01:01+00:00\",\"mainEntityOfPage\":{\"@id\":\"https:\/\/www.fiscalia.gov.co\/colombia\/noticias\/aseguradas-seis-personas-en-la-dorada-caldas-luego-de-ser-capturadas-en-flagrancia-cuando-cometian-un-hurto-en-una-vivienda\/\"},\"wordCount\":578,\"publisher\":{\"@id\":\"https:\/\/www.fiscalia.gov.co\/colombia\/#organization\"},\"image\":{\"@id\":\"https:\/\/www.fiscalia.gov.co\/colombia\/noticias\/aseguradas-seis-personas-en-la-dorada-caldas-luego-de-ser-capturadas-en-flagrancia-cuando-cometian-un-hurto-en-una-vivienda\/#primaryimage\"},\"thumbnailUrl\":\"https:\/\/www.fiscalia.gov.co\/colombia\/wp-content\/uploads\/WhatsApp-Image-2023-02-03-at-11.11.56-AM-2-300x204.jpeg\",\"keywords\":[\"ficalia general de la naci\u00f3n\",\"Fiscal Barbosa\",\"La Dorada (Caldas)\"],\"articleSection\":[\"Noticias\",\"Seccional Manizales\",\"Seccionales\"],\"inLanguage\":\"es-CO\"},{\"@type\":\"WebPage\",\"@id\":\"https:\/\/www.fiscalia.gov.co\/colombia\/noticias\/aseguradas-seis-personas-en-la-dorada-caldas-luego-de-ser-capturadas-en-flagrancia-cuando-cometian-un-hurto-en-una-vivienda\/\",\"url\":\"https:\/\/www.fiscalia.gov.co\/colombia\/noticias\/aseguradas-seis-personas-en-la-dorada-caldas-luego-de-ser-capturadas-en-flagrancia-cuando-cometian-un-hurto-en-una-vivienda\/\",\"name\":\"Fiscal\u00eda General de la Naci\u00f3n\",\"isPartOf\":{\"@id\":\"https:\/\/www.fiscalia.gov.co\/colombia\/#website\"},\"primaryImageOfPage\":{\"@id\":\"https:\/\/www.fiscalia.gov.co\/colombia\/noticias\/aseguradas-seis-personas-en-la-dorada-caldas-luego-de-ser-capturadas-en-flagrancia-cuando-cometian-un-hurto-en-una-vivienda\/#primaryimage\"},\"image\":{\"@id\":\"https:\/\/www.fiscalia.gov.co\/colombia\/noticias\/aseguradas-seis-personas-en-la-dorada-caldas-luego-de-ser-capturadas-en-flagrancia-cuando-cometian-un-hurto-en-una-vivienda\/#primaryimage\"},\"thumbnailUrl\":\"https:\/\/www.fiscalia.gov.co\/colombia\/wp-content\/uploads\/WhatsApp-Image-2023-02-03-at-11.11.56-AM-2-300x204.jpeg\",\"datePublished\":\"2023-02-03T18:01:01+00:00\",\"dateModified\":\"2023-02-03T18:01:01+00:00\",\"description\":\"P\u00e1gina oficial de la Fiscal\u00eda General de la Naci\u00f3n \u2013 Colombia. Garantizamos el acceso efectivo a la justicia, la verdad y la reparaci\u00f3n de las v\u00edctimas de los delitos.\",\"breadcrumb\":{\"@id\":\"https:\/\/www.fiscalia.gov.co\/colombia\/noticias\/aseguradas-seis-personas-en-la-dorada-caldas-luego-de-ser-capturadas-en-flagrancia-cuando-cometian-un-hurto-en-una-vivienda\/#breadcrumb\"},\"inLanguage\":\"es-CO\",\"potentialAction\":[{\"@type\":\"ReadAction\",\"target\":[\"https:\/\/www.fiscalia.gov.co\/colombia\/noticias\/aseguradas-seis-personas-en-la-dorada-caldas-luego-de-ser-capturadas-en-flagrancia-cuando-cometian-un-hurto-en-una-vivienda\/\"]}]},{\"@type\":\"ImageObject\",\"inLanguage\":\"es-CO\",\"@id\":\"https:\/\/www.fiscalia.gov.co\/colombia\/noticias\/aseguradas-seis-personas-en-la-dorada-caldas-luego-de-ser-capturadas-en-flagrancia-cuando-cometian-un-hurto-en-una-vivienda\/#primaryimage\",\"url\":\"https:\/\/www.fiscalia.gov.co\/colombia\/wp-content\/uploads\/WhatsApp-Image-2023-02-03-at-11.11.56-AM-2-300x204.jpeg\",\"contentUrl\":\"https:\/\/www.fiscalia.gov.co\/colombia\/wp-content\/uploads\/WhatsApp-Image-2023-02-03-at-11.11.56-AM-2-300x204.jpeg\"},{\"@type\":\"BreadcrumbList\",\"@id\":\"https:\/\/www.fiscalia.gov.co\/colombia\/noticias\/aseguradas-seis-personas-en-la-dorada-caldas-luego-de-ser-capturadas-en-flagrancia-cuando-cometian-un-hurto-en-una-vivienda\/#breadcrumb\",\"itemListElement\":[{\"@type\":\"ListItem\",\"position\":1,\"name\":\"Home\",\"item\":\"https:\/\/www.fiscalia.gov.co\/colombia\/\"},{\"@type\":\"ListItem\",\"position\":2,\"name\":\"Aseguradas seis personas en La Dorada (Caldas) luego de ser capturadas en flagrancia cuando comet\u00edan un hurto en una vivienda\"}]},{\"@type\":\"WebSite\",\"@id\":\"https:\/\/www.fiscalia.gov.co\/colombia\/#website\",\"url\":\"https:\/\/www.fiscalia.gov.co\/colombia\/\",\"name\":\"Fiscal\u00eda General de la Naci\u00f3n\",\"description\":\"P\u00e1gina oficial de la Fiscal\u00eda General de la Naci\u00f3n \u2013 Colombia. Garantizamos el acceso efectivo a la justicia, la verdad y la reparaci\u00f3n de las v\u00edctimas de los delitos.\",\"publisher\":{\"@id\":\"https:\/\/www.fiscalia.gov.co\/colombia\/#organization\"},\"potentialAction\":[{\"@type\":\"SearchAction\",\"target\":{\"@type\":\"EntryPoint\",\"urlTemplate\":\"https:\/\/www.fiscalia.gov.co\/colombia\/?s={search_term_string}\"},\"query-input\":{\"@type\":\"PropertyValueSpecification\",\"valueRequired\":true,\"valueName\":\"search_term_string\"}}],\"inLanguage\":\"es-CO\"},{\"@type\":\"Organization\",\"@id\":\"https:\/\/www.fiscalia.gov.co\/colombia\/#organization\",\"name\":\"Fiscal\u00eda General de la Naci\u00f3n\",\"url\":\"https:\/\/www.fiscalia.gov.co\/colombia\/\",\"logo\":{\"@type\":\"ImageObject\",\"inLanguage\":\"es-CO\",\"@id\":\"https:\/\/www.fiscalia.gov.co\/colombia\/#\/schema\/logo\/image\/\",\"url\":\"https:\/\/www.fiscalia.gov.co\/colombia\/wp-content\/uploads\/LogoHorizontal_1.jpg\",\"contentUrl\":\"https:\/\/www.fiscalia.gov.co\/colombia\/wp-content\/uploads\/LogoHorizontal_1.jpg\",\"width\":300,\"height\":90,\"caption\":\"Fiscal\u00eda General de la Naci\u00f3n\"},\"image\":{\"@id\":\"https:\/\/www.fiscalia.gov.co\/colombia\/#\/schema\/logo\/image\/\"},\"sameAs\":[\"https:\/\/www.facebook.com\/FiscaliaCol\",\"https:\/\/x.com\/FiscaliaCol\",\"https:\/\/www.instagram.com\/fiscaliacol\",\"https:\/\/www.linkedin.com\/company\/fiscalia-general-de-la-naci-n\/\",\"https:\/\/youtube.com\/@fiscaliageneraldelanacion-4668?si=6nN79nyQICPU5iTh\"]},{\"@type\":\"Person\",\"@id\":\"https:\/\/www.fiscalia.gov.co\/colombia\/#\/schema\/person\/176195b99ebab0a52aafa15197e1bf80\",\"name\":\"Winnie Geraldine Rodr\u00edguez Navarrete\",\"image\":{\"@type\":\"ImageObject\",\"inLanguage\":\"es-CO\",\"@id\":\"https:\/\/www.fiscalia.gov.co\/colombia\/#\/schema\/person\/image\/\",\"url\":\"https:\/\/secure.gravatar.com\/avatar\/c24cf8481dc84fa5e8c7b20bc95ab0c6?s=96&d=mm&r=g\",\"contentUrl\":\"https:\/\/secure.gravatar.com\/avatar\/c24cf8481dc84fa5e8c7b20bc95ab0c6?s=96&d=mm&r=g\",\"caption\":\"Winnie Geraldine Rodr\u00edguez Navarrete\"},\"url\":\"https:\/\/www.fiscalia.gov.co\/colombia\/author\/winnierodriguez\/\"}]}<\/script>\n<!-- \/ Yoast SEO plugin. -->","yoast_head_json":{"title":"Fiscal\u00eda General de la Naci\u00f3n","description":"P\u00e1gina oficial de la Fiscal\u00eda General de la Naci\u00f3n \u2013 Colombia. Garantizamos el acceso efectivo a la justicia, la verdad y la reparaci\u00f3n de las v\u00edctimas de los delitos.","robots":{"index":"noindex","follow":"follow"},"og_locale":"es_ES","og_type":"article","og_title":"Fiscal\u00eda General de la Naci\u00f3n","og_description":"P\u00e1gina oficial de la Fiscal\u00eda General de la Naci\u00f3n \u2013 Colombia. Garantizamos el acceso efectivo a la justicia, la verdad y la reparaci\u00f3n de las v\u00edctimas de los delitos.","og_url":"https:\/\/www.fiscalia.gov.co\/colombia\/noticias\/aseguradas-seis-personas-en-la-dorada-caldas-luego-de-ser-capturadas-en-flagrancia-cuando-cometian-un-hurto-en-una-vivienda\/","og_site_name":"Fiscal\u00eda General de la Naci\u00f3n","article_publisher":"https:\/\/www.facebook.com\/FiscaliaCol","article_published_time":"2023-02-03T18:01:01+00:00","og_image":[{"url":"https:\/\/www.fiscalia.gov.co\/colombia\/wp-content\/uploads\/WhatsApp-Image-2023-02-03-at-11.11.56-AM-2-300x204.jpeg","type":"","width":"","height":""}],"author":"Winnie Geraldine Rodr\u00edguez Navarrete","twitter_card":"summary_large_image","twitter_creator":"@FiscaliaCol","twitter_site":"@FiscaliaCol","twitter_misc":{"Escrito por":"Winnie Geraldine Rodr\u00edguez Navarrete","Tiempo de lectura":"3 minutos"},"schema":{"@context":"https:\/\/schema.org","@graph":[{"@type":"Article","@id":"https:\/\/www.fiscalia.gov.co\/colombia\/noticias\/aseguradas-seis-personas-en-la-dorada-caldas-luego-de-ser-capturadas-en-flagrancia-cuando-cometian-un-hurto-en-una-vivienda\/#article","isPartOf":{"@id":"https:\/\/www.fiscalia.gov.co\/colombia\/noticias\/aseguradas-seis-personas-en-la-dorada-caldas-luego-de-ser-capturadas-en-flagrancia-cuando-cometian-un-hurto-en-una-vivienda\/"},"author":{"name":"Winnie Geraldine Rodr\u00edguez Navarrete","@id":"https:\/\/www.fiscalia.gov.co\/colombia\/#\/schema\/person\/176195b99ebab0a52aafa15197e1bf80"},"headline":"Aseguradas seis personas en La Dorada (Caldas) luego de ser capturadas en flagrancia cuando comet\u00edan un hurto en una vivienda","datePublished":"2023-02-03T18:01:01+00:00","dateModified":"2023-02-03T18:01:01+00:00","mainEntityOfPage":{"@id":"https:\/\/www.fiscalia.gov.co\/colombia\/noticias\/aseguradas-seis-personas-en-la-dorada-caldas-luego-de-ser-capturadas-en-flagrancia-cuando-cometian-un-hurto-en-una-vivienda\/"},"wordCount":578,"publisher":{"@id":"https:\/\/www.fiscalia.gov.co\/colombia\/#organization"},"image":{"@id":"https:\/\/www.fiscalia.gov.co\/colombia\/noticias\/aseguradas-seis-personas-en-la-dorada-caldas-luego-de-ser-capturadas-en-flagrancia-cuando-cometian-un-hurto-en-una-vivienda\/#primaryimage"},"thumbnailUrl":"https:\/\/www.fiscalia.gov.co\/colombia\/wp-content\/uploads\/WhatsApp-Image-2023-02-03-at-11.11.56-AM-2-300x204.jpeg","keywords":["ficalia general de la naci\u00f3n","Fiscal Barbosa","La Dorada (Caldas)"],"articleSection":["Noticias","Seccional Manizales","Seccionales"],"inLanguage":"es-CO"},{"@type":"WebPage","@id":"https:\/\/www.fiscalia.gov.co\/colombia\/noticias\/aseguradas-seis-personas-en-la-dorada-caldas-luego-de-ser-capturadas-en-flagrancia-cuando-cometian-un-hurto-en-una-vivienda\/","url":"https:\/\/www.fiscalia.gov.co\/colombia\/noticias\/aseguradas-seis-personas-en-la-dorada-caldas-luego-de-ser-capturadas-en-flagrancia-cuando-cometian-un-hurto-en-una-vivienda\/","name":"Fiscal\u00eda General de la Naci\u00f3n","isPartOf":{"@id":"https:\/\/www.fiscalia.gov.co\/colombia\/#website"},"primaryImageOfPage":{"@id":"https:\/\/www.fiscalia.gov.co\/colombia\/noticias\/aseguradas-seis-personas-en-la-dorada-caldas-luego-de-ser-capturadas-en-flagrancia-cuando-cometian-un-hurto-en-una-vivienda\/#primaryimage"},"image":{"@id":"https:\/\/www.fiscalia.gov.co\/colombia\/noticias\/aseguradas-seis-personas-en-la-dorada-caldas-luego-de-ser-capturadas-en-flagrancia-cuando-cometian-un-hurto-en-una-vivienda\/#primaryimage"},"thumbnailUrl":"https:\/\/www.fiscalia.gov.co\/colombia\/wp-content\/uploads\/WhatsApp-Image-2023-02-03-at-11.11.56-AM-2-300x204.jpeg","datePublished":"2023-02-03T18:01:01+00:00","dateModified":"2023-02-03T18:01:01+00:00","description":"P\u00e1gina oficial de la Fiscal\u00eda General de la Naci\u00f3n \u2013 Colombia. Garantizamos el acceso efectivo a la justicia, la verdad y la reparaci\u00f3n de las v\u00edctimas de los delitos.","breadcrumb":{"@id":"https:\/\/www.fiscalia.gov.co\/colombia\/noticias\/aseguradas-seis-personas-en-la-dorada-caldas-luego-de-ser-capturadas-en-flagrancia-cuando-cometian-un-hurto-en-una-vivienda\/#breadcrumb"},"inLanguage":"es-CO","potentialAction":[{"@type":"ReadAction","target":["https:\/\/www.fiscalia.gov.co\/colombia\/noticias\/aseguradas-seis-personas-en-la-dorada-caldas-luego-de-ser-capturadas-en-flagrancia-cuando-cometian-un-hurto-en-una-vivienda\/"]}]},{"@type":"ImageObject","inLanguage":"es-CO","@id":"https:\/\/www.fiscalia.gov.co\/colombia\/noticias\/aseguradas-seis-personas-en-la-dorada-caldas-luego-de-ser-capturadas-en-flagrancia-cuando-cometian-un-hurto-en-una-vivienda\/#primaryimage","url":"https:\/\/www.fiscalia.gov.co\/colombia\/wp-content\/uploads\/WhatsApp-Image-2023-02-03-at-11.11.56-AM-2-300x204.jpeg","contentUrl":"https:\/\/www.fiscalia.gov.co\/colombia\/wp-content\/uploads\/WhatsApp-Image-2023-02-03-at-11.11.56-AM-2-300x204.jpeg"},{"@type":"BreadcrumbList","@id":"https:\/\/www.fiscalia.gov.co\/colombia\/noticias\/aseguradas-seis-personas-en-la-dorada-caldas-luego-de-ser-capturadas-en-flagrancia-cuando-cometian-un-hurto-en-una-vivienda\/#breadcrumb","itemListElement":[{"@type":"ListItem","position":1,"name":"Home","item":"https:\/\/www.fiscalia.gov.co\/colombia\/"},{"@type":"ListItem","position":2,"name":"Aseguradas seis personas en La Dorada (Caldas) luego de ser capturadas en flagrancia cuando comet\u00edan un hurto en una vivienda"}]},{"@type":"WebSite","@id":"https:\/\/www.fiscalia.gov.co\/colombia\/#website","url":"https:\/\/www.fiscalia.gov.co\/colombia\/","name":"Fiscal\u00eda General de la Naci\u00f3n","description":"P\u00e1gina oficial de la Fiscal\u00eda General de la Naci\u00f3n \u2013 Colombia. Garantizamos el acceso efectivo a la justicia, la verdad y la reparaci\u00f3n de las v\u00edctimas de los delitos.","publisher":{"@id":"https:\/\/www.fiscalia.gov.co\/colombia\/#organization"},"potentialAction":[{"@type":"SearchAction","target":{"@type":"EntryPoint","urlTemplate":"https:\/\/www.fiscalia.gov.co\/colombia\/?s={search_term_string}"},"query-input":{"@type":"PropertyValueSpecification","valueRequired":true,"valueName":"search_term_string"}}],"inLanguage":"es-CO"},{"@type":"Organization","@id":"https:\/\/www.fiscalia.gov.co\/colombia\/#organization","name":"Fiscal\u00eda General de la Naci\u00f3n","url":"https:\/\/www.fiscalia.gov.co\/colombia\/","logo":{"@type":"ImageObject","inLanguage":"es-CO","@id":"https:\/\/www.fiscalia.gov.co\/colombia\/#\/schema\/logo\/image\/","url":"https:\/\/www.fiscalia.gov.co\/colombia\/wp-content\/uploads\/LogoHorizontal_1.jpg","contentUrl":"https:\/\/www.fiscalia.gov.co\/colombia\/wp-content\/uploads\/LogoHorizontal_1.jpg","width":300,"height":90,"caption":"Fiscal\u00eda General de la Naci\u00f3n"},"image":{"@id":"https:\/\/www.fiscalia.gov.co\/colombia\/#\/schema\/logo\/image\/"},"sameAs":["https:\/\/www.facebook.com\/FiscaliaCol","https:\/\/x.com\/FiscaliaCol","https:\/\/www.instagram.com\/fiscaliacol","https:\/\/www.linkedin.com\/company\/fiscalia-general-de-la-naci-n\/","https:\/\/youtube.com\/@fiscaliageneraldelanacion-4668?si=6nN79nyQICPU5iTh"]},{"@type":"Person","@id":"https:\/\/www.fiscalia.gov.co\/colombia\/#\/schema\/person\/176195b99ebab0a52aafa15197e1bf80","name":"Winnie Geraldine Rodr\u00edguez Navarrete","image":{"@type":"ImageObject","inLanguage":"es-CO","@id":"https:\/\/www.fiscalia.gov.co\/colombia\/#\/schema\/person\/image\/","url":"https:\/\/secure.gravatar.com\/avatar\/c24cf8481dc84fa5e8c7b20bc95ab0c6?s=96&d=mm&r=g","contentUrl":"https:\/\/secure.gravatar.com\/avatar\/c24cf8481dc84fa5e8c7b20bc95ab0c6?s=96&d=mm&r=g","caption":"Winnie Geraldine Rodr\u00edguez Navarrete"},"url":"https:\/\/www.fiscalia.gov.co\/colombia\/author\/winnierodriguez\/"}]}},"_links":{"self":[{"href":"https:\/\/www.fiscalia.gov.co\/colombia\/wp-json\/wp\/v2\/posts\/265688","targetHints":{"allow":["GET"]}}],"collection":[{"href":"https:\/\/www.fiscalia.gov.co\/colombia\/wp-json\/wp\/v2\/posts"}],"about":[{"href":"https:\/\/www.fiscalia.gov.co\/colombia\/wp-json\/wp\/v2\/types\/post"}],"author":[{"embeddable":true,"href":"https:\/\/www.fiscalia.gov.co\/colombia\/wp-json\/wp\/v2\/users\/178"}],"replies":[{"embeddable":true,"href":"https:\/\/www.fiscalia.gov.co\/colombia\/wp-json\/wp\/v2\/comments?post=265688"}],"version-history":[{"count":1,"href":"https:\/\/www.fiscalia.gov.co\/colombia\/wp-json\/wp\/v2\/posts\/265688\/revisions"}],"predecessor-version":[{"id":265690,"href":"https:\/\/www.fiscalia.gov.co\/colombia\/wp-json\/wp\/v2\/posts\/265688\/revisions\/265690"}],"wp:attachment":[{"href":"https:\/\/www.fiscalia.gov.co\/colombia\/wp-json\/wp\/v2\/media?parent=265688"}],"wp:term":[{"taxonomy":"category","embeddable":true,"href":"https:\/\/www.fiscalia.gov.co\/colombia\/wp-json\/wp\/v2\/categories?post=265688"},{"taxonomy":"post_tag","embeddable":true,"href":"https:\/\/www.fiscalia.gov.co\/colombia\/wp-json\/wp\/v2\/tags?post=265688"}],"curies":[{"name":"wp","href":"https:\/\/api.w.org\/{rel}","templated":true}]}}