{"id":265686,"date":"2023-02-03T12:34:09","date_gmt":"2023-02-03T17:34:09","guid":{"rendered":"https:\/\/www.fiscalia.gov.co\/colombia\/?p=265686"},"modified":"2023-02-03T12:34:09","modified_gmt":"2023-02-03T17:34:09","slug":"en-firme-condena-contra-el-exministro-de-agricultura-andres-felipe-arias-por-irregularidades-de-contratacion-en-la-puesta-en-marcha-del-programa-agro-ingreso-seguro","status":"publish","type":"post","link":"https:\/\/www.fiscalia.gov.co\/colombia\/noticias\/en-firme-condena-contra-el-exministro-de-agricultura-andres-felipe-arias-por-irregularidades-de-contratacion-en-la-puesta-en-marcha-del-programa-agro-ingreso-seguro\/","title":{"rendered":"En firme condena contra el exministro de Agricultura Andr\u00e9s Felipe Arias por irregularidades de contrataci\u00f3n en la puesta en marcha del programa Agro Ingreso Seguro"},"content":{"rendered":"<h4><strong><em>El exfuncionario fue declarado responsable de los delitos de contrato sin cumplimiento de requisitos legales y peculado por apropiaci\u00f3n.<\/em><\/strong><\/h4>\n<p>Los argumentos presentados por la Fiscal\u00eda General de la Naci\u00f3n fueron determinantes para que la Sala Penal de la Corte Suprema de Justicia rechazara la impugnaci\u00f3n especial presentada por la defensa del exministro de Agricultura, Andr\u00e9s Felipe Arias Leiva, en contra del fallo que lo declar\u00f3 responsable de las irregularidades detectadas en la contrataci\u00f3n del programa Agro Ingreso Seguro (AIS).<\/p>\n<p>En ese sentido, qued\u00f3 en firme la condena de 17 a\u00f1os y 4 de prisi\u00f3n por los delitos de contrato sin cumplimiento de requisitos legales y peculado por apropiaci\u00f3n.<\/p>\n<p>La Fiscal\u00eda explic\u00f3 en su intervenci\u00f3n que la sentencia se ajust\u00f3 a los par\u00e1metro de ley y corresponde a la gravedad de las conductas il\u00edcitas que le fueron demostradas al exfuncionario.<\/p>\n<p>En la investigaci\u00f3n se constat\u00f3 que fue seleccionado de manera directa el Instituto Interamericano de Cooperaci\u00f3n para la Agricultura\u00a0(IICA) para la celebraci\u00f3n de los convenios de cooperaci\u00f3n 003 de 2007, 055 de 2008 y 052 de 2009, que le dieron vida a AIS, constituido para entregar incentivos econ\u00f3micos a los campesinos del pa\u00eds con el prop\u00f3sito de acabar con la desigualdad en el campo.<\/p>\n<p>La normatividad vigente indicaba que en el proceso de contrataci\u00f3n deb\u00eda abrirse una licitaci\u00f3n p\u00fablica.<\/p>\n<p>Adem\u00e1s, entre las m\u00faltiples anomal\u00edas detectadas se estableci\u00f3 que el proyecto de inversi\u00f3n del programa fue inscrito por fuera de los t\u00e9rminos definidos por el Departamento de Planeaci\u00f3n Nacional y qued\u00f3 al descubierto la ausencia de estudios t\u00e9cnicos para soportar aspectos indispensables.<\/p>\n<p>De otra parte, se detect\u00f3 duplicidad de pagos en favor del IICA, desembolsos de recursos por conceptos de administraci\u00f3n y operaci\u00f3n, que estaban prohibidos por la ley; y favorecimientos a grandes productores que no cumpl\u00edan los requisitos exigidos y cuyo proyectos agropecuarios hab\u00edan sido declarados inviables.<\/p>\n<p>Para la Fiscal\u00eda, el exministro Arias Leiva no ejerci\u00f3 estricto control sobre la gerencia de los convenios ni evit\u00f3 que llegaran mayores recursos a manos de personas que fraccionaron sus predios y ampliaron de manera ilegal las posibilidades de acceder a los auxilios monetarios.<\/p>\n<p>Finalmente, se conoci\u00f3 que, luego de estallar el esc\u00e1ndalo, Andr\u00e9s Felipe Arias Leiva se reuni\u00f3 con varios de los beneficiarios para recibir apoyo financiero a su campa\u00f1a pol\u00edtica.<\/p>\n<p>Esta informaci\u00f3n se publica por razones de inter\u00e9s general.<\/p>\n<p>&nbsp;<\/p>\n<p>&nbsp;<\/p>\n<p>&nbsp;<\/p>\n<p>&nbsp;<\/p>\n<p>JARG\/LAGP\/GRJ\/DCSJ\/MRC\/<\/p>\n<p>&nbsp;<\/p>\n<p>&nbsp;<\/p>\n<p><em>La informaci\u00f3n contenida en este bolet\u00edn de prensa corresponde a la narraci\u00f3n de los hechos noticiosos objetivos, y las investigaciones penales al interior de la Fiscal\u00eda General de la Naci\u00f3n. Para el momento de la divulgaci\u00f3n de este comunicado, la situaci\u00f3n jur\u00eddica de la(s) persona(s) relacionada(s) se encuentra pendiente de resolver por la autoridad judicial competente, siempre bajo los preceptos de la presunci\u00f3n de inocencia, consagrados en el art\u00edculo 29 de la Constituci\u00f3n Pol\u00edtica y el art\u00edculo 7\u00ba de la Ley 906 de 2004.<\/em><\/p>\n\n<div class=\"twitter-share\"><a href=\"https:\/\/twitter.com\/intent\/tweet?via=fiscaliacol\" class=\"twitter-share-button\">Tweet<\/a><\/div>\n","protected":false},"excerpt":{"rendered":"<p>El exfuncionario fue declarado responsable de los delitos de contrato sin cumplimiento de requisitos legales y peculado por apropiaci\u00f3n. Los argumentos presentados por la Fiscal\u00eda General de la Naci\u00f3n fueron determinantes para que la Sala Penal de la Corte Suprema de Justicia rechazara la impugnaci\u00f3n especial presentada por la defensa del exministro de Agricultura, Andr\u00e9s [&hellip;]<\/p>\n","protected":false},"author":178,"featured_media":0,"comment_status":"closed","ping_status":"open","sticky":false,"template":"","format":"standard","meta":{"_price":"","_stock":"","_tribe_ticket_header":"","_tribe_default_ticket_provider":"","_tribe_ticket_capacity":"0","_ticket_start_date":"","_ticket_end_date":"","_tribe_ticket_show_description":"","_tribe_ticket_show_not_going":false,"_tribe_ticket_use_global_stock":"","_tribe_ticket_global_stock_level":"","_global_stock_mode":"","_global_stock_cap":"","_tribe_rsvp_for_event":"","_tribe_ticket_going_count":"","_tribe_ticket_not_going_count":"","_tribe_tickets_list":"[]","_tribe_ticket_has_attendee_info_fields":false,"tdm_status":"","tdm_grid_status":"","footnotes":""},"categories":[1],"tags":[956,66,24185,1047,1229],"class_list":{"0":"post-265686","1":"post","2":"type-post","3":"status-publish","4":"format-standard","6":"category-noticias","7":"tag-agro-ingreso-seguro","8":"tag-andres-felipe-arias","9":"tag-fiscal-barbosa","10":"tag-fiscalia-general-de-la-nacion","11":"tag-peculado-por-apropiacion"},"yoast_head":"<!-- This site is optimized with the Yoast SEO plugin v24.3 - https:\/\/yoast.com\/wordpress\/plugins\/seo\/ -->\n<title>Fiscal\u00eda General de la Naci\u00f3n<\/title>\n<meta name=\"description\" content=\"P\u00e1gina oficial de la Fiscal\u00eda General de la Naci\u00f3n \u2013 Colombia. Garantizamos el acceso efectivo a la justicia, la verdad y la reparaci\u00f3n de las v\u00edctimas de los delitos.\" \/>\n<meta name=\"robots\" content=\"noindex, follow\" \/>\n<meta property=\"og:locale\" content=\"es_ES\" \/>\n<meta property=\"og:type\" content=\"article\" \/>\n<meta property=\"og:title\" content=\"Fiscal\u00eda General de la Naci\u00f3n\" \/>\n<meta property=\"og:description\" content=\"P\u00e1gina oficial de la Fiscal\u00eda General de la Naci\u00f3n \u2013 Colombia. Garantizamos el acceso efectivo a la justicia, la verdad y la reparaci\u00f3n de las v\u00edctimas de los delitos.\" \/>\n<meta property=\"og:url\" content=\"https:\/\/www.fiscalia.gov.co\/colombia\/noticias\/en-firme-condena-contra-el-exministro-de-agricultura-andres-felipe-arias-por-irregularidades-de-contratacion-en-la-puesta-en-marcha-del-programa-agro-ingreso-seguro\/\" \/>\n<meta property=\"og:site_name\" content=\"Fiscal\u00eda General de la Naci\u00f3n\" \/>\n<meta property=\"article:publisher\" content=\"https:\/\/www.facebook.com\/FiscaliaCol\" \/>\n<meta property=\"article:published_time\" content=\"2023-02-03T17:34:09+00:00\" \/>\n<meta name=\"author\" content=\"Winnie Geraldine Rodr\u00edguez Navarrete\" \/>\n<meta name=\"twitter:card\" content=\"summary_large_image\" \/>\n<meta name=\"twitter:creator\" content=\"@FiscaliaCol\" \/>\n<meta name=\"twitter:site\" content=\"@FiscaliaCol\" \/>\n<meta name=\"twitter:label1\" content=\"Escrito por\" \/>\n\t<meta name=\"twitter:data1\" content=\"Winnie Geraldine Rodr\u00edguez Navarrete\" \/>\n\t<meta name=\"twitter:label2\" content=\"Tiempo de lectura\" \/>\n\t<meta name=\"twitter:data2\" content=\"3 minutos\" \/>\n<script type=\"application\/ld+json\" class=\"yoast-schema-graph\">{\"@context\":\"https:\/\/schema.org\",\"@graph\":[{\"@type\":\"Article\",\"@id\":\"https:\/\/www.fiscalia.gov.co\/colombia\/noticias\/en-firme-condena-contra-el-exministro-de-agricultura-andres-felipe-arias-por-irregularidades-de-contratacion-en-la-puesta-en-marcha-del-programa-agro-ingreso-seguro\/#article\",\"isPartOf\":{\"@id\":\"https:\/\/www.fiscalia.gov.co\/colombia\/noticias\/en-firme-condena-contra-el-exministro-de-agricultura-andres-felipe-arias-por-irregularidades-de-contratacion-en-la-puesta-en-marcha-del-programa-agro-ingreso-seguro\/\"},\"author\":{\"name\":\"Winnie Geraldine Rodr\u00edguez Navarrete\",\"@id\":\"https:\/\/www.fiscalia.gov.co\/colombia\/#\/schema\/person\/176195b99ebab0a52aafa15197e1bf80\"},\"headline\":\"En firme condena contra el exministro de Agricultura Andr\u00e9s Felipe Arias por irregularidades de contrataci\u00f3n en la puesta en marcha del programa Agro Ingreso Seguro\",\"datePublished\":\"2023-02-03T17:34:09+00:00\",\"dateModified\":\"2023-02-03T17:34:09+00:00\",\"mainEntityOfPage\":{\"@id\":\"https:\/\/www.fiscalia.gov.co\/colombia\/noticias\/en-firme-condena-contra-el-exministro-de-agricultura-andres-felipe-arias-por-irregularidades-de-contratacion-en-la-puesta-en-marcha-del-programa-agro-ingreso-seguro\/\"},\"wordCount\":556,\"publisher\":{\"@id\":\"https:\/\/www.fiscalia.gov.co\/colombia\/#organization\"},\"keywords\":[\"Agro Ingreso Seguro\",\"Andr\u00e9s Felipe Arias\",\"Fiscal Barbosa\",\"Fiscal\u00eda General de la Naci\u00f3n\",\"Peculado por apropiaci\u00f3n\"],\"articleSection\":[\"Noticias\"],\"inLanguage\":\"es-CO\"},{\"@type\":\"WebPage\",\"@id\":\"https:\/\/www.fiscalia.gov.co\/colombia\/noticias\/en-firme-condena-contra-el-exministro-de-agricultura-andres-felipe-arias-por-irregularidades-de-contratacion-en-la-puesta-en-marcha-del-programa-agro-ingreso-seguro\/\",\"url\":\"https:\/\/www.fiscalia.gov.co\/colombia\/noticias\/en-firme-condena-contra-el-exministro-de-agricultura-andres-felipe-arias-por-irregularidades-de-contratacion-en-la-puesta-en-marcha-del-programa-agro-ingreso-seguro\/\",\"name\":\"Fiscal\u00eda General de la Naci\u00f3n\",\"isPartOf\":{\"@id\":\"https:\/\/www.fiscalia.gov.co\/colombia\/#website\"},\"datePublished\":\"2023-02-03T17:34:09+00:00\",\"dateModified\":\"2023-02-03T17:34:09+00:00\",\"description\":\"P\u00e1gina oficial de la Fiscal\u00eda General de la Naci\u00f3n \u2013 Colombia. Garantizamos el acceso efectivo a la justicia, la verdad y la reparaci\u00f3n de las v\u00edctimas de los delitos.\",\"breadcrumb\":{\"@id\":\"https:\/\/www.fiscalia.gov.co\/colombia\/noticias\/en-firme-condena-contra-el-exministro-de-agricultura-andres-felipe-arias-por-irregularidades-de-contratacion-en-la-puesta-en-marcha-del-programa-agro-ingreso-seguro\/#breadcrumb\"},\"inLanguage\":\"es-CO\",\"potentialAction\":[{\"@type\":\"ReadAction\",\"target\":[\"https:\/\/www.fiscalia.gov.co\/colombia\/noticias\/en-firme-condena-contra-el-exministro-de-agricultura-andres-felipe-arias-por-irregularidades-de-contratacion-en-la-puesta-en-marcha-del-programa-agro-ingreso-seguro\/\"]}]},{\"@type\":\"BreadcrumbList\",\"@id\":\"https:\/\/www.fiscalia.gov.co\/colombia\/noticias\/en-firme-condena-contra-el-exministro-de-agricultura-andres-felipe-arias-por-irregularidades-de-contratacion-en-la-puesta-en-marcha-del-programa-agro-ingreso-seguro\/#breadcrumb\",\"itemListElement\":[{\"@type\":\"ListItem\",\"position\":1,\"name\":\"Home\",\"item\":\"https:\/\/www.fiscalia.gov.co\/colombia\/\"},{\"@type\":\"ListItem\",\"position\":2,\"name\":\"En firme condena contra el exministro de Agricultura Andr\u00e9s Felipe Arias por irregularidades de contrataci\u00f3n en la puesta en marcha del programa Agro Ingreso Seguro\"}]},{\"@type\":\"WebSite\",\"@id\":\"https:\/\/www.fiscalia.gov.co\/colombia\/#website\",\"url\":\"https:\/\/www.fiscalia.gov.co\/colombia\/\",\"name\":\"Fiscal\u00eda General de la Naci\u00f3n\",\"description\":\"P\u00e1gina oficial de la Fiscal\u00eda General de la Naci\u00f3n \u2013 Colombia. Garantizamos el acceso efectivo a la justicia, la verdad y la reparaci\u00f3n de las v\u00edctimas de los delitos.\",\"publisher\":{\"@id\":\"https:\/\/www.fiscalia.gov.co\/colombia\/#organization\"},\"potentialAction\":[{\"@type\":\"SearchAction\",\"target\":{\"@type\":\"EntryPoint\",\"urlTemplate\":\"https:\/\/www.fiscalia.gov.co\/colombia\/?s={search_term_string}\"},\"query-input\":{\"@type\":\"PropertyValueSpecification\",\"valueRequired\":true,\"valueName\":\"search_term_string\"}}],\"inLanguage\":\"es-CO\"},{\"@type\":\"Organization\",\"@id\":\"https:\/\/www.fiscalia.gov.co\/colombia\/#organization\",\"name\":\"Fiscal\u00eda General de la Naci\u00f3n\",\"url\":\"https:\/\/www.fiscalia.gov.co\/colombia\/\",\"logo\":{\"@type\":\"ImageObject\",\"inLanguage\":\"es-CO\",\"@id\":\"https:\/\/www.fiscalia.gov.co\/colombia\/#\/schema\/logo\/image\/\",\"url\":\"https:\/\/www.fiscalia.gov.co\/colombia\/wp-content\/uploads\/LogoHorizontal_1.jpg\",\"contentUrl\":\"https:\/\/www.fiscalia.gov.co\/colombia\/wp-content\/uploads\/LogoHorizontal_1.jpg\",\"width\":300,\"height\":90,\"caption\":\"Fiscal\u00eda General de la Naci\u00f3n\"},\"image\":{\"@id\":\"https:\/\/www.fiscalia.gov.co\/colombia\/#\/schema\/logo\/image\/\"},\"sameAs\":[\"https:\/\/www.facebook.com\/FiscaliaCol\",\"https:\/\/x.com\/FiscaliaCol\",\"https:\/\/www.instagram.com\/fiscaliacol\",\"https:\/\/www.linkedin.com\/company\/fiscalia-general-de-la-naci-n\/\",\"https:\/\/youtube.com\/@fiscaliageneraldelanacion-4668?si=6nN79nyQICPU5iTh\"]},{\"@type\":\"Person\",\"@id\":\"https:\/\/www.fiscalia.gov.co\/colombia\/#\/schema\/person\/176195b99ebab0a52aafa15197e1bf80\",\"name\":\"Winnie Geraldine Rodr\u00edguez Navarrete\",\"image\":{\"@type\":\"ImageObject\",\"inLanguage\":\"es-CO\",\"@id\":\"https:\/\/www.fiscalia.gov.co\/colombia\/#\/schema\/person\/image\/\",\"url\":\"https:\/\/secure.gravatar.com\/avatar\/c24cf8481dc84fa5e8c7b20bc95ab0c6?s=96&d=mm&r=g\",\"contentUrl\":\"https:\/\/secure.gravatar.com\/avatar\/c24cf8481dc84fa5e8c7b20bc95ab0c6?s=96&d=mm&r=g\",\"caption\":\"Winnie Geraldine Rodr\u00edguez Navarrete\"},\"url\":\"https:\/\/www.fiscalia.gov.co\/colombia\/author\/winnierodriguez\/\"}]}<\/script>\n<!-- \/ Yoast SEO plugin. -->","yoast_head_json":{"title":"Fiscal\u00eda General de la Naci\u00f3n","description":"P\u00e1gina oficial de la Fiscal\u00eda General de la Naci\u00f3n \u2013 Colombia. Garantizamos el acceso efectivo a la justicia, la verdad y la reparaci\u00f3n de las v\u00edctimas de los delitos.","robots":{"index":"noindex","follow":"follow"},"og_locale":"es_ES","og_type":"article","og_title":"Fiscal\u00eda General de la Naci\u00f3n","og_description":"P\u00e1gina oficial de la Fiscal\u00eda General de la Naci\u00f3n \u2013 Colombia. Garantizamos el acceso efectivo a la justicia, la verdad y la reparaci\u00f3n de las v\u00edctimas de los delitos.","og_url":"https:\/\/www.fiscalia.gov.co\/colombia\/noticias\/en-firme-condena-contra-el-exministro-de-agricultura-andres-felipe-arias-por-irregularidades-de-contratacion-en-la-puesta-en-marcha-del-programa-agro-ingreso-seguro\/","og_site_name":"Fiscal\u00eda General de la Naci\u00f3n","article_publisher":"https:\/\/www.facebook.com\/FiscaliaCol","article_published_time":"2023-02-03T17:34:09+00:00","author":"Winnie Geraldine Rodr\u00edguez Navarrete","twitter_card":"summary_large_image","twitter_creator":"@FiscaliaCol","twitter_site":"@FiscaliaCol","twitter_misc":{"Escrito por":"Winnie Geraldine Rodr\u00edguez Navarrete","Tiempo de lectura":"3 minutos"},"schema":{"@context":"https:\/\/schema.org","@graph":[{"@type":"Article","@id":"https:\/\/www.fiscalia.gov.co\/colombia\/noticias\/en-firme-condena-contra-el-exministro-de-agricultura-andres-felipe-arias-por-irregularidades-de-contratacion-en-la-puesta-en-marcha-del-programa-agro-ingreso-seguro\/#article","isPartOf":{"@id":"https:\/\/www.fiscalia.gov.co\/colombia\/noticias\/en-firme-condena-contra-el-exministro-de-agricultura-andres-felipe-arias-por-irregularidades-de-contratacion-en-la-puesta-en-marcha-del-programa-agro-ingreso-seguro\/"},"author":{"name":"Winnie Geraldine Rodr\u00edguez Navarrete","@id":"https:\/\/www.fiscalia.gov.co\/colombia\/#\/schema\/person\/176195b99ebab0a52aafa15197e1bf80"},"headline":"En firme condena contra el exministro de Agricultura Andr\u00e9s Felipe Arias por irregularidades de contrataci\u00f3n en la puesta en marcha del programa Agro Ingreso Seguro","datePublished":"2023-02-03T17:34:09+00:00","dateModified":"2023-02-03T17:34:09+00:00","mainEntityOfPage":{"@id":"https:\/\/www.fiscalia.gov.co\/colombia\/noticias\/en-firme-condena-contra-el-exministro-de-agricultura-andres-felipe-arias-por-irregularidades-de-contratacion-en-la-puesta-en-marcha-del-programa-agro-ingreso-seguro\/"},"wordCount":556,"publisher":{"@id":"https:\/\/www.fiscalia.gov.co\/colombia\/#organization"},"keywords":["Agro Ingreso Seguro","Andr\u00e9s Felipe Arias","Fiscal Barbosa","Fiscal\u00eda General de la Naci\u00f3n","Peculado por apropiaci\u00f3n"],"articleSection":["Noticias"],"inLanguage":"es-CO"},{"@type":"WebPage","@id":"https:\/\/www.fiscalia.gov.co\/colombia\/noticias\/en-firme-condena-contra-el-exministro-de-agricultura-andres-felipe-arias-por-irregularidades-de-contratacion-en-la-puesta-en-marcha-del-programa-agro-ingreso-seguro\/","url":"https:\/\/www.fiscalia.gov.co\/colombia\/noticias\/en-firme-condena-contra-el-exministro-de-agricultura-andres-felipe-arias-por-irregularidades-de-contratacion-en-la-puesta-en-marcha-del-programa-agro-ingreso-seguro\/","name":"Fiscal\u00eda General de la Naci\u00f3n","isPartOf":{"@id":"https:\/\/www.fiscalia.gov.co\/colombia\/#website"},"datePublished":"2023-02-03T17:34:09+00:00","dateModified":"2023-02-03T17:34:09+00:00","description":"P\u00e1gina oficial de la Fiscal\u00eda General de la Naci\u00f3n \u2013 Colombia. Garantizamos el acceso efectivo a la justicia, la verdad y la reparaci\u00f3n de las v\u00edctimas de los delitos.","breadcrumb":{"@id":"https:\/\/www.fiscalia.gov.co\/colombia\/noticias\/en-firme-condena-contra-el-exministro-de-agricultura-andres-felipe-arias-por-irregularidades-de-contratacion-en-la-puesta-en-marcha-del-programa-agro-ingreso-seguro\/#breadcrumb"},"inLanguage":"es-CO","potentialAction":[{"@type":"ReadAction","target":["https:\/\/www.fiscalia.gov.co\/colombia\/noticias\/en-firme-condena-contra-el-exministro-de-agricultura-andres-felipe-arias-por-irregularidades-de-contratacion-en-la-puesta-en-marcha-del-programa-agro-ingreso-seguro\/"]}]},{"@type":"BreadcrumbList","@id":"https:\/\/www.fiscalia.gov.co\/colombia\/noticias\/en-firme-condena-contra-el-exministro-de-agricultura-andres-felipe-arias-por-irregularidades-de-contratacion-en-la-puesta-en-marcha-del-programa-agro-ingreso-seguro\/#breadcrumb","itemListElement":[{"@type":"ListItem","position":1,"name":"Home","item":"https:\/\/www.fiscalia.gov.co\/colombia\/"},{"@type":"ListItem","position":2,"name":"En firme condena contra el exministro de Agricultura Andr\u00e9s Felipe Arias por irregularidades de contrataci\u00f3n en la puesta en marcha del programa Agro Ingreso Seguro"}]},{"@type":"WebSite","@id":"https:\/\/www.fiscalia.gov.co\/colombia\/#website","url":"https:\/\/www.fiscalia.gov.co\/colombia\/","name":"Fiscal\u00eda General de la Naci\u00f3n","description":"P\u00e1gina oficial de la Fiscal\u00eda General de la Naci\u00f3n \u2013 Colombia. Garantizamos el acceso efectivo a la justicia, la verdad y la reparaci\u00f3n de las v\u00edctimas de los delitos.","publisher":{"@id":"https:\/\/www.fiscalia.gov.co\/colombia\/#organization"},"potentialAction":[{"@type":"SearchAction","target":{"@type":"EntryPoint","urlTemplate":"https:\/\/www.fiscalia.gov.co\/colombia\/?s={search_term_string}"},"query-input":{"@type":"PropertyValueSpecification","valueRequired":true,"valueName":"search_term_string"}}],"inLanguage":"es-CO"},{"@type":"Organization","@id":"https:\/\/www.fiscalia.gov.co\/colombia\/#organization","name":"Fiscal\u00eda General de la Naci\u00f3n","url":"https:\/\/www.fiscalia.gov.co\/colombia\/","logo":{"@type":"ImageObject","inLanguage":"es-CO","@id":"https:\/\/www.fiscalia.gov.co\/colombia\/#\/schema\/logo\/image\/","url":"https:\/\/www.fiscalia.gov.co\/colombia\/wp-content\/uploads\/LogoHorizontal_1.jpg","contentUrl":"https:\/\/www.fiscalia.gov.co\/colombia\/wp-content\/uploads\/LogoHorizontal_1.jpg","width":300,"height":90,"caption":"Fiscal\u00eda General de la Naci\u00f3n"},"image":{"@id":"https:\/\/www.fiscalia.gov.co\/colombia\/#\/schema\/logo\/image\/"},"sameAs":["https:\/\/www.facebook.com\/FiscaliaCol","https:\/\/x.com\/FiscaliaCol","https:\/\/www.instagram.com\/fiscaliacol","https:\/\/www.linkedin.com\/company\/fiscalia-general-de-la-naci-n\/","https:\/\/youtube.com\/@fiscaliageneraldelanacion-4668?si=6nN79nyQICPU5iTh"]},{"@type":"Person","@id":"https:\/\/www.fiscalia.gov.co\/colombia\/#\/schema\/person\/176195b99ebab0a52aafa15197e1bf80","name":"Winnie Geraldine Rodr\u00edguez Navarrete","image":{"@type":"ImageObject","inLanguage":"es-CO","@id":"https:\/\/www.fiscalia.gov.co\/colombia\/#\/schema\/person\/image\/","url":"https:\/\/secure.gravatar.com\/avatar\/c24cf8481dc84fa5e8c7b20bc95ab0c6?s=96&d=mm&r=g","contentUrl":"https:\/\/secure.gravatar.com\/avatar\/c24cf8481dc84fa5e8c7b20bc95ab0c6?s=96&d=mm&r=g","caption":"Winnie Geraldine Rodr\u00edguez Navarrete"},"url":"https:\/\/www.fiscalia.gov.co\/colombia\/author\/winnierodriguez\/"}]}},"_links":{"self":[{"href":"https:\/\/www.fiscalia.gov.co\/colombia\/wp-json\/wp\/v2\/posts\/265686","targetHints":{"allow":["GET"]}}],"collection":[{"href":"https:\/\/www.fiscalia.gov.co\/colombia\/wp-json\/wp\/v2\/posts"}],"about":[{"href":"https:\/\/www.fiscalia.gov.co\/colombia\/wp-json\/wp\/v2\/types\/post"}],"author":[{"embeddable":true,"href":"https:\/\/www.fiscalia.gov.co\/colombia\/wp-json\/wp\/v2\/users\/178"}],"replies":[{"embeddable":true,"href":"https:\/\/www.fiscalia.gov.co\/colombia\/wp-json\/wp\/v2\/comments?post=265686"}],"version-history":[{"count":1,"href":"https:\/\/www.fiscalia.gov.co\/colombia\/wp-json\/wp\/v2\/posts\/265686\/revisions"}],"predecessor-version":[{"id":265687,"href":"https:\/\/www.fiscalia.gov.co\/colombia\/wp-json\/wp\/v2\/posts\/265686\/revisions\/265687"}],"wp:attachment":[{"href":"https:\/\/www.fiscalia.gov.co\/colombia\/wp-json\/wp\/v2\/media?parent=265686"}],"wp:term":[{"taxonomy":"category","embeddable":true,"href":"https:\/\/www.fiscalia.gov.co\/colombia\/wp-json\/wp\/v2\/categories?post=265686"},{"taxonomy":"post_tag","embeddable":true,"href":"https:\/\/www.fiscalia.gov.co\/colombia\/wp-json\/wp\/v2\/tags?post=265686"}],"curies":[{"name":"wp","href":"https:\/\/api.w.org\/{rel}","templated":true}]}}