{"id":265640,"date":"2023-02-03T08:27:22","date_gmt":"2023-02-03T13:27:22","guid":{"rendered":"https:\/\/www.fiscalia.gov.co\/colombia\/?p=265640"},"modified":"2023-02-03T08:27:22","modified_gmt":"2023-02-03T13:27:22","slug":"fiscalia-imputara-a-exdirectora-de-la-uaesp-por-su-presunta-responsabilidad-en-la-disposicion-de-un-area-de-proteccion-ambiental-para-el-manejo-y-aprovechamiento-de-residuos-solidos","status":"publish","type":"post","link":"https:\/\/www.fiscalia.gov.co\/colombia\/noticias\/fiscalia-imputara-a-exdirectora-de-la-uaesp-por-su-presunta-responsabilidad-en-la-disposicion-de-un-area-de-proteccion-ambiental-para-el-manejo-y-aprovechamiento-de-residuos-solidos\/","title":{"rendered":"Fiscal\u00eda imputar\u00e1 a exdirectora de la UAESP por su presunta responsabilidad en la disposici\u00f3n de un \u00e1rea de protecci\u00f3n ambiental para el manejo y aprovechamiento de residuos s\u00f3lidos"},"content":{"rendered":"<h4><strong><em>Durante algo m\u00e1s de tres a\u00f1os se habr\u00eda utilizado un predio que hac\u00eda parte de la ronda y la Zona de Manejo y Preservaci\u00f3n Ambiental (ZMPA) del r\u00edo Tunjuelito.<\/em><\/strong><\/h4>\n<p>Un Fiscal de la Direcci\u00f3n Especializada contra las Violaciones a los Derechos Humanos radic\u00f3 solicitud de audiencia de imputaci\u00f3n en contra de la exdirectora de la Unidad Administrativa Especial de Servicios P\u00fablicos de Bogot\u00e1 (UAESP), Luz Amanda Camacho S\u00e1nchez, como posible responsable de los delitos de invasi\u00f3n de \u00e1rea de especial importancia ecol\u00f3gica y da\u00f1os en los recursos naturales.<\/p>\n<p>En 2018, la exfuncionaria dispuso de un predio denominado Buenos Aires, ubicado en la localidad de Ciudad Bol\u00edvar, en el sur de Bogot\u00e1, para el manejo de residuos s\u00f3lidos y tratamiento de l\u00edquidos, con alternativas de aprovechamiento. Con esta decisi\u00f3n buscaba contrarrestar una contingencia que se presentaba en el relleno sanitario de Do\u00f1a Juana.<\/p>\n<p>El material de prueba recaudado por el CTI de la Fiscal\u00eda da cuenta de que el terreno utilizado hace parte de la ronda y la Zona de Manejo y Preservaci\u00f3n Ambiental (ZMPA) del r\u00edo Tunjuelito, un \u00e1rea de especial protecci\u00f3n ecol\u00f3gica.<\/p>\n<p>Adicionalmente, se constat\u00f3 que el predio Buenos Aires fue usado durante algo m\u00e1s de tres a\u00f1os, por lo que gener\u00f3 procesos sancionatorios, en primera mediada por la Secretar\u00eda Distrital de Ambiente (SDA) y otras autoridades ambientales.<\/p>\n<p>La audiencia de imputaci\u00f3n se realizar\u00e1 durante febrero, ante el juzgado penal de control garant\u00edas que disponga la Judicatura mediante reparto.<\/p>\n<p><strong>La Fiscal\u00eda habla con resultados.<\/strong><\/p>\n<p>&nbsp;<\/p>\n<p>&nbsp;<\/p>\n<p>&nbsp;<\/p>\n<p>&nbsp;<\/p>\n<p>&nbsp;<\/p>\n<p>JARG\/JNSR\/DECVDH\/MCRC.<\/p>\n<p>&nbsp;<\/p>\n<p>&nbsp;<\/p>\n<p>&nbsp;<\/p>\n<p>&nbsp;<\/p>\n<p>&nbsp;<\/p>\n<div class=\"td-post-content tagdiv-type\">\n<div class=\"td-post-content tagdiv-type\">\n<div class=\"td-post-content tagdiv-type\">\n<div class=\"td-post-content tagdiv-type\">\n<div class=\"td-post-content tagdiv-type\">\n<div class=\"td-post-content tagdiv-type\">\n<p><em>La informaci\u00f3n contenida en este bolet\u00edn de prensa corresponde a la narraci\u00f3n de los hechos noticiosos objetivos, suministrados por los funcionarios encargados de adelantar las investigaciones penales al interior de la Fiscal\u00eda General de la Naci\u00f3n. Para el momento de la divulgaci\u00f3n de este comunicado, la situaci\u00f3n jur\u00eddica de la(s) persona(s) relacionada(s) se encuentra pendiente de resolver por la autoridad judicial competente, siempre bajo los preceptos de la presunci\u00f3n de inocencia, consagrados en el art\u00edculo 29 de la Constituci\u00f3n Pol\u00edtica y el art\u00edculo 7\u00ba de la Ley 906 de 2004.\u00a0\u00a0<\/em><\/p>\n<\/div>\n<\/div>\n<\/div>\n<\/div>\n<\/div>\n<\/div>\n\n<div class=\"twitter-share\"><a href=\"https:\/\/twitter.com\/intent\/tweet?via=fiscaliacol\" class=\"twitter-share-button\">Tweet<\/a><\/div>\n","protected":false},"excerpt":{"rendered":"<p>Durante algo m\u00e1s de tres a\u00f1os se habr\u00eda utilizado un predio que hac\u00eda parte de la ronda y la Zona de Manejo y Preservaci\u00f3n Ambiental (ZMPA) del r\u00edo Tunjuelito. Un Fiscal de la Direcci\u00f3n Especializada contra las Violaciones a los Derechos Humanos radic\u00f3 solicitud de audiencia de imputaci\u00f3n en contra de la exdirectora de la [&hellip;]<\/p>\n","protected":false},"author":177,"featured_media":0,"comment_status":"closed","ping_status":"open","sticky":false,"template":"","format":"standard","meta":{"tdm_status":"","tdm_grid_status":"","footnotes":""},"categories":[24102,1],"tags":[33861,24185,1047,30863,33860,33859,33858],"class_list":{"0":"post-265640","1":"post","2":"type-post","3":"status-publish","4":"format-standard","6":"category-derechos-humanos","7":"category-noticias","8":"tag-area-natural","9":"tag-fiscal-barbosa","10":"tag-fiscalia-general-de-la-nacion","11":"tag-invasion","12":"tag-proteccion-ambiental","13":"tag-residuos-solidos","14":"tag-uaesp"},"yoast_head":"<!-- This site is optimized with the Yoast SEO plugin v24.3 - https:\/\/yoast.com\/wordpress\/plugins\/seo\/ -->\n<title>Fiscal\u00eda General de la Naci\u00f3n<\/title>\n<meta name=\"description\" content=\"P\u00e1gina oficial de la Fiscal\u00eda General de la Naci\u00f3n \u2013 Colombia. Garantizamos el acceso efectivo a la justicia, la verdad y la reparaci\u00f3n de las v\u00edctimas de los delitos.\" \/>\n<meta name=\"robots\" content=\"noindex, follow\" \/>\n<meta property=\"og:locale\" content=\"es_ES\" \/>\n<meta property=\"og:type\" content=\"article\" \/>\n<meta property=\"og:title\" content=\"Fiscal\u00eda General de la Naci\u00f3n\" \/>\n<meta property=\"og:description\" content=\"P\u00e1gina oficial de la Fiscal\u00eda General de la Naci\u00f3n \u2013 Colombia. Garantizamos el acceso efectivo a la justicia, la verdad y la reparaci\u00f3n de las v\u00edctimas de los delitos.\" \/>\n<meta property=\"og:url\" content=\"https:\/\/www.fiscalia.gov.co\/colombia\/noticias\/fiscalia-imputara-a-exdirectora-de-la-uaesp-por-su-presunta-responsabilidad-en-la-disposicion-de-un-area-de-proteccion-ambiental-para-el-manejo-y-aprovechamiento-de-residuos-solidos\/\" \/>\n<meta property=\"og:site_name\" content=\"Fiscal\u00eda General de la Naci\u00f3n\" \/>\n<meta property=\"article:publisher\" content=\"https:\/\/www.facebook.com\/FiscaliaCol\" \/>\n<meta property=\"article:published_time\" content=\"2023-02-03T13:27:22+00:00\" \/>\n<meta name=\"author\" content=\"Jordan Leandro Oviedo Anzola\" \/>\n<meta name=\"twitter:card\" content=\"summary_large_image\" \/>\n<meta name=\"twitter:creator\" content=\"@FiscaliaCol\" \/>\n<meta name=\"twitter:site\" content=\"@FiscaliaCol\" \/>\n<meta name=\"twitter:label1\" content=\"Escrito por\" \/>\n\t<meta name=\"twitter:data1\" content=\"Jordan Leandro Oviedo Anzola\" \/>\n\t<meta name=\"twitter:label2\" content=\"Tiempo de lectura\" \/>\n\t<meta name=\"twitter:data2\" content=\"2 minutos\" \/>\n<script type=\"application\/ld+json\" class=\"yoast-schema-graph\">{\"@context\":\"https:\/\/schema.org\",\"@graph\":[{\"@type\":\"Article\",\"@id\":\"https:\/\/www.fiscalia.gov.co\/colombia\/noticias\/fiscalia-imputara-a-exdirectora-de-la-uaesp-por-su-presunta-responsabilidad-en-la-disposicion-de-un-area-de-proteccion-ambiental-para-el-manejo-y-aprovechamiento-de-residuos-solidos\/#article\",\"isPartOf\":{\"@id\":\"https:\/\/www.fiscalia.gov.co\/colombia\/noticias\/fiscalia-imputara-a-exdirectora-de-la-uaesp-por-su-presunta-responsabilidad-en-la-disposicion-de-un-area-de-proteccion-ambiental-para-el-manejo-y-aprovechamiento-de-residuos-solidos\/\"},\"author\":{\"name\":\"Jordan Leandro Oviedo Anzola\",\"@id\":\"https:\/\/www.fiscalia.gov.co\/colombia\/#\/schema\/person\/bf84402cf293a5393e9c70b111020b24\"},\"headline\":\"Fiscal\u00eda imputar\u00e1 a exdirectora de la UAESP por su presunta responsabilidad en la disposici\u00f3n de un \u00e1rea de protecci\u00f3n ambiental para el manejo y aprovechamiento de residuos s\u00f3lidos\",\"datePublished\":\"2023-02-03T13:27:22+00:00\",\"dateModified\":\"2023-02-03T13:27:22+00:00\",\"mainEntityOfPage\":{\"@id\":\"https:\/\/www.fiscalia.gov.co\/colombia\/noticias\/fiscalia-imputara-a-exdirectora-de-la-uaesp-por-su-presunta-responsabilidad-en-la-disposicion-de-un-area-de-proteccion-ambiental-para-el-manejo-y-aprovechamiento-de-residuos-solidos\/\"},\"wordCount\":421,\"publisher\":{\"@id\":\"https:\/\/www.fiscalia.gov.co\/colombia\/#organization\"},\"keywords\":[\"area natural\",\"Fiscal Barbosa\",\"Fiscal\u00eda General de la Naci\u00f3n\",\"invasi\u00f3n\",\"protecci\u00f3n ambiental\",\"residuos solidos\",\"UAESP\"],\"articleSection\":[\"Derechos Humanos\",\"Noticias\"],\"inLanguage\":\"es-CO\"},{\"@type\":\"WebPage\",\"@id\":\"https:\/\/www.fiscalia.gov.co\/colombia\/noticias\/fiscalia-imputara-a-exdirectora-de-la-uaesp-por-su-presunta-responsabilidad-en-la-disposicion-de-un-area-de-proteccion-ambiental-para-el-manejo-y-aprovechamiento-de-residuos-solidos\/\",\"url\":\"https:\/\/www.fiscalia.gov.co\/colombia\/noticias\/fiscalia-imputara-a-exdirectora-de-la-uaesp-por-su-presunta-responsabilidad-en-la-disposicion-de-un-area-de-proteccion-ambiental-para-el-manejo-y-aprovechamiento-de-residuos-solidos\/\",\"name\":\"Fiscal\u00eda General de la Naci\u00f3n\",\"isPartOf\":{\"@id\":\"https:\/\/www.fiscalia.gov.co\/colombia\/#website\"},\"datePublished\":\"2023-02-03T13:27:22+00:00\",\"dateModified\":\"2023-02-03T13:27:22+00:00\",\"description\":\"P\u00e1gina oficial de la Fiscal\u00eda General de la Naci\u00f3n \u2013 Colombia. Garantizamos el acceso efectivo a la justicia, la verdad y la reparaci\u00f3n de las v\u00edctimas de los delitos.\",\"breadcrumb\":{\"@id\":\"https:\/\/www.fiscalia.gov.co\/colombia\/noticias\/fiscalia-imputara-a-exdirectora-de-la-uaesp-por-su-presunta-responsabilidad-en-la-disposicion-de-un-area-de-proteccion-ambiental-para-el-manejo-y-aprovechamiento-de-residuos-solidos\/#breadcrumb\"},\"inLanguage\":\"es-CO\",\"potentialAction\":[{\"@type\":\"ReadAction\",\"target\":[\"https:\/\/www.fiscalia.gov.co\/colombia\/noticias\/fiscalia-imputara-a-exdirectora-de-la-uaesp-por-su-presunta-responsabilidad-en-la-disposicion-de-un-area-de-proteccion-ambiental-para-el-manejo-y-aprovechamiento-de-residuos-solidos\/\"]}]},{\"@type\":\"BreadcrumbList\",\"@id\":\"https:\/\/www.fiscalia.gov.co\/colombia\/noticias\/fiscalia-imputara-a-exdirectora-de-la-uaesp-por-su-presunta-responsabilidad-en-la-disposicion-de-un-area-de-proteccion-ambiental-para-el-manejo-y-aprovechamiento-de-residuos-solidos\/#breadcrumb\",\"itemListElement\":[{\"@type\":\"ListItem\",\"position\":1,\"name\":\"Home\",\"item\":\"https:\/\/www.fiscalia.gov.co\/colombia\/\"},{\"@type\":\"ListItem\",\"position\":2,\"name\":\"Fiscal\u00eda imputar\u00e1 a exdirectora de la UAESP por su presunta responsabilidad en la disposici\u00f3n de un \u00e1rea de protecci\u00f3n ambiental para el manejo y aprovechamiento de residuos s\u00f3lidos\"}]},{\"@type\":\"WebSite\",\"@id\":\"https:\/\/www.fiscalia.gov.co\/colombia\/#website\",\"url\":\"https:\/\/www.fiscalia.gov.co\/colombia\/\",\"name\":\"Fiscal\u00eda General de la Naci\u00f3n\",\"description\":\"P\u00e1gina oficial de la Fiscal\u00eda General de la Naci\u00f3n \u2013 Colombia. Garantizamos el acceso efectivo a la justicia, la verdad y la reparaci\u00f3n de las v\u00edctimas de los delitos.\",\"publisher\":{\"@id\":\"https:\/\/www.fiscalia.gov.co\/colombia\/#organization\"},\"potentialAction\":[{\"@type\":\"SearchAction\",\"target\":{\"@type\":\"EntryPoint\",\"urlTemplate\":\"https:\/\/www.fiscalia.gov.co\/colombia\/?s={search_term_string}\"},\"query-input\":{\"@type\":\"PropertyValueSpecification\",\"valueRequired\":true,\"valueName\":\"search_term_string\"}}],\"inLanguage\":\"es-CO\"},{\"@type\":\"Organization\",\"@id\":\"https:\/\/www.fiscalia.gov.co\/colombia\/#organization\",\"name\":\"Fiscal\u00eda General de la Naci\u00f3n\",\"url\":\"https:\/\/www.fiscalia.gov.co\/colombia\/\",\"logo\":{\"@type\":\"ImageObject\",\"inLanguage\":\"es-CO\",\"@id\":\"https:\/\/www.fiscalia.gov.co\/colombia\/#\/schema\/logo\/image\/\",\"url\":\"https:\/\/www.fiscalia.gov.co\/colombia\/wp-content\/uploads\/LogoHorizontal_1.jpg\",\"contentUrl\":\"https:\/\/www.fiscalia.gov.co\/colombia\/wp-content\/uploads\/LogoHorizontal_1.jpg\",\"width\":300,\"height\":90,\"caption\":\"Fiscal\u00eda General de la Naci\u00f3n\"},\"image\":{\"@id\":\"https:\/\/www.fiscalia.gov.co\/colombia\/#\/schema\/logo\/image\/\"},\"sameAs\":[\"https:\/\/www.facebook.com\/FiscaliaCol\",\"https:\/\/x.com\/FiscaliaCol\",\"https:\/\/www.instagram.com\/fiscaliacol\",\"https:\/\/www.linkedin.com\/company\/fiscalia-general-de-la-naci-n\/\",\"https:\/\/youtube.com\/@fiscaliageneraldelanacion-4668?si=6nN79nyQICPU5iTh\"]},{\"@type\":\"Person\",\"@id\":\"https:\/\/www.fiscalia.gov.co\/colombia\/#\/schema\/person\/bf84402cf293a5393e9c70b111020b24\",\"name\":\"Jordan Leandro Oviedo Anzola\",\"image\":{\"@type\":\"ImageObject\",\"inLanguage\":\"es-CO\",\"@id\":\"https:\/\/www.fiscalia.gov.co\/colombia\/#\/schema\/person\/image\/\",\"url\":\"https:\/\/secure.gravatar.com\/avatar\/dabba4346fa9b9207d96adafa8f92721?s=96&d=mm&r=g\",\"contentUrl\":\"https:\/\/secure.gravatar.com\/avatar\/dabba4346fa9b9207d96adafa8f92721?s=96&d=mm&r=g\",\"caption\":\"Jordan Leandro Oviedo Anzola\"},\"url\":\"https:\/\/www.fiscalia.gov.co\/colombia\/author\/joviedo\/\"}]}<\/script>\n<!-- \/ Yoast SEO plugin. -->","yoast_head_json":{"title":"Fiscal\u00eda General de la Naci\u00f3n","description":"P\u00e1gina oficial de la Fiscal\u00eda General de la Naci\u00f3n \u2013 Colombia. Garantizamos el acceso efectivo a la justicia, la verdad y la reparaci\u00f3n de las v\u00edctimas de los delitos.","robots":{"index":"noindex","follow":"follow"},"og_locale":"es_ES","og_type":"article","og_title":"Fiscal\u00eda General de la Naci\u00f3n","og_description":"P\u00e1gina oficial de la Fiscal\u00eda General de la Naci\u00f3n \u2013 Colombia. Garantizamos el acceso efectivo a la justicia, la verdad y la reparaci\u00f3n de las v\u00edctimas de los delitos.","og_url":"https:\/\/www.fiscalia.gov.co\/colombia\/noticias\/fiscalia-imputara-a-exdirectora-de-la-uaesp-por-su-presunta-responsabilidad-en-la-disposicion-de-un-area-de-proteccion-ambiental-para-el-manejo-y-aprovechamiento-de-residuos-solidos\/","og_site_name":"Fiscal\u00eda General de la Naci\u00f3n","article_publisher":"https:\/\/www.facebook.com\/FiscaliaCol","article_published_time":"2023-02-03T13:27:22+00:00","author":"Jordan Leandro Oviedo Anzola","twitter_card":"summary_large_image","twitter_creator":"@FiscaliaCol","twitter_site":"@FiscaliaCol","twitter_misc":{"Escrito por":"Jordan Leandro Oviedo Anzola","Tiempo de lectura":"2 minutos"},"schema":{"@context":"https:\/\/schema.org","@graph":[{"@type":"Article","@id":"https:\/\/www.fiscalia.gov.co\/colombia\/noticias\/fiscalia-imputara-a-exdirectora-de-la-uaesp-por-su-presunta-responsabilidad-en-la-disposicion-de-un-area-de-proteccion-ambiental-para-el-manejo-y-aprovechamiento-de-residuos-solidos\/#article","isPartOf":{"@id":"https:\/\/www.fiscalia.gov.co\/colombia\/noticias\/fiscalia-imputara-a-exdirectora-de-la-uaesp-por-su-presunta-responsabilidad-en-la-disposicion-de-un-area-de-proteccion-ambiental-para-el-manejo-y-aprovechamiento-de-residuos-solidos\/"},"author":{"name":"Jordan Leandro Oviedo Anzola","@id":"https:\/\/www.fiscalia.gov.co\/colombia\/#\/schema\/person\/bf84402cf293a5393e9c70b111020b24"},"headline":"Fiscal\u00eda imputar\u00e1 a exdirectora de la UAESP por su presunta responsabilidad en la disposici\u00f3n de un \u00e1rea de protecci\u00f3n ambiental para el manejo y aprovechamiento de residuos s\u00f3lidos","datePublished":"2023-02-03T13:27:22+00:00","dateModified":"2023-02-03T13:27:22+00:00","mainEntityOfPage":{"@id":"https:\/\/www.fiscalia.gov.co\/colombia\/noticias\/fiscalia-imputara-a-exdirectora-de-la-uaesp-por-su-presunta-responsabilidad-en-la-disposicion-de-un-area-de-proteccion-ambiental-para-el-manejo-y-aprovechamiento-de-residuos-solidos\/"},"wordCount":421,"publisher":{"@id":"https:\/\/www.fiscalia.gov.co\/colombia\/#organization"},"keywords":["area natural","Fiscal Barbosa","Fiscal\u00eda General de la Naci\u00f3n","invasi\u00f3n","protecci\u00f3n ambiental","residuos solidos","UAESP"],"articleSection":["Derechos Humanos","Noticias"],"inLanguage":"es-CO"},{"@type":"WebPage","@id":"https:\/\/www.fiscalia.gov.co\/colombia\/noticias\/fiscalia-imputara-a-exdirectora-de-la-uaesp-por-su-presunta-responsabilidad-en-la-disposicion-de-un-area-de-proteccion-ambiental-para-el-manejo-y-aprovechamiento-de-residuos-solidos\/","url":"https:\/\/www.fiscalia.gov.co\/colombia\/noticias\/fiscalia-imputara-a-exdirectora-de-la-uaesp-por-su-presunta-responsabilidad-en-la-disposicion-de-un-area-de-proteccion-ambiental-para-el-manejo-y-aprovechamiento-de-residuos-solidos\/","name":"Fiscal\u00eda General de la Naci\u00f3n","isPartOf":{"@id":"https:\/\/www.fiscalia.gov.co\/colombia\/#website"},"datePublished":"2023-02-03T13:27:22+00:00","dateModified":"2023-02-03T13:27:22+00:00","description":"P\u00e1gina oficial de la Fiscal\u00eda General de la Naci\u00f3n \u2013 Colombia. Garantizamos el acceso efectivo a la justicia, la verdad y la reparaci\u00f3n de las v\u00edctimas de los delitos.","breadcrumb":{"@id":"https:\/\/www.fiscalia.gov.co\/colombia\/noticias\/fiscalia-imputara-a-exdirectora-de-la-uaesp-por-su-presunta-responsabilidad-en-la-disposicion-de-un-area-de-proteccion-ambiental-para-el-manejo-y-aprovechamiento-de-residuos-solidos\/#breadcrumb"},"inLanguage":"es-CO","potentialAction":[{"@type":"ReadAction","target":["https:\/\/www.fiscalia.gov.co\/colombia\/noticias\/fiscalia-imputara-a-exdirectora-de-la-uaesp-por-su-presunta-responsabilidad-en-la-disposicion-de-un-area-de-proteccion-ambiental-para-el-manejo-y-aprovechamiento-de-residuos-solidos\/"]}]},{"@type":"BreadcrumbList","@id":"https:\/\/www.fiscalia.gov.co\/colombia\/noticias\/fiscalia-imputara-a-exdirectora-de-la-uaesp-por-su-presunta-responsabilidad-en-la-disposicion-de-un-area-de-proteccion-ambiental-para-el-manejo-y-aprovechamiento-de-residuos-solidos\/#breadcrumb","itemListElement":[{"@type":"ListItem","position":1,"name":"Home","item":"https:\/\/www.fiscalia.gov.co\/colombia\/"},{"@type":"ListItem","position":2,"name":"Fiscal\u00eda imputar\u00e1 a exdirectora de la UAESP por su presunta responsabilidad en la disposici\u00f3n de un \u00e1rea de protecci\u00f3n ambiental para el manejo y aprovechamiento de residuos s\u00f3lidos"}]},{"@type":"WebSite","@id":"https:\/\/www.fiscalia.gov.co\/colombia\/#website","url":"https:\/\/www.fiscalia.gov.co\/colombia\/","name":"Fiscal\u00eda General de la Naci\u00f3n","description":"P\u00e1gina oficial de la Fiscal\u00eda General de la Naci\u00f3n \u2013 Colombia. Garantizamos el acceso efectivo a la justicia, la verdad y la reparaci\u00f3n de las v\u00edctimas de los delitos.","publisher":{"@id":"https:\/\/www.fiscalia.gov.co\/colombia\/#organization"},"potentialAction":[{"@type":"SearchAction","target":{"@type":"EntryPoint","urlTemplate":"https:\/\/www.fiscalia.gov.co\/colombia\/?s={search_term_string}"},"query-input":{"@type":"PropertyValueSpecification","valueRequired":true,"valueName":"search_term_string"}}],"inLanguage":"es-CO"},{"@type":"Organization","@id":"https:\/\/www.fiscalia.gov.co\/colombia\/#organization","name":"Fiscal\u00eda General de la Naci\u00f3n","url":"https:\/\/www.fiscalia.gov.co\/colombia\/","logo":{"@type":"ImageObject","inLanguage":"es-CO","@id":"https:\/\/www.fiscalia.gov.co\/colombia\/#\/schema\/logo\/image\/","url":"https:\/\/www.fiscalia.gov.co\/colombia\/wp-content\/uploads\/LogoHorizontal_1.jpg","contentUrl":"https:\/\/www.fiscalia.gov.co\/colombia\/wp-content\/uploads\/LogoHorizontal_1.jpg","width":300,"height":90,"caption":"Fiscal\u00eda General de la Naci\u00f3n"},"image":{"@id":"https:\/\/www.fiscalia.gov.co\/colombia\/#\/schema\/logo\/image\/"},"sameAs":["https:\/\/www.facebook.com\/FiscaliaCol","https:\/\/x.com\/FiscaliaCol","https:\/\/www.instagram.com\/fiscaliacol","https:\/\/www.linkedin.com\/company\/fiscalia-general-de-la-naci-n\/","https:\/\/youtube.com\/@fiscaliageneraldelanacion-4668?si=6nN79nyQICPU5iTh"]},{"@type":"Person","@id":"https:\/\/www.fiscalia.gov.co\/colombia\/#\/schema\/person\/bf84402cf293a5393e9c70b111020b24","name":"Jordan Leandro Oviedo Anzola","image":{"@type":"ImageObject","inLanguage":"es-CO","@id":"https:\/\/www.fiscalia.gov.co\/colombia\/#\/schema\/person\/image\/","url":"https:\/\/secure.gravatar.com\/avatar\/dabba4346fa9b9207d96adafa8f92721?s=96&d=mm&r=g","contentUrl":"https:\/\/secure.gravatar.com\/avatar\/dabba4346fa9b9207d96adafa8f92721?s=96&d=mm&r=g","caption":"Jordan Leandro Oviedo Anzola"},"url":"https:\/\/www.fiscalia.gov.co\/colombia\/author\/joviedo\/"}]}},"_links":{"self":[{"href":"https:\/\/www.fiscalia.gov.co\/colombia\/wp-json\/wp\/v2\/posts\/265640","targetHints":{"allow":["GET"]}}],"collection":[{"href":"https:\/\/www.fiscalia.gov.co\/colombia\/wp-json\/wp\/v2\/posts"}],"about":[{"href":"https:\/\/www.fiscalia.gov.co\/colombia\/wp-json\/wp\/v2\/types\/post"}],"author":[{"embeddable":true,"href":"https:\/\/www.fiscalia.gov.co\/colombia\/wp-json\/wp\/v2\/users\/177"}],"replies":[{"embeddable":true,"href":"https:\/\/www.fiscalia.gov.co\/colombia\/wp-json\/wp\/v2\/comments?post=265640"}],"version-history":[{"count":1,"href":"https:\/\/www.fiscalia.gov.co\/colombia\/wp-json\/wp\/v2\/posts\/265640\/revisions"}],"predecessor-version":[{"id":265641,"href":"https:\/\/www.fiscalia.gov.co\/colombia\/wp-json\/wp\/v2\/posts\/265640\/revisions\/265641"}],"wp:attachment":[{"href":"https:\/\/www.fiscalia.gov.co\/colombia\/wp-json\/wp\/v2\/media?parent=265640"}],"wp:term":[{"taxonomy":"category","embeddable":true,"href":"https:\/\/www.fiscalia.gov.co\/colombia\/wp-json\/wp\/v2\/categories?post=265640"},{"taxonomy":"post_tag","embeddable":true,"href":"https:\/\/www.fiscalia.gov.co\/colombia\/wp-json\/wp\/v2\/tags?post=265640"}],"curies":[{"name":"wp","href":"https:\/\/api.w.org\/{rel}","templated":true}]}}