{"id":265554,"date":"2023-02-02T11:13:16","date_gmt":"2023-02-02T16:13:16","guid":{"rendered":"https:\/\/www.fiscalia.gov.co\/colombia\/?p=265554"},"modified":"2023-02-02T11:24:34","modified_gmt":"2023-02-02T16:24:34","slug":"a-prision-presunto-responsable-de-hurto-a-mano-armada-a-ciudadano-en-buga-valle-del-cauca","status":"publish","type":"post","link":"https:\/\/www.fiscalia.gov.co\/colombia\/noticias\/a-prision-presunto-responsable-de-hurto-a-mano-armada-a-ciudadano-en-buga-valle-del-cauca\/","title":{"rendered":"A prisi\u00f3n presunto responsable de hurto a mano armada a ciudadano en Buga (Valle del Cauca)"},"content":{"rendered":"<p>Un hombre identificado como N\u00e9stor Jos\u00e9 Silva Herrera, de 25 a\u00f1os, de nacionalidad extranjera, fue enviado a prisi\u00f3n como presunto responsable del hurto a mano armada de una motocicleta y de otros elementos a un ciudadano en Buga (Valle del Cauca).<\/p>\n<figure id=\"attachment_265555\" aria-describedby=\"caption-attachment-265555\" style=\"width: 374px\" class=\"wp-caption aligncenter\"><img loading=\"lazy\" decoding=\"async\" class=\" wp-image-265555\" src=\"https:\/\/www.fiscalia.gov.co\/colombia\/wp-content\/uploads\/Nestor-Jose-Silva-Herrera.-Hurto-a-mano-armada.-Buga-Valle.-300x225.jpg\" alt=\"En la foto aparece de pie, con los brazos atr\u00e1s y la cabeza agachada, N\u00e9stor Jos\u00e9 Silva Herrera. Esta persona viste camiseta roja de manga corta y pantal\u00f3n oscuro. A lado y lado de \u00e9l hay uniformados de la Polic\u00eda Nacional. Delante de ellos hay una mesa con 3 avisos que dicen: \u2018celular recuperado\u2019, \u2018Arma\u2019 y \u2018hurto calificado\u2019. Al lado derecho de la mesa hay una motocicleta con un letrero que dice: \u2018Motocicleta recuperada\u2019. Detr\u00e1s de ellos hay un pend\u00f3n institucional de la Polic\u00eda.\" width=\"374\" height=\"281\" srcset=\"https:\/\/www.fiscalia.gov.co\/colombia\/wp-content\/uploads\/Nestor-Jose-Silva-Herrera.-Hurto-a-mano-armada.-Buga-Valle.-300x225.jpg 300w, https:\/\/www.fiscalia.gov.co\/colombia\/wp-content\/uploads\/Nestor-Jose-Silva-Herrera.-Hurto-a-mano-armada.-Buga-Valle.-768x576.jpg 768w, https:\/\/www.fiscalia.gov.co\/colombia\/wp-content\/uploads\/Nestor-Jose-Silva-Herrera.-Hurto-a-mano-armada.-Buga-Valle.-696x522.jpg 696w, https:\/\/www.fiscalia.gov.co\/colombia\/wp-content\/uploads\/Nestor-Jose-Silva-Herrera.-Hurto-a-mano-armada.-Buga-Valle.-560x420.jpg 560w, https:\/\/www.fiscalia.gov.co\/colombia\/wp-content\/uploads\/Nestor-Jose-Silva-Herrera.-Hurto-a-mano-armada.-Buga-Valle.-80x60.jpg 80w, https:\/\/www.fiscalia.gov.co\/colombia\/wp-content\/uploads\/Nestor-Jose-Silva-Herrera.-Hurto-a-mano-armada.-Buga-Valle.-265x198.jpg 265w, https:\/\/www.fiscalia.gov.co\/colombia\/wp-content\/uploads\/Nestor-Jose-Silva-Herrera.-Hurto-a-mano-armada.-Buga-Valle..jpg 1024w\" sizes=\"auto, (max-width: 374px) 100vw, 374px\" \/><figcaption id=\"caption-attachment-265555\" class=\"wp-caption-text\">N\u00e9stor Jos\u00e9 Silva Herrera, de nacionalidad venezolana, fue enviado a prisi\u00f3n como presunto responsable del hurto de una motocicleta y otros elementos a un ciudadano, en Buga (Valle).<\/figcaption><\/figure>\n<p>As\u00ed lo solicit\u00f3 la Fiscal\u00eda General de Naci\u00f3n ante un juez de control de garant\u00edas, luego de que el hoy imputado fuera capturado en flagrancia por personal de la Polic\u00eda Nacional cuando intentaba huir.<\/p>\n<p>Los hechos ocurrieron en una v\u00eda p\u00fablica donde la v\u00edctima fue abordada por un hombre que la intimid\u00f3 con un arma de fuego para despojarlo de la motocicleta y de un tel\u00e9fono celular.<\/p>\n<p>En el momento de la captura, las autoridades le incautaron al presunto implicado un arma de fuego traum\u00e1tica calibre 9 mm, un proveedor con 14 cartuchos traum\u00e1ticos, una motocicleta de placa ODI 88B y un tel\u00e9fono celular.<\/p>\n<p>La Fiscal\u00eda en las audiencias concentradas le imput\u00f3 cargos al capturado por el delito de hurto calificado y agravado, por lo que el juez decidi\u00f3 que Silva Herrera debe cumplir la medida de aseguramiento en centro carcelario.<\/p>\n<p>Esta informaci\u00f3n se publica por razones de inter\u00e9s general.<\/p>\n<p><strong>La Fiscal\u00eda habla con resultados.<\/strong><\/p>\n<p><strong>\u00a0<\/strong><\/p>\n<p>&nbsp;<\/p>\n<p>&nbsp;<\/p>\n<p>&nbsp;<\/p>\n<p>MAP\/CFG\/SMLR\/DSVC\/<\/p>\n<p>&nbsp;<\/p>\n<p>&nbsp;<\/p>\n<p><em>La informaci\u00f3n contenida en este bolet\u00edn de prensa corresponde a la narraci\u00f3n de los hechos noticiosos objetivos, suministrados por los funcionarios encargados de adelantar las investigaciones penales al interior de la Fiscal\u00eda General de la Naci\u00f3n. Para el momento de la divulgaci\u00f3n de este comunicado, la situaci\u00f3n jur\u00eddica de la(s) persona(s) relacionada(s) se encuentra pendiente de resolver por la autoridad judicial competente, siempre bajo los preceptos de la presunci\u00f3n de inocencia, consagrados en el art\u00edculo 29 de la Constituci\u00f3n Pol\u00edtica y el art\u00edculo 7\u00ba de la Ley 906 de 2004.\u00a0\u00a0<\/em><\/p>\n<p>&nbsp;<\/p>\n<p><strong>\u00a0<\/strong><\/p>\n\n<div class=\"twitter-share\"><a href=\"https:\/\/twitter.com\/intent\/tweet?via=fiscaliacol\" class=\"twitter-share-button\">Tweet<\/a><\/div>\n","protected":false},"excerpt":{"rendered":"<p>Un hombre identificado como N\u00e9stor Jos\u00e9 Silva Herrera, de 25 a\u00f1os, de nacionalidad extranjera, fue enviado a prisi\u00f3n como presunto responsable del hurto a mano armada de una motocicleta y de otros elementos a un ciudadano en Buga (Valle del Cauca). As\u00ed lo solicit\u00f3 la Fiscal\u00eda General de Naci\u00f3n ante un juez de control de [&hellip;]<\/p>\n","protected":false},"author":178,"featured_media":0,"comment_status":"closed","ping_status":"open","sticky":false,"template":"","format":"standard","meta":{"tdm_status":"","tdm_grid_status":"","footnotes":""},"categories":[1,323,303,24099],"tags":[27643,32409,12424,25944,33843,24551,78,24187,7169,7451,1185,2966,6194,29437],"class_list":{"0":"post-265554","1":"post","2":"type-post","3":"status-publish","4":"format-standard","6":"category-noticias","7":"category-seccional-buga","8":"category-seccionales","9":"category-seguridad-territorial","10":"tag-arma-traumatica","11":"tag-buga-valle-del-cauca","12":"tag-capturado","13":"tag-cartuchos","14":"tag-cartuchos-traumaticos","15":"tag-centro-carcelario","16":"tag-fiscal-general-de-la-nacion","17":"tag-fiscalia-colombia","18":"tag-flagrancia","19":"tag-hurto-calificado-y-agravado","20":"tag-medida-de-aseguramiento","21":"tag-motocicletas","22":"tag-municion","23":"tag-seccional-valle-del-cauca"},"yoast_head":"<!-- This site is optimized with the Yoast SEO plugin v24.3 - https:\/\/yoast.com\/wordpress\/plugins\/seo\/ -->\n<title>Fiscal\u00eda General de la Naci\u00f3n<\/title>\n<meta name=\"description\" content=\"P\u00e1gina oficial de la Fiscal\u00eda General de la Naci\u00f3n \u2013 Colombia. Garantizamos el acceso efectivo a la justicia, la verdad y la reparaci\u00f3n de las v\u00edctimas de los delitos.\" \/>\n<meta name=\"robots\" content=\"noindex, follow\" \/>\n<meta property=\"og:locale\" content=\"es_ES\" \/>\n<meta property=\"og:type\" content=\"article\" \/>\n<meta property=\"og:title\" content=\"Fiscal\u00eda General de la Naci\u00f3n\" \/>\n<meta property=\"og:description\" content=\"P\u00e1gina oficial de la Fiscal\u00eda General de la Naci\u00f3n \u2013 Colombia. Garantizamos el acceso efectivo a la justicia, la verdad y la reparaci\u00f3n de las v\u00edctimas de los delitos.\" \/>\n<meta property=\"og:url\" content=\"https:\/\/www.fiscalia.gov.co\/colombia\/noticias\/a-prision-presunto-responsable-de-hurto-a-mano-armada-a-ciudadano-en-buga-valle-del-cauca\/\" \/>\n<meta property=\"og:site_name\" content=\"Fiscal\u00eda General de la Naci\u00f3n\" \/>\n<meta property=\"article:publisher\" content=\"https:\/\/www.facebook.com\/FiscaliaCol\" \/>\n<meta property=\"article:published_time\" content=\"2023-02-02T16:13:16+00:00\" \/>\n<meta property=\"article:modified_time\" content=\"2023-02-02T16:24:34+00:00\" \/>\n<meta property=\"og:image\" content=\"https:\/\/www.fiscalia.gov.co\/colombia\/wp-content\/uploads\/Nestor-Jose-Silva-Herrera.-Hurto-a-mano-armada.-Buga-Valle.-300x225.jpg\" \/>\n<meta name=\"author\" content=\"Winnie Geraldine Rodr\u00edguez Navarrete\" \/>\n<meta name=\"twitter:card\" content=\"summary_large_image\" \/>\n<meta name=\"twitter:creator\" content=\"@FiscaliaCol\" \/>\n<meta name=\"twitter:site\" content=\"@FiscaliaCol\" \/>\n<meta name=\"twitter:label1\" content=\"Escrito por\" \/>\n\t<meta name=\"twitter:data1\" content=\"Winnie Geraldine Rodr\u00edguez Navarrete\" \/>\n\t<meta name=\"twitter:label2\" content=\"Tiempo de lectura\" \/>\n\t<meta name=\"twitter:data2\" content=\"2 minutos\" \/>\n<script type=\"application\/ld+json\" class=\"yoast-schema-graph\">{\"@context\":\"https:\/\/schema.org\",\"@graph\":[{\"@type\":\"Article\",\"@id\":\"https:\/\/www.fiscalia.gov.co\/colombia\/noticias\/a-prision-presunto-responsable-de-hurto-a-mano-armada-a-ciudadano-en-buga-valle-del-cauca\/#article\",\"isPartOf\":{\"@id\":\"https:\/\/www.fiscalia.gov.co\/colombia\/noticias\/a-prision-presunto-responsable-de-hurto-a-mano-armada-a-ciudadano-en-buga-valle-del-cauca\/\"},\"author\":{\"name\":\"Winnie Geraldine Rodr\u00edguez Navarrete\",\"@id\":\"https:\/\/www.fiscalia.gov.co\/colombia\/#\/schema\/person\/176195b99ebab0a52aafa15197e1bf80\"},\"headline\":\"A prisi\u00f3n presunto responsable de hurto a mano armada a ciudadano en Buga (Valle del Cauca)\",\"datePublished\":\"2023-02-02T16:13:16+00:00\",\"dateModified\":\"2023-02-02T16:24:34+00:00\",\"mainEntityOfPage\":{\"@id\":\"https:\/\/www.fiscalia.gov.co\/colombia\/noticias\/a-prision-presunto-responsable-de-hurto-a-mano-armada-a-ciudadano-en-buga-valle-del-cauca\/\"},\"wordCount\":377,\"publisher\":{\"@id\":\"https:\/\/www.fiscalia.gov.co\/colombia\/#organization\"},\"image\":{\"@id\":\"https:\/\/www.fiscalia.gov.co\/colombia\/noticias\/a-prision-presunto-responsable-de-hurto-a-mano-armada-a-ciudadano-en-buga-valle-del-cauca\/#primaryimage\"},\"thumbnailUrl\":\"https:\/\/www.fiscalia.gov.co\/colombia\/wp-content\/uploads\/Nestor-Jose-Silva-Herrera.-Hurto-a-mano-armada.-Buga-Valle.-300x225.jpg\",\"keywords\":[\"arma traum\u00e1tica\",\"Buga (Valle del Cauca)\",\"Capturado\",\"cartuchos\",\"cartuchos traum\u00e1ticos\",\"centro carcelario\",\"Fiscal General de la Naci\u00f3n\",\"Fiscal\u00eda Colombia\",\"Flagrancia\",\"hurto calificado y agravado\",\"Medida de aseguramiento\",\"Motocicletas\",\"Munici\u00f3n\",\"Seccional Valle del Cauca\"],\"articleSection\":[\"Noticias\",\"Seccional Buga\",\"Seccionales\",\"Seguridad territorial\"],\"inLanguage\":\"es-CO\"},{\"@type\":\"WebPage\",\"@id\":\"https:\/\/www.fiscalia.gov.co\/colombia\/noticias\/a-prision-presunto-responsable-de-hurto-a-mano-armada-a-ciudadano-en-buga-valle-del-cauca\/\",\"url\":\"https:\/\/www.fiscalia.gov.co\/colombia\/noticias\/a-prision-presunto-responsable-de-hurto-a-mano-armada-a-ciudadano-en-buga-valle-del-cauca\/\",\"name\":\"Fiscal\u00eda General de la Naci\u00f3n\",\"isPartOf\":{\"@id\":\"https:\/\/www.fiscalia.gov.co\/colombia\/#website\"},\"primaryImageOfPage\":{\"@id\":\"https:\/\/www.fiscalia.gov.co\/colombia\/noticias\/a-prision-presunto-responsable-de-hurto-a-mano-armada-a-ciudadano-en-buga-valle-del-cauca\/#primaryimage\"},\"image\":{\"@id\":\"https:\/\/www.fiscalia.gov.co\/colombia\/noticias\/a-prision-presunto-responsable-de-hurto-a-mano-armada-a-ciudadano-en-buga-valle-del-cauca\/#primaryimage\"},\"thumbnailUrl\":\"https:\/\/www.fiscalia.gov.co\/colombia\/wp-content\/uploads\/Nestor-Jose-Silva-Herrera.-Hurto-a-mano-armada.-Buga-Valle.-300x225.jpg\",\"datePublished\":\"2023-02-02T16:13:16+00:00\",\"dateModified\":\"2023-02-02T16:24:34+00:00\",\"description\":\"P\u00e1gina oficial de la Fiscal\u00eda General de la Naci\u00f3n \u2013 Colombia. Garantizamos el acceso efectivo a la justicia, la verdad y la reparaci\u00f3n de las v\u00edctimas de los delitos.\",\"breadcrumb\":{\"@id\":\"https:\/\/www.fiscalia.gov.co\/colombia\/noticias\/a-prision-presunto-responsable-de-hurto-a-mano-armada-a-ciudadano-en-buga-valle-del-cauca\/#breadcrumb\"},\"inLanguage\":\"es-CO\",\"potentialAction\":[{\"@type\":\"ReadAction\",\"target\":[\"https:\/\/www.fiscalia.gov.co\/colombia\/noticias\/a-prision-presunto-responsable-de-hurto-a-mano-armada-a-ciudadano-en-buga-valle-del-cauca\/\"]}]},{\"@type\":\"ImageObject\",\"inLanguage\":\"es-CO\",\"@id\":\"https:\/\/www.fiscalia.gov.co\/colombia\/noticias\/a-prision-presunto-responsable-de-hurto-a-mano-armada-a-ciudadano-en-buga-valle-del-cauca\/#primaryimage\",\"url\":\"https:\/\/www.fiscalia.gov.co\/colombia\/wp-content\/uploads\/Nestor-Jose-Silva-Herrera.-Hurto-a-mano-armada.-Buga-Valle..jpg\",\"contentUrl\":\"https:\/\/www.fiscalia.gov.co\/colombia\/wp-content\/uploads\/Nestor-Jose-Silva-Herrera.-Hurto-a-mano-armada.-Buga-Valle..jpg\",\"width\":1024,\"height\":768,\"caption\":\"N\u00e9stor Jos\u00e9 Silva Herrera, de nacionalidad venezolana, fue enviado a prisi\u00f3n como presunto responsable del hurto de una motocicleta y otros elementos a un ciudadano, en Buga (Valle).\"},{\"@type\":\"BreadcrumbList\",\"@id\":\"https:\/\/www.fiscalia.gov.co\/colombia\/noticias\/a-prision-presunto-responsable-de-hurto-a-mano-armada-a-ciudadano-en-buga-valle-del-cauca\/#breadcrumb\",\"itemListElement\":[{\"@type\":\"ListItem\",\"position\":1,\"name\":\"Home\",\"item\":\"https:\/\/www.fiscalia.gov.co\/colombia\/\"},{\"@type\":\"ListItem\",\"position\":2,\"name\":\"A prisi\u00f3n presunto responsable de hurto a mano armada a ciudadano en Buga (Valle del Cauca)\"}]},{\"@type\":\"WebSite\",\"@id\":\"https:\/\/www.fiscalia.gov.co\/colombia\/#website\",\"url\":\"https:\/\/www.fiscalia.gov.co\/colombia\/\",\"name\":\"Fiscal\u00eda General de la Naci\u00f3n\",\"description\":\"P\u00e1gina oficial de la Fiscal\u00eda General de la Naci\u00f3n \u2013 Colombia. Garantizamos el acceso efectivo a la justicia, la verdad y la reparaci\u00f3n de las v\u00edctimas de los delitos.\",\"publisher\":{\"@id\":\"https:\/\/www.fiscalia.gov.co\/colombia\/#organization\"},\"potentialAction\":[{\"@type\":\"SearchAction\",\"target\":{\"@type\":\"EntryPoint\",\"urlTemplate\":\"https:\/\/www.fiscalia.gov.co\/colombia\/?s={search_term_string}\"},\"query-input\":{\"@type\":\"PropertyValueSpecification\",\"valueRequired\":true,\"valueName\":\"search_term_string\"}}],\"inLanguage\":\"es-CO\"},{\"@type\":\"Organization\",\"@id\":\"https:\/\/www.fiscalia.gov.co\/colombia\/#organization\",\"name\":\"Fiscal\u00eda General de la Naci\u00f3n\",\"url\":\"https:\/\/www.fiscalia.gov.co\/colombia\/\",\"logo\":{\"@type\":\"ImageObject\",\"inLanguage\":\"es-CO\",\"@id\":\"https:\/\/www.fiscalia.gov.co\/colombia\/#\/schema\/logo\/image\/\",\"url\":\"https:\/\/www.fiscalia.gov.co\/colombia\/wp-content\/uploads\/LogoHorizontal_1.jpg\",\"contentUrl\":\"https:\/\/www.fiscalia.gov.co\/colombia\/wp-content\/uploads\/LogoHorizontal_1.jpg\",\"width\":300,\"height\":90,\"caption\":\"Fiscal\u00eda General de la Naci\u00f3n\"},\"image\":{\"@id\":\"https:\/\/www.fiscalia.gov.co\/colombia\/#\/schema\/logo\/image\/\"},\"sameAs\":[\"https:\/\/www.facebook.com\/FiscaliaCol\",\"https:\/\/x.com\/FiscaliaCol\",\"https:\/\/www.instagram.com\/fiscaliacol\",\"https:\/\/www.linkedin.com\/company\/fiscalia-general-de-la-naci-n\/\",\"https:\/\/youtube.com\/@fiscaliageneraldelanacion-4668?si=6nN79nyQICPU5iTh\"]},{\"@type\":\"Person\",\"@id\":\"https:\/\/www.fiscalia.gov.co\/colombia\/#\/schema\/person\/176195b99ebab0a52aafa15197e1bf80\",\"name\":\"Winnie Geraldine Rodr\u00edguez Navarrete\",\"image\":{\"@type\":\"ImageObject\",\"inLanguage\":\"es-CO\",\"@id\":\"https:\/\/www.fiscalia.gov.co\/colombia\/#\/schema\/person\/image\/\",\"url\":\"https:\/\/secure.gravatar.com\/avatar\/c24cf8481dc84fa5e8c7b20bc95ab0c6?s=96&d=mm&r=g\",\"contentUrl\":\"https:\/\/secure.gravatar.com\/avatar\/c24cf8481dc84fa5e8c7b20bc95ab0c6?s=96&d=mm&r=g\",\"caption\":\"Winnie Geraldine Rodr\u00edguez Navarrete\"},\"url\":\"https:\/\/www.fiscalia.gov.co\/colombia\/author\/winnierodriguez\/\"}]}<\/script>\n<!-- \/ Yoast SEO plugin. -->","yoast_head_json":{"title":"Fiscal\u00eda General de la Naci\u00f3n","description":"P\u00e1gina oficial de la Fiscal\u00eda General de la Naci\u00f3n \u2013 Colombia. Garantizamos el acceso efectivo a la justicia, la verdad y la reparaci\u00f3n de las v\u00edctimas de los delitos.","robots":{"index":"noindex","follow":"follow"},"og_locale":"es_ES","og_type":"article","og_title":"Fiscal\u00eda General de la Naci\u00f3n","og_description":"P\u00e1gina oficial de la Fiscal\u00eda General de la Naci\u00f3n \u2013 Colombia. Garantizamos el acceso efectivo a la justicia, la verdad y la reparaci\u00f3n de las v\u00edctimas de los delitos.","og_url":"https:\/\/www.fiscalia.gov.co\/colombia\/noticias\/a-prision-presunto-responsable-de-hurto-a-mano-armada-a-ciudadano-en-buga-valle-del-cauca\/","og_site_name":"Fiscal\u00eda General de la Naci\u00f3n","article_publisher":"https:\/\/www.facebook.com\/FiscaliaCol","article_published_time":"2023-02-02T16:13:16+00:00","article_modified_time":"2023-02-02T16:24:34+00:00","og_image":[{"url":"https:\/\/www.fiscalia.gov.co\/colombia\/wp-content\/uploads\/Nestor-Jose-Silva-Herrera.-Hurto-a-mano-armada.-Buga-Valle.-300x225.jpg","type":"","width":"","height":""}],"author":"Winnie Geraldine Rodr\u00edguez Navarrete","twitter_card":"summary_large_image","twitter_creator":"@FiscaliaCol","twitter_site":"@FiscaliaCol","twitter_misc":{"Escrito por":"Winnie Geraldine Rodr\u00edguez Navarrete","Tiempo de lectura":"2 minutos"},"schema":{"@context":"https:\/\/schema.org","@graph":[{"@type":"Article","@id":"https:\/\/www.fiscalia.gov.co\/colombia\/noticias\/a-prision-presunto-responsable-de-hurto-a-mano-armada-a-ciudadano-en-buga-valle-del-cauca\/#article","isPartOf":{"@id":"https:\/\/www.fiscalia.gov.co\/colombia\/noticias\/a-prision-presunto-responsable-de-hurto-a-mano-armada-a-ciudadano-en-buga-valle-del-cauca\/"},"author":{"name":"Winnie Geraldine Rodr\u00edguez Navarrete","@id":"https:\/\/www.fiscalia.gov.co\/colombia\/#\/schema\/person\/176195b99ebab0a52aafa15197e1bf80"},"headline":"A prisi\u00f3n presunto responsable de hurto a mano armada a ciudadano en Buga (Valle del Cauca)","datePublished":"2023-02-02T16:13:16+00:00","dateModified":"2023-02-02T16:24:34+00:00","mainEntityOfPage":{"@id":"https:\/\/www.fiscalia.gov.co\/colombia\/noticias\/a-prision-presunto-responsable-de-hurto-a-mano-armada-a-ciudadano-en-buga-valle-del-cauca\/"},"wordCount":377,"publisher":{"@id":"https:\/\/www.fiscalia.gov.co\/colombia\/#organization"},"image":{"@id":"https:\/\/www.fiscalia.gov.co\/colombia\/noticias\/a-prision-presunto-responsable-de-hurto-a-mano-armada-a-ciudadano-en-buga-valle-del-cauca\/#primaryimage"},"thumbnailUrl":"https:\/\/www.fiscalia.gov.co\/colombia\/wp-content\/uploads\/Nestor-Jose-Silva-Herrera.-Hurto-a-mano-armada.-Buga-Valle.-300x225.jpg","keywords":["arma traum\u00e1tica","Buga (Valle del Cauca)","Capturado","cartuchos","cartuchos traum\u00e1ticos","centro carcelario","Fiscal General de la Naci\u00f3n","Fiscal\u00eda Colombia","Flagrancia","hurto calificado y agravado","Medida de aseguramiento","Motocicletas","Munici\u00f3n","Seccional Valle del Cauca"],"articleSection":["Noticias","Seccional Buga","Seccionales","Seguridad territorial"],"inLanguage":"es-CO"},{"@type":"WebPage","@id":"https:\/\/www.fiscalia.gov.co\/colombia\/noticias\/a-prision-presunto-responsable-de-hurto-a-mano-armada-a-ciudadano-en-buga-valle-del-cauca\/","url":"https:\/\/www.fiscalia.gov.co\/colombia\/noticias\/a-prision-presunto-responsable-de-hurto-a-mano-armada-a-ciudadano-en-buga-valle-del-cauca\/","name":"Fiscal\u00eda General de la Naci\u00f3n","isPartOf":{"@id":"https:\/\/www.fiscalia.gov.co\/colombia\/#website"},"primaryImageOfPage":{"@id":"https:\/\/www.fiscalia.gov.co\/colombia\/noticias\/a-prision-presunto-responsable-de-hurto-a-mano-armada-a-ciudadano-en-buga-valle-del-cauca\/#primaryimage"},"image":{"@id":"https:\/\/www.fiscalia.gov.co\/colombia\/noticias\/a-prision-presunto-responsable-de-hurto-a-mano-armada-a-ciudadano-en-buga-valle-del-cauca\/#primaryimage"},"thumbnailUrl":"https:\/\/www.fiscalia.gov.co\/colombia\/wp-content\/uploads\/Nestor-Jose-Silva-Herrera.-Hurto-a-mano-armada.-Buga-Valle.-300x225.jpg","datePublished":"2023-02-02T16:13:16+00:00","dateModified":"2023-02-02T16:24:34+00:00","description":"P\u00e1gina oficial de la Fiscal\u00eda General de la Naci\u00f3n \u2013 Colombia. Garantizamos el acceso efectivo a la justicia, la verdad y la reparaci\u00f3n de las v\u00edctimas de los delitos.","breadcrumb":{"@id":"https:\/\/www.fiscalia.gov.co\/colombia\/noticias\/a-prision-presunto-responsable-de-hurto-a-mano-armada-a-ciudadano-en-buga-valle-del-cauca\/#breadcrumb"},"inLanguage":"es-CO","potentialAction":[{"@type":"ReadAction","target":["https:\/\/www.fiscalia.gov.co\/colombia\/noticias\/a-prision-presunto-responsable-de-hurto-a-mano-armada-a-ciudadano-en-buga-valle-del-cauca\/"]}]},{"@type":"ImageObject","inLanguage":"es-CO","@id":"https:\/\/www.fiscalia.gov.co\/colombia\/noticias\/a-prision-presunto-responsable-de-hurto-a-mano-armada-a-ciudadano-en-buga-valle-del-cauca\/#primaryimage","url":"https:\/\/www.fiscalia.gov.co\/colombia\/wp-content\/uploads\/Nestor-Jose-Silva-Herrera.-Hurto-a-mano-armada.-Buga-Valle..jpg","contentUrl":"https:\/\/www.fiscalia.gov.co\/colombia\/wp-content\/uploads\/Nestor-Jose-Silva-Herrera.-Hurto-a-mano-armada.-Buga-Valle..jpg","width":1024,"height":768,"caption":"N\u00e9stor Jos\u00e9 Silva Herrera, de nacionalidad venezolana, fue enviado a prisi\u00f3n como presunto responsable del hurto de una motocicleta y otros elementos a un ciudadano, en Buga (Valle)."},{"@type":"BreadcrumbList","@id":"https:\/\/www.fiscalia.gov.co\/colombia\/noticias\/a-prision-presunto-responsable-de-hurto-a-mano-armada-a-ciudadano-en-buga-valle-del-cauca\/#breadcrumb","itemListElement":[{"@type":"ListItem","position":1,"name":"Home","item":"https:\/\/www.fiscalia.gov.co\/colombia\/"},{"@type":"ListItem","position":2,"name":"A prisi\u00f3n presunto responsable de hurto a mano armada a ciudadano en Buga (Valle del Cauca)"}]},{"@type":"WebSite","@id":"https:\/\/www.fiscalia.gov.co\/colombia\/#website","url":"https:\/\/www.fiscalia.gov.co\/colombia\/","name":"Fiscal\u00eda General de la Naci\u00f3n","description":"P\u00e1gina oficial de la Fiscal\u00eda General de la Naci\u00f3n \u2013 Colombia. Garantizamos el acceso efectivo a la justicia, la verdad y la reparaci\u00f3n de las v\u00edctimas de los delitos.","publisher":{"@id":"https:\/\/www.fiscalia.gov.co\/colombia\/#organization"},"potentialAction":[{"@type":"SearchAction","target":{"@type":"EntryPoint","urlTemplate":"https:\/\/www.fiscalia.gov.co\/colombia\/?s={search_term_string}"},"query-input":{"@type":"PropertyValueSpecification","valueRequired":true,"valueName":"search_term_string"}}],"inLanguage":"es-CO"},{"@type":"Organization","@id":"https:\/\/www.fiscalia.gov.co\/colombia\/#organization","name":"Fiscal\u00eda General de la Naci\u00f3n","url":"https:\/\/www.fiscalia.gov.co\/colombia\/","logo":{"@type":"ImageObject","inLanguage":"es-CO","@id":"https:\/\/www.fiscalia.gov.co\/colombia\/#\/schema\/logo\/image\/","url":"https:\/\/www.fiscalia.gov.co\/colombia\/wp-content\/uploads\/LogoHorizontal_1.jpg","contentUrl":"https:\/\/www.fiscalia.gov.co\/colombia\/wp-content\/uploads\/LogoHorizontal_1.jpg","width":300,"height":90,"caption":"Fiscal\u00eda General de la Naci\u00f3n"},"image":{"@id":"https:\/\/www.fiscalia.gov.co\/colombia\/#\/schema\/logo\/image\/"},"sameAs":["https:\/\/www.facebook.com\/FiscaliaCol","https:\/\/x.com\/FiscaliaCol","https:\/\/www.instagram.com\/fiscaliacol","https:\/\/www.linkedin.com\/company\/fiscalia-general-de-la-naci-n\/","https:\/\/youtube.com\/@fiscaliageneraldelanacion-4668?si=6nN79nyQICPU5iTh"]},{"@type":"Person","@id":"https:\/\/www.fiscalia.gov.co\/colombia\/#\/schema\/person\/176195b99ebab0a52aafa15197e1bf80","name":"Winnie Geraldine Rodr\u00edguez Navarrete","image":{"@type":"ImageObject","inLanguage":"es-CO","@id":"https:\/\/www.fiscalia.gov.co\/colombia\/#\/schema\/person\/image\/","url":"https:\/\/secure.gravatar.com\/avatar\/c24cf8481dc84fa5e8c7b20bc95ab0c6?s=96&d=mm&r=g","contentUrl":"https:\/\/secure.gravatar.com\/avatar\/c24cf8481dc84fa5e8c7b20bc95ab0c6?s=96&d=mm&r=g","caption":"Winnie Geraldine Rodr\u00edguez Navarrete"},"url":"https:\/\/www.fiscalia.gov.co\/colombia\/author\/winnierodriguez\/"}]}},"_links":{"self":[{"href":"https:\/\/www.fiscalia.gov.co\/colombia\/wp-json\/wp\/v2\/posts\/265554","targetHints":{"allow":["GET"]}}],"collection":[{"href":"https:\/\/www.fiscalia.gov.co\/colombia\/wp-json\/wp\/v2\/posts"}],"about":[{"href":"https:\/\/www.fiscalia.gov.co\/colombia\/wp-json\/wp\/v2\/types\/post"}],"author":[{"embeddable":true,"href":"https:\/\/www.fiscalia.gov.co\/colombia\/wp-json\/wp\/v2\/users\/178"}],"replies":[{"embeddable":true,"href":"https:\/\/www.fiscalia.gov.co\/colombia\/wp-json\/wp\/v2\/comments?post=265554"}],"version-history":[{"count":1,"href":"https:\/\/www.fiscalia.gov.co\/colombia\/wp-json\/wp\/v2\/posts\/265554\/revisions"}],"predecessor-version":[{"id":265556,"href":"https:\/\/www.fiscalia.gov.co\/colombia\/wp-json\/wp\/v2\/posts\/265554\/revisions\/265556"}],"wp:attachment":[{"href":"https:\/\/www.fiscalia.gov.co\/colombia\/wp-json\/wp\/v2\/media?parent=265554"}],"wp:term":[{"taxonomy":"category","embeddable":true,"href":"https:\/\/www.fiscalia.gov.co\/colombia\/wp-json\/wp\/v2\/categories?post=265554"},{"taxonomy":"post_tag","embeddable":true,"href":"https:\/\/www.fiscalia.gov.co\/colombia\/wp-json\/wp\/v2\/tags?post=265554"}],"curies":[{"name":"wp","href":"https:\/\/api.w.org\/{rel}","templated":true}]}}