{"id":265348,"date":"2023-01-31T11:02:28","date_gmt":"2023-01-31T16:02:28","guid":{"rendered":"https:\/\/www.fiscalia.gov.co\/colombia\/?p=265348"},"modified":"2023-01-31T11:02:28","modified_gmt":"2023-01-31T16:02:28","slug":"a-prision-presuntos-responsables-del-homicidio-de-un-hombre-al-que-habrian-lanzado-a-un-rio-en-tulua","status":"publish","type":"post","link":"https:\/\/www.fiscalia.gov.co\/colombia\/noticias\/a-prision-presuntos-responsables-del-homicidio-de-un-hombre-al-que-habrian-lanzado-a-un-rio-en-tulua\/","title":{"rendered":"A prisi\u00f3n presuntos responsables del homicidio de un hombre al que habr\u00edan lanzado a un r\u00edo en Tulu\u00e1"},"content":{"rendered":"<p style=\"font-weight: 400;\">Dos sujetos que estar\u00edan involucrados en el homicidio de un hombre, cuyo cuerpo fue lanzado a un r\u00edo, fueron capturados y privados de la libertad en el municipio de Tulu\u00e1 (Valle del Cauca).<\/p>\n<figure id=\"attachment_265349\" aria-describedby=\"caption-attachment-265349\" style=\"width: 696px\" class=\"wp-caption aligncenter\"><img loading=\"lazy\" decoding=\"async\" class=\"size-large wp-image-265349\" src=\"https:\/\/www.fiscalia.gov.co\/colombia\/wp-content\/uploads\/Juan-Jose-Uribe-Reyes-alias-Muelas-y-otro.-Homicidio-agravado.-Tulua-Valle.-1024x768.jpg\" alt=\"En la foto aparecen de pie, Pedro Antonio Mu\u00f1oz Mar\u00edn, alias \u2018Torrino\u2019 y Juan Jos\u00e9 Uribe Reyes, alias \u2018Muelas\u2019. Uno de los imputados vista camiseta gris de manga corta con franjas horizontales de color rojo, blanco, azul; jean azul y zapatos negros. La otra persona viste camiseta de manga corta negra con estampado a la altura del pecho, pantaloneta estampada y pantuflas oscuras. Al lado derecho de ellos hay un servidor del CTI de la Fiscal\u00eda y a la izquierda una uniformada de la Polic\u00eda Nacional. Detr\u00e1s de ellos hay un pend\u00f3n institucional de la Polic\u00eda.\" width=\"696\" height=\"522\" srcset=\"https:\/\/www.fiscalia.gov.co\/colombia\/wp-content\/uploads\/Juan-Jose-Uribe-Reyes-alias-Muelas-y-otro.-Homicidio-agravado.-Tulua-Valle.-1024x768.jpg 1024w, https:\/\/www.fiscalia.gov.co\/colombia\/wp-content\/uploads\/Juan-Jose-Uribe-Reyes-alias-Muelas-y-otro.-Homicidio-agravado.-Tulua-Valle.-300x225.jpg 300w, https:\/\/www.fiscalia.gov.co\/colombia\/wp-content\/uploads\/Juan-Jose-Uribe-Reyes-alias-Muelas-y-otro.-Homicidio-agravado.-Tulua-Valle.-768x576.jpg 768w, https:\/\/www.fiscalia.gov.co\/colombia\/wp-content\/uploads\/Juan-Jose-Uribe-Reyes-alias-Muelas-y-otro.-Homicidio-agravado.-Tulua-Valle.-696x522.jpg 696w, https:\/\/www.fiscalia.gov.co\/colombia\/wp-content\/uploads\/Juan-Jose-Uribe-Reyes-alias-Muelas-y-otro.-Homicidio-agravado.-Tulua-Valle.-1068x801.jpg 1068w, https:\/\/www.fiscalia.gov.co\/colombia\/wp-content\/uploads\/Juan-Jose-Uribe-Reyes-alias-Muelas-y-otro.-Homicidio-agravado.-Tulua-Valle.-560x420.jpg 560w, https:\/\/www.fiscalia.gov.co\/colombia\/wp-content\/uploads\/Juan-Jose-Uribe-Reyes-alias-Muelas-y-otro.-Homicidio-agravado.-Tulua-Valle.-80x60.jpg 80w, https:\/\/www.fiscalia.gov.co\/colombia\/wp-content\/uploads\/Juan-Jose-Uribe-Reyes-alias-Muelas-y-otro.-Homicidio-agravado.-Tulua-Valle.-265x198.jpg 265w, https:\/\/www.fiscalia.gov.co\/colombia\/wp-content\/uploads\/Juan-Jose-Uribe-Reyes-alias-Muelas-y-otro.-Homicidio-agravado.-Tulua-Valle..jpg 1280w\" sizes=\"auto, (max-width: 696px) 100vw, 696px\" \/><figcaption id=\"caption-attachment-265349\" class=\"wp-caption-text\">Pedro Antonio Mu\u00f1oz Mar\u00edn, alias \u2018Torrino\u2019 y Juan Jos\u00e9 Uribe Reyes, alias \u2018Muelas\u2019, fueron privados de la libertad como presuntos responsables del homicidio de un hombre cuyo cuerpo sin vida fue lanzado a un r\u00edo en Tulu\u00e1 (Valle).<\/figcaption><\/figure>\n<p style=\"font-weight: 400;\">As\u00ed lo solicit\u00f3 la Fiscal\u00eda General de la Naci\u00f3n ante un juez de control de garant\u00edas, decisi\u00f3n que afecta a\u00a0Pedro Antonio Mu\u00f1oz Mar\u00edn, alias \u2018Torrino\u2019 y Juan Jos\u00e9 Uribe Reyes, alias \u2018Muelas\u2019.<\/p>\n<p style=\"font-weight: 400;\">El\u00a0 30 de abril del 2022 las autoridades hallaron el cuerpo sin vida de un hombre, el cual presentaba heridas con arma cortopunzante.<\/p>\n<p style=\"font-weight: 400;\">Las labores de polic\u00eda judicial permitieron establecer la plena identidad de los presuntos implicados, por lo que el fiscal del caso solicit\u00f3 orden de captura en su contra, la cual fue materializada en una diligencia de registro y allanamiento, realizada por servidores del Cuerpo T\u00e9cnico de Investigaci\u00f3n (CTI) y la Sijin de la Polic\u00eda Nacional, en el barrio Avenida Cali de Tulu\u00e1, el pasado 18 de enero.<\/p>\n<p style=\"font-weight: 400;\">Durante la diligencia judicial las autoridades hallaron un arma de fuego, tipo artesanal y cuatro cartuchos para la misma.<\/p>\n<p style=\"font-weight: 400;\">La Fiscal\u00eda imput\u00f3 cargos a los capturados por los delitos de\u00a0<a href=\"https:\/\/www.fiscalia.gov.co\/colombia\/noticias\/asegurado-alias-renza-como-presunto-autor-de-homicidio-agravado-y-porte-ilegal-de-armas\/\" data-saferedirecturl=\"https:\/\/www.google.com\/url?q=https:\/\/www.fiscalia.gov.co\/colombia\/noticias\/asegurado-alias-renza-como-presunto-autor-de-homicidio-agravado-y-porte-ilegal-de-armas\/&amp;source=gmail&amp;ust=1675266058998000&amp;usg=AOvVaw1Ng4rfVdUdqrsr6xRbh9t2\">homicidio agravado<\/a>. A alias \u2018Torrino\u2019 se le imput\u00f3, adem\u00e1s, el delito de fabricaci\u00f3n, tr\u00e1fico y porte de armas de fuego.<\/p>\n<p style=\"font-weight: 400;\">Por decisi\u00f3n del juez, los dos presuntos implicados deben cumplir la medida de aseguramiento en centro carcelario.<\/p>\n<p style=\"font-weight: 400;\">Esta informaci\u00f3n se publica por razones de inter\u00e9s general.<\/p>\n<p style=\"font-weight: 400;\"><strong>La Fiscal\u00eda habla con resultados.<\/strong><\/p>\n<p>&nbsp;<\/p>\n<p>&nbsp;<\/p>\n<p>&nbsp;<\/p>\n<p>&nbsp;<\/p>\n<p style=\"font-weight: 400;\"><strong>\u00a0<\/strong><\/p>\n<p style=\"font-weight: 400;\">MAP\/SMLR\/DSVC\/<\/p>\n<p style=\"font-weight: 400;\"><strong>\u00a0<\/strong><\/p>\n<p style=\"font-weight: 400;\">\n<p>&nbsp;<\/p>\n<p>&nbsp;<\/p>\n<p>&nbsp;<\/p>\n<div class=\"td-post-content tagdiv-type\">\n<div class=\"td-post-content tagdiv-type\">\n<div class=\"td-post-content tagdiv-type\">\n<div class=\"td-post-content tagdiv-type\">\n<div class=\"td-post-content tagdiv-type\">\n<div class=\"td-post-content tagdiv-type\">\n<div class=\"td-post-content tagdiv-type\">\n<p><em><span lang=\"ES\">La informaci\u00f3n contenida en este bolet\u00edn de prensa corresponde a la narraci\u00f3n de los hechos noticiosos objetivos, suministrados por los funcionarios encargados de adelantar las investigaciones penales al interior de la Fiscal\u00eda General de la Naci\u00f3n. Para el momento de la divulgaci\u00f3n de este comunicado, la situaci\u00f3n jur\u00eddica de la(s) persona(s) relacionada(s) se encuentra pendiente de resolver por la autoridad judicial competente, siempre bajo los preceptos de la presunci\u00f3n de inocencia, consagrados en el art\u00edculo 29 de la Constituci\u00f3n Pol\u00edtica y el art\u00edculo 7\u00ba de la Ley 906 de 2004.<\/span><\/em><\/p>\n<\/div>\n<\/div>\n<\/div>\n<\/div>\n<\/div>\n<\/div>\n<\/div>\n<footer>\n<div class=\"td-post-source-tags\"><\/div>\n<div class=\"td-post-sharing-bottom\"><\/div>\n<\/footer>\n\n<div class=\"twitter-share\"><a href=\"https:\/\/twitter.com\/intent\/tweet?via=fiscaliacol\" class=\"twitter-share-button\">Tweet<\/a><\/div>\n","protected":false},"excerpt":{"rendered":"<p>Dos sujetos que estar\u00edan involucrados en el homicidio de un hombre, cuyo cuerpo fue lanzado a un r\u00edo, fueron capturados y privados de la libertad en el municipio de Tulu\u00e1 (Valle del Cauca). As\u00ed lo solicit\u00f3 la Fiscal\u00eda General de la Naci\u00f3n ante un juez de control de garant\u00edas, decisi\u00f3n que afecta a\u00a0Pedro Antonio Mu\u00f1oz [&hellip;]<\/p>\n","protected":false},"author":177,"featured_media":0,"comment_status":"closed","ping_status":"open","sticky":false,"template":"","format":"standard","meta":{"_price":"","_stock":"","_tribe_ticket_header":"","_tribe_default_ticket_provider":"","_tribe_ticket_capacity":"0","_ticket_start_date":"","_ticket_end_date":"","_tribe_ticket_show_description":"","_tribe_ticket_show_not_going":false,"_tribe_ticket_use_global_stock":"","_tribe_ticket_global_stock_level":"","_global_stock_mode":"","_global_stock_cap":"","_tribe_rsvp_for_event":"","_tribe_ticket_going_count":"","_tribe_ticket_not_going_count":"","_tribe_tickets_list":"[]","_tribe_ticket_has_attendee_info_fields":false,"tdm_status":"","tdm_grid_status":"","footnotes":""},"categories":[1,324,303,24099],"tags":[33828,24257,8010,25944,24551,4140,78,24187,686,33827,1185,24549,29437,4141,24046],"class_list":{"0":"post-265348","1":"post","2":"type-post","3":"status-publish","4":"format-standard","6":"category-noticias","7":"category-seccional-cali","8":"category-seccionales","9":"category-seguridad-territorial","10":"tag-arma-artesanal","11":"tag-arma-cortopunzante","12":"tag-capturados","13":"tag-cartuchos","14":"tag-centro-carcelario","15":"tag-fabricacion","16":"tag-fiscal-general-de-la-nacion","17":"tag-fiscalia-colombia","18":"tag-homicidio-agravado","19":"tag-lanzado-al-rio","20":"tag-medida-de-aseguramiento","21":"tag-orden-judicial","22":"tag-seccional-valle-del-cauca","23":"tag-trafico-y-porte-de-armas-de-fuego","24":"tag-tulua-valle-del-cauca"},"yoast_head":"<!-- This site is optimized with the Yoast SEO plugin v24.3 - https:\/\/yoast.com\/wordpress\/plugins\/seo\/ -->\n<title>Fiscal\u00eda General de la Naci\u00f3n<\/title>\n<meta name=\"description\" content=\"P\u00e1gina oficial de la Fiscal\u00eda General de la Naci\u00f3n \u2013 Colombia. Garantizamos el acceso efectivo a la justicia, la verdad y la reparaci\u00f3n de las v\u00edctimas de los delitos.\" \/>\n<meta name=\"robots\" content=\"noindex, follow\" \/>\n<meta property=\"og:locale\" content=\"es_ES\" \/>\n<meta property=\"og:type\" content=\"article\" \/>\n<meta property=\"og:title\" content=\"Fiscal\u00eda General de la Naci\u00f3n\" \/>\n<meta property=\"og:description\" content=\"P\u00e1gina oficial de la Fiscal\u00eda General de la Naci\u00f3n \u2013 Colombia. Garantizamos el acceso efectivo a la justicia, la verdad y la reparaci\u00f3n de las v\u00edctimas de los delitos.\" \/>\n<meta property=\"og:url\" content=\"https:\/\/www.fiscalia.gov.co\/colombia\/noticias\/a-prision-presuntos-responsables-del-homicidio-de-un-hombre-al-que-habrian-lanzado-a-un-rio-en-tulua\/\" \/>\n<meta property=\"og:site_name\" content=\"Fiscal\u00eda General de la Naci\u00f3n\" \/>\n<meta property=\"article:publisher\" content=\"https:\/\/www.facebook.com\/FiscaliaCol\" \/>\n<meta property=\"article:published_time\" content=\"2023-01-31T16:02:28+00:00\" \/>\n<meta property=\"og:image\" content=\"https:\/\/www.fiscalia.gov.co\/colombia\/wp-content\/uploads\/Juan-Jose-Uribe-Reyes-alias-Muelas-y-otro.-Homicidio-agravado.-Tulua-Valle.-1024x768.jpg\" \/>\n<meta name=\"author\" content=\"Jordan Leandro Oviedo Anzola\" \/>\n<meta name=\"twitter:card\" content=\"summary_large_image\" \/>\n<meta name=\"twitter:creator\" content=\"@FiscaliaCol\" \/>\n<meta name=\"twitter:site\" content=\"@FiscaliaCol\" \/>\n<meta name=\"twitter:label1\" content=\"Escrito por\" \/>\n\t<meta name=\"twitter:data1\" content=\"Jordan Leandro Oviedo Anzola\" \/>\n\t<meta name=\"twitter:label2\" content=\"Tiempo de lectura\" \/>\n\t<meta name=\"twitter:data2\" content=\"2 minutos\" \/>\n<script type=\"application\/ld+json\" class=\"yoast-schema-graph\">{\"@context\":\"https:\/\/schema.org\",\"@graph\":[{\"@type\":\"Article\",\"@id\":\"https:\/\/www.fiscalia.gov.co\/colombia\/noticias\/a-prision-presuntos-responsables-del-homicidio-de-un-hombre-al-que-habrian-lanzado-a-un-rio-en-tulua\/#article\",\"isPartOf\":{\"@id\":\"https:\/\/www.fiscalia.gov.co\/colombia\/noticias\/a-prision-presuntos-responsables-del-homicidio-de-un-hombre-al-que-habrian-lanzado-a-un-rio-en-tulua\/\"},\"author\":{\"name\":\"Jordan Leandro Oviedo Anzola\",\"@id\":\"https:\/\/www.fiscalia.gov.co\/colombia\/#\/schema\/person\/bf84402cf293a5393e9c70b111020b24\"},\"headline\":\"A prisi\u00f3n presuntos responsables del homicidio de un hombre al que habr\u00edan lanzado a un r\u00edo en Tulu\u00e1\",\"datePublished\":\"2023-01-31T16:02:28+00:00\",\"dateModified\":\"2023-01-31T16:02:28+00:00\",\"mainEntityOfPage\":{\"@id\":\"https:\/\/www.fiscalia.gov.co\/colombia\/noticias\/a-prision-presuntos-responsables-del-homicidio-de-un-hombre-al-que-habrian-lanzado-a-un-rio-en-tulua\/\"},\"wordCount\":435,\"publisher\":{\"@id\":\"https:\/\/www.fiscalia.gov.co\/colombia\/#organization\"},\"image\":{\"@id\":\"https:\/\/www.fiscalia.gov.co\/colombia\/noticias\/a-prision-presuntos-responsables-del-homicidio-de-un-hombre-al-que-habrian-lanzado-a-un-rio-en-tulua\/#primaryimage\"},\"thumbnailUrl\":\"https:\/\/www.fiscalia.gov.co\/colombia\/wp-content\/uploads\/Juan-Jose-Uribe-Reyes-alias-Muelas-y-otro.-Homicidio-agravado.-Tulua-Valle.-1024x768.jpg\",\"keywords\":[\"arma artesanal\",\"arma cortopunzante\",\"Capturados\",\"cartuchos\",\"centro carcelario\",\"Fabricaci\u00f3n\",\"Fiscal General de la Naci\u00f3n\",\"Fiscal\u00eda Colombia\",\"Homicidio agravado\",\"lanzado al r\u00edo\",\"Medida de aseguramiento\",\"orden judicial\",\"Seccional Valle del Cauca\",\"tr\u00e1fico y porte de armas de fuego\",\"Tulu\u00e1 (Valle del Cauca)\"],\"articleSection\":[\"Noticias\",\"Seccional Cali\",\"Seccionales\",\"Seguridad territorial\"],\"inLanguage\":\"es-CO\"},{\"@type\":\"WebPage\",\"@id\":\"https:\/\/www.fiscalia.gov.co\/colombia\/noticias\/a-prision-presuntos-responsables-del-homicidio-de-un-hombre-al-que-habrian-lanzado-a-un-rio-en-tulua\/\",\"url\":\"https:\/\/www.fiscalia.gov.co\/colombia\/noticias\/a-prision-presuntos-responsables-del-homicidio-de-un-hombre-al-que-habrian-lanzado-a-un-rio-en-tulua\/\",\"name\":\"Fiscal\u00eda General de la Naci\u00f3n\",\"isPartOf\":{\"@id\":\"https:\/\/www.fiscalia.gov.co\/colombia\/#website\"},\"primaryImageOfPage\":{\"@id\":\"https:\/\/www.fiscalia.gov.co\/colombia\/noticias\/a-prision-presuntos-responsables-del-homicidio-de-un-hombre-al-que-habrian-lanzado-a-un-rio-en-tulua\/#primaryimage\"},\"image\":{\"@id\":\"https:\/\/www.fiscalia.gov.co\/colombia\/noticias\/a-prision-presuntos-responsables-del-homicidio-de-un-hombre-al-que-habrian-lanzado-a-un-rio-en-tulua\/#primaryimage\"},\"thumbnailUrl\":\"https:\/\/www.fiscalia.gov.co\/colombia\/wp-content\/uploads\/Juan-Jose-Uribe-Reyes-alias-Muelas-y-otro.-Homicidio-agravado.-Tulua-Valle.-1024x768.jpg\",\"datePublished\":\"2023-01-31T16:02:28+00:00\",\"dateModified\":\"2023-01-31T16:02:28+00:00\",\"description\":\"P\u00e1gina oficial de la Fiscal\u00eda General de la Naci\u00f3n \u2013 Colombia. Garantizamos el acceso efectivo a la justicia, la verdad y la reparaci\u00f3n de las v\u00edctimas de los delitos.\",\"breadcrumb\":{\"@id\":\"https:\/\/www.fiscalia.gov.co\/colombia\/noticias\/a-prision-presuntos-responsables-del-homicidio-de-un-hombre-al-que-habrian-lanzado-a-un-rio-en-tulua\/#breadcrumb\"},\"inLanguage\":\"es-CO\",\"potentialAction\":[{\"@type\":\"ReadAction\",\"target\":[\"https:\/\/www.fiscalia.gov.co\/colombia\/noticias\/a-prision-presuntos-responsables-del-homicidio-de-un-hombre-al-que-habrian-lanzado-a-un-rio-en-tulua\/\"]}]},{\"@type\":\"ImageObject\",\"inLanguage\":\"es-CO\",\"@id\":\"https:\/\/www.fiscalia.gov.co\/colombia\/noticias\/a-prision-presuntos-responsables-del-homicidio-de-un-hombre-al-que-habrian-lanzado-a-un-rio-en-tulua\/#primaryimage\",\"url\":\"https:\/\/www.fiscalia.gov.co\/colombia\/wp-content\/uploads\/Juan-Jose-Uribe-Reyes-alias-Muelas-y-otro.-Homicidio-agravado.-Tulua-Valle..jpg\",\"contentUrl\":\"https:\/\/www.fiscalia.gov.co\/colombia\/wp-content\/uploads\/Juan-Jose-Uribe-Reyes-alias-Muelas-y-otro.-Homicidio-agravado.-Tulua-Valle..jpg\",\"width\":1280,\"height\":960,\"caption\":\"Pedro Antonio Mu\u00f1oz Mar\u00edn, alias \u2018Torrino\u2019 y Juan Jos\u00e9 Uribe Reyes, alias \u2018Muelas\u2019, fueron privados de la libertad como presuntos responsables del homicidio de un hombre cuyo cuerpo sin vida fue lanzado a un r\u00edo en Tulu\u00e1 (Valle).\"},{\"@type\":\"BreadcrumbList\",\"@id\":\"https:\/\/www.fiscalia.gov.co\/colombia\/noticias\/a-prision-presuntos-responsables-del-homicidio-de-un-hombre-al-que-habrian-lanzado-a-un-rio-en-tulua\/#breadcrumb\",\"itemListElement\":[{\"@type\":\"ListItem\",\"position\":1,\"name\":\"Home\",\"item\":\"https:\/\/www.fiscalia.gov.co\/colombia\/\"},{\"@type\":\"ListItem\",\"position\":2,\"name\":\"A prisi\u00f3n presuntos responsables del homicidio de un hombre al que habr\u00edan lanzado a un r\u00edo en Tulu\u00e1\"}]},{\"@type\":\"WebSite\",\"@id\":\"https:\/\/www.fiscalia.gov.co\/colombia\/#website\",\"url\":\"https:\/\/www.fiscalia.gov.co\/colombia\/\",\"name\":\"Fiscal\u00eda General de la Naci\u00f3n\",\"description\":\"P\u00e1gina oficial de la Fiscal\u00eda General de la Naci\u00f3n \u2013 Colombia. Garantizamos el acceso efectivo a la justicia, la verdad y la reparaci\u00f3n de las v\u00edctimas de los delitos.\",\"publisher\":{\"@id\":\"https:\/\/www.fiscalia.gov.co\/colombia\/#organization\"},\"potentialAction\":[{\"@type\":\"SearchAction\",\"target\":{\"@type\":\"EntryPoint\",\"urlTemplate\":\"https:\/\/www.fiscalia.gov.co\/colombia\/?s={search_term_string}\"},\"query-input\":{\"@type\":\"PropertyValueSpecification\",\"valueRequired\":true,\"valueName\":\"search_term_string\"}}],\"inLanguage\":\"es-CO\"},{\"@type\":\"Organization\",\"@id\":\"https:\/\/www.fiscalia.gov.co\/colombia\/#organization\",\"name\":\"Fiscal\u00eda General de la Naci\u00f3n\",\"url\":\"https:\/\/www.fiscalia.gov.co\/colombia\/\",\"logo\":{\"@type\":\"ImageObject\",\"inLanguage\":\"es-CO\",\"@id\":\"https:\/\/www.fiscalia.gov.co\/colombia\/#\/schema\/logo\/image\/\",\"url\":\"https:\/\/www.fiscalia.gov.co\/colombia\/wp-content\/uploads\/LogoHorizontal_1.jpg\",\"contentUrl\":\"https:\/\/www.fiscalia.gov.co\/colombia\/wp-content\/uploads\/LogoHorizontal_1.jpg\",\"width\":300,\"height\":90,\"caption\":\"Fiscal\u00eda General de la Naci\u00f3n\"},\"image\":{\"@id\":\"https:\/\/www.fiscalia.gov.co\/colombia\/#\/schema\/logo\/image\/\"},\"sameAs\":[\"https:\/\/www.facebook.com\/FiscaliaCol\",\"https:\/\/x.com\/FiscaliaCol\",\"https:\/\/www.instagram.com\/fiscaliacol\",\"https:\/\/www.linkedin.com\/company\/fiscalia-general-de-la-naci-n\/\",\"https:\/\/youtube.com\/@fiscaliageneraldelanacion-4668?si=6nN79nyQICPU5iTh\"]},{\"@type\":\"Person\",\"@id\":\"https:\/\/www.fiscalia.gov.co\/colombia\/#\/schema\/person\/bf84402cf293a5393e9c70b111020b24\",\"name\":\"Jordan Leandro Oviedo Anzola\",\"image\":{\"@type\":\"ImageObject\",\"inLanguage\":\"es-CO\",\"@id\":\"https:\/\/www.fiscalia.gov.co\/colombia\/#\/schema\/person\/image\/\",\"url\":\"https:\/\/secure.gravatar.com\/avatar\/dabba4346fa9b9207d96adafa8f92721?s=96&d=mm&r=g\",\"contentUrl\":\"https:\/\/secure.gravatar.com\/avatar\/dabba4346fa9b9207d96adafa8f92721?s=96&d=mm&r=g\",\"caption\":\"Jordan Leandro Oviedo Anzola\"},\"url\":\"https:\/\/www.fiscalia.gov.co\/colombia\/author\/joviedo\/\"}]}<\/script>\n<!-- \/ Yoast SEO plugin. -->","yoast_head_json":{"title":"Fiscal\u00eda General de la Naci\u00f3n","description":"P\u00e1gina oficial de la Fiscal\u00eda General de la Naci\u00f3n \u2013 Colombia. Garantizamos el acceso efectivo a la justicia, la verdad y la reparaci\u00f3n de las v\u00edctimas de los delitos.","robots":{"index":"noindex","follow":"follow"},"og_locale":"es_ES","og_type":"article","og_title":"Fiscal\u00eda General de la Naci\u00f3n","og_description":"P\u00e1gina oficial de la Fiscal\u00eda General de la Naci\u00f3n \u2013 Colombia. Garantizamos el acceso efectivo a la justicia, la verdad y la reparaci\u00f3n de las v\u00edctimas de los delitos.","og_url":"https:\/\/www.fiscalia.gov.co\/colombia\/noticias\/a-prision-presuntos-responsables-del-homicidio-de-un-hombre-al-que-habrian-lanzado-a-un-rio-en-tulua\/","og_site_name":"Fiscal\u00eda General de la Naci\u00f3n","article_publisher":"https:\/\/www.facebook.com\/FiscaliaCol","article_published_time":"2023-01-31T16:02:28+00:00","og_image":[{"url":"https:\/\/www.fiscalia.gov.co\/colombia\/wp-content\/uploads\/Juan-Jose-Uribe-Reyes-alias-Muelas-y-otro.-Homicidio-agravado.-Tulua-Valle.-1024x768.jpg","type":"","width":"","height":""}],"author":"Jordan Leandro Oviedo Anzola","twitter_card":"summary_large_image","twitter_creator":"@FiscaliaCol","twitter_site":"@FiscaliaCol","twitter_misc":{"Escrito por":"Jordan Leandro Oviedo Anzola","Tiempo de lectura":"2 minutos"},"schema":{"@context":"https:\/\/schema.org","@graph":[{"@type":"Article","@id":"https:\/\/www.fiscalia.gov.co\/colombia\/noticias\/a-prision-presuntos-responsables-del-homicidio-de-un-hombre-al-que-habrian-lanzado-a-un-rio-en-tulua\/#article","isPartOf":{"@id":"https:\/\/www.fiscalia.gov.co\/colombia\/noticias\/a-prision-presuntos-responsables-del-homicidio-de-un-hombre-al-que-habrian-lanzado-a-un-rio-en-tulua\/"},"author":{"name":"Jordan Leandro Oviedo Anzola","@id":"https:\/\/www.fiscalia.gov.co\/colombia\/#\/schema\/person\/bf84402cf293a5393e9c70b111020b24"},"headline":"A prisi\u00f3n presuntos responsables del homicidio de un hombre al que habr\u00edan lanzado a un r\u00edo en Tulu\u00e1","datePublished":"2023-01-31T16:02:28+00:00","dateModified":"2023-01-31T16:02:28+00:00","mainEntityOfPage":{"@id":"https:\/\/www.fiscalia.gov.co\/colombia\/noticias\/a-prision-presuntos-responsables-del-homicidio-de-un-hombre-al-que-habrian-lanzado-a-un-rio-en-tulua\/"},"wordCount":435,"publisher":{"@id":"https:\/\/www.fiscalia.gov.co\/colombia\/#organization"},"image":{"@id":"https:\/\/www.fiscalia.gov.co\/colombia\/noticias\/a-prision-presuntos-responsables-del-homicidio-de-un-hombre-al-que-habrian-lanzado-a-un-rio-en-tulua\/#primaryimage"},"thumbnailUrl":"https:\/\/www.fiscalia.gov.co\/colombia\/wp-content\/uploads\/Juan-Jose-Uribe-Reyes-alias-Muelas-y-otro.-Homicidio-agravado.-Tulua-Valle.-1024x768.jpg","keywords":["arma artesanal","arma cortopunzante","Capturados","cartuchos","centro carcelario","Fabricaci\u00f3n","Fiscal General de la Naci\u00f3n","Fiscal\u00eda Colombia","Homicidio agravado","lanzado al r\u00edo","Medida de aseguramiento","orden judicial","Seccional Valle del Cauca","tr\u00e1fico y porte de armas de fuego","Tulu\u00e1 (Valle del Cauca)"],"articleSection":["Noticias","Seccional Cali","Seccionales","Seguridad territorial"],"inLanguage":"es-CO"},{"@type":"WebPage","@id":"https:\/\/www.fiscalia.gov.co\/colombia\/noticias\/a-prision-presuntos-responsables-del-homicidio-de-un-hombre-al-que-habrian-lanzado-a-un-rio-en-tulua\/","url":"https:\/\/www.fiscalia.gov.co\/colombia\/noticias\/a-prision-presuntos-responsables-del-homicidio-de-un-hombre-al-que-habrian-lanzado-a-un-rio-en-tulua\/","name":"Fiscal\u00eda General de la Naci\u00f3n","isPartOf":{"@id":"https:\/\/www.fiscalia.gov.co\/colombia\/#website"},"primaryImageOfPage":{"@id":"https:\/\/www.fiscalia.gov.co\/colombia\/noticias\/a-prision-presuntos-responsables-del-homicidio-de-un-hombre-al-que-habrian-lanzado-a-un-rio-en-tulua\/#primaryimage"},"image":{"@id":"https:\/\/www.fiscalia.gov.co\/colombia\/noticias\/a-prision-presuntos-responsables-del-homicidio-de-un-hombre-al-que-habrian-lanzado-a-un-rio-en-tulua\/#primaryimage"},"thumbnailUrl":"https:\/\/www.fiscalia.gov.co\/colombia\/wp-content\/uploads\/Juan-Jose-Uribe-Reyes-alias-Muelas-y-otro.-Homicidio-agravado.-Tulua-Valle.-1024x768.jpg","datePublished":"2023-01-31T16:02:28+00:00","dateModified":"2023-01-31T16:02:28+00:00","description":"P\u00e1gina oficial de la Fiscal\u00eda General de la Naci\u00f3n \u2013 Colombia. Garantizamos el acceso efectivo a la justicia, la verdad y la reparaci\u00f3n de las v\u00edctimas de los delitos.","breadcrumb":{"@id":"https:\/\/www.fiscalia.gov.co\/colombia\/noticias\/a-prision-presuntos-responsables-del-homicidio-de-un-hombre-al-que-habrian-lanzado-a-un-rio-en-tulua\/#breadcrumb"},"inLanguage":"es-CO","potentialAction":[{"@type":"ReadAction","target":["https:\/\/www.fiscalia.gov.co\/colombia\/noticias\/a-prision-presuntos-responsables-del-homicidio-de-un-hombre-al-que-habrian-lanzado-a-un-rio-en-tulua\/"]}]},{"@type":"ImageObject","inLanguage":"es-CO","@id":"https:\/\/www.fiscalia.gov.co\/colombia\/noticias\/a-prision-presuntos-responsables-del-homicidio-de-un-hombre-al-que-habrian-lanzado-a-un-rio-en-tulua\/#primaryimage","url":"https:\/\/www.fiscalia.gov.co\/colombia\/wp-content\/uploads\/Juan-Jose-Uribe-Reyes-alias-Muelas-y-otro.-Homicidio-agravado.-Tulua-Valle..jpg","contentUrl":"https:\/\/www.fiscalia.gov.co\/colombia\/wp-content\/uploads\/Juan-Jose-Uribe-Reyes-alias-Muelas-y-otro.-Homicidio-agravado.-Tulua-Valle..jpg","width":1280,"height":960,"caption":"Pedro Antonio Mu\u00f1oz Mar\u00edn, alias \u2018Torrino\u2019 y Juan Jos\u00e9 Uribe Reyes, alias \u2018Muelas\u2019, fueron privados de la libertad como presuntos responsables del homicidio de un hombre cuyo cuerpo sin vida fue lanzado a un r\u00edo en Tulu\u00e1 (Valle)."},{"@type":"BreadcrumbList","@id":"https:\/\/www.fiscalia.gov.co\/colombia\/noticias\/a-prision-presuntos-responsables-del-homicidio-de-un-hombre-al-que-habrian-lanzado-a-un-rio-en-tulua\/#breadcrumb","itemListElement":[{"@type":"ListItem","position":1,"name":"Home","item":"https:\/\/www.fiscalia.gov.co\/colombia\/"},{"@type":"ListItem","position":2,"name":"A prisi\u00f3n presuntos responsables del homicidio de un hombre al que habr\u00edan lanzado a un r\u00edo en Tulu\u00e1"}]},{"@type":"WebSite","@id":"https:\/\/www.fiscalia.gov.co\/colombia\/#website","url":"https:\/\/www.fiscalia.gov.co\/colombia\/","name":"Fiscal\u00eda General de la Naci\u00f3n","description":"P\u00e1gina oficial de la Fiscal\u00eda General de la Naci\u00f3n \u2013 Colombia. Garantizamos el acceso efectivo a la justicia, la verdad y la reparaci\u00f3n de las v\u00edctimas de los delitos.","publisher":{"@id":"https:\/\/www.fiscalia.gov.co\/colombia\/#organization"},"potentialAction":[{"@type":"SearchAction","target":{"@type":"EntryPoint","urlTemplate":"https:\/\/www.fiscalia.gov.co\/colombia\/?s={search_term_string}"},"query-input":{"@type":"PropertyValueSpecification","valueRequired":true,"valueName":"search_term_string"}}],"inLanguage":"es-CO"},{"@type":"Organization","@id":"https:\/\/www.fiscalia.gov.co\/colombia\/#organization","name":"Fiscal\u00eda General de la Naci\u00f3n","url":"https:\/\/www.fiscalia.gov.co\/colombia\/","logo":{"@type":"ImageObject","inLanguage":"es-CO","@id":"https:\/\/www.fiscalia.gov.co\/colombia\/#\/schema\/logo\/image\/","url":"https:\/\/www.fiscalia.gov.co\/colombia\/wp-content\/uploads\/LogoHorizontal_1.jpg","contentUrl":"https:\/\/www.fiscalia.gov.co\/colombia\/wp-content\/uploads\/LogoHorizontal_1.jpg","width":300,"height":90,"caption":"Fiscal\u00eda General de la Naci\u00f3n"},"image":{"@id":"https:\/\/www.fiscalia.gov.co\/colombia\/#\/schema\/logo\/image\/"},"sameAs":["https:\/\/www.facebook.com\/FiscaliaCol","https:\/\/x.com\/FiscaliaCol","https:\/\/www.instagram.com\/fiscaliacol","https:\/\/www.linkedin.com\/company\/fiscalia-general-de-la-naci-n\/","https:\/\/youtube.com\/@fiscaliageneraldelanacion-4668?si=6nN79nyQICPU5iTh"]},{"@type":"Person","@id":"https:\/\/www.fiscalia.gov.co\/colombia\/#\/schema\/person\/bf84402cf293a5393e9c70b111020b24","name":"Jordan Leandro Oviedo Anzola","image":{"@type":"ImageObject","inLanguage":"es-CO","@id":"https:\/\/www.fiscalia.gov.co\/colombia\/#\/schema\/person\/image\/","url":"https:\/\/secure.gravatar.com\/avatar\/dabba4346fa9b9207d96adafa8f92721?s=96&d=mm&r=g","contentUrl":"https:\/\/secure.gravatar.com\/avatar\/dabba4346fa9b9207d96adafa8f92721?s=96&d=mm&r=g","caption":"Jordan Leandro Oviedo Anzola"},"url":"https:\/\/www.fiscalia.gov.co\/colombia\/author\/joviedo\/"}]}},"_links":{"self":[{"href":"https:\/\/www.fiscalia.gov.co\/colombia\/wp-json\/wp\/v2\/posts\/265348","targetHints":{"allow":["GET"]}}],"collection":[{"href":"https:\/\/www.fiscalia.gov.co\/colombia\/wp-json\/wp\/v2\/posts"}],"about":[{"href":"https:\/\/www.fiscalia.gov.co\/colombia\/wp-json\/wp\/v2\/types\/post"}],"author":[{"embeddable":true,"href":"https:\/\/www.fiscalia.gov.co\/colombia\/wp-json\/wp\/v2\/users\/177"}],"replies":[{"embeddable":true,"href":"https:\/\/www.fiscalia.gov.co\/colombia\/wp-json\/wp\/v2\/comments?post=265348"}],"version-history":[{"count":1,"href":"https:\/\/www.fiscalia.gov.co\/colombia\/wp-json\/wp\/v2\/posts\/265348\/revisions"}],"predecessor-version":[{"id":265350,"href":"https:\/\/www.fiscalia.gov.co\/colombia\/wp-json\/wp\/v2\/posts\/265348\/revisions\/265350"}],"wp:attachment":[{"href":"https:\/\/www.fiscalia.gov.co\/colombia\/wp-json\/wp\/v2\/media?parent=265348"}],"wp:term":[{"taxonomy":"category","embeddable":true,"href":"https:\/\/www.fiscalia.gov.co\/colombia\/wp-json\/wp\/v2\/categories?post=265348"},{"taxonomy":"post_tag","embeddable":true,"href":"https:\/\/www.fiscalia.gov.co\/colombia\/wp-json\/wp\/v2\/tags?post=265348"}],"curies":[{"name":"wp","href":"https:\/\/api.w.org\/{rel}","templated":true}]}}