{"id":264985,"date":"2023-01-30T13:01:20","date_gmt":"2023-01-30T18:01:20","guid":{"rendered":"https:\/\/www.fiscalia.gov.co\/colombia\/?p=264985"},"modified":"2023-01-30T13:01:20","modified_gmt":"2023-01-30T18:01:20","slug":"asegurados-integrantes-de-los-guias-dedicados-a-la-distribucion-de-estupefacientes-en-cartagena","status":"publish","type":"post","link":"https:\/\/www.fiscalia.gov.co\/colombia\/noticias\/asegurados-integrantes-de-los-guias-dedicados-a-la-distribucion-de-estupefacientes-en-cartagena\/","title":{"rendered":"Asegurados integrantes de \u2018Los Gu\u00edas\u2019, dedicados a la distribuci\u00f3n de estupefacientes en Cartagena"},"content":{"rendered":"<p>Doce personas que presuntamente est\u00e1n involucradas en los delitos de concierto para delinquir y tr\u00e1fico, fabricaci\u00f3n o porte de estupefacientes en Cartagena (Bol\u00edvar), fueron judicializadas por la Fiscal\u00eda General de Naci\u00f3n.<\/p>\n<figure id=\"attachment_264986\" aria-describedby=\"caption-attachment-264986\" style=\"width: 696px\" class=\"wp-caption aligncenter\"><img loading=\"lazy\" decoding=\"async\" class=\"size-large wp-image-264986\" src=\"https:\/\/www.fiscalia.gov.co\/colombia\/wp-content\/uploads\/Foto-boletin-30-de-enero-Los-Guias-1024x768.jpeg\" alt=\"En la fotograf\u00eda se observan a doce personas custodiadas por dos agentes de la Polic\u00eda Nacional. Delante de ellos se encuentra una mesa blanca que muestra la droga que les fue incautada durante sus capturas.\" width=\"696\" height=\"522\" srcset=\"https:\/\/www.fiscalia.gov.co\/colombia\/wp-content\/uploads\/Foto-boletin-30-de-enero-Los-Guias-1024x768.jpeg 1024w, https:\/\/www.fiscalia.gov.co\/colombia\/wp-content\/uploads\/Foto-boletin-30-de-enero-Los-Guias-300x225.jpeg 300w, https:\/\/www.fiscalia.gov.co\/colombia\/wp-content\/uploads\/Foto-boletin-30-de-enero-Los-Guias-768x576.jpeg 768w, https:\/\/www.fiscalia.gov.co\/colombia\/wp-content\/uploads\/Foto-boletin-30-de-enero-Los-Guias-696x522.jpeg 696w, https:\/\/www.fiscalia.gov.co\/colombia\/wp-content\/uploads\/Foto-boletin-30-de-enero-Los-Guias-1068x801.jpeg 1068w, https:\/\/www.fiscalia.gov.co\/colombia\/wp-content\/uploads\/Foto-boletin-30-de-enero-Los-Guias-560x420.jpeg 560w, https:\/\/www.fiscalia.gov.co\/colombia\/wp-content\/uploads\/Foto-boletin-30-de-enero-Los-Guias-80x60.jpeg 80w, https:\/\/www.fiscalia.gov.co\/colombia\/wp-content\/uploads\/Foto-boletin-30-de-enero-Los-Guias-265x198.jpeg 265w, https:\/\/www.fiscalia.gov.co\/colombia\/wp-content\/uploads\/Foto-boletin-30-de-enero-Los-Guias.jpeg 1280w\" sizes=\"auto, (max-width: 696px) 100vw, 696px\" \/><figcaption id=\"caption-attachment-264986\" class=\"wp-caption-text\">A Los Gu\u00edas les fueron imputados los delitos de concierto para delinquir y tr\u00e1fico, fabricaci\u00f3n o porte de estupefacientes.<\/figcaption><\/figure>\n<p>Labores investigativas permitieron establecer que exist\u00eda un grupo delincuencial denominado Los Gu\u00edas que al parecer se dedicaba al tr\u00e1fico, comercializaci\u00f3n, distribuci\u00f3n de alucin\u00f3genos en la zona norte de la capital de Bol\u00edvar, Centro Hist\u00f3rico y algunos sectores de la ciudad amurallada.<\/p>\n<p>Mediante seguimientos y pruebas testimoniales tambi\u00e9n se logr\u00f3 determinar que para el expendio fijo de esos estupefacientes la organizaci\u00f3n delincuencial utilizaba viviendas y los hoy procesados, al parecer, se encargaban de repartir los alucin\u00f3genos a domicilio a consumidores del sector, turistas nacionales, extranjeros y a poblaci\u00f3n estudiantil.<\/p>\n<p>El pasado 26 de enero a trav\u00e9s de varios allanamientos realizados por la Polic\u00eda Nacional se capturaron mediante orden judicial a:<\/p>\n<p>Cesar Augusto Ram\u00edrez Agudelo de 40 a\u00f1os, presunto cabecilla del grupo<\/p>\n<p>Jonatan Rebolledo Vergara, de 29 a\u00f1os<\/p>\n<p>Eric Fran\u00e7ois Lamusse Mora, de 31 a\u00f1os<\/p>\n<p>Orlando Valoyes Ortega, alias Peque\u00f1o, de 58 a\u00f1os<\/p>\n<p>Alisandro Suevis Fajardo, alias Chiquiluki, de 29 a\u00f1os<\/p>\n<p>Jos\u00e9 Del Carmen Castro De \u00c1vila, alias Carmelo, 62 a\u00f1os<\/p>\n<p>Lilia Rosa Julio Castro, alias La Morena de 30 a\u00f1os<\/p>\n<p>Luis \u00c1ngel Mayor Labrador, alias Mara de 21 a\u00f1os<\/p>\n<p>Ricardo Rafael Trivi\u00f1o Tilve, alias Rica, de 64 a\u00f1os<\/p>\n<p>Luis Alberto Llerena Quintana, alias Gordo Llerena, de 39 a\u00f1os<\/p>\n<p>Crist\u00f3bal Fl\u00f3rez Segovia, alias Nacamura, de 66 a\u00f1os y<\/p>\n<p>Julio Balderrama Palacios, alias Picasso de 53 a\u00f1os<\/p>\n<p>En los operativos tambi\u00e9n les fueron incautados, 150 gramos marihuana, 84 gramos coca\u00edna, 2 celulares, 2 grameras y 1.000 empaques, entre otros.<\/p>\n<p>Durante las audiencias concentradas, 11 de los procesados aceptaron su responsabilidad en los delitos imputados por el ente acusador y por disposici\u00f3n judicial la reclusi\u00f3n de todos, se llevar\u00e1 a cabo en sus lugares de domicilio.<\/p>\n<p>Esta informaci\u00f3n se publica por razones de inter\u00e9s general.<\/p>\n<p><b>La Fiscal\u00eda habla con resultados.<\/b><\/p>\n<p><b>Le puede interesar:<\/b><\/p>\n<p><a title=\"Condenado hombre que orden\u00f3 el asesinato de un investigador del CTI porque particip\u00f3 en la incautaci\u00f3n de un cargamento de estupefacientes a la organizaci\u00f3n criminal de alias Cuchillo\" href=\"https:\/\/www.fiscalia.gov.co\/colombia\/noticias\/condenado-hombre-que-ordeno-el-asesinato-de-un-investigador-del-cti-porque-participo-en-la-incautacion-de-un-cargamento-de-estupefacientes-a-la-organizacion-criminal-de-alias-cuchillo\/\" target=\"_blank\" rel=\"noopener\" data-saferedirecturl=\"https:\/\/www.google.com\/url?q=https:\/\/www.fiscalia.gov.co\/colombia\/noticias\/condenado-hombre-que-ordeno-el-asesinato-de-un-investigador-del-cti-porque-participo-en-la-incautacion-de-un-cargamento-de-estupefacientes-a-la-organizacion-criminal-de-alias-cuchillo\/&amp;source=gmail&amp;ust=1675187244777000&amp;usg=AOvVaw2NDd6MC8YskzrfEGp1pcCm\">Condenado hombre que orden\u00f3 el asesinato de un investigador del CTI porque particip\u00f3 en la incautaci\u00f3n de un cargamento de estupefacientes a la organizaci\u00f3n criminal de alias Cuchillo<\/a><\/p>\n<p><a title=\"Cae pareja se\u00f1alada de articular la salida de coca\u00edna por las costas del Caribe colombiano rumbo a Centroam\u00e9rica\" href=\"https:\/\/www.fiscalia.gov.co\/colombia\/noticias\/cae-pareja-senalada-de-articular-la-salida-de-cocaina-por-las-costas-del-caribe-colombiano-rumbo-a-centroamerica\/\" target=\"_blank\" rel=\"noopener\" data-saferedirecturl=\"https:\/\/www.google.com\/url?q=https:\/\/www.fiscalia.gov.co\/colombia\/noticias\/cae-pareja-senalada-de-articular-la-salida-de-cocaina-por-las-costas-del-caribe-colombiano-rumbo-a-centroamerica\/&amp;source=gmail&amp;ust=1675187244777000&amp;usg=AOvVaw17EmY6MW_R-jJLsqjQB8O_\">Cae pareja se\u00f1alada de articular la salida de coca\u00edna por las costas del Caribe colombiano rumbo a Centroam\u00e9rica<\/a><\/p>\n<p>&nbsp;<\/p>\n<p>&nbsp;<\/p>\n<p>&nbsp;<\/p>\n<p>&nbsp;<\/p>\n<p>&nbsp;<\/p>\n<p>MEVA\/MG\/AM\/DSB<\/p>\n<p><b>\u00a0<\/b><\/p>\n<p>&nbsp;<\/p>\n<p><b>\u00a0<\/b><\/p>\n<p>&nbsp;<\/p>\n<p>&nbsp;<\/p>\n<div class=\"td-post-content tagdiv-type\">\n<p><i>La informaci\u00f3n contenida en este bolet\u00edn de prensa corresponde a la narraci\u00f3n de los hechos noticiosos objetivos, suministrados por los funcionarios encargados de adelantar las investigaciones penales al interior de la Fiscal\u00eda General de la Naci\u00f3n. Para el momento de la divulgaci\u00f3n de este comunicado, la situaci\u00f3n jur\u00eddica de la(s) persona(s) relacionada(s) se encuentra pendiente de resolver por la autoridad judicial competente, siempre bajo los preceptos de la presunci\u00f3n de inocencia, consagrados en el art\u00edculo 29 de la Constituci\u00f3n Pol\u00edtica y el art\u00edculo 7\u00ba de la Ley 906 de 2004.<\/i><\/p>\n<\/div>\n\n<div class=\"twitter-share\"><a href=\"https:\/\/twitter.com\/intent\/tweet?via=fiscaliacol\" class=\"twitter-share-button\">Tweet<\/a><\/div>\n","protected":false},"excerpt":{"rendered":"<p>Doce personas que presuntamente est\u00e1n involucradas en los delitos de concierto para delinquir y tr\u00e1fico, fabricaci\u00f3n o porte de estupefacientes en Cartagena (Bol\u00edvar), fueron judicializadas por la Fiscal\u00eda General de Naci\u00f3n. Labores investigativas permitieron establecer que exist\u00eda un grupo delincuencial denominado Los Gu\u00edas que al parecer se dedicaba al tr\u00e1fico, comercializaci\u00f3n, distribuci\u00f3n de alucin\u00f3genos en [&hellip;]<\/p>\n","protected":false},"author":177,"featured_media":0,"comment_status":"closed","ping_status":"open","sticky":false,"template":"","format":"standard","meta":{"_price":"","_stock":"","_tribe_ticket_header":"","_tribe_default_ticket_provider":"","_tribe_ticket_capacity":"0","_ticket_start_date":"","_ticket_end_date":"","_tribe_ticket_show_description":"","_tribe_ticket_show_not_going":false,"_tribe_ticket_use_global_stock":"","_tribe_ticket_global_stock_level":"","_global_stock_mode":"","_global_stock_cap":"","_tribe_rsvp_for_event":"","_tribe_ticket_going_count":"","_tribe_ticket_not_going_count":"","_tribe_tickets_list":"[]","_tribe_ticket_has_attendee_info_fields":false,"tdm_status":"","tdm_grid_status":"","footnotes":""},"categories":[1,325,303,24103],"tags":[23819,23998,83,24187,1047,24247,25481,558,155],"class_list":{"0":"post-264985","1":"post","2":"type-post","3":"status-publish","4":"format-standard","6":"category-noticias","7":"category-seccional-cartagena","8":"category-seccionales","9":"category-trafico-de-estupefacientes","10":"tag-cartagena","11":"tag-cartagena-bolivar","12":"tag-concierto-para-delinquir","13":"tag-fiscalia-colombia","14":"tag-fiscalia-general-de-la-nacion","15":"tag-grupo-delincuencial","16":"tag-judicializados","17":"tag-policia-nacional","18":"tag-trafico-de-estupefacientes"},"yoast_head":"<!-- This site is optimized with the Yoast SEO plugin v24.3 - https:\/\/yoast.com\/wordpress\/plugins\/seo\/ -->\n<title>Fiscal\u00eda General de la Naci\u00f3n<\/title>\n<meta name=\"description\" content=\"P\u00e1gina oficial de la Fiscal\u00eda General de la Naci\u00f3n \u2013 Colombia. Garantizamos el acceso efectivo a la justicia, la verdad y la reparaci\u00f3n de las v\u00edctimas de los delitos.\" \/>\n<meta name=\"robots\" content=\"noindex, follow\" \/>\n<meta property=\"og:locale\" content=\"es_ES\" \/>\n<meta property=\"og:type\" content=\"article\" \/>\n<meta property=\"og:title\" content=\"Fiscal\u00eda General de la Naci\u00f3n\" \/>\n<meta property=\"og:description\" content=\"P\u00e1gina oficial de la Fiscal\u00eda General de la Naci\u00f3n \u2013 Colombia. Garantizamos el acceso efectivo a la justicia, la verdad y la reparaci\u00f3n de las v\u00edctimas de los delitos.\" \/>\n<meta property=\"og:url\" content=\"https:\/\/www.fiscalia.gov.co\/colombia\/noticias\/asegurados-integrantes-de-los-guias-dedicados-a-la-distribucion-de-estupefacientes-en-cartagena\/\" \/>\n<meta property=\"og:site_name\" content=\"Fiscal\u00eda General de la Naci\u00f3n\" \/>\n<meta property=\"article:publisher\" content=\"https:\/\/www.facebook.com\/FiscaliaCol\" \/>\n<meta property=\"article:published_time\" content=\"2023-01-30T18:01:20+00:00\" \/>\n<meta property=\"og:image\" content=\"https:\/\/www.fiscalia.gov.co\/colombia\/wp-content\/uploads\/Foto-boletin-30-de-enero-Los-Guias-1024x768.jpeg\" \/>\n<meta name=\"author\" content=\"Jordan Leandro Oviedo Anzola\" \/>\n<meta name=\"twitter:card\" content=\"summary_large_image\" \/>\n<meta name=\"twitter:creator\" content=\"@FiscaliaCol\" \/>\n<meta name=\"twitter:site\" content=\"@FiscaliaCol\" \/>\n<meta name=\"twitter:label1\" content=\"Escrito por\" \/>\n\t<meta name=\"twitter:data1\" content=\"Jordan Leandro Oviedo Anzola\" \/>\n\t<meta name=\"twitter:label2\" content=\"Tiempo de lectura\" \/>\n\t<meta name=\"twitter:data2\" content=\"3 minutos\" \/>\n<script type=\"application\/ld+json\" class=\"yoast-schema-graph\">{\"@context\":\"https:\/\/schema.org\",\"@graph\":[{\"@type\":\"Article\",\"@id\":\"https:\/\/www.fiscalia.gov.co\/colombia\/noticias\/asegurados-integrantes-de-los-guias-dedicados-a-la-distribucion-de-estupefacientes-en-cartagena\/#article\",\"isPartOf\":{\"@id\":\"https:\/\/www.fiscalia.gov.co\/colombia\/noticias\/asegurados-integrantes-de-los-guias-dedicados-a-la-distribucion-de-estupefacientes-en-cartagena\/\"},\"author\":{\"name\":\"Jordan Leandro Oviedo Anzola\",\"@id\":\"https:\/\/www.fiscalia.gov.co\/colombia\/#\/schema\/person\/bf84402cf293a5393e9c70b111020b24\"},\"headline\":\"Asegurados integrantes de \u2018Los Gu\u00edas\u2019, dedicados a la distribuci\u00f3n de estupefacientes en Cartagena\",\"datePublished\":\"2023-01-30T18:01:20+00:00\",\"dateModified\":\"2023-01-30T18:01:20+00:00\",\"mainEntityOfPage\":{\"@id\":\"https:\/\/www.fiscalia.gov.co\/colombia\/noticias\/asegurados-integrantes-de-los-guias-dedicados-a-la-distribucion-de-estupefacientes-en-cartagena\/\"},\"wordCount\":555,\"publisher\":{\"@id\":\"https:\/\/www.fiscalia.gov.co\/colombia\/#organization\"},\"image\":{\"@id\":\"https:\/\/www.fiscalia.gov.co\/colombia\/noticias\/asegurados-integrantes-de-los-guias-dedicados-a-la-distribucion-de-estupefacientes-en-cartagena\/#primaryimage\"},\"thumbnailUrl\":\"https:\/\/www.fiscalia.gov.co\/colombia\/wp-content\/uploads\/Foto-boletin-30-de-enero-Los-Guias-1024x768.jpeg\",\"keywords\":[\"Cartagena\",\"Cartagena (Bol\u00edvar)\",\"Concierto para delinquir\",\"Fiscal\u00eda Colombia\",\"Fiscal\u00eda General de la Naci\u00f3n\",\"grupo delincuencial\",\"judicializados.\",\"Polic\u00eda Nacional\",\"Tr\u00e1fico de estupefacientes\"],\"articleSection\":[\"Noticias\",\"Seccional Cartagena\",\"Seccionales\",\"Tr\u00e1fico de estupefacientes\"],\"inLanguage\":\"es-CO\"},{\"@type\":\"WebPage\",\"@id\":\"https:\/\/www.fiscalia.gov.co\/colombia\/noticias\/asegurados-integrantes-de-los-guias-dedicados-a-la-distribucion-de-estupefacientes-en-cartagena\/\",\"url\":\"https:\/\/www.fiscalia.gov.co\/colombia\/noticias\/asegurados-integrantes-de-los-guias-dedicados-a-la-distribucion-de-estupefacientes-en-cartagena\/\",\"name\":\"Fiscal\u00eda General de la Naci\u00f3n\",\"isPartOf\":{\"@id\":\"https:\/\/www.fiscalia.gov.co\/colombia\/#website\"},\"primaryImageOfPage\":{\"@id\":\"https:\/\/www.fiscalia.gov.co\/colombia\/noticias\/asegurados-integrantes-de-los-guias-dedicados-a-la-distribucion-de-estupefacientes-en-cartagena\/#primaryimage\"},\"image\":{\"@id\":\"https:\/\/www.fiscalia.gov.co\/colombia\/noticias\/asegurados-integrantes-de-los-guias-dedicados-a-la-distribucion-de-estupefacientes-en-cartagena\/#primaryimage\"},\"thumbnailUrl\":\"https:\/\/www.fiscalia.gov.co\/colombia\/wp-content\/uploads\/Foto-boletin-30-de-enero-Los-Guias-1024x768.jpeg\",\"datePublished\":\"2023-01-30T18:01:20+00:00\",\"dateModified\":\"2023-01-30T18:01:20+00:00\",\"description\":\"P\u00e1gina oficial de la Fiscal\u00eda General de la Naci\u00f3n \u2013 Colombia. Garantizamos el acceso efectivo a la justicia, la verdad y la reparaci\u00f3n de las v\u00edctimas de los delitos.\",\"breadcrumb\":{\"@id\":\"https:\/\/www.fiscalia.gov.co\/colombia\/noticias\/asegurados-integrantes-de-los-guias-dedicados-a-la-distribucion-de-estupefacientes-en-cartagena\/#breadcrumb\"},\"inLanguage\":\"es-CO\",\"potentialAction\":[{\"@type\":\"ReadAction\",\"target\":[\"https:\/\/www.fiscalia.gov.co\/colombia\/noticias\/asegurados-integrantes-de-los-guias-dedicados-a-la-distribucion-de-estupefacientes-en-cartagena\/\"]}]},{\"@type\":\"ImageObject\",\"inLanguage\":\"es-CO\",\"@id\":\"https:\/\/www.fiscalia.gov.co\/colombia\/noticias\/asegurados-integrantes-de-los-guias-dedicados-a-la-distribucion-de-estupefacientes-en-cartagena\/#primaryimage\",\"url\":\"https:\/\/www.fiscalia.gov.co\/colombia\/wp-content\/uploads\/Foto-boletin-30-de-enero-Los-Guias-1024x768.jpeg\",\"contentUrl\":\"https:\/\/www.fiscalia.gov.co\/colombia\/wp-content\/uploads\/Foto-boletin-30-de-enero-Los-Guias-1024x768.jpeg\"},{\"@type\":\"BreadcrumbList\",\"@id\":\"https:\/\/www.fiscalia.gov.co\/colombia\/noticias\/asegurados-integrantes-de-los-guias-dedicados-a-la-distribucion-de-estupefacientes-en-cartagena\/#breadcrumb\",\"itemListElement\":[{\"@type\":\"ListItem\",\"position\":1,\"name\":\"Home\",\"item\":\"https:\/\/www.fiscalia.gov.co\/colombia\/\"},{\"@type\":\"ListItem\",\"position\":2,\"name\":\"Asegurados integrantes de \u2018Los Gu\u00edas\u2019, dedicados a la distribuci\u00f3n de estupefacientes en Cartagena\"}]},{\"@type\":\"WebSite\",\"@id\":\"https:\/\/www.fiscalia.gov.co\/colombia\/#website\",\"url\":\"https:\/\/www.fiscalia.gov.co\/colombia\/\",\"name\":\"Fiscal\u00eda General de la Naci\u00f3n\",\"description\":\"P\u00e1gina oficial de la Fiscal\u00eda General de la Naci\u00f3n \u2013 Colombia. Garantizamos el acceso efectivo a la justicia, la verdad y la reparaci\u00f3n de las v\u00edctimas de los delitos.\",\"publisher\":{\"@id\":\"https:\/\/www.fiscalia.gov.co\/colombia\/#organization\"},\"potentialAction\":[{\"@type\":\"SearchAction\",\"target\":{\"@type\":\"EntryPoint\",\"urlTemplate\":\"https:\/\/www.fiscalia.gov.co\/colombia\/?s={search_term_string}\"},\"query-input\":{\"@type\":\"PropertyValueSpecification\",\"valueRequired\":true,\"valueName\":\"search_term_string\"}}],\"inLanguage\":\"es-CO\"},{\"@type\":\"Organization\",\"@id\":\"https:\/\/www.fiscalia.gov.co\/colombia\/#organization\",\"name\":\"Fiscal\u00eda General de la Naci\u00f3n\",\"url\":\"https:\/\/www.fiscalia.gov.co\/colombia\/\",\"logo\":{\"@type\":\"ImageObject\",\"inLanguage\":\"es-CO\",\"@id\":\"https:\/\/www.fiscalia.gov.co\/colombia\/#\/schema\/logo\/image\/\",\"url\":\"https:\/\/www.fiscalia.gov.co\/colombia\/wp-content\/uploads\/LogoHorizontal_1.jpg\",\"contentUrl\":\"https:\/\/www.fiscalia.gov.co\/colombia\/wp-content\/uploads\/LogoHorizontal_1.jpg\",\"width\":300,\"height\":90,\"caption\":\"Fiscal\u00eda General de la Naci\u00f3n\"},\"image\":{\"@id\":\"https:\/\/www.fiscalia.gov.co\/colombia\/#\/schema\/logo\/image\/\"},\"sameAs\":[\"https:\/\/www.facebook.com\/FiscaliaCol\",\"https:\/\/x.com\/FiscaliaCol\",\"https:\/\/www.instagram.com\/fiscaliacol\",\"https:\/\/www.linkedin.com\/company\/fiscalia-general-de-la-naci-n\/\",\"https:\/\/youtube.com\/@fiscaliageneraldelanacion-4668?si=6nN79nyQICPU5iTh\"]},{\"@type\":\"Person\",\"@id\":\"https:\/\/www.fiscalia.gov.co\/colombia\/#\/schema\/person\/bf84402cf293a5393e9c70b111020b24\",\"name\":\"Jordan Leandro Oviedo Anzola\",\"image\":{\"@type\":\"ImageObject\",\"inLanguage\":\"es-CO\",\"@id\":\"https:\/\/www.fiscalia.gov.co\/colombia\/#\/schema\/person\/image\/\",\"url\":\"https:\/\/secure.gravatar.com\/avatar\/dabba4346fa9b9207d96adafa8f92721?s=96&d=mm&r=g\",\"contentUrl\":\"https:\/\/secure.gravatar.com\/avatar\/dabba4346fa9b9207d96adafa8f92721?s=96&d=mm&r=g\",\"caption\":\"Jordan Leandro Oviedo Anzola\"},\"url\":\"https:\/\/www.fiscalia.gov.co\/colombia\/author\/joviedo\/\"}]}<\/script>\n<!-- \/ Yoast SEO plugin. -->","yoast_head_json":{"title":"Fiscal\u00eda General de la Naci\u00f3n","description":"P\u00e1gina oficial de la Fiscal\u00eda General de la Naci\u00f3n \u2013 Colombia. Garantizamos el acceso efectivo a la justicia, la verdad y la reparaci\u00f3n de las v\u00edctimas de los delitos.","robots":{"index":"noindex","follow":"follow"},"og_locale":"es_ES","og_type":"article","og_title":"Fiscal\u00eda General de la Naci\u00f3n","og_description":"P\u00e1gina oficial de la Fiscal\u00eda General de la Naci\u00f3n \u2013 Colombia. Garantizamos el acceso efectivo a la justicia, la verdad y la reparaci\u00f3n de las v\u00edctimas de los delitos.","og_url":"https:\/\/www.fiscalia.gov.co\/colombia\/noticias\/asegurados-integrantes-de-los-guias-dedicados-a-la-distribucion-de-estupefacientes-en-cartagena\/","og_site_name":"Fiscal\u00eda General de la Naci\u00f3n","article_publisher":"https:\/\/www.facebook.com\/FiscaliaCol","article_published_time":"2023-01-30T18:01:20+00:00","og_image":[{"url":"https:\/\/www.fiscalia.gov.co\/colombia\/wp-content\/uploads\/Foto-boletin-30-de-enero-Los-Guias-1024x768.jpeg","type":"","width":"","height":""}],"author":"Jordan Leandro Oviedo Anzola","twitter_card":"summary_large_image","twitter_creator":"@FiscaliaCol","twitter_site":"@FiscaliaCol","twitter_misc":{"Escrito por":"Jordan Leandro Oviedo Anzola","Tiempo de lectura":"3 minutos"},"schema":{"@context":"https:\/\/schema.org","@graph":[{"@type":"Article","@id":"https:\/\/www.fiscalia.gov.co\/colombia\/noticias\/asegurados-integrantes-de-los-guias-dedicados-a-la-distribucion-de-estupefacientes-en-cartagena\/#article","isPartOf":{"@id":"https:\/\/www.fiscalia.gov.co\/colombia\/noticias\/asegurados-integrantes-de-los-guias-dedicados-a-la-distribucion-de-estupefacientes-en-cartagena\/"},"author":{"name":"Jordan Leandro Oviedo Anzola","@id":"https:\/\/www.fiscalia.gov.co\/colombia\/#\/schema\/person\/bf84402cf293a5393e9c70b111020b24"},"headline":"Asegurados integrantes de \u2018Los Gu\u00edas\u2019, dedicados a la distribuci\u00f3n de estupefacientes en Cartagena","datePublished":"2023-01-30T18:01:20+00:00","dateModified":"2023-01-30T18:01:20+00:00","mainEntityOfPage":{"@id":"https:\/\/www.fiscalia.gov.co\/colombia\/noticias\/asegurados-integrantes-de-los-guias-dedicados-a-la-distribucion-de-estupefacientes-en-cartagena\/"},"wordCount":555,"publisher":{"@id":"https:\/\/www.fiscalia.gov.co\/colombia\/#organization"},"image":{"@id":"https:\/\/www.fiscalia.gov.co\/colombia\/noticias\/asegurados-integrantes-de-los-guias-dedicados-a-la-distribucion-de-estupefacientes-en-cartagena\/#primaryimage"},"thumbnailUrl":"https:\/\/www.fiscalia.gov.co\/colombia\/wp-content\/uploads\/Foto-boletin-30-de-enero-Los-Guias-1024x768.jpeg","keywords":["Cartagena","Cartagena (Bol\u00edvar)","Concierto para delinquir","Fiscal\u00eda Colombia","Fiscal\u00eda General de la Naci\u00f3n","grupo delincuencial","judicializados.","Polic\u00eda Nacional","Tr\u00e1fico de estupefacientes"],"articleSection":["Noticias","Seccional Cartagena","Seccionales","Tr\u00e1fico de estupefacientes"],"inLanguage":"es-CO"},{"@type":"WebPage","@id":"https:\/\/www.fiscalia.gov.co\/colombia\/noticias\/asegurados-integrantes-de-los-guias-dedicados-a-la-distribucion-de-estupefacientes-en-cartagena\/","url":"https:\/\/www.fiscalia.gov.co\/colombia\/noticias\/asegurados-integrantes-de-los-guias-dedicados-a-la-distribucion-de-estupefacientes-en-cartagena\/","name":"Fiscal\u00eda General de la Naci\u00f3n","isPartOf":{"@id":"https:\/\/www.fiscalia.gov.co\/colombia\/#website"},"primaryImageOfPage":{"@id":"https:\/\/www.fiscalia.gov.co\/colombia\/noticias\/asegurados-integrantes-de-los-guias-dedicados-a-la-distribucion-de-estupefacientes-en-cartagena\/#primaryimage"},"image":{"@id":"https:\/\/www.fiscalia.gov.co\/colombia\/noticias\/asegurados-integrantes-de-los-guias-dedicados-a-la-distribucion-de-estupefacientes-en-cartagena\/#primaryimage"},"thumbnailUrl":"https:\/\/www.fiscalia.gov.co\/colombia\/wp-content\/uploads\/Foto-boletin-30-de-enero-Los-Guias-1024x768.jpeg","datePublished":"2023-01-30T18:01:20+00:00","dateModified":"2023-01-30T18:01:20+00:00","description":"P\u00e1gina oficial de la Fiscal\u00eda General de la Naci\u00f3n \u2013 Colombia. Garantizamos el acceso efectivo a la justicia, la verdad y la reparaci\u00f3n de las v\u00edctimas de los delitos.","breadcrumb":{"@id":"https:\/\/www.fiscalia.gov.co\/colombia\/noticias\/asegurados-integrantes-de-los-guias-dedicados-a-la-distribucion-de-estupefacientes-en-cartagena\/#breadcrumb"},"inLanguage":"es-CO","potentialAction":[{"@type":"ReadAction","target":["https:\/\/www.fiscalia.gov.co\/colombia\/noticias\/asegurados-integrantes-de-los-guias-dedicados-a-la-distribucion-de-estupefacientes-en-cartagena\/"]}]},{"@type":"ImageObject","inLanguage":"es-CO","@id":"https:\/\/www.fiscalia.gov.co\/colombia\/noticias\/asegurados-integrantes-de-los-guias-dedicados-a-la-distribucion-de-estupefacientes-en-cartagena\/#primaryimage","url":"https:\/\/www.fiscalia.gov.co\/colombia\/wp-content\/uploads\/Foto-boletin-30-de-enero-Los-Guias-1024x768.jpeg","contentUrl":"https:\/\/www.fiscalia.gov.co\/colombia\/wp-content\/uploads\/Foto-boletin-30-de-enero-Los-Guias-1024x768.jpeg"},{"@type":"BreadcrumbList","@id":"https:\/\/www.fiscalia.gov.co\/colombia\/noticias\/asegurados-integrantes-de-los-guias-dedicados-a-la-distribucion-de-estupefacientes-en-cartagena\/#breadcrumb","itemListElement":[{"@type":"ListItem","position":1,"name":"Home","item":"https:\/\/www.fiscalia.gov.co\/colombia\/"},{"@type":"ListItem","position":2,"name":"Asegurados integrantes de \u2018Los Gu\u00edas\u2019, dedicados a la distribuci\u00f3n de estupefacientes en Cartagena"}]},{"@type":"WebSite","@id":"https:\/\/www.fiscalia.gov.co\/colombia\/#website","url":"https:\/\/www.fiscalia.gov.co\/colombia\/","name":"Fiscal\u00eda General de la Naci\u00f3n","description":"P\u00e1gina oficial de la Fiscal\u00eda General de la Naci\u00f3n \u2013 Colombia. Garantizamos el acceso efectivo a la justicia, la verdad y la reparaci\u00f3n de las v\u00edctimas de los delitos.","publisher":{"@id":"https:\/\/www.fiscalia.gov.co\/colombia\/#organization"},"potentialAction":[{"@type":"SearchAction","target":{"@type":"EntryPoint","urlTemplate":"https:\/\/www.fiscalia.gov.co\/colombia\/?s={search_term_string}"},"query-input":{"@type":"PropertyValueSpecification","valueRequired":true,"valueName":"search_term_string"}}],"inLanguage":"es-CO"},{"@type":"Organization","@id":"https:\/\/www.fiscalia.gov.co\/colombia\/#organization","name":"Fiscal\u00eda General de la Naci\u00f3n","url":"https:\/\/www.fiscalia.gov.co\/colombia\/","logo":{"@type":"ImageObject","inLanguage":"es-CO","@id":"https:\/\/www.fiscalia.gov.co\/colombia\/#\/schema\/logo\/image\/","url":"https:\/\/www.fiscalia.gov.co\/colombia\/wp-content\/uploads\/LogoHorizontal_1.jpg","contentUrl":"https:\/\/www.fiscalia.gov.co\/colombia\/wp-content\/uploads\/LogoHorizontal_1.jpg","width":300,"height":90,"caption":"Fiscal\u00eda General de la Naci\u00f3n"},"image":{"@id":"https:\/\/www.fiscalia.gov.co\/colombia\/#\/schema\/logo\/image\/"},"sameAs":["https:\/\/www.facebook.com\/FiscaliaCol","https:\/\/x.com\/FiscaliaCol","https:\/\/www.instagram.com\/fiscaliacol","https:\/\/www.linkedin.com\/company\/fiscalia-general-de-la-naci-n\/","https:\/\/youtube.com\/@fiscaliageneraldelanacion-4668?si=6nN79nyQICPU5iTh"]},{"@type":"Person","@id":"https:\/\/www.fiscalia.gov.co\/colombia\/#\/schema\/person\/bf84402cf293a5393e9c70b111020b24","name":"Jordan Leandro Oviedo Anzola","image":{"@type":"ImageObject","inLanguage":"es-CO","@id":"https:\/\/www.fiscalia.gov.co\/colombia\/#\/schema\/person\/image\/","url":"https:\/\/secure.gravatar.com\/avatar\/dabba4346fa9b9207d96adafa8f92721?s=96&d=mm&r=g","contentUrl":"https:\/\/secure.gravatar.com\/avatar\/dabba4346fa9b9207d96adafa8f92721?s=96&d=mm&r=g","caption":"Jordan Leandro Oviedo Anzola"},"url":"https:\/\/www.fiscalia.gov.co\/colombia\/author\/joviedo\/"}]}},"_links":{"self":[{"href":"https:\/\/www.fiscalia.gov.co\/colombia\/wp-json\/wp\/v2\/posts\/264985","targetHints":{"allow":["GET"]}}],"collection":[{"href":"https:\/\/www.fiscalia.gov.co\/colombia\/wp-json\/wp\/v2\/posts"}],"about":[{"href":"https:\/\/www.fiscalia.gov.co\/colombia\/wp-json\/wp\/v2\/types\/post"}],"author":[{"embeddable":true,"href":"https:\/\/www.fiscalia.gov.co\/colombia\/wp-json\/wp\/v2\/users\/177"}],"replies":[{"embeddable":true,"href":"https:\/\/www.fiscalia.gov.co\/colombia\/wp-json\/wp\/v2\/comments?post=264985"}],"version-history":[{"count":1,"href":"https:\/\/www.fiscalia.gov.co\/colombia\/wp-json\/wp\/v2\/posts\/264985\/revisions"}],"predecessor-version":[{"id":264987,"href":"https:\/\/www.fiscalia.gov.co\/colombia\/wp-json\/wp\/v2\/posts\/264985\/revisions\/264987"}],"wp:attachment":[{"href":"https:\/\/www.fiscalia.gov.co\/colombia\/wp-json\/wp\/v2\/media?parent=264985"}],"wp:term":[{"taxonomy":"category","embeddable":true,"href":"https:\/\/www.fiscalia.gov.co\/colombia\/wp-json\/wp\/v2\/categories?post=264985"},{"taxonomy":"post_tag","embeddable":true,"href":"https:\/\/www.fiscalia.gov.co\/colombia\/wp-json\/wp\/v2\/tags?post=264985"}],"curies":[{"name":"wp","href":"https:\/\/api.w.org\/{rel}","templated":true}]}}