{"id":264968,"date":"2023-01-30T11:54:47","date_gmt":"2023-01-30T16:54:47","guid":{"rendered":"https:\/\/www.fiscalia.gov.co\/colombia\/?p=264968"},"modified":"2023-02-07T09:44:16","modified_gmt":"2023-02-07T14:44:16","slug":"a-prision-fue-enviado-alias-chaverra-presunto-integrante-de-una-subestructura-al-servicio-del-clan-del-golfo-en-cartagena","status":"publish","type":"post","link":"https:\/\/www.fiscalia.gov.co\/colombia\/noticias\/a-prision-fue-enviado-alias-chaverra-presunto-integrante-de-una-subestructura-al-servicio-del-clan-del-golfo-en-cartagena\/","title":{"rendered":"A prisi\u00f3n fue enviado alias Chaverra, presunto integrante de una subestructura al servicio del Clan del Golfo en Cartagena"},"content":{"rendered":"<p>Gustavo Adolfo Chaverra Pay\u00e1n, al\u00edas Chaverra, presunto integrante de la subestructura H\u00e9roes del Caribe que delinque para el Grupo Armado Organizado Clan del Golfo en el \u00e1rea metropolitana de Cartagena, fue privado de la libertad por petici\u00f3n de una fiscal Especializada.<\/p>\n<figure id=\"attachment_264969\" aria-describedby=\"caption-attachment-264969\" style=\"width: 696px\" class=\"wp-caption aligncenter\"><img loading=\"lazy\" decoding=\"async\" class=\"size-large wp-image-264969\" src=\"https:\/\/www.fiscalia.gov.co\/colombia\/wp-content\/uploads\/Foto-boletin-30-de-enero-Clan-del-Golfo-Chaverra-1024x572.jpeg\" alt=\"En la imagen se observa a un hombre de camiseta blanca con bermuda de jean y tenis, custodiado por dos agentes de la Polic\u00eda Nacional delante de un pend\u00f3n de esa instituci\u00f3n.\" width=\"696\" height=\"389\" srcset=\"https:\/\/www.fiscalia.gov.co\/colombia\/wp-content\/uploads\/Foto-boletin-30-de-enero-Clan-del-Golfo-Chaverra-1024x572.jpeg 1024w, https:\/\/www.fiscalia.gov.co\/colombia\/wp-content\/uploads\/Foto-boletin-30-de-enero-Clan-del-Golfo-Chaverra-300x167.jpeg 300w, https:\/\/www.fiscalia.gov.co\/colombia\/wp-content\/uploads\/Foto-boletin-30-de-enero-Clan-del-Golfo-Chaverra-768x429.jpeg 768w, https:\/\/www.fiscalia.gov.co\/colombia\/wp-content\/uploads\/Foto-boletin-30-de-enero-Clan-del-Golfo-Chaverra-1536x857.jpeg 1536w, https:\/\/www.fiscalia.gov.co\/colombia\/wp-content\/uploads\/Foto-boletin-30-de-enero-Clan-del-Golfo-Chaverra-696x388.jpeg 696w, https:\/\/www.fiscalia.gov.co\/colombia\/wp-content\/uploads\/Foto-boletin-30-de-enero-Clan-del-Golfo-Chaverra-1068x596.jpeg 1068w, https:\/\/www.fiscalia.gov.co\/colombia\/wp-content\/uploads\/Foto-boletin-30-de-enero-Clan-del-Golfo-Chaverra-753x420.jpeg 753w, https:\/\/www.fiscalia.gov.co\/colombia\/wp-content\/uploads\/Foto-boletin-30-de-enero-Clan-del-Golfo-Chaverra.jpeg 1600w\" sizes=\"auto, (max-width: 696px) 100vw, 696px\" \/><figcaption id=\"caption-attachment-264969\" class=\"wp-caption-text\">Alias Chaverra, fue capturado mediante orden judicial en el barrio Alcibia de Cartagena.<\/figcaption><\/figure>\n<p>Labores de Polic\u00eda Judicial permitieron establecer que el procesado ser\u00eda uno de los sicarios de la organizaci\u00f3n delincuencial que particip\u00f3 en tres homicidios ocurridos el a\u00f1o pasado, donde las v\u00edctimas fueron dos pensionados de la Polic\u00eda Nacional y un particular.<\/p>\n<p>Uno de los hechos ocurri\u00f3 el 23 de junio de 2022, en el barrio Las Gaviotas de Cartagena (Bol\u00edvar), donde fue asesinado Luis Ernesto Marques Acosta, alias Gordito Flow. Asimismo, se estableci\u00f3 que, en el barrio Blas de Lezo, tres d\u00edas despu\u00e9s habr\u00eda herido con arma de fuego a Jorge Luis Torres Arzusa y Leonardo P\u00e9rez \u00c1lvarez, caus\u00e1ndoles la muerte.<\/p>\n<p>Seg\u00fan las investigaciones, el hoy procesado, al parecer, era el organizador del tr\u00e1fico y comercializaci\u00f3n de estupefacientes en diferentes barrios de Cartagena, bajo el mando de al\u00edas Camilo. Este \u00faltimo fue capturado y judicializado en noviembre de 2022.<\/p>\n<p>Mediante orden judicial, al\u00edas Chaverra fue detenido el pasado 20 de enero, en el barrio Alcibia de esa localidad por uniformados de la Polic\u00eda Nacional.<\/p>\n<p>El presunto implicado, de 30 a\u00f1os, no acept\u00f3 su responsabilidad en los delitos de concierto para delinquir agravado, homicidio agravado en concurso con fabricaci\u00f3n, tr\u00e1fico y porte de arma de fuego o municiones, imputados por la Fiscal\u00eda.<\/p>\n<p>Por disposici\u00f3n judicial su reclusi\u00f3n se llevar\u00e1 a cabo en centro carcelario de Cartagena.<\/p>\n<p>Esta informaci\u00f3n se publica por razones de inter\u00e9s general.<\/p>\n<p style=\"text-align: left;\" align=\"center\"><b>La Fiscal\u00eda habla con resultados.<\/b><\/p>\n<p><b>Le puede interesar:<\/b><\/p>\n<p><a href=\"https:\/\/www.fiscalia.gov.co\/colombia\/noticias\/carcel-para-presunta-integrante-del-clan-del-golfo-por-el-homicidio-de-una-pareja-en-el-municipio-de-urrao-antioquia\/#:~:text=Los%20hechos%20investigados%20ocurrieron%20en,Ver%C3%B3nica%20Caro%20Rueda%2C%20quienes%20recibieron\" target=\"_blank\" rel=\"noopener\" data-saferedirecturl=\"https:\/\/www.google.com\/url?q=https:\/\/www.fiscalia.gov.co\/colombia\/noticias\/carcel-para-presunta-integrante-del-clan-del-golfo-por-el-homicidio-de-una-pareja-en-el-municipio-de-urrao-antioquia\/%23:~:text%3DLos%2520hechos%2520investigados%2520ocurrieron%2520en,Ver%25C3%25B3nica%2520Caro%2520Rueda%252C%2520quienes%2520recibieron&amp;source=gmail&amp;ust=1675183912493000&amp;usg=AOvVaw3A7j3xz-YLrhzaNODLXXXx\">C\u00e1rcel para presunta integrante del \u2018Clan del Golfo\u2019 por el homicidio de una pareja en el municipio de Urrao (Antioquia)<\/a><\/p>\n<p><a href=\"https:\/\/www.fiscalia.gov.co\/colombia\/noticias\/fiscalia-judicializa-a-presunto-sicario-del-clan-del-golfo-por-homicidio-multiple-en-caucasia\/#:~:text=Los%20hechos%20materia%20de%20investigaci%C3%B3n,que%20estaban%20en%20v%C3%ADa%20p%C3%BAblica.\" target=\"_blank\" rel=\"noopener\" data-saferedirecturl=\"https:\/\/www.google.com\/url?q=https:\/\/www.fiscalia.gov.co\/colombia\/noticias\/fiscalia-judicializa-a-presunto-sicario-del-clan-del-golfo-por-homicidio-multiple-en-caucasia\/%23:~:text%3DLos%2520hechos%2520materia%2520de%2520investigaci%25C3%25B3n,que%2520estaban%2520en%2520v%25C3%25ADa%2520p%25C3%25BAblica.&amp;source=gmail&amp;ust=1675183912493000&amp;usg=AOvVaw0_Ww4Juzeb0GUANdoGRSLl\">Fiscal\u00eda judicializa a presunto sicario del \u2018Clan del Golfo\u2019 por homicidio m\u00faltiple en Caucasia<\/a><\/p>\n<p>&nbsp;<\/p>\n<p>&nbsp;<\/p>\n<p>&nbsp;<\/p>\n<p>MEVA\/MG\/LG\/DSB<\/p>\n<p>&nbsp;<\/p>\n<p>&nbsp;<\/p>\n<p>&nbsp;<\/p>\n<p>&nbsp;<\/p>\n<p><i>La informaci\u00f3n contenida en este bolet\u00edn de prensa corresponde a la narraci\u00f3n de los hechos noticiosos objetivos, suministrados por los funcionarios encargados de adelantar las investigaciones penales al interior de la Fiscal\u00eda General de la Naci\u00f3n. Para el momento de la divulgaci\u00f3n de este comunicado, la situaci\u00f3n jur\u00eddica de la(s) persona(s) relacionada(s) se encuentra pendiente de resolver por la autoridad judicial competente, siempre bajo los preceptos de la presunci\u00f3n de inocencia, consagrados en el art\u00edculo 29 de la Constituci\u00f3n Pol\u00edtica y el art\u00edculo 7\u00ba de la Ley 906 de 2004.<\/i><\/p>\n\n<div class=\"twitter-share\"><a href=\"https:\/\/twitter.com\/intent\/tweet?via=fiscaliacol\" class=\"twitter-share-button\">Tweet<\/a><\/div>\n","protected":false},"excerpt":{"rendered":"<p>Gustavo Adolfo Chaverra Pay\u00e1n, al\u00edas Chaverra, presunto integrante de la subestructura H\u00e9roes del Caribe que delinque para el Grupo Armado Organizado Clan del Golfo en el \u00e1rea metropolitana de Cartagena, fue privado de la libertad por petici\u00f3n de una fiscal Especializada. Labores de Polic\u00eda Judicial permitieron establecer que el procesado ser\u00eda uno de los sicarios [&hellip;]<\/p>\n","protected":false},"author":177,"featured_media":0,"comment_status":"closed","ping_status":"open","sticky":false,"template":"","format":"video","meta":{"_price":"","_stock":"","_tribe_ticket_header":"","_tribe_default_ticket_provider":"","_tribe_ticket_capacity":"0","_ticket_start_date":"","_ticket_end_date":"","_tribe_ticket_show_description":"","_tribe_ticket_show_not_going":false,"_tribe_ticket_use_global_stock":"","_tribe_ticket_global_stock_level":"","_global_stock_mode":"","_global_stock_cap":"","_tribe_rsvp_for_event":"","_tribe_ticket_going_count":"","_tribe_ticket_not_going_count":"","_tribe_tickets_list":"[]","_tribe_ticket_has_attendee_info_fields":false,"tdm_status":"","tdm_grid_status":"","footnotes":""},"categories":[1,325,303,24099],"tags":[23819,23998,18672,83,24187,1047,558,24237,155],"class_list":{"0":"post-264968","1":"post","2":"type-post","3":"status-publish","4":"format-video","6":"category-noticias","7":"category-seccional-cartagena","8":"category-seccionales","9":"category-seguridad-territorial","10":"tag-cartagena","11":"tag-cartagena-bolivar","12":"tag-clan-del-golfo","13":"tag-concierto-para-delinquir","14":"tag-fiscalia-colombia","15":"tag-fiscalia-general-de-la-nacion","16":"tag-policia-nacional","17":"tag-prision","18":"tag-trafico-de-estupefacientes","19":"post_format-post-format-video"},"yoast_head":"<!-- This site is optimized with the Yoast SEO plugin v24.3 - https:\/\/yoast.com\/wordpress\/plugins\/seo\/ -->\n<title>Fiscal\u00eda General de la Naci\u00f3n<\/title>\n<meta name=\"description\" content=\"P\u00e1gina oficial de la Fiscal\u00eda General de la Naci\u00f3n \u2013 Colombia. Garantizamos el acceso efectivo a la justicia, la verdad y la reparaci\u00f3n de las v\u00edctimas de los delitos.\" \/>\n<meta name=\"robots\" content=\"noindex, follow\" \/>\n<meta property=\"og:locale\" content=\"es_ES\" \/>\n<meta property=\"og:type\" content=\"article\" \/>\n<meta property=\"og:title\" content=\"Fiscal\u00eda General de la Naci\u00f3n\" \/>\n<meta property=\"og:description\" content=\"P\u00e1gina oficial de la Fiscal\u00eda General de la Naci\u00f3n \u2013 Colombia. Garantizamos el acceso efectivo a la justicia, la verdad y la reparaci\u00f3n de las v\u00edctimas de los delitos.\" \/>\n<meta property=\"og:url\" content=\"https:\/\/www.fiscalia.gov.co\/colombia\/noticias\/a-prision-fue-enviado-alias-chaverra-presunto-integrante-de-una-subestructura-al-servicio-del-clan-del-golfo-en-cartagena\/\" \/>\n<meta property=\"og:site_name\" content=\"Fiscal\u00eda General de la Naci\u00f3n\" \/>\n<meta property=\"article:publisher\" content=\"https:\/\/www.facebook.com\/FiscaliaCol\" \/>\n<meta property=\"article:published_time\" content=\"2023-01-30T16:54:47+00:00\" \/>\n<meta property=\"article:modified_time\" content=\"2023-02-07T14:44:16+00:00\" \/>\n<meta property=\"og:image\" content=\"https:\/\/www.fiscalia.gov.co\/colombia\/wp-content\/uploads\/Foto-boletin-30-de-enero-Clan-del-Golfo-Chaverra-1024x572.jpeg\" \/>\n<meta name=\"author\" content=\"Jordan Leandro Oviedo Anzola\" \/>\n<meta name=\"twitter:card\" content=\"summary_large_image\" \/>\n<meta name=\"twitter:creator\" content=\"@FiscaliaCol\" \/>\n<meta name=\"twitter:site\" content=\"@FiscaliaCol\" \/>\n<meta name=\"twitter:label1\" content=\"Escrito por\" \/>\n\t<meta name=\"twitter:data1\" content=\"Jordan Leandro Oviedo Anzola\" \/>\n\t<meta name=\"twitter:label2\" content=\"Tiempo de lectura\" \/>\n\t<meta name=\"twitter:data2\" content=\"2 minutos\" \/>\n<script type=\"application\/ld+json\" class=\"yoast-schema-graph\">{\"@context\":\"https:\/\/schema.org\",\"@graph\":[{\"@type\":\"Article\",\"@id\":\"https:\/\/www.fiscalia.gov.co\/colombia\/noticias\/a-prision-fue-enviado-alias-chaverra-presunto-integrante-de-una-subestructura-al-servicio-del-clan-del-golfo-en-cartagena\/#article\",\"isPartOf\":{\"@id\":\"https:\/\/www.fiscalia.gov.co\/colombia\/noticias\/a-prision-fue-enviado-alias-chaverra-presunto-integrante-de-una-subestructura-al-servicio-del-clan-del-golfo-en-cartagena\/\"},\"author\":{\"name\":\"Jordan Leandro Oviedo Anzola\",\"@id\":\"https:\/\/www.fiscalia.gov.co\/colombia\/#\/schema\/person\/bf84402cf293a5393e9c70b111020b24\"},\"headline\":\"A prisi\u00f3n fue enviado alias Chaverra, presunto integrante de una subestructura al servicio del Clan del Golfo en Cartagena\",\"datePublished\":\"2023-01-30T16:54:47+00:00\",\"dateModified\":\"2023-02-07T14:44:16+00:00\",\"mainEntityOfPage\":{\"@id\":\"https:\/\/www.fiscalia.gov.co\/colombia\/noticias\/a-prision-fue-enviado-alias-chaverra-presunto-integrante-de-una-subestructura-al-servicio-del-clan-del-golfo-en-cartagena\/\"},\"wordCount\":488,\"publisher\":{\"@id\":\"https:\/\/www.fiscalia.gov.co\/colombia\/#organization\"},\"image\":{\"@id\":\"https:\/\/www.fiscalia.gov.co\/colombia\/noticias\/a-prision-fue-enviado-alias-chaverra-presunto-integrante-de-una-subestructura-al-servicio-del-clan-del-golfo-en-cartagena\/#primaryimage\"},\"thumbnailUrl\":\"https:\/\/www.fiscalia.gov.co\/colombia\/wp-content\/uploads\/Foto-boletin-30-de-enero-Clan-del-Golfo-Chaverra-1024x572.jpeg\",\"keywords\":[\"Cartagena\",\"Cartagena (Bol\u00edvar)\",\"Clan del Golfo\",\"Concierto para delinquir\",\"Fiscal\u00eda Colombia\",\"Fiscal\u00eda General de la Naci\u00f3n\",\"Polic\u00eda Nacional\",\"prisi\u00f3n\",\"Tr\u00e1fico de estupefacientes\"],\"articleSection\":[\"Noticias\",\"Seccional Cartagena\",\"Seccionales\",\"Seguridad territorial\"],\"inLanguage\":\"es-CO\"},{\"@type\":\"WebPage\",\"@id\":\"https:\/\/www.fiscalia.gov.co\/colombia\/noticias\/a-prision-fue-enviado-alias-chaverra-presunto-integrante-de-una-subestructura-al-servicio-del-clan-del-golfo-en-cartagena\/\",\"url\":\"https:\/\/www.fiscalia.gov.co\/colombia\/noticias\/a-prision-fue-enviado-alias-chaverra-presunto-integrante-de-una-subestructura-al-servicio-del-clan-del-golfo-en-cartagena\/\",\"name\":\"Fiscal\u00eda General de la Naci\u00f3n\",\"isPartOf\":{\"@id\":\"https:\/\/www.fiscalia.gov.co\/colombia\/#website\"},\"primaryImageOfPage\":{\"@id\":\"https:\/\/www.fiscalia.gov.co\/colombia\/noticias\/a-prision-fue-enviado-alias-chaverra-presunto-integrante-de-una-subestructura-al-servicio-del-clan-del-golfo-en-cartagena\/#primaryimage\"},\"image\":{\"@id\":\"https:\/\/www.fiscalia.gov.co\/colombia\/noticias\/a-prision-fue-enviado-alias-chaverra-presunto-integrante-de-una-subestructura-al-servicio-del-clan-del-golfo-en-cartagena\/#primaryimage\"},\"thumbnailUrl\":\"https:\/\/www.fiscalia.gov.co\/colombia\/wp-content\/uploads\/Foto-boletin-30-de-enero-Clan-del-Golfo-Chaverra-1024x572.jpeg\",\"datePublished\":\"2023-01-30T16:54:47+00:00\",\"dateModified\":\"2023-02-07T14:44:16+00:00\",\"description\":\"P\u00e1gina oficial de la Fiscal\u00eda General de la Naci\u00f3n \u2013 Colombia. Garantizamos el acceso efectivo a la justicia, la verdad y la reparaci\u00f3n de las v\u00edctimas de los delitos.\",\"breadcrumb\":{\"@id\":\"https:\/\/www.fiscalia.gov.co\/colombia\/noticias\/a-prision-fue-enviado-alias-chaverra-presunto-integrante-de-una-subestructura-al-servicio-del-clan-del-golfo-en-cartagena\/#breadcrumb\"},\"inLanguage\":\"es-CO\",\"potentialAction\":[{\"@type\":\"ReadAction\",\"target\":[\"https:\/\/www.fiscalia.gov.co\/colombia\/noticias\/a-prision-fue-enviado-alias-chaverra-presunto-integrante-de-una-subestructura-al-servicio-del-clan-del-golfo-en-cartagena\/\"]}]},{\"@type\":\"ImageObject\",\"inLanguage\":\"es-CO\",\"@id\":\"https:\/\/www.fiscalia.gov.co\/colombia\/noticias\/a-prision-fue-enviado-alias-chaverra-presunto-integrante-de-una-subestructura-al-servicio-del-clan-del-golfo-en-cartagena\/#primaryimage\",\"url\":\"https:\/\/www.fiscalia.gov.co\/colombia\/wp-content\/uploads\/Foto-boletin-30-de-enero-Clan-del-Golfo-Chaverra-1024x572.jpeg\",\"contentUrl\":\"https:\/\/www.fiscalia.gov.co\/colombia\/wp-content\/uploads\/Foto-boletin-30-de-enero-Clan-del-Golfo-Chaverra-1024x572.jpeg\"},{\"@type\":\"BreadcrumbList\",\"@id\":\"https:\/\/www.fiscalia.gov.co\/colombia\/noticias\/a-prision-fue-enviado-alias-chaverra-presunto-integrante-de-una-subestructura-al-servicio-del-clan-del-golfo-en-cartagena\/#breadcrumb\",\"itemListElement\":[{\"@type\":\"ListItem\",\"position\":1,\"name\":\"Home\",\"item\":\"https:\/\/www.fiscalia.gov.co\/colombia\/\"},{\"@type\":\"ListItem\",\"position\":2,\"name\":\"A prisi\u00f3n fue enviado alias Chaverra, presunto integrante de una subestructura al servicio del Clan del Golfo en Cartagena\"}]},{\"@type\":\"WebSite\",\"@id\":\"https:\/\/www.fiscalia.gov.co\/colombia\/#website\",\"url\":\"https:\/\/www.fiscalia.gov.co\/colombia\/\",\"name\":\"Fiscal\u00eda General de la Naci\u00f3n\",\"description\":\"P\u00e1gina oficial de la Fiscal\u00eda General de la Naci\u00f3n \u2013 Colombia. Garantizamos el acceso efectivo a la justicia, la verdad y la reparaci\u00f3n de las v\u00edctimas de los delitos.\",\"publisher\":{\"@id\":\"https:\/\/www.fiscalia.gov.co\/colombia\/#organization\"},\"potentialAction\":[{\"@type\":\"SearchAction\",\"target\":{\"@type\":\"EntryPoint\",\"urlTemplate\":\"https:\/\/www.fiscalia.gov.co\/colombia\/?s={search_term_string}\"},\"query-input\":{\"@type\":\"PropertyValueSpecification\",\"valueRequired\":true,\"valueName\":\"search_term_string\"}}],\"inLanguage\":\"es-CO\"},{\"@type\":\"Organization\",\"@id\":\"https:\/\/www.fiscalia.gov.co\/colombia\/#organization\",\"name\":\"Fiscal\u00eda General de la Naci\u00f3n\",\"url\":\"https:\/\/www.fiscalia.gov.co\/colombia\/\",\"logo\":{\"@type\":\"ImageObject\",\"inLanguage\":\"es-CO\",\"@id\":\"https:\/\/www.fiscalia.gov.co\/colombia\/#\/schema\/logo\/image\/\",\"url\":\"https:\/\/www.fiscalia.gov.co\/colombia\/wp-content\/uploads\/LogoHorizontal_1.jpg\",\"contentUrl\":\"https:\/\/www.fiscalia.gov.co\/colombia\/wp-content\/uploads\/LogoHorizontal_1.jpg\",\"width\":300,\"height\":90,\"caption\":\"Fiscal\u00eda General de la Naci\u00f3n\"},\"image\":{\"@id\":\"https:\/\/www.fiscalia.gov.co\/colombia\/#\/schema\/logo\/image\/\"},\"sameAs\":[\"https:\/\/www.facebook.com\/FiscaliaCol\",\"https:\/\/x.com\/FiscaliaCol\",\"https:\/\/www.instagram.com\/fiscaliacol\",\"https:\/\/www.linkedin.com\/company\/fiscalia-general-de-la-naci-n\/\",\"https:\/\/youtube.com\/@fiscaliageneraldelanacion-4668?si=6nN79nyQICPU5iTh\"]},{\"@type\":\"Person\",\"@id\":\"https:\/\/www.fiscalia.gov.co\/colombia\/#\/schema\/person\/bf84402cf293a5393e9c70b111020b24\",\"name\":\"Jordan Leandro Oviedo Anzola\",\"image\":{\"@type\":\"ImageObject\",\"inLanguage\":\"es-CO\",\"@id\":\"https:\/\/www.fiscalia.gov.co\/colombia\/#\/schema\/person\/image\/\",\"url\":\"https:\/\/secure.gravatar.com\/avatar\/dabba4346fa9b9207d96adafa8f92721?s=96&d=mm&r=g\",\"contentUrl\":\"https:\/\/secure.gravatar.com\/avatar\/dabba4346fa9b9207d96adafa8f92721?s=96&d=mm&r=g\",\"caption\":\"Jordan Leandro Oviedo Anzola\"},\"url\":\"https:\/\/www.fiscalia.gov.co\/colombia\/author\/joviedo\/\"}]}<\/script>\n<!-- \/ Yoast SEO plugin. -->","yoast_head_json":{"title":"Fiscal\u00eda General de la Naci\u00f3n","description":"P\u00e1gina oficial de la Fiscal\u00eda General de la Naci\u00f3n \u2013 Colombia. Garantizamos el acceso efectivo a la justicia, la verdad y la reparaci\u00f3n de las v\u00edctimas de los delitos.","robots":{"index":"noindex","follow":"follow"},"og_locale":"es_ES","og_type":"article","og_title":"Fiscal\u00eda General de la Naci\u00f3n","og_description":"P\u00e1gina oficial de la Fiscal\u00eda General de la Naci\u00f3n \u2013 Colombia. Garantizamos el acceso efectivo a la justicia, la verdad y la reparaci\u00f3n de las v\u00edctimas de los delitos.","og_url":"https:\/\/www.fiscalia.gov.co\/colombia\/noticias\/a-prision-fue-enviado-alias-chaverra-presunto-integrante-de-una-subestructura-al-servicio-del-clan-del-golfo-en-cartagena\/","og_site_name":"Fiscal\u00eda General de la Naci\u00f3n","article_publisher":"https:\/\/www.facebook.com\/FiscaliaCol","article_published_time":"2023-01-30T16:54:47+00:00","article_modified_time":"2023-02-07T14:44:16+00:00","og_image":[{"url":"https:\/\/www.fiscalia.gov.co\/colombia\/wp-content\/uploads\/Foto-boletin-30-de-enero-Clan-del-Golfo-Chaverra-1024x572.jpeg","type":"","width":"","height":""}],"author":"Jordan Leandro Oviedo Anzola","twitter_card":"summary_large_image","twitter_creator":"@FiscaliaCol","twitter_site":"@FiscaliaCol","twitter_misc":{"Escrito por":"Jordan Leandro Oviedo Anzola","Tiempo de lectura":"2 minutos"},"schema":{"@context":"https:\/\/schema.org","@graph":[{"@type":"Article","@id":"https:\/\/www.fiscalia.gov.co\/colombia\/noticias\/a-prision-fue-enviado-alias-chaverra-presunto-integrante-de-una-subestructura-al-servicio-del-clan-del-golfo-en-cartagena\/#article","isPartOf":{"@id":"https:\/\/www.fiscalia.gov.co\/colombia\/noticias\/a-prision-fue-enviado-alias-chaverra-presunto-integrante-de-una-subestructura-al-servicio-del-clan-del-golfo-en-cartagena\/"},"author":{"name":"Jordan Leandro Oviedo Anzola","@id":"https:\/\/www.fiscalia.gov.co\/colombia\/#\/schema\/person\/bf84402cf293a5393e9c70b111020b24"},"headline":"A prisi\u00f3n fue enviado alias Chaverra, presunto integrante de una subestructura al servicio del Clan del Golfo en Cartagena","datePublished":"2023-01-30T16:54:47+00:00","dateModified":"2023-02-07T14:44:16+00:00","mainEntityOfPage":{"@id":"https:\/\/www.fiscalia.gov.co\/colombia\/noticias\/a-prision-fue-enviado-alias-chaverra-presunto-integrante-de-una-subestructura-al-servicio-del-clan-del-golfo-en-cartagena\/"},"wordCount":488,"publisher":{"@id":"https:\/\/www.fiscalia.gov.co\/colombia\/#organization"},"image":{"@id":"https:\/\/www.fiscalia.gov.co\/colombia\/noticias\/a-prision-fue-enviado-alias-chaverra-presunto-integrante-de-una-subestructura-al-servicio-del-clan-del-golfo-en-cartagena\/#primaryimage"},"thumbnailUrl":"https:\/\/www.fiscalia.gov.co\/colombia\/wp-content\/uploads\/Foto-boletin-30-de-enero-Clan-del-Golfo-Chaverra-1024x572.jpeg","keywords":["Cartagena","Cartagena (Bol\u00edvar)","Clan del Golfo","Concierto para delinquir","Fiscal\u00eda Colombia","Fiscal\u00eda General de la Naci\u00f3n","Polic\u00eda Nacional","prisi\u00f3n","Tr\u00e1fico de estupefacientes"],"articleSection":["Noticias","Seccional Cartagena","Seccionales","Seguridad territorial"],"inLanguage":"es-CO"},{"@type":"WebPage","@id":"https:\/\/www.fiscalia.gov.co\/colombia\/noticias\/a-prision-fue-enviado-alias-chaverra-presunto-integrante-de-una-subestructura-al-servicio-del-clan-del-golfo-en-cartagena\/","url":"https:\/\/www.fiscalia.gov.co\/colombia\/noticias\/a-prision-fue-enviado-alias-chaverra-presunto-integrante-de-una-subestructura-al-servicio-del-clan-del-golfo-en-cartagena\/","name":"Fiscal\u00eda General de la Naci\u00f3n","isPartOf":{"@id":"https:\/\/www.fiscalia.gov.co\/colombia\/#website"},"primaryImageOfPage":{"@id":"https:\/\/www.fiscalia.gov.co\/colombia\/noticias\/a-prision-fue-enviado-alias-chaverra-presunto-integrante-de-una-subestructura-al-servicio-del-clan-del-golfo-en-cartagena\/#primaryimage"},"image":{"@id":"https:\/\/www.fiscalia.gov.co\/colombia\/noticias\/a-prision-fue-enviado-alias-chaverra-presunto-integrante-de-una-subestructura-al-servicio-del-clan-del-golfo-en-cartagena\/#primaryimage"},"thumbnailUrl":"https:\/\/www.fiscalia.gov.co\/colombia\/wp-content\/uploads\/Foto-boletin-30-de-enero-Clan-del-Golfo-Chaverra-1024x572.jpeg","datePublished":"2023-01-30T16:54:47+00:00","dateModified":"2023-02-07T14:44:16+00:00","description":"P\u00e1gina oficial de la Fiscal\u00eda General de la Naci\u00f3n \u2013 Colombia. Garantizamos el acceso efectivo a la justicia, la verdad y la reparaci\u00f3n de las v\u00edctimas de los delitos.","breadcrumb":{"@id":"https:\/\/www.fiscalia.gov.co\/colombia\/noticias\/a-prision-fue-enviado-alias-chaverra-presunto-integrante-de-una-subestructura-al-servicio-del-clan-del-golfo-en-cartagena\/#breadcrumb"},"inLanguage":"es-CO","potentialAction":[{"@type":"ReadAction","target":["https:\/\/www.fiscalia.gov.co\/colombia\/noticias\/a-prision-fue-enviado-alias-chaverra-presunto-integrante-de-una-subestructura-al-servicio-del-clan-del-golfo-en-cartagena\/"]}]},{"@type":"ImageObject","inLanguage":"es-CO","@id":"https:\/\/www.fiscalia.gov.co\/colombia\/noticias\/a-prision-fue-enviado-alias-chaverra-presunto-integrante-de-una-subestructura-al-servicio-del-clan-del-golfo-en-cartagena\/#primaryimage","url":"https:\/\/www.fiscalia.gov.co\/colombia\/wp-content\/uploads\/Foto-boletin-30-de-enero-Clan-del-Golfo-Chaverra-1024x572.jpeg","contentUrl":"https:\/\/www.fiscalia.gov.co\/colombia\/wp-content\/uploads\/Foto-boletin-30-de-enero-Clan-del-Golfo-Chaverra-1024x572.jpeg"},{"@type":"BreadcrumbList","@id":"https:\/\/www.fiscalia.gov.co\/colombia\/noticias\/a-prision-fue-enviado-alias-chaverra-presunto-integrante-de-una-subestructura-al-servicio-del-clan-del-golfo-en-cartagena\/#breadcrumb","itemListElement":[{"@type":"ListItem","position":1,"name":"Home","item":"https:\/\/www.fiscalia.gov.co\/colombia\/"},{"@type":"ListItem","position":2,"name":"A prisi\u00f3n fue enviado alias Chaverra, presunto integrante de una subestructura al servicio del Clan del Golfo en Cartagena"}]},{"@type":"WebSite","@id":"https:\/\/www.fiscalia.gov.co\/colombia\/#website","url":"https:\/\/www.fiscalia.gov.co\/colombia\/","name":"Fiscal\u00eda General de la Naci\u00f3n","description":"P\u00e1gina oficial de la Fiscal\u00eda General de la Naci\u00f3n \u2013 Colombia. Garantizamos el acceso efectivo a la justicia, la verdad y la reparaci\u00f3n de las v\u00edctimas de los delitos.","publisher":{"@id":"https:\/\/www.fiscalia.gov.co\/colombia\/#organization"},"potentialAction":[{"@type":"SearchAction","target":{"@type":"EntryPoint","urlTemplate":"https:\/\/www.fiscalia.gov.co\/colombia\/?s={search_term_string}"},"query-input":{"@type":"PropertyValueSpecification","valueRequired":true,"valueName":"search_term_string"}}],"inLanguage":"es-CO"},{"@type":"Organization","@id":"https:\/\/www.fiscalia.gov.co\/colombia\/#organization","name":"Fiscal\u00eda General de la Naci\u00f3n","url":"https:\/\/www.fiscalia.gov.co\/colombia\/","logo":{"@type":"ImageObject","inLanguage":"es-CO","@id":"https:\/\/www.fiscalia.gov.co\/colombia\/#\/schema\/logo\/image\/","url":"https:\/\/www.fiscalia.gov.co\/colombia\/wp-content\/uploads\/LogoHorizontal_1.jpg","contentUrl":"https:\/\/www.fiscalia.gov.co\/colombia\/wp-content\/uploads\/LogoHorizontal_1.jpg","width":300,"height":90,"caption":"Fiscal\u00eda General de la Naci\u00f3n"},"image":{"@id":"https:\/\/www.fiscalia.gov.co\/colombia\/#\/schema\/logo\/image\/"},"sameAs":["https:\/\/www.facebook.com\/FiscaliaCol","https:\/\/x.com\/FiscaliaCol","https:\/\/www.instagram.com\/fiscaliacol","https:\/\/www.linkedin.com\/company\/fiscalia-general-de-la-naci-n\/","https:\/\/youtube.com\/@fiscaliageneraldelanacion-4668?si=6nN79nyQICPU5iTh"]},{"@type":"Person","@id":"https:\/\/www.fiscalia.gov.co\/colombia\/#\/schema\/person\/bf84402cf293a5393e9c70b111020b24","name":"Jordan Leandro Oviedo Anzola","image":{"@type":"ImageObject","inLanguage":"es-CO","@id":"https:\/\/www.fiscalia.gov.co\/colombia\/#\/schema\/person\/image\/","url":"https:\/\/secure.gravatar.com\/avatar\/dabba4346fa9b9207d96adafa8f92721?s=96&d=mm&r=g","contentUrl":"https:\/\/secure.gravatar.com\/avatar\/dabba4346fa9b9207d96adafa8f92721?s=96&d=mm&r=g","caption":"Jordan Leandro Oviedo Anzola"},"url":"https:\/\/www.fiscalia.gov.co\/colombia\/author\/joviedo\/"}]}},"_links":{"self":[{"href":"https:\/\/www.fiscalia.gov.co\/colombia\/wp-json\/wp\/v2\/posts\/264968","targetHints":{"allow":["GET"]}}],"collection":[{"href":"https:\/\/www.fiscalia.gov.co\/colombia\/wp-json\/wp\/v2\/posts"}],"about":[{"href":"https:\/\/www.fiscalia.gov.co\/colombia\/wp-json\/wp\/v2\/types\/post"}],"author":[{"embeddable":true,"href":"https:\/\/www.fiscalia.gov.co\/colombia\/wp-json\/wp\/v2\/users\/177"}],"replies":[{"embeddable":true,"href":"https:\/\/www.fiscalia.gov.co\/colombia\/wp-json\/wp\/v2\/comments?post=264968"}],"version-history":[{"count":3,"href":"https:\/\/www.fiscalia.gov.co\/colombia\/wp-json\/wp\/v2\/posts\/264968\/revisions"}],"predecessor-version":[{"id":265855,"href":"https:\/\/www.fiscalia.gov.co\/colombia\/wp-json\/wp\/v2\/posts\/264968\/revisions\/265855"}],"wp:attachment":[{"href":"https:\/\/www.fiscalia.gov.co\/colombia\/wp-json\/wp\/v2\/media?parent=264968"}],"wp:term":[{"taxonomy":"category","embeddable":true,"href":"https:\/\/www.fiscalia.gov.co\/colombia\/wp-json\/wp\/v2\/categories?post=264968"},{"taxonomy":"post_tag","embeddable":true,"href":"https:\/\/www.fiscalia.gov.co\/colombia\/wp-json\/wp\/v2\/tags?post=264968"}],"curies":[{"name":"wp","href":"https:\/\/api.w.org\/{rel}","templated":true}]}}