{"id":264929,"date":"2023-01-29T10:28:44","date_gmt":"2023-01-29T15:28:44","guid":{"rendered":"https:\/\/www.fiscalia.gov.co\/colombia\/?p=264929"},"modified":"2023-01-29T10:28:44","modified_gmt":"2023-01-29T15:28:44","slug":"a-prision-dos-hombres-por-delitos-sexuales-contra-una-menor-en-atlantico","status":"publish","type":"post","link":"https:\/\/www.fiscalia.gov.co\/colombia\/noticias\/a-prision-dos-hombres-por-delitos-sexuales-contra-una-menor-en-atlantico\/","title":{"rendered":"A prisi\u00f3n dos hombres por delitos sexuales contra una menor en Atl\u00e1ntico"},"content":{"rendered":"<h4><strong><em>Uno de los judicializados es t\u00edo de la v\u00edctima y el otro su primo. Los investigados mediante la Ley 600 fueron capturados por el CTI de la Fiscal\u00eda.<\/em><\/strong><\/h4>\n<p>La Fiscal\u00eda General de la Naci\u00f3n escuch\u00f3 en indagatoria a dos hombres se\u00f1alados por los delitos de acceso carnal violento en circunstancias de agravaci\u00f3n, en desarrollo de la investigaci\u00f3n que se les adelanta mediante la Ley 600 de 2000.<\/p>\n<p>Los hechos ocurrieron en el municipio de Sabanalarga entre 2004 y 2011, tiempo en el que la menor estuvo bajo el cuidado del t\u00edo pol\u00edtico y su primo. De acuerdo con la denuncia de la v\u00edctima el acceso carnal violento vendr\u00eda cometi\u00e9ndose desde que ten\u00eda 6 a\u00f1os.<\/p>\n<p>La menor de edad no s\u00f3lo fue v\u00edctima de agresi\u00f3n sexual en varias ocasiones, sino tambi\u00e9n psicol\u00f3gica; al parecer, era amenazada por parte de los implicados que le dec\u00edan que la iban a dejar en manos del Bienestar Familiar para que le buscaran un hogar sustituto, que grabar\u00edan los abusos y los divulgar\u00edan.<\/p>\n<p>Luego de la indagatoria, el fiscal del caso resolvi\u00f3 su situaci\u00f3n jur\u00eddica imponi\u00e9ndoles medida de aseguramiento en centro de reclusi\u00f3n y les orden\u00f3 la captura.<\/p>\n<p>Servidores del Cuerpo T\u00e9cnico de Investigaci\u00f3n (CTI), capturaron a los implicados en operativos simult\u00e1neos los municipios de Usiaur\u00ed (Atl\u00e1ntico) y San Marcos (Sucre), respectivamente el pasado 20 de enero.<\/p>\n<p>La Fiscal\u00eda hace p\u00fablica esta informaci\u00f3n por razones de inter\u00e9s general.<\/p>\n<p><strong>La Fiscal\u00eda habla con resultados.<\/strong><\/p>\n<p>&nbsp;<\/p>\n<p>&nbsp;<\/p>\n<p>&nbsp;<\/p>\n<p>&nbsp;<\/p>\n<p>&nbsp;<\/p>\n<p>SKCR\/LYBT\/OHC\/JHM\/DSA\/MCR<\/p>\n<p>&nbsp;<\/p>\n<p>&nbsp;<\/p>\n<p>&nbsp;<\/p>\n<p>&nbsp;<\/p>\n<p>&nbsp;<\/p>\n<div class=\"td-post-content tagdiv-type\">\n<div class=\"td-post-content tagdiv-type\">\n<div class=\"td-post-content tagdiv-type\">\n<div class=\"td-post-content tagdiv-type\">\n<div class=\"td-post-content tagdiv-type\">\n<div class=\"td-post-content tagdiv-type\">\n<div class=\"td-post-content tagdiv-type\">\n<div class=\"td-post-content tagdiv-type\">\n<div class=\"td-post-content tagdiv-type\">\n<div class=\"td-post-content tagdiv-type\">\n<div class=\"td-post-content tagdiv-type\">\n<p><em><span lang=\"ES\">La informaci\u00f3n contenida en este bolet\u00edn de prensa corresponde a la narraci\u00f3n de los hechos noticiosos objetivos, suministrados por los funcionarios encargados de adelantar las investigaciones penales al interior de la Fiscal\u00eda General de la Naci\u00f3n. Para el momento de la divulgaci\u00f3n de este comunicado, la situaci\u00f3n jur\u00eddica de la(s) persona(s) relacionada(s) se encuentra pendiente de resolver por la autoridad judicial competente, siempre bajo los preceptos de la presunci\u00f3n de inocencia, consagrados en el art\u00edculo 29 de la Constituci\u00f3n Pol\u00edtica y el art\u00edculo 7\u00ba de la Ley 906 de 2004.<\/span><\/em><\/p>\n<\/div>\n<\/div>\n<\/div>\n<\/div>\n<\/div>\n<\/div>\n<\/div>\n<\/div>\n<\/div>\n<\/div>\n<\/div>\n\n<div class=\"twitter-share\"><a href=\"https:\/\/twitter.com\/intent\/tweet?via=fiscaliacol\" class=\"twitter-share-button\">Tweet<\/a><\/div>\n","protected":false},"excerpt":{"rendered":"<p>Uno de los judicializados es t\u00edo de la v\u00edctima y el otro su primo. Los investigados mediante la Ley 600 fueron capturados por el CTI de la Fiscal\u00eda. La Fiscal\u00eda General de la Naci\u00f3n escuch\u00f3 en indagatoria a dos hombres se\u00f1alados por los delitos de acceso carnal violento en circunstancias de agravaci\u00f3n, en desarrollo de [&hellip;]<\/p>\n","protected":false},"author":177,"featured_media":0,"comment_status":"closed","ping_status":"open","sticky":false,"template":"","format":"standard","meta":{"_price":"","_stock":"","_tribe_ticket_header":"","_tribe_default_ticket_provider":"","_tribe_ticket_capacity":"0","_ticket_start_date":"","_ticket_end_date":"","_tribe_ticket_show_description":"","_tribe_ticket_show_not_going":false,"_tribe_ticket_use_global_stock":"","_tribe_ticket_global_stock_level":"","_global_stock_mode":"","_global_stock_cap":"","_tribe_rsvp_for_event":"","_tribe_ticket_going_count":"","_tribe_ticket_not_going_count":"","_tribe_tickets_list":"[]","_tribe_ticket_has_attendee_info_fields":false,"tdm_status":"","tdm_grid_status":"","footnotes":""},"categories":[1,320,303,24127],"tags":[801,23982,2369,24185,1047],"class_list":{"0":"post-264929","1":"post","2":"type-post","3":"status-publish","4":"format-standard","6":"category-noticias","7":"category-seccional-barranquilla","8":"category-seccionales","9":"category-violencia-sexual-e-intrafamiliar","10":"tag-abuso-sexual","11":"tag-barranquilla-atlantico","12":"tag-de4litos-sexuales","13":"tag-fiscal-barbosa","14":"tag-fiscalia-general-de-la-nacion"},"yoast_head":"<!-- This site is optimized with the Yoast SEO plugin v24.3 - https:\/\/yoast.com\/wordpress\/plugins\/seo\/ -->\n<title>Fiscal\u00eda General de la Naci\u00f3n<\/title>\n<meta name=\"description\" content=\"P\u00e1gina oficial de la Fiscal\u00eda General de la Naci\u00f3n \u2013 Colombia. Garantizamos el acceso efectivo a la justicia, la verdad y la reparaci\u00f3n de las v\u00edctimas de los delitos.\" \/>\n<meta name=\"robots\" content=\"noindex, follow\" \/>\n<meta property=\"og:locale\" content=\"es_ES\" \/>\n<meta property=\"og:type\" content=\"article\" \/>\n<meta property=\"og:title\" content=\"Fiscal\u00eda General de la Naci\u00f3n\" \/>\n<meta property=\"og:description\" content=\"P\u00e1gina oficial de la Fiscal\u00eda General de la Naci\u00f3n \u2013 Colombia. Garantizamos el acceso efectivo a la justicia, la verdad y la reparaci\u00f3n de las v\u00edctimas de los delitos.\" \/>\n<meta property=\"og:url\" content=\"https:\/\/www.fiscalia.gov.co\/colombia\/noticias\/a-prision-dos-hombres-por-delitos-sexuales-contra-una-menor-en-atlantico\/\" \/>\n<meta property=\"og:site_name\" content=\"Fiscal\u00eda General de la Naci\u00f3n\" \/>\n<meta property=\"article:publisher\" content=\"https:\/\/www.facebook.com\/FiscaliaCol\" \/>\n<meta property=\"article:published_time\" content=\"2023-01-29T15:28:44+00:00\" \/>\n<meta name=\"author\" content=\"Jordan Leandro Oviedo Anzola\" \/>\n<meta name=\"twitter:card\" content=\"summary_large_image\" \/>\n<meta name=\"twitter:creator\" content=\"@FiscaliaCol\" \/>\n<meta name=\"twitter:site\" content=\"@FiscaliaCol\" \/>\n<meta name=\"twitter:label1\" content=\"Escrito por\" \/>\n\t<meta name=\"twitter:data1\" content=\"Jordan Leandro Oviedo Anzola\" \/>\n\t<meta name=\"twitter:label2\" content=\"Tiempo de lectura\" \/>\n\t<meta name=\"twitter:data2\" content=\"2 minutos\" \/>\n<script type=\"application\/ld+json\" class=\"yoast-schema-graph\">{\"@context\":\"https:\/\/schema.org\",\"@graph\":[{\"@type\":\"Article\",\"@id\":\"https:\/\/www.fiscalia.gov.co\/colombia\/noticias\/a-prision-dos-hombres-por-delitos-sexuales-contra-una-menor-en-atlantico\/#article\",\"isPartOf\":{\"@id\":\"https:\/\/www.fiscalia.gov.co\/colombia\/noticias\/a-prision-dos-hombres-por-delitos-sexuales-contra-una-menor-en-atlantico\/\"},\"author\":{\"name\":\"Jordan Leandro Oviedo Anzola\",\"@id\":\"https:\/\/www.fiscalia.gov.co\/colombia\/#\/schema\/person\/bf84402cf293a5393e9c70b111020b24\"},\"headline\":\"A prisi\u00f3n dos hombres por delitos sexuales contra una menor en Atl\u00e1ntico\",\"datePublished\":\"2023-01-29T15:28:44+00:00\",\"dateModified\":\"2023-01-29T15:28:44+00:00\",\"mainEntityOfPage\":{\"@id\":\"https:\/\/www.fiscalia.gov.co\/colombia\/noticias\/a-prision-dos-hombres-por-delitos-sexuales-contra-una-menor-en-atlantico\/\"},\"wordCount\":398,\"publisher\":{\"@id\":\"https:\/\/www.fiscalia.gov.co\/colombia\/#organization\"},\"keywords\":[\"Abuso sexual\",\"Barranquilla (Atl\u00e1ntico)\",\"Delitos sexuales\",\"Fiscal Barbosa\",\"Fiscal\u00eda General de la Naci\u00f3n\"],\"articleSection\":[\"Noticias\",\"Seccional Barranquilla\",\"Seccionales\",\"Violencia sexual e intrafamiliar\"],\"inLanguage\":\"es-CO\"},{\"@type\":\"WebPage\",\"@id\":\"https:\/\/www.fiscalia.gov.co\/colombia\/noticias\/a-prision-dos-hombres-por-delitos-sexuales-contra-una-menor-en-atlantico\/\",\"url\":\"https:\/\/www.fiscalia.gov.co\/colombia\/noticias\/a-prision-dos-hombres-por-delitos-sexuales-contra-una-menor-en-atlantico\/\",\"name\":\"Fiscal\u00eda General de la Naci\u00f3n\",\"isPartOf\":{\"@id\":\"https:\/\/www.fiscalia.gov.co\/colombia\/#website\"},\"datePublished\":\"2023-01-29T15:28:44+00:00\",\"dateModified\":\"2023-01-29T15:28:44+00:00\",\"description\":\"P\u00e1gina oficial de la Fiscal\u00eda General de la Naci\u00f3n \u2013 Colombia. Garantizamos el acceso efectivo a la justicia, la verdad y la reparaci\u00f3n de las v\u00edctimas de los delitos.\",\"breadcrumb\":{\"@id\":\"https:\/\/www.fiscalia.gov.co\/colombia\/noticias\/a-prision-dos-hombres-por-delitos-sexuales-contra-una-menor-en-atlantico\/#breadcrumb\"},\"inLanguage\":\"es-CO\",\"potentialAction\":[{\"@type\":\"ReadAction\",\"target\":[\"https:\/\/www.fiscalia.gov.co\/colombia\/noticias\/a-prision-dos-hombres-por-delitos-sexuales-contra-una-menor-en-atlantico\/\"]}]},{\"@type\":\"BreadcrumbList\",\"@id\":\"https:\/\/www.fiscalia.gov.co\/colombia\/noticias\/a-prision-dos-hombres-por-delitos-sexuales-contra-una-menor-en-atlantico\/#breadcrumb\",\"itemListElement\":[{\"@type\":\"ListItem\",\"position\":1,\"name\":\"Home\",\"item\":\"https:\/\/www.fiscalia.gov.co\/colombia\/\"},{\"@type\":\"ListItem\",\"position\":2,\"name\":\"A prisi\u00f3n dos hombres por delitos sexuales contra una menor en Atl\u00e1ntico\"}]},{\"@type\":\"WebSite\",\"@id\":\"https:\/\/www.fiscalia.gov.co\/colombia\/#website\",\"url\":\"https:\/\/www.fiscalia.gov.co\/colombia\/\",\"name\":\"Fiscal\u00eda General de la Naci\u00f3n\",\"description\":\"P\u00e1gina oficial de la Fiscal\u00eda General de la Naci\u00f3n \u2013 Colombia. Garantizamos el acceso efectivo a la justicia, la verdad y la reparaci\u00f3n de las v\u00edctimas de los delitos.\",\"publisher\":{\"@id\":\"https:\/\/www.fiscalia.gov.co\/colombia\/#organization\"},\"potentialAction\":[{\"@type\":\"SearchAction\",\"target\":{\"@type\":\"EntryPoint\",\"urlTemplate\":\"https:\/\/www.fiscalia.gov.co\/colombia\/?s={search_term_string}\"},\"query-input\":{\"@type\":\"PropertyValueSpecification\",\"valueRequired\":true,\"valueName\":\"search_term_string\"}}],\"inLanguage\":\"es-CO\"},{\"@type\":\"Organization\",\"@id\":\"https:\/\/www.fiscalia.gov.co\/colombia\/#organization\",\"name\":\"Fiscal\u00eda General de la Naci\u00f3n\",\"url\":\"https:\/\/www.fiscalia.gov.co\/colombia\/\",\"logo\":{\"@type\":\"ImageObject\",\"inLanguage\":\"es-CO\",\"@id\":\"https:\/\/www.fiscalia.gov.co\/colombia\/#\/schema\/logo\/image\/\",\"url\":\"https:\/\/www.fiscalia.gov.co\/colombia\/wp-content\/uploads\/LogoHorizontal_1.jpg\",\"contentUrl\":\"https:\/\/www.fiscalia.gov.co\/colombia\/wp-content\/uploads\/LogoHorizontal_1.jpg\",\"width\":300,\"height\":90,\"caption\":\"Fiscal\u00eda General de la Naci\u00f3n\"},\"image\":{\"@id\":\"https:\/\/www.fiscalia.gov.co\/colombia\/#\/schema\/logo\/image\/\"},\"sameAs\":[\"https:\/\/www.facebook.com\/FiscaliaCol\",\"https:\/\/x.com\/FiscaliaCol\",\"https:\/\/www.instagram.com\/fiscaliacol\",\"https:\/\/www.linkedin.com\/company\/fiscalia-general-de-la-naci-n\/\",\"https:\/\/youtube.com\/@fiscaliageneraldelanacion-4668?si=6nN79nyQICPU5iTh\"]},{\"@type\":\"Person\",\"@id\":\"https:\/\/www.fiscalia.gov.co\/colombia\/#\/schema\/person\/bf84402cf293a5393e9c70b111020b24\",\"name\":\"Jordan Leandro Oviedo Anzola\",\"image\":{\"@type\":\"ImageObject\",\"inLanguage\":\"es-CO\",\"@id\":\"https:\/\/www.fiscalia.gov.co\/colombia\/#\/schema\/person\/image\/\",\"url\":\"https:\/\/secure.gravatar.com\/avatar\/dabba4346fa9b9207d96adafa8f92721?s=96&d=mm&r=g\",\"contentUrl\":\"https:\/\/secure.gravatar.com\/avatar\/dabba4346fa9b9207d96adafa8f92721?s=96&d=mm&r=g\",\"caption\":\"Jordan Leandro Oviedo Anzola\"},\"url\":\"https:\/\/www.fiscalia.gov.co\/colombia\/author\/joviedo\/\"}]}<\/script>\n<!-- \/ Yoast SEO plugin. -->","yoast_head_json":{"title":"Fiscal\u00eda General de la Naci\u00f3n","description":"P\u00e1gina oficial de la Fiscal\u00eda General de la Naci\u00f3n \u2013 Colombia. Garantizamos el acceso efectivo a la justicia, la verdad y la reparaci\u00f3n de las v\u00edctimas de los delitos.","robots":{"index":"noindex","follow":"follow"},"og_locale":"es_ES","og_type":"article","og_title":"Fiscal\u00eda General de la Naci\u00f3n","og_description":"P\u00e1gina oficial de la Fiscal\u00eda General de la Naci\u00f3n \u2013 Colombia. Garantizamos el acceso efectivo a la justicia, la verdad y la reparaci\u00f3n de las v\u00edctimas de los delitos.","og_url":"https:\/\/www.fiscalia.gov.co\/colombia\/noticias\/a-prision-dos-hombres-por-delitos-sexuales-contra-una-menor-en-atlantico\/","og_site_name":"Fiscal\u00eda General de la Naci\u00f3n","article_publisher":"https:\/\/www.facebook.com\/FiscaliaCol","article_published_time":"2023-01-29T15:28:44+00:00","author":"Jordan Leandro Oviedo Anzola","twitter_card":"summary_large_image","twitter_creator":"@FiscaliaCol","twitter_site":"@FiscaliaCol","twitter_misc":{"Escrito por":"Jordan Leandro Oviedo Anzola","Tiempo de lectura":"2 minutos"},"schema":{"@context":"https:\/\/schema.org","@graph":[{"@type":"Article","@id":"https:\/\/www.fiscalia.gov.co\/colombia\/noticias\/a-prision-dos-hombres-por-delitos-sexuales-contra-una-menor-en-atlantico\/#article","isPartOf":{"@id":"https:\/\/www.fiscalia.gov.co\/colombia\/noticias\/a-prision-dos-hombres-por-delitos-sexuales-contra-una-menor-en-atlantico\/"},"author":{"name":"Jordan Leandro Oviedo Anzola","@id":"https:\/\/www.fiscalia.gov.co\/colombia\/#\/schema\/person\/bf84402cf293a5393e9c70b111020b24"},"headline":"A prisi\u00f3n dos hombres por delitos sexuales contra una menor en Atl\u00e1ntico","datePublished":"2023-01-29T15:28:44+00:00","dateModified":"2023-01-29T15:28:44+00:00","mainEntityOfPage":{"@id":"https:\/\/www.fiscalia.gov.co\/colombia\/noticias\/a-prision-dos-hombres-por-delitos-sexuales-contra-una-menor-en-atlantico\/"},"wordCount":398,"publisher":{"@id":"https:\/\/www.fiscalia.gov.co\/colombia\/#organization"},"keywords":["Abuso sexual","Barranquilla (Atl\u00e1ntico)","Delitos sexuales","Fiscal Barbosa","Fiscal\u00eda General de la Naci\u00f3n"],"articleSection":["Noticias","Seccional Barranquilla","Seccionales","Violencia sexual e intrafamiliar"],"inLanguage":"es-CO"},{"@type":"WebPage","@id":"https:\/\/www.fiscalia.gov.co\/colombia\/noticias\/a-prision-dos-hombres-por-delitos-sexuales-contra-una-menor-en-atlantico\/","url":"https:\/\/www.fiscalia.gov.co\/colombia\/noticias\/a-prision-dos-hombres-por-delitos-sexuales-contra-una-menor-en-atlantico\/","name":"Fiscal\u00eda General de la Naci\u00f3n","isPartOf":{"@id":"https:\/\/www.fiscalia.gov.co\/colombia\/#website"},"datePublished":"2023-01-29T15:28:44+00:00","dateModified":"2023-01-29T15:28:44+00:00","description":"P\u00e1gina oficial de la Fiscal\u00eda General de la Naci\u00f3n \u2013 Colombia. Garantizamos el acceso efectivo a la justicia, la verdad y la reparaci\u00f3n de las v\u00edctimas de los delitos.","breadcrumb":{"@id":"https:\/\/www.fiscalia.gov.co\/colombia\/noticias\/a-prision-dos-hombres-por-delitos-sexuales-contra-una-menor-en-atlantico\/#breadcrumb"},"inLanguage":"es-CO","potentialAction":[{"@type":"ReadAction","target":["https:\/\/www.fiscalia.gov.co\/colombia\/noticias\/a-prision-dos-hombres-por-delitos-sexuales-contra-una-menor-en-atlantico\/"]}]},{"@type":"BreadcrumbList","@id":"https:\/\/www.fiscalia.gov.co\/colombia\/noticias\/a-prision-dos-hombres-por-delitos-sexuales-contra-una-menor-en-atlantico\/#breadcrumb","itemListElement":[{"@type":"ListItem","position":1,"name":"Home","item":"https:\/\/www.fiscalia.gov.co\/colombia\/"},{"@type":"ListItem","position":2,"name":"A prisi\u00f3n dos hombres por delitos sexuales contra una menor en Atl\u00e1ntico"}]},{"@type":"WebSite","@id":"https:\/\/www.fiscalia.gov.co\/colombia\/#website","url":"https:\/\/www.fiscalia.gov.co\/colombia\/","name":"Fiscal\u00eda General de la Naci\u00f3n","description":"P\u00e1gina oficial de la Fiscal\u00eda General de la Naci\u00f3n \u2013 Colombia. Garantizamos el acceso efectivo a la justicia, la verdad y la reparaci\u00f3n de las v\u00edctimas de los delitos.","publisher":{"@id":"https:\/\/www.fiscalia.gov.co\/colombia\/#organization"},"potentialAction":[{"@type":"SearchAction","target":{"@type":"EntryPoint","urlTemplate":"https:\/\/www.fiscalia.gov.co\/colombia\/?s={search_term_string}"},"query-input":{"@type":"PropertyValueSpecification","valueRequired":true,"valueName":"search_term_string"}}],"inLanguage":"es-CO"},{"@type":"Organization","@id":"https:\/\/www.fiscalia.gov.co\/colombia\/#organization","name":"Fiscal\u00eda General de la Naci\u00f3n","url":"https:\/\/www.fiscalia.gov.co\/colombia\/","logo":{"@type":"ImageObject","inLanguage":"es-CO","@id":"https:\/\/www.fiscalia.gov.co\/colombia\/#\/schema\/logo\/image\/","url":"https:\/\/www.fiscalia.gov.co\/colombia\/wp-content\/uploads\/LogoHorizontal_1.jpg","contentUrl":"https:\/\/www.fiscalia.gov.co\/colombia\/wp-content\/uploads\/LogoHorizontal_1.jpg","width":300,"height":90,"caption":"Fiscal\u00eda General de la Naci\u00f3n"},"image":{"@id":"https:\/\/www.fiscalia.gov.co\/colombia\/#\/schema\/logo\/image\/"},"sameAs":["https:\/\/www.facebook.com\/FiscaliaCol","https:\/\/x.com\/FiscaliaCol","https:\/\/www.instagram.com\/fiscaliacol","https:\/\/www.linkedin.com\/company\/fiscalia-general-de-la-naci-n\/","https:\/\/youtube.com\/@fiscaliageneraldelanacion-4668?si=6nN79nyQICPU5iTh"]},{"@type":"Person","@id":"https:\/\/www.fiscalia.gov.co\/colombia\/#\/schema\/person\/bf84402cf293a5393e9c70b111020b24","name":"Jordan Leandro Oviedo Anzola","image":{"@type":"ImageObject","inLanguage":"es-CO","@id":"https:\/\/www.fiscalia.gov.co\/colombia\/#\/schema\/person\/image\/","url":"https:\/\/secure.gravatar.com\/avatar\/dabba4346fa9b9207d96adafa8f92721?s=96&d=mm&r=g","contentUrl":"https:\/\/secure.gravatar.com\/avatar\/dabba4346fa9b9207d96adafa8f92721?s=96&d=mm&r=g","caption":"Jordan Leandro Oviedo Anzola"},"url":"https:\/\/www.fiscalia.gov.co\/colombia\/author\/joviedo\/"}]}},"_links":{"self":[{"href":"https:\/\/www.fiscalia.gov.co\/colombia\/wp-json\/wp\/v2\/posts\/264929","targetHints":{"allow":["GET"]}}],"collection":[{"href":"https:\/\/www.fiscalia.gov.co\/colombia\/wp-json\/wp\/v2\/posts"}],"about":[{"href":"https:\/\/www.fiscalia.gov.co\/colombia\/wp-json\/wp\/v2\/types\/post"}],"author":[{"embeddable":true,"href":"https:\/\/www.fiscalia.gov.co\/colombia\/wp-json\/wp\/v2\/users\/177"}],"replies":[{"embeddable":true,"href":"https:\/\/www.fiscalia.gov.co\/colombia\/wp-json\/wp\/v2\/comments?post=264929"}],"version-history":[{"count":1,"href":"https:\/\/www.fiscalia.gov.co\/colombia\/wp-json\/wp\/v2\/posts\/264929\/revisions"}],"predecessor-version":[{"id":264930,"href":"https:\/\/www.fiscalia.gov.co\/colombia\/wp-json\/wp\/v2\/posts\/264929\/revisions\/264930"}],"wp:attachment":[{"href":"https:\/\/www.fiscalia.gov.co\/colombia\/wp-json\/wp\/v2\/media?parent=264929"}],"wp:term":[{"taxonomy":"category","embeddable":true,"href":"https:\/\/www.fiscalia.gov.co\/colombia\/wp-json\/wp\/v2\/categories?post=264929"},{"taxonomy":"post_tag","embeddable":true,"href":"https:\/\/www.fiscalia.gov.co\/colombia\/wp-json\/wp\/v2\/tags?post=264929"}],"curies":[{"name":"wp","href":"https:\/\/api.w.org\/{rel}","templated":true}]}}