{"id":264884,"date":"2023-01-27T17:53:15","date_gmt":"2023-01-27T22:53:15","guid":{"rendered":"https:\/\/www.fiscalia.gov.co\/colombia\/?p=264884"},"modified":"2023-01-27T17:53:15","modified_gmt":"2023-01-27T22:53:15","slug":"privados-de-la-libertad-seis-hombres-y-un-adolescente-por-hurto-en-neiva-y-campoalegre-huila","status":"publish","type":"post","link":"https:\/\/www.fiscalia.gov.co\/colombia\/noticias\/privados-de-la-libertad-seis-hombres-y-un-adolescente-por-hurto-en-neiva-y-campoalegre-huila\/","title":{"rendered":"Privados de la libertad seis hombres y un adolescente por hurto en Neiva y Campoalegre (Huila)"},"content":{"rendered":"<p style=\"font-weight: 400;\">En los \u00faltimos d\u00edas seis hombres y un menor fueron judicializados por delitos que atentan contra la seguridad ciudadana y el patrimonio econ\u00f3mico, en hechos registrados en Neiva y Campoalegre (Huila).<\/p>\n<p style=\"font-weight: 400;\">Al acoger la solicitud de la Fiscal\u00eda, un juez de garant\u00edas les impuso medida privativa restrictiva de la libertad en centro carcelario a seis, una media de aseguramiento en lugar de residencia y una medida de internamiento preventivo.<\/p>\n<p style=\"font-weight: 400;\">Los capturados fueron acusados bajo la ley de procedimiento abreviado por su presunta responsabilidad en el delito de hurto calificado y agravado.<\/p>\n<p style=\"font-weight: 400;\"><strong>Los casos de hurto<\/strong><\/p>\n<ul>\n<li style=\"font-weight: 400;\">En un primer hecho fue judicializado Jos\u00e9 Mauricio Villarraga Castillo, quien el 23 de enero pasado, en el barrio Estadio Urdaneta de Neiva fue capturado en situaci\u00f3n de flagrancia con un computador port\u00e1til, una c\u00e1mara, aud\u00edfonos, documentos personales y otras pertenencias.<\/li>\n<\/ul>\n<p style=\"font-weight: 400;\">El imputado, momentos antes al parecer habr\u00eda roto un vidrio de un carro que estaba parqueado cerca de un hotel y que era propiedad de un extranjero, quien denunci\u00f3 que le hab\u00edan hurtado sus pertenencias, avaluadas en 6 millones de pesos.<\/p>\n<ul>\n<li style=\"font-weight: 400;\">Adrian Estivens Perdomo Tovar y Jefferson Uribe Molina fueron capturados por orden judicial tras establecer a trav\u00e9s de labores investigativas que presuntamente son coautores en un hurto en contra de un hombre.<\/li>\n<\/ul>\n<figure id=\"attachment_264885\" aria-describedby=\"caption-attachment-264885\" style=\"width: 696px\" class=\"wp-caption aligncenter\"><img loading=\"lazy\" decoding=\"async\" class=\"size-large wp-image-264885\" src=\"https:\/\/www.fiscalia.gov.co\/colombia\/wp-content\/uploads\/Jefferson-Uribe-Molina-1024x774.jpeg\" alt=\"En la fotograf\u00eda aparece un capturado, junto a personal de Ej\u00e9rcito Nacional, Polic\u00eda Nacional y  Fiscal\u00eda General de la Naci\u00f3n. En la parte posterior de la imagen se ven banners de Ej\u00e9rcito Nacional, Polic\u00eda Nacional y la Fiscal\u00eda General de la Naci\u00f3n.    \" width=\"696\" height=\"526\" srcset=\"https:\/\/www.fiscalia.gov.co\/colombia\/wp-content\/uploads\/Jefferson-Uribe-Molina-1024x774.jpeg 1024w, https:\/\/www.fiscalia.gov.co\/colombia\/wp-content\/uploads\/Jefferson-Uribe-Molina-300x227.jpeg 300w, https:\/\/www.fiscalia.gov.co\/colombia\/wp-content\/uploads\/Jefferson-Uribe-Molina-768x581.jpeg 768w, https:\/\/www.fiscalia.gov.co\/colombia\/wp-content\/uploads\/Jefferson-Uribe-Molina-696x526.jpeg 696w, https:\/\/www.fiscalia.gov.co\/colombia\/wp-content\/uploads\/Jefferson-Uribe-Molina-1068x808.jpeg 1068w, https:\/\/www.fiscalia.gov.co\/colombia\/wp-content\/uploads\/Jefferson-Uribe-Molina-555x420.jpeg 555w, https:\/\/www.fiscalia.gov.co\/colombia\/wp-content\/uploads\/Jefferson-Uribe-Molina-80x60.jpeg 80w, https:\/\/www.fiscalia.gov.co\/colombia\/wp-content\/uploads\/Jefferson-Uribe-Molina.jpeg 1190w\" sizes=\"auto, (max-width: 696px) 100vw, 696px\" \/><figcaption id=\"caption-attachment-264885\" class=\"wp-caption-text\">Uniformados del CTI en conjunto con Polic\u00eda y Ej\u00e9rcito capturaron a Jefferson Uribe Molina en el barrio Las Catleyas de Neiva.<\/figcaption><\/figure>\n<p style=\"font-weight: 400;\">Seg\u00fan los hechos, el pasado 13 de abril en el barrio La Libertad de Neiva (Huila) los hoy judicializados al parecer hicieron caer a la v\u00edctima de una bicicleta mientras la amenazaron con arma de fuego y arma blanca, hurt\u00e1ndole su bicicleta, dos celulares, y dinero en efectivo.<\/p>\n<ul>\n<li style=\"font-weight: 400;\">Otro hecho de hurto se registr\u00f3 el pasado 22 de enero en el barrio San Jose de Neiva, donde se materializ\u00f3 la captura de Brayan Stiven Valderrama Gonz\u00e1lez quien llevaba en su poder un espejo retrovisor que al parecer habr\u00eda hurtado de forma violenta del veh\u00edculo de una mujer, hurto avaluado en $2.400.000.<\/li>\n<li style=\"font-weight: 400;\">\u00a0 \u00a0Por un caso m\u00e1s, fue judicializado Albeiro Vargas Reyes, capturado por orden judicial, porque al parecer, el 18 de marzo de 2022, en el barrio la Caraguaja de Campoalegre (Huila) entr\u00f3 a la residencia de una mujer a quien intimid\u00f3 con arma blanca y le hurt\u00f3 sus pertenencias.<\/li>\n<\/ul>\n<figure id=\"attachment_264886\" aria-describedby=\"caption-attachment-264886\" style=\"width: 927px\" class=\"wp-caption aligncenter\"><img loading=\"lazy\" decoding=\"async\" class=\"size-full wp-image-264886\" src=\"https:\/\/www.fiscalia.gov.co\/colombia\/wp-content\/uploads\/Albeiro-Vargas-Reyes.jpeg\" alt=\"En la fotograf\u00eda aparece un capturado, junto a personal de Polic\u00eda Nacional y  Fiscal\u00eda General de la Naci\u00f3n. En la parte posterior de la imagen se ven banners de Polic\u00eda Nacional y la Fiscal\u00eda General de la Naci\u00f3n.  \" width=\"927\" height=\"664\" srcset=\"https:\/\/www.fiscalia.gov.co\/colombia\/wp-content\/uploads\/Albeiro-Vargas-Reyes.jpeg 927w, https:\/\/www.fiscalia.gov.co\/colombia\/wp-content\/uploads\/Albeiro-Vargas-Reyes-300x215.jpeg 300w, https:\/\/www.fiscalia.gov.co\/colombia\/wp-content\/uploads\/Albeiro-Vargas-Reyes-768x550.jpeg 768w, https:\/\/www.fiscalia.gov.co\/colombia\/wp-content\/uploads\/Albeiro-Vargas-Reyes-696x499.jpeg 696w, https:\/\/www.fiscalia.gov.co\/colombia\/wp-content\/uploads\/Albeiro-Vargas-Reyes-586x420.jpeg 586w\" sizes=\"auto, (max-width: 927px) 100vw, 927px\" \/><figcaption id=\"caption-attachment-264886\" class=\"wp-caption-text\">En Campoalegre (Huila) CTI en conjunto con la Sijin capturaron por orden judicial a Albeiro Vargas Reyes.<\/figcaption><\/figure>\n<ul>\n<li style=\"font-weight: 400;\">Por el delito de hurto calificado y lesiones personales dolosas, la Fiscal\u00eda present\u00f3 ante un juez de garant\u00edas a Jonathan Humberto Mora Culman , quien el 2 de junio del 2022, presuntamente abord\u00f3 a un se\u00f1or que iba llegando a su residencia en el barrio Miramar de la capital huilense y de\u00a0forma violenta lo agredi\u00f3 en su integridad f\u00edsica.<\/li>\n<\/ul>\n<p style=\"font-weight: 400;\">El hoy capturado, cobijado con medida de aseguramiento en lugar de residencia, le habr\u00eda causado lesiones consistentes en deformidad f\u00edsica que afecta el rostro de car\u00e1cter permanente y perturbaci\u00f3n funcional del \u00f3rgano de la visi\u00f3n a la v\u00edctima y le hurt\u00f3 100.000 pesos.<\/p>\n<ul>\n<li style=\"font-weight: 400;\">Tambi\u00e9n fue privado de la libertad Cristian Camilo D\u00edaz Vargas, por hechos de hurto en el barrio Puertas del Sol de Neiva, donde al parecer le apunt\u00f3 con un arma de fuego a un hombre y le exigi\u00f3 que le\u00a0entregara el celular, billetera y su bolso el pasado 21 de enero.\u00a0\u00a0Le fue incautada\u00a0un arma de fuego tipo rev\u00f3lver con cinco cartuchos.<\/li>\n<\/ul>\n<figure id=\"attachment_264887\" aria-describedby=\"caption-attachment-264887\" style=\"width: 696px\" class=\"wp-caption aligncenter\"><img loading=\"lazy\" decoding=\"async\" class=\"size-large wp-image-264887\" src=\"https:\/\/www.fiscalia.gov.co\/colombia\/wp-content\/uploads\/Cristian-Camilo-Diaz-Vargas-1024x676.jpeg\" alt=\"En la fotograf\u00eda aparece un capturado, junto a personal de Polic\u00eda Nacional y  Fiscal\u00eda General de la Naci\u00f3n. En la parte posterior de la imagen se ven banners de Polic\u00eda Nacional y la Fiscal\u00eda General de la Naci\u00f3n.    \" width=\"696\" height=\"459\" srcset=\"https:\/\/www.fiscalia.gov.co\/colombia\/wp-content\/uploads\/Cristian-Camilo-Diaz-Vargas-1024x676.jpeg 1024w, https:\/\/www.fiscalia.gov.co\/colombia\/wp-content\/uploads\/Cristian-Camilo-Diaz-Vargas-300x198.jpeg 300w, https:\/\/www.fiscalia.gov.co\/colombia\/wp-content\/uploads\/Cristian-Camilo-Diaz-Vargas-768x507.jpeg 768w, https:\/\/www.fiscalia.gov.co\/colombia\/wp-content\/uploads\/Cristian-Camilo-Diaz-Vargas-696x460.jpeg 696w, https:\/\/www.fiscalia.gov.co\/colombia\/wp-content\/uploads\/Cristian-Camilo-Diaz-Vargas-1068x705.jpeg 1068w, https:\/\/www.fiscalia.gov.co\/colombia\/wp-content\/uploads\/Cristian-Camilo-Diaz-Vargas-636x420.jpeg 636w, https:\/\/www.fiscalia.gov.co\/colombia\/wp-content\/uploads\/Cristian-Camilo-Diaz-Vargas.jpeg 1087w\" sizes=\"auto, (max-width: 696px) 100vw, 696px\" \/><figcaption id=\"caption-attachment-264887\" class=\"wp-caption-text\">Cristian Camilo D\u00edaz Vargas fue capturado en flagrancia tras hurtar a un hombre amenaz\u00e1ndolo con arma de fuego.<\/figcaption><\/figure>\n<ul>\n<li style=\"font-weight: 400;\">Por \u00faltimo, un menor de 17 a\u00f1os cumplir\u00e1 medida de internamiento preventivo por hechos ocurridos el 25 de enero reciente cuando, utilizando armas blancas, al parecer despoj\u00f3 de celulares, una billetera y una cadena a unas personas en el barrio Los Machines de la capital huilense.<\/li>\n<\/ul>\n<p style=\"font-weight: 400;\"><strong>La Fiscal\u00eda habla con resultados.<\/strong><\/p>\n<p>&nbsp;<\/p>\n<p>&nbsp;<\/p>\n<p>&nbsp;<\/p>\n<p>&nbsp;<\/p>\n<p style=\"font-weight: 400;\">\n<p style=\"font-weight: 400;\">LMGM\/FAGH\/DFHI\/DSH<\/p>\n<p>&nbsp;<\/p>\n<p>&nbsp;<\/p>\n<p>&nbsp;<\/p>\n<p style=\"font-weight: 400;\">\n<p style=\"font-weight: 400;\"><em>La informaci\u00f3n contenida en este bolet\u00edn de prensa corresponde a la narraci\u00f3n de los hechos noticiosos objetivos, suministrados por los funcionarios encargados de adelantar las investigaciones penales al interior de la Fiscal\u00eda General de la Naci\u00f3n. Para el momento de la divulgaci\u00f3n de este comunicado, la situaci\u00f3n jur\u00eddica de la(s) persona(s) relacionada(s) se encuentra pendiente de resolver por la autoridad judicial competente, siempre bajo los preceptos de la presunci\u00f3n de inocencia, consagrados en el art\u00edculo 29 de la Constituci\u00f3n Pol\u00edtica y el art\u00edculo 7\u00ba de la Ley 906 de 2004.\u00a0 \u00a0 \u00a0 \u00a0 \u00a0\u00a0<\/em><\/p>\n\n<div class=\"twitter-share\"><a href=\"https:\/\/twitter.com\/intent\/tweet?via=fiscaliacol\" class=\"twitter-share-button\">Tweet<\/a><\/div>\n","protected":false},"excerpt":{"rendered":"<p>En los \u00faltimos d\u00edas seis hombres y un menor fueron judicializados por delitos que atentan contra la seguridad ciudadana y el patrimonio econ\u00f3mico, en hechos registrados en Neiva y Campoalegre (Huila). Al acoger la solicitud de la Fiscal\u00eda, un juez de garant\u00edas les impuso medida privativa restrictiva de la libertad en centro carcelario a seis, [&hellip;]<\/p>\n","protected":false},"author":177,"featured_media":0,"comment_status":"closed","ping_status":"open","sticky":false,"template":"","format":"standard","meta":{"_price":"","_stock":"","_tribe_ticket_header":"","_tribe_default_ticket_provider":"","_tribe_ticket_capacity":"0","_ticket_start_date":"","_ticket_end_date":"","_tribe_ticket_show_description":"","_tribe_ticket_show_not_going":false,"_tribe_ticket_use_global_stock":"","_tribe_ticket_global_stock_level":"","_global_stock_mode":"","_global_stock_cap":"","_tribe_rsvp_for_event":"","_tribe_ticket_going_count":"","_tribe_ticket_not_going_count":"","_tribe_tickets_list":"[]","_tribe_ticket_has_attendee_info_fields":false,"tdm_status":"","tdm_grid_status":"","footnotes":""},"categories":[1,333,303,24099],"tags":[5180,12163,27614,16,23960,28012,1684,33791,23833,31720],"class_list":{"0":"post-264884","1":"post","2":"type-post","3":"status-publish","4":"format-standard","6":"category-noticias","7":"category-seccional-neiva","8":"category-seccionales","9":"category-seguridad-territorial","10":"tag-arma-blanca","11":"tag-arma-de-fuego","12":"tag-campoalegre","13":"tag-huila","14":"tag-hurto","15":"tag-hurto-violento","16":"tag-lesiones-personales","17":"tag-menor-aprehendido","18":"tag-neiva","19":"tag-neiva-huila"},"yoast_head":"<!-- This site is optimized with the Yoast SEO plugin v24.3 - https:\/\/yoast.com\/wordpress\/plugins\/seo\/ -->\n<title>Fiscal\u00eda General de la Naci\u00f3n<\/title>\n<meta name=\"description\" content=\"P\u00e1gina oficial de la Fiscal\u00eda General de la Naci\u00f3n \u2013 Colombia. Garantizamos el acceso efectivo a la justicia, la verdad y la reparaci\u00f3n de las v\u00edctimas de los delitos.\" \/>\n<meta name=\"robots\" content=\"noindex, follow\" \/>\n<meta property=\"og:locale\" content=\"es_ES\" \/>\n<meta property=\"og:type\" content=\"article\" \/>\n<meta property=\"og:title\" content=\"Fiscal\u00eda General de la Naci\u00f3n\" \/>\n<meta property=\"og:description\" content=\"P\u00e1gina oficial de la Fiscal\u00eda General de la Naci\u00f3n \u2013 Colombia. Garantizamos el acceso efectivo a la justicia, la verdad y la reparaci\u00f3n de las v\u00edctimas de los delitos.\" \/>\n<meta property=\"og:url\" content=\"https:\/\/www.fiscalia.gov.co\/colombia\/noticias\/privados-de-la-libertad-seis-hombres-y-un-adolescente-por-hurto-en-neiva-y-campoalegre-huila\/\" \/>\n<meta property=\"og:site_name\" content=\"Fiscal\u00eda General de la Naci\u00f3n\" \/>\n<meta property=\"article:publisher\" content=\"https:\/\/www.facebook.com\/FiscaliaCol\" \/>\n<meta property=\"article:published_time\" content=\"2023-01-27T22:53:15+00:00\" \/>\n<meta property=\"og:image\" content=\"https:\/\/www.fiscalia.gov.co\/colombia\/wp-content\/uploads\/Jefferson-Uribe-Molina-1024x774.jpeg\" \/>\n<meta name=\"author\" content=\"Jordan Leandro Oviedo Anzola\" \/>\n<meta name=\"twitter:card\" content=\"summary_large_image\" \/>\n<meta name=\"twitter:creator\" content=\"@FiscaliaCol\" \/>\n<meta name=\"twitter:site\" content=\"@FiscaliaCol\" \/>\n<meta name=\"twitter:label1\" content=\"Escrito por\" \/>\n\t<meta name=\"twitter:data1\" content=\"Jordan Leandro Oviedo Anzola\" \/>\n\t<meta name=\"twitter:label2\" content=\"Tiempo de lectura\" \/>\n\t<meta name=\"twitter:data2\" content=\"4 minutos\" \/>\n<script type=\"application\/ld+json\" class=\"yoast-schema-graph\">{\"@context\":\"https:\/\/schema.org\",\"@graph\":[{\"@type\":\"Article\",\"@id\":\"https:\/\/www.fiscalia.gov.co\/colombia\/noticias\/privados-de-la-libertad-seis-hombres-y-un-adolescente-por-hurto-en-neiva-y-campoalegre-huila\/#article\",\"isPartOf\":{\"@id\":\"https:\/\/www.fiscalia.gov.co\/colombia\/noticias\/privados-de-la-libertad-seis-hombres-y-un-adolescente-por-hurto-en-neiva-y-campoalegre-huila\/\"},\"author\":{\"name\":\"Jordan Leandro Oviedo Anzola\",\"@id\":\"https:\/\/www.fiscalia.gov.co\/colombia\/#\/schema\/person\/bf84402cf293a5393e9c70b111020b24\"},\"headline\":\"Privados de la libertad seis hombres y un adolescente por hurto en Neiva y Campoalegre (Huila)\",\"datePublished\":\"2023-01-27T22:53:15+00:00\",\"dateModified\":\"2023-01-27T22:53:15+00:00\",\"mainEntityOfPage\":{\"@id\":\"https:\/\/www.fiscalia.gov.co\/colombia\/noticias\/privados-de-la-libertad-seis-hombres-y-un-adolescente-por-hurto-en-neiva-y-campoalegre-huila\/\"},\"wordCount\":805,\"publisher\":{\"@id\":\"https:\/\/www.fiscalia.gov.co\/colombia\/#organization\"},\"image\":{\"@id\":\"https:\/\/www.fiscalia.gov.co\/colombia\/noticias\/privados-de-la-libertad-seis-hombres-y-un-adolescente-por-hurto-en-neiva-y-campoalegre-huila\/#primaryimage\"},\"thumbnailUrl\":\"https:\/\/www.fiscalia.gov.co\/colombia\/wp-content\/uploads\/Jefferson-Uribe-Molina-1024x774.jpeg\",\"keywords\":[\"Arma Blanca\",\"Arma de fuego\",\"Campoalegre\",\"Huila\",\"Hurto\",\"hurto violento\",\"Lesiones personales\",\"menor aprehendido\",\"Neiva\",\"Neiva (Huila)\"],\"articleSection\":[\"Noticias\",\"Seccional Neiva\",\"Seccionales\",\"Seguridad territorial\"],\"inLanguage\":\"es-CO\"},{\"@type\":\"WebPage\",\"@id\":\"https:\/\/www.fiscalia.gov.co\/colombia\/noticias\/privados-de-la-libertad-seis-hombres-y-un-adolescente-por-hurto-en-neiva-y-campoalegre-huila\/\",\"url\":\"https:\/\/www.fiscalia.gov.co\/colombia\/noticias\/privados-de-la-libertad-seis-hombres-y-un-adolescente-por-hurto-en-neiva-y-campoalegre-huila\/\",\"name\":\"Fiscal\u00eda General de la Naci\u00f3n\",\"isPartOf\":{\"@id\":\"https:\/\/www.fiscalia.gov.co\/colombia\/#website\"},\"primaryImageOfPage\":{\"@id\":\"https:\/\/www.fiscalia.gov.co\/colombia\/noticias\/privados-de-la-libertad-seis-hombres-y-un-adolescente-por-hurto-en-neiva-y-campoalegre-huila\/#primaryimage\"},\"image\":{\"@id\":\"https:\/\/www.fiscalia.gov.co\/colombia\/noticias\/privados-de-la-libertad-seis-hombres-y-un-adolescente-por-hurto-en-neiva-y-campoalegre-huila\/#primaryimage\"},\"thumbnailUrl\":\"https:\/\/www.fiscalia.gov.co\/colombia\/wp-content\/uploads\/Jefferson-Uribe-Molina-1024x774.jpeg\",\"datePublished\":\"2023-01-27T22:53:15+00:00\",\"dateModified\":\"2023-01-27T22:53:15+00:00\",\"description\":\"P\u00e1gina oficial de la Fiscal\u00eda General de la Naci\u00f3n \u2013 Colombia. Garantizamos el acceso efectivo a la justicia, la verdad y la reparaci\u00f3n de las v\u00edctimas de los delitos.\",\"breadcrumb\":{\"@id\":\"https:\/\/www.fiscalia.gov.co\/colombia\/noticias\/privados-de-la-libertad-seis-hombres-y-un-adolescente-por-hurto-en-neiva-y-campoalegre-huila\/#breadcrumb\"},\"inLanguage\":\"es-CO\",\"potentialAction\":[{\"@type\":\"ReadAction\",\"target\":[\"https:\/\/www.fiscalia.gov.co\/colombia\/noticias\/privados-de-la-libertad-seis-hombres-y-un-adolescente-por-hurto-en-neiva-y-campoalegre-huila\/\"]}]},{\"@type\":\"ImageObject\",\"inLanguage\":\"es-CO\",\"@id\":\"https:\/\/www.fiscalia.gov.co\/colombia\/noticias\/privados-de-la-libertad-seis-hombres-y-un-adolescente-por-hurto-en-neiva-y-campoalegre-huila\/#primaryimage\",\"url\":\"https:\/\/www.fiscalia.gov.co\/colombia\/wp-content\/uploads\/Jefferson-Uribe-Molina-1024x774.jpeg\",\"contentUrl\":\"https:\/\/www.fiscalia.gov.co\/colombia\/wp-content\/uploads\/Jefferson-Uribe-Molina-1024x774.jpeg\"},{\"@type\":\"BreadcrumbList\",\"@id\":\"https:\/\/www.fiscalia.gov.co\/colombia\/noticias\/privados-de-la-libertad-seis-hombres-y-un-adolescente-por-hurto-en-neiva-y-campoalegre-huila\/#breadcrumb\",\"itemListElement\":[{\"@type\":\"ListItem\",\"position\":1,\"name\":\"Home\",\"item\":\"https:\/\/www.fiscalia.gov.co\/colombia\/\"},{\"@type\":\"ListItem\",\"position\":2,\"name\":\"Privados de la libertad seis hombres y un adolescente por hurto en Neiva y Campoalegre (Huila)\"}]},{\"@type\":\"WebSite\",\"@id\":\"https:\/\/www.fiscalia.gov.co\/colombia\/#website\",\"url\":\"https:\/\/www.fiscalia.gov.co\/colombia\/\",\"name\":\"Fiscal\u00eda General de la Naci\u00f3n\",\"description\":\"P\u00e1gina oficial de la Fiscal\u00eda General de la Naci\u00f3n \u2013 Colombia. Garantizamos el acceso efectivo a la justicia, la verdad y la reparaci\u00f3n de las v\u00edctimas de los delitos.\",\"publisher\":{\"@id\":\"https:\/\/www.fiscalia.gov.co\/colombia\/#organization\"},\"potentialAction\":[{\"@type\":\"SearchAction\",\"target\":{\"@type\":\"EntryPoint\",\"urlTemplate\":\"https:\/\/www.fiscalia.gov.co\/colombia\/?s={search_term_string}\"},\"query-input\":{\"@type\":\"PropertyValueSpecification\",\"valueRequired\":true,\"valueName\":\"search_term_string\"}}],\"inLanguage\":\"es-CO\"},{\"@type\":\"Organization\",\"@id\":\"https:\/\/www.fiscalia.gov.co\/colombia\/#organization\",\"name\":\"Fiscal\u00eda General de la Naci\u00f3n\",\"url\":\"https:\/\/www.fiscalia.gov.co\/colombia\/\",\"logo\":{\"@type\":\"ImageObject\",\"inLanguage\":\"es-CO\",\"@id\":\"https:\/\/www.fiscalia.gov.co\/colombia\/#\/schema\/logo\/image\/\",\"url\":\"https:\/\/www.fiscalia.gov.co\/colombia\/wp-content\/uploads\/LogoHorizontal_1.jpg\",\"contentUrl\":\"https:\/\/www.fiscalia.gov.co\/colombia\/wp-content\/uploads\/LogoHorizontal_1.jpg\",\"width\":300,\"height\":90,\"caption\":\"Fiscal\u00eda General de la Naci\u00f3n\"},\"image\":{\"@id\":\"https:\/\/www.fiscalia.gov.co\/colombia\/#\/schema\/logo\/image\/\"},\"sameAs\":[\"https:\/\/www.facebook.com\/FiscaliaCol\",\"https:\/\/x.com\/FiscaliaCol\",\"https:\/\/www.instagram.com\/fiscaliacol\",\"https:\/\/www.linkedin.com\/company\/fiscalia-general-de-la-naci-n\/\",\"https:\/\/youtube.com\/@fiscaliageneraldelanacion-4668?si=6nN79nyQICPU5iTh\"]},{\"@type\":\"Person\",\"@id\":\"https:\/\/www.fiscalia.gov.co\/colombia\/#\/schema\/person\/bf84402cf293a5393e9c70b111020b24\",\"name\":\"Jordan Leandro Oviedo Anzola\",\"image\":{\"@type\":\"ImageObject\",\"inLanguage\":\"es-CO\",\"@id\":\"https:\/\/www.fiscalia.gov.co\/colombia\/#\/schema\/person\/image\/\",\"url\":\"https:\/\/secure.gravatar.com\/avatar\/dabba4346fa9b9207d96adafa8f92721?s=96&d=mm&r=g\",\"contentUrl\":\"https:\/\/secure.gravatar.com\/avatar\/dabba4346fa9b9207d96adafa8f92721?s=96&d=mm&r=g\",\"caption\":\"Jordan Leandro Oviedo Anzola\"},\"url\":\"https:\/\/www.fiscalia.gov.co\/colombia\/author\/joviedo\/\"}]}<\/script>\n<!-- \/ Yoast SEO plugin. -->","yoast_head_json":{"title":"Fiscal\u00eda General de la Naci\u00f3n","description":"P\u00e1gina oficial de la Fiscal\u00eda General de la Naci\u00f3n \u2013 Colombia. Garantizamos el acceso efectivo a la justicia, la verdad y la reparaci\u00f3n de las v\u00edctimas de los delitos.","robots":{"index":"noindex","follow":"follow"},"og_locale":"es_ES","og_type":"article","og_title":"Fiscal\u00eda General de la Naci\u00f3n","og_description":"P\u00e1gina oficial de la Fiscal\u00eda General de la Naci\u00f3n \u2013 Colombia. Garantizamos el acceso efectivo a la justicia, la verdad y la reparaci\u00f3n de las v\u00edctimas de los delitos.","og_url":"https:\/\/www.fiscalia.gov.co\/colombia\/noticias\/privados-de-la-libertad-seis-hombres-y-un-adolescente-por-hurto-en-neiva-y-campoalegre-huila\/","og_site_name":"Fiscal\u00eda General de la Naci\u00f3n","article_publisher":"https:\/\/www.facebook.com\/FiscaliaCol","article_published_time":"2023-01-27T22:53:15+00:00","og_image":[{"url":"https:\/\/www.fiscalia.gov.co\/colombia\/wp-content\/uploads\/Jefferson-Uribe-Molina-1024x774.jpeg","type":"","width":"","height":""}],"author":"Jordan Leandro Oviedo Anzola","twitter_card":"summary_large_image","twitter_creator":"@FiscaliaCol","twitter_site":"@FiscaliaCol","twitter_misc":{"Escrito por":"Jordan Leandro Oviedo Anzola","Tiempo de lectura":"4 minutos"},"schema":{"@context":"https:\/\/schema.org","@graph":[{"@type":"Article","@id":"https:\/\/www.fiscalia.gov.co\/colombia\/noticias\/privados-de-la-libertad-seis-hombres-y-un-adolescente-por-hurto-en-neiva-y-campoalegre-huila\/#article","isPartOf":{"@id":"https:\/\/www.fiscalia.gov.co\/colombia\/noticias\/privados-de-la-libertad-seis-hombres-y-un-adolescente-por-hurto-en-neiva-y-campoalegre-huila\/"},"author":{"name":"Jordan Leandro Oviedo Anzola","@id":"https:\/\/www.fiscalia.gov.co\/colombia\/#\/schema\/person\/bf84402cf293a5393e9c70b111020b24"},"headline":"Privados de la libertad seis hombres y un adolescente por hurto en Neiva y Campoalegre (Huila)","datePublished":"2023-01-27T22:53:15+00:00","dateModified":"2023-01-27T22:53:15+00:00","mainEntityOfPage":{"@id":"https:\/\/www.fiscalia.gov.co\/colombia\/noticias\/privados-de-la-libertad-seis-hombres-y-un-adolescente-por-hurto-en-neiva-y-campoalegre-huila\/"},"wordCount":805,"publisher":{"@id":"https:\/\/www.fiscalia.gov.co\/colombia\/#organization"},"image":{"@id":"https:\/\/www.fiscalia.gov.co\/colombia\/noticias\/privados-de-la-libertad-seis-hombres-y-un-adolescente-por-hurto-en-neiva-y-campoalegre-huila\/#primaryimage"},"thumbnailUrl":"https:\/\/www.fiscalia.gov.co\/colombia\/wp-content\/uploads\/Jefferson-Uribe-Molina-1024x774.jpeg","keywords":["Arma Blanca","Arma de fuego","Campoalegre","Huila","Hurto","hurto violento","Lesiones personales","menor aprehendido","Neiva","Neiva (Huila)"],"articleSection":["Noticias","Seccional Neiva","Seccionales","Seguridad territorial"],"inLanguage":"es-CO"},{"@type":"WebPage","@id":"https:\/\/www.fiscalia.gov.co\/colombia\/noticias\/privados-de-la-libertad-seis-hombres-y-un-adolescente-por-hurto-en-neiva-y-campoalegre-huila\/","url":"https:\/\/www.fiscalia.gov.co\/colombia\/noticias\/privados-de-la-libertad-seis-hombres-y-un-adolescente-por-hurto-en-neiva-y-campoalegre-huila\/","name":"Fiscal\u00eda General de la Naci\u00f3n","isPartOf":{"@id":"https:\/\/www.fiscalia.gov.co\/colombia\/#website"},"primaryImageOfPage":{"@id":"https:\/\/www.fiscalia.gov.co\/colombia\/noticias\/privados-de-la-libertad-seis-hombres-y-un-adolescente-por-hurto-en-neiva-y-campoalegre-huila\/#primaryimage"},"image":{"@id":"https:\/\/www.fiscalia.gov.co\/colombia\/noticias\/privados-de-la-libertad-seis-hombres-y-un-adolescente-por-hurto-en-neiva-y-campoalegre-huila\/#primaryimage"},"thumbnailUrl":"https:\/\/www.fiscalia.gov.co\/colombia\/wp-content\/uploads\/Jefferson-Uribe-Molina-1024x774.jpeg","datePublished":"2023-01-27T22:53:15+00:00","dateModified":"2023-01-27T22:53:15+00:00","description":"P\u00e1gina oficial de la Fiscal\u00eda General de la Naci\u00f3n \u2013 Colombia. Garantizamos el acceso efectivo a la justicia, la verdad y la reparaci\u00f3n de las v\u00edctimas de los delitos.","breadcrumb":{"@id":"https:\/\/www.fiscalia.gov.co\/colombia\/noticias\/privados-de-la-libertad-seis-hombres-y-un-adolescente-por-hurto-en-neiva-y-campoalegre-huila\/#breadcrumb"},"inLanguage":"es-CO","potentialAction":[{"@type":"ReadAction","target":["https:\/\/www.fiscalia.gov.co\/colombia\/noticias\/privados-de-la-libertad-seis-hombres-y-un-adolescente-por-hurto-en-neiva-y-campoalegre-huila\/"]}]},{"@type":"ImageObject","inLanguage":"es-CO","@id":"https:\/\/www.fiscalia.gov.co\/colombia\/noticias\/privados-de-la-libertad-seis-hombres-y-un-adolescente-por-hurto-en-neiva-y-campoalegre-huila\/#primaryimage","url":"https:\/\/www.fiscalia.gov.co\/colombia\/wp-content\/uploads\/Jefferson-Uribe-Molina-1024x774.jpeg","contentUrl":"https:\/\/www.fiscalia.gov.co\/colombia\/wp-content\/uploads\/Jefferson-Uribe-Molina-1024x774.jpeg"},{"@type":"BreadcrumbList","@id":"https:\/\/www.fiscalia.gov.co\/colombia\/noticias\/privados-de-la-libertad-seis-hombres-y-un-adolescente-por-hurto-en-neiva-y-campoalegre-huila\/#breadcrumb","itemListElement":[{"@type":"ListItem","position":1,"name":"Home","item":"https:\/\/www.fiscalia.gov.co\/colombia\/"},{"@type":"ListItem","position":2,"name":"Privados de la libertad seis hombres y un adolescente por hurto en Neiva y Campoalegre (Huila)"}]},{"@type":"WebSite","@id":"https:\/\/www.fiscalia.gov.co\/colombia\/#website","url":"https:\/\/www.fiscalia.gov.co\/colombia\/","name":"Fiscal\u00eda General de la Naci\u00f3n","description":"P\u00e1gina oficial de la Fiscal\u00eda General de la Naci\u00f3n \u2013 Colombia. Garantizamos el acceso efectivo a la justicia, la verdad y la reparaci\u00f3n de las v\u00edctimas de los delitos.","publisher":{"@id":"https:\/\/www.fiscalia.gov.co\/colombia\/#organization"},"potentialAction":[{"@type":"SearchAction","target":{"@type":"EntryPoint","urlTemplate":"https:\/\/www.fiscalia.gov.co\/colombia\/?s={search_term_string}"},"query-input":{"@type":"PropertyValueSpecification","valueRequired":true,"valueName":"search_term_string"}}],"inLanguage":"es-CO"},{"@type":"Organization","@id":"https:\/\/www.fiscalia.gov.co\/colombia\/#organization","name":"Fiscal\u00eda General de la Naci\u00f3n","url":"https:\/\/www.fiscalia.gov.co\/colombia\/","logo":{"@type":"ImageObject","inLanguage":"es-CO","@id":"https:\/\/www.fiscalia.gov.co\/colombia\/#\/schema\/logo\/image\/","url":"https:\/\/www.fiscalia.gov.co\/colombia\/wp-content\/uploads\/LogoHorizontal_1.jpg","contentUrl":"https:\/\/www.fiscalia.gov.co\/colombia\/wp-content\/uploads\/LogoHorizontal_1.jpg","width":300,"height":90,"caption":"Fiscal\u00eda General de la Naci\u00f3n"},"image":{"@id":"https:\/\/www.fiscalia.gov.co\/colombia\/#\/schema\/logo\/image\/"},"sameAs":["https:\/\/www.facebook.com\/FiscaliaCol","https:\/\/x.com\/FiscaliaCol","https:\/\/www.instagram.com\/fiscaliacol","https:\/\/www.linkedin.com\/company\/fiscalia-general-de-la-naci-n\/","https:\/\/youtube.com\/@fiscaliageneraldelanacion-4668?si=6nN79nyQICPU5iTh"]},{"@type":"Person","@id":"https:\/\/www.fiscalia.gov.co\/colombia\/#\/schema\/person\/bf84402cf293a5393e9c70b111020b24","name":"Jordan Leandro Oviedo Anzola","image":{"@type":"ImageObject","inLanguage":"es-CO","@id":"https:\/\/www.fiscalia.gov.co\/colombia\/#\/schema\/person\/image\/","url":"https:\/\/secure.gravatar.com\/avatar\/dabba4346fa9b9207d96adafa8f92721?s=96&d=mm&r=g","contentUrl":"https:\/\/secure.gravatar.com\/avatar\/dabba4346fa9b9207d96adafa8f92721?s=96&d=mm&r=g","caption":"Jordan Leandro Oviedo Anzola"},"url":"https:\/\/www.fiscalia.gov.co\/colombia\/author\/joviedo\/"}]}},"_links":{"self":[{"href":"https:\/\/www.fiscalia.gov.co\/colombia\/wp-json\/wp\/v2\/posts\/264884","targetHints":{"allow":["GET"]}}],"collection":[{"href":"https:\/\/www.fiscalia.gov.co\/colombia\/wp-json\/wp\/v2\/posts"}],"about":[{"href":"https:\/\/www.fiscalia.gov.co\/colombia\/wp-json\/wp\/v2\/types\/post"}],"author":[{"embeddable":true,"href":"https:\/\/www.fiscalia.gov.co\/colombia\/wp-json\/wp\/v2\/users\/177"}],"replies":[{"embeddable":true,"href":"https:\/\/www.fiscalia.gov.co\/colombia\/wp-json\/wp\/v2\/comments?post=264884"}],"version-history":[{"count":1,"href":"https:\/\/www.fiscalia.gov.co\/colombia\/wp-json\/wp\/v2\/posts\/264884\/revisions"}],"predecessor-version":[{"id":264888,"href":"https:\/\/www.fiscalia.gov.co\/colombia\/wp-json\/wp\/v2\/posts\/264884\/revisions\/264888"}],"wp:attachment":[{"href":"https:\/\/www.fiscalia.gov.co\/colombia\/wp-json\/wp\/v2\/media?parent=264884"}],"wp:term":[{"taxonomy":"category","embeddable":true,"href":"https:\/\/www.fiscalia.gov.co\/colombia\/wp-json\/wp\/v2\/categories?post=264884"},{"taxonomy":"post_tag","embeddable":true,"href":"https:\/\/www.fiscalia.gov.co\/colombia\/wp-json\/wp\/v2\/tags?post=264884"}],"curies":[{"name":"wp","href":"https:\/\/api.w.org\/{rel}","templated":true}]}}