{"id":264864,"date":"2023-01-27T16:03:28","date_gmt":"2023-01-27T21:03:28","guid":{"rendered":"https:\/\/www.fiscalia.gov.co\/colombia\/?p=264864"},"modified":"2023-01-27T16:03:28","modified_gmt":"2023-01-27T21:03:28","slug":"judicializados-dos-hombres-que-estarian-comercializando-armas-municiones-y-explosivos-en-mocoa-putumayo","status":"publish","type":"post","link":"https:\/\/www.fiscalia.gov.co\/colombia\/noticias\/judicializados-dos-hombres-que-estarian-comercializando-armas-municiones-y-explosivos-en-mocoa-putumayo\/","title":{"rendered":"Judicializados dos hombres que estar\u00edan comercializando armas, municiones y explosivos en Mocoa (Putumayo)"},"content":{"rendered":"<p style=\"font-weight: 400;\">La Fiscal\u00eda en Putumayo judicializ\u00f3 a Segundo Leonel Pantoja Pantoja y Carlos Andr\u00e9s Alb\u00e1n Jim\u00e9nez quienes estar\u00edan implicados en la venta de material b\u00e9lico desde su residencia en Mocoa (Putumayo).<\/p>\n<figure id=\"attachment_264867\" aria-describedby=\"caption-attachment-264867\" style=\"width: 579px\" class=\"wp-caption aligncenter\"><img loading=\"lazy\" decoding=\"async\" class=\"size-full wp-image-264867\" src=\"https:\/\/www.fiscalia.gov.co\/colombia\/wp-content\/uploads\/Segundo-Leonel-Pantoja-Pantoja-y-Carlos-Andres-Alban-Jimenez-2.jpeg\" alt=\"En la fotograf\u00eda aparecen dos capturados, junto a personal de Polic\u00eda Nacional y  Fiscal\u00eda General de la Naci\u00f3n. En la parte posterior de la imagen se ven banners de Polic\u00eda Nacional y la Fiscal\u00eda General de la Naci\u00f3n.    \" width=\"579\" height=\"455\" srcset=\"https:\/\/www.fiscalia.gov.co\/colombia\/wp-content\/uploads\/Segundo-Leonel-Pantoja-Pantoja-y-Carlos-Andres-Alban-Jimenez-2.jpeg 579w, https:\/\/www.fiscalia.gov.co\/colombia\/wp-content\/uploads\/Segundo-Leonel-Pantoja-Pantoja-y-Carlos-Andres-Alban-Jimenez-2-300x236.jpeg 300w, https:\/\/www.fiscalia.gov.co\/colombia\/wp-content\/uploads\/Segundo-Leonel-Pantoja-Pantoja-y-Carlos-Andres-Alban-Jimenez-2-534x420.jpeg 534w\" sizes=\"auto, (max-width: 579px) 100vw, 579px\" \/><figcaption id=\"caption-attachment-264867\" class=\"wp-caption-text\">Segundo Leonel Pantoja Pantoja y Carlos Andr\u00e9s Alb\u00e1n Jim\u00e9nez fueron capturados en diligencia de registro y allanamiento efectuada por Polic\u00eda Nacional en el barrio Villa del Norte de Mocoa (Putumayo).<\/figcaption><\/figure>\n<p style=\"font-weight: 400;\">Labores investigativas permitieron establecer que Pantoja Pantoja\u00a0\u00a0al parecer, comercializaba desde su residencia armas de fuego, municiones y explosivos que almacenaba en su habitaci\u00f3n en el barrio Villa del Norte del citado municipio.<\/p>\n<p style=\"font-weight: 400;\">En diligencia de registro y allanamiento en esa vivienda, funcionarios de Polic\u00eda Nacional encontraron al coudadano de nombre Alb\u00e1n\u00a0\u00a0Jim\u00e9nez, quien manifest\u00f3 ser el due\u00f1o del material que se incaut\u00f3\u00a0\u00a0correspondi\u00f3 a: una pistola, una escopeta, 19 cartuchos calibre 36, 31 cartuchos calibre 9 mm, 5 cartuchos calibre 380, un cartucho calibre 38, mechas de seguridad, cord\u00f3n detonante, dos cargas de demolici\u00f3n y 53 detonadores no el\u00e9ctricos.<\/p>\n<p style=\"font-weight: 400;\">Como presuntos responsables de los delitos de fabricaci\u00f3n, tr\u00e1fico, porte o tenencia de armas de fuego, accesorios, partes o municiones agravado en concurso homog\u00e9neo y fabricaci\u00f3n, tr\u00e1fico y porte de armas, municiones de uso restringido, de uso privativo de las fuerzas armadas o explosivos. Ninguno acept\u00f3 cargos.<\/p>\n<p style=\"font-weight: 400;\">Un juez de garant\u00edas impuso medida privativa de la libertad en lugar de residencia en contra de Pantoja Pantoja, de 86 a\u00f1os, y en contra de Alb\u00e1n Jim\u00e9nez medida no privativa de la libertad.<\/p>\n<p style=\"font-weight: 400;\"><strong>La Fiscal\u00eda habla con resultados.<\/strong><\/p>\n<p>&nbsp;<\/p>\n<p>&nbsp;<\/p>\n<p>&nbsp;<\/p>\n<p style=\"font-weight: 400;\">LMGM\/FAGH\/SAGR\/DSP<\/p>\n<p>&nbsp;<\/p>\n<p>&nbsp;<\/p>\n<p>&nbsp;<\/p>\n<p style=\"font-weight: 400;\"><em>La informaci\u00f3n contenida en este bolet\u00edn de prensa corresponde a la narraci\u00f3n de los hechos noticiosos objetivos, suministrados por los funcionarios encargados de adelantar las investigaciones penales al interior de la Fiscal\u00eda General de la Naci\u00f3n. Para el momento de la divulgaci\u00f3n de este comunicado, la situaci\u00f3n jur\u00eddica de la(s) persona(s) relacionada(s) se encuentra pendiente de resolver por la autoridad judicial competente, siempre bajo los preceptos de la presunci\u00f3n de inocencia, consagrados en el art\u00edculo 29 de la Constituci\u00f3n Pol\u00edtica y el art\u00edculo 7\u00ba de la Ley 906 de 2004.\u00a0 \u00a0 \u00a0 \u00a0\u00a0<\/em><\/p>\n\n<div class=\"twitter-share\"><a href=\"https:\/\/twitter.com\/intent\/tweet?via=fiscaliacol\" class=\"twitter-share-button\">Tweet<\/a><\/div>\n","protected":false},"excerpt":{"rendered":"<p>La Fiscal\u00eda en Putumayo judicializ\u00f3 a Segundo Leonel Pantoja Pantoja y Carlos Andr\u00e9s Alb\u00e1n Jim\u00e9nez quienes estar\u00edan implicados en la venta de material b\u00e9lico desde su residencia en Mocoa (Putumayo). [&hellip;]<\/p>\n","protected":false},"author":177,"featured_media":0,"comment_status":"closed","ping_status":"open","sticky":false,"template":"","format":"standard","meta":{"tdm_status":"","tdm_grid_status":"","footnotes":""},"categories":[1,2910,303,24099],"tags":[1704,12799,3304,20131,23889,31780,5699,2279,11101],"class_list":["post-264864","post","type-post","status-publish","format-standard","category-noticias","category-seccional-mocoa","category-seccionales","category-seguridad-territorial","tag-armas","tag-comercializacion","tag-explosivos","tag-inmueble","tag-mocoa","tag-mocoa-putumayo","tag-municiones","tag-putumayo","tag-seguridad-ciudadana"],"yoast_head":"<!-- This site is optimized with the Yoast SEO plugin v24.3 - https:\/\/yoast.com\/wordpress\/plugins\/seo\/ -->\n<title>Fiscal\u00eda General de la Naci\u00f3n<\/title>\n<meta name=\"description\" content=\"P\u00e1gina oficial de la Fiscal\u00eda General de la Naci\u00f3n \u2013 Colombia. Garantizamos el acceso efectivo a la justicia, la verdad y la reparaci\u00f3n de las v\u00edctimas de los delitos.\" \/>\n<meta name=\"robots\" content=\"noindex, follow\" \/>\n<meta property=\"og:locale\" content=\"es_ES\" \/>\n<meta property=\"og:type\" content=\"article\" \/>\n<meta property=\"og:title\" content=\"Fiscal\u00eda General de la Naci\u00f3n\" \/>\n<meta property=\"og:description\" content=\"P\u00e1gina oficial de la Fiscal\u00eda General de la Naci\u00f3n \u2013 Colombia. Garantizamos el acceso efectivo a la justicia, la verdad y la reparaci\u00f3n de las v\u00edctimas de los delitos.\" \/>\n<meta property=\"og:url\" content=\"https:\/\/www.fiscalia.gov.co\/colombia\/noticias\/judicializados-dos-hombres-que-estarian-comercializando-armas-municiones-y-explosivos-en-mocoa-putumayo\/\" \/>\n<meta property=\"og:site_name\" content=\"Fiscal\u00eda General de la Naci\u00f3n\" \/>\n<meta property=\"article:publisher\" content=\"https:\/\/www.facebook.com\/FiscaliaCol\" \/>\n<meta property=\"article:published_time\" content=\"2023-01-27T21:03:28+00:00\" \/>\n<meta property=\"og:image\" content=\"https:\/\/www.fiscalia.gov.co\/colombia\/wp-content\/uploads\/Segundo-Leonel-Pantoja-Pantoja-y-Carlos-Andres-Alban-Jimenez-2.jpeg\" \/>\n<meta name=\"author\" content=\"Jordan Leandro Oviedo Anzola\" \/>\n<meta name=\"twitter:card\" content=\"summary_large_image\" \/>\n<meta name=\"twitter:creator\" content=\"@FiscaliaCol\" \/>\n<meta name=\"twitter:site\" content=\"@FiscaliaCol\" \/>\n<meta name=\"twitter:label1\" content=\"Escrito por\" \/>\n\t<meta name=\"twitter:data1\" content=\"Jordan Leandro Oviedo Anzola\" \/>\n\t<meta name=\"twitter:label2\" content=\"Tiempo de lectura\" \/>\n\t<meta name=\"twitter:data2\" content=\"2 minutos\" \/>\n<script type=\"application\/ld+json\" class=\"yoast-schema-graph\">{\"@context\":\"https:\/\/schema.org\",\"@graph\":[{\"@type\":\"Article\",\"@id\":\"https:\/\/www.fiscalia.gov.co\/colombia\/noticias\/judicializados-dos-hombres-que-estarian-comercializando-armas-municiones-y-explosivos-en-mocoa-putumayo\/#article\",\"isPartOf\":{\"@id\":\"https:\/\/www.fiscalia.gov.co\/colombia\/noticias\/judicializados-dos-hombres-que-estarian-comercializando-armas-municiones-y-explosivos-en-mocoa-putumayo\/\"},\"author\":{\"name\":\"Jordan Leandro Oviedo Anzola\",\"@id\":\"https:\/\/www.fiscalia.gov.co\/colombia\/#\/schema\/person\/bf84402cf293a5393e9c70b111020b24\"},\"headline\":\"Judicializados dos hombres que estar\u00edan comercializando armas, municiones y explosivos en Mocoa (Putumayo)\",\"datePublished\":\"2023-01-27T21:03:28+00:00\",\"dateModified\":\"2023-01-27T21:03:28+00:00\",\"mainEntityOfPage\":{\"@id\":\"https:\/\/www.fiscalia.gov.co\/colombia\/noticias\/judicializados-dos-hombres-que-estarian-comercializando-armas-municiones-y-explosivos-en-mocoa-putumayo\/\"},\"wordCount\":398,\"publisher\":{\"@id\":\"https:\/\/www.fiscalia.gov.co\/colombia\/#organization\"},\"image\":{\"@id\":\"https:\/\/www.fiscalia.gov.co\/colombia\/noticias\/judicializados-dos-hombres-que-estarian-comercializando-armas-municiones-y-explosivos-en-mocoa-putumayo\/#primaryimage\"},\"thumbnailUrl\":\"https:\/\/www.fiscalia.gov.co\/colombia\/wp-content\/uploads\/Segundo-Leonel-Pantoja-Pantoja-y-Carlos-Andres-Alban-Jimenez-2.jpeg\",\"keywords\":[\"Armas\",\"Comercializaci\u00f3n\",\"Explosivos\",\"Inmueble\",\"Mocoa\",\"Mocoa (Putumayo)\",\"Municiones\",\"Putumayo\",\"Seguridad ciudadana\"],\"articleSection\":[\"Noticias\",\"Seccional Mocoa\",\"Seccionales\",\"Seguridad territorial\"],\"inLanguage\":\"es-CO\"},{\"@type\":\"WebPage\",\"@id\":\"https:\/\/www.fiscalia.gov.co\/colombia\/noticias\/judicializados-dos-hombres-que-estarian-comercializando-armas-municiones-y-explosivos-en-mocoa-putumayo\/\",\"url\":\"https:\/\/www.fiscalia.gov.co\/colombia\/noticias\/judicializados-dos-hombres-que-estarian-comercializando-armas-municiones-y-explosivos-en-mocoa-putumayo\/\",\"name\":\"Fiscal\u00eda General de la Naci\u00f3n\",\"isPartOf\":{\"@id\":\"https:\/\/www.fiscalia.gov.co\/colombia\/#website\"},\"primaryImageOfPage\":{\"@id\":\"https:\/\/www.fiscalia.gov.co\/colombia\/noticias\/judicializados-dos-hombres-que-estarian-comercializando-armas-municiones-y-explosivos-en-mocoa-putumayo\/#primaryimage\"},\"image\":{\"@id\":\"https:\/\/www.fiscalia.gov.co\/colombia\/noticias\/judicializados-dos-hombres-que-estarian-comercializando-armas-municiones-y-explosivos-en-mocoa-putumayo\/#primaryimage\"},\"thumbnailUrl\":\"https:\/\/www.fiscalia.gov.co\/colombia\/wp-content\/uploads\/Segundo-Leonel-Pantoja-Pantoja-y-Carlos-Andres-Alban-Jimenez-2.jpeg\",\"datePublished\":\"2023-01-27T21:03:28+00:00\",\"dateModified\":\"2023-01-27T21:03:28+00:00\",\"description\":\"P\u00e1gina oficial de la Fiscal\u00eda General de la Naci\u00f3n \u2013 Colombia. Garantizamos el acceso efectivo a la justicia, la verdad y la reparaci\u00f3n de las v\u00edctimas de los delitos.\",\"breadcrumb\":{\"@id\":\"https:\/\/www.fiscalia.gov.co\/colombia\/noticias\/judicializados-dos-hombres-que-estarian-comercializando-armas-municiones-y-explosivos-en-mocoa-putumayo\/#breadcrumb\"},\"inLanguage\":\"es-CO\",\"potentialAction\":[{\"@type\":\"ReadAction\",\"target\":[\"https:\/\/www.fiscalia.gov.co\/colombia\/noticias\/judicializados-dos-hombres-que-estarian-comercializando-armas-municiones-y-explosivos-en-mocoa-putumayo\/\"]}]},{\"@type\":\"ImageObject\",\"inLanguage\":\"es-CO\",\"@id\":\"https:\/\/www.fiscalia.gov.co\/colombia\/noticias\/judicializados-dos-hombres-que-estarian-comercializando-armas-municiones-y-explosivos-en-mocoa-putumayo\/#primaryimage\",\"url\":\"https:\/\/www.fiscalia.gov.co\/colombia\/wp-content\/uploads\/Segundo-Leonel-Pantoja-Pantoja-y-Carlos-Andres-Alban-Jimenez-2.jpeg\",\"contentUrl\":\"https:\/\/www.fiscalia.gov.co\/colombia\/wp-content\/uploads\/Segundo-Leonel-Pantoja-Pantoja-y-Carlos-Andres-Alban-Jimenez-2.jpeg\",\"width\":579,\"height\":455,\"caption\":\"Segundo Leonel Pantoja Pantoja y Carlos Andr\u00e9s Alb\u00e1n Jim\u00e9nez fueron capturados en diligencia de registro y allanamiento efectuada por Polic\u00eda Nacional en el barrio Villa del Norte de Mocoa (Putumayo).\"},{\"@type\":\"BreadcrumbList\",\"@id\":\"https:\/\/www.fiscalia.gov.co\/colombia\/noticias\/judicializados-dos-hombres-que-estarian-comercializando-armas-municiones-y-explosivos-en-mocoa-putumayo\/#breadcrumb\",\"itemListElement\":[{\"@type\":\"ListItem\",\"position\":1,\"name\":\"Home\",\"item\":\"https:\/\/www.fiscalia.gov.co\/colombia\/\"},{\"@type\":\"ListItem\",\"position\":2,\"name\":\"Judicializados dos hombres que estar\u00edan comercializando armas, municiones y explosivos en Mocoa (Putumayo)\"}]},{\"@type\":\"WebSite\",\"@id\":\"https:\/\/www.fiscalia.gov.co\/colombia\/#website\",\"url\":\"https:\/\/www.fiscalia.gov.co\/colombia\/\",\"name\":\"Fiscal\u00eda General de la Naci\u00f3n\",\"description\":\"P\u00e1gina oficial de la Fiscal\u00eda General de la Naci\u00f3n \u2013 Colombia. Garantizamos el acceso efectivo a la justicia, la verdad y la reparaci\u00f3n de las v\u00edctimas de los delitos.\",\"publisher\":{\"@id\":\"https:\/\/www.fiscalia.gov.co\/colombia\/#organization\"},\"potentialAction\":[{\"@type\":\"SearchAction\",\"target\":{\"@type\":\"EntryPoint\",\"urlTemplate\":\"https:\/\/www.fiscalia.gov.co\/colombia\/?s={search_term_string}\"},\"query-input\":{\"@type\":\"PropertyValueSpecification\",\"valueRequired\":true,\"valueName\":\"search_term_string\"}}],\"inLanguage\":\"es-CO\"},{\"@type\":\"Organization\",\"@id\":\"https:\/\/www.fiscalia.gov.co\/colombia\/#organization\",\"name\":\"Fiscal\u00eda General de la Naci\u00f3n\",\"url\":\"https:\/\/www.fiscalia.gov.co\/colombia\/\",\"logo\":{\"@type\":\"ImageObject\",\"inLanguage\":\"es-CO\",\"@id\":\"https:\/\/www.fiscalia.gov.co\/colombia\/#\/schema\/logo\/image\/\",\"url\":\"https:\/\/www.fiscalia.gov.co\/colombia\/wp-content\/uploads\/LogoHorizontal_1.jpg\",\"contentUrl\":\"https:\/\/www.fiscalia.gov.co\/colombia\/wp-content\/uploads\/LogoHorizontal_1.jpg\",\"width\":300,\"height\":90,\"caption\":\"Fiscal\u00eda General de la Naci\u00f3n\"},\"image\":{\"@id\":\"https:\/\/www.fiscalia.gov.co\/colombia\/#\/schema\/logo\/image\/\"},\"sameAs\":[\"https:\/\/www.facebook.com\/FiscaliaCol\",\"https:\/\/x.com\/FiscaliaCol\",\"https:\/\/www.instagram.com\/fiscaliacol\",\"https:\/\/www.linkedin.com\/company\/fiscalia-general-de-la-naci-n\/\",\"https:\/\/youtube.com\/@fiscaliageneraldelanacion-4668?si=6nN79nyQICPU5iTh\"]},{\"@type\":\"Person\",\"@id\":\"https:\/\/www.fiscalia.gov.co\/colombia\/#\/schema\/person\/bf84402cf293a5393e9c70b111020b24\",\"name\":\"Jordan Leandro Oviedo Anzola\",\"image\":{\"@type\":\"ImageObject\",\"inLanguage\":\"es-CO\",\"@id\":\"https:\/\/www.fiscalia.gov.co\/colombia\/#\/schema\/person\/image\/\",\"url\":\"https:\/\/secure.gravatar.com\/avatar\/dabba4346fa9b9207d96adafa8f92721?s=96&d=mm&r=g\",\"contentUrl\":\"https:\/\/secure.gravatar.com\/avatar\/dabba4346fa9b9207d96adafa8f92721?s=96&d=mm&r=g\",\"caption\":\"Jordan Leandro Oviedo Anzola\"},\"url\":\"https:\/\/www.fiscalia.gov.co\/colombia\/author\/joviedo\/\"}]}<\/script>\n<!-- \/ Yoast SEO plugin. -->","yoast_head_json":{"title":"Fiscal\u00eda General de la Naci\u00f3n","description":"P\u00e1gina oficial de la Fiscal\u00eda General de la Naci\u00f3n \u2013 Colombia. Garantizamos el acceso efectivo a la justicia, la verdad y la reparaci\u00f3n de las v\u00edctimas de los delitos.","robots":{"index":"noindex","follow":"follow"},"og_locale":"es_ES","og_type":"article","og_title":"Fiscal\u00eda General de la Naci\u00f3n","og_description":"P\u00e1gina oficial de la Fiscal\u00eda General de la Naci\u00f3n \u2013 Colombia. Garantizamos el acceso efectivo a la justicia, la verdad y la reparaci\u00f3n de las v\u00edctimas de los delitos.","og_url":"https:\/\/www.fiscalia.gov.co\/colombia\/noticias\/judicializados-dos-hombres-que-estarian-comercializando-armas-municiones-y-explosivos-en-mocoa-putumayo\/","og_site_name":"Fiscal\u00eda General de la Naci\u00f3n","article_publisher":"https:\/\/www.facebook.com\/FiscaliaCol","article_published_time":"2023-01-27T21:03:28+00:00","og_image":[{"url":"https:\/\/www.fiscalia.gov.co\/colombia\/wp-content\/uploads\/Segundo-Leonel-Pantoja-Pantoja-y-Carlos-Andres-Alban-Jimenez-2.jpeg","type":"","width":"","height":""}],"author":"Jordan Leandro Oviedo Anzola","twitter_card":"summary_large_image","twitter_creator":"@FiscaliaCol","twitter_site":"@FiscaliaCol","twitter_misc":{"Escrito por":"Jordan Leandro Oviedo Anzola","Tiempo de lectura":"2 minutos"},"schema":{"@context":"https:\/\/schema.org","@graph":[{"@type":"Article","@id":"https:\/\/www.fiscalia.gov.co\/colombia\/noticias\/judicializados-dos-hombres-que-estarian-comercializando-armas-municiones-y-explosivos-en-mocoa-putumayo\/#article","isPartOf":{"@id":"https:\/\/www.fiscalia.gov.co\/colombia\/noticias\/judicializados-dos-hombres-que-estarian-comercializando-armas-municiones-y-explosivos-en-mocoa-putumayo\/"},"author":{"name":"Jordan Leandro Oviedo Anzola","@id":"https:\/\/www.fiscalia.gov.co\/colombia\/#\/schema\/person\/bf84402cf293a5393e9c70b111020b24"},"headline":"Judicializados dos hombres que estar\u00edan comercializando armas, municiones y explosivos en Mocoa (Putumayo)","datePublished":"2023-01-27T21:03:28+00:00","dateModified":"2023-01-27T21:03:28+00:00","mainEntityOfPage":{"@id":"https:\/\/www.fiscalia.gov.co\/colombia\/noticias\/judicializados-dos-hombres-que-estarian-comercializando-armas-municiones-y-explosivos-en-mocoa-putumayo\/"},"wordCount":398,"publisher":{"@id":"https:\/\/www.fiscalia.gov.co\/colombia\/#organization"},"image":{"@id":"https:\/\/www.fiscalia.gov.co\/colombia\/noticias\/judicializados-dos-hombres-que-estarian-comercializando-armas-municiones-y-explosivos-en-mocoa-putumayo\/#primaryimage"},"thumbnailUrl":"https:\/\/www.fiscalia.gov.co\/colombia\/wp-content\/uploads\/Segundo-Leonel-Pantoja-Pantoja-y-Carlos-Andres-Alban-Jimenez-2.jpeg","keywords":["Armas","Comercializaci\u00f3n","Explosivos","Inmueble","Mocoa","Mocoa (Putumayo)","Municiones","Putumayo","Seguridad ciudadana"],"articleSection":["Noticias","Seccional Mocoa","Seccionales","Seguridad territorial"],"inLanguage":"es-CO"},{"@type":"WebPage","@id":"https:\/\/www.fiscalia.gov.co\/colombia\/noticias\/judicializados-dos-hombres-que-estarian-comercializando-armas-municiones-y-explosivos-en-mocoa-putumayo\/","url":"https:\/\/www.fiscalia.gov.co\/colombia\/noticias\/judicializados-dos-hombres-que-estarian-comercializando-armas-municiones-y-explosivos-en-mocoa-putumayo\/","name":"Fiscal\u00eda General de la Naci\u00f3n","isPartOf":{"@id":"https:\/\/www.fiscalia.gov.co\/colombia\/#website"},"primaryImageOfPage":{"@id":"https:\/\/www.fiscalia.gov.co\/colombia\/noticias\/judicializados-dos-hombres-que-estarian-comercializando-armas-municiones-y-explosivos-en-mocoa-putumayo\/#primaryimage"},"image":{"@id":"https:\/\/www.fiscalia.gov.co\/colombia\/noticias\/judicializados-dos-hombres-que-estarian-comercializando-armas-municiones-y-explosivos-en-mocoa-putumayo\/#primaryimage"},"thumbnailUrl":"https:\/\/www.fiscalia.gov.co\/colombia\/wp-content\/uploads\/Segundo-Leonel-Pantoja-Pantoja-y-Carlos-Andres-Alban-Jimenez-2.jpeg","datePublished":"2023-01-27T21:03:28+00:00","dateModified":"2023-01-27T21:03:28+00:00","description":"P\u00e1gina oficial de la Fiscal\u00eda General de la Naci\u00f3n \u2013 Colombia. Garantizamos el acceso efectivo a la justicia, la verdad y la reparaci\u00f3n de las v\u00edctimas de los delitos.","breadcrumb":{"@id":"https:\/\/www.fiscalia.gov.co\/colombia\/noticias\/judicializados-dos-hombres-que-estarian-comercializando-armas-municiones-y-explosivos-en-mocoa-putumayo\/#breadcrumb"},"inLanguage":"es-CO","potentialAction":[{"@type":"ReadAction","target":["https:\/\/www.fiscalia.gov.co\/colombia\/noticias\/judicializados-dos-hombres-que-estarian-comercializando-armas-municiones-y-explosivos-en-mocoa-putumayo\/"]}]},{"@type":"ImageObject","inLanguage":"es-CO","@id":"https:\/\/www.fiscalia.gov.co\/colombia\/noticias\/judicializados-dos-hombres-que-estarian-comercializando-armas-municiones-y-explosivos-en-mocoa-putumayo\/#primaryimage","url":"https:\/\/www.fiscalia.gov.co\/colombia\/wp-content\/uploads\/Segundo-Leonel-Pantoja-Pantoja-y-Carlos-Andres-Alban-Jimenez-2.jpeg","contentUrl":"https:\/\/www.fiscalia.gov.co\/colombia\/wp-content\/uploads\/Segundo-Leonel-Pantoja-Pantoja-y-Carlos-Andres-Alban-Jimenez-2.jpeg","width":579,"height":455,"caption":"Segundo Leonel Pantoja Pantoja y Carlos Andr\u00e9s Alb\u00e1n Jim\u00e9nez fueron capturados en diligencia de registro y allanamiento efectuada por Polic\u00eda Nacional en el barrio Villa del Norte de Mocoa (Putumayo)."},{"@type":"BreadcrumbList","@id":"https:\/\/www.fiscalia.gov.co\/colombia\/noticias\/judicializados-dos-hombres-que-estarian-comercializando-armas-municiones-y-explosivos-en-mocoa-putumayo\/#breadcrumb","itemListElement":[{"@type":"ListItem","position":1,"name":"Home","item":"https:\/\/www.fiscalia.gov.co\/colombia\/"},{"@type":"ListItem","position":2,"name":"Judicializados dos hombres que estar\u00edan comercializando armas, municiones y explosivos en Mocoa (Putumayo)"}]},{"@type":"WebSite","@id":"https:\/\/www.fiscalia.gov.co\/colombia\/#website","url":"https:\/\/www.fiscalia.gov.co\/colombia\/","name":"Fiscal\u00eda General de la Naci\u00f3n","description":"P\u00e1gina oficial de la Fiscal\u00eda General de la Naci\u00f3n \u2013 Colombia. Garantizamos el acceso efectivo a la justicia, la verdad y la reparaci\u00f3n de las v\u00edctimas de los delitos.","publisher":{"@id":"https:\/\/www.fiscalia.gov.co\/colombia\/#organization"},"potentialAction":[{"@type":"SearchAction","target":{"@type":"EntryPoint","urlTemplate":"https:\/\/www.fiscalia.gov.co\/colombia\/?s={search_term_string}"},"query-input":{"@type":"PropertyValueSpecification","valueRequired":true,"valueName":"search_term_string"}}],"inLanguage":"es-CO"},{"@type":"Organization","@id":"https:\/\/www.fiscalia.gov.co\/colombia\/#organization","name":"Fiscal\u00eda General de la Naci\u00f3n","url":"https:\/\/www.fiscalia.gov.co\/colombia\/","logo":{"@type":"ImageObject","inLanguage":"es-CO","@id":"https:\/\/www.fiscalia.gov.co\/colombia\/#\/schema\/logo\/image\/","url":"https:\/\/www.fiscalia.gov.co\/colombia\/wp-content\/uploads\/LogoHorizontal_1.jpg","contentUrl":"https:\/\/www.fiscalia.gov.co\/colombia\/wp-content\/uploads\/LogoHorizontal_1.jpg","width":300,"height":90,"caption":"Fiscal\u00eda General de la Naci\u00f3n"},"image":{"@id":"https:\/\/www.fiscalia.gov.co\/colombia\/#\/schema\/logo\/image\/"},"sameAs":["https:\/\/www.facebook.com\/FiscaliaCol","https:\/\/x.com\/FiscaliaCol","https:\/\/www.instagram.com\/fiscaliacol","https:\/\/www.linkedin.com\/company\/fiscalia-general-de-la-naci-n\/","https:\/\/youtube.com\/@fiscaliageneraldelanacion-4668?si=6nN79nyQICPU5iTh"]},{"@type":"Person","@id":"https:\/\/www.fiscalia.gov.co\/colombia\/#\/schema\/person\/bf84402cf293a5393e9c70b111020b24","name":"Jordan Leandro Oviedo Anzola","image":{"@type":"ImageObject","inLanguage":"es-CO","@id":"https:\/\/www.fiscalia.gov.co\/colombia\/#\/schema\/person\/image\/","url":"https:\/\/secure.gravatar.com\/avatar\/dabba4346fa9b9207d96adafa8f92721?s=96&d=mm&r=g","contentUrl":"https:\/\/secure.gravatar.com\/avatar\/dabba4346fa9b9207d96adafa8f92721?s=96&d=mm&r=g","caption":"Jordan Leandro Oviedo Anzola"},"url":"https:\/\/www.fiscalia.gov.co\/colombia\/author\/joviedo\/"}]}},"_links":{"self":[{"href":"https:\/\/www.fiscalia.gov.co\/colombia\/wp-json\/wp\/v2\/posts\/264864","targetHints":{"allow":["GET"]}}],"collection":[{"href":"https:\/\/www.fiscalia.gov.co\/colombia\/wp-json\/wp\/v2\/posts"}],"about":[{"href":"https:\/\/www.fiscalia.gov.co\/colombia\/wp-json\/wp\/v2\/types\/post"}],"author":[{"embeddable":true,"href":"https:\/\/www.fiscalia.gov.co\/colombia\/wp-json\/wp\/v2\/users\/177"}],"replies":[{"embeddable":true,"href":"https:\/\/www.fiscalia.gov.co\/colombia\/wp-json\/wp\/v2\/comments?post=264864"}],"version-history":[{"count":1,"href":"https:\/\/www.fiscalia.gov.co\/colombia\/wp-json\/wp\/v2\/posts\/264864\/revisions"}],"predecessor-version":[{"id":264868,"href":"https:\/\/www.fiscalia.gov.co\/colombia\/wp-json\/wp\/v2\/posts\/264864\/revisions\/264868"}],"wp:attachment":[{"href":"https:\/\/www.fiscalia.gov.co\/colombia\/wp-json\/wp\/v2\/media?parent=264864"}],"wp:term":[{"taxonomy":"category","embeddable":true,"href":"https:\/\/www.fiscalia.gov.co\/colombia\/wp-json\/wp\/v2\/categories?post=264864"},{"taxonomy":"post_tag","embeddable":true,"href":"https:\/\/www.fiscalia.gov.co\/colombia\/wp-json\/wp\/v2\/tags?post=264864"}],"curies":[{"name":"wp","href":"https:\/\/api.w.org\/{rel}","templated":true}]}}