{"id":264860,"date":"2023-01-27T15:11:51","date_gmt":"2023-01-27T20:11:51","guid":{"rendered":"https:\/\/www.fiscalia.gov.co\/colombia\/?p=264860"},"modified":"2023-01-27T15:11:51","modified_gmt":"2023-01-27T20:11:51","slug":"judicializado-un-hombre-que-presuntamente-participo-en-el-tramite-de-licencias-fraudulentas-en-academia-automovilistica-de-ibague","status":"publish","type":"post","link":"https:\/\/www.fiscalia.gov.co\/colombia\/noticias\/judicializado-un-hombre-que-presuntamente-participo-en-el-tramite-de-licencias-fraudulentas-en-academia-automovilistica-de-ibague\/","title":{"rendered":"Judicializado un hombre que presuntamente particip\u00f3 en el tr\u00e1mite de licencias fraudulentas en academia automovil\u00edstica de Ibagu\u00e9"},"content":{"rendered":"<h4><strong><i>La Fiscal\u00eda lo se\u00f1ala de haber participado en por lo menos seis hechos delictivos. La organizaci\u00f3n fue impactada en diciembre del a\u00f1o 2022.<\/i><\/strong><\/h4>\n<p style=\"font-weight: 400;\">Jairo S\u00e1nchez Contreras fue judicializado por la Fiscal\u00eda, por su presunta participaci\u00f3n en el tr\u00e1mite de licencias de conducci\u00f3n sin el lleno de los requisitos legales en una reconocida academia de Ibagu\u00e9 (Tolima) y su sucursal en Neiva (Huila).<\/p>\n<figure id=\"attachment_264861\" aria-describedby=\"caption-attachment-264861\" style=\"width: 696px\" class=\"wp-caption aligncenter\"><img loading=\"lazy\" decoding=\"async\" class=\"size-large wp-image-264861\" src=\"https:\/\/www.fiscalia.gov.co\/colombia\/wp-content\/uploads\/procesado-integrante-de-los-rapidos-por-tramites-de-licencias-fraudulentas-ibague-1024x768.jpeg\" alt=\"En la imagen se ve una persona detenida bajo custodia de dos uniformados de la Polic\u00eda Nacional. Detr\u00e1s suyo un backing de la instituci\u00f3n.\" width=\"696\" height=\"522\" srcset=\"https:\/\/www.fiscalia.gov.co\/colombia\/wp-content\/uploads\/procesado-integrante-de-los-rapidos-por-tramites-de-licencias-fraudulentas-ibague-1024x768.jpeg 1024w, https:\/\/www.fiscalia.gov.co\/colombia\/wp-content\/uploads\/procesado-integrante-de-los-rapidos-por-tramites-de-licencias-fraudulentas-ibague-300x225.jpeg 300w, https:\/\/www.fiscalia.gov.co\/colombia\/wp-content\/uploads\/procesado-integrante-de-los-rapidos-por-tramites-de-licencias-fraudulentas-ibague-768x576.jpeg 768w, https:\/\/www.fiscalia.gov.co\/colombia\/wp-content\/uploads\/procesado-integrante-de-los-rapidos-por-tramites-de-licencias-fraudulentas-ibague-1536x1152.jpeg 1536w, https:\/\/www.fiscalia.gov.co\/colombia\/wp-content\/uploads\/procesado-integrante-de-los-rapidos-por-tramites-de-licencias-fraudulentas-ibague-696x522.jpeg 696w, https:\/\/www.fiscalia.gov.co\/colombia\/wp-content\/uploads\/procesado-integrante-de-los-rapidos-por-tramites-de-licencias-fraudulentas-ibague-1068x801.jpeg 1068w, https:\/\/www.fiscalia.gov.co\/colombia\/wp-content\/uploads\/procesado-integrante-de-los-rapidos-por-tramites-de-licencias-fraudulentas-ibague-560x420.jpeg 560w, https:\/\/www.fiscalia.gov.co\/colombia\/wp-content\/uploads\/procesado-integrante-de-los-rapidos-por-tramites-de-licencias-fraudulentas-ibague-80x60.jpeg 80w, https:\/\/www.fiscalia.gov.co\/colombia\/wp-content\/uploads\/procesado-integrante-de-los-rapidos-por-tramites-de-licencias-fraudulentas-ibague-265x198.jpeg 265w, https:\/\/www.fiscalia.gov.co\/colombia\/wp-content\/uploads\/procesado-integrante-de-los-rapidos-por-tramites-de-licencias-fraudulentas-ibague.jpeg 1600w\" sizes=\"auto, (max-width: 696px) 100vw, 696px\" \/><figcaption id=\"caption-attachment-264861\" class=\"wp-caption-text\">El capturado fue judicializado por la Fiscal\u00eda, por su presunta participaci\u00f3n en el tr\u00e1mite de licencias de conducci\u00f3n sin el lleno de los requisitos legales en una reconocida academia de Ibagu\u00e9 (Tolima) y su sucursal en Neiva (Huila).<\/figcaption><\/figure>\n<p style=\"font-weight: 400;\">El procesado quien se present\u00f3 con su abogado de manera voluntaria en las instalaciones de la Polic\u00eda Nacional en la capital tolimense, se convierte en el integrante n\u00famero 21 del grupo de delincuencia organizada Los R\u00e1pidos, el cual fue impactado en diciembre del a\u00f1o pasado en un operativo simult\u00e1neo en Ibagu\u00e9 y Neiva con la captura de administradores e instructores de la academia.<\/p>\n<p style=\"font-weight: 400;\">Seg\u00fan el despacho seccional adscrito al grupo de Estructura de Apoyo que lidera la investigaci\u00f3n, el rol de\u00a0S\u00e1nchez Contreras\u00a0era el de presuntamente tramitar las licencias y de captar los alumnos para la academia y as\u00ed ofrecerles facilidades en el tr\u00e1mite de dicha documentaci\u00f3n.<\/p>\n<p style=\"font-weight: 400;\">El fiscal le imput\u00f3 los delitos de\u00a0concierto para delinquir, acceso abusivo a un sistema inform\u00e1tico, falsedad material en documento p\u00fablico y fraude procesal, que el imputado no acept\u00f3 haber cometido.<\/p>\n<p style=\"font-weight: 400;\"><strong>Su modus operandi<\/strong><\/p>\n<p style=\"font-weight: 400;\">Los R\u00e1pidos est\u00e1n siendo investigados por reportar como asistentes a personas que nunca acudieron a clases o pr\u00e1cticas presenciales. Para ello registrar\u00edan horas de preparaci\u00f3n y estudio que no se cumplieron, y tomaron diversas fotograf\u00edas a los supuestos alumnos para soportar la asistencia, entre otras posibles falsedades.<\/p>\n<p style=\"font-weight: 400;\">La Fiscal\u00eda detect\u00f3 de manera preliminar 162 hechos en los que esta academia habr\u00eda entregado documentaci\u00f3n con informaci\u00f3n falsa, lo cual permiti\u00f3 la expedici\u00f3n de por lo menos mil licencias.<\/p>\n<p style=\"font-weight: 400;\">El hombre deber\u00e1 seguirse presentando cada vez que sea requerido por las autoridades.<\/p>\n<p style=\"font-weight: 400;\"><strong>La Fiscal\u00eda habla con resultados.<\/strong><\/p>\n<p>&nbsp;<\/p>\n<p>&nbsp;<\/p>\n<p style=\"font-weight: 400;\">PAAM\/LYBT\/JJS\/DST<\/p>\n<p style=\"font-weight: 400;\">\n<p style=\"font-weight: 400;\"><em><span lang=\"ES\">La informaci\u00f3n contenida en este bolet\u00edn de prensa corresponde a la narraci\u00f3n de los hechos noticiosos objetivos, suministrados por los funcionarios encargados de adelantar las investigaciones penales al interior de la Fiscal\u00eda General de la Naci\u00f3n. Para el momento de la divulgaci\u00f3n de este comunicado, la situaci\u00f3n jur\u00eddica de la(s) persona(s) relacionada(s) se encuentra pendiente de resolver por la autoridad judicial competente, siempre bajo los preceptos de la presunci\u00f3n de inocencia, consagrados en el art\u00edculo 29 de la Constituci\u00f3n Pol\u00edtica y el art\u00edculo 7\u00ba de la Ley 906 de 2004.<\/span><\/em><\/p>\n\n<div class=\"twitter-share\"><a href=\"https:\/\/twitter.com\/intent\/tweet?via=fiscaliacol\" class=\"twitter-share-button\">Tweet<\/a><\/div>\n","protected":false},"excerpt":{"rendered":"<p>La Fiscal\u00eda lo se\u00f1ala de haber participado en por lo menos seis hechos delictivos. La organizaci\u00f3n fue impactada en diciembre del a\u00f1o 2022. Jairo S\u00e1nchez Contreras fue judicializado por la Fiscal\u00eda, por su presunta participaci\u00f3n en el tr\u00e1mite de licencias de conducci\u00f3n sin el lleno de los requisitos legales en una reconocida academia de Ibagu\u00e9 [&hellip;]<\/p>\n","protected":false},"author":177,"featured_media":0,"comment_status":"closed","ping_status":"open","sticky":false,"template":"","format":"standard","meta":{"_price":"","_stock":"","_tribe_ticket_header":"","_tribe_default_ticket_provider":"","_tribe_ticket_capacity":"0","_ticket_start_date":"","_ticket_end_date":"","_tribe_ticket_show_description":"","_tribe_ticket_show_not_going":false,"_tribe_ticket_use_global_stock":"","_tribe_ticket_global_stock_level":"","_global_stock_mode":"","_global_stock_cap":"","_tribe_rsvp_for_event":"","_tribe_ticket_going_count":"","_tribe_ticket_not_going_count":"","_tribe_tickets_list":"[]","_tribe_ticket_has_attendee_info_fields":false,"tdm_status":"","tdm_grid_status":"","footnotes":""},"categories":[1,329,303,24099],"tags":[33790,25131,83,2235,33788,1047,23990,33789,30234,24211,30817],"class_list":{"0":"post-264860","1":"post","2":"type-post","3":"status-publish","4":"format-standard","6":"category-noticias","7":"category-seccional-ibague","8":"category-seccionales","9":"category-seguridad-territorial","10":"tag-academia-automovilistica","11":"tag-acceso-abusivo-a-un-sistema-informatico","12":"tag-concierto-para-delinquir","13":"tag-estructura-de-apoyo","14":"tag-falsedad-material-en-documento-publico-y-fraude-procesal","15":"tag-fiscalia-general-de-la-nacion","16":"tag-ibague-tolima","17":"tag-licencias-de-conduccion-fraudulentas","18":"tag-los-rapidos","19":"tag-seccional-tolima","20":"tag-tramitador"},"yoast_head":"<!-- This site is optimized with the Yoast SEO plugin v24.3 - https:\/\/yoast.com\/wordpress\/plugins\/seo\/ -->\n<title>Fiscal\u00eda General de la Naci\u00f3n<\/title>\n<meta name=\"description\" content=\"P\u00e1gina oficial de la Fiscal\u00eda General de la Naci\u00f3n \u2013 Colombia. Garantizamos el acceso efectivo a la justicia, la verdad y la reparaci\u00f3n de las v\u00edctimas de los delitos.\" \/>\n<meta name=\"robots\" content=\"noindex, follow\" \/>\n<meta property=\"og:locale\" content=\"es_ES\" \/>\n<meta property=\"og:type\" content=\"article\" \/>\n<meta property=\"og:title\" content=\"Fiscal\u00eda General de la Naci\u00f3n\" \/>\n<meta property=\"og:description\" content=\"P\u00e1gina oficial de la Fiscal\u00eda General de la Naci\u00f3n \u2013 Colombia. Garantizamos el acceso efectivo a la justicia, la verdad y la reparaci\u00f3n de las v\u00edctimas de los delitos.\" \/>\n<meta property=\"og:url\" content=\"https:\/\/www.fiscalia.gov.co\/colombia\/noticias\/judicializado-un-hombre-que-presuntamente-participo-en-el-tramite-de-licencias-fraudulentas-en-academia-automovilistica-de-ibague\/\" \/>\n<meta property=\"og:site_name\" content=\"Fiscal\u00eda General de la Naci\u00f3n\" \/>\n<meta property=\"article:publisher\" content=\"https:\/\/www.facebook.com\/FiscaliaCol\" \/>\n<meta property=\"article:published_time\" content=\"2023-01-27T20:11:51+00:00\" \/>\n<meta property=\"og:image\" content=\"https:\/\/www.fiscalia.gov.co\/colombia\/wp-content\/uploads\/procesado-integrante-de-los-rapidos-por-tramites-de-licencias-fraudulentas-ibague-1024x768.jpeg\" \/>\n<meta name=\"author\" content=\"Jordan Leandro Oviedo Anzola\" \/>\n<meta name=\"twitter:card\" content=\"summary_large_image\" \/>\n<meta name=\"twitter:creator\" content=\"@FiscaliaCol\" \/>\n<meta name=\"twitter:site\" content=\"@FiscaliaCol\" \/>\n<meta name=\"twitter:label1\" content=\"Escrito por\" \/>\n\t<meta name=\"twitter:data1\" content=\"Jordan Leandro Oviedo Anzola\" \/>\n\t<meta name=\"twitter:label2\" content=\"Tiempo de lectura\" \/>\n\t<meta name=\"twitter:data2\" content=\"2 minutos\" \/>\n<script type=\"application\/ld+json\" class=\"yoast-schema-graph\">{\"@context\":\"https:\/\/schema.org\",\"@graph\":[{\"@type\":\"Article\",\"@id\":\"https:\/\/www.fiscalia.gov.co\/colombia\/noticias\/judicializado-un-hombre-que-presuntamente-participo-en-el-tramite-de-licencias-fraudulentas-en-academia-automovilistica-de-ibague\/#article\",\"isPartOf\":{\"@id\":\"https:\/\/www.fiscalia.gov.co\/colombia\/noticias\/judicializado-un-hombre-que-presuntamente-participo-en-el-tramite-de-licencias-fraudulentas-en-academia-automovilistica-de-ibague\/\"},\"author\":{\"name\":\"Jordan Leandro Oviedo Anzola\",\"@id\":\"https:\/\/www.fiscalia.gov.co\/colombia\/#\/schema\/person\/bf84402cf293a5393e9c70b111020b24\"},\"headline\":\"Judicializado un hombre que presuntamente particip\u00f3 en el tr\u00e1mite de licencias fraudulentas en academia automovil\u00edstica de Ibagu\u00e9\",\"datePublished\":\"2023-01-27T20:11:51+00:00\",\"dateModified\":\"2023-01-27T20:11:51+00:00\",\"mainEntityOfPage\":{\"@id\":\"https:\/\/www.fiscalia.gov.co\/colombia\/noticias\/judicializado-un-hombre-que-presuntamente-participo-en-el-tramite-de-licencias-fraudulentas-en-academia-automovilistica-de-ibague\/\"},\"wordCount\":505,\"publisher\":{\"@id\":\"https:\/\/www.fiscalia.gov.co\/colombia\/#organization\"},\"image\":{\"@id\":\"https:\/\/www.fiscalia.gov.co\/colombia\/noticias\/judicializado-un-hombre-que-presuntamente-participo-en-el-tramite-de-licencias-fraudulentas-en-academia-automovilistica-de-ibague\/#primaryimage\"},\"thumbnailUrl\":\"https:\/\/www.fiscalia.gov.co\/colombia\/wp-content\/uploads\/procesado-integrante-de-los-rapidos-por-tramites-de-licencias-fraudulentas-ibague-1024x768.jpeg\",\"keywords\":[\"academia automovil\u00edstica\",\"acceso abusivo a un sistema inform\u00e1tico.\",\"Concierto para delinquir\",\"Estructura de Apoyo\",\"falsedad material en documento p\u00fablico y fraude procesal\",\"Fiscal\u00eda General de la Naci\u00f3n\",\"Ibagu\u00e9 (Tolima)\",\"licencias de conducci\u00f3n fraudulentas\",\"Los R\u00e1pidos\",\"Seccional Tolima\",\"Tramitador\"],\"articleSection\":[\"Noticias\",\"Seccional Ibagu\u00e9\",\"Seccionales\",\"Seguridad territorial\"],\"inLanguage\":\"es-CO\"},{\"@type\":\"WebPage\",\"@id\":\"https:\/\/www.fiscalia.gov.co\/colombia\/noticias\/judicializado-un-hombre-que-presuntamente-participo-en-el-tramite-de-licencias-fraudulentas-en-academia-automovilistica-de-ibague\/\",\"url\":\"https:\/\/www.fiscalia.gov.co\/colombia\/noticias\/judicializado-un-hombre-que-presuntamente-participo-en-el-tramite-de-licencias-fraudulentas-en-academia-automovilistica-de-ibague\/\",\"name\":\"Fiscal\u00eda General de la Naci\u00f3n\",\"isPartOf\":{\"@id\":\"https:\/\/www.fiscalia.gov.co\/colombia\/#website\"},\"primaryImageOfPage\":{\"@id\":\"https:\/\/www.fiscalia.gov.co\/colombia\/noticias\/judicializado-un-hombre-que-presuntamente-participo-en-el-tramite-de-licencias-fraudulentas-en-academia-automovilistica-de-ibague\/#primaryimage\"},\"image\":{\"@id\":\"https:\/\/www.fiscalia.gov.co\/colombia\/noticias\/judicializado-un-hombre-que-presuntamente-participo-en-el-tramite-de-licencias-fraudulentas-en-academia-automovilistica-de-ibague\/#primaryimage\"},\"thumbnailUrl\":\"https:\/\/www.fiscalia.gov.co\/colombia\/wp-content\/uploads\/procesado-integrante-de-los-rapidos-por-tramites-de-licencias-fraudulentas-ibague-1024x768.jpeg\",\"datePublished\":\"2023-01-27T20:11:51+00:00\",\"dateModified\":\"2023-01-27T20:11:51+00:00\",\"description\":\"P\u00e1gina oficial de la Fiscal\u00eda General de la Naci\u00f3n \u2013 Colombia. Garantizamos el acceso efectivo a la justicia, la verdad y la reparaci\u00f3n de las v\u00edctimas de los delitos.\",\"breadcrumb\":{\"@id\":\"https:\/\/www.fiscalia.gov.co\/colombia\/noticias\/judicializado-un-hombre-que-presuntamente-participo-en-el-tramite-de-licencias-fraudulentas-en-academia-automovilistica-de-ibague\/#breadcrumb\"},\"inLanguage\":\"es-CO\",\"potentialAction\":[{\"@type\":\"ReadAction\",\"target\":[\"https:\/\/www.fiscalia.gov.co\/colombia\/noticias\/judicializado-un-hombre-que-presuntamente-participo-en-el-tramite-de-licencias-fraudulentas-en-academia-automovilistica-de-ibague\/\"]}]},{\"@type\":\"ImageObject\",\"inLanguage\":\"es-CO\",\"@id\":\"https:\/\/www.fiscalia.gov.co\/colombia\/noticias\/judicializado-un-hombre-que-presuntamente-participo-en-el-tramite-de-licencias-fraudulentas-en-academia-automovilistica-de-ibague\/#primaryimage\",\"url\":\"https:\/\/www.fiscalia.gov.co\/colombia\/wp-content\/uploads\/procesado-integrante-de-los-rapidos-por-tramites-de-licencias-fraudulentas-ibague-1024x768.jpeg\",\"contentUrl\":\"https:\/\/www.fiscalia.gov.co\/colombia\/wp-content\/uploads\/procesado-integrante-de-los-rapidos-por-tramites-de-licencias-fraudulentas-ibague-1024x768.jpeg\"},{\"@type\":\"BreadcrumbList\",\"@id\":\"https:\/\/www.fiscalia.gov.co\/colombia\/noticias\/judicializado-un-hombre-que-presuntamente-participo-en-el-tramite-de-licencias-fraudulentas-en-academia-automovilistica-de-ibague\/#breadcrumb\",\"itemListElement\":[{\"@type\":\"ListItem\",\"position\":1,\"name\":\"Home\",\"item\":\"https:\/\/www.fiscalia.gov.co\/colombia\/\"},{\"@type\":\"ListItem\",\"position\":2,\"name\":\"Judicializado un hombre que presuntamente particip\u00f3 en el tr\u00e1mite de licencias fraudulentas en academia automovil\u00edstica de Ibagu\u00e9\"}]},{\"@type\":\"WebSite\",\"@id\":\"https:\/\/www.fiscalia.gov.co\/colombia\/#website\",\"url\":\"https:\/\/www.fiscalia.gov.co\/colombia\/\",\"name\":\"Fiscal\u00eda General de la Naci\u00f3n\",\"description\":\"P\u00e1gina oficial de la Fiscal\u00eda General de la Naci\u00f3n \u2013 Colombia. Garantizamos el acceso efectivo a la justicia, la verdad y la reparaci\u00f3n de las v\u00edctimas de los delitos.\",\"publisher\":{\"@id\":\"https:\/\/www.fiscalia.gov.co\/colombia\/#organization\"},\"potentialAction\":[{\"@type\":\"SearchAction\",\"target\":{\"@type\":\"EntryPoint\",\"urlTemplate\":\"https:\/\/www.fiscalia.gov.co\/colombia\/?s={search_term_string}\"},\"query-input\":{\"@type\":\"PropertyValueSpecification\",\"valueRequired\":true,\"valueName\":\"search_term_string\"}}],\"inLanguage\":\"es-CO\"},{\"@type\":\"Organization\",\"@id\":\"https:\/\/www.fiscalia.gov.co\/colombia\/#organization\",\"name\":\"Fiscal\u00eda General de la Naci\u00f3n\",\"url\":\"https:\/\/www.fiscalia.gov.co\/colombia\/\",\"logo\":{\"@type\":\"ImageObject\",\"inLanguage\":\"es-CO\",\"@id\":\"https:\/\/www.fiscalia.gov.co\/colombia\/#\/schema\/logo\/image\/\",\"url\":\"https:\/\/www.fiscalia.gov.co\/colombia\/wp-content\/uploads\/LogoHorizontal_1.jpg\",\"contentUrl\":\"https:\/\/www.fiscalia.gov.co\/colombia\/wp-content\/uploads\/LogoHorizontal_1.jpg\",\"width\":300,\"height\":90,\"caption\":\"Fiscal\u00eda General de la Naci\u00f3n\"},\"image\":{\"@id\":\"https:\/\/www.fiscalia.gov.co\/colombia\/#\/schema\/logo\/image\/\"},\"sameAs\":[\"https:\/\/www.facebook.com\/FiscaliaCol\",\"https:\/\/x.com\/FiscaliaCol\",\"https:\/\/www.instagram.com\/fiscaliacol\",\"https:\/\/www.linkedin.com\/company\/fiscalia-general-de-la-naci-n\/\",\"https:\/\/youtube.com\/@fiscaliageneraldelanacion-4668?si=6nN79nyQICPU5iTh\"]},{\"@type\":\"Person\",\"@id\":\"https:\/\/www.fiscalia.gov.co\/colombia\/#\/schema\/person\/bf84402cf293a5393e9c70b111020b24\",\"name\":\"Jordan Leandro Oviedo Anzola\",\"image\":{\"@type\":\"ImageObject\",\"inLanguage\":\"es-CO\",\"@id\":\"https:\/\/www.fiscalia.gov.co\/colombia\/#\/schema\/person\/image\/\",\"url\":\"https:\/\/secure.gravatar.com\/avatar\/dabba4346fa9b9207d96adafa8f92721?s=96&d=mm&r=g\",\"contentUrl\":\"https:\/\/secure.gravatar.com\/avatar\/dabba4346fa9b9207d96adafa8f92721?s=96&d=mm&r=g\",\"caption\":\"Jordan Leandro Oviedo Anzola\"},\"url\":\"https:\/\/www.fiscalia.gov.co\/colombia\/author\/joviedo\/\"}]}<\/script>\n<!-- \/ Yoast SEO plugin. -->","yoast_head_json":{"title":"Fiscal\u00eda General de la Naci\u00f3n","description":"P\u00e1gina oficial de la Fiscal\u00eda General de la Naci\u00f3n \u2013 Colombia. Garantizamos el acceso efectivo a la justicia, la verdad y la reparaci\u00f3n de las v\u00edctimas de los delitos.","robots":{"index":"noindex","follow":"follow"},"og_locale":"es_ES","og_type":"article","og_title":"Fiscal\u00eda General de la Naci\u00f3n","og_description":"P\u00e1gina oficial de la Fiscal\u00eda General de la Naci\u00f3n \u2013 Colombia. Garantizamos el acceso efectivo a la justicia, la verdad y la reparaci\u00f3n de las v\u00edctimas de los delitos.","og_url":"https:\/\/www.fiscalia.gov.co\/colombia\/noticias\/judicializado-un-hombre-que-presuntamente-participo-en-el-tramite-de-licencias-fraudulentas-en-academia-automovilistica-de-ibague\/","og_site_name":"Fiscal\u00eda General de la Naci\u00f3n","article_publisher":"https:\/\/www.facebook.com\/FiscaliaCol","article_published_time":"2023-01-27T20:11:51+00:00","og_image":[{"url":"https:\/\/www.fiscalia.gov.co\/colombia\/wp-content\/uploads\/procesado-integrante-de-los-rapidos-por-tramites-de-licencias-fraudulentas-ibague-1024x768.jpeg","type":"","width":"","height":""}],"author":"Jordan Leandro Oviedo Anzola","twitter_card":"summary_large_image","twitter_creator":"@FiscaliaCol","twitter_site":"@FiscaliaCol","twitter_misc":{"Escrito por":"Jordan Leandro Oviedo Anzola","Tiempo de lectura":"2 minutos"},"schema":{"@context":"https:\/\/schema.org","@graph":[{"@type":"Article","@id":"https:\/\/www.fiscalia.gov.co\/colombia\/noticias\/judicializado-un-hombre-que-presuntamente-participo-en-el-tramite-de-licencias-fraudulentas-en-academia-automovilistica-de-ibague\/#article","isPartOf":{"@id":"https:\/\/www.fiscalia.gov.co\/colombia\/noticias\/judicializado-un-hombre-que-presuntamente-participo-en-el-tramite-de-licencias-fraudulentas-en-academia-automovilistica-de-ibague\/"},"author":{"name":"Jordan Leandro Oviedo Anzola","@id":"https:\/\/www.fiscalia.gov.co\/colombia\/#\/schema\/person\/bf84402cf293a5393e9c70b111020b24"},"headline":"Judicializado un hombre que presuntamente particip\u00f3 en el tr\u00e1mite de licencias fraudulentas en academia automovil\u00edstica de Ibagu\u00e9","datePublished":"2023-01-27T20:11:51+00:00","dateModified":"2023-01-27T20:11:51+00:00","mainEntityOfPage":{"@id":"https:\/\/www.fiscalia.gov.co\/colombia\/noticias\/judicializado-un-hombre-que-presuntamente-participo-en-el-tramite-de-licencias-fraudulentas-en-academia-automovilistica-de-ibague\/"},"wordCount":505,"publisher":{"@id":"https:\/\/www.fiscalia.gov.co\/colombia\/#organization"},"image":{"@id":"https:\/\/www.fiscalia.gov.co\/colombia\/noticias\/judicializado-un-hombre-que-presuntamente-participo-en-el-tramite-de-licencias-fraudulentas-en-academia-automovilistica-de-ibague\/#primaryimage"},"thumbnailUrl":"https:\/\/www.fiscalia.gov.co\/colombia\/wp-content\/uploads\/procesado-integrante-de-los-rapidos-por-tramites-de-licencias-fraudulentas-ibague-1024x768.jpeg","keywords":["academia automovil\u00edstica","acceso abusivo a un sistema inform\u00e1tico.","Concierto para delinquir","Estructura de Apoyo","falsedad material en documento p\u00fablico y fraude procesal","Fiscal\u00eda General de la Naci\u00f3n","Ibagu\u00e9 (Tolima)","licencias de conducci\u00f3n fraudulentas","Los R\u00e1pidos","Seccional Tolima","Tramitador"],"articleSection":["Noticias","Seccional Ibagu\u00e9","Seccionales","Seguridad territorial"],"inLanguage":"es-CO"},{"@type":"WebPage","@id":"https:\/\/www.fiscalia.gov.co\/colombia\/noticias\/judicializado-un-hombre-que-presuntamente-participo-en-el-tramite-de-licencias-fraudulentas-en-academia-automovilistica-de-ibague\/","url":"https:\/\/www.fiscalia.gov.co\/colombia\/noticias\/judicializado-un-hombre-que-presuntamente-participo-en-el-tramite-de-licencias-fraudulentas-en-academia-automovilistica-de-ibague\/","name":"Fiscal\u00eda General de la Naci\u00f3n","isPartOf":{"@id":"https:\/\/www.fiscalia.gov.co\/colombia\/#website"},"primaryImageOfPage":{"@id":"https:\/\/www.fiscalia.gov.co\/colombia\/noticias\/judicializado-un-hombre-que-presuntamente-participo-en-el-tramite-de-licencias-fraudulentas-en-academia-automovilistica-de-ibague\/#primaryimage"},"image":{"@id":"https:\/\/www.fiscalia.gov.co\/colombia\/noticias\/judicializado-un-hombre-que-presuntamente-participo-en-el-tramite-de-licencias-fraudulentas-en-academia-automovilistica-de-ibague\/#primaryimage"},"thumbnailUrl":"https:\/\/www.fiscalia.gov.co\/colombia\/wp-content\/uploads\/procesado-integrante-de-los-rapidos-por-tramites-de-licencias-fraudulentas-ibague-1024x768.jpeg","datePublished":"2023-01-27T20:11:51+00:00","dateModified":"2023-01-27T20:11:51+00:00","description":"P\u00e1gina oficial de la Fiscal\u00eda General de la Naci\u00f3n \u2013 Colombia. Garantizamos el acceso efectivo a la justicia, la verdad y la reparaci\u00f3n de las v\u00edctimas de los delitos.","breadcrumb":{"@id":"https:\/\/www.fiscalia.gov.co\/colombia\/noticias\/judicializado-un-hombre-que-presuntamente-participo-en-el-tramite-de-licencias-fraudulentas-en-academia-automovilistica-de-ibague\/#breadcrumb"},"inLanguage":"es-CO","potentialAction":[{"@type":"ReadAction","target":["https:\/\/www.fiscalia.gov.co\/colombia\/noticias\/judicializado-un-hombre-que-presuntamente-participo-en-el-tramite-de-licencias-fraudulentas-en-academia-automovilistica-de-ibague\/"]}]},{"@type":"ImageObject","inLanguage":"es-CO","@id":"https:\/\/www.fiscalia.gov.co\/colombia\/noticias\/judicializado-un-hombre-que-presuntamente-participo-en-el-tramite-de-licencias-fraudulentas-en-academia-automovilistica-de-ibague\/#primaryimage","url":"https:\/\/www.fiscalia.gov.co\/colombia\/wp-content\/uploads\/procesado-integrante-de-los-rapidos-por-tramites-de-licencias-fraudulentas-ibague-1024x768.jpeg","contentUrl":"https:\/\/www.fiscalia.gov.co\/colombia\/wp-content\/uploads\/procesado-integrante-de-los-rapidos-por-tramites-de-licencias-fraudulentas-ibague-1024x768.jpeg"},{"@type":"BreadcrumbList","@id":"https:\/\/www.fiscalia.gov.co\/colombia\/noticias\/judicializado-un-hombre-que-presuntamente-participo-en-el-tramite-de-licencias-fraudulentas-en-academia-automovilistica-de-ibague\/#breadcrumb","itemListElement":[{"@type":"ListItem","position":1,"name":"Home","item":"https:\/\/www.fiscalia.gov.co\/colombia\/"},{"@type":"ListItem","position":2,"name":"Judicializado un hombre que presuntamente particip\u00f3 en el tr\u00e1mite de licencias fraudulentas en academia automovil\u00edstica de Ibagu\u00e9"}]},{"@type":"WebSite","@id":"https:\/\/www.fiscalia.gov.co\/colombia\/#website","url":"https:\/\/www.fiscalia.gov.co\/colombia\/","name":"Fiscal\u00eda General de la Naci\u00f3n","description":"P\u00e1gina oficial de la Fiscal\u00eda General de la Naci\u00f3n \u2013 Colombia. Garantizamos el acceso efectivo a la justicia, la verdad y la reparaci\u00f3n de las v\u00edctimas de los delitos.","publisher":{"@id":"https:\/\/www.fiscalia.gov.co\/colombia\/#organization"},"potentialAction":[{"@type":"SearchAction","target":{"@type":"EntryPoint","urlTemplate":"https:\/\/www.fiscalia.gov.co\/colombia\/?s={search_term_string}"},"query-input":{"@type":"PropertyValueSpecification","valueRequired":true,"valueName":"search_term_string"}}],"inLanguage":"es-CO"},{"@type":"Organization","@id":"https:\/\/www.fiscalia.gov.co\/colombia\/#organization","name":"Fiscal\u00eda General de la Naci\u00f3n","url":"https:\/\/www.fiscalia.gov.co\/colombia\/","logo":{"@type":"ImageObject","inLanguage":"es-CO","@id":"https:\/\/www.fiscalia.gov.co\/colombia\/#\/schema\/logo\/image\/","url":"https:\/\/www.fiscalia.gov.co\/colombia\/wp-content\/uploads\/LogoHorizontal_1.jpg","contentUrl":"https:\/\/www.fiscalia.gov.co\/colombia\/wp-content\/uploads\/LogoHorizontal_1.jpg","width":300,"height":90,"caption":"Fiscal\u00eda General de la Naci\u00f3n"},"image":{"@id":"https:\/\/www.fiscalia.gov.co\/colombia\/#\/schema\/logo\/image\/"},"sameAs":["https:\/\/www.facebook.com\/FiscaliaCol","https:\/\/x.com\/FiscaliaCol","https:\/\/www.instagram.com\/fiscaliacol","https:\/\/www.linkedin.com\/company\/fiscalia-general-de-la-naci-n\/","https:\/\/youtube.com\/@fiscaliageneraldelanacion-4668?si=6nN79nyQICPU5iTh"]},{"@type":"Person","@id":"https:\/\/www.fiscalia.gov.co\/colombia\/#\/schema\/person\/bf84402cf293a5393e9c70b111020b24","name":"Jordan Leandro Oviedo Anzola","image":{"@type":"ImageObject","inLanguage":"es-CO","@id":"https:\/\/www.fiscalia.gov.co\/colombia\/#\/schema\/person\/image\/","url":"https:\/\/secure.gravatar.com\/avatar\/dabba4346fa9b9207d96adafa8f92721?s=96&d=mm&r=g","contentUrl":"https:\/\/secure.gravatar.com\/avatar\/dabba4346fa9b9207d96adafa8f92721?s=96&d=mm&r=g","caption":"Jordan Leandro Oviedo Anzola"},"url":"https:\/\/www.fiscalia.gov.co\/colombia\/author\/joviedo\/"}]}},"_links":{"self":[{"href":"https:\/\/www.fiscalia.gov.co\/colombia\/wp-json\/wp\/v2\/posts\/264860","targetHints":{"allow":["GET"]}}],"collection":[{"href":"https:\/\/www.fiscalia.gov.co\/colombia\/wp-json\/wp\/v2\/posts"}],"about":[{"href":"https:\/\/www.fiscalia.gov.co\/colombia\/wp-json\/wp\/v2\/types\/post"}],"author":[{"embeddable":true,"href":"https:\/\/www.fiscalia.gov.co\/colombia\/wp-json\/wp\/v2\/users\/177"}],"replies":[{"embeddable":true,"href":"https:\/\/www.fiscalia.gov.co\/colombia\/wp-json\/wp\/v2\/comments?post=264860"}],"version-history":[{"count":2,"href":"https:\/\/www.fiscalia.gov.co\/colombia\/wp-json\/wp\/v2\/posts\/264860\/revisions"}],"predecessor-version":[{"id":264863,"href":"https:\/\/www.fiscalia.gov.co\/colombia\/wp-json\/wp\/v2\/posts\/264860\/revisions\/264863"}],"wp:attachment":[{"href":"https:\/\/www.fiscalia.gov.co\/colombia\/wp-json\/wp\/v2\/media?parent=264860"}],"wp:term":[{"taxonomy":"category","embeddable":true,"href":"https:\/\/www.fiscalia.gov.co\/colombia\/wp-json\/wp\/v2\/categories?post=264860"},{"taxonomy":"post_tag","embeddable":true,"href":"https:\/\/www.fiscalia.gov.co\/colombia\/wp-json\/wp\/v2\/tags?post=264860"}],"curies":[{"name":"wp","href":"https:\/\/api.w.org\/{rel}","templated":true}]}}