{"id":264844,"date":"2023-01-27T12:13:22","date_gmt":"2023-01-27T17:13:22","guid":{"rendered":"https:\/\/www.fiscalia.gov.co\/colombia\/?p=264844"},"modified":"2023-01-27T12:13:22","modified_gmt":"2023-01-27T17:13:22","slug":"dos-personas-fueron-aseguradas-por-su-presunta-responsabilidad-en-hechos-de-violencia-intrafamiliar-en-contra-de-sus-ex-companeros-sentimentales","status":"publish","type":"post","link":"https:\/\/www.fiscalia.gov.co\/colombia\/noticias\/dos-personas-fueron-aseguradas-por-su-presunta-responsabilidad-en-hechos-de-violencia-intrafamiliar-en-contra-de-sus-ex-companeros-sentimentales\/","title":{"rendered":"Dos personas fueron aseguradas por su presunta responsabilidad en hechos de violencia intrafamiliar en contra de sus ex compa\u00f1eros sentimentales"},"content":{"rendered":"<p>La Fiscal\u00eda General de La Naci\u00f3n present\u00f3 ante un juez con funci\u00f3n de control de garant\u00edas a una mujer y un hombre que, en hechos aislados, al parecer maltrataron f\u00edsica y verbalmente a sus ex compa\u00f1eros sentimentales en Neiva e Isnos (Huila).<\/p>\n<p>Se trata de Maidy Yohana Losada Garz\u00f3n y Jhon Andr\u00e9s Urbano Alviar, a quienes, distintos fiscales, les trasladaron escrito de acusaci\u00f3n por ser presuntos autores del delito de violencia intrafamiliar.<\/p>\n<p>En el primer caso, Losada Garz\u00f3n el 22 y 23 de octubre de 2022 al parecer habr\u00eda agredido con unas tijeras a quien fue su compa\u00f1ero sentimental y adem\u00e1s le da\u00f1\u00f3 su motocicleta.<\/p>\n<p>En otra ocasi\u00f3n, el pasado 16 de noviembre\u00a0 la mujer al parecer le cambi\u00f3 las guardas de la chapa de la vivienda del hombre, quien al llegar rompi\u00f3 un vidrio para poder poder ingresar. La indiciada le habr\u00eda propinado cortaduras son esos vidrios mientras lo amenazaba de muerte. A la mujer le fue impuesta medida privativa de la libertad en lugar de domicilio.<\/p>\n<p>Otro hecho de violencia intrafamiliar se registr\u00f3 en Isnos (Huila) donde en septiembre de 2022, y tras haber terminado una relaci\u00f3n hace un a\u00f1o, Urbano Alviar persegu\u00eda a la v\u00edctima para maltratarla f\u00edsica y psicol\u00f3gicamente. Se presume la segu\u00eda a los lugares que ella visitaba para agredirla y manifestarle que si no era para \u00e9l no iba a ser para nadie.<\/p>\n<p>En una ocasi\u00f3n, cuando la mujer iba en moto con su primo, el hoy capturado al parecer le propin\u00f3 un disparo en la pierna con un arma traum\u00e1tica. A Urbano Alviar un juez de garant\u00edas lo envi\u00f3 a centro carcelario.<\/p>\n<p>La captura de Losada Garz\u00f3n la hicieron efectiva uniformados del CTI en conjunto con Ej\u00e9rcito Nacional y Polic\u00eda Nacional en un centro comercial del centro de Neiva, mientras que a Urbano Alviar lo captur\u00f3 personal del CTI en la vereda La Florida de Isnos (Huila).<\/p>\n<p><strong>La Fiscal\u00eda habla con resultados.<\/strong><\/p>\n<p>&nbsp;<\/p>\n<p>&nbsp;<\/p>\n<p>&nbsp;<\/p>\n<p>&nbsp;<\/p>\n<p>&nbsp;<\/p>\n<p>LMGM\/FAGH\/DFHI\/DSH<\/p>\n<p>&nbsp;<\/p>\n<p>&nbsp;<\/p>\n<p>&nbsp;<\/p>\n<p>&nbsp;<\/p>\n<p><i>La informaci\u00f3n contenida en este bolet\u00edn de prensa corresponde a la narraci\u00f3n de los hechos noticiosos objetivos, suministrados por los funcionarios encargados de adelantar las investigaciones penales al interior de la Fiscal\u00eda General de la Naci\u00f3n. Para el momento de la divulgaci\u00f3n de este comunicado, la situaci\u00f3n jur\u00eddica de la(s) persona(s) relacionada(s) se encuentra pendiente de resolver por la autoridad judicial competente, siempre bajo los preceptos de la presunci\u00f3n de inocencia, consagrados en el art\u00edculo 29 de la Constituci\u00f3n Pol\u00edtica y el art\u00edculo 7\u00ba de la Ley 906 de 2004.\u00a0 \u00a0 \u00a0 \u00a0 \u00a0\u00a0<\/i><\/p>\n\n<div class=\"twitter-share\"><a href=\"https:\/\/twitter.com\/intent\/tweet?via=fiscaliacol\" class=\"twitter-share-button\">Tweet<\/a><\/div>\n","protected":false},"excerpt":{"rendered":"<p>La Fiscal\u00eda General de La Naci\u00f3n present\u00f3 ante un juez con funci\u00f3n de control de garant\u00edas a una mujer y un hombre que, en hechos aislados, al parecer maltrataron f\u00edsica y verbalmente a sus ex compa\u00f1eros sentimentales en Neiva e Isnos (Huila). Se trata de Maidy Yohana Losada Garz\u00f3n y Jhon Andr\u00e9s Urbano Alviar, a [&hellip;]<\/p>\n","protected":false},"author":177,"featured_media":0,"comment_status":"closed","ping_status":"open","sticky":false,"template":"","format":"standard","meta":{"_price":"","_stock":"","_tribe_ticket_header":"","_tribe_default_ticket_provider":"","_tribe_ticket_capacity":"0","_ticket_start_date":"","_ticket_end_date":"","_tribe_ticket_show_description":"","_tribe_ticket_show_not_going":false,"_tribe_ticket_use_global_stock":"","_tribe_ticket_global_stock_level":"","_global_stock_mode":"","_global_stock_cap":"","_tribe_rsvp_for_event":"","_tribe_ticket_going_count":"","_tribe_ticket_not_going_count":"","_tribe_tickets_list":"[]","_tribe_ticket_has_attendee_info_fields":false,"tdm_status":"","tdm_grid_status":"","footnotes":""},"categories":[1,333,303,24127],"tags":[33318,24185,1047,16,28110,23833,31720,23970,682],"class_list":{"0":"post-264844","1":"post","2":"type-post","3":"status-publish","4":"format-standard","6":"category-noticias","7":"category-seccional-neiva","8":"category-seccionales","9":"category-violencia-sexual-e-intrafamiliar","10":"tag-ex-companero-sentimental","11":"tag-fiscal-barbosa","12":"tag-fiscalia-general-de-la-nacion","13":"tag-huila","14":"tag-isnos","15":"tag-neiva","16":"tag-neiva-huila","17":"tag-victimas","18":"tag-violencia-intrafamiliar"},"yoast_head":"<!-- This site is optimized with the Yoast SEO plugin v24.3 - https:\/\/yoast.com\/wordpress\/plugins\/seo\/ -->\n<title>Fiscal\u00eda General de la Naci\u00f3n<\/title>\n<meta name=\"description\" content=\"P\u00e1gina oficial de la Fiscal\u00eda General de la Naci\u00f3n \u2013 Colombia. Garantizamos el acceso efectivo a la justicia, la verdad y la reparaci\u00f3n de las v\u00edctimas de los delitos.\" \/>\n<meta name=\"robots\" content=\"noindex, follow\" \/>\n<meta property=\"og:locale\" content=\"es_ES\" \/>\n<meta property=\"og:type\" content=\"article\" \/>\n<meta property=\"og:title\" content=\"Fiscal\u00eda General de la Naci\u00f3n\" \/>\n<meta property=\"og:description\" content=\"P\u00e1gina oficial de la Fiscal\u00eda General de la Naci\u00f3n \u2013 Colombia. Garantizamos el acceso efectivo a la justicia, la verdad y la reparaci\u00f3n de las v\u00edctimas de los delitos.\" \/>\n<meta property=\"og:url\" content=\"https:\/\/www.fiscalia.gov.co\/colombia\/noticias\/dos-personas-fueron-aseguradas-por-su-presunta-responsabilidad-en-hechos-de-violencia-intrafamiliar-en-contra-de-sus-ex-companeros-sentimentales\/\" \/>\n<meta property=\"og:site_name\" content=\"Fiscal\u00eda General de la Naci\u00f3n\" \/>\n<meta property=\"article:publisher\" content=\"https:\/\/www.facebook.com\/FiscaliaCol\" \/>\n<meta property=\"article:published_time\" content=\"2023-01-27T17:13:22+00:00\" \/>\n<meta name=\"author\" content=\"Jordan Leandro Oviedo Anzola\" \/>\n<meta name=\"twitter:card\" content=\"summary_large_image\" \/>\n<meta name=\"twitter:creator\" content=\"@FiscaliaCol\" \/>\n<meta name=\"twitter:site\" content=\"@FiscaliaCol\" \/>\n<meta name=\"twitter:label1\" content=\"Escrito por\" \/>\n\t<meta name=\"twitter:data1\" content=\"Jordan Leandro Oviedo Anzola\" \/>\n\t<meta name=\"twitter:label2\" content=\"Tiempo de lectura\" \/>\n\t<meta name=\"twitter:data2\" content=\"2 minutos\" \/>\n<script type=\"application\/ld+json\" class=\"yoast-schema-graph\">{\"@context\":\"https:\/\/schema.org\",\"@graph\":[{\"@type\":\"Article\",\"@id\":\"https:\/\/www.fiscalia.gov.co\/colombia\/noticias\/dos-personas-fueron-aseguradas-por-su-presunta-responsabilidad-en-hechos-de-violencia-intrafamiliar-en-contra-de-sus-ex-companeros-sentimentales\/#article\",\"isPartOf\":{\"@id\":\"https:\/\/www.fiscalia.gov.co\/colombia\/noticias\/dos-personas-fueron-aseguradas-por-su-presunta-responsabilidad-en-hechos-de-violencia-intrafamiliar-en-contra-de-sus-ex-companeros-sentimentales\/\"},\"author\":{\"name\":\"Jordan Leandro Oviedo Anzola\",\"@id\":\"https:\/\/www.fiscalia.gov.co\/colombia\/#\/schema\/person\/bf84402cf293a5393e9c70b111020b24\"},\"headline\":\"Dos personas fueron aseguradas por su presunta responsabilidad en hechos de violencia intrafamiliar en contra de sus ex compa\u00f1eros sentimentales\",\"datePublished\":\"2023-01-27T17:13:22+00:00\",\"dateModified\":\"2023-01-27T17:13:22+00:00\",\"mainEntityOfPage\":{\"@id\":\"https:\/\/www.fiscalia.gov.co\/colombia\/noticias\/dos-personas-fueron-aseguradas-por-su-presunta-responsabilidad-en-hechos-de-violencia-intrafamiliar-en-contra-de-sus-ex-companeros-sentimentales\/\"},\"wordCount\":479,\"publisher\":{\"@id\":\"https:\/\/www.fiscalia.gov.co\/colombia\/#organization\"},\"keywords\":[\"ex compa\u00f1ero sentimental\",\"Fiscal Barbosa\",\"Fiscal\u00eda General de la Naci\u00f3n\",\"Huila\",\"Isnos\",\"Neiva\",\"Neiva (Huila)\",\"V\u00edctimas\",\"Violencia intrafamiliar\"],\"articleSection\":[\"Noticias\",\"Seccional Neiva\",\"Seccionales\",\"Violencia sexual e intrafamiliar\"],\"inLanguage\":\"es-CO\"},{\"@type\":\"WebPage\",\"@id\":\"https:\/\/www.fiscalia.gov.co\/colombia\/noticias\/dos-personas-fueron-aseguradas-por-su-presunta-responsabilidad-en-hechos-de-violencia-intrafamiliar-en-contra-de-sus-ex-companeros-sentimentales\/\",\"url\":\"https:\/\/www.fiscalia.gov.co\/colombia\/noticias\/dos-personas-fueron-aseguradas-por-su-presunta-responsabilidad-en-hechos-de-violencia-intrafamiliar-en-contra-de-sus-ex-companeros-sentimentales\/\",\"name\":\"Fiscal\u00eda General de la Naci\u00f3n\",\"isPartOf\":{\"@id\":\"https:\/\/www.fiscalia.gov.co\/colombia\/#website\"},\"datePublished\":\"2023-01-27T17:13:22+00:00\",\"dateModified\":\"2023-01-27T17:13:22+00:00\",\"description\":\"P\u00e1gina oficial de la Fiscal\u00eda General de la Naci\u00f3n \u2013 Colombia. Garantizamos el acceso efectivo a la justicia, la verdad y la reparaci\u00f3n de las v\u00edctimas de los delitos.\",\"breadcrumb\":{\"@id\":\"https:\/\/www.fiscalia.gov.co\/colombia\/noticias\/dos-personas-fueron-aseguradas-por-su-presunta-responsabilidad-en-hechos-de-violencia-intrafamiliar-en-contra-de-sus-ex-companeros-sentimentales\/#breadcrumb\"},\"inLanguage\":\"es-CO\",\"potentialAction\":[{\"@type\":\"ReadAction\",\"target\":[\"https:\/\/www.fiscalia.gov.co\/colombia\/noticias\/dos-personas-fueron-aseguradas-por-su-presunta-responsabilidad-en-hechos-de-violencia-intrafamiliar-en-contra-de-sus-ex-companeros-sentimentales\/\"]}]},{\"@type\":\"BreadcrumbList\",\"@id\":\"https:\/\/www.fiscalia.gov.co\/colombia\/noticias\/dos-personas-fueron-aseguradas-por-su-presunta-responsabilidad-en-hechos-de-violencia-intrafamiliar-en-contra-de-sus-ex-companeros-sentimentales\/#breadcrumb\",\"itemListElement\":[{\"@type\":\"ListItem\",\"position\":1,\"name\":\"Home\",\"item\":\"https:\/\/www.fiscalia.gov.co\/colombia\/\"},{\"@type\":\"ListItem\",\"position\":2,\"name\":\"Dos personas fueron aseguradas por su presunta responsabilidad en hechos de violencia intrafamiliar en contra de sus ex compa\u00f1eros sentimentales\"}]},{\"@type\":\"WebSite\",\"@id\":\"https:\/\/www.fiscalia.gov.co\/colombia\/#website\",\"url\":\"https:\/\/www.fiscalia.gov.co\/colombia\/\",\"name\":\"Fiscal\u00eda General de la Naci\u00f3n\",\"description\":\"P\u00e1gina oficial de la Fiscal\u00eda General de la Naci\u00f3n \u2013 Colombia. Garantizamos el acceso efectivo a la justicia, la verdad y la reparaci\u00f3n de las v\u00edctimas de los delitos.\",\"publisher\":{\"@id\":\"https:\/\/www.fiscalia.gov.co\/colombia\/#organization\"},\"potentialAction\":[{\"@type\":\"SearchAction\",\"target\":{\"@type\":\"EntryPoint\",\"urlTemplate\":\"https:\/\/www.fiscalia.gov.co\/colombia\/?s={search_term_string}\"},\"query-input\":{\"@type\":\"PropertyValueSpecification\",\"valueRequired\":true,\"valueName\":\"search_term_string\"}}],\"inLanguage\":\"es-CO\"},{\"@type\":\"Organization\",\"@id\":\"https:\/\/www.fiscalia.gov.co\/colombia\/#organization\",\"name\":\"Fiscal\u00eda General de la Naci\u00f3n\",\"url\":\"https:\/\/www.fiscalia.gov.co\/colombia\/\",\"logo\":{\"@type\":\"ImageObject\",\"inLanguage\":\"es-CO\",\"@id\":\"https:\/\/www.fiscalia.gov.co\/colombia\/#\/schema\/logo\/image\/\",\"url\":\"https:\/\/www.fiscalia.gov.co\/colombia\/wp-content\/uploads\/LogoHorizontal_1.jpg\",\"contentUrl\":\"https:\/\/www.fiscalia.gov.co\/colombia\/wp-content\/uploads\/LogoHorizontal_1.jpg\",\"width\":300,\"height\":90,\"caption\":\"Fiscal\u00eda General de la Naci\u00f3n\"},\"image\":{\"@id\":\"https:\/\/www.fiscalia.gov.co\/colombia\/#\/schema\/logo\/image\/\"},\"sameAs\":[\"https:\/\/www.facebook.com\/FiscaliaCol\",\"https:\/\/x.com\/FiscaliaCol\",\"https:\/\/www.instagram.com\/fiscaliacol\",\"https:\/\/www.linkedin.com\/company\/fiscalia-general-de-la-naci-n\/\",\"https:\/\/youtube.com\/@fiscaliageneraldelanacion-4668?si=6nN79nyQICPU5iTh\"]},{\"@type\":\"Person\",\"@id\":\"https:\/\/www.fiscalia.gov.co\/colombia\/#\/schema\/person\/bf84402cf293a5393e9c70b111020b24\",\"name\":\"Jordan Leandro Oviedo Anzola\",\"image\":{\"@type\":\"ImageObject\",\"inLanguage\":\"es-CO\",\"@id\":\"https:\/\/www.fiscalia.gov.co\/colombia\/#\/schema\/person\/image\/\",\"url\":\"https:\/\/secure.gravatar.com\/avatar\/dabba4346fa9b9207d96adafa8f92721?s=96&d=mm&r=g\",\"contentUrl\":\"https:\/\/secure.gravatar.com\/avatar\/dabba4346fa9b9207d96adafa8f92721?s=96&d=mm&r=g\",\"caption\":\"Jordan Leandro Oviedo Anzola\"},\"url\":\"https:\/\/www.fiscalia.gov.co\/colombia\/author\/joviedo\/\"}]}<\/script>\n<!-- \/ Yoast SEO plugin. -->","yoast_head_json":{"title":"Fiscal\u00eda General de la Naci\u00f3n","description":"P\u00e1gina oficial de la Fiscal\u00eda General de la Naci\u00f3n \u2013 Colombia. Garantizamos el acceso efectivo a la justicia, la verdad y la reparaci\u00f3n de las v\u00edctimas de los delitos.","robots":{"index":"noindex","follow":"follow"},"og_locale":"es_ES","og_type":"article","og_title":"Fiscal\u00eda General de la Naci\u00f3n","og_description":"P\u00e1gina oficial de la Fiscal\u00eda General de la Naci\u00f3n \u2013 Colombia. Garantizamos el acceso efectivo a la justicia, la verdad y la reparaci\u00f3n de las v\u00edctimas de los delitos.","og_url":"https:\/\/www.fiscalia.gov.co\/colombia\/noticias\/dos-personas-fueron-aseguradas-por-su-presunta-responsabilidad-en-hechos-de-violencia-intrafamiliar-en-contra-de-sus-ex-companeros-sentimentales\/","og_site_name":"Fiscal\u00eda General de la Naci\u00f3n","article_publisher":"https:\/\/www.facebook.com\/FiscaliaCol","article_published_time":"2023-01-27T17:13:22+00:00","author":"Jordan Leandro Oviedo Anzola","twitter_card":"summary_large_image","twitter_creator":"@FiscaliaCol","twitter_site":"@FiscaliaCol","twitter_misc":{"Escrito por":"Jordan Leandro Oviedo Anzola","Tiempo de lectura":"2 minutos"},"schema":{"@context":"https:\/\/schema.org","@graph":[{"@type":"Article","@id":"https:\/\/www.fiscalia.gov.co\/colombia\/noticias\/dos-personas-fueron-aseguradas-por-su-presunta-responsabilidad-en-hechos-de-violencia-intrafamiliar-en-contra-de-sus-ex-companeros-sentimentales\/#article","isPartOf":{"@id":"https:\/\/www.fiscalia.gov.co\/colombia\/noticias\/dos-personas-fueron-aseguradas-por-su-presunta-responsabilidad-en-hechos-de-violencia-intrafamiliar-en-contra-de-sus-ex-companeros-sentimentales\/"},"author":{"name":"Jordan Leandro Oviedo Anzola","@id":"https:\/\/www.fiscalia.gov.co\/colombia\/#\/schema\/person\/bf84402cf293a5393e9c70b111020b24"},"headline":"Dos personas fueron aseguradas por su presunta responsabilidad en hechos de violencia intrafamiliar en contra de sus ex compa\u00f1eros sentimentales","datePublished":"2023-01-27T17:13:22+00:00","dateModified":"2023-01-27T17:13:22+00:00","mainEntityOfPage":{"@id":"https:\/\/www.fiscalia.gov.co\/colombia\/noticias\/dos-personas-fueron-aseguradas-por-su-presunta-responsabilidad-en-hechos-de-violencia-intrafamiliar-en-contra-de-sus-ex-companeros-sentimentales\/"},"wordCount":479,"publisher":{"@id":"https:\/\/www.fiscalia.gov.co\/colombia\/#organization"},"keywords":["ex compa\u00f1ero sentimental","Fiscal Barbosa","Fiscal\u00eda General de la Naci\u00f3n","Huila","Isnos","Neiva","Neiva (Huila)","V\u00edctimas","Violencia intrafamiliar"],"articleSection":["Noticias","Seccional Neiva","Seccionales","Violencia sexual e intrafamiliar"],"inLanguage":"es-CO"},{"@type":"WebPage","@id":"https:\/\/www.fiscalia.gov.co\/colombia\/noticias\/dos-personas-fueron-aseguradas-por-su-presunta-responsabilidad-en-hechos-de-violencia-intrafamiliar-en-contra-de-sus-ex-companeros-sentimentales\/","url":"https:\/\/www.fiscalia.gov.co\/colombia\/noticias\/dos-personas-fueron-aseguradas-por-su-presunta-responsabilidad-en-hechos-de-violencia-intrafamiliar-en-contra-de-sus-ex-companeros-sentimentales\/","name":"Fiscal\u00eda General de la Naci\u00f3n","isPartOf":{"@id":"https:\/\/www.fiscalia.gov.co\/colombia\/#website"},"datePublished":"2023-01-27T17:13:22+00:00","dateModified":"2023-01-27T17:13:22+00:00","description":"P\u00e1gina oficial de la Fiscal\u00eda General de la Naci\u00f3n \u2013 Colombia. Garantizamos el acceso efectivo a la justicia, la verdad y la reparaci\u00f3n de las v\u00edctimas de los delitos.","breadcrumb":{"@id":"https:\/\/www.fiscalia.gov.co\/colombia\/noticias\/dos-personas-fueron-aseguradas-por-su-presunta-responsabilidad-en-hechos-de-violencia-intrafamiliar-en-contra-de-sus-ex-companeros-sentimentales\/#breadcrumb"},"inLanguage":"es-CO","potentialAction":[{"@type":"ReadAction","target":["https:\/\/www.fiscalia.gov.co\/colombia\/noticias\/dos-personas-fueron-aseguradas-por-su-presunta-responsabilidad-en-hechos-de-violencia-intrafamiliar-en-contra-de-sus-ex-companeros-sentimentales\/"]}]},{"@type":"BreadcrumbList","@id":"https:\/\/www.fiscalia.gov.co\/colombia\/noticias\/dos-personas-fueron-aseguradas-por-su-presunta-responsabilidad-en-hechos-de-violencia-intrafamiliar-en-contra-de-sus-ex-companeros-sentimentales\/#breadcrumb","itemListElement":[{"@type":"ListItem","position":1,"name":"Home","item":"https:\/\/www.fiscalia.gov.co\/colombia\/"},{"@type":"ListItem","position":2,"name":"Dos personas fueron aseguradas por su presunta responsabilidad en hechos de violencia intrafamiliar en contra de sus ex compa\u00f1eros sentimentales"}]},{"@type":"WebSite","@id":"https:\/\/www.fiscalia.gov.co\/colombia\/#website","url":"https:\/\/www.fiscalia.gov.co\/colombia\/","name":"Fiscal\u00eda General de la Naci\u00f3n","description":"P\u00e1gina oficial de la Fiscal\u00eda General de la Naci\u00f3n \u2013 Colombia. Garantizamos el acceso efectivo a la justicia, la verdad y la reparaci\u00f3n de las v\u00edctimas de los delitos.","publisher":{"@id":"https:\/\/www.fiscalia.gov.co\/colombia\/#organization"},"potentialAction":[{"@type":"SearchAction","target":{"@type":"EntryPoint","urlTemplate":"https:\/\/www.fiscalia.gov.co\/colombia\/?s={search_term_string}"},"query-input":{"@type":"PropertyValueSpecification","valueRequired":true,"valueName":"search_term_string"}}],"inLanguage":"es-CO"},{"@type":"Organization","@id":"https:\/\/www.fiscalia.gov.co\/colombia\/#organization","name":"Fiscal\u00eda General de la Naci\u00f3n","url":"https:\/\/www.fiscalia.gov.co\/colombia\/","logo":{"@type":"ImageObject","inLanguage":"es-CO","@id":"https:\/\/www.fiscalia.gov.co\/colombia\/#\/schema\/logo\/image\/","url":"https:\/\/www.fiscalia.gov.co\/colombia\/wp-content\/uploads\/LogoHorizontal_1.jpg","contentUrl":"https:\/\/www.fiscalia.gov.co\/colombia\/wp-content\/uploads\/LogoHorizontal_1.jpg","width":300,"height":90,"caption":"Fiscal\u00eda General de la Naci\u00f3n"},"image":{"@id":"https:\/\/www.fiscalia.gov.co\/colombia\/#\/schema\/logo\/image\/"},"sameAs":["https:\/\/www.facebook.com\/FiscaliaCol","https:\/\/x.com\/FiscaliaCol","https:\/\/www.instagram.com\/fiscaliacol","https:\/\/www.linkedin.com\/company\/fiscalia-general-de-la-naci-n\/","https:\/\/youtube.com\/@fiscaliageneraldelanacion-4668?si=6nN79nyQICPU5iTh"]},{"@type":"Person","@id":"https:\/\/www.fiscalia.gov.co\/colombia\/#\/schema\/person\/bf84402cf293a5393e9c70b111020b24","name":"Jordan Leandro Oviedo Anzola","image":{"@type":"ImageObject","inLanguage":"es-CO","@id":"https:\/\/www.fiscalia.gov.co\/colombia\/#\/schema\/person\/image\/","url":"https:\/\/secure.gravatar.com\/avatar\/dabba4346fa9b9207d96adafa8f92721?s=96&d=mm&r=g","contentUrl":"https:\/\/secure.gravatar.com\/avatar\/dabba4346fa9b9207d96adafa8f92721?s=96&d=mm&r=g","caption":"Jordan Leandro Oviedo Anzola"},"url":"https:\/\/www.fiscalia.gov.co\/colombia\/author\/joviedo\/"}]}},"_links":{"self":[{"href":"https:\/\/www.fiscalia.gov.co\/colombia\/wp-json\/wp\/v2\/posts\/264844","targetHints":{"allow":["GET"]}}],"collection":[{"href":"https:\/\/www.fiscalia.gov.co\/colombia\/wp-json\/wp\/v2\/posts"}],"about":[{"href":"https:\/\/www.fiscalia.gov.co\/colombia\/wp-json\/wp\/v2\/types\/post"}],"author":[{"embeddable":true,"href":"https:\/\/www.fiscalia.gov.co\/colombia\/wp-json\/wp\/v2\/users\/177"}],"replies":[{"embeddable":true,"href":"https:\/\/www.fiscalia.gov.co\/colombia\/wp-json\/wp\/v2\/comments?post=264844"}],"version-history":[{"count":1,"href":"https:\/\/www.fiscalia.gov.co\/colombia\/wp-json\/wp\/v2\/posts\/264844\/revisions"}],"predecessor-version":[{"id":264845,"href":"https:\/\/www.fiscalia.gov.co\/colombia\/wp-json\/wp\/v2\/posts\/264844\/revisions\/264845"}],"wp:attachment":[{"href":"https:\/\/www.fiscalia.gov.co\/colombia\/wp-json\/wp\/v2\/media?parent=264844"}],"wp:term":[{"taxonomy":"category","embeddable":true,"href":"https:\/\/www.fiscalia.gov.co\/colombia\/wp-json\/wp\/v2\/categories?post=264844"},{"taxonomy":"post_tag","embeddable":true,"href":"https:\/\/www.fiscalia.gov.co\/colombia\/wp-json\/wp\/v2\/tags?post=264844"}],"curies":[{"name":"wp","href":"https:\/\/api.w.org\/{rel}","templated":true}]}}