{"id":264802,"date":"2023-01-26T16:58:45","date_gmt":"2023-01-26T21:58:45","guid":{"rendered":"https:\/\/www.fiscalia.gov.co\/colombia\/?p=264802"},"modified":"2023-01-26T17:00:16","modified_gmt":"2023-01-26T22:00:16","slug":"judicializado-en-inirida-un-hombre-que-habria-amenazado-y-golpeado-una-mujer-con-un-arma-por-hurtarle-sus-pertenencias","status":"publish","type":"post","link":"https:\/\/www.fiscalia.gov.co\/colombia\/noticias\/judicializado-en-inirida-un-hombre-que-habria-amenazado-y-golpeado-una-mujer-con-un-arma-por-hurtarle-sus-pertenencias\/","title":{"rendered":"Judicializado en In\u00edrida un hombre que habr\u00eda amenazado y golpeado una mujer con un arma por hurtarle sus pertenencias"},"content":{"rendered":"<p>Un Fiscal de la Seccional Guain\u00eda &#8211; Vaup\u00e9s, logr\u00f3 medida carcelaria para un hombre que, al parecer, <a href=\"https:\/\/www.fiscalia.gov.co\/colombia\/noticias\/detencion-carcelaria-contra-alias-camo-presunto-cabecilla-de-la-banda-delincuencial-las-delicias-dedicada-al-homicidio-y-hurto-violento\/\"><strong>hurt\u00f3<\/strong><\/a> varias pertenencias y le produjo una herida a una mujer que estaba con su esposo en el interior de su negocio de venta de comidas r\u00e1pidas, en la ciudad de In\u00edrida Guain\u00eda.<\/p>\n<figure id=\"attachment_264805\" aria-describedby=\"caption-attachment-264805\" style=\"width: 1280px\" class=\"wp-caption aligncenter\"><img loading=\"lazy\" decoding=\"async\" class=\"size-full wp-image-264805\" src=\"https:\/\/www.fiscalia.gov.co\/colombia\/wp-content\/uploads\/Henry-Jose-Linares-Rondon.jpeg\" alt=\"El hombre est\u00e1 esposado con sus manos, le da la\u00a0espalda a la c\u00e1mara y est\u00e1 protegido por dos miembros de la Polic\u00eda Nacional.\" width=\"1280\" height=\"720\" srcset=\"https:\/\/www.fiscalia.gov.co\/colombia\/wp-content\/uploads\/Henry-Jose-Linares-Rondon.jpeg 1280w, https:\/\/www.fiscalia.gov.co\/colombia\/wp-content\/uploads\/Henry-Jose-Linares-Rondon-300x169.jpeg 300w, https:\/\/www.fiscalia.gov.co\/colombia\/wp-content\/uploads\/Henry-Jose-Linares-Rondon-1024x576.jpeg 1024w, https:\/\/www.fiscalia.gov.co\/colombia\/wp-content\/uploads\/Henry-Jose-Linares-Rondon-768x432.jpeg 768w, https:\/\/www.fiscalia.gov.co\/colombia\/wp-content\/uploads\/Henry-Jose-Linares-Rondon-696x392.jpeg 696w, https:\/\/www.fiscalia.gov.co\/colombia\/wp-content\/uploads\/Henry-Jose-Linares-Rondon-1068x601.jpeg 1068w, https:\/\/www.fiscalia.gov.co\/colombia\/wp-content\/uploads\/Henry-Jose-Linares-Rondon-747x420.jpeg 747w\" sizes=\"auto, (max-width: 1280px) 100vw, 1280px\" \/><figcaption id=\"caption-attachment-264805\" class=\"wp-caption-text\">Henry Jos\u00e9 Linares Rond\u00f3n, fue reconocido por una de sus v\u00edctimas y fue judicializado por los delitos de hurto calificado y agravado, cargos que acept\u00f3 ante el juez.<\/figcaption><\/figure>\n<p>El hecho investigado ocurri\u00f3 el pasado 24 de agosto del 2022 en el barrio Los Libertadores de la capital del Guain\u00eda, cuando las dos personas atend\u00edan su negocio, fueron v\u00edctimas de <strong>Henry Jos\u00e9 Linares Rond\u00f3n, <\/strong>quien de manera violenta ingres\u00f3 al establecimiento portando un arma de fuego y intimid\u00e1ndolos, como la mujer no accedi\u00f3 a entregar sus pertenencias, el presunto <a href=\"https:\/\/www.fiscalia.gov.co\/colombia\/noticias\/asegurados-goku-y-ovejo-por-un-hurto-colectivo-en-chaparral-tolima\/\"><strong>ladr\u00f3n<\/strong><\/a> la agredi\u00f3, no obstante, logr\u00f3 llevarse dos celulares y dinero en efectivo.<\/p>\n<p>Un Fiscal lo impute por los delitos de <a href=\"https:\/\/www.fiscalia.gov.co\/colombia\/noticias\/responsable-de-asesinar-a-una-persona-que-quiso-impedir-el-hurto-de-un-celular-fue-condenado-a-mas-de-16-anos-de-prision\/\"><strong>hurto<\/strong><\/a><strong> calificado y agravado, <\/strong>y ante la contundencia de los elementos materiales probatorios, Linares Rond\u00f3n no tuvo otra posibilidad que aceptar los cargos endilgados por el ente acusador.<\/p>\n<p>Esta informaci\u00f3n se publica por razones de inter\u00e9s general.<\/p>\n<p><strong>La Fiscal\u00eda habla con resultados.<\/strong><\/p>\n<p>LAZL\/EDITOR\/FISCAL\/DSGV\/<\/p>\n<div>\n<p>&nbsp;<\/p>\n<\/div>\n<p><em>La informaci\u00f3n contenida en este bolet\u00edn de prensa corresponde a la narraci\u00f3n de los hechos noticiosos objetivos, suministrados por los funcionarios encargados de adelantar las investigaciones penales al interior de la Fiscal\u00eda General de la Naci\u00f3n. Para el momento de la divulgaci\u00f3n de este comunicado, la situaci\u00f3n jur\u00eddica de la(s) persona(s) relacionada(s) se encuentra pendiente de resolver por la autoridad judicial competente, siempre bajo los preceptos de la presunci\u00f3n de inocencia, consagrados en el art\u00edculo 29 de la Constituci\u00f3n Pol\u00edtica y el art\u00edculo 7\u00ba de la Ley 906 de 2004.<\/em><\/p>\n\n<div class=\"twitter-share\"><a href=\"https:\/\/twitter.com\/intent\/tweet?via=fiscaliacol\" class=\"twitter-share-button\">Tweet<\/a><\/div>\n","protected":false},"excerpt":{"rendered":"<p>Un Fiscal de la Seccional Guain\u00eda &#8211; Vaup\u00e9s, logr\u00f3 medida carcelaria para un hombre que, al parecer, hurt\u00f3 varias pertenencias y le produjo una herida a una mujer que estaba con su esposo en el interior de su negocio de venta de comidas r\u00e1pidas, en la ciudad de In\u00edrida Guain\u00eda. El hecho investigado ocurri\u00f3 el [&hellip;]<\/p>\n","protected":false},"author":175,"featured_media":0,"comment_status":"closed","ping_status":"open","sticky":false,"template":"","format":"standard","meta":{"_price":"","_stock":"","_tribe_ticket_header":"","_tribe_default_ticket_provider":"","_tribe_ticket_capacity":"0","_ticket_start_date":"","_ticket_end_date":"","_tribe_ticket_show_description":"","_tribe_ticket_show_not_going":false,"_tribe_ticket_use_global_stock":"","_tribe_ticket_global_stock_level":"","_global_stock_mode":"","_global_stock_cap":"","_tribe_rsvp_for_event":"","_tribe_ticket_going_count":"","_tribe_ticket_not_going_count":"","_tribe_tickets_list":"[]","_tribe_ticket_has_attendee_info_fields":false,"tdm_status":"","tdm_grid_status":"","footnotes":""},"categories":[1,24154,24099],"tags":[924,1047,7451,1185],"class_list":{"0":"post-264802","1":"post","2":"type-post","3":"status-publish","4":"format-standard","6":"category-noticias","7":"category-seccional-inirida","8":"category-seguridad-territorial","9":"tag-captura","10":"tag-fiscalia-general-de-la-nacion","11":"tag-hurto-calificado-y-agravado","12":"tag-medida-de-aseguramiento"},"yoast_head":"<!-- This site is optimized with the Yoast SEO plugin v24.3 - https:\/\/yoast.com\/wordpress\/plugins\/seo\/ -->\n<title>Fiscal\u00eda General de la Naci\u00f3n<\/title>\n<meta name=\"description\" content=\"P\u00e1gina oficial de la Fiscal\u00eda General de la Naci\u00f3n \u2013 Colombia. Garantizamos el acceso efectivo a la justicia, la verdad y la reparaci\u00f3n de las v\u00edctimas de los delitos.\" \/>\n<meta name=\"robots\" content=\"noindex, follow\" \/>\n<meta property=\"og:locale\" content=\"es_ES\" \/>\n<meta property=\"og:type\" content=\"article\" \/>\n<meta property=\"og:title\" content=\"Fiscal\u00eda General de la Naci\u00f3n\" \/>\n<meta property=\"og:description\" content=\"P\u00e1gina oficial de la Fiscal\u00eda General de la Naci\u00f3n \u2013 Colombia. Garantizamos el acceso efectivo a la justicia, la verdad y la reparaci\u00f3n de las v\u00edctimas de los delitos.\" \/>\n<meta property=\"og:url\" content=\"https:\/\/www.fiscalia.gov.co\/colombia\/noticias\/judicializado-en-inirida-un-hombre-que-habria-amenazado-y-golpeado-una-mujer-con-un-arma-por-hurtarle-sus-pertenencias\/\" \/>\n<meta property=\"og:site_name\" content=\"Fiscal\u00eda General de la Naci\u00f3n\" \/>\n<meta property=\"article:publisher\" content=\"https:\/\/www.facebook.com\/FiscaliaCol\" \/>\n<meta property=\"article:published_time\" content=\"2023-01-26T21:58:45+00:00\" \/>\n<meta property=\"article:modified_time\" content=\"2023-01-26T22:00:16+00:00\" \/>\n<meta property=\"og:image\" content=\"https:\/\/www.fiscalia.gov.co\/colombia\/wp-content\/uploads\/Henry-Jose-Linares-Rondon.jpeg\" \/>\n<meta name=\"author\" content=\"Katherine Loaiza Mart\u00ednez\" \/>\n<meta name=\"twitter:card\" content=\"summary_large_image\" \/>\n<meta name=\"twitter:creator\" content=\"@FiscaliaCol\" \/>\n<meta name=\"twitter:site\" content=\"@FiscaliaCol\" \/>\n<meta name=\"twitter:label1\" content=\"Escrito por\" \/>\n\t<meta name=\"twitter:data1\" content=\"Katherine Loaiza Mart\u00ednez\" \/>\n\t<meta name=\"twitter:label2\" content=\"Tiempo de lectura\" \/>\n\t<meta name=\"twitter:data2\" content=\"2 minutos\" \/>\n<script type=\"application\/ld+json\" class=\"yoast-schema-graph\">{\"@context\":\"https:\/\/schema.org\",\"@graph\":[{\"@type\":\"Article\",\"@id\":\"https:\/\/www.fiscalia.gov.co\/colombia\/noticias\/judicializado-en-inirida-un-hombre-que-habria-amenazado-y-golpeado-una-mujer-con-un-arma-por-hurtarle-sus-pertenencias\/#article\",\"isPartOf\":{\"@id\":\"https:\/\/www.fiscalia.gov.co\/colombia\/noticias\/judicializado-en-inirida-un-hombre-que-habria-amenazado-y-golpeado-una-mujer-con-un-arma-por-hurtarle-sus-pertenencias\/\"},\"author\":{\"name\":\"Katherine Loaiza Mart\u00ednez\",\"@id\":\"https:\/\/www.fiscalia.gov.co\/colombia\/#\/schema\/person\/2e76b9aba5ecf875ed565ce4de0e0415\"},\"headline\":\"Judicializado en In\u00edrida un hombre que habr\u00eda amenazado y golpeado una mujer con un arma por hurtarle sus pertenencias\",\"datePublished\":\"2023-01-26T21:58:45+00:00\",\"dateModified\":\"2023-01-26T22:00:16+00:00\",\"mainEntityOfPage\":{\"@id\":\"https:\/\/www.fiscalia.gov.co\/colombia\/noticias\/judicializado-en-inirida-un-hombre-que-habria-amenazado-y-golpeado-una-mujer-con-un-arma-por-hurtarle-sus-pertenencias\/\"},\"wordCount\":351,\"publisher\":{\"@id\":\"https:\/\/www.fiscalia.gov.co\/colombia\/#organization\"},\"image\":{\"@id\":\"https:\/\/www.fiscalia.gov.co\/colombia\/noticias\/judicializado-en-inirida-un-hombre-que-habria-amenazado-y-golpeado-una-mujer-con-un-arma-por-hurtarle-sus-pertenencias\/#primaryimage\"},\"thumbnailUrl\":\"https:\/\/www.fiscalia.gov.co\/colombia\/wp-content\/uploads\/Henry-Jose-Linares-Rondon.jpeg\",\"keywords\":[\"Captura\",\"Fiscal\u00eda General de la Naci\u00f3n\",\"hurto calificado y agravado\",\"Medida de aseguramiento\"],\"articleSection\":[\"Noticias\",\"Seccional In\u00edrida\",\"Seguridad territorial\"],\"inLanguage\":\"es-CO\"},{\"@type\":\"WebPage\",\"@id\":\"https:\/\/www.fiscalia.gov.co\/colombia\/noticias\/judicializado-en-inirida-un-hombre-que-habria-amenazado-y-golpeado-una-mujer-con-un-arma-por-hurtarle-sus-pertenencias\/\",\"url\":\"https:\/\/www.fiscalia.gov.co\/colombia\/noticias\/judicializado-en-inirida-un-hombre-que-habria-amenazado-y-golpeado-una-mujer-con-un-arma-por-hurtarle-sus-pertenencias\/\",\"name\":\"Fiscal\u00eda General de la Naci\u00f3n\",\"isPartOf\":{\"@id\":\"https:\/\/www.fiscalia.gov.co\/colombia\/#website\"},\"primaryImageOfPage\":{\"@id\":\"https:\/\/www.fiscalia.gov.co\/colombia\/noticias\/judicializado-en-inirida-un-hombre-que-habria-amenazado-y-golpeado-una-mujer-con-un-arma-por-hurtarle-sus-pertenencias\/#primaryimage\"},\"image\":{\"@id\":\"https:\/\/www.fiscalia.gov.co\/colombia\/noticias\/judicializado-en-inirida-un-hombre-que-habria-amenazado-y-golpeado-una-mujer-con-un-arma-por-hurtarle-sus-pertenencias\/#primaryimage\"},\"thumbnailUrl\":\"https:\/\/www.fiscalia.gov.co\/colombia\/wp-content\/uploads\/Henry-Jose-Linares-Rondon.jpeg\",\"datePublished\":\"2023-01-26T21:58:45+00:00\",\"dateModified\":\"2023-01-26T22:00:16+00:00\",\"description\":\"P\u00e1gina oficial de la Fiscal\u00eda General de la Naci\u00f3n \u2013 Colombia. Garantizamos el acceso efectivo a la justicia, la verdad y la reparaci\u00f3n de las v\u00edctimas de los delitos.\",\"breadcrumb\":{\"@id\":\"https:\/\/www.fiscalia.gov.co\/colombia\/noticias\/judicializado-en-inirida-un-hombre-que-habria-amenazado-y-golpeado-una-mujer-con-un-arma-por-hurtarle-sus-pertenencias\/#breadcrumb\"},\"inLanguage\":\"es-CO\",\"potentialAction\":[{\"@type\":\"ReadAction\",\"target\":[\"https:\/\/www.fiscalia.gov.co\/colombia\/noticias\/judicializado-en-inirida-un-hombre-que-habria-amenazado-y-golpeado-una-mujer-con-un-arma-por-hurtarle-sus-pertenencias\/\"]}]},{\"@type\":\"ImageObject\",\"inLanguage\":\"es-CO\",\"@id\":\"https:\/\/www.fiscalia.gov.co\/colombia\/noticias\/judicializado-en-inirida-un-hombre-que-habria-amenazado-y-golpeado-una-mujer-con-un-arma-por-hurtarle-sus-pertenencias\/#primaryimage\",\"url\":\"https:\/\/www.fiscalia.gov.co\/colombia\/wp-content\/uploads\/Henry-Jose-Linares-Rondon.jpeg\",\"contentUrl\":\"https:\/\/www.fiscalia.gov.co\/colombia\/wp-content\/uploads\/Henry-Jose-Linares-Rondon.jpeg\",\"width\":1280,\"height\":720,\"caption\":\"Henry Jos\u00e9 Linares Rond\u00f3n, fue reconocido por una de sus v\u00edctimas y fue judicializado por los delitos de hurto calificado y agravado, cargos que acept\u00f3 ante el juez.\"},{\"@type\":\"BreadcrumbList\",\"@id\":\"https:\/\/www.fiscalia.gov.co\/colombia\/noticias\/judicializado-en-inirida-un-hombre-que-habria-amenazado-y-golpeado-una-mujer-con-un-arma-por-hurtarle-sus-pertenencias\/#breadcrumb\",\"itemListElement\":[{\"@type\":\"ListItem\",\"position\":1,\"name\":\"Home\",\"item\":\"https:\/\/www.fiscalia.gov.co\/colombia\/\"},{\"@type\":\"ListItem\",\"position\":2,\"name\":\"Judicializado en In\u00edrida un hombre que habr\u00eda amenazado y golpeado una mujer con un arma por hurtarle sus pertenencias\"}]},{\"@type\":\"WebSite\",\"@id\":\"https:\/\/www.fiscalia.gov.co\/colombia\/#website\",\"url\":\"https:\/\/www.fiscalia.gov.co\/colombia\/\",\"name\":\"Fiscal\u00eda General de la Naci\u00f3n\",\"description\":\"P\u00e1gina oficial de la Fiscal\u00eda General de la Naci\u00f3n \u2013 Colombia. Garantizamos el acceso efectivo a la justicia, la verdad y la reparaci\u00f3n de las v\u00edctimas de los delitos.\",\"publisher\":{\"@id\":\"https:\/\/www.fiscalia.gov.co\/colombia\/#organization\"},\"potentialAction\":[{\"@type\":\"SearchAction\",\"target\":{\"@type\":\"EntryPoint\",\"urlTemplate\":\"https:\/\/www.fiscalia.gov.co\/colombia\/?s={search_term_string}\"},\"query-input\":{\"@type\":\"PropertyValueSpecification\",\"valueRequired\":true,\"valueName\":\"search_term_string\"}}],\"inLanguage\":\"es-CO\"},{\"@type\":\"Organization\",\"@id\":\"https:\/\/www.fiscalia.gov.co\/colombia\/#organization\",\"name\":\"Fiscal\u00eda General de la Naci\u00f3n\",\"url\":\"https:\/\/www.fiscalia.gov.co\/colombia\/\",\"logo\":{\"@type\":\"ImageObject\",\"inLanguage\":\"es-CO\",\"@id\":\"https:\/\/www.fiscalia.gov.co\/colombia\/#\/schema\/logo\/image\/\",\"url\":\"https:\/\/www.fiscalia.gov.co\/colombia\/wp-content\/uploads\/LogoHorizontal_1.jpg\",\"contentUrl\":\"https:\/\/www.fiscalia.gov.co\/colombia\/wp-content\/uploads\/LogoHorizontal_1.jpg\",\"width\":300,\"height\":90,\"caption\":\"Fiscal\u00eda General de la Naci\u00f3n\"},\"image\":{\"@id\":\"https:\/\/www.fiscalia.gov.co\/colombia\/#\/schema\/logo\/image\/\"},\"sameAs\":[\"https:\/\/www.facebook.com\/FiscaliaCol\",\"https:\/\/x.com\/FiscaliaCol\",\"https:\/\/www.instagram.com\/fiscaliacol\",\"https:\/\/www.linkedin.com\/company\/fiscalia-general-de-la-naci-n\/\",\"https:\/\/youtube.com\/@fiscaliageneraldelanacion-4668?si=6nN79nyQICPU5iTh\"]},{\"@type\":\"Person\",\"@id\":\"https:\/\/www.fiscalia.gov.co\/colombia\/#\/schema\/person\/2e76b9aba5ecf875ed565ce4de0e0415\",\"name\":\"Katherine Loaiza Mart\u00ednez\",\"image\":{\"@type\":\"ImageObject\",\"inLanguage\":\"es-CO\",\"@id\":\"https:\/\/www.fiscalia.gov.co\/colombia\/#\/schema\/person\/image\/\",\"url\":\"https:\/\/secure.gravatar.com\/avatar\/ab775a2f394c1b83b6d6f78680e57b50?s=96&d=mm&r=g\",\"contentUrl\":\"https:\/\/secure.gravatar.com\/avatar\/ab775a2f394c1b83b6d6f78680e57b50?s=96&d=mm&r=g\",\"caption\":\"Katherine Loaiza Mart\u00ednez\"},\"url\":\"https:\/\/www.fiscalia.gov.co\/colombia\/author\/kloaiza\/\"}]}<\/script>\n<!-- \/ Yoast SEO plugin. -->","yoast_head_json":{"title":"Fiscal\u00eda General de la Naci\u00f3n","description":"P\u00e1gina oficial de la Fiscal\u00eda General de la Naci\u00f3n \u2013 Colombia. Garantizamos el acceso efectivo a la justicia, la verdad y la reparaci\u00f3n de las v\u00edctimas de los delitos.","robots":{"index":"noindex","follow":"follow"},"og_locale":"es_ES","og_type":"article","og_title":"Fiscal\u00eda General de la Naci\u00f3n","og_description":"P\u00e1gina oficial de la Fiscal\u00eda General de la Naci\u00f3n \u2013 Colombia. Garantizamos el acceso efectivo a la justicia, la verdad y la reparaci\u00f3n de las v\u00edctimas de los delitos.","og_url":"https:\/\/www.fiscalia.gov.co\/colombia\/noticias\/judicializado-en-inirida-un-hombre-que-habria-amenazado-y-golpeado-una-mujer-con-un-arma-por-hurtarle-sus-pertenencias\/","og_site_name":"Fiscal\u00eda General de la Naci\u00f3n","article_publisher":"https:\/\/www.facebook.com\/FiscaliaCol","article_published_time":"2023-01-26T21:58:45+00:00","article_modified_time":"2023-01-26T22:00:16+00:00","og_image":[{"url":"https:\/\/www.fiscalia.gov.co\/colombia\/wp-content\/uploads\/Henry-Jose-Linares-Rondon.jpeg","type":"","width":"","height":""}],"author":"Katherine Loaiza Mart\u00ednez","twitter_card":"summary_large_image","twitter_creator":"@FiscaliaCol","twitter_site":"@FiscaliaCol","twitter_misc":{"Escrito por":"Katherine Loaiza Mart\u00ednez","Tiempo de lectura":"2 minutos"},"schema":{"@context":"https:\/\/schema.org","@graph":[{"@type":"Article","@id":"https:\/\/www.fiscalia.gov.co\/colombia\/noticias\/judicializado-en-inirida-un-hombre-que-habria-amenazado-y-golpeado-una-mujer-con-un-arma-por-hurtarle-sus-pertenencias\/#article","isPartOf":{"@id":"https:\/\/www.fiscalia.gov.co\/colombia\/noticias\/judicializado-en-inirida-un-hombre-que-habria-amenazado-y-golpeado-una-mujer-con-un-arma-por-hurtarle-sus-pertenencias\/"},"author":{"name":"Katherine Loaiza Mart\u00ednez","@id":"https:\/\/www.fiscalia.gov.co\/colombia\/#\/schema\/person\/2e76b9aba5ecf875ed565ce4de0e0415"},"headline":"Judicializado en In\u00edrida un hombre que habr\u00eda amenazado y golpeado una mujer con un arma por hurtarle sus pertenencias","datePublished":"2023-01-26T21:58:45+00:00","dateModified":"2023-01-26T22:00:16+00:00","mainEntityOfPage":{"@id":"https:\/\/www.fiscalia.gov.co\/colombia\/noticias\/judicializado-en-inirida-un-hombre-que-habria-amenazado-y-golpeado-una-mujer-con-un-arma-por-hurtarle-sus-pertenencias\/"},"wordCount":351,"publisher":{"@id":"https:\/\/www.fiscalia.gov.co\/colombia\/#organization"},"image":{"@id":"https:\/\/www.fiscalia.gov.co\/colombia\/noticias\/judicializado-en-inirida-un-hombre-que-habria-amenazado-y-golpeado-una-mujer-con-un-arma-por-hurtarle-sus-pertenencias\/#primaryimage"},"thumbnailUrl":"https:\/\/www.fiscalia.gov.co\/colombia\/wp-content\/uploads\/Henry-Jose-Linares-Rondon.jpeg","keywords":["Captura","Fiscal\u00eda General de la Naci\u00f3n","hurto calificado y agravado","Medida de aseguramiento"],"articleSection":["Noticias","Seccional In\u00edrida","Seguridad territorial"],"inLanguage":"es-CO"},{"@type":"WebPage","@id":"https:\/\/www.fiscalia.gov.co\/colombia\/noticias\/judicializado-en-inirida-un-hombre-que-habria-amenazado-y-golpeado-una-mujer-con-un-arma-por-hurtarle-sus-pertenencias\/","url":"https:\/\/www.fiscalia.gov.co\/colombia\/noticias\/judicializado-en-inirida-un-hombre-que-habria-amenazado-y-golpeado-una-mujer-con-un-arma-por-hurtarle-sus-pertenencias\/","name":"Fiscal\u00eda General de la Naci\u00f3n","isPartOf":{"@id":"https:\/\/www.fiscalia.gov.co\/colombia\/#website"},"primaryImageOfPage":{"@id":"https:\/\/www.fiscalia.gov.co\/colombia\/noticias\/judicializado-en-inirida-un-hombre-que-habria-amenazado-y-golpeado-una-mujer-con-un-arma-por-hurtarle-sus-pertenencias\/#primaryimage"},"image":{"@id":"https:\/\/www.fiscalia.gov.co\/colombia\/noticias\/judicializado-en-inirida-un-hombre-que-habria-amenazado-y-golpeado-una-mujer-con-un-arma-por-hurtarle-sus-pertenencias\/#primaryimage"},"thumbnailUrl":"https:\/\/www.fiscalia.gov.co\/colombia\/wp-content\/uploads\/Henry-Jose-Linares-Rondon.jpeg","datePublished":"2023-01-26T21:58:45+00:00","dateModified":"2023-01-26T22:00:16+00:00","description":"P\u00e1gina oficial de la Fiscal\u00eda General de la Naci\u00f3n \u2013 Colombia. Garantizamos el acceso efectivo a la justicia, la verdad y la reparaci\u00f3n de las v\u00edctimas de los delitos.","breadcrumb":{"@id":"https:\/\/www.fiscalia.gov.co\/colombia\/noticias\/judicializado-en-inirida-un-hombre-que-habria-amenazado-y-golpeado-una-mujer-con-un-arma-por-hurtarle-sus-pertenencias\/#breadcrumb"},"inLanguage":"es-CO","potentialAction":[{"@type":"ReadAction","target":["https:\/\/www.fiscalia.gov.co\/colombia\/noticias\/judicializado-en-inirida-un-hombre-que-habria-amenazado-y-golpeado-una-mujer-con-un-arma-por-hurtarle-sus-pertenencias\/"]}]},{"@type":"ImageObject","inLanguage":"es-CO","@id":"https:\/\/www.fiscalia.gov.co\/colombia\/noticias\/judicializado-en-inirida-un-hombre-que-habria-amenazado-y-golpeado-una-mujer-con-un-arma-por-hurtarle-sus-pertenencias\/#primaryimage","url":"https:\/\/www.fiscalia.gov.co\/colombia\/wp-content\/uploads\/Henry-Jose-Linares-Rondon.jpeg","contentUrl":"https:\/\/www.fiscalia.gov.co\/colombia\/wp-content\/uploads\/Henry-Jose-Linares-Rondon.jpeg","width":1280,"height":720,"caption":"Henry Jos\u00e9 Linares Rond\u00f3n, fue reconocido por una de sus v\u00edctimas y fue judicializado por los delitos de hurto calificado y agravado, cargos que acept\u00f3 ante el juez."},{"@type":"BreadcrumbList","@id":"https:\/\/www.fiscalia.gov.co\/colombia\/noticias\/judicializado-en-inirida-un-hombre-que-habria-amenazado-y-golpeado-una-mujer-con-un-arma-por-hurtarle-sus-pertenencias\/#breadcrumb","itemListElement":[{"@type":"ListItem","position":1,"name":"Home","item":"https:\/\/www.fiscalia.gov.co\/colombia\/"},{"@type":"ListItem","position":2,"name":"Judicializado en In\u00edrida un hombre que habr\u00eda amenazado y golpeado una mujer con un arma por hurtarle sus pertenencias"}]},{"@type":"WebSite","@id":"https:\/\/www.fiscalia.gov.co\/colombia\/#website","url":"https:\/\/www.fiscalia.gov.co\/colombia\/","name":"Fiscal\u00eda General de la Naci\u00f3n","description":"P\u00e1gina oficial de la Fiscal\u00eda General de la Naci\u00f3n \u2013 Colombia. Garantizamos el acceso efectivo a la justicia, la verdad y la reparaci\u00f3n de las v\u00edctimas de los delitos.","publisher":{"@id":"https:\/\/www.fiscalia.gov.co\/colombia\/#organization"},"potentialAction":[{"@type":"SearchAction","target":{"@type":"EntryPoint","urlTemplate":"https:\/\/www.fiscalia.gov.co\/colombia\/?s={search_term_string}"},"query-input":{"@type":"PropertyValueSpecification","valueRequired":true,"valueName":"search_term_string"}}],"inLanguage":"es-CO"},{"@type":"Organization","@id":"https:\/\/www.fiscalia.gov.co\/colombia\/#organization","name":"Fiscal\u00eda General de la Naci\u00f3n","url":"https:\/\/www.fiscalia.gov.co\/colombia\/","logo":{"@type":"ImageObject","inLanguage":"es-CO","@id":"https:\/\/www.fiscalia.gov.co\/colombia\/#\/schema\/logo\/image\/","url":"https:\/\/www.fiscalia.gov.co\/colombia\/wp-content\/uploads\/LogoHorizontal_1.jpg","contentUrl":"https:\/\/www.fiscalia.gov.co\/colombia\/wp-content\/uploads\/LogoHorizontal_1.jpg","width":300,"height":90,"caption":"Fiscal\u00eda General de la Naci\u00f3n"},"image":{"@id":"https:\/\/www.fiscalia.gov.co\/colombia\/#\/schema\/logo\/image\/"},"sameAs":["https:\/\/www.facebook.com\/FiscaliaCol","https:\/\/x.com\/FiscaliaCol","https:\/\/www.instagram.com\/fiscaliacol","https:\/\/www.linkedin.com\/company\/fiscalia-general-de-la-naci-n\/","https:\/\/youtube.com\/@fiscaliageneraldelanacion-4668?si=6nN79nyQICPU5iTh"]},{"@type":"Person","@id":"https:\/\/www.fiscalia.gov.co\/colombia\/#\/schema\/person\/2e76b9aba5ecf875ed565ce4de0e0415","name":"Katherine Loaiza Mart\u00ednez","image":{"@type":"ImageObject","inLanguage":"es-CO","@id":"https:\/\/www.fiscalia.gov.co\/colombia\/#\/schema\/person\/image\/","url":"https:\/\/secure.gravatar.com\/avatar\/ab775a2f394c1b83b6d6f78680e57b50?s=96&d=mm&r=g","contentUrl":"https:\/\/secure.gravatar.com\/avatar\/ab775a2f394c1b83b6d6f78680e57b50?s=96&d=mm&r=g","caption":"Katherine Loaiza Mart\u00ednez"},"url":"https:\/\/www.fiscalia.gov.co\/colombia\/author\/kloaiza\/"}]}},"_links":{"self":[{"href":"https:\/\/www.fiscalia.gov.co\/colombia\/wp-json\/wp\/v2\/posts\/264802","targetHints":{"allow":["GET"]}}],"collection":[{"href":"https:\/\/www.fiscalia.gov.co\/colombia\/wp-json\/wp\/v2\/posts"}],"about":[{"href":"https:\/\/www.fiscalia.gov.co\/colombia\/wp-json\/wp\/v2\/types\/post"}],"author":[{"embeddable":true,"href":"https:\/\/www.fiscalia.gov.co\/colombia\/wp-json\/wp\/v2\/users\/175"}],"replies":[{"embeddable":true,"href":"https:\/\/www.fiscalia.gov.co\/colombia\/wp-json\/wp\/v2\/comments?post=264802"}],"version-history":[{"count":3,"href":"https:\/\/www.fiscalia.gov.co\/colombia\/wp-json\/wp\/v2\/posts\/264802\/revisions"}],"predecessor-version":[{"id":264807,"href":"https:\/\/www.fiscalia.gov.co\/colombia\/wp-json\/wp\/v2\/posts\/264802\/revisions\/264807"}],"wp:attachment":[{"href":"https:\/\/www.fiscalia.gov.co\/colombia\/wp-json\/wp\/v2\/media?parent=264802"}],"wp:term":[{"taxonomy":"category","embeddable":true,"href":"https:\/\/www.fiscalia.gov.co\/colombia\/wp-json\/wp\/v2\/categories?post=264802"},{"taxonomy":"post_tag","embeddable":true,"href":"https:\/\/www.fiscalia.gov.co\/colombia\/wp-json\/wp\/v2\/tags?post=264802"}],"curies":[{"name":"wp","href":"https:\/\/api.w.org\/{rel}","templated":true}]}}