{"id":264783,"date":"2023-01-26T16:10:35","date_gmt":"2023-01-26T21:10:35","guid":{"rendered":"https:\/\/www.fiscalia.gov.co\/colombia\/?p=264783"},"modified":"2023-01-26T16:10:35","modified_gmt":"2023-01-26T21:10:35","slug":"en-medio-de-allanamientos-en-ibague-autoridades-capturaron-a-dos-personas-con-siete-armas-de-fuego-y-municiones","status":"publish","type":"post","link":"https:\/\/www.fiscalia.gov.co\/colombia\/noticias\/en-medio-de-allanamientos-en-ibague-autoridades-capturaron-a-dos-personas-con-siete-armas-de-fuego-y-municiones\/","title":{"rendered":"En medio de allanamientos en Ibagu\u00e9 autoridades capturaron a\u00a0dos personas con siete armas de fuego y municiones"},"content":{"rendered":"<p>Bajo el direccionamiento de un despacho adscrito al grupo de Estructura de Apoyo de la Seccional Tolima, personal de la Sijin de la Polic\u00eda Metropolitana de Ibagu\u00e9 \u2013Metib- adelant\u00f3 un operativo de manera simult\u00e1nea en los barrios Villa del Prado y Jard\u00edn Musicalia, que les permiti\u00f3 la captura de dos personas en situaci\u00f3n de flagrancia con siete armas de fuego y municiones.<\/p>\n<figure id=\"attachment_264784\" aria-describedby=\"caption-attachment-264784\" style=\"width: 1600px\" class=\"wp-caption aligncenter\"><img loading=\"lazy\" decoding=\"async\" class=\"size-full wp-image-264784\" src=\"https:\/\/www.fiscalia.gov.co\/colombia\/wp-content\/uploads\/porte-ed-armas-ibague.jpeg\" alt=\"En la imagen se ven dos personas detenidas bajo custodia de la Polic\u00eda Nacional. Detr\u00e1s suyo un backing de la instituci\u00f3n y delante de ellos una mesa con armas y otros elementos incautados.\" width=\"1600\" height=\"771\" srcset=\"https:\/\/www.fiscalia.gov.co\/colombia\/wp-content\/uploads\/porte-ed-armas-ibague.jpeg 1600w, https:\/\/www.fiscalia.gov.co\/colombia\/wp-content\/uploads\/porte-ed-armas-ibague-300x145.jpeg 300w, https:\/\/www.fiscalia.gov.co\/colombia\/wp-content\/uploads\/porte-ed-armas-ibague-1024x493.jpeg 1024w, https:\/\/www.fiscalia.gov.co\/colombia\/wp-content\/uploads\/porte-ed-armas-ibague-768x370.jpeg 768w, https:\/\/www.fiscalia.gov.co\/colombia\/wp-content\/uploads\/porte-ed-armas-ibague-1536x740.jpeg 1536w, https:\/\/www.fiscalia.gov.co\/colombia\/wp-content\/uploads\/porte-ed-armas-ibague-696x335.jpeg 696w, https:\/\/www.fiscalia.gov.co\/colombia\/wp-content\/uploads\/porte-ed-armas-ibague-1068x515.jpeg 1068w, https:\/\/www.fiscalia.gov.co\/colombia\/wp-content\/uploads\/porte-ed-armas-ibague-872x420.jpeg 872w\" sizes=\"auto, (max-width: 1600px) 100vw, 1600px\" \/><figcaption id=\"caption-attachment-264784\" class=\"wp-caption-text\">Los dos detenidos en flagrancia por tener armas en sus residencias sin permiso para porte o tenencia, fueron afectados con medida de aseguramiento restrictiva de la libertad.<\/figcaption><\/figure>\n<p>De acuerdo con los resultados de las labores investigativas, los procesados identificados como Manuel Rodr\u00edguez Rojas y \u00c1ngel Mar\u00eda Barrios Hern\u00e1ndez, se dedicar\u00edan al parecer, a almacenar y comercializar armas de fuego y municiones en estas dos viviendas para presuntamente actividades delictivas.<\/p>\n<p>Entre lo hallado se encuentra un rev\u00f3lver con 15 cartuchos; dos armas traum\u00e1ticas con dos proveedores y 12 cartuchos; una pistola con dos proveedores y 40 cartuchos y tres escopetas sin munici\u00f3n. Igualmente se hall\u00f3 p\u00f3lvora negra, balines met\u00e1licos y equipos de telefon\u00eda celular.<\/p>\n<p>Al ser presentados ante un juez con funciones de control de garant\u00edas de Ibagu\u00e9, fueron imputados por el delito de fabricaci\u00f3n, tr\u00e1fico o porte ilegal de armas de fuego o municiones.<\/p>\n<p>Ninguno acept\u00f3 los cargos imputados por el delegado fiscal y fueron enviados a la c\u00e1rcel como medida de aseguramiento preventiva.<\/p>\n<p>PAAM\/LYBT\/JSS\/DST<\/p>\n<p>La Fiscal\u00eda habla con resultados.<\/p>\n<p><em>La informaci\u00f3n contenida en este bolet\u00edn de prensa corresponde a la narraci\u00f3n de los hechos noticiosos objetivos, suministrados por los funcionarios encargados de adelantar las investigaciones penales al interior de la Fiscal\u00eda General de la Naci\u00f3n. Para el momento de la divulgaci\u00f3n de este comunicado, la situaci\u00f3n jur\u00eddica de la(s) persona(s) relacionada(s) se encuentra pendiente de resolver por la autoridad judicial competente, siempre bajo los preceptos de la presunci\u00f3n de inocencia, consagrados en el art\u00edculo 29 de la Constituci\u00f3n Pol\u00edtica y el art\u00edculo 7\u00ba de la Ley 906 de 2004.\u00a0<\/em><\/p>\n\n<div class=\"twitter-share\"><a href=\"https:\/\/twitter.com\/intent\/tweet?via=fiscaliacol\" class=\"twitter-share-button\">Tweet<\/a><\/div>\n","protected":false},"excerpt":{"rendered":"<p>Bajo el direccionamiento de un despacho adscrito al grupo de Estructura de Apoyo de la Seccional Tolima, personal de la Sijin de la Polic\u00eda Metropolitana de Ibagu\u00e9 \u2013Metib- adelant\u00f3 un operativo de manera simult\u00e1nea en los barrios Villa del Prado y Jard\u00edn Musicalia, que les permiti\u00f3 la captura de dos personas en situaci\u00f3n de flagrancia [&hellip;]<\/p>\n","protected":false},"author":175,"featured_media":0,"comment_status":"closed","ping_status":"open","sticky":false,"template":"","format":"standard","meta":{"_price":"","_stock":"","_tribe_ticket_header":"","_tribe_default_ticket_provider":"","_tribe_ticket_capacity":"0","_ticket_start_date":"","_ticket_end_date":"","_tribe_ticket_show_description":"","_tribe_ticket_show_not_going":false,"_tribe_ticket_use_global_stock":"","_tribe_ticket_global_stock_level":"","_global_stock_mode":"","_global_stock_cap":"","_tribe_rsvp_for_event":"","_tribe_ticket_going_count":"","_tribe_ticket_not_going_count":"","_tribe_tickets_list":"[]","_tribe_ticket_has_attendee_info_fields":false,"tdm_status":"","tdm_grid_status":"","footnotes":""},"categories":[1,329,24099],"tags":[3148,33782,33784,33783,1047,23838,1185,23972,7061,30239,20476,33785],"class_list":{"0":"post-264783","1":"post","2":"type-post","3":"status-publish","4":"format-standard","6":"category-noticias","7":"category-seccional-ibague","8":"category-seguridad-territorial","9":"tag-allanamiento","10":"tag-alquiler","11":"tag-barrio-jardin-musicalia","12":"tag-compra-de-armas","13":"tag-fiscalia-general-de-la-nacion","14":"tag-ibague","15":"tag-medida-de-aseguramiento","16":"tag-policia","17":"tag-porte-de-armas-de-fuego","18":"tag-seguridad-territorial","19":"tag-sijin","20":"tag-villa-del-prado"},"yoast_head":"<!-- This site is optimized with the Yoast SEO plugin v24.3 - https:\/\/yoast.com\/wordpress\/plugins\/seo\/ -->\n<title>Fiscal\u00eda General de la Naci\u00f3n<\/title>\n<meta name=\"description\" content=\"P\u00e1gina oficial de la Fiscal\u00eda General de la Naci\u00f3n \u2013 Colombia. Garantizamos el acceso efectivo a la justicia, la verdad y la reparaci\u00f3n de las v\u00edctimas de los delitos.\" \/>\n<meta name=\"robots\" content=\"noindex, follow\" \/>\n<meta property=\"og:locale\" content=\"es_ES\" \/>\n<meta property=\"og:type\" content=\"article\" \/>\n<meta property=\"og:title\" content=\"Fiscal\u00eda General de la Naci\u00f3n\" \/>\n<meta property=\"og:description\" content=\"P\u00e1gina oficial de la Fiscal\u00eda General de la Naci\u00f3n \u2013 Colombia. Garantizamos el acceso efectivo a la justicia, la verdad y la reparaci\u00f3n de las v\u00edctimas de los delitos.\" \/>\n<meta property=\"og:url\" content=\"https:\/\/www.fiscalia.gov.co\/colombia\/noticias\/en-medio-de-allanamientos-en-ibague-autoridades-capturaron-a-dos-personas-con-siete-armas-de-fuego-y-municiones\/\" \/>\n<meta property=\"og:site_name\" content=\"Fiscal\u00eda General de la Naci\u00f3n\" \/>\n<meta property=\"article:publisher\" content=\"https:\/\/www.facebook.com\/FiscaliaCol\" \/>\n<meta property=\"article:published_time\" content=\"2023-01-26T21:10:35+00:00\" \/>\n<meta property=\"og:image\" content=\"https:\/\/www.fiscalia.gov.co\/colombia\/wp-content\/uploads\/porte-ed-armas-ibague.jpeg\" \/>\n<meta name=\"author\" content=\"Katherine Loaiza Mart\u00ednez\" \/>\n<meta name=\"twitter:card\" content=\"summary_large_image\" \/>\n<meta name=\"twitter:creator\" content=\"@FiscaliaCol\" \/>\n<meta name=\"twitter:site\" content=\"@FiscaliaCol\" \/>\n<meta name=\"twitter:label1\" content=\"Escrito por\" \/>\n\t<meta name=\"twitter:data1\" content=\"Katherine Loaiza Mart\u00ednez\" \/>\n\t<meta name=\"twitter:label2\" content=\"Tiempo de lectura\" \/>\n\t<meta name=\"twitter:data2\" content=\"2 minutos\" \/>\n<script type=\"application\/ld+json\" class=\"yoast-schema-graph\">{\"@context\":\"https:\/\/schema.org\",\"@graph\":[{\"@type\":\"Article\",\"@id\":\"https:\/\/www.fiscalia.gov.co\/colombia\/noticias\/en-medio-de-allanamientos-en-ibague-autoridades-capturaron-a-dos-personas-con-siete-armas-de-fuego-y-municiones\/#article\",\"isPartOf\":{\"@id\":\"https:\/\/www.fiscalia.gov.co\/colombia\/noticias\/en-medio-de-allanamientos-en-ibague-autoridades-capturaron-a-dos-personas-con-siete-armas-de-fuego-y-municiones\/\"},\"author\":{\"name\":\"Katherine Loaiza Mart\u00ednez\",\"@id\":\"https:\/\/www.fiscalia.gov.co\/colombia\/#\/schema\/person\/2e76b9aba5ecf875ed565ce4de0e0415\"},\"headline\":\"En medio de allanamientos en Ibagu\u00e9 autoridades capturaron a\u00a0dos personas con siete armas de fuego y municiones\",\"datePublished\":\"2023-01-26T21:10:35+00:00\",\"dateModified\":\"2023-01-26T21:10:35+00:00\",\"mainEntityOfPage\":{\"@id\":\"https:\/\/www.fiscalia.gov.co\/colombia\/noticias\/en-medio-de-allanamientos-en-ibague-autoridades-capturaron-a-dos-personas-con-siete-armas-de-fuego-y-municiones\/\"},\"wordCount\":378,\"publisher\":{\"@id\":\"https:\/\/www.fiscalia.gov.co\/colombia\/#organization\"},\"image\":{\"@id\":\"https:\/\/www.fiscalia.gov.co\/colombia\/noticias\/en-medio-de-allanamientos-en-ibague-autoridades-capturaron-a-dos-personas-con-siete-armas-de-fuego-y-municiones\/#primaryimage\"},\"thumbnailUrl\":\"https:\/\/www.fiscalia.gov.co\/colombia\/wp-content\/uploads\/porte-ed-armas-ibague.jpeg\",\"keywords\":[\"Allanamiento\",\"alquiler\",\"barrio Jard\u00edn Musicalia\",\"compra de armas\",\"Fiscal\u00eda General de la Naci\u00f3n\",\"Ibagu\u00e9\",\"Medida de aseguramiento\",\"Polic\u00eda\",\"Porte de armas de fuego\",\"Seguridad territorial\",\"Sij\u00edn\",\"Villa del Prado\"],\"articleSection\":[\"Noticias\",\"Seccional Ibagu\u00e9\",\"Seguridad territorial\"],\"inLanguage\":\"es-CO\"},{\"@type\":\"WebPage\",\"@id\":\"https:\/\/www.fiscalia.gov.co\/colombia\/noticias\/en-medio-de-allanamientos-en-ibague-autoridades-capturaron-a-dos-personas-con-siete-armas-de-fuego-y-municiones\/\",\"url\":\"https:\/\/www.fiscalia.gov.co\/colombia\/noticias\/en-medio-de-allanamientos-en-ibague-autoridades-capturaron-a-dos-personas-con-siete-armas-de-fuego-y-municiones\/\",\"name\":\"Fiscal\u00eda General de la Naci\u00f3n\",\"isPartOf\":{\"@id\":\"https:\/\/www.fiscalia.gov.co\/colombia\/#website\"},\"primaryImageOfPage\":{\"@id\":\"https:\/\/www.fiscalia.gov.co\/colombia\/noticias\/en-medio-de-allanamientos-en-ibague-autoridades-capturaron-a-dos-personas-con-siete-armas-de-fuego-y-municiones\/#primaryimage\"},\"image\":{\"@id\":\"https:\/\/www.fiscalia.gov.co\/colombia\/noticias\/en-medio-de-allanamientos-en-ibague-autoridades-capturaron-a-dos-personas-con-siete-armas-de-fuego-y-municiones\/#primaryimage\"},\"thumbnailUrl\":\"https:\/\/www.fiscalia.gov.co\/colombia\/wp-content\/uploads\/porte-ed-armas-ibague.jpeg\",\"datePublished\":\"2023-01-26T21:10:35+00:00\",\"dateModified\":\"2023-01-26T21:10:35+00:00\",\"description\":\"P\u00e1gina oficial de la Fiscal\u00eda General de la Naci\u00f3n \u2013 Colombia. Garantizamos el acceso efectivo a la justicia, la verdad y la reparaci\u00f3n de las v\u00edctimas de los delitos.\",\"breadcrumb\":{\"@id\":\"https:\/\/www.fiscalia.gov.co\/colombia\/noticias\/en-medio-de-allanamientos-en-ibague-autoridades-capturaron-a-dos-personas-con-siete-armas-de-fuego-y-municiones\/#breadcrumb\"},\"inLanguage\":\"es-CO\",\"potentialAction\":[{\"@type\":\"ReadAction\",\"target\":[\"https:\/\/www.fiscalia.gov.co\/colombia\/noticias\/en-medio-de-allanamientos-en-ibague-autoridades-capturaron-a-dos-personas-con-siete-armas-de-fuego-y-municiones\/\"]}]},{\"@type\":\"ImageObject\",\"inLanguage\":\"es-CO\",\"@id\":\"https:\/\/www.fiscalia.gov.co\/colombia\/noticias\/en-medio-de-allanamientos-en-ibague-autoridades-capturaron-a-dos-personas-con-siete-armas-de-fuego-y-municiones\/#primaryimage\",\"url\":\"https:\/\/www.fiscalia.gov.co\/colombia\/wp-content\/uploads\/porte-ed-armas-ibague.jpeg\",\"contentUrl\":\"https:\/\/www.fiscalia.gov.co\/colombia\/wp-content\/uploads\/porte-ed-armas-ibague.jpeg\",\"width\":1600,\"height\":771,\"caption\":\"Los dos detenidos en flagrancia por tener armas en sus residencias sin permiso para porte o tenencia, fueron afectados con medida de aseguramiento restrictiva de la libertad.\"},{\"@type\":\"BreadcrumbList\",\"@id\":\"https:\/\/www.fiscalia.gov.co\/colombia\/noticias\/en-medio-de-allanamientos-en-ibague-autoridades-capturaron-a-dos-personas-con-siete-armas-de-fuego-y-municiones\/#breadcrumb\",\"itemListElement\":[{\"@type\":\"ListItem\",\"position\":1,\"name\":\"Home\",\"item\":\"https:\/\/www.fiscalia.gov.co\/colombia\/\"},{\"@type\":\"ListItem\",\"position\":2,\"name\":\"En medio de allanamientos en Ibagu\u00e9 autoridades capturaron a\u00a0dos personas con siete armas de fuego y municiones\"}]},{\"@type\":\"WebSite\",\"@id\":\"https:\/\/www.fiscalia.gov.co\/colombia\/#website\",\"url\":\"https:\/\/www.fiscalia.gov.co\/colombia\/\",\"name\":\"Fiscal\u00eda General de la Naci\u00f3n\",\"description\":\"P\u00e1gina oficial de la Fiscal\u00eda General de la Naci\u00f3n \u2013 Colombia. Garantizamos el acceso efectivo a la justicia, la verdad y la reparaci\u00f3n de las v\u00edctimas de los delitos.\",\"publisher\":{\"@id\":\"https:\/\/www.fiscalia.gov.co\/colombia\/#organization\"},\"potentialAction\":[{\"@type\":\"SearchAction\",\"target\":{\"@type\":\"EntryPoint\",\"urlTemplate\":\"https:\/\/www.fiscalia.gov.co\/colombia\/?s={search_term_string}\"},\"query-input\":{\"@type\":\"PropertyValueSpecification\",\"valueRequired\":true,\"valueName\":\"search_term_string\"}}],\"inLanguage\":\"es-CO\"},{\"@type\":\"Organization\",\"@id\":\"https:\/\/www.fiscalia.gov.co\/colombia\/#organization\",\"name\":\"Fiscal\u00eda General de la Naci\u00f3n\",\"url\":\"https:\/\/www.fiscalia.gov.co\/colombia\/\",\"logo\":{\"@type\":\"ImageObject\",\"inLanguage\":\"es-CO\",\"@id\":\"https:\/\/www.fiscalia.gov.co\/colombia\/#\/schema\/logo\/image\/\",\"url\":\"https:\/\/www.fiscalia.gov.co\/colombia\/wp-content\/uploads\/LogoHorizontal_1.jpg\",\"contentUrl\":\"https:\/\/www.fiscalia.gov.co\/colombia\/wp-content\/uploads\/LogoHorizontal_1.jpg\",\"width\":300,\"height\":90,\"caption\":\"Fiscal\u00eda General de la Naci\u00f3n\"},\"image\":{\"@id\":\"https:\/\/www.fiscalia.gov.co\/colombia\/#\/schema\/logo\/image\/\"},\"sameAs\":[\"https:\/\/www.facebook.com\/FiscaliaCol\",\"https:\/\/x.com\/FiscaliaCol\",\"https:\/\/www.instagram.com\/fiscaliacol\",\"https:\/\/www.linkedin.com\/company\/fiscalia-general-de-la-naci-n\/\",\"https:\/\/youtube.com\/@fiscaliageneraldelanacion-4668?si=6nN79nyQICPU5iTh\"]},{\"@type\":\"Person\",\"@id\":\"https:\/\/www.fiscalia.gov.co\/colombia\/#\/schema\/person\/2e76b9aba5ecf875ed565ce4de0e0415\",\"name\":\"Katherine Loaiza Mart\u00ednez\",\"image\":{\"@type\":\"ImageObject\",\"inLanguage\":\"es-CO\",\"@id\":\"https:\/\/www.fiscalia.gov.co\/colombia\/#\/schema\/person\/image\/\",\"url\":\"https:\/\/secure.gravatar.com\/avatar\/ab775a2f394c1b83b6d6f78680e57b50?s=96&d=mm&r=g\",\"contentUrl\":\"https:\/\/secure.gravatar.com\/avatar\/ab775a2f394c1b83b6d6f78680e57b50?s=96&d=mm&r=g\",\"caption\":\"Katherine Loaiza Mart\u00ednez\"},\"url\":\"https:\/\/www.fiscalia.gov.co\/colombia\/author\/kloaiza\/\"}]}<\/script>\n<!-- \/ Yoast SEO plugin. -->","yoast_head_json":{"title":"Fiscal\u00eda General de la Naci\u00f3n","description":"P\u00e1gina oficial de la Fiscal\u00eda General de la Naci\u00f3n \u2013 Colombia. Garantizamos el acceso efectivo a la justicia, la verdad y la reparaci\u00f3n de las v\u00edctimas de los delitos.","robots":{"index":"noindex","follow":"follow"},"og_locale":"es_ES","og_type":"article","og_title":"Fiscal\u00eda General de la Naci\u00f3n","og_description":"P\u00e1gina oficial de la Fiscal\u00eda General de la Naci\u00f3n \u2013 Colombia. Garantizamos el acceso efectivo a la justicia, la verdad y la reparaci\u00f3n de las v\u00edctimas de los delitos.","og_url":"https:\/\/www.fiscalia.gov.co\/colombia\/noticias\/en-medio-de-allanamientos-en-ibague-autoridades-capturaron-a-dos-personas-con-siete-armas-de-fuego-y-municiones\/","og_site_name":"Fiscal\u00eda General de la Naci\u00f3n","article_publisher":"https:\/\/www.facebook.com\/FiscaliaCol","article_published_time":"2023-01-26T21:10:35+00:00","og_image":[{"url":"https:\/\/www.fiscalia.gov.co\/colombia\/wp-content\/uploads\/porte-ed-armas-ibague.jpeg","type":"","width":"","height":""}],"author":"Katherine Loaiza Mart\u00ednez","twitter_card":"summary_large_image","twitter_creator":"@FiscaliaCol","twitter_site":"@FiscaliaCol","twitter_misc":{"Escrito por":"Katherine Loaiza Mart\u00ednez","Tiempo de lectura":"2 minutos"},"schema":{"@context":"https:\/\/schema.org","@graph":[{"@type":"Article","@id":"https:\/\/www.fiscalia.gov.co\/colombia\/noticias\/en-medio-de-allanamientos-en-ibague-autoridades-capturaron-a-dos-personas-con-siete-armas-de-fuego-y-municiones\/#article","isPartOf":{"@id":"https:\/\/www.fiscalia.gov.co\/colombia\/noticias\/en-medio-de-allanamientos-en-ibague-autoridades-capturaron-a-dos-personas-con-siete-armas-de-fuego-y-municiones\/"},"author":{"name":"Katherine Loaiza Mart\u00ednez","@id":"https:\/\/www.fiscalia.gov.co\/colombia\/#\/schema\/person\/2e76b9aba5ecf875ed565ce4de0e0415"},"headline":"En medio de allanamientos en Ibagu\u00e9 autoridades capturaron a\u00a0dos personas con siete armas de fuego y municiones","datePublished":"2023-01-26T21:10:35+00:00","dateModified":"2023-01-26T21:10:35+00:00","mainEntityOfPage":{"@id":"https:\/\/www.fiscalia.gov.co\/colombia\/noticias\/en-medio-de-allanamientos-en-ibague-autoridades-capturaron-a-dos-personas-con-siete-armas-de-fuego-y-municiones\/"},"wordCount":378,"publisher":{"@id":"https:\/\/www.fiscalia.gov.co\/colombia\/#organization"},"image":{"@id":"https:\/\/www.fiscalia.gov.co\/colombia\/noticias\/en-medio-de-allanamientos-en-ibague-autoridades-capturaron-a-dos-personas-con-siete-armas-de-fuego-y-municiones\/#primaryimage"},"thumbnailUrl":"https:\/\/www.fiscalia.gov.co\/colombia\/wp-content\/uploads\/porte-ed-armas-ibague.jpeg","keywords":["Allanamiento","alquiler","barrio Jard\u00edn Musicalia","compra de armas","Fiscal\u00eda General de la Naci\u00f3n","Ibagu\u00e9","Medida de aseguramiento","Polic\u00eda","Porte de armas de fuego","Seguridad territorial","Sij\u00edn","Villa del Prado"],"articleSection":["Noticias","Seccional Ibagu\u00e9","Seguridad territorial"],"inLanguage":"es-CO"},{"@type":"WebPage","@id":"https:\/\/www.fiscalia.gov.co\/colombia\/noticias\/en-medio-de-allanamientos-en-ibague-autoridades-capturaron-a-dos-personas-con-siete-armas-de-fuego-y-municiones\/","url":"https:\/\/www.fiscalia.gov.co\/colombia\/noticias\/en-medio-de-allanamientos-en-ibague-autoridades-capturaron-a-dos-personas-con-siete-armas-de-fuego-y-municiones\/","name":"Fiscal\u00eda General de la Naci\u00f3n","isPartOf":{"@id":"https:\/\/www.fiscalia.gov.co\/colombia\/#website"},"primaryImageOfPage":{"@id":"https:\/\/www.fiscalia.gov.co\/colombia\/noticias\/en-medio-de-allanamientos-en-ibague-autoridades-capturaron-a-dos-personas-con-siete-armas-de-fuego-y-municiones\/#primaryimage"},"image":{"@id":"https:\/\/www.fiscalia.gov.co\/colombia\/noticias\/en-medio-de-allanamientos-en-ibague-autoridades-capturaron-a-dos-personas-con-siete-armas-de-fuego-y-municiones\/#primaryimage"},"thumbnailUrl":"https:\/\/www.fiscalia.gov.co\/colombia\/wp-content\/uploads\/porte-ed-armas-ibague.jpeg","datePublished":"2023-01-26T21:10:35+00:00","dateModified":"2023-01-26T21:10:35+00:00","description":"P\u00e1gina oficial de la Fiscal\u00eda General de la Naci\u00f3n \u2013 Colombia. Garantizamos el acceso efectivo a la justicia, la verdad y la reparaci\u00f3n de las v\u00edctimas de los delitos.","breadcrumb":{"@id":"https:\/\/www.fiscalia.gov.co\/colombia\/noticias\/en-medio-de-allanamientos-en-ibague-autoridades-capturaron-a-dos-personas-con-siete-armas-de-fuego-y-municiones\/#breadcrumb"},"inLanguage":"es-CO","potentialAction":[{"@type":"ReadAction","target":["https:\/\/www.fiscalia.gov.co\/colombia\/noticias\/en-medio-de-allanamientos-en-ibague-autoridades-capturaron-a-dos-personas-con-siete-armas-de-fuego-y-municiones\/"]}]},{"@type":"ImageObject","inLanguage":"es-CO","@id":"https:\/\/www.fiscalia.gov.co\/colombia\/noticias\/en-medio-de-allanamientos-en-ibague-autoridades-capturaron-a-dos-personas-con-siete-armas-de-fuego-y-municiones\/#primaryimage","url":"https:\/\/www.fiscalia.gov.co\/colombia\/wp-content\/uploads\/porte-ed-armas-ibague.jpeg","contentUrl":"https:\/\/www.fiscalia.gov.co\/colombia\/wp-content\/uploads\/porte-ed-armas-ibague.jpeg","width":1600,"height":771,"caption":"Los dos detenidos en flagrancia por tener armas en sus residencias sin permiso para porte o tenencia, fueron afectados con medida de aseguramiento restrictiva de la libertad."},{"@type":"BreadcrumbList","@id":"https:\/\/www.fiscalia.gov.co\/colombia\/noticias\/en-medio-de-allanamientos-en-ibague-autoridades-capturaron-a-dos-personas-con-siete-armas-de-fuego-y-municiones\/#breadcrumb","itemListElement":[{"@type":"ListItem","position":1,"name":"Home","item":"https:\/\/www.fiscalia.gov.co\/colombia\/"},{"@type":"ListItem","position":2,"name":"En medio de allanamientos en Ibagu\u00e9 autoridades capturaron a\u00a0dos personas con siete armas de fuego y municiones"}]},{"@type":"WebSite","@id":"https:\/\/www.fiscalia.gov.co\/colombia\/#website","url":"https:\/\/www.fiscalia.gov.co\/colombia\/","name":"Fiscal\u00eda General de la Naci\u00f3n","description":"P\u00e1gina oficial de la Fiscal\u00eda General de la Naci\u00f3n \u2013 Colombia. Garantizamos el acceso efectivo a la justicia, la verdad y la reparaci\u00f3n de las v\u00edctimas de los delitos.","publisher":{"@id":"https:\/\/www.fiscalia.gov.co\/colombia\/#organization"},"potentialAction":[{"@type":"SearchAction","target":{"@type":"EntryPoint","urlTemplate":"https:\/\/www.fiscalia.gov.co\/colombia\/?s={search_term_string}"},"query-input":{"@type":"PropertyValueSpecification","valueRequired":true,"valueName":"search_term_string"}}],"inLanguage":"es-CO"},{"@type":"Organization","@id":"https:\/\/www.fiscalia.gov.co\/colombia\/#organization","name":"Fiscal\u00eda General de la Naci\u00f3n","url":"https:\/\/www.fiscalia.gov.co\/colombia\/","logo":{"@type":"ImageObject","inLanguage":"es-CO","@id":"https:\/\/www.fiscalia.gov.co\/colombia\/#\/schema\/logo\/image\/","url":"https:\/\/www.fiscalia.gov.co\/colombia\/wp-content\/uploads\/LogoHorizontal_1.jpg","contentUrl":"https:\/\/www.fiscalia.gov.co\/colombia\/wp-content\/uploads\/LogoHorizontal_1.jpg","width":300,"height":90,"caption":"Fiscal\u00eda General de la Naci\u00f3n"},"image":{"@id":"https:\/\/www.fiscalia.gov.co\/colombia\/#\/schema\/logo\/image\/"},"sameAs":["https:\/\/www.facebook.com\/FiscaliaCol","https:\/\/x.com\/FiscaliaCol","https:\/\/www.instagram.com\/fiscaliacol","https:\/\/www.linkedin.com\/company\/fiscalia-general-de-la-naci-n\/","https:\/\/youtube.com\/@fiscaliageneraldelanacion-4668?si=6nN79nyQICPU5iTh"]},{"@type":"Person","@id":"https:\/\/www.fiscalia.gov.co\/colombia\/#\/schema\/person\/2e76b9aba5ecf875ed565ce4de0e0415","name":"Katherine Loaiza Mart\u00ednez","image":{"@type":"ImageObject","inLanguage":"es-CO","@id":"https:\/\/www.fiscalia.gov.co\/colombia\/#\/schema\/person\/image\/","url":"https:\/\/secure.gravatar.com\/avatar\/ab775a2f394c1b83b6d6f78680e57b50?s=96&d=mm&r=g","contentUrl":"https:\/\/secure.gravatar.com\/avatar\/ab775a2f394c1b83b6d6f78680e57b50?s=96&d=mm&r=g","caption":"Katherine Loaiza Mart\u00ednez"},"url":"https:\/\/www.fiscalia.gov.co\/colombia\/author\/kloaiza\/"}]}},"_links":{"self":[{"href":"https:\/\/www.fiscalia.gov.co\/colombia\/wp-json\/wp\/v2\/posts\/264783","targetHints":{"allow":["GET"]}}],"collection":[{"href":"https:\/\/www.fiscalia.gov.co\/colombia\/wp-json\/wp\/v2\/posts"}],"about":[{"href":"https:\/\/www.fiscalia.gov.co\/colombia\/wp-json\/wp\/v2\/types\/post"}],"author":[{"embeddable":true,"href":"https:\/\/www.fiscalia.gov.co\/colombia\/wp-json\/wp\/v2\/users\/175"}],"replies":[{"embeddable":true,"href":"https:\/\/www.fiscalia.gov.co\/colombia\/wp-json\/wp\/v2\/comments?post=264783"}],"version-history":[{"count":1,"href":"https:\/\/www.fiscalia.gov.co\/colombia\/wp-json\/wp\/v2\/posts\/264783\/revisions"}],"predecessor-version":[{"id":264785,"href":"https:\/\/www.fiscalia.gov.co\/colombia\/wp-json\/wp\/v2\/posts\/264783\/revisions\/264785"}],"wp:attachment":[{"href":"https:\/\/www.fiscalia.gov.co\/colombia\/wp-json\/wp\/v2\/media?parent=264783"}],"wp:term":[{"taxonomy":"category","embeddable":true,"href":"https:\/\/www.fiscalia.gov.co\/colombia\/wp-json\/wp\/v2\/categories?post=264783"},{"taxonomy":"post_tag","embeddable":true,"href":"https:\/\/www.fiscalia.gov.co\/colombia\/wp-json\/wp\/v2\/tags?post=264783"}],"curies":[{"name":"wp","href":"https:\/\/api.w.org\/{rel}","templated":true}]}}