{"id":264546,"date":"2023-01-23T16:46:46","date_gmt":"2023-01-23T21:46:46","guid":{"rendered":"https:\/\/www.fiscalia.gov.co\/colombia\/?p=264546"},"modified":"2023-01-23T16:46:46","modified_gmt":"2023-01-23T21:46:46","slug":"tres-personas-judicializadas-por-delitos-sexuales-contra-menores-de-edad-en-tolima","status":"publish","type":"post","link":"https:\/\/www.fiscalia.gov.co\/colombia\/noticias\/tres-personas-judicializadas-por-delitos-sexuales-contra-menores-de-edad-en-tolima\/","title":{"rendered":"Tres personas judicializadas por delitos sexuales contra menores de edad en Tolima"},"content":{"rendered":"<blockquote>\n<h4 style=\"text-align: left;\"><strong><em>Se trata de hechos aislados en el que las v\u00edctimas fueron una prima, la hija y un sobrino de los agresores.<\/em><\/strong><\/h4>\n<\/blockquote>\n<p><em>\u00a0<\/em><\/p>\n<p>La Fiscal\u00eda contin\u00faa su lucha para esclarecer los casos que involucran menores de edad, mujeres y adolescentes, y es por esto que logr\u00f3 en los \u00faltimos d\u00edas la judicializaci\u00f3n de tres hombres se\u00f1alados de haber vulnerado la integridad sexual tres menores de edad de 11 y 12 a\u00f1os, en hechos ocurridos en Valle de San Juan, Ibagu\u00e9 y Dolores (Tolima), respectivamente.<\/p>\n<p>En el primer hecho la v\u00edctima fue una ni\u00f1a de 11 a\u00f1os a quien su primo con quien sosten\u00eda una relaci\u00f3n sentimental, en repetidas ocasiones habr\u00eda intentado abusar al ingresar a su habitaci\u00f3n a altas horas de la noche tom\u00e1ndola por la fuerza para besarla y tocarla. La Fiscal\u00eda le imput\u00f3 cargos por actos sexuales con menor de 14 a\u00f1os agravado.<\/p>\n<figure id=\"attachment_264549\" aria-describedby=\"caption-attachment-264549\" style=\"width: 752px\" class=\"wp-caption aligncenter\"><img loading=\"lazy\" decoding=\"async\" class=\"size-full wp-image-264549\" src=\"https:\/\/www.fiscalia.gov.co\/colombia\/wp-content\/uploads\/caso-abuso-valle-de-san-juan.jpeg\" alt=\"En la imagen se ve una persona detenida bajo custodia de la Polic\u00eda. Detr\u00e1s suyo un backing de la instituci\u00f3n.\" width=\"752\" height=\"794\" srcset=\"https:\/\/www.fiscalia.gov.co\/colombia\/wp-content\/uploads\/caso-abuso-valle-de-san-juan.jpeg 752w, https:\/\/www.fiscalia.gov.co\/colombia\/wp-content\/uploads\/caso-abuso-valle-de-san-juan-284x300.jpeg 284w, https:\/\/www.fiscalia.gov.co\/colombia\/wp-content\/uploads\/caso-abuso-valle-de-san-juan-696x735.jpeg 696w, https:\/\/www.fiscalia.gov.co\/colombia\/wp-content\/uploads\/caso-abuso-valle-de-san-juan-398x420.jpeg 398w\" sizes=\"auto, (max-width: 752px) 100vw, 752px\" \/><figcaption id=\"caption-attachment-264549\" class=\"wp-caption-text\">Esta persona est\u00e1 siendo judicializada por el abuso de su prima con quien sosten\u00eda una relaci\u00f3n sentimental.<\/figcaption><\/figure>\n<p>El segundo hecho tiene como investigado al padre de la v\u00edctima quien fue imputado por el mismo delito que el anterior. \u00a0Los hechos ocurrir\u00edan el 22 de abril del a\u00f1o 2022 cuando el hombre de 41 a\u00f1os someter\u00eda a tocamientos inapropiados a su hija cuando se encontraban en su casa en el barrio Gal\u00e1n de la capital tolimense.<\/p>\n<figure id=\"attachment_264547\" aria-describedby=\"caption-attachment-264547\" style=\"width: 1280px\" class=\"wp-caption aligncenter\"><img loading=\"lazy\" decoding=\"async\" class=\"size-full wp-image-264547\" src=\"https:\/\/www.fiscalia.gov.co\/colombia\/wp-content\/uploads\/caso-a-buso-barrio-galan.jpeg\" alt=\"En la imagen se ve una persona detenida bajo custodia de la Polic\u00eda. Detr\u00e1s suyo un backing de la instituci\u00f3n.\" width=\"1280\" height=\"808\" srcset=\"https:\/\/www.fiscalia.gov.co\/colombia\/wp-content\/uploads\/caso-a-buso-barrio-galan.jpeg 1280w, https:\/\/www.fiscalia.gov.co\/colombia\/wp-content\/uploads\/caso-a-buso-barrio-galan-300x189.jpeg 300w, https:\/\/www.fiscalia.gov.co\/colombia\/wp-content\/uploads\/caso-a-buso-barrio-galan-1024x646.jpeg 1024w, https:\/\/www.fiscalia.gov.co\/colombia\/wp-content\/uploads\/caso-a-buso-barrio-galan-768x485.jpeg 768w, https:\/\/www.fiscalia.gov.co\/colombia\/wp-content\/uploads\/caso-a-buso-barrio-galan-696x439.jpeg 696w, https:\/\/www.fiscalia.gov.co\/colombia\/wp-content\/uploads\/caso-a-buso-barrio-galan-1068x674.jpeg 1068w, https:\/\/www.fiscalia.gov.co\/colombia\/wp-content\/uploads\/caso-a-buso-barrio-galan-665x420.jpeg 665w\" sizes=\"auto, (max-width: 1280px) 100vw, 1280px\" \/><figcaption id=\"caption-attachment-264547\" class=\"wp-caption-text\">Este hombre es se\u00f1alado de haber abusado de su hija en hechos ocurridos en Ibagu\u00e9.<\/figcaption><\/figure>\n<p>Finalmente, en el municipio tolimense de Dolores, fue capturado un hombre de 35 a\u00f1os se\u00f1alado del delito de acceso carnal violento agravado contra su hijastro a quien habr\u00eda sometido a situaciones de \u00edndole sexual aprovechando los momentos de ausencia o descuido de la madre ya que conviv\u00edan en la misma residencia ubicada en zona rural de dicha municipalidad.<\/p>\n<figure id=\"attachment_264548\" aria-describedby=\"caption-attachment-264548\" style=\"width: 1280px\" class=\"wp-caption aligncenter\"><img loading=\"lazy\" decoding=\"async\" class=\"size-full wp-image-264548\" src=\"https:\/\/www.fiscalia.gov.co\/colombia\/wp-content\/uploads\/caso-abuso-dolores.jpeg\" alt=\"En la imagen se ve una persona detenida bajo custodia de la Polic\u00eda. Detr\u00e1s suyo un backing de la instituci\u00f3n.\" width=\"1280\" height=\"1085\" srcset=\"https:\/\/www.fiscalia.gov.co\/colombia\/wp-content\/uploads\/caso-abuso-dolores.jpeg 1280w, https:\/\/www.fiscalia.gov.co\/colombia\/wp-content\/uploads\/caso-abuso-dolores-300x254.jpeg 300w, https:\/\/www.fiscalia.gov.co\/colombia\/wp-content\/uploads\/caso-abuso-dolores-1024x868.jpeg 1024w, https:\/\/www.fiscalia.gov.co\/colombia\/wp-content\/uploads\/caso-abuso-dolores-768x651.jpeg 768w, https:\/\/www.fiscalia.gov.co\/colombia\/wp-content\/uploads\/caso-abuso-dolores-696x590.jpeg 696w, https:\/\/www.fiscalia.gov.co\/colombia\/wp-content\/uploads\/caso-abuso-dolores-1068x905.jpeg 1068w, https:\/\/www.fiscalia.gov.co\/colombia\/wp-content\/uploads\/caso-abuso-dolores-495x420.jpeg 495w\" sizes=\"auto, (max-width: 1280px) 100vw, 1280px\" \/><figcaption id=\"caption-attachment-264548\" class=\"wp-caption-text\">La Fiscal\u00eda se\u00f1ala a esta persona de haber abusado de su hijastro en Dolores, Tolima.<\/figcaption><\/figure>\n<p>Los tres fueron detenidos mediante orden judicial por integrantes de la Polic\u00eda del Tolima y afectados con medida de aseguramiento preventiva en centro carcelario.<\/p>\n<p>PAAM\/LYBT\/CGP\/PAM\/DST<\/p>\n<p><strong>La Fiscal\u00eda habla con resultados.<\/strong><\/p>\n<p>&nbsp;<\/p>\n<p><em>La informaci\u00f3n contenida en este bolet\u00edn de prensa corresponde a la narraci\u00f3n de los hechos noticiosos objetivos, suministrados por los funcionarios encargados de adelantar las investigaciones penales al interior de la Fiscal\u00eda General de la Naci\u00f3n. Para el momento de la divulgaci\u00f3n de este comunicado, la situaci\u00f3n jur\u00eddica de la(s) persona(s) relacionada(s) se encuentra pendiente de resolver por la autoridad judicial competente, siempre bajo los preceptos de la presunci\u00f3n de inocencia, consagrados en el art\u00edculo 29 de la Constituci\u00f3n Pol\u00edtica y el art\u00edculo 7\u00ba de la Ley 906 de 2004.<\/em><\/p>\n\n<div class=\"twitter-share\"><a href=\"https:\/\/twitter.com\/intent\/tweet?via=fiscaliacol\" class=\"twitter-share-button\">Tweet<\/a><\/div>\n","protected":false},"excerpt":{"rendered":"<p>Se trata de hechos aislados en el que las v\u00edctimas fueron una prima, la hija y un sobrino de los agresores. \u00a0 La Fiscal\u00eda contin\u00faa su lucha para esclarecer los casos que involucran menores de edad, mujeres y adolescentes, y es por esto que logr\u00f3 en los \u00faltimos d\u00edas la judicializaci\u00f3n de tres hombres se\u00f1alados [&hellip;]<\/p>\n","protected":false},"author":175,"featured_media":0,"comment_status":"closed","ping_status":"open","sticky":false,"template":"","format":"standard","meta":{"_price":"","_stock":"","_tribe_ticket_header":"","_tribe_default_ticket_provider":"","_tribe_ticket_capacity":"0","_ticket_start_date":"","_ticket_end_date":"","_tribe_ticket_show_description":"","_tribe_ticket_show_not_going":false,"_tribe_ticket_use_global_stock":"","_tribe_ticket_global_stock_level":"","_global_stock_mode":"","_global_stock_cap":"","_tribe_rsvp_for_event":"","_tribe_ticket_going_count":"","_tribe_ticket_not_going_count":"","_tribe_tickets_list":"[]","_tribe_ticket_has_attendee_info_fields":false,"tdm_status":"","tdm_grid_status":"","footnotes":""},"categories":[1,329,24127],"tags":[7584,366,863,30365,24189,24526,1047,693,17482,23838,1628,695,23972,24637,24651,2299],"class_list":{"0":"post-264546","1":"post","2":"type-post","3":"status-publish","4":"format-standard","6":"category-noticias","7":"category-seccional-ibague","8":"category-violencia-sexual-e-intrafamiliar","9":"tag-abusador","10":"tag-acceso-carnal","11":"tag-actos-sexuales","12":"tag-dolores","13":"tag-fiscal-francisco-barbosa-delgado","14":"tag-fiscal-general-francisco-barbosa-delgado","15":"tag-fiscalia-general-de-la-nacion","16":"tag-hijastra","17":"tag-hijastro","18":"tag-ibague","19":"tag-menores-de-edad","20":"tag-padrastro","21":"tag-policia","22":"tag-primos","23":"tag-valle-de-san-juan","24":"tag-violencia-sexual"},"yoast_head":"<!-- This site is optimized with the Yoast SEO plugin v24.3 - https:\/\/yoast.com\/wordpress\/plugins\/seo\/ -->\n<title>Fiscal\u00eda General de la Naci\u00f3n<\/title>\n<meta name=\"description\" content=\"P\u00e1gina oficial de la Fiscal\u00eda General de la Naci\u00f3n \u2013 Colombia. Garantizamos el acceso efectivo a la justicia, la verdad y la reparaci\u00f3n de las v\u00edctimas de los delitos.\" \/>\n<meta name=\"robots\" content=\"noindex, follow\" \/>\n<meta property=\"og:locale\" content=\"es_ES\" \/>\n<meta property=\"og:type\" content=\"article\" \/>\n<meta property=\"og:title\" content=\"Fiscal\u00eda General de la Naci\u00f3n\" \/>\n<meta property=\"og:description\" content=\"P\u00e1gina oficial de la Fiscal\u00eda General de la Naci\u00f3n \u2013 Colombia. Garantizamos el acceso efectivo a la justicia, la verdad y la reparaci\u00f3n de las v\u00edctimas de los delitos.\" \/>\n<meta property=\"og:url\" content=\"https:\/\/www.fiscalia.gov.co\/colombia\/noticias\/tres-personas-judicializadas-por-delitos-sexuales-contra-menores-de-edad-en-tolima\/\" \/>\n<meta property=\"og:site_name\" content=\"Fiscal\u00eda General de la Naci\u00f3n\" \/>\n<meta property=\"article:publisher\" content=\"https:\/\/www.facebook.com\/FiscaliaCol\" \/>\n<meta property=\"article:published_time\" content=\"2023-01-23T21:46:46+00:00\" \/>\n<meta property=\"og:image\" content=\"https:\/\/www.fiscalia.gov.co\/colombia\/wp-content\/uploads\/caso-abuso-valle-de-san-juan.jpeg\" \/>\n<meta name=\"author\" content=\"Katherine Loaiza Mart\u00ednez\" \/>\n<meta name=\"twitter:card\" content=\"summary_large_image\" \/>\n<meta name=\"twitter:creator\" content=\"@FiscaliaCol\" \/>\n<meta name=\"twitter:site\" content=\"@FiscaliaCol\" \/>\n<meta name=\"twitter:label1\" content=\"Escrito por\" \/>\n\t<meta name=\"twitter:data1\" content=\"Katherine Loaiza Mart\u00ednez\" \/>\n\t<meta name=\"twitter:label2\" content=\"Tiempo de lectura\" \/>\n\t<meta name=\"twitter:data2\" content=\"2 minutos\" \/>\n<script type=\"application\/ld+json\" class=\"yoast-schema-graph\">{\"@context\":\"https:\/\/schema.org\",\"@graph\":[{\"@type\":\"Article\",\"@id\":\"https:\/\/www.fiscalia.gov.co\/colombia\/noticias\/tres-personas-judicializadas-por-delitos-sexuales-contra-menores-de-edad-en-tolima\/#article\",\"isPartOf\":{\"@id\":\"https:\/\/www.fiscalia.gov.co\/colombia\/noticias\/tres-personas-judicializadas-por-delitos-sexuales-contra-menores-de-edad-en-tolima\/\"},\"author\":{\"name\":\"Katherine Loaiza Mart\u00ednez\",\"@id\":\"https:\/\/www.fiscalia.gov.co\/colombia\/#\/schema\/person\/2e76b9aba5ecf875ed565ce4de0e0415\"},\"headline\":\"Tres personas judicializadas por delitos sexuales contra menores de edad en Tolima\",\"datePublished\":\"2023-01-23T21:46:46+00:00\",\"dateModified\":\"2023-01-23T21:46:46+00:00\",\"mainEntityOfPage\":{\"@id\":\"https:\/\/www.fiscalia.gov.co\/colombia\/noticias\/tres-personas-judicializadas-por-delitos-sexuales-contra-menores-de-edad-en-tolima\/\"},\"wordCount\":502,\"publisher\":{\"@id\":\"https:\/\/www.fiscalia.gov.co\/colombia\/#organization\"},\"image\":{\"@id\":\"https:\/\/www.fiscalia.gov.co\/colombia\/noticias\/tres-personas-judicializadas-por-delitos-sexuales-contra-menores-de-edad-en-tolima\/#primaryimage\"},\"thumbnailUrl\":\"https:\/\/www.fiscalia.gov.co\/colombia\/wp-content\/uploads\/caso-abuso-valle-de-san-juan.jpeg\",\"keywords\":[\"Abusador\",\"Acceso carnal\",\"Actos sexuales\",\"Dolores\",\"Fiscal Francisco Barbosa Delgado\",\"Fiscal General Francisco Barbosa Delgado\",\"Fiscal\u00eda General de la Naci\u00f3n\",\"Hijastra\",\"Hijastro\",\"Ibagu\u00e9\",\"Menores de edad\",\"Padrastro\",\"Polic\u00eda\",\"primos\",\"Valle de SAn Juan\",\"Violencia sexual\"],\"articleSection\":[\"Noticias\",\"Seccional Ibagu\u00e9\",\"Violencia sexual e intrafamiliar\"],\"inLanguage\":\"es-CO\"},{\"@type\":\"WebPage\",\"@id\":\"https:\/\/www.fiscalia.gov.co\/colombia\/noticias\/tres-personas-judicializadas-por-delitos-sexuales-contra-menores-de-edad-en-tolima\/\",\"url\":\"https:\/\/www.fiscalia.gov.co\/colombia\/noticias\/tres-personas-judicializadas-por-delitos-sexuales-contra-menores-de-edad-en-tolima\/\",\"name\":\"Fiscal\u00eda General de la Naci\u00f3n\",\"isPartOf\":{\"@id\":\"https:\/\/www.fiscalia.gov.co\/colombia\/#website\"},\"primaryImageOfPage\":{\"@id\":\"https:\/\/www.fiscalia.gov.co\/colombia\/noticias\/tres-personas-judicializadas-por-delitos-sexuales-contra-menores-de-edad-en-tolima\/#primaryimage\"},\"image\":{\"@id\":\"https:\/\/www.fiscalia.gov.co\/colombia\/noticias\/tres-personas-judicializadas-por-delitos-sexuales-contra-menores-de-edad-en-tolima\/#primaryimage\"},\"thumbnailUrl\":\"https:\/\/www.fiscalia.gov.co\/colombia\/wp-content\/uploads\/caso-abuso-valle-de-san-juan.jpeg\",\"datePublished\":\"2023-01-23T21:46:46+00:00\",\"dateModified\":\"2023-01-23T21:46:46+00:00\",\"description\":\"P\u00e1gina oficial de la Fiscal\u00eda General de la Naci\u00f3n \u2013 Colombia. Garantizamos el acceso efectivo a la justicia, la verdad y la reparaci\u00f3n de las v\u00edctimas de los delitos.\",\"breadcrumb\":{\"@id\":\"https:\/\/www.fiscalia.gov.co\/colombia\/noticias\/tres-personas-judicializadas-por-delitos-sexuales-contra-menores-de-edad-en-tolima\/#breadcrumb\"},\"inLanguage\":\"es-CO\",\"potentialAction\":[{\"@type\":\"ReadAction\",\"target\":[\"https:\/\/www.fiscalia.gov.co\/colombia\/noticias\/tres-personas-judicializadas-por-delitos-sexuales-contra-menores-de-edad-en-tolima\/\"]}]},{\"@type\":\"ImageObject\",\"inLanguage\":\"es-CO\",\"@id\":\"https:\/\/www.fiscalia.gov.co\/colombia\/noticias\/tres-personas-judicializadas-por-delitos-sexuales-contra-menores-de-edad-en-tolima\/#primaryimage\",\"url\":\"https:\/\/www.fiscalia.gov.co\/colombia\/wp-content\/uploads\/caso-abuso-valle-de-san-juan.jpeg\",\"contentUrl\":\"https:\/\/www.fiscalia.gov.co\/colombia\/wp-content\/uploads\/caso-abuso-valle-de-san-juan.jpeg\",\"width\":752,\"height\":794,\"caption\":\"Esta persona est\u00e1 siendo judicializada por el abuso de su prima con quien sosten\u00eda una relaci\u00f3n sentimental.\"},{\"@type\":\"BreadcrumbList\",\"@id\":\"https:\/\/www.fiscalia.gov.co\/colombia\/noticias\/tres-personas-judicializadas-por-delitos-sexuales-contra-menores-de-edad-en-tolima\/#breadcrumb\",\"itemListElement\":[{\"@type\":\"ListItem\",\"position\":1,\"name\":\"Home\",\"item\":\"https:\/\/www.fiscalia.gov.co\/colombia\/\"},{\"@type\":\"ListItem\",\"position\":2,\"name\":\"Tres personas judicializadas por delitos sexuales contra menores de edad en Tolima\"}]},{\"@type\":\"WebSite\",\"@id\":\"https:\/\/www.fiscalia.gov.co\/colombia\/#website\",\"url\":\"https:\/\/www.fiscalia.gov.co\/colombia\/\",\"name\":\"Fiscal\u00eda General de la Naci\u00f3n\",\"description\":\"P\u00e1gina oficial de la Fiscal\u00eda General de la Naci\u00f3n \u2013 Colombia. Garantizamos el acceso efectivo a la justicia, la verdad y la reparaci\u00f3n de las v\u00edctimas de los delitos.\",\"publisher\":{\"@id\":\"https:\/\/www.fiscalia.gov.co\/colombia\/#organization\"},\"potentialAction\":[{\"@type\":\"SearchAction\",\"target\":{\"@type\":\"EntryPoint\",\"urlTemplate\":\"https:\/\/www.fiscalia.gov.co\/colombia\/?s={search_term_string}\"},\"query-input\":{\"@type\":\"PropertyValueSpecification\",\"valueRequired\":true,\"valueName\":\"search_term_string\"}}],\"inLanguage\":\"es-CO\"},{\"@type\":\"Organization\",\"@id\":\"https:\/\/www.fiscalia.gov.co\/colombia\/#organization\",\"name\":\"Fiscal\u00eda General de la Naci\u00f3n\",\"url\":\"https:\/\/www.fiscalia.gov.co\/colombia\/\",\"logo\":{\"@type\":\"ImageObject\",\"inLanguage\":\"es-CO\",\"@id\":\"https:\/\/www.fiscalia.gov.co\/colombia\/#\/schema\/logo\/image\/\",\"url\":\"https:\/\/www.fiscalia.gov.co\/colombia\/wp-content\/uploads\/LogoHorizontal_1.jpg\",\"contentUrl\":\"https:\/\/www.fiscalia.gov.co\/colombia\/wp-content\/uploads\/LogoHorizontal_1.jpg\",\"width\":300,\"height\":90,\"caption\":\"Fiscal\u00eda General de la Naci\u00f3n\"},\"image\":{\"@id\":\"https:\/\/www.fiscalia.gov.co\/colombia\/#\/schema\/logo\/image\/\"},\"sameAs\":[\"https:\/\/www.facebook.com\/FiscaliaCol\",\"https:\/\/x.com\/FiscaliaCol\",\"https:\/\/www.instagram.com\/fiscaliacol\",\"https:\/\/www.linkedin.com\/company\/fiscalia-general-de-la-naci-n\/\",\"https:\/\/youtube.com\/@fiscaliageneraldelanacion-4668?si=6nN79nyQICPU5iTh\"]},{\"@type\":\"Person\",\"@id\":\"https:\/\/www.fiscalia.gov.co\/colombia\/#\/schema\/person\/2e76b9aba5ecf875ed565ce4de0e0415\",\"name\":\"Katherine Loaiza Mart\u00ednez\",\"image\":{\"@type\":\"ImageObject\",\"inLanguage\":\"es-CO\",\"@id\":\"https:\/\/www.fiscalia.gov.co\/colombia\/#\/schema\/person\/image\/\",\"url\":\"https:\/\/secure.gravatar.com\/avatar\/ab775a2f394c1b83b6d6f78680e57b50?s=96&d=mm&r=g\",\"contentUrl\":\"https:\/\/secure.gravatar.com\/avatar\/ab775a2f394c1b83b6d6f78680e57b50?s=96&d=mm&r=g\",\"caption\":\"Katherine Loaiza Mart\u00ednez\"},\"url\":\"https:\/\/www.fiscalia.gov.co\/colombia\/author\/kloaiza\/\"}]}<\/script>\n<!-- \/ Yoast SEO plugin. -->","yoast_head_json":{"title":"Fiscal\u00eda General de la Naci\u00f3n","description":"P\u00e1gina oficial de la Fiscal\u00eda General de la Naci\u00f3n \u2013 Colombia. Garantizamos el acceso efectivo a la justicia, la verdad y la reparaci\u00f3n de las v\u00edctimas de los delitos.","robots":{"index":"noindex","follow":"follow"},"og_locale":"es_ES","og_type":"article","og_title":"Fiscal\u00eda General de la Naci\u00f3n","og_description":"P\u00e1gina oficial de la Fiscal\u00eda General de la Naci\u00f3n \u2013 Colombia. Garantizamos el acceso efectivo a la justicia, la verdad y la reparaci\u00f3n de las v\u00edctimas de los delitos.","og_url":"https:\/\/www.fiscalia.gov.co\/colombia\/noticias\/tres-personas-judicializadas-por-delitos-sexuales-contra-menores-de-edad-en-tolima\/","og_site_name":"Fiscal\u00eda General de la Naci\u00f3n","article_publisher":"https:\/\/www.facebook.com\/FiscaliaCol","article_published_time":"2023-01-23T21:46:46+00:00","og_image":[{"url":"https:\/\/www.fiscalia.gov.co\/colombia\/wp-content\/uploads\/caso-abuso-valle-de-san-juan.jpeg","type":"","width":"","height":""}],"author":"Katherine Loaiza Mart\u00ednez","twitter_card":"summary_large_image","twitter_creator":"@FiscaliaCol","twitter_site":"@FiscaliaCol","twitter_misc":{"Escrito por":"Katherine Loaiza Mart\u00ednez","Tiempo de lectura":"2 minutos"},"schema":{"@context":"https:\/\/schema.org","@graph":[{"@type":"Article","@id":"https:\/\/www.fiscalia.gov.co\/colombia\/noticias\/tres-personas-judicializadas-por-delitos-sexuales-contra-menores-de-edad-en-tolima\/#article","isPartOf":{"@id":"https:\/\/www.fiscalia.gov.co\/colombia\/noticias\/tres-personas-judicializadas-por-delitos-sexuales-contra-menores-de-edad-en-tolima\/"},"author":{"name":"Katherine Loaiza Mart\u00ednez","@id":"https:\/\/www.fiscalia.gov.co\/colombia\/#\/schema\/person\/2e76b9aba5ecf875ed565ce4de0e0415"},"headline":"Tres personas judicializadas por delitos sexuales contra menores de edad en Tolima","datePublished":"2023-01-23T21:46:46+00:00","dateModified":"2023-01-23T21:46:46+00:00","mainEntityOfPage":{"@id":"https:\/\/www.fiscalia.gov.co\/colombia\/noticias\/tres-personas-judicializadas-por-delitos-sexuales-contra-menores-de-edad-en-tolima\/"},"wordCount":502,"publisher":{"@id":"https:\/\/www.fiscalia.gov.co\/colombia\/#organization"},"image":{"@id":"https:\/\/www.fiscalia.gov.co\/colombia\/noticias\/tres-personas-judicializadas-por-delitos-sexuales-contra-menores-de-edad-en-tolima\/#primaryimage"},"thumbnailUrl":"https:\/\/www.fiscalia.gov.co\/colombia\/wp-content\/uploads\/caso-abuso-valle-de-san-juan.jpeg","keywords":["Abusador","Acceso carnal","Actos sexuales","Dolores","Fiscal Francisco Barbosa Delgado","Fiscal General Francisco Barbosa Delgado","Fiscal\u00eda General de la Naci\u00f3n","Hijastra","Hijastro","Ibagu\u00e9","Menores de edad","Padrastro","Polic\u00eda","primos","Valle de SAn Juan","Violencia sexual"],"articleSection":["Noticias","Seccional Ibagu\u00e9","Violencia sexual e intrafamiliar"],"inLanguage":"es-CO"},{"@type":"WebPage","@id":"https:\/\/www.fiscalia.gov.co\/colombia\/noticias\/tres-personas-judicializadas-por-delitos-sexuales-contra-menores-de-edad-en-tolima\/","url":"https:\/\/www.fiscalia.gov.co\/colombia\/noticias\/tres-personas-judicializadas-por-delitos-sexuales-contra-menores-de-edad-en-tolima\/","name":"Fiscal\u00eda General de la Naci\u00f3n","isPartOf":{"@id":"https:\/\/www.fiscalia.gov.co\/colombia\/#website"},"primaryImageOfPage":{"@id":"https:\/\/www.fiscalia.gov.co\/colombia\/noticias\/tres-personas-judicializadas-por-delitos-sexuales-contra-menores-de-edad-en-tolima\/#primaryimage"},"image":{"@id":"https:\/\/www.fiscalia.gov.co\/colombia\/noticias\/tres-personas-judicializadas-por-delitos-sexuales-contra-menores-de-edad-en-tolima\/#primaryimage"},"thumbnailUrl":"https:\/\/www.fiscalia.gov.co\/colombia\/wp-content\/uploads\/caso-abuso-valle-de-san-juan.jpeg","datePublished":"2023-01-23T21:46:46+00:00","dateModified":"2023-01-23T21:46:46+00:00","description":"P\u00e1gina oficial de la Fiscal\u00eda General de la Naci\u00f3n \u2013 Colombia. Garantizamos el acceso efectivo a la justicia, la verdad y la reparaci\u00f3n de las v\u00edctimas de los delitos.","breadcrumb":{"@id":"https:\/\/www.fiscalia.gov.co\/colombia\/noticias\/tres-personas-judicializadas-por-delitos-sexuales-contra-menores-de-edad-en-tolima\/#breadcrumb"},"inLanguage":"es-CO","potentialAction":[{"@type":"ReadAction","target":["https:\/\/www.fiscalia.gov.co\/colombia\/noticias\/tres-personas-judicializadas-por-delitos-sexuales-contra-menores-de-edad-en-tolima\/"]}]},{"@type":"ImageObject","inLanguage":"es-CO","@id":"https:\/\/www.fiscalia.gov.co\/colombia\/noticias\/tres-personas-judicializadas-por-delitos-sexuales-contra-menores-de-edad-en-tolima\/#primaryimage","url":"https:\/\/www.fiscalia.gov.co\/colombia\/wp-content\/uploads\/caso-abuso-valle-de-san-juan.jpeg","contentUrl":"https:\/\/www.fiscalia.gov.co\/colombia\/wp-content\/uploads\/caso-abuso-valle-de-san-juan.jpeg","width":752,"height":794,"caption":"Esta persona est\u00e1 siendo judicializada por el abuso de su prima con quien sosten\u00eda una relaci\u00f3n sentimental."},{"@type":"BreadcrumbList","@id":"https:\/\/www.fiscalia.gov.co\/colombia\/noticias\/tres-personas-judicializadas-por-delitos-sexuales-contra-menores-de-edad-en-tolima\/#breadcrumb","itemListElement":[{"@type":"ListItem","position":1,"name":"Home","item":"https:\/\/www.fiscalia.gov.co\/colombia\/"},{"@type":"ListItem","position":2,"name":"Tres personas judicializadas por delitos sexuales contra menores de edad en Tolima"}]},{"@type":"WebSite","@id":"https:\/\/www.fiscalia.gov.co\/colombia\/#website","url":"https:\/\/www.fiscalia.gov.co\/colombia\/","name":"Fiscal\u00eda General de la Naci\u00f3n","description":"P\u00e1gina oficial de la Fiscal\u00eda General de la Naci\u00f3n \u2013 Colombia. Garantizamos el acceso efectivo a la justicia, la verdad y la reparaci\u00f3n de las v\u00edctimas de los delitos.","publisher":{"@id":"https:\/\/www.fiscalia.gov.co\/colombia\/#organization"},"potentialAction":[{"@type":"SearchAction","target":{"@type":"EntryPoint","urlTemplate":"https:\/\/www.fiscalia.gov.co\/colombia\/?s={search_term_string}"},"query-input":{"@type":"PropertyValueSpecification","valueRequired":true,"valueName":"search_term_string"}}],"inLanguage":"es-CO"},{"@type":"Organization","@id":"https:\/\/www.fiscalia.gov.co\/colombia\/#organization","name":"Fiscal\u00eda General de la Naci\u00f3n","url":"https:\/\/www.fiscalia.gov.co\/colombia\/","logo":{"@type":"ImageObject","inLanguage":"es-CO","@id":"https:\/\/www.fiscalia.gov.co\/colombia\/#\/schema\/logo\/image\/","url":"https:\/\/www.fiscalia.gov.co\/colombia\/wp-content\/uploads\/LogoHorizontal_1.jpg","contentUrl":"https:\/\/www.fiscalia.gov.co\/colombia\/wp-content\/uploads\/LogoHorizontal_1.jpg","width":300,"height":90,"caption":"Fiscal\u00eda General de la Naci\u00f3n"},"image":{"@id":"https:\/\/www.fiscalia.gov.co\/colombia\/#\/schema\/logo\/image\/"},"sameAs":["https:\/\/www.facebook.com\/FiscaliaCol","https:\/\/x.com\/FiscaliaCol","https:\/\/www.instagram.com\/fiscaliacol","https:\/\/www.linkedin.com\/company\/fiscalia-general-de-la-naci-n\/","https:\/\/youtube.com\/@fiscaliageneraldelanacion-4668?si=6nN79nyQICPU5iTh"]},{"@type":"Person","@id":"https:\/\/www.fiscalia.gov.co\/colombia\/#\/schema\/person\/2e76b9aba5ecf875ed565ce4de0e0415","name":"Katherine Loaiza Mart\u00ednez","image":{"@type":"ImageObject","inLanguage":"es-CO","@id":"https:\/\/www.fiscalia.gov.co\/colombia\/#\/schema\/person\/image\/","url":"https:\/\/secure.gravatar.com\/avatar\/ab775a2f394c1b83b6d6f78680e57b50?s=96&d=mm&r=g","contentUrl":"https:\/\/secure.gravatar.com\/avatar\/ab775a2f394c1b83b6d6f78680e57b50?s=96&d=mm&r=g","caption":"Katherine Loaiza Mart\u00ednez"},"url":"https:\/\/www.fiscalia.gov.co\/colombia\/author\/kloaiza\/"}]}},"_links":{"self":[{"href":"https:\/\/www.fiscalia.gov.co\/colombia\/wp-json\/wp\/v2\/posts\/264546","targetHints":{"allow":["GET"]}}],"collection":[{"href":"https:\/\/www.fiscalia.gov.co\/colombia\/wp-json\/wp\/v2\/posts"}],"about":[{"href":"https:\/\/www.fiscalia.gov.co\/colombia\/wp-json\/wp\/v2\/types\/post"}],"author":[{"embeddable":true,"href":"https:\/\/www.fiscalia.gov.co\/colombia\/wp-json\/wp\/v2\/users\/175"}],"replies":[{"embeddable":true,"href":"https:\/\/www.fiscalia.gov.co\/colombia\/wp-json\/wp\/v2\/comments?post=264546"}],"version-history":[{"count":1,"href":"https:\/\/www.fiscalia.gov.co\/colombia\/wp-json\/wp\/v2\/posts\/264546\/revisions"}],"predecessor-version":[{"id":264550,"href":"https:\/\/www.fiscalia.gov.co\/colombia\/wp-json\/wp\/v2\/posts\/264546\/revisions\/264550"}],"wp:attachment":[{"href":"https:\/\/www.fiscalia.gov.co\/colombia\/wp-json\/wp\/v2\/media?parent=264546"}],"wp:term":[{"taxonomy":"category","embeddable":true,"href":"https:\/\/www.fiscalia.gov.co\/colombia\/wp-json\/wp\/v2\/categories?post=264546"},{"taxonomy":"post_tag","embeddable":true,"href":"https:\/\/www.fiscalia.gov.co\/colombia\/wp-json\/wp\/v2\/tags?post=264546"}],"curies":[{"name":"wp","href":"https:\/\/api.w.org\/{rel}","templated":true}]}}