{"id":264443,"date":"2023-01-20T17:43:47","date_gmt":"2023-01-20T22:43:47","guid":{"rendered":"https:\/\/www.fiscalia.gov.co\/colombia\/?p=264443"},"modified":"2023-01-20T17:43:47","modified_gmt":"2023-01-20T22:43:47","slug":"a-prision-presunto-cabecilla-del-gaor-adan-izquierdo-que-estaria-implicado-en-un-homicidio-en-el-norte-del-valle-del-cauca","status":"publish","type":"post","link":"https:\/\/www.fiscalia.gov.co\/colombia\/noticias\/a-prision-presunto-cabecilla-del-gaor-adan-izquierdo-que-estaria-implicado-en-un-homicidio-en-el-norte-del-valle-del-cauca\/","title":{"rendered":"A prisi\u00f3n presunto cabecilla del Gaor Adan Izquierdo que estar\u00eda implicado en un homicidio en el norte del Valle del Cauca"},"content":{"rendered":"<h4><strong><i><span lang=\"EN-US\">La investigaci\u00f3n se\u00f1ala que el procesado al parecer lleg\u00f3 en julio del a\u00f1o pasado a una zona ubicada entre <\/span><\/i><\/strong><i><span lang=\"EN-US\"><strong>Tulu\u00e1 y Sevilla (Valle del Cauca) en busca de unas armas.<\/strong><u><\/u><u><\/u><\/span><\/i><\/h4>\n<figure id=\"attachment_264444\" aria-describedby=\"caption-attachment-264444\" style=\"width: 696px\" class=\"wp-caption aligncenter\"><img loading=\"lazy\" decoding=\"async\" class=\"size-large wp-image-264444\" src=\"https:\/\/www.fiscalia.gov.co\/colombia\/wp-content\/uploads\/Norvey-Gutierrez-Ladino-alias-Frank.-Gaor-Adan-Izquierdo.-Homicidio-concierto-y-porte-ilegal-de-armas.-Buga-Valle.--1024x595.jpg\" alt=\"En la foto aparece de pie y con los brazos atr\u00e1s, Norvey Guti\u00e9rrez Ladino, alias \u2018Frank\u2019. Viste camisa de manga corta negra con ribetes color naranja y jean azul. A su lado derecho hay un uniformado del Ej\u00e9rcito y a su derecha hay un uniformado de la Polic\u00eda y del CTI de la Fiscal\u00eda. Detr\u00e1s de ellos hay un pend\u00f3n institucional de la Polic\u00eda.\" width=\"696\" height=\"404\" srcset=\"https:\/\/www.fiscalia.gov.co\/colombia\/wp-content\/uploads\/Norvey-Gutierrez-Ladino-alias-Frank.-Gaor-Adan-Izquierdo.-Homicidio-concierto-y-porte-ilegal-de-armas.-Buga-Valle.--1024x595.jpg 1024w, https:\/\/www.fiscalia.gov.co\/colombia\/wp-content\/uploads\/Norvey-Gutierrez-Ladino-alias-Frank.-Gaor-Adan-Izquierdo.-Homicidio-concierto-y-porte-ilegal-de-armas.-Buga-Valle.--300x174.jpg 300w, https:\/\/www.fiscalia.gov.co\/colombia\/wp-content\/uploads\/Norvey-Gutierrez-Ladino-alias-Frank.-Gaor-Adan-Izquierdo.-Homicidio-concierto-y-porte-ilegal-de-armas.-Buga-Valle.--768x446.jpg 768w, https:\/\/www.fiscalia.gov.co\/colombia\/wp-content\/uploads\/Norvey-Gutierrez-Ladino-alias-Frank.-Gaor-Adan-Izquierdo.-Homicidio-concierto-y-porte-ilegal-de-armas.-Buga-Valle.--696x405.jpg 696w, https:\/\/www.fiscalia.gov.co\/colombia\/wp-content\/uploads\/Norvey-Gutierrez-Ladino-alias-Frank.-Gaor-Adan-Izquierdo.-Homicidio-concierto-y-porte-ilegal-de-armas.-Buga-Valle.--1068x621.jpg 1068w, https:\/\/www.fiscalia.gov.co\/colombia\/wp-content\/uploads\/Norvey-Gutierrez-Ladino-alias-Frank.-Gaor-Adan-Izquierdo.-Homicidio-concierto-y-porte-ilegal-de-armas.-Buga-Valle.--723x420.jpg 723w, https:\/\/www.fiscalia.gov.co\/colombia\/wp-content\/uploads\/Norvey-Gutierrez-Ladino-alias-Frank.-Gaor-Adan-Izquierdo.-Homicidio-concierto-y-porte-ilegal-de-armas.-Buga-Valle.-.jpg 1280w\" sizes=\"auto, (max-width: 696px) 100vw, 696px\" \/><figcaption id=\"caption-attachment-264444\" class=\"wp-caption-text\">Norvey Guti\u00e9rrez Ladino, alias \u2018Frank\u2019, supuesto cabecilla del Gaor Adan Izquierdo, fue enviado a la c\u00e1rcel por el homicidio de un hombre, en zona rural que limita entre Tulu\u00e1 y Sevilla (Valle).<\/figcaption><\/figure>\n<p><span lang=\"EN-US\">Por petici\u00f3n de la Fiscal\u00eda General de la Naci\u00f3n, un juez de control de garant\u00edas impuso medida de aseguramiento en establecimiento carcelario contra Norvey Guti\u00e9rrez Ladino, alias Frank.<u><\/u><u><\/u><\/span><\/p>\n<p><span lang=\"EN-US\">Seg\u00fan la investigaci\u00f3n este hombre, como posible segundo al mando del grupo armado organizado residual (Gaor) Adan Izquierdo lleg\u00f3 el 15 de julio de 2020 a la vereda Norcasia ubicada entre los municipios de Tulu\u00e1 y Sevilla (Valle del Cauca).<u><\/u><u><\/u><\/span><\/p>\n<p><span lang=\"EN-US\">En dicho lugar el ahora procesado, al parecer, interrog\u00f3 a varios campesinos sobre la presunta existencia de una caleta con armas. Ante la negativa de un ciudadano frente a dichos cuestionamientos el procesado habr\u00eda disparado en contra. La v\u00edctima muri\u00f3 al instante.<u><\/u><u><\/u><\/span><\/p>\n<p><span lang=\"EN-US\">Tambi\u00e9n se cree que el procesado habr\u00eda ordenado el confinamiento de los integrantes de la comunidad, por varias horas.<\/span><u><\/u><u><\/u><\/p>\n<p><span lang=\"EN-US\">Por estos hechos \u2018Frank\u2019 fue capturado en Buga, por servidores del Cuerpo T\u00e9cnico de Investigaci\u00f3n (CTI) y la Polic\u00eda Nacional, apoyados por el Ej\u00e9rcito Nacional. La Fiscal\u00eda imput\u00f3 al capturado los delitos de concierto para delinquir; homicidio agravado y\u00a0<\/span><span lang=\"EN-US\">fabricaci\u00f3n, tr\u00e1fico y porte de armas de fuego o municiones.<u><\/u><u><\/u><\/span><\/p>\n<p><span lang=\"EN-US\">Esta informaci\u00f3n se publica por razones de inter\u00e9s general.\u00a0<\/span><u><\/u><u><\/u><\/p>\n<p><span lang=\"EN-US\"><u><\/u> <b><span lang=\"ES-TRAD\">La Fiscal\u00eda habla con resultados.<\/span><\/b><u><\/u><\/span><\/p>\n<p>&nbsp;<\/p>\n<p>&nbsp;<\/p>\n<p>&nbsp;<\/p>\n<p>&nbsp;<\/p>\n<p>&nbsp;<\/p>\n<p><span lang=\"EN-US\">MAP\/MAGA\/SMLR\/DSVC\/\u00a0<u><\/u><u><\/u><\/span><\/p>\n<p><span lang=\"EN-US\"><u><\/u>\u00a0<u><\/u><\/span><\/p>\n<p>&nbsp;<\/p>\n<p>&nbsp;<\/p>\n<p>&nbsp;<\/p>\n<div class=\"td-post-content tagdiv-type\">\n<div class=\"td-post-content tagdiv-type\">\n<p><em>La informaci\u00f3n contenida en este bolet\u00edn de prensa corresponde a la narraci\u00f3n de los hechos noticiosos objetivos, y las investigaciones penales al interior de la Fiscal\u00eda General de la Naci\u00f3n. Para el momento de la divulgaci\u00f3n de este comunicado, la situaci\u00f3n jur\u00eddica de la(s) persona(s) relacionada(s) se encuentra pendiente de resolver por la autoridad judicial competente, siempre bajo los preceptos de la presunci\u00f3n de inocencia, consagrados en el art\u00edculo 29 de la Constituci\u00f3n Pol\u00edtica y el art\u00edculo 7\u00ba de la Ley 906 de 2004.<\/em><\/p>\n<\/div>\n<footer>\n<div class=\"td-post-sharing-bottom\"><\/div>\n<\/footer>\n<\/div>\n<footer>\n<div class=\"td-post-source-tags\"><\/div>\n<div class=\"td-post-sharing-bottom\"><\/div>\n<\/footer>\n<p align=\"center\">\n\n<div class=\"twitter-share\"><a href=\"https:\/\/twitter.com\/intent\/tweet?via=fiscaliacol\" class=\"twitter-share-button\">Tweet<\/a><\/div>\n","protected":false},"excerpt":{"rendered":"<p>La investigaci\u00f3n se\u00f1ala que el procesado al parecer lleg\u00f3 en julio del a\u00f1o pasado a una zona ubicada entre Tulu\u00e1 y Sevilla (Valle del Cauca) en busca de unas armas. Por petici\u00f3n de la Fiscal\u00eda General de la Naci\u00f3n, un juez de control de garant\u00edas impuso medida de aseguramiento en establecimiento carcelario contra Norvey Guti\u00e9rrez [&hellip;]<\/p>\n","protected":false},"author":177,"featured_media":0,"comment_status":"closed","ping_status":"open","sticky":false,"template":"","format":"standard","meta":{"_price":"","_stock":"","_tribe_ticket_header":"","_tribe_default_ticket_provider":"","_tribe_ticket_capacity":"0","_ticket_start_date":"","_ticket_end_date":"","_tribe_ticket_show_description":"","_tribe_ticket_show_not_going":false,"_tribe_ticket_use_global_stock":"","_tribe_ticket_global_stock_level":"","_global_stock_mode":"","_global_stock_cap":"","_tribe_rsvp_for_event":"","_tribe_ticket_going_count":"","_tribe_ticket_not_going_count":"","_tribe_tickets_list":"[]","_tribe_ticket_has_attendee_info_fields":false,"tdm_status":"","tdm_grid_status":"","footnotes":""},"categories":[1,324,303,24099],"tags":[12424,24551,33738,78,24187,29497,31866,1185,24549,29437,25975,27647],"class_list":{"0":"post-264443","1":"post","2":"type-post","3":"status-publish","4":"format-standard","6":"category-noticias","7":"category-seccional-cali","8":"category-seccionales","9":"category-seguridad-territorial","10":"tag-capturado","11":"tag-centro-carcelario","12":"tag-delinquir-homicidio-agravado-y-fabricacion","13":"tag-fiscal-general-de-la-nacion","14":"tag-fiscalia-colombia","15":"tag-gaor-adan-izquierdo","16":"tag-guadalajara-de-buga-valle-del-cauca","17":"tag-medida-de-aseguramiento","18":"tag-orden-judicial","19":"tag-seccional-valle-del-cauca","20":"tag-segundo-cabecilla","21":"tag-trafico-y-porte-de-armas-de-fuego-o-municiones"},"yoast_head":"<!-- This site is optimized with the Yoast SEO plugin v24.3 - https:\/\/yoast.com\/wordpress\/plugins\/seo\/ -->\n<title>Fiscal\u00eda General de la Naci\u00f3n<\/title>\n<meta name=\"description\" content=\"P\u00e1gina oficial de la Fiscal\u00eda General de la Naci\u00f3n \u2013 Colombia. Garantizamos el acceso efectivo a la justicia, la verdad y la reparaci\u00f3n de las v\u00edctimas de los delitos.\" \/>\n<meta name=\"robots\" content=\"noindex, follow\" \/>\n<meta property=\"og:locale\" content=\"es_ES\" \/>\n<meta property=\"og:type\" content=\"article\" \/>\n<meta property=\"og:title\" content=\"Fiscal\u00eda General de la Naci\u00f3n\" \/>\n<meta property=\"og:description\" content=\"P\u00e1gina oficial de la Fiscal\u00eda General de la Naci\u00f3n \u2013 Colombia. Garantizamos el acceso efectivo a la justicia, la verdad y la reparaci\u00f3n de las v\u00edctimas de los delitos.\" \/>\n<meta property=\"og:url\" content=\"https:\/\/www.fiscalia.gov.co\/colombia\/noticias\/a-prision-presunto-cabecilla-del-gaor-adan-izquierdo-que-estaria-implicado-en-un-homicidio-en-el-norte-del-valle-del-cauca\/\" \/>\n<meta property=\"og:site_name\" content=\"Fiscal\u00eda General de la Naci\u00f3n\" \/>\n<meta property=\"article:publisher\" content=\"https:\/\/www.facebook.com\/FiscaliaCol\" \/>\n<meta property=\"article:published_time\" content=\"2023-01-20T22:43:47+00:00\" \/>\n<meta property=\"og:image\" content=\"https:\/\/www.fiscalia.gov.co\/colombia\/wp-content\/uploads\/Norvey-Gutierrez-Ladino-alias-Frank.-Gaor-Adan-Izquierdo.-Homicidio-concierto-y-porte-ilegal-de-armas.-Buga-Valle.--1024x595.jpg\" \/>\n<meta name=\"author\" content=\"Jordan Leandro Oviedo Anzola\" \/>\n<meta name=\"twitter:card\" content=\"summary_large_image\" \/>\n<meta name=\"twitter:creator\" content=\"@FiscaliaCol\" \/>\n<meta name=\"twitter:site\" content=\"@FiscaliaCol\" \/>\n<meta name=\"twitter:label1\" content=\"Escrito por\" \/>\n\t<meta name=\"twitter:data1\" content=\"Jordan Leandro Oviedo Anzola\" \/>\n\t<meta name=\"twitter:label2\" content=\"Tiempo de lectura\" \/>\n\t<meta name=\"twitter:data2\" content=\"2 minutos\" \/>\n<script type=\"application\/ld+json\" class=\"yoast-schema-graph\">{\"@context\":\"https:\/\/schema.org\",\"@graph\":[{\"@type\":\"Article\",\"@id\":\"https:\/\/www.fiscalia.gov.co\/colombia\/noticias\/a-prision-presunto-cabecilla-del-gaor-adan-izquierdo-que-estaria-implicado-en-un-homicidio-en-el-norte-del-valle-del-cauca\/#article\",\"isPartOf\":{\"@id\":\"https:\/\/www.fiscalia.gov.co\/colombia\/noticias\/a-prision-presunto-cabecilla-del-gaor-adan-izquierdo-que-estaria-implicado-en-un-homicidio-en-el-norte-del-valle-del-cauca\/\"},\"author\":{\"name\":\"Jordan Leandro Oviedo Anzola\",\"@id\":\"https:\/\/www.fiscalia.gov.co\/colombia\/#\/schema\/person\/bf84402cf293a5393e9c70b111020b24\"},\"headline\":\"A prisi\u00f3n presunto cabecilla del Gaor Adan Izquierdo que estar\u00eda implicado en un homicidio en el norte del Valle del Cauca\",\"datePublished\":\"2023-01-20T22:43:47+00:00\",\"dateModified\":\"2023-01-20T22:43:47+00:00\",\"mainEntityOfPage\":{\"@id\":\"https:\/\/www.fiscalia.gov.co\/colombia\/noticias\/a-prision-presunto-cabecilla-del-gaor-adan-izquierdo-que-estaria-implicado-en-un-homicidio-en-el-norte-del-valle-del-cauca\/\"},\"wordCount\":416,\"publisher\":{\"@id\":\"https:\/\/www.fiscalia.gov.co\/colombia\/#organization\"},\"image\":{\"@id\":\"https:\/\/www.fiscalia.gov.co\/colombia\/noticias\/a-prision-presunto-cabecilla-del-gaor-adan-izquierdo-que-estaria-implicado-en-un-homicidio-en-el-norte-del-valle-del-cauca\/#primaryimage\"},\"thumbnailUrl\":\"https:\/\/www.fiscalia.gov.co\/colombia\/wp-content\/uploads\/Norvey-Gutierrez-Ladino-alias-Frank.-Gaor-Adan-Izquierdo.-Homicidio-concierto-y-porte-ilegal-de-armas.-Buga-Valle.--1024x595.jpg\",\"keywords\":[\"Capturado\",\"centro carcelario\",\"delinquir; homicidio agravado y fabricaci\u00f3n\",\"Fiscal General de la Naci\u00f3n\",\"Fiscal\u00eda Colombia\",\"Gaor Adan Izquierdo\",\"Guadalajara de Buga (Valle del Cauca)\",\"Medida de aseguramiento\",\"orden judicial\",\"Seccional Valle del Cauca\",\"segundo cabecilla.\",\"tr\u00e1fico y porte de armas de fuego o municiones\"],\"articleSection\":[\"Noticias\",\"Seccional Cali\",\"Seccionales\",\"Seguridad territorial\"],\"inLanguage\":\"es-CO\"},{\"@type\":\"WebPage\",\"@id\":\"https:\/\/www.fiscalia.gov.co\/colombia\/noticias\/a-prision-presunto-cabecilla-del-gaor-adan-izquierdo-que-estaria-implicado-en-un-homicidio-en-el-norte-del-valle-del-cauca\/\",\"url\":\"https:\/\/www.fiscalia.gov.co\/colombia\/noticias\/a-prision-presunto-cabecilla-del-gaor-adan-izquierdo-que-estaria-implicado-en-un-homicidio-en-el-norte-del-valle-del-cauca\/\",\"name\":\"Fiscal\u00eda General de la Naci\u00f3n\",\"isPartOf\":{\"@id\":\"https:\/\/www.fiscalia.gov.co\/colombia\/#website\"},\"primaryImageOfPage\":{\"@id\":\"https:\/\/www.fiscalia.gov.co\/colombia\/noticias\/a-prision-presunto-cabecilla-del-gaor-adan-izquierdo-que-estaria-implicado-en-un-homicidio-en-el-norte-del-valle-del-cauca\/#primaryimage\"},\"image\":{\"@id\":\"https:\/\/www.fiscalia.gov.co\/colombia\/noticias\/a-prision-presunto-cabecilla-del-gaor-adan-izquierdo-que-estaria-implicado-en-un-homicidio-en-el-norte-del-valle-del-cauca\/#primaryimage\"},\"thumbnailUrl\":\"https:\/\/www.fiscalia.gov.co\/colombia\/wp-content\/uploads\/Norvey-Gutierrez-Ladino-alias-Frank.-Gaor-Adan-Izquierdo.-Homicidio-concierto-y-porte-ilegal-de-armas.-Buga-Valle.--1024x595.jpg\",\"datePublished\":\"2023-01-20T22:43:47+00:00\",\"dateModified\":\"2023-01-20T22:43:47+00:00\",\"description\":\"P\u00e1gina oficial de la Fiscal\u00eda General de la Naci\u00f3n \u2013 Colombia. Garantizamos el acceso efectivo a la justicia, la verdad y la reparaci\u00f3n de las v\u00edctimas de los delitos.\",\"breadcrumb\":{\"@id\":\"https:\/\/www.fiscalia.gov.co\/colombia\/noticias\/a-prision-presunto-cabecilla-del-gaor-adan-izquierdo-que-estaria-implicado-en-un-homicidio-en-el-norte-del-valle-del-cauca\/#breadcrumb\"},\"inLanguage\":\"es-CO\",\"potentialAction\":[{\"@type\":\"ReadAction\",\"target\":[\"https:\/\/www.fiscalia.gov.co\/colombia\/noticias\/a-prision-presunto-cabecilla-del-gaor-adan-izquierdo-que-estaria-implicado-en-un-homicidio-en-el-norte-del-valle-del-cauca\/\"]}]},{\"@type\":\"ImageObject\",\"inLanguage\":\"es-CO\",\"@id\":\"https:\/\/www.fiscalia.gov.co\/colombia\/noticias\/a-prision-presunto-cabecilla-del-gaor-adan-izquierdo-que-estaria-implicado-en-un-homicidio-en-el-norte-del-valle-del-cauca\/#primaryimage\",\"url\":\"https:\/\/www.fiscalia.gov.co\/colombia\/wp-content\/uploads\/Norvey-Gutierrez-Ladino-alias-Frank.-Gaor-Adan-Izquierdo.-Homicidio-concierto-y-porte-ilegal-de-armas.-Buga-Valle.-.jpg\",\"contentUrl\":\"https:\/\/www.fiscalia.gov.co\/colombia\/wp-content\/uploads\/Norvey-Gutierrez-Ladino-alias-Frank.-Gaor-Adan-Izquierdo.-Homicidio-concierto-y-porte-ilegal-de-armas.-Buga-Valle.-.jpg\",\"width\":1280,\"height\":744,\"caption\":\"Norvey Guti\u00e9rrez Ladino, alias \u2018Frank\u2019, supuesto cabecilla del Gaor Adan Izquierdo, fue enviado a la c\u00e1rcel por el homicidio de un hombre, en zona rural que limita entre Tulu\u00e1 y Sevilla (Valle).\"},{\"@type\":\"BreadcrumbList\",\"@id\":\"https:\/\/www.fiscalia.gov.co\/colombia\/noticias\/a-prision-presunto-cabecilla-del-gaor-adan-izquierdo-que-estaria-implicado-en-un-homicidio-en-el-norte-del-valle-del-cauca\/#breadcrumb\",\"itemListElement\":[{\"@type\":\"ListItem\",\"position\":1,\"name\":\"Home\",\"item\":\"https:\/\/www.fiscalia.gov.co\/colombia\/\"},{\"@type\":\"ListItem\",\"position\":2,\"name\":\"A prisi\u00f3n presunto cabecilla del Gaor Adan Izquierdo que estar\u00eda implicado en un homicidio en el norte del Valle del Cauca\"}]},{\"@type\":\"WebSite\",\"@id\":\"https:\/\/www.fiscalia.gov.co\/colombia\/#website\",\"url\":\"https:\/\/www.fiscalia.gov.co\/colombia\/\",\"name\":\"Fiscal\u00eda General de la Naci\u00f3n\",\"description\":\"P\u00e1gina oficial de la Fiscal\u00eda General de la Naci\u00f3n \u2013 Colombia. Garantizamos el acceso efectivo a la justicia, la verdad y la reparaci\u00f3n de las v\u00edctimas de los delitos.\",\"publisher\":{\"@id\":\"https:\/\/www.fiscalia.gov.co\/colombia\/#organization\"},\"potentialAction\":[{\"@type\":\"SearchAction\",\"target\":{\"@type\":\"EntryPoint\",\"urlTemplate\":\"https:\/\/www.fiscalia.gov.co\/colombia\/?s={search_term_string}\"},\"query-input\":{\"@type\":\"PropertyValueSpecification\",\"valueRequired\":true,\"valueName\":\"search_term_string\"}}],\"inLanguage\":\"es-CO\"},{\"@type\":\"Organization\",\"@id\":\"https:\/\/www.fiscalia.gov.co\/colombia\/#organization\",\"name\":\"Fiscal\u00eda General de la Naci\u00f3n\",\"url\":\"https:\/\/www.fiscalia.gov.co\/colombia\/\",\"logo\":{\"@type\":\"ImageObject\",\"inLanguage\":\"es-CO\",\"@id\":\"https:\/\/www.fiscalia.gov.co\/colombia\/#\/schema\/logo\/image\/\",\"url\":\"https:\/\/www.fiscalia.gov.co\/colombia\/wp-content\/uploads\/LogoHorizontal_1.jpg\",\"contentUrl\":\"https:\/\/www.fiscalia.gov.co\/colombia\/wp-content\/uploads\/LogoHorizontal_1.jpg\",\"width\":300,\"height\":90,\"caption\":\"Fiscal\u00eda General de la Naci\u00f3n\"},\"image\":{\"@id\":\"https:\/\/www.fiscalia.gov.co\/colombia\/#\/schema\/logo\/image\/\"},\"sameAs\":[\"https:\/\/www.facebook.com\/FiscaliaCol\",\"https:\/\/x.com\/FiscaliaCol\",\"https:\/\/www.instagram.com\/fiscaliacol\",\"https:\/\/www.linkedin.com\/company\/fiscalia-general-de-la-naci-n\/\",\"https:\/\/youtube.com\/@fiscaliageneraldelanacion-4668?si=6nN79nyQICPU5iTh\"]},{\"@type\":\"Person\",\"@id\":\"https:\/\/www.fiscalia.gov.co\/colombia\/#\/schema\/person\/bf84402cf293a5393e9c70b111020b24\",\"name\":\"Jordan Leandro Oviedo Anzola\",\"image\":{\"@type\":\"ImageObject\",\"inLanguage\":\"es-CO\",\"@id\":\"https:\/\/www.fiscalia.gov.co\/colombia\/#\/schema\/person\/image\/\",\"url\":\"https:\/\/secure.gravatar.com\/avatar\/dabba4346fa9b9207d96adafa8f92721?s=96&d=mm&r=g\",\"contentUrl\":\"https:\/\/secure.gravatar.com\/avatar\/dabba4346fa9b9207d96adafa8f92721?s=96&d=mm&r=g\",\"caption\":\"Jordan Leandro Oviedo Anzola\"},\"url\":\"https:\/\/www.fiscalia.gov.co\/colombia\/author\/joviedo\/\"}]}<\/script>\n<!-- \/ Yoast SEO plugin. -->","yoast_head_json":{"title":"Fiscal\u00eda General de la Naci\u00f3n","description":"P\u00e1gina oficial de la Fiscal\u00eda General de la Naci\u00f3n \u2013 Colombia. Garantizamos el acceso efectivo a la justicia, la verdad y la reparaci\u00f3n de las v\u00edctimas de los delitos.","robots":{"index":"noindex","follow":"follow"},"og_locale":"es_ES","og_type":"article","og_title":"Fiscal\u00eda General de la Naci\u00f3n","og_description":"P\u00e1gina oficial de la Fiscal\u00eda General de la Naci\u00f3n \u2013 Colombia. Garantizamos el acceso efectivo a la justicia, la verdad y la reparaci\u00f3n de las v\u00edctimas de los delitos.","og_url":"https:\/\/www.fiscalia.gov.co\/colombia\/noticias\/a-prision-presunto-cabecilla-del-gaor-adan-izquierdo-que-estaria-implicado-en-un-homicidio-en-el-norte-del-valle-del-cauca\/","og_site_name":"Fiscal\u00eda General de la Naci\u00f3n","article_publisher":"https:\/\/www.facebook.com\/FiscaliaCol","article_published_time":"2023-01-20T22:43:47+00:00","og_image":[{"url":"https:\/\/www.fiscalia.gov.co\/colombia\/wp-content\/uploads\/Norvey-Gutierrez-Ladino-alias-Frank.-Gaor-Adan-Izquierdo.-Homicidio-concierto-y-porte-ilegal-de-armas.-Buga-Valle.--1024x595.jpg","type":"","width":"","height":""}],"author":"Jordan Leandro Oviedo Anzola","twitter_card":"summary_large_image","twitter_creator":"@FiscaliaCol","twitter_site":"@FiscaliaCol","twitter_misc":{"Escrito por":"Jordan Leandro Oviedo Anzola","Tiempo de lectura":"2 minutos"},"schema":{"@context":"https:\/\/schema.org","@graph":[{"@type":"Article","@id":"https:\/\/www.fiscalia.gov.co\/colombia\/noticias\/a-prision-presunto-cabecilla-del-gaor-adan-izquierdo-que-estaria-implicado-en-un-homicidio-en-el-norte-del-valle-del-cauca\/#article","isPartOf":{"@id":"https:\/\/www.fiscalia.gov.co\/colombia\/noticias\/a-prision-presunto-cabecilla-del-gaor-adan-izquierdo-que-estaria-implicado-en-un-homicidio-en-el-norte-del-valle-del-cauca\/"},"author":{"name":"Jordan Leandro Oviedo Anzola","@id":"https:\/\/www.fiscalia.gov.co\/colombia\/#\/schema\/person\/bf84402cf293a5393e9c70b111020b24"},"headline":"A prisi\u00f3n presunto cabecilla del Gaor Adan Izquierdo que estar\u00eda implicado en un homicidio en el norte del Valle del Cauca","datePublished":"2023-01-20T22:43:47+00:00","dateModified":"2023-01-20T22:43:47+00:00","mainEntityOfPage":{"@id":"https:\/\/www.fiscalia.gov.co\/colombia\/noticias\/a-prision-presunto-cabecilla-del-gaor-adan-izquierdo-que-estaria-implicado-en-un-homicidio-en-el-norte-del-valle-del-cauca\/"},"wordCount":416,"publisher":{"@id":"https:\/\/www.fiscalia.gov.co\/colombia\/#organization"},"image":{"@id":"https:\/\/www.fiscalia.gov.co\/colombia\/noticias\/a-prision-presunto-cabecilla-del-gaor-adan-izquierdo-que-estaria-implicado-en-un-homicidio-en-el-norte-del-valle-del-cauca\/#primaryimage"},"thumbnailUrl":"https:\/\/www.fiscalia.gov.co\/colombia\/wp-content\/uploads\/Norvey-Gutierrez-Ladino-alias-Frank.-Gaor-Adan-Izquierdo.-Homicidio-concierto-y-porte-ilegal-de-armas.-Buga-Valle.--1024x595.jpg","keywords":["Capturado","centro carcelario","delinquir; homicidio agravado y fabricaci\u00f3n","Fiscal General de la Naci\u00f3n","Fiscal\u00eda Colombia","Gaor Adan Izquierdo","Guadalajara de Buga (Valle del Cauca)","Medida de aseguramiento","orden judicial","Seccional Valle del Cauca","segundo cabecilla.","tr\u00e1fico y porte de armas de fuego o municiones"],"articleSection":["Noticias","Seccional Cali","Seccionales","Seguridad territorial"],"inLanguage":"es-CO"},{"@type":"WebPage","@id":"https:\/\/www.fiscalia.gov.co\/colombia\/noticias\/a-prision-presunto-cabecilla-del-gaor-adan-izquierdo-que-estaria-implicado-en-un-homicidio-en-el-norte-del-valle-del-cauca\/","url":"https:\/\/www.fiscalia.gov.co\/colombia\/noticias\/a-prision-presunto-cabecilla-del-gaor-adan-izquierdo-que-estaria-implicado-en-un-homicidio-en-el-norte-del-valle-del-cauca\/","name":"Fiscal\u00eda General de la Naci\u00f3n","isPartOf":{"@id":"https:\/\/www.fiscalia.gov.co\/colombia\/#website"},"primaryImageOfPage":{"@id":"https:\/\/www.fiscalia.gov.co\/colombia\/noticias\/a-prision-presunto-cabecilla-del-gaor-adan-izquierdo-que-estaria-implicado-en-un-homicidio-en-el-norte-del-valle-del-cauca\/#primaryimage"},"image":{"@id":"https:\/\/www.fiscalia.gov.co\/colombia\/noticias\/a-prision-presunto-cabecilla-del-gaor-adan-izquierdo-que-estaria-implicado-en-un-homicidio-en-el-norte-del-valle-del-cauca\/#primaryimage"},"thumbnailUrl":"https:\/\/www.fiscalia.gov.co\/colombia\/wp-content\/uploads\/Norvey-Gutierrez-Ladino-alias-Frank.-Gaor-Adan-Izquierdo.-Homicidio-concierto-y-porte-ilegal-de-armas.-Buga-Valle.--1024x595.jpg","datePublished":"2023-01-20T22:43:47+00:00","dateModified":"2023-01-20T22:43:47+00:00","description":"P\u00e1gina oficial de la Fiscal\u00eda General de la Naci\u00f3n \u2013 Colombia. Garantizamos el acceso efectivo a la justicia, la verdad y la reparaci\u00f3n de las v\u00edctimas de los delitos.","breadcrumb":{"@id":"https:\/\/www.fiscalia.gov.co\/colombia\/noticias\/a-prision-presunto-cabecilla-del-gaor-adan-izquierdo-que-estaria-implicado-en-un-homicidio-en-el-norte-del-valle-del-cauca\/#breadcrumb"},"inLanguage":"es-CO","potentialAction":[{"@type":"ReadAction","target":["https:\/\/www.fiscalia.gov.co\/colombia\/noticias\/a-prision-presunto-cabecilla-del-gaor-adan-izquierdo-que-estaria-implicado-en-un-homicidio-en-el-norte-del-valle-del-cauca\/"]}]},{"@type":"ImageObject","inLanguage":"es-CO","@id":"https:\/\/www.fiscalia.gov.co\/colombia\/noticias\/a-prision-presunto-cabecilla-del-gaor-adan-izquierdo-que-estaria-implicado-en-un-homicidio-en-el-norte-del-valle-del-cauca\/#primaryimage","url":"https:\/\/www.fiscalia.gov.co\/colombia\/wp-content\/uploads\/Norvey-Gutierrez-Ladino-alias-Frank.-Gaor-Adan-Izquierdo.-Homicidio-concierto-y-porte-ilegal-de-armas.-Buga-Valle.-.jpg","contentUrl":"https:\/\/www.fiscalia.gov.co\/colombia\/wp-content\/uploads\/Norvey-Gutierrez-Ladino-alias-Frank.-Gaor-Adan-Izquierdo.-Homicidio-concierto-y-porte-ilegal-de-armas.-Buga-Valle.-.jpg","width":1280,"height":744,"caption":"Norvey Guti\u00e9rrez Ladino, alias \u2018Frank\u2019, supuesto cabecilla del Gaor Adan Izquierdo, fue enviado a la c\u00e1rcel por el homicidio de un hombre, en zona rural que limita entre Tulu\u00e1 y Sevilla (Valle)."},{"@type":"BreadcrumbList","@id":"https:\/\/www.fiscalia.gov.co\/colombia\/noticias\/a-prision-presunto-cabecilla-del-gaor-adan-izquierdo-que-estaria-implicado-en-un-homicidio-en-el-norte-del-valle-del-cauca\/#breadcrumb","itemListElement":[{"@type":"ListItem","position":1,"name":"Home","item":"https:\/\/www.fiscalia.gov.co\/colombia\/"},{"@type":"ListItem","position":2,"name":"A prisi\u00f3n presunto cabecilla del Gaor Adan Izquierdo que estar\u00eda implicado en un homicidio en el norte del Valle del Cauca"}]},{"@type":"WebSite","@id":"https:\/\/www.fiscalia.gov.co\/colombia\/#website","url":"https:\/\/www.fiscalia.gov.co\/colombia\/","name":"Fiscal\u00eda General de la Naci\u00f3n","description":"P\u00e1gina oficial de la Fiscal\u00eda General de la Naci\u00f3n \u2013 Colombia. Garantizamos el acceso efectivo a la justicia, la verdad y la reparaci\u00f3n de las v\u00edctimas de los delitos.","publisher":{"@id":"https:\/\/www.fiscalia.gov.co\/colombia\/#organization"},"potentialAction":[{"@type":"SearchAction","target":{"@type":"EntryPoint","urlTemplate":"https:\/\/www.fiscalia.gov.co\/colombia\/?s={search_term_string}"},"query-input":{"@type":"PropertyValueSpecification","valueRequired":true,"valueName":"search_term_string"}}],"inLanguage":"es-CO"},{"@type":"Organization","@id":"https:\/\/www.fiscalia.gov.co\/colombia\/#organization","name":"Fiscal\u00eda General de la Naci\u00f3n","url":"https:\/\/www.fiscalia.gov.co\/colombia\/","logo":{"@type":"ImageObject","inLanguage":"es-CO","@id":"https:\/\/www.fiscalia.gov.co\/colombia\/#\/schema\/logo\/image\/","url":"https:\/\/www.fiscalia.gov.co\/colombia\/wp-content\/uploads\/LogoHorizontal_1.jpg","contentUrl":"https:\/\/www.fiscalia.gov.co\/colombia\/wp-content\/uploads\/LogoHorizontal_1.jpg","width":300,"height":90,"caption":"Fiscal\u00eda General de la Naci\u00f3n"},"image":{"@id":"https:\/\/www.fiscalia.gov.co\/colombia\/#\/schema\/logo\/image\/"},"sameAs":["https:\/\/www.facebook.com\/FiscaliaCol","https:\/\/x.com\/FiscaliaCol","https:\/\/www.instagram.com\/fiscaliacol","https:\/\/www.linkedin.com\/company\/fiscalia-general-de-la-naci-n\/","https:\/\/youtube.com\/@fiscaliageneraldelanacion-4668?si=6nN79nyQICPU5iTh"]},{"@type":"Person","@id":"https:\/\/www.fiscalia.gov.co\/colombia\/#\/schema\/person\/bf84402cf293a5393e9c70b111020b24","name":"Jordan Leandro Oviedo Anzola","image":{"@type":"ImageObject","inLanguage":"es-CO","@id":"https:\/\/www.fiscalia.gov.co\/colombia\/#\/schema\/person\/image\/","url":"https:\/\/secure.gravatar.com\/avatar\/dabba4346fa9b9207d96adafa8f92721?s=96&d=mm&r=g","contentUrl":"https:\/\/secure.gravatar.com\/avatar\/dabba4346fa9b9207d96adafa8f92721?s=96&d=mm&r=g","caption":"Jordan Leandro Oviedo Anzola"},"url":"https:\/\/www.fiscalia.gov.co\/colombia\/author\/joviedo\/"}]}},"_links":{"self":[{"href":"https:\/\/www.fiscalia.gov.co\/colombia\/wp-json\/wp\/v2\/posts\/264443","targetHints":{"allow":["GET"]}}],"collection":[{"href":"https:\/\/www.fiscalia.gov.co\/colombia\/wp-json\/wp\/v2\/posts"}],"about":[{"href":"https:\/\/www.fiscalia.gov.co\/colombia\/wp-json\/wp\/v2\/types\/post"}],"author":[{"embeddable":true,"href":"https:\/\/www.fiscalia.gov.co\/colombia\/wp-json\/wp\/v2\/users\/177"}],"replies":[{"embeddable":true,"href":"https:\/\/www.fiscalia.gov.co\/colombia\/wp-json\/wp\/v2\/comments?post=264443"}],"version-history":[{"count":1,"href":"https:\/\/www.fiscalia.gov.co\/colombia\/wp-json\/wp\/v2\/posts\/264443\/revisions"}],"predecessor-version":[{"id":264445,"href":"https:\/\/www.fiscalia.gov.co\/colombia\/wp-json\/wp\/v2\/posts\/264443\/revisions\/264445"}],"wp:attachment":[{"href":"https:\/\/www.fiscalia.gov.co\/colombia\/wp-json\/wp\/v2\/media?parent=264443"}],"wp:term":[{"taxonomy":"category","embeddable":true,"href":"https:\/\/www.fiscalia.gov.co\/colombia\/wp-json\/wp\/v2\/categories?post=264443"},{"taxonomy":"post_tag","embeddable":true,"href":"https:\/\/www.fiscalia.gov.co\/colombia\/wp-json\/wp\/v2\/tags?post=264443"}],"curies":[{"name":"wp","href":"https:\/\/api.w.org\/{rel}","templated":true}]}}