{"id":264427,"date":"2023-01-20T12:24:47","date_gmt":"2023-01-20T17:24:47","guid":{"rendered":"https:\/\/www.fiscalia.gov.co\/colombia\/?p=264427"},"modified":"2023-01-20T12:24:47","modified_gmt":"2023-01-20T17:24:47","slug":"lucha-contra-el-microtrafico-en-putumayo-permitio-asegurar-a-tres-personas-y-condenar-a-tres-mas","status":"publish","type":"post","link":"https:\/\/www.fiscalia.gov.co\/colombia\/noticias\/lucha-contra-el-microtrafico-en-putumayo-permitio-asegurar-a-tres-personas-y-condenar-a-tres-mas\/","title":{"rendered":"Lucha contra el microtr\u00e1fico en Putumayo permiti\u00f3 asegurar a tres personas y condenar a tres m\u00e1s"},"content":{"rendered":"<p>&nbsp;<\/p>\n<p>La Fiscal\u00eda en Putumayo obtuvo sentencias condenatorias en contra de personas que expend\u00edan y transportaban estupefacientes en\u00a0la capital putumayense.<\/p>\n<figure id=\"attachment_264428\" aria-describedby=\"caption-attachment-264428\" style=\"width: 696px\" class=\"wp-caption aligncenter\"><img loading=\"lazy\" decoding=\"async\" class=\"size-large wp-image-264428\" src=\"https:\/\/www.fiscalia.gov.co\/colombia\/wp-content\/uploads\/Yilmer-Patino-Gonzalez-Marlin-Johanna-Chanchi-Guamanga-y-Brayan-Andres-Perez-Samboni-1024x768.jpeg\" alt=\"En la fotograf\u00eda aparecen tres capturados, junto a personal de Polic\u00eda Nacional y  Fiscal\u00eda General de la Naci\u00f3n. En la parte posterior de la imagen se ven banners de Polic\u00eda Nacional y la Fiscal\u00eda General de la Naci\u00f3n.     \" width=\"696\" height=\"522\" srcset=\"https:\/\/www.fiscalia.gov.co\/colombia\/wp-content\/uploads\/Yilmer-Patino-Gonzalez-Marlin-Johanna-Chanchi-Guamanga-y-Brayan-Andres-Perez-Samboni-1024x768.jpeg 1024w, https:\/\/www.fiscalia.gov.co\/colombia\/wp-content\/uploads\/Yilmer-Patino-Gonzalez-Marlin-Johanna-Chanchi-Guamanga-y-Brayan-Andres-Perez-Samboni-300x225.jpeg 300w, https:\/\/www.fiscalia.gov.co\/colombia\/wp-content\/uploads\/Yilmer-Patino-Gonzalez-Marlin-Johanna-Chanchi-Guamanga-y-Brayan-Andres-Perez-Samboni-768x576.jpeg 768w, https:\/\/www.fiscalia.gov.co\/colombia\/wp-content\/uploads\/Yilmer-Patino-Gonzalez-Marlin-Johanna-Chanchi-Guamanga-y-Brayan-Andres-Perez-Samboni-696x522.jpeg 696w, https:\/\/www.fiscalia.gov.co\/colombia\/wp-content\/uploads\/Yilmer-Patino-Gonzalez-Marlin-Johanna-Chanchi-Guamanga-y-Brayan-Andres-Perez-Samboni-1068x801.jpeg 1068w, https:\/\/www.fiscalia.gov.co\/colombia\/wp-content\/uploads\/Yilmer-Patino-Gonzalez-Marlin-Johanna-Chanchi-Guamanga-y-Brayan-Andres-Perez-Samboni-560x420.jpeg 560w, https:\/\/www.fiscalia.gov.co\/colombia\/wp-content\/uploads\/Yilmer-Patino-Gonzalez-Marlin-Johanna-Chanchi-Guamanga-y-Brayan-Andres-Perez-Samboni-80x60.jpeg 80w, https:\/\/www.fiscalia.gov.co\/colombia\/wp-content\/uploads\/Yilmer-Patino-Gonzalez-Marlin-Johanna-Chanchi-Guamanga-y-Brayan-Andres-Perez-Samboni-265x198.jpeg 265w, https:\/\/www.fiscalia.gov.co\/colombia\/wp-content\/uploads\/Yilmer-Patino-Gonzalez-Marlin-Johanna-Chanchi-Guamanga-y-Brayan-Andres-Perez-Samboni.jpeg 1280w\" sizes=\"auto, (max-width: 696px) 100vw, 696px\" \/><figcaption id=\"caption-attachment-264428\" class=\"wp-caption-text\">Yilmer Pati\u00f1o Gonz\u00e1lez, Marl\u00edn Johanna Chanchi Guamanga y Brayan Andr\u00e9s P\u00e9rez Samboni al parecer almacenaban y vend\u00edan estupefacientes en distintos barrios de Mocoa (Putumayo).<\/figcaption><\/figure>\n<p>En un caso la Fiscal\u00eda present\u00f3 ante un juez con funci\u00f3n de control de garant\u00edas a Yilmer Pati\u00f1o Gonz\u00e1lez, Marl\u00edn Johanna Chanchi Guamanga y Brayan Andr\u00e9s P\u00e9rez Samboni quienes fueron asegurados con medida privtiva de la libertad porque presuntamente desde su vivienda en el barrio La Esmeralda y Los Sauces de Mocoa (Putumayo) se dedicaban al expendio de sustancias estupefacientes.<\/p>\n<p>En diligencias de registro y allanamiento efectuadas por funcionarios de la Sijin se incaut\u00f3 240.4 gramos de marihuana, tres m\u00e1quinas manuales de elaborar cigarrillos, cuatro trilladoras utilizadas para el proceso de envoltura de cigarrillos, y bolsas transparentes con cierre herm\u00e9tico, una gramera y un celular.<\/p>\n<p>Los procesados no aceptaron cargos como presuntos responsables del delito de tr\u00e1fico, fabricaci\u00f3n o porte de estupefacientes.<\/p>\n<p><b>Condenados tres hombres por tr\u00e1fico de estupefacientes\u00a0<\/b><\/p>\n<p>A Jos\u00e9 Orlando Mart\u00edn Mart\u00edn un juez de conocimiento lo conden\u00f3 a 11 a\u00f1os y 10 meses de prisi\u00f3n por transportarse en un veh\u00edculo tipo furg\u00f3n con 157 kilos y 430 gramos de coca\u00edna en Villagarz\u00f3n (Putumayo).<\/p>\n<p>Los hechos se registraron el 25 de julio de 2020 cuando el hombre fue capturado en flagrancia. La Fiscal\u00eda evidenci\u00f3 la responsabilidad del procesado, quien deber\u00e1 pagar una multa de 739,96 smlmv,\u00a0\u00a0por el delito de tr\u00e1fico fabricaci\u00f3n o porte de estupefacientes agravado.<\/p>\n<p><strong>La decisi\u00f3n qued\u00f3 en firme.\u00a0\u00a0\u00a0<\/strong><\/p>\n<p>Por otros hechos, la Fiscal\u00eda obtuvo condena en contra de Dago Alejandro G\u00f3mez Chicunque y Dairon Ra\u00fal Ortiz Erazo, quienes almacenaban y traficaban estupefacientes en dosis personales a personas adictas en los barrios San Miguel, Los Sauces, San Agust\u00edn y Jos\u00e9 Homero de Mocoa (Putumayo).<\/p>\n<p>Los hombres fueron condenados como coautores de los delitos de tr\u00e1fico, fabricaci\u00f3n o porte de estupefacientes y destinaci\u00f3n il\u00edcita de muebles o inmuebles a la pena de 5 a\u00f1os de prisi\u00f3n en el Centro de Armonizaci\u00f3n del Resguardo Ind\u00edgena Inga de Mocoa.<\/p>\n<p>Esta decisi\u00f3n es de primera instancia y sobre ella proceden los recursos de ley.<\/p>\n<p><strong>La Fiscal\u00eda habla con resultados.\u00a0<\/strong><\/p>\n<p><b>Tambi\u00e9n le puede interesar:<\/b><b>\u00a0<\/b><b>\u00a0<\/b><b><a title=\"A la c\u00e1rcel cinco presuntos responsables del tr\u00e1fico de estupefacientes en el departamento de Putumayo\" href=\"https:\/\/www.fiscalia.gov.co\/colombia\/noticias\/a-la-carcel-cinco-presuntos-responsables-del-trafico-de-estupefacientes-en-el-departamento-de-putumayo\/\" target=\"_blank\" rel=\"noopener\" data-saferedirecturl=\"https:\/\/www.google.com\/url?q=https:\/\/www.fiscalia.gov.co\/colombia\/noticias\/a-la-carcel-cinco-presuntos-responsables-del-trafico-de-estupefacientes-en-el-departamento-de-putumayo\/&amp;source=gmail&amp;ust=1674321629439000&amp;usg=AOvVaw0B_BTK8BO_wI6dLj6wPgg9\">A la c\u00e1rcel cinco presuntos responsables del tr\u00e1fico de estupefacientes en el departamento de Putumayo<\/a>\u00a0<\/b><\/p>\n<p>&nbsp;<\/p>\n<p>&nbsp;<\/p>\n<p>&nbsp;<\/p>\n<p>&nbsp;<\/p>\n<p>LMGM\/FAGH\/SAGR\/DSP<\/p>\n<p>&nbsp;<\/p>\n<p>&nbsp;<\/p>\n<p>&nbsp;<\/p>\n<p>&nbsp;<\/p>\n<p><i>La informaci\u00f3n contenida en este bolet\u00edn de prensa corresponde a la narraci\u00f3n de los hechos noticiosos objetivos, suministrados por los funcionarios encargados de adelantar las investigaciones penales al interior de la Fiscal\u00eda General de la Naci\u00f3n. Para el momento de la divulgaci\u00f3n de este comunicado, la situaci\u00f3n jur\u00eddica de la(s) persona(s) relacionada(s) se encuentra pendiente de resolver por la autoridad judicial competente, siempre bajo los preceptos de la presunci\u00f3n de inocencia, consagrados en el art\u00edculo 29 de la Constituci\u00f3n Pol\u00edtica y el art\u00edculo 7\u00ba de la Ley 906 de 2004.\u00a0 \u00a0 \u00a0 \u00a0 \u00a0\u00a0<\/i><\/p>\n\n<div class=\"twitter-share\"><a href=\"https:\/\/twitter.com\/intent\/tweet?via=fiscaliacol\" class=\"twitter-share-button\">Tweet<\/a><\/div>\n","protected":false},"excerpt":{"rendered":"<p>&nbsp; La Fiscal\u00eda en Putumayo obtuvo sentencias condenatorias en contra de personas que expend\u00edan y transportaban estupefacientes en\u00a0la capital putumayense. En un caso la Fiscal\u00eda present\u00f3 ante un juez con funci\u00f3n de control de garant\u00edas a Yilmer Pati\u00f1o Gonz\u00e1lez, Marl\u00edn Johanna Chanchi Guamanga y Brayan Andr\u00e9s P\u00e9rez Samboni quienes fueron asegurados con medida privtiva de [&hellip;]<\/p>\n","protected":false},"author":177,"featured_media":0,"comment_status":"closed","ping_status":"open","sticky":false,"template":"","format":"standard","meta":{"_price":"","_stock":"","_tribe_ticket_header":"","_tribe_default_ticket_provider":"","_tribe_ticket_capacity":"0","_ticket_start_date":"","_ticket_end_date":"","_tribe_ticket_show_description":"","_tribe_ticket_show_not_going":false,"_tribe_ticket_use_global_stock":"","_tribe_ticket_global_stock_level":"","_global_stock_mode":"","_global_stock_cap":"","_tribe_rsvp_for_event":"","_tribe_ticket_going_count":"","_tribe_ticket_not_going_count":"","_tribe_tickets_list":"[]","_tribe_ticket_has_attendee_info_fields":false,"tdm_status":"","tdm_grid_status":"","footnotes":""},"categories":[1,2910,303,24103],"tags":[2439,293,50,24326,1264,23889,31780,2279,11101,28810,22147],"class_list":{"0":"post-264427","1":"post","2":"type-post","3":"status-publish","4":"format-standard","6":"category-noticias","7":"category-seccional-mocoa","8":"category-seccionales","9":"category-trafico-de-estupefacientes","10":"tag-almacenar","11":"tag-condena","12":"tag-estupefacientes","13":"tag-expendedores","14":"tag-marihuana","15":"tag-mocoa","16":"tag-mocoa-putumayo","17":"tag-putumayo","18":"tag-seguridad-ciudadana","19":"tag-villagarzon","20":"tag-vivienda"},"yoast_head":"<!-- This site is optimized with the Yoast SEO plugin v24.3 - https:\/\/yoast.com\/wordpress\/plugins\/seo\/ -->\n<title>Fiscal\u00eda General de la Naci\u00f3n<\/title>\n<meta name=\"description\" content=\"P\u00e1gina oficial de la Fiscal\u00eda General de la Naci\u00f3n \u2013 Colombia. Garantizamos el acceso efectivo a la justicia, la verdad y la reparaci\u00f3n de las v\u00edctimas de los delitos.\" \/>\n<meta name=\"robots\" content=\"noindex, follow\" \/>\n<meta property=\"og:locale\" content=\"es_ES\" \/>\n<meta property=\"og:type\" content=\"article\" \/>\n<meta property=\"og:title\" content=\"Fiscal\u00eda General de la Naci\u00f3n\" \/>\n<meta property=\"og:description\" content=\"P\u00e1gina oficial de la Fiscal\u00eda General de la Naci\u00f3n \u2013 Colombia. Garantizamos el acceso efectivo a la justicia, la verdad y la reparaci\u00f3n de las v\u00edctimas de los delitos.\" \/>\n<meta property=\"og:url\" content=\"https:\/\/www.fiscalia.gov.co\/colombia\/noticias\/lucha-contra-el-microtrafico-en-putumayo-permitio-asegurar-a-tres-personas-y-condenar-a-tres-mas\/\" \/>\n<meta property=\"og:site_name\" content=\"Fiscal\u00eda General de la Naci\u00f3n\" \/>\n<meta property=\"article:publisher\" content=\"https:\/\/www.facebook.com\/FiscaliaCol\" \/>\n<meta property=\"article:published_time\" content=\"2023-01-20T17:24:47+00:00\" \/>\n<meta property=\"og:image\" content=\"https:\/\/www.fiscalia.gov.co\/colombia\/wp-content\/uploads\/Yilmer-Patino-Gonzalez-Marlin-Johanna-Chanchi-Guamanga-y-Brayan-Andres-Perez-Samboni-1024x768.jpeg\" \/>\n<meta name=\"author\" content=\"Jordan Leandro Oviedo Anzola\" \/>\n<meta name=\"twitter:card\" content=\"summary_large_image\" \/>\n<meta name=\"twitter:creator\" content=\"@FiscaliaCol\" \/>\n<meta name=\"twitter:site\" content=\"@FiscaliaCol\" \/>\n<meta name=\"twitter:label1\" content=\"Escrito por\" \/>\n\t<meta name=\"twitter:data1\" content=\"Jordan Leandro Oviedo Anzola\" \/>\n\t<meta name=\"twitter:label2\" content=\"Tiempo de lectura\" \/>\n\t<meta name=\"twitter:data2\" content=\"3 minutos\" \/>\n<script type=\"application\/ld+json\" class=\"yoast-schema-graph\">{\"@context\":\"https:\/\/schema.org\",\"@graph\":[{\"@type\":\"Article\",\"@id\":\"https:\/\/www.fiscalia.gov.co\/colombia\/noticias\/lucha-contra-el-microtrafico-en-putumayo-permitio-asegurar-a-tres-personas-y-condenar-a-tres-mas\/#article\",\"isPartOf\":{\"@id\":\"https:\/\/www.fiscalia.gov.co\/colombia\/noticias\/lucha-contra-el-microtrafico-en-putumayo-permitio-asegurar-a-tres-personas-y-condenar-a-tres-mas\/\"},\"author\":{\"name\":\"Jordan Leandro Oviedo Anzola\",\"@id\":\"https:\/\/www.fiscalia.gov.co\/colombia\/#\/schema\/person\/bf84402cf293a5393e9c70b111020b24\"},\"headline\":\"Lucha contra el microtr\u00e1fico en Putumayo permiti\u00f3 asegurar a tres personas y condenar a tres m\u00e1s\",\"datePublished\":\"2023-01-20T17:24:47+00:00\",\"dateModified\":\"2023-01-20T17:24:47+00:00\",\"mainEntityOfPage\":{\"@id\":\"https:\/\/www.fiscalia.gov.co\/colombia\/noticias\/lucha-contra-el-microtrafico-en-putumayo-permitio-asegurar-a-tres-personas-y-condenar-a-tres-mas\/\"},\"wordCount\":564,\"publisher\":{\"@id\":\"https:\/\/www.fiscalia.gov.co\/colombia\/#organization\"},\"image\":{\"@id\":\"https:\/\/www.fiscalia.gov.co\/colombia\/noticias\/lucha-contra-el-microtrafico-en-putumayo-permitio-asegurar-a-tres-personas-y-condenar-a-tres-mas\/#primaryimage\"},\"thumbnailUrl\":\"https:\/\/www.fiscalia.gov.co\/colombia\/wp-content\/uploads\/Yilmer-Patino-Gonzalez-Marlin-Johanna-Chanchi-Guamanga-y-Brayan-Andres-Perez-Samboni-1024x768.jpeg\",\"keywords\":[\"Almacenar\",\"Condena\",\"Estupefacientes\",\"expendedores\",\"Marihuana\",\"Mocoa\",\"Mocoa (Putumayo)\",\"Putumayo\",\"Seguridad ciudadana\",\"Villagarz\u00f3n\",\"Vivienda\"],\"articleSection\":[\"Noticias\",\"Seccional Mocoa\",\"Seccionales\",\"Tr\u00e1fico de estupefacientes\"],\"inLanguage\":\"es-CO\"},{\"@type\":\"WebPage\",\"@id\":\"https:\/\/www.fiscalia.gov.co\/colombia\/noticias\/lucha-contra-el-microtrafico-en-putumayo-permitio-asegurar-a-tres-personas-y-condenar-a-tres-mas\/\",\"url\":\"https:\/\/www.fiscalia.gov.co\/colombia\/noticias\/lucha-contra-el-microtrafico-en-putumayo-permitio-asegurar-a-tres-personas-y-condenar-a-tres-mas\/\",\"name\":\"Fiscal\u00eda General de la Naci\u00f3n\",\"isPartOf\":{\"@id\":\"https:\/\/www.fiscalia.gov.co\/colombia\/#website\"},\"primaryImageOfPage\":{\"@id\":\"https:\/\/www.fiscalia.gov.co\/colombia\/noticias\/lucha-contra-el-microtrafico-en-putumayo-permitio-asegurar-a-tres-personas-y-condenar-a-tres-mas\/#primaryimage\"},\"image\":{\"@id\":\"https:\/\/www.fiscalia.gov.co\/colombia\/noticias\/lucha-contra-el-microtrafico-en-putumayo-permitio-asegurar-a-tres-personas-y-condenar-a-tres-mas\/#primaryimage\"},\"thumbnailUrl\":\"https:\/\/www.fiscalia.gov.co\/colombia\/wp-content\/uploads\/Yilmer-Patino-Gonzalez-Marlin-Johanna-Chanchi-Guamanga-y-Brayan-Andres-Perez-Samboni-1024x768.jpeg\",\"datePublished\":\"2023-01-20T17:24:47+00:00\",\"dateModified\":\"2023-01-20T17:24:47+00:00\",\"description\":\"P\u00e1gina oficial de la Fiscal\u00eda General de la Naci\u00f3n \u2013 Colombia. Garantizamos el acceso efectivo a la justicia, la verdad y la reparaci\u00f3n de las v\u00edctimas de los delitos.\",\"breadcrumb\":{\"@id\":\"https:\/\/www.fiscalia.gov.co\/colombia\/noticias\/lucha-contra-el-microtrafico-en-putumayo-permitio-asegurar-a-tres-personas-y-condenar-a-tres-mas\/#breadcrumb\"},\"inLanguage\":\"es-CO\",\"potentialAction\":[{\"@type\":\"ReadAction\",\"target\":[\"https:\/\/www.fiscalia.gov.co\/colombia\/noticias\/lucha-contra-el-microtrafico-en-putumayo-permitio-asegurar-a-tres-personas-y-condenar-a-tres-mas\/\"]}]},{\"@type\":\"ImageObject\",\"inLanguage\":\"es-CO\",\"@id\":\"https:\/\/www.fiscalia.gov.co\/colombia\/noticias\/lucha-contra-el-microtrafico-en-putumayo-permitio-asegurar-a-tres-personas-y-condenar-a-tres-mas\/#primaryimage\",\"url\":\"https:\/\/www.fiscalia.gov.co\/colombia\/wp-content\/uploads\/Yilmer-Patino-Gonzalez-Marlin-Johanna-Chanchi-Guamanga-y-Brayan-Andres-Perez-Samboni-1024x768.jpeg\",\"contentUrl\":\"https:\/\/www.fiscalia.gov.co\/colombia\/wp-content\/uploads\/Yilmer-Patino-Gonzalez-Marlin-Johanna-Chanchi-Guamanga-y-Brayan-Andres-Perez-Samboni-1024x768.jpeg\"},{\"@type\":\"BreadcrumbList\",\"@id\":\"https:\/\/www.fiscalia.gov.co\/colombia\/noticias\/lucha-contra-el-microtrafico-en-putumayo-permitio-asegurar-a-tres-personas-y-condenar-a-tres-mas\/#breadcrumb\",\"itemListElement\":[{\"@type\":\"ListItem\",\"position\":1,\"name\":\"Home\",\"item\":\"https:\/\/www.fiscalia.gov.co\/colombia\/\"},{\"@type\":\"ListItem\",\"position\":2,\"name\":\"Lucha contra el microtr\u00e1fico en Putumayo permiti\u00f3 asegurar a tres personas y condenar a tres m\u00e1s\"}]},{\"@type\":\"WebSite\",\"@id\":\"https:\/\/www.fiscalia.gov.co\/colombia\/#website\",\"url\":\"https:\/\/www.fiscalia.gov.co\/colombia\/\",\"name\":\"Fiscal\u00eda General de la Naci\u00f3n\",\"description\":\"P\u00e1gina oficial de la Fiscal\u00eda General de la Naci\u00f3n \u2013 Colombia. Garantizamos el acceso efectivo a la justicia, la verdad y la reparaci\u00f3n de las v\u00edctimas de los delitos.\",\"publisher\":{\"@id\":\"https:\/\/www.fiscalia.gov.co\/colombia\/#organization\"},\"potentialAction\":[{\"@type\":\"SearchAction\",\"target\":{\"@type\":\"EntryPoint\",\"urlTemplate\":\"https:\/\/www.fiscalia.gov.co\/colombia\/?s={search_term_string}\"},\"query-input\":{\"@type\":\"PropertyValueSpecification\",\"valueRequired\":true,\"valueName\":\"search_term_string\"}}],\"inLanguage\":\"es-CO\"},{\"@type\":\"Organization\",\"@id\":\"https:\/\/www.fiscalia.gov.co\/colombia\/#organization\",\"name\":\"Fiscal\u00eda General de la Naci\u00f3n\",\"url\":\"https:\/\/www.fiscalia.gov.co\/colombia\/\",\"logo\":{\"@type\":\"ImageObject\",\"inLanguage\":\"es-CO\",\"@id\":\"https:\/\/www.fiscalia.gov.co\/colombia\/#\/schema\/logo\/image\/\",\"url\":\"https:\/\/www.fiscalia.gov.co\/colombia\/wp-content\/uploads\/LogoHorizontal_1.jpg\",\"contentUrl\":\"https:\/\/www.fiscalia.gov.co\/colombia\/wp-content\/uploads\/LogoHorizontal_1.jpg\",\"width\":300,\"height\":90,\"caption\":\"Fiscal\u00eda General de la Naci\u00f3n\"},\"image\":{\"@id\":\"https:\/\/www.fiscalia.gov.co\/colombia\/#\/schema\/logo\/image\/\"},\"sameAs\":[\"https:\/\/www.facebook.com\/FiscaliaCol\",\"https:\/\/x.com\/FiscaliaCol\",\"https:\/\/www.instagram.com\/fiscaliacol\",\"https:\/\/www.linkedin.com\/company\/fiscalia-general-de-la-naci-n\/\",\"https:\/\/youtube.com\/@fiscaliageneraldelanacion-4668?si=6nN79nyQICPU5iTh\"]},{\"@type\":\"Person\",\"@id\":\"https:\/\/www.fiscalia.gov.co\/colombia\/#\/schema\/person\/bf84402cf293a5393e9c70b111020b24\",\"name\":\"Jordan Leandro Oviedo Anzola\",\"image\":{\"@type\":\"ImageObject\",\"inLanguage\":\"es-CO\",\"@id\":\"https:\/\/www.fiscalia.gov.co\/colombia\/#\/schema\/person\/image\/\",\"url\":\"https:\/\/secure.gravatar.com\/avatar\/dabba4346fa9b9207d96adafa8f92721?s=96&d=mm&r=g\",\"contentUrl\":\"https:\/\/secure.gravatar.com\/avatar\/dabba4346fa9b9207d96adafa8f92721?s=96&d=mm&r=g\",\"caption\":\"Jordan Leandro Oviedo Anzola\"},\"url\":\"https:\/\/www.fiscalia.gov.co\/colombia\/author\/joviedo\/\"}]}<\/script>\n<!-- \/ Yoast SEO plugin. -->","yoast_head_json":{"title":"Fiscal\u00eda General de la Naci\u00f3n","description":"P\u00e1gina oficial de la Fiscal\u00eda General de la Naci\u00f3n \u2013 Colombia. Garantizamos el acceso efectivo a la justicia, la verdad y la reparaci\u00f3n de las v\u00edctimas de los delitos.","robots":{"index":"noindex","follow":"follow"},"og_locale":"es_ES","og_type":"article","og_title":"Fiscal\u00eda General de la Naci\u00f3n","og_description":"P\u00e1gina oficial de la Fiscal\u00eda General de la Naci\u00f3n \u2013 Colombia. Garantizamos el acceso efectivo a la justicia, la verdad y la reparaci\u00f3n de las v\u00edctimas de los delitos.","og_url":"https:\/\/www.fiscalia.gov.co\/colombia\/noticias\/lucha-contra-el-microtrafico-en-putumayo-permitio-asegurar-a-tres-personas-y-condenar-a-tres-mas\/","og_site_name":"Fiscal\u00eda General de la Naci\u00f3n","article_publisher":"https:\/\/www.facebook.com\/FiscaliaCol","article_published_time":"2023-01-20T17:24:47+00:00","og_image":[{"url":"https:\/\/www.fiscalia.gov.co\/colombia\/wp-content\/uploads\/Yilmer-Patino-Gonzalez-Marlin-Johanna-Chanchi-Guamanga-y-Brayan-Andres-Perez-Samboni-1024x768.jpeg","type":"","width":"","height":""}],"author":"Jordan Leandro Oviedo Anzola","twitter_card":"summary_large_image","twitter_creator":"@FiscaliaCol","twitter_site":"@FiscaliaCol","twitter_misc":{"Escrito por":"Jordan Leandro Oviedo Anzola","Tiempo de lectura":"3 minutos"},"schema":{"@context":"https:\/\/schema.org","@graph":[{"@type":"Article","@id":"https:\/\/www.fiscalia.gov.co\/colombia\/noticias\/lucha-contra-el-microtrafico-en-putumayo-permitio-asegurar-a-tres-personas-y-condenar-a-tres-mas\/#article","isPartOf":{"@id":"https:\/\/www.fiscalia.gov.co\/colombia\/noticias\/lucha-contra-el-microtrafico-en-putumayo-permitio-asegurar-a-tres-personas-y-condenar-a-tres-mas\/"},"author":{"name":"Jordan Leandro Oviedo Anzola","@id":"https:\/\/www.fiscalia.gov.co\/colombia\/#\/schema\/person\/bf84402cf293a5393e9c70b111020b24"},"headline":"Lucha contra el microtr\u00e1fico en Putumayo permiti\u00f3 asegurar a tres personas y condenar a tres m\u00e1s","datePublished":"2023-01-20T17:24:47+00:00","dateModified":"2023-01-20T17:24:47+00:00","mainEntityOfPage":{"@id":"https:\/\/www.fiscalia.gov.co\/colombia\/noticias\/lucha-contra-el-microtrafico-en-putumayo-permitio-asegurar-a-tres-personas-y-condenar-a-tres-mas\/"},"wordCount":564,"publisher":{"@id":"https:\/\/www.fiscalia.gov.co\/colombia\/#organization"},"image":{"@id":"https:\/\/www.fiscalia.gov.co\/colombia\/noticias\/lucha-contra-el-microtrafico-en-putumayo-permitio-asegurar-a-tres-personas-y-condenar-a-tres-mas\/#primaryimage"},"thumbnailUrl":"https:\/\/www.fiscalia.gov.co\/colombia\/wp-content\/uploads\/Yilmer-Patino-Gonzalez-Marlin-Johanna-Chanchi-Guamanga-y-Brayan-Andres-Perez-Samboni-1024x768.jpeg","keywords":["Almacenar","Condena","Estupefacientes","expendedores","Marihuana","Mocoa","Mocoa (Putumayo)","Putumayo","Seguridad ciudadana","Villagarz\u00f3n","Vivienda"],"articleSection":["Noticias","Seccional Mocoa","Seccionales","Tr\u00e1fico de estupefacientes"],"inLanguage":"es-CO"},{"@type":"WebPage","@id":"https:\/\/www.fiscalia.gov.co\/colombia\/noticias\/lucha-contra-el-microtrafico-en-putumayo-permitio-asegurar-a-tres-personas-y-condenar-a-tres-mas\/","url":"https:\/\/www.fiscalia.gov.co\/colombia\/noticias\/lucha-contra-el-microtrafico-en-putumayo-permitio-asegurar-a-tres-personas-y-condenar-a-tres-mas\/","name":"Fiscal\u00eda General de la Naci\u00f3n","isPartOf":{"@id":"https:\/\/www.fiscalia.gov.co\/colombia\/#website"},"primaryImageOfPage":{"@id":"https:\/\/www.fiscalia.gov.co\/colombia\/noticias\/lucha-contra-el-microtrafico-en-putumayo-permitio-asegurar-a-tres-personas-y-condenar-a-tres-mas\/#primaryimage"},"image":{"@id":"https:\/\/www.fiscalia.gov.co\/colombia\/noticias\/lucha-contra-el-microtrafico-en-putumayo-permitio-asegurar-a-tres-personas-y-condenar-a-tres-mas\/#primaryimage"},"thumbnailUrl":"https:\/\/www.fiscalia.gov.co\/colombia\/wp-content\/uploads\/Yilmer-Patino-Gonzalez-Marlin-Johanna-Chanchi-Guamanga-y-Brayan-Andres-Perez-Samboni-1024x768.jpeg","datePublished":"2023-01-20T17:24:47+00:00","dateModified":"2023-01-20T17:24:47+00:00","description":"P\u00e1gina oficial de la Fiscal\u00eda General de la Naci\u00f3n \u2013 Colombia. Garantizamos el acceso efectivo a la justicia, la verdad y la reparaci\u00f3n de las v\u00edctimas de los delitos.","breadcrumb":{"@id":"https:\/\/www.fiscalia.gov.co\/colombia\/noticias\/lucha-contra-el-microtrafico-en-putumayo-permitio-asegurar-a-tres-personas-y-condenar-a-tres-mas\/#breadcrumb"},"inLanguage":"es-CO","potentialAction":[{"@type":"ReadAction","target":["https:\/\/www.fiscalia.gov.co\/colombia\/noticias\/lucha-contra-el-microtrafico-en-putumayo-permitio-asegurar-a-tres-personas-y-condenar-a-tres-mas\/"]}]},{"@type":"ImageObject","inLanguage":"es-CO","@id":"https:\/\/www.fiscalia.gov.co\/colombia\/noticias\/lucha-contra-el-microtrafico-en-putumayo-permitio-asegurar-a-tres-personas-y-condenar-a-tres-mas\/#primaryimage","url":"https:\/\/www.fiscalia.gov.co\/colombia\/wp-content\/uploads\/Yilmer-Patino-Gonzalez-Marlin-Johanna-Chanchi-Guamanga-y-Brayan-Andres-Perez-Samboni-1024x768.jpeg","contentUrl":"https:\/\/www.fiscalia.gov.co\/colombia\/wp-content\/uploads\/Yilmer-Patino-Gonzalez-Marlin-Johanna-Chanchi-Guamanga-y-Brayan-Andres-Perez-Samboni-1024x768.jpeg"},{"@type":"BreadcrumbList","@id":"https:\/\/www.fiscalia.gov.co\/colombia\/noticias\/lucha-contra-el-microtrafico-en-putumayo-permitio-asegurar-a-tres-personas-y-condenar-a-tres-mas\/#breadcrumb","itemListElement":[{"@type":"ListItem","position":1,"name":"Home","item":"https:\/\/www.fiscalia.gov.co\/colombia\/"},{"@type":"ListItem","position":2,"name":"Lucha contra el microtr\u00e1fico en Putumayo permiti\u00f3 asegurar a tres personas y condenar a tres m\u00e1s"}]},{"@type":"WebSite","@id":"https:\/\/www.fiscalia.gov.co\/colombia\/#website","url":"https:\/\/www.fiscalia.gov.co\/colombia\/","name":"Fiscal\u00eda General de la Naci\u00f3n","description":"P\u00e1gina oficial de la Fiscal\u00eda General de la Naci\u00f3n \u2013 Colombia. Garantizamos el acceso efectivo a la justicia, la verdad y la reparaci\u00f3n de las v\u00edctimas de los delitos.","publisher":{"@id":"https:\/\/www.fiscalia.gov.co\/colombia\/#organization"},"potentialAction":[{"@type":"SearchAction","target":{"@type":"EntryPoint","urlTemplate":"https:\/\/www.fiscalia.gov.co\/colombia\/?s={search_term_string}"},"query-input":{"@type":"PropertyValueSpecification","valueRequired":true,"valueName":"search_term_string"}}],"inLanguage":"es-CO"},{"@type":"Organization","@id":"https:\/\/www.fiscalia.gov.co\/colombia\/#organization","name":"Fiscal\u00eda General de la Naci\u00f3n","url":"https:\/\/www.fiscalia.gov.co\/colombia\/","logo":{"@type":"ImageObject","inLanguage":"es-CO","@id":"https:\/\/www.fiscalia.gov.co\/colombia\/#\/schema\/logo\/image\/","url":"https:\/\/www.fiscalia.gov.co\/colombia\/wp-content\/uploads\/LogoHorizontal_1.jpg","contentUrl":"https:\/\/www.fiscalia.gov.co\/colombia\/wp-content\/uploads\/LogoHorizontal_1.jpg","width":300,"height":90,"caption":"Fiscal\u00eda General de la Naci\u00f3n"},"image":{"@id":"https:\/\/www.fiscalia.gov.co\/colombia\/#\/schema\/logo\/image\/"},"sameAs":["https:\/\/www.facebook.com\/FiscaliaCol","https:\/\/x.com\/FiscaliaCol","https:\/\/www.instagram.com\/fiscaliacol","https:\/\/www.linkedin.com\/company\/fiscalia-general-de-la-naci-n\/","https:\/\/youtube.com\/@fiscaliageneraldelanacion-4668?si=6nN79nyQICPU5iTh"]},{"@type":"Person","@id":"https:\/\/www.fiscalia.gov.co\/colombia\/#\/schema\/person\/bf84402cf293a5393e9c70b111020b24","name":"Jordan Leandro Oviedo Anzola","image":{"@type":"ImageObject","inLanguage":"es-CO","@id":"https:\/\/www.fiscalia.gov.co\/colombia\/#\/schema\/person\/image\/","url":"https:\/\/secure.gravatar.com\/avatar\/dabba4346fa9b9207d96adafa8f92721?s=96&d=mm&r=g","contentUrl":"https:\/\/secure.gravatar.com\/avatar\/dabba4346fa9b9207d96adafa8f92721?s=96&d=mm&r=g","caption":"Jordan Leandro Oviedo Anzola"},"url":"https:\/\/www.fiscalia.gov.co\/colombia\/author\/joviedo\/"}]}},"_links":{"self":[{"href":"https:\/\/www.fiscalia.gov.co\/colombia\/wp-json\/wp\/v2\/posts\/264427","targetHints":{"allow":["GET"]}}],"collection":[{"href":"https:\/\/www.fiscalia.gov.co\/colombia\/wp-json\/wp\/v2\/posts"}],"about":[{"href":"https:\/\/www.fiscalia.gov.co\/colombia\/wp-json\/wp\/v2\/types\/post"}],"author":[{"embeddable":true,"href":"https:\/\/www.fiscalia.gov.co\/colombia\/wp-json\/wp\/v2\/users\/177"}],"replies":[{"embeddable":true,"href":"https:\/\/www.fiscalia.gov.co\/colombia\/wp-json\/wp\/v2\/comments?post=264427"}],"version-history":[{"count":1,"href":"https:\/\/www.fiscalia.gov.co\/colombia\/wp-json\/wp\/v2\/posts\/264427\/revisions"}],"predecessor-version":[{"id":264429,"href":"https:\/\/www.fiscalia.gov.co\/colombia\/wp-json\/wp\/v2\/posts\/264427\/revisions\/264429"}],"wp:attachment":[{"href":"https:\/\/www.fiscalia.gov.co\/colombia\/wp-json\/wp\/v2\/media?parent=264427"}],"wp:term":[{"taxonomy":"category","embeddable":true,"href":"https:\/\/www.fiscalia.gov.co\/colombia\/wp-json\/wp\/v2\/categories?post=264427"},{"taxonomy":"post_tag","embeddable":true,"href":"https:\/\/www.fiscalia.gov.co\/colombia\/wp-json\/wp\/v2\/tags?post=264427"}],"curies":[{"name":"wp","href":"https:\/\/api.w.org\/{rel}","templated":true}]}}