{"id":264409,"date":"2023-01-20T10:31:43","date_gmt":"2023-01-20T15:31:43","guid":{"rendered":"https:\/\/www.fiscalia.gov.co\/colombia\/?p=264409"},"modified":"2023-01-20T10:32:03","modified_gmt":"2023-01-20T15:32:03","slug":"tribunal-superior-de-cartagena-confirmo-sentencia-por-abuso-sexual-de-una-menor-de-14-anos","status":"publish","type":"post","link":"https:\/\/www.fiscalia.gov.co\/colombia\/noticias\/tribunal-superior-de-cartagena-confirmo-sentencia-por-abuso-sexual-de-una-menor-de-14-anos\/","title":{"rendered":"Tribunal Superior de Cartagena confirm\u00f3 sentencia por abuso sexual de una menor de 14 a\u00f1os"},"content":{"rendered":"<div lang=\"ES-CO\">\n<div>\n<p>La contundencia del material probatorio aportado por una fiscal del Centro de Atenci\u00f3n Integral a V\u00edctimas de Abuso Sexual (Caivas) de Cartagena, fueron suficientes para que el Tribunal Superior de Cartagena confirmara la condena impuesta por un juez penal del circuito a 9 a\u00f1os y 5 meses de prisi\u00f3n a un ex soldado del Ej\u00e9rcito Nacional por el delito de acto sexual con menor de 14 a\u00f1os.<\/p>\n<p>Los hechos investigados ocurrieron en el a\u00f1o 2019, cuando el uniformado adscrito al Batall\u00f3n de Infanter\u00eda de Marina No. 12 de Bocagrande en Cartagena (Bol\u00edvar), le envi\u00f3 por medio de redes sociales contenido de \u00edndole sexual a una menor de 12 a\u00f1os, hermana de uno de sus compa\u00f1eros.<\/p>\n<p>De acuerdo con la investigaci\u00f3n, el hoy condenado quien estaba destinado al \u00e1rea de cocina conoci\u00f3 a la menor cuando \u00e9sta fue a visitar a su familiar que compart\u00eda las labores gastron\u00f3micas con \u00e9l y, a partir de all\u00ed se originaron las comunicaciones con los mensajes de tipo sexual.<\/p>\n<p>El hermano de la v\u00edctima que se enter\u00f3 de lo sucedido, denunci\u00f3 esta anomal\u00eda que termin\u00f3 con la detenci\u00f3n del uniformado, quien se encuentra privado de la libertad en centro carcelario en la capital de Bol\u00edvar.<\/p>\n<p>Esta informaci\u00f3n se publica por razones de inter\u00e9s general.<\/p>\n<p><b>La Fiscal\u00eda habla con resultados.<\/b><\/p>\n<\/div>\n<\/div>\n<p><em><b><span lang=\"ES\">Le puede interesar:<\/span><\/b><\/em><\/p>\n<p><a title=\"Fue capturado padrastro para cumplir condena por delitos sexuales contra su hijastra\" href=\"https:\/\/www.fiscalia.gov.co\/colombia\/noticias\/fue-capturado-padrastro-para-cumplir-condena-por-delitos-sexuales-contra-su-hijastra\/\" target=\"_blank\" rel=\"noopener\" data-saferedirecturl=\"https:\/\/www.google.com\/url?q=https:\/\/www.fiscalia.gov.co\/colombia\/noticias\/fue-capturado-padrastro-para-cumplir-condena-por-delitos-sexuales-contra-su-hijastra\/&amp;source=gmail&amp;ust=1674314853597000&amp;usg=AOvVaw2OgBl-HiTVJBvPin_qCtLS\">Fue capturado padrastro para cumplir condena por delitos sexuales contra su hijastra<\/a><\/p>\n<p><a title=\"Un hombre fue condenado a 13 a\u00f1os de prisi\u00f3n y dos adolescentes fueron imputados por conductas sexuales en contra de menores en Huila\" href=\"https:\/\/www.fiscalia.gov.co\/colombia\/noticias\/un-hombre-fue-condenado-a-13-anos-de-prision-y-dos-adolescentes-fueron-imputados-por-conductas-sexuales-en-contra-de-menores-en-huila\/\" target=\"_blank\" rel=\"noopener\" data-saferedirecturl=\"https:\/\/www.google.com\/url?q=https:\/\/www.fiscalia.gov.co\/colombia\/noticias\/un-hombre-fue-condenado-a-13-anos-de-prision-y-dos-adolescentes-fueron-imputados-por-conductas-sexuales-en-contra-de-menores-en-huila\/&amp;source=gmail&amp;ust=1674314853597000&amp;usg=AOvVaw1xVb2z7DMdXzfEn_MYqz0F\">Un hombre fue condenado a 13 a\u00f1os de prisi\u00f3n y dos adolescentes fueron imputados por conductas sexuales en contra de menores en Huila<\/a><\/p>\n<p>&nbsp;<\/p>\n<p>&nbsp;<\/p>\n<p>&nbsp;<\/p>\n<p>&nbsp;<\/p>\n<p>&nbsp;<\/p>\n<div lang=\"ES-CO\">\n<p>MEVA\/MG\/AC\/DSB<\/p>\n<p>&nbsp;<\/p>\n<p>&nbsp;<\/p>\n<p>&nbsp;<\/p>\n<\/div>\n<p>&nbsp;<\/p>\n<div class=\"td-post-content tagdiv-type\">\n<div class=\"td-post-content tagdiv-type\">\n<p><em><span lang=\"ES\">La informaci\u00f3n contenida en este bolet\u00edn de prensa corresponde a la narraci\u00f3n de los hechos noticiosos objetivos, suministrados por los funcionarios encargados de adelantar las investigaciones penales al interior de la Fiscal\u00eda General de la Naci\u00f3n. Para el momento de la divulgaci\u00f3n de este comunicado, la situaci\u00f3n jur\u00eddica de la(s) persona(s) relacionada(s) se encuentra pendiente de resolver por la autoridad judicial competente, siempre bajo los preceptos de la presunci\u00f3n de inocencia, consagrados en el art\u00edculo 29 de la Constituci\u00f3n Pol\u00edtica y el art\u00edculo 7\u00ba de la Ley 906 de 2004.<\/span><\/em><\/p>\n<\/div>\n<\/div>\n\n<div class=\"twitter-share\"><a href=\"https:\/\/twitter.com\/intent\/tweet?via=fiscaliacol\" class=\"twitter-share-button\">Tweet<\/a><\/div>\n","protected":false},"excerpt":{"rendered":"<p>La contundencia del material probatorio aportado por una fiscal del Centro de Atenci\u00f3n Integral a V\u00edctimas de Abuso Sexual (Caivas) de Cartagena, fueron suficientes para que el Tribunal Superior de Cartagena confirmara la condena impuesta por un juez penal del circuito a 9 a\u00f1os y 5 meses de prisi\u00f3n a un ex soldado del Ej\u00e9rcito [&hellip;]<\/p>\n","protected":false},"author":177,"featured_media":0,"comment_status":"closed","ping_status":"open","sticky":false,"template":"","format":"standard","meta":{"_price":"","_stock":"","_tribe_ticket_header":"","_tribe_default_ticket_provider":"","_tribe_ticket_capacity":"0","_ticket_start_date":"","_ticket_end_date":"","_tribe_ticket_show_description":"","_tribe_ticket_show_not_going":false,"_tribe_ticket_use_global_stock":"","_tribe_ticket_global_stock_level":"","_global_stock_mode":"","_global_stock_cap":"","_tribe_rsvp_for_event":"","_tribe_ticket_going_count":"","_tribe_ticket_not_going_count":"","_tribe_tickets_list":"[]","_tribe_ticket_has_attendee_info_fields":false,"tdm_status":"","tdm_grid_status":"","footnotes":""},"categories":[24174,1,325,303,24127],"tags":[7412,23819,23998,293,3393,24187,1047,558,24237],"class_list":{"0":"post-264409","1":"post","2":"type-post","3":"status-publish","4":"format-standard","6":"category-hay-justicia","7":"category-noticias","8":"category-seccional-cartagena","9":"category-seccionales","10":"category-violencia-sexual-e-intrafamiliar","11":"tag-acto-sexual-con-menor-de-14-anos","12":"tag-cartagena","13":"tag-cartagena-bolivar","14":"tag-condena","15":"tag-ejercito-nacional","16":"tag-fiscalia-colombia","17":"tag-fiscalia-general-de-la-nacion","18":"tag-policia-nacional","19":"tag-prision"},"yoast_head":"<!-- This site is optimized with the Yoast SEO plugin v24.3 - https:\/\/yoast.com\/wordpress\/plugins\/seo\/ -->\n<title>Fiscal\u00eda General de la Naci\u00f3n<\/title>\n<meta name=\"description\" content=\"P\u00e1gina oficial de la Fiscal\u00eda General de la Naci\u00f3n \u2013 Colombia. Garantizamos el acceso efectivo a la justicia, la verdad y la reparaci\u00f3n de las v\u00edctimas de los delitos.\" \/>\n<meta name=\"robots\" content=\"noindex, follow\" \/>\n<meta property=\"og:locale\" content=\"es_ES\" \/>\n<meta property=\"og:type\" content=\"article\" \/>\n<meta property=\"og:title\" content=\"Fiscal\u00eda General de la Naci\u00f3n\" \/>\n<meta property=\"og:description\" content=\"P\u00e1gina oficial de la Fiscal\u00eda General de la Naci\u00f3n \u2013 Colombia. Garantizamos el acceso efectivo a la justicia, la verdad y la reparaci\u00f3n de las v\u00edctimas de los delitos.\" \/>\n<meta property=\"og:url\" content=\"https:\/\/www.fiscalia.gov.co\/colombia\/noticias\/tribunal-superior-de-cartagena-confirmo-sentencia-por-abuso-sexual-de-una-menor-de-14-anos\/\" \/>\n<meta property=\"og:site_name\" content=\"Fiscal\u00eda General de la Naci\u00f3n\" \/>\n<meta property=\"article:publisher\" content=\"https:\/\/www.facebook.com\/FiscaliaCol\" \/>\n<meta property=\"article:published_time\" content=\"2023-01-20T15:31:43+00:00\" \/>\n<meta property=\"article:modified_time\" content=\"2023-01-20T15:32:03+00:00\" \/>\n<meta name=\"author\" content=\"Jordan Leandro Oviedo Anzola\" \/>\n<meta name=\"twitter:card\" content=\"summary_large_image\" \/>\n<meta name=\"twitter:creator\" content=\"@FiscaliaCol\" \/>\n<meta name=\"twitter:site\" content=\"@FiscaliaCol\" \/>\n<meta name=\"twitter:label1\" content=\"Escrito por\" \/>\n\t<meta name=\"twitter:data1\" content=\"Jordan Leandro Oviedo Anzola\" \/>\n\t<meta name=\"twitter:label2\" content=\"Tiempo de lectura\" \/>\n\t<meta name=\"twitter:data2\" content=\"2 minutos\" \/>\n<script type=\"application\/ld+json\" class=\"yoast-schema-graph\">{\"@context\":\"https:\/\/schema.org\",\"@graph\":[{\"@type\":\"Article\",\"@id\":\"https:\/\/www.fiscalia.gov.co\/colombia\/noticias\/tribunal-superior-de-cartagena-confirmo-sentencia-por-abuso-sexual-de-una-menor-de-14-anos\/#article\",\"isPartOf\":{\"@id\":\"https:\/\/www.fiscalia.gov.co\/colombia\/noticias\/tribunal-superior-de-cartagena-confirmo-sentencia-por-abuso-sexual-de-una-menor-de-14-anos\/\"},\"author\":{\"name\":\"Jordan Leandro Oviedo Anzola\",\"@id\":\"https:\/\/www.fiscalia.gov.co\/colombia\/#\/schema\/person\/bf84402cf293a5393e9c70b111020b24\"},\"headline\":\"Tribunal Superior de Cartagena confirm\u00f3 sentencia por abuso sexual de una menor de 14 a\u00f1os\",\"datePublished\":\"2023-01-20T15:31:43+00:00\",\"dateModified\":\"2023-01-20T15:32:03+00:00\",\"mainEntityOfPage\":{\"@id\":\"https:\/\/www.fiscalia.gov.co\/colombia\/noticias\/tribunal-superior-de-cartagena-confirmo-sentencia-por-abuso-sexual-de-una-menor-de-14-anos\/\"},\"wordCount\":399,\"publisher\":{\"@id\":\"https:\/\/www.fiscalia.gov.co\/colombia\/#organization\"},\"keywords\":[\"acto sexual con menor de 14 a\u00f1os\",\"Cartagena\",\"Cartagena (Bol\u00edvar)\",\"Condena\",\"Ej\u00e9rcito Nacional\",\"Fiscal\u00eda Colombia\",\"Fiscal\u00eda General de la Naci\u00f3n\",\"Polic\u00eda Nacional\",\"prisi\u00f3n\"],\"articleSection\":[\"Hay Justicia\",\"Noticias\",\"Seccional Cartagena\",\"Seccionales\",\"Violencia sexual e intrafamiliar\"],\"inLanguage\":\"es-CO\"},{\"@type\":\"WebPage\",\"@id\":\"https:\/\/www.fiscalia.gov.co\/colombia\/noticias\/tribunal-superior-de-cartagena-confirmo-sentencia-por-abuso-sexual-de-una-menor-de-14-anos\/\",\"url\":\"https:\/\/www.fiscalia.gov.co\/colombia\/noticias\/tribunal-superior-de-cartagena-confirmo-sentencia-por-abuso-sexual-de-una-menor-de-14-anos\/\",\"name\":\"Fiscal\u00eda General de la Naci\u00f3n\",\"isPartOf\":{\"@id\":\"https:\/\/www.fiscalia.gov.co\/colombia\/#website\"},\"datePublished\":\"2023-01-20T15:31:43+00:00\",\"dateModified\":\"2023-01-20T15:32:03+00:00\",\"description\":\"P\u00e1gina oficial de la Fiscal\u00eda General de la Naci\u00f3n \u2013 Colombia. Garantizamos el acceso efectivo a la justicia, la verdad y la reparaci\u00f3n de las v\u00edctimas de los delitos.\",\"breadcrumb\":{\"@id\":\"https:\/\/www.fiscalia.gov.co\/colombia\/noticias\/tribunal-superior-de-cartagena-confirmo-sentencia-por-abuso-sexual-de-una-menor-de-14-anos\/#breadcrumb\"},\"inLanguage\":\"es-CO\",\"potentialAction\":[{\"@type\":\"ReadAction\",\"target\":[\"https:\/\/www.fiscalia.gov.co\/colombia\/noticias\/tribunal-superior-de-cartagena-confirmo-sentencia-por-abuso-sexual-de-una-menor-de-14-anos\/\"]}]},{\"@type\":\"BreadcrumbList\",\"@id\":\"https:\/\/www.fiscalia.gov.co\/colombia\/noticias\/tribunal-superior-de-cartagena-confirmo-sentencia-por-abuso-sexual-de-una-menor-de-14-anos\/#breadcrumb\",\"itemListElement\":[{\"@type\":\"ListItem\",\"position\":1,\"name\":\"Home\",\"item\":\"https:\/\/www.fiscalia.gov.co\/colombia\/\"},{\"@type\":\"ListItem\",\"position\":2,\"name\":\"Tribunal Superior de Cartagena confirm\u00f3 sentencia por abuso sexual de una menor de 14 a\u00f1os\"}]},{\"@type\":\"WebSite\",\"@id\":\"https:\/\/www.fiscalia.gov.co\/colombia\/#website\",\"url\":\"https:\/\/www.fiscalia.gov.co\/colombia\/\",\"name\":\"Fiscal\u00eda General de la Naci\u00f3n\",\"description\":\"P\u00e1gina oficial de la Fiscal\u00eda General de la Naci\u00f3n \u2013 Colombia. Garantizamos el acceso efectivo a la justicia, la verdad y la reparaci\u00f3n de las v\u00edctimas de los delitos.\",\"publisher\":{\"@id\":\"https:\/\/www.fiscalia.gov.co\/colombia\/#organization\"},\"potentialAction\":[{\"@type\":\"SearchAction\",\"target\":{\"@type\":\"EntryPoint\",\"urlTemplate\":\"https:\/\/www.fiscalia.gov.co\/colombia\/?s={search_term_string}\"},\"query-input\":{\"@type\":\"PropertyValueSpecification\",\"valueRequired\":true,\"valueName\":\"search_term_string\"}}],\"inLanguage\":\"es-CO\"},{\"@type\":\"Organization\",\"@id\":\"https:\/\/www.fiscalia.gov.co\/colombia\/#organization\",\"name\":\"Fiscal\u00eda General de la Naci\u00f3n\",\"url\":\"https:\/\/www.fiscalia.gov.co\/colombia\/\",\"logo\":{\"@type\":\"ImageObject\",\"inLanguage\":\"es-CO\",\"@id\":\"https:\/\/www.fiscalia.gov.co\/colombia\/#\/schema\/logo\/image\/\",\"url\":\"https:\/\/www.fiscalia.gov.co\/colombia\/wp-content\/uploads\/LogoHorizontal_1.jpg\",\"contentUrl\":\"https:\/\/www.fiscalia.gov.co\/colombia\/wp-content\/uploads\/LogoHorizontal_1.jpg\",\"width\":300,\"height\":90,\"caption\":\"Fiscal\u00eda General de la Naci\u00f3n\"},\"image\":{\"@id\":\"https:\/\/www.fiscalia.gov.co\/colombia\/#\/schema\/logo\/image\/\"},\"sameAs\":[\"https:\/\/www.facebook.com\/FiscaliaCol\",\"https:\/\/x.com\/FiscaliaCol\",\"https:\/\/www.instagram.com\/fiscaliacol\",\"https:\/\/www.linkedin.com\/company\/fiscalia-general-de-la-naci-n\/\",\"https:\/\/youtube.com\/@fiscaliageneraldelanacion-4668?si=6nN79nyQICPU5iTh\"]},{\"@type\":\"Person\",\"@id\":\"https:\/\/www.fiscalia.gov.co\/colombia\/#\/schema\/person\/bf84402cf293a5393e9c70b111020b24\",\"name\":\"Jordan Leandro Oviedo Anzola\",\"image\":{\"@type\":\"ImageObject\",\"inLanguage\":\"es-CO\",\"@id\":\"https:\/\/www.fiscalia.gov.co\/colombia\/#\/schema\/person\/image\/\",\"url\":\"https:\/\/secure.gravatar.com\/avatar\/dabba4346fa9b9207d96adafa8f92721?s=96&d=mm&r=g\",\"contentUrl\":\"https:\/\/secure.gravatar.com\/avatar\/dabba4346fa9b9207d96adafa8f92721?s=96&d=mm&r=g\",\"caption\":\"Jordan Leandro Oviedo Anzola\"},\"url\":\"https:\/\/www.fiscalia.gov.co\/colombia\/author\/joviedo\/\"}]}<\/script>\n<!-- \/ Yoast SEO plugin. -->","yoast_head_json":{"title":"Fiscal\u00eda General de la Naci\u00f3n","description":"P\u00e1gina oficial de la Fiscal\u00eda General de la Naci\u00f3n \u2013 Colombia. Garantizamos el acceso efectivo a la justicia, la verdad y la reparaci\u00f3n de las v\u00edctimas de los delitos.","robots":{"index":"noindex","follow":"follow"},"og_locale":"es_ES","og_type":"article","og_title":"Fiscal\u00eda General de la Naci\u00f3n","og_description":"P\u00e1gina oficial de la Fiscal\u00eda General de la Naci\u00f3n \u2013 Colombia. Garantizamos el acceso efectivo a la justicia, la verdad y la reparaci\u00f3n de las v\u00edctimas de los delitos.","og_url":"https:\/\/www.fiscalia.gov.co\/colombia\/noticias\/tribunal-superior-de-cartagena-confirmo-sentencia-por-abuso-sexual-de-una-menor-de-14-anos\/","og_site_name":"Fiscal\u00eda General de la Naci\u00f3n","article_publisher":"https:\/\/www.facebook.com\/FiscaliaCol","article_published_time":"2023-01-20T15:31:43+00:00","article_modified_time":"2023-01-20T15:32:03+00:00","author":"Jordan Leandro Oviedo Anzola","twitter_card":"summary_large_image","twitter_creator":"@FiscaliaCol","twitter_site":"@FiscaliaCol","twitter_misc":{"Escrito por":"Jordan Leandro Oviedo Anzola","Tiempo de lectura":"2 minutos"},"schema":{"@context":"https:\/\/schema.org","@graph":[{"@type":"Article","@id":"https:\/\/www.fiscalia.gov.co\/colombia\/noticias\/tribunal-superior-de-cartagena-confirmo-sentencia-por-abuso-sexual-de-una-menor-de-14-anos\/#article","isPartOf":{"@id":"https:\/\/www.fiscalia.gov.co\/colombia\/noticias\/tribunal-superior-de-cartagena-confirmo-sentencia-por-abuso-sexual-de-una-menor-de-14-anos\/"},"author":{"name":"Jordan Leandro Oviedo Anzola","@id":"https:\/\/www.fiscalia.gov.co\/colombia\/#\/schema\/person\/bf84402cf293a5393e9c70b111020b24"},"headline":"Tribunal Superior de Cartagena confirm\u00f3 sentencia por abuso sexual de una menor de 14 a\u00f1os","datePublished":"2023-01-20T15:31:43+00:00","dateModified":"2023-01-20T15:32:03+00:00","mainEntityOfPage":{"@id":"https:\/\/www.fiscalia.gov.co\/colombia\/noticias\/tribunal-superior-de-cartagena-confirmo-sentencia-por-abuso-sexual-de-una-menor-de-14-anos\/"},"wordCount":399,"publisher":{"@id":"https:\/\/www.fiscalia.gov.co\/colombia\/#organization"},"keywords":["acto sexual con menor de 14 a\u00f1os","Cartagena","Cartagena (Bol\u00edvar)","Condena","Ej\u00e9rcito Nacional","Fiscal\u00eda Colombia","Fiscal\u00eda General de la Naci\u00f3n","Polic\u00eda Nacional","prisi\u00f3n"],"articleSection":["Hay Justicia","Noticias","Seccional Cartagena","Seccionales","Violencia sexual e intrafamiliar"],"inLanguage":"es-CO"},{"@type":"WebPage","@id":"https:\/\/www.fiscalia.gov.co\/colombia\/noticias\/tribunal-superior-de-cartagena-confirmo-sentencia-por-abuso-sexual-de-una-menor-de-14-anos\/","url":"https:\/\/www.fiscalia.gov.co\/colombia\/noticias\/tribunal-superior-de-cartagena-confirmo-sentencia-por-abuso-sexual-de-una-menor-de-14-anos\/","name":"Fiscal\u00eda General de la Naci\u00f3n","isPartOf":{"@id":"https:\/\/www.fiscalia.gov.co\/colombia\/#website"},"datePublished":"2023-01-20T15:31:43+00:00","dateModified":"2023-01-20T15:32:03+00:00","description":"P\u00e1gina oficial de la Fiscal\u00eda General de la Naci\u00f3n \u2013 Colombia. Garantizamos el acceso efectivo a la justicia, la verdad y la reparaci\u00f3n de las v\u00edctimas de los delitos.","breadcrumb":{"@id":"https:\/\/www.fiscalia.gov.co\/colombia\/noticias\/tribunal-superior-de-cartagena-confirmo-sentencia-por-abuso-sexual-de-una-menor-de-14-anos\/#breadcrumb"},"inLanguage":"es-CO","potentialAction":[{"@type":"ReadAction","target":["https:\/\/www.fiscalia.gov.co\/colombia\/noticias\/tribunal-superior-de-cartagena-confirmo-sentencia-por-abuso-sexual-de-una-menor-de-14-anos\/"]}]},{"@type":"BreadcrumbList","@id":"https:\/\/www.fiscalia.gov.co\/colombia\/noticias\/tribunal-superior-de-cartagena-confirmo-sentencia-por-abuso-sexual-de-una-menor-de-14-anos\/#breadcrumb","itemListElement":[{"@type":"ListItem","position":1,"name":"Home","item":"https:\/\/www.fiscalia.gov.co\/colombia\/"},{"@type":"ListItem","position":2,"name":"Tribunal Superior de Cartagena confirm\u00f3 sentencia por abuso sexual de una menor de 14 a\u00f1os"}]},{"@type":"WebSite","@id":"https:\/\/www.fiscalia.gov.co\/colombia\/#website","url":"https:\/\/www.fiscalia.gov.co\/colombia\/","name":"Fiscal\u00eda General de la Naci\u00f3n","description":"P\u00e1gina oficial de la Fiscal\u00eda General de la Naci\u00f3n \u2013 Colombia. Garantizamos el acceso efectivo a la justicia, la verdad y la reparaci\u00f3n de las v\u00edctimas de los delitos.","publisher":{"@id":"https:\/\/www.fiscalia.gov.co\/colombia\/#organization"},"potentialAction":[{"@type":"SearchAction","target":{"@type":"EntryPoint","urlTemplate":"https:\/\/www.fiscalia.gov.co\/colombia\/?s={search_term_string}"},"query-input":{"@type":"PropertyValueSpecification","valueRequired":true,"valueName":"search_term_string"}}],"inLanguage":"es-CO"},{"@type":"Organization","@id":"https:\/\/www.fiscalia.gov.co\/colombia\/#organization","name":"Fiscal\u00eda General de la Naci\u00f3n","url":"https:\/\/www.fiscalia.gov.co\/colombia\/","logo":{"@type":"ImageObject","inLanguage":"es-CO","@id":"https:\/\/www.fiscalia.gov.co\/colombia\/#\/schema\/logo\/image\/","url":"https:\/\/www.fiscalia.gov.co\/colombia\/wp-content\/uploads\/LogoHorizontal_1.jpg","contentUrl":"https:\/\/www.fiscalia.gov.co\/colombia\/wp-content\/uploads\/LogoHorizontal_1.jpg","width":300,"height":90,"caption":"Fiscal\u00eda General de la Naci\u00f3n"},"image":{"@id":"https:\/\/www.fiscalia.gov.co\/colombia\/#\/schema\/logo\/image\/"},"sameAs":["https:\/\/www.facebook.com\/FiscaliaCol","https:\/\/x.com\/FiscaliaCol","https:\/\/www.instagram.com\/fiscaliacol","https:\/\/www.linkedin.com\/company\/fiscalia-general-de-la-naci-n\/","https:\/\/youtube.com\/@fiscaliageneraldelanacion-4668?si=6nN79nyQICPU5iTh"]},{"@type":"Person","@id":"https:\/\/www.fiscalia.gov.co\/colombia\/#\/schema\/person\/bf84402cf293a5393e9c70b111020b24","name":"Jordan Leandro Oviedo Anzola","image":{"@type":"ImageObject","inLanguage":"es-CO","@id":"https:\/\/www.fiscalia.gov.co\/colombia\/#\/schema\/person\/image\/","url":"https:\/\/secure.gravatar.com\/avatar\/dabba4346fa9b9207d96adafa8f92721?s=96&d=mm&r=g","contentUrl":"https:\/\/secure.gravatar.com\/avatar\/dabba4346fa9b9207d96adafa8f92721?s=96&d=mm&r=g","caption":"Jordan Leandro Oviedo Anzola"},"url":"https:\/\/www.fiscalia.gov.co\/colombia\/author\/joviedo\/"}]}},"_links":{"self":[{"href":"https:\/\/www.fiscalia.gov.co\/colombia\/wp-json\/wp\/v2\/posts\/264409","targetHints":{"allow":["GET"]}}],"collection":[{"href":"https:\/\/www.fiscalia.gov.co\/colombia\/wp-json\/wp\/v2\/posts"}],"about":[{"href":"https:\/\/www.fiscalia.gov.co\/colombia\/wp-json\/wp\/v2\/types\/post"}],"author":[{"embeddable":true,"href":"https:\/\/www.fiscalia.gov.co\/colombia\/wp-json\/wp\/v2\/users\/177"}],"replies":[{"embeddable":true,"href":"https:\/\/www.fiscalia.gov.co\/colombia\/wp-json\/wp\/v2\/comments?post=264409"}],"version-history":[{"count":2,"href":"https:\/\/www.fiscalia.gov.co\/colombia\/wp-json\/wp\/v2\/posts\/264409\/revisions"}],"predecessor-version":[{"id":264411,"href":"https:\/\/www.fiscalia.gov.co\/colombia\/wp-json\/wp\/v2\/posts\/264409\/revisions\/264411"}],"wp:attachment":[{"href":"https:\/\/www.fiscalia.gov.co\/colombia\/wp-json\/wp\/v2\/media?parent=264409"}],"wp:term":[{"taxonomy":"category","embeddable":true,"href":"https:\/\/www.fiscalia.gov.co\/colombia\/wp-json\/wp\/v2\/categories?post=264409"},{"taxonomy":"post_tag","embeddable":true,"href":"https:\/\/www.fiscalia.gov.co\/colombia\/wp-json\/wp\/v2\/tags?post=264409"}],"curies":[{"name":"wp","href":"https:\/\/api.w.org\/{rel}","templated":true}]}}