{"id":264393,"date":"2023-01-20T09:05:11","date_gmt":"2023-01-20T14:05:11","guid":{"rendered":"https:\/\/www.fiscalia.gov.co\/colombia\/?p=264393"},"modified":"2023-01-20T09:05:11","modified_gmt":"2023-01-20T14:05:11","slug":"fiscalia-logra-que-dos-hombres-que-presuntamente-golpearon-a-sus-madres-fueran-a-prision-en-bolivar","status":"publish","type":"post","link":"https:\/\/www.fiscalia.gov.co\/colombia\/noticias\/fiscalia-logra-que-dos-hombres-que-presuntamente-golpearon-a-sus-madres-fueran-a-prision-en-bolivar\/","title":{"rendered":"Fiscal\u00eda logra que dos hombres que presuntamente golpearon a sus madres fueran a prisi\u00f3n en Bol\u00edvar"},"content":{"rendered":"<p>Fiscales adscritos a la seccional Bol\u00edvar, solicitaron a jueces de control de garant\u00eda en distintos procesos, medidas de aseguramiento intramural contra dos hombres que presuntamente agredieron f\u00edsicamente a sus madres.<\/p>\n<p>La primera investigaci\u00f3n ocurri\u00f3 el 15 de enero pasado, en el barrio Bellavista del municipio de Mar\u00eda La Baja (Bol\u00edvar), donde Cesar Manuel Contreras Marim\u00f3n, de 31 a\u00f1os, al parecer, agredi\u00f3 verbalmente a su mam\u00e1 porque \u00e9sta no le guard\u00f3 comida.<\/p>\n<figure id=\"attachment_264394\" aria-describedby=\"caption-attachment-264394\" style=\"width: 766px\" class=\"wp-caption aligncenter\"><img loading=\"lazy\" decoding=\"async\" class=\"size-full wp-image-264394\" src=\"https:\/\/www.fiscalia.gov.co\/colombia\/wp-content\/uploads\/Foto-1-boletin-19-de-enero-violencia-intrafamiliar-.jpeg\" alt=\"En la imagen se observa a un hombre de buzo blanco con jean acompa\u00f1ado de dos uniformados de la Polic\u00eda Nacional delante de un pend\u00f3n de esa instituci\u00f3n.\" width=\"766\" height=\"720\" srcset=\"https:\/\/www.fiscalia.gov.co\/colombia\/wp-content\/uploads\/Foto-1-boletin-19-de-enero-violencia-intrafamiliar-.jpeg 766w, https:\/\/www.fiscalia.gov.co\/colombia\/wp-content\/uploads\/Foto-1-boletin-19-de-enero-violencia-intrafamiliar--300x282.jpeg 300w, https:\/\/www.fiscalia.gov.co\/colombia\/wp-content\/uploads\/Foto-1-boletin-19-de-enero-violencia-intrafamiliar--696x654.jpeg 696w, https:\/\/www.fiscalia.gov.co\/colombia\/wp-content\/uploads\/Foto-1-boletin-19-de-enero-violencia-intrafamiliar--447x420.jpeg 447w\" sizes=\"auto, (max-width: 766px) 100vw, 766px\" \/><figcaption id=\"caption-attachment-264394\" class=\"wp-caption-text\">Contreras Marim\u00f3n, cuando fue capturado por la Polic\u00eda Nacional en el municipio de Mar\u00eda La Baja, luego de que presuntamente golpe\u00f3 a la mam\u00e1 porque no le guard\u00f3 comida.<\/figcaption><\/figure>\n<p>De acuerdo con lo establecido, el procesado, quien supuestamente se encontraba en estado de alicoramiento habr\u00eda gritado con palabras soeces a la se\u00f1ora de 63 a\u00f1os y la habr\u00eda amenazado con incendiar la casa, cuesti\u00f3n \u00e9sta que le subi\u00f3 la presi\u00f3n arterial y debi\u00f3 ser socorrida en un centro m\u00e9dico.<\/p>\n<p>Los gritos de auxilio de la mujer fueron escuchados por los vecinos que informaron a la Polic\u00eda Nacional, quienes hicieron presencia en el lugar y capturaron en flagrancia al presunto agresor.<\/p>\n<p>Un segundo caso involucra a Ricardo Jos\u00e9 Vega Gonz\u00e1lez, de 24 a\u00f1os, quien el 16 de enero \u00faltimo, en un apartamento del barrio Los Alpes de Cartagena, al parecer, golpe\u00f3 a su progenitora e intent\u00f3 ahorcarla porque ella guard\u00f3 un reloj fino de esposo que le encontr\u00f3 en su habitaci\u00f3n.<\/p>\n<figure id=\"attachment_264395\" aria-describedby=\"caption-attachment-264395\" style=\"width: 647px\" class=\"wp-caption aligncenter\"><img loading=\"lazy\" decoding=\"async\" class=\"size-full wp-image-264395\" src=\"https:\/\/www.fiscalia.gov.co\/colombia\/wp-content\/uploads\/Foto-2-boletin-19-de-enero-violencia-intrafamiliar.jpeg\" alt=\"En la fotograf\u00eda aparece un hombre con buzo negro y jean negro con dos miembros de la Polic\u00eda Nacional, delante de un pend\u00f3n de la Polic\u00eda Nacional.\" width=\"647\" height=\"720\" srcset=\"https:\/\/www.fiscalia.gov.co\/colombia\/wp-content\/uploads\/Foto-2-boletin-19-de-enero-violencia-intrafamiliar.jpeg 647w, https:\/\/www.fiscalia.gov.co\/colombia\/wp-content\/uploads\/Foto-2-boletin-19-de-enero-violencia-intrafamiliar-270x300.jpeg 270w, https:\/\/www.fiscalia.gov.co\/colombia\/wp-content\/uploads\/Foto-2-boletin-19-de-enero-violencia-intrafamiliar-377x420.jpeg 377w\" sizes=\"auto, (max-width: 647px) 100vw, 647px\" \/><figcaption id=\"caption-attachment-264395\" class=\"wp-caption-text\">Vega Gonz\u00e1lez fue capturado por la Polic\u00eda Nacional cuando al parecer golpe\u00f3 a su primog\u00e9nita en el barrio Los Alpes de Cartagena.<\/figcaption><\/figure>\n<p>La se\u00f1ora de 56 a\u00f1os fue auxiliada por otro hijo que lleg\u00f3 en esos momentos a la residencia, quien adem\u00e1s llam\u00f3 a la Polic\u00eda buscando ayuda. Hasta ese sitio llegaron los uniformados y capturaron en flagrancia al supuesto implicado.<\/p>\n<p>Durante las audiencias concentradas, ninguno de los procesados acept\u00f3 sus responsabilidades en el delito de violencia intrafamiliar agravada, imputados por la Fiscal\u00eda.<\/p>\n<p>Esta informaci\u00f3n se publica por razones de inter\u00e9s general.<\/p>\n<p><b>La Fiscal\u00eda habla con resultados.<\/b><\/p>\n<p><b>Le puede interesar:<\/b><\/p>\n<p><a title=\"En Buga y Tulu\u00e1 fueron judicializados dos hombres, presuntamente implicados en violencia intrafamiliar\" href=\"https:\/\/www.fiscalia.gov.co\/colombia\/noticias\/en-buga-y-tulua-fueron-judicializados-dos-hombres-presuntamente-implicados-en-violencia-intrafamiliar\/\" target=\"_blank\" rel=\"noopener\" data-saferedirecturl=\"https:\/\/www.google.com\/url?q=https:\/\/www.fiscalia.gov.co\/colombia\/noticias\/en-buga-y-tulua-fueron-judicializados-dos-hombres-presuntamente-implicados-en-violencia-intrafamiliar\/&amp;source=gmail&amp;ust=1674308979297000&amp;usg=AOvVaw2hj-unpvQ4rrCjKtL-xKyq\">En Buga y Tulu\u00e1 fueron judicializados dos hombres, presuntamente implicados en violencia intrafamiliar<\/a><\/p>\n<p><a title=\"Asegurado en centro carcelario un hombre por delitos sexuales y violencia intrafamiliar contra su compa\u00f1era sentimental\" href=\"https:\/\/www.fiscalia.gov.co\/colombia\/noticias\/asegurado-en-centro-carcelario-un-hombre-por-delitos-sexuales-y-violencia-intrafamiliar-contra-su-companera-sentimental\/\" target=\"_blank\" rel=\"noopener\" data-saferedirecturl=\"https:\/\/www.google.com\/url?q=https:\/\/www.fiscalia.gov.co\/colombia\/noticias\/asegurado-en-centro-carcelario-un-hombre-por-delitos-sexuales-y-violencia-intrafamiliar-contra-su-companera-sentimental\/&amp;source=gmail&amp;ust=1674308979297000&amp;usg=AOvVaw2IpRF9-mDg39D5N5Y62P1o\">Asegurado en centro carcelario un hombre por delitos sexuales y violencia intrafamiliar contra su compa\u00f1era sentimental<\/a><\/p>\n<p>&nbsp;<\/p>\n<p>&nbsp;<\/p>\n<p>&nbsp;<\/p>\n<p>&nbsp;<\/p>\n<p>&nbsp;<\/p>\n<p>&nbsp;<\/p>\n<p>MEVA\/MG\/GM\/JG\/DSB<\/p>\n<p>&nbsp;<\/p>\n<p>&nbsp;<\/p>\n<p>&nbsp;<\/p>\n<p>&nbsp;<\/p>\n<div class=\"td-post-content tagdiv-type\">\n<p><i>La informaci\u00f3n contenida en este bolet\u00edn de prensa corresponde a la narraci\u00f3n de los hechos noticiosos objetivos, suministrados por los funcionarios encargados de adelantar las investigaciones penales al interior de la Fiscal\u00eda General de la Naci\u00f3n. Para el momento de la divulgaci\u00f3n de este comunicado, la situaci\u00f3n jur\u00eddica de la(s) persona(s) relacionada(s) se encuentra pendiente de resolver por la autoridad judicial competente, siempre bajo los preceptos de la presunci\u00f3n de inocencia, consagrados en el art\u00edculo 29 de la Constituci\u00f3n Pol\u00edtica y el art\u00edculo 7\u00ba de la Ley 906 de 2004.\u00a0<\/i><\/p>\n<\/div>\n<footer>\n<div class=\"td-post-source-tags\"><\/div>\n<div class=\"td-post-sharing-bottom\"><\/div>\n<\/footer>\n\n<div class=\"twitter-share\"><a href=\"https:\/\/twitter.com\/intent\/tweet?via=fiscaliacol\" class=\"twitter-share-button\">Tweet<\/a><\/div>\n","protected":false},"excerpt":{"rendered":"<p>Fiscales adscritos a la seccional Bol\u00edvar, solicitaron a jueces de control de garant\u00eda en distintos procesos, medidas de aseguramiento intramural contra dos hombres que presuntamente agredieron f\u00edsicamente a sus madres. La primera investigaci\u00f3n ocurri\u00f3 el 15 de enero pasado, en el barrio Bellavista del municipio de Mar\u00eda La Baja (Bol\u00edvar), donde Cesar Manuel Contreras Marim\u00f3n, [&hellip;]<\/p>\n","protected":false},"author":177,"featured_media":0,"comment_status":"closed","ping_status":"open","sticky":false,"template":"","format":"standard","meta":{"_price":"","_stock":"","_tribe_ticket_header":"","_tribe_default_ticket_provider":"","_tribe_ticket_capacity":"0","_ticket_start_date":"","_ticket_end_date":"","_tribe_ticket_show_description":"","_tribe_ticket_show_not_going":false,"_tribe_ticket_use_global_stock":"","_tribe_ticket_global_stock_level":"","_global_stock_mode":"","_global_stock_cap":"","_tribe_rsvp_for_event":"","_tribe_ticket_going_count":"","_tribe_ticket_not_going_count":"","_tribe_tickets_list":"[]","_tribe_ticket_has_attendee_info_fields":false,"tdm_status":"","tdm_grid_status":"","footnotes":""},"categories":[1,325,303,24099],"tags":[9082,14550,23998,24187,1047,16756,31608,558,682],"class_list":{"0":"post-264393","1":"post","2":"type-post","3":"status-publish","4":"format-standard","6":"category-noticias","7":"category-seccional-cartagena","8":"category-seccionales","9":"category-seguridad-territorial","10":"tag-bolivar","11":"tag-carcel","12":"tag-cartagena-bolivar","13":"tag-fiscalia-colombia","14":"tag-fiscalia-general-de-la-nacion","15":"tag-madre","16":"tag-maria-la-baja","17":"tag-policia-nacional","18":"tag-violencia-intrafamiliar"},"yoast_head":"<!-- This site is optimized with the Yoast SEO plugin v24.3 - https:\/\/yoast.com\/wordpress\/plugins\/seo\/ -->\n<title>Fiscal\u00eda General de la Naci\u00f3n<\/title>\n<meta name=\"description\" content=\"P\u00e1gina oficial de la Fiscal\u00eda General de la Naci\u00f3n \u2013 Colombia. Garantizamos el acceso efectivo a la justicia, la verdad y la reparaci\u00f3n de las v\u00edctimas de los delitos.\" \/>\n<meta name=\"robots\" content=\"noindex, follow\" \/>\n<meta property=\"og:locale\" content=\"es_ES\" \/>\n<meta property=\"og:type\" content=\"article\" \/>\n<meta property=\"og:title\" content=\"Fiscal\u00eda General de la Naci\u00f3n\" \/>\n<meta property=\"og:description\" content=\"P\u00e1gina oficial de la Fiscal\u00eda General de la Naci\u00f3n \u2013 Colombia. Garantizamos el acceso efectivo a la justicia, la verdad y la reparaci\u00f3n de las v\u00edctimas de los delitos.\" \/>\n<meta property=\"og:url\" content=\"https:\/\/www.fiscalia.gov.co\/colombia\/noticias\/fiscalia-logra-que-dos-hombres-que-presuntamente-golpearon-a-sus-madres-fueran-a-prision-en-bolivar\/\" \/>\n<meta property=\"og:site_name\" content=\"Fiscal\u00eda General de la Naci\u00f3n\" \/>\n<meta property=\"article:publisher\" content=\"https:\/\/www.facebook.com\/FiscaliaCol\" \/>\n<meta property=\"article:published_time\" content=\"2023-01-20T14:05:11+00:00\" \/>\n<meta property=\"og:image\" content=\"https:\/\/www.fiscalia.gov.co\/colombia\/wp-content\/uploads\/Foto-1-boletin-19-de-enero-violencia-intrafamiliar-.jpeg\" \/>\n<meta name=\"author\" content=\"Jordan Leandro Oviedo Anzola\" \/>\n<meta name=\"twitter:card\" content=\"summary_large_image\" \/>\n<meta name=\"twitter:creator\" content=\"@FiscaliaCol\" \/>\n<meta name=\"twitter:site\" content=\"@FiscaliaCol\" \/>\n<meta name=\"twitter:label1\" content=\"Escrito por\" \/>\n\t<meta name=\"twitter:data1\" content=\"Jordan Leandro Oviedo Anzola\" \/>\n\t<meta name=\"twitter:label2\" content=\"Tiempo de lectura\" \/>\n\t<meta name=\"twitter:data2\" content=\"3 minutos\" \/>\n<script type=\"application\/ld+json\" class=\"yoast-schema-graph\">{\"@context\":\"https:\/\/schema.org\",\"@graph\":[{\"@type\":\"Article\",\"@id\":\"https:\/\/www.fiscalia.gov.co\/colombia\/noticias\/fiscalia-logra-que-dos-hombres-que-presuntamente-golpearon-a-sus-madres-fueran-a-prision-en-bolivar\/#article\",\"isPartOf\":{\"@id\":\"https:\/\/www.fiscalia.gov.co\/colombia\/noticias\/fiscalia-logra-que-dos-hombres-que-presuntamente-golpearon-a-sus-madres-fueran-a-prision-en-bolivar\/\"},\"author\":{\"name\":\"Jordan Leandro Oviedo Anzola\",\"@id\":\"https:\/\/www.fiscalia.gov.co\/colombia\/#\/schema\/person\/bf84402cf293a5393e9c70b111020b24\"},\"headline\":\"Fiscal\u00eda logra que dos hombres que presuntamente golpearon a sus madres fueran a prisi\u00f3n en Bol\u00edvar\",\"datePublished\":\"2023-01-20T14:05:11+00:00\",\"dateModified\":\"2023-01-20T14:05:11+00:00\",\"mainEntityOfPage\":{\"@id\":\"https:\/\/www.fiscalia.gov.co\/colombia\/noticias\/fiscalia-logra-que-dos-hombres-que-presuntamente-golpearon-a-sus-madres-fueran-a-prision-en-bolivar\/\"},\"wordCount\":538,\"publisher\":{\"@id\":\"https:\/\/www.fiscalia.gov.co\/colombia\/#organization\"},\"image\":{\"@id\":\"https:\/\/www.fiscalia.gov.co\/colombia\/noticias\/fiscalia-logra-que-dos-hombres-que-presuntamente-golpearon-a-sus-madres-fueran-a-prision-en-bolivar\/#primaryimage\"},\"thumbnailUrl\":\"https:\/\/www.fiscalia.gov.co\/colombia\/wp-content\/uploads\/Foto-1-boletin-19-de-enero-violencia-intrafamiliar-.jpeg\",\"keywords\":[\"Bol\u00edvar\",\"C\u00e1rcel\",\"Cartagena (Bol\u00edvar)\",\"Fiscal\u00eda Colombia\",\"Fiscal\u00eda General de la Naci\u00f3n\",\"Madre\",\"Mar\u00eda La Baja\",\"Polic\u00eda Nacional\",\"Violencia intrafamiliar\"],\"articleSection\":[\"Noticias\",\"Seccional Cartagena\",\"Seccionales\",\"Seguridad territorial\"],\"inLanguage\":\"es-CO\"},{\"@type\":\"WebPage\",\"@id\":\"https:\/\/www.fiscalia.gov.co\/colombia\/noticias\/fiscalia-logra-que-dos-hombres-que-presuntamente-golpearon-a-sus-madres-fueran-a-prision-en-bolivar\/\",\"url\":\"https:\/\/www.fiscalia.gov.co\/colombia\/noticias\/fiscalia-logra-que-dos-hombres-que-presuntamente-golpearon-a-sus-madres-fueran-a-prision-en-bolivar\/\",\"name\":\"Fiscal\u00eda General de la Naci\u00f3n\",\"isPartOf\":{\"@id\":\"https:\/\/www.fiscalia.gov.co\/colombia\/#website\"},\"primaryImageOfPage\":{\"@id\":\"https:\/\/www.fiscalia.gov.co\/colombia\/noticias\/fiscalia-logra-que-dos-hombres-que-presuntamente-golpearon-a-sus-madres-fueran-a-prision-en-bolivar\/#primaryimage\"},\"image\":{\"@id\":\"https:\/\/www.fiscalia.gov.co\/colombia\/noticias\/fiscalia-logra-que-dos-hombres-que-presuntamente-golpearon-a-sus-madres-fueran-a-prision-en-bolivar\/#primaryimage\"},\"thumbnailUrl\":\"https:\/\/www.fiscalia.gov.co\/colombia\/wp-content\/uploads\/Foto-1-boletin-19-de-enero-violencia-intrafamiliar-.jpeg\",\"datePublished\":\"2023-01-20T14:05:11+00:00\",\"dateModified\":\"2023-01-20T14:05:11+00:00\",\"description\":\"P\u00e1gina oficial de la Fiscal\u00eda General de la Naci\u00f3n \u2013 Colombia. Garantizamos el acceso efectivo a la justicia, la verdad y la reparaci\u00f3n de las v\u00edctimas de los delitos.\",\"breadcrumb\":{\"@id\":\"https:\/\/www.fiscalia.gov.co\/colombia\/noticias\/fiscalia-logra-que-dos-hombres-que-presuntamente-golpearon-a-sus-madres-fueran-a-prision-en-bolivar\/#breadcrumb\"},\"inLanguage\":\"es-CO\",\"potentialAction\":[{\"@type\":\"ReadAction\",\"target\":[\"https:\/\/www.fiscalia.gov.co\/colombia\/noticias\/fiscalia-logra-que-dos-hombres-que-presuntamente-golpearon-a-sus-madres-fueran-a-prision-en-bolivar\/\"]}]},{\"@type\":\"ImageObject\",\"inLanguage\":\"es-CO\",\"@id\":\"https:\/\/www.fiscalia.gov.co\/colombia\/noticias\/fiscalia-logra-que-dos-hombres-que-presuntamente-golpearon-a-sus-madres-fueran-a-prision-en-bolivar\/#primaryimage\",\"url\":\"https:\/\/www.fiscalia.gov.co\/colombia\/wp-content\/uploads\/Foto-1-boletin-19-de-enero-violencia-intrafamiliar-.jpeg\",\"contentUrl\":\"https:\/\/www.fiscalia.gov.co\/colombia\/wp-content\/uploads\/Foto-1-boletin-19-de-enero-violencia-intrafamiliar-.jpeg\",\"width\":766,\"height\":720,\"caption\":\"Contreras Marim\u00f3n, cuando fue capturado por la Polic\u00eda Nacional en el municipio de Mar\u00eda La Baja, luego de que presuntamente golpe\u00f3 a la mam\u00e1 porque no le guard\u00f3 comida.\"},{\"@type\":\"BreadcrumbList\",\"@id\":\"https:\/\/www.fiscalia.gov.co\/colombia\/noticias\/fiscalia-logra-que-dos-hombres-que-presuntamente-golpearon-a-sus-madres-fueran-a-prision-en-bolivar\/#breadcrumb\",\"itemListElement\":[{\"@type\":\"ListItem\",\"position\":1,\"name\":\"Home\",\"item\":\"https:\/\/www.fiscalia.gov.co\/colombia\/\"},{\"@type\":\"ListItem\",\"position\":2,\"name\":\"Fiscal\u00eda logra que dos hombres que presuntamente golpearon a sus madres fueran a prisi\u00f3n en Bol\u00edvar\"}]},{\"@type\":\"WebSite\",\"@id\":\"https:\/\/www.fiscalia.gov.co\/colombia\/#website\",\"url\":\"https:\/\/www.fiscalia.gov.co\/colombia\/\",\"name\":\"Fiscal\u00eda General de la Naci\u00f3n\",\"description\":\"P\u00e1gina oficial de la Fiscal\u00eda General de la Naci\u00f3n \u2013 Colombia. Garantizamos el acceso efectivo a la justicia, la verdad y la reparaci\u00f3n de las v\u00edctimas de los delitos.\",\"publisher\":{\"@id\":\"https:\/\/www.fiscalia.gov.co\/colombia\/#organization\"},\"potentialAction\":[{\"@type\":\"SearchAction\",\"target\":{\"@type\":\"EntryPoint\",\"urlTemplate\":\"https:\/\/www.fiscalia.gov.co\/colombia\/?s={search_term_string}\"},\"query-input\":{\"@type\":\"PropertyValueSpecification\",\"valueRequired\":true,\"valueName\":\"search_term_string\"}}],\"inLanguage\":\"es-CO\"},{\"@type\":\"Organization\",\"@id\":\"https:\/\/www.fiscalia.gov.co\/colombia\/#organization\",\"name\":\"Fiscal\u00eda General de la Naci\u00f3n\",\"url\":\"https:\/\/www.fiscalia.gov.co\/colombia\/\",\"logo\":{\"@type\":\"ImageObject\",\"inLanguage\":\"es-CO\",\"@id\":\"https:\/\/www.fiscalia.gov.co\/colombia\/#\/schema\/logo\/image\/\",\"url\":\"https:\/\/www.fiscalia.gov.co\/colombia\/wp-content\/uploads\/LogoHorizontal_1.jpg\",\"contentUrl\":\"https:\/\/www.fiscalia.gov.co\/colombia\/wp-content\/uploads\/LogoHorizontal_1.jpg\",\"width\":300,\"height\":90,\"caption\":\"Fiscal\u00eda General de la Naci\u00f3n\"},\"image\":{\"@id\":\"https:\/\/www.fiscalia.gov.co\/colombia\/#\/schema\/logo\/image\/\"},\"sameAs\":[\"https:\/\/www.facebook.com\/FiscaliaCol\",\"https:\/\/x.com\/FiscaliaCol\",\"https:\/\/www.instagram.com\/fiscaliacol\",\"https:\/\/www.linkedin.com\/company\/fiscalia-general-de-la-naci-n\/\",\"https:\/\/youtube.com\/@fiscaliageneraldelanacion-4668?si=6nN79nyQICPU5iTh\"]},{\"@type\":\"Person\",\"@id\":\"https:\/\/www.fiscalia.gov.co\/colombia\/#\/schema\/person\/bf84402cf293a5393e9c70b111020b24\",\"name\":\"Jordan Leandro Oviedo Anzola\",\"image\":{\"@type\":\"ImageObject\",\"inLanguage\":\"es-CO\",\"@id\":\"https:\/\/www.fiscalia.gov.co\/colombia\/#\/schema\/person\/image\/\",\"url\":\"https:\/\/secure.gravatar.com\/avatar\/dabba4346fa9b9207d96adafa8f92721?s=96&d=mm&r=g\",\"contentUrl\":\"https:\/\/secure.gravatar.com\/avatar\/dabba4346fa9b9207d96adafa8f92721?s=96&d=mm&r=g\",\"caption\":\"Jordan Leandro Oviedo Anzola\"},\"url\":\"https:\/\/www.fiscalia.gov.co\/colombia\/author\/joviedo\/\"}]}<\/script>\n<!-- \/ Yoast SEO plugin. -->","yoast_head_json":{"title":"Fiscal\u00eda General de la Naci\u00f3n","description":"P\u00e1gina oficial de la Fiscal\u00eda General de la Naci\u00f3n \u2013 Colombia. Garantizamos el acceso efectivo a la justicia, la verdad y la reparaci\u00f3n de las v\u00edctimas de los delitos.","robots":{"index":"noindex","follow":"follow"},"og_locale":"es_ES","og_type":"article","og_title":"Fiscal\u00eda General de la Naci\u00f3n","og_description":"P\u00e1gina oficial de la Fiscal\u00eda General de la Naci\u00f3n \u2013 Colombia. Garantizamos el acceso efectivo a la justicia, la verdad y la reparaci\u00f3n de las v\u00edctimas de los delitos.","og_url":"https:\/\/www.fiscalia.gov.co\/colombia\/noticias\/fiscalia-logra-que-dos-hombres-que-presuntamente-golpearon-a-sus-madres-fueran-a-prision-en-bolivar\/","og_site_name":"Fiscal\u00eda General de la Naci\u00f3n","article_publisher":"https:\/\/www.facebook.com\/FiscaliaCol","article_published_time":"2023-01-20T14:05:11+00:00","og_image":[{"url":"https:\/\/www.fiscalia.gov.co\/colombia\/wp-content\/uploads\/Foto-1-boletin-19-de-enero-violencia-intrafamiliar-.jpeg","type":"","width":"","height":""}],"author":"Jordan Leandro Oviedo Anzola","twitter_card":"summary_large_image","twitter_creator":"@FiscaliaCol","twitter_site":"@FiscaliaCol","twitter_misc":{"Escrito por":"Jordan Leandro Oviedo Anzola","Tiempo de lectura":"3 minutos"},"schema":{"@context":"https:\/\/schema.org","@graph":[{"@type":"Article","@id":"https:\/\/www.fiscalia.gov.co\/colombia\/noticias\/fiscalia-logra-que-dos-hombres-que-presuntamente-golpearon-a-sus-madres-fueran-a-prision-en-bolivar\/#article","isPartOf":{"@id":"https:\/\/www.fiscalia.gov.co\/colombia\/noticias\/fiscalia-logra-que-dos-hombres-que-presuntamente-golpearon-a-sus-madres-fueran-a-prision-en-bolivar\/"},"author":{"name":"Jordan Leandro Oviedo Anzola","@id":"https:\/\/www.fiscalia.gov.co\/colombia\/#\/schema\/person\/bf84402cf293a5393e9c70b111020b24"},"headline":"Fiscal\u00eda logra que dos hombres que presuntamente golpearon a sus madres fueran a prisi\u00f3n en Bol\u00edvar","datePublished":"2023-01-20T14:05:11+00:00","dateModified":"2023-01-20T14:05:11+00:00","mainEntityOfPage":{"@id":"https:\/\/www.fiscalia.gov.co\/colombia\/noticias\/fiscalia-logra-que-dos-hombres-que-presuntamente-golpearon-a-sus-madres-fueran-a-prision-en-bolivar\/"},"wordCount":538,"publisher":{"@id":"https:\/\/www.fiscalia.gov.co\/colombia\/#organization"},"image":{"@id":"https:\/\/www.fiscalia.gov.co\/colombia\/noticias\/fiscalia-logra-que-dos-hombres-que-presuntamente-golpearon-a-sus-madres-fueran-a-prision-en-bolivar\/#primaryimage"},"thumbnailUrl":"https:\/\/www.fiscalia.gov.co\/colombia\/wp-content\/uploads\/Foto-1-boletin-19-de-enero-violencia-intrafamiliar-.jpeg","keywords":["Bol\u00edvar","C\u00e1rcel","Cartagena (Bol\u00edvar)","Fiscal\u00eda Colombia","Fiscal\u00eda General de la Naci\u00f3n","Madre","Mar\u00eda La Baja","Polic\u00eda Nacional","Violencia intrafamiliar"],"articleSection":["Noticias","Seccional Cartagena","Seccionales","Seguridad territorial"],"inLanguage":"es-CO"},{"@type":"WebPage","@id":"https:\/\/www.fiscalia.gov.co\/colombia\/noticias\/fiscalia-logra-que-dos-hombres-que-presuntamente-golpearon-a-sus-madres-fueran-a-prision-en-bolivar\/","url":"https:\/\/www.fiscalia.gov.co\/colombia\/noticias\/fiscalia-logra-que-dos-hombres-que-presuntamente-golpearon-a-sus-madres-fueran-a-prision-en-bolivar\/","name":"Fiscal\u00eda General de la Naci\u00f3n","isPartOf":{"@id":"https:\/\/www.fiscalia.gov.co\/colombia\/#website"},"primaryImageOfPage":{"@id":"https:\/\/www.fiscalia.gov.co\/colombia\/noticias\/fiscalia-logra-que-dos-hombres-que-presuntamente-golpearon-a-sus-madres-fueran-a-prision-en-bolivar\/#primaryimage"},"image":{"@id":"https:\/\/www.fiscalia.gov.co\/colombia\/noticias\/fiscalia-logra-que-dos-hombres-que-presuntamente-golpearon-a-sus-madres-fueran-a-prision-en-bolivar\/#primaryimage"},"thumbnailUrl":"https:\/\/www.fiscalia.gov.co\/colombia\/wp-content\/uploads\/Foto-1-boletin-19-de-enero-violencia-intrafamiliar-.jpeg","datePublished":"2023-01-20T14:05:11+00:00","dateModified":"2023-01-20T14:05:11+00:00","description":"P\u00e1gina oficial de la Fiscal\u00eda General de la Naci\u00f3n \u2013 Colombia. Garantizamos el acceso efectivo a la justicia, la verdad y la reparaci\u00f3n de las v\u00edctimas de los delitos.","breadcrumb":{"@id":"https:\/\/www.fiscalia.gov.co\/colombia\/noticias\/fiscalia-logra-que-dos-hombres-que-presuntamente-golpearon-a-sus-madres-fueran-a-prision-en-bolivar\/#breadcrumb"},"inLanguage":"es-CO","potentialAction":[{"@type":"ReadAction","target":["https:\/\/www.fiscalia.gov.co\/colombia\/noticias\/fiscalia-logra-que-dos-hombres-que-presuntamente-golpearon-a-sus-madres-fueran-a-prision-en-bolivar\/"]}]},{"@type":"ImageObject","inLanguage":"es-CO","@id":"https:\/\/www.fiscalia.gov.co\/colombia\/noticias\/fiscalia-logra-que-dos-hombres-que-presuntamente-golpearon-a-sus-madres-fueran-a-prision-en-bolivar\/#primaryimage","url":"https:\/\/www.fiscalia.gov.co\/colombia\/wp-content\/uploads\/Foto-1-boletin-19-de-enero-violencia-intrafamiliar-.jpeg","contentUrl":"https:\/\/www.fiscalia.gov.co\/colombia\/wp-content\/uploads\/Foto-1-boletin-19-de-enero-violencia-intrafamiliar-.jpeg","width":766,"height":720,"caption":"Contreras Marim\u00f3n, cuando fue capturado por la Polic\u00eda Nacional en el municipio de Mar\u00eda La Baja, luego de que presuntamente golpe\u00f3 a la mam\u00e1 porque no le guard\u00f3 comida."},{"@type":"BreadcrumbList","@id":"https:\/\/www.fiscalia.gov.co\/colombia\/noticias\/fiscalia-logra-que-dos-hombres-que-presuntamente-golpearon-a-sus-madres-fueran-a-prision-en-bolivar\/#breadcrumb","itemListElement":[{"@type":"ListItem","position":1,"name":"Home","item":"https:\/\/www.fiscalia.gov.co\/colombia\/"},{"@type":"ListItem","position":2,"name":"Fiscal\u00eda logra que dos hombres que presuntamente golpearon a sus madres fueran a prisi\u00f3n en Bol\u00edvar"}]},{"@type":"WebSite","@id":"https:\/\/www.fiscalia.gov.co\/colombia\/#website","url":"https:\/\/www.fiscalia.gov.co\/colombia\/","name":"Fiscal\u00eda General de la Naci\u00f3n","description":"P\u00e1gina oficial de la Fiscal\u00eda General de la Naci\u00f3n \u2013 Colombia. Garantizamos el acceso efectivo a la justicia, la verdad y la reparaci\u00f3n de las v\u00edctimas de los delitos.","publisher":{"@id":"https:\/\/www.fiscalia.gov.co\/colombia\/#organization"},"potentialAction":[{"@type":"SearchAction","target":{"@type":"EntryPoint","urlTemplate":"https:\/\/www.fiscalia.gov.co\/colombia\/?s={search_term_string}"},"query-input":{"@type":"PropertyValueSpecification","valueRequired":true,"valueName":"search_term_string"}}],"inLanguage":"es-CO"},{"@type":"Organization","@id":"https:\/\/www.fiscalia.gov.co\/colombia\/#organization","name":"Fiscal\u00eda General de la Naci\u00f3n","url":"https:\/\/www.fiscalia.gov.co\/colombia\/","logo":{"@type":"ImageObject","inLanguage":"es-CO","@id":"https:\/\/www.fiscalia.gov.co\/colombia\/#\/schema\/logo\/image\/","url":"https:\/\/www.fiscalia.gov.co\/colombia\/wp-content\/uploads\/LogoHorizontal_1.jpg","contentUrl":"https:\/\/www.fiscalia.gov.co\/colombia\/wp-content\/uploads\/LogoHorizontal_1.jpg","width":300,"height":90,"caption":"Fiscal\u00eda General de la Naci\u00f3n"},"image":{"@id":"https:\/\/www.fiscalia.gov.co\/colombia\/#\/schema\/logo\/image\/"},"sameAs":["https:\/\/www.facebook.com\/FiscaliaCol","https:\/\/x.com\/FiscaliaCol","https:\/\/www.instagram.com\/fiscaliacol","https:\/\/www.linkedin.com\/company\/fiscalia-general-de-la-naci-n\/","https:\/\/youtube.com\/@fiscaliageneraldelanacion-4668?si=6nN79nyQICPU5iTh"]},{"@type":"Person","@id":"https:\/\/www.fiscalia.gov.co\/colombia\/#\/schema\/person\/bf84402cf293a5393e9c70b111020b24","name":"Jordan Leandro Oviedo Anzola","image":{"@type":"ImageObject","inLanguage":"es-CO","@id":"https:\/\/www.fiscalia.gov.co\/colombia\/#\/schema\/person\/image\/","url":"https:\/\/secure.gravatar.com\/avatar\/dabba4346fa9b9207d96adafa8f92721?s=96&d=mm&r=g","contentUrl":"https:\/\/secure.gravatar.com\/avatar\/dabba4346fa9b9207d96adafa8f92721?s=96&d=mm&r=g","caption":"Jordan Leandro Oviedo Anzola"},"url":"https:\/\/www.fiscalia.gov.co\/colombia\/author\/joviedo\/"}]}},"_links":{"self":[{"href":"https:\/\/www.fiscalia.gov.co\/colombia\/wp-json\/wp\/v2\/posts\/264393","targetHints":{"allow":["GET"]}}],"collection":[{"href":"https:\/\/www.fiscalia.gov.co\/colombia\/wp-json\/wp\/v2\/posts"}],"about":[{"href":"https:\/\/www.fiscalia.gov.co\/colombia\/wp-json\/wp\/v2\/types\/post"}],"author":[{"embeddable":true,"href":"https:\/\/www.fiscalia.gov.co\/colombia\/wp-json\/wp\/v2\/users\/177"}],"replies":[{"embeddable":true,"href":"https:\/\/www.fiscalia.gov.co\/colombia\/wp-json\/wp\/v2\/comments?post=264393"}],"version-history":[{"count":1,"href":"https:\/\/www.fiscalia.gov.co\/colombia\/wp-json\/wp\/v2\/posts\/264393\/revisions"}],"predecessor-version":[{"id":264396,"href":"https:\/\/www.fiscalia.gov.co\/colombia\/wp-json\/wp\/v2\/posts\/264393\/revisions\/264396"}],"wp:attachment":[{"href":"https:\/\/www.fiscalia.gov.co\/colombia\/wp-json\/wp\/v2\/media?parent=264393"}],"wp:term":[{"taxonomy":"category","embeddable":true,"href":"https:\/\/www.fiscalia.gov.co\/colombia\/wp-json\/wp\/v2\/categories?post=264393"},{"taxonomy":"post_tag","embeddable":true,"href":"https:\/\/www.fiscalia.gov.co\/colombia\/wp-json\/wp\/v2\/tags?post=264393"}],"curies":[{"name":"wp","href":"https:\/\/api.w.org\/{rel}","templated":true}]}}