{"id":264333,"date":"2023-01-19T11:05:11","date_gmt":"2023-01-19T16:05:11","guid":{"rendered":"https:\/\/www.fiscalia.gov.co\/colombia\/?p=264333"},"modified":"2023-01-19T16:46:12","modified_gmt":"2023-01-19T21:46:12","slug":"fiscalia-logra-condena-contra-dos-hermanos-por-el-asesinato-de-un-hombre-en-bolivar-valle-del-cauca","status":"publish","type":"post","link":"https:\/\/www.fiscalia.gov.co\/colombia\/noticias\/fiscalia-logra-condena-contra-dos-hermanos-por-el-asesinato-de-un-hombre-en-bolivar-valle-del-cauca\/","title":{"rendered":"Fiscal\u00eda logra condena contra dos hermanos por el asesinato de un hombre en Bol\u00edvar (Valle del Cauca)"},"content":{"rendered":"<p>La contundencia del material de prueba aportado por la Fiscal\u00eda General de la Naci\u00f3n, permiti\u00f3 que un juez de Roldanillo (Valle del Cauca) condenara a 44 a\u00f1os y 4 meses de prisi\u00f3n a los hermanos Francisco Javier y Juan Sebasti\u00e1n Posso Parra, de 26 y 22 a\u00f1os, respectivamente.<u><\/u>\u00a0<u><\/u><\/p>\n<figure id=\"attachment_264334\" aria-describedby=\"caption-attachment-264334\" style=\"width: 696px\" class=\"wp-caption aligncenter\"><img loading=\"lazy\" decoding=\"async\" class=\"size-large wp-image-264334\" src=\"https:\/\/www.fiscalia.gov.co\/colombia\/wp-content\/uploads\/Hermanos-Francisco-Javier-y-Juan-Sebastian-Posso-Parra.-Condenados-por-homicidio-agravado-y-otro.-Bolivar-Valle.-1024x768.jpg\" alt=\"En la foto aparecen, de pie, con los brazos adelante y esposados, Francisco Javier y Juan Sebasti\u00e1n Posso Parra. Ambos visten camiseta de manga corta oscura y jean azul. Al lado derecho de ellos hay un servidor del CTI de la Fiscal\u00eda y al lado izquierdo de ellos hay un uniformado de la Polic\u00eda Nacional. Detr\u00e1s de ellos hay un pend\u00f3n institucional de la Polic\u00eda.\" width=\"696\" height=\"522\" srcset=\"https:\/\/www.fiscalia.gov.co\/colombia\/wp-content\/uploads\/Hermanos-Francisco-Javier-y-Juan-Sebastian-Posso-Parra.-Condenados-por-homicidio-agravado-y-otro.-Bolivar-Valle.-1024x768.jpg 1024w, https:\/\/www.fiscalia.gov.co\/colombia\/wp-content\/uploads\/Hermanos-Francisco-Javier-y-Juan-Sebastian-Posso-Parra.-Condenados-por-homicidio-agravado-y-otro.-Bolivar-Valle.-300x225.jpg 300w, https:\/\/www.fiscalia.gov.co\/colombia\/wp-content\/uploads\/Hermanos-Francisco-Javier-y-Juan-Sebastian-Posso-Parra.-Condenados-por-homicidio-agravado-y-otro.-Bolivar-Valle.-768x576.jpg 768w, https:\/\/www.fiscalia.gov.co\/colombia\/wp-content\/uploads\/Hermanos-Francisco-Javier-y-Juan-Sebastian-Posso-Parra.-Condenados-por-homicidio-agravado-y-otro.-Bolivar-Valle.-696x522.jpg 696w, https:\/\/www.fiscalia.gov.co\/colombia\/wp-content\/uploads\/Hermanos-Francisco-Javier-y-Juan-Sebastian-Posso-Parra.-Condenados-por-homicidio-agravado-y-otro.-Bolivar-Valle.-1068x801.jpg 1068w, https:\/\/www.fiscalia.gov.co\/colombia\/wp-content\/uploads\/Hermanos-Francisco-Javier-y-Juan-Sebastian-Posso-Parra.-Condenados-por-homicidio-agravado-y-otro.-Bolivar-Valle.-560x420.jpg 560w, https:\/\/www.fiscalia.gov.co\/colombia\/wp-content\/uploads\/Hermanos-Francisco-Javier-y-Juan-Sebastian-Posso-Parra.-Condenados-por-homicidio-agravado-y-otro.-Bolivar-Valle.-80x60.jpg 80w, https:\/\/www.fiscalia.gov.co\/colombia\/wp-content\/uploads\/Hermanos-Francisco-Javier-y-Juan-Sebastian-Posso-Parra.-Condenados-por-homicidio-agravado-y-otro.-Bolivar-Valle.-265x198.jpg 265w, https:\/\/www.fiscalia.gov.co\/colombia\/wp-content\/uploads\/Hermanos-Francisco-Javier-y-Juan-Sebastian-Posso-Parra.-Condenados-por-homicidio-agravado-y-otro.-Bolivar-Valle..jpg 1280w\" sizes=\"auto, (max-width: 696px) 100vw, 696px\" \/><figcaption id=\"caption-attachment-264334\" class=\"wp-caption-text\">Los hermanos Francisco Javier y Juan Sebasti\u00e1n Posso Parra, fueron condenados a 44 a\u00f1os y 4 meses de prisi\u00f3n por el homicidio de un hombre a quien persiguieron, le dispararon y remataron en el piso hasta causarle la muerte, en Bol\u00edvar (Valle).<\/figcaption><\/figure>\n<p>Los dos hombres fueron judicializados por el homicidio de un hombre; ocurrido el 7 de junio de 2022 en el municipio de Bol\u00edvar (Valle del Cauca), donde los hoy sentenciados interceptaron a la v\u00edctima, de 18 a\u00f1os, quien viajaba como parrillero de una moto.<\/p>\n<p>Labores de polic\u00eda judicial permitieron establecer que debido al ataque con arma de fuego, la v\u00edctima cay\u00f3 del veh\u00edculo en que viajaba; tras lo cual, los agresores le dispararon en repetidas oportunidades.<\/p>\n<p>La r\u00e1pida acci\u00f3n de la Polic\u00eda Nacional permiti\u00f3 que los procesados fueran capturados en flagrancia.<\/p>\n<p>Un juez les impuso a las dos personas medida de aseguramiento privativa de la libertad en centro carcelario como responsables de los delitos de homicidio agravado, fabricaci\u00f3n, tr\u00e1fico, porte o tenencia de armas de fuego, agravado.<\/p>\n<p>Los hermanos Posso Parra fueron inhabilitados para el ejercicio de derechos y funciones p\u00fablicas por 20 a\u00f1os y deber\u00e1n purgar la sentencia en centro penitenciario.<\/p>\n<p>Esta informaci\u00f3n se publica por razones de inter\u00e9s general.<\/p>\n<p><b>La Fiscal\u00eda habla con resultados.<\/b><\/p>\n<p>&nbsp;<\/p>\n<p>&nbsp;<\/p>\n<p>&nbsp;<\/p>\n<p>&nbsp;<\/p>\n<p>MAP\/MAGA\/SMLR\/DSVC\/<\/p>\n<p>&nbsp;<\/p>\n<p>&nbsp;<\/p>\n<p>&nbsp;<\/p>\n<div class=\"td-post-content tagdiv-type\">\n<div class=\"td-post-content tagdiv-type\">\n<div class=\"td-post-content tagdiv-type\">\n<div class=\"td-post-content tagdiv-type\">\n<div>\n<p><em>La informaci\u00f3n contenida en este bolet\u00edn de prensa corresponde a la narraci\u00f3n de los hechos noticiosos objetivos, y las investigaciones penales al interior de la Fiscal\u00eda General de la Naci\u00f3n. Para el momento de la divulgaci\u00f3n de este comunicado, la situaci\u00f3n jur\u00eddica de la(s) persona(s) relacionada(s) se encuentra pendiente de resolver por la autoridad judicial competente, siempre bajo los preceptos de la presunci\u00f3n de inocencia, consagrados en el art\u00edculo 29 de la Constituci\u00f3n Pol\u00edtica y el art\u00edculo 7\u00ba de la Ley 906 de 2004.<\/em><\/p>\n<\/div>\n<\/div>\n<\/div>\n<\/div>\n<\/div>\n\n<div class=\"twitter-share\"><a href=\"https:\/\/twitter.com\/intent\/tweet?via=fiscaliacol\" class=\"twitter-share-button\">Tweet<\/a><\/div>\n","protected":false},"excerpt":{"rendered":"<p>La contundencia del material de prueba aportado por la Fiscal\u00eda General de la Naci\u00f3n, permiti\u00f3 que un juez de Roldanillo (Valle del Cauca) condenara a 44 a\u00f1os y 4 meses de prisi\u00f3n a los hermanos Francisco Javier y Juan Sebasti\u00e1n Posso Parra, de 26 y 22 a\u00f1os, respectivamente.\u00a0 Los dos hombres fueron judicializados por el [&hellip;]<\/p>\n","protected":false},"author":177,"featured_media":0,"comment_status":"closed","ping_status":"open","sticky":false,"template":"","format":"standard","meta":{"_price":"","_stock":"","_tribe_ticket_header":"","_tribe_default_ticket_provider":"","_tribe_ticket_capacity":"0","_ticket_start_date":"","_ticket_end_date":"","_tribe_ticket_show_description":"","_tribe_ticket_show_not_going":false,"_tribe_ticket_use_global_stock":"","_tribe_ticket_global_stock_level":"","_global_stock_mode":"","_global_stock_cap":"","_tribe_rsvp_for_event":"","_tribe_ticket_going_count":"","_tribe_ticket_not_going_count":"","_tribe_tickets_list":"[]","_tribe_ticket_has_attendee_info_fields":false,"tdm_status":"","tdm_grid_status":"","footnotes":""},"categories":[1,324,24099],"tags":[8448,33577,8010,27076,1894,14103,78,24187,7169,686,14817,26198,29437,28256],"class_list":{"0":"post-264333","1":"post","2":"type-post","3":"status-publish","4":"format-standard","6":"category-noticias","7":"category-seccional-cali","8":"category-seguridad-territorial","9":"tag-agravado","10":"tag-bolivar-valle-del-cauca","11":"tag-capturados","12":"tag-centro-penitenciario","13":"tag-condenados","14":"tag-fabricacion-trafico","15":"tag-fiscal-general-de-la-nacion","16":"tag-fiscalia-colombia","17":"tag-flagrancia","18":"tag-homicidio-agravado","19":"tag-porte-o-tenencia-de-armas-de-fuego","20":"tag-purgar-condena","21":"tag-seccional-valle-del-cauca","22":"tag-sentenciados"},"yoast_head":"<!-- This site is optimized with the Yoast SEO plugin v24.3 - https:\/\/yoast.com\/wordpress\/plugins\/seo\/ -->\n<title>Fiscal\u00eda General de la Naci\u00f3n<\/title>\n<meta name=\"description\" content=\"P\u00e1gina oficial de la Fiscal\u00eda General de la Naci\u00f3n \u2013 Colombia. Garantizamos el acceso efectivo a la justicia, la verdad y la reparaci\u00f3n de las v\u00edctimas de los delitos.\" \/>\n<meta name=\"robots\" content=\"noindex, follow\" \/>\n<meta property=\"og:locale\" content=\"es_ES\" \/>\n<meta property=\"og:type\" content=\"article\" \/>\n<meta property=\"og:title\" content=\"Fiscal\u00eda General de la Naci\u00f3n\" \/>\n<meta property=\"og:description\" content=\"P\u00e1gina oficial de la Fiscal\u00eda General de la Naci\u00f3n \u2013 Colombia. Garantizamos el acceso efectivo a la justicia, la verdad y la reparaci\u00f3n de las v\u00edctimas de los delitos.\" \/>\n<meta property=\"og:url\" content=\"https:\/\/www.fiscalia.gov.co\/colombia\/noticias\/fiscalia-logra-condena-contra-dos-hermanos-por-el-asesinato-de-un-hombre-en-bolivar-valle-del-cauca\/\" \/>\n<meta property=\"og:site_name\" content=\"Fiscal\u00eda General de la Naci\u00f3n\" \/>\n<meta property=\"article:publisher\" content=\"https:\/\/www.facebook.com\/FiscaliaCol\" \/>\n<meta property=\"article:published_time\" content=\"2023-01-19T16:05:11+00:00\" \/>\n<meta property=\"article:modified_time\" content=\"2023-01-19T21:46:12+00:00\" \/>\n<meta property=\"og:image\" content=\"https:\/\/www.fiscalia.gov.co\/colombia\/wp-content\/uploads\/Hermanos-Francisco-Javier-y-Juan-Sebastian-Posso-Parra.-Condenados-por-homicidio-agravado-y-otro.-Bolivar-Valle.-1024x768.jpg\" \/>\n<meta name=\"author\" content=\"Jordan Leandro Oviedo Anzola\" \/>\n<meta name=\"twitter:card\" content=\"summary_large_image\" \/>\n<meta name=\"twitter:creator\" content=\"@FiscaliaCol\" \/>\n<meta name=\"twitter:site\" content=\"@FiscaliaCol\" \/>\n<meta name=\"twitter:label1\" content=\"Escrito por\" \/>\n\t<meta name=\"twitter:data1\" content=\"Jordan Leandro Oviedo Anzola\" \/>\n\t<meta name=\"twitter:label2\" content=\"Tiempo de lectura\" \/>\n\t<meta name=\"twitter:data2\" content=\"2 minutos\" \/>\n<script type=\"application\/ld+json\" class=\"yoast-schema-graph\">{\"@context\":\"https:\/\/schema.org\",\"@graph\":[{\"@type\":\"Article\",\"@id\":\"https:\/\/www.fiscalia.gov.co\/colombia\/noticias\/fiscalia-logra-condena-contra-dos-hermanos-por-el-asesinato-de-un-hombre-en-bolivar-valle-del-cauca\/#article\",\"isPartOf\":{\"@id\":\"https:\/\/www.fiscalia.gov.co\/colombia\/noticias\/fiscalia-logra-condena-contra-dos-hermanos-por-el-asesinato-de-un-hombre-en-bolivar-valle-del-cauca\/\"},\"author\":{\"name\":\"Jordan Leandro Oviedo Anzola\",\"@id\":\"https:\/\/www.fiscalia.gov.co\/colombia\/#\/schema\/person\/bf84402cf293a5393e9c70b111020b24\"},\"headline\":\"Fiscal\u00eda logra condena contra dos hermanos por el asesinato de un hombre en Bol\u00edvar (Valle del Cauca)\",\"datePublished\":\"2023-01-19T16:05:11+00:00\",\"dateModified\":\"2023-01-19T21:46:12+00:00\",\"mainEntityOfPage\":{\"@id\":\"https:\/\/www.fiscalia.gov.co\/colombia\/noticias\/fiscalia-logra-condena-contra-dos-hermanos-por-el-asesinato-de-un-hombre-en-bolivar-valle-del-cauca\/\"},\"wordCount\":406,\"publisher\":{\"@id\":\"https:\/\/www.fiscalia.gov.co\/colombia\/#organization\"},\"image\":{\"@id\":\"https:\/\/www.fiscalia.gov.co\/colombia\/noticias\/fiscalia-logra-condena-contra-dos-hermanos-por-el-asesinato-de-un-hombre-en-bolivar-valle-del-cauca\/#primaryimage\"},\"thumbnailUrl\":\"https:\/\/www.fiscalia.gov.co\/colombia\/wp-content\/uploads\/Hermanos-Francisco-Javier-y-Juan-Sebastian-Posso-Parra.-Condenados-por-homicidio-agravado-y-otro.-Bolivar-Valle.-1024x768.jpg\",\"keywords\":[\"Agravado\",\"Bol\u00edvar (Valle del Cauca)\",\"Capturados\",\"centro penitenciario.\",\"Condenados\",\"fabricaci\u00f3n tr\u00e1fico\",\"Fiscal General de la Naci\u00f3n\",\"Fiscal\u00eda Colombia\",\"Flagrancia\",\"Homicidio agravado\",\"porte o tenencia de armas de fuego\",\"purgar condena\",\"Seccional Valle del Cauca\",\"sentenciados\"],\"articleSection\":[\"Noticias\",\"Seccional Cali\",\"Seguridad territorial\"],\"inLanguage\":\"es-CO\"},{\"@type\":\"WebPage\",\"@id\":\"https:\/\/www.fiscalia.gov.co\/colombia\/noticias\/fiscalia-logra-condena-contra-dos-hermanos-por-el-asesinato-de-un-hombre-en-bolivar-valle-del-cauca\/\",\"url\":\"https:\/\/www.fiscalia.gov.co\/colombia\/noticias\/fiscalia-logra-condena-contra-dos-hermanos-por-el-asesinato-de-un-hombre-en-bolivar-valle-del-cauca\/\",\"name\":\"Fiscal\u00eda General de la Naci\u00f3n\",\"isPartOf\":{\"@id\":\"https:\/\/www.fiscalia.gov.co\/colombia\/#website\"},\"primaryImageOfPage\":{\"@id\":\"https:\/\/www.fiscalia.gov.co\/colombia\/noticias\/fiscalia-logra-condena-contra-dos-hermanos-por-el-asesinato-de-un-hombre-en-bolivar-valle-del-cauca\/#primaryimage\"},\"image\":{\"@id\":\"https:\/\/www.fiscalia.gov.co\/colombia\/noticias\/fiscalia-logra-condena-contra-dos-hermanos-por-el-asesinato-de-un-hombre-en-bolivar-valle-del-cauca\/#primaryimage\"},\"thumbnailUrl\":\"https:\/\/www.fiscalia.gov.co\/colombia\/wp-content\/uploads\/Hermanos-Francisco-Javier-y-Juan-Sebastian-Posso-Parra.-Condenados-por-homicidio-agravado-y-otro.-Bolivar-Valle.-1024x768.jpg\",\"datePublished\":\"2023-01-19T16:05:11+00:00\",\"dateModified\":\"2023-01-19T21:46:12+00:00\",\"description\":\"P\u00e1gina oficial de la Fiscal\u00eda General de la Naci\u00f3n \u2013 Colombia. Garantizamos el acceso efectivo a la justicia, la verdad y la reparaci\u00f3n de las v\u00edctimas de los delitos.\",\"breadcrumb\":{\"@id\":\"https:\/\/www.fiscalia.gov.co\/colombia\/noticias\/fiscalia-logra-condena-contra-dos-hermanos-por-el-asesinato-de-un-hombre-en-bolivar-valle-del-cauca\/#breadcrumb\"},\"inLanguage\":\"es-CO\",\"potentialAction\":[{\"@type\":\"ReadAction\",\"target\":[\"https:\/\/www.fiscalia.gov.co\/colombia\/noticias\/fiscalia-logra-condena-contra-dos-hermanos-por-el-asesinato-de-un-hombre-en-bolivar-valle-del-cauca\/\"]}]},{\"@type\":\"ImageObject\",\"inLanguage\":\"es-CO\",\"@id\":\"https:\/\/www.fiscalia.gov.co\/colombia\/noticias\/fiscalia-logra-condena-contra-dos-hermanos-por-el-asesinato-de-un-hombre-en-bolivar-valle-del-cauca\/#primaryimage\",\"url\":\"https:\/\/www.fiscalia.gov.co\/colombia\/wp-content\/uploads\/Hermanos-Francisco-Javier-y-Juan-Sebastian-Posso-Parra.-Condenados-por-homicidio-agravado-y-otro.-Bolivar-Valle..jpg\",\"contentUrl\":\"https:\/\/www.fiscalia.gov.co\/colombia\/wp-content\/uploads\/Hermanos-Francisco-Javier-y-Juan-Sebastian-Posso-Parra.-Condenados-por-homicidio-agravado-y-otro.-Bolivar-Valle..jpg\",\"width\":1280,\"height\":960,\"caption\":\"Los hermanos Francisco Javier y Juan Sebasti\u00e1n Posso Parra, fueron condenados a 44 a\u00f1os y 4 meses de prisi\u00f3n por el homicidio de un hombre a quien persiguieron, le dispararon y remataron en el piso hasta causarle la muerte, en Bol\u00edvar (Valle).\"},{\"@type\":\"BreadcrumbList\",\"@id\":\"https:\/\/www.fiscalia.gov.co\/colombia\/noticias\/fiscalia-logra-condena-contra-dos-hermanos-por-el-asesinato-de-un-hombre-en-bolivar-valle-del-cauca\/#breadcrumb\",\"itemListElement\":[{\"@type\":\"ListItem\",\"position\":1,\"name\":\"Home\",\"item\":\"https:\/\/www.fiscalia.gov.co\/colombia\/\"},{\"@type\":\"ListItem\",\"position\":2,\"name\":\"Fiscal\u00eda logra condena contra dos hermanos por el asesinato de un hombre en Bol\u00edvar (Valle del Cauca)\"}]},{\"@type\":\"WebSite\",\"@id\":\"https:\/\/www.fiscalia.gov.co\/colombia\/#website\",\"url\":\"https:\/\/www.fiscalia.gov.co\/colombia\/\",\"name\":\"Fiscal\u00eda General de la Naci\u00f3n\",\"description\":\"P\u00e1gina oficial de la Fiscal\u00eda General de la Naci\u00f3n \u2013 Colombia. Garantizamos el acceso efectivo a la justicia, la verdad y la reparaci\u00f3n de las v\u00edctimas de los delitos.\",\"publisher\":{\"@id\":\"https:\/\/www.fiscalia.gov.co\/colombia\/#organization\"},\"potentialAction\":[{\"@type\":\"SearchAction\",\"target\":{\"@type\":\"EntryPoint\",\"urlTemplate\":\"https:\/\/www.fiscalia.gov.co\/colombia\/?s={search_term_string}\"},\"query-input\":{\"@type\":\"PropertyValueSpecification\",\"valueRequired\":true,\"valueName\":\"search_term_string\"}}],\"inLanguage\":\"es-CO\"},{\"@type\":\"Organization\",\"@id\":\"https:\/\/www.fiscalia.gov.co\/colombia\/#organization\",\"name\":\"Fiscal\u00eda General de la Naci\u00f3n\",\"url\":\"https:\/\/www.fiscalia.gov.co\/colombia\/\",\"logo\":{\"@type\":\"ImageObject\",\"inLanguage\":\"es-CO\",\"@id\":\"https:\/\/www.fiscalia.gov.co\/colombia\/#\/schema\/logo\/image\/\",\"url\":\"https:\/\/www.fiscalia.gov.co\/colombia\/wp-content\/uploads\/LogoHorizontal_1.jpg\",\"contentUrl\":\"https:\/\/www.fiscalia.gov.co\/colombia\/wp-content\/uploads\/LogoHorizontal_1.jpg\",\"width\":300,\"height\":90,\"caption\":\"Fiscal\u00eda General de la Naci\u00f3n\"},\"image\":{\"@id\":\"https:\/\/www.fiscalia.gov.co\/colombia\/#\/schema\/logo\/image\/\"},\"sameAs\":[\"https:\/\/www.facebook.com\/FiscaliaCol\",\"https:\/\/x.com\/FiscaliaCol\",\"https:\/\/www.instagram.com\/fiscaliacol\",\"https:\/\/www.linkedin.com\/company\/fiscalia-general-de-la-naci-n\/\",\"https:\/\/youtube.com\/@fiscaliageneraldelanacion-4668?si=6nN79nyQICPU5iTh\"]},{\"@type\":\"Person\",\"@id\":\"https:\/\/www.fiscalia.gov.co\/colombia\/#\/schema\/person\/bf84402cf293a5393e9c70b111020b24\",\"name\":\"Jordan Leandro Oviedo Anzola\",\"image\":{\"@type\":\"ImageObject\",\"inLanguage\":\"es-CO\",\"@id\":\"https:\/\/www.fiscalia.gov.co\/colombia\/#\/schema\/person\/image\/\",\"url\":\"https:\/\/secure.gravatar.com\/avatar\/dabba4346fa9b9207d96adafa8f92721?s=96&d=mm&r=g\",\"contentUrl\":\"https:\/\/secure.gravatar.com\/avatar\/dabba4346fa9b9207d96adafa8f92721?s=96&d=mm&r=g\",\"caption\":\"Jordan Leandro Oviedo Anzola\"},\"url\":\"https:\/\/www.fiscalia.gov.co\/colombia\/author\/joviedo\/\"}]}<\/script>\n<!-- \/ Yoast SEO plugin. -->","yoast_head_json":{"title":"Fiscal\u00eda General de la Naci\u00f3n","description":"P\u00e1gina oficial de la Fiscal\u00eda General de la Naci\u00f3n \u2013 Colombia. Garantizamos el acceso efectivo a la justicia, la verdad y la reparaci\u00f3n de las v\u00edctimas de los delitos.","robots":{"index":"noindex","follow":"follow"},"og_locale":"es_ES","og_type":"article","og_title":"Fiscal\u00eda General de la Naci\u00f3n","og_description":"P\u00e1gina oficial de la Fiscal\u00eda General de la Naci\u00f3n \u2013 Colombia. Garantizamos el acceso efectivo a la justicia, la verdad y la reparaci\u00f3n de las v\u00edctimas de los delitos.","og_url":"https:\/\/www.fiscalia.gov.co\/colombia\/noticias\/fiscalia-logra-condena-contra-dos-hermanos-por-el-asesinato-de-un-hombre-en-bolivar-valle-del-cauca\/","og_site_name":"Fiscal\u00eda General de la Naci\u00f3n","article_publisher":"https:\/\/www.facebook.com\/FiscaliaCol","article_published_time":"2023-01-19T16:05:11+00:00","article_modified_time":"2023-01-19T21:46:12+00:00","og_image":[{"url":"https:\/\/www.fiscalia.gov.co\/colombia\/wp-content\/uploads\/Hermanos-Francisco-Javier-y-Juan-Sebastian-Posso-Parra.-Condenados-por-homicidio-agravado-y-otro.-Bolivar-Valle.-1024x768.jpg","type":"","width":"","height":""}],"author":"Jordan Leandro Oviedo Anzola","twitter_card":"summary_large_image","twitter_creator":"@FiscaliaCol","twitter_site":"@FiscaliaCol","twitter_misc":{"Escrito por":"Jordan Leandro Oviedo Anzola","Tiempo de lectura":"2 minutos"},"schema":{"@context":"https:\/\/schema.org","@graph":[{"@type":"Article","@id":"https:\/\/www.fiscalia.gov.co\/colombia\/noticias\/fiscalia-logra-condena-contra-dos-hermanos-por-el-asesinato-de-un-hombre-en-bolivar-valle-del-cauca\/#article","isPartOf":{"@id":"https:\/\/www.fiscalia.gov.co\/colombia\/noticias\/fiscalia-logra-condena-contra-dos-hermanos-por-el-asesinato-de-un-hombre-en-bolivar-valle-del-cauca\/"},"author":{"name":"Jordan Leandro Oviedo Anzola","@id":"https:\/\/www.fiscalia.gov.co\/colombia\/#\/schema\/person\/bf84402cf293a5393e9c70b111020b24"},"headline":"Fiscal\u00eda logra condena contra dos hermanos por el asesinato de un hombre en Bol\u00edvar (Valle del Cauca)","datePublished":"2023-01-19T16:05:11+00:00","dateModified":"2023-01-19T21:46:12+00:00","mainEntityOfPage":{"@id":"https:\/\/www.fiscalia.gov.co\/colombia\/noticias\/fiscalia-logra-condena-contra-dos-hermanos-por-el-asesinato-de-un-hombre-en-bolivar-valle-del-cauca\/"},"wordCount":406,"publisher":{"@id":"https:\/\/www.fiscalia.gov.co\/colombia\/#organization"},"image":{"@id":"https:\/\/www.fiscalia.gov.co\/colombia\/noticias\/fiscalia-logra-condena-contra-dos-hermanos-por-el-asesinato-de-un-hombre-en-bolivar-valle-del-cauca\/#primaryimage"},"thumbnailUrl":"https:\/\/www.fiscalia.gov.co\/colombia\/wp-content\/uploads\/Hermanos-Francisco-Javier-y-Juan-Sebastian-Posso-Parra.-Condenados-por-homicidio-agravado-y-otro.-Bolivar-Valle.-1024x768.jpg","keywords":["Agravado","Bol\u00edvar (Valle del Cauca)","Capturados","centro penitenciario.","Condenados","fabricaci\u00f3n tr\u00e1fico","Fiscal General de la Naci\u00f3n","Fiscal\u00eda Colombia","Flagrancia","Homicidio agravado","porte o tenencia de armas de fuego","purgar condena","Seccional Valle del Cauca","sentenciados"],"articleSection":["Noticias","Seccional Cali","Seguridad territorial"],"inLanguage":"es-CO"},{"@type":"WebPage","@id":"https:\/\/www.fiscalia.gov.co\/colombia\/noticias\/fiscalia-logra-condena-contra-dos-hermanos-por-el-asesinato-de-un-hombre-en-bolivar-valle-del-cauca\/","url":"https:\/\/www.fiscalia.gov.co\/colombia\/noticias\/fiscalia-logra-condena-contra-dos-hermanos-por-el-asesinato-de-un-hombre-en-bolivar-valle-del-cauca\/","name":"Fiscal\u00eda General de la Naci\u00f3n","isPartOf":{"@id":"https:\/\/www.fiscalia.gov.co\/colombia\/#website"},"primaryImageOfPage":{"@id":"https:\/\/www.fiscalia.gov.co\/colombia\/noticias\/fiscalia-logra-condena-contra-dos-hermanos-por-el-asesinato-de-un-hombre-en-bolivar-valle-del-cauca\/#primaryimage"},"image":{"@id":"https:\/\/www.fiscalia.gov.co\/colombia\/noticias\/fiscalia-logra-condena-contra-dos-hermanos-por-el-asesinato-de-un-hombre-en-bolivar-valle-del-cauca\/#primaryimage"},"thumbnailUrl":"https:\/\/www.fiscalia.gov.co\/colombia\/wp-content\/uploads\/Hermanos-Francisco-Javier-y-Juan-Sebastian-Posso-Parra.-Condenados-por-homicidio-agravado-y-otro.-Bolivar-Valle.-1024x768.jpg","datePublished":"2023-01-19T16:05:11+00:00","dateModified":"2023-01-19T21:46:12+00:00","description":"P\u00e1gina oficial de la Fiscal\u00eda General de la Naci\u00f3n \u2013 Colombia. Garantizamos el acceso efectivo a la justicia, la verdad y la reparaci\u00f3n de las v\u00edctimas de los delitos.","breadcrumb":{"@id":"https:\/\/www.fiscalia.gov.co\/colombia\/noticias\/fiscalia-logra-condena-contra-dos-hermanos-por-el-asesinato-de-un-hombre-en-bolivar-valle-del-cauca\/#breadcrumb"},"inLanguage":"es-CO","potentialAction":[{"@type":"ReadAction","target":["https:\/\/www.fiscalia.gov.co\/colombia\/noticias\/fiscalia-logra-condena-contra-dos-hermanos-por-el-asesinato-de-un-hombre-en-bolivar-valle-del-cauca\/"]}]},{"@type":"ImageObject","inLanguage":"es-CO","@id":"https:\/\/www.fiscalia.gov.co\/colombia\/noticias\/fiscalia-logra-condena-contra-dos-hermanos-por-el-asesinato-de-un-hombre-en-bolivar-valle-del-cauca\/#primaryimage","url":"https:\/\/www.fiscalia.gov.co\/colombia\/wp-content\/uploads\/Hermanos-Francisco-Javier-y-Juan-Sebastian-Posso-Parra.-Condenados-por-homicidio-agravado-y-otro.-Bolivar-Valle..jpg","contentUrl":"https:\/\/www.fiscalia.gov.co\/colombia\/wp-content\/uploads\/Hermanos-Francisco-Javier-y-Juan-Sebastian-Posso-Parra.-Condenados-por-homicidio-agravado-y-otro.-Bolivar-Valle..jpg","width":1280,"height":960,"caption":"Los hermanos Francisco Javier y Juan Sebasti\u00e1n Posso Parra, fueron condenados a 44 a\u00f1os y 4 meses de prisi\u00f3n por el homicidio de un hombre a quien persiguieron, le dispararon y remataron en el piso hasta causarle la muerte, en Bol\u00edvar (Valle)."},{"@type":"BreadcrumbList","@id":"https:\/\/www.fiscalia.gov.co\/colombia\/noticias\/fiscalia-logra-condena-contra-dos-hermanos-por-el-asesinato-de-un-hombre-en-bolivar-valle-del-cauca\/#breadcrumb","itemListElement":[{"@type":"ListItem","position":1,"name":"Home","item":"https:\/\/www.fiscalia.gov.co\/colombia\/"},{"@type":"ListItem","position":2,"name":"Fiscal\u00eda logra condena contra dos hermanos por el asesinato de un hombre en Bol\u00edvar (Valle del Cauca)"}]},{"@type":"WebSite","@id":"https:\/\/www.fiscalia.gov.co\/colombia\/#website","url":"https:\/\/www.fiscalia.gov.co\/colombia\/","name":"Fiscal\u00eda General de la Naci\u00f3n","description":"P\u00e1gina oficial de la Fiscal\u00eda General de la Naci\u00f3n \u2013 Colombia. Garantizamos el acceso efectivo a la justicia, la verdad y la reparaci\u00f3n de las v\u00edctimas de los delitos.","publisher":{"@id":"https:\/\/www.fiscalia.gov.co\/colombia\/#organization"},"potentialAction":[{"@type":"SearchAction","target":{"@type":"EntryPoint","urlTemplate":"https:\/\/www.fiscalia.gov.co\/colombia\/?s={search_term_string}"},"query-input":{"@type":"PropertyValueSpecification","valueRequired":true,"valueName":"search_term_string"}}],"inLanguage":"es-CO"},{"@type":"Organization","@id":"https:\/\/www.fiscalia.gov.co\/colombia\/#organization","name":"Fiscal\u00eda General de la Naci\u00f3n","url":"https:\/\/www.fiscalia.gov.co\/colombia\/","logo":{"@type":"ImageObject","inLanguage":"es-CO","@id":"https:\/\/www.fiscalia.gov.co\/colombia\/#\/schema\/logo\/image\/","url":"https:\/\/www.fiscalia.gov.co\/colombia\/wp-content\/uploads\/LogoHorizontal_1.jpg","contentUrl":"https:\/\/www.fiscalia.gov.co\/colombia\/wp-content\/uploads\/LogoHorizontal_1.jpg","width":300,"height":90,"caption":"Fiscal\u00eda General de la Naci\u00f3n"},"image":{"@id":"https:\/\/www.fiscalia.gov.co\/colombia\/#\/schema\/logo\/image\/"},"sameAs":["https:\/\/www.facebook.com\/FiscaliaCol","https:\/\/x.com\/FiscaliaCol","https:\/\/www.instagram.com\/fiscaliacol","https:\/\/www.linkedin.com\/company\/fiscalia-general-de-la-naci-n\/","https:\/\/youtube.com\/@fiscaliageneraldelanacion-4668?si=6nN79nyQICPU5iTh"]},{"@type":"Person","@id":"https:\/\/www.fiscalia.gov.co\/colombia\/#\/schema\/person\/bf84402cf293a5393e9c70b111020b24","name":"Jordan Leandro Oviedo Anzola","image":{"@type":"ImageObject","inLanguage":"es-CO","@id":"https:\/\/www.fiscalia.gov.co\/colombia\/#\/schema\/person\/image\/","url":"https:\/\/secure.gravatar.com\/avatar\/dabba4346fa9b9207d96adafa8f92721?s=96&d=mm&r=g","contentUrl":"https:\/\/secure.gravatar.com\/avatar\/dabba4346fa9b9207d96adafa8f92721?s=96&d=mm&r=g","caption":"Jordan Leandro Oviedo Anzola"},"url":"https:\/\/www.fiscalia.gov.co\/colombia\/author\/joviedo\/"}]}},"_links":{"self":[{"href":"https:\/\/www.fiscalia.gov.co\/colombia\/wp-json\/wp\/v2\/posts\/264333","targetHints":{"allow":["GET"]}}],"collection":[{"href":"https:\/\/www.fiscalia.gov.co\/colombia\/wp-json\/wp\/v2\/posts"}],"about":[{"href":"https:\/\/www.fiscalia.gov.co\/colombia\/wp-json\/wp\/v2\/types\/post"}],"author":[{"embeddable":true,"href":"https:\/\/www.fiscalia.gov.co\/colombia\/wp-json\/wp\/v2\/users\/177"}],"replies":[{"embeddable":true,"href":"https:\/\/www.fiscalia.gov.co\/colombia\/wp-json\/wp\/v2\/comments?post=264333"}],"version-history":[{"count":2,"href":"https:\/\/www.fiscalia.gov.co\/colombia\/wp-json\/wp\/v2\/posts\/264333\/revisions"}],"predecessor-version":[{"id":264367,"href":"https:\/\/www.fiscalia.gov.co\/colombia\/wp-json\/wp\/v2\/posts\/264333\/revisions\/264367"}],"wp:attachment":[{"href":"https:\/\/www.fiscalia.gov.co\/colombia\/wp-json\/wp\/v2\/media?parent=264333"}],"wp:term":[{"taxonomy":"category","embeddable":true,"href":"https:\/\/www.fiscalia.gov.co\/colombia\/wp-json\/wp\/v2\/categories?post=264333"},{"taxonomy":"post_tag","embeddable":true,"href":"https:\/\/www.fiscalia.gov.co\/colombia\/wp-json\/wp\/v2\/tags?post=264333"}],"curies":[{"name":"wp","href":"https:\/\/api.w.org\/{rel}","templated":true}]}}