{"id":264291,"date":"2023-01-18T17:30:58","date_gmt":"2023-01-18T22:30:58","guid":{"rendered":"https:\/\/www.fiscalia.gov.co\/colombia\/?p=264291"},"modified":"2023-01-18T17:30:58","modified_gmt":"2023-01-18T22:30:58","slug":"fiscalia-logro-que-alias-cabal-fuera-enviado-a-prision-como-presunto-responsable-del-asesinato-de-un-hombre-a-quien-la-habria-hurtado-una-motocicleta","status":"publish","type":"post","link":"https:\/\/www.fiscalia.gov.co\/colombia\/noticias\/fiscalia-logro-que-alias-cabal-fuera-enviado-a-prision-como-presunto-responsable-del-asesinato-de-un-hombre-a-quien-la-habria-hurtado-una-motocicleta\/","title":{"rendered":"Fiscal\u00eda logr\u00f3 que alias Cabal fuera enviado a prisi\u00f3n, como presunto responsable del asesinato de un hombre a quien la habr\u00eda hurtado una motocicleta"},"content":{"rendered":"<p>El material de prueba aportado por la Fiscal\u00eda General de la Naci\u00f3n bast\u00f3 para que un juez de control de garant\u00edas de Puerto Tejada (Cauca), impusiera medida de aseguramiento en centro carcelario contra Juan Sebasti\u00e1n Cabal Mart\u00ednez, alias Cabal, presunto cabecilla del grupo delictivo Los Letales.<u><\/u>\u00a0<u><\/u><\/p>\n<figure id=\"attachment_264292\" aria-describedby=\"caption-attachment-264292\" style=\"width: 696px\" class=\"wp-caption aligncenter\"><img loading=\"lazy\" decoding=\"async\" class=\"size-large wp-image-264292\" src=\"https:\/\/www.fiscalia.gov.co\/colombia\/wp-content\/uploads\/Juan-Sebastian-Cabal-Martinez-alias-Cabal.-Homicidio-agravado-y-porte-ilegal-de-armas.-Puerto-Tejada-Cauca.-843x1024.jpg\" alt=\"En la foto aparece, de pie, con los brazos adelante y esposado, Juan Sebasti\u00e1n Cabal Mart\u00ednez, alias \u2018Cabal\u2019. Viste camiseta de manga corta blanca con una franja color naranja a la altura del pecho; pantaloneta y tenis blancos. A lado y lado de \u00e9l hay uniformados de la Polic\u00eda Nacional. Detr\u00e1s de ellos hay un pend\u00f3n institucional de la Polic\u00eda.\" width=\"696\" height=\"845\" srcset=\"https:\/\/www.fiscalia.gov.co\/colombia\/wp-content\/uploads\/Juan-Sebastian-Cabal-Martinez-alias-Cabal.-Homicidio-agravado-y-porte-ilegal-de-armas.-Puerto-Tejada-Cauca.-843x1024.jpg 843w, https:\/\/www.fiscalia.gov.co\/colombia\/wp-content\/uploads\/Juan-Sebastian-Cabal-Martinez-alias-Cabal.-Homicidio-agravado-y-porte-ilegal-de-armas.-Puerto-Tejada-Cauca.-247x300.jpg 247w, https:\/\/www.fiscalia.gov.co\/colombia\/wp-content\/uploads\/Juan-Sebastian-Cabal-Martinez-alias-Cabal.-Homicidio-agravado-y-porte-ilegal-de-armas.-Puerto-Tejada-Cauca.-768x933.jpg 768w, https:\/\/www.fiscalia.gov.co\/colombia\/wp-content\/uploads\/Juan-Sebastian-Cabal-Martinez-alias-Cabal.-Homicidio-agravado-y-porte-ilegal-de-armas.-Puerto-Tejada-Cauca.-696x845.jpg 696w, https:\/\/www.fiscalia.gov.co\/colombia\/wp-content\/uploads\/Juan-Sebastian-Cabal-Martinez-alias-Cabal.-Homicidio-agravado-y-porte-ilegal-de-armas.-Puerto-Tejada-Cauca.-346x420.jpg 346w, https:\/\/www.fiscalia.gov.co\/colombia\/wp-content\/uploads\/Juan-Sebastian-Cabal-Martinez-alias-Cabal.-Homicidio-agravado-y-porte-ilegal-de-armas.-Puerto-Tejada-Cauca..jpg 904w\" sizes=\"auto, (max-width: 696px) 100vw, 696px\" \/><figcaption id=\"caption-attachment-264292\" class=\"wp-caption-text\">Juan Sebasti\u00e1n Cabal Mart\u00ednez, alias \u2018Cabal\u2019, supuesto l\u00edder de \u2019Los Letales\u2019; judicializado por el homicidio de un hombre por hurtarle la motocicleta, en Puerto Tejada (Cauca).<\/figcaption><\/figure>\n<p>Los hechos investigados ocurrieron el 3 de julio de 2022 en el sector Perico Negro, en Puerto Tejada, donde se adelantaba un evento conocido como \u2018Fiesta Negra\u2019.<u><\/u>\u00a0<u><\/u><\/p>\n<p>Al t\u00e9rmino de la reuni\u00f3n, uno de los asistentes que se dirig\u00eda al parqueadero donde ten\u00eda su moto, fue interceptado por el procesado; quien, en compa\u00f1\u00eda de otro hombre, al parecer, le dispar\u00f3 a la v\u00edctima y le hurt\u00f3 su veh\u00edculo.\u00a0<u><\/u>\u00a0<u><\/u><\/p>\n<p>En cumplimiento de una orden judicial, alias Cabal fue capturado por la Polic\u00eda Nacional. El procesado fue imputado por los delitos de homicidio agravado; fabricaci\u00f3n, tr\u00e1fico y porte de armas de fuego o municiones y hurto calificado y agravado, cargos que no fueron aceptados por el investigado.<u><\/u>\u00a0<u><\/u><\/p>\n<p>Esta informaci\u00f3n se publica por razones de inter\u00e9s general.\u00a0<u><\/u>\u00a0<u><\/u><\/p>\n<p><b>La Fiscal\u00eda habla con resultados.<\/b><u><\/u><\/p>\n<p>&nbsp;<\/p>\n<p>&nbsp;<\/p>\n<p>&nbsp;<\/p>\n<p>&nbsp;<\/p>\n<p>&nbsp;<\/p>\n<p>MAP\/MAGA\/GAMM\/DSC\/<u><\/u>\u00a0<u><\/u><\/p>\n<p><u><\/u>\u00a0<u><\/u><\/p>\n<p>&nbsp;<\/p>\n<p>&nbsp;<\/p>\n<p>&nbsp;<\/p>\n<p>&nbsp;<\/p>\n<p>&nbsp;<\/p>\n<div class=\"td-post-content tagdiv-type\">\n<p><i>La informaci\u00f3n contenida en este bolet\u00edn de prensa corresponde a la narraci\u00f3n de los hechos noticiosos objetivos, suministrados por los funcionarios encargados de adelantar las investigaciones penales al interior de la Fiscal\u00eda General de la Naci\u00f3n. Para el momento de la divulgaci\u00f3n de este comunicado, la situaci\u00f3n jur\u00eddica de la(s) persona(s) relacionada(s) se encuentra pendiente de resolver por la autoridad judicial competente, siempre bajo los preceptos de la presunci\u00f3n de inocencia, consagrados en el art\u00edculo 29 de la Constituci\u00f3n Pol\u00edtica y el art\u00edculo 7\u00ba de la Ley 906 de 2004.<\/i><\/p>\n<\/div>\n<footer>\n<div class=\"td-post-source-tags\"><\/div>\n<div class=\"td-post-sharing-bottom\"><\/div>\n<\/footer>\n\n<div class=\"twitter-share\"><a href=\"https:\/\/twitter.com\/intent\/tweet?via=fiscaliacol\" class=\"twitter-share-button\">Tweet<\/a><\/div>\n","protected":false},"excerpt":{"rendered":"<p>El material de prueba aportado por la Fiscal\u00eda General de la Naci\u00f3n bast\u00f3 para que un juez de control de garant\u00edas de Puerto Tejada (Cauca), impusiera medida de aseguramiento en centro carcelario contra Juan Sebasti\u00e1n Cabal Mart\u00ednez, alias Cabal, presunto cabecilla del grupo delictivo Los Letales.\u00a0 Los hechos investigados ocurrieron el 3 de julio de [&hellip;]<\/p>\n","protected":false},"author":177,"featured_media":0,"comment_status":"closed","ping_status":"open","sticky":false,"template":"","format":"standard","meta":{"_price":"","_stock":"","_tribe_ticket_header":"","_tribe_default_ticket_provider":"","_tribe_ticket_capacity":"0","_ticket_start_date":"","_ticket_end_date":"","_tribe_ticket_show_description":"","_tribe_ticket_show_not_going":false,"_tribe_ticket_use_global_stock":"","_tribe_ticket_global_stock_level":"","_global_stock_mode":"","_global_stock_cap":"","_tribe_rsvp_for_event":"","_tribe_ticket_going_count":"","_tribe_ticket_not_going_count":"","_tribe_tickets_list":"[]","_tribe_ticket_has_attendee_info_fields":false,"tdm_status":"","tdm_grid_status":"","footnotes":""},"categories":[1,336,303,24099],"tags":[33712,33711,32337,12424,24551,78,24187,28815,13018,1185,24549,24006,26556,27647],"class_list":{"0":"post-264291","1":"post","2":"type-post","3":"status-publish","4":"format-standard","6":"category-noticias","7":"category-seccional-popayan","8":"category-seccionales","9":"category-seguridad-territorial","10":"tag-los-letaltes","11":"tag-alias-cabal","12":"tag-asi-como-hurto-calificado-y-agravado","13":"tag-capturado","14":"tag-centro-carcelario","15":"tag-fiscal-general-de-la-nacion","16":"tag-fiscalia-colombia","17":"tag-homicidio-agravado-fabricacion","18":"tag-hurto-motocicletas","19":"tag-medida-de-aseguramiento","20":"tag-orden-judicial","21":"tag-puerto-tejada-cauca","22":"tag-seccional-cauca","23":"tag-trafico-y-porte-de-armas-de-fuego-o-municiones"},"yoast_head":"<!-- This site is optimized with the Yoast SEO plugin v24.3 - https:\/\/yoast.com\/wordpress\/plugins\/seo\/ -->\n<title>Fiscal\u00eda General de la Naci\u00f3n<\/title>\n<meta name=\"description\" content=\"P\u00e1gina oficial de la Fiscal\u00eda General de la Naci\u00f3n \u2013 Colombia. Garantizamos el acceso efectivo a la justicia, la verdad y la reparaci\u00f3n de las v\u00edctimas de los delitos.\" \/>\n<meta name=\"robots\" content=\"noindex, follow\" \/>\n<meta property=\"og:locale\" content=\"es_ES\" \/>\n<meta property=\"og:type\" content=\"article\" \/>\n<meta property=\"og:title\" content=\"Fiscal\u00eda General de la Naci\u00f3n\" \/>\n<meta property=\"og:description\" content=\"P\u00e1gina oficial de la Fiscal\u00eda General de la Naci\u00f3n \u2013 Colombia. Garantizamos el acceso efectivo a la justicia, la verdad y la reparaci\u00f3n de las v\u00edctimas de los delitos.\" \/>\n<meta property=\"og:url\" content=\"https:\/\/www.fiscalia.gov.co\/colombia\/noticias\/fiscalia-logro-que-alias-cabal-fuera-enviado-a-prision-como-presunto-responsable-del-asesinato-de-un-hombre-a-quien-la-habria-hurtado-una-motocicleta\/\" \/>\n<meta property=\"og:site_name\" content=\"Fiscal\u00eda General de la Naci\u00f3n\" \/>\n<meta property=\"article:publisher\" content=\"https:\/\/www.facebook.com\/FiscaliaCol\" \/>\n<meta property=\"article:published_time\" content=\"2023-01-18T22:30:58+00:00\" \/>\n<meta property=\"og:image\" content=\"https:\/\/www.fiscalia.gov.co\/colombia\/wp-content\/uploads\/Juan-Sebastian-Cabal-Martinez-alias-Cabal.-Homicidio-agravado-y-porte-ilegal-de-armas.-Puerto-Tejada-Cauca.-843x1024.jpg\" \/>\n<meta name=\"author\" content=\"Jordan Leandro Oviedo Anzola\" \/>\n<meta name=\"twitter:card\" content=\"summary_large_image\" \/>\n<meta name=\"twitter:creator\" content=\"@FiscaliaCol\" \/>\n<meta name=\"twitter:site\" content=\"@FiscaliaCol\" \/>\n<meta name=\"twitter:label1\" content=\"Escrito por\" \/>\n\t<meta name=\"twitter:data1\" content=\"Jordan Leandro Oviedo Anzola\" \/>\n\t<meta name=\"twitter:label2\" content=\"Tiempo de lectura\" \/>\n\t<meta name=\"twitter:data2\" content=\"2 minutos\" \/>\n<script type=\"application\/ld+json\" class=\"yoast-schema-graph\">{\"@context\":\"https:\/\/schema.org\",\"@graph\":[{\"@type\":\"Article\",\"@id\":\"https:\/\/www.fiscalia.gov.co\/colombia\/noticias\/fiscalia-logro-que-alias-cabal-fuera-enviado-a-prision-como-presunto-responsable-del-asesinato-de-un-hombre-a-quien-la-habria-hurtado-una-motocicleta\/#article\",\"isPartOf\":{\"@id\":\"https:\/\/www.fiscalia.gov.co\/colombia\/noticias\/fiscalia-logro-que-alias-cabal-fuera-enviado-a-prision-como-presunto-responsable-del-asesinato-de-un-hombre-a-quien-la-habria-hurtado-una-motocicleta\/\"},\"author\":{\"name\":\"Jordan Leandro Oviedo Anzola\",\"@id\":\"https:\/\/www.fiscalia.gov.co\/colombia\/#\/schema\/person\/bf84402cf293a5393e9c70b111020b24\"},\"headline\":\"Fiscal\u00eda logr\u00f3 que alias Cabal fuera enviado a prisi\u00f3n, como presunto responsable del asesinato de un hombre a quien la habr\u00eda hurtado una motocicleta\",\"datePublished\":\"2023-01-18T22:30:58+00:00\",\"dateModified\":\"2023-01-18T22:30:58+00:00\",\"mainEntityOfPage\":{\"@id\":\"https:\/\/www.fiscalia.gov.co\/colombia\/noticias\/fiscalia-logro-que-alias-cabal-fuera-enviado-a-prision-como-presunto-responsable-del-asesinato-de-un-hombre-a-quien-la-habria-hurtado-una-motocicleta\/\"},\"wordCount\":370,\"publisher\":{\"@id\":\"https:\/\/www.fiscalia.gov.co\/colombia\/#organization\"},\"image\":{\"@id\":\"https:\/\/www.fiscalia.gov.co\/colombia\/noticias\/fiscalia-logro-que-alias-cabal-fuera-enviado-a-prision-como-presunto-responsable-del-asesinato-de-un-hombre-a-quien-la-habria-hurtado-una-motocicleta\/#primaryimage\"},\"thumbnailUrl\":\"https:\/\/www.fiscalia.gov.co\/colombia\/wp-content\/uploads\/Juan-Sebastian-Cabal-Martinez-alias-Cabal.-Homicidio-agravado-y-porte-ilegal-de-armas.-Puerto-Tejada-Cauca.-843x1024.jpg\",\"keywords\":[\"\u2018Los Letaltes\u2019\",\"alias \u2018Cabal\u2019\",\"as\u00ed como hurto calificado y agravado\",\"Capturado\",\"centro carcelario\",\"Fiscal General de la Naci\u00f3n\",\"Fiscal\u00eda Colombia\",\"homicidio agravado; fabricaci\u00f3n\",\"Hurto motocicletas\",\"Medida de aseguramiento\",\"orden judicial\",\"Puerto Tejada (Cauca)\",\"Seccional Cauca\",\"tr\u00e1fico y porte de armas de fuego o municiones\"],\"articleSection\":[\"Noticias\",\"Seccional Popay\u00e1n\",\"Seccionales\",\"Seguridad territorial\"],\"inLanguage\":\"es-CO\"},{\"@type\":\"WebPage\",\"@id\":\"https:\/\/www.fiscalia.gov.co\/colombia\/noticias\/fiscalia-logro-que-alias-cabal-fuera-enviado-a-prision-como-presunto-responsable-del-asesinato-de-un-hombre-a-quien-la-habria-hurtado-una-motocicleta\/\",\"url\":\"https:\/\/www.fiscalia.gov.co\/colombia\/noticias\/fiscalia-logro-que-alias-cabal-fuera-enviado-a-prision-como-presunto-responsable-del-asesinato-de-un-hombre-a-quien-la-habria-hurtado-una-motocicleta\/\",\"name\":\"Fiscal\u00eda General de la Naci\u00f3n\",\"isPartOf\":{\"@id\":\"https:\/\/www.fiscalia.gov.co\/colombia\/#website\"},\"primaryImageOfPage\":{\"@id\":\"https:\/\/www.fiscalia.gov.co\/colombia\/noticias\/fiscalia-logro-que-alias-cabal-fuera-enviado-a-prision-como-presunto-responsable-del-asesinato-de-un-hombre-a-quien-la-habria-hurtado-una-motocicleta\/#primaryimage\"},\"image\":{\"@id\":\"https:\/\/www.fiscalia.gov.co\/colombia\/noticias\/fiscalia-logro-que-alias-cabal-fuera-enviado-a-prision-como-presunto-responsable-del-asesinato-de-un-hombre-a-quien-la-habria-hurtado-una-motocicleta\/#primaryimage\"},\"thumbnailUrl\":\"https:\/\/www.fiscalia.gov.co\/colombia\/wp-content\/uploads\/Juan-Sebastian-Cabal-Martinez-alias-Cabal.-Homicidio-agravado-y-porte-ilegal-de-armas.-Puerto-Tejada-Cauca.-843x1024.jpg\",\"datePublished\":\"2023-01-18T22:30:58+00:00\",\"dateModified\":\"2023-01-18T22:30:58+00:00\",\"description\":\"P\u00e1gina oficial de la Fiscal\u00eda General de la Naci\u00f3n \u2013 Colombia. Garantizamos el acceso efectivo a la justicia, la verdad y la reparaci\u00f3n de las v\u00edctimas de los delitos.\",\"breadcrumb\":{\"@id\":\"https:\/\/www.fiscalia.gov.co\/colombia\/noticias\/fiscalia-logro-que-alias-cabal-fuera-enviado-a-prision-como-presunto-responsable-del-asesinato-de-un-hombre-a-quien-la-habria-hurtado-una-motocicleta\/#breadcrumb\"},\"inLanguage\":\"es-CO\",\"potentialAction\":[{\"@type\":\"ReadAction\",\"target\":[\"https:\/\/www.fiscalia.gov.co\/colombia\/noticias\/fiscalia-logro-que-alias-cabal-fuera-enviado-a-prision-como-presunto-responsable-del-asesinato-de-un-hombre-a-quien-la-habria-hurtado-una-motocicleta\/\"]}]},{\"@type\":\"ImageObject\",\"inLanguage\":\"es-CO\",\"@id\":\"https:\/\/www.fiscalia.gov.co\/colombia\/noticias\/fiscalia-logro-que-alias-cabal-fuera-enviado-a-prision-como-presunto-responsable-del-asesinato-de-un-hombre-a-quien-la-habria-hurtado-una-motocicleta\/#primaryimage\",\"url\":\"https:\/\/www.fiscalia.gov.co\/colombia\/wp-content\/uploads\/Juan-Sebastian-Cabal-Martinez-alias-Cabal.-Homicidio-agravado-y-porte-ilegal-de-armas.-Puerto-Tejada-Cauca..jpg\",\"contentUrl\":\"https:\/\/www.fiscalia.gov.co\/colombia\/wp-content\/uploads\/Juan-Sebastian-Cabal-Martinez-alias-Cabal.-Homicidio-agravado-y-porte-ilegal-de-armas.-Puerto-Tejada-Cauca..jpg\",\"width\":904,\"height\":1098,\"caption\":\"Juan Sebasti\u00e1n Cabal Mart\u00ednez, alias \u2018Cabal\u2019, supuesto l\u00edder de \u2019Los Letales\u2019; judicializado por el homicidio de un hombre por hurtarle la motocicleta, en Puerto Tejada (Cauca).\"},{\"@type\":\"BreadcrumbList\",\"@id\":\"https:\/\/www.fiscalia.gov.co\/colombia\/noticias\/fiscalia-logro-que-alias-cabal-fuera-enviado-a-prision-como-presunto-responsable-del-asesinato-de-un-hombre-a-quien-la-habria-hurtado-una-motocicleta\/#breadcrumb\",\"itemListElement\":[{\"@type\":\"ListItem\",\"position\":1,\"name\":\"Home\",\"item\":\"https:\/\/www.fiscalia.gov.co\/colombia\/\"},{\"@type\":\"ListItem\",\"position\":2,\"name\":\"Fiscal\u00eda logr\u00f3 que alias Cabal fuera enviado a prisi\u00f3n, como presunto responsable del asesinato de un hombre a quien la habr\u00eda hurtado una motocicleta\"}]},{\"@type\":\"WebSite\",\"@id\":\"https:\/\/www.fiscalia.gov.co\/colombia\/#website\",\"url\":\"https:\/\/www.fiscalia.gov.co\/colombia\/\",\"name\":\"Fiscal\u00eda General de la Naci\u00f3n\",\"description\":\"P\u00e1gina oficial de la Fiscal\u00eda General de la Naci\u00f3n \u2013 Colombia. Garantizamos el acceso efectivo a la justicia, la verdad y la reparaci\u00f3n de las v\u00edctimas de los delitos.\",\"publisher\":{\"@id\":\"https:\/\/www.fiscalia.gov.co\/colombia\/#organization\"},\"potentialAction\":[{\"@type\":\"SearchAction\",\"target\":{\"@type\":\"EntryPoint\",\"urlTemplate\":\"https:\/\/www.fiscalia.gov.co\/colombia\/?s={search_term_string}\"},\"query-input\":{\"@type\":\"PropertyValueSpecification\",\"valueRequired\":true,\"valueName\":\"search_term_string\"}}],\"inLanguage\":\"es-CO\"},{\"@type\":\"Organization\",\"@id\":\"https:\/\/www.fiscalia.gov.co\/colombia\/#organization\",\"name\":\"Fiscal\u00eda General de la Naci\u00f3n\",\"url\":\"https:\/\/www.fiscalia.gov.co\/colombia\/\",\"logo\":{\"@type\":\"ImageObject\",\"inLanguage\":\"es-CO\",\"@id\":\"https:\/\/www.fiscalia.gov.co\/colombia\/#\/schema\/logo\/image\/\",\"url\":\"https:\/\/www.fiscalia.gov.co\/colombia\/wp-content\/uploads\/LogoHorizontal_1.jpg\",\"contentUrl\":\"https:\/\/www.fiscalia.gov.co\/colombia\/wp-content\/uploads\/LogoHorizontal_1.jpg\",\"width\":300,\"height\":90,\"caption\":\"Fiscal\u00eda General de la Naci\u00f3n\"},\"image\":{\"@id\":\"https:\/\/www.fiscalia.gov.co\/colombia\/#\/schema\/logo\/image\/\"},\"sameAs\":[\"https:\/\/www.facebook.com\/FiscaliaCol\",\"https:\/\/x.com\/FiscaliaCol\",\"https:\/\/www.instagram.com\/fiscaliacol\",\"https:\/\/www.linkedin.com\/company\/fiscalia-general-de-la-naci-n\/\",\"https:\/\/youtube.com\/@fiscaliageneraldelanacion-4668?si=6nN79nyQICPU5iTh\"]},{\"@type\":\"Person\",\"@id\":\"https:\/\/www.fiscalia.gov.co\/colombia\/#\/schema\/person\/bf84402cf293a5393e9c70b111020b24\",\"name\":\"Jordan Leandro Oviedo Anzola\",\"image\":{\"@type\":\"ImageObject\",\"inLanguage\":\"es-CO\",\"@id\":\"https:\/\/www.fiscalia.gov.co\/colombia\/#\/schema\/person\/image\/\",\"url\":\"https:\/\/secure.gravatar.com\/avatar\/dabba4346fa9b9207d96adafa8f92721?s=96&d=mm&r=g\",\"contentUrl\":\"https:\/\/secure.gravatar.com\/avatar\/dabba4346fa9b9207d96adafa8f92721?s=96&d=mm&r=g\",\"caption\":\"Jordan Leandro Oviedo Anzola\"},\"url\":\"https:\/\/www.fiscalia.gov.co\/colombia\/author\/joviedo\/\"}]}<\/script>\n<!-- \/ Yoast SEO plugin. -->","yoast_head_json":{"title":"Fiscal\u00eda General de la Naci\u00f3n","description":"P\u00e1gina oficial de la Fiscal\u00eda General de la Naci\u00f3n \u2013 Colombia. Garantizamos el acceso efectivo a la justicia, la verdad y la reparaci\u00f3n de las v\u00edctimas de los delitos.","robots":{"index":"noindex","follow":"follow"},"og_locale":"es_ES","og_type":"article","og_title":"Fiscal\u00eda General de la Naci\u00f3n","og_description":"P\u00e1gina oficial de la Fiscal\u00eda General de la Naci\u00f3n \u2013 Colombia. Garantizamos el acceso efectivo a la justicia, la verdad y la reparaci\u00f3n de las v\u00edctimas de los delitos.","og_url":"https:\/\/www.fiscalia.gov.co\/colombia\/noticias\/fiscalia-logro-que-alias-cabal-fuera-enviado-a-prision-como-presunto-responsable-del-asesinato-de-un-hombre-a-quien-la-habria-hurtado-una-motocicleta\/","og_site_name":"Fiscal\u00eda General de la Naci\u00f3n","article_publisher":"https:\/\/www.facebook.com\/FiscaliaCol","article_published_time":"2023-01-18T22:30:58+00:00","og_image":[{"url":"https:\/\/www.fiscalia.gov.co\/colombia\/wp-content\/uploads\/Juan-Sebastian-Cabal-Martinez-alias-Cabal.-Homicidio-agravado-y-porte-ilegal-de-armas.-Puerto-Tejada-Cauca.-843x1024.jpg","type":"","width":"","height":""}],"author":"Jordan Leandro Oviedo Anzola","twitter_card":"summary_large_image","twitter_creator":"@FiscaliaCol","twitter_site":"@FiscaliaCol","twitter_misc":{"Escrito por":"Jordan Leandro Oviedo Anzola","Tiempo de lectura":"2 minutos"},"schema":{"@context":"https:\/\/schema.org","@graph":[{"@type":"Article","@id":"https:\/\/www.fiscalia.gov.co\/colombia\/noticias\/fiscalia-logro-que-alias-cabal-fuera-enviado-a-prision-como-presunto-responsable-del-asesinato-de-un-hombre-a-quien-la-habria-hurtado-una-motocicleta\/#article","isPartOf":{"@id":"https:\/\/www.fiscalia.gov.co\/colombia\/noticias\/fiscalia-logro-que-alias-cabal-fuera-enviado-a-prision-como-presunto-responsable-del-asesinato-de-un-hombre-a-quien-la-habria-hurtado-una-motocicleta\/"},"author":{"name":"Jordan Leandro Oviedo Anzola","@id":"https:\/\/www.fiscalia.gov.co\/colombia\/#\/schema\/person\/bf84402cf293a5393e9c70b111020b24"},"headline":"Fiscal\u00eda logr\u00f3 que alias Cabal fuera enviado a prisi\u00f3n, como presunto responsable del asesinato de un hombre a quien la habr\u00eda hurtado una motocicleta","datePublished":"2023-01-18T22:30:58+00:00","dateModified":"2023-01-18T22:30:58+00:00","mainEntityOfPage":{"@id":"https:\/\/www.fiscalia.gov.co\/colombia\/noticias\/fiscalia-logro-que-alias-cabal-fuera-enviado-a-prision-como-presunto-responsable-del-asesinato-de-un-hombre-a-quien-la-habria-hurtado-una-motocicleta\/"},"wordCount":370,"publisher":{"@id":"https:\/\/www.fiscalia.gov.co\/colombia\/#organization"},"image":{"@id":"https:\/\/www.fiscalia.gov.co\/colombia\/noticias\/fiscalia-logro-que-alias-cabal-fuera-enviado-a-prision-como-presunto-responsable-del-asesinato-de-un-hombre-a-quien-la-habria-hurtado-una-motocicleta\/#primaryimage"},"thumbnailUrl":"https:\/\/www.fiscalia.gov.co\/colombia\/wp-content\/uploads\/Juan-Sebastian-Cabal-Martinez-alias-Cabal.-Homicidio-agravado-y-porte-ilegal-de-armas.-Puerto-Tejada-Cauca.-843x1024.jpg","keywords":["\u2018Los Letaltes\u2019","alias \u2018Cabal\u2019","as\u00ed como hurto calificado y agravado","Capturado","centro carcelario","Fiscal General de la Naci\u00f3n","Fiscal\u00eda Colombia","homicidio agravado; fabricaci\u00f3n","Hurto motocicletas","Medida de aseguramiento","orden judicial","Puerto Tejada (Cauca)","Seccional Cauca","tr\u00e1fico y porte de armas de fuego o municiones"],"articleSection":["Noticias","Seccional Popay\u00e1n","Seccionales","Seguridad territorial"],"inLanguage":"es-CO"},{"@type":"WebPage","@id":"https:\/\/www.fiscalia.gov.co\/colombia\/noticias\/fiscalia-logro-que-alias-cabal-fuera-enviado-a-prision-como-presunto-responsable-del-asesinato-de-un-hombre-a-quien-la-habria-hurtado-una-motocicleta\/","url":"https:\/\/www.fiscalia.gov.co\/colombia\/noticias\/fiscalia-logro-que-alias-cabal-fuera-enviado-a-prision-como-presunto-responsable-del-asesinato-de-un-hombre-a-quien-la-habria-hurtado-una-motocicleta\/","name":"Fiscal\u00eda General de la Naci\u00f3n","isPartOf":{"@id":"https:\/\/www.fiscalia.gov.co\/colombia\/#website"},"primaryImageOfPage":{"@id":"https:\/\/www.fiscalia.gov.co\/colombia\/noticias\/fiscalia-logro-que-alias-cabal-fuera-enviado-a-prision-como-presunto-responsable-del-asesinato-de-un-hombre-a-quien-la-habria-hurtado-una-motocicleta\/#primaryimage"},"image":{"@id":"https:\/\/www.fiscalia.gov.co\/colombia\/noticias\/fiscalia-logro-que-alias-cabal-fuera-enviado-a-prision-como-presunto-responsable-del-asesinato-de-un-hombre-a-quien-la-habria-hurtado-una-motocicleta\/#primaryimage"},"thumbnailUrl":"https:\/\/www.fiscalia.gov.co\/colombia\/wp-content\/uploads\/Juan-Sebastian-Cabal-Martinez-alias-Cabal.-Homicidio-agravado-y-porte-ilegal-de-armas.-Puerto-Tejada-Cauca.-843x1024.jpg","datePublished":"2023-01-18T22:30:58+00:00","dateModified":"2023-01-18T22:30:58+00:00","description":"P\u00e1gina oficial de la Fiscal\u00eda General de la Naci\u00f3n \u2013 Colombia. Garantizamos el acceso efectivo a la justicia, la verdad y la reparaci\u00f3n de las v\u00edctimas de los delitos.","breadcrumb":{"@id":"https:\/\/www.fiscalia.gov.co\/colombia\/noticias\/fiscalia-logro-que-alias-cabal-fuera-enviado-a-prision-como-presunto-responsable-del-asesinato-de-un-hombre-a-quien-la-habria-hurtado-una-motocicleta\/#breadcrumb"},"inLanguage":"es-CO","potentialAction":[{"@type":"ReadAction","target":["https:\/\/www.fiscalia.gov.co\/colombia\/noticias\/fiscalia-logro-que-alias-cabal-fuera-enviado-a-prision-como-presunto-responsable-del-asesinato-de-un-hombre-a-quien-la-habria-hurtado-una-motocicleta\/"]}]},{"@type":"ImageObject","inLanguage":"es-CO","@id":"https:\/\/www.fiscalia.gov.co\/colombia\/noticias\/fiscalia-logro-que-alias-cabal-fuera-enviado-a-prision-como-presunto-responsable-del-asesinato-de-un-hombre-a-quien-la-habria-hurtado-una-motocicleta\/#primaryimage","url":"https:\/\/www.fiscalia.gov.co\/colombia\/wp-content\/uploads\/Juan-Sebastian-Cabal-Martinez-alias-Cabal.-Homicidio-agravado-y-porte-ilegal-de-armas.-Puerto-Tejada-Cauca..jpg","contentUrl":"https:\/\/www.fiscalia.gov.co\/colombia\/wp-content\/uploads\/Juan-Sebastian-Cabal-Martinez-alias-Cabal.-Homicidio-agravado-y-porte-ilegal-de-armas.-Puerto-Tejada-Cauca..jpg","width":904,"height":1098,"caption":"Juan Sebasti\u00e1n Cabal Mart\u00ednez, alias \u2018Cabal\u2019, supuesto l\u00edder de \u2019Los Letales\u2019; judicializado por el homicidio de un hombre por hurtarle la motocicleta, en Puerto Tejada (Cauca)."},{"@type":"BreadcrumbList","@id":"https:\/\/www.fiscalia.gov.co\/colombia\/noticias\/fiscalia-logro-que-alias-cabal-fuera-enviado-a-prision-como-presunto-responsable-del-asesinato-de-un-hombre-a-quien-la-habria-hurtado-una-motocicleta\/#breadcrumb","itemListElement":[{"@type":"ListItem","position":1,"name":"Home","item":"https:\/\/www.fiscalia.gov.co\/colombia\/"},{"@type":"ListItem","position":2,"name":"Fiscal\u00eda logr\u00f3 que alias Cabal fuera enviado a prisi\u00f3n, como presunto responsable del asesinato de un hombre a quien la habr\u00eda hurtado una motocicleta"}]},{"@type":"WebSite","@id":"https:\/\/www.fiscalia.gov.co\/colombia\/#website","url":"https:\/\/www.fiscalia.gov.co\/colombia\/","name":"Fiscal\u00eda General de la Naci\u00f3n","description":"P\u00e1gina oficial de la Fiscal\u00eda General de la Naci\u00f3n \u2013 Colombia. Garantizamos el acceso efectivo a la justicia, la verdad y la reparaci\u00f3n de las v\u00edctimas de los delitos.","publisher":{"@id":"https:\/\/www.fiscalia.gov.co\/colombia\/#organization"},"potentialAction":[{"@type":"SearchAction","target":{"@type":"EntryPoint","urlTemplate":"https:\/\/www.fiscalia.gov.co\/colombia\/?s={search_term_string}"},"query-input":{"@type":"PropertyValueSpecification","valueRequired":true,"valueName":"search_term_string"}}],"inLanguage":"es-CO"},{"@type":"Organization","@id":"https:\/\/www.fiscalia.gov.co\/colombia\/#organization","name":"Fiscal\u00eda General de la Naci\u00f3n","url":"https:\/\/www.fiscalia.gov.co\/colombia\/","logo":{"@type":"ImageObject","inLanguage":"es-CO","@id":"https:\/\/www.fiscalia.gov.co\/colombia\/#\/schema\/logo\/image\/","url":"https:\/\/www.fiscalia.gov.co\/colombia\/wp-content\/uploads\/LogoHorizontal_1.jpg","contentUrl":"https:\/\/www.fiscalia.gov.co\/colombia\/wp-content\/uploads\/LogoHorizontal_1.jpg","width":300,"height":90,"caption":"Fiscal\u00eda General de la Naci\u00f3n"},"image":{"@id":"https:\/\/www.fiscalia.gov.co\/colombia\/#\/schema\/logo\/image\/"},"sameAs":["https:\/\/www.facebook.com\/FiscaliaCol","https:\/\/x.com\/FiscaliaCol","https:\/\/www.instagram.com\/fiscaliacol","https:\/\/www.linkedin.com\/company\/fiscalia-general-de-la-naci-n\/","https:\/\/youtube.com\/@fiscaliageneraldelanacion-4668?si=6nN79nyQICPU5iTh"]},{"@type":"Person","@id":"https:\/\/www.fiscalia.gov.co\/colombia\/#\/schema\/person\/bf84402cf293a5393e9c70b111020b24","name":"Jordan Leandro Oviedo Anzola","image":{"@type":"ImageObject","inLanguage":"es-CO","@id":"https:\/\/www.fiscalia.gov.co\/colombia\/#\/schema\/person\/image\/","url":"https:\/\/secure.gravatar.com\/avatar\/dabba4346fa9b9207d96adafa8f92721?s=96&d=mm&r=g","contentUrl":"https:\/\/secure.gravatar.com\/avatar\/dabba4346fa9b9207d96adafa8f92721?s=96&d=mm&r=g","caption":"Jordan Leandro Oviedo Anzola"},"url":"https:\/\/www.fiscalia.gov.co\/colombia\/author\/joviedo\/"}]}},"_links":{"self":[{"href":"https:\/\/www.fiscalia.gov.co\/colombia\/wp-json\/wp\/v2\/posts\/264291","targetHints":{"allow":["GET"]}}],"collection":[{"href":"https:\/\/www.fiscalia.gov.co\/colombia\/wp-json\/wp\/v2\/posts"}],"about":[{"href":"https:\/\/www.fiscalia.gov.co\/colombia\/wp-json\/wp\/v2\/types\/post"}],"author":[{"embeddable":true,"href":"https:\/\/www.fiscalia.gov.co\/colombia\/wp-json\/wp\/v2\/users\/177"}],"replies":[{"embeddable":true,"href":"https:\/\/www.fiscalia.gov.co\/colombia\/wp-json\/wp\/v2\/comments?post=264291"}],"version-history":[{"count":1,"href":"https:\/\/www.fiscalia.gov.co\/colombia\/wp-json\/wp\/v2\/posts\/264291\/revisions"}],"predecessor-version":[{"id":264293,"href":"https:\/\/www.fiscalia.gov.co\/colombia\/wp-json\/wp\/v2\/posts\/264291\/revisions\/264293"}],"wp:attachment":[{"href":"https:\/\/www.fiscalia.gov.co\/colombia\/wp-json\/wp\/v2\/media?parent=264291"}],"wp:term":[{"taxonomy":"category","embeddable":true,"href":"https:\/\/www.fiscalia.gov.co\/colombia\/wp-json\/wp\/v2\/categories?post=264291"},{"taxonomy":"post_tag","embeddable":true,"href":"https:\/\/www.fiscalia.gov.co\/colombia\/wp-json\/wp\/v2\/tags?post=264291"}],"curies":[{"name":"wp","href":"https:\/\/api.w.org\/{rel}","templated":true}]}}