{"id":264185,"date":"2023-01-17T15:19:24","date_gmt":"2023-01-17T20:19:24","guid":{"rendered":"https:\/\/www.fiscalia.gov.co\/colombia\/?p=264185"},"modified":"2023-01-17T15:19:24","modified_gmt":"2023-01-17T20:19:24","slug":"por-hurto-fueron-condenados-cuatro-integrantes-de-los-huesos-y-asegurados-dos-hombres-capturados-en-flagrancia","status":"publish","type":"post","link":"https:\/\/www.fiscalia.gov.co\/colombia\/noticias\/por-hurto-fueron-condenados-cuatro-integrantes-de-los-huesos-y-asegurados-dos-hombres-capturados-en-flagrancia\/","title":{"rendered":"Por hurto fueron condenados cuatro integrantes de \u2018Los Huesos\u2019 y asegurados dos hombres capturados en flagrancia"},"content":{"rendered":"<h4 style=\"font-weight: 400;\"><strong><em>Los Huesos delinqu\u00edan en Neiva, mientras que los otros capturados, habr\u00edan irrumpido una vivienda en Garz\u00f3n (Huila).<\/em>\u00a0<\/strong><\/h4>\n<p style=\"font-weight: 400;\">\u00a0La Fiscal\u00eda en Huila logr\u00f3 que\u00a0condenaran a cuatro integrantes de la estructura delictiva Los Huesos, dedicas al hurto a personas y automotores en Neiva (Huila). Los procesados cumplir\u00e1n penas de 12 y 16 a\u00f1os de prisi\u00f3n.\u00a0\u00a0Adem\u00e1s, obtuvo\u00a0 medida en centro carcelario para dos hombres quienes,\u00a0al parecer, intentaron\u00a0hurtar una vivienda en Garz\u00f3n (Huila).<\/p>\n<p style=\"font-weight: 400;\">En el primer caso, la investigaci\u00f3n evidenci\u00f3 que\u00a0\u00a0Yhon Breidy Soto Mu\u00f1oz, Jhon Alexander Zamora Tovar, Jos\u00e9 Miller Quintero Cuscue\u00a0y Harold Mauricio Medina Dur\u00e1n, integrantes de la estructura delincuencial Los Huesos,\u00a0\u00a0estuvieron implicados en hurto en contra de cinco personas mediante el uso de armas blancas y armas de fuego en barrios como Limonar, Gualanday, entre otros sectores, entre septiembre\u00a0\u00a0y diciembre de 2020.<\/p>\n<figure id=\"attachment_264186\" aria-describedby=\"caption-attachment-264186\" style=\"width: 696px\" class=\"wp-caption aligncenter\"><img loading=\"lazy\" decoding=\"async\" class=\"size-large wp-image-264186\" src=\"https:\/\/www.fiscalia.gov.co\/colombia\/wp-content\/uploads\/Los-Huesos-1024x790.jpeg\" alt=\"En la fotograf\u00eda aparecen cuatro capturados, junto a personal de Polic\u00eda Nacional y  Fiscal\u00eda General de la Naci\u00f3n. En la parte posterior de la imagen se ven banners de Polic\u00eda Nacional y la Fiscal\u00eda General de la Naci\u00f3n.   \" width=\"696\" height=\"537\" srcset=\"https:\/\/www.fiscalia.gov.co\/colombia\/wp-content\/uploads\/Los-Huesos-1024x790.jpeg 1024w, https:\/\/www.fiscalia.gov.co\/colombia\/wp-content\/uploads\/Los-Huesos-300x232.jpeg 300w, https:\/\/www.fiscalia.gov.co\/colombia\/wp-content\/uploads\/Los-Huesos-768x593.jpeg 768w, https:\/\/www.fiscalia.gov.co\/colombia\/wp-content\/uploads\/Los-Huesos-696x537.jpeg 696w, https:\/\/www.fiscalia.gov.co\/colombia\/wp-content\/uploads\/Los-Huesos-1068x824.jpeg 1068w, https:\/\/www.fiscalia.gov.co\/colombia\/wp-content\/uploads\/Los-Huesos-544x420.jpeg 544w, https:\/\/www.fiscalia.gov.co\/colombia\/wp-content\/uploads\/Los-Huesos.jpeg 1280w\" sizes=\"auto, (max-width: 696px) 100vw, 696px\" \/><figcaption id=\"caption-attachment-264186\" class=\"wp-caption-text\">\u2018Los Huesos\u2019 fueron condenados a12 y 16 a\u00f1os de prisi\u00f3n por hurto calificado y agravado.<\/figcaption><\/figure>\n<p style=\"font-weight: 400;\">Culminado el juicio oral, la Fiscal\u00eda demostr\u00f3 la responsabilidad de los sentenciados y un juez con funciones de conocimiento los hall\u00f3 responsables del delito de hurto calificado y agravado.<\/p>\n<p style=\"font-weight: 400;\">Soto Mu\u00f1oz, cumplir\u00e1 una pena de 16 a\u00f1os de prisi\u00f3n, pues presenta una condena vigente por fabricaci\u00f3n, tr\u00e1fico y porte ilegal de armas, mientras que los dem\u00e1s fueron condenados a 12 a\u00f1os de prisi\u00f3n.<\/p>\n<p style=\"font-weight: 400;\">La sentencia qued\u00f3 en firme.<\/p>\n<p style=\"font-weight: 400;\"><strong>Aceptaron cargos por hurto en Garz\u00f3n<\/strong><\/p>\n<p style=\"font-weight: 400;\">Con medida privativa de la libertad en centro de reclusi\u00f3n fueron cobijados Amir Mendoza Rayo y Jhon Eder Garc\u00eda Espinoza quienes presuntamente apuntaron\u00a0con arma de fuego y golpes entraron a una vivienda para robarla este 15 de enero en el barrio Las Am\u00e9ricas de Garz\u00f3n (Huila).<\/p>\n<figure id=\"attachment_264187\" aria-describedby=\"caption-attachment-264187\" style=\"width: 696px\" class=\"wp-caption aligncenter\"><img loading=\"lazy\" decoding=\"async\" class=\"size-large wp-image-264187\" src=\"https:\/\/www.fiscalia.gov.co\/colombia\/wp-content\/uploads\/Amir-Mendoza-Rayo-y-Jhon-Eder-Garcia-Espinoza-1024x675.jpeg\" alt=\"En la fotograf\u00eda aparecen dos capturados, junto a personal de Polic\u00eda Nacional y  Fiscal\u00eda General de la Naci\u00f3n. En la parte posterior de la imagen se ven banners de Polic\u00eda Nacional y la Fiscal\u00eda General de la Naci\u00f3n. \" width=\"696\" height=\"459\" srcset=\"https:\/\/www.fiscalia.gov.co\/colombia\/wp-content\/uploads\/Amir-Mendoza-Rayo-y-Jhon-Eder-Garcia-Espinoza-1024x675.jpeg 1024w, https:\/\/www.fiscalia.gov.co\/colombia\/wp-content\/uploads\/Amir-Mendoza-Rayo-y-Jhon-Eder-Garcia-Espinoza-300x198.jpeg 300w, https:\/\/www.fiscalia.gov.co\/colombia\/wp-content\/uploads\/Amir-Mendoza-Rayo-y-Jhon-Eder-Garcia-Espinoza-768x506.jpeg 768w, https:\/\/www.fiscalia.gov.co\/colombia\/wp-content\/uploads\/Amir-Mendoza-Rayo-y-Jhon-Eder-Garcia-Espinoza-696x459.jpeg 696w, https:\/\/www.fiscalia.gov.co\/colombia\/wp-content\/uploads\/Amir-Mendoza-Rayo-y-Jhon-Eder-Garcia-Espinoza-1068x704.jpeg 1068w, https:\/\/www.fiscalia.gov.co\/colombia\/wp-content\/uploads\/Amir-Mendoza-Rayo-y-Jhon-Eder-Garcia-Espinoza-637x420.jpeg 637w, https:\/\/www.fiscalia.gov.co\/colombia\/wp-content\/uploads\/Amir-Mendoza-Rayo-y-Jhon-Eder-Garcia-Espinoza.jpeg 1092w\" sizes=\"auto, (max-width: 696px) 100vw, 696px\" \/><figcaption id=\"caption-attachment-264187\" class=\"wp-caption-text\">Amir Mendoza Rayo y Jhon Eder Garc\u00eda Espinoza aceptaron el cargo de hurto calificado tentado por el que la Fiscal\u00eda los acus\u00f3.<\/figcaption><\/figure>\n<p style=\"font-weight: 400;\">Seg\u00fan la investigaci\u00f3n, en la residencia se encontraban dos hombres a quienes, al parecer, insultaron y amarraron con cabuyas mientras preguntaban por el dinero. En una de las\u00a0\u00a0habitaciones donde se encontraba una mujer la habr\u00edan tomado por el pelo mientras le preguntaban por la caja fuerte. De un caj\u00f3n habr\u00edan extra\u00eddo 645.000 pesos, unos relojes y un celular.<\/p>\n<p style=\"font-weight: 400;\">El aviso de la comunidad permiti\u00f3 que unidades de Polic\u00eda Nacional fueran informados y se dirigieran inmediatamente el lugar donde fueron capturados en flagrancia.<\/p>\n<p style=\"font-weight: 400;\">A los hoy capturados la Fiscal\u00eda les realiz\u00f3 el traslado de escrito de acusaci\u00f3n como presuntos coautores del delito de hurto calificado y agravado tentado. Ambos aceptaron cargos.<\/p>\n<p style=\"font-weight: 400;\"><strong>La Fiscal\u00eda habla con resultados. \u00a0\u00a0<\/strong><\/p>\n<p>&nbsp;<\/p>\n<p>&nbsp;<\/p>\n<p>&nbsp;<\/p>\n<p>&nbsp;<\/p>\n<p>&nbsp;<\/p>\n<p>&nbsp;<\/p>\n<p style=\"font-weight: 400;\">\nLMGM\/FAGH\/DFHI\/DSH<\/p>\n<p style=\"font-weight: 400;\">\n<p>&nbsp;<\/p>\n<p>&nbsp;<\/p>\n<p>&nbsp;<\/p>\n<p>&nbsp;<\/p>\n<p style=\"font-weight: 400;\"><em>La informaci\u00f3n contenida en este bolet\u00edn de prensa corresponde a la narraci\u00f3n de los hechos noticiosos objetivos, suministrados por los funcionarios encargados de adelantar las investigaciones penales al interior de la Fiscal\u00eda General de la Naci\u00f3n. Para el momento de la divulgaci\u00f3n de este comunicado, la situaci\u00f3n jur\u00eddica de la(s) persona(s) relacionada(s) se encuentra pendiente de resolver por la autoridad judicial competente, siempre bajo los preceptos de la presunci\u00f3n de inocencia, consagrados en el art\u00edculo 29 de la Constituci\u00f3n Pol\u00edtica y el art\u00edculo 7\u00ba de la Ley 906 de 2004.\u00a0 \u00a0 \u00a0 \u00a0 \u00a0\u00a0<\/em><\/p>\n\n<div class=\"twitter-share\"><a href=\"https:\/\/twitter.com\/intent\/tweet?via=fiscaliacol\" class=\"twitter-share-button\">Tweet<\/a><\/div>\n","protected":false},"excerpt":{"rendered":"<p>Los Huesos delinqu\u00edan en Neiva, mientras que los otros capturados, habr\u00edan irrumpido una vivienda en Garz\u00f3n (Huila).\u00a0 \u00a0La Fiscal\u00eda en Huila logr\u00f3 que\u00a0condenaran a cuatro integrantes de la estructura delictiva Los Huesos, dedicas al hurto a personas y automotores en Neiva (Huila). Los procesados cumplir\u00e1n penas de 12 y 16 a\u00f1os de prisi\u00f3n.\u00a0\u00a0Adem\u00e1s, obtuvo\u00a0 medida [&hellip;]<\/p>\n","protected":false},"author":177,"featured_media":0,"comment_status":"closed","ping_status":"open","sticky":false,"template":"","format":"standard","meta":{"_price":"","_stock":"","_tribe_ticket_header":"","_tribe_default_ticket_provider":"","_tribe_ticket_capacity":"0","_ticket_start_date":"","_ticket_end_date":"","_tribe_ticket_show_description":"","_tribe_ticket_show_not_going":false,"_tribe_ticket_use_global_stock":"","_tribe_ticket_global_stock_level":"","_global_stock_mode":"","_global_stock_cap":"","_tribe_rsvp_for_event":"","_tribe_ticket_going_count":"","_tribe_ticket_not_going_count":"","_tribe_tickets_list":"[]","_tribe_ticket_has_attendee_info_fields":false,"tdm_status":"","tdm_grid_status":"","footnotes":""},"categories":[1,333,303,24099],"tags":[12163,293,33691,23898,1064,16,23960,33693,26976,23833,31720,33692],"class_list":{"0":"post-264185","1":"post","2":"type-post","3":"status-publish","4":"format-standard","6":"category-noticias","7":"category-seccional-neiva","8":"category-seccionales","9":"category-seguridad-territorial","10":"tag-arma-de-fuego","11":"tag-condena","12":"tag-estructura-delictiva","13":"tag-garzon","14":"tag-golpes","15":"tag-huila","16":"tag-hurto","17":"tag-hurto-a-vivienda","18":"tag-los-huesos","19":"tag-neiva","20":"tag-neiva-huila","21":"tag-pertenencias"},"yoast_head":"<!-- This site is optimized with the Yoast SEO plugin v24.3 - https:\/\/yoast.com\/wordpress\/plugins\/seo\/ -->\n<title>Fiscal\u00eda General de la Naci\u00f3n<\/title>\n<meta name=\"description\" content=\"P\u00e1gina oficial de la Fiscal\u00eda General de la Naci\u00f3n \u2013 Colombia. Garantizamos el acceso efectivo a la justicia, la verdad y la reparaci\u00f3n de las v\u00edctimas de los delitos.\" \/>\n<meta name=\"robots\" content=\"noindex, follow\" \/>\n<meta property=\"og:locale\" content=\"es_ES\" \/>\n<meta property=\"og:type\" content=\"article\" \/>\n<meta property=\"og:title\" content=\"Fiscal\u00eda General de la Naci\u00f3n\" \/>\n<meta property=\"og:description\" content=\"P\u00e1gina oficial de la Fiscal\u00eda General de la Naci\u00f3n \u2013 Colombia. Garantizamos el acceso efectivo a la justicia, la verdad y la reparaci\u00f3n de las v\u00edctimas de los delitos.\" \/>\n<meta property=\"og:url\" content=\"https:\/\/www.fiscalia.gov.co\/colombia\/noticias\/por-hurto-fueron-condenados-cuatro-integrantes-de-los-huesos-y-asegurados-dos-hombres-capturados-en-flagrancia\/\" \/>\n<meta property=\"og:site_name\" content=\"Fiscal\u00eda General de la Naci\u00f3n\" \/>\n<meta property=\"article:publisher\" content=\"https:\/\/www.facebook.com\/FiscaliaCol\" \/>\n<meta property=\"article:published_time\" content=\"2023-01-17T20:19:24+00:00\" \/>\n<meta property=\"og:image\" content=\"https:\/\/www.fiscalia.gov.co\/colombia\/wp-content\/uploads\/Los-Huesos-1024x790.jpeg\" \/>\n<meta name=\"author\" content=\"Jordan Leandro Oviedo Anzola\" \/>\n<meta name=\"twitter:card\" content=\"summary_large_image\" \/>\n<meta name=\"twitter:creator\" content=\"@FiscaliaCol\" \/>\n<meta name=\"twitter:site\" content=\"@FiscaliaCol\" \/>\n<meta name=\"twitter:label1\" content=\"Escrito por\" \/>\n\t<meta name=\"twitter:data1\" content=\"Jordan Leandro Oviedo Anzola\" \/>\n\t<meta name=\"twitter:label2\" content=\"Tiempo de lectura\" \/>\n\t<meta name=\"twitter:data2\" content=\"3 minutos\" \/>\n<script type=\"application\/ld+json\" class=\"yoast-schema-graph\">{\"@context\":\"https:\/\/schema.org\",\"@graph\":[{\"@type\":\"Article\",\"@id\":\"https:\/\/www.fiscalia.gov.co\/colombia\/noticias\/por-hurto-fueron-condenados-cuatro-integrantes-de-los-huesos-y-asegurados-dos-hombres-capturados-en-flagrancia\/#article\",\"isPartOf\":{\"@id\":\"https:\/\/www.fiscalia.gov.co\/colombia\/noticias\/por-hurto-fueron-condenados-cuatro-integrantes-de-los-huesos-y-asegurados-dos-hombres-capturados-en-flagrancia\/\"},\"author\":{\"name\":\"Jordan Leandro Oviedo Anzola\",\"@id\":\"https:\/\/www.fiscalia.gov.co\/colombia\/#\/schema\/person\/bf84402cf293a5393e9c70b111020b24\"},\"headline\":\"Por hurto fueron condenados cuatro integrantes de \u2018Los Huesos\u2019 y asegurados dos hombres capturados en flagrancia\",\"datePublished\":\"2023-01-17T20:19:24+00:00\",\"dateModified\":\"2023-01-17T20:19:24+00:00\",\"mainEntityOfPage\":{\"@id\":\"https:\/\/www.fiscalia.gov.co\/colombia\/noticias\/por-hurto-fueron-condenados-cuatro-integrantes-de-los-huesos-y-asegurados-dos-hombres-capturados-en-flagrancia\/\"},\"wordCount\":590,\"publisher\":{\"@id\":\"https:\/\/www.fiscalia.gov.co\/colombia\/#organization\"},\"image\":{\"@id\":\"https:\/\/www.fiscalia.gov.co\/colombia\/noticias\/por-hurto-fueron-condenados-cuatro-integrantes-de-los-huesos-y-asegurados-dos-hombres-capturados-en-flagrancia\/#primaryimage\"},\"thumbnailUrl\":\"https:\/\/www.fiscalia.gov.co\/colombia\/wp-content\/uploads\/Los-Huesos-1024x790.jpeg\",\"keywords\":[\"Arma de fuego\",\"Condena\",\"estructura delictiva\",\"Garz\u00f3n\",\"Golpes\",\"Huila\",\"Hurto\",\"hurto a vivienda\",\"Los Huesos\",\"Neiva\",\"Neiva (Huila)\",\"pertenencias\"],\"articleSection\":[\"Noticias\",\"Seccional Neiva\",\"Seccionales\",\"Seguridad territorial\"],\"inLanguage\":\"es-CO\"},{\"@type\":\"WebPage\",\"@id\":\"https:\/\/www.fiscalia.gov.co\/colombia\/noticias\/por-hurto-fueron-condenados-cuatro-integrantes-de-los-huesos-y-asegurados-dos-hombres-capturados-en-flagrancia\/\",\"url\":\"https:\/\/www.fiscalia.gov.co\/colombia\/noticias\/por-hurto-fueron-condenados-cuatro-integrantes-de-los-huesos-y-asegurados-dos-hombres-capturados-en-flagrancia\/\",\"name\":\"Fiscal\u00eda General de la Naci\u00f3n\",\"isPartOf\":{\"@id\":\"https:\/\/www.fiscalia.gov.co\/colombia\/#website\"},\"primaryImageOfPage\":{\"@id\":\"https:\/\/www.fiscalia.gov.co\/colombia\/noticias\/por-hurto-fueron-condenados-cuatro-integrantes-de-los-huesos-y-asegurados-dos-hombres-capturados-en-flagrancia\/#primaryimage\"},\"image\":{\"@id\":\"https:\/\/www.fiscalia.gov.co\/colombia\/noticias\/por-hurto-fueron-condenados-cuatro-integrantes-de-los-huesos-y-asegurados-dos-hombres-capturados-en-flagrancia\/#primaryimage\"},\"thumbnailUrl\":\"https:\/\/www.fiscalia.gov.co\/colombia\/wp-content\/uploads\/Los-Huesos-1024x790.jpeg\",\"datePublished\":\"2023-01-17T20:19:24+00:00\",\"dateModified\":\"2023-01-17T20:19:24+00:00\",\"description\":\"P\u00e1gina oficial de la Fiscal\u00eda General de la Naci\u00f3n \u2013 Colombia. Garantizamos el acceso efectivo a la justicia, la verdad y la reparaci\u00f3n de las v\u00edctimas de los delitos.\",\"breadcrumb\":{\"@id\":\"https:\/\/www.fiscalia.gov.co\/colombia\/noticias\/por-hurto-fueron-condenados-cuatro-integrantes-de-los-huesos-y-asegurados-dos-hombres-capturados-en-flagrancia\/#breadcrumb\"},\"inLanguage\":\"es-CO\",\"potentialAction\":[{\"@type\":\"ReadAction\",\"target\":[\"https:\/\/www.fiscalia.gov.co\/colombia\/noticias\/por-hurto-fueron-condenados-cuatro-integrantes-de-los-huesos-y-asegurados-dos-hombres-capturados-en-flagrancia\/\"]}]},{\"@type\":\"ImageObject\",\"inLanguage\":\"es-CO\",\"@id\":\"https:\/\/www.fiscalia.gov.co\/colombia\/noticias\/por-hurto-fueron-condenados-cuatro-integrantes-de-los-huesos-y-asegurados-dos-hombres-capturados-en-flagrancia\/#primaryimage\",\"url\":\"https:\/\/www.fiscalia.gov.co\/colombia\/wp-content\/uploads\/Los-Huesos-1024x790.jpeg\",\"contentUrl\":\"https:\/\/www.fiscalia.gov.co\/colombia\/wp-content\/uploads\/Los-Huesos-1024x790.jpeg\"},{\"@type\":\"BreadcrumbList\",\"@id\":\"https:\/\/www.fiscalia.gov.co\/colombia\/noticias\/por-hurto-fueron-condenados-cuatro-integrantes-de-los-huesos-y-asegurados-dos-hombres-capturados-en-flagrancia\/#breadcrumb\",\"itemListElement\":[{\"@type\":\"ListItem\",\"position\":1,\"name\":\"Home\",\"item\":\"https:\/\/www.fiscalia.gov.co\/colombia\/\"},{\"@type\":\"ListItem\",\"position\":2,\"name\":\"Por hurto fueron condenados cuatro integrantes de \u2018Los Huesos\u2019 y asegurados dos hombres capturados en flagrancia\"}]},{\"@type\":\"WebSite\",\"@id\":\"https:\/\/www.fiscalia.gov.co\/colombia\/#website\",\"url\":\"https:\/\/www.fiscalia.gov.co\/colombia\/\",\"name\":\"Fiscal\u00eda General de la Naci\u00f3n\",\"description\":\"P\u00e1gina oficial de la Fiscal\u00eda General de la Naci\u00f3n \u2013 Colombia. Garantizamos el acceso efectivo a la justicia, la verdad y la reparaci\u00f3n de las v\u00edctimas de los delitos.\",\"publisher\":{\"@id\":\"https:\/\/www.fiscalia.gov.co\/colombia\/#organization\"},\"potentialAction\":[{\"@type\":\"SearchAction\",\"target\":{\"@type\":\"EntryPoint\",\"urlTemplate\":\"https:\/\/www.fiscalia.gov.co\/colombia\/?s={search_term_string}\"},\"query-input\":{\"@type\":\"PropertyValueSpecification\",\"valueRequired\":true,\"valueName\":\"search_term_string\"}}],\"inLanguage\":\"es-CO\"},{\"@type\":\"Organization\",\"@id\":\"https:\/\/www.fiscalia.gov.co\/colombia\/#organization\",\"name\":\"Fiscal\u00eda General de la Naci\u00f3n\",\"url\":\"https:\/\/www.fiscalia.gov.co\/colombia\/\",\"logo\":{\"@type\":\"ImageObject\",\"inLanguage\":\"es-CO\",\"@id\":\"https:\/\/www.fiscalia.gov.co\/colombia\/#\/schema\/logo\/image\/\",\"url\":\"https:\/\/www.fiscalia.gov.co\/colombia\/wp-content\/uploads\/LogoHorizontal_1.jpg\",\"contentUrl\":\"https:\/\/www.fiscalia.gov.co\/colombia\/wp-content\/uploads\/LogoHorizontal_1.jpg\",\"width\":300,\"height\":90,\"caption\":\"Fiscal\u00eda General de la Naci\u00f3n\"},\"image\":{\"@id\":\"https:\/\/www.fiscalia.gov.co\/colombia\/#\/schema\/logo\/image\/\"},\"sameAs\":[\"https:\/\/www.facebook.com\/FiscaliaCol\",\"https:\/\/x.com\/FiscaliaCol\",\"https:\/\/www.instagram.com\/fiscaliacol\",\"https:\/\/www.linkedin.com\/company\/fiscalia-general-de-la-naci-n\/\",\"https:\/\/youtube.com\/@fiscaliageneraldelanacion-4668?si=6nN79nyQICPU5iTh\"]},{\"@type\":\"Person\",\"@id\":\"https:\/\/www.fiscalia.gov.co\/colombia\/#\/schema\/person\/bf84402cf293a5393e9c70b111020b24\",\"name\":\"Jordan Leandro Oviedo Anzola\",\"image\":{\"@type\":\"ImageObject\",\"inLanguage\":\"es-CO\",\"@id\":\"https:\/\/www.fiscalia.gov.co\/colombia\/#\/schema\/person\/image\/\",\"url\":\"https:\/\/secure.gravatar.com\/avatar\/dabba4346fa9b9207d96adafa8f92721?s=96&d=mm&r=g\",\"contentUrl\":\"https:\/\/secure.gravatar.com\/avatar\/dabba4346fa9b9207d96adafa8f92721?s=96&d=mm&r=g\",\"caption\":\"Jordan Leandro Oviedo Anzola\"},\"url\":\"https:\/\/www.fiscalia.gov.co\/colombia\/author\/joviedo\/\"}]}<\/script>\n<!-- \/ Yoast SEO plugin. -->","yoast_head_json":{"title":"Fiscal\u00eda General de la Naci\u00f3n","description":"P\u00e1gina oficial de la Fiscal\u00eda General de la Naci\u00f3n \u2013 Colombia. Garantizamos el acceso efectivo a la justicia, la verdad y la reparaci\u00f3n de las v\u00edctimas de los delitos.","robots":{"index":"noindex","follow":"follow"},"og_locale":"es_ES","og_type":"article","og_title":"Fiscal\u00eda General de la Naci\u00f3n","og_description":"P\u00e1gina oficial de la Fiscal\u00eda General de la Naci\u00f3n \u2013 Colombia. Garantizamos el acceso efectivo a la justicia, la verdad y la reparaci\u00f3n de las v\u00edctimas de los delitos.","og_url":"https:\/\/www.fiscalia.gov.co\/colombia\/noticias\/por-hurto-fueron-condenados-cuatro-integrantes-de-los-huesos-y-asegurados-dos-hombres-capturados-en-flagrancia\/","og_site_name":"Fiscal\u00eda General de la Naci\u00f3n","article_publisher":"https:\/\/www.facebook.com\/FiscaliaCol","article_published_time":"2023-01-17T20:19:24+00:00","og_image":[{"url":"https:\/\/www.fiscalia.gov.co\/colombia\/wp-content\/uploads\/Los-Huesos-1024x790.jpeg","type":"","width":"","height":""}],"author":"Jordan Leandro Oviedo Anzola","twitter_card":"summary_large_image","twitter_creator":"@FiscaliaCol","twitter_site":"@FiscaliaCol","twitter_misc":{"Escrito por":"Jordan Leandro Oviedo Anzola","Tiempo de lectura":"3 minutos"},"schema":{"@context":"https:\/\/schema.org","@graph":[{"@type":"Article","@id":"https:\/\/www.fiscalia.gov.co\/colombia\/noticias\/por-hurto-fueron-condenados-cuatro-integrantes-de-los-huesos-y-asegurados-dos-hombres-capturados-en-flagrancia\/#article","isPartOf":{"@id":"https:\/\/www.fiscalia.gov.co\/colombia\/noticias\/por-hurto-fueron-condenados-cuatro-integrantes-de-los-huesos-y-asegurados-dos-hombres-capturados-en-flagrancia\/"},"author":{"name":"Jordan Leandro Oviedo Anzola","@id":"https:\/\/www.fiscalia.gov.co\/colombia\/#\/schema\/person\/bf84402cf293a5393e9c70b111020b24"},"headline":"Por hurto fueron condenados cuatro integrantes de \u2018Los Huesos\u2019 y asegurados dos hombres capturados en flagrancia","datePublished":"2023-01-17T20:19:24+00:00","dateModified":"2023-01-17T20:19:24+00:00","mainEntityOfPage":{"@id":"https:\/\/www.fiscalia.gov.co\/colombia\/noticias\/por-hurto-fueron-condenados-cuatro-integrantes-de-los-huesos-y-asegurados-dos-hombres-capturados-en-flagrancia\/"},"wordCount":590,"publisher":{"@id":"https:\/\/www.fiscalia.gov.co\/colombia\/#organization"},"image":{"@id":"https:\/\/www.fiscalia.gov.co\/colombia\/noticias\/por-hurto-fueron-condenados-cuatro-integrantes-de-los-huesos-y-asegurados-dos-hombres-capturados-en-flagrancia\/#primaryimage"},"thumbnailUrl":"https:\/\/www.fiscalia.gov.co\/colombia\/wp-content\/uploads\/Los-Huesos-1024x790.jpeg","keywords":["Arma de fuego","Condena","estructura delictiva","Garz\u00f3n","Golpes","Huila","Hurto","hurto a vivienda","Los Huesos","Neiva","Neiva (Huila)","pertenencias"],"articleSection":["Noticias","Seccional Neiva","Seccionales","Seguridad territorial"],"inLanguage":"es-CO"},{"@type":"WebPage","@id":"https:\/\/www.fiscalia.gov.co\/colombia\/noticias\/por-hurto-fueron-condenados-cuatro-integrantes-de-los-huesos-y-asegurados-dos-hombres-capturados-en-flagrancia\/","url":"https:\/\/www.fiscalia.gov.co\/colombia\/noticias\/por-hurto-fueron-condenados-cuatro-integrantes-de-los-huesos-y-asegurados-dos-hombres-capturados-en-flagrancia\/","name":"Fiscal\u00eda General de la Naci\u00f3n","isPartOf":{"@id":"https:\/\/www.fiscalia.gov.co\/colombia\/#website"},"primaryImageOfPage":{"@id":"https:\/\/www.fiscalia.gov.co\/colombia\/noticias\/por-hurto-fueron-condenados-cuatro-integrantes-de-los-huesos-y-asegurados-dos-hombres-capturados-en-flagrancia\/#primaryimage"},"image":{"@id":"https:\/\/www.fiscalia.gov.co\/colombia\/noticias\/por-hurto-fueron-condenados-cuatro-integrantes-de-los-huesos-y-asegurados-dos-hombres-capturados-en-flagrancia\/#primaryimage"},"thumbnailUrl":"https:\/\/www.fiscalia.gov.co\/colombia\/wp-content\/uploads\/Los-Huesos-1024x790.jpeg","datePublished":"2023-01-17T20:19:24+00:00","dateModified":"2023-01-17T20:19:24+00:00","description":"P\u00e1gina oficial de la Fiscal\u00eda General de la Naci\u00f3n \u2013 Colombia. Garantizamos el acceso efectivo a la justicia, la verdad y la reparaci\u00f3n de las v\u00edctimas de los delitos.","breadcrumb":{"@id":"https:\/\/www.fiscalia.gov.co\/colombia\/noticias\/por-hurto-fueron-condenados-cuatro-integrantes-de-los-huesos-y-asegurados-dos-hombres-capturados-en-flagrancia\/#breadcrumb"},"inLanguage":"es-CO","potentialAction":[{"@type":"ReadAction","target":["https:\/\/www.fiscalia.gov.co\/colombia\/noticias\/por-hurto-fueron-condenados-cuatro-integrantes-de-los-huesos-y-asegurados-dos-hombres-capturados-en-flagrancia\/"]}]},{"@type":"ImageObject","inLanguage":"es-CO","@id":"https:\/\/www.fiscalia.gov.co\/colombia\/noticias\/por-hurto-fueron-condenados-cuatro-integrantes-de-los-huesos-y-asegurados-dos-hombres-capturados-en-flagrancia\/#primaryimage","url":"https:\/\/www.fiscalia.gov.co\/colombia\/wp-content\/uploads\/Los-Huesos-1024x790.jpeg","contentUrl":"https:\/\/www.fiscalia.gov.co\/colombia\/wp-content\/uploads\/Los-Huesos-1024x790.jpeg"},{"@type":"BreadcrumbList","@id":"https:\/\/www.fiscalia.gov.co\/colombia\/noticias\/por-hurto-fueron-condenados-cuatro-integrantes-de-los-huesos-y-asegurados-dos-hombres-capturados-en-flagrancia\/#breadcrumb","itemListElement":[{"@type":"ListItem","position":1,"name":"Home","item":"https:\/\/www.fiscalia.gov.co\/colombia\/"},{"@type":"ListItem","position":2,"name":"Por hurto fueron condenados cuatro integrantes de \u2018Los Huesos\u2019 y asegurados dos hombres capturados en flagrancia"}]},{"@type":"WebSite","@id":"https:\/\/www.fiscalia.gov.co\/colombia\/#website","url":"https:\/\/www.fiscalia.gov.co\/colombia\/","name":"Fiscal\u00eda General de la Naci\u00f3n","description":"P\u00e1gina oficial de la Fiscal\u00eda General de la Naci\u00f3n \u2013 Colombia. Garantizamos el acceso efectivo a la justicia, la verdad y la reparaci\u00f3n de las v\u00edctimas de los delitos.","publisher":{"@id":"https:\/\/www.fiscalia.gov.co\/colombia\/#organization"},"potentialAction":[{"@type":"SearchAction","target":{"@type":"EntryPoint","urlTemplate":"https:\/\/www.fiscalia.gov.co\/colombia\/?s={search_term_string}"},"query-input":{"@type":"PropertyValueSpecification","valueRequired":true,"valueName":"search_term_string"}}],"inLanguage":"es-CO"},{"@type":"Organization","@id":"https:\/\/www.fiscalia.gov.co\/colombia\/#organization","name":"Fiscal\u00eda General de la Naci\u00f3n","url":"https:\/\/www.fiscalia.gov.co\/colombia\/","logo":{"@type":"ImageObject","inLanguage":"es-CO","@id":"https:\/\/www.fiscalia.gov.co\/colombia\/#\/schema\/logo\/image\/","url":"https:\/\/www.fiscalia.gov.co\/colombia\/wp-content\/uploads\/LogoHorizontal_1.jpg","contentUrl":"https:\/\/www.fiscalia.gov.co\/colombia\/wp-content\/uploads\/LogoHorizontal_1.jpg","width":300,"height":90,"caption":"Fiscal\u00eda General de la Naci\u00f3n"},"image":{"@id":"https:\/\/www.fiscalia.gov.co\/colombia\/#\/schema\/logo\/image\/"},"sameAs":["https:\/\/www.facebook.com\/FiscaliaCol","https:\/\/x.com\/FiscaliaCol","https:\/\/www.instagram.com\/fiscaliacol","https:\/\/www.linkedin.com\/company\/fiscalia-general-de-la-naci-n\/","https:\/\/youtube.com\/@fiscaliageneraldelanacion-4668?si=6nN79nyQICPU5iTh"]},{"@type":"Person","@id":"https:\/\/www.fiscalia.gov.co\/colombia\/#\/schema\/person\/bf84402cf293a5393e9c70b111020b24","name":"Jordan Leandro Oviedo Anzola","image":{"@type":"ImageObject","inLanguage":"es-CO","@id":"https:\/\/www.fiscalia.gov.co\/colombia\/#\/schema\/person\/image\/","url":"https:\/\/secure.gravatar.com\/avatar\/dabba4346fa9b9207d96adafa8f92721?s=96&d=mm&r=g","contentUrl":"https:\/\/secure.gravatar.com\/avatar\/dabba4346fa9b9207d96adafa8f92721?s=96&d=mm&r=g","caption":"Jordan Leandro Oviedo Anzola"},"url":"https:\/\/www.fiscalia.gov.co\/colombia\/author\/joviedo\/"}]}},"_links":{"self":[{"href":"https:\/\/www.fiscalia.gov.co\/colombia\/wp-json\/wp\/v2\/posts\/264185","targetHints":{"allow":["GET"]}}],"collection":[{"href":"https:\/\/www.fiscalia.gov.co\/colombia\/wp-json\/wp\/v2\/posts"}],"about":[{"href":"https:\/\/www.fiscalia.gov.co\/colombia\/wp-json\/wp\/v2\/types\/post"}],"author":[{"embeddable":true,"href":"https:\/\/www.fiscalia.gov.co\/colombia\/wp-json\/wp\/v2\/users\/177"}],"replies":[{"embeddable":true,"href":"https:\/\/www.fiscalia.gov.co\/colombia\/wp-json\/wp\/v2\/comments?post=264185"}],"version-history":[{"count":2,"href":"https:\/\/www.fiscalia.gov.co\/colombia\/wp-json\/wp\/v2\/posts\/264185\/revisions"}],"predecessor-version":[{"id":264189,"href":"https:\/\/www.fiscalia.gov.co\/colombia\/wp-json\/wp\/v2\/posts\/264185\/revisions\/264189"}],"wp:attachment":[{"href":"https:\/\/www.fiscalia.gov.co\/colombia\/wp-json\/wp\/v2\/media?parent=264185"}],"wp:term":[{"taxonomy":"category","embeddable":true,"href":"https:\/\/www.fiscalia.gov.co\/colombia\/wp-json\/wp\/v2\/categories?post=264185"},{"taxonomy":"post_tag","embeddable":true,"href":"https:\/\/www.fiscalia.gov.co\/colombia\/wp-json\/wp\/v2\/tags?post=264185"}],"curies":[{"name":"wp","href":"https:\/\/api.w.org\/{rel}","templated":true}]}}