{"id":264170,"date":"2023-01-17T12:43:32","date_gmt":"2023-01-17T17:43:32","guid":{"rendered":"https:\/\/www.fiscalia.gov.co\/colombia\/?p=264170"},"modified":"2023-01-17T12:43:32","modified_gmt":"2023-01-17T17:43:32","slug":"en-buga-y-tulua-fueron-judicializados-dos-hombres-presuntamente-implicados-en-violencia-intrafamiliar","status":"publish","type":"post","link":"https:\/\/www.fiscalia.gov.co\/colombia\/noticias\/en-buga-y-tulua-fueron-judicializados-dos-hombres-presuntamente-implicados-en-violencia-intrafamiliar\/","title":{"rendered":"En Buga y Tulu\u00e1 fueron judicializados dos hombres, presuntamente implicados en violencia intrafamiliar"},"content":{"rendered":"<p>La Seccional Valle del Cauca del Fiscal\u00eda General de la Naci\u00f3n judicializ\u00f3 a dos hombres, presuntamente, implicados en violencia intrafamiliar contra sus compa\u00f1eras sentimentales.<u><\/u><\/p>\n<p>Ambos hechos est\u00e1n relacionados con episodios de violencia f\u00edsica y psicol\u00f3gica en los que habr\u00edan incurrido los posibles agresores contra sus parejas. Estos hechos se presentaron de manera independiente en dos municipios del Valle del Cauca.<\/p>\n<figure id=\"attachment_264171\" aria-describedby=\"caption-attachment-264171\" style=\"width: 696px\" class=\"wp-caption aligncenter\"><img loading=\"lazy\" decoding=\"async\" class=\"size-large wp-image-264171\" src=\"https:\/\/www.fiscalia.gov.co\/colombia\/wp-content\/uploads\/Yulian-Andrey-Ramirez-Carvajal.-Violencia-intrafamiliar-Agravada.-Buga-Valle.-1024x864.jpg\" alt=\"En la foto aparece, de pie, Yuli\u00e1n Andrey Ram\u00edrez Carvajal, con los brazos adelante y esposado. Viste camisa color lila con azul, con franja blanca y manga corta; as\u00ed como pantal\u00f3n caf\u00e9 claro. Al lado derecho de \u00e9l hay un uniformado de la Polic\u00eda Nacional. Al lado izquierdo de \u00e9l hay un servidor del CTI de la Fiscal\u00eda. Delante de ellos hay una superficie oscura y sobre ella un letrero que dice \u2018orden judicial\u2019. Detr\u00e1s de ellos hay un pend\u00f3n institucional de la Polic\u00eda.\" width=\"696\" height=\"587\" srcset=\"https:\/\/www.fiscalia.gov.co\/colombia\/wp-content\/uploads\/Yulian-Andrey-Ramirez-Carvajal.-Violencia-intrafamiliar-Agravada.-Buga-Valle.-1024x864.jpg 1024w, https:\/\/www.fiscalia.gov.co\/colombia\/wp-content\/uploads\/Yulian-Andrey-Ramirez-Carvajal.-Violencia-intrafamiliar-Agravada.-Buga-Valle.-300x253.jpg 300w, https:\/\/www.fiscalia.gov.co\/colombia\/wp-content\/uploads\/Yulian-Andrey-Ramirez-Carvajal.-Violencia-intrafamiliar-Agravada.-Buga-Valle.-768x648.jpg 768w, https:\/\/www.fiscalia.gov.co\/colombia\/wp-content\/uploads\/Yulian-Andrey-Ramirez-Carvajal.-Violencia-intrafamiliar-Agravada.-Buga-Valle.-696x587.jpg 696w, https:\/\/www.fiscalia.gov.co\/colombia\/wp-content\/uploads\/Yulian-Andrey-Ramirez-Carvajal.-Violencia-intrafamiliar-Agravada.-Buga-Valle.-1068x901.jpg 1068w, https:\/\/www.fiscalia.gov.co\/colombia\/wp-content\/uploads\/Yulian-Andrey-Ramirez-Carvajal.-Violencia-intrafamiliar-Agravada.-Buga-Valle.-498x420.jpg 498w, https:\/\/www.fiscalia.gov.co\/colombia\/wp-content\/uploads\/Yulian-Andrey-Ramirez-Carvajal.-Violencia-intrafamiliar-Agravada.-Buga-Valle..jpg 1280w\" sizes=\"auto, (max-width: 696px) 100vw, 696px\" \/><figcaption id=\"caption-attachment-264171\" class=\"wp-caption-text\">Yuli\u00e1n Andrey Ram\u00edrez Carvajal. Buga (Valle).<\/figcaption><\/figure>\n<p>En Buga, servidores del Cuerpo T\u00e9cnico de Investigaci\u00f3n (CTI) y la Polic\u00eda Nacional capturaron a Yuli\u00e1n Andrey Ram\u00edrez Carvajal, presuntamente, responsable de maltratar durante 9 a\u00f1os a su pareja. Entre tanto, en Tulu\u00e1 fue privado de la libertad Jos\u00e9 Wilder Z\u00fa\u00f1iga quien, al parecer, habr\u00eda amenazado de muerte a su compa\u00f1era.<\/p>\n<figure id=\"attachment_264172\" aria-describedby=\"caption-attachment-264172\" style=\"width: 696px\" class=\"wp-caption aligncenter\"><img loading=\"lazy\" decoding=\"async\" class=\"size-large wp-image-264172\" src=\"https:\/\/www.fiscalia.gov.co\/colombia\/wp-content\/uploads\/Jose-Wilder-Zuniga.-Violencia-intrafamiliar-Agravada.-Tulua-Valle.-990x1024.jpg\" alt=\"En la foto aparece, de pie, Jos\u00e9 Wilder Z\u00fa\u00f1iga, con los brazos atr\u00e1s. Viste camiseta amarilla, pantal\u00f3n oscuro y zapatillas blancas. A lado y lado de \u00e9l hay uniformados de la Polic\u00eda Nacional. Detr\u00e1s de ellos hay un pend\u00f3n institucional de la Polic\u00eda.\" width=\"696\" height=\"720\" srcset=\"https:\/\/www.fiscalia.gov.co\/colombia\/wp-content\/uploads\/Jose-Wilder-Zuniga.-Violencia-intrafamiliar-Agravada.-Tulua-Valle.-990x1024.jpg 990w, https:\/\/www.fiscalia.gov.co\/colombia\/wp-content\/uploads\/Jose-Wilder-Zuniga.-Violencia-intrafamiliar-Agravada.-Tulua-Valle.-290x300.jpg 290w, https:\/\/www.fiscalia.gov.co\/colombia\/wp-content\/uploads\/Jose-Wilder-Zuniga.-Violencia-intrafamiliar-Agravada.-Tulua-Valle.-768x794.jpg 768w, https:\/\/www.fiscalia.gov.co\/colombia\/wp-content\/uploads\/Jose-Wilder-Zuniga.-Violencia-intrafamiliar-Agravada.-Tulua-Valle.-696x720.jpg 696w, https:\/\/www.fiscalia.gov.co\/colombia\/wp-content\/uploads\/Jose-Wilder-Zuniga.-Violencia-intrafamiliar-Agravada.-Tulua-Valle.-1068x1104.jpg 1068w, https:\/\/www.fiscalia.gov.co\/colombia\/wp-content\/uploads\/Jose-Wilder-Zuniga.-Violencia-intrafamiliar-Agravada.-Tulua-Valle.-406x420.jpg 406w, https:\/\/www.fiscalia.gov.co\/colombia\/wp-content\/uploads\/Jose-Wilder-Zuniga.-Violencia-intrafamiliar-Agravada.-Tulua-Valle..jpg 1238w\" sizes=\"auto, (max-width: 696px) 100vw, 696px\" \/><figcaption id=\"caption-attachment-264172\" class=\"wp-caption-text\">Jos\u00e9 Wilder Z\u00fa\u00f1iga. Tulu\u00e1 (Valle).<\/figcaption><\/figure>\n<p>Por estos hechos la Fiscal\u00eda imput\u00f3 a los capturados el delito de\u00a0<a href=\"https:\/\/www.fiscalia.gov.co\/colombia\/noticias\/judicializados-dos-hombres-por-el-delito-de-violencia-intrafamiliar-agravada-en-mitu\/\" target=\"_blank\" rel=\"noopener\" data-saferedirecturl=\"https:\/\/www.google.com\/url?q=https:\/\/www.fiscalia.gov.co\/colombia\/noticias\/judicializados-dos-hombres-por-el-delito-de-violencia-intrafamiliar-agravada-en-mitu\/&amp;source=gmail&amp;ust=1674063256134000&amp;usg=AOvVaw0_M0kFgZWgC7gor2N6yDfW\">violencia intrafamiliar agravada<\/a>. Ambos deber\u00e1n cumplir la medida de aseguramiento en centros carcelarios.<\/p>\n<p>Esta informaci\u00f3n se publica por razones de inter\u00e9s general.<\/p>\n<p><b>La Fiscal\u00eda habla con resultados.<\/b><\/p>\n<p>&nbsp;<\/p>\n<p>&nbsp;<\/p>\n<p>&nbsp;<\/p>\n<p>&nbsp;<\/p>\n<p>&nbsp;<\/p>\n<p>MAP\/MAGA\/SMLR\/DSVC\/<\/p>\n<p>&nbsp;<\/p>\n<p>&nbsp;<\/p>\n<p>&nbsp;<\/p>\n<p><em><span lang=\"ES\">La informaci\u00f3n contenida en este bolet\u00edn de prensa corresponde a la narraci\u00f3n de los hechos noticiosos objetivos, suministrados por los funcionarios encargados de adelantar las investigaciones penales al interior de la Fiscal\u00eda General de la Naci\u00f3n. Para el momento de la divulgaci\u00f3n de este comunicado, la situaci\u00f3n jur\u00eddica de la(s) persona(s) relacionada(s) se encuentra pendiente de resolver por la autoridad judicial competente, siempre bajo los preceptos de la presunci\u00f3n de inocencia, consagrados en el art\u00edculo 29 de la Constituci\u00f3n Pol\u00edtica y el art\u00edculo 7\u00ba de la Ley 906 de 2004.<\/span><\/em><\/p>\n\n<div class=\"twitter-share\"><a href=\"https:\/\/twitter.com\/intent\/tweet?via=fiscaliacol\" class=\"twitter-share-button\">Tweet<\/a><\/div>\n","protected":false},"excerpt":{"rendered":"<p>La Seccional Valle del Cauca del Fiscal\u00eda General de la Naci\u00f3n judicializ\u00f3 a dos hombres, presuntamente, implicados en violencia intrafamiliar contra sus compa\u00f1eras sentimentales. Ambos hechos est\u00e1n relacionados con episodios de violencia f\u00edsica y psicol\u00f3gica en los que habr\u00edan incurrido los posibles agresores contra sus parejas. Estos hechos se presentaron de manera independiente en dos [&hellip;]<\/p>\n","protected":false},"author":177,"featured_media":0,"comment_status":"closed","ping_status":"open","sticky":false,"template":"","format":"standard","meta":{"_price":"","_stock":"","_tribe_ticket_header":"","_tribe_default_ticket_provider":"","_tribe_ticket_capacity":"0","_ticket_start_date":"","_ticket_end_date":"","_tribe_ticket_show_description":"","_tribe_ticket_show_not_going":false,"_tribe_ticket_use_global_stock":"","_tribe_ticket_global_stock_level":"","_global_stock_mode":"","_global_stock_cap":"","_tribe_rsvp_for_event":"","_tribe_ticket_going_count":"","_tribe_ticket_not_going_count":"","_tribe_tickets_list":"[]","_tribe_ticket_has_attendee_info_fields":false,"tdm_status":"","tdm_grid_status":"","footnotes":""},"categories":[1,324,303,24127],"tags":[30437,27643,33684,12424,14550,25944,24551,4140,11533,78,24187,7169,1264,1185,25943,24783,29437,33666],"class_list":{"0":"post-264170","1":"post","2":"type-post","3":"status-publish","4":"format-standard","6":"category-noticias","7":"category-seccional-cali","8":"category-seccionales","9":"category-violencia-sexual-e-intrafamiliar","10":"tag-alias-el-flaco","11":"tag-arma-traumatica","12":"tag-buga-y-tulua-valle-del-cauca","13":"tag-capturado","14":"tag-carcel","15":"tag-cartuchos","16":"tag-centro-carcelario","17":"tag-fabricacion","18":"tag-fabricacion-o-porte-de-estupefacientes","19":"tag-fiscal-general-de-la-nacion","20":"tag-fiscalia-colombia","21":"tag-flagrancia","22":"tag-marihuana","23":"tag-medida-de-aseguramiento","24":"tag-pistola","25":"tag-registro-y-allanamiento","26":"tag-seccional-valle-del-cauca","27":"tag-trafico-y-porte-de-armas-de-fuego-de-uso-privativo-de-uso-restringido-de-las-fuerzas-armadas-asi-como-trafico"},"yoast_head":"<!-- This site is optimized with the Yoast SEO plugin v24.3 - https:\/\/yoast.com\/wordpress\/plugins\/seo\/ -->\n<title>Fiscal\u00eda General de la Naci\u00f3n<\/title>\n<meta name=\"description\" content=\"P\u00e1gina oficial de la Fiscal\u00eda General de la Naci\u00f3n \u2013 Colombia. Garantizamos el acceso efectivo a la justicia, la verdad y la reparaci\u00f3n de las v\u00edctimas de los delitos.\" \/>\n<meta name=\"robots\" content=\"noindex, follow\" \/>\n<meta property=\"og:locale\" content=\"es_ES\" \/>\n<meta property=\"og:type\" content=\"article\" \/>\n<meta property=\"og:title\" content=\"Fiscal\u00eda General de la Naci\u00f3n\" \/>\n<meta property=\"og:description\" content=\"P\u00e1gina oficial de la Fiscal\u00eda General de la Naci\u00f3n \u2013 Colombia. Garantizamos el acceso efectivo a la justicia, la verdad y la reparaci\u00f3n de las v\u00edctimas de los delitos.\" \/>\n<meta property=\"og:url\" content=\"https:\/\/www.fiscalia.gov.co\/colombia\/noticias\/en-buga-y-tulua-fueron-judicializados-dos-hombres-presuntamente-implicados-en-violencia-intrafamiliar\/\" \/>\n<meta property=\"og:site_name\" content=\"Fiscal\u00eda General de la Naci\u00f3n\" \/>\n<meta property=\"article:publisher\" content=\"https:\/\/www.facebook.com\/FiscaliaCol\" \/>\n<meta property=\"article:published_time\" content=\"2023-01-17T17:43:32+00:00\" \/>\n<meta property=\"og:image\" content=\"https:\/\/www.fiscalia.gov.co\/colombia\/wp-content\/uploads\/Yulian-Andrey-Ramirez-Carvajal.-Violencia-intrafamiliar-Agravada.-Buga-Valle.-1024x864.jpg\" \/>\n<meta name=\"author\" content=\"Jordan Leandro Oviedo Anzola\" \/>\n<meta name=\"twitter:card\" content=\"summary_large_image\" \/>\n<meta name=\"twitter:creator\" content=\"@FiscaliaCol\" \/>\n<meta name=\"twitter:site\" content=\"@FiscaliaCol\" \/>\n<meta name=\"twitter:label1\" content=\"Escrito por\" \/>\n\t<meta name=\"twitter:data1\" content=\"Jordan Leandro Oviedo Anzola\" \/>\n\t<meta name=\"twitter:label2\" content=\"Tiempo de lectura\" \/>\n\t<meta name=\"twitter:data2\" content=\"2 minutos\" \/>\n<script type=\"application\/ld+json\" class=\"yoast-schema-graph\">{\"@context\":\"https:\/\/schema.org\",\"@graph\":[{\"@type\":\"Article\",\"@id\":\"https:\/\/www.fiscalia.gov.co\/colombia\/noticias\/en-buga-y-tulua-fueron-judicializados-dos-hombres-presuntamente-implicados-en-violencia-intrafamiliar\/#article\",\"isPartOf\":{\"@id\":\"https:\/\/www.fiscalia.gov.co\/colombia\/noticias\/en-buga-y-tulua-fueron-judicializados-dos-hombres-presuntamente-implicados-en-violencia-intrafamiliar\/\"},\"author\":{\"name\":\"Jordan Leandro Oviedo Anzola\",\"@id\":\"https:\/\/www.fiscalia.gov.co\/colombia\/#\/schema\/person\/bf84402cf293a5393e9c70b111020b24\"},\"headline\":\"En Buga y Tulu\u00e1 fueron judicializados dos hombres, presuntamente implicados en violencia intrafamiliar\",\"datePublished\":\"2023-01-17T17:43:32+00:00\",\"dateModified\":\"2023-01-17T17:43:32+00:00\",\"mainEntityOfPage\":{\"@id\":\"https:\/\/www.fiscalia.gov.co\/colombia\/noticias\/en-buga-y-tulua-fueron-judicializados-dos-hombres-presuntamente-implicados-en-violencia-intrafamiliar\/\"},\"wordCount\":325,\"publisher\":{\"@id\":\"https:\/\/www.fiscalia.gov.co\/colombia\/#organization\"},\"image\":{\"@id\":\"https:\/\/www.fiscalia.gov.co\/colombia\/noticias\/en-buga-y-tulua-fueron-judicializados-dos-hombres-presuntamente-implicados-en-violencia-intrafamiliar\/#primaryimage\"},\"thumbnailUrl\":\"https:\/\/www.fiscalia.gov.co\/colombia\/wp-content\/uploads\/Yulian-Andrey-Ramirez-Carvajal.-Violencia-intrafamiliar-Agravada.-Buga-Valle.-1024x864.jpg\",\"keywords\":[\"alias el Flaco\",\"arma traum\u00e1tica\",\"Buga y Tulu\u00e1 (Valle del Cauca)\",\"Capturado\",\"C\u00e1rcel\",\"cartuchos\",\"centro carcelario\",\"Fabricaci\u00f3n\",\"fabricaci\u00f3n o porte de estupefacientes\",\"Fiscal General de la Naci\u00f3n\",\"Fiscal\u00eda Colombia\",\"Flagrancia\",\"Marihuana\",\"Medida de aseguramiento\",\"pistola\",\"registro y allanamiento.\",\"Seccional Valle del Cauca\",\"tr\u00e1fico y porte de armas de fuego de uso privativo de uso restringido de las Fuerzas Armadas; as\u00ed como tr\u00e1fico\"],\"articleSection\":[\"Noticias\",\"Seccional Cali\",\"Seccionales\",\"Violencia sexual e intrafamiliar\"],\"inLanguage\":\"es-CO\"},{\"@type\":\"WebPage\",\"@id\":\"https:\/\/www.fiscalia.gov.co\/colombia\/noticias\/en-buga-y-tulua-fueron-judicializados-dos-hombres-presuntamente-implicados-en-violencia-intrafamiliar\/\",\"url\":\"https:\/\/www.fiscalia.gov.co\/colombia\/noticias\/en-buga-y-tulua-fueron-judicializados-dos-hombres-presuntamente-implicados-en-violencia-intrafamiliar\/\",\"name\":\"Fiscal\u00eda General de la Naci\u00f3n\",\"isPartOf\":{\"@id\":\"https:\/\/www.fiscalia.gov.co\/colombia\/#website\"},\"primaryImageOfPage\":{\"@id\":\"https:\/\/www.fiscalia.gov.co\/colombia\/noticias\/en-buga-y-tulua-fueron-judicializados-dos-hombres-presuntamente-implicados-en-violencia-intrafamiliar\/#primaryimage\"},\"image\":{\"@id\":\"https:\/\/www.fiscalia.gov.co\/colombia\/noticias\/en-buga-y-tulua-fueron-judicializados-dos-hombres-presuntamente-implicados-en-violencia-intrafamiliar\/#primaryimage\"},\"thumbnailUrl\":\"https:\/\/www.fiscalia.gov.co\/colombia\/wp-content\/uploads\/Yulian-Andrey-Ramirez-Carvajal.-Violencia-intrafamiliar-Agravada.-Buga-Valle.-1024x864.jpg\",\"datePublished\":\"2023-01-17T17:43:32+00:00\",\"dateModified\":\"2023-01-17T17:43:32+00:00\",\"description\":\"P\u00e1gina oficial de la Fiscal\u00eda General de la Naci\u00f3n \u2013 Colombia. Garantizamos el acceso efectivo a la justicia, la verdad y la reparaci\u00f3n de las v\u00edctimas de los delitos.\",\"breadcrumb\":{\"@id\":\"https:\/\/www.fiscalia.gov.co\/colombia\/noticias\/en-buga-y-tulua-fueron-judicializados-dos-hombres-presuntamente-implicados-en-violencia-intrafamiliar\/#breadcrumb\"},\"inLanguage\":\"es-CO\",\"potentialAction\":[{\"@type\":\"ReadAction\",\"target\":[\"https:\/\/www.fiscalia.gov.co\/colombia\/noticias\/en-buga-y-tulua-fueron-judicializados-dos-hombres-presuntamente-implicados-en-violencia-intrafamiliar\/\"]}]},{\"@type\":\"ImageObject\",\"inLanguage\":\"es-CO\",\"@id\":\"https:\/\/www.fiscalia.gov.co\/colombia\/noticias\/en-buga-y-tulua-fueron-judicializados-dos-hombres-presuntamente-implicados-en-violencia-intrafamiliar\/#primaryimage\",\"url\":\"https:\/\/www.fiscalia.gov.co\/colombia\/wp-content\/uploads\/Yulian-Andrey-Ramirez-Carvajal.-Violencia-intrafamiliar-Agravada.-Buga-Valle..jpg\",\"contentUrl\":\"https:\/\/www.fiscalia.gov.co\/colombia\/wp-content\/uploads\/Yulian-Andrey-Ramirez-Carvajal.-Violencia-intrafamiliar-Agravada.-Buga-Valle..jpg\",\"width\":1280,\"height\":1080,\"caption\":\"Yuli\u00e1n Andrey Ram\u00edrez Carvajal. Buga (Valle).\"},{\"@type\":\"BreadcrumbList\",\"@id\":\"https:\/\/www.fiscalia.gov.co\/colombia\/noticias\/en-buga-y-tulua-fueron-judicializados-dos-hombres-presuntamente-implicados-en-violencia-intrafamiliar\/#breadcrumb\",\"itemListElement\":[{\"@type\":\"ListItem\",\"position\":1,\"name\":\"Home\",\"item\":\"https:\/\/www.fiscalia.gov.co\/colombia\/\"},{\"@type\":\"ListItem\",\"position\":2,\"name\":\"En Buga y Tulu\u00e1 fueron judicializados dos hombres, presuntamente implicados en violencia intrafamiliar\"}]},{\"@type\":\"WebSite\",\"@id\":\"https:\/\/www.fiscalia.gov.co\/colombia\/#website\",\"url\":\"https:\/\/www.fiscalia.gov.co\/colombia\/\",\"name\":\"Fiscal\u00eda General de la Naci\u00f3n\",\"description\":\"P\u00e1gina oficial de la Fiscal\u00eda General de la Naci\u00f3n \u2013 Colombia. Garantizamos el acceso efectivo a la justicia, la verdad y la reparaci\u00f3n de las v\u00edctimas de los delitos.\",\"publisher\":{\"@id\":\"https:\/\/www.fiscalia.gov.co\/colombia\/#organization\"},\"potentialAction\":[{\"@type\":\"SearchAction\",\"target\":{\"@type\":\"EntryPoint\",\"urlTemplate\":\"https:\/\/www.fiscalia.gov.co\/colombia\/?s={search_term_string}\"},\"query-input\":{\"@type\":\"PropertyValueSpecification\",\"valueRequired\":true,\"valueName\":\"search_term_string\"}}],\"inLanguage\":\"es-CO\"},{\"@type\":\"Organization\",\"@id\":\"https:\/\/www.fiscalia.gov.co\/colombia\/#organization\",\"name\":\"Fiscal\u00eda General de la Naci\u00f3n\",\"url\":\"https:\/\/www.fiscalia.gov.co\/colombia\/\",\"logo\":{\"@type\":\"ImageObject\",\"inLanguage\":\"es-CO\",\"@id\":\"https:\/\/www.fiscalia.gov.co\/colombia\/#\/schema\/logo\/image\/\",\"url\":\"https:\/\/www.fiscalia.gov.co\/colombia\/wp-content\/uploads\/LogoHorizontal_1.jpg\",\"contentUrl\":\"https:\/\/www.fiscalia.gov.co\/colombia\/wp-content\/uploads\/LogoHorizontal_1.jpg\",\"width\":300,\"height\":90,\"caption\":\"Fiscal\u00eda General de la Naci\u00f3n\"},\"image\":{\"@id\":\"https:\/\/www.fiscalia.gov.co\/colombia\/#\/schema\/logo\/image\/\"},\"sameAs\":[\"https:\/\/www.facebook.com\/FiscaliaCol\",\"https:\/\/x.com\/FiscaliaCol\",\"https:\/\/www.instagram.com\/fiscaliacol\",\"https:\/\/www.linkedin.com\/company\/fiscalia-general-de-la-naci-n\/\",\"https:\/\/youtube.com\/@fiscaliageneraldelanacion-4668?si=6nN79nyQICPU5iTh\"]},{\"@type\":\"Person\",\"@id\":\"https:\/\/www.fiscalia.gov.co\/colombia\/#\/schema\/person\/bf84402cf293a5393e9c70b111020b24\",\"name\":\"Jordan Leandro Oviedo Anzola\",\"image\":{\"@type\":\"ImageObject\",\"inLanguage\":\"es-CO\",\"@id\":\"https:\/\/www.fiscalia.gov.co\/colombia\/#\/schema\/person\/image\/\",\"url\":\"https:\/\/secure.gravatar.com\/avatar\/dabba4346fa9b9207d96adafa8f92721?s=96&d=mm&r=g\",\"contentUrl\":\"https:\/\/secure.gravatar.com\/avatar\/dabba4346fa9b9207d96adafa8f92721?s=96&d=mm&r=g\",\"caption\":\"Jordan Leandro Oviedo Anzola\"},\"url\":\"https:\/\/www.fiscalia.gov.co\/colombia\/author\/joviedo\/\"}]}<\/script>\n<!-- \/ Yoast SEO plugin. -->","yoast_head_json":{"title":"Fiscal\u00eda General de la Naci\u00f3n","description":"P\u00e1gina oficial de la Fiscal\u00eda General de la Naci\u00f3n \u2013 Colombia. Garantizamos el acceso efectivo a la justicia, la verdad y la reparaci\u00f3n de las v\u00edctimas de los delitos.","robots":{"index":"noindex","follow":"follow"},"og_locale":"es_ES","og_type":"article","og_title":"Fiscal\u00eda General de la Naci\u00f3n","og_description":"P\u00e1gina oficial de la Fiscal\u00eda General de la Naci\u00f3n \u2013 Colombia. Garantizamos el acceso efectivo a la justicia, la verdad y la reparaci\u00f3n de las v\u00edctimas de los delitos.","og_url":"https:\/\/www.fiscalia.gov.co\/colombia\/noticias\/en-buga-y-tulua-fueron-judicializados-dos-hombres-presuntamente-implicados-en-violencia-intrafamiliar\/","og_site_name":"Fiscal\u00eda General de la Naci\u00f3n","article_publisher":"https:\/\/www.facebook.com\/FiscaliaCol","article_published_time":"2023-01-17T17:43:32+00:00","og_image":[{"url":"https:\/\/www.fiscalia.gov.co\/colombia\/wp-content\/uploads\/Yulian-Andrey-Ramirez-Carvajal.-Violencia-intrafamiliar-Agravada.-Buga-Valle.-1024x864.jpg","type":"","width":"","height":""}],"author":"Jordan Leandro Oviedo Anzola","twitter_card":"summary_large_image","twitter_creator":"@FiscaliaCol","twitter_site":"@FiscaliaCol","twitter_misc":{"Escrito por":"Jordan Leandro Oviedo Anzola","Tiempo de lectura":"2 minutos"},"schema":{"@context":"https:\/\/schema.org","@graph":[{"@type":"Article","@id":"https:\/\/www.fiscalia.gov.co\/colombia\/noticias\/en-buga-y-tulua-fueron-judicializados-dos-hombres-presuntamente-implicados-en-violencia-intrafamiliar\/#article","isPartOf":{"@id":"https:\/\/www.fiscalia.gov.co\/colombia\/noticias\/en-buga-y-tulua-fueron-judicializados-dos-hombres-presuntamente-implicados-en-violencia-intrafamiliar\/"},"author":{"name":"Jordan Leandro Oviedo Anzola","@id":"https:\/\/www.fiscalia.gov.co\/colombia\/#\/schema\/person\/bf84402cf293a5393e9c70b111020b24"},"headline":"En Buga y Tulu\u00e1 fueron judicializados dos hombres, presuntamente implicados en violencia intrafamiliar","datePublished":"2023-01-17T17:43:32+00:00","dateModified":"2023-01-17T17:43:32+00:00","mainEntityOfPage":{"@id":"https:\/\/www.fiscalia.gov.co\/colombia\/noticias\/en-buga-y-tulua-fueron-judicializados-dos-hombres-presuntamente-implicados-en-violencia-intrafamiliar\/"},"wordCount":325,"publisher":{"@id":"https:\/\/www.fiscalia.gov.co\/colombia\/#organization"},"image":{"@id":"https:\/\/www.fiscalia.gov.co\/colombia\/noticias\/en-buga-y-tulua-fueron-judicializados-dos-hombres-presuntamente-implicados-en-violencia-intrafamiliar\/#primaryimage"},"thumbnailUrl":"https:\/\/www.fiscalia.gov.co\/colombia\/wp-content\/uploads\/Yulian-Andrey-Ramirez-Carvajal.-Violencia-intrafamiliar-Agravada.-Buga-Valle.-1024x864.jpg","keywords":["alias el Flaco","arma traum\u00e1tica","Buga y Tulu\u00e1 (Valle del Cauca)","Capturado","C\u00e1rcel","cartuchos","centro carcelario","Fabricaci\u00f3n","fabricaci\u00f3n o porte de estupefacientes","Fiscal General de la Naci\u00f3n","Fiscal\u00eda Colombia","Flagrancia","Marihuana","Medida de aseguramiento","pistola","registro y allanamiento.","Seccional Valle del Cauca","tr\u00e1fico y porte de armas de fuego de uso privativo de uso restringido de las Fuerzas Armadas; as\u00ed como tr\u00e1fico"],"articleSection":["Noticias","Seccional Cali","Seccionales","Violencia sexual e intrafamiliar"],"inLanguage":"es-CO"},{"@type":"WebPage","@id":"https:\/\/www.fiscalia.gov.co\/colombia\/noticias\/en-buga-y-tulua-fueron-judicializados-dos-hombres-presuntamente-implicados-en-violencia-intrafamiliar\/","url":"https:\/\/www.fiscalia.gov.co\/colombia\/noticias\/en-buga-y-tulua-fueron-judicializados-dos-hombres-presuntamente-implicados-en-violencia-intrafamiliar\/","name":"Fiscal\u00eda General de la Naci\u00f3n","isPartOf":{"@id":"https:\/\/www.fiscalia.gov.co\/colombia\/#website"},"primaryImageOfPage":{"@id":"https:\/\/www.fiscalia.gov.co\/colombia\/noticias\/en-buga-y-tulua-fueron-judicializados-dos-hombres-presuntamente-implicados-en-violencia-intrafamiliar\/#primaryimage"},"image":{"@id":"https:\/\/www.fiscalia.gov.co\/colombia\/noticias\/en-buga-y-tulua-fueron-judicializados-dos-hombres-presuntamente-implicados-en-violencia-intrafamiliar\/#primaryimage"},"thumbnailUrl":"https:\/\/www.fiscalia.gov.co\/colombia\/wp-content\/uploads\/Yulian-Andrey-Ramirez-Carvajal.-Violencia-intrafamiliar-Agravada.-Buga-Valle.-1024x864.jpg","datePublished":"2023-01-17T17:43:32+00:00","dateModified":"2023-01-17T17:43:32+00:00","description":"P\u00e1gina oficial de la Fiscal\u00eda General de la Naci\u00f3n \u2013 Colombia. Garantizamos el acceso efectivo a la justicia, la verdad y la reparaci\u00f3n de las v\u00edctimas de los delitos.","breadcrumb":{"@id":"https:\/\/www.fiscalia.gov.co\/colombia\/noticias\/en-buga-y-tulua-fueron-judicializados-dos-hombres-presuntamente-implicados-en-violencia-intrafamiliar\/#breadcrumb"},"inLanguage":"es-CO","potentialAction":[{"@type":"ReadAction","target":["https:\/\/www.fiscalia.gov.co\/colombia\/noticias\/en-buga-y-tulua-fueron-judicializados-dos-hombres-presuntamente-implicados-en-violencia-intrafamiliar\/"]}]},{"@type":"ImageObject","inLanguage":"es-CO","@id":"https:\/\/www.fiscalia.gov.co\/colombia\/noticias\/en-buga-y-tulua-fueron-judicializados-dos-hombres-presuntamente-implicados-en-violencia-intrafamiliar\/#primaryimage","url":"https:\/\/www.fiscalia.gov.co\/colombia\/wp-content\/uploads\/Yulian-Andrey-Ramirez-Carvajal.-Violencia-intrafamiliar-Agravada.-Buga-Valle..jpg","contentUrl":"https:\/\/www.fiscalia.gov.co\/colombia\/wp-content\/uploads\/Yulian-Andrey-Ramirez-Carvajal.-Violencia-intrafamiliar-Agravada.-Buga-Valle..jpg","width":1280,"height":1080,"caption":"Yuli\u00e1n Andrey Ram\u00edrez Carvajal. Buga (Valle)."},{"@type":"BreadcrumbList","@id":"https:\/\/www.fiscalia.gov.co\/colombia\/noticias\/en-buga-y-tulua-fueron-judicializados-dos-hombres-presuntamente-implicados-en-violencia-intrafamiliar\/#breadcrumb","itemListElement":[{"@type":"ListItem","position":1,"name":"Home","item":"https:\/\/www.fiscalia.gov.co\/colombia\/"},{"@type":"ListItem","position":2,"name":"En Buga y Tulu\u00e1 fueron judicializados dos hombres, presuntamente implicados en violencia intrafamiliar"}]},{"@type":"WebSite","@id":"https:\/\/www.fiscalia.gov.co\/colombia\/#website","url":"https:\/\/www.fiscalia.gov.co\/colombia\/","name":"Fiscal\u00eda General de la Naci\u00f3n","description":"P\u00e1gina oficial de la Fiscal\u00eda General de la Naci\u00f3n \u2013 Colombia. Garantizamos el acceso efectivo a la justicia, la verdad y la reparaci\u00f3n de las v\u00edctimas de los delitos.","publisher":{"@id":"https:\/\/www.fiscalia.gov.co\/colombia\/#organization"},"potentialAction":[{"@type":"SearchAction","target":{"@type":"EntryPoint","urlTemplate":"https:\/\/www.fiscalia.gov.co\/colombia\/?s={search_term_string}"},"query-input":{"@type":"PropertyValueSpecification","valueRequired":true,"valueName":"search_term_string"}}],"inLanguage":"es-CO"},{"@type":"Organization","@id":"https:\/\/www.fiscalia.gov.co\/colombia\/#organization","name":"Fiscal\u00eda General de la Naci\u00f3n","url":"https:\/\/www.fiscalia.gov.co\/colombia\/","logo":{"@type":"ImageObject","inLanguage":"es-CO","@id":"https:\/\/www.fiscalia.gov.co\/colombia\/#\/schema\/logo\/image\/","url":"https:\/\/www.fiscalia.gov.co\/colombia\/wp-content\/uploads\/LogoHorizontal_1.jpg","contentUrl":"https:\/\/www.fiscalia.gov.co\/colombia\/wp-content\/uploads\/LogoHorizontal_1.jpg","width":300,"height":90,"caption":"Fiscal\u00eda General de la Naci\u00f3n"},"image":{"@id":"https:\/\/www.fiscalia.gov.co\/colombia\/#\/schema\/logo\/image\/"},"sameAs":["https:\/\/www.facebook.com\/FiscaliaCol","https:\/\/x.com\/FiscaliaCol","https:\/\/www.instagram.com\/fiscaliacol","https:\/\/www.linkedin.com\/company\/fiscalia-general-de-la-naci-n\/","https:\/\/youtube.com\/@fiscaliageneraldelanacion-4668?si=6nN79nyQICPU5iTh"]},{"@type":"Person","@id":"https:\/\/www.fiscalia.gov.co\/colombia\/#\/schema\/person\/bf84402cf293a5393e9c70b111020b24","name":"Jordan Leandro Oviedo Anzola","image":{"@type":"ImageObject","inLanguage":"es-CO","@id":"https:\/\/www.fiscalia.gov.co\/colombia\/#\/schema\/person\/image\/","url":"https:\/\/secure.gravatar.com\/avatar\/dabba4346fa9b9207d96adafa8f92721?s=96&d=mm&r=g","contentUrl":"https:\/\/secure.gravatar.com\/avatar\/dabba4346fa9b9207d96adafa8f92721?s=96&d=mm&r=g","caption":"Jordan Leandro Oviedo Anzola"},"url":"https:\/\/www.fiscalia.gov.co\/colombia\/author\/joviedo\/"}]}},"_links":{"self":[{"href":"https:\/\/www.fiscalia.gov.co\/colombia\/wp-json\/wp\/v2\/posts\/264170","targetHints":{"allow":["GET"]}}],"collection":[{"href":"https:\/\/www.fiscalia.gov.co\/colombia\/wp-json\/wp\/v2\/posts"}],"about":[{"href":"https:\/\/www.fiscalia.gov.co\/colombia\/wp-json\/wp\/v2\/types\/post"}],"author":[{"embeddable":true,"href":"https:\/\/www.fiscalia.gov.co\/colombia\/wp-json\/wp\/v2\/users\/177"}],"replies":[{"embeddable":true,"href":"https:\/\/www.fiscalia.gov.co\/colombia\/wp-json\/wp\/v2\/comments?post=264170"}],"version-history":[{"count":1,"href":"https:\/\/www.fiscalia.gov.co\/colombia\/wp-json\/wp\/v2\/posts\/264170\/revisions"}],"predecessor-version":[{"id":264173,"href":"https:\/\/www.fiscalia.gov.co\/colombia\/wp-json\/wp\/v2\/posts\/264170\/revisions\/264173"}],"wp:attachment":[{"href":"https:\/\/www.fiscalia.gov.co\/colombia\/wp-json\/wp\/v2\/media?parent=264170"}],"wp:term":[{"taxonomy":"category","embeddable":true,"href":"https:\/\/www.fiscalia.gov.co\/colombia\/wp-json\/wp\/v2\/categories?post=264170"},{"taxonomy":"post_tag","embeddable":true,"href":"https:\/\/www.fiscalia.gov.co\/colombia\/wp-json\/wp\/v2\/tags?post=264170"}],"curies":[{"name":"wp","href":"https:\/\/api.w.org\/{rel}","templated":true}]}}