{"id":264115,"date":"2023-01-16T16:37:10","date_gmt":"2023-01-16T21:37:10","guid":{"rendered":"https:\/\/www.fiscalia.gov.co\/colombia\/?p=264115"},"modified":"2023-01-16T16:51:11","modified_gmt":"2023-01-16T21:51:11","slug":"comision-especializada-de-la-fiscalia-establecio-que-no-existio-abuso-sexual-por-parte-de-un-militar-estadounidense-contra-una-menor-de-edad-indigena-en-guaviare","status":"publish","type":"post","link":"https:\/\/www.fiscalia.gov.co\/colombia\/noticias\/comision-especializada-de-la-fiscalia-establecio-que-no-existio-abuso-sexual-por-parte-de-un-militar-estadounidense-contra-una-menor-de-edad-indigena-en-guaviare\/","title":{"rendered":"Comisi\u00f3n especializada de la Fiscal\u00eda estableci\u00f3 que no existi\u00f3 abuso sexual por parte de un militar estadounidense contra una menor de edad ind\u00edgena en Guaviare"},"content":{"rendered":"<ul>\n<li style=\"text-align: left;\">\n<h4><strong><em>Las labores investigativas no detectaron denuncias ni reportes ante las autoridades nacionales y municipales sobre la posible agresi\u00f3n sexual y el beb\u00e9 que habr\u00eda dado a luz la v\u00edctima.<\/em><\/strong><\/h4>\n<\/li>\n<\/ul>\n<ul>\n<li style=\"text-align: left;\">\n<h4><strong><em>El trabajo en la regi\u00f3n contin\u00faa para dinamizar los procesos contra los responsables de abusos sexuales contra ind\u00edgenas. El Fiscal General de la Naci\u00f3n indic\u00f3 que ser\u00e1n investigados los funcionarios que no tramiten oportunamente o ignoren estos casos.<\/em><\/strong><\/h4>\n<\/li>\n<\/ul>\n<p>&nbsp;<\/p>\n<p>Una comisi\u00f3n de la Fiscal\u00eda General de la Naci\u00f3n, conformada por personal de la Direcci\u00f3n Especializada contra las Violaciones a los Derechos Humanos, investigadores, m\u00e9dicos forenses y otros expertos, estableci\u00f3 que no existi\u00f3 el posible abuso sexual por parte de un militar estadounidense contra una ni\u00f1a Nukak Mak\u00fa.<\/p>\n[embedyt] https:\/\/www.youtube.com\/watch?v=igXs9wgB6Mg[\/embedyt]\n<p>\u201cCon esta actividad investigativa, no solo en la Fiscal\u00eda, sino tambi\u00e9n en otras entidades que podr\u00edan estar involucradas, e incluso con la misma comunidad Nukak, se ha concluido que no se ha encontrado nada, repito, nada sobre el caso al que se hizo referencia\u2026\u201d, enfatiz\u00f3 el Fiscal General.<\/p>\n<p>La supuesta agresi\u00f3n fue divulgada por un medio de comunicaci\u00f3n internacional, que tambi\u00e9n asegur\u00f3 que la v\u00edctima habr\u00eda dado a luz a un beb\u00e9. Ante esto, la Fiscal\u00eda realiz\u00f3 varias verificaciones en el hospital departamental, la Registradur\u00eda, Instituto Colombiano de Bienestar Familiar (ICBF), otras entidades del orden nacional y local, y con la misma comunidad ind\u00edgena.<\/p>\n[embedyt] https:\/\/www.youtube.com\/watch?v=Uqyv6qf1nyA[\/embedyt]\n<p>\u201cDirigir\u00e9 una carta al presidente de Univisi\u00f3n para explicarle cada uno de estos temas y el trabajo que hicieron los funcionarios de la Fiscal\u00eda General de la Naci\u00f3n, y que se rectifique esa informaci\u00f3n porque no es ver\u00e1z\u201d, revel\u00f3 el Fiscal Barbosa Delgado.<\/p>\n<p>La comisi\u00f3n de la Fiscal\u00eda continuar\u00e1 en el departamento y realizar\u00e1 una priorizaci\u00f3n de los delitos sexuales y otras graves casos de vulneraci\u00f3n de los derechos contra las mujeres, ni\u00f1os, ni\u00f1as y adolescentes.<\/p>\n[embedyt] https:\/\/www.youtube.com\/watch?v=EKeD187aYmU[\/embedyt]\n<p>\u201cEn primer lugar vamos a fortalecer, en San Jos\u00e9 del Guaviare, los actos urgentes con un fiscal e investigadores dedicados exclusivamente a atender este tipo de delitos en los que las v\u00edctimas son miembros de la comunidad ind\u00edgena (\u2026) vamos a fortalecer esto, hay unos problemas con estas comunidades, que son comunidades n\u00f3madas (\u2026) es una comunidad particular\u201d, precis\u00f3 el Fiscal General de la Naci\u00f3n.<\/p>\n<p>Para la pr\u00e1ctica de los actos urgentes tambi\u00e9n se articular\u00e1n las capacidades de Medicina Legal y los m\u00e9dicos rurales para tener una visi\u00f3n integral; y se har\u00e1n verificaciones en bares y hoteles, entre otros lugares, para identificar hechos en los que se haya afectado la libertad y formaci\u00f3n sexual de ind\u00edgenas menores de edad.<\/p>\n<p>Las consultas realizadas ante el ICBF dan cuenta de 378 casos de abuso sexual contra integrantes de las comunidades ind\u00edgenas de Guaviare. Estos datos ser\u00e1n contrastados con los sistemas misionales de la Fiscal\u00eda para tener claridad sobre el tr\u00e1mite y celeridad que se les ha dado; y para establecer si las v\u00edctimas han recibido atenci\u00f3n oportuna e integral.<\/p>\n[embedyt] https:\/\/www.youtube.com\/watch?v=Qdw3Bvr5-PU[\/embedyt]\n<p>\u201cSi se demuestra negligencia en la atenci\u00f3n de estas v\u00edctimas, de estos delitos, por parte de autoridades departamentales, municipales, nacionales y policiales, se iniciar\u00e1n las investigaciones pertinentes por el posible delito de prevaricato por omisi\u00f3n\u201d, concluy\u00f3 el Fiscal.<\/p>\n<p>LMFO\/JARG\/MRC\/LFOG\/DST\/<\/p>\n<p><strong>La Fiscal\u00eda habla con resultados.<\/strong><\/p>\n<p>&nbsp;<\/p>\n<p><em>La informaci\u00f3n contenida en este bolet\u00edn de prensa corresponde a la narraci\u00f3n de los hechos noticiosos objetivos, suministrados por los funcionarios encargados de adelantar las investigaciones penales al interior de la Fiscal\u00eda General de la Naci\u00f3n. Para el momento de la divulgaci\u00f3n de este comunicado, la situaci\u00f3n jur\u00eddica de la(s) persona(s) relacionada(s) se encuentra pendiente de resolver por la autoridad judicial competente, siempre bajo los preceptos de la presunci\u00f3n de inocencia, consagrados en el art\u00edculo 29 de la Constituci\u00f3n Pol\u00edtica y el art\u00edculo 7\u00ba de la Ley 906 de 2004.<\/em><\/p>\n\n<div class=\"twitter-share\"><a href=\"https:\/\/twitter.com\/intent\/tweet?via=fiscaliacol\" class=\"twitter-share-button\">Tweet<\/a><\/div>\n","protected":false},"excerpt":{"rendered":"<p>Las labores investigativas no detectaron denuncias ni reportes ante las autoridades nacionales y municipales sobre la posible agresi\u00f3n sexual y el beb\u00e9 que habr\u00eda dado a luz la v\u00edctima. El trabajo en la regi\u00f3n contin\u00faa para dinamizar los procesos contra los responsables de abusos sexuales contra ind\u00edgenas. El Fiscal General de la Naci\u00f3n indic\u00f3 que [&hellip;]<\/p>\n","protected":false},"author":175,"featured_media":264123,"comment_status":"closed","ping_status":"open","sticky":false,"template":"","format":"standard","meta":{"_price":"","_stock":"","_tribe_ticket_header":"","_tribe_default_ticket_provider":"","_tribe_ticket_capacity":"0","_ticket_start_date":"","_ticket_end_date":"","_tribe_ticket_show_description":"","_tribe_ticket_show_not_going":false,"_tribe_ticket_use_global_stock":"","_tribe_ticket_global_stock_level":"","_global_stock_mode":"","_global_stock_cap":"","_tribe_rsvp_for_event":"","_tribe_ticket_going_count":"","_tribe_ticket_not_going_count":"","_tribe_tickets_list":"[]","_tribe_ticket_has_attendee_info_fields":false,"tdm_status":"","tdm_grid_status":"","footnotes":""},"categories":[24102,25128,24096,1],"tags":[24189,24526],"class_list":{"0":"post-264115","1":"post","2":"type-post","3":"status-publish","4":"format-standard","5":"has-post-thumbnail","7":"category-derechos-humanos","8":"category-el-fiscal-en-los-territorios","9":"category-fiscal-general-de-la-nacion","10":"category-noticias","11":"tag-fiscal-francisco-barbosa-delgado","12":"tag-fiscal-general-francisco-barbosa-delgado"},"yoast_head":"<!-- This site is optimized with the Yoast SEO plugin v24.3 - https:\/\/yoast.com\/wordpress\/plugins\/seo\/ -->\n<title>Fiscal\u00eda General de la Naci\u00f3n<\/title>\n<meta name=\"description\" content=\"P\u00e1gina oficial de la Fiscal\u00eda General de la Naci\u00f3n \u2013 Colombia. Garantizamos el acceso efectivo a la justicia, la verdad y la reparaci\u00f3n de las v\u00edctimas de los delitos.\" \/>\n<meta name=\"robots\" content=\"noindex, follow\" \/>\n<meta property=\"og:locale\" content=\"es_ES\" \/>\n<meta property=\"og:type\" content=\"article\" \/>\n<meta property=\"og:title\" content=\"Fiscal\u00eda General de la Naci\u00f3n\" \/>\n<meta property=\"og:description\" content=\"P\u00e1gina oficial de la Fiscal\u00eda General de la Naci\u00f3n \u2013 Colombia. Garantizamos el acceso efectivo a la justicia, la verdad y la reparaci\u00f3n de las v\u00edctimas de los delitos.\" \/>\n<meta property=\"og:url\" content=\"https:\/\/www.fiscalia.gov.co\/colombia\/noticias\/comision-especializada-de-la-fiscalia-establecio-que-no-existio-abuso-sexual-por-parte-de-un-militar-estadounidense-contra-una-menor-de-edad-indigena-en-guaviare\/\" \/>\n<meta property=\"og:site_name\" content=\"Fiscal\u00eda General de la Naci\u00f3n\" \/>\n<meta property=\"article:publisher\" content=\"https:\/\/www.facebook.com\/FiscaliaCol\" \/>\n<meta property=\"article:published_time\" content=\"2023-01-16T21:37:10+00:00\" \/>\n<meta property=\"article:modified_time\" content=\"2023-01-16T21:51:11+00:00\" \/>\n<meta property=\"og:image\" content=\"https:\/\/www.fiscalia.gov.co\/colombia\/wp-content\/uploads\/Fiscal-Francisco-Barbosa-Guaviare.jpeg\" \/>\n\t<meta property=\"og:image:width\" content=\"1280\" \/>\n\t<meta property=\"og:image:height\" content=\"853\" \/>\n\t<meta property=\"og:image:type\" content=\"image\/jpeg\" \/>\n<meta name=\"author\" content=\"Katherine Loaiza Mart\u00ednez\" \/>\n<meta name=\"twitter:card\" content=\"summary_large_image\" \/>\n<meta name=\"twitter:creator\" content=\"@FiscaliaCol\" \/>\n<meta name=\"twitter:site\" content=\"@FiscaliaCol\" \/>\n<meta name=\"twitter:label1\" content=\"Escrito por\" \/>\n\t<meta name=\"twitter:data1\" content=\"Katherine Loaiza Mart\u00ednez\" \/>\n\t<meta name=\"twitter:label2\" content=\"Tiempo de lectura\" \/>\n\t<meta name=\"twitter:data2\" content=\"4 minutos\" \/>\n<script type=\"application\/ld+json\" class=\"yoast-schema-graph\">{\"@context\":\"https:\/\/schema.org\",\"@graph\":[{\"@type\":\"Article\",\"@id\":\"https:\/\/www.fiscalia.gov.co\/colombia\/noticias\/comision-especializada-de-la-fiscalia-establecio-que-no-existio-abuso-sexual-por-parte-de-un-militar-estadounidense-contra-una-menor-de-edad-indigena-en-guaviare\/#article\",\"isPartOf\":{\"@id\":\"https:\/\/www.fiscalia.gov.co\/colombia\/noticias\/comision-especializada-de-la-fiscalia-establecio-que-no-existio-abuso-sexual-por-parte-de-un-militar-estadounidense-contra-una-menor-de-edad-indigena-en-guaviare\/\"},\"author\":{\"name\":\"Katherine Loaiza Mart\u00ednez\",\"@id\":\"https:\/\/www.fiscalia.gov.co\/colombia\/#\/schema\/person\/2e76b9aba5ecf875ed565ce4de0e0415\"},\"headline\":\"Comisi\u00f3n especializada de la Fiscal\u00eda estableci\u00f3 que no existi\u00f3 abuso sexual por parte de un militar estadounidense contra una menor de edad ind\u00edgena en Guaviare\",\"datePublished\":\"2023-01-16T21:37:10+00:00\",\"dateModified\":\"2023-01-16T21:51:11+00:00\",\"mainEntityOfPage\":{\"@id\":\"https:\/\/www.fiscalia.gov.co\/colombia\/noticias\/comision-especializada-de-la-fiscalia-establecio-que-no-existio-abuso-sexual-por-parte-de-un-militar-estadounidense-contra-una-menor-de-edad-indigena-en-guaviare\/\"},\"wordCount\":751,\"publisher\":{\"@id\":\"https:\/\/www.fiscalia.gov.co\/colombia\/#organization\"},\"image\":{\"@id\":\"https:\/\/www.fiscalia.gov.co\/colombia\/noticias\/comision-especializada-de-la-fiscalia-establecio-que-no-existio-abuso-sexual-por-parte-de-un-militar-estadounidense-contra-una-menor-de-edad-indigena-en-guaviare\/#primaryimage\"},\"thumbnailUrl\":\"https:\/\/www.fiscalia.gov.co\/colombia\/wp-content\/uploads\/Fiscal-Francisco-Barbosa-Guaviare.jpeg\",\"keywords\":[\"Fiscal Francisco Barbosa Delgado\",\"Fiscal General Francisco Barbosa Delgado\"],\"articleSection\":[\"Derechos Humanos\",\"El Fiscal en los territorios\",\"Fiscal General de la Naci\u00f3n\",\"Noticias\"],\"inLanguage\":\"es-CO\"},{\"@type\":\"WebPage\",\"@id\":\"https:\/\/www.fiscalia.gov.co\/colombia\/noticias\/comision-especializada-de-la-fiscalia-establecio-que-no-existio-abuso-sexual-por-parte-de-un-militar-estadounidense-contra-una-menor-de-edad-indigena-en-guaviare\/\",\"url\":\"https:\/\/www.fiscalia.gov.co\/colombia\/noticias\/comision-especializada-de-la-fiscalia-establecio-que-no-existio-abuso-sexual-por-parte-de-un-militar-estadounidense-contra-una-menor-de-edad-indigena-en-guaviare\/\",\"name\":\"Fiscal\u00eda General de la Naci\u00f3n\",\"isPartOf\":{\"@id\":\"https:\/\/www.fiscalia.gov.co\/colombia\/#website\"},\"primaryImageOfPage\":{\"@id\":\"https:\/\/www.fiscalia.gov.co\/colombia\/noticias\/comision-especializada-de-la-fiscalia-establecio-que-no-existio-abuso-sexual-por-parte-de-un-militar-estadounidense-contra-una-menor-de-edad-indigena-en-guaviare\/#primaryimage\"},\"image\":{\"@id\":\"https:\/\/www.fiscalia.gov.co\/colombia\/noticias\/comision-especializada-de-la-fiscalia-establecio-que-no-existio-abuso-sexual-por-parte-de-un-militar-estadounidense-contra-una-menor-de-edad-indigena-en-guaviare\/#primaryimage\"},\"thumbnailUrl\":\"https:\/\/www.fiscalia.gov.co\/colombia\/wp-content\/uploads\/Fiscal-Francisco-Barbosa-Guaviare.jpeg\",\"datePublished\":\"2023-01-16T21:37:10+00:00\",\"dateModified\":\"2023-01-16T21:51:11+00:00\",\"description\":\"P\u00e1gina oficial de la Fiscal\u00eda General de la Naci\u00f3n \u2013 Colombia. Garantizamos el acceso efectivo a la justicia, la verdad y la reparaci\u00f3n de las v\u00edctimas de los delitos.\",\"breadcrumb\":{\"@id\":\"https:\/\/www.fiscalia.gov.co\/colombia\/noticias\/comision-especializada-de-la-fiscalia-establecio-que-no-existio-abuso-sexual-por-parte-de-un-militar-estadounidense-contra-una-menor-de-edad-indigena-en-guaviare\/#breadcrumb\"},\"inLanguage\":\"es-CO\",\"potentialAction\":[{\"@type\":\"ReadAction\",\"target\":[\"https:\/\/www.fiscalia.gov.co\/colombia\/noticias\/comision-especializada-de-la-fiscalia-establecio-que-no-existio-abuso-sexual-por-parte-de-un-militar-estadounidense-contra-una-menor-de-edad-indigena-en-guaviare\/\"]}]},{\"@type\":\"ImageObject\",\"inLanguage\":\"es-CO\",\"@id\":\"https:\/\/www.fiscalia.gov.co\/colombia\/noticias\/comision-especializada-de-la-fiscalia-establecio-que-no-existio-abuso-sexual-por-parte-de-un-militar-estadounidense-contra-una-menor-de-edad-indigena-en-guaviare\/#primaryimage\",\"url\":\"https:\/\/www.fiscalia.gov.co\/colombia\/wp-content\/uploads\/Fiscal-Francisco-Barbosa-Guaviare.jpeg\",\"contentUrl\":\"https:\/\/www.fiscalia.gov.co\/colombia\/wp-content\/uploads\/Fiscal-Francisco-Barbosa-Guaviare.jpeg\",\"width\":1280,\"height\":853},{\"@type\":\"BreadcrumbList\",\"@id\":\"https:\/\/www.fiscalia.gov.co\/colombia\/noticias\/comision-especializada-de-la-fiscalia-establecio-que-no-existio-abuso-sexual-por-parte-de-un-militar-estadounidense-contra-una-menor-de-edad-indigena-en-guaviare\/#breadcrumb\",\"itemListElement\":[{\"@type\":\"ListItem\",\"position\":1,\"name\":\"Home\",\"item\":\"https:\/\/www.fiscalia.gov.co\/colombia\/\"},{\"@type\":\"ListItem\",\"position\":2,\"name\":\"Comisi\u00f3n especializada de la Fiscal\u00eda estableci\u00f3 que no existi\u00f3 abuso sexual por parte de un militar estadounidense contra una menor de edad ind\u00edgena en Guaviare\"}]},{\"@type\":\"WebSite\",\"@id\":\"https:\/\/www.fiscalia.gov.co\/colombia\/#website\",\"url\":\"https:\/\/www.fiscalia.gov.co\/colombia\/\",\"name\":\"Fiscal\u00eda General de la Naci\u00f3n\",\"description\":\"P\u00e1gina oficial de la Fiscal\u00eda General de la Naci\u00f3n \u2013 Colombia. Garantizamos el acceso efectivo a la justicia, la verdad y la reparaci\u00f3n de las v\u00edctimas de los delitos.\",\"publisher\":{\"@id\":\"https:\/\/www.fiscalia.gov.co\/colombia\/#organization\"},\"potentialAction\":[{\"@type\":\"SearchAction\",\"target\":{\"@type\":\"EntryPoint\",\"urlTemplate\":\"https:\/\/www.fiscalia.gov.co\/colombia\/?s={search_term_string}\"},\"query-input\":{\"@type\":\"PropertyValueSpecification\",\"valueRequired\":true,\"valueName\":\"search_term_string\"}}],\"inLanguage\":\"es-CO\"},{\"@type\":\"Organization\",\"@id\":\"https:\/\/www.fiscalia.gov.co\/colombia\/#organization\",\"name\":\"Fiscal\u00eda General de la Naci\u00f3n\",\"url\":\"https:\/\/www.fiscalia.gov.co\/colombia\/\",\"logo\":{\"@type\":\"ImageObject\",\"inLanguage\":\"es-CO\",\"@id\":\"https:\/\/www.fiscalia.gov.co\/colombia\/#\/schema\/logo\/image\/\",\"url\":\"https:\/\/www.fiscalia.gov.co\/colombia\/wp-content\/uploads\/LogoHorizontal_1.jpg\",\"contentUrl\":\"https:\/\/www.fiscalia.gov.co\/colombia\/wp-content\/uploads\/LogoHorizontal_1.jpg\",\"width\":300,\"height\":90,\"caption\":\"Fiscal\u00eda General de la Naci\u00f3n\"},\"image\":{\"@id\":\"https:\/\/www.fiscalia.gov.co\/colombia\/#\/schema\/logo\/image\/\"},\"sameAs\":[\"https:\/\/www.facebook.com\/FiscaliaCol\",\"https:\/\/x.com\/FiscaliaCol\",\"https:\/\/www.instagram.com\/fiscaliacol\",\"https:\/\/www.linkedin.com\/company\/fiscalia-general-de-la-naci-n\/\",\"https:\/\/youtube.com\/@fiscaliageneraldelanacion-4668?si=6nN79nyQICPU5iTh\"]},{\"@type\":\"Person\",\"@id\":\"https:\/\/www.fiscalia.gov.co\/colombia\/#\/schema\/person\/2e76b9aba5ecf875ed565ce4de0e0415\",\"name\":\"Katherine Loaiza Mart\u00ednez\",\"image\":{\"@type\":\"ImageObject\",\"inLanguage\":\"es-CO\",\"@id\":\"https:\/\/www.fiscalia.gov.co\/colombia\/#\/schema\/person\/image\/\",\"url\":\"https:\/\/secure.gravatar.com\/avatar\/ab775a2f394c1b83b6d6f78680e57b50?s=96&d=mm&r=g\",\"contentUrl\":\"https:\/\/secure.gravatar.com\/avatar\/ab775a2f394c1b83b6d6f78680e57b50?s=96&d=mm&r=g\",\"caption\":\"Katherine Loaiza Mart\u00ednez\"},\"url\":\"https:\/\/www.fiscalia.gov.co\/colombia\/author\/kloaiza\/\"}]}<\/script>\n<!-- \/ Yoast SEO plugin. -->","yoast_head_json":{"title":"Fiscal\u00eda General de la Naci\u00f3n","description":"P\u00e1gina oficial de la Fiscal\u00eda General de la Naci\u00f3n \u2013 Colombia. Garantizamos el acceso efectivo a la justicia, la verdad y la reparaci\u00f3n de las v\u00edctimas de los delitos.","robots":{"index":"noindex","follow":"follow"},"og_locale":"es_ES","og_type":"article","og_title":"Fiscal\u00eda General de la Naci\u00f3n","og_description":"P\u00e1gina oficial de la Fiscal\u00eda General de la Naci\u00f3n \u2013 Colombia. Garantizamos el acceso efectivo a la justicia, la verdad y la reparaci\u00f3n de las v\u00edctimas de los delitos.","og_url":"https:\/\/www.fiscalia.gov.co\/colombia\/noticias\/comision-especializada-de-la-fiscalia-establecio-que-no-existio-abuso-sexual-por-parte-de-un-militar-estadounidense-contra-una-menor-de-edad-indigena-en-guaviare\/","og_site_name":"Fiscal\u00eda General de la Naci\u00f3n","article_publisher":"https:\/\/www.facebook.com\/FiscaliaCol","article_published_time":"2023-01-16T21:37:10+00:00","article_modified_time":"2023-01-16T21:51:11+00:00","og_image":[{"width":1280,"height":853,"url":"https:\/\/www.fiscalia.gov.co\/colombia\/wp-content\/uploads\/Fiscal-Francisco-Barbosa-Guaviare.jpeg","type":"image\/jpeg"}],"author":"Katherine Loaiza Mart\u00ednez","twitter_card":"summary_large_image","twitter_creator":"@FiscaliaCol","twitter_site":"@FiscaliaCol","twitter_misc":{"Escrito por":"Katherine Loaiza Mart\u00ednez","Tiempo de lectura":"4 minutos"},"schema":{"@context":"https:\/\/schema.org","@graph":[{"@type":"Article","@id":"https:\/\/www.fiscalia.gov.co\/colombia\/noticias\/comision-especializada-de-la-fiscalia-establecio-que-no-existio-abuso-sexual-por-parte-de-un-militar-estadounidense-contra-una-menor-de-edad-indigena-en-guaviare\/#article","isPartOf":{"@id":"https:\/\/www.fiscalia.gov.co\/colombia\/noticias\/comision-especializada-de-la-fiscalia-establecio-que-no-existio-abuso-sexual-por-parte-de-un-militar-estadounidense-contra-una-menor-de-edad-indigena-en-guaviare\/"},"author":{"name":"Katherine Loaiza Mart\u00ednez","@id":"https:\/\/www.fiscalia.gov.co\/colombia\/#\/schema\/person\/2e76b9aba5ecf875ed565ce4de0e0415"},"headline":"Comisi\u00f3n especializada de la Fiscal\u00eda estableci\u00f3 que no existi\u00f3 abuso sexual por parte de un militar estadounidense contra una menor de edad ind\u00edgena en Guaviare","datePublished":"2023-01-16T21:37:10+00:00","dateModified":"2023-01-16T21:51:11+00:00","mainEntityOfPage":{"@id":"https:\/\/www.fiscalia.gov.co\/colombia\/noticias\/comision-especializada-de-la-fiscalia-establecio-que-no-existio-abuso-sexual-por-parte-de-un-militar-estadounidense-contra-una-menor-de-edad-indigena-en-guaviare\/"},"wordCount":751,"publisher":{"@id":"https:\/\/www.fiscalia.gov.co\/colombia\/#organization"},"image":{"@id":"https:\/\/www.fiscalia.gov.co\/colombia\/noticias\/comision-especializada-de-la-fiscalia-establecio-que-no-existio-abuso-sexual-por-parte-de-un-militar-estadounidense-contra-una-menor-de-edad-indigena-en-guaviare\/#primaryimage"},"thumbnailUrl":"https:\/\/www.fiscalia.gov.co\/colombia\/wp-content\/uploads\/Fiscal-Francisco-Barbosa-Guaviare.jpeg","keywords":["Fiscal Francisco Barbosa Delgado","Fiscal General Francisco Barbosa Delgado"],"articleSection":["Derechos Humanos","El Fiscal en los territorios","Fiscal General de la Naci\u00f3n","Noticias"],"inLanguage":"es-CO"},{"@type":"WebPage","@id":"https:\/\/www.fiscalia.gov.co\/colombia\/noticias\/comision-especializada-de-la-fiscalia-establecio-que-no-existio-abuso-sexual-por-parte-de-un-militar-estadounidense-contra-una-menor-de-edad-indigena-en-guaviare\/","url":"https:\/\/www.fiscalia.gov.co\/colombia\/noticias\/comision-especializada-de-la-fiscalia-establecio-que-no-existio-abuso-sexual-por-parte-de-un-militar-estadounidense-contra-una-menor-de-edad-indigena-en-guaviare\/","name":"Fiscal\u00eda General de la Naci\u00f3n","isPartOf":{"@id":"https:\/\/www.fiscalia.gov.co\/colombia\/#website"},"primaryImageOfPage":{"@id":"https:\/\/www.fiscalia.gov.co\/colombia\/noticias\/comision-especializada-de-la-fiscalia-establecio-que-no-existio-abuso-sexual-por-parte-de-un-militar-estadounidense-contra-una-menor-de-edad-indigena-en-guaviare\/#primaryimage"},"image":{"@id":"https:\/\/www.fiscalia.gov.co\/colombia\/noticias\/comision-especializada-de-la-fiscalia-establecio-que-no-existio-abuso-sexual-por-parte-de-un-militar-estadounidense-contra-una-menor-de-edad-indigena-en-guaviare\/#primaryimage"},"thumbnailUrl":"https:\/\/www.fiscalia.gov.co\/colombia\/wp-content\/uploads\/Fiscal-Francisco-Barbosa-Guaviare.jpeg","datePublished":"2023-01-16T21:37:10+00:00","dateModified":"2023-01-16T21:51:11+00:00","description":"P\u00e1gina oficial de la Fiscal\u00eda General de la Naci\u00f3n \u2013 Colombia. Garantizamos el acceso efectivo a la justicia, la verdad y la reparaci\u00f3n de las v\u00edctimas de los delitos.","breadcrumb":{"@id":"https:\/\/www.fiscalia.gov.co\/colombia\/noticias\/comision-especializada-de-la-fiscalia-establecio-que-no-existio-abuso-sexual-por-parte-de-un-militar-estadounidense-contra-una-menor-de-edad-indigena-en-guaviare\/#breadcrumb"},"inLanguage":"es-CO","potentialAction":[{"@type":"ReadAction","target":["https:\/\/www.fiscalia.gov.co\/colombia\/noticias\/comision-especializada-de-la-fiscalia-establecio-que-no-existio-abuso-sexual-por-parte-de-un-militar-estadounidense-contra-una-menor-de-edad-indigena-en-guaviare\/"]}]},{"@type":"ImageObject","inLanguage":"es-CO","@id":"https:\/\/www.fiscalia.gov.co\/colombia\/noticias\/comision-especializada-de-la-fiscalia-establecio-que-no-existio-abuso-sexual-por-parte-de-un-militar-estadounidense-contra-una-menor-de-edad-indigena-en-guaviare\/#primaryimage","url":"https:\/\/www.fiscalia.gov.co\/colombia\/wp-content\/uploads\/Fiscal-Francisco-Barbosa-Guaviare.jpeg","contentUrl":"https:\/\/www.fiscalia.gov.co\/colombia\/wp-content\/uploads\/Fiscal-Francisco-Barbosa-Guaviare.jpeg","width":1280,"height":853},{"@type":"BreadcrumbList","@id":"https:\/\/www.fiscalia.gov.co\/colombia\/noticias\/comision-especializada-de-la-fiscalia-establecio-que-no-existio-abuso-sexual-por-parte-de-un-militar-estadounidense-contra-una-menor-de-edad-indigena-en-guaviare\/#breadcrumb","itemListElement":[{"@type":"ListItem","position":1,"name":"Home","item":"https:\/\/www.fiscalia.gov.co\/colombia\/"},{"@type":"ListItem","position":2,"name":"Comisi\u00f3n especializada de la Fiscal\u00eda estableci\u00f3 que no existi\u00f3 abuso sexual por parte de un militar estadounidense contra una menor de edad ind\u00edgena en Guaviare"}]},{"@type":"WebSite","@id":"https:\/\/www.fiscalia.gov.co\/colombia\/#website","url":"https:\/\/www.fiscalia.gov.co\/colombia\/","name":"Fiscal\u00eda General de la Naci\u00f3n","description":"P\u00e1gina oficial de la Fiscal\u00eda General de la Naci\u00f3n \u2013 Colombia. Garantizamos el acceso efectivo a la justicia, la verdad y la reparaci\u00f3n de las v\u00edctimas de los delitos.","publisher":{"@id":"https:\/\/www.fiscalia.gov.co\/colombia\/#organization"},"potentialAction":[{"@type":"SearchAction","target":{"@type":"EntryPoint","urlTemplate":"https:\/\/www.fiscalia.gov.co\/colombia\/?s={search_term_string}"},"query-input":{"@type":"PropertyValueSpecification","valueRequired":true,"valueName":"search_term_string"}}],"inLanguage":"es-CO"},{"@type":"Organization","@id":"https:\/\/www.fiscalia.gov.co\/colombia\/#organization","name":"Fiscal\u00eda General de la Naci\u00f3n","url":"https:\/\/www.fiscalia.gov.co\/colombia\/","logo":{"@type":"ImageObject","inLanguage":"es-CO","@id":"https:\/\/www.fiscalia.gov.co\/colombia\/#\/schema\/logo\/image\/","url":"https:\/\/www.fiscalia.gov.co\/colombia\/wp-content\/uploads\/LogoHorizontal_1.jpg","contentUrl":"https:\/\/www.fiscalia.gov.co\/colombia\/wp-content\/uploads\/LogoHorizontal_1.jpg","width":300,"height":90,"caption":"Fiscal\u00eda General de la Naci\u00f3n"},"image":{"@id":"https:\/\/www.fiscalia.gov.co\/colombia\/#\/schema\/logo\/image\/"},"sameAs":["https:\/\/www.facebook.com\/FiscaliaCol","https:\/\/x.com\/FiscaliaCol","https:\/\/www.instagram.com\/fiscaliacol","https:\/\/www.linkedin.com\/company\/fiscalia-general-de-la-naci-n\/","https:\/\/youtube.com\/@fiscaliageneraldelanacion-4668?si=6nN79nyQICPU5iTh"]},{"@type":"Person","@id":"https:\/\/www.fiscalia.gov.co\/colombia\/#\/schema\/person\/2e76b9aba5ecf875ed565ce4de0e0415","name":"Katherine Loaiza Mart\u00ednez","image":{"@type":"ImageObject","inLanguage":"es-CO","@id":"https:\/\/www.fiscalia.gov.co\/colombia\/#\/schema\/person\/image\/","url":"https:\/\/secure.gravatar.com\/avatar\/ab775a2f394c1b83b6d6f78680e57b50?s=96&d=mm&r=g","contentUrl":"https:\/\/secure.gravatar.com\/avatar\/ab775a2f394c1b83b6d6f78680e57b50?s=96&d=mm&r=g","caption":"Katherine Loaiza Mart\u00ednez"},"url":"https:\/\/www.fiscalia.gov.co\/colombia\/author\/kloaiza\/"}]}},"_links":{"self":[{"href":"https:\/\/www.fiscalia.gov.co\/colombia\/wp-json\/wp\/v2\/posts\/264115","targetHints":{"allow":["GET"]}}],"collection":[{"href":"https:\/\/www.fiscalia.gov.co\/colombia\/wp-json\/wp\/v2\/posts"}],"about":[{"href":"https:\/\/www.fiscalia.gov.co\/colombia\/wp-json\/wp\/v2\/types\/post"}],"author":[{"embeddable":true,"href":"https:\/\/www.fiscalia.gov.co\/colombia\/wp-json\/wp\/v2\/users\/175"}],"replies":[{"embeddable":true,"href":"https:\/\/www.fiscalia.gov.co\/colombia\/wp-json\/wp\/v2\/comments?post=264115"}],"version-history":[{"count":6,"href":"https:\/\/www.fiscalia.gov.co\/colombia\/wp-json\/wp\/v2\/posts\/264115\/revisions"}],"predecessor-version":[{"id":264121,"href":"https:\/\/www.fiscalia.gov.co\/colombia\/wp-json\/wp\/v2\/posts\/264115\/revisions\/264121"}],"wp:featuredmedia":[{"embeddable":true,"href":"https:\/\/www.fiscalia.gov.co\/colombia\/wp-json\/wp\/v2\/media\/264123"}],"wp:attachment":[{"href":"https:\/\/www.fiscalia.gov.co\/colombia\/wp-json\/wp\/v2\/media?parent=264115"}],"wp:term":[{"taxonomy":"category","embeddable":true,"href":"https:\/\/www.fiscalia.gov.co\/colombia\/wp-json\/wp\/v2\/categories?post=264115"},{"taxonomy":"post_tag","embeddable":true,"href":"https:\/\/www.fiscalia.gov.co\/colombia\/wp-json\/wp\/v2\/tags?post=264115"}],"curies":[{"name":"wp","href":"https:\/\/api.w.org\/{rel}","templated":true}]}}