{"id":264089,"date":"2023-01-16T14:49:12","date_gmt":"2023-01-16T19:49:12","guid":{"rendered":"https:\/\/www.fiscalia.gov.co\/colombia\/?p=264089"},"modified":"2023-01-16T14:49:12","modified_gmt":"2023-01-16T19:49:12","slug":"fiscalia-abre-investigacion-por-cargamento-de-armas-de-uso-privativo-destinado-a-disidencias-residuales-que-delinquen-en-narino","status":"publish","type":"post","link":"https:\/\/www.fiscalia.gov.co\/colombia\/noticias\/fiscalia-abre-investigacion-por-cargamento-de-armas-de-uso-privativo-destinado-a-disidencias-residuales-que-delinquen-en-narino\/","title":{"rendered":"Fiscal\u00eda abre investigaci\u00f3n por cargamento de armas de uso privativo destinado a disidencias residuales que delinquen en Nari\u00f1o"},"content":{"rendered":"<p>La Fiscal\u00eda Seccional Nari\u00f1o abri\u00f3 una investigaci\u00f3n por el material de guerra hallado en dos camionetas de plat\u00f3n, que se movilizaban por la v\u00eda Pasto \u2013 Mojarras, a la altura de la vereda Viento Libre, durante un ret\u00e9n de control realizado por agentes de la Polic\u00eda de Tr\u00e1nsito.<\/p>\n<figure id=\"attachment_264090\" aria-describedby=\"caption-attachment-264090\" style=\"width: 1280px\" class=\"wp-caption aligncenter\"><img loading=\"lazy\" decoding=\"async\" class=\"size-full wp-image-264090\" src=\"https:\/\/www.fiscalia.gov.co\/colombia\/wp-content\/uploads\/disidencias-armas-farc-1.jpeg\" alt=\"En la fotograf\u00eda se observan 7 mesas en la que est\u00e1n colocados fusiles 5.56, una ametralladora M.60, pistolas, granadas, explosivos y dos galones con municiones. \" width=\"1280\" height=\"720\" srcset=\"https:\/\/www.fiscalia.gov.co\/colombia\/wp-content\/uploads\/disidencias-armas-farc-1.jpeg 1280w, https:\/\/www.fiscalia.gov.co\/colombia\/wp-content\/uploads\/disidencias-armas-farc-1-300x169.jpeg 300w, https:\/\/www.fiscalia.gov.co\/colombia\/wp-content\/uploads\/disidencias-armas-farc-1-1024x576.jpeg 1024w, https:\/\/www.fiscalia.gov.co\/colombia\/wp-content\/uploads\/disidencias-armas-farc-1-768x432.jpeg 768w, https:\/\/www.fiscalia.gov.co\/colombia\/wp-content\/uploads\/disidencias-armas-farc-1-696x392.jpeg 696w, https:\/\/www.fiscalia.gov.co\/colombia\/wp-content\/uploads\/disidencias-armas-farc-1-1068x601.jpeg 1068w, https:\/\/www.fiscalia.gov.co\/colombia\/wp-content\/uploads\/disidencias-armas-farc-1-747x420.jpeg 747w\" sizes=\"auto, (max-width: 1280px) 100vw, 1280px\" \/><figcaption id=\"caption-attachment-264090\" class=\"wp-caption-text\">En las camionetas fueron incautadas fusiles calibre 5.56, una ametralladora M.60, pistolas 9 mil\u00edmetros, granadas, explosivos, radios de comunicaciones.<\/figcaption><\/figure>\n<p>La investigaci\u00f3n es adelantada por los delitos de fabricaci\u00f3n, tr\u00e1fico y porte de armas de fuego de fuego de uso privativo de las fuerzas militares o explosivos y fabricaci\u00f3n, tr\u00e1fico y porte de armas de fuego, accesorios, partes y municiones.<\/p>\n<p>En los automotores fueron hallados 33 fusiles calibre 5.56 y 1 fusil calibre 7.62, una ametralladora M.60, 182 proveedores para fusil, tres pistolas 9 mil\u00edmetros con sus proveedores, 2 granadas, un explosivo artesanal, 7 tatucos con cord\u00f3n detonante, 31 mil municiones de diferentes calibres.<\/p>\n<figure id=\"attachment_264091\" aria-describedby=\"caption-attachment-264091\" style=\"width: 1280px\" class=\"wp-caption aligncenter\"><img loading=\"lazy\" decoding=\"async\" class=\"size-full wp-image-264091\" src=\"https:\/\/www.fiscalia.gov.co\/colombia\/wp-content\/uploads\/disidencias-armas-farc-2.jpeg\" alt=\"En la fotograf\u00eda se observan 7 mesas en la que est\u00e1n colocados fusiles 5.56, una ametralladora M.60, pistolas, granadas, explosivos y dos galones con municiones. \" width=\"1280\" height=\"720\" srcset=\"https:\/\/www.fiscalia.gov.co\/colombia\/wp-content\/uploads\/disidencias-armas-farc-2.jpeg 1280w, https:\/\/www.fiscalia.gov.co\/colombia\/wp-content\/uploads\/disidencias-armas-farc-2-300x169.jpeg 300w, https:\/\/www.fiscalia.gov.co\/colombia\/wp-content\/uploads\/disidencias-armas-farc-2-1024x576.jpeg 1024w, https:\/\/www.fiscalia.gov.co\/colombia\/wp-content\/uploads\/disidencias-armas-farc-2-768x432.jpeg 768w, https:\/\/www.fiscalia.gov.co\/colombia\/wp-content\/uploads\/disidencias-armas-farc-2-696x392.jpeg 696w, https:\/\/www.fiscalia.gov.co\/colombia\/wp-content\/uploads\/disidencias-armas-farc-2-1068x601.jpeg 1068w, https:\/\/www.fiscalia.gov.co\/colombia\/wp-content\/uploads\/disidencias-armas-farc-2-747x420.jpeg 747w\" sizes=\"auto, (max-width: 1280px) 100vw, 1280px\" \/><figcaption id=\"caption-attachment-264091\" class=\"wp-caption-text\">Con las armas se hallaron 31 mil municiones calibre 5.56, 7.62, 9 mil\u00edmetros, 40 mil\u00edmetros, uniformes pixelados de uso privativo de las Fuerzas Militares.<\/figcaption><\/figure>\n<p>Asimismo, fue hallado material de intendencia representado en 4 uniformes pixelados, 7 chalecos tipo arn\u00e9s, un brazalete con logotipo del comando coordinador de Occidente \u2013 frente Jaime Mart\u00ednez, 2 radios de comunicaci\u00f3n satelital, 2 simcard y una licencia de conducci\u00f3n de un hombre quien figura con una anotaci\u00f3n judicial por los delitos de homicidio y concierto para delinquir.<\/p>\n<p>De acuerdo con la investigaci\u00f3n, cada fusil estaba rotulado con diferentes nombres de quienes los recibir\u00edan y los uniformes estaban marcados con los nombres de dos disidencias residuales, frente Carlos Pati\u00f1o y comando m\u00f3vil Alan Rodr\u00edguez. En el sector donde se hizo la incautaci\u00f3n delinque la disidencia residual Franco Benavides de las extintas Farc.<\/p>\n<p>Esta informaci\u00f3n se publica por razones de inter\u00e9s general.<\/p>\n<p>JGP\/LYBT\/LVB\/DSN<\/p>\n<p><strong>La Fiscal\u00eda habla con resultados.<\/strong><\/p>\n<p><span style=\"font-family: Calibri,Helvetica,sans-serif,serif,EmojiFont;\">Le puede interesar:<\/span><span style=\"color: #06549e; font-family: Calibri,Helvetica,sans-serif,serif,EmojiFont;\"><b>\u00a0<\/b><\/span><span style=\"color: #06549e; font-family: Calibri,Helvetica,sans-serif,serif,EmojiFont;\"><b>\u00a0<\/b><\/span><a href=\"https:\/\/www.fiscalia.gov.co\/colombia\/noticias\/asegurados-seis-presuntos-integrantes-de-la-columna-urias-rondon-de-las-disidencias-de-las-farc-capturados-con-armamento-y-municion-en-tumaco\/\" target=\"_blank\" rel=\"noopener noreferrer\" data-saferedirecturl=\"https:\/\/www.google.com\/url?q=https:\/\/www.fiscalia.gov.co\/colombia\/noticias\/asegurados-seis-presuntos-integrantes-de-la-columna-urias-rondon-de-las-disidencias-de-las-farc-capturados-con-armamento-y-municion-en-tumaco\/&amp;source=gmail&amp;ust=1673981049445000&amp;usg=AOvVaw1YAVaNxVQP_fAaBlEprZex\"><span style=\"font-family: Times New Roman,serif,serif,EmojiFont; font-size: xx-large;\"><b><span style=\"font-family: Calibri,Helvetica,sans-serif,serif,EmojiFont; font-size: medium;\">Asegurados seis presuntos integrantes de la columna Ur\u00edas Rond\u00f3n, de las disidencias de las FARC, capturados con armamento y munici\u00f3n en Tumaco<\/span><\/b><\/span><\/a><span style=\"color: #06549e; font-family: Calibri,Helvetica,sans-serif,serif,EmojiFont;\">\u00a0<\/span><\/p>\n\n<div class=\"twitter-share\"><a href=\"https:\/\/twitter.com\/intent\/tweet?via=fiscaliacol\" class=\"twitter-share-button\">Tweet<\/a><\/div>\n","protected":false},"excerpt":{"rendered":"<p>La Fiscal\u00eda Seccional Nari\u00f1o abri\u00f3 una investigaci\u00f3n por el material de guerra hallado en dos camionetas de plat\u00f3n, que se movilizaban por la v\u00eda Pasto \u2013 Mojarras, a la altura de la vereda Viento Libre, durante un ret\u00e9n de control realizado por agentes de la Polic\u00eda de Tr\u00e1nsito. La investigaci\u00f3n es adelantada por los delitos [&hellip;]<\/p>\n","protected":false},"author":175,"featured_media":0,"comment_status":"closed","ping_status":"open","sticky":false,"template":"","format":"standard","meta":{"_price":"","_stock":"","_tribe_ticket_header":"","_tribe_default_ticket_provider":"","_tribe_ticket_capacity":"0","_ticket_start_date":"","_ticket_end_date":"","_tribe_ticket_show_description":"","_tribe_ticket_show_not_going":false,"_tribe_ticket_use_global_stock":"","_tribe_ticket_global_stock_level":"","_global_stock_mode":"","_global_stock_cap":"","_tribe_rsvp_for_event":"","_tribe_ticket_going_count":"","_tribe_ticket_not_going_count":"","_tribe_tickets_list":"[]","_tribe_ticket_has_attendee_info_fields":false,"tdm_status":"","tdm_grid_status":"","footnotes":""},"categories":[1,334,24099],"tags":[24189,24526,24481,1047,32841,11515],"class_list":{"0":"post-264089","1":"post","2":"type-post","3":"status-publish","4":"format-standard","6":"category-noticias","7":"category-seccional-pasto","8":"category-seguridad-territorial","9":"tag-fiscal-francisco-barbosa-delgado","10":"tag-fiscal-general-francisco-barbosa-delgado","11":"tag-fiscalia-de-colombia","12":"tag-fiscalia-general-de-la-nacion","13":"tag-fusiles-calibre-5-56","14":"tag-uso-privativo"},"yoast_head":"<!-- This site is optimized with the Yoast SEO plugin v24.3 - https:\/\/yoast.com\/wordpress\/plugins\/seo\/ -->\n<title>Fiscal\u00eda General de la Naci\u00f3n<\/title>\n<meta name=\"description\" content=\"P\u00e1gina oficial de la Fiscal\u00eda General de la Naci\u00f3n \u2013 Colombia. Garantizamos el acceso efectivo a la justicia, la verdad y la reparaci\u00f3n de las v\u00edctimas de los delitos.\" \/>\n<meta name=\"robots\" content=\"noindex, follow\" \/>\n<meta property=\"og:locale\" content=\"es_ES\" \/>\n<meta property=\"og:type\" content=\"article\" \/>\n<meta property=\"og:title\" content=\"Fiscal\u00eda General de la Naci\u00f3n\" \/>\n<meta property=\"og:description\" content=\"P\u00e1gina oficial de la Fiscal\u00eda General de la Naci\u00f3n \u2013 Colombia. Garantizamos el acceso efectivo a la justicia, la verdad y la reparaci\u00f3n de las v\u00edctimas de los delitos.\" \/>\n<meta property=\"og:url\" content=\"https:\/\/www.fiscalia.gov.co\/colombia\/noticias\/fiscalia-abre-investigacion-por-cargamento-de-armas-de-uso-privativo-destinado-a-disidencias-residuales-que-delinquen-en-narino\/\" \/>\n<meta property=\"og:site_name\" content=\"Fiscal\u00eda General de la Naci\u00f3n\" \/>\n<meta property=\"article:publisher\" content=\"https:\/\/www.facebook.com\/FiscaliaCol\" \/>\n<meta property=\"article:published_time\" content=\"2023-01-16T19:49:12+00:00\" \/>\n<meta property=\"og:image\" content=\"https:\/\/www.fiscalia.gov.co\/colombia\/wp-content\/uploads\/disidencias-armas-farc-1.jpeg\" \/>\n<meta name=\"author\" content=\"Katherine Loaiza Mart\u00ednez\" \/>\n<meta name=\"twitter:card\" content=\"summary_large_image\" \/>\n<meta name=\"twitter:creator\" content=\"@FiscaliaCol\" \/>\n<meta name=\"twitter:site\" content=\"@FiscaliaCol\" \/>\n<meta name=\"twitter:label1\" content=\"Escrito por\" \/>\n\t<meta name=\"twitter:data1\" content=\"Katherine Loaiza Mart\u00ednez\" \/>\n\t<meta name=\"twitter:label2\" content=\"Tiempo de lectura\" \/>\n\t<meta name=\"twitter:data2\" content=\"2 minutos\" \/>\n<script type=\"application\/ld+json\" class=\"yoast-schema-graph\">{\"@context\":\"https:\/\/schema.org\",\"@graph\":[{\"@type\":\"Article\",\"@id\":\"https:\/\/www.fiscalia.gov.co\/colombia\/noticias\/fiscalia-abre-investigacion-por-cargamento-de-armas-de-uso-privativo-destinado-a-disidencias-residuales-que-delinquen-en-narino\/#article\",\"isPartOf\":{\"@id\":\"https:\/\/www.fiscalia.gov.co\/colombia\/noticias\/fiscalia-abre-investigacion-por-cargamento-de-armas-de-uso-privativo-destinado-a-disidencias-residuales-que-delinquen-en-narino\/\"},\"author\":{\"name\":\"Katherine Loaiza Mart\u00ednez\",\"@id\":\"https:\/\/www.fiscalia.gov.co\/colombia\/#\/schema\/person\/2e76b9aba5ecf875ed565ce4de0e0415\"},\"headline\":\"Fiscal\u00eda abre investigaci\u00f3n por cargamento de armas de uso privativo destinado a disidencias residuales que delinquen en Nari\u00f1o\",\"datePublished\":\"2023-01-16T19:49:12+00:00\",\"dateModified\":\"2023-01-16T19:49:12+00:00\",\"mainEntityOfPage\":{\"@id\":\"https:\/\/www.fiscalia.gov.co\/colombia\/noticias\/fiscalia-abre-investigacion-por-cargamento-de-armas-de-uso-privativo-destinado-a-disidencias-residuales-que-delinquen-en-narino\/\"},\"wordCount\":378,\"publisher\":{\"@id\":\"https:\/\/www.fiscalia.gov.co\/colombia\/#organization\"},\"image\":{\"@id\":\"https:\/\/www.fiscalia.gov.co\/colombia\/noticias\/fiscalia-abre-investigacion-por-cargamento-de-armas-de-uso-privativo-destinado-a-disidencias-residuales-que-delinquen-en-narino\/#primaryimage\"},\"thumbnailUrl\":\"https:\/\/www.fiscalia.gov.co\/colombia\/wp-content\/uploads\/disidencias-armas-farc-1.jpeg\",\"keywords\":[\"Fiscal Francisco Barbosa Delgado\",\"Fiscal General Francisco Barbosa Delgado\",\"Fiscal\u00eda de Colombia\",\"Fiscal\u00eda General de la Naci\u00f3n\",\"fusiles calibre 5.56\",\"Uso privativo\"],\"articleSection\":[\"Noticias\",\"Seccional Pasto\",\"Seguridad territorial\"],\"inLanguage\":\"es-CO\"},{\"@type\":\"WebPage\",\"@id\":\"https:\/\/www.fiscalia.gov.co\/colombia\/noticias\/fiscalia-abre-investigacion-por-cargamento-de-armas-de-uso-privativo-destinado-a-disidencias-residuales-que-delinquen-en-narino\/\",\"url\":\"https:\/\/www.fiscalia.gov.co\/colombia\/noticias\/fiscalia-abre-investigacion-por-cargamento-de-armas-de-uso-privativo-destinado-a-disidencias-residuales-que-delinquen-en-narino\/\",\"name\":\"Fiscal\u00eda General de la Naci\u00f3n\",\"isPartOf\":{\"@id\":\"https:\/\/www.fiscalia.gov.co\/colombia\/#website\"},\"primaryImageOfPage\":{\"@id\":\"https:\/\/www.fiscalia.gov.co\/colombia\/noticias\/fiscalia-abre-investigacion-por-cargamento-de-armas-de-uso-privativo-destinado-a-disidencias-residuales-que-delinquen-en-narino\/#primaryimage\"},\"image\":{\"@id\":\"https:\/\/www.fiscalia.gov.co\/colombia\/noticias\/fiscalia-abre-investigacion-por-cargamento-de-armas-de-uso-privativo-destinado-a-disidencias-residuales-que-delinquen-en-narino\/#primaryimage\"},\"thumbnailUrl\":\"https:\/\/www.fiscalia.gov.co\/colombia\/wp-content\/uploads\/disidencias-armas-farc-1.jpeg\",\"datePublished\":\"2023-01-16T19:49:12+00:00\",\"dateModified\":\"2023-01-16T19:49:12+00:00\",\"description\":\"P\u00e1gina oficial de la Fiscal\u00eda General de la Naci\u00f3n \u2013 Colombia. Garantizamos el acceso efectivo a la justicia, la verdad y la reparaci\u00f3n de las v\u00edctimas de los delitos.\",\"breadcrumb\":{\"@id\":\"https:\/\/www.fiscalia.gov.co\/colombia\/noticias\/fiscalia-abre-investigacion-por-cargamento-de-armas-de-uso-privativo-destinado-a-disidencias-residuales-que-delinquen-en-narino\/#breadcrumb\"},\"inLanguage\":\"es-CO\",\"potentialAction\":[{\"@type\":\"ReadAction\",\"target\":[\"https:\/\/www.fiscalia.gov.co\/colombia\/noticias\/fiscalia-abre-investigacion-por-cargamento-de-armas-de-uso-privativo-destinado-a-disidencias-residuales-que-delinquen-en-narino\/\"]}]},{\"@type\":\"ImageObject\",\"inLanguage\":\"es-CO\",\"@id\":\"https:\/\/www.fiscalia.gov.co\/colombia\/noticias\/fiscalia-abre-investigacion-por-cargamento-de-armas-de-uso-privativo-destinado-a-disidencias-residuales-que-delinquen-en-narino\/#primaryimage\",\"url\":\"https:\/\/www.fiscalia.gov.co\/colombia\/wp-content\/uploads\/disidencias-armas-farc-1.jpeg\",\"contentUrl\":\"https:\/\/www.fiscalia.gov.co\/colombia\/wp-content\/uploads\/disidencias-armas-farc-1.jpeg\",\"width\":1280,\"height\":720,\"caption\":\"En las camionetas fueron incautadas fusiles calibre 5.56, una ametralladora M.60, pistolas 9 mil\u00edmetros, granadas, explosivos, radios de comunicaciones.\"},{\"@type\":\"BreadcrumbList\",\"@id\":\"https:\/\/www.fiscalia.gov.co\/colombia\/noticias\/fiscalia-abre-investigacion-por-cargamento-de-armas-de-uso-privativo-destinado-a-disidencias-residuales-que-delinquen-en-narino\/#breadcrumb\",\"itemListElement\":[{\"@type\":\"ListItem\",\"position\":1,\"name\":\"Home\",\"item\":\"https:\/\/www.fiscalia.gov.co\/colombia\/\"},{\"@type\":\"ListItem\",\"position\":2,\"name\":\"Fiscal\u00eda abre investigaci\u00f3n por cargamento de armas de uso privativo destinado a disidencias residuales que delinquen en Nari\u00f1o\"}]},{\"@type\":\"WebSite\",\"@id\":\"https:\/\/www.fiscalia.gov.co\/colombia\/#website\",\"url\":\"https:\/\/www.fiscalia.gov.co\/colombia\/\",\"name\":\"Fiscal\u00eda General de la Naci\u00f3n\",\"description\":\"P\u00e1gina oficial de la Fiscal\u00eda General de la Naci\u00f3n \u2013 Colombia. Garantizamos el acceso efectivo a la justicia, la verdad y la reparaci\u00f3n de las v\u00edctimas de los delitos.\",\"publisher\":{\"@id\":\"https:\/\/www.fiscalia.gov.co\/colombia\/#organization\"},\"potentialAction\":[{\"@type\":\"SearchAction\",\"target\":{\"@type\":\"EntryPoint\",\"urlTemplate\":\"https:\/\/www.fiscalia.gov.co\/colombia\/?s={search_term_string}\"},\"query-input\":{\"@type\":\"PropertyValueSpecification\",\"valueRequired\":true,\"valueName\":\"search_term_string\"}}],\"inLanguage\":\"es-CO\"},{\"@type\":\"Organization\",\"@id\":\"https:\/\/www.fiscalia.gov.co\/colombia\/#organization\",\"name\":\"Fiscal\u00eda General de la Naci\u00f3n\",\"url\":\"https:\/\/www.fiscalia.gov.co\/colombia\/\",\"logo\":{\"@type\":\"ImageObject\",\"inLanguage\":\"es-CO\",\"@id\":\"https:\/\/www.fiscalia.gov.co\/colombia\/#\/schema\/logo\/image\/\",\"url\":\"https:\/\/www.fiscalia.gov.co\/colombia\/wp-content\/uploads\/LogoHorizontal_1.jpg\",\"contentUrl\":\"https:\/\/www.fiscalia.gov.co\/colombia\/wp-content\/uploads\/LogoHorizontal_1.jpg\",\"width\":300,\"height\":90,\"caption\":\"Fiscal\u00eda General de la Naci\u00f3n\"},\"image\":{\"@id\":\"https:\/\/www.fiscalia.gov.co\/colombia\/#\/schema\/logo\/image\/\"},\"sameAs\":[\"https:\/\/www.facebook.com\/FiscaliaCol\",\"https:\/\/x.com\/FiscaliaCol\",\"https:\/\/www.instagram.com\/fiscaliacol\",\"https:\/\/www.linkedin.com\/company\/fiscalia-general-de-la-naci-n\/\",\"https:\/\/youtube.com\/@fiscaliageneraldelanacion-4668?si=6nN79nyQICPU5iTh\"]},{\"@type\":\"Person\",\"@id\":\"https:\/\/www.fiscalia.gov.co\/colombia\/#\/schema\/person\/2e76b9aba5ecf875ed565ce4de0e0415\",\"name\":\"Katherine Loaiza Mart\u00ednez\",\"image\":{\"@type\":\"ImageObject\",\"inLanguage\":\"es-CO\",\"@id\":\"https:\/\/www.fiscalia.gov.co\/colombia\/#\/schema\/person\/image\/\",\"url\":\"https:\/\/secure.gravatar.com\/avatar\/ab775a2f394c1b83b6d6f78680e57b50?s=96&d=mm&r=g\",\"contentUrl\":\"https:\/\/secure.gravatar.com\/avatar\/ab775a2f394c1b83b6d6f78680e57b50?s=96&d=mm&r=g\",\"caption\":\"Katherine Loaiza Mart\u00ednez\"},\"url\":\"https:\/\/www.fiscalia.gov.co\/colombia\/author\/kloaiza\/\"}]}<\/script>\n<!-- \/ Yoast SEO plugin. -->","yoast_head_json":{"title":"Fiscal\u00eda General de la Naci\u00f3n","description":"P\u00e1gina oficial de la Fiscal\u00eda General de la Naci\u00f3n \u2013 Colombia. Garantizamos el acceso efectivo a la justicia, la verdad y la reparaci\u00f3n de las v\u00edctimas de los delitos.","robots":{"index":"noindex","follow":"follow"},"og_locale":"es_ES","og_type":"article","og_title":"Fiscal\u00eda General de la Naci\u00f3n","og_description":"P\u00e1gina oficial de la Fiscal\u00eda General de la Naci\u00f3n \u2013 Colombia. Garantizamos el acceso efectivo a la justicia, la verdad y la reparaci\u00f3n de las v\u00edctimas de los delitos.","og_url":"https:\/\/www.fiscalia.gov.co\/colombia\/noticias\/fiscalia-abre-investigacion-por-cargamento-de-armas-de-uso-privativo-destinado-a-disidencias-residuales-que-delinquen-en-narino\/","og_site_name":"Fiscal\u00eda General de la Naci\u00f3n","article_publisher":"https:\/\/www.facebook.com\/FiscaliaCol","article_published_time":"2023-01-16T19:49:12+00:00","og_image":[{"url":"https:\/\/www.fiscalia.gov.co\/colombia\/wp-content\/uploads\/disidencias-armas-farc-1.jpeg","type":"","width":"","height":""}],"author":"Katherine Loaiza Mart\u00ednez","twitter_card":"summary_large_image","twitter_creator":"@FiscaliaCol","twitter_site":"@FiscaliaCol","twitter_misc":{"Escrito por":"Katherine Loaiza Mart\u00ednez","Tiempo de lectura":"2 minutos"},"schema":{"@context":"https:\/\/schema.org","@graph":[{"@type":"Article","@id":"https:\/\/www.fiscalia.gov.co\/colombia\/noticias\/fiscalia-abre-investigacion-por-cargamento-de-armas-de-uso-privativo-destinado-a-disidencias-residuales-que-delinquen-en-narino\/#article","isPartOf":{"@id":"https:\/\/www.fiscalia.gov.co\/colombia\/noticias\/fiscalia-abre-investigacion-por-cargamento-de-armas-de-uso-privativo-destinado-a-disidencias-residuales-que-delinquen-en-narino\/"},"author":{"name":"Katherine Loaiza Mart\u00ednez","@id":"https:\/\/www.fiscalia.gov.co\/colombia\/#\/schema\/person\/2e76b9aba5ecf875ed565ce4de0e0415"},"headline":"Fiscal\u00eda abre investigaci\u00f3n por cargamento de armas de uso privativo destinado a disidencias residuales que delinquen en Nari\u00f1o","datePublished":"2023-01-16T19:49:12+00:00","dateModified":"2023-01-16T19:49:12+00:00","mainEntityOfPage":{"@id":"https:\/\/www.fiscalia.gov.co\/colombia\/noticias\/fiscalia-abre-investigacion-por-cargamento-de-armas-de-uso-privativo-destinado-a-disidencias-residuales-que-delinquen-en-narino\/"},"wordCount":378,"publisher":{"@id":"https:\/\/www.fiscalia.gov.co\/colombia\/#organization"},"image":{"@id":"https:\/\/www.fiscalia.gov.co\/colombia\/noticias\/fiscalia-abre-investigacion-por-cargamento-de-armas-de-uso-privativo-destinado-a-disidencias-residuales-que-delinquen-en-narino\/#primaryimage"},"thumbnailUrl":"https:\/\/www.fiscalia.gov.co\/colombia\/wp-content\/uploads\/disidencias-armas-farc-1.jpeg","keywords":["Fiscal Francisco Barbosa Delgado","Fiscal General Francisco Barbosa Delgado","Fiscal\u00eda de Colombia","Fiscal\u00eda General de la Naci\u00f3n","fusiles calibre 5.56","Uso privativo"],"articleSection":["Noticias","Seccional Pasto","Seguridad territorial"],"inLanguage":"es-CO"},{"@type":"WebPage","@id":"https:\/\/www.fiscalia.gov.co\/colombia\/noticias\/fiscalia-abre-investigacion-por-cargamento-de-armas-de-uso-privativo-destinado-a-disidencias-residuales-que-delinquen-en-narino\/","url":"https:\/\/www.fiscalia.gov.co\/colombia\/noticias\/fiscalia-abre-investigacion-por-cargamento-de-armas-de-uso-privativo-destinado-a-disidencias-residuales-que-delinquen-en-narino\/","name":"Fiscal\u00eda General de la Naci\u00f3n","isPartOf":{"@id":"https:\/\/www.fiscalia.gov.co\/colombia\/#website"},"primaryImageOfPage":{"@id":"https:\/\/www.fiscalia.gov.co\/colombia\/noticias\/fiscalia-abre-investigacion-por-cargamento-de-armas-de-uso-privativo-destinado-a-disidencias-residuales-que-delinquen-en-narino\/#primaryimage"},"image":{"@id":"https:\/\/www.fiscalia.gov.co\/colombia\/noticias\/fiscalia-abre-investigacion-por-cargamento-de-armas-de-uso-privativo-destinado-a-disidencias-residuales-que-delinquen-en-narino\/#primaryimage"},"thumbnailUrl":"https:\/\/www.fiscalia.gov.co\/colombia\/wp-content\/uploads\/disidencias-armas-farc-1.jpeg","datePublished":"2023-01-16T19:49:12+00:00","dateModified":"2023-01-16T19:49:12+00:00","description":"P\u00e1gina oficial de la Fiscal\u00eda General de la Naci\u00f3n \u2013 Colombia. Garantizamos el acceso efectivo a la justicia, la verdad y la reparaci\u00f3n de las v\u00edctimas de los delitos.","breadcrumb":{"@id":"https:\/\/www.fiscalia.gov.co\/colombia\/noticias\/fiscalia-abre-investigacion-por-cargamento-de-armas-de-uso-privativo-destinado-a-disidencias-residuales-que-delinquen-en-narino\/#breadcrumb"},"inLanguage":"es-CO","potentialAction":[{"@type":"ReadAction","target":["https:\/\/www.fiscalia.gov.co\/colombia\/noticias\/fiscalia-abre-investigacion-por-cargamento-de-armas-de-uso-privativo-destinado-a-disidencias-residuales-que-delinquen-en-narino\/"]}]},{"@type":"ImageObject","inLanguage":"es-CO","@id":"https:\/\/www.fiscalia.gov.co\/colombia\/noticias\/fiscalia-abre-investigacion-por-cargamento-de-armas-de-uso-privativo-destinado-a-disidencias-residuales-que-delinquen-en-narino\/#primaryimage","url":"https:\/\/www.fiscalia.gov.co\/colombia\/wp-content\/uploads\/disidencias-armas-farc-1.jpeg","contentUrl":"https:\/\/www.fiscalia.gov.co\/colombia\/wp-content\/uploads\/disidencias-armas-farc-1.jpeg","width":1280,"height":720,"caption":"En las camionetas fueron incautadas fusiles calibre 5.56, una ametralladora M.60, pistolas 9 mil\u00edmetros, granadas, explosivos, radios de comunicaciones."},{"@type":"BreadcrumbList","@id":"https:\/\/www.fiscalia.gov.co\/colombia\/noticias\/fiscalia-abre-investigacion-por-cargamento-de-armas-de-uso-privativo-destinado-a-disidencias-residuales-que-delinquen-en-narino\/#breadcrumb","itemListElement":[{"@type":"ListItem","position":1,"name":"Home","item":"https:\/\/www.fiscalia.gov.co\/colombia\/"},{"@type":"ListItem","position":2,"name":"Fiscal\u00eda abre investigaci\u00f3n por cargamento de armas de uso privativo destinado a disidencias residuales que delinquen en Nari\u00f1o"}]},{"@type":"WebSite","@id":"https:\/\/www.fiscalia.gov.co\/colombia\/#website","url":"https:\/\/www.fiscalia.gov.co\/colombia\/","name":"Fiscal\u00eda General de la Naci\u00f3n","description":"P\u00e1gina oficial de la Fiscal\u00eda General de la Naci\u00f3n \u2013 Colombia. Garantizamos el acceso efectivo a la justicia, la verdad y la reparaci\u00f3n de las v\u00edctimas de los delitos.","publisher":{"@id":"https:\/\/www.fiscalia.gov.co\/colombia\/#organization"},"potentialAction":[{"@type":"SearchAction","target":{"@type":"EntryPoint","urlTemplate":"https:\/\/www.fiscalia.gov.co\/colombia\/?s={search_term_string}"},"query-input":{"@type":"PropertyValueSpecification","valueRequired":true,"valueName":"search_term_string"}}],"inLanguage":"es-CO"},{"@type":"Organization","@id":"https:\/\/www.fiscalia.gov.co\/colombia\/#organization","name":"Fiscal\u00eda General de la Naci\u00f3n","url":"https:\/\/www.fiscalia.gov.co\/colombia\/","logo":{"@type":"ImageObject","inLanguage":"es-CO","@id":"https:\/\/www.fiscalia.gov.co\/colombia\/#\/schema\/logo\/image\/","url":"https:\/\/www.fiscalia.gov.co\/colombia\/wp-content\/uploads\/LogoHorizontal_1.jpg","contentUrl":"https:\/\/www.fiscalia.gov.co\/colombia\/wp-content\/uploads\/LogoHorizontal_1.jpg","width":300,"height":90,"caption":"Fiscal\u00eda General de la Naci\u00f3n"},"image":{"@id":"https:\/\/www.fiscalia.gov.co\/colombia\/#\/schema\/logo\/image\/"},"sameAs":["https:\/\/www.facebook.com\/FiscaliaCol","https:\/\/x.com\/FiscaliaCol","https:\/\/www.instagram.com\/fiscaliacol","https:\/\/www.linkedin.com\/company\/fiscalia-general-de-la-naci-n\/","https:\/\/youtube.com\/@fiscaliageneraldelanacion-4668?si=6nN79nyQICPU5iTh"]},{"@type":"Person","@id":"https:\/\/www.fiscalia.gov.co\/colombia\/#\/schema\/person\/2e76b9aba5ecf875ed565ce4de0e0415","name":"Katherine Loaiza Mart\u00ednez","image":{"@type":"ImageObject","inLanguage":"es-CO","@id":"https:\/\/www.fiscalia.gov.co\/colombia\/#\/schema\/person\/image\/","url":"https:\/\/secure.gravatar.com\/avatar\/ab775a2f394c1b83b6d6f78680e57b50?s=96&d=mm&r=g","contentUrl":"https:\/\/secure.gravatar.com\/avatar\/ab775a2f394c1b83b6d6f78680e57b50?s=96&d=mm&r=g","caption":"Katherine Loaiza Mart\u00ednez"},"url":"https:\/\/www.fiscalia.gov.co\/colombia\/author\/kloaiza\/"}]}},"_links":{"self":[{"href":"https:\/\/www.fiscalia.gov.co\/colombia\/wp-json\/wp\/v2\/posts\/264089","targetHints":{"allow":["GET"]}}],"collection":[{"href":"https:\/\/www.fiscalia.gov.co\/colombia\/wp-json\/wp\/v2\/posts"}],"about":[{"href":"https:\/\/www.fiscalia.gov.co\/colombia\/wp-json\/wp\/v2\/types\/post"}],"author":[{"embeddable":true,"href":"https:\/\/www.fiscalia.gov.co\/colombia\/wp-json\/wp\/v2\/users\/175"}],"replies":[{"embeddable":true,"href":"https:\/\/www.fiscalia.gov.co\/colombia\/wp-json\/wp\/v2\/comments?post=264089"}],"version-history":[{"count":1,"href":"https:\/\/www.fiscalia.gov.co\/colombia\/wp-json\/wp\/v2\/posts\/264089\/revisions"}],"predecessor-version":[{"id":264092,"href":"https:\/\/www.fiscalia.gov.co\/colombia\/wp-json\/wp\/v2\/posts\/264089\/revisions\/264092"}],"wp:attachment":[{"href":"https:\/\/www.fiscalia.gov.co\/colombia\/wp-json\/wp\/v2\/media?parent=264089"}],"wp:term":[{"taxonomy":"category","embeddable":true,"href":"https:\/\/www.fiscalia.gov.co\/colombia\/wp-json\/wp\/v2\/categories?post=264089"},{"taxonomy":"post_tag","embeddable":true,"href":"https:\/\/www.fiscalia.gov.co\/colombia\/wp-json\/wp\/v2\/tags?post=264089"}],"curies":[{"name":"wp","href":"https:\/\/api.w.org\/{rel}","templated":true}]}}