{"id":263790,"date":"2023-01-06T08:36:37","date_gmt":"2023-01-06T13:36:37","guid":{"rendered":"https:\/\/www.fiscalia.gov.co\/colombia\/?p=263790"},"modified":"2023-01-06T08:36:37","modified_gmt":"2023-01-06T13:36:37","slug":"judicializado-y-asegurado-por-homicidio-alias-blanquito-presunto-miembro-de-los-mexicanos-que-delinque-en-quibdo","status":"publish","type":"post","link":"https:\/\/www.fiscalia.gov.co\/colombia\/noticias\/judicializado-y-asegurado-por-homicidio-alias-blanquito-presunto-miembro-de-los-mexicanos-que-delinque-en-quibdo\/","title":{"rendered":"Judicializado y asegurado por homicidio alias Blanquito presunto miembro de Los Mexicanos que delinque en Quibd\u00f3"},"content":{"rendered":"<p>La Fiscal\u00eda Seccional Choc\u00f3 logr\u00f3 la judicializaci\u00f3n y detenci\u00f3n intramuros de Jhon Alexander Moreno C\u00f3rdoba, alias Blanquito; un hombre de 18 a\u00f1os, luego de ser capturado por los delitos de homicidio agravado en concurso con fabricaci\u00f3n, porte, tr\u00e1fico o tenencia de armas de fuego o municiones agravado.<\/p>\n<figure id=\"attachment_263791\" aria-describedby=\"caption-attachment-263791\" style=\"width: 1280px\" class=\"wp-caption aligncenter\"><img loading=\"lazy\" decoding=\"async\" class=\"size-full wp-image-263791\" src=\"https:\/\/www.fiscalia.gov.co\/colombia\/wp-content\/uploads\/Alias-Blanquito.jpeg\" alt=\"Se ve el capturado con la cabeza baja. A sus dos costados, dos miembros de la Polic\u00eda.\" width=\"1280\" height=\"961\" srcset=\"https:\/\/www.fiscalia.gov.co\/colombia\/wp-content\/uploads\/Alias-Blanquito.jpeg 1280w, https:\/\/www.fiscalia.gov.co\/colombia\/wp-content\/uploads\/Alias-Blanquito-300x225.jpeg 300w, https:\/\/www.fiscalia.gov.co\/colombia\/wp-content\/uploads\/Alias-Blanquito-1024x769.jpeg 1024w, https:\/\/www.fiscalia.gov.co\/colombia\/wp-content\/uploads\/Alias-Blanquito-768x577.jpeg 768w, https:\/\/www.fiscalia.gov.co\/colombia\/wp-content\/uploads\/Alias-Blanquito-696x523.jpeg 696w, https:\/\/www.fiscalia.gov.co\/colombia\/wp-content\/uploads\/Alias-Blanquito-1068x802.jpeg 1068w, https:\/\/www.fiscalia.gov.co\/colombia\/wp-content\/uploads\/Alias-Blanquito-559x420.jpeg 559w, https:\/\/www.fiscalia.gov.co\/colombia\/wp-content\/uploads\/Alias-Blanquito-80x60.jpeg 80w, https:\/\/www.fiscalia.gov.co\/colombia\/wp-content\/uploads\/Alias-Blanquito-265x198.jpeg 265w\" sizes=\"auto, (max-width: 1280px) 100vw, 1280px\" \/><figcaption id=\"caption-attachment-263791\" class=\"wp-caption-text\">Jhon Alexander Moreno Cordoba, alias Blanquito, fue capturado para que responda por el homicidio de otro joven de 18 a\u00f1os, en hechos ocurrido en Quibd\u00f3 en septiembre de 2022.<\/figcaption><\/figure>\n<p>Los hechos por los cuales fue procesado ocurrieron el 26 de septiembre de 2022, en el barrio Medrano de Quibd\u00f3 en Choc\u00f3, cuando el hoy capturado dispar\u00f3 en diferentes oportunidades contra Jeiler Arley C\u00f3rdoba Mosquera.<\/p>\n<p>De acuerdo con las investigaciones, se presume que alias Blanquito, pertenece a la organizaci\u00f3n delincuencial Los Mexicanos, mientras que la v\u00edctima, al parecer hac\u00eda parte de los Zetas o Palme\u00f1os, con quien ten\u00eda problemas.<\/p>\n<p>Ese d\u00eda C\u00f3rdoba Mosquera fue trasladado a un centro asistencial donde a pesar de los esfuerzos m\u00e9dicos muri\u00f3. Dos personas, que se encontraban con la v\u00edctima tambi\u00e9n resultaron lesionadas.<\/p>\n<p>Jhon Alexander Moreno C\u00f3rdoba, ten\u00eda orden de captura vigente del 29 de septiembre por estos hechos, tambi\u00e9n registra anotaciones judiciales por los delitos de un homicidio, cinco hurtos, lesiones personales y fabricaci\u00f3n, tr\u00e1fico y porte desde que era menor de edad.<\/p>\n<p>&nbsp;<\/p>\n<p>JLH\/MP\/DSCH<\/p>\n<p style=\"font-weight: 400;\">Tambi\u00e9n le puede interesar:<\/p>\n<p style=\"font-weight: 400;\"><a href=\"https:\/\/www.fiscalia.gov.co\/colombia\/noticias\/judicializado-hombre-involucrado-presuntamente-en-el-secuestro-y-homicidio-de-un-comerciante-de-medellin-en-quibdo-choco\/\" data-saferedirecturl=\"https:\/\/www.google.com\/url?q=https:\/\/www.fiscalia.gov.co\/colombia\/noticias\/judicializado-hombre-involucrado-presuntamente-en-el-secuestro-y-homicidio-de-un-comerciante-de-medellin-en-quibdo-choco\/&amp;source=gmail&amp;ust=1673095862344000&amp;usg=AOvVaw3pSkaiAxMlP4DCJTbM4OTt\">Judicializado hombre involucrado presuntamente en el secuestro y homicidio de un comerciante de Medell\u00edn en Quibd\u00f3 (Choc\u00f3)<\/a><\/p>\n<p><strong>La Fiscal\u00eda General de la Naci\u00f3n habla con resultados.<\/strong><\/p>\n<div class=\"td-post-content tagdiv-type\">\n<p><em>La informaci\u00f3n contenida en este bolet\u00edn de prensa corresponde a la narraci\u00f3n de los hechos noticiosos objetivos, suministrados por los funcionarios encargados de adelantar las investigaciones penales al interior de la Fiscal\u00eda General de la Naci\u00f3n. Para el momento de la divulgaci\u00f3n de este comunicado, la situaci\u00f3n jur\u00eddica de la(s) persona(s) relacionada(s) se encuentra pendiente de resolver por la autoridad judicial competente, siempre bajo los preceptos de la presunci\u00f3n de inocencia, consagrados en el art\u00edculo 29 de la Constituci\u00f3n Pol\u00edtica y el art\u00edculo 7\u00ba de la Ley 906 de 2004.<\/em><\/p>\n<\/div>\n\n<div class=\"twitter-share\"><a href=\"https:\/\/twitter.com\/intent\/tweet?via=fiscaliacol\" class=\"twitter-share-button\">Tweet<\/a><\/div>\n","protected":false},"excerpt":{"rendered":"<p>La Fiscal\u00eda Seccional Choc\u00f3 logr\u00f3 la judicializaci\u00f3n y detenci\u00f3n intramuros de Jhon Alexander Moreno C\u00f3rdoba, alias Blanquito; un hombre de 18 a\u00f1os, luego de ser capturado por los delitos de [&hellip;]<\/p>\n","protected":false},"author":175,"featured_media":0,"comment_status":"closed","ping_status":"open","sticky":false,"template":"","format":"standard","meta":{"tdm_status":"","tdm_grid_status":"","footnotes":""},"categories":[1,2336,24099],"tags":[33649,1047,28833,28454,33648,33651,10872,33650,33652],"class_list":["post-263790","post","type-post","status-publish","format-standard","category-noticias","category-seccional-quibdo","category-seguridad-territorial","tag-alias-blanquito","tag-fiscalia-general-de-la-nacion","tag-fiscalia-seccional-choco","tag-homicidio-agravado-en-concurso-con-fabricacion","tag-jhon-alexander-moreno-cordoba","tag-organizacion-delincuencial-los-mexicanos","tag-porte","tag-trafico-o-tenencia-de-armas-de-fuego-o-municiones-agravado","tag-zetas-o-palmenos"],"yoast_head":"<!-- This site is optimized with the Yoast SEO plugin v24.3 - https:\/\/yoast.com\/wordpress\/plugins\/seo\/ -->\n<title>Fiscal\u00eda General de la Naci\u00f3n<\/title>\n<meta name=\"description\" content=\"P\u00e1gina oficial de la Fiscal\u00eda General de la Naci\u00f3n \u2013 Colombia. Garantizamos el acceso efectivo a la justicia, la verdad y la reparaci\u00f3n de las v\u00edctimas de los delitos.\" \/>\n<meta name=\"robots\" content=\"noindex, follow\" \/>\n<meta property=\"og:locale\" content=\"es_ES\" \/>\n<meta property=\"og:type\" content=\"article\" \/>\n<meta property=\"og:title\" content=\"Fiscal\u00eda General de la Naci\u00f3n\" \/>\n<meta property=\"og:description\" content=\"P\u00e1gina oficial de la Fiscal\u00eda General de la Naci\u00f3n \u2013 Colombia. Garantizamos el acceso efectivo a la justicia, la verdad y la reparaci\u00f3n de las v\u00edctimas de los delitos.\" \/>\n<meta property=\"og:url\" content=\"https:\/\/www.fiscalia.gov.co\/colombia\/noticias\/judicializado-y-asegurado-por-homicidio-alias-blanquito-presunto-miembro-de-los-mexicanos-que-delinque-en-quibdo\/\" \/>\n<meta property=\"og:site_name\" content=\"Fiscal\u00eda General de la Naci\u00f3n\" \/>\n<meta property=\"article:publisher\" content=\"https:\/\/www.facebook.com\/FiscaliaCol\" \/>\n<meta property=\"article:published_time\" content=\"2023-01-06T13:36:37+00:00\" \/>\n<meta property=\"og:image\" content=\"https:\/\/www.fiscalia.gov.co\/colombia\/wp-content\/uploads\/Alias-Blanquito.jpeg\" \/>\n<meta name=\"author\" content=\"Katherine Loaiza Mart\u00ednez\" \/>\n<meta name=\"twitter:card\" content=\"summary_large_image\" \/>\n<meta name=\"twitter:creator\" content=\"@FiscaliaCol\" \/>\n<meta name=\"twitter:site\" content=\"@FiscaliaCol\" \/>\n<meta name=\"twitter:label1\" content=\"Escrito por\" \/>\n\t<meta name=\"twitter:data1\" content=\"Katherine Loaiza Mart\u00ednez\" \/>\n\t<meta name=\"twitter:label2\" content=\"Tiempo de lectura\" \/>\n\t<meta name=\"twitter:data2\" content=\"2 minutos\" \/>\n<script type=\"application\/ld+json\" class=\"yoast-schema-graph\">{\"@context\":\"https:\/\/schema.org\",\"@graph\":[{\"@type\":\"Article\",\"@id\":\"https:\/\/www.fiscalia.gov.co\/colombia\/noticias\/judicializado-y-asegurado-por-homicidio-alias-blanquito-presunto-miembro-de-los-mexicanos-que-delinque-en-quibdo\/#article\",\"isPartOf\":{\"@id\":\"https:\/\/www.fiscalia.gov.co\/colombia\/noticias\/judicializado-y-asegurado-por-homicidio-alias-blanquito-presunto-miembro-de-los-mexicanos-que-delinque-en-quibdo\/\"},\"author\":{\"name\":\"Katherine Loaiza Mart\u00ednez\",\"@id\":\"https:\/\/www.fiscalia.gov.co\/colombia\/#\/schema\/person\/2e76b9aba5ecf875ed565ce4de0e0415\"},\"headline\":\"Judicializado y asegurado por homicidio alias Blanquito presunto miembro de Los Mexicanos que delinque en Quibd\u00f3\",\"datePublished\":\"2023-01-06T13:36:37+00:00\",\"dateModified\":\"2023-01-06T13:36:37+00:00\",\"mainEntityOfPage\":{\"@id\":\"https:\/\/www.fiscalia.gov.co\/colombia\/noticias\/judicializado-y-asegurado-por-homicidio-alias-blanquito-presunto-miembro-de-los-mexicanos-que-delinque-en-quibdo\/\"},\"wordCount\":396,\"publisher\":{\"@id\":\"https:\/\/www.fiscalia.gov.co\/colombia\/#organization\"},\"image\":{\"@id\":\"https:\/\/www.fiscalia.gov.co\/colombia\/noticias\/judicializado-y-asegurado-por-homicidio-alias-blanquito-presunto-miembro-de-los-mexicanos-que-delinque-en-quibdo\/#primaryimage\"},\"thumbnailUrl\":\"https:\/\/www.fiscalia.gov.co\/colombia\/wp-content\/uploads\/Alias-Blanquito.jpeg\",\"keywords\":[\"alias Blanquito\",\"Fiscal\u00eda General de la Naci\u00f3n\",\"Fiscal\u00eda Seccional Choc\u00f3\",\"homicidio agravado en concurso con fabricaci\u00f3n\",\"Jhon Alexander Moreno Cordoba\",\"organizaci\u00f3n delincuencial Los Mexicanos\",\"Porte\",\"tr\u00e1fico o tenencia de armas de fuego o municiones agravado\",\"Zetas o Palme\u00f1os\"],\"articleSection\":[\"Noticias\",\"Seccional Quibd\u00f3\",\"Seguridad territorial\"],\"inLanguage\":\"es-CO\"},{\"@type\":\"WebPage\",\"@id\":\"https:\/\/www.fiscalia.gov.co\/colombia\/noticias\/judicializado-y-asegurado-por-homicidio-alias-blanquito-presunto-miembro-de-los-mexicanos-que-delinque-en-quibdo\/\",\"url\":\"https:\/\/www.fiscalia.gov.co\/colombia\/noticias\/judicializado-y-asegurado-por-homicidio-alias-blanquito-presunto-miembro-de-los-mexicanos-que-delinque-en-quibdo\/\",\"name\":\"Fiscal\u00eda General de la Naci\u00f3n\",\"isPartOf\":{\"@id\":\"https:\/\/www.fiscalia.gov.co\/colombia\/#website\"},\"primaryImageOfPage\":{\"@id\":\"https:\/\/www.fiscalia.gov.co\/colombia\/noticias\/judicializado-y-asegurado-por-homicidio-alias-blanquito-presunto-miembro-de-los-mexicanos-que-delinque-en-quibdo\/#primaryimage\"},\"image\":{\"@id\":\"https:\/\/www.fiscalia.gov.co\/colombia\/noticias\/judicializado-y-asegurado-por-homicidio-alias-blanquito-presunto-miembro-de-los-mexicanos-que-delinque-en-quibdo\/#primaryimage\"},\"thumbnailUrl\":\"https:\/\/www.fiscalia.gov.co\/colombia\/wp-content\/uploads\/Alias-Blanquito.jpeg\",\"datePublished\":\"2023-01-06T13:36:37+00:00\",\"dateModified\":\"2023-01-06T13:36:37+00:00\",\"description\":\"P\u00e1gina oficial de la Fiscal\u00eda General de la Naci\u00f3n \u2013 Colombia. Garantizamos el acceso efectivo a la justicia, la verdad y la reparaci\u00f3n de las v\u00edctimas de los delitos.\",\"breadcrumb\":{\"@id\":\"https:\/\/www.fiscalia.gov.co\/colombia\/noticias\/judicializado-y-asegurado-por-homicidio-alias-blanquito-presunto-miembro-de-los-mexicanos-que-delinque-en-quibdo\/#breadcrumb\"},\"inLanguage\":\"es-CO\",\"potentialAction\":[{\"@type\":\"ReadAction\",\"target\":[\"https:\/\/www.fiscalia.gov.co\/colombia\/noticias\/judicializado-y-asegurado-por-homicidio-alias-blanquito-presunto-miembro-de-los-mexicanos-que-delinque-en-quibdo\/\"]}]},{\"@type\":\"ImageObject\",\"inLanguage\":\"es-CO\",\"@id\":\"https:\/\/www.fiscalia.gov.co\/colombia\/noticias\/judicializado-y-asegurado-por-homicidio-alias-blanquito-presunto-miembro-de-los-mexicanos-que-delinque-en-quibdo\/#primaryimage\",\"url\":\"https:\/\/www.fiscalia.gov.co\/colombia\/wp-content\/uploads\/Alias-Blanquito.jpeg\",\"contentUrl\":\"https:\/\/www.fiscalia.gov.co\/colombia\/wp-content\/uploads\/Alias-Blanquito.jpeg\",\"width\":1280,\"height\":961,\"caption\":\"Jhon Alexander Moreno Cordoba, alias Blanquito, fue capturado para que responda por el homicidio de otro joven de 18 a\u00f1os, en hechos ocurrido en Quibd\u00f3 en septiembre de 2022.\"},{\"@type\":\"BreadcrumbList\",\"@id\":\"https:\/\/www.fiscalia.gov.co\/colombia\/noticias\/judicializado-y-asegurado-por-homicidio-alias-blanquito-presunto-miembro-de-los-mexicanos-que-delinque-en-quibdo\/#breadcrumb\",\"itemListElement\":[{\"@type\":\"ListItem\",\"position\":1,\"name\":\"Home\",\"item\":\"https:\/\/www.fiscalia.gov.co\/colombia\/\"},{\"@type\":\"ListItem\",\"position\":2,\"name\":\"Judicializado y asegurado por homicidio alias Blanquito presunto miembro de Los Mexicanos que delinque en Quibd\u00f3\"}]},{\"@type\":\"WebSite\",\"@id\":\"https:\/\/www.fiscalia.gov.co\/colombia\/#website\",\"url\":\"https:\/\/www.fiscalia.gov.co\/colombia\/\",\"name\":\"Fiscal\u00eda General de la Naci\u00f3n\",\"description\":\"P\u00e1gina oficial de la Fiscal\u00eda General de la Naci\u00f3n \u2013 Colombia. Garantizamos el acceso efectivo a la justicia, la verdad y la reparaci\u00f3n de las v\u00edctimas de los delitos.\",\"publisher\":{\"@id\":\"https:\/\/www.fiscalia.gov.co\/colombia\/#organization\"},\"potentialAction\":[{\"@type\":\"SearchAction\",\"target\":{\"@type\":\"EntryPoint\",\"urlTemplate\":\"https:\/\/www.fiscalia.gov.co\/colombia\/?s={search_term_string}\"},\"query-input\":{\"@type\":\"PropertyValueSpecification\",\"valueRequired\":true,\"valueName\":\"search_term_string\"}}],\"inLanguage\":\"es-CO\"},{\"@type\":\"Organization\",\"@id\":\"https:\/\/www.fiscalia.gov.co\/colombia\/#organization\",\"name\":\"Fiscal\u00eda General de la Naci\u00f3n\",\"url\":\"https:\/\/www.fiscalia.gov.co\/colombia\/\",\"logo\":{\"@type\":\"ImageObject\",\"inLanguage\":\"es-CO\",\"@id\":\"https:\/\/www.fiscalia.gov.co\/colombia\/#\/schema\/logo\/image\/\",\"url\":\"https:\/\/www.fiscalia.gov.co\/colombia\/wp-content\/uploads\/LogoHorizontal_1.jpg\",\"contentUrl\":\"https:\/\/www.fiscalia.gov.co\/colombia\/wp-content\/uploads\/LogoHorizontal_1.jpg\",\"width\":300,\"height\":90,\"caption\":\"Fiscal\u00eda General de la Naci\u00f3n\"},\"image\":{\"@id\":\"https:\/\/www.fiscalia.gov.co\/colombia\/#\/schema\/logo\/image\/\"},\"sameAs\":[\"https:\/\/www.facebook.com\/FiscaliaCol\",\"https:\/\/x.com\/FiscaliaCol\",\"https:\/\/www.instagram.com\/fiscaliacol\",\"https:\/\/www.linkedin.com\/company\/fiscalia-general-de-la-naci-n\/\",\"https:\/\/youtube.com\/@fiscaliageneraldelanacion-4668?si=6nN79nyQICPU5iTh\"]},{\"@type\":\"Person\",\"@id\":\"https:\/\/www.fiscalia.gov.co\/colombia\/#\/schema\/person\/2e76b9aba5ecf875ed565ce4de0e0415\",\"name\":\"Katherine Loaiza Mart\u00ednez\",\"image\":{\"@type\":\"ImageObject\",\"inLanguage\":\"es-CO\",\"@id\":\"https:\/\/www.fiscalia.gov.co\/colombia\/#\/schema\/person\/image\/\",\"url\":\"https:\/\/secure.gravatar.com\/avatar\/ab775a2f394c1b83b6d6f78680e57b50?s=96&d=mm&r=g\",\"contentUrl\":\"https:\/\/secure.gravatar.com\/avatar\/ab775a2f394c1b83b6d6f78680e57b50?s=96&d=mm&r=g\",\"caption\":\"Katherine Loaiza Mart\u00ednez\"},\"url\":\"https:\/\/www.fiscalia.gov.co\/colombia\/author\/kloaiza\/\"}]}<\/script>\n<!-- \/ Yoast SEO plugin. -->","yoast_head_json":{"title":"Fiscal\u00eda General de la Naci\u00f3n","description":"P\u00e1gina oficial de la Fiscal\u00eda General de la Naci\u00f3n \u2013 Colombia. Garantizamos el acceso efectivo a la justicia, la verdad y la reparaci\u00f3n de las v\u00edctimas de los delitos.","robots":{"index":"noindex","follow":"follow"},"og_locale":"es_ES","og_type":"article","og_title":"Fiscal\u00eda General de la Naci\u00f3n","og_description":"P\u00e1gina oficial de la Fiscal\u00eda General de la Naci\u00f3n \u2013 Colombia. Garantizamos el acceso efectivo a la justicia, la verdad y la reparaci\u00f3n de las v\u00edctimas de los delitos.","og_url":"https:\/\/www.fiscalia.gov.co\/colombia\/noticias\/judicializado-y-asegurado-por-homicidio-alias-blanquito-presunto-miembro-de-los-mexicanos-que-delinque-en-quibdo\/","og_site_name":"Fiscal\u00eda General de la Naci\u00f3n","article_publisher":"https:\/\/www.facebook.com\/FiscaliaCol","article_published_time":"2023-01-06T13:36:37+00:00","og_image":[{"url":"https:\/\/www.fiscalia.gov.co\/colombia\/wp-content\/uploads\/Alias-Blanquito.jpeg","type":"","width":"","height":""}],"author":"Katherine Loaiza Mart\u00ednez","twitter_card":"summary_large_image","twitter_creator":"@FiscaliaCol","twitter_site":"@FiscaliaCol","twitter_misc":{"Escrito por":"Katherine Loaiza Mart\u00ednez","Tiempo de lectura":"2 minutos"},"schema":{"@context":"https:\/\/schema.org","@graph":[{"@type":"Article","@id":"https:\/\/www.fiscalia.gov.co\/colombia\/noticias\/judicializado-y-asegurado-por-homicidio-alias-blanquito-presunto-miembro-de-los-mexicanos-que-delinque-en-quibdo\/#article","isPartOf":{"@id":"https:\/\/www.fiscalia.gov.co\/colombia\/noticias\/judicializado-y-asegurado-por-homicidio-alias-blanquito-presunto-miembro-de-los-mexicanos-que-delinque-en-quibdo\/"},"author":{"name":"Katherine Loaiza Mart\u00ednez","@id":"https:\/\/www.fiscalia.gov.co\/colombia\/#\/schema\/person\/2e76b9aba5ecf875ed565ce4de0e0415"},"headline":"Judicializado y asegurado por homicidio alias Blanquito presunto miembro de Los Mexicanos que delinque en Quibd\u00f3","datePublished":"2023-01-06T13:36:37+00:00","dateModified":"2023-01-06T13:36:37+00:00","mainEntityOfPage":{"@id":"https:\/\/www.fiscalia.gov.co\/colombia\/noticias\/judicializado-y-asegurado-por-homicidio-alias-blanquito-presunto-miembro-de-los-mexicanos-que-delinque-en-quibdo\/"},"wordCount":396,"publisher":{"@id":"https:\/\/www.fiscalia.gov.co\/colombia\/#organization"},"image":{"@id":"https:\/\/www.fiscalia.gov.co\/colombia\/noticias\/judicializado-y-asegurado-por-homicidio-alias-blanquito-presunto-miembro-de-los-mexicanos-que-delinque-en-quibdo\/#primaryimage"},"thumbnailUrl":"https:\/\/www.fiscalia.gov.co\/colombia\/wp-content\/uploads\/Alias-Blanquito.jpeg","keywords":["alias Blanquito","Fiscal\u00eda General de la Naci\u00f3n","Fiscal\u00eda Seccional Choc\u00f3","homicidio agravado en concurso con fabricaci\u00f3n","Jhon Alexander Moreno Cordoba","organizaci\u00f3n delincuencial Los Mexicanos","Porte","tr\u00e1fico o tenencia de armas de fuego o municiones agravado","Zetas o Palme\u00f1os"],"articleSection":["Noticias","Seccional Quibd\u00f3","Seguridad territorial"],"inLanguage":"es-CO"},{"@type":"WebPage","@id":"https:\/\/www.fiscalia.gov.co\/colombia\/noticias\/judicializado-y-asegurado-por-homicidio-alias-blanquito-presunto-miembro-de-los-mexicanos-que-delinque-en-quibdo\/","url":"https:\/\/www.fiscalia.gov.co\/colombia\/noticias\/judicializado-y-asegurado-por-homicidio-alias-blanquito-presunto-miembro-de-los-mexicanos-que-delinque-en-quibdo\/","name":"Fiscal\u00eda General de la Naci\u00f3n","isPartOf":{"@id":"https:\/\/www.fiscalia.gov.co\/colombia\/#website"},"primaryImageOfPage":{"@id":"https:\/\/www.fiscalia.gov.co\/colombia\/noticias\/judicializado-y-asegurado-por-homicidio-alias-blanquito-presunto-miembro-de-los-mexicanos-que-delinque-en-quibdo\/#primaryimage"},"image":{"@id":"https:\/\/www.fiscalia.gov.co\/colombia\/noticias\/judicializado-y-asegurado-por-homicidio-alias-blanquito-presunto-miembro-de-los-mexicanos-que-delinque-en-quibdo\/#primaryimage"},"thumbnailUrl":"https:\/\/www.fiscalia.gov.co\/colombia\/wp-content\/uploads\/Alias-Blanquito.jpeg","datePublished":"2023-01-06T13:36:37+00:00","dateModified":"2023-01-06T13:36:37+00:00","description":"P\u00e1gina oficial de la Fiscal\u00eda General de la Naci\u00f3n \u2013 Colombia. Garantizamos el acceso efectivo a la justicia, la verdad y la reparaci\u00f3n de las v\u00edctimas de los delitos.","breadcrumb":{"@id":"https:\/\/www.fiscalia.gov.co\/colombia\/noticias\/judicializado-y-asegurado-por-homicidio-alias-blanquito-presunto-miembro-de-los-mexicanos-que-delinque-en-quibdo\/#breadcrumb"},"inLanguage":"es-CO","potentialAction":[{"@type":"ReadAction","target":["https:\/\/www.fiscalia.gov.co\/colombia\/noticias\/judicializado-y-asegurado-por-homicidio-alias-blanquito-presunto-miembro-de-los-mexicanos-que-delinque-en-quibdo\/"]}]},{"@type":"ImageObject","inLanguage":"es-CO","@id":"https:\/\/www.fiscalia.gov.co\/colombia\/noticias\/judicializado-y-asegurado-por-homicidio-alias-blanquito-presunto-miembro-de-los-mexicanos-que-delinque-en-quibdo\/#primaryimage","url":"https:\/\/www.fiscalia.gov.co\/colombia\/wp-content\/uploads\/Alias-Blanquito.jpeg","contentUrl":"https:\/\/www.fiscalia.gov.co\/colombia\/wp-content\/uploads\/Alias-Blanquito.jpeg","width":1280,"height":961,"caption":"Jhon Alexander Moreno Cordoba, alias Blanquito, fue capturado para que responda por el homicidio de otro joven de 18 a\u00f1os, en hechos ocurrido en Quibd\u00f3 en septiembre de 2022."},{"@type":"BreadcrumbList","@id":"https:\/\/www.fiscalia.gov.co\/colombia\/noticias\/judicializado-y-asegurado-por-homicidio-alias-blanquito-presunto-miembro-de-los-mexicanos-que-delinque-en-quibdo\/#breadcrumb","itemListElement":[{"@type":"ListItem","position":1,"name":"Home","item":"https:\/\/www.fiscalia.gov.co\/colombia\/"},{"@type":"ListItem","position":2,"name":"Judicializado y asegurado por homicidio alias Blanquito presunto miembro de Los Mexicanos que delinque en Quibd\u00f3"}]},{"@type":"WebSite","@id":"https:\/\/www.fiscalia.gov.co\/colombia\/#website","url":"https:\/\/www.fiscalia.gov.co\/colombia\/","name":"Fiscal\u00eda General de la Naci\u00f3n","description":"P\u00e1gina oficial de la Fiscal\u00eda General de la Naci\u00f3n \u2013 Colombia. Garantizamos el acceso efectivo a la justicia, la verdad y la reparaci\u00f3n de las v\u00edctimas de los delitos.","publisher":{"@id":"https:\/\/www.fiscalia.gov.co\/colombia\/#organization"},"potentialAction":[{"@type":"SearchAction","target":{"@type":"EntryPoint","urlTemplate":"https:\/\/www.fiscalia.gov.co\/colombia\/?s={search_term_string}"},"query-input":{"@type":"PropertyValueSpecification","valueRequired":true,"valueName":"search_term_string"}}],"inLanguage":"es-CO"},{"@type":"Organization","@id":"https:\/\/www.fiscalia.gov.co\/colombia\/#organization","name":"Fiscal\u00eda General de la Naci\u00f3n","url":"https:\/\/www.fiscalia.gov.co\/colombia\/","logo":{"@type":"ImageObject","inLanguage":"es-CO","@id":"https:\/\/www.fiscalia.gov.co\/colombia\/#\/schema\/logo\/image\/","url":"https:\/\/www.fiscalia.gov.co\/colombia\/wp-content\/uploads\/LogoHorizontal_1.jpg","contentUrl":"https:\/\/www.fiscalia.gov.co\/colombia\/wp-content\/uploads\/LogoHorizontal_1.jpg","width":300,"height":90,"caption":"Fiscal\u00eda General de la Naci\u00f3n"},"image":{"@id":"https:\/\/www.fiscalia.gov.co\/colombia\/#\/schema\/logo\/image\/"},"sameAs":["https:\/\/www.facebook.com\/FiscaliaCol","https:\/\/x.com\/FiscaliaCol","https:\/\/www.instagram.com\/fiscaliacol","https:\/\/www.linkedin.com\/company\/fiscalia-general-de-la-naci-n\/","https:\/\/youtube.com\/@fiscaliageneraldelanacion-4668?si=6nN79nyQICPU5iTh"]},{"@type":"Person","@id":"https:\/\/www.fiscalia.gov.co\/colombia\/#\/schema\/person\/2e76b9aba5ecf875ed565ce4de0e0415","name":"Katherine Loaiza Mart\u00ednez","image":{"@type":"ImageObject","inLanguage":"es-CO","@id":"https:\/\/www.fiscalia.gov.co\/colombia\/#\/schema\/person\/image\/","url":"https:\/\/secure.gravatar.com\/avatar\/ab775a2f394c1b83b6d6f78680e57b50?s=96&d=mm&r=g","contentUrl":"https:\/\/secure.gravatar.com\/avatar\/ab775a2f394c1b83b6d6f78680e57b50?s=96&d=mm&r=g","caption":"Katherine Loaiza Mart\u00ednez"},"url":"https:\/\/www.fiscalia.gov.co\/colombia\/author\/kloaiza\/"}]}},"_links":{"self":[{"href":"https:\/\/www.fiscalia.gov.co\/colombia\/wp-json\/wp\/v2\/posts\/263790","targetHints":{"allow":["GET"]}}],"collection":[{"href":"https:\/\/www.fiscalia.gov.co\/colombia\/wp-json\/wp\/v2\/posts"}],"about":[{"href":"https:\/\/www.fiscalia.gov.co\/colombia\/wp-json\/wp\/v2\/types\/post"}],"author":[{"embeddable":true,"href":"https:\/\/www.fiscalia.gov.co\/colombia\/wp-json\/wp\/v2\/users\/175"}],"replies":[{"embeddable":true,"href":"https:\/\/www.fiscalia.gov.co\/colombia\/wp-json\/wp\/v2\/comments?post=263790"}],"version-history":[{"count":1,"href":"https:\/\/www.fiscalia.gov.co\/colombia\/wp-json\/wp\/v2\/posts\/263790\/revisions"}],"predecessor-version":[{"id":263792,"href":"https:\/\/www.fiscalia.gov.co\/colombia\/wp-json\/wp\/v2\/posts\/263790\/revisions\/263792"}],"wp:attachment":[{"href":"https:\/\/www.fiscalia.gov.co\/colombia\/wp-json\/wp\/v2\/media?parent=263790"}],"wp:term":[{"taxonomy":"category","embeddable":true,"href":"https:\/\/www.fiscalia.gov.co\/colombia\/wp-json\/wp\/v2\/categories?post=263790"},{"taxonomy":"post_tag","embeddable":true,"href":"https:\/\/www.fiscalia.gov.co\/colombia\/wp-json\/wp\/v2\/tags?post=263790"}],"curies":[{"name":"wp","href":"https:\/\/api.w.org\/{rel}","templated":true}]}}