{"id":263766,"date":"2023-01-04T16:23:49","date_gmt":"2023-01-04T21:23:49","guid":{"rendered":"https:\/\/www.fiscalia.gov.co\/colombia\/?p=263766"},"modified":"2023-01-04T16:23:49","modified_gmt":"2023-01-04T21:23:49","slug":"carcel-para-4-hombres-senalados-del-delito-de-tentativa-de-extorsion-en-bello-antioquia","status":"publish","type":"post","link":"https:\/\/www.fiscalia.gov.co\/colombia\/noticias\/carcel-para-4-hombres-senalados-del-delito-de-tentativa-de-extorsion-en-bello-antioquia\/","title":{"rendered":"C\u00e1rcel para 4 hombres se\u00f1alados del delito de tentativa de\u00a0extorsi\u00f3n en\u00a0Bello (Antioquia)"},"content":{"rendered":"<p>La Fiscal\u00eda obtuvo medida de aseguramiento en centro carcelario en contra de\u00a0 Juan Diego Garavito Canchila, Alexander Jos\u00e9 Rosales Perdomo, Juan Fernando G\u00f3mez S\u00e1nchez y Andrey Fabi\u00e1n S\u00e1nchez Vanegas.\u00a0se\u00f1alados\u00a0\u00a0como presuntos responsables de exigir una alta suma de dinero como pago de una falsa deuda a un habitante del municipio de Bello (Antioquia).<\/p>\n<p>Seg\u00fan la denuncia instaurada por la v\u00edctima, el 16 de diciembre de 2022,\u00a0llegaron a su lugar de residencia, en el barrio Caba\u00f1as de Bello (Antioquia), 3 sujetos que se identificaron como integrantes del grupo criminal \u00b4Los Chatas\u00b4 y le indicaron\u00a0que les deb\u00eda dinero por la venta de un autom\u00f3vil. Ante la negativa de la v\u00edctima, los procesados lo citaron a una reuni\u00f3n para aclarar la situaci\u00f3n.<\/p>\n<figure id=\"attachment_263767\" aria-describedby=\"caption-attachment-263767\" style=\"width: 1280px\" class=\"wp-caption aligncenter\"><img loading=\"lazy\" decoding=\"async\" class=\"size-full wp-image-263767\" src=\"https:\/\/www.fiscalia.gov.co\/colombia\/wp-content\/uploads\/Juan-Diego-Garavito-Canchila-Alexander-Jose-Rosales-Perdomo-Juan-Fernando-Gomez-Sanchez-y-Andrey-Fabian-Sanchez-Vanegas.jpg\" alt=\"En la imagen est\u00e1n los 4 procesados con miembros del CTI y el Ej\u00e9rcito Nacional\" width=\"1280\" height=\"720\" srcset=\"https:\/\/www.fiscalia.gov.co\/colombia\/wp-content\/uploads\/Juan-Diego-Garavito-Canchila-Alexander-Jose-Rosales-Perdomo-Juan-Fernando-Gomez-Sanchez-y-Andrey-Fabian-Sanchez-Vanegas.jpg 1280w, https:\/\/www.fiscalia.gov.co\/colombia\/wp-content\/uploads\/Juan-Diego-Garavito-Canchila-Alexander-Jose-Rosales-Perdomo-Juan-Fernando-Gomez-Sanchez-y-Andrey-Fabian-Sanchez-Vanegas-300x169.jpg 300w, https:\/\/www.fiscalia.gov.co\/colombia\/wp-content\/uploads\/Juan-Diego-Garavito-Canchila-Alexander-Jose-Rosales-Perdomo-Juan-Fernando-Gomez-Sanchez-y-Andrey-Fabian-Sanchez-Vanegas-1024x576.jpg 1024w, https:\/\/www.fiscalia.gov.co\/colombia\/wp-content\/uploads\/Juan-Diego-Garavito-Canchila-Alexander-Jose-Rosales-Perdomo-Juan-Fernando-Gomez-Sanchez-y-Andrey-Fabian-Sanchez-Vanegas-768x432.jpg 768w, https:\/\/www.fiscalia.gov.co\/colombia\/wp-content\/uploads\/Juan-Diego-Garavito-Canchila-Alexander-Jose-Rosales-Perdomo-Juan-Fernando-Gomez-Sanchez-y-Andrey-Fabian-Sanchez-Vanegas-696x392.jpg 696w, https:\/\/www.fiscalia.gov.co\/colombia\/wp-content\/uploads\/Juan-Diego-Garavito-Canchila-Alexander-Jose-Rosales-Perdomo-Juan-Fernando-Gomez-Sanchez-y-Andrey-Fabian-Sanchez-Vanegas-1068x601.jpg 1068w, https:\/\/www.fiscalia.gov.co\/colombia\/wp-content\/uploads\/Juan-Diego-Garavito-Canchila-Alexander-Jose-Rosales-Perdomo-Juan-Fernando-Gomez-Sanchez-y-Andrey-Fabian-Sanchez-Vanegas-747x420.jpg 747w\" sizes=\"auto, (max-width: 1280px) 100vw, 1280px\" \/><figcaption id=\"caption-attachment-263767\" class=\"wp-caption-text\">Presuntos responsable de extorsi\u00f3n a un habitante del municipio de Bello.<\/figcaption><\/figure>\n<p>El 19 de diciembre de 2022\u00a0se reunieron\u00a0con la v\u00edctima y le exigieron 50 millones de pesos, manifest\u00e1ndole que ten\u00edan toda la informaci\u00f3n personal y familiar y que deb\u00eda pagar dicha suma.<\/p>\n<p>Los presuntos\u00a0integrantes de la banda criminal le exigieron que primero\u00a0ten\u00eda que entregar el\u00a0\u00a0\u00a023 de diciembre del 2022,\u00a032 millones de pesos pero la\u00a0 v\u00edctima les asegur\u00f3 que solo pod\u00eda conseguir\u00a0\u00a020 millones para el d\u00eda 28 de ese mismo mes; monto que fue aceptado por los presuntos victimarios.<\/p>\n<p>A la hora de la recibir el dinero pactado en el sitio se\u00f1alado\u00a0funcionarios del CTI adscritos al Gaula militar, con el apoyo del Ej\u00e9rcito Nacional, capturaron en flagrancia a los 4\u00a0\u00a0procesados en flagrancia\u00a0cuando se dispon\u00edan a recibir un sobre con el dinero exigido.<\/p>\n<p>Los capturados\u00a0 no aceptaron los cargos imputados por el delito de tentativa de extorsi\u00f3n agravada.<\/p>\n<p>La Fiscal\u00eda habla con resultados<\/p>\n<p>NAMT\/ALLAN ALBERT ROJAS\/DSMedell\u00edn\/FAGH<\/p>\n<p>&nbsp;<\/p>\n<div class=\"td-post-content tagdiv-type\">\n<div class=\"td-post-content tagdiv-type\">\n<div class=\"td-post-content tagdiv-type\">\n<p><em>La informaci\u00f3n contenida en este bolet\u00edn de prensa corresponde a la narraci\u00f3n de los hechos noticiosos objetivos, suministrados por los funcionarios encargados de adelantar las investigaciones penales al interior de la Fiscal\u00eda General de la Naci\u00f3n. Para el momento de la divulgaci\u00f3n de este comunicado, la situaci\u00f3n jur\u00eddica de la(s) persona(s) relacionada(s) se encuentra pendiente de resolver por la autoridad judicial competente, siempre bajo los preceptos de la presunci\u00f3n de inocencia, consagrados en el art\u00edculo 29 de la Constituci\u00f3n Pol\u00edtica y el art\u00edculo 7\u00ba de la Ley 906 de 2004.<\/em><\/p>\n<\/div>\n<\/div>\n<\/div>\n<footer>\n<div class=\"td-post-source-tags\"><\/div>\n<div class=\"td-post-sharing-bottom\"><\/div>\n<\/footer>\n\n<div class=\"twitter-share\"><a href=\"https:\/\/twitter.com\/intent\/tweet?via=fiscaliacol\" class=\"twitter-share-button\">Tweet<\/a><\/div>\n","protected":false},"excerpt":{"rendered":"<p>La Fiscal\u00eda obtuvo medida de aseguramiento en centro carcelario en contra de\u00a0 Juan Diego Garavito Canchila, Alexander Jos\u00e9 Rosales Perdomo, Juan Fernando G\u00f3mez S\u00e1nchez y Andrey Fabi\u00e1n S\u00e1nchez Vanegas.\u00a0se\u00f1alados\u00a0\u00a0como presuntos responsables de exigir una alta suma de dinero como pago de una falsa deuda a un habitante del municipio de Bello (Antioquia). Seg\u00fan la denuncia [&hellip;]<\/p>\n","protected":false},"author":175,"featured_media":0,"comment_status":"closed","ping_status":"open","sticky":false,"template":"","format":"standard","meta":{"tdm_status":"","tdm_grid_status":"","footnotes":""},"categories":[1,331,24099],"tags":[33643,33644,26112,24526,33642,33645,26560],"class_list":{"0":"post-263766","1":"post","2":"type-post","3":"status-publish","4":"format-standard","6":"category-noticias","7":"category-seccional-medellin","8":"category-seguridad-territorial","9":"tag-barrio-cabanas-de-bello-antioquia","10":"tag-cti-adscritos-al-gaula-militar","11":"tag-fiscal-francisco-barbosa-delgado-narcojets-cocaina-extincion-de-dominio-medidas-cautelares","12":"tag-fiscal-general-francisco-barbosa-delgado","13":"tag-presuntos-responsables-de-exigir-una-alta-suma-de-dinero-como-pago-de-una-falsa-deuda-a-un-habitante-del-municipio-de-bello-antioquia","14":"tag-se-identificaron-como-integrantes-de-grupo-criminal-los-chatas","15":"tag-tentativa-de-extorsion-agravada"},"yoast_head":"<!-- This site is optimized with the Yoast SEO plugin v24.3 - https:\/\/yoast.com\/wordpress\/plugins\/seo\/ -->\n<title>Fiscal\u00eda General de la Naci\u00f3n<\/title>\n<meta name=\"description\" content=\"P\u00e1gina oficial de la Fiscal\u00eda General de la Naci\u00f3n \u2013 Colombia. Garantizamos el acceso efectivo a la justicia, la verdad y la reparaci\u00f3n de las v\u00edctimas de los delitos.\" \/>\n<meta name=\"robots\" content=\"noindex, follow\" \/>\n<meta property=\"og:locale\" content=\"es_ES\" \/>\n<meta property=\"og:type\" content=\"article\" \/>\n<meta property=\"og:title\" content=\"Fiscal\u00eda General de la Naci\u00f3n\" \/>\n<meta property=\"og:description\" content=\"P\u00e1gina oficial de la Fiscal\u00eda General de la Naci\u00f3n \u2013 Colombia. Garantizamos el acceso efectivo a la justicia, la verdad y la reparaci\u00f3n de las v\u00edctimas de los delitos.\" \/>\n<meta property=\"og:url\" content=\"https:\/\/www.fiscalia.gov.co\/colombia\/noticias\/carcel-para-4-hombres-senalados-del-delito-de-tentativa-de-extorsion-en-bello-antioquia\/\" \/>\n<meta property=\"og:site_name\" content=\"Fiscal\u00eda General de la Naci\u00f3n\" \/>\n<meta property=\"article:publisher\" content=\"https:\/\/www.facebook.com\/FiscaliaCol\" \/>\n<meta property=\"article:published_time\" content=\"2023-01-04T21:23:49+00:00\" \/>\n<meta property=\"og:image\" content=\"https:\/\/www.fiscalia.gov.co\/colombia\/wp-content\/uploads\/Juan-Diego-Garavito-Canchila-Alexander-Jose-Rosales-Perdomo-Juan-Fernando-Gomez-Sanchez-y-Andrey-Fabian-Sanchez-Vanegas.jpg\" \/>\n<meta name=\"author\" content=\"Katherine Loaiza Mart\u00ednez\" \/>\n<meta name=\"twitter:card\" content=\"summary_large_image\" \/>\n<meta name=\"twitter:creator\" content=\"@FiscaliaCol\" \/>\n<meta name=\"twitter:site\" content=\"@FiscaliaCol\" \/>\n<meta name=\"twitter:label1\" content=\"Escrito por\" \/>\n\t<meta name=\"twitter:data1\" content=\"Katherine Loaiza Mart\u00ednez\" \/>\n\t<meta name=\"twitter:label2\" content=\"Tiempo de lectura\" \/>\n\t<meta name=\"twitter:data2\" content=\"2 minutos\" \/>\n<script type=\"application\/ld+json\" class=\"yoast-schema-graph\">{\"@context\":\"https:\/\/schema.org\",\"@graph\":[{\"@type\":\"Article\",\"@id\":\"https:\/\/www.fiscalia.gov.co\/colombia\/noticias\/carcel-para-4-hombres-senalados-del-delito-de-tentativa-de-extorsion-en-bello-antioquia\/#article\",\"isPartOf\":{\"@id\":\"https:\/\/www.fiscalia.gov.co\/colombia\/noticias\/carcel-para-4-hombres-senalados-del-delito-de-tentativa-de-extorsion-en-bello-antioquia\/\"},\"author\":{\"name\":\"Katherine Loaiza Mart\u00ednez\",\"@id\":\"https:\/\/www.fiscalia.gov.co\/colombia\/#\/schema\/person\/2e76b9aba5ecf875ed565ce4de0e0415\"},\"headline\":\"C\u00e1rcel para 4 hombres se\u00f1alados del delito de tentativa de\u00a0extorsi\u00f3n en\u00a0Bello (Antioquia)\",\"datePublished\":\"2023-01-04T21:23:49+00:00\",\"dateModified\":\"2023-01-04T21:23:49+00:00\",\"mainEntityOfPage\":{\"@id\":\"https:\/\/www.fiscalia.gov.co\/colombia\/noticias\/carcel-para-4-hombres-senalados-del-delito-de-tentativa-de-extorsion-en-bello-antioquia\/\"},\"wordCount\":433,\"publisher\":{\"@id\":\"https:\/\/www.fiscalia.gov.co\/colombia\/#organization\"},\"image\":{\"@id\":\"https:\/\/www.fiscalia.gov.co\/colombia\/noticias\/carcel-para-4-hombres-senalados-del-delito-de-tentativa-de-extorsion-en-bello-antioquia\/#primaryimage\"},\"thumbnailUrl\":\"https:\/\/www.fiscalia.gov.co\/colombia\/wp-content\/uploads\/Juan-Diego-Garavito-Canchila-Alexander-Jose-Rosales-Perdomo-Juan-Fernando-Gomez-Sanchez-y-Andrey-Fabian-Sanchez-Vanegas.jpg\",\"keywords\":[\"barrio Caba\u00f1as de Bello (Antioquia)\",\"CTI adscritos al gaula militar\",\"Fiscal Francisco Barbosa Delgado Narcojets coca\u00edna Extinci\u00f3n de dominio Medidas Cautelares.\",\"Fiscal General Francisco Barbosa Delgado\",\"Presuntos responsables de exigir una alta suma de dinero como pago de una falsa deuda a un habitante del municipio de Bello (Antioquia)\",\"se identificaron como integrantes de grupo criminal Los Chatas\",\"TENTATIVA DE EXTORSI\u00d3N AGRAVADA\"],\"articleSection\":[\"Noticias\",\"Seccional Medell\u00edn\",\"Seguridad territorial\"],\"inLanguage\":\"es-CO\"},{\"@type\":\"WebPage\",\"@id\":\"https:\/\/www.fiscalia.gov.co\/colombia\/noticias\/carcel-para-4-hombres-senalados-del-delito-de-tentativa-de-extorsion-en-bello-antioquia\/\",\"url\":\"https:\/\/www.fiscalia.gov.co\/colombia\/noticias\/carcel-para-4-hombres-senalados-del-delito-de-tentativa-de-extorsion-en-bello-antioquia\/\",\"name\":\"Fiscal\u00eda General de la Naci\u00f3n\",\"isPartOf\":{\"@id\":\"https:\/\/www.fiscalia.gov.co\/colombia\/#website\"},\"primaryImageOfPage\":{\"@id\":\"https:\/\/www.fiscalia.gov.co\/colombia\/noticias\/carcel-para-4-hombres-senalados-del-delito-de-tentativa-de-extorsion-en-bello-antioquia\/#primaryimage\"},\"image\":{\"@id\":\"https:\/\/www.fiscalia.gov.co\/colombia\/noticias\/carcel-para-4-hombres-senalados-del-delito-de-tentativa-de-extorsion-en-bello-antioquia\/#primaryimage\"},\"thumbnailUrl\":\"https:\/\/www.fiscalia.gov.co\/colombia\/wp-content\/uploads\/Juan-Diego-Garavito-Canchila-Alexander-Jose-Rosales-Perdomo-Juan-Fernando-Gomez-Sanchez-y-Andrey-Fabian-Sanchez-Vanegas.jpg\",\"datePublished\":\"2023-01-04T21:23:49+00:00\",\"dateModified\":\"2023-01-04T21:23:49+00:00\",\"description\":\"P\u00e1gina oficial de la Fiscal\u00eda General de la Naci\u00f3n \u2013 Colombia. Garantizamos el acceso efectivo a la justicia, la verdad y la reparaci\u00f3n de las v\u00edctimas de los delitos.\",\"breadcrumb\":{\"@id\":\"https:\/\/www.fiscalia.gov.co\/colombia\/noticias\/carcel-para-4-hombres-senalados-del-delito-de-tentativa-de-extorsion-en-bello-antioquia\/#breadcrumb\"},\"inLanguage\":\"es-CO\",\"potentialAction\":[{\"@type\":\"ReadAction\",\"target\":[\"https:\/\/www.fiscalia.gov.co\/colombia\/noticias\/carcel-para-4-hombres-senalados-del-delito-de-tentativa-de-extorsion-en-bello-antioquia\/\"]}]},{\"@type\":\"ImageObject\",\"inLanguage\":\"es-CO\",\"@id\":\"https:\/\/www.fiscalia.gov.co\/colombia\/noticias\/carcel-para-4-hombres-senalados-del-delito-de-tentativa-de-extorsion-en-bello-antioquia\/#primaryimage\",\"url\":\"https:\/\/www.fiscalia.gov.co\/colombia\/wp-content\/uploads\/Juan-Diego-Garavito-Canchila-Alexander-Jose-Rosales-Perdomo-Juan-Fernando-Gomez-Sanchez-y-Andrey-Fabian-Sanchez-Vanegas.jpg\",\"contentUrl\":\"https:\/\/www.fiscalia.gov.co\/colombia\/wp-content\/uploads\/Juan-Diego-Garavito-Canchila-Alexander-Jose-Rosales-Perdomo-Juan-Fernando-Gomez-Sanchez-y-Andrey-Fabian-Sanchez-Vanegas.jpg\",\"width\":1280,\"height\":720,\"caption\":\"Presuntos responsable de extorsi\u00f3n a un habitante del municipio de Bello.\"},{\"@type\":\"BreadcrumbList\",\"@id\":\"https:\/\/www.fiscalia.gov.co\/colombia\/noticias\/carcel-para-4-hombres-senalados-del-delito-de-tentativa-de-extorsion-en-bello-antioquia\/#breadcrumb\",\"itemListElement\":[{\"@type\":\"ListItem\",\"position\":1,\"name\":\"Home\",\"item\":\"https:\/\/www.fiscalia.gov.co\/colombia\/\"},{\"@type\":\"ListItem\",\"position\":2,\"name\":\"C\u00e1rcel para 4 hombres se\u00f1alados del delito de tentativa de\u00a0extorsi\u00f3n en\u00a0Bello (Antioquia)\"}]},{\"@type\":\"WebSite\",\"@id\":\"https:\/\/www.fiscalia.gov.co\/colombia\/#website\",\"url\":\"https:\/\/www.fiscalia.gov.co\/colombia\/\",\"name\":\"Fiscal\u00eda General de la Naci\u00f3n\",\"description\":\"P\u00e1gina oficial de la Fiscal\u00eda General de la Naci\u00f3n \u2013 Colombia. Garantizamos el acceso efectivo a la justicia, la verdad y la reparaci\u00f3n de las v\u00edctimas de los delitos.\",\"publisher\":{\"@id\":\"https:\/\/www.fiscalia.gov.co\/colombia\/#organization\"},\"potentialAction\":[{\"@type\":\"SearchAction\",\"target\":{\"@type\":\"EntryPoint\",\"urlTemplate\":\"https:\/\/www.fiscalia.gov.co\/colombia\/?s={search_term_string}\"},\"query-input\":{\"@type\":\"PropertyValueSpecification\",\"valueRequired\":true,\"valueName\":\"search_term_string\"}}],\"inLanguage\":\"es-CO\"},{\"@type\":\"Organization\",\"@id\":\"https:\/\/www.fiscalia.gov.co\/colombia\/#organization\",\"name\":\"Fiscal\u00eda General de la Naci\u00f3n\",\"url\":\"https:\/\/www.fiscalia.gov.co\/colombia\/\",\"logo\":{\"@type\":\"ImageObject\",\"inLanguage\":\"es-CO\",\"@id\":\"https:\/\/www.fiscalia.gov.co\/colombia\/#\/schema\/logo\/image\/\",\"url\":\"https:\/\/www.fiscalia.gov.co\/colombia\/wp-content\/uploads\/LogoHorizontal_1.jpg\",\"contentUrl\":\"https:\/\/www.fiscalia.gov.co\/colombia\/wp-content\/uploads\/LogoHorizontal_1.jpg\",\"width\":300,\"height\":90,\"caption\":\"Fiscal\u00eda General de la Naci\u00f3n\"},\"image\":{\"@id\":\"https:\/\/www.fiscalia.gov.co\/colombia\/#\/schema\/logo\/image\/\"},\"sameAs\":[\"https:\/\/www.facebook.com\/FiscaliaCol\",\"https:\/\/x.com\/FiscaliaCol\",\"https:\/\/www.instagram.com\/fiscaliacol\",\"https:\/\/www.linkedin.com\/company\/fiscalia-general-de-la-naci-n\/\",\"https:\/\/youtube.com\/@fiscaliageneraldelanacion-4668?si=6nN79nyQICPU5iTh\"]},{\"@type\":\"Person\",\"@id\":\"https:\/\/www.fiscalia.gov.co\/colombia\/#\/schema\/person\/2e76b9aba5ecf875ed565ce4de0e0415\",\"name\":\"Katherine Loaiza Mart\u00ednez\",\"image\":{\"@type\":\"ImageObject\",\"inLanguage\":\"es-CO\",\"@id\":\"https:\/\/www.fiscalia.gov.co\/colombia\/#\/schema\/person\/image\/\",\"url\":\"https:\/\/secure.gravatar.com\/avatar\/ab775a2f394c1b83b6d6f78680e57b50?s=96&d=mm&r=g\",\"contentUrl\":\"https:\/\/secure.gravatar.com\/avatar\/ab775a2f394c1b83b6d6f78680e57b50?s=96&d=mm&r=g\",\"caption\":\"Katherine Loaiza Mart\u00ednez\"},\"url\":\"https:\/\/www.fiscalia.gov.co\/colombia\/author\/kloaiza\/\"}]}<\/script>\n<!-- \/ Yoast SEO plugin. -->","yoast_head_json":{"title":"Fiscal\u00eda General de la Naci\u00f3n","description":"P\u00e1gina oficial de la Fiscal\u00eda General de la Naci\u00f3n \u2013 Colombia. Garantizamos el acceso efectivo a la justicia, la verdad y la reparaci\u00f3n de las v\u00edctimas de los delitos.","robots":{"index":"noindex","follow":"follow"},"og_locale":"es_ES","og_type":"article","og_title":"Fiscal\u00eda General de la Naci\u00f3n","og_description":"P\u00e1gina oficial de la Fiscal\u00eda General de la Naci\u00f3n \u2013 Colombia. Garantizamos el acceso efectivo a la justicia, la verdad y la reparaci\u00f3n de las v\u00edctimas de los delitos.","og_url":"https:\/\/www.fiscalia.gov.co\/colombia\/noticias\/carcel-para-4-hombres-senalados-del-delito-de-tentativa-de-extorsion-en-bello-antioquia\/","og_site_name":"Fiscal\u00eda General de la Naci\u00f3n","article_publisher":"https:\/\/www.facebook.com\/FiscaliaCol","article_published_time":"2023-01-04T21:23:49+00:00","og_image":[{"url":"https:\/\/www.fiscalia.gov.co\/colombia\/wp-content\/uploads\/Juan-Diego-Garavito-Canchila-Alexander-Jose-Rosales-Perdomo-Juan-Fernando-Gomez-Sanchez-y-Andrey-Fabian-Sanchez-Vanegas.jpg","type":"","width":"","height":""}],"author":"Katherine Loaiza Mart\u00ednez","twitter_card":"summary_large_image","twitter_creator":"@FiscaliaCol","twitter_site":"@FiscaliaCol","twitter_misc":{"Escrito por":"Katherine Loaiza Mart\u00ednez","Tiempo de lectura":"2 minutos"},"schema":{"@context":"https:\/\/schema.org","@graph":[{"@type":"Article","@id":"https:\/\/www.fiscalia.gov.co\/colombia\/noticias\/carcel-para-4-hombres-senalados-del-delito-de-tentativa-de-extorsion-en-bello-antioquia\/#article","isPartOf":{"@id":"https:\/\/www.fiscalia.gov.co\/colombia\/noticias\/carcel-para-4-hombres-senalados-del-delito-de-tentativa-de-extorsion-en-bello-antioquia\/"},"author":{"name":"Katherine Loaiza Mart\u00ednez","@id":"https:\/\/www.fiscalia.gov.co\/colombia\/#\/schema\/person\/2e76b9aba5ecf875ed565ce4de0e0415"},"headline":"C\u00e1rcel para 4 hombres se\u00f1alados del delito de tentativa de\u00a0extorsi\u00f3n en\u00a0Bello (Antioquia)","datePublished":"2023-01-04T21:23:49+00:00","dateModified":"2023-01-04T21:23:49+00:00","mainEntityOfPage":{"@id":"https:\/\/www.fiscalia.gov.co\/colombia\/noticias\/carcel-para-4-hombres-senalados-del-delito-de-tentativa-de-extorsion-en-bello-antioquia\/"},"wordCount":433,"publisher":{"@id":"https:\/\/www.fiscalia.gov.co\/colombia\/#organization"},"image":{"@id":"https:\/\/www.fiscalia.gov.co\/colombia\/noticias\/carcel-para-4-hombres-senalados-del-delito-de-tentativa-de-extorsion-en-bello-antioquia\/#primaryimage"},"thumbnailUrl":"https:\/\/www.fiscalia.gov.co\/colombia\/wp-content\/uploads\/Juan-Diego-Garavito-Canchila-Alexander-Jose-Rosales-Perdomo-Juan-Fernando-Gomez-Sanchez-y-Andrey-Fabian-Sanchez-Vanegas.jpg","keywords":["barrio Caba\u00f1as de Bello (Antioquia)","CTI adscritos al gaula militar","Fiscal Francisco Barbosa Delgado Narcojets coca\u00edna Extinci\u00f3n de dominio Medidas Cautelares.","Fiscal General Francisco Barbosa Delgado","Presuntos responsables de exigir una alta suma de dinero como pago de una falsa deuda a un habitante del municipio de Bello (Antioquia)","se identificaron como integrantes de grupo criminal Los Chatas","TENTATIVA DE EXTORSI\u00d3N AGRAVADA"],"articleSection":["Noticias","Seccional Medell\u00edn","Seguridad territorial"],"inLanguage":"es-CO"},{"@type":"WebPage","@id":"https:\/\/www.fiscalia.gov.co\/colombia\/noticias\/carcel-para-4-hombres-senalados-del-delito-de-tentativa-de-extorsion-en-bello-antioquia\/","url":"https:\/\/www.fiscalia.gov.co\/colombia\/noticias\/carcel-para-4-hombres-senalados-del-delito-de-tentativa-de-extorsion-en-bello-antioquia\/","name":"Fiscal\u00eda General de la Naci\u00f3n","isPartOf":{"@id":"https:\/\/www.fiscalia.gov.co\/colombia\/#website"},"primaryImageOfPage":{"@id":"https:\/\/www.fiscalia.gov.co\/colombia\/noticias\/carcel-para-4-hombres-senalados-del-delito-de-tentativa-de-extorsion-en-bello-antioquia\/#primaryimage"},"image":{"@id":"https:\/\/www.fiscalia.gov.co\/colombia\/noticias\/carcel-para-4-hombres-senalados-del-delito-de-tentativa-de-extorsion-en-bello-antioquia\/#primaryimage"},"thumbnailUrl":"https:\/\/www.fiscalia.gov.co\/colombia\/wp-content\/uploads\/Juan-Diego-Garavito-Canchila-Alexander-Jose-Rosales-Perdomo-Juan-Fernando-Gomez-Sanchez-y-Andrey-Fabian-Sanchez-Vanegas.jpg","datePublished":"2023-01-04T21:23:49+00:00","dateModified":"2023-01-04T21:23:49+00:00","description":"P\u00e1gina oficial de la Fiscal\u00eda General de la Naci\u00f3n \u2013 Colombia. Garantizamos el acceso efectivo a la justicia, la verdad y la reparaci\u00f3n de las v\u00edctimas de los delitos.","breadcrumb":{"@id":"https:\/\/www.fiscalia.gov.co\/colombia\/noticias\/carcel-para-4-hombres-senalados-del-delito-de-tentativa-de-extorsion-en-bello-antioquia\/#breadcrumb"},"inLanguage":"es-CO","potentialAction":[{"@type":"ReadAction","target":["https:\/\/www.fiscalia.gov.co\/colombia\/noticias\/carcel-para-4-hombres-senalados-del-delito-de-tentativa-de-extorsion-en-bello-antioquia\/"]}]},{"@type":"ImageObject","inLanguage":"es-CO","@id":"https:\/\/www.fiscalia.gov.co\/colombia\/noticias\/carcel-para-4-hombres-senalados-del-delito-de-tentativa-de-extorsion-en-bello-antioquia\/#primaryimage","url":"https:\/\/www.fiscalia.gov.co\/colombia\/wp-content\/uploads\/Juan-Diego-Garavito-Canchila-Alexander-Jose-Rosales-Perdomo-Juan-Fernando-Gomez-Sanchez-y-Andrey-Fabian-Sanchez-Vanegas.jpg","contentUrl":"https:\/\/www.fiscalia.gov.co\/colombia\/wp-content\/uploads\/Juan-Diego-Garavito-Canchila-Alexander-Jose-Rosales-Perdomo-Juan-Fernando-Gomez-Sanchez-y-Andrey-Fabian-Sanchez-Vanegas.jpg","width":1280,"height":720,"caption":"Presuntos responsable de extorsi\u00f3n a un habitante del municipio de Bello."},{"@type":"BreadcrumbList","@id":"https:\/\/www.fiscalia.gov.co\/colombia\/noticias\/carcel-para-4-hombres-senalados-del-delito-de-tentativa-de-extorsion-en-bello-antioquia\/#breadcrumb","itemListElement":[{"@type":"ListItem","position":1,"name":"Home","item":"https:\/\/www.fiscalia.gov.co\/colombia\/"},{"@type":"ListItem","position":2,"name":"C\u00e1rcel para 4 hombres se\u00f1alados del delito de tentativa de\u00a0extorsi\u00f3n en\u00a0Bello (Antioquia)"}]},{"@type":"WebSite","@id":"https:\/\/www.fiscalia.gov.co\/colombia\/#website","url":"https:\/\/www.fiscalia.gov.co\/colombia\/","name":"Fiscal\u00eda General de la Naci\u00f3n","description":"P\u00e1gina oficial de la Fiscal\u00eda General de la Naci\u00f3n \u2013 Colombia. Garantizamos el acceso efectivo a la justicia, la verdad y la reparaci\u00f3n de las v\u00edctimas de los delitos.","publisher":{"@id":"https:\/\/www.fiscalia.gov.co\/colombia\/#organization"},"potentialAction":[{"@type":"SearchAction","target":{"@type":"EntryPoint","urlTemplate":"https:\/\/www.fiscalia.gov.co\/colombia\/?s={search_term_string}"},"query-input":{"@type":"PropertyValueSpecification","valueRequired":true,"valueName":"search_term_string"}}],"inLanguage":"es-CO"},{"@type":"Organization","@id":"https:\/\/www.fiscalia.gov.co\/colombia\/#organization","name":"Fiscal\u00eda General de la Naci\u00f3n","url":"https:\/\/www.fiscalia.gov.co\/colombia\/","logo":{"@type":"ImageObject","inLanguage":"es-CO","@id":"https:\/\/www.fiscalia.gov.co\/colombia\/#\/schema\/logo\/image\/","url":"https:\/\/www.fiscalia.gov.co\/colombia\/wp-content\/uploads\/LogoHorizontal_1.jpg","contentUrl":"https:\/\/www.fiscalia.gov.co\/colombia\/wp-content\/uploads\/LogoHorizontal_1.jpg","width":300,"height":90,"caption":"Fiscal\u00eda General de la Naci\u00f3n"},"image":{"@id":"https:\/\/www.fiscalia.gov.co\/colombia\/#\/schema\/logo\/image\/"},"sameAs":["https:\/\/www.facebook.com\/FiscaliaCol","https:\/\/x.com\/FiscaliaCol","https:\/\/www.instagram.com\/fiscaliacol","https:\/\/www.linkedin.com\/company\/fiscalia-general-de-la-naci-n\/","https:\/\/youtube.com\/@fiscaliageneraldelanacion-4668?si=6nN79nyQICPU5iTh"]},{"@type":"Person","@id":"https:\/\/www.fiscalia.gov.co\/colombia\/#\/schema\/person\/2e76b9aba5ecf875ed565ce4de0e0415","name":"Katherine Loaiza Mart\u00ednez","image":{"@type":"ImageObject","inLanguage":"es-CO","@id":"https:\/\/www.fiscalia.gov.co\/colombia\/#\/schema\/person\/image\/","url":"https:\/\/secure.gravatar.com\/avatar\/ab775a2f394c1b83b6d6f78680e57b50?s=96&d=mm&r=g","contentUrl":"https:\/\/secure.gravatar.com\/avatar\/ab775a2f394c1b83b6d6f78680e57b50?s=96&d=mm&r=g","caption":"Katherine Loaiza Mart\u00ednez"},"url":"https:\/\/www.fiscalia.gov.co\/colombia\/author\/kloaiza\/"}]}},"_links":{"self":[{"href":"https:\/\/www.fiscalia.gov.co\/colombia\/wp-json\/wp\/v2\/posts\/263766","targetHints":{"allow":["GET"]}}],"collection":[{"href":"https:\/\/www.fiscalia.gov.co\/colombia\/wp-json\/wp\/v2\/posts"}],"about":[{"href":"https:\/\/www.fiscalia.gov.co\/colombia\/wp-json\/wp\/v2\/types\/post"}],"author":[{"embeddable":true,"href":"https:\/\/www.fiscalia.gov.co\/colombia\/wp-json\/wp\/v2\/users\/175"}],"replies":[{"embeddable":true,"href":"https:\/\/www.fiscalia.gov.co\/colombia\/wp-json\/wp\/v2\/comments?post=263766"}],"version-history":[{"count":1,"href":"https:\/\/www.fiscalia.gov.co\/colombia\/wp-json\/wp\/v2\/posts\/263766\/revisions"}],"predecessor-version":[{"id":263768,"href":"https:\/\/www.fiscalia.gov.co\/colombia\/wp-json\/wp\/v2\/posts\/263766\/revisions\/263768"}],"wp:attachment":[{"href":"https:\/\/www.fiscalia.gov.co\/colombia\/wp-json\/wp\/v2\/media?parent=263766"}],"wp:term":[{"taxonomy":"category","embeddable":true,"href":"https:\/\/www.fiscalia.gov.co\/colombia\/wp-json\/wp\/v2\/categories?post=263766"},{"taxonomy":"post_tag","embeddable":true,"href":"https:\/\/www.fiscalia.gov.co\/colombia\/wp-json\/wp\/v2\/tags?post=263766"}],"curies":[{"name":"wp","href":"https:\/\/api.w.org\/{rel}","templated":true}]}}