{"id":263718,"date":"2023-01-03T15:32:45","date_gmt":"2023-01-03T20:32:45","guid":{"rendered":"https:\/\/www.fiscalia.gov.co\/colombia\/?p=263718"},"modified":"2023-01-03T15:32:45","modified_gmt":"2023-01-03T20:32:45","slug":"caen-los-capellanos-senalados-de-mover-cerca-de-60-millones-de-pesos-al-mes-por-la-venta-de-estupefacientes-en-cajica-cundinamarca","status":"publish","type":"post","link":"https:\/\/www.fiscalia.gov.co\/colombia\/noticias\/caen-los-capellanos-senalados-de-mover-cerca-de-60-millones-de-pesos-al-mes-por-la-venta-de-estupefacientes-en-cajica-cundinamarca\/","title":{"rendered":"Caen \u2018Los Capellanos\u2019 se\u00f1alados de mover cerca de 60 millones de pesos al mes, por la venta de estupefacientes en Cajic\u00e1 (Cundinamarca)"},"content":{"rendered":"<p>El trabajo articulado entre un fiscal de la Estructura de Apoyo de la Direcci\u00f3n Seccional Cundinamarca y la polic\u00eda judicial Sij\u00edn, permiti\u00f3 la judicializaci\u00f3n de cuatro presuntos integrantes del grupo delincuencial \u2018Los Capellanos\u2019, por los delitos de concierto para delinquir agravado y tr\u00e1fico, fabricaci\u00f3n o porte de estupefacientes.<\/p>\n<p><img loading=\"lazy\" decoding=\"async\" class=\"aligncenter size-full wp-image-263719\" src=\"https:\/\/www.fiscalia.gov.co\/colombia\/wp-content\/uploads\/Los-Capellanos-1.jpeg\" alt=\"Tres hombres y una mujer capturados, con las manos atr\u00e1s y acompa\u00f1ados de dos funcionarios de la polic\u00eda.\" width=\"1280\" height=\"1077\" srcset=\"https:\/\/www.fiscalia.gov.co\/colombia\/wp-content\/uploads\/Los-Capellanos-1.jpeg 1280w, https:\/\/www.fiscalia.gov.co\/colombia\/wp-content\/uploads\/Los-Capellanos-1-300x252.jpeg 300w, https:\/\/www.fiscalia.gov.co\/colombia\/wp-content\/uploads\/Los-Capellanos-1-1024x862.jpeg 1024w, https:\/\/www.fiscalia.gov.co\/colombia\/wp-content\/uploads\/Los-Capellanos-1-768x646.jpeg 768w, https:\/\/www.fiscalia.gov.co\/colombia\/wp-content\/uploads\/Los-Capellanos-1-696x586.jpeg 696w, https:\/\/www.fiscalia.gov.co\/colombia\/wp-content\/uploads\/Los-Capellanos-1-1068x899.jpeg 1068w, https:\/\/www.fiscalia.gov.co\/colombia\/wp-content\/uploads\/Los-Capellanos-1-499x420.jpeg 499w\" sizes=\"auto, (max-width: 1280px) 100vw, 1280px\" \/><\/p>\n<p>Los procesados, detenidos mediante orden judicial en cuatro diligencias de allanamiento y registro, son: William Andr\u00e9s Rodr\u00edguez Rodr\u00edguez, Jes\u00fas Edgar Gamboa Buitrago, Luz Elena Bedoya Cardona e Ivan Jos\u00e9 Guzm\u00e1n Zurita.<\/p>\n<p>En las acciones les fueron incautados tres celulares, varias dosis de estupefacientes y elementos utilizados para el procesamiento de las sustancias alucin\u00f3genas.<\/p>\n<p><img loading=\"lazy\" decoding=\"async\" class=\"aligncenter size-full wp-image-263720\" src=\"https:\/\/www.fiscalia.gov.co\/colombia\/wp-content\/uploads\/Los-Capellanos-2.jpeg\" alt=\"cuatro personas capturadas, en posici\u00f3n de pie. Frente de ellos hay una mesa con tres celulares, estupefacientes y municiones incautados\" width=\"1280\" height=\"1022\" srcset=\"https:\/\/www.fiscalia.gov.co\/colombia\/wp-content\/uploads\/Los-Capellanos-2.jpeg 1280w, https:\/\/www.fiscalia.gov.co\/colombia\/wp-content\/uploads\/Los-Capellanos-2-300x240.jpeg 300w, https:\/\/www.fiscalia.gov.co\/colombia\/wp-content\/uploads\/Los-Capellanos-2-1024x818.jpeg 1024w, https:\/\/www.fiscalia.gov.co\/colombia\/wp-content\/uploads\/Los-Capellanos-2-768x613.jpeg 768w, https:\/\/www.fiscalia.gov.co\/colombia\/wp-content\/uploads\/Los-Capellanos-2-696x556.jpeg 696w, https:\/\/www.fiscalia.gov.co\/colombia\/wp-content\/uploads\/Los-Capellanos-2-1068x853.jpeg 1068w, https:\/\/www.fiscalia.gov.co\/colombia\/wp-content\/uploads\/Los-Capellanos-2-526x420.jpeg 526w\" sizes=\"auto, (max-width: 1280px) 100vw, 1280px\" \/><\/p>\n<p>De acuerdo con la evidencia t\u00e9cnica recopilada por los investigadores, estas personas ten\u00edan lugares de almacenamiento y expendio de sustancias estupefacientes como marihuana, coca\u00edna y bazuco, en el barrio La Capellan\u00eda en Cajic\u00e1 (Cundinamarca), y presuntamente, la droga era tra\u00edda desde Bogot\u00e1, logrando obtener ganancias il\u00edcitas, cercanas a los 60 millones de pesos mensuales.<\/p>\n<p>Adem\u00e1s, se presume que la vend\u00edan en la modalidad de domicilio y a trav\u00e9s de redes sociales, para evitar que fueran f\u00e1cilmente sorprendidos por las autoridades, quienes finalmente los pusieron al descubierto.<\/p>\n<p>Un juez de garant\u00edas aval\u00f3 la solicitud de la Fiscal\u00eda y orden\u00f3 los privar de la libertad a los cuatro procesados en un establecimiento carcelario.<\/p>\n<p>Esta informaci\u00f3n se publica por razones de inter\u00e9s general. LMBG\/CAR\/LYBT\/<\/p>\n<p><strong>La Fiscal\u00eda habla con resultados.<\/strong><\/p>\n<p>&nbsp;<\/p>\n<div class=\"td-post-content tagdiv-type\">\n<div class=\"td-post-content tagdiv-type\">\n<div class=\"td-post-content tagdiv-type\">\n<div class=\"td-post-content tagdiv-type\">\n<div class=\"td-post-content tagdiv-type\">\n<div class=\"td-post-content tagdiv-type\">\n<p><em>La informaci\u00f3n contenida en este bolet\u00edn de prensa corresponde a la narraci\u00f3n de los hechos noticiosos objetivos, suministrados por los funcionarios encargados de adelantar las investigaciones penales al interior de la Fiscal\u00eda General de la Naci\u00f3n. Para el momento de la divulgaci\u00f3n de este comunicado, la situaci\u00f3n jur\u00eddica de la(s) persona(s) relacionada(s) se encuentra pendiente de resolver por la autoridad judicial competente, siempre bajo los preceptos de la presunci\u00f3n de inocencia, consagrados en el art\u00edculo 29 de la Constituci\u00f3n Pol\u00edtica y el art\u00edculo 7\u00ba de la Ley 906 de 2004.<\/em><\/p>\n<\/div>\n<\/div>\n<\/div>\n<\/div>\n<\/div>\n<\/div>\n\n<div class=\"twitter-share\"><a href=\"https:\/\/twitter.com\/intent\/tweet?via=fiscaliacol\" class=\"twitter-share-button\">Tweet<\/a><\/div>\n","protected":false},"excerpt":{"rendered":"<p>El trabajo articulado entre un fiscal de la Estructura de Apoyo de la Direcci\u00f3n Seccional Cundinamarca y la polic\u00eda judicial Sij\u00edn, permiti\u00f3 la judicializaci\u00f3n de cuatro presuntos integrantes del grupo delincuencial \u2018Los Capellanos\u2019, por los delitos de concierto para delinquir agravado y tr\u00e1fico, fabricaci\u00f3n o porte de estupefacientes. Los procesados, detenidos mediante orden judicial en [&hellip;]<\/p>\n","protected":false},"author":175,"featured_media":0,"comment_status":"closed","ping_status":"open","sticky":false,"template":"","format":"standard","meta":{"tdm_status":"","tdm_grid_status":"","footnotes":""},"categories":[1,327,24099,24103],"tags":[24189,24526],"class_list":{"0":"post-263718","1":"post","2":"type-post","3":"status-publish","4":"format-standard","6":"category-noticias","7":"category-seccional-cundinamarca","8":"category-seguridad-territorial","9":"category-trafico-de-estupefacientes","10":"tag-fiscal-francisco-barbosa-delgado","11":"tag-fiscal-general-francisco-barbosa-delgado"},"yoast_head":"<!-- This site is optimized with the Yoast SEO plugin v24.3 - https:\/\/yoast.com\/wordpress\/plugins\/seo\/ -->\n<title>Fiscal\u00eda General de la Naci\u00f3n<\/title>\n<meta name=\"description\" content=\"P\u00e1gina oficial de la Fiscal\u00eda General de la Naci\u00f3n \u2013 Colombia. Garantizamos el acceso efectivo a la justicia, la verdad y la reparaci\u00f3n de las v\u00edctimas de los delitos.\" \/>\n<meta name=\"robots\" content=\"noindex, follow\" \/>\n<meta property=\"og:locale\" content=\"es_ES\" \/>\n<meta property=\"og:type\" content=\"article\" \/>\n<meta property=\"og:title\" content=\"Fiscal\u00eda General de la Naci\u00f3n\" \/>\n<meta property=\"og:description\" content=\"P\u00e1gina oficial de la Fiscal\u00eda General de la Naci\u00f3n \u2013 Colombia. Garantizamos el acceso efectivo a la justicia, la verdad y la reparaci\u00f3n de las v\u00edctimas de los delitos.\" \/>\n<meta property=\"og:url\" content=\"https:\/\/www.fiscalia.gov.co\/colombia\/noticias\/caen-los-capellanos-senalados-de-mover-cerca-de-60-millones-de-pesos-al-mes-por-la-venta-de-estupefacientes-en-cajica-cundinamarca\/\" \/>\n<meta property=\"og:site_name\" content=\"Fiscal\u00eda General de la Naci\u00f3n\" \/>\n<meta property=\"article:publisher\" content=\"https:\/\/www.facebook.com\/FiscaliaCol\" \/>\n<meta property=\"article:published_time\" content=\"2023-01-03T20:32:45+00:00\" \/>\n<meta property=\"og:image\" content=\"https:\/\/www.fiscalia.gov.co\/colombia\/wp-content\/uploads\/Los-Capellanos-1.jpeg\" \/>\n<meta name=\"author\" content=\"Katherine Loaiza Mart\u00ednez\" \/>\n<meta name=\"twitter:card\" content=\"summary_large_image\" \/>\n<meta name=\"twitter:creator\" content=\"@FiscaliaCol\" \/>\n<meta name=\"twitter:site\" content=\"@FiscaliaCol\" \/>\n<meta name=\"twitter:label1\" content=\"Escrito por\" \/>\n\t<meta name=\"twitter:data1\" content=\"Katherine Loaiza Mart\u00ednez\" \/>\n\t<meta name=\"twitter:label2\" content=\"Tiempo de lectura\" \/>\n\t<meta name=\"twitter:data2\" content=\"2 minutos\" \/>\n<script type=\"application\/ld+json\" class=\"yoast-schema-graph\">{\"@context\":\"https:\/\/schema.org\",\"@graph\":[{\"@type\":\"Article\",\"@id\":\"https:\/\/www.fiscalia.gov.co\/colombia\/noticias\/caen-los-capellanos-senalados-de-mover-cerca-de-60-millones-de-pesos-al-mes-por-la-venta-de-estupefacientes-en-cajica-cundinamarca\/#article\",\"isPartOf\":{\"@id\":\"https:\/\/www.fiscalia.gov.co\/colombia\/noticias\/caen-los-capellanos-senalados-de-mover-cerca-de-60-millones-de-pesos-al-mes-por-la-venta-de-estupefacientes-en-cajica-cundinamarca\/\"},\"author\":{\"name\":\"Katherine Loaiza Mart\u00ednez\",\"@id\":\"https:\/\/www.fiscalia.gov.co\/colombia\/#\/schema\/person\/2e76b9aba5ecf875ed565ce4de0e0415\"},\"headline\":\"Caen \u2018Los Capellanos\u2019 se\u00f1alados de mover cerca de 60 millones de pesos al mes, por la venta de estupefacientes en Cajic\u00e1 (Cundinamarca)\",\"datePublished\":\"2023-01-03T20:32:45+00:00\",\"dateModified\":\"2023-01-03T20:32:45+00:00\",\"mainEntityOfPage\":{\"@id\":\"https:\/\/www.fiscalia.gov.co\/colombia\/noticias\/caen-los-capellanos-senalados-de-mover-cerca-de-60-millones-de-pesos-al-mes-por-la-venta-de-estupefacientes-en-cajica-cundinamarca\/\"},\"wordCount\":380,\"publisher\":{\"@id\":\"https:\/\/www.fiscalia.gov.co\/colombia\/#organization\"},\"image\":{\"@id\":\"https:\/\/www.fiscalia.gov.co\/colombia\/noticias\/caen-los-capellanos-senalados-de-mover-cerca-de-60-millones-de-pesos-al-mes-por-la-venta-de-estupefacientes-en-cajica-cundinamarca\/#primaryimage\"},\"thumbnailUrl\":\"https:\/\/www.fiscalia.gov.co\/colombia\/wp-content\/uploads\/Los-Capellanos-1.jpeg\",\"keywords\":[\"Fiscal Francisco Barbosa Delgado\",\"Fiscal General Francisco Barbosa Delgado\"],\"articleSection\":[\"Noticias\",\"Seccional Cundinamarca\",\"Seguridad territorial\",\"Tr\u00e1fico de estupefacientes\"],\"inLanguage\":\"es-CO\"},{\"@type\":\"WebPage\",\"@id\":\"https:\/\/www.fiscalia.gov.co\/colombia\/noticias\/caen-los-capellanos-senalados-de-mover-cerca-de-60-millones-de-pesos-al-mes-por-la-venta-de-estupefacientes-en-cajica-cundinamarca\/\",\"url\":\"https:\/\/www.fiscalia.gov.co\/colombia\/noticias\/caen-los-capellanos-senalados-de-mover-cerca-de-60-millones-de-pesos-al-mes-por-la-venta-de-estupefacientes-en-cajica-cundinamarca\/\",\"name\":\"Fiscal\u00eda General de la Naci\u00f3n\",\"isPartOf\":{\"@id\":\"https:\/\/www.fiscalia.gov.co\/colombia\/#website\"},\"primaryImageOfPage\":{\"@id\":\"https:\/\/www.fiscalia.gov.co\/colombia\/noticias\/caen-los-capellanos-senalados-de-mover-cerca-de-60-millones-de-pesos-al-mes-por-la-venta-de-estupefacientes-en-cajica-cundinamarca\/#primaryimage\"},\"image\":{\"@id\":\"https:\/\/www.fiscalia.gov.co\/colombia\/noticias\/caen-los-capellanos-senalados-de-mover-cerca-de-60-millones-de-pesos-al-mes-por-la-venta-de-estupefacientes-en-cajica-cundinamarca\/#primaryimage\"},\"thumbnailUrl\":\"https:\/\/www.fiscalia.gov.co\/colombia\/wp-content\/uploads\/Los-Capellanos-1.jpeg\",\"datePublished\":\"2023-01-03T20:32:45+00:00\",\"dateModified\":\"2023-01-03T20:32:45+00:00\",\"description\":\"P\u00e1gina oficial de la Fiscal\u00eda General de la Naci\u00f3n \u2013 Colombia. Garantizamos el acceso efectivo a la justicia, la verdad y la reparaci\u00f3n de las v\u00edctimas de los delitos.\",\"breadcrumb\":{\"@id\":\"https:\/\/www.fiscalia.gov.co\/colombia\/noticias\/caen-los-capellanos-senalados-de-mover-cerca-de-60-millones-de-pesos-al-mes-por-la-venta-de-estupefacientes-en-cajica-cundinamarca\/#breadcrumb\"},\"inLanguage\":\"es-CO\",\"potentialAction\":[{\"@type\":\"ReadAction\",\"target\":[\"https:\/\/www.fiscalia.gov.co\/colombia\/noticias\/caen-los-capellanos-senalados-de-mover-cerca-de-60-millones-de-pesos-al-mes-por-la-venta-de-estupefacientes-en-cajica-cundinamarca\/\"]}]},{\"@type\":\"ImageObject\",\"inLanguage\":\"es-CO\",\"@id\":\"https:\/\/www.fiscalia.gov.co\/colombia\/noticias\/caen-los-capellanos-senalados-de-mover-cerca-de-60-millones-de-pesos-al-mes-por-la-venta-de-estupefacientes-en-cajica-cundinamarca\/#primaryimage\",\"url\":\"https:\/\/www.fiscalia.gov.co\/colombia\/wp-content\/uploads\/Los-Capellanos-1.jpeg\",\"contentUrl\":\"https:\/\/www.fiscalia.gov.co\/colombia\/wp-content\/uploads\/Los-Capellanos-1.jpeg\",\"width\":1280,\"height\":1077,\"caption\":\"Tres hombres y una mujer capturados, con las manos atr\u00e1s y acompa\u00f1ados de dos funcionarios de la polic\u00eda.\"},{\"@type\":\"BreadcrumbList\",\"@id\":\"https:\/\/www.fiscalia.gov.co\/colombia\/noticias\/caen-los-capellanos-senalados-de-mover-cerca-de-60-millones-de-pesos-al-mes-por-la-venta-de-estupefacientes-en-cajica-cundinamarca\/#breadcrumb\",\"itemListElement\":[{\"@type\":\"ListItem\",\"position\":1,\"name\":\"Home\",\"item\":\"https:\/\/www.fiscalia.gov.co\/colombia\/\"},{\"@type\":\"ListItem\",\"position\":2,\"name\":\"Caen \u2018Los Capellanos\u2019 se\u00f1alados de mover cerca de 60 millones de pesos al mes, por la venta de estupefacientes en Cajic\u00e1 (Cundinamarca)\"}]},{\"@type\":\"WebSite\",\"@id\":\"https:\/\/www.fiscalia.gov.co\/colombia\/#website\",\"url\":\"https:\/\/www.fiscalia.gov.co\/colombia\/\",\"name\":\"Fiscal\u00eda General de la Naci\u00f3n\",\"description\":\"P\u00e1gina oficial de la Fiscal\u00eda General de la Naci\u00f3n \u2013 Colombia. Garantizamos el acceso efectivo a la justicia, la verdad y la reparaci\u00f3n de las v\u00edctimas de los delitos.\",\"publisher\":{\"@id\":\"https:\/\/www.fiscalia.gov.co\/colombia\/#organization\"},\"potentialAction\":[{\"@type\":\"SearchAction\",\"target\":{\"@type\":\"EntryPoint\",\"urlTemplate\":\"https:\/\/www.fiscalia.gov.co\/colombia\/?s={search_term_string}\"},\"query-input\":{\"@type\":\"PropertyValueSpecification\",\"valueRequired\":true,\"valueName\":\"search_term_string\"}}],\"inLanguage\":\"es-CO\"},{\"@type\":\"Organization\",\"@id\":\"https:\/\/www.fiscalia.gov.co\/colombia\/#organization\",\"name\":\"Fiscal\u00eda General de la Naci\u00f3n\",\"url\":\"https:\/\/www.fiscalia.gov.co\/colombia\/\",\"logo\":{\"@type\":\"ImageObject\",\"inLanguage\":\"es-CO\",\"@id\":\"https:\/\/www.fiscalia.gov.co\/colombia\/#\/schema\/logo\/image\/\",\"url\":\"https:\/\/www.fiscalia.gov.co\/colombia\/wp-content\/uploads\/LogoHorizontal_1.jpg\",\"contentUrl\":\"https:\/\/www.fiscalia.gov.co\/colombia\/wp-content\/uploads\/LogoHorizontal_1.jpg\",\"width\":300,\"height\":90,\"caption\":\"Fiscal\u00eda General de la Naci\u00f3n\"},\"image\":{\"@id\":\"https:\/\/www.fiscalia.gov.co\/colombia\/#\/schema\/logo\/image\/\"},\"sameAs\":[\"https:\/\/www.facebook.com\/FiscaliaCol\",\"https:\/\/x.com\/FiscaliaCol\",\"https:\/\/www.instagram.com\/fiscaliacol\",\"https:\/\/www.linkedin.com\/company\/fiscalia-general-de-la-naci-n\/\",\"https:\/\/youtube.com\/@fiscaliageneraldelanacion-4668?si=6nN79nyQICPU5iTh\"]},{\"@type\":\"Person\",\"@id\":\"https:\/\/www.fiscalia.gov.co\/colombia\/#\/schema\/person\/2e76b9aba5ecf875ed565ce4de0e0415\",\"name\":\"Katherine Loaiza Mart\u00ednez\",\"image\":{\"@type\":\"ImageObject\",\"inLanguage\":\"es-CO\",\"@id\":\"https:\/\/www.fiscalia.gov.co\/colombia\/#\/schema\/person\/image\/\",\"url\":\"https:\/\/secure.gravatar.com\/avatar\/ab775a2f394c1b83b6d6f78680e57b50?s=96&d=mm&r=g\",\"contentUrl\":\"https:\/\/secure.gravatar.com\/avatar\/ab775a2f394c1b83b6d6f78680e57b50?s=96&d=mm&r=g\",\"caption\":\"Katherine Loaiza Mart\u00ednez\"},\"url\":\"https:\/\/www.fiscalia.gov.co\/colombia\/author\/kloaiza\/\"}]}<\/script>\n<!-- \/ Yoast SEO plugin. -->","yoast_head_json":{"title":"Fiscal\u00eda General de la Naci\u00f3n","description":"P\u00e1gina oficial de la Fiscal\u00eda General de la Naci\u00f3n \u2013 Colombia. Garantizamos el acceso efectivo a la justicia, la verdad y la reparaci\u00f3n de las v\u00edctimas de los delitos.","robots":{"index":"noindex","follow":"follow"},"og_locale":"es_ES","og_type":"article","og_title":"Fiscal\u00eda General de la Naci\u00f3n","og_description":"P\u00e1gina oficial de la Fiscal\u00eda General de la Naci\u00f3n \u2013 Colombia. Garantizamos el acceso efectivo a la justicia, la verdad y la reparaci\u00f3n de las v\u00edctimas de los delitos.","og_url":"https:\/\/www.fiscalia.gov.co\/colombia\/noticias\/caen-los-capellanos-senalados-de-mover-cerca-de-60-millones-de-pesos-al-mes-por-la-venta-de-estupefacientes-en-cajica-cundinamarca\/","og_site_name":"Fiscal\u00eda General de la Naci\u00f3n","article_publisher":"https:\/\/www.facebook.com\/FiscaliaCol","article_published_time":"2023-01-03T20:32:45+00:00","og_image":[{"url":"https:\/\/www.fiscalia.gov.co\/colombia\/wp-content\/uploads\/Los-Capellanos-1.jpeg","type":"","width":"","height":""}],"author":"Katherine Loaiza Mart\u00ednez","twitter_card":"summary_large_image","twitter_creator":"@FiscaliaCol","twitter_site":"@FiscaliaCol","twitter_misc":{"Escrito por":"Katherine Loaiza Mart\u00ednez","Tiempo de lectura":"2 minutos"},"schema":{"@context":"https:\/\/schema.org","@graph":[{"@type":"Article","@id":"https:\/\/www.fiscalia.gov.co\/colombia\/noticias\/caen-los-capellanos-senalados-de-mover-cerca-de-60-millones-de-pesos-al-mes-por-la-venta-de-estupefacientes-en-cajica-cundinamarca\/#article","isPartOf":{"@id":"https:\/\/www.fiscalia.gov.co\/colombia\/noticias\/caen-los-capellanos-senalados-de-mover-cerca-de-60-millones-de-pesos-al-mes-por-la-venta-de-estupefacientes-en-cajica-cundinamarca\/"},"author":{"name":"Katherine Loaiza Mart\u00ednez","@id":"https:\/\/www.fiscalia.gov.co\/colombia\/#\/schema\/person\/2e76b9aba5ecf875ed565ce4de0e0415"},"headline":"Caen \u2018Los Capellanos\u2019 se\u00f1alados de mover cerca de 60 millones de pesos al mes, por la venta de estupefacientes en Cajic\u00e1 (Cundinamarca)","datePublished":"2023-01-03T20:32:45+00:00","dateModified":"2023-01-03T20:32:45+00:00","mainEntityOfPage":{"@id":"https:\/\/www.fiscalia.gov.co\/colombia\/noticias\/caen-los-capellanos-senalados-de-mover-cerca-de-60-millones-de-pesos-al-mes-por-la-venta-de-estupefacientes-en-cajica-cundinamarca\/"},"wordCount":380,"publisher":{"@id":"https:\/\/www.fiscalia.gov.co\/colombia\/#organization"},"image":{"@id":"https:\/\/www.fiscalia.gov.co\/colombia\/noticias\/caen-los-capellanos-senalados-de-mover-cerca-de-60-millones-de-pesos-al-mes-por-la-venta-de-estupefacientes-en-cajica-cundinamarca\/#primaryimage"},"thumbnailUrl":"https:\/\/www.fiscalia.gov.co\/colombia\/wp-content\/uploads\/Los-Capellanos-1.jpeg","keywords":["Fiscal Francisco Barbosa Delgado","Fiscal General Francisco Barbosa Delgado"],"articleSection":["Noticias","Seccional Cundinamarca","Seguridad territorial","Tr\u00e1fico de estupefacientes"],"inLanguage":"es-CO"},{"@type":"WebPage","@id":"https:\/\/www.fiscalia.gov.co\/colombia\/noticias\/caen-los-capellanos-senalados-de-mover-cerca-de-60-millones-de-pesos-al-mes-por-la-venta-de-estupefacientes-en-cajica-cundinamarca\/","url":"https:\/\/www.fiscalia.gov.co\/colombia\/noticias\/caen-los-capellanos-senalados-de-mover-cerca-de-60-millones-de-pesos-al-mes-por-la-venta-de-estupefacientes-en-cajica-cundinamarca\/","name":"Fiscal\u00eda General de la Naci\u00f3n","isPartOf":{"@id":"https:\/\/www.fiscalia.gov.co\/colombia\/#website"},"primaryImageOfPage":{"@id":"https:\/\/www.fiscalia.gov.co\/colombia\/noticias\/caen-los-capellanos-senalados-de-mover-cerca-de-60-millones-de-pesos-al-mes-por-la-venta-de-estupefacientes-en-cajica-cundinamarca\/#primaryimage"},"image":{"@id":"https:\/\/www.fiscalia.gov.co\/colombia\/noticias\/caen-los-capellanos-senalados-de-mover-cerca-de-60-millones-de-pesos-al-mes-por-la-venta-de-estupefacientes-en-cajica-cundinamarca\/#primaryimage"},"thumbnailUrl":"https:\/\/www.fiscalia.gov.co\/colombia\/wp-content\/uploads\/Los-Capellanos-1.jpeg","datePublished":"2023-01-03T20:32:45+00:00","dateModified":"2023-01-03T20:32:45+00:00","description":"P\u00e1gina oficial de la Fiscal\u00eda General de la Naci\u00f3n \u2013 Colombia. Garantizamos el acceso efectivo a la justicia, la verdad y la reparaci\u00f3n de las v\u00edctimas de los delitos.","breadcrumb":{"@id":"https:\/\/www.fiscalia.gov.co\/colombia\/noticias\/caen-los-capellanos-senalados-de-mover-cerca-de-60-millones-de-pesos-al-mes-por-la-venta-de-estupefacientes-en-cajica-cundinamarca\/#breadcrumb"},"inLanguage":"es-CO","potentialAction":[{"@type":"ReadAction","target":["https:\/\/www.fiscalia.gov.co\/colombia\/noticias\/caen-los-capellanos-senalados-de-mover-cerca-de-60-millones-de-pesos-al-mes-por-la-venta-de-estupefacientes-en-cajica-cundinamarca\/"]}]},{"@type":"ImageObject","inLanguage":"es-CO","@id":"https:\/\/www.fiscalia.gov.co\/colombia\/noticias\/caen-los-capellanos-senalados-de-mover-cerca-de-60-millones-de-pesos-al-mes-por-la-venta-de-estupefacientes-en-cajica-cundinamarca\/#primaryimage","url":"https:\/\/www.fiscalia.gov.co\/colombia\/wp-content\/uploads\/Los-Capellanos-1.jpeg","contentUrl":"https:\/\/www.fiscalia.gov.co\/colombia\/wp-content\/uploads\/Los-Capellanos-1.jpeg","width":1280,"height":1077,"caption":"Tres hombres y una mujer capturados, con las manos atr\u00e1s y acompa\u00f1ados de dos funcionarios de la polic\u00eda."},{"@type":"BreadcrumbList","@id":"https:\/\/www.fiscalia.gov.co\/colombia\/noticias\/caen-los-capellanos-senalados-de-mover-cerca-de-60-millones-de-pesos-al-mes-por-la-venta-de-estupefacientes-en-cajica-cundinamarca\/#breadcrumb","itemListElement":[{"@type":"ListItem","position":1,"name":"Home","item":"https:\/\/www.fiscalia.gov.co\/colombia\/"},{"@type":"ListItem","position":2,"name":"Caen \u2018Los Capellanos\u2019 se\u00f1alados de mover cerca de 60 millones de pesos al mes, por la venta de estupefacientes en Cajic\u00e1 (Cundinamarca)"}]},{"@type":"WebSite","@id":"https:\/\/www.fiscalia.gov.co\/colombia\/#website","url":"https:\/\/www.fiscalia.gov.co\/colombia\/","name":"Fiscal\u00eda General de la Naci\u00f3n","description":"P\u00e1gina oficial de la Fiscal\u00eda General de la Naci\u00f3n \u2013 Colombia. Garantizamos el acceso efectivo a la justicia, la verdad y la reparaci\u00f3n de las v\u00edctimas de los delitos.","publisher":{"@id":"https:\/\/www.fiscalia.gov.co\/colombia\/#organization"},"potentialAction":[{"@type":"SearchAction","target":{"@type":"EntryPoint","urlTemplate":"https:\/\/www.fiscalia.gov.co\/colombia\/?s={search_term_string}"},"query-input":{"@type":"PropertyValueSpecification","valueRequired":true,"valueName":"search_term_string"}}],"inLanguage":"es-CO"},{"@type":"Organization","@id":"https:\/\/www.fiscalia.gov.co\/colombia\/#organization","name":"Fiscal\u00eda General de la Naci\u00f3n","url":"https:\/\/www.fiscalia.gov.co\/colombia\/","logo":{"@type":"ImageObject","inLanguage":"es-CO","@id":"https:\/\/www.fiscalia.gov.co\/colombia\/#\/schema\/logo\/image\/","url":"https:\/\/www.fiscalia.gov.co\/colombia\/wp-content\/uploads\/LogoHorizontal_1.jpg","contentUrl":"https:\/\/www.fiscalia.gov.co\/colombia\/wp-content\/uploads\/LogoHorizontal_1.jpg","width":300,"height":90,"caption":"Fiscal\u00eda General de la Naci\u00f3n"},"image":{"@id":"https:\/\/www.fiscalia.gov.co\/colombia\/#\/schema\/logo\/image\/"},"sameAs":["https:\/\/www.facebook.com\/FiscaliaCol","https:\/\/x.com\/FiscaliaCol","https:\/\/www.instagram.com\/fiscaliacol","https:\/\/www.linkedin.com\/company\/fiscalia-general-de-la-naci-n\/","https:\/\/youtube.com\/@fiscaliageneraldelanacion-4668?si=6nN79nyQICPU5iTh"]},{"@type":"Person","@id":"https:\/\/www.fiscalia.gov.co\/colombia\/#\/schema\/person\/2e76b9aba5ecf875ed565ce4de0e0415","name":"Katherine Loaiza Mart\u00ednez","image":{"@type":"ImageObject","inLanguage":"es-CO","@id":"https:\/\/www.fiscalia.gov.co\/colombia\/#\/schema\/person\/image\/","url":"https:\/\/secure.gravatar.com\/avatar\/ab775a2f394c1b83b6d6f78680e57b50?s=96&d=mm&r=g","contentUrl":"https:\/\/secure.gravatar.com\/avatar\/ab775a2f394c1b83b6d6f78680e57b50?s=96&d=mm&r=g","caption":"Katherine Loaiza Mart\u00ednez"},"url":"https:\/\/www.fiscalia.gov.co\/colombia\/author\/kloaiza\/"}]}},"_links":{"self":[{"href":"https:\/\/www.fiscalia.gov.co\/colombia\/wp-json\/wp\/v2\/posts\/263718","targetHints":{"allow":["GET"]}}],"collection":[{"href":"https:\/\/www.fiscalia.gov.co\/colombia\/wp-json\/wp\/v2\/posts"}],"about":[{"href":"https:\/\/www.fiscalia.gov.co\/colombia\/wp-json\/wp\/v2\/types\/post"}],"author":[{"embeddable":true,"href":"https:\/\/www.fiscalia.gov.co\/colombia\/wp-json\/wp\/v2\/users\/175"}],"replies":[{"embeddable":true,"href":"https:\/\/www.fiscalia.gov.co\/colombia\/wp-json\/wp\/v2\/comments?post=263718"}],"version-history":[{"count":1,"href":"https:\/\/www.fiscalia.gov.co\/colombia\/wp-json\/wp\/v2\/posts\/263718\/revisions"}],"predecessor-version":[{"id":263721,"href":"https:\/\/www.fiscalia.gov.co\/colombia\/wp-json\/wp\/v2\/posts\/263718\/revisions\/263721"}],"wp:attachment":[{"href":"https:\/\/www.fiscalia.gov.co\/colombia\/wp-json\/wp\/v2\/media?parent=263718"}],"wp:term":[{"taxonomy":"category","embeddable":true,"href":"https:\/\/www.fiscalia.gov.co\/colombia\/wp-json\/wp\/v2\/categories?post=263718"},{"taxonomy":"post_tag","embeddable":true,"href":"https:\/\/www.fiscalia.gov.co\/colombia\/wp-json\/wp\/v2\/tags?post=263718"}],"curies":[{"name":"wp","href":"https:\/\/api.w.org\/{rel}","templated":true}]}}