{"id":263683,"date":"2023-01-02T12:53:39","date_gmt":"2023-01-02T17:53:39","guid":{"rendered":"https:\/\/www.fiscalia.gov.co\/colombia\/?p=263683"},"modified":"2023-01-02T12:53:39","modified_gmt":"2023-01-02T17:53:39","slug":"carcel-para-hombre-por-presuntamente-maltratar-a-su-excompanera-sentimental-durante-mas-de-3-anos","status":"publish","type":"post","link":"https:\/\/www.fiscalia.gov.co\/colombia\/noticias\/carcel-para-hombre-por-presuntamente-maltratar-a-su-excompanera-sentimental-durante-mas-de-3-anos\/","title":{"rendered":"C\u00e1rcel para hombre por presuntamente maltratar a su excompa\u00f1era sentimental durante m\u00e1s de 3 a\u00f1os"},"content":{"rendered":"<p>Por solicitud de la Fiscal\u00eda General de la Naci\u00f3n, un Juez de la Rep\u00fablica impuso medida de aseguramiento en centro carcelario en contra de un hombre de 31 a\u00f1os de edad, como presunto responsable de maltratar a su excompa\u00f1era sentimental. La pareja QUE convivi\u00f3 durante 4 a\u00f1os termin\u00f3 la relaci\u00f3n en el a\u00f1o 2019, de la cual tuvieron 2 hijos.<\/p>\n<p>De acuerdo a la denuncia instaurada por la v\u00edctima, el 1 de diciembre del a\u00f1o 2022, en una vivienda del barrio Manrique de Medell\u00edn, el presunto agresor habr\u00eda amenazado con cortarle la cara a la mujer, no contento con eso y cerca de la guarder\u00eda de los hijos, el hombre de nuevo abord\u00f3 a su excompa\u00f1era sentimental y le habr\u00eda propinado m\u00faltiples golpes en brazos y el rostro delante de sus dos hijos. Una profesora del centro infantil tuvo que intervenir y llevarse a los ni\u00f1os para salvaguardarlos.<\/p>\n<p>El 6 de diciembre de ese mismo a\u00f1o, el presunto victimario de nuevo abord\u00f3 a la v\u00edctima a quien le grit\u00f3 en la calle y le exigi\u00f3 que le contestara las llamadas y atendiera a sus gritos.<\/p>\n<p>Seg\u00fan la investigaci\u00f3n adelantada por servidores del CTI, desde el a\u00f1o 2018 la mujer viene siendo v\u00edctima de violencia f\u00edsica y sicol\u00f3gica, en m\u00faltiples ocasiones, al parecer, tambi\u00e9n maltrata a sus hijos. Incluso en agosto de 2022, el presunto agresor habr\u00eda echado gasolina a la vivienda de la v\u00edctima, y cuando ella sali\u00f3 a la puerta le roci\u00f3 en el cuerpo del mismo l\u00edquido y la amenaz\u00f3 con quemarla.<\/p>\n<p>El procesado no acept\u00f3 los cargos por el delito de violencia intrafamiliar agravada en concurso homog\u00e9neo<\/p>\n<p><strong>La Fiscal\u00eda habla con resultados<\/strong><\/p>\n<p><strong>\u00a0<\/strong><\/p>\n<p>&nbsp;<\/p>\n<p>&nbsp;<\/p>\n<p><strong>\u00a0<\/strong><\/p>\n<p>&nbsp;<\/p>\n<p>NAMT\/LT\/DSM\/FAGH<\/p>\n<p>&nbsp;<\/p>\n<p>&nbsp;<\/p>\n<p>&nbsp;<\/p>\n<p>&nbsp;<\/p>\n<div class=\"td-post-content tagdiv-type\">\n<div class=\"td-post-content tagdiv-type\">\n<div class=\"td-post-content tagdiv-type\">\n<div class=\"td-post-content tagdiv-type\">\n<div class=\"td-post-content tagdiv-type\">\n<div class=\"td-post-content tagdiv-type\">\n<div class=\"td-post-content tagdiv-type\">\n<div class=\"td-post-content tagdiv-type\">\n<div class=\"td-post-content tagdiv-type\">\n<p><em>La informaci\u00f3n contenida en este bolet\u00edn de prensa corresponde a la narraci\u00f3n de los hechos noticiosos objetivos, suministrados por los funcionarios encargados de adelantar las investigaciones penales al interior de la Fiscal\u00eda General de la Naci\u00f3n. Para el momento de la divulgaci\u00f3n de este comunicado, la situaci\u00f3n jur\u00eddica de la(s) persona(s) relacionada(s) se encuentra pendiente de resolver por la autoridad judicial competente, siempre bajo los preceptos de la presunci\u00f3n de inocencia, consagrados en el art\u00edculo 29 de la Constituci\u00f3n Pol\u00edtica y el art\u00edculo 7\u00ba de la Ley 906 de 2004.<\/em><\/p>\n<\/div>\n<\/div>\n<\/div>\n<\/div>\n<\/div>\n<\/div>\n<\/div>\n<\/div>\n<\/div>\n\n<div class=\"twitter-share\"><a href=\"https:\/\/twitter.com\/intent\/tweet?via=fiscaliacol\" class=\"twitter-share-button\">Tweet<\/a><\/div>\n","protected":false},"excerpt":{"rendered":"<p>Por solicitud de la Fiscal\u00eda General de la Naci\u00f3n, un Juez de la Rep\u00fablica impuso medida de aseguramiento en centro carcelario en contra de un hombre de 31 a\u00f1os de edad, como presunto responsable de maltratar a su excompa\u00f1era sentimental. La pareja QUE convivi\u00f3 durante 4 a\u00f1os termin\u00f3 la relaci\u00f3n en el a\u00f1o 2019, de [&hellip;]<\/p>\n","protected":false},"author":175,"featured_media":0,"comment_status":"closed","ping_status":"open","sticky":false,"template":"","format":"standard","meta":{"_price":"","_stock":"","_tribe_ticket_header":"","_tribe_default_ticket_provider":"","_tribe_ticket_capacity":"0","_ticket_start_date":"","_ticket_end_date":"","_tribe_ticket_show_description":"","_tribe_ticket_show_not_going":false,"_tribe_ticket_use_global_stock":"","_tribe_ticket_global_stock_level":"","_global_stock_mode":"","_global_stock_cap":"","_tribe_rsvp_for_event":"","_tribe_ticket_going_count":"","_tribe_ticket_not_going_count":"","_tribe_tickets_list":"[]","_tribe_ticket_has_attendee_info_fields":false,"tdm_status":"","tdm_grid_status":"","footnotes":""},"categories":[1,318,331,303],"tags":[24185,1047,9442,23985,682],"class_list":{"0":"post-263683","1":"post","2":"type-post","3":"status-publish","4":"format-standard","6":"category-noticias","7":"category-seccional-antioquia","8":"category-seccional-medellin","9":"category-seccionales","10":"tag-fiscal-barbosa","11":"tag-fiscalia-general-de-la-nacion","12":"tag-maltrato-intrafamiliar","13":"tag-medellin-antioquia","14":"tag-violencia-intrafamiliar"},"yoast_head":"<!-- This site is optimized with the Yoast SEO plugin v24.3 - https:\/\/yoast.com\/wordpress\/plugins\/seo\/ -->\n<title>Fiscal\u00eda General de la Naci\u00f3n<\/title>\n<meta name=\"description\" content=\"P\u00e1gina oficial de la Fiscal\u00eda General de la Naci\u00f3n \u2013 Colombia. Garantizamos el acceso efectivo a la justicia, la verdad y la reparaci\u00f3n de las v\u00edctimas de los delitos.\" \/>\n<meta name=\"robots\" content=\"noindex, follow\" \/>\n<meta property=\"og:locale\" content=\"es_ES\" \/>\n<meta property=\"og:type\" content=\"article\" \/>\n<meta property=\"og:title\" content=\"Fiscal\u00eda General de la Naci\u00f3n\" \/>\n<meta property=\"og:description\" content=\"P\u00e1gina oficial de la Fiscal\u00eda General de la Naci\u00f3n \u2013 Colombia. Garantizamos el acceso efectivo a la justicia, la verdad y la reparaci\u00f3n de las v\u00edctimas de los delitos.\" \/>\n<meta property=\"og:url\" content=\"https:\/\/www.fiscalia.gov.co\/colombia\/noticias\/carcel-para-hombre-por-presuntamente-maltratar-a-su-excompanera-sentimental-durante-mas-de-3-anos\/\" \/>\n<meta property=\"og:site_name\" content=\"Fiscal\u00eda General de la Naci\u00f3n\" \/>\n<meta property=\"article:publisher\" content=\"https:\/\/www.facebook.com\/FiscaliaCol\" \/>\n<meta property=\"article:published_time\" content=\"2023-01-02T17:53:39+00:00\" \/>\n<meta name=\"author\" content=\"Katherine Loaiza Mart\u00ednez\" \/>\n<meta name=\"twitter:card\" content=\"summary_large_image\" \/>\n<meta name=\"twitter:creator\" content=\"@FiscaliaCol\" \/>\n<meta name=\"twitter:site\" content=\"@FiscaliaCol\" \/>\n<meta name=\"twitter:label1\" content=\"Escrito por\" \/>\n\t<meta name=\"twitter:data1\" content=\"Katherine Loaiza Mart\u00ednez\" \/>\n\t<meta name=\"twitter:label2\" content=\"Tiempo de lectura\" \/>\n\t<meta name=\"twitter:data2\" content=\"2 minutos\" \/>\n<script type=\"application\/ld+json\" class=\"yoast-schema-graph\">{\"@context\":\"https:\/\/schema.org\",\"@graph\":[{\"@type\":\"Article\",\"@id\":\"https:\/\/www.fiscalia.gov.co\/colombia\/noticias\/carcel-para-hombre-por-presuntamente-maltratar-a-su-excompanera-sentimental-durante-mas-de-3-anos\/#article\",\"isPartOf\":{\"@id\":\"https:\/\/www.fiscalia.gov.co\/colombia\/noticias\/carcel-para-hombre-por-presuntamente-maltratar-a-su-excompanera-sentimental-durante-mas-de-3-anos\/\"},\"author\":{\"name\":\"Katherine Loaiza Mart\u00ednez\",\"@id\":\"https:\/\/www.fiscalia.gov.co\/colombia\/#\/schema\/person\/2e76b9aba5ecf875ed565ce4de0e0415\"},\"headline\":\"C\u00e1rcel para hombre por presuntamente maltratar a su excompa\u00f1era sentimental durante m\u00e1s de 3 a\u00f1os\",\"datePublished\":\"2023-01-02T17:53:39+00:00\",\"dateModified\":\"2023-01-02T17:53:39+00:00\",\"mainEntityOfPage\":{\"@id\":\"https:\/\/www.fiscalia.gov.co\/colombia\/noticias\/carcel-para-hombre-por-presuntamente-maltratar-a-su-excompanera-sentimental-durante-mas-de-3-anos\/\"},\"wordCount\":429,\"publisher\":{\"@id\":\"https:\/\/www.fiscalia.gov.co\/colombia\/#organization\"},\"keywords\":[\"Fiscal Barbosa\",\"Fiscal\u00eda General de la Naci\u00f3n\",\"Maltrato intrafamiliar\",\"Medell\u00edn (Antioquia)\",\"Violencia intrafamiliar\"],\"articleSection\":[\"Noticias\",\"Seccional Antioquia\",\"Seccional Medell\u00edn\",\"Seccionales\"],\"inLanguage\":\"es-CO\"},{\"@type\":\"WebPage\",\"@id\":\"https:\/\/www.fiscalia.gov.co\/colombia\/noticias\/carcel-para-hombre-por-presuntamente-maltratar-a-su-excompanera-sentimental-durante-mas-de-3-anos\/\",\"url\":\"https:\/\/www.fiscalia.gov.co\/colombia\/noticias\/carcel-para-hombre-por-presuntamente-maltratar-a-su-excompanera-sentimental-durante-mas-de-3-anos\/\",\"name\":\"Fiscal\u00eda General de la Naci\u00f3n\",\"isPartOf\":{\"@id\":\"https:\/\/www.fiscalia.gov.co\/colombia\/#website\"},\"datePublished\":\"2023-01-02T17:53:39+00:00\",\"dateModified\":\"2023-01-02T17:53:39+00:00\",\"description\":\"P\u00e1gina oficial de la Fiscal\u00eda General de la Naci\u00f3n \u2013 Colombia. Garantizamos el acceso efectivo a la justicia, la verdad y la reparaci\u00f3n de las v\u00edctimas de los delitos.\",\"breadcrumb\":{\"@id\":\"https:\/\/www.fiscalia.gov.co\/colombia\/noticias\/carcel-para-hombre-por-presuntamente-maltratar-a-su-excompanera-sentimental-durante-mas-de-3-anos\/#breadcrumb\"},\"inLanguage\":\"es-CO\",\"potentialAction\":[{\"@type\":\"ReadAction\",\"target\":[\"https:\/\/www.fiscalia.gov.co\/colombia\/noticias\/carcel-para-hombre-por-presuntamente-maltratar-a-su-excompanera-sentimental-durante-mas-de-3-anos\/\"]}]},{\"@type\":\"BreadcrumbList\",\"@id\":\"https:\/\/www.fiscalia.gov.co\/colombia\/noticias\/carcel-para-hombre-por-presuntamente-maltratar-a-su-excompanera-sentimental-durante-mas-de-3-anos\/#breadcrumb\",\"itemListElement\":[{\"@type\":\"ListItem\",\"position\":1,\"name\":\"Home\",\"item\":\"https:\/\/www.fiscalia.gov.co\/colombia\/\"},{\"@type\":\"ListItem\",\"position\":2,\"name\":\"C\u00e1rcel para hombre por presuntamente maltratar a su excompa\u00f1era sentimental durante m\u00e1s de 3 a\u00f1os\"}]},{\"@type\":\"WebSite\",\"@id\":\"https:\/\/www.fiscalia.gov.co\/colombia\/#website\",\"url\":\"https:\/\/www.fiscalia.gov.co\/colombia\/\",\"name\":\"Fiscal\u00eda General de la Naci\u00f3n\",\"description\":\"P\u00e1gina oficial de la Fiscal\u00eda General de la Naci\u00f3n \u2013 Colombia. Garantizamos el acceso efectivo a la justicia, la verdad y la reparaci\u00f3n de las v\u00edctimas de los delitos.\",\"publisher\":{\"@id\":\"https:\/\/www.fiscalia.gov.co\/colombia\/#organization\"},\"potentialAction\":[{\"@type\":\"SearchAction\",\"target\":{\"@type\":\"EntryPoint\",\"urlTemplate\":\"https:\/\/www.fiscalia.gov.co\/colombia\/?s={search_term_string}\"},\"query-input\":{\"@type\":\"PropertyValueSpecification\",\"valueRequired\":true,\"valueName\":\"search_term_string\"}}],\"inLanguage\":\"es-CO\"},{\"@type\":\"Organization\",\"@id\":\"https:\/\/www.fiscalia.gov.co\/colombia\/#organization\",\"name\":\"Fiscal\u00eda General de la Naci\u00f3n\",\"url\":\"https:\/\/www.fiscalia.gov.co\/colombia\/\",\"logo\":{\"@type\":\"ImageObject\",\"inLanguage\":\"es-CO\",\"@id\":\"https:\/\/www.fiscalia.gov.co\/colombia\/#\/schema\/logo\/image\/\",\"url\":\"https:\/\/www.fiscalia.gov.co\/colombia\/wp-content\/uploads\/LogoHorizontal_1.jpg\",\"contentUrl\":\"https:\/\/www.fiscalia.gov.co\/colombia\/wp-content\/uploads\/LogoHorizontal_1.jpg\",\"width\":300,\"height\":90,\"caption\":\"Fiscal\u00eda General de la Naci\u00f3n\"},\"image\":{\"@id\":\"https:\/\/www.fiscalia.gov.co\/colombia\/#\/schema\/logo\/image\/\"},\"sameAs\":[\"https:\/\/www.facebook.com\/FiscaliaCol\",\"https:\/\/x.com\/FiscaliaCol\",\"https:\/\/www.instagram.com\/fiscaliacol\",\"https:\/\/www.linkedin.com\/company\/fiscalia-general-de-la-naci-n\/\",\"https:\/\/youtube.com\/@fiscaliageneraldelanacion-4668?si=6nN79nyQICPU5iTh\"]},{\"@type\":\"Person\",\"@id\":\"https:\/\/www.fiscalia.gov.co\/colombia\/#\/schema\/person\/2e76b9aba5ecf875ed565ce4de0e0415\",\"name\":\"Katherine Loaiza Mart\u00ednez\",\"image\":{\"@type\":\"ImageObject\",\"inLanguage\":\"es-CO\",\"@id\":\"https:\/\/www.fiscalia.gov.co\/colombia\/#\/schema\/person\/image\/\",\"url\":\"https:\/\/secure.gravatar.com\/avatar\/ab775a2f394c1b83b6d6f78680e57b50?s=96&d=mm&r=g\",\"contentUrl\":\"https:\/\/secure.gravatar.com\/avatar\/ab775a2f394c1b83b6d6f78680e57b50?s=96&d=mm&r=g\",\"caption\":\"Katherine Loaiza Mart\u00ednez\"},\"url\":\"https:\/\/www.fiscalia.gov.co\/colombia\/author\/kloaiza\/\"}]}<\/script>\n<!-- \/ Yoast SEO plugin. -->","yoast_head_json":{"title":"Fiscal\u00eda General de la Naci\u00f3n","description":"P\u00e1gina oficial de la Fiscal\u00eda General de la Naci\u00f3n \u2013 Colombia. Garantizamos el acceso efectivo a la justicia, la verdad y la reparaci\u00f3n de las v\u00edctimas de los delitos.","robots":{"index":"noindex","follow":"follow"},"og_locale":"es_ES","og_type":"article","og_title":"Fiscal\u00eda General de la Naci\u00f3n","og_description":"P\u00e1gina oficial de la Fiscal\u00eda General de la Naci\u00f3n \u2013 Colombia. Garantizamos el acceso efectivo a la justicia, la verdad y la reparaci\u00f3n de las v\u00edctimas de los delitos.","og_url":"https:\/\/www.fiscalia.gov.co\/colombia\/noticias\/carcel-para-hombre-por-presuntamente-maltratar-a-su-excompanera-sentimental-durante-mas-de-3-anos\/","og_site_name":"Fiscal\u00eda General de la Naci\u00f3n","article_publisher":"https:\/\/www.facebook.com\/FiscaliaCol","article_published_time":"2023-01-02T17:53:39+00:00","author":"Katherine Loaiza Mart\u00ednez","twitter_card":"summary_large_image","twitter_creator":"@FiscaliaCol","twitter_site":"@FiscaliaCol","twitter_misc":{"Escrito por":"Katherine Loaiza Mart\u00ednez","Tiempo de lectura":"2 minutos"},"schema":{"@context":"https:\/\/schema.org","@graph":[{"@type":"Article","@id":"https:\/\/www.fiscalia.gov.co\/colombia\/noticias\/carcel-para-hombre-por-presuntamente-maltratar-a-su-excompanera-sentimental-durante-mas-de-3-anos\/#article","isPartOf":{"@id":"https:\/\/www.fiscalia.gov.co\/colombia\/noticias\/carcel-para-hombre-por-presuntamente-maltratar-a-su-excompanera-sentimental-durante-mas-de-3-anos\/"},"author":{"name":"Katherine Loaiza Mart\u00ednez","@id":"https:\/\/www.fiscalia.gov.co\/colombia\/#\/schema\/person\/2e76b9aba5ecf875ed565ce4de0e0415"},"headline":"C\u00e1rcel para hombre por presuntamente maltratar a su excompa\u00f1era sentimental durante m\u00e1s de 3 a\u00f1os","datePublished":"2023-01-02T17:53:39+00:00","dateModified":"2023-01-02T17:53:39+00:00","mainEntityOfPage":{"@id":"https:\/\/www.fiscalia.gov.co\/colombia\/noticias\/carcel-para-hombre-por-presuntamente-maltratar-a-su-excompanera-sentimental-durante-mas-de-3-anos\/"},"wordCount":429,"publisher":{"@id":"https:\/\/www.fiscalia.gov.co\/colombia\/#organization"},"keywords":["Fiscal Barbosa","Fiscal\u00eda General de la Naci\u00f3n","Maltrato intrafamiliar","Medell\u00edn (Antioquia)","Violencia intrafamiliar"],"articleSection":["Noticias","Seccional Antioquia","Seccional Medell\u00edn","Seccionales"],"inLanguage":"es-CO"},{"@type":"WebPage","@id":"https:\/\/www.fiscalia.gov.co\/colombia\/noticias\/carcel-para-hombre-por-presuntamente-maltratar-a-su-excompanera-sentimental-durante-mas-de-3-anos\/","url":"https:\/\/www.fiscalia.gov.co\/colombia\/noticias\/carcel-para-hombre-por-presuntamente-maltratar-a-su-excompanera-sentimental-durante-mas-de-3-anos\/","name":"Fiscal\u00eda General de la Naci\u00f3n","isPartOf":{"@id":"https:\/\/www.fiscalia.gov.co\/colombia\/#website"},"datePublished":"2023-01-02T17:53:39+00:00","dateModified":"2023-01-02T17:53:39+00:00","description":"P\u00e1gina oficial de la Fiscal\u00eda General de la Naci\u00f3n \u2013 Colombia. Garantizamos el acceso efectivo a la justicia, la verdad y la reparaci\u00f3n de las v\u00edctimas de los delitos.","breadcrumb":{"@id":"https:\/\/www.fiscalia.gov.co\/colombia\/noticias\/carcel-para-hombre-por-presuntamente-maltratar-a-su-excompanera-sentimental-durante-mas-de-3-anos\/#breadcrumb"},"inLanguage":"es-CO","potentialAction":[{"@type":"ReadAction","target":["https:\/\/www.fiscalia.gov.co\/colombia\/noticias\/carcel-para-hombre-por-presuntamente-maltratar-a-su-excompanera-sentimental-durante-mas-de-3-anos\/"]}]},{"@type":"BreadcrumbList","@id":"https:\/\/www.fiscalia.gov.co\/colombia\/noticias\/carcel-para-hombre-por-presuntamente-maltratar-a-su-excompanera-sentimental-durante-mas-de-3-anos\/#breadcrumb","itemListElement":[{"@type":"ListItem","position":1,"name":"Home","item":"https:\/\/www.fiscalia.gov.co\/colombia\/"},{"@type":"ListItem","position":2,"name":"C\u00e1rcel para hombre por presuntamente maltratar a su excompa\u00f1era sentimental durante m\u00e1s de 3 a\u00f1os"}]},{"@type":"WebSite","@id":"https:\/\/www.fiscalia.gov.co\/colombia\/#website","url":"https:\/\/www.fiscalia.gov.co\/colombia\/","name":"Fiscal\u00eda General de la Naci\u00f3n","description":"P\u00e1gina oficial de la Fiscal\u00eda General de la Naci\u00f3n \u2013 Colombia. Garantizamos el acceso efectivo a la justicia, la verdad y la reparaci\u00f3n de las v\u00edctimas de los delitos.","publisher":{"@id":"https:\/\/www.fiscalia.gov.co\/colombia\/#organization"},"potentialAction":[{"@type":"SearchAction","target":{"@type":"EntryPoint","urlTemplate":"https:\/\/www.fiscalia.gov.co\/colombia\/?s={search_term_string}"},"query-input":{"@type":"PropertyValueSpecification","valueRequired":true,"valueName":"search_term_string"}}],"inLanguage":"es-CO"},{"@type":"Organization","@id":"https:\/\/www.fiscalia.gov.co\/colombia\/#organization","name":"Fiscal\u00eda General de la Naci\u00f3n","url":"https:\/\/www.fiscalia.gov.co\/colombia\/","logo":{"@type":"ImageObject","inLanguage":"es-CO","@id":"https:\/\/www.fiscalia.gov.co\/colombia\/#\/schema\/logo\/image\/","url":"https:\/\/www.fiscalia.gov.co\/colombia\/wp-content\/uploads\/LogoHorizontal_1.jpg","contentUrl":"https:\/\/www.fiscalia.gov.co\/colombia\/wp-content\/uploads\/LogoHorizontal_1.jpg","width":300,"height":90,"caption":"Fiscal\u00eda General de la Naci\u00f3n"},"image":{"@id":"https:\/\/www.fiscalia.gov.co\/colombia\/#\/schema\/logo\/image\/"},"sameAs":["https:\/\/www.facebook.com\/FiscaliaCol","https:\/\/x.com\/FiscaliaCol","https:\/\/www.instagram.com\/fiscaliacol","https:\/\/www.linkedin.com\/company\/fiscalia-general-de-la-naci-n\/","https:\/\/youtube.com\/@fiscaliageneraldelanacion-4668?si=6nN79nyQICPU5iTh"]},{"@type":"Person","@id":"https:\/\/www.fiscalia.gov.co\/colombia\/#\/schema\/person\/2e76b9aba5ecf875ed565ce4de0e0415","name":"Katherine Loaiza Mart\u00ednez","image":{"@type":"ImageObject","inLanguage":"es-CO","@id":"https:\/\/www.fiscalia.gov.co\/colombia\/#\/schema\/person\/image\/","url":"https:\/\/secure.gravatar.com\/avatar\/ab775a2f394c1b83b6d6f78680e57b50?s=96&d=mm&r=g","contentUrl":"https:\/\/secure.gravatar.com\/avatar\/ab775a2f394c1b83b6d6f78680e57b50?s=96&d=mm&r=g","caption":"Katherine Loaiza Mart\u00ednez"},"url":"https:\/\/www.fiscalia.gov.co\/colombia\/author\/kloaiza\/"}]}},"_links":{"self":[{"href":"https:\/\/www.fiscalia.gov.co\/colombia\/wp-json\/wp\/v2\/posts\/263683","targetHints":{"allow":["GET"]}}],"collection":[{"href":"https:\/\/www.fiscalia.gov.co\/colombia\/wp-json\/wp\/v2\/posts"}],"about":[{"href":"https:\/\/www.fiscalia.gov.co\/colombia\/wp-json\/wp\/v2\/types\/post"}],"author":[{"embeddable":true,"href":"https:\/\/www.fiscalia.gov.co\/colombia\/wp-json\/wp\/v2\/users\/175"}],"replies":[{"embeddable":true,"href":"https:\/\/www.fiscalia.gov.co\/colombia\/wp-json\/wp\/v2\/comments?post=263683"}],"version-history":[{"count":1,"href":"https:\/\/www.fiscalia.gov.co\/colombia\/wp-json\/wp\/v2\/posts\/263683\/revisions"}],"predecessor-version":[{"id":263684,"href":"https:\/\/www.fiscalia.gov.co\/colombia\/wp-json\/wp\/v2\/posts\/263683\/revisions\/263684"}],"wp:attachment":[{"href":"https:\/\/www.fiscalia.gov.co\/colombia\/wp-json\/wp\/v2\/media?parent=263683"}],"wp:term":[{"taxonomy":"category","embeddable":true,"href":"https:\/\/www.fiscalia.gov.co\/colombia\/wp-json\/wp\/v2\/categories?post=263683"},{"taxonomy":"post_tag","embeddable":true,"href":"https:\/\/www.fiscalia.gov.co\/colombia\/wp-json\/wp\/v2\/tags?post=263683"}],"curies":[{"name":"wp","href":"https:\/\/api.w.org\/{rel}","templated":true}]}}