{"id":263631,"date":"2023-01-02T07:19:59","date_gmt":"2023-01-02T12:19:59","guid":{"rendered":"https:\/\/www.fiscalia.gov.co\/colombia\/?p=263631"},"modified":"2023-01-12T15:12:44","modified_gmt":"2023-01-12T20:12:44","slug":"fiscalia-logra-la-judicializacion-de-cuatro-exfuncionarias-de-la-empresa-de-servicios-publicos-de-pamplona-que-habrian-participado-en-la-desviacion-ilegal-de-mas-de-1-500-millones-de-pesos","status":"publish","type":"post","link":"https:\/\/www.fiscalia.gov.co\/colombia\/noticias\/fiscalia-logra-la-judicializacion-de-cuatro-exfuncionarias-de-la-empresa-de-servicios-publicos-de-pamplona-que-habrian-participado-en-la-desviacion-ilegal-de-mas-de-1-500-millones-de-pesos\/","title":{"rendered":"Fiscal\u00eda logra la judicializaci\u00f3n de cuatro exfuncionarias de la Empresa de Servicios P\u00fablicos de Pamplona que habr\u00edan participado en la desviaci\u00f3n ilegal de m\u00e1s de 1.500 millones de pesos"},"content":{"rendered":"<h4><strong><em>De manera paralela a la acci\u00f3n penal fueron ocupados con fines de extinci\u00f3n de dominio bienes de uno los presuntos responsables del desfalco a la entidad.<\/em><\/strong><\/h4>\n<p>La Fiscal\u00eda General de la Naci\u00f3n, a trav\u00e9s de la Seccional Norte de Santander y la Direcci\u00f3n Especializada de Extinci\u00f3n del Derecho de Dominio, actu\u00f3 judicialmente contra cuatro exfuncionarias que estar\u00edan involucradas en actos de corrupci\u00f3n en la Empresa de Servicios P\u00fablicos de Pamplona (Norte de Santander) (Empopamplona S.A. E.S.P.); al tiempo que afect\u00f3 el patrimonio de uno de los se\u00f1alados principales auspiciadores de los hechos irregulares detectados en la entidad.<\/p>\n<p>En diligencias realizadas por el CTI fueron capturadas la exauxiliar de tesorer\u00eda, Xiomara Olano Delgado; la exauxiliar contable, Judith Fabiola Carvajal Acevedo; la exasistente administrativa, Yenith Azucena Pab\u00f3n Vera; y la exjefe de Control Interno, Sonia Esperanza Bautista Jaimes.<\/p>\n<p>Estas cuatro personas habr\u00edan participado en la desviaci\u00f3n de 1.500 millones de pesos de la entidad. Al parecer, mientras ejercieron los cargos entre 2016 y mayo 2022, permitieron que los recursos del erario fueran transferidos de manera irregular a las cuentas personales del entonces tesorero de la Empresa de Servicios P\u00fablicos de Pamplona.<\/p>\n<p>Por esto, fiscales de la Unidad de Administraci\u00f3n P\u00fablica de la Seccional Norte de Santander imputaron a las detenidas, seg\u00fan la posible participaci\u00f3n en los hechos investigados, delitos como peculado por apropiaci\u00f3n y prevaricato por acci\u00f3n. Los cargos no fueron aceptados por las procesadas, que deber\u00e1n cumplir medida de aseguramiento privativa de la libertad en los lugares de residencia.<\/p>\n<p><strong><u>Afectaci\u00f3n al patrimonio del ex<\/u><\/strong><strong><u>tesorero de Empopamplona<\/u><\/strong><\/p>\n<p>Simult\u00e1neamente a la acci\u00f3n penal, un fiscal de la Direcci\u00f3n Especializada de Extinci\u00f3n del Derecho de Dominio impuso medidas cautelares de suspensi\u00f3n del poder dispositivo, embargo y secuestro sobre tres bienes que pertenecer\u00edan al extesorero de Empopamplona S.A. E.S.P.<\/p>\n<p>Se trata de un predio rural, un bien urbano y un veh\u00edculo, los cuales fueron ocupados en diligencias realizadas en Pamplona (Norte de Santander). Las propiedades, avaluadas preliminarmente en 245 millones de pesos, quedaron a disposici\u00f3n de la Sociedad de Activos Especiales (SAE).<\/p>\n<p>Esta informaci\u00f3n se publica por razones de inter\u00e9s genera<\/p>\n<p><strong>La Fiscal\u00eda habla con resultados.<\/strong><\/p>\n<p>&nbsp;<\/p>\n<p>MPHA\/MAGA\/JARG\/LPDS\/DEEDD\/MRC.<\/p>\n<p>&nbsp;<\/p>\n<div class=\"td-post-content tagdiv-type\">\n<div class=\"td-post-content tagdiv-type\">\n<p><em>La informaci\u00f3n contenida en este bolet\u00edn de prensa corresponde a la narraci\u00f3n de los hechos noticiosos objetivos, suministrados por los funcionarios encargados de adelantar las investigaciones penales al interior de la Fiscal\u00eda General de la Naci\u00f3n. Para el momento de la divulgaci\u00f3n de este comunicado, la situaci\u00f3n jur\u00eddica de la(s) persona(s) relacionada(s) se encuentra pendiente de resolver por la autoridad judicial competente, siempre bajo los preceptos de la presunci\u00f3n de inocencia, consagrados en el art\u00edculo 29 de la Constituci\u00f3n Pol\u00edtica y el art\u00edculo 7\u00ba de la Ley 906 de 2004.<\/em><\/p>\n<\/div>\n<\/div>\n\n<div class=\"twitter-share\"><a href=\"https:\/\/twitter.com\/intent\/tweet?via=fiscaliacol\" class=\"twitter-share-button\">Tweet<\/a><\/div>\n","protected":false},"excerpt":{"rendered":"<p>De manera paralela a la acci\u00f3n penal fueron ocupados con fines de extinci\u00f3n de dominio bienes de uno los presuntos responsables del desfalco a la entidad. La Fiscal\u00eda General de la Naci\u00f3n, a trav\u00e9s de la Seccional Norte de Santander y la Direcci\u00f3n Especializada de Extinci\u00f3n del Derecho de Dominio, actu\u00f3 judicialmente contra cuatro exfuncionarias [&hellip;]<\/p>\n","protected":false},"author":177,"featured_media":0,"comment_status":"closed","ping_status":"open","sticky":false,"template":"","format":"video","meta":{"tdm_status":"","tdm_grid_status":"","footnotes":""},"categories":[24116,1,326,303],"tags":[427,33630,1441,24185,1047,2228,23957],"class_list":{"0":"post-263631","1":"post","2":"type-post","3":"status-publish","4":"format-video","6":"category-extincion-de-dominio","7":"category-noticias","8":"category-seccional-cucuta","9":"category-seccionales","10":"tag-corrupcion","11":"tag-empresa-de-servicios-publicos","12":"tag-extincion-de-dominio","13":"tag-fiscal-barbosa","14":"tag-fiscalia-general-de-la-nacion","15":"tag-norte-de-santander","16":"tag-pamplona","17":"post_format-post-format-video"},"yoast_head":"<!-- This site is optimized with the Yoast SEO plugin v24.3 - https:\/\/yoast.com\/wordpress\/plugins\/seo\/ -->\n<title>Fiscal\u00eda General de la Naci\u00f3n<\/title>\n<meta name=\"description\" content=\"P\u00e1gina oficial de la Fiscal\u00eda General de la Naci\u00f3n \u2013 Colombia. Garantizamos el acceso efectivo a la justicia, la verdad y la reparaci\u00f3n de las v\u00edctimas de los delitos.\" \/>\n<meta name=\"robots\" content=\"noindex, follow\" \/>\n<meta property=\"og:locale\" content=\"es_ES\" \/>\n<meta property=\"og:type\" content=\"article\" \/>\n<meta property=\"og:title\" content=\"Fiscal\u00eda General de la Naci\u00f3n\" \/>\n<meta property=\"og:description\" content=\"P\u00e1gina oficial de la Fiscal\u00eda General de la Naci\u00f3n \u2013 Colombia. Garantizamos el acceso efectivo a la justicia, la verdad y la reparaci\u00f3n de las v\u00edctimas de los delitos.\" \/>\n<meta property=\"og:url\" content=\"https:\/\/www.fiscalia.gov.co\/colombia\/noticias\/fiscalia-logra-la-judicializacion-de-cuatro-exfuncionarias-de-la-empresa-de-servicios-publicos-de-pamplona-que-habrian-participado-en-la-desviacion-ilegal-de-mas-de-1-500-millones-de-pesos\/\" \/>\n<meta property=\"og:site_name\" content=\"Fiscal\u00eda General de la Naci\u00f3n\" \/>\n<meta property=\"article:publisher\" content=\"https:\/\/www.facebook.com\/FiscaliaCol\" \/>\n<meta property=\"article:published_time\" content=\"2023-01-02T12:19:59+00:00\" \/>\n<meta property=\"article:modified_time\" content=\"2023-01-12T20:12:44+00:00\" \/>\n<meta name=\"author\" content=\"Jordan Leandro Oviedo Anzola\" \/>\n<meta name=\"twitter:card\" content=\"summary_large_image\" \/>\n<meta name=\"twitter:creator\" content=\"@FiscaliaCol\" \/>\n<meta name=\"twitter:site\" content=\"@FiscaliaCol\" \/>\n<meta name=\"twitter:label1\" content=\"Escrito por\" \/>\n\t<meta name=\"twitter:data1\" content=\"Jordan Leandro Oviedo Anzola\" \/>\n\t<meta name=\"twitter:label2\" content=\"Tiempo de lectura\" \/>\n\t<meta name=\"twitter:data2\" content=\"2 minutos\" \/>\n<script type=\"application\/ld+json\" class=\"yoast-schema-graph\">{\"@context\":\"https:\/\/schema.org\",\"@graph\":[{\"@type\":\"Article\",\"@id\":\"https:\/\/www.fiscalia.gov.co\/colombia\/noticias\/fiscalia-logra-la-judicializacion-de-cuatro-exfuncionarias-de-la-empresa-de-servicios-publicos-de-pamplona-que-habrian-participado-en-la-desviacion-ilegal-de-mas-de-1-500-millones-de-pesos\/#article\",\"isPartOf\":{\"@id\":\"https:\/\/www.fiscalia.gov.co\/colombia\/noticias\/fiscalia-logra-la-judicializacion-de-cuatro-exfuncionarias-de-la-empresa-de-servicios-publicos-de-pamplona-que-habrian-participado-en-la-desviacion-ilegal-de-mas-de-1-500-millones-de-pesos\/\"},\"author\":{\"name\":\"Jordan Leandro Oviedo Anzola\",\"@id\":\"https:\/\/www.fiscalia.gov.co\/colombia\/#\/schema\/person\/bf84402cf293a5393e9c70b111020b24\"},\"headline\":\"Fiscal\u00eda logra la judicializaci\u00f3n de cuatro exfuncionarias de la Empresa de Servicios P\u00fablicos de Pamplona que habr\u00edan participado en la desviaci\u00f3n ilegal de m\u00e1s de 1.500 millones de pesos\",\"datePublished\":\"2023-01-02T12:19:59+00:00\",\"dateModified\":\"2023-01-12T20:12:44+00:00\",\"mainEntityOfPage\":{\"@id\":\"https:\/\/www.fiscalia.gov.co\/colombia\/noticias\/fiscalia-logra-la-judicializacion-de-cuatro-exfuncionarias-de-la-empresa-de-servicios-publicos-de-pamplona-que-habrian-participado-en-la-desviacion-ilegal-de-mas-de-1-500-millones-de-pesos\/\"},\"wordCount\":533,\"publisher\":{\"@id\":\"https:\/\/www.fiscalia.gov.co\/colombia\/#organization\"},\"keywords\":[\"Corrupci\u00f3n\",\"empresa de servicios publicos\",\"Extinci\u00f3n de dominio\",\"Fiscal Barbosa\",\"Fiscal\u00eda General de la Naci\u00f3n\",\"Norte de Santander\",\"Pamplona\"],\"articleSection\":[\"Extinci\u00f3n de dominio\",\"Noticias\",\"Seccional C\u00facuta\",\"Seccionales\"],\"inLanguage\":\"es-CO\"},{\"@type\":\"WebPage\",\"@id\":\"https:\/\/www.fiscalia.gov.co\/colombia\/noticias\/fiscalia-logra-la-judicializacion-de-cuatro-exfuncionarias-de-la-empresa-de-servicios-publicos-de-pamplona-que-habrian-participado-en-la-desviacion-ilegal-de-mas-de-1-500-millones-de-pesos\/\",\"url\":\"https:\/\/www.fiscalia.gov.co\/colombia\/noticias\/fiscalia-logra-la-judicializacion-de-cuatro-exfuncionarias-de-la-empresa-de-servicios-publicos-de-pamplona-que-habrian-participado-en-la-desviacion-ilegal-de-mas-de-1-500-millones-de-pesos\/\",\"name\":\"Fiscal\u00eda General de la Naci\u00f3n\",\"isPartOf\":{\"@id\":\"https:\/\/www.fiscalia.gov.co\/colombia\/#website\"},\"datePublished\":\"2023-01-02T12:19:59+00:00\",\"dateModified\":\"2023-01-12T20:12:44+00:00\",\"description\":\"P\u00e1gina oficial de la Fiscal\u00eda General de la Naci\u00f3n \u2013 Colombia. Garantizamos el acceso efectivo a la justicia, la verdad y la reparaci\u00f3n de las v\u00edctimas de los delitos.\",\"breadcrumb\":{\"@id\":\"https:\/\/www.fiscalia.gov.co\/colombia\/noticias\/fiscalia-logra-la-judicializacion-de-cuatro-exfuncionarias-de-la-empresa-de-servicios-publicos-de-pamplona-que-habrian-participado-en-la-desviacion-ilegal-de-mas-de-1-500-millones-de-pesos\/#breadcrumb\"},\"inLanguage\":\"es-CO\",\"potentialAction\":[{\"@type\":\"ReadAction\",\"target\":[\"https:\/\/www.fiscalia.gov.co\/colombia\/noticias\/fiscalia-logra-la-judicializacion-de-cuatro-exfuncionarias-de-la-empresa-de-servicios-publicos-de-pamplona-que-habrian-participado-en-la-desviacion-ilegal-de-mas-de-1-500-millones-de-pesos\/\"]}]},{\"@type\":\"BreadcrumbList\",\"@id\":\"https:\/\/www.fiscalia.gov.co\/colombia\/noticias\/fiscalia-logra-la-judicializacion-de-cuatro-exfuncionarias-de-la-empresa-de-servicios-publicos-de-pamplona-que-habrian-participado-en-la-desviacion-ilegal-de-mas-de-1-500-millones-de-pesos\/#breadcrumb\",\"itemListElement\":[{\"@type\":\"ListItem\",\"position\":1,\"name\":\"Home\",\"item\":\"https:\/\/www.fiscalia.gov.co\/colombia\/\"},{\"@type\":\"ListItem\",\"position\":2,\"name\":\"Fiscal\u00eda logra la judicializaci\u00f3n de cuatro exfuncionarias de la Empresa de Servicios P\u00fablicos de Pamplona que habr\u00edan participado en la desviaci\u00f3n ilegal de m\u00e1s de 1.500 millones de pesos\"}]},{\"@type\":\"WebSite\",\"@id\":\"https:\/\/www.fiscalia.gov.co\/colombia\/#website\",\"url\":\"https:\/\/www.fiscalia.gov.co\/colombia\/\",\"name\":\"Fiscal\u00eda General de la Naci\u00f3n\",\"description\":\"P\u00e1gina oficial de la Fiscal\u00eda General de la Naci\u00f3n \u2013 Colombia. Garantizamos el acceso efectivo a la justicia, la verdad y la reparaci\u00f3n de las v\u00edctimas de los delitos.\",\"publisher\":{\"@id\":\"https:\/\/www.fiscalia.gov.co\/colombia\/#organization\"},\"potentialAction\":[{\"@type\":\"SearchAction\",\"target\":{\"@type\":\"EntryPoint\",\"urlTemplate\":\"https:\/\/www.fiscalia.gov.co\/colombia\/?s={search_term_string}\"},\"query-input\":{\"@type\":\"PropertyValueSpecification\",\"valueRequired\":true,\"valueName\":\"search_term_string\"}}],\"inLanguage\":\"es-CO\"},{\"@type\":\"Organization\",\"@id\":\"https:\/\/www.fiscalia.gov.co\/colombia\/#organization\",\"name\":\"Fiscal\u00eda General de la Naci\u00f3n\",\"url\":\"https:\/\/www.fiscalia.gov.co\/colombia\/\",\"logo\":{\"@type\":\"ImageObject\",\"inLanguage\":\"es-CO\",\"@id\":\"https:\/\/www.fiscalia.gov.co\/colombia\/#\/schema\/logo\/image\/\",\"url\":\"https:\/\/www.fiscalia.gov.co\/colombia\/wp-content\/uploads\/LogoHorizontal_1.jpg\",\"contentUrl\":\"https:\/\/www.fiscalia.gov.co\/colombia\/wp-content\/uploads\/LogoHorizontal_1.jpg\",\"width\":300,\"height\":90,\"caption\":\"Fiscal\u00eda General de la Naci\u00f3n\"},\"image\":{\"@id\":\"https:\/\/www.fiscalia.gov.co\/colombia\/#\/schema\/logo\/image\/\"},\"sameAs\":[\"https:\/\/www.facebook.com\/FiscaliaCol\",\"https:\/\/x.com\/FiscaliaCol\",\"https:\/\/www.instagram.com\/fiscaliacol\",\"https:\/\/www.linkedin.com\/company\/fiscalia-general-de-la-naci-n\/\",\"https:\/\/youtube.com\/@fiscaliageneraldelanacion-4668?si=6nN79nyQICPU5iTh\"]},{\"@type\":\"Person\",\"@id\":\"https:\/\/www.fiscalia.gov.co\/colombia\/#\/schema\/person\/bf84402cf293a5393e9c70b111020b24\",\"name\":\"Jordan Leandro Oviedo Anzola\",\"image\":{\"@type\":\"ImageObject\",\"inLanguage\":\"es-CO\",\"@id\":\"https:\/\/www.fiscalia.gov.co\/colombia\/#\/schema\/person\/image\/\",\"url\":\"https:\/\/secure.gravatar.com\/avatar\/dabba4346fa9b9207d96adafa8f92721?s=96&d=mm&r=g\",\"contentUrl\":\"https:\/\/secure.gravatar.com\/avatar\/dabba4346fa9b9207d96adafa8f92721?s=96&d=mm&r=g\",\"caption\":\"Jordan Leandro Oviedo Anzola\"},\"url\":\"https:\/\/www.fiscalia.gov.co\/colombia\/author\/joviedo\/\"}]}<\/script>\n<!-- \/ Yoast SEO plugin. -->","yoast_head_json":{"title":"Fiscal\u00eda General de la Naci\u00f3n","description":"P\u00e1gina oficial de la Fiscal\u00eda General de la Naci\u00f3n \u2013 Colombia. Garantizamos el acceso efectivo a la justicia, la verdad y la reparaci\u00f3n de las v\u00edctimas de los delitos.","robots":{"index":"noindex","follow":"follow"},"og_locale":"es_ES","og_type":"article","og_title":"Fiscal\u00eda General de la Naci\u00f3n","og_description":"P\u00e1gina oficial de la Fiscal\u00eda General de la Naci\u00f3n \u2013 Colombia. Garantizamos el acceso efectivo a la justicia, la verdad y la reparaci\u00f3n de las v\u00edctimas de los delitos.","og_url":"https:\/\/www.fiscalia.gov.co\/colombia\/noticias\/fiscalia-logra-la-judicializacion-de-cuatro-exfuncionarias-de-la-empresa-de-servicios-publicos-de-pamplona-que-habrian-participado-en-la-desviacion-ilegal-de-mas-de-1-500-millones-de-pesos\/","og_site_name":"Fiscal\u00eda General de la Naci\u00f3n","article_publisher":"https:\/\/www.facebook.com\/FiscaliaCol","article_published_time":"2023-01-02T12:19:59+00:00","article_modified_time":"2023-01-12T20:12:44+00:00","author":"Jordan Leandro Oviedo Anzola","twitter_card":"summary_large_image","twitter_creator":"@FiscaliaCol","twitter_site":"@FiscaliaCol","twitter_misc":{"Escrito por":"Jordan Leandro Oviedo Anzola","Tiempo de lectura":"2 minutos"},"schema":{"@context":"https:\/\/schema.org","@graph":[{"@type":"Article","@id":"https:\/\/www.fiscalia.gov.co\/colombia\/noticias\/fiscalia-logra-la-judicializacion-de-cuatro-exfuncionarias-de-la-empresa-de-servicios-publicos-de-pamplona-que-habrian-participado-en-la-desviacion-ilegal-de-mas-de-1-500-millones-de-pesos\/#article","isPartOf":{"@id":"https:\/\/www.fiscalia.gov.co\/colombia\/noticias\/fiscalia-logra-la-judicializacion-de-cuatro-exfuncionarias-de-la-empresa-de-servicios-publicos-de-pamplona-que-habrian-participado-en-la-desviacion-ilegal-de-mas-de-1-500-millones-de-pesos\/"},"author":{"name":"Jordan Leandro Oviedo Anzola","@id":"https:\/\/www.fiscalia.gov.co\/colombia\/#\/schema\/person\/bf84402cf293a5393e9c70b111020b24"},"headline":"Fiscal\u00eda logra la judicializaci\u00f3n de cuatro exfuncionarias de la Empresa de Servicios P\u00fablicos de Pamplona que habr\u00edan participado en la desviaci\u00f3n ilegal de m\u00e1s de 1.500 millones de pesos","datePublished":"2023-01-02T12:19:59+00:00","dateModified":"2023-01-12T20:12:44+00:00","mainEntityOfPage":{"@id":"https:\/\/www.fiscalia.gov.co\/colombia\/noticias\/fiscalia-logra-la-judicializacion-de-cuatro-exfuncionarias-de-la-empresa-de-servicios-publicos-de-pamplona-que-habrian-participado-en-la-desviacion-ilegal-de-mas-de-1-500-millones-de-pesos\/"},"wordCount":533,"publisher":{"@id":"https:\/\/www.fiscalia.gov.co\/colombia\/#organization"},"keywords":["Corrupci\u00f3n","empresa de servicios publicos","Extinci\u00f3n de dominio","Fiscal Barbosa","Fiscal\u00eda General de la Naci\u00f3n","Norte de Santander","Pamplona"],"articleSection":["Extinci\u00f3n de dominio","Noticias","Seccional C\u00facuta","Seccionales"],"inLanguage":"es-CO"},{"@type":"WebPage","@id":"https:\/\/www.fiscalia.gov.co\/colombia\/noticias\/fiscalia-logra-la-judicializacion-de-cuatro-exfuncionarias-de-la-empresa-de-servicios-publicos-de-pamplona-que-habrian-participado-en-la-desviacion-ilegal-de-mas-de-1-500-millones-de-pesos\/","url":"https:\/\/www.fiscalia.gov.co\/colombia\/noticias\/fiscalia-logra-la-judicializacion-de-cuatro-exfuncionarias-de-la-empresa-de-servicios-publicos-de-pamplona-que-habrian-participado-en-la-desviacion-ilegal-de-mas-de-1-500-millones-de-pesos\/","name":"Fiscal\u00eda General de la Naci\u00f3n","isPartOf":{"@id":"https:\/\/www.fiscalia.gov.co\/colombia\/#website"},"datePublished":"2023-01-02T12:19:59+00:00","dateModified":"2023-01-12T20:12:44+00:00","description":"P\u00e1gina oficial de la Fiscal\u00eda General de la Naci\u00f3n \u2013 Colombia. Garantizamos el acceso efectivo a la justicia, la verdad y la reparaci\u00f3n de las v\u00edctimas de los delitos.","breadcrumb":{"@id":"https:\/\/www.fiscalia.gov.co\/colombia\/noticias\/fiscalia-logra-la-judicializacion-de-cuatro-exfuncionarias-de-la-empresa-de-servicios-publicos-de-pamplona-que-habrian-participado-en-la-desviacion-ilegal-de-mas-de-1-500-millones-de-pesos\/#breadcrumb"},"inLanguage":"es-CO","potentialAction":[{"@type":"ReadAction","target":["https:\/\/www.fiscalia.gov.co\/colombia\/noticias\/fiscalia-logra-la-judicializacion-de-cuatro-exfuncionarias-de-la-empresa-de-servicios-publicos-de-pamplona-que-habrian-participado-en-la-desviacion-ilegal-de-mas-de-1-500-millones-de-pesos\/"]}]},{"@type":"BreadcrumbList","@id":"https:\/\/www.fiscalia.gov.co\/colombia\/noticias\/fiscalia-logra-la-judicializacion-de-cuatro-exfuncionarias-de-la-empresa-de-servicios-publicos-de-pamplona-que-habrian-participado-en-la-desviacion-ilegal-de-mas-de-1-500-millones-de-pesos\/#breadcrumb","itemListElement":[{"@type":"ListItem","position":1,"name":"Home","item":"https:\/\/www.fiscalia.gov.co\/colombia\/"},{"@type":"ListItem","position":2,"name":"Fiscal\u00eda logra la judicializaci\u00f3n de cuatro exfuncionarias de la Empresa de Servicios P\u00fablicos de Pamplona que habr\u00edan participado en la desviaci\u00f3n ilegal de m\u00e1s de 1.500 millones de pesos"}]},{"@type":"WebSite","@id":"https:\/\/www.fiscalia.gov.co\/colombia\/#website","url":"https:\/\/www.fiscalia.gov.co\/colombia\/","name":"Fiscal\u00eda General de la Naci\u00f3n","description":"P\u00e1gina oficial de la Fiscal\u00eda General de la Naci\u00f3n \u2013 Colombia. Garantizamos el acceso efectivo a la justicia, la verdad y la reparaci\u00f3n de las v\u00edctimas de los delitos.","publisher":{"@id":"https:\/\/www.fiscalia.gov.co\/colombia\/#organization"},"potentialAction":[{"@type":"SearchAction","target":{"@type":"EntryPoint","urlTemplate":"https:\/\/www.fiscalia.gov.co\/colombia\/?s={search_term_string}"},"query-input":{"@type":"PropertyValueSpecification","valueRequired":true,"valueName":"search_term_string"}}],"inLanguage":"es-CO"},{"@type":"Organization","@id":"https:\/\/www.fiscalia.gov.co\/colombia\/#organization","name":"Fiscal\u00eda General de la Naci\u00f3n","url":"https:\/\/www.fiscalia.gov.co\/colombia\/","logo":{"@type":"ImageObject","inLanguage":"es-CO","@id":"https:\/\/www.fiscalia.gov.co\/colombia\/#\/schema\/logo\/image\/","url":"https:\/\/www.fiscalia.gov.co\/colombia\/wp-content\/uploads\/LogoHorizontal_1.jpg","contentUrl":"https:\/\/www.fiscalia.gov.co\/colombia\/wp-content\/uploads\/LogoHorizontal_1.jpg","width":300,"height":90,"caption":"Fiscal\u00eda General de la Naci\u00f3n"},"image":{"@id":"https:\/\/www.fiscalia.gov.co\/colombia\/#\/schema\/logo\/image\/"},"sameAs":["https:\/\/www.facebook.com\/FiscaliaCol","https:\/\/x.com\/FiscaliaCol","https:\/\/www.instagram.com\/fiscaliacol","https:\/\/www.linkedin.com\/company\/fiscalia-general-de-la-naci-n\/","https:\/\/youtube.com\/@fiscaliageneraldelanacion-4668?si=6nN79nyQICPU5iTh"]},{"@type":"Person","@id":"https:\/\/www.fiscalia.gov.co\/colombia\/#\/schema\/person\/bf84402cf293a5393e9c70b111020b24","name":"Jordan Leandro Oviedo Anzola","image":{"@type":"ImageObject","inLanguage":"es-CO","@id":"https:\/\/www.fiscalia.gov.co\/colombia\/#\/schema\/person\/image\/","url":"https:\/\/secure.gravatar.com\/avatar\/dabba4346fa9b9207d96adafa8f92721?s=96&d=mm&r=g","contentUrl":"https:\/\/secure.gravatar.com\/avatar\/dabba4346fa9b9207d96adafa8f92721?s=96&d=mm&r=g","caption":"Jordan Leandro Oviedo Anzola"},"url":"https:\/\/www.fiscalia.gov.co\/colombia\/author\/joviedo\/"}]}},"_links":{"self":[{"href":"https:\/\/www.fiscalia.gov.co\/colombia\/wp-json\/wp\/v2\/posts\/263631","targetHints":{"allow":["GET"]}}],"collection":[{"href":"https:\/\/www.fiscalia.gov.co\/colombia\/wp-json\/wp\/v2\/posts"}],"about":[{"href":"https:\/\/www.fiscalia.gov.co\/colombia\/wp-json\/wp\/v2\/types\/post"}],"author":[{"embeddable":true,"href":"https:\/\/www.fiscalia.gov.co\/colombia\/wp-json\/wp\/v2\/users\/177"}],"replies":[{"embeddable":true,"href":"https:\/\/www.fiscalia.gov.co\/colombia\/wp-json\/wp\/v2\/comments?post=263631"}],"version-history":[{"count":2,"href":"https:\/\/www.fiscalia.gov.co\/colombia\/wp-json\/wp\/v2\/posts\/263631\/revisions"}],"predecessor-version":[{"id":263963,"href":"https:\/\/www.fiscalia.gov.co\/colombia\/wp-json\/wp\/v2\/posts\/263631\/revisions\/263963"}],"wp:attachment":[{"href":"https:\/\/www.fiscalia.gov.co\/colombia\/wp-json\/wp\/v2\/media?parent=263631"}],"wp:term":[{"taxonomy":"category","embeddable":true,"href":"https:\/\/www.fiscalia.gov.co\/colombia\/wp-json\/wp\/v2\/categories?post=263631"},{"taxonomy":"post_tag","embeddable":true,"href":"https:\/\/www.fiscalia.gov.co\/colombia\/wp-json\/wp\/v2\/tags?post=263631"}],"curies":[{"name":"wp","href":"https:\/\/api.w.org\/{rel}","templated":true}]}}