{"id":263591,"date":"2022-12-29T08:01:30","date_gmt":"2022-12-29T13:01:30","guid":{"rendered":"https:\/\/www.fiscalia.gov.co\/colombia\/?p=263591"},"modified":"2022-12-29T08:01:30","modified_gmt":"2022-12-29T13:01:30","slug":"fiscal-general-de-la-nacion-califica-de-repudiable-la-participacion-de-una-patrullera-en-una-red-de-trata-de-personas-con-fines-de-explotacion-sexual-en-cartagena","status":"publish","type":"post","link":"https:\/\/www.fiscalia.gov.co\/colombia\/noticias\/fiscal-general-de-la-nacion-califica-de-repudiable-la-participacion-de-una-patrullera-en-una-red-de-trata-de-personas-con-fines-de-explotacion-sexual-en-cartagena\/","title":{"rendered":"Fiscal General de la Naci\u00f3n califica de \u2018repudiable\u2019 la participaci\u00f3n de una patrullera en una red de trata de personas con fines de explotaci\u00f3n sexual en Cartagena"},"content":{"rendered":"<h4><strong><em>Resalt\u00f3 el trabajo investigativo que permiti\u00f3 identificar y judicializar a otra mujer que ser\u00eda la cabecilla de la organizaci\u00f3n.<\/em><\/strong><\/h4>\n<p>Durante una jornada de trabajo en Barranquilla (Atl\u00e1ntico), el Fiscal General de la Naci\u00f3n, Francisco Barbosa Delgado, destac\u00f3 las acciones investigativas y judiciales que realiza la entidad para impactar a las redes de trata de personas con fines de explotaci\u00f3n sexual, que delinquen en diferentes zonas tur\u00edsticas del pa\u00eds.<\/p>\n<p><img loading=\"lazy\" decoding=\"async\" class=\"aligncenter size-full wp-image-263592\" src=\"https:\/\/www.fiscalia.gov.co\/colombia\/wp-content\/uploads\/WhatsApp-Image-2022-12-28-at-8.19.50-PM.jpeg\" alt=\"\" width=\"574\" height=\"720\" srcset=\"https:\/\/www.fiscalia.gov.co\/colombia\/wp-content\/uploads\/WhatsApp-Image-2022-12-28-at-8.19.50-PM.jpeg 574w, https:\/\/www.fiscalia.gov.co\/colombia\/wp-content\/uploads\/WhatsApp-Image-2022-12-28-at-8.19.50-PM-239x300.jpeg 239w, https:\/\/www.fiscalia.gov.co\/colombia\/wp-content\/uploads\/WhatsApp-Image-2022-12-28-at-8.19.50-PM-335x420.jpeg 335w\" sizes=\"auto, (max-width: 574px) 100vw, 574px\" \/><\/p>\n<p>En ese sentido, resalt\u00f3 el resultado obtenido con la judicializaci\u00f3n de Berta Ram\u00edrez Torres y la patrullera de la Polic\u00eda Nacional Daniela Echeverry G\u00f3mez, quienes har\u00edan parte de una estructura delictiva que captaba mujeres en condici\u00f3n de vulnerabilidad y las induc\u00eda a ofrecer servicios sexuales en el sector de la Torre del Reloj y otros sitios del Centro Hist\u00f3rico de Cartagena.<\/p>\n<p>\u201cEs repudiable que funcionarios p\u00fablicos y una mujer polic\u00eda (\u2026) \u00a0est\u00e9 involucrada en este tipo de hechos deleznables, que atentan contra los j\u00f3venes y los ni\u00f1os en esa ciudad del pa\u00eds. (\u2026) Quiero decirles a los colombianos que seguimos como Fiscal\u00eda General de la Naci\u00f3n, no solamente destapando estas organizaciones criminales, sino que tambi\u00e9n vamos a exponer a todos aquellos criminales que est\u00e1n detr\u00e1s de esto y m\u00e1s a\u00fan mujeres polic\u00edas, como en este caso, que estuvieron involucradas en este hecho repudiable\u201d, se\u00f1al\u00f3 el Fiscal General de la Naci\u00f3n.<\/p>\n<p>El material probatorio obtenido por el Grupo de Trabajo Nacional de Violencia de G\u00e9nero de la Fiscal\u00eda, a trav\u00e9s de agentes encubiertos, interceptaci\u00f3n de l\u00edneas telef\u00f3nicas y registros de c\u00e1maras de seguridad, entre otros, indica que Ram\u00edrez Torres ser\u00eda la principal articuladora de la red ilegal. Al parecer, con una fachada de vendedora de paquetes tur\u00edsticos entregaba a los visitantes de la Ciudad Amurallada un cat\u00e1logo de mujeres que cumpl\u00edan diversos actos sexuales.<\/p>\n<p>De otra parte, la patrullera Daniela Echeverry G\u00f3mez habr\u00eda captado a integrantes de su misma instituci\u00f3n para que ejercieran actividades de tipo sexual.<\/p>\n<p>Por estos hechos, las dos mujeres recibieron medida de aseguramiento privativa de la libertad en centro carcelario por los delitos de trata de personas e inducci\u00f3n a la prostituci\u00f3n.<\/p>\n<p>Durante el procedimiento de captura de Berta Ram\u00edrez Torres, realizado en Cartagena (Bol\u00edvar), fueron recuperadas una menor de edad y dos mujeres de nacionalidad venezolana.<\/p>\n<p><strong>La Fiscal\u00eda habla con resultados.<\/strong><\/p>\n<p>&nbsp;<\/p>\n<p>&nbsp;<\/p>\n<p>&nbsp;<\/p>\n<p>&nbsp;<\/p>\n<p>&nbsp;<\/p>\n<p>&nbsp;<\/p>\n<p>AMCJ\/JARG\/MRC\/LFOG\/DST\/<\/p>\n<p>&nbsp;<\/p>\n<p><strong>\u00a0<\/strong><\/p>\n<p><strong>\u00a0<\/strong><\/p>\n<p><strong>\u00a0<\/strong><\/p>\n<div class=\"td-post-content tagdiv-type\">\n<div class=\"td-post-content tagdiv-type\">\n<p><em>La informaci\u00f3n contenida en este bolet\u00edn de prensa corresponde a la narraci\u00f3n de los hechos noticiosos objetivos, suministrados por los funcionarios encargados de adelantar las investigaciones penales al interior de la Fiscal\u00eda General de la Naci\u00f3n. Para el momento de la divulgaci\u00f3n de este comunicado, la situaci\u00f3n jur\u00eddica de la(s) persona(s) relacionada(s) se encuentra pendiente de resolver por la autoridad judicial competente, siempre bajo los preceptos de la presunci\u00f3n de inocencia, consagrados en el art\u00edculo 29 de la Constituci\u00f3n Pol\u00edtica y el art\u00edculo 7\u00ba de la Ley 906 de 2004.<\/em><\/p>\n<\/div>\n<\/div>\n\n<div class=\"twitter-share\"><a href=\"https:\/\/twitter.com\/intent\/tweet?via=fiscaliacol\" class=\"twitter-share-button\">Tweet<\/a><\/div>\n","protected":false},"excerpt":{"rendered":"<p>Resalt\u00f3 el trabajo investigativo que permiti\u00f3 identificar y judicializar a otra mujer que ser\u00eda la cabecilla de la organizaci\u00f3n. Durante una jornada de trabajo en Barranquilla (Atl\u00e1ntico), el Fiscal General [&hellip;]<\/p>\n","protected":false},"author":177,"featured_media":263594,"comment_status":"closed","ping_status":"open","sticky":false,"template":"","format":"video","meta":{"tdm_status":"","tdm_grid_status":"","footnotes":""},"categories":[25128,24096,1,24127],"tags":[23982,23819,567,24185,1047,10862,23972,33628],"class_list":["post-263591","post","type-post","status-publish","format-video","has-post-thumbnail","category-el-fiscal-en-los-territorios","category-fiscal-general-de-la-nacion","category-noticias","category-violencia-sexual-e-intrafamiliar","tag-barranquilla-atlantico","tag-cartagena","tag-explotacion-sexual","tag-fiscal-barbosa","tag-fiscalia-general-de-la-nacion","tag-patrullera","tag-policia","tag-trata-de-blancas","post_format-post-format-video"],"yoast_head":"<!-- This site is optimized with the Yoast SEO plugin v24.3 - https:\/\/yoast.com\/wordpress\/plugins\/seo\/ -->\n<title>Fiscal\u00eda General de la Naci\u00f3n<\/title>\n<meta name=\"description\" content=\"P\u00e1gina oficial de la Fiscal\u00eda General de la Naci\u00f3n \u2013 Colombia. Garantizamos el acceso efectivo a la justicia, la verdad y la reparaci\u00f3n de las v\u00edctimas de los delitos.\" \/>\n<meta name=\"robots\" content=\"noindex, follow\" \/>\n<meta property=\"og:locale\" content=\"es_ES\" \/>\n<meta property=\"og:type\" content=\"article\" \/>\n<meta property=\"og:title\" content=\"Fiscal\u00eda General de la Naci\u00f3n\" \/>\n<meta property=\"og:description\" content=\"P\u00e1gina oficial de la Fiscal\u00eda General de la Naci\u00f3n \u2013 Colombia. Garantizamos el acceso efectivo a la justicia, la verdad y la reparaci\u00f3n de las v\u00edctimas de los delitos.\" \/>\n<meta property=\"og:url\" content=\"https:\/\/www.fiscalia.gov.co\/colombia\/noticias\/fiscal-general-de-la-nacion-califica-de-repudiable-la-participacion-de-una-patrullera-en-una-red-de-trata-de-personas-con-fines-de-explotacion-sexual-en-cartagena\/\" \/>\n<meta property=\"og:site_name\" content=\"Fiscal\u00eda General de la Naci\u00f3n\" \/>\n<meta property=\"article:publisher\" content=\"https:\/\/www.facebook.com\/FiscaliaCol\" \/>\n<meta property=\"article:published_time\" content=\"2022-12-29T13:01:30+00:00\" \/>\n<meta property=\"og:image\" content=\"https:\/\/www.fiscalia.gov.co\/colombia\/wp-content\/uploads\/maxresdefault-831.jpg\" \/>\n\t<meta property=\"og:image:width\" content=\"1280\" \/>\n\t<meta property=\"og:image:height\" content=\"720\" \/>\n\t<meta property=\"og:image:type\" content=\"image\/jpeg\" \/>\n<meta name=\"author\" content=\"Jordan Leandro Oviedo Anzola\" \/>\n<meta name=\"twitter:card\" content=\"summary_large_image\" \/>\n<meta name=\"twitter:creator\" content=\"@FiscaliaCol\" \/>\n<meta name=\"twitter:site\" content=\"@FiscaliaCol\" \/>\n<meta name=\"twitter:label1\" content=\"Escrito por\" \/>\n\t<meta name=\"twitter:data1\" content=\"Jordan Leandro Oviedo Anzola\" \/>\n\t<meta name=\"twitter:label2\" content=\"Tiempo de lectura\" \/>\n\t<meta name=\"twitter:data2\" content=\"3 minutos\" \/>\n<script type=\"application\/ld+json\" class=\"yoast-schema-graph\">{\"@context\":\"https:\/\/schema.org\",\"@graph\":[{\"@type\":\"Article\",\"@id\":\"https:\/\/www.fiscalia.gov.co\/colombia\/noticias\/fiscal-general-de-la-nacion-califica-de-repudiable-la-participacion-de-una-patrullera-en-una-red-de-trata-de-personas-con-fines-de-explotacion-sexual-en-cartagena\/#article\",\"isPartOf\":{\"@id\":\"https:\/\/www.fiscalia.gov.co\/colombia\/noticias\/fiscal-general-de-la-nacion-califica-de-repudiable-la-participacion-de-una-patrullera-en-una-red-de-trata-de-personas-con-fines-de-explotacion-sexual-en-cartagena\/\"},\"author\":{\"name\":\"Jordan Leandro Oviedo Anzola\",\"@id\":\"https:\/\/www.fiscalia.gov.co\/colombia\/#\/schema\/person\/bf84402cf293a5393e9c70b111020b24\"},\"headline\":\"Fiscal General de la Naci\u00f3n califica de \u2018repudiable\u2019 la participaci\u00f3n de una patrullera en una red de trata de personas con fines de explotaci\u00f3n sexual en Cartagena\",\"datePublished\":\"2022-12-29T13:01:30+00:00\",\"dateModified\":\"2022-12-29T13:01:30+00:00\",\"mainEntityOfPage\":{\"@id\":\"https:\/\/www.fiscalia.gov.co\/colombia\/noticias\/fiscal-general-de-la-nacion-califica-de-repudiable-la-participacion-de-una-patrullera-en-una-red-de-trata-de-personas-con-fines-de-explotacion-sexual-en-cartagena\/\"},\"wordCount\":565,\"publisher\":{\"@id\":\"https:\/\/www.fiscalia.gov.co\/colombia\/#organization\"},\"image\":{\"@id\":\"https:\/\/www.fiscalia.gov.co\/colombia\/noticias\/fiscal-general-de-la-nacion-califica-de-repudiable-la-participacion-de-una-patrullera-en-una-red-de-trata-de-personas-con-fines-de-explotacion-sexual-en-cartagena\/#primaryimage\"},\"thumbnailUrl\":\"https:\/\/www.fiscalia.gov.co\/colombia\/wp-content\/uploads\/maxresdefault-831.jpg\",\"keywords\":[\"Barranquilla (Atl\u00e1ntico)\",\"Cartagena\",\"Explotaci\u00f3n sexual\",\"Fiscal Barbosa\",\"Fiscal\u00eda General de la Naci\u00f3n\",\"Patrullera\",\"Polic\u00eda\",\"trata de blancas\"],\"articleSection\":[\"El Fiscal en los territorios\",\"Fiscal General de la Naci\u00f3n\",\"Noticias\",\"Violencia sexual e intrafamiliar\"],\"inLanguage\":\"es-CO\"},{\"@type\":\"WebPage\",\"@id\":\"https:\/\/www.fiscalia.gov.co\/colombia\/noticias\/fiscal-general-de-la-nacion-califica-de-repudiable-la-participacion-de-una-patrullera-en-una-red-de-trata-de-personas-con-fines-de-explotacion-sexual-en-cartagena\/\",\"url\":\"https:\/\/www.fiscalia.gov.co\/colombia\/noticias\/fiscal-general-de-la-nacion-califica-de-repudiable-la-participacion-de-una-patrullera-en-una-red-de-trata-de-personas-con-fines-de-explotacion-sexual-en-cartagena\/\",\"name\":\"Fiscal\u00eda General de la Naci\u00f3n\",\"isPartOf\":{\"@id\":\"https:\/\/www.fiscalia.gov.co\/colombia\/#website\"},\"primaryImageOfPage\":{\"@id\":\"https:\/\/www.fiscalia.gov.co\/colombia\/noticias\/fiscal-general-de-la-nacion-califica-de-repudiable-la-participacion-de-una-patrullera-en-una-red-de-trata-de-personas-con-fines-de-explotacion-sexual-en-cartagena\/#primaryimage\"},\"image\":{\"@id\":\"https:\/\/www.fiscalia.gov.co\/colombia\/noticias\/fiscal-general-de-la-nacion-califica-de-repudiable-la-participacion-de-una-patrullera-en-una-red-de-trata-de-personas-con-fines-de-explotacion-sexual-en-cartagena\/#primaryimage\"},\"thumbnailUrl\":\"https:\/\/www.fiscalia.gov.co\/colombia\/wp-content\/uploads\/maxresdefault-831.jpg\",\"datePublished\":\"2022-12-29T13:01:30+00:00\",\"dateModified\":\"2022-12-29T13:01:30+00:00\",\"description\":\"P\u00e1gina oficial de la Fiscal\u00eda General de la Naci\u00f3n \u2013 Colombia. Garantizamos el acceso efectivo a la justicia, la verdad y la reparaci\u00f3n de las v\u00edctimas de los delitos.\",\"breadcrumb\":{\"@id\":\"https:\/\/www.fiscalia.gov.co\/colombia\/noticias\/fiscal-general-de-la-nacion-califica-de-repudiable-la-participacion-de-una-patrullera-en-una-red-de-trata-de-personas-con-fines-de-explotacion-sexual-en-cartagena\/#breadcrumb\"},\"inLanguage\":\"es-CO\",\"potentialAction\":[{\"@type\":\"ReadAction\",\"target\":[\"https:\/\/www.fiscalia.gov.co\/colombia\/noticias\/fiscal-general-de-la-nacion-califica-de-repudiable-la-participacion-de-una-patrullera-en-una-red-de-trata-de-personas-con-fines-de-explotacion-sexual-en-cartagena\/\"]}]},{\"@type\":\"ImageObject\",\"inLanguage\":\"es-CO\",\"@id\":\"https:\/\/www.fiscalia.gov.co\/colombia\/noticias\/fiscal-general-de-la-nacion-califica-de-repudiable-la-participacion-de-una-patrullera-en-una-red-de-trata-de-personas-con-fines-de-explotacion-sexual-en-cartagena\/#primaryimage\",\"url\":\"https:\/\/www.fiscalia.gov.co\/colombia\/wp-content\/uploads\/maxresdefault-831.jpg\",\"contentUrl\":\"https:\/\/www.fiscalia.gov.co\/colombia\/wp-content\/uploads\/maxresdefault-831.jpg\",\"width\":1280,\"height\":720},{\"@type\":\"BreadcrumbList\",\"@id\":\"https:\/\/www.fiscalia.gov.co\/colombia\/noticias\/fiscal-general-de-la-nacion-califica-de-repudiable-la-participacion-de-una-patrullera-en-una-red-de-trata-de-personas-con-fines-de-explotacion-sexual-en-cartagena\/#breadcrumb\",\"itemListElement\":[{\"@type\":\"ListItem\",\"position\":1,\"name\":\"Home\",\"item\":\"https:\/\/www.fiscalia.gov.co\/colombia\/\"},{\"@type\":\"ListItem\",\"position\":2,\"name\":\"Fiscal General de la Naci\u00f3n califica de \u2018repudiable\u2019 la participaci\u00f3n de una patrullera en una red de trata de personas con fines de explotaci\u00f3n sexual en Cartagena\"}]},{\"@type\":\"WebSite\",\"@id\":\"https:\/\/www.fiscalia.gov.co\/colombia\/#website\",\"url\":\"https:\/\/www.fiscalia.gov.co\/colombia\/\",\"name\":\"Fiscal\u00eda General de la Naci\u00f3n\",\"description\":\"P\u00e1gina oficial de la Fiscal\u00eda General de la Naci\u00f3n \u2013 Colombia. Garantizamos el acceso efectivo a la justicia, la verdad y la reparaci\u00f3n de las v\u00edctimas de los delitos.\",\"publisher\":{\"@id\":\"https:\/\/www.fiscalia.gov.co\/colombia\/#organization\"},\"potentialAction\":[{\"@type\":\"SearchAction\",\"target\":{\"@type\":\"EntryPoint\",\"urlTemplate\":\"https:\/\/www.fiscalia.gov.co\/colombia\/?s={search_term_string}\"},\"query-input\":{\"@type\":\"PropertyValueSpecification\",\"valueRequired\":true,\"valueName\":\"search_term_string\"}}],\"inLanguage\":\"es-CO\"},{\"@type\":\"Organization\",\"@id\":\"https:\/\/www.fiscalia.gov.co\/colombia\/#organization\",\"name\":\"Fiscal\u00eda General de la Naci\u00f3n\",\"url\":\"https:\/\/www.fiscalia.gov.co\/colombia\/\",\"logo\":{\"@type\":\"ImageObject\",\"inLanguage\":\"es-CO\",\"@id\":\"https:\/\/www.fiscalia.gov.co\/colombia\/#\/schema\/logo\/image\/\",\"url\":\"https:\/\/www.fiscalia.gov.co\/colombia\/wp-content\/uploads\/LogoHorizontal_1.jpg\",\"contentUrl\":\"https:\/\/www.fiscalia.gov.co\/colombia\/wp-content\/uploads\/LogoHorizontal_1.jpg\",\"width\":300,\"height\":90,\"caption\":\"Fiscal\u00eda General de la Naci\u00f3n\"},\"image\":{\"@id\":\"https:\/\/www.fiscalia.gov.co\/colombia\/#\/schema\/logo\/image\/\"},\"sameAs\":[\"https:\/\/www.facebook.com\/FiscaliaCol\",\"https:\/\/x.com\/FiscaliaCol\",\"https:\/\/www.instagram.com\/fiscaliacol\",\"https:\/\/www.linkedin.com\/company\/fiscalia-general-de-la-naci-n\/\",\"https:\/\/youtube.com\/@fiscaliageneraldelanacion-4668?si=6nN79nyQICPU5iTh\"]},{\"@type\":\"Person\",\"@id\":\"https:\/\/www.fiscalia.gov.co\/colombia\/#\/schema\/person\/bf84402cf293a5393e9c70b111020b24\",\"name\":\"Jordan Leandro Oviedo Anzola\",\"image\":{\"@type\":\"ImageObject\",\"inLanguage\":\"es-CO\",\"@id\":\"https:\/\/www.fiscalia.gov.co\/colombia\/#\/schema\/person\/image\/\",\"url\":\"https:\/\/secure.gravatar.com\/avatar\/dabba4346fa9b9207d96adafa8f92721?s=96&d=mm&r=g\",\"contentUrl\":\"https:\/\/secure.gravatar.com\/avatar\/dabba4346fa9b9207d96adafa8f92721?s=96&d=mm&r=g\",\"caption\":\"Jordan Leandro Oviedo Anzola\"},\"url\":\"https:\/\/www.fiscalia.gov.co\/colombia\/author\/joviedo\/\"}]}<\/script>\n<!-- \/ Yoast SEO plugin. -->","yoast_head_json":{"title":"Fiscal\u00eda General de la Naci\u00f3n","description":"P\u00e1gina oficial de la Fiscal\u00eda General de la Naci\u00f3n \u2013 Colombia. Garantizamos el acceso efectivo a la justicia, la verdad y la reparaci\u00f3n de las v\u00edctimas de los delitos.","robots":{"index":"noindex","follow":"follow"},"og_locale":"es_ES","og_type":"article","og_title":"Fiscal\u00eda General de la Naci\u00f3n","og_description":"P\u00e1gina oficial de la Fiscal\u00eda General de la Naci\u00f3n \u2013 Colombia. Garantizamos el acceso efectivo a la justicia, la verdad y la reparaci\u00f3n de las v\u00edctimas de los delitos.","og_url":"https:\/\/www.fiscalia.gov.co\/colombia\/noticias\/fiscal-general-de-la-nacion-califica-de-repudiable-la-participacion-de-una-patrullera-en-una-red-de-trata-de-personas-con-fines-de-explotacion-sexual-en-cartagena\/","og_site_name":"Fiscal\u00eda General de la Naci\u00f3n","article_publisher":"https:\/\/www.facebook.com\/FiscaliaCol","article_published_time":"2022-12-29T13:01:30+00:00","og_image":[{"width":1280,"height":720,"url":"https:\/\/www.fiscalia.gov.co\/colombia\/wp-content\/uploads\/maxresdefault-831.jpg","type":"image\/jpeg"}],"author":"Jordan Leandro Oviedo Anzola","twitter_card":"summary_large_image","twitter_creator":"@FiscaliaCol","twitter_site":"@FiscaliaCol","twitter_misc":{"Escrito por":"Jordan Leandro Oviedo Anzola","Tiempo de lectura":"3 minutos"},"schema":{"@context":"https:\/\/schema.org","@graph":[{"@type":"Article","@id":"https:\/\/www.fiscalia.gov.co\/colombia\/noticias\/fiscal-general-de-la-nacion-califica-de-repudiable-la-participacion-de-una-patrullera-en-una-red-de-trata-de-personas-con-fines-de-explotacion-sexual-en-cartagena\/#article","isPartOf":{"@id":"https:\/\/www.fiscalia.gov.co\/colombia\/noticias\/fiscal-general-de-la-nacion-califica-de-repudiable-la-participacion-de-una-patrullera-en-una-red-de-trata-de-personas-con-fines-de-explotacion-sexual-en-cartagena\/"},"author":{"name":"Jordan Leandro Oviedo Anzola","@id":"https:\/\/www.fiscalia.gov.co\/colombia\/#\/schema\/person\/bf84402cf293a5393e9c70b111020b24"},"headline":"Fiscal General de la Naci\u00f3n califica de \u2018repudiable\u2019 la participaci\u00f3n de una patrullera en una red de trata de personas con fines de explotaci\u00f3n sexual en Cartagena","datePublished":"2022-12-29T13:01:30+00:00","dateModified":"2022-12-29T13:01:30+00:00","mainEntityOfPage":{"@id":"https:\/\/www.fiscalia.gov.co\/colombia\/noticias\/fiscal-general-de-la-nacion-califica-de-repudiable-la-participacion-de-una-patrullera-en-una-red-de-trata-de-personas-con-fines-de-explotacion-sexual-en-cartagena\/"},"wordCount":565,"publisher":{"@id":"https:\/\/www.fiscalia.gov.co\/colombia\/#organization"},"image":{"@id":"https:\/\/www.fiscalia.gov.co\/colombia\/noticias\/fiscal-general-de-la-nacion-califica-de-repudiable-la-participacion-de-una-patrullera-en-una-red-de-trata-de-personas-con-fines-de-explotacion-sexual-en-cartagena\/#primaryimage"},"thumbnailUrl":"https:\/\/www.fiscalia.gov.co\/colombia\/wp-content\/uploads\/maxresdefault-831.jpg","keywords":["Barranquilla (Atl\u00e1ntico)","Cartagena","Explotaci\u00f3n sexual","Fiscal Barbosa","Fiscal\u00eda General de la Naci\u00f3n","Patrullera","Polic\u00eda","trata de blancas"],"articleSection":["El Fiscal en los territorios","Fiscal General de la Naci\u00f3n","Noticias","Violencia sexual e intrafamiliar"],"inLanguage":"es-CO"},{"@type":"WebPage","@id":"https:\/\/www.fiscalia.gov.co\/colombia\/noticias\/fiscal-general-de-la-nacion-califica-de-repudiable-la-participacion-de-una-patrullera-en-una-red-de-trata-de-personas-con-fines-de-explotacion-sexual-en-cartagena\/","url":"https:\/\/www.fiscalia.gov.co\/colombia\/noticias\/fiscal-general-de-la-nacion-califica-de-repudiable-la-participacion-de-una-patrullera-en-una-red-de-trata-de-personas-con-fines-de-explotacion-sexual-en-cartagena\/","name":"Fiscal\u00eda General de la Naci\u00f3n","isPartOf":{"@id":"https:\/\/www.fiscalia.gov.co\/colombia\/#website"},"primaryImageOfPage":{"@id":"https:\/\/www.fiscalia.gov.co\/colombia\/noticias\/fiscal-general-de-la-nacion-califica-de-repudiable-la-participacion-de-una-patrullera-en-una-red-de-trata-de-personas-con-fines-de-explotacion-sexual-en-cartagena\/#primaryimage"},"image":{"@id":"https:\/\/www.fiscalia.gov.co\/colombia\/noticias\/fiscal-general-de-la-nacion-califica-de-repudiable-la-participacion-de-una-patrullera-en-una-red-de-trata-de-personas-con-fines-de-explotacion-sexual-en-cartagena\/#primaryimage"},"thumbnailUrl":"https:\/\/www.fiscalia.gov.co\/colombia\/wp-content\/uploads\/maxresdefault-831.jpg","datePublished":"2022-12-29T13:01:30+00:00","dateModified":"2022-12-29T13:01:30+00:00","description":"P\u00e1gina oficial de la Fiscal\u00eda General de la Naci\u00f3n \u2013 Colombia. Garantizamos el acceso efectivo a la justicia, la verdad y la reparaci\u00f3n de las v\u00edctimas de los delitos.","breadcrumb":{"@id":"https:\/\/www.fiscalia.gov.co\/colombia\/noticias\/fiscal-general-de-la-nacion-califica-de-repudiable-la-participacion-de-una-patrullera-en-una-red-de-trata-de-personas-con-fines-de-explotacion-sexual-en-cartagena\/#breadcrumb"},"inLanguage":"es-CO","potentialAction":[{"@type":"ReadAction","target":["https:\/\/www.fiscalia.gov.co\/colombia\/noticias\/fiscal-general-de-la-nacion-califica-de-repudiable-la-participacion-de-una-patrullera-en-una-red-de-trata-de-personas-con-fines-de-explotacion-sexual-en-cartagena\/"]}]},{"@type":"ImageObject","inLanguage":"es-CO","@id":"https:\/\/www.fiscalia.gov.co\/colombia\/noticias\/fiscal-general-de-la-nacion-califica-de-repudiable-la-participacion-de-una-patrullera-en-una-red-de-trata-de-personas-con-fines-de-explotacion-sexual-en-cartagena\/#primaryimage","url":"https:\/\/www.fiscalia.gov.co\/colombia\/wp-content\/uploads\/maxresdefault-831.jpg","contentUrl":"https:\/\/www.fiscalia.gov.co\/colombia\/wp-content\/uploads\/maxresdefault-831.jpg","width":1280,"height":720},{"@type":"BreadcrumbList","@id":"https:\/\/www.fiscalia.gov.co\/colombia\/noticias\/fiscal-general-de-la-nacion-califica-de-repudiable-la-participacion-de-una-patrullera-en-una-red-de-trata-de-personas-con-fines-de-explotacion-sexual-en-cartagena\/#breadcrumb","itemListElement":[{"@type":"ListItem","position":1,"name":"Home","item":"https:\/\/www.fiscalia.gov.co\/colombia\/"},{"@type":"ListItem","position":2,"name":"Fiscal General de la Naci\u00f3n califica de \u2018repudiable\u2019 la participaci\u00f3n de una patrullera en una red de trata de personas con fines de explotaci\u00f3n sexual en Cartagena"}]},{"@type":"WebSite","@id":"https:\/\/www.fiscalia.gov.co\/colombia\/#website","url":"https:\/\/www.fiscalia.gov.co\/colombia\/","name":"Fiscal\u00eda General de la Naci\u00f3n","description":"P\u00e1gina oficial de la Fiscal\u00eda General de la Naci\u00f3n \u2013 Colombia. Garantizamos el acceso efectivo a la justicia, la verdad y la reparaci\u00f3n de las v\u00edctimas de los delitos.","publisher":{"@id":"https:\/\/www.fiscalia.gov.co\/colombia\/#organization"},"potentialAction":[{"@type":"SearchAction","target":{"@type":"EntryPoint","urlTemplate":"https:\/\/www.fiscalia.gov.co\/colombia\/?s={search_term_string}"},"query-input":{"@type":"PropertyValueSpecification","valueRequired":true,"valueName":"search_term_string"}}],"inLanguage":"es-CO"},{"@type":"Organization","@id":"https:\/\/www.fiscalia.gov.co\/colombia\/#organization","name":"Fiscal\u00eda General de la Naci\u00f3n","url":"https:\/\/www.fiscalia.gov.co\/colombia\/","logo":{"@type":"ImageObject","inLanguage":"es-CO","@id":"https:\/\/www.fiscalia.gov.co\/colombia\/#\/schema\/logo\/image\/","url":"https:\/\/www.fiscalia.gov.co\/colombia\/wp-content\/uploads\/LogoHorizontal_1.jpg","contentUrl":"https:\/\/www.fiscalia.gov.co\/colombia\/wp-content\/uploads\/LogoHorizontal_1.jpg","width":300,"height":90,"caption":"Fiscal\u00eda General de la Naci\u00f3n"},"image":{"@id":"https:\/\/www.fiscalia.gov.co\/colombia\/#\/schema\/logo\/image\/"},"sameAs":["https:\/\/www.facebook.com\/FiscaliaCol","https:\/\/x.com\/FiscaliaCol","https:\/\/www.instagram.com\/fiscaliacol","https:\/\/www.linkedin.com\/company\/fiscalia-general-de-la-naci-n\/","https:\/\/youtube.com\/@fiscaliageneraldelanacion-4668?si=6nN79nyQICPU5iTh"]},{"@type":"Person","@id":"https:\/\/www.fiscalia.gov.co\/colombia\/#\/schema\/person\/bf84402cf293a5393e9c70b111020b24","name":"Jordan Leandro Oviedo Anzola","image":{"@type":"ImageObject","inLanguage":"es-CO","@id":"https:\/\/www.fiscalia.gov.co\/colombia\/#\/schema\/person\/image\/","url":"https:\/\/secure.gravatar.com\/avatar\/dabba4346fa9b9207d96adafa8f92721?s=96&d=mm&r=g","contentUrl":"https:\/\/secure.gravatar.com\/avatar\/dabba4346fa9b9207d96adafa8f92721?s=96&d=mm&r=g","caption":"Jordan Leandro Oviedo Anzola"},"url":"https:\/\/www.fiscalia.gov.co\/colombia\/author\/joviedo\/"}]}},"_links":{"self":[{"href":"https:\/\/www.fiscalia.gov.co\/colombia\/wp-json\/wp\/v2\/posts\/263591","targetHints":{"allow":["GET"]}}],"collection":[{"href":"https:\/\/www.fiscalia.gov.co\/colombia\/wp-json\/wp\/v2\/posts"}],"about":[{"href":"https:\/\/www.fiscalia.gov.co\/colombia\/wp-json\/wp\/v2\/types\/post"}],"author":[{"embeddable":true,"href":"https:\/\/www.fiscalia.gov.co\/colombia\/wp-json\/wp\/v2\/users\/177"}],"replies":[{"embeddable":true,"href":"https:\/\/www.fiscalia.gov.co\/colombia\/wp-json\/wp\/v2\/comments?post=263591"}],"version-history":[{"count":2,"href":"https:\/\/www.fiscalia.gov.co\/colombia\/wp-json\/wp\/v2\/posts\/263591\/revisions"}],"predecessor-version":[{"id":263596,"href":"https:\/\/www.fiscalia.gov.co\/colombia\/wp-json\/wp\/v2\/posts\/263591\/revisions\/263596"}],"wp:featuredmedia":[{"embeddable":true,"href":"https:\/\/www.fiscalia.gov.co\/colombia\/wp-json\/wp\/v2\/media\/263594"}],"wp:attachment":[{"href":"https:\/\/www.fiscalia.gov.co\/colombia\/wp-json\/wp\/v2\/media?parent=263591"}],"wp:term":[{"taxonomy":"category","embeddable":true,"href":"https:\/\/www.fiscalia.gov.co\/colombia\/wp-json\/wp\/v2\/categories?post=263591"},{"taxonomy":"post_tag","embeddable":true,"href":"https:\/\/www.fiscalia.gov.co\/colombia\/wp-json\/wp\/v2\/tags?post=263591"}],"curies":[{"name":"wp","href":"https:\/\/api.w.org\/{rel}","templated":true}]}}