{"id":263520,"date":"2022-12-27T10:45:04","date_gmt":"2022-12-27T15:45:04","guid":{"rendered":"https:\/\/www.fiscalia.gov.co\/colombia\/?p=263520"},"modified":"2022-12-27T10:45:31","modified_gmt":"2022-12-27T15:45:31","slug":"fiscalia-entrego-balance-de-4-homicidios-resueltos-en-la-ultima-semana-en-el-valle-de-aburra-y-de-dos-operativos-por-extorsion","status":"publish","type":"post","link":"https:\/\/www.fiscalia.gov.co\/colombia\/noticias\/fiscalia-entrego-balance-de-4-homicidios-resueltos-en-la-ultima-semana-en-el-valle-de-aburra-y-de-dos-operativos-por-extorsion\/","title":{"rendered":"Fiscal\u00eda entreg\u00f3 balance de 4 homicidios resueltos en  la \u00faltima semana en el Valle de Aburr\u00e1 y de dos  operativos por extorsi\u00f3n"},"content":{"rendered":"<p>La Fiscal\u00eda General de la Naci\u00f3n entreg\u00f3 detalles sobre judicializaciones por homicidios resueltos durante esta \u00faltima semana, en los que resultaron muertas 5 personas y una m\u00e1s herida. As\u00ed como de los operativos realizados contra el desplazamiento, el secuestro y la extorsi\u00f3n efectuados este mes por servidores del Gaula Medell\u00edn en el municipio de Barbosa, norte del Valle de Aburr\u00e1 y el barrio Castilla de Medell\u00edn.<\/p>\n<p>El primer caso por homicidio\u00a0\u00a0ocurri\u00f3 en el municipio de Sabaneta, en el que result\u00f3 muerta una mujer de 57 a\u00f1os y lesionado su esposo.<\/p>\n<p>Por estos hechos la Fiscal\u00eda General de la Naci\u00f3n obtuvo medida de aseguramiento en centro carcelario en contra de Jorge Eduardo Charlot, como presunto responsable de homicidio agravado, tentativa de homicidio agravado, porte ilegal de armas de fuego y tentativa de hurto calificado.<\/p>\n<p>Seg\u00fan la investigaci\u00f3n adelantada por un fiscal del Grupo de Alertas Tempranas de la URI, el procesado, de 52 a\u00f1os, habr\u00eda participado en el homicidio durante un intento de fleteo ocurrido el 28 de septiembre de este a\u00f1o, en el mencionado municipio.\u00a0De acuerdo con las labores de polic\u00eda judicial, la mujer fue baleada despu\u00e9s de retirar una considerable suma de dinero en una entidad bancaria.\u00a0En los mismos hechos result\u00f3 lesionado el esposo de la mujer.<\/p>\n<p>El investigado fue capturado por servidores de la Polic\u00eda Nacional y no se allan\u00f3 a los cargos imputados.<\/p>\n<p><strong>HOMBRES EMBOLSADOS EN EL BARRIO ROBLEDO\u00a0<\/strong><\/p>\n<p>Por solicitud de la Fiscal\u00eda General de la Naci\u00f3n fue cobijado con medida de aseguramiento en centro carcelario Juan Manuel Cer\u00f3n Casta\u00f1o, alias Juanito, como presunto responsable de hurtar un taxi y dejar en su interior dos cuerpos sin vida\u00a0en el barrio Santa Fe, de Medell\u00edn. Los cuerpos estaban envueltos en costales, atados de pies y manos y con heridas por arma de fuego.<\/p>\n<p>La noche anterior el carro de servicio p\u00fablico\u00a0hab\u00eda sido reportado como hurtado en el sector Fuente Clara de la Comuna Robledo de la capital antioque\u00f1a. Al parecer, el taxista\u00a0\u00a0habr\u00eda sido retenido en contra de su voluntad por varias horas.<\/p>\n<p>El 29 de noviembre, las v\u00edctimas se habr\u00edan\u00a0\u00a0desplazado hasta el barrio Robledo a una reuni\u00f3n citada por un grupo delincuencial de esa zona.<\/p>\n<p>El procesado no acept\u00f3 los cargos imputados por un fiscal de Alertas Tempranas de Homicidios de Medell\u00edn, por\u00a0\u00a0los delitos de doble homicidio agravado, porte ilegal de armas de fuego, secuestro simple y hurto calificado y agravado.<\/p>\n<p><strong>DESMEMBRADA UNA MUJER \u00a0<\/strong><\/p>\n<p>V\u00edctor Hugo Monsalve Lopera fue cobijado con medida de aseguramiento en centro carcelario como presunto responsable del homicidio de una mujer en\u00a0hechos que ocurrieron el pasado 17 de diciembre en un inquilinato del barrio Buenos Aires de la ciudad de Medell\u00edn, donde fue encontrado su cuerpo desmembrado y empacado en bolsas.<\/p>\n<p>Por labores investigativas realizadas por servidores de del CTI y la SIJIN, el presunto agresor habr\u00eda atacado con elemento corto contundente a la mujer y luego de la muerte la habr\u00eda desmembrado.<\/p>\n<p>Monsalve Lopera, capturado en el municipio de Segovia (Antioquia), no acept\u00f3 los cargos imputados por el delito de homicidio agravado.<\/p>\n<p><strong>HOMICIDIO DE UN \u00a0VIGILANTE\u00a0\u00a0\u00a0<\/strong><\/p>\n<p>Un juez Penal Municipal impuso medida de aseguramiento en centro carcelario en contra de Ram\u00f3n Jes\u00fas Vargas Santos, como presunto responsable de hurto calificado y agravado y homicidio agravado.<\/p>\n<p>De acuerdo con el material probatorio recaudado por un fiscal de la Unidad de Vida de Medell\u00edn, el procesado, de nacionalidad venezolana, habr\u00eda participado en el homicidio de un vigilante ocurrido el 31 de marzo del presente a\u00f1o en un hotel del centro de\u00a0Medell\u00edn.<\/p>\n<p>Los investigadores establecieron que la v\u00edctima, de 28 a\u00f1os, al parecer fue citada con enga\u00f1os hasta el establecimiento donde fue asesinado y despojado de sus pertenencias.<\/p>\n<p>Vargas Santos fue capturado por la Polic\u00eda Nacional y no se allan\u00f3 a los cargos imputados.<\/p>\n<p><strong>OPERATIVOS ANTISECUESTRO Y ANTIEXTORSI\u00d3N\u00a0\u00a0<\/strong><\/p>\n<p>Uno de los operativos corresponde a una banda criminal que delinque en el barrio Castilla, noroccidente de Medell\u00edn. La Fiscal\u00eda obtuvo medida de aseguramiento en centro carcelario en contra de ocho de sus presuntos integrantes quienes ser\u00edan responsables de desplazar a tres familias y de extorsionar a un transportador de la misma zona.<\/p>\n<p>De acuerdo con la investigaci\u00f3n adelantada por un fiscal especializado de la Seccional Medell\u00edn, entre noviembre de 2019 y marzo de este a\u00f1o los presuntos delincuentes, bajo amenazas de muerte, las habr\u00edan obligado a abandonar sus viviendas.<\/p>\n<p>Una de las familias tuvo que salir de la zona porque, al parecer, denunciaron el secuestro de un menor de 16 a\u00f1os que habr\u00eda sido retenido y golpeado luego de ser se\u00f1alado de robarse un celular, el 11 de mayo de este a\u00f1o.<\/p>\n<p>Durante la captura de los investigados las autoridades lograron una incautaci\u00f3n de m\u00e1s de 4 kilos de marihuana, hecho por el cual fue imputado alias El Hechicero, quien deber\u00e1 responder por el delito de tr\u00e1fico de estupefacientes.<\/p>\n<p>Los dem\u00e1s investigados ser\u00e1n acusados por los delitos de concierto para delinquir agravado, secuestro simple agravado y desplazamiento forzado agravado en concurso homog\u00e9neo y sucesivo.<\/p>\n<p><strong>GOLPE A BANDA QUE DELINQUE EN EL NORTE DE ABURR\u00c0\u00a0<\/strong><\/p>\n<p>Por solicitud de la Fiscal\u00eda General de la Naci\u00f3n un Juez impuso medidas de aseguramiento privativas de la libertad en contra de dos mujeres y 9 hombres como presuntos integrantes del grupo criminal Los Chatas, que delinque en el municipio de Barbosa (Antioquia).<\/p>\n<p>Durante el operativo de allanamiento y registro realizado por la Polic\u00eda Nacional fueron incautados 2 armas de fuego, $6.110.000, 1.8 gramos de droga sint\u00e9tica y 8 tel\u00e9fonos celulares.<\/p>\n<p>Seg\u00fan la investigaci\u00f3n adelantada por un fiscal destacado ante el Gaula Medell\u00ecn, integrantes este grupo criminal ser\u00edan los responsables del desplazamiento de un n\u00facleo familiar y de una pareja del municipio de Barbosa (Antioquia)<\/p>\n<p>Las v\u00edctimas habr\u00edan sido a obligadas a abandonar\u00a0\u00a0el sector porque no depart\u00edan o laboraban en los locales comerciales de una de las integrantes de la estructura criminal.<\/p>\n<p>Los procesados no aceptaron los cargos imputados por la Fiscal\u00eda por los delitos de concierto para delinquir agravado, desplazamiento forzado, hurto calificado y agravado, tr\u00e1fico de estupefacientes y porte ilegal de armas de fuego<\/p>\n<p>&nbsp;<\/p>\n<p>&nbsp;<\/p>\n<p>&nbsp;<\/p>\n<p>&nbsp;<\/p>\n<p>&nbsp;<\/p>\n<p>NAMT\/CFG\/RMM\/DSMED\/<\/p>\n<p>&nbsp;<\/p>\n<p>&nbsp;<\/p>\n<p>&nbsp;<\/p>\n<p>&nbsp;<\/p>\n<p>&nbsp;<\/p>\n<p>&nbsp;<\/p>\n<div class=\"td-post-content tagdiv-type\">\n<div class=\"td-post-content tagdiv-type\">\n<div class=\"td-post-content tagdiv-type\">\n<div class=\"td-post-content tagdiv-type\">\n<div class=\"td-post-content tagdiv-type\">\n<div class=\"td-post-content tagdiv-type\">\n<div class=\"td-post-content tagdiv-type\">\n<div class=\"td-post-content tagdiv-type\">\n<div class=\"td-post-content tagdiv-type\">\n<div class=\"td-post-content tagdiv-type\">\n<div class=\"td-post-content tagdiv-type\">\n<div class=\"td-post-content tagdiv-type\">\n<div class=\"td-post-content tagdiv-type\">\n<div class=\"td-post-content tagdiv-type\">\n<div class=\"td-post-content tagdiv-type\">\n<div class=\"td-post-content tagdiv-type\">\n<div class=\"td-post-content tagdiv-type\">\n<div class=\"td-post-content tagdiv-type\">\n<div class=\"td-post-content tagdiv-type\">\n<div class=\"td-post-content tagdiv-type\">\n<div class=\"td-post-content tagdiv-type\">\n<p><em>La informaci\u00f3n contenida en este bolet\u00edn de prensa corresponde a la narraci\u00f3n de los hechos noticiosos objetivos, suministrados por los funcionarios encargados de adelantar las investigaciones penales al interior de la Fiscal\u00eda General de la Naci\u00f3n. Para el momento de la divulgaci\u00f3n de este comunicado, la situaci\u00f3n jur\u00eddica de la(s) persona(s) relacionada(s) se encuentra pendiente de resolver por la autoridad judicial competente, siempre bajo los preceptos de la presunci\u00f3n de inocencia, consagrados en el art\u00edculo 29 de la Constituci\u00f3n Pol\u00edtica y el art\u00edculo 7\u00ba de la Ley 906 de 2004.<\/em><\/p>\n<\/div>\n<\/div>\n<\/div>\n<\/div>\n<\/div>\n<\/div>\n<\/div>\n<\/div>\n<\/div>\n<\/div>\n<\/div>\n<\/div>\n<\/div>\n<\/div>\n<\/div>\n<\/div>\n<\/div>\n<\/div>\n<\/div>\n<\/div>\n<\/div>\n\n<div class=\"twitter-share\"><a href=\"https:\/\/twitter.com\/intent\/tweet?via=fiscaliacol\" class=\"twitter-share-button\">Tweet<\/a><\/div>\n","protected":false},"excerpt":{"rendered":"<p>La Fiscal\u00eda General de la Naci\u00f3n entreg\u00f3 detalles sobre judicializaciones por homicidios resueltos durante esta \u00faltima semana, en los que resultaron muertas 5 personas y una m\u00e1s herida. As\u00ed como [&hellip;]<\/p>\n","protected":false},"author":177,"featured_media":0,"comment_status":"closed","ping_status":"open","sticky":false,"template":"","format":"standard","meta":{"tdm_status":"","tdm_grid_status":"","footnotes":""},"categories":[1,318,331,303],"tags":[30755,25137,33618,24185,1047,33619,23985,31507],"class_list":["post-263520","post","type-post","status-publish","format-standard","category-noticias","category-seccional-antioquia","category-seccional-medellin","category-seccionales","tag-30755","tag-balance","tag-desmembrada-mujer-en-el-barrio-buenos-aires","tag-fiscal-barbosa","tag-fiscalia-general-de-la-nacion","tag-hallados-2-cuerpos-embolsados-en-el-barrio-robledo","tag-medellin-antioquia","tag-municipio-de-sabaneta"],"yoast_head":"<!-- This site is optimized with the Yoast SEO plugin v24.3 - https:\/\/yoast.com\/wordpress\/plugins\/seo\/ -->\n<title>Fiscal\u00eda General de la Naci\u00f3n<\/title>\n<meta name=\"description\" content=\"P\u00e1gina oficial de la Fiscal\u00eda General de la Naci\u00f3n \u2013 Colombia. Garantizamos el acceso efectivo a la justicia, la verdad y la reparaci\u00f3n de las v\u00edctimas de los delitos.\" \/>\n<meta name=\"robots\" content=\"noindex, follow\" \/>\n<meta property=\"og:locale\" content=\"es_ES\" \/>\n<meta property=\"og:type\" content=\"article\" \/>\n<meta property=\"og:title\" content=\"Fiscal\u00eda General de la Naci\u00f3n\" \/>\n<meta property=\"og:description\" content=\"P\u00e1gina oficial de la Fiscal\u00eda General de la Naci\u00f3n \u2013 Colombia. Garantizamos el acceso efectivo a la justicia, la verdad y la reparaci\u00f3n de las v\u00edctimas de los delitos.\" \/>\n<meta property=\"og:url\" content=\"https:\/\/www.fiscalia.gov.co\/colombia\/noticias\/fiscalia-entrego-balance-de-4-homicidios-resueltos-en-la-ultima-semana-en-el-valle-de-aburra-y-de-dos-operativos-por-extorsion\/\" \/>\n<meta property=\"og:site_name\" content=\"Fiscal\u00eda General de la Naci\u00f3n\" \/>\n<meta property=\"article:publisher\" content=\"https:\/\/www.facebook.com\/FiscaliaCol\" \/>\n<meta property=\"article:published_time\" content=\"2022-12-27T15:45:04+00:00\" \/>\n<meta property=\"article:modified_time\" content=\"2022-12-27T15:45:31+00:00\" \/>\n<meta name=\"author\" content=\"Jordan Leandro Oviedo Anzola\" \/>\n<meta name=\"twitter:card\" content=\"summary_large_image\" \/>\n<meta name=\"twitter:creator\" content=\"@FiscaliaCol\" \/>\n<meta name=\"twitter:site\" content=\"@FiscaliaCol\" \/>\n<meta name=\"twitter:label1\" content=\"Escrito por\" \/>\n\t<meta name=\"twitter:data1\" content=\"Jordan Leandro Oviedo Anzola\" \/>\n\t<meta name=\"twitter:label2\" content=\"Tiempo de lectura\" \/>\n\t<meta name=\"twitter:data2\" content=\"6 minutos\" \/>\n<script type=\"application\/ld+json\" class=\"yoast-schema-graph\">{\"@context\":\"https:\/\/schema.org\",\"@graph\":[{\"@type\":\"Article\",\"@id\":\"https:\/\/www.fiscalia.gov.co\/colombia\/noticias\/fiscalia-entrego-balance-de-4-homicidios-resueltos-en-la-ultima-semana-en-el-valle-de-aburra-y-de-dos-operativos-por-extorsion\/#article\",\"isPartOf\":{\"@id\":\"https:\/\/www.fiscalia.gov.co\/colombia\/noticias\/fiscalia-entrego-balance-de-4-homicidios-resueltos-en-la-ultima-semana-en-el-valle-de-aburra-y-de-dos-operativos-por-extorsion\/\"},\"author\":{\"name\":\"Jordan Leandro Oviedo Anzola\",\"@id\":\"https:\/\/www.fiscalia.gov.co\/colombia\/#\/schema\/person\/bf84402cf293a5393e9c70b111020b24\"},\"headline\":\"Fiscal\u00eda entreg\u00f3 balance de 4 homicidios resueltos en la \u00faltima semana en el Valle de Aburr\u00e1 y de dos operativos por extorsi\u00f3n\",\"datePublished\":\"2022-12-27T15:45:04+00:00\",\"dateModified\":\"2022-12-27T15:45:31+00:00\",\"mainEntityOfPage\":{\"@id\":\"https:\/\/www.fiscalia.gov.co\/colombia\/noticias\/fiscalia-entrego-balance-de-4-homicidios-resueltos-en-la-ultima-semana-en-el-valle-de-aburra-y-de-dos-operativos-por-extorsion\/\"},\"wordCount\":1205,\"publisher\":{\"@id\":\"https:\/\/www.fiscalia.gov.co\/colombia\/#organization\"},\"keywords\":[\"2022\",\"balance\",\"desmembrada mujer en el barrio Buenos Aires\",\"Fiscal Barbosa\",\"Fiscal\u00eda General de la Naci\u00f3n\",\"hallados 2 cuerpos embolsados en el barrio Robledo.\",\"Medell\u00edn (Antioquia)\",\"municipio de Sabaneta\"],\"articleSection\":[\"Noticias\",\"Seccional Antioquia\",\"Seccional Medell\u00edn\",\"Seccionales\"],\"inLanguage\":\"es-CO\"},{\"@type\":\"WebPage\",\"@id\":\"https:\/\/www.fiscalia.gov.co\/colombia\/noticias\/fiscalia-entrego-balance-de-4-homicidios-resueltos-en-la-ultima-semana-en-el-valle-de-aburra-y-de-dos-operativos-por-extorsion\/\",\"url\":\"https:\/\/www.fiscalia.gov.co\/colombia\/noticias\/fiscalia-entrego-balance-de-4-homicidios-resueltos-en-la-ultima-semana-en-el-valle-de-aburra-y-de-dos-operativos-por-extorsion\/\",\"name\":\"Fiscal\u00eda General de la Naci\u00f3n\",\"isPartOf\":{\"@id\":\"https:\/\/www.fiscalia.gov.co\/colombia\/#website\"},\"datePublished\":\"2022-12-27T15:45:04+00:00\",\"dateModified\":\"2022-12-27T15:45:31+00:00\",\"description\":\"P\u00e1gina oficial de la Fiscal\u00eda General de la Naci\u00f3n \u2013 Colombia. Garantizamos el acceso efectivo a la justicia, la verdad y la reparaci\u00f3n de las v\u00edctimas de los delitos.\",\"breadcrumb\":{\"@id\":\"https:\/\/www.fiscalia.gov.co\/colombia\/noticias\/fiscalia-entrego-balance-de-4-homicidios-resueltos-en-la-ultima-semana-en-el-valle-de-aburra-y-de-dos-operativos-por-extorsion\/#breadcrumb\"},\"inLanguage\":\"es-CO\",\"potentialAction\":[{\"@type\":\"ReadAction\",\"target\":[\"https:\/\/www.fiscalia.gov.co\/colombia\/noticias\/fiscalia-entrego-balance-de-4-homicidios-resueltos-en-la-ultima-semana-en-el-valle-de-aburra-y-de-dos-operativos-por-extorsion\/\"]}]},{\"@type\":\"BreadcrumbList\",\"@id\":\"https:\/\/www.fiscalia.gov.co\/colombia\/noticias\/fiscalia-entrego-balance-de-4-homicidios-resueltos-en-la-ultima-semana-en-el-valle-de-aburra-y-de-dos-operativos-por-extorsion\/#breadcrumb\",\"itemListElement\":[{\"@type\":\"ListItem\",\"position\":1,\"name\":\"Home\",\"item\":\"https:\/\/www.fiscalia.gov.co\/colombia\/\"},{\"@type\":\"ListItem\",\"position\":2,\"name\":\"Fiscal\u00eda entreg\u00f3 balance de 4 homicidios resueltos en la \u00faltima semana en el Valle de Aburr\u00e1 y de dos operativos por extorsi\u00f3n\"}]},{\"@type\":\"WebSite\",\"@id\":\"https:\/\/www.fiscalia.gov.co\/colombia\/#website\",\"url\":\"https:\/\/www.fiscalia.gov.co\/colombia\/\",\"name\":\"Fiscal\u00eda General de la Naci\u00f3n\",\"description\":\"P\u00e1gina oficial de la Fiscal\u00eda General de la Naci\u00f3n \u2013 Colombia. Garantizamos el acceso efectivo a la justicia, la verdad y la reparaci\u00f3n de las v\u00edctimas de los delitos.\",\"publisher\":{\"@id\":\"https:\/\/www.fiscalia.gov.co\/colombia\/#organization\"},\"potentialAction\":[{\"@type\":\"SearchAction\",\"target\":{\"@type\":\"EntryPoint\",\"urlTemplate\":\"https:\/\/www.fiscalia.gov.co\/colombia\/?s={search_term_string}\"},\"query-input\":{\"@type\":\"PropertyValueSpecification\",\"valueRequired\":true,\"valueName\":\"search_term_string\"}}],\"inLanguage\":\"es-CO\"},{\"@type\":\"Organization\",\"@id\":\"https:\/\/www.fiscalia.gov.co\/colombia\/#organization\",\"name\":\"Fiscal\u00eda General de la Naci\u00f3n\",\"url\":\"https:\/\/www.fiscalia.gov.co\/colombia\/\",\"logo\":{\"@type\":\"ImageObject\",\"inLanguage\":\"es-CO\",\"@id\":\"https:\/\/www.fiscalia.gov.co\/colombia\/#\/schema\/logo\/image\/\",\"url\":\"https:\/\/www.fiscalia.gov.co\/colombia\/wp-content\/uploads\/LogoHorizontal_1.jpg\",\"contentUrl\":\"https:\/\/www.fiscalia.gov.co\/colombia\/wp-content\/uploads\/LogoHorizontal_1.jpg\",\"width\":300,\"height\":90,\"caption\":\"Fiscal\u00eda General de la Naci\u00f3n\"},\"image\":{\"@id\":\"https:\/\/www.fiscalia.gov.co\/colombia\/#\/schema\/logo\/image\/\"},\"sameAs\":[\"https:\/\/www.facebook.com\/FiscaliaCol\",\"https:\/\/x.com\/FiscaliaCol\",\"https:\/\/www.instagram.com\/fiscaliacol\",\"https:\/\/www.linkedin.com\/company\/fiscalia-general-de-la-naci-n\/\",\"https:\/\/youtube.com\/@fiscaliageneraldelanacion-4668?si=6nN79nyQICPU5iTh\"]},{\"@type\":\"Person\",\"@id\":\"https:\/\/www.fiscalia.gov.co\/colombia\/#\/schema\/person\/bf84402cf293a5393e9c70b111020b24\",\"name\":\"Jordan Leandro Oviedo Anzola\",\"image\":{\"@type\":\"ImageObject\",\"inLanguage\":\"es-CO\",\"@id\":\"https:\/\/www.fiscalia.gov.co\/colombia\/#\/schema\/person\/image\/\",\"url\":\"https:\/\/secure.gravatar.com\/avatar\/dabba4346fa9b9207d96adafa8f92721?s=96&d=mm&r=g\",\"contentUrl\":\"https:\/\/secure.gravatar.com\/avatar\/dabba4346fa9b9207d96adafa8f92721?s=96&d=mm&r=g\",\"caption\":\"Jordan Leandro Oviedo Anzola\"},\"url\":\"https:\/\/www.fiscalia.gov.co\/colombia\/author\/joviedo\/\"}]}<\/script>\n<!-- \/ Yoast SEO plugin. -->","yoast_head_json":{"title":"Fiscal\u00eda General de la Naci\u00f3n","description":"P\u00e1gina oficial de la Fiscal\u00eda General de la Naci\u00f3n \u2013 Colombia. Garantizamos el acceso efectivo a la justicia, la verdad y la reparaci\u00f3n de las v\u00edctimas de los delitos.","robots":{"index":"noindex","follow":"follow"},"og_locale":"es_ES","og_type":"article","og_title":"Fiscal\u00eda General de la Naci\u00f3n","og_description":"P\u00e1gina oficial de la Fiscal\u00eda General de la Naci\u00f3n \u2013 Colombia. Garantizamos el acceso efectivo a la justicia, la verdad y la reparaci\u00f3n de las v\u00edctimas de los delitos.","og_url":"https:\/\/www.fiscalia.gov.co\/colombia\/noticias\/fiscalia-entrego-balance-de-4-homicidios-resueltos-en-la-ultima-semana-en-el-valle-de-aburra-y-de-dos-operativos-por-extorsion\/","og_site_name":"Fiscal\u00eda General de la Naci\u00f3n","article_publisher":"https:\/\/www.facebook.com\/FiscaliaCol","article_published_time":"2022-12-27T15:45:04+00:00","article_modified_time":"2022-12-27T15:45:31+00:00","author":"Jordan Leandro Oviedo Anzola","twitter_card":"summary_large_image","twitter_creator":"@FiscaliaCol","twitter_site":"@FiscaliaCol","twitter_misc":{"Escrito por":"Jordan Leandro Oviedo Anzola","Tiempo de lectura":"6 minutos"},"schema":{"@context":"https:\/\/schema.org","@graph":[{"@type":"Article","@id":"https:\/\/www.fiscalia.gov.co\/colombia\/noticias\/fiscalia-entrego-balance-de-4-homicidios-resueltos-en-la-ultima-semana-en-el-valle-de-aburra-y-de-dos-operativos-por-extorsion\/#article","isPartOf":{"@id":"https:\/\/www.fiscalia.gov.co\/colombia\/noticias\/fiscalia-entrego-balance-de-4-homicidios-resueltos-en-la-ultima-semana-en-el-valle-de-aburra-y-de-dos-operativos-por-extorsion\/"},"author":{"name":"Jordan Leandro Oviedo Anzola","@id":"https:\/\/www.fiscalia.gov.co\/colombia\/#\/schema\/person\/bf84402cf293a5393e9c70b111020b24"},"headline":"Fiscal\u00eda entreg\u00f3 balance de 4 homicidios resueltos en la \u00faltima semana en el Valle de Aburr\u00e1 y de dos operativos por extorsi\u00f3n","datePublished":"2022-12-27T15:45:04+00:00","dateModified":"2022-12-27T15:45:31+00:00","mainEntityOfPage":{"@id":"https:\/\/www.fiscalia.gov.co\/colombia\/noticias\/fiscalia-entrego-balance-de-4-homicidios-resueltos-en-la-ultima-semana-en-el-valle-de-aburra-y-de-dos-operativos-por-extorsion\/"},"wordCount":1205,"publisher":{"@id":"https:\/\/www.fiscalia.gov.co\/colombia\/#organization"},"keywords":["2022","balance","desmembrada mujer en el barrio Buenos Aires","Fiscal Barbosa","Fiscal\u00eda General de la Naci\u00f3n","hallados 2 cuerpos embolsados en el barrio Robledo.","Medell\u00edn (Antioquia)","municipio de Sabaneta"],"articleSection":["Noticias","Seccional Antioquia","Seccional Medell\u00edn","Seccionales"],"inLanguage":"es-CO"},{"@type":"WebPage","@id":"https:\/\/www.fiscalia.gov.co\/colombia\/noticias\/fiscalia-entrego-balance-de-4-homicidios-resueltos-en-la-ultima-semana-en-el-valle-de-aburra-y-de-dos-operativos-por-extorsion\/","url":"https:\/\/www.fiscalia.gov.co\/colombia\/noticias\/fiscalia-entrego-balance-de-4-homicidios-resueltos-en-la-ultima-semana-en-el-valle-de-aburra-y-de-dos-operativos-por-extorsion\/","name":"Fiscal\u00eda General de la Naci\u00f3n","isPartOf":{"@id":"https:\/\/www.fiscalia.gov.co\/colombia\/#website"},"datePublished":"2022-12-27T15:45:04+00:00","dateModified":"2022-12-27T15:45:31+00:00","description":"P\u00e1gina oficial de la Fiscal\u00eda General de la Naci\u00f3n \u2013 Colombia. Garantizamos el acceso efectivo a la justicia, la verdad y la reparaci\u00f3n de las v\u00edctimas de los delitos.","breadcrumb":{"@id":"https:\/\/www.fiscalia.gov.co\/colombia\/noticias\/fiscalia-entrego-balance-de-4-homicidios-resueltos-en-la-ultima-semana-en-el-valle-de-aburra-y-de-dos-operativos-por-extorsion\/#breadcrumb"},"inLanguage":"es-CO","potentialAction":[{"@type":"ReadAction","target":["https:\/\/www.fiscalia.gov.co\/colombia\/noticias\/fiscalia-entrego-balance-de-4-homicidios-resueltos-en-la-ultima-semana-en-el-valle-de-aburra-y-de-dos-operativos-por-extorsion\/"]}]},{"@type":"BreadcrumbList","@id":"https:\/\/www.fiscalia.gov.co\/colombia\/noticias\/fiscalia-entrego-balance-de-4-homicidios-resueltos-en-la-ultima-semana-en-el-valle-de-aburra-y-de-dos-operativos-por-extorsion\/#breadcrumb","itemListElement":[{"@type":"ListItem","position":1,"name":"Home","item":"https:\/\/www.fiscalia.gov.co\/colombia\/"},{"@type":"ListItem","position":2,"name":"Fiscal\u00eda entreg\u00f3 balance de 4 homicidios resueltos en la \u00faltima semana en el Valle de Aburr\u00e1 y de dos operativos por extorsi\u00f3n"}]},{"@type":"WebSite","@id":"https:\/\/www.fiscalia.gov.co\/colombia\/#website","url":"https:\/\/www.fiscalia.gov.co\/colombia\/","name":"Fiscal\u00eda General de la Naci\u00f3n","description":"P\u00e1gina oficial de la Fiscal\u00eda General de la Naci\u00f3n \u2013 Colombia. Garantizamos el acceso efectivo a la justicia, la verdad y la reparaci\u00f3n de las v\u00edctimas de los delitos.","publisher":{"@id":"https:\/\/www.fiscalia.gov.co\/colombia\/#organization"},"potentialAction":[{"@type":"SearchAction","target":{"@type":"EntryPoint","urlTemplate":"https:\/\/www.fiscalia.gov.co\/colombia\/?s={search_term_string}"},"query-input":{"@type":"PropertyValueSpecification","valueRequired":true,"valueName":"search_term_string"}}],"inLanguage":"es-CO"},{"@type":"Organization","@id":"https:\/\/www.fiscalia.gov.co\/colombia\/#organization","name":"Fiscal\u00eda General de la Naci\u00f3n","url":"https:\/\/www.fiscalia.gov.co\/colombia\/","logo":{"@type":"ImageObject","inLanguage":"es-CO","@id":"https:\/\/www.fiscalia.gov.co\/colombia\/#\/schema\/logo\/image\/","url":"https:\/\/www.fiscalia.gov.co\/colombia\/wp-content\/uploads\/LogoHorizontal_1.jpg","contentUrl":"https:\/\/www.fiscalia.gov.co\/colombia\/wp-content\/uploads\/LogoHorizontal_1.jpg","width":300,"height":90,"caption":"Fiscal\u00eda General de la Naci\u00f3n"},"image":{"@id":"https:\/\/www.fiscalia.gov.co\/colombia\/#\/schema\/logo\/image\/"},"sameAs":["https:\/\/www.facebook.com\/FiscaliaCol","https:\/\/x.com\/FiscaliaCol","https:\/\/www.instagram.com\/fiscaliacol","https:\/\/www.linkedin.com\/company\/fiscalia-general-de-la-naci-n\/","https:\/\/youtube.com\/@fiscaliageneraldelanacion-4668?si=6nN79nyQICPU5iTh"]},{"@type":"Person","@id":"https:\/\/www.fiscalia.gov.co\/colombia\/#\/schema\/person\/bf84402cf293a5393e9c70b111020b24","name":"Jordan Leandro Oviedo Anzola","image":{"@type":"ImageObject","inLanguage":"es-CO","@id":"https:\/\/www.fiscalia.gov.co\/colombia\/#\/schema\/person\/image\/","url":"https:\/\/secure.gravatar.com\/avatar\/dabba4346fa9b9207d96adafa8f92721?s=96&d=mm&r=g","contentUrl":"https:\/\/secure.gravatar.com\/avatar\/dabba4346fa9b9207d96adafa8f92721?s=96&d=mm&r=g","caption":"Jordan Leandro Oviedo Anzola"},"url":"https:\/\/www.fiscalia.gov.co\/colombia\/author\/joviedo\/"}]}},"_links":{"self":[{"href":"https:\/\/www.fiscalia.gov.co\/colombia\/wp-json\/wp\/v2\/posts\/263520","targetHints":{"allow":["GET"]}}],"collection":[{"href":"https:\/\/www.fiscalia.gov.co\/colombia\/wp-json\/wp\/v2\/posts"}],"about":[{"href":"https:\/\/www.fiscalia.gov.co\/colombia\/wp-json\/wp\/v2\/types\/post"}],"author":[{"embeddable":true,"href":"https:\/\/www.fiscalia.gov.co\/colombia\/wp-json\/wp\/v2\/users\/177"}],"replies":[{"embeddable":true,"href":"https:\/\/www.fiscalia.gov.co\/colombia\/wp-json\/wp\/v2\/comments?post=263520"}],"version-history":[{"count":1,"href":"https:\/\/www.fiscalia.gov.co\/colombia\/wp-json\/wp\/v2\/posts\/263520\/revisions"}],"predecessor-version":[{"id":263523,"href":"https:\/\/www.fiscalia.gov.co\/colombia\/wp-json\/wp\/v2\/posts\/263520\/revisions\/263523"}],"wp:attachment":[{"href":"https:\/\/www.fiscalia.gov.co\/colombia\/wp-json\/wp\/v2\/media?parent=263520"}],"wp:term":[{"taxonomy":"category","embeddable":true,"href":"https:\/\/www.fiscalia.gov.co\/colombia\/wp-json\/wp\/v2\/categories?post=263520"},{"taxonomy":"post_tag","embeddable":true,"href":"https:\/\/www.fiscalia.gov.co\/colombia\/wp-json\/wp\/v2\/tags?post=263520"}],"curies":[{"name":"wp","href":"https:\/\/api.w.org\/{rel}","templated":true}]}}