{"id":263515,"date":"2022-12-27T09:58:53","date_gmt":"2022-12-27T14:58:53","guid":{"rendered":"https:\/\/www.fiscalia.gov.co\/colombia\/?p=263515"},"modified":"2022-12-30T19:25:13","modified_gmt":"2022-12-31T00:25:13","slug":"judicializadas-11-personas-por-presuntamente-comercializar-tusi-y-otras-drogas-sinteticas","status":"publish","type":"post","link":"https:\/\/www.fiscalia.gov.co\/colombia\/noticias\/judicializadas-11-personas-por-presuntamente-comercializar-tusi-y-otras-drogas-sinteticas\/","title":{"rendered":"Judicializadas 11 personas por presuntamente comercializar \u2018Tusi\u2019 y otras drogas sint\u00e9ticas"},"content":{"rendered":"<blockquote>\n<h4 style=\"text-align: left;\"><strong><em>La investigaci\u00f3n desarrollada por la Fiscal\u00eda pondr\u00eda en evidencia a una organizaci\u00f3n que se dedicaba, al parecer, a vender estupefacientes en las principales discotecas de Monter\u00eda.<\/em><\/strong><\/h4>\n<\/blockquote>\n<p>El contundente material probatorio presentado por un fiscal seccional de Estructuras de Apoyo (EDA), fue suficiente para que once personas fueran judicializadas por el delito de concierto para delinquir agravado con fines de tr\u00e1fico, fabricaci\u00f3n y porte de estupefacientes.<\/p>\n<figure id=\"attachment_263517\" aria-describedby=\"caption-attachment-263517\" style=\"width: 1280px\" class=\"wp-caption aligncenter\"><img loading=\"lazy\" decoding=\"async\" class=\"size-full wp-image-263517\" src=\"https:\/\/www.fiscalia.gov.co\/colombia\/wp-content\/uploads\/Foto-1-banda.jpeg\" alt=\"En la imagen se ven 11 personas detenidas, entre dos uniformados de la Polic\u00eda y el Ej\u00e9rcito.\" width=\"1280\" height=\"717\" srcset=\"https:\/\/www.fiscalia.gov.co\/colombia\/wp-content\/uploads\/Foto-1-banda.jpeg 1280w, https:\/\/www.fiscalia.gov.co\/colombia\/wp-content\/uploads\/Foto-1-banda-300x168.jpeg 300w, https:\/\/www.fiscalia.gov.co\/colombia\/wp-content\/uploads\/Foto-1-banda-1024x574.jpeg 1024w, https:\/\/www.fiscalia.gov.co\/colombia\/wp-content\/uploads\/Foto-1-banda-768x430.jpeg 768w, https:\/\/www.fiscalia.gov.co\/colombia\/wp-content\/uploads\/Foto-1-banda-696x390.jpeg 696w, https:\/\/www.fiscalia.gov.co\/colombia\/wp-content\/uploads\/Foto-1-banda-1068x598.jpeg 1068w, https:\/\/www.fiscalia.gov.co\/colombia\/wp-content\/uploads\/Foto-1-banda-750x420.jpeg 750w\" sizes=\"auto, (max-width: 1280px) 100vw, 1280px\" \/><figcaption id=\"caption-attachment-263517\" class=\"wp-caption-text\">Las personas judicializadas presuntamente comercializaban estupefacientes en discotecas..<\/figcaption><\/figure>\n<p>Se trata de Obaldis Jos\u00e9 Lozano Machado, Jos\u00e9 Carlos G\u00e1nem Rivero, Maryoris Sof\u00eda L\u00f3pez Duss\u00e1n, Antonio Alberto Escobar Rodr\u00edguez, Andr\u00e9s Felipe L\u00f3pez Vega, Juan Sebasti\u00e1n Ib\u00e1\u00f1ez Doria, Samir David P\u00e9rez Mestra, Santiago Guerra Navarro, Manuel Alejandro Arroyo Galaraga, Gabith Cristina Agamez Carre\u00f1o y Luis Gabriel Nerio Ther\u00e1n, quienes fueron caoturados en diligencias de allanamiento y registro realizadas en 15 inmuebles en Monter\u00eda con el objeto de materializar unas \u00f3rdenes de capturas impartidas previamente por un Juez de Control de Garant\u00edas en contra de estas personas.<\/p>\n<p>Durante las operaciones se logr\u00f3 la incautaci\u00f3n de sustancias estupefacientes, m\u00e1s de 20 millones de pesos, dos motocicletas y un veh\u00edculo tipo taxi.<\/p>\n<p>En medio de las audiencias un juez impuso medida de aseguramiento intramural en contra de Obaldis Lozano y domiciliaria para los otros 10 imputados.<\/p>\n<p>Los hechos se habr\u00edan presentado en Monter\u00eda desde enero de 2020 hasta junio del a\u00f1o en curso. Los operativos se realizaron luego de que el ente investigador obtuviera suficiente\u00a0 informaci\u00f3n relacionada con un grupo de personas dedicadas al comercio de sustancias estupefacientes como \u2018Tusi\u2019, derivados de la coca\u00edna, drogas sint\u00e9ticas y marihuana, las cuales, al parecer, eran comercializadas en las afueras de algunas discotecas y bares ubicados principalmente en la Calle 41 y Plaza de la Castellana, as\u00ed como tambi\u00e9n bajo la modalidad de ventas a domicilios.<\/p>\n<p>Funcionarios de la Polic\u00eda Nacional fueron quienes se encargaron de materializar las \u00f3rdenes de captura que expedidas en contra de los hoy procesados.<\/p>\n<p><strong>La Fiscal\u00eda General de la Naci\u00f3n habla con resultados.<\/strong><\/p>\n<p>VHGB\/FAGH\/MEPB\/DSC<\/p>\n<p>&nbsp;<\/p>\n<p><em>La informaci\u00f3n contenida en este bolet\u00edn de prensa corresponde a la narraci\u00f3n de los hechos noticiosos objetivos, suministrados por los funcionarios encargados de adelantar las investigaciones penales al interior de la Fiscal\u00eda General de la Naci\u00f3n. Para el momento de la divulgaci\u00f3n de este comunicado, la situaci\u00f3n jur\u00eddica de la(s) persona(s) relacionada(s) se encuentra pendiente de resolver por la autoridad judicial competente, siempre bajo los preceptos de la presunci\u00f3n de inocencia, consagrados en el art\u00edculo 29 de la Constituci\u00f3n Pol\u00edtica y el art\u00edculo 7\u00ba de la Ley 906 de 2004.<\/em><\/p>\n<p>&nbsp;<\/p>\n<p><strong>Le puede interesar:<\/strong><\/p>\n<p>&nbsp;<\/p>\n<p><a href=\"https:\/\/www.fiscalia.gov.co\/colombia\/seccionales\/judicializados-presuntos-implicadas-en-trafico-de-drogas-sinteticas-en-meta\/\">Judicializados presuntos implicados en tr\u00e1fico de drogas sint\u00e9ticas en Meta<\/a><\/p>\n<p><a href=\"https:\/\/www.fiscalia.gov.co\/colombia\/seccionales\/prision-domiciliaria-para-mujer-que-distribuia-cocaina-rosada-en-tulua-valle-del-cauca\/\">Prisi\u00f3n domiciliaria para mujer que distribu\u00eda coca\u00edna rosada en Tulu\u00e1 (Valle del Cauca)<\/a><\/p>\n\n<div class=\"twitter-share\"><a href=\"https:\/\/twitter.com\/intent\/tweet?via=fiscaliacol\" class=\"twitter-share-button\">Tweet<\/a><\/div>\n","protected":false},"excerpt":{"rendered":"<p>La investigaci\u00f3n desarrollada por la Fiscal\u00eda pondr\u00eda en evidencia a una organizaci\u00f3n que se dedicaba, al parecer, a vender estupefacientes en las principales discotecas de Monter\u00eda. El contundente material probatorio presentado por un fiscal seccional de Estructuras de Apoyo (EDA), fue suficiente para que once personas fueran judicializadas por el delito de concierto para delinquir [&hellip;]<\/p>\n","protected":false},"author":175,"featured_media":263666,"comment_status":"closed","ping_status":"open","sticky":false,"template":"","format":"video","meta":{"tdm_status":"","tdm_grid_status":"","footnotes":""},"categories":[1,332,24099],"tags":[19,13531,33617,19421,24189,24187,1047,1264,1185,558,33616],"class_list":{"0":"post-263515","1":"post","2":"type-post","3":"status-publish","4":"format-video","5":"has-post-thumbnail","7":"category-noticias","8":"category-seccional-monteria","9":"category-seguridad-territorial","10":"tag-cocaina","11":"tag-cordoba","12":"tag-discotecas","13":"tag-drogas-sinteticas","14":"tag-fiscal-francisco-barbosa-delgado","15":"tag-fiscalia-colombia","16":"tag-fiscalia-general-de-la-nacion","17":"tag-marihuana","18":"tag-medida-de-aseguramiento","19":"tag-policia-nacional","20":"tag-tusi","21":"post_format-post-format-video"},"yoast_head":"<!-- This site is optimized with the Yoast SEO plugin v24.3 - https:\/\/yoast.com\/wordpress\/plugins\/seo\/ -->\n<title>Fiscal\u00eda General de la Naci\u00f3n<\/title>\n<meta name=\"description\" content=\"P\u00e1gina oficial de la Fiscal\u00eda General de la Naci\u00f3n \u2013 Colombia. Garantizamos el acceso efectivo a la justicia, la verdad y la reparaci\u00f3n de las v\u00edctimas de los delitos.\" \/>\n<meta name=\"robots\" content=\"noindex, follow\" \/>\n<meta property=\"og:locale\" content=\"es_ES\" \/>\n<meta property=\"og:type\" content=\"article\" \/>\n<meta property=\"og:title\" content=\"Fiscal\u00eda General de la Naci\u00f3n\" \/>\n<meta property=\"og:description\" content=\"P\u00e1gina oficial de la Fiscal\u00eda General de la Naci\u00f3n \u2013 Colombia. Garantizamos el acceso efectivo a la justicia, la verdad y la reparaci\u00f3n de las v\u00edctimas de los delitos.\" \/>\n<meta property=\"og:url\" content=\"https:\/\/www.fiscalia.gov.co\/colombia\/noticias\/judicializadas-11-personas-por-presuntamente-comercializar-tusi-y-otras-drogas-sinteticas\/\" \/>\n<meta property=\"og:site_name\" content=\"Fiscal\u00eda General de la Naci\u00f3n\" \/>\n<meta property=\"article:publisher\" content=\"https:\/\/www.facebook.com\/FiscaliaCol\" \/>\n<meta property=\"article:published_time\" content=\"2022-12-27T14:58:53+00:00\" \/>\n<meta property=\"article:modified_time\" content=\"2022-12-31T00:25:13+00:00\" \/>\n<meta property=\"og:image\" content=\"https:\/\/www.fiscalia.gov.co\/colombia\/wp-content\/uploads\/maxresdefault-848.jpg\" \/>\n\t<meta property=\"og:image:width\" content=\"1280\" \/>\n\t<meta property=\"og:image:height\" content=\"720\" \/>\n\t<meta property=\"og:image:type\" content=\"image\/jpeg\" \/>\n<meta name=\"author\" content=\"Katherine Loaiza Mart\u00ednez\" \/>\n<meta name=\"twitter:card\" content=\"summary_large_image\" \/>\n<meta name=\"twitter:creator\" content=\"@FiscaliaCol\" \/>\n<meta name=\"twitter:site\" content=\"@FiscaliaCol\" \/>\n<meta name=\"twitter:label1\" content=\"Escrito por\" \/>\n\t<meta name=\"twitter:data1\" content=\"Katherine Loaiza Mart\u00ednez\" \/>\n\t<meta name=\"twitter:label2\" content=\"Tiempo de lectura\" \/>\n\t<meta name=\"twitter:data2\" content=\"3 minutos\" \/>\n<script type=\"application\/ld+json\" class=\"yoast-schema-graph\">{\"@context\":\"https:\/\/schema.org\",\"@graph\":[{\"@type\":\"Article\",\"@id\":\"https:\/\/www.fiscalia.gov.co\/colombia\/noticias\/judicializadas-11-personas-por-presuntamente-comercializar-tusi-y-otras-drogas-sinteticas\/#article\",\"isPartOf\":{\"@id\":\"https:\/\/www.fiscalia.gov.co\/colombia\/noticias\/judicializadas-11-personas-por-presuntamente-comercializar-tusi-y-otras-drogas-sinteticas\/\"},\"author\":{\"name\":\"Katherine Loaiza Mart\u00ednez\",\"@id\":\"https:\/\/www.fiscalia.gov.co\/colombia\/#\/schema\/person\/2e76b9aba5ecf875ed565ce4de0e0415\"},\"headline\":\"Judicializadas 11 personas por presuntamente comercializar \u2018Tusi\u2019 y otras drogas sint\u00e9ticas\",\"datePublished\":\"2022-12-27T14:58:53+00:00\",\"dateModified\":\"2022-12-31T00:25:13+00:00\",\"mainEntityOfPage\":{\"@id\":\"https:\/\/www.fiscalia.gov.co\/colombia\/noticias\/judicializadas-11-personas-por-presuntamente-comercializar-tusi-y-otras-drogas-sinteticas\/\"},\"wordCount\":511,\"publisher\":{\"@id\":\"https:\/\/www.fiscalia.gov.co\/colombia\/#organization\"},\"image\":{\"@id\":\"https:\/\/www.fiscalia.gov.co\/colombia\/noticias\/judicializadas-11-personas-por-presuntamente-comercializar-tusi-y-otras-drogas-sinteticas\/#primaryimage\"},\"thumbnailUrl\":\"https:\/\/www.fiscalia.gov.co\/colombia\/wp-content\/uploads\/maxresdefault-848.jpg\",\"keywords\":[\"Coca\u00edna\",\"C\u00f3rdoba\",\"discotecas\",\"Drogas sint\u00e9ticas\",\"Fiscal Francisco Barbosa Delgado\",\"Fiscal\u00eda Colombia\",\"Fiscal\u00eda General de la Naci\u00f3n\",\"Marihuana\",\"Medida de aseguramiento\",\"Polic\u00eda Nacional\",\"tusi\"],\"articleSection\":[\"Noticias\",\"Seccional Monter\u00eda\",\"Seguridad territorial\"],\"inLanguage\":\"es-CO\"},{\"@type\":\"WebPage\",\"@id\":\"https:\/\/www.fiscalia.gov.co\/colombia\/noticias\/judicializadas-11-personas-por-presuntamente-comercializar-tusi-y-otras-drogas-sinteticas\/\",\"url\":\"https:\/\/www.fiscalia.gov.co\/colombia\/noticias\/judicializadas-11-personas-por-presuntamente-comercializar-tusi-y-otras-drogas-sinteticas\/\",\"name\":\"Fiscal\u00eda General de la Naci\u00f3n\",\"isPartOf\":{\"@id\":\"https:\/\/www.fiscalia.gov.co\/colombia\/#website\"},\"primaryImageOfPage\":{\"@id\":\"https:\/\/www.fiscalia.gov.co\/colombia\/noticias\/judicializadas-11-personas-por-presuntamente-comercializar-tusi-y-otras-drogas-sinteticas\/#primaryimage\"},\"image\":{\"@id\":\"https:\/\/www.fiscalia.gov.co\/colombia\/noticias\/judicializadas-11-personas-por-presuntamente-comercializar-tusi-y-otras-drogas-sinteticas\/#primaryimage\"},\"thumbnailUrl\":\"https:\/\/www.fiscalia.gov.co\/colombia\/wp-content\/uploads\/maxresdefault-848.jpg\",\"datePublished\":\"2022-12-27T14:58:53+00:00\",\"dateModified\":\"2022-12-31T00:25:13+00:00\",\"description\":\"P\u00e1gina oficial de la Fiscal\u00eda General de la Naci\u00f3n \u2013 Colombia. Garantizamos el acceso efectivo a la justicia, la verdad y la reparaci\u00f3n de las v\u00edctimas de los delitos.\",\"breadcrumb\":{\"@id\":\"https:\/\/www.fiscalia.gov.co\/colombia\/noticias\/judicializadas-11-personas-por-presuntamente-comercializar-tusi-y-otras-drogas-sinteticas\/#breadcrumb\"},\"inLanguage\":\"es-CO\",\"potentialAction\":[{\"@type\":\"ReadAction\",\"target\":[\"https:\/\/www.fiscalia.gov.co\/colombia\/noticias\/judicializadas-11-personas-por-presuntamente-comercializar-tusi-y-otras-drogas-sinteticas\/\"]}]},{\"@type\":\"ImageObject\",\"inLanguage\":\"es-CO\",\"@id\":\"https:\/\/www.fiscalia.gov.co\/colombia\/noticias\/judicializadas-11-personas-por-presuntamente-comercializar-tusi-y-otras-drogas-sinteticas\/#primaryimage\",\"url\":\"https:\/\/www.fiscalia.gov.co\/colombia\/wp-content\/uploads\/maxresdefault-848.jpg\",\"contentUrl\":\"https:\/\/www.fiscalia.gov.co\/colombia\/wp-content\/uploads\/maxresdefault-848.jpg\",\"width\":1280,\"height\":720},{\"@type\":\"BreadcrumbList\",\"@id\":\"https:\/\/www.fiscalia.gov.co\/colombia\/noticias\/judicializadas-11-personas-por-presuntamente-comercializar-tusi-y-otras-drogas-sinteticas\/#breadcrumb\",\"itemListElement\":[{\"@type\":\"ListItem\",\"position\":1,\"name\":\"Home\",\"item\":\"https:\/\/www.fiscalia.gov.co\/colombia\/\"},{\"@type\":\"ListItem\",\"position\":2,\"name\":\"Judicializadas 11 personas por presuntamente comercializar \u2018Tusi\u2019 y otras drogas sint\u00e9ticas\"}]},{\"@type\":\"WebSite\",\"@id\":\"https:\/\/www.fiscalia.gov.co\/colombia\/#website\",\"url\":\"https:\/\/www.fiscalia.gov.co\/colombia\/\",\"name\":\"Fiscal\u00eda General de la Naci\u00f3n\",\"description\":\"P\u00e1gina oficial de la Fiscal\u00eda General de la Naci\u00f3n \u2013 Colombia. Garantizamos el acceso efectivo a la justicia, la verdad y la reparaci\u00f3n de las v\u00edctimas de los delitos.\",\"publisher\":{\"@id\":\"https:\/\/www.fiscalia.gov.co\/colombia\/#organization\"},\"potentialAction\":[{\"@type\":\"SearchAction\",\"target\":{\"@type\":\"EntryPoint\",\"urlTemplate\":\"https:\/\/www.fiscalia.gov.co\/colombia\/?s={search_term_string}\"},\"query-input\":{\"@type\":\"PropertyValueSpecification\",\"valueRequired\":true,\"valueName\":\"search_term_string\"}}],\"inLanguage\":\"es-CO\"},{\"@type\":\"Organization\",\"@id\":\"https:\/\/www.fiscalia.gov.co\/colombia\/#organization\",\"name\":\"Fiscal\u00eda General de la Naci\u00f3n\",\"url\":\"https:\/\/www.fiscalia.gov.co\/colombia\/\",\"logo\":{\"@type\":\"ImageObject\",\"inLanguage\":\"es-CO\",\"@id\":\"https:\/\/www.fiscalia.gov.co\/colombia\/#\/schema\/logo\/image\/\",\"url\":\"https:\/\/www.fiscalia.gov.co\/colombia\/wp-content\/uploads\/LogoHorizontal_1.jpg\",\"contentUrl\":\"https:\/\/www.fiscalia.gov.co\/colombia\/wp-content\/uploads\/LogoHorizontal_1.jpg\",\"width\":300,\"height\":90,\"caption\":\"Fiscal\u00eda General de la Naci\u00f3n\"},\"image\":{\"@id\":\"https:\/\/www.fiscalia.gov.co\/colombia\/#\/schema\/logo\/image\/\"},\"sameAs\":[\"https:\/\/www.facebook.com\/FiscaliaCol\",\"https:\/\/x.com\/FiscaliaCol\",\"https:\/\/www.instagram.com\/fiscaliacol\",\"https:\/\/www.linkedin.com\/company\/fiscalia-general-de-la-naci-n\/\",\"https:\/\/youtube.com\/@fiscaliageneraldelanacion-4668?si=6nN79nyQICPU5iTh\"]},{\"@type\":\"Person\",\"@id\":\"https:\/\/www.fiscalia.gov.co\/colombia\/#\/schema\/person\/2e76b9aba5ecf875ed565ce4de0e0415\",\"name\":\"Katherine Loaiza Mart\u00ednez\",\"image\":{\"@type\":\"ImageObject\",\"inLanguage\":\"es-CO\",\"@id\":\"https:\/\/www.fiscalia.gov.co\/colombia\/#\/schema\/person\/image\/\",\"url\":\"https:\/\/secure.gravatar.com\/avatar\/ab775a2f394c1b83b6d6f78680e57b50?s=96&d=mm&r=g\",\"contentUrl\":\"https:\/\/secure.gravatar.com\/avatar\/ab775a2f394c1b83b6d6f78680e57b50?s=96&d=mm&r=g\",\"caption\":\"Katherine Loaiza Mart\u00ednez\"},\"url\":\"https:\/\/www.fiscalia.gov.co\/colombia\/author\/kloaiza\/\"}]}<\/script>\n<!-- \/ Yoast SEO plugin. -->","yoast_head_json":{"title":"Fiscal\u00eda General de la Naci\u00f3n","description":"P\u00e1gina oficial de la Fiscal\u00eda General de la Naci\u00f3n \u2013 Colombia. Garantizamos el acceso efectivo a la justicia, la verdad y la reparaci\u00f3n de las v\u00edctimas de los delitos.","robots":{"index":"noindex","follow":"follow"},"og_locale":"es_ES","og_type":"article","og_title":"Fiscal\u00eda General de la Naci\u00f3n","og_description":"P\u00e1gina oficial de la Fiscal\u00eda General de la Naci\u00f3n \u2013 Colombia. Garantizamos el acceso efectivo a la justicia, la verdad y la reparaci\u00f3n de las v\u00edctimas de los delitos.","og_url":"https:\/\/www.fiscalia.gov.co\/colombia\/noticias\/judicializadas-11-personas-por-presuntamente-comercializar-tusi-y-otras-drogas-sinteticas\/","og_site_name":"Fiscal\u00eda General de la Naci\u00f3n","article_publisher":"https:\/\/www.facebook.com\/FiscaliaCol","article_published_time":"2022-12-27T14:58:53+00:00","article_modified_time":"2022-12-31T00:25:13+00:00","og_image":[{"width":1280,"height":720,"url":"https:\/\/www.fiscalia.gov.co\/colombia\/wp-content\/uploads\/maxresdefault-848.jpg","type":"image\/jpeg"}],"author":"Katherine Loaiza Mart\u00ednez","twitter_card":"summary_large_image","twitter_creator":"@FiscaliaCol","twitter_site":"@FiscaliaCol","twitter_misc":{"Escrito por":"Katherine Loaiza Mart\u00ednez","Tiempo de lectura":"3 minutos"},"schema":{"@context":"https:\/\/schema.org","@graph":[{"@type":"Article","@id":"https:\/\/www.fiscalia.gov.co\/colombia\/noticias\/judicializadas-11-personas-por-presuntamente-comercializar-tusi-y-otras-drogas-sinteticas\/#article","isPartOf":{"@id":"https:\/\/www.fiscalia.gov.co\/colombia\/noticias\/judicializadas-11-personas-por-presuntamente-comercializar-tusi-y-otras-drogas-sinteticas\/"},"author":{"name":"Katherine Loaiza Mart\u00ednez","@id":"https:\/\/www.fiscalia.gov.co\/colombia\/#\/schema\/person\/2e76b9aba5ecf875ed565ce4de0e0415"},"headline":"Judicializadas 11 personas por presuntamente comercializar \u2018Tusi\u2019 y otras drogas sint\u00e9ticas","datePublished":"2022-12-27T14:58:53+00:00","dateModified":"2022-12-31T00:25:13+00:00","mainEntityOfPage":{"@id":"https:\/\/www.fiscalia.gov.co\/colombia\/noticias\/judicializadas-11-personas-por-presuntamente-comercializar-tusi-y-otras-drogas-sinteticas\/"},"wordCount":511,"publisher":{"@id":"https:\/\/www.fiscalia.gov.co\/colombia\/#organization"},"image":{"@id":"https:\/\/www.fiscalia.gov.co\/colombia\/noticias\/judicializadas-11-personas-por-presuntamente-comercializar-tusi-y-otras-drogas-sinteticas\/#primaryimage"},"thumbnailUrl":"https:\/\/www.fiscalia.gov.co\/colombia\/wp-content\/uploads\/maxresdefault-848.jpg","keywords":["Coca\u00edna","C\u00f3rdoba","discotecas","Drogas sint\u00e9ticas","Fiscal Francisco Barbosa Delgado","Fiscal\u00eda Colombia","Fiscal\u00eda General de la Naci\u00f3n","Marihuana","Medida de aseguramiento","Polic\u00eda Nacional","tusi"],"articleSection":["Noticias","Seccional Monter\u00eda","Seguridad territorial"],"inLanguage":"es-CO"},{"@type":"WebPage","@id":"https:\/\/www.fiscalia.gov.co\/colombia\/noticias\/judicializadas-11-personas-por-presuntamente-comercializar-tusi-y-otras-drogas-sinteticas\/","url":"https:\/\/www.fiscalia.gov.co\/colombia\/noticias\/judicializadas-11-personas-por-presuntamente-comercializar-tusi-y-otras-drogas-sinteticas\/","name":"Fiscal\u00eda General de la Naci\u00f3n","isPartOf":{"@id":"https:\/\/www.fiscalia.gov.co\/colombia\/#website"},"primaryImageOfPage":{"@id":"https:\/\/www.fiscalia.gov.co\/colombia\/noticias\/judicializadas-11-personas-por-presuntamente-comercializar-tusi-y-otras-drogas-sinteticas\/#primaryimage"},"image":{"@id":"https:\/\/www.fiscalia.gov.co\/colombia\/noticias\/judicializadas-11-personas-por-presuntamente-comercializar-tusi-y-otras-drogas-sinteticas\/#primaryimage"},"thumbnailUrl":"https:\/\/www.fiscalia.gov.co\/colombia\/wp-content\/uploads\/maxresdefault-848.jpg","datePublished":"2022-12-27T14:58:53+00:00","dateModified":"2022-12-31T00:25:13+00:00","description":"P\u00e1gina oficial de la Fiscal\u00eda General de la Naci\u00f3n \u2013 Colombia. Garantizamos el acceso efectivo a la justicia, la verdad y la reparaci\u00f3n de las v\u00edctimas de los delitos.","breadcrumb":{"@id":"https:\/\/www.fiscalia.gov.co\/colombia\/noticias\/judicializadas-11-personas-por-presuntamente-comercializar-tusi-y-otras-drogas-sinteticas\/#breadcrumb"},"inLanguage":"es-CO","potentialAction":[{"@type":"ReadAction","target":["https:\/\/www.fiscalia.gov.co\/colombia\/noticias\/judicializadas-11-personas-por-presuntamente-comercializar-tusi-y-otras-drogas-sinteticas\/"]}]},{"@type":"ImageObject","inLanguage":"es-CO","@id":"https:\/\/www.fiscalia.gov.co\/colombia\/noticias\/judicializadas-11-personas-por-presuntamente-comercializar-tusi-y-otras-drogas-sinteticas\/#primaryimage","url":"https:\/\/www.fiscalia.gov.co\/colombia\/wp-content\/uploads\/maxresdefault-848.jpg","contentUrl":"https:\/\/www.fiscalia.gov.co\/colombia\/wp-content\/uploads\/maxresdefault-848.jpg","width":1280,"height":720},{"@type":"BreadcrumbList","@id":"https:\/\/www.fiscalia.gov.co\/colombia\/noticias\/judicializadas-11-personas-por-presuntamente-comercializar-tusi-y-otras-drogas-sinteticas\/#breadcrumb","itemListElement":[{"@type":"ListItem","position":1,"name":"Home","item":"https:\/\/www.fiscalia.gov.co\/colombia\/"},{"@type":"ListItem","position":2,"name":"Judicializadas 11 personas por presuntamente comercializar \u2018Tusi\u2019 y otras drogas sint\u00e9ticas"}]},{"@type":"WebSite","@id":"https:\/\/www.fiscalia.gov.co\/colombia\/#website","url":"https:\/\/www.fiscalia.gov.co\/colombia\/","name":"Fiscal\u00eda General de la Naci\u00f3n","description":"P\u00e1gina oficial de la Fiscal\u00eda General de la Naci\u00f3n \u2013 Colombia. Garantizamos el acceso efectivo a la justicia, la verdad y la reparaci\u00f3n de las v\u00edctimas de los delitos.","publisher":{"@id":"https:\/\/www.fiscalia.gov.co\/colombia\/#organization"},"potentialAction":[{"@type":"SearchAction","target":{"@type":"EntryPoint","urlTemplate":"https:\/\/www.fiscalia.gov.co\/colombia\/?s={search_term_string}"},"query-input":{"@type":"PropertyValueSpecification","valueRequired":true,"valueName":"search_term_string"}}],"inLanguage":"es-CO"},{"@type":"Organization","@id":"https:\/\/www.fiscalia.gov.co\/colombia\/#organization","name":"Fiscal\u00eda General de la Naci\u00f3n","url":"https:\/\/www.fiscalia.gov.co\/colombia\/","logo":{"@type":"ImageObject","inLanguage":"es-CO","@id":"https:\/\/www.fiscalia.gov.co\/colombia\/#\/schema\/logo\/image\/","url":"https:\/\/www.fiscalia.gov.co\/colombia\/wp-content\/uploads\/LogoHorizontal_1.jpg","contentUrl":"https:\/\/www.fiscalia.gov.co\/colombia\/wp-content\/uploads\/LogoHorizontal_1.jpg","width":300,"height":90,"caption":"Fiscal\u00eda General de la Naci\u00f3n"},"image":{"@id":"https:\/\/www.fiscalia.gov.co\/colombia\/#\/schema\/logo\/image\/"},"sameAs":["https:\/\/www.facebook.com\/FiscaliaCol","https:\/\/x.com\/FiscaliaCol","https:\/\/www.instagram.com\/fiscaliacol","https:\/\/www.linkedin.com\/company\/fiscalia-general-de-la-naci-n\/","https:\/\/youtube.com\/@fiscaliageneraldelanacion-4668?si=6nN79nyQICPU5iTh"]},{"@type":"Person","@id":"https:\/\/www.fiscalia.gov.co\/colombia\/#\/schema\/person\/2e76b9aba5ecf875ed565ce4de0e0415","name":"Katherine Loaiza Mart\u00ednez","image":{"@type":"ImageObject","inLanguage":"es-CO","@id":"https:\/\/www.fiscalia.gov.co\/colombia\/#\/schema\/person\/image\/","url":"https:\/\/secure.gravatar.com\/avatar\/ab775a2f394c1b83b6d6f78680e57b50?s=96&d=mm&r=g","contentUrl":"https:\/\/secure.gravatar.com\/avatar\/ab775a2f394c1b83b6d6f78680e57b50?s=96&d=mm&r=g","caption":"Katherine Loaiza Mart\u00ednez"},"url":"https:\/\/www.fiscalia.gov.co\/colombia\/author\/kloaiza\/"}]}},"_links":{"self":[{"href":"https:\/\/www.fiscalia.gov.co\/colombia\/wp-json\/wp\/v2\/posts\/263515","targetHints":{"allow":["GET"]}}],"collection":[{"href":"https:\/\/www.fiscalia.gov.co\/colombia\/wp-json\/wp\/v2\/posts"}],"about":[{"href":"https:\/\/www.fiscalia.gov.co\/colombia\/wp-json\/wp\/v2\/types\/post"}],"author":[{"embeddable":true,"href":"https:\/\/www.fiscalia.gov.co\/colombia\/wp-json\/wp\/v2\/users\/175"}],"replies":[{"embeddable":true,"href":"https:\/\/www.fiscalia.gov.co\/colombia\/wp-json\/wp\/v2\/comments?post=263515"}],"version-history":[{"count":3,"href":"https:\/\/www.fiscalia.gov.co\/colombia\/wp-json\/wp\/v2\/posts\/263515\/revisions"}],"predecessor-version":[{"id":263519,"href":"https:\/\/www.fiscalia.gov.co\/colombia\/wp-json\/wp\/v2\/posts\/263515\/revisions\/263519"}],"wp:featuredmedia":[{"embeddable":true,"href":"https:\/\/www.fiscalia.gov.co\/colombia\/wp-json\/wp\/v2\/media\/263666"}],"wp:attachment":[{"href":"https:\/\/www.fiscalia.gov.co\/colombia\/wp-json\/wp\/v2\/media?parent=263515"}],"wp:term":[{"taxonomy":"category","embeddable":true,"href":"https:\/\/www.fiscalia.gov.co\/colombia\/wp-json\/wp\/v2\/categories?post=263515"},{"taxonomy":"post_tag","embeddable":true,"href":"https:\/\/www.fiscalia.gov.co\/colombia\/wp-json\/wp\/v2\/tags?post=263515"}],"curies":[{"name":"wp","href":"https:\/\/api.w.org\/{rel}","templated":true}]}}