{"id":263422,"date":"2022-12-22T15:35:28","date_gmt":"2022-12-22T20:35:28","guid":{"rendered":"https:\/\/www.fiscalia.gov.co\/colombia\/?p=263422"},"modified":"2022-12-30T18:34:04","modified_gmt":"2022-12-30T23:34:04","slug":"judicializados-siete-presuntos-integrantes-de-los-vallenatos-organizacion-dedicada-a-la-estafa-a-traves-de-medios-informaticos","status":"publish","type":"post","link":"https:\/\/www.fiscalia.gov.co\/colombia\/noticias\/judicializados-siete-presuntos-integrantes-de-los-vallenatos-organizacion-dedicada-a-la-estafa-a-traves-de-medios-informaticos\/","title":{"rendered":"Judicializados siete presuntos integrantes de Los Vallenatos, organizaci\u00f3n dedicada a la estafa a trav\u00e9s de medios inform\u00e1ticos"},"content":{"rendered":"<h4><strong><em>Al parecer los hechos delincuenciales eran cometidos desde Valledupar (Cesar).<\/em><\/strong><\/h4>\n<p>La Fiscal\u00eda Seccional Caldas, con el fin de contrarrestar uno de los delitos que m\u00e1s afecta a la ciudadan\u00eda, como es la estafa, judicializ\u00f3 en las \u00faltimas horas a 7 personas se\u00f1aladas de enga\u00f1ar a las v\u00edctimas usando diferentes modalidades de ese delito.<\/p>\n<p>De acuerdo con los elementos materiales de prueba recaudados por funcionarios del Cuerpo T\u00e9cnico de Investigaci\u00f3n del (CTI) de la Fiscal\u00eda en Anserma, estas personas ubicaban en diferentes sitios del pa\u00eds locales agr\u00edcolas y de construcci\u00f3n y ofrec\u00edan a los propietarios mercanc\u00eda a muy bajo costo. Luego de convencerlos de hacer la compra les exig\u00edan un pago anticipado del 50% que era consignado en cuentas bancarias y posteriormente desaparec\u00edan sin que las v\u00edctimas pudieran recuperar su dinero.<\/p>\n<p>Otra modalidad era a trav\u00e9s de un portal virtual de venta de productos agr\u00edcolas. All\u00ed una persona de Anserma (Caldas) fue v\u00edctima de la banda al comprar 150 gallinas ponedoras a 16.000 pesos cada una, y 7 bultos de concentrado a un precio muy econ\u00f3mico. El total fue de casi 3 millones de pesos que cuales fueron consignados por la v\u00edctima, pero luego fue imposible volver a comunicarse con los falsos vendedores y no hubo quien respondiera por el dinero consignado.<\/p>\n<p>Contra estas personas existen 39 denuncias interpuestas en diferentes ciudades del pa\u00eds, las cuales fueron relacionadas en la investigaci\u00f3n. Las v\u00edctimas aseguran que fueron estafadas y entregaron en total cerca de 313.000.000 de pesos. Durante las audiencias se conoci\u00f3 que est\u00e1n en curso 51 denuncias m\u00e1s por hechos similares.<\/p>\n<p>En desarrollo de las investigaciones la Fiscal\u00eda estableci\u00f3 la existencia de una empresa fachada constituida legalmente en la C\u00e1mara de Comercio y que era usada presuntamente para enga\u00f1ar a las v\u00edctimas.<\/p>\n<p>Las capturas fueron realizadas por funcionarios del CTI en Valledupar (Cesar), Bucaramanga (Santander) y C\u00facuta (Norte de Santander). Durante las diligencias, se incautaron equipos celulares, documentos y recibos de consignaciones de las v\u00edctimas, entre otros.<\/p>\n<p>La Fiscal\u00eda imput\u00f3 a Yeiber Enrique Arias G\u00f3mez, Mayra del Valle Mart\u00ednez Bele\u00f1o, Marley C\u00e1ceres Sanabria, Francisco Javier Salazar Vargas, Yohanis Paola Escorcia Jim\u00e9nez, Bisabeth Mar\u00eda Jim\u00e9nez Meri\u00f1o y Carmen Beatriz Segovia Bele\u00f1o los delitos de concierto para delinquir en concurso con estafa en masa.<\/p>\n<p>Salazar Vargas y Arias G\u00f3mez, aceptaron los delitos formulados por el ente investigador. Un juez de control de garant\u00edas los cobij\u00f3 con medida de aseguramiento domiciliaria. Mientras a Yohanis Paola, Bisabeth Mar\u00eda y Carmen Beatriz, no aceptaron cargos, pero fueron enviadas a la c\u00e1rcel. Los dos restantes no se allanaron a los cargos y recibieron detenci\u00f3n domiciliaria.<\/p>\n<p><strong>La Fiscal\u00eda habla con resultados.<\/strong><\/p>\n<p>&nbsp;<\/p>\n<p>&nbsp;<\/p>\n<p>&nbsp;<\/p>\n<p>&nbsp;<\/p>\n<p><strong>\u00a0<\/strong><\/p>\n<p>JLH\/CPS\/LYBT\/MRC\/<\/p>\n<p>&nbsp;<\/p>\n<p>&nbsp;<\/p>\n<p>&nbsp;<\/p>\n<p>&nbsp;<\/p>\n<p>&nbsp;<\/p>\n<div class=\"td-post-content tagdiv-type\">\n<div class=\"td-post-content tagdiv-type\">\n<div class=\"td-post-content tagdiv-type\">\n<div class=\"td-post-content tagdiv-type\">\n<div class=\"td-post-content tagdiv-type\">\n<p><em>La informaci\u00f3n contenida en este bolet\u00edn de prensa corresponde a la narraci\u00f3n de los hechos noticiosos objetivos, suministrados por los funcionarios encargados de adelantar las investigaciones penales al interior de la Fiscal\u00eda General de la Naci\u00f3n. Para el momento de la divulgaci\u00f3n de este comunicado, la situaci\u00f3n jur\u00eddica de la(s) persona(s) relacionada(s) se encuentra pendiente de resolver por la autoridad judicial competente, siempre bajo los preceptos de la presunci\u00f3n de inocencia, consagrados en el art\u00edculo 29 de la Constituci\u00f3n Pol\u00edtica y el art\u00edculo 7\u00ba de la Ley 906 de 2004.<\/em><\/p>\n<\/div>\n<\/div>\n<\/div>\n<\/div>\n<\/div>\n\n<div class=\"twitter-share\"><a href=\"https:\/\/twitter.com\/intent\/tweet?via=fiscaliacol\" class=\"twitter-share-button\">Tweet<\/a><\/div>\n","protected":false},"excerpt":{"rendered":"<p>Al parecer los hechos delincuenciales eran cometidos desde Valledupar (Cesar). La Fiscal\u00eda Seccional Caldas, con el fin de contrarrestar uno de los delitos que m\u00e1s afecta a la ciudadan\u00eda, como es la estafa, judicializ\u00f3 en las \u00faltimas horas a 7 personas se\u00f1aladas de enga\u00f1ar a las v\u00edctimas usando diferentes modalidades de ese delito. De acuerdo [&hellip;]<\/p>\n","protected":false},"author":177,"featured_media":263656,"comment_status":"closed","ping_status":"open","sticky":false,"template":"","format":"video","meta":{"tdm_status":"","tdm_grid_status":"","footnotes":""},"categories":[1,330,303,24099],"tags":[977,24185,24188,1047,24665],"class_list":{"0":"post-263422","1":"post","2":"type-post","3":"status-publish","4":"format-video","5":"has-post-thumbnail","7":"category-noticias","8":"category-seccional-manizales","9":"category-seccionales","10":"category-seguridad-territorial","11":"tag-delitos-informaticos","12":"tag-fiscal-barbosa","13":"tag-fiscal-francisco-barbosa","14":"tag-fiscalia-general-de-la-nacion","15":"tag-manizales-caldas","16":"post_format-post-format-video"},"yoast_head":"<!-- This site is optimized with the Yoast SEO plugin v24.3 - https:\/\/yoast.com\/wordpress\/plugins\/seo\/ -->\n<title>Fiscal\u00eda General de la Naci\u00f3n<\/title>\n<meta name=\"description\" content=\"P\u00e1gina oficial de la Fiscal\u00eda General de la Naci\u00f3n \u2013 Colombia. Garantizamos el acceso efectivo a la justicia, la verdad y la reparaci\u00f3n de las v\u00edctimas de los delitos.\" \/>\n<meta name=\"robots\" content=\"noindex, follow\" \/>\n<meta property=\"og:locale\" content=\"es_ES\" \/>\n<meta property=\"og:type\" content=\"article\" \/>\n<meta property=\"og:title\" content=\"Fiscal\u00eda General de la Naci\u00f3n\" \/>\n<meta property=\"og:description\" content=\"P\u00e1gina oficial de la Fiscal\u00eda General de la Naci\u00f3n \u2013 Colombia. Garantizamos el acceso efectivo a la justicia, la verdad y la reparaci\u00f3n de las v\u00edctimas de los delitos.\" \/>\n<meta property=\"og:url\" content=\"https:\/\/www.fiscalia.gov.co\/colombia\/noticias\/judicializados-siete-presuntos-integrantes-de-los-vallenatos-organizacion-dedicada-a-la-estafa-a-traves-de-medios-informaticos\/\" \/>\n<meta property=\"og:site_name\" content=\"Fiscal\u00eda General de la Naci\u00f3n\" \/>\n<meta property=\"article:publisher\" content=\"https:\/\/www.facebook.com\/FiscaliaCol\" \/>\n<meta property=\"article:published_time\" content=\"2022-12-22T20:35:28+00:00\" \/>\n<meta property=\"article:modified_time\" content=\"2022-12-30T23:34:04+00:00\" \/>\n<meta property=\"og:image\" content=\"https:\/\/www.fiscalia.gov.co\/colombia\/wp-content\/uploads\/maxresdefault-841.jpg\" \/>\n\t<meta property=\"og:image:width\" content=\"1280\" \/>\n\t<meta property=\"og:image:height\" content=\"720\" \/>\n\t<meta property=\"og:image:type\" content=\"image\/jpeg\" \/>\n<meta name=\"author\" content=\"Jordan Leandro Oviedo Anzola\" \/>\n<meta name=\"twitter:card\" content=\"summary_large_image\" \/>\n<meta name=\"twitter:creator\" content=\"@FiscaliaCol\" \/>\n<meta name=\"twitter:site\" content=\"@FiscaliaCol\" \/>\n<meta name=\"twitter:label1\" content=\"Escrito por\" \/>\n\t<meta name=\"twitter:data1\" content=\"Jordan Leandro Oviedo Anzola\" \/>\n\t<meta name=\"twitter:label2\" content=\"Tiempo de lectura\" \/>\n\t<meta name=\"twitter:data2\" content=\"3 minutos\" \/>\n<script type=\"application\/ld+json\" class=\"yoast-schema-graph\">{\"@context\":\"https:\/\/schema.org\",\"@graph\":[{\"@type\":\"Article\",\"@id\":\"https:\/\/www.fiscalia.gov.co\/colombia\/noticias\/judicializados-siete-presuntos-integrantes-de-los-vallenatos-organizacion-dedicada-a-la-estafa-a-traves-de-medios-informaticos\/#article\",\"isPartOf\":{\"@id\":\"https:\/\/www.fiscalia.gov.co\/colombia\/noticias\/judicializados-siete-presuntos-integrantes-de-los-vallenatos-organizacion-dedicada-a-la-estafa-a-traves-de-medios-informaticos\/\"},\"author\":{\"name\":\"Jordan Leandro Oviedo Anzola\",\"@id\":\"https:\/\/www.fiscalia.gov.co\/colombia\/#\/schema\/person\/bf84402cf293a5393e9c70b111020b24\"},\"headline\":\"Judicializados siete presuntos integrantes de Los Vallenatos, organizaci\u00f3n dedicada a la estafa a trav\u00e9s de medios inform\u00e1ticos\",\"datePublished\":\"2022-12-22T20:35:28+00:00\",\"dateModified\":\"2022-12-30T23:34:04+00:00\",\"mainEntityOfPage\":{\"@id\":\"https:\/\/www.fiscalia.gov.co\/colombia\/noticias\/judicializados-siete-presuntos-integrantes-de-los-vallenatos-organizacion-dedicada-a-la-estafa-a-traves-de-medios-informaticos\/\"},\"wordCount\":608,\"publisher\":{\"@id\":\"https:\/\/www.fiscalia.gov.co\/colombia\/#organization\"},\"image\":{\"@id\":\"https:\/\/www.fiscalia.gov.co\/colombia\/noticias\/judicializados-siete-presuntos-integrantes-de-los-vallenatos-organizacion-dedicada-a-la-estafa-a-traves-de-medios-informaticos\/#primaryimage\"},\"thumbnailUrl\":\"https:\/\/www.fiscalia.gov.co\/colombia\/wp-content\/uploads\/maxresdefault-841.jpg\",\"keywords\":[\"Delitos inform\u00e1ticos\",\"Fiscal Barbosa\",\"Fiscal Francisco Barbosa\",\"Fiscal\u00eda General de la Naci\u00f3n\",\"Manizales (Caldas)\"],\"articleSection\":[\"Noticias\",\"Seccional Manizales\",\"Seccionales\",\"Seguridad territorial\"],\"inLanguage\":\"es-CO\"},{\"@type\":\"WebPage\",\"@id\":\"https:\/\/www.fiscalia.gov.co\/colombia\/noticias\/judicializados-siete-presuntos-integrantes-de-los-vallenatos-organizacion-dedicada-a-la-estafa-a-traves-de-medios-informaticos\/\",\"url\":\"https:\/\/www.fiscalia.gov.co\/colombia\/noticias\/judicializados-siete-presuntos-integrantes-de-los-vallenatos-organizacion-dedicada-a-la-estafa-a-traves-de-medios-informaticos\/\",\"name\":\"Fiscal\u00eda General de la Naci\u00f3n\",\"isPartOf\":{\"@id\":\"https:\/\/www.fiscalia.gov.co\/colombia\/#website\"},\"primaryImageOfPage\":{\"@id\":\"https:\/\/www.fiscalia.gov.co\/colombia\/noticias\/judicializados-siete-presuntos-integrantes-de-los-vallenatos-organizacion-dedicada-a-la-estafa-a-traves-de-medios-informaticos\/#primaryimage\"},\"image\":{\"@id\":\"https:\/\/www.fiscalia.gov.co\/colombia\/noticias\/judicializados-siete-presuntos-integrantes-de-los-vallenatos-organizacion-dedicada-a-la-estafa-a-traves-de-medios-informaticos\/#primaryimage\"},\"thumbnailUrl\":\"https:\/\/www.fiscalia.gov.co\/colombia\/wp-content\/uploads\/maxresdefault-841.jpg\",\"datePublished\":\"2022-12-22T20:35:28+00:00\",\"dateModified\":\"2022-12-30T23:34:04+00:00\",\"description\":\"P\u00e1gina oficial de la Fiscal\u00eda General de la Naci\u00f3n \u2013 Colombia. Garantizamos el acceso efectivo a la justicia, la verdad y la reparaci\u00f3n de las v\u00edctimas de los delitos.\",\"breadcrumb\":{\"@id\":\"https:\/\/www.fiscalia.gov.co\/colombia\/noticias\/judicializados-siete-presuntos-integrantes-de-los-vallenatos-organizacion-dedicada-a-la-estafa-a-traves-de-medios-informaticos\/#breadcrumb\"},\"inLanguage\":\"es-CO\",\"potentialAction\":[{\"@type\":\"ReadAction\",\"target\":[\"https:\/\/www.fiscalia.gov.co\/colombia\/noticias\/judicializados-siete-presuntos-integrantes-de-los-vallenatos-organizacion-dedicada-a-la-estafa-a-traves-de-medios-informaticos\/\"]}]},{\"@type\":\"ImageObject\",\"inLanguage\":\"es-CO\",\"@id\":\"https:\/\/www.fiscalia.gov.co\/colombia\/noticias\/judicializados-siete-presuntos-integrantes-de-los-vallenatos-organizacion-dedicada-a-la-estafa-a-traves-de-medios-informaticos\/#primaryimage\",\"url\":\"https:\/\/www.fiscalia.gov.co\/colombia\/wp-content\/uploads\/maxresdefault-841.jpg\",\"contentUrl\":\"https:\/\/www.fiscalia.gov.co\/colombia\/wp-content\/uploads\/maxresdefault-841.jpg\",\"width\":1280,\"height\":720},{\"@type\":\"BreadcrumbList\",\"@id\":\"https:\/\/www.fiscalia.gov.co\/colombia\/noticias\/judicializados-siete-presuntos-integrantes-de-los-vallenatos-organizacion-dedicada-a-la-estafa-a-traves-de-medios-informaticos\/#breadcrumb\",\"itemListElement\":[{\"@type\":\"ListItem\",\"position\":1,\"name\":\"Home\",\"item\":\"https:\/\/www.fiscalia.gov.co\/colombia\/\"},{\"@type\":\"ListItem\",\"position\":2,\"name\":\"Judicializados siete presuntos integrantes de Los Vallenatos, organizaci\u00f3n dedicada a la estafa a trav\u00e9s de medios inform\u00e1ticos\"}]},{\"@type\":\"WebSite\",\"@id\":\"https:\/\/www.fiscalia.gov.co\/colombia\/#website\",\"url\":\"https:\/\/www.fiscalia.gov.co\/colombia\/\",\"name\":\"Fiscal\u00eda General de la Naci\u00f3n\",\"description\":\"P\u00e1gina oficial de la Fiscal\u00eda General de la Naci\u00f3n \u2013 Colombia. Garantizamos el acceso efectivo a la justicia, la verdad y la reparaci\u00f3n de las v\u00edctimas de los delitos.\",\"publisher\":{\"@id\":\"https:\/\/www.fiscalia.gov.co\/colombia\/#organization\"},\"potentialAction\":[{\"@type\":\"SearchAction\",\"target\":{\"@type\":\"EntryPoint\",\"urlTemplate\":\"https:\/\/www.fiscalia.gov.co\/colombia\/?s={search_term_string}\"},\"query-input\":{\"@type\":\"PropertyValueSpecification\",\"valueRequired\":true,\"valueName\":\"search_term_string\"}}],\"inLanguage\":\"es-CO\"},{\"@type\":\"Organization\",\"@id\":\"https:\/\/www.fiscalia.gov.co\/colombia\/#organization\",\"name\":\"Fiscal\u00eda General de la Naci\u00f3n\",\"url\":\"https:\/\/www.fiscalia.gov.co\/colombia\/\",\"logo\":{\"@type\":\"ImageObject\",\"inLanguage\":\"es-CO\",\"@id\":\"https:\/\/www.fiscalia.gov.co\/colombia\/#\/schema\/logo\/image\/\",\"url\":\"https:\/\/www.fiscalia.gov.co\/colombia\/wp-content\/uploads\/LogoHorizontal_1.jpg\",\"contentUrl\":\"https:\/\/www.fiscalia.gov.co\/colombia\/wp-content\/uploads\/LogoHorizontal_1.jpg\",\"width\":300,\"height\":90,\"caption\":\"Fiscal\u00eda General de la Naci\u00f3n\"},\"image\":{\"@id\":\"https:\/\/www.fiscalia.gov.co\/colombia\/#\/schema\/logo\/image\/\"},\"sameAs\":[\"https:\/\/www.facebook.com\/FiscaliaCol\",\"https:\/\/x.com\/FiscaliaCol\",\"https:\/\/www.instagram.com\/fiscaliacol\",\"https:\/\/www.linkedin.com\/company\/fiscalia-general-de-la-naci-n\/\",\"https:\/\/youtube.com\/@fiscaliageneraldelanacion-4668?si=6nN79nyQICPU5iTh\"]},{\"@type\":\"Person\",\"@id\":\"https:\/\/www.fiscalia.gov.co\/colombia\/#\/schema\/person\/bf84402cf293a5393e9c70b111020b24\",\"name\":\"Jordan Leandro Oviedo Anzola\",\"image\":{\"@type\":\"ImageObject\",\"inLanguage\":\"es-CO\",\"@id\":\"https:\/\/www.fiscalia.gov.co\/colombia\/#\/schema\/person\/image\/\",\"url\":\"https:\/\/secure.gravatar.com\/avatar\/dabba4346fa9b9207d96adafa8f92721?s=96&d=mm&r=g\",\"contentUrl\":\"https:\/\/secure.gravatar.com\/avatar\/dabba4346fa9b9207d96adafa8f92721?s=96&d=mm&r=g\",\"caption\":\"Jordan Leandro Oviedo Anzola\"},\"url\":\"https:\/\/www.fiscalia.gov.co\/colombia\/author\/joviedo\/\"}]}<\/script>\n<!-- \/ Yoast SEO plugin. -->","yoast_head_json":{"title":"Fiscal\u00eda General de la Naci\u00f3n","description":"P\u00e1gina oficial de la Fiscal\u00eda General de la Naci\u00f3n \u2013 Colombia. Garantizamos el acceso efectivo a la justicia, la verdad y la reparaci\u00f3n de las v\u00edctimas de los delitos.","robots":{"index":"noindex","follow":"follow"},"og_locale":"es_ES","og_type":"article","og_title":"Fiscal\u00eda General de la Naci\u00f3n","og_description":"P\u00e1gina oficial de la Fiscal\u00eda General de la Naci\u00f3n \u2013 Colombia. Garantizamos el acceso efectivo a la justicia, la verdad y la reparaci\u00f3n de las v\u00edctimas de los delitos.","og_url":"https:\/\/www.fiscalia.gov.co\/colombia\/noticias\/judicializados-siete-presuntos-integrantes-de-los-vallenatos-organizacion-dedicada-a-la-estafa-a-traves-de-medios-informaticos\/","og_site_name":"Fiscal\u00eda General de la Naci\u00f3n","article_publisher":"https:\/\/www.facebook.com\/FiscaliaCol","article_published_time":"2022-12-22T20:35:28+00:00","article_modified_time":"2022-12-30T23:34:04+00:00","og_image":[{"width":1280,"height":720,"url":"https:\/\/www.fiscalia.gov.co\/colombia\/wp-content\/uploads\/maxresdefault-841.jpg","type":"image\/jpeg"}],"author":"Jordan Leandro Oviedo Anzola","twitter_card":"summary_large_image","twitter_creator":"@FiscaliaCol","twitter_site":"@FiscaliaCol","twitter_misc":{"Escrito por":"Jordan Leandro Oviedo Anzola","Tiempo de lectura":"3 minutos"},"schema":{"@context":"https:\/\/schema.org","@graph":[{"@type":"Article","@id":"https:\/\/www.fiscalia.gov.co\/colombia\/noticias\/judicializados-siete-presuntos-integrantes-de-los-vallenatos-organizacion-dedicada-a-la-estafa-a-traves-de-medios-informaticos\/#article","isPartOf":{"@id":"https:\/\/www.fiscalia.gov.co\/colombia\/noticias\/judicializados-siete-presuntos-integrantes-de-los-vallenatos-organizacion-dedicada-a-la-estafa-a-traves-de-medios-informaticos\/"},"author":{"name":"Jordan Leandro Oviedo Anzola","@id":"https:\/\/www.fiscalia.gov.co\/colombia\/#\/schema\/person\/bf84402cf293a5393e9c70b111020b24"},"headline":"Judicializados siete presuntos integrantes de Los Vallenatos, organizaci\u00f3n dedicada a la estafa a trav\u00e9s de medios inform\u00e1ticos","datePublished":"2022-12-22T20:35:28+00:00","dateModified":"2022-12-30T23:34:04+00:00","mainEntityOfPage":{"@id":"https:\/\/www.fiscalia.gov.co\/colombia\/noticias\/judicializados-siete-presuntos-integrantes-de-los-vallenatos-organizacion-dedicada-a-la-estafa-a-traves-de-medios-informaticos\/"},"wordCount":608,"publisher":{"@id":"https:\/\/www.fiscalia.gov.co\/colombia\/#organization"},"image":{"@id":"https:\/\/www.fiscalia.gov.co\/colombia\/noticias\/judicializados-siete-presuntos-integrantes-de-los-vallenatos-organizacion-dedicada-a-la-estafa-a-traves-de-medios-informaticos\/#primaryimage"},"thumbnailUrl":"https:\/\/www.fiscalia.gov.co\/colombia\/wp-content\/uploads\/maxresdefault-841.jpg","keywords":["Delitos inform\u00e1ticos","Fiscal Barbosa","Fiscal Francisco Barbosa","Fiscal\u00eda General de la Naci\u00f3n","Manizales (Caldas)"],"articleSection":["Noticias","Seccional Manizales","Seccionales","Seguridad territorial"],"inLanguage":"es-CO"},{"@type":"WebPage","@id":"https:\/\/www.fiscalia.gov.co\/colombia\/noticias\/judicializados-siete-presuntos-integrantes-de-los-vallenatos-organizacion-dedicada-a-la-estafa-a-traves-de-medios-informaticos\/","url":"https:\/\/www.fiscalia.gov.co\/colombia\/noticias\/judicializados-siete-presuntos-integrantes-de-los-vallenatos-organizacion-dedicada-a-la-estafa-a-traves-de-medios-informaticos\/","name":"Fiscal\u00eda General de la Naci\u00f3n","isPartOf":{"@id":"https:\/\/www.fiscalia.gov.co\/colombia\/#website"},"primaryImageOfPage":{"@id":"https:\/\/www.fiscalia.gov.co\/colombia\/noticias\/judicializados-siete-presuntos-integrantes-de-los-vallenatos-organizacion-dedicada-a-la-estafa-a-traves-de-medios-informaticos\/#primaryimage"},"image":{"@id":"https:\/\/www.fiscalia.gov.co\/colombia\/noticias\/judicializados-siete-presuntos-integrantes-de-los-vallenatos-organizacion-dedicada-a-la-estafa-a-traves-de-medios-informaticos\/#primaryimage"},"thumbnailUrl":"https:\/\/www.fiscalia.gov.co\/colombia\/wp-content\/uploads\/maxresdefault-841.jpg","datePublished":"2022-12-22T20:35:28+00:00","dateModified":"2022-12-30T23:34:04+00:00","description":"P\u00e1gina oficial de la Fiscal\u00eda General de la Naci\u00f3n \u2013 Colombia. Garantizamos el acceso efectivo a la justicia, la verdad y la reparaci\u00f3n de las v\u00edctimas de los delitos.","breadcrumb":{"@id":"https:\/\/www.fiscalia.gov.co\/colombia\/noticias\/judicializados-siete-presuntos-integrantes-de-los-vallenatos-organizacion-dedicada-a-la-estafa-a-traves-de-medios-informaticos\/#breadcrumb"},"inLanguage":"es-CO","potentialAction":[{"@type":"ReadAction","target":["https:\/\/www.fiscalia.gov.co\/colombia\/noticias\/judicializados-siete-presuntos-integrantes-de-los-vallenatos-organizacion-dedicada-a-la-estafa-a-traves-de-medios-informaticos\/"]}]},{"@type":"ImageObject","inLanguage":"es-CO","@id":"https:\/\/www.fiscalia.gov.co\/colombia\/noticias\/judicializados-siete-presuntos-integrantes-de-los-vallenatos-organizacion-dedicada-a-la-estafa-a-traves-de-medios-informaticos\/#primaryimage","url":"https:\/\/www.fiscalia.gov.co\/colombia\/wp-content\/uploads\/maxresdefault-841.jpg","contentUrl":"https:\/\/www.fiscalia.gov.co\/colombia\/wp-content\/uploads\/maxresdefault-841.jpg","width":1280,"height":720},{"@type":"BreadcrumbList","@id":"https:\/\/www.fiscalia.gov.co\/colombia\/noticias\/judicializados-siete-presuntos-integrantes-de-los-vallenatos-organizacion-dedicada-a-la-estafa-a-traves-de-medios-informaticos\/#breadcrumb","itemListElement":[{"@type":"ListItem","position":1,"name":"Home","item":"https:\/\/www.fiscalia.gov.co\/colombia\/"},{"@type":"ListItem","position":2,"name":"Judicializados siete presuntos integrantes de Los Vallenatos, organizaci\u00f3n dedicada a la estafa a trav\u00e9s de medios inform\u00e1ticos"}]},{"@type":"WebSite","@id":"https:\/\/www.fiscalia.gov.co\/colombia\/#website","url":"https:\/\/www.fiscalia.gov.co\/colombia\/","name":"Fiscal\u00eda General de la Naci\u00f3n","description":"P\u00e1gina oficial de la Fiscal\u00eda General de la Naci\u00f3n \u2013 Colombia. Garantizamos el acceso efectivo a la justicia, la verdad y la reparaci\u00f3n de las v\u00edctimas de los delitos.","publisher":{"@id":"https:\/\/www.fiscalia.gov.co\/colombia\/#organization"},"potentialAction":[{"@type":"SearchAction","target":{"@type":"EntryPoint","urlTemplate":"https:\/\/www.fiscalia.gov.co\/colombia\/?s={search_term_string}"},"query-input":{"@type":"PropertyValueSpecification","valueRequired":true,"valueName":"search_term_string"}}],"inLanguage":"es-CO"},{"@type":"Organization","@id":"https:\/\/www.fiscalia.gov.co\/colombia\/#organization","name":"Fiscal\u00eda General de la Naci\u00f3n","url":"https:\/\/www.fiscalia.gov.co\/colombia\/","logo":{"@type":"ImageObject","inLanguage":"es-CO","@id":"https:\/\/www.fiscalia.gov.co\/colombia\/#\/schema\/logo\/image\/","url":"https:\/\/www.fiscalia.gov.co\/colombia\/wp-content\/uploads\/LogoHorizontal_1.jpg","contentUrl":"https:\/\/www.fiscalia.gov.co\/colombia\/wp-content\/uploads\/LogoHorizontal_1.jpg","width":300,"height":90,"caption":"Fiscal\u00eda General de la Naci\u00f3n"},"image":{"@id":"https:\/\/www.fiscalia.gov.co\/colombia\/#\/schema\/logo\/image\/"},"sameAs":["https:\/\/www.facebook.com\/FiscaliaCol","https:\/\/x.com\/FiscaliaCol","https:\/\/www.instagram.com\/fiscaliacol","https:\/\/www.linkedin.com\/company\/fiscalia-general-de-la-naci-n\/","https:\/\/youtube.com\/@fiscaliageneraldelanacion-4668?si=6nN79nyQICPU5iTh"]},{"@type":"Person","@id":"https:\/\/www.fiscalia.gov.co\/colombia\/#\/schema\/person\/bf84402cf293a5393e9c70b111020b24","name":"Jordan Leandro Oviedo Anzola","image":{"@type":"ImageObject","inLanguage":"es-CO","@id":"https:\/\/www.fiscalia.gov.co\/colombia\/#\/schema\/person\/image\/","url":"https:\/\/secure.gravatar.com\/avatar\/dabba4346fa9b9207d96adafa8f92721?s=96&d=mm&r=g","contentUrl":"https:\/\/secure.gravatar.com\/avatar\/dabba4346fa9b9207d96adafa8f92721?s=96&d=mm&r=g","caption":"Jordan Leandro Oviedo Anzola"},"url":"https:\/\/www.fiscalia.gov.co\/colombia\/author\/joviedo\/"}]}},"_links":{"self":[{"href":"https:\/\/www.fiscalia.gov.co\/colombia\/wp-json\/wp\/v2\/posts\/263422","targetHints":{"allow":["GET"]}}],"collection":[{"href":"https:\/\/www.fiscalia.gov.co\/colombia\/wp-json\/wp\/v2\/posts"}],"about":[{"href":"https:\/\/www.fiscalia.gov.co\/colombia\/wp-json\/wp\/v2\/types\/post"}],"author":[{"embeddable":true,"href":"https:\/\/www.fiscalia.gov.co\/colombia\/wp-json\/wp\/v2\/users\/177"}],"replies":[{"embeddable":true,"href":"https:\/\/www.fiscalia.gov.co\/colombia\/wp-json\/wp\/v2\/comments?post=263422"}],"version-history":[{"count":2,"href":"https:\/\/www.fiscalia.gov.co\/colombia\/wp-json\/wp\/v2\/posts\/263422\/revisions"}],"predecessor-version":[{"id":263425,"href":"https:\/\/www.fiscalia.gov.co\/colombia\/wp-json\/wp\/v2\/posts\/263422\/revisions\/263425"}],"wp:featuredmedia":[{"embeddable":true,"href":"https:\/\/www.fiscalia.gov.co\/colombia\/wp-json\/wp\/v2\/media\/263656"}],"wp:attachment":[{"href":"https:\/\/www.fiscalia.gov.co\/colombia\/wp-json\/wp\/v2\/media?parent=263422"}],"wp:term":[{"taxonomy":"category","embeddable":true,"href":"https:\/\/www.fiscalia.gov.co\/colombia\/wp-json\/wp\/v2\/categories?post=263422"},{"taxonomy":"post_tag","embeddable":true,"href":"https:\/\/www.fiscalia.gov.co\/colombia\/wp-json\/wp\/v2\/tags?post=263422"}],"curies":[{"name":"wp","href":"https:\/\/api.w.org\/{rel}","templated":true}]}}