{"id":263411,"date":"2022-12-22T14:48:38","date_gmt":"2022-12-22T19:48:38","guid":{"rendered":"https:\/\/www.fiscalia.gov.co\/colombia\/?p=263411"},"modified":"2022-12-30T18:12:39","modified_gmt":"2022-12-30T23:12:39","slug":"seccional-atlantico-fortalece-en-2022-las-acciones-investigativas-para-contrarrestar-la-criminalidad-que-afecta-la-ciudadania","status":"publish","type":"post","link":"https:\/\/www.fiscalia.gov.co\/colombia\/noticias\/seccional-atlantico-fortalece-en-2022-las-acciones-investigativas-para-contrarrestar-la-criminalidad-que-afecta-la-ciudadania\/","title":{"rendered":"Seccional Atl\u00e1ntico fortalece en 2022 las acciones investigativas para contrarrestar la criminalidad que afecta la ciudadan\u00eda"},"content":{"rendered":"<p class=\"m_1433955445102766677MsoNoSpacing\">La Seccional Atl\u00e1ntico en cumplimiento del Direccionamiento Estrat\u00e9gico definido por el\u00a0<span class=\"m_1433955445102766677grame\">Fiscal General<\/span>\u00a0de la Naci\u00f3n, Francisco Barbosa Delgado, durante el 2022 impact\u00f3 con total contundencia las redes de criminalidad organizada que operan en este departamento.\u00a0<u><\/u><u><\/u><\/p>\n<p class=\"m_1433955445102766677MsoNoSpacing\">En este sentido, fueron desarticuladas 66 organizaciones ilegales dedicadas a los delitos de tr\u00e1fico de estupefacientes, homicidios, extorsi\u00f3n y hurto. En estas acciones fueron capturadas 331 personas y 260 fueron privadas de la libertad. Entre ellas est\u00e1n Clan del Golfo, Rastrojos Coste\u00f1os y Coste\u00f1os, con un enfoque dirigido en contra de sus finanzas criminales.\u00a0<u><\/u><u><\/u><\/p>\n<p class=\"m_1433955445102766677MsoNoSpacing\">En cuanto a homicidios la Seccional inform\u00f3 que en lo corrido del 2022 se han presentado 658 casos en los cuales se ha alcanzado el 43,47% de esclarecimiento; adem\u00e1s, durante el a\u00f1o se han presentado 12 casos de feminicidio, los cuales fueron esclarecidos con prontitud por la Fiscal\u00eda.<u><\/u><u><\/u><\/p>\n<figure id=\"attachment_263412\" aria-describedby=\"caption-attachment-263412\" style=\"width: 696px\" class=\"wp-caption aligncenter\"><img loading=\"lazy\" decoding=\"async\" class=\"size-large wp-image-263412\" src=\"https:\/\/www.fiscalia.gov.co\/colombia\/wp-content\/uploads\/1.-Asegurados-12-presuntos-integrantes-de-los-rastrojos-costenos-organizacion-investigada-por-la-presunta-comision-de-extorsiones-y-homicidios-selectivos-en-atlantico-1024x411.jpeg\" alt=\"Se aprecian 10 de los procesados esposados en compa\u00f1\u00eda de las autoridades. De fondo est\u00e1 el backing de la Polic\u00eda.\" width=\"696\" height=\"279\" srcset=\"https:\/\/www.fiscalia.gov.co\/colombia\/wp-content\/uploads\/1.-Asegurados-12-presuntos-integrantes-de-los-rastrojos-costenos-organizacion-investigada-por-la-presunta-comision-de-extorsiones-y-homicidios-selectivos-en-atlantico-1024x411.jpeg 1024w, https:\/\/www.fiscalia.gov.co\/colombia\/wp-content\/uploads\/1.-Asegurados-12-presuntos-integrantes-de-los-rastrojos-costenos-organizacion-investigada-por-la-presunta-comision-de-extorsiones-y-homicidios-selectivos-en-atlantico-300x120.jpeg 300w, https:\/\/www.fiscalia.gov.co\/colombia\/wp-content\/uploads\/1.-Asegurados-12-presuntos-integrantes-de-los-rastrojos-costenos-organizacion-investigada-por-la-presunta-comision-de-extorsiones-y-homicidios-selectivos-en-atlantico-768x308.jpeg 768w, https:\/\/www.fiscalia.gov.co\/colombia\/wp-content\/uploads\/1.-Asegurados-12-presuntos-integrantes-de-los-rastrojos-costenos-organizacion-investigada-por-la-presunta-comision-de-extorsiones-y-homicidios-selectivos-en-atlantico-696x279.jpeg 696w, https:\/\/www.fiscalia.gov.co\/colombia\/wp-content\/uploads\/1.-Asegurados-12-presuntos-integrantes-de-los-rastrojos-costenos-organizacion-investigada-por-la-presunta-comision-de-extorsiones-y-homicidios-selectivos-en-atlantico-1068x429.jpeg 1068w, https:\/\/www.fiscalia.gov.co\/colombia\/wp-content\/uploads\/1.-Asegurados-12-presuntos-integrantes-de-los-rastrojos-costenos-organizacion-investigada-por-la-presunta-comision-de-extorsiones-y-homicidios-selectivos-en-atlantico-1046x420.jpeg 1046w, https:\/\/www.fiscalia.gov.co\/colombia\/wp-content\/uploads\/1.-Asegurados-12-presuntos-integrantes-de-los-rastrojos-costenos-organizacion-investigada-por-la-presunta-comision-de-extorsiones-y-homicidios-selectivos-en-atlantico.jpeg 1280w\" sizes=\"auto, (max-width: 696px) 100vw, 696px\" \/><figcaption id=\"caption-attachment-263412\" class=\"wp-caption-text\">Asegurados 12 presuntos integrantes de los rastrojos coste\u00f1os organizaci\u00f3n investigada por la presunta comisi\u00f3n de extorsiones y homicidios selectivos en atl\u00e1ntico<\/figcaption><\/figure>\n<p class=\"m_1433955445102766677MsoNoSpacing\">Respecto al punible de violencia intrafamiliar se han presentado 3.765 hechos de este tipo de los cuales se lleg\u00f3 a una efectividad del 92,72%.<u><\/u><u><\/u><\/p>\n<p class=\"m_1433955445102766677MsoNoSpacing\">En cuanto a delitos sexuales se reportaron 657 casos, logrando un avance en la resoluci\u00f3n de\u00a0<span class=\"m_1433955445102766677grame\">los mismos<\/span>\u00a0del 68,04%.<u><\/u><u><\/u><\/p>\n<p class=\"m_1433955445102766677MsoNoSpacing\">Es importante destacar que, en un trabajo articulado del Cuerpo T\u00e9cnico de Investigaci\u00f3n, la Polic\u00eda Nacional y el Ej\u00e9rcito Nacional, se logr\u00f3 resolver en corto tiempo casos connotados que ocurrieron en el departamento del Atl\u00e1ntico.<u><\/u><u><\/u><\/p>\n<p class=\"m_1433955445102766677MsoNoSpacing\">La Fiscal\u00eda en Atl\u00e1ntico resolvi\u00f3 en tiempo r\u00e9cord (uno en 7 d\u00edas y los otros dos en 30 d\u00edas), los homicidios de 3 conductores de transporte p\u00fablico ocurridos el 23, 25 y 31 de julio del presente a\u00f1o.<u><\/u><u><\/u><\/p>\n<p class=\"m_1433955445102766677MsoNoSpacing\">Del mismo modo, en 38 d\u00edas obtuvo resultados en el caso de un homicidio colectivo donde resultaron 6 personas muertas y 3 heridas en el barrio Las Flores de Barranquilla. La Fiscal\u00eda logr\u00f3 la judicializaci\u00f3n de los responsables del crimen ocurrido el pasado 12 de septiembre.\u00a0<span class=\"m_1433955445102766677spelle\">Jeremi<\/span>\u00a0David Colmenares\u00a0<span class=\"m_1433955445102766677spelle\">Colmenares<\/span><b>,<\/b><strong>\u00a0presunto sicario de la organizaci\u00f3n criminal Los Coste\u00f1os, fue asegurado en centro carcelario porque al parecer habr\u00eda participado en este hecho.<\/strong><u><\/u><u><\/u><\/p>\n<figure id=\"attachment_263413\" aria-describedby=\"caption-attachment-263413\" style=\"width: 696px\" class=\"wp-caption aligncenter\"><img loading=\"lazy\" decoding=\"async\" class=\"size-large wp-image-263413\" src=\"https:\/\/www.fiscalia.gov.co\/colombia\/wp-content\/uploads\/2.-Jeremi-Colmenares-Colmenares-fue-judicializado-por-su-presunta-participacion-el-homicidio-colectivo-del-barrio-Las-Flores-1024x564.jpeg\" alt=\"Se encuentra el imputado en compa\u00f1\u00eda de dos personas cuyos rostros est\u00e1n borrosos. A\" width=\"696\" height=\"383\" srcset=\"https:\/\/www.fiscalia.gov.co\/colombia\/wp-content\/uploads\/2.-Jeremi-Colmenares-Colmenares-fue-judicializado-por-su-presunta-participacion-el-homicidio-colectivo-del-barrio-Las-Flores-1024x564.jpeg 1024w, https:\/\/www.fiscalia.gov.co\/colombia\/wp-content\/uploads\/2.-Jeremi-Colmenares-Colmenares-fue-judicializado-por-su-presunta-participacion-el-homicidio-colectivo-del-barrio-Las-Flores-300x165.jpeg 300w, https:\/\/www.fiscalia.gov.co\/colombia\/wp-content\/uploads\/2.-Jeremi-Colmenares-Colmenares-fue-judicializado-por-su-presunta-participacion-el-homicidio-colectivo-del-barrio-Las-Flores-768x423.jpeg 768w, https:\/\/www.fiscalia.gov.co\/colombia\/wp-content\/uploads\/2.-Jeremi-Colmenares-Colmenares-fue-judicializado-por-su-presunta-participacion-el-homicidio-colectivo-del-barrio-Las-Flores-696x383.jpeg 696w, https:\/\/www.fiscalia.gov.co\/colombia\/wp-content\/uploads\/2.-Jeremi-Colmenares-Colmenares-fue-judicializado-por-su-presunta-participacion-el-homicidio-colectivo-del-barrio-Las-Flores-1068x588.jpeg 1068w, https:\/\/www.fiscalia.gov.co\/colombia\/wp-content\/uploads\/2.-Jeremi-Colmenares-Colmenares-fue-judicializado-por-su-presunta-participacion-el-homicidio-colectivo-del-barrio-Las-Flores-763x420.jpeg 763w, https:\/\/www.fiscalia.gov.co\/colombia\/wp-content\/uploads\/2.-Jeremi-Colmenares-Colmenares-fue-judicializado-por-su-presunta-participacion-el-homicidio-colectivo-del-barrio-Las-Flores.jpeg 1280w\" sizes=\"auto, (max-width: 696px) 100vw, 696px\" \/><figcaption id=\"caption-attachment-263413\" class=\"wp-caption-text\">Jeremi Colmenares Colmenares fue judicializado por su presunta participaci\u00f3n el homicidio colectivo del barrio Las Flores<\/figcaption><\/figure>\n<p>Para estrechar los lazos con la comunidad y llevar justicia integral a lo largo y ancho del departamento fueron habilitados dos Puntos de Atenci\u00f3n de la Fiscal\u00eda (PAF) en los municipios de Tubar\u00e1 y Juan de Acosta. Esta estrategia busca facilitar el avance en las investigaciones y la pronta judicializaci\u00f3n de quienes atenten contra la seguridad de los habitantes. Cuenta con un profesional que orienta a los usuarios en sus procesos y despeja sus inquietudes si as\u00ed lo requieren.<\/p>\n<figure id=\"attachment_263414\" aria-describedby=\"caption-attachment-263414\" style=\"width: 696px\" class=\"wp-caption aligncenter\"><img loading=\"lazy\" decoding=\"async\" class=\"size-large wp-image-263414\" src=\"https:\/\/www.fiscalia.gov.co\/colombia\/wp-content\/uploads\/3.-Fiscalia-instalo-en-Tubara-Atlantico-un-nuevo-punto-de-atenicon-PAF-1024x768.jpeg\" alt=\"\" width=\"696\" height=\"522\" srcset=\"https:\/\/www.fiscalia.gov.co\/colombia\/wp-content\/uploads\/3.-Fiscalia-instalo-en-Tubara-Atlantico-un-nuevo-punto-de-atenicon-PAF-1024x768.jpeg 1024w, https:\/\/www.fiscalia.gov.co\/colombia\/wp-content\/uploads\/3.-Fiscalia-instalo-en-Tubara-Atlantico-un-nuevo-punto-de-atenicon-PAF-300x225.jpeg 300w, https:\/\/www.fiscalia.gov.co\/colombia\/wp-content\/uploads\/3.-Fiscalia-instalo-en-Tubara-Atlantico-un-nuevo-punto-de-atenicon-PAF-768x576.jpeg 768w, https:\/\/www.fiscalia.gov.co\/colombia\/wp-content\/uploads\/3.-Fiscalia-instalo-en-Tubara-Atlantico-un-nuevo-punto-de-atenicon-PAF-1536x1152.jpeg 1536w, https:\/\/www.fiscalia.gov.co\/colombia\/wp-content\/uploads\/3.-Fiscalia-instalo-en-Tubara-Atlantico-un-nuevo-punto-de-atenicon-PAF-696x522.jpeg 696w, https:\/\/www.fiscalia.gov.co\/colombia\/wp-content\/uploads\/3.-Fiscalia-instalo-en-Tubara-Atlantico-un-nuevo-punto-de-atenicon-PAF-1068x801.jpeg 1068w, https:\/\/www.fiscalia.gov.co\/colombia\/wp-content\/uploads\/3.-Fiscalia-instalo-en-Tubara-Atlantico-un-nuevo-punto-de-atenicon-PAF-560x420.jpeg 560w, https:\/\/www.fiscalia.gov.co\/colombia\/wp-content\/uploads\/3.-Fiscalia-instalo-en-Tubara-Atlantico-un-nuevo-punto-de-atenicon-PAF-80x60.jpeg 80w, https:\/\/www.fiscalia.gov.co\/colombia\/wp-content\/uploads\/3.-Fiscalia-instalo-en-Tubara-Atlantico-un-nuevo-punto-de-atenicon-PAF-265x198.jpeg 265w, https:\/\/www.fiscalia.gov.co\/colombia\/wp-content\/uploads\/3.-Fiscalia-instalo-en-Tubara-Atlantico-un-nuevo-punto-de-atenicon-PAF.jpeg 1600w\" sizes=\"auto, (max-width: 696px) 100vw, 696px\" \/><figcaption id=\"caption-attachment-263414\" class=\"wp-caption-text\">Fiscal\u00eda instal\u00f3 en Tubar\u00e1 &#8211; Atl\u00e1ntico, un nuevo punto de atenci\u00f3n PAF<\/figcaption><\/figure>\n<p><u><\/u><u><\/u><b>La Fiscal\u00eda en Atl\u00e1ntico en el a\u00f1o 2022 habl\u00f3 con resultados.<\/b><u><\/u><u><\/u><\/p>\n<p class=\"m_1433955445102766677MsoNoSpacing\">\u00a0<u><\/u><u><\/u><\/p>\n<p>&nbsp;<\/p>\n<p>&nbsp;<\/p>\n<p>&nbsp;<\/p>\n<p>&nbsp;<\/p>\n<p class=\"m_1433955445102766677MsoNoSpacing\">SKCR\/LYBT\/JHM\/DSA<u><\/u><u><\/u><\/p>\n<p class=\"m_1433955445102766677MsoNoSpacing\">\u00a0<u><\/u><u><\/u><\/p>\n<p>&nbsp;<\/p>\n<p>&nbsp;<\/p>\n<p>&nbsp;<\/p>\n<div class=\"td-post-content tagdiv-type\">\n<div class=\"td-post-content tagdiv-type\">\n<div class=\"td-post-content tagdiv-type\">\n<p><em>La informaci\u00f3n contenida en este bolet\u00edn de prensa corresponde a la narraci\u00f3n de los hechos noticiosos objetivos, suministrados por los funcionarios encargados de adelantar las investigaciones penales al interior de la Fiscal\u00eda General de la Naci\u00f3n. Para el momento de la divulgaci\u00f3n de este comunicado, la situaci\u00f3n jur\u00eddica de la(s) persona(s) relacionada(s) se encuentra pendiente de resolver por la autoridad judicial competente, siempre bajo los preceptos de la presunci\u00f3n de inocencia, consagrados en el art\u00edculo 29 de la Constituci\u00f3n Pol\u00edtica y el art\u00edculo 7\u00ba de la Ley 906 de 2004.<\/em><\/p>\n<\/div>\n<\/div>\n<\/div>\n\n<div class=\"twitter-share\"><a href=\"https:\/\/twitter.com\/intent\/tweet?via=fiscaliacol\" class=\"twitter-share-button\">Tweet<\/a><\/div>\n","protected":false},"excerpt":{"rendered":"<p>La Seccional Atl\u00e1ntico en cumplimiento del Direccionamiento Estrat\u00e9gico definido por el\u00a0Fiscal General\u00a0de la Naci\u00f3n, Francisco Barbosa Delgado, durante el 2022 impact\u00f3 con total contundencia las redes de criminalidad organizada que operan en este departamento.\u00a0 En este sentido, fueron desarticuladas 66 organizaciones ilegales dedicadas a los delitos de tr\u00e1fico de estupefacientes, homicidios, extorsi\u00f3n y hurto. En [&hellip;]<\/p>\n","protected":false},"author":177,"featured_media":0,"comment_status":"closed","ping_status":"open","sticky":false,"template":"","format":"video","meta":{"_price":"","_stock":"","_tribe_ticket_header":"","_tribe_default_ticket_provider":"","_tribe_ticket_capacity":"0","_ticket_start_date":"","_ticket_end_date":"","_tribe_ticket_show_description":"","_tribe_ticket_show_not_going":false,"_tribe_ticket_use_global_stock":"","_tribe_ticket_global_stock_level":"","_global_stock_mode":"","_global_stock_cap":"","_tribe_rsvp_for_event":"","_tribe_ticket_going_count":"","_tribe_ticket_not_going_count":"","_tribe_tickets_list":"[]","_tribe_ticket_has_attendee_info_fields":false,"tdm_status":"","tdm_grid_status":"","footnotes":""},"categories":[1,320,303],"tags":[27335,33599,305,23829,23982,19099,871,24849,54,30181,18761,30580,33600,23901],"class_list":{"0":"post-263411","1":"post","2":"type-post","3":"status-publish","4":"format-video","6":"category-noticias","7":"category-seccional-barranquilla","8":"category-seccionales","9":"tag-area-metropolitana","10":"tag-balance-atlantico-2022","11":"tag-bandas-criminales","12":"tag-barranquilla","13":"tag-barranquilla-atlantico","14":"tag-conductores","15":"tag-extorion","16":"tag-homicidio-colectivo","17":"tag-masacre","18":"tag-operatividad","19":"tag-organizaciones-delincuenciales","20":"tag-paf","21":"tag-puerto","22":"tag-soledad","23":"post_format-post-format-video"},"yoast_head":"<!-- This site is optimized with the Yoast SEO plugin v24.3 - https:\/\/yoast.com\/wordpress\/plugins\/seo\/ -->\n<title>Fiscal\u00eda General de la Naci\u00f3n<\/title>\n<meta name=\"description\" content=\"P\u00e1gina oficial de la Fiscal\u00eda General de la Naci\u00f3n \u2013 Colombia. Garantizamos el acceso efectivo a la justicia, la verdad y la reparaci\u00f3n de las v\u00edctimas de los delitos.\" \/>\n<meta name=\"robots\" content=\"noindex, follow\" \/>\n<meta property=\"og:locale\" content=\"es_ES\" \/>\n<meta property=\"og:type\" content=\"article\" \/>\n<meta property=\"og:title\" content=\"Fiscal\u00eda General de la Naci\u00f3n\" \/>\n<meta property=\"og:description\" content=\"P\u00e1gina oficial de la Fiscal\u00eda General de la Naci\u00f3n \u2013 Colombia. Garantizamos el acceso efectivo a la justicia, la verdad y la reparaci\u00f3n de las v\u00edctimas de los delitos.\" \/>\n<meta property=\"og:url\" content=\"https:\/\/www.fiscalia.gov.co\/colombia\/noticias\/seccional-atlantico-fortalece-en-2022-las-acciones-investigativas-para-contrarrestar-la-criminalidad-que-afecta-la-ciudadania\/\" \/>\n<meta property=\"og:site_name\" content=\"Fiscal\u00eda General de la Naci\u00f3n\" \/>\n<meta property=\"article:publisher\" content=\"https:\/\/www.facebook.com\/FiscaliaCol\" \/>\n<meta property=\"article:published_time\" content=\"2022-12-22T19:48:38+00:00\" \/>\n<meta property=\"article:modified_time\" content=\"2022-12-30T23:12:39+00:00\" \/>\n<meta property=\"og:image\" content=\"https:\/\/www.fiscalia.gov.co\/colombia\/wp-content\/uploads\/1.-Asegurados-12-presuntos-integrantes-de-los-rastrojos-costenos-organizacion-investigada-por-la-presunta-comision-de-extorsiones-y-homicidios-selectivos-en-atlantico-1024x411.jpeg\" \/>\n<meta name=\"author\" content=\"Jordan Leandro Oviedo Anzola\" \/>\n<meta name=\"twitter:card\" content=\"summary_large_image\" \/>\n<meta name=\"twitter:creator\" content=\"@FiscaliaCol\" \/>\n<meta name=\"twitter:site\" content=\"@FiscaliaCol\" \/>\n<meta name=\"twitter:label1\" content=\"Escrito por\" \/>\n\t<meta name=\"twitter:data1\" content=\"Jordan Leandro Oviedo Anzola\" \/>\n\t<meta name=\"twitter:label2\" content=\"Tiempo de lectura\" \/>\n\t<meta name=\"twitter:data2\" content=\"3 minutos\" \/>\n<script type=\"application\/ld+json\" class=\"yoast-schema-graph\">{\"@context\":\"https:\/\/schema.org\",\"@graph\":[{\"@type\":\"Article\",\"@id\":\"https:\/\/www.fiscalia.gov.co\/colombia\/noticias\/seccional-atlantico-fortalece-en-2022-las-acciones-investigativas-para-contrarrestar-la-criminalidad-que-afecta-la-ciudadania\/#article\",\"isPartOf\":{\"@id\":\"https:\/\/www.fiscalia.gov.co\/colombia\/noticias\/seccional-atlantico-fortalece-en-2022-las-acciones-investigativas-para-contrarrestar-la-criminalidad-que-afecta-la-ciudadania\/\"},\"author\":{\"name\":\"Jordan Leandro Oviedo Anzola\",\"@id\":\"https:\/\/www.fiscalia.gov.co\/colombia\/#\/schema\/person\/bf84402cf293a5393e9c70b111020b24\"},\"headline\":\"Seccional Atl\u00e1ntico fortalece en 2022 las acciones investigativas para contrarrestar la criminalidad que afecta la ciudadan\u00eda\",\"datePublished\":\"2022-12-22T19:48:38+00:00\",\"dateModified\":\"2022-12-30T23:12:39+00:00\",\"mainEntityOfPage\":{\"@id\":\"https:\/\/www.fiscalia.gov.co\/colombia\/noticias\/seccional-atlantico-fortalece-en-2022-las-acciones-investigativas-para-contrarrestar-la-criminalidad-que-afecta-la-ciudadania\/\"},\"wordCount\":636,\"publisher\":{\"@id\":\"https:\/\/www.fiscalia.gov.co\/colombia\/#organization\"},\"image\":{\"@id\":\"https:\/\/www.fiscalia.gov.co\/colombia\/noticias\/seccional-atlantico-fortalece-en-2022-las-acciones-investigativas-para-contrarrestar-la-criminalidad-que-afecta-la-ciudadania\/#primaryimage\"},\"thumbnailUrl\":\"https:\/\/www.fiscalia.gov.co\/colombia\/wp-content\/uploads\/1.-Asegurados-12-presuntos-integrantes-de-los-rastrojos-costenos-organizacion-investigada-por-la-presunta-comision-de-extorsiones-y-homicidios-selectivos-en-atlantico-1024x411.jpeg\",\"keywords\":[\"\u00e1rea metropolitana\",\"Balance Atl\u00e1ntico 2022\",\"Bandas criminales\",\"Barranquilla\",\"Barranquilla (Atl\u00e1ntico)\",\"Conductores\",\"Extorsi\u00f3n\",\"homicidio colectivo\",\"Masacre\",\"Operatividad\",\"Organizaciones delincuenciales\",\"PAF\",\"Puerto\",\"Soledad\"],\"articleSection\":[\"Noticias\",\"Seccional Barranquilla\",\"Seccionales\"],\"inLanguage\":\"es-CO\"},{\"@type\":\"WebPage\",\"@id\":\"https:\/\/www.fiscalia.gov.co\/colombia\/noticias\/seccional-atlantico-fortalece-en-2022-las-acciones-investigativas-para-contrarrestar-la-criminalidad-que-afecta-la-ciudadania\/\",\"url\":\"https:\/\/www.fiscalia.gov.co\/colombia\/noticias\/seccional-atlantico-fortalece-en-2022-las-acciones-investigativas-para-contrarrestar-la-criminalidad-que-afecta-la-ciudadania\/\",\"name\":\"Fiscal\u00eda General de la Naci\u00f3n\",\"isPartOf\":{\"@id\":\"https:\/\/www.fiscalia.gov.co\/colombia\/#website\"},\"primaryImageOfPage\":{\"@id\":\"https:\/\/www.fiscalia.gov.co\/colombia\/noticias\/seccional-atlantico-fortalece-en-2022-las-acciones-investigativas-para-contrarrestar-la-criminalidad-que-afecta-la-ciudadania\/#primaryimage\"},\"image\":{\"@id\":\"https:\/\/www.fiscalia.gov.co\/colombia\/noticias\/seccional-atlantico-fortalece-en-2022-las-acciones-investigativas-para-contrarrestar-la-criminalidad-que-afecta-la-ciudadania\/#primaryimage\"},\"thumbnailUrl\":\"https:\/\/www.fiscalia.gov.co\/colombia\/wp-content\/uploads\/1.-Asegurados-12-presuntos-integrantes-de-los-rastrojos-costenos-organizacion-investigada-por-la-presunta-comision-de-extorsiones-y-homicidios-selectivos-en-atlantico-1024x411.jpeg\",\"datePublished\":\"2022-12-22T19:48:38+00:00\",\"dateModified\":\"2022-12-30T23:12:39+00:00\",\"description\":\"P\u00e1gina oficial de la Fiscal\u00eda General de la Naci\u00f3n \u2013 Colombia. Garantizamos el acceso efectivo a la justicia, la verdad y la reparaci\u00f3n de las v\u00edctimas de los delitos.\",\"breadcrumb\":{\"@id\":\"https:\/\/www.fiscalia.gov.co\/colombia\/noticias\/seccional-atlantico-fortalece-en-2022-las-acciones-investigativas-para-contrarrestar-la-criminalidad-que-afecta-la-ciudadania\/#breadcrumb\"},\"inLanguage\":\"es-CO\",\"potentialAction\":[{\"@type\":\"ReadAction\",\"target\":[\"https:\/\/www.fiscalia.gov.co\/colombia\/noticias\/seccional-atlantico-fortalece-en-2022-las-acciones-investigativas-para-contrarrestar-la-criminalidad-que-afecta-la-ciudadania\/\"]}]},{\"@type\":\"ImageObject\",\"inLanguage\":\"es-CO\",\"@id\":\"https:\/\/www.fiscalia.gov.co\/colombia\/noticias\/seccional-atlantico-fortalece-en-2022-las-acciones-investigativas-para-contrarrestar-la-criminalidad-que-afecta-la-ciudadania\/#primaryimage\",\"url\":\"https:\/\/www.fiscalia.gov.co\/colombia\/wp-content\/uploads\/1.-Asegurados-12-presuntos-integrantes-de-los-rastrojos-costenos-organizacion-investigada-por-la-presunta-comision-de-extorsiones-y-homicidios-selectivos-en-atlantico-1024x411.jpeg\",\"contentUrl\":\"https:\/\/www.fiscalia.gov.co\/colombia\/wp-content\/uploads\/1.-Asegurados-12-presuntos-integrantes-de-los-rastrojos-costenos-organizacion-investigada-por-la-presunta-comision-de-extorsiones-y-homicidios-selectivos-en-atlantico-1024x411.jpeg\"},{\"@type\":\"BreadcrumbList\",\"@id\":\"https:\/\/www.fiscalia.gov.co\/colombia\/noticias\/seccional-atlantico-fortalece-en-2022-las-acciones-investigativas-para-contrarrestar-la-criminalidad-que-afecta-la-ciudadania\/#breadcrumb\",\"itemListElement\":[{\"@type\":\"ListItem\",\"position\":1,\"name\":\"Home\",\"item\":\"https:\/\/www.fiscalia.gov.co\/colombia\/\"},{\"@type\":\"ListItem\",\"position\":2,\"name\":\"Seccional Atl\u00e1ntico fortalece en 2022 las acciones investigativas para contrarrestar la criminalidad que afecta la ciudadan\u00eda\"}]},{\"@type\":\"WebSite\",\"@id\":\"https:\/\/www.fiscalia.gov.co\/colombia\/#website\",\"url\":\"https:\/\/www.fiscalia.gov.co\/colombia\/\",\"name\":\"Fiscal\u00eda General de la Naci\u00f3n\",\"description\":\"P\u00e1gina oficial de la Fiscal\u00eda General de la Naci\u00f3n \u2013 Colombia. Garantizamos el acceso efectivo a la justicia, la verdad y la reparaci\u00f3n de las v\u00edctimas de los delitos.\",\"publisher\":{\"@id\":\"https:\/\/www.fiscalia.gov.co\/colombia\/#organization\"},\"potentialAction\":[{\"@type\":\"SearchAction\",\"target\":{\"@type\":\"EntryPoint\",\"urlTemplate\":\"https:\/\/www.fiscalia.gov.co\/colombia\/?s={search_term_string}\"},\"query-input\":{\"@type\":\"PropertyValueSpecification\",\"valueRequired\":true,\"valueName\":\"search_term_string\"}}],\"inLanguage\":\"es-CO\"},{\"@type\":\"Organization\",\"@id\":\"https:\/\/www.fiscalia.gov.co\/colombia\/#organization\",\"name\":\"Fiscal\u00eda General de la Naci\u00f3n\",\"url\":\"https:\/\/www.fiscalia.gov.co\/colombia\/\",\"logo\":{\"@type\":\"ImageObject\",\"inLanguage\":\"es-CO\",\"@id\":\"https:\/\/www.fiscalia.gov.co\/colombia\/#\/schema\/logo\/image\/\",\"url\":\"https:\/\/www.fiscalia.gov.co\/colombia\/wp-content\/uploads\/LogoHorizontal_1.jpg\",\"contentUrl\":\"https:\/\/www.fiscalia.gov.co\/colombia\/wp-content\/uploads\/LogoHorizontal_1.jpg\",\"width\":300,\"height\":90,\"caption\":\"Fiscal\u00eda General de la Naci\u00f3n\"},\"image\":{\"@id\":\"https:\/\/www.fiscalia.gov.co\/colombia\/#\/schema\/logo\/image\/\"},\"sameAs\":[\"https:\/\/www.facebook.com\/FiscaliaCol\",\"https:\/\/x.com\/FiscaliaCol\",\"https:\/\/www.instagram.com\/fiscaliacol\",\"https:\/\/www.linkedin.com\/company\/fiscalia-general-de-la-naci-n\/\",\"https:\/\/youtube.com\/@fiscaliageneraldelanacion-4668?si=6nN79nyQICPU5iTh\"]},{\"@type\":\"Person\",\"@id\":\"https:\/\/www.fiscalia.gov.co\/colombia\/#\/schema\/person\/bf84402cf293a5393e9c70b111020b24\",\"name\":\"Jordan Leandro Oviedo Anzola\",\"image\":{\"@type\":\"ImageObject\",\"inLanguage\":\"es-CO\",\"@id\":\"https:\/\/www.fiscalia.gov.co\/colombia\/#\/schema\/person\/image\/\",\"url\":\"https:\/\/secure.gravatar.com\/avatar\/dabba4346fa9b9207d96adafa8f92721?s=96&d=mm&r=g\",\"contentUrl\":\"https:\/\/secure.gravatar.com\/avatar\/dabba4346fa9b9207d96adafa8f92721?s=96&d=mm&r=g\",\"caption\":\"Jordan Leandro Oviedo Anzola\"},\"url\":\"https:\/\/www.fiscalia.gov.co\/colombia\/author\/joviedo\/\"}]}<\/script>\n<!-- \/ Yoast SEO plugin. -->","yoast_head_json":{"title":"Fiscal\u00eda General de la Naci\u00f3n","description":"P\u00e1gina oficial de la Fiscal\u00eda General de la Naci\u00f3n \u2013 Colombia. Garantizamos el acceso efectivo a la justicia, la verdad y la reparaci\u00f3n de las v\u00edctimas de los delitos.","robots":{"index":"noindex","follow":"follow"},"og_locale":"es_ES","og_type":"article","og_title":"Fiscal\u00eda General de la Naci\u00f3n","og_description":"P\u00e1gina oficial de la Fiscal\u00eda General de la Naci\u00f3n \u2013 Colombia. Garantizamos el acceso efectivo a la justicia, la verdad y la reparaci\u00f3n de las v\u00edctimas de los delitos.","og_url":"https:\/\/www.fiscalia.gov.co\/colombia\/noticias\/seccional-atlantico-fortalece-en-2022-las-acciones-investigativas-para-contrarrestar-la-criminalidad-que-afecta-la-ciudadania\/","og_site_name":"Fiscal\u00eda General de la Naci\u00f3n","article_publisher":"https:\/\/www.facebook.com\/FiscaliaCol","article_published_time":"2022-12-22T19:48:38+00:00","article_modified_time":"2022-12-30T23:12:39+00:00","og_image":[{"url":"https:\/\/www.fiscalia.gov.co\/colombia\/wp-content\/uploads\/1.-Asegurados-12-presuntos-integrantes-de-los-rastrojos-costenos-organizacion-investigada-por-la-presunta-comision-de-extorsiones-y-homicidios-selectivos-en-atlantico-1024x411.jpeg","type":"","width":"","height":""}],"author":"Jordan Leandro Oviedo Anzola","twitter_card":"summary_large_image","twitter_creator":"@FiscaliaCol","twitter_site":"@FiscaliaCol","twitter_misc":{"Escrito por":"Jordan Leandro Oviedo Anzola","Tiempo de lectura":"3 minutos"},"schema":{"@context":"https:\/\/schema.org","@graph":[{"@type":"Article","@id":"https:\/\/www.fiscalia.gov.co\/colombia\/noticias\/seccional-atlantico-fortalece-en-2022-las-acciones-investigativas-para-contrarrestar-la-criminalidad-que-afecta-la-ciudadania\/#article","isPartOf":{"@id":"https:\/\/www.fiscalia.gov.co\/colombia\/noticias\/seccional-atlantico-fortalece-en-2022-las-acciones-investigativas-para-contrarrestar-la-criminalidad-que-afecta-la-ciudadania\/"},"author":{"name":"Jordan Leandro Oviedo Anzola","@id":"https:\/\/www.fiscalia.gov.co\/colombia\/#\/schema\/person\/bf84402cf293a5393e9c70b111020b24"},"headline":"Seccional Atl\u00e1ntico fortalece en 2022 las acciones investigativas para contrarrestar la criminalidad que afecta la ciudadan\u00eda","datePublished":"2022-12-22T19:48:38+00:00","dateModified":"2022-12-30T23:12:39+00:00","mainEntityOfPage":{"@id":"https:\/\/www.fiscalia.gov.co\/colombia\/noticias\/seccional-atlantico-fortalece-en-2022-las-acciones-investigativas-para-contrarrestar-la-criminalidad-que-afecta-la-ciudadania\/"},"wordCount":636,"publisher":{"@id":"https:\/\/www.fiscalia.gov.co\/colombia\/#organization"},"image":{"@id":"https:\/\/www.fiscalia.gov.co\/colombia\/noticias\/seccional-atlantico-fortalece-en-2022-las-acciones-investigativas-para-contrarrestar-la-criminalidad-que-afecta-la-ciudadania\/#primaryimage"},"thumbnailUrl":"https:\/\/www.fiscalia.gov.co\/colombia\/wp-content\/uploads\/1.-Asegurados-12-presuntos-integrantes-de-los-rastrojos-costenos-organizacion-investigada-por-la-presunta-comision-de-extorsiones-y-homicidios-selectivos-en-atlantico-1024x411.jpeg","keywords":["\u00e1rea metropolitana","Balance Atl\u00e1ntico 2022","Bandas criminales","Barranquilla","Barranquilla (Atl\u00e1ntico)","Conductores","Extorsi\u00f3n","homicidio colectivo","Masacre","Operatividad","Organizaciones delincuenciales","PAF","Puerto","Soledad"],"articleSection":["Noticias","Seccional Barranquilla","Seccionales"],"inLanguage":"es-CO"},{"@type":"WebPage","@id":"https:\/\/www.fiscalia.gov.co\/colombia\/noticias\/seccional-atlantico-fortalece-en-2022-las-acciones-investigativas-para-contrarrestar-la-criminalidad-que-afecta-la-ciudadania\/","url":"https:\/\/www.fiscalia.gov.co\/colombia\/noticias\/seccional-atlantico-fortalece-en-2022-las-acciones-investigativas-para-contrarrestar-la-criminalidad-que-afecta-la-ciudadania\/","name":"Fiscal\u00eda General de la Naci\u00f3n","isPartOf":{"@id":"https:\/\/www.fiscalia.gov.co\/colombia\/#website"},"primaryImageOfPage":{"@id":"https:\/\/www.fiscalia.gov.co\/colombia\/noticias\/seccional-atlantico-fortalece-en-2022-las-acciones-investigativas-para-contrarrestar-la-criminalidad-que-afecta-la-ciudadania\/#primaryimage"},"image":{"@id":"https:\/\/www.fiscalia.gov.co\/colombia\/noticias\/seccional-atlantico-fortalece-en-2022-las-acciones-investigativas-para-contrarrestar-la-criminalidad-que-afecta-la-ciudadania\/#primaryimage"},"thumbnailUrl":"https:\/\/www.fiscalia.gov.co\/colombia\/wp-content\/uploads\/1.-Asegurados-12-presuntos-integrantes-de-los-rastrojos-costenos-organizacion-investigada-por-la-presunta-comision-de-extorsiones-y-homicidios-selectivos-en-atlantico-1024x411.jpeg","datePublished":"2022-12-22T19:48:38+00:00","dateModified":"2022-12-30T23:12:39+00:00","description":"P\u00e1gina oficial de la Fiscal\u00eda General de la Naci\u00f3n \u2013 Colombia. Garantizamos el acceso efectivo a la justicia, la verdad y la reparaci\u00f3n de las v\u00edctimas de los delitos.","breadcrumb":{"@id":"https:\/\/www.fiscalia.gov.co\/colombia\/noticias\/seccional-atlantico-fortalece-en-2022-las-acciones-investigativas-para-contrarrestar-la-criminalidad-que-afecta-la-ciudadania\/#breadcrumb"},"inLanguage":"es-CO","potentialAction":[{"@type":"ReadAction","target":["https:\/\/www.fiscalia.gov.co\/colombia\/noticias\/seccional-atlantico-fortalece-en-2022-las-acciones-investigativas-para-contrarrestar-la-criminalidad-que-afecta-la-ciudadania\/"]}]},{"@type":"ImageObject","inLanguage":"es-CO","@id":"https:\/\/www.fiscalia.gov.co\/colombia\/noticias\/seccional-atlantico-fortalece-en-2022-las-acciones-investigativas-para-contrarrestar-la-criminalidad-que-afecta-la-ciudadania\/#primaryimage","url":"https:\/\/www.fiscalia.gov.co\/colombia\/wp-content\/uploads\/1.-Asegurados-12-presuntos-integrantes-de-los-rastrojos-costenos-organizacion-investigada-por-la-presunta-comision-de-extorsiones-y-homicidios-selectivos-en-atlantico-1024x411.jpeg","contentUrl":"https:\/\/www.fiscalia.gov.co\/colombia\/wp-content\/uploads\/1.-Asegurados-12-presuntos-integrantes-de-los-rastrojos-costenos-organizacion-investigada-por-la-presunta-comision-de-extorsiones-y-homicidios-selectivos-en-atlantico-1024x411.jpeg"},{"@type":"BreadcrumbList","@id":"https:\/\/www.fiscalia.gov.co\/colombia\/noticias\/seccional-atlantico-fortalece-en-2022-las-acciones-investigativas-para-contrarrestar-la-criminalidad-que-afecta-la-ciudadania\/#breadcrumb","itemListElement":[{"@type":"ListItem","position":1,"name":"Home","item":"https:\/\/www.fiscalia.gov.co\/colombia\/"},{"@type":"ListItem","position":2,"name":"Seccional Atl\u00e1ntico fortalece en 2022 las acciones investigativas para contrarrestar la criminalidad que afecta la ciudadan\u00eda"}]},{"@type":"WebSite","@id":"https:\/\/www.fiscalia.gov.co\/colombia\/#website","url":"https:\/\/www.fiscalia.gov.co\/colombia\/","name":"Fiscal\u00eda General de la Naci\u00f3n","description":"P\u00e1gina oficial de la Fiscal\u00eda General de la Naci\u00f3n \u2013 Colombia. Garantizamos el acceso efectivo a la justicia, la verdad y la reparaci\u00f3n de las v\u00edctimas de los delitos.","publisher":{"@id":"https:\/\/www.fiscalia.gov.co\/colombia\/#organization"},"potentialAction":[{"@type":"SearchAction","target":{"@type":"EntryPoint","urlTemplate":"https:\/\/www.fiscalia.gov.co\/colombia\/?s={search_term_string}"},"query-input":{"@type":"PropertyValueSpecification","valueRequired":true,"valueName":"search_term_string"}}],"inLanguage":"es-CO"},{"@type":"Organization","@id":"https:\/\/www.fiscalia.gov.co\/colombia\/#organization","name":"Fiscal\u00eda General de la Naci\u00f3n","url":"https:\/\/www.fiscalia.gov.co\/colombia\/","logo":{"@type":"ImageObject","inLanguage":"es-CO","@id":"https:\/\/www.fiscalia.gov.co\/colombia\/#\/schema\/logo\/image\/","url":"https:\/\/www.fiscalia.gov.co\/colombia\/wp-content\/uploads\/LogoHorizontal_1.jpg","contentUrl":"https:\/\/www.fiscalia.gov.co\/colombia\/wp-content\/uploads\/LogoHorizontal_1.jpg","width":300,"height":90,"caption":"Fiscal\u00eda General de la Naci\u00f3n"},"image":{"@id":"https:\/\/www.fiscalia.gov.co\/colombia\/#\/schema\/logo\/image\/"},"sameAs":["https:\/\/www.facebook.com\/FiscaliaCol","https:\/\/x.com\/FiscaliaCol","https:\/\/www.instagram.com\/fiscaliacol","https:\/\/www.linkedin.com\/company\/fiscalia-general-de-la-naci-n\/","https:\/\/youtube.com\/@fiscaliageneraldelanacion-4668?si=6nN79nyQICPU5iTh"]},{"@type":"Person","@id":"https:\/\/www.fiscalia.gov.co\/colombia\/#\/schema\/person\/bf84402cf293a5393e9c70b111020b24","name":"Jordan Leandro Oviedo Anzola","image":{"@type":"ImageObject","inLanguage":"es-CO","@id":"https:\/\/www.fiscalia.gov.co\/colombia\/#\/schema\/person\/image\/","url":"https:\/\/secure.gravatar.com\/avatar\/dabba4346fa9b9207d96adafa8f92721?s=96&d=mm&r=g","contentUrl":"https:\/\/secure.gravatar.com\/avatar\/dabba4346fa9b9207d96adafa8f92721?s=96&d=mm&r=g","caption":"Jordan Leandro Oviedo Anzola"},"url":"https:\/\/www.fiscalia.gov.co\/colombia\/author\/joviedo\/"}]}},"_links":{"self":[{"href":"https:\/\/www.fiscalia.gov.co\/colombia\/wp-json\/wp\/v2\/posts\/263411","targetHints":{"allow":["GET"]}}],"collection":[{"href":"https:\/\/www.fiscalia.gov.co\/colombia\/wp-json\/wp\/v2\/posts"}],"about":[{"href":"https:\/\/www.fiscalia.gov.co\/colombia\/wp-json\/wp\/v2\/types\/post"}],"author":[{"embeddable":true,"href":"https:\/\/www.fiscalia.gov.co\/colombia\/wp-json\/wp\/v2\/users\/177"}],"replies":[{"embeddable":true,"href":"https:\/\/www.fiscalia.gov.co\/colombia\/wp-json\/wp\/v2\/comments?post=263411"}],"version-history":[{"count":3,"href":"https:\/\/www.fiscalia.gov.co\/colombia\/wp-json\/wp\/v2\/posts\/263411\/revisions"}],"predecessor-version":[{"id":263654,"href":"https:\/\/www.fiscalia.gov.co\/colombia\/wp-json\/wp\/v2\/posts\/263411\/revisions\/263654"}],"wp:attachment":[{"href":"https:\/\/www.fiscalia.gov.co\/colombia\/wp-json\/wp\/v2\/media?parent=263411"}],"wp:term":[{"taxonomy":"category","embeddable":true,"href":"https:\/\/www.fiscalia.gov.co\/colombia\/wp-json\/wp\/v2\/categories?post=263411"},{"taxonomy":"post_tag","embeddable":true,"href":"https:\/\/www.fiscalia.gov.co\/colombia\/wp-json\/wp\/v2\/tags?post=263411"}],"curies":[{"name":"wp","href":"https:\/\/api.w.org\/{rel}","templated":true}]}}