{"id":263340,"date":"2022-12-21T11:42:09","date_gmt":"2022-12-21T16:42:09","guid":{"rendered":"https:\/\/www.fiscalia.gov.co\/colombia\/?p=263340"},"modified":"2022-12-21T11:42:09","modified_gmt":"2022-12-21T16:42:09","slug":"carcel-para-cuatro-presuntos-integrantes-de-un-grupo-delincuencial-dedicado-al-expendio-de-sustancias-estupefacientes-en-pequenas-cantidades","status":"publish","type":"post","link":"https:\/\/www.fiscalia.gov.co\/colombia\/noticias\/carcel-para-cuatro-presuntos-integrantes-de-un-grupo-delincuencial-dedicado-al-expendio-de-sustancias-estupefacientes-en-pequenas-cantidades\/","title":{"rendered":"C\u00e1rcel para cuatro presuntos integrantes de un grupo delincuencial dedicado al expendio de sustancias estupefacientes en peque\u00f1as cantidades"},"content":{"rendered":"<p>En un operativo coordinado por la Seccional de la Fiscal\u00eda en Norte de Santander y con personal de la Polic\u00eda Nacional, fueron capturados y judicializados por el delito de microtr\u00e1fico Jonathan Alexis Zequeda Gonz\u00e1lez, alias Mico; Rub\u00e9n Dar\u00edo Ram\u00edrez Angarita, alias Lalo; Jos\u00e9 Ricardo Y\u00e1\u00f1ez Pe\u00f1a, alias Richard, y Soledad Guti\u00e9rrez Le\u00f3n.<\/p>\n<figure id=\"attachment_263341\" aria-describedby=\"caption-attachment-263341\" style=\"width: 696px\" class=\"wp-caption aligncenter\"><img loading=\"lazy\" decoding=\"async\" class=\"size-large wp-image-263341\" src=\"https:\/\/www.fiscalia.gov.co\/colombia\/wp-content\/uploads\/los-pibes-1024x606.jpg\" alt=\"En la fotograf\u00eda se observan los cuatro capturados junto a dos uniformados de la Polic\u00eda Nacional. Al frente una mesa con el material incautado (sustancias estupefacientes y un arma traum\u00e1tica). En la parte posterior se observa el banner que identifica a la Polic\u00eda Nacional.\" width=\"696\" height=\"412\" srcset=\"https:\/\/www.fiscalia.gov.co\/colombia\/wp-content\/uploads\/los-pibes-1024x606.jpg 1024w, https:\/\/www.fiscalia.gov.co\/colombia\/wp-content\/uploads\/los-pibes-300x178.jpg 300w, https:\/\/www.fiscalia.gov.co\/colombia\/wp-content\/uploads\/los-pibes-768x455.jpg 768w, https:\/\/www.fiscalia.gov.co\/colombia\/wp-content\/uploads\/los-pibes-696x412.jpg 696w, https:\/\/www.fiscalia.gov.co\/colombia\/wp-content\/uploads\/los-pibes-1068x632.jpg 1068w, https:\/\/www.fiscalia.gov.co\/colombia\/wp-content\/uploads\/los-pibes-709x420.jpg 709w, https:\/\/www.fiscalia.gov.co\/colombia\/wp-content\/uploads\/los-pibes.jpg 1280w\" sizes=\"auto, (max-width: 696px) 100vw, 696px\" \/><figcaption id=\"caption-attachment-263341\" class=\"wp-caption-text\">Los procesados ser\u00edan al parecer los responsables del expendio de sustancias estupefacientes en barrios de la comuna 4 de C\u00facuta.<\/figcaption><\/figure>\n<p>Los capturados presuntamente hac\u00edan parte del grupo delincuencial Los Pibes, que delinque en la comuna 4 de C\u00facuta, Norte de Santander.<\/p>\n<p>Durante los procedimientos de registro y allanamiento adelantados en cinco residencias del barrio Altos de Pamplonita, las autoridades incautaron sustancias estupefacientes (hero\u00edna, coca\u00edna y marihuana) as\u00ed como un arma traum\u00e1tica.<\/p>\n<p>La Fiscal\u00eda imput\u00f3 cargos por los delitos de tr\u00e1fico, fabricaci\u00f3n o porte de estupefacientes a los hoy investigados, quienes no aceptaron su responsabilidad.<\/p>\n<p>Cabe anotar que alias Richard, se encontraba con detenci\u00f3n domiciliaria por el delito de hurto calificado y agravado en concurso con porte de armas de fuego.<\/p>\n<p>A los procesados un juez con funciones de control de garant\u00edas les dict\u00f3 medida de aseguramiento intramuros para los tres hombres y detenci\u00f3n domiciliaria para la mujer.<\/p>\n<p><strong>La Fiscal\u00eda habla con resultados.<\/strong><\/p>\n<p>&nbsp;<\/p>\n<p>&nbsp;<\/p>\n<p>&nbsp;<\/p>\n<p>&nbsp;<\/p>\n<p>&nbsp;<\/p>\n<p>MPHA\/LMBG\/LYBT.<\/p>\n<p>&nbsp;<\/p>\n<p>&nbsp;<\/p>\n<p>&nbsp;<\/p>\n<p>&nbsp;<\/p>\n<p>&nbsp;<\/p>\n<div class=\"td-post-content tagdiv-type\">\n<div class=\"td-post-content tagdiv-type\">\n<div class=\"td-post-content tagdiv-type\">\n<p><em><span lang=\"ES\">La informaci\u00f3n contenida en este bolet\u00edn de prensa corresponde a la narraci\u00f3n de los hechos noticiosos objetivos, suministrados por los funcionarios encargados de adelantar las investigaciones penales al interior de la Fiscal\u00eda General de la Naci\u00f3n. Para el momento de la divulgaci\u00f3n de este comunicado, la situaci\u00f3n jur\u00eddica de la(s) persona(s) relacionada(s) se encuentra pendiente de resolver por la autoridad judicial competente, siempre bajo los preceptos de la presunci\u00f3n de inocencia, consagrados en el art\u00edculo 29 de la Constituci\u00f3n Pol\u00edtica y el art\u00edculo 7\u00ba de la Ley 906 de 2004.<\/span><\/em><\/p>\n<\/div>\n<\/div>\n<\/div>\n<p>&nbsp;<\/p>\n\n<div class=\"twitter-share\"><a href=\"https:\/\/twitter.com\/intent\/tweet?via=fiscaliacol\" class=\"twitter-share-button\">Tweet<\/a><\/div>\n","protected":false},"excerpt":{"rendered":"<p>En un operativo coordinado por la Seccional de la Fiscal\u00eda en Norte de Santander y con personal de la Polic\u00eda Nacional, fueron capturados y judicializados por el delito de microtr\u00e1fico Jonathan Alexis Zequeda Gonz\u00e1lez, alias Mico; Rub\u00e9n Dar\u00edo Ram\u00edrez Angarita, alias Lalo; Jos\u00e9 Ricardo Y\u00e1\u00f1ez Pe\u00f1a, alias Richard, y Soledad Guti\u00e9rrez Le\u00f3n. Los capturados presuntamente [&hellip;]<\/p>\n","protected":false},"author":177,"featured_media":0,"comment_status":"closed","ping_status":"open","sticky":false,"template":"","format":"standard","meta":{"tdm_status":"","tdm_grid_status":"","footnotes":""},"categories":[1,326,303,24103],"tags":[31730,50,3618,24185,1047],"class_list":{"0":"post-263340","1":"post","2":"type-post","3":"status-publish","4":"format-standard","6":"category-noticias","7":"category-seccional-cucuta","8":"category-seccionales","9":"category-trafico-de-estupefacientes","10":"tag-cucuta-norte-de-santander","11":"tag-estupefacientes","12":"tag-expendio","13":"tag-fiscal-barbosa","14":"tag-fiscalia-general-de-la-nacion"},"yoast_head":"<!-- This site is optimized with the Yoast SEO plugin v24.3 - https:\/\/yoast.com\/wordpress\/plugins\/seo\/ -->\n<title>Fiscal\u00eda General de la Naci\u00f3n<\/title>\n<meta name=\"description\" content=\"P\u00e1gina oficial de la Fiscal\u00eda General de la Naci\u00f3n \u2013 Colombia. Garantizamos el acceso efectivo a la justicia, la verdad y la reparaci\u00f3n de las v\u00edctimas de los delitos.\" \/>\n<meta name=\"robots\" content=\"noindex, follow\" \/>\n<meta property=\"og:locale\" content=\"es_ES\" \/>\n<meta property=\"og:type\" content=\"article\" \/>\n<meta property=\"og:title\" content=\"Fiscal\u00eda General de la Naci\u00f3n\" \/>\n<meta property=\"og:description\" content=\"P\u00e1gina oficial de la Fiscal\u00eda General de la Naci\u00f3n \u2013 Colombia. Garantizamos el acceso efectivo a la justicia, la verdad y la reparaci\u00f3n de las v\u00edctimas de los delitos.\" \/>\n<meta property=\"og:url\" content=\"https:\/\/www.fiscalia.gov.co\/colombia\/noticias\/carcel-para-cuatro-presuntos-integrantes-de-un-grupo-delincuencial-dedicado-al-expendio-de-sustancias-estupefacientes-en-pequenas-cantidades\/\" \/>\n<meta property=\"og:site_name\" content=\"Fiscal\u00eda General de la Naci\u00f3n\" \/>\n<meta property=\"article:publisher\" content=\"https:\/\/www.facebook.com\/FiscaliaCol\" \/>\n<meta property=\"article:published_time\" content=\"2022-12-21T16:42:09+00:00\" \/>\n<meta property=\"og:image\" content=\"https:\/\/www.fiscalia.gov.co\/colombia\/wp-content\/uploads\/los-pibes-1024x606.jpg\" \/>\n<meta name=\"author\" content=\"Jordan Leandro Oviedo Anzola\" \/>\n<meta name=\"twitter:card\" content=\"summary_large_image\" \/>\n<meta name=\"twitter:creator\" content=\"@FiscaliaCol\" \/>\n<meta name=\"twitter:site\" content=\"@FiscaliaCol\" \/>\n<meta name=\"twitter:label1\" content=\"Escrito por\" \/>\n\t<meta name=\"twitter:data1\" content=\"Jordan Leandro Oviedo Anzola\" \/>\n\t<meta name=\"twitter:label2\" content=\"Tiempo de lectura\" \/>\n\t<meta name=\"twitter:data2\" content=\"2 minutos\" \/>\n<script type=\"application\/ld+json\" class=\"yoast-schema-graph\">{\"@context\":\"https:\/\/schema.org\",\"@graph\":[{\"@type\":\"Article\",\"@id\":\"https:\/\/www.fiscalia.gov.co\/colombia\/noticias\/carcel-para-cuatro-presuntos-integrantes-de-un-grupo-delincuencial-dedicado-al-expendio-de-sustancias-estupefacientes-en-pequenas-cantidades\/#article\",\"isPartOf\":{\"@id\":\"https:\/\/www.fiscalia.gov.co\/colombia\/noticias\/carcel-para-cuatro-presuntos-integrantes-de-un-grupo-delincuencial-dedicado-al-expendio-de-sustancias-estupefacientes-en-pequenas-cantidades\/\"},\"author\":{\"name\":\"Jordan Leandro Oviedo Anzola\",\"@id\":\"https:\/\/www.fiscalia.gov.co\/colombia\/#\/schema\/person\/bf84402cf293a5393e9c70b111020b24\"},\"headline\":\"C\u00e1rcel para cuatro presuntos integrantes de un grupo delincuencial dedicado al expendio de sustancias estupefacientes en peque\u00f1as cantidades\",\"datePublished\":\"2022-12-21T16:42:09+00:00\",\"dateModified\":\"2022-12-21T16:42:09+00:00\",\"mainEntityOfPage\":{\"@id\":\"https:\/\/www.fiscalia.gov.co\/colombia\/noticias\/carcel-para-cuatro-presuntos-integrantes-de-un-grupo-delincuencial-dedicado-al-expendio-de-sustancias-estupefacientes-en-pequenas-cantidades\/\"},\"wordCount\":370,\"publisher\":{\"@id\":\"https:\/\/www.fiscalia.gov.co\/colombia\/#organization\"},\"image\":{\"@id\":\"https:\/\/www.fiscalia.gov.co\/colombia\/noticias\/carcel-para-cuatro-presuntos-integrantes-de-un-grupo-delincuencial-dedicado-al-expendio-de-sustancias-estupefacientes-en-pequenas-cantidades\/#primaryimage\"},\"thumbnailUrl\":\"https:\/\/www.fiscalia.gov.co\/colombia\/wp-content\/uploads\/los-pibes-1024x606.jpg\",\"keywords\":[\"C\u00facuta (Norte de Santander)\",\"Estupefacientes\",\"Expendio\",\"Fiscal Barbosa\",\"Fiscal\u00eda General de la Naci\u00f3n\"],\"articleSection\":[\"Noticias\",\"Seccional C\u00facuta\",\"Seccionales\",\"Tr\u00e1fico de estupefacientes\"],\"inLanguage\":\"es-CO\"},{\"@type\":\"WebPage\",\"@id\":\"https:\/\/www.fiscalia.gov.co\/colombia\/noticias\/carcel-para-cuatro-presuntos-integrantes-de-un-grupo-delincuencial-dedicado-al-expendio-de-sustancias-estupefacientes-en-pequenas-cantidades\/\",\"url\":\"https:\/\/www.fiscalia.gov.co\/colombia\/noticias\/carcel-para-cuatro-presuntos-integrantes-de-un-grupo-delincuencial-dedicado-al-expendio-de-sustancias-estupefacientes-en-pequenas-cantidades\/\",\"name\":\"Fiscal\u00eda General de la Naci\u00f3n\",\"isPartOf\":{\"@id\":\"https:\/\/www.fiscalia.gov.co\/colombia\/#website\"},\"primaryImageOfPage\":{\"@id\":\"https:\/\/www.fiscalia.gov.co\/colombia\/noticias\/carcel-para-cuatro-presuntos-integrantes-de-un-grupo-delincuencial-dedicado-al-expendio-de-sustancias-estupefacientes-en-pequenas-cantidades\/#primaryimage\"},\"image\":{\"@id\":\"https:\/\/www.fiscalia.gov.co\/colombia\/noticias\/carcel-para-cuatro-presuntos-integrantes-de-un-grupo-delincuencial-dedicado-al-expendio-de-sustancias-estupefacientes-en-pequenas-cantidades\/#primaryimage\"},\"thumbnailUrl\":\"https:\/\/www.fiscalia.gov.co\/colombia\/wp-content\/uploads\/los-pibes-1024x606.jpg\",\"datePublished\":\"2022-12-21T16:42:09+00:00\",\"dateModified\":\"2022-12-21T16:42:09+00:00\",\"description\":\"P\u00e1gina oficial de la Fiscal\u00eda General de la Naci\u00f3n \u2013 Colombia. Garantizamos el acceso efectivo a la justicia, la verdad y la reparaci\u00f3n de las v\u00edctimas de los delitos.\",\"breadcrumb\":{\"@id\":\"https:\/\/www.fiscalia.gov.co\/colombia\/noticias\/carcel-para-cuatro-presuntos-integrantes-de-un-grupo-delincuencial-dedicado-al-expendio-de-sustancias-estupefacientes-en-pequenas-cantidades\/#breadcrumb\"},\"inLanguage\":\"es-CO\",\"potentialAction\":[{\"@type\":\"ReadAction\",\"target\":[\"https:\/\/www.fiscalia.gov.co\/colombia\/noticias\/carcel-para-cuatro-presuntos-integrantes-de-un-grupo-delincuencial-dedicado-al-expendio-de-sustancias-estupefacientes-en-pequenas-cantidades\/\"]}]},{\"@type\":\"ImageObject\",\"inLanguage\":\"es-CO\",\"@id\":\"https:\/\/www.fiscalia.gov.co\/colombia\/noticias\/carcel-para-cuatro-presuntos-integrantes-de-un-grupo-delincuencial-dedicado-al-expendio-de-sustancias-estupefacientes-en-pequenas-cantidades\/#primaryimage\",\"url\":\"https:\/\/www.fiscalia.gov.co\/colombia\/wp-content\/uploads\/los-pibes.jpg\",\"contentUrl\":\"https:\/\/www.fiscalia.gov.co\/colombia\/wp-content\/uploads\/los-pibes.jpg\",\"width\":1280,\"height\":758,\"caption\":\"Los procesados ser\u00edan al parecer los responsables del expendio de sustancias estupefacientes en barrios de la comuna 4 de C\u00facuta.\"},{\"@type\":\"BreadcrumbList\",\"@id\":\"https:\/\/www.fiscalia.gov.co\/colombia\/noticias\/carcel-para-cuatro-presuntos-integrantes-de-un-grupo-delincuencial-dedicado-al-expendio-de-sustancias-estupefacientes-en-pequenas-cantidades\/#breadcrumb\",\"itemListElement\":[{\"@type\":\"ListItem\",\"position\":1,\"name\":\"Home\",\"item\":\"https:\/\/www.fiscalia.gov.co\/colombia\/\"},{\"@type\":\"ListItem\",\"position\":2,\"name\":\"C\u00e1rcel para cuatro presuntos integrantes de un grupo delincuencial dedicado al expendio de sustancias estupefacientes en peque\u00f1as cantidades\"}]},{\"@type\":\"WebSite\",\"@id\":\"https:\/\/www.fiscalia.gov.co\/colombia\/#website\",\"url\":\"https:\/\/www.fiscalia.gov.co\/colombia\/\",\"name\":\"Fiscal\u00eda General de la Naci\u00f3n\",\"description\":\"P\u00e1gina oficial de la Fiscal\u00eda General de la Naci\u00f3n \u2013 Colombia. Garantizamos el acceso efectivo a la justicia, la verdad y la reparaci\u00f3n de las v\u00edctimas de los delitos.\",\"publisher\":{\"@id\":\"https:\/\/www.fiscalia.gov.co\/colombia\/#organization\"},\"potentialAction\":[{\"@type\":\"SearchAction\",\"target\":{\"@type\":\"EntryPoint\",\"urlTemplate\":\"https:\/\/www.fiscalia.gov.co\/colombia\/?s={search_term_string}\"},\"query-input\":{\"@type\":\"PropertyValueSpecification\",\"valueRequired\":true,\"valueName\":\"search_term_string\"}}],\"inLanguage\":\"es-CO\"},{\"@type\":\"Organization\",\"@id\":\"https:\/\/www.fiscalia.gov.co\/colombia\/#organization\",\"name\":\"Fiscal\u00eda General de la Naci\u00f3n\",\"url\":\"https:\/\/www.fiscalia.gov.co\/colombia\/\",\"logo\":{\"@type\":\"ImageObject\",\"inLanguage\":\"es-CO\",\"@id\":\"https:\/\/www.fiscalia.gov.co\/colombia\/#\/schema\/logo\/image\/\",\"url\":\"https:\/\/www.fiscalia.gov.co\/colombia\/wp-content\/uploads\/LogoHorizontal_1.jpg\",\"contentUrl\":\"https:\/\/www.fiscalia.gov.co\/colombia\/wp-content\/uploads\/LogoHorizontal_1.jpg\",\"width\":300,\"height\":90,\"caption\":\"Fiscal\u00eda General de la Naci\u00f3n\"},\"image\":{\"@id\":\"https:\/\/www.fiscalia.gov.co\/colombia\/#\/schema\/logo\/image\/\"},\"sameAs\":[\"https:\/\/www.facebook.com\/FiscaliaCol\",\"https:\/\/x.com\/FiscaliaCol\",\"https:\/\/www.instagram.com\/fiscaliacol\",\"https:\/\/www.linkedin.com\/company\/fiscalia-general-de-la-naci-n\/\",\"https:\/\/youtube.com\/@fiscaliageneraldelanacion-4668?si=6nN79nyQICPU5iTh\"]},{\"@type\":\"Person\",\"@id\":\"https:\/\/www.fiscalia.gov.co\/colombia\/#\/schema\/person\/bf84402cf293a5393e9c70b111020b24\",\"name\":\"Jordan Leandro Oviedo Anzola\",\"image\":{\"@type\":\"ImageObject\",\"inLanguage\":\"es-CO\",\"@id\":\"https:\/\/www.fiscalia.gov.co\/colombia\/#\/schema\/person\/image\/\",\"url\":\"https:\/\/secure.gravatar.com\/avatar\/dabba4346fa9b9207d96adafa8f92721?s=96&d=mm&r=g\",\"contentUrl\":\"https:\/\/secure.gravatar.com\/avatar\/dabba4346fa9b9207d96adafa8f92721?s=96&d=mm&r=g\",\"caption\":\"Jordan Leandro Oviedo Anzola\"},\"url\":\"https:\/\/www.fiscalia.gov.co\/colombia\/author\/joviedo\/\"}]}<\/script>\n<!-- \/ Yoast SEO plugin. -->","yoast_head_json":{"title":"Fiscal\u00eda General de la Naci\u00f3n","description":"P\u00e1gina oficial de la Fiscal\u00eda General de la Naci\u00f3n \u2013 Colombia. Garantizamos el acceso efectivo a la justicia, la verdad y la reparaci\u00f3n de las v\u00edctimas de los delitos.","robots":{"index":"noindex","follow":"follow"},"og_locale":"es_ES","og_type":"article","og_title":"Fiscal\u00eda General de la Naci\u00f3n","og_description":"P\u00e1gina oficial de la Fiscal\u00eda General de la Naci\u00f3n \u2013 Colombia. Garantizamos el acceso efectivo a la justicia, la verdad y la reparaci\u00f3n de las v\u00edctimas de los delitos.","og_url":"https:\/\/www.fiscalia.gov.co\/colombia\/noticias\/carcel-para-cuatro-presuntos-integrantes-de-un-grupo-delincuencial-dedicado-al-expendio-de-sustancias-estupefacientes-en-pequenas-cantidades\/","og_site_name":"Fiscal\u00eda General de la Naci\u00f3n","article_publisher":"https:\/\/www.facebook.com\/FiscaliaCol","article_published_time":"2022-12-21T16:42:09+00:00","og_image":[{"url":"https:\/\/www.fiscalia.gov.co\/colombia\/wp-content\/uploads\/los-pibes-1024x606.jpg","type":"","width":"","height":""}],"author":"Jordan Leandro Oviedo Anzola","twitter_card":"summary_large_image","twitter_creator":"@FiscaliaCol","twitter_site":"@FiscaliaCol","twitter_misc":{"Escrito por":"Jordan Leandro Oviedo Anzola","Tiempo de lectura":"2 minutos"},"schema":{"@context":"https:\/\/schema.org","@graph":[{"@type":"Article","@id":"https:\/\/www.fiscalia.gov.co\/colombia\/noticias\/carcel-para-cuatro-presuntos-integrantes-de-un-grupo-delincuencial-dedicado-al-expendio-de-sustancias-estupefacientes-en-pequenas-cantidades\/#article","isPartOf":{"@id":"https:\/\/www.fiscalia.gov.co\/colombia\/noticias\/carcel-para-cuatro-presuntos-integrantes-de-un-grupo-delincuencial-dedicado-al-expendio-de-sustancias-estupefacientes-en-pequenas-cantidades\/"},"author":{"name":"Jordan Leandro Oviedo Anzola","@id":"https:\/\/www.fiscalia.gov.co\/colombia\/#\/schema\/person\/bf84402cf293a5393e9c70b111020b24"},"headline":"C\u00e1rcel para cuatro presuntos integrantes de un grupo delincuencial dedicado al expendio de sustancias estupefacientes en peque\u00f1as cantidades","datePublished":"2022-12-21T16:42:09+00:00","dateModified":"2022-12-21T16:42:09+00:00","mainEntityOfPage":{"@id":"https:\/\/www.fiscalia.gov.co\/colombia\/noticias\/carcel-para-cuatro-presuntos-integrantes-de-un-grupo-delincuencial-dedicado-al-expendio-de-sustancias-estupefacientes-en-pequenas-cantidades\/"},"wordCount":370,"publisher":{"@id":"https:\/\/www.fiscalia.gov.co\/colombia\/#organization"},"image":{"@id":"https:\/\/www.fiscalia.gov.co\/colombia\/noticias\/carcel-para-cuatro-presuntos-integrantes-de-un-grupo-delincuencial-dedicado-al-expendio-de-sustancias-estupefacientes-en-pequenas-cantidades\/#primaryimage"},"thumbnailUrl":"https:\/\/www.fiscalia.gov.co\/colombia\/wp-content\/uploads\/los-pibes-1024x606.jpg","keywords":["C\u00facuta (Norte de Santander)","Estupefacientes","Expendio","Fiscal Barbosa","Fiscal\u00eda General de la Naci\u00f3n"],"articleSection":["Noticias","Seccional C\u00facuta","Seccionales","Tr\u00e1fico de estupefacientes"],"inLanguage":"es-CO"},{"@type":"WebPage","@id":"https:\/\/www.fiscalia.gov.co\/colombia\/noticias\/carcel-para-cuatro-presuntos-integrantes-de-un-grupo-delincuencial-dedicado-al-expendio-de-sustancias-estupefacientes-en-pequenas-cantidades\/","url":"https:\/\/www.fiscalia.gov.co\/colombia\/noticias\/carcel-para-cuatro-presuntos-integrantes-de-un-grupo-delincuencial-dedicado-al-expendio-de-sustancias-estupefacientes-en-pequenas-cantidades\/","name":"Fiscal\u00eda General de la Naci\u00f3n","isPartOf":{"@id":"https:\/\/www.fiscalia.gov.co\/colombia\/#website"},"primaryImageOfPage":{"@id":"https:\/\/www.fiscalia.gov.co\/colombia\/noticias\/carcel-para-cuatro-presuntos-integrantes-de-un-grupo-delincuencial-dedicado-al-expendio-de-sustancias-estupefacientes-en-pequenas-cantidades\/#primaryimage"},"image":{"@id":"https:\/\/www.fiscalia.gov.co\/colombia\/noticias\/carcel-para-cuatro-presuntos-integrantes-de-un-grupo-delincuencial-dedicado-al-expendio-de-sustancias-estupefacientes-en-pequenas-cantidades\/#primaryimage"},"thumbnailUrl":"https:\/\/www.fiscalia.gov.co\/colombia\/wp-content\/uploads\/los-pibes-1024x606.jpg","datePublished":"2022-12-21T16:42:09+00:00","dateModified":"2022-12-21T16:42:09+00:00","description":"P\u00e1gina oficial de la Fiscal\u00eda General de la Naci\u00f3n \u2013 Colombia. Garantizamos el acceso efectivo a la justicia, la verdad y la reparaci\u00f3n de las v\u00edctimas de los delitos.","breadcrumb":{"@id":"https:\/\/www.fiscalia.gov.co\/colombia\/noticias\/carcel-para-cuatro-presuntos-integrantes-de-un-grupo-delincuencial-dedicado-al-expendio-de-sustancias-estupefacientes-en-pequenas-cantidades\/#breadcrumb"},"inLanguage":"es-CO","potentialAction":[{"@type":"ReadAction","target":["https:\/\/www.fiscalia.gov.co\/colombia\/noticias\/carcel-para-cuatro-presuntos-integrantes-de-un-grupo-delincuencial-dedicado-al-expendio-de-sustancias-estupefacientes-en-pequenas-cantidades\/"]}]},{"@type":"ImageObject","inLanguage":"es-CO","@id":"https:\/\/www.fiscalia.gov.co\/colombia\/noticias\/carcel-para-cuatro-presuntos-integrantes-de-un-grupo-delincuencial-dedicado-al-expendio-de-sustancias-estupefacientes-en-pequenas-cantidades\/#primaryimage","url":"https:\/\/www.fiscalia.gov.co\/colombia\/wp-content\/uploads\/los-pibes.jpg","contentUrl":"https:\/\/www.fiscalia.gov.co\/colombia\/wp-content\/uploads\/los-pibes.jpg","width":1280,"height":758,"caption":"Los procesados ser\u00edan al parecer los responsables del expendio de sustancias estupefacientes en barrios de la comuna 4 de C\u00facuta."},{"@type":"BreadcrumbList","@id":"https:\/\/www.fiscalia.gov.co\/colombia\/noticias\/carcel-para-cuatro-presuntos-integrantes-de-un-grupo-delincuencial-dedicado-al-expendio-de-sustancias-estupefacientes-en-pequenas-cantidades\/#breadcrumb","itemListElement":[{"@type":"ListItem","position":1,"name":"Home","item":"https:\/\/www.fiscalia.gov.co\/colombia\/"},{"@type":"ListItem","position":2,"name":"C\u00e1rcel para cuatro presuntos integrantes de un grupo delincuencial dedicado al expendio de sustancias estupefacientes en peque\u00f1as cantidades"}]},{"@type":"WebSite","@id":"https:\/\/www.fiscalia.gov.co\/colombia\/#website","url":"https:\/\/www.fiscalia.gov.co\/colombia\/","name":"Fiscal\u00eda General de la Naci\u00f3n","description":"P\u00e1gina oficial de la Fiscal\u00eda General de la Naci\u00f3n \u2013 Colombia. Garantizamos el acceso efectivo a la justicia, la verdad y la reparaci\u00f3n de las v\u00edctimas de los delitos.","publisher":{"@id":"https:\/\/www.fiscalia.gov.co\/colombia\/#organization"},"potentialAction":[{"@type":"SearchAction","target":{"@type":"EntryPoint","urlTemplate":"https:\/\/www.fiscalia.gov.co\/colombia\/?s={search_term_string}"},"query-input":{"@type":"PropertyValueSpecification","valueRequired":true,"valueName":"search_term_string"}}],"inLanguage":"es-CO"},{"@type":"Organization","@id":"https:\/\/www.fiscalia.gov.co\/colombia\/#organization","name":"Fiscal\u00eda General de la Naci\u00f3n","url":"https:\/\/www.fiscalia.gov.co\/colombia\/","logo":{"@type":"ImageObject","inLanguage":"es-CO","@id":"https:\/\/www.fiscalia.gov.co\/colombia\/#\/schema\/logo\/image\/","url":"https:\/\/www.fiscalia.gov.co\/colombia\/wp-content\/uploads\/LogoHorizontal_1.jpg","contentUrl":"https:\/\/www.fiscalia.gov.co\/colombia\/wp-content\/uploads\/LogoHorizontal_1.jpg","width":300,"height":90,"caption":"Fiscal\u00eda General de la Naci\u00f3n"},"image":{"@id":"https:\/\/www.fiscalia.gov.co\/colombia\/#\/schema\/logo\/image\/"},"sameAs":["https:\/\/www.facebook.com\/FiscaliaCol","https:\/\/x.com\/FiscaliaCol","https:\/\/www.instagram.com\/fiscaliacol","https:\/\/www.linkedin.com\/company\/fiscalia-general-de-la-naci-n\/","https:\/\/youtube.com\/@fiscaliageneraldelanacion-4668?si=6nN79nyQICPU5iTh"]},{"@type":"Person","@id":"https:\/\/www.fiscalia.gov.co\/colombia\/#\/schema\/person\/bf84402cf293a5393e9c70b111020b24","name":"Jordan Leandro Oviedo Anzola","image":{"@type":"ImageObject","inLanguage":"es-CO","@id":"https:\/\/www.fiscalia.gov.co\/colombia\/#\/schema\/person\/image\/","url":"https:\/\/secure.gravatar.com\/avatar\/dabba4346fa9b9207d96adafa8f92721?s=96&d=mm&r=g","contentUrl":"https:\/\/secure.gravatar.com\/avatar\/dabba4346fa9b9207d96adafa8f92721?s=96&d=mm&r=g","caption":"Jordan Leandro Oviedo Anzola"},"url":"https:\/\/www.fiscalia.gov.co\/colombia\/author\/joviedo\/"}]}},"_links":{"self":[{"href":"https:\/\/www.fiscalia.gov.co\/colombia\/wp-json\/wp\/v2\/posts\/263340","targetHints":{"allow":["GET"]}}],"collection":[{"href":"https:\/\/www.fiscalia.gov.co\/colombia\/wp-json\/wp\/v2\/posts"}],"about":[{"href":"https:\/\/www.fiscalia.gov.co\/colombia\/wp-json\/wp\/v2\/types\/post"}],"author":[{"embeddable":true,"href":"https:\/\/www.fiscalia.gov.co\/colombia\/wp-json\/wp\/v2\/users\/177"}],"replies":[{"embeddable":true,"href":"https:\/\/www.fiscalia.gov.co\/colombia\/wp-json\/wp\/v2\/comments?post=263340"}],"version-history":[{"count":1,"href":"https:\/\/www.fiscalia.gov.co\/colombia\/wp-json\/wp\/v2\/posts\/263340\/revisions"}],"predecessor-version":[{"id":263342,"href":"https:\/\/www.fiscalia.gov.co\/colombia\/wp-json\/wp\/v2\/posts\/263340\/revisions\/263342"}],"wp:attachment":[{"href":"https:\/\/www.fiscalia.gov.co\/colombia\/wp-json\/wp\/v2\/media?parent=263340"}],"wp:term":[{"taxonomy":"category","embeddable":true,"href":"https:\/\/www.fiscalia.gov.co\/colombia\/wp-json\/wp\/v2\/categories?post=263340"},{"taxonomy":"post_tag","embeddable":true,"href":"https:\/\/www.fiscalia.gov.co\/colombia\/wp-json\/wp\/v2\/tags?post=263340"}],"curies":[{"name":"wp","href":"https:\/\/api.w.org\/{rel}","templated":true}]}}