{"id":263302,"date":"2022-12-20T17:49:46","date_gmt":"2022-12-20T22:49:46","guid":{"rendered":"https:\/\/www.fiscalia.gov.co\/colombia\/?p=263302"},"modified":"2022-12-30T17:42:20","modified_gmt":"2022-12-30T22:42:20","slug":"la-fiscalia-seccional-caldas-entrega-positivo-balance-en-el-fortalecimiento-de-delitos-de-alto-impacto-en-2022","status":"publish","type":"post","link":"https:\/\/www.fiscalia.gov.co\/colombia\/noticias\/la-fiscalia-seccional-caldas-entrega-positivo-balance-en-el-fortalecimiento-de-delitos-de-alto-impacto-en-2022\/","title":{"rendered":"La Fiscal\u00eda seccional Caldas entrega positivo balance en el fortalecimiento de delitos de alto impacto en 2022"},"content":{"rendered":"<h4><strong><em>Las estad\u00edsticas en los delitos priorizados se fortalecieron en el 2022, y aument\u00f3 la resoluci\u00f3n en los que m\u00e1s vulneran a la ciudadan\u00eda.<\/em><\/strong><\/h4>\n<p>En desarrollo de la estrategia investigativa para contrarrestar fen\u00f3menos delictivos que afectan a la ciudadan\u00eda, la Seccional Caldas entrega un balance positivo de la actividad operativa durante el 2022.<\/p>\n<p>En un trabajo articulado con la Polic\u00eda Judicial del CTI, la Polic\u00eda Nacional y el Ej\u00e9rcito se han logrado resultados que favorecen a la ciudadan\u00eda resolviendo los delitos de mayor impacto para los caldenses como lo son: homicidios, feminicidios y los que atentan contra ni\u00f1os, ni\u00f1as y adolescentes.<\/p>\n<p>En cuanto a homicidios, en el 2022, la Seccional Caldas resolvi\u00f3 96 homicidios de los 139 ocurridos, es decir el 69.06% de los casos. Los municipios m\u00e1s afectados fueron Manizales, La Dorada, Chinchin\u00e1, Pensilvania y Palestina.<\/p>\n<p>Uno de los homicidios que m\u00e1s conmocion\u00f3 a los manizale\u00f1os fue el de Adelaida V\u00e1squez en manos de su nieto, en hechos el pasado 23 de noviembre en el barrio La Enea. La se\u00f1ora de 63 a\u00f1os, fue asesinada con m\u00faltiples heridas con arma blanca y objeto contundente. Juan Pablo L\u00f3pez Casta\u00f1o no acept\u00f3 los cargos imputados por la Fiscal\u00eda y fue cobijado con medida de aseguramiento intramuros.<\/p>\n<p><strong>Delitos contra la mujer, ni\u00f1os, ni\u00f1as y adolescentes<\/strong><\/p>\n<p>La Seccional Caldas, logr\u00f3 resolver los dos feminicidios registrados en Caldas en el 2022. El primero ocurri\u00f3 en agosto en La Dorada, cuando un hombre que asesin\u00f3 a su excompa\u00f1era sentimental en el lugar donde ella trabajaba. Por estos hechos el agresor fue capturado y enviado a la c\u00e1rcel Do\u00f1a Juana de La Dorada.<\/p>\n<p>El segundo hecho de sangre ocurri\u00f3 el 21 de noviembre en Chinchin\u00e1, cuando Juan Carlos Yepes Ba\u00f1ol, se llev\u00f3 a la peque\u00f1a D.S.\u00c1.G., de 6 a\u00f1os, y luego de abusar sexualmente de ella la asesin\u00f3 mediante asfixia mec\u00e1nica.<\/p>\n<p>Ante la reacci\u00f3n inmediata de las autoridades, el caso se logr\u00f3 resolver en 12 horas encontrando el cuerpo de la menor en zona boscosa en el sector de Los Cuervos de Chinchin\u00e1 y capturando al agresor. El detenido acept\u00f3 los cargos por los delitos de feminicidio agravado, con acceso carnal violento y secuestro y fue enviado a la c\u00e1rcel.<\/p>\n<p>En cuanto a violencia intrafamiliar se registraron 866 denuncias de las cuales se lograron esclarecer 644 con un porcentaje de 74.36% a la fecha.<\/p>\n<p>Las estad\u00edsticas en la resoluci\u00f3n de delitos sexuales en Caldas son muy significativas, en el 2022 se registraron 498 denuncias de las cuales se lograron resolver 211, es decir un 42,36%.<\/p>\n<p>Uno de ellos es la judicializaci\u00f3n de un docente de una instituci\u00f3n educativa de Belalcazar a quien seis alumnas los se\u00f1alan de haber abusado sexualmente de ellas. Al procesado un fiscal le imput\u00f3 los delitos de demanda de explotaci\u00f3n sexual comercial de persona menor de 18 a\u00f1os, actos sexuales con menor de catorce a\u00f1os, acoso sexual y acto sexual violento.<\/p>\n<p><strong>En el 2022 la Fiscal\u00eda habl\u00f3 con resultados.<\/strong><\/p>\n<p>&nbsp;<\/p>\n<p>&nbsp;<\/p>\n<p>&nbsp;<\/p>\n<p>&nbsp;<\/p>\n<p>&nbsp;<\/p>\n<p>&nbsp;<\/p>\n<p>JLH\/CPS\/LYB<\/p>\n<p>&nbsp;<\/p>\n<p>&nbsp;<\/p>\n<p>&nbsp;<\/p>\n<p>&nbsp;<\/p>\n<p>&nbsp;<\/p>\n<div class=\"td-post-content tagdiv-type\">\n<div class=\"td-post-content tagdiv-type\">\n<p><em>La informaci\u00f3n contenida en este bolet\u00edn de prensa corresponde a la narraci\u00f3n de los hechos noticiosos objetivos, suministrados por los funcionarios encargados de adelantar las investigaciones penales al interior de la Fiscal\u00eda General de la Naci\u00f3n. Para el momento de la divulgaci\u00f3n de este comunicado, la situaci\u00f3n jur\u00eddica de la(s) persona(s) relacionada(s) se encuentra pendiente de resolver por la autoridad judicial competente, siempre bajo los preceptos de la presunci\u00f3n de inocencia, consagrados en el art\u00edculo 29 de la Constituci\u00f3n Pol\u00edtica y el art\u00edculo 7\u00ba de la Ley 906 de 2004.<\/em><\/p>\n<\/div>\n<\/div>\n\n<div class=\"twitter-share\"><a href=\"https:\/\/twitter.com\/intent\/tweet?via=fiscaliacol\" class=\"twitter-share-button\">Tweet<\/a><\/div>\n","protected":false},"excerpt":{"rendered":"<p>Las estad\u00edsticas en los delitos priorizados se fortalecieron en el 2022, y aument\u00f3 la resoluci\u00f3n en los que m\u00e1s vulneran a la ciudadan\u00eda. En desarrollo de la estrategia investigativa para contrarrestar fen\u00f3menos delictivos que afectan a la ciudadan\u00eda, la Seccional Caldas entrega un balance positivo de la actividad operativa durante el 2022. En un trabajo [&hellip;]<\/p>\n","protected":false},"author":177,"featured_media":263650,"comment_status":"closed","ping_status":"open","sticky":false,"template":"","format":"video","meta":{"tdm_status":"","tdm_grid_status":"","footnotes":""},"categories":[1,303],"tags":[30755,25137,24185,1047,24665],"class_list":{"0":"post-263302","1":"post","2":"type-post","3":"status-publish","4":"format-video","5":"has-post-thumbnail","7":"category-noticias","8":"category-seccionales","9":"tag-30755","10":"tag-balance","11":"tag-fiscal-barbosa","12":"tag-fiscalia-general-de-la-nacion","13":"tag-manizales-caldas","14":"post_format-post-format-video"},"yoast_head":"<!-- This site is optimized with the Yoast SEO plugin v24.3 - https:\/\/yoast.com\/wordpress\/plugins\/seo\/ -->\n<title>Fiscal\u00eda General de la Naci\u00f3n<\/title>\n<meta name=\"description\" content=\"P\u00e1gina oficial de la Fiscal\u00eda General de la Naci\u00f3n \u2013 Colombia. Garantizamos el acceso efectivo a la justicia, la verdad y la reparaci\u00f3n de las v\u00edctimas de los delitos.\" \/>\n<meta name=\"robots\" content=\"noindex, follow\" \/>\n<meta property=\"og:locale\" content=\"es_ES\" \/>\n<meta property=\"og:type\" content=\"article\" \/>\n<meta property=\"og:title\" content=\"Fiscal\u00eda General de la Naci\u00f3n\" \/>\n<meta property=\"og:description\" content=\"P\u00e1gina oficial de la Fiscal\u00eda General de la Naci\u00f3n \u2013 Colombia. Garantizamos el acceso efectivo a la justicia, la verdad y la reparaci\u00f3n de las v\u00edctimas de los delitos.\" \/>\n<meta property=\"og:url\" content=\"https:\/\/www.fiscalia.gov.co\/colombia\/noticias\/la-fiscalia-seccional-caldas-entrega-positivo-balance-en-el-fortalecimiento-de-delitos-de-alto-impacto-en-2022\/\" \/>\n<meta property=\"og:site_name\" content=\"Fiscal\u00eda General de la Naci\u00f3n\" \/>\n<meta property=\"article:publisher\" content=\"https:\/\/www.facebook.com\/FiscaliaCol\" \/>\n<meta property=\"article:published_time\" content=\"2022-12-20T22:49:46+00:00\" \/>\n<meta property=\"article:modified_time\" content=\"2022-12-30T22:42:20+00:00\" \/>\n<meta property=\"og:image\" content=\"https:\/\/www.fiscalia.gov.co\/colombia\/wp-content\/uploads\/maxresdefault-837.jpg\" \/>\n\t<meta property=\"og:image:width\" content=\"1280\" \/>\n\t<meta property=\"og:image:height\" content=\"720\" \/>\n\t<meta property=\"og:image:type\" content=\"image\/jpeg\" \/>\n<meta name=\"author\" content=\"Jordan Leandro Oviedo Anzola\" \/>\n<meta name=\"twitter:card\" content=\"summary_large_image\" \/>\n<meta name=\"twitter:creator\" content=\"@FiscaliaCol\" \/>\n<meta name=\"twitter:site\" content=\"@FiscaliaCol\" \/>\n<meta name=\"twitter:label1\" content=\"Escrito por\" \/>\n\t<meta name=\"twitter:data1\" content=\"Jordan Leandro Oviedo Anzola\" \/>\n\t<meta name=\"twitter:label2\" content=\"Tiempo de lectura\" \/>\n\t<meta name=\"twitter:data2\" content=\"3 minutos\" \/>\n<script type=\"application\/ld+json\" class=\"yoast-schema-graph\">{\"@context\":\"https:\/\/schema.org\",\"@graph\":[{\"@type\":\"Article\",\"@id\":\"https:\/\/www.fiscalia.gov.co\/colombia\/noticias\/la-fiscalia-seccional-caldas-entrega-positivo-balance-en-el-fortalecimiento-de-delitos-de-alto-impacto-en-2022\/#article\",\"isPartOf\":{\"@id\":\"https:\/\/www.fiscalia.gov.co\/colombia\/noticias\/la-fiscalia-seccional-caldas-entrega-positivo-balance-en-el-fortalecimiento-de-delitos-de-alto-impacto-en-2022\/\"},\"author\":{\"name\":\"Jordan Leandro Oviedo Anzola\",\"@id\":\"https:\/\/www.fiscalia.gov.co\/colombia\/#\/schema\/person\/bf84402cf293a5393e9c70b111020b24\"},\"headline\":\"La Fiscal\u00eda seccional Caldas entrega positivo balance en el fortalecimiento de delitos de alto impacto en 2022\",\"datePublished\":\"2022-12-20T22:49:46+00:00\",\"dateModified\":\"2022-12-30T22:42:20+00:00\",\"mainEntityOfPage\":{\"@id\":\"https:\/\/www.fiscalia.gov.co\/colombia\/noticias\/la-fiscalia-seccional-caldas-entrega-positivo-balance-en-el-fortalecimiento-de-delitos-de-alto-impacto-en-2022\/\"},\"wordCount\":642,\"publisher\":{\"@id\":\"https:\/\/www.fiscalia.gov.co\/colombia\/#organization\"},\"image\":{\"@id\":\"https:\/\/www.fiscalia.gov.co\/colombia\/noticias\/la-fiscalia-seccional-caldas-entrega-positivo-balance-en-el-fortalecimiento-de-delitos-de-alto-impacto-en-2022\/#primaryimage\"},\"thumbnailUrl\":\"https:\/\/www.fiscalia.gov.co\/colombia\/wp-content\/uploads\/maxresdefault-837.jpg\",\"keywords\":[\"2022\",\"balance\",\"Fiscal Barbosa\",\"Fiscal\u00eda General de la Naci\u00f3n\",\"Manizales (Caldas)\"],\"articleSection\":[\"Noticias\",\"Seccionales\"],\"inLanguage\":\"es-CO\"},{\"@type\":\"WebPage\",\"@id\":\"https:\/\/www.fiscalia.gov.co\/colombia\/noticias\/la-fiscalia-seccional-caldas-entrega-positivo-balance-en-el-fortalecimiento-de-delitos-de-alto-impacto-en-2022\/\",\"url\":\"https:\/\/www.fiscalia.gov.co\/colombia\/noticias\/la-fiscalia-seccional-caldas-entrega-positivo-balance-en-el-fortalecimiento-de-delitos-de-alto-impacto-en-2022\/\",\"name\":\"Fiscal\u00eda General de la Naci\u00f3n\",\"isPartOf\":{\"@id\":\"https:\/\/www.fiscalia.gov.co\/colombia\/#website\"},\"primaryImageOfPage\":{\"@id\":\"https:\/\/www.fiscalia.gov.co\/colombia\/noticias\/la-fiscalia-seccional-caldas-entrega-positivo-balance-en-el-fortalecimiento-de-delitos-de-alto-impacto-en-2022\/#primaryimage\"},\"image\":{\"@id\":\"https:\/\/www.fiscalia.gov.co\/colombia\/noticias\/la-fiscalia-seccional-caldas-entrega-positivo-balance-en-el-fortalecimiento-de-delitos-de-alto-impacto-en-2022\/#primaryimage\"},\"thumbnailUrl\":\"https:\/\/www.fiscalia.gov.co\/colombia\/wp-content\/uploads\/maxresdefault-837.jpg\",\"datePublished\":\"2022-12-20T22:49:46+00:00\",\"dateModified\":\"2022-12-30T22:42:20+00:00\",\"description\":\"P\u00e1gina oficial de la Fiscal\u00eda General de la Naci\u00f3n \u2013 Colombia. Garantizamos el acceso efectivo a la justicia, la verdad y la reparaci\u00f3n de las v\u00edctimas de los delitos.\",\"breadcrumb\":{\"@id\":\"https:\/\/www.fiscalia.gov.co\/colombia\/noticias\/la-fiscalia-seccional-caldas-entrega-positivo-balance-en-el-fortalecimiento-de-delitos-de-alto-impacto-en-2022\/#breadcrumb\"},\"inLanguage\":\"es-CO\",\"potentialAction\":[{\"@type\":\"ReadAction\",\"target\":[\"https:\/\/www.fiscalia.gov.co\/colombia\/noticias\/la-fiscalia-seccional-caldas-entrega-positivo-balance-en-el-fortalecimiento-de-delitos-de-alto-impacto-en-2022\/\"]}]},{\"@type\":\"ImageObject\",\"inLanguage\":\"es-CO\",\"@id\":\"https:\/\/www.fiscalia.gov.co\/colombia\/noticias\/la-fiscalia-seccional-caldas-entrega-positivo-balance-en-el-fortalecimiento-de-delitos-de-alto-impacto-en-2022\/#primaryimage\",\"url\":\"https:\/\/www.fiscalia.gov.co\/colombia\/wp-content\/uploads\/maxresdefault-837.jpg\",\"contentUrl\":\"https:\/\/www.fiscalia.gov.co\/colombia\/wp-content\/uploads\/maxresdefault-837.jpg\",\"width\":1280,\"height\":720},{\"@type\":\"BreadcrumbList\",\"@id\":\"https:\/\/www.fiscalia.gov.co\/colombia\/noticias\/la-fiscalia-seccional-caldas-entrega-positivo-balance-en-el-fortalecimiento-de-delitos-de-alto-impacto-en-2022\/#breadcrumb\",\"itemListElement\":[{\"@type\":\"ListItem\",\"position\":1,\"name\":\"Home\",\"item\":\"https:\/\/www.fiscalia.gov.co\/colombia\/\"},{\"@type\":\"ListItem\",\"position\":2,\"name\":\"La Fiscal\u00eda seccional Caldas entrega positivo balance en el fortalecimiento de delitos de alto impacto en 2022\"}]},{\"@type\":\"WebSite\",\"@id\":\"https:\/\/www.fiscalia.gov.co\/colombia\/#website\",\"url\":\"https:\/\/www.fiscalia.gov.co\/colombia\/\",\"name\":\"Fiscal\u00eda General de la Naci\u00f3n\",\"description\":\"P\u00e1gina oficial de la Fiscal\u00eda General de la Naci\u00f3n \u2013 Colombia. Garantizamos el acceso efectivo a la justicia, la verdad y la reparaci\u00f3n de las v\u00edctimas de los delitos.\",\"publisher\":{\"@id\":\"https:\/\/www.fiscalia.gov.co\/colombia\/#organization\"},\"potentialAction\":[{\"@type\":\"SearchAction\",\"target\":{\"@type\":\"EntryPoint\",\"urlTemplate\":\"https:\/\/www.fiscalia.gov.co\/colombia\/?s={search_term_string}\"},\"query-input\":{\"@type\":\"PropertyValueSpecification\",\"valueRequired\":true,\"valueName\":\"search_term_string\"}}],\"inLanguage\":\"es-CO\"},{\"@type\":\"Organization\",\"@id\":\"https:\/\/www.fiscalia.gov.co\/colombia\/#organization\",\"name\":\"Fiscal\u00eda General de la Naci\u00f3n\",\"url\":\"https:\/\/www.fiscalia.gov.co\/colombia\/\",\"logo\":{\"@type\":\"ImageObject\",\"inLanguage\":\"es-CO\",\"@id\":\"https:\/\/www.fiscalia.gov.co\/colombia\/#\/schema\/logo\/image\/\",\"url\":\"https:\/\/www.fiscalia.gov.co\/colombia\/wp-content\/uploads\/LogoHorizontal_1.jpg\",\"contentUrl\":\"https:\/\/www.fiscalia.gov.co\/colombia\/wp-content\/uploads\/LogoHorizontal_1.jpg\",\"width\":300,\"height\":90,\"caption\":\"Fiscal\u00eda General de la Naci\u00f3n\"},\"image\":{\"@id\":\"https:\/\/www.fiscalia.gov.co\/colombia\/#\/schema\/logo\/image\/\"},\"sameAs\":[\"https:\/\/www.facebook.com\/FiscaliaCol\",\"https:\/\/x.com\/FiscaliaCol\",\"https:\/\/www.instagram.com\/fiscaliacol\",\"https:\/\/www.linkedin.com\/company\/fiscalia-general-de-la-naci-n\/\",\"https:\/\/youtube.com\/@fiscaliageneraldelanacion-4668?si=6nN79nyQICPU5iTh\"]},{\"@type\":\"Person\",\"@id\":\"https:\/\/www.fiscalia.gov.co\/colombia\/#\/schema\/person\/bf84402cf293a5393e9c70b111020b24\",\"name\":\"Jordan Leandro Oviedo Anzola\",\"image\":{\"@type\":\"ImageObject\",\"inLanguage\":\"es-CO\",\"@id\":\"https:\/\/www.fiscalia.gov.co\/colombia\/#\/schema\/person\/image\/\",\"url\":\"https:\/\/secure.gravatar.com\/avatar\/dabba4346fa9b9207d96adafa8f92721?s=96&d=mm&r=g\",\"contentUrl\":\"https:\/\/secure.gravatar.com\/avatar\/dabba4346fa9b9207d96adafa8f92721?s=96&d=mm&r=g\",\"caption\":\"Jordan Leandro Oviedo Anzola\"},\"url\":\"https:\/\/www.fiscalia.gov.co\/colombia\/author\/joviedo\/\"}]}<\/script>\n<!-- \/ Yoast SEO plugin. -->","yoast_head_json":{"title":"Fiscal\u00eda General de la Naci\u00f3n","description":"P\u00e1gina oficial de la Fiscal\u00eda General de la Naci\u00f3n \u2013 Colombia. Garantizamos el acceso efectivo a la justicia, la verdad y la reparaci\u00f3n de las v\u00edctimas de los delitos.","robots":{"index":"noindex","follow":"follow"},"og_locale":"es_ES","og_type":"article","og_title":"Fiscal\u00eda General de la Naci\u00f3n","og_description":"P\u00e1gina oficial de la Fiscal\u00eda General de la Naci\u00f3n \u2013 Colombia. Garantizamos el acceso efectivo a la justicia, la verdad y la reparaci\u00f3n de las v\u00edctimas de los delitos.","og_url":"https:\/\/www.fiscalia.gov.co\/colombia\/noticias\/la-fiscalia-seccional-caldas-entrega-positivo-balance-en-el-fortalecimiento-de-delitos-de-alto-impacto-en-2022\/","og_site_name":"Fiscal\u00eda General de la Naci\u00f3n","article_publisher":"https:\/\/www.facebook.com\/FiscaliaCol","article_published_time":"2022-12-20T22:49:46+00:00","article_modified_time":"2022-12-30T22:42:20+00:00","og_image":[{"width":1280,"height":720,"url":"https:\/\/www.fiscalia.gov.co\/colombia\/wp-content\/uploads\/maxresdefault-837.jpg","type":"image\/jpeg"}],"author":"Jordan Leandro Oviedo Anzola","twitter_card":"summary_large_image","twitter_creator":"@FiscaliaCol","twitter_site":"@FiscaliaCol","twitter_misc":{"Escrito por":"Jordan Leandro Oviedo Anzola","Tiempo de lectura":"3 minutos"},"schema":{"@context":"https:\/\/schema.org","@graph":[{"@type":"Article","@id":"https:\/\/www.fiscalia.gov.co\/colombia\/noticias\/la-fiscalia-seccional-caldas-entrega-positivo-balance-en-el-fortalecimiento-de-delitos-de-alto-impacto-en-2022\/#article","isPartOf":{"@id":"https:\/\/www.fiscalia.gov.co\/colombia\/noticias\/la-fiscalia-seccional-caldas-entrega-positivo-balance-en-el-fortalecimiento-de-delitos-de-alto-impacto-en-2022\/"},"author":{"name":"Jordan Leandro Oviedo Anzola","@id":"https:\/\/www.fiscalia.gov.co\/colombia\/#\/schema\/person\/bf84402cf293a5393e9c70b111020b24"},"headline":"La Fiscal\u00eda seccional Caldas entrega positivo balance en el fortalecimiento de delitos de alto impacto en 2022","datePublished":"2022-12-20T22:49:46+00:00","dateModified":"2022-12-30T22:42:20+00:00","mainEntityOfPage":{"@id":"https:\/\/www.fiscalia.gov.co\/colombia\/noticias\/la-fiscalia-seccional-caldas-entrega-positivo-balance-en-el-fortalecimiento-de-delitos-de-alto-impacto-en-2022\/"},"wordCount":642,"publisher":{"@id":"https:\/\/www.fiscalia.gov.co\/colombia\/#organization"},"image":{"@id":"https:\/\/www.fiscalia.gov.co\/colombia\/noticias\/la-fiscalia-seccional-caldas-entrega-positivo-balance-en-el-fortalecimiento-de-delitos-de-alto-impacto-en-2022\/#primaryimage"},"thumbnailUrl":"https:\/\/www.fiscalia.gov.co\/colombia\/wp-content\/uploads\/maxresdefault-837.jpg","keywords":["2022","balance","Fiscal Barbosa","Fiscal\u00eda General de la Naci\u00f3n","Manizales (Caldas)"],"articleSection":["Noticias","Seccionales"],"inLanguage":"es-CO"},{"@type":"WebPage","@id":"https:\/\/www.fiscalia.gov.co\/colombia\/noticias\/la-fiscalia-seccional-caldas-entrega-positivo-balance-en-el-fortalecimiento-de-delitos-de-alto-impacto-en-2022\/","url":"https:\/\/www.fiscalia.gov.co\/colombia\/noticias\/la-fiscalia-seccional-caldas-entrega-positivo-balance-en-el-fortalecimiento-de-delitos-de-alto-impacto-en-2022\/","name":"Fiscal\u00eda General de la Naci\u00f3n","isPartOf":{"@id":"https:\/\/www.fiscalia.gov.co\/colombia\/#website"},"primaryImageOfPage":{"@id":"https:\/\/www.fiscalia.gov.co\/colombia\/noticias\/la-fiscalia-seccional-caldas-entrega-positivo-balance-en-el-fortalecimiento-de-delitos-de-alto-impacto-en-2022\/#primaryimage"},"image":{"@id":"https:\/\/www.fiscalia.gov.co\/colombia\/noticias\/la-fiscalia-seccional-caldas-entrega-positivo-balance-en-el-fortalecimiento-de-delitos-de-alto-impacto-en-2022\/#primaryimage"},"thumbnailUrl":"https:\/\/www.fiscalia.gov.co\/colombia\/wp-content\/uploads\/maxresdefault-837.jpg","datePublished":"2022-12-20T22:49:46+00:00","dateModified":"2022-12-30T22:42:20+00:00","description":"P\u00e1gina oficial de la Fiscal\u00eda General de la Naci\u00f3n \u2013 Colombia. Garantizamos el acceso efectivo a la justicia, la verdad y la reparaci\u00f3n de las v\u00edctimas de los delitos.","breadcrumb":{"@id":"https:\/\/www.fiscalia.gov.co\/colombia\/noticias\/la-fiscalia-seccional-caldas-entrega-positivo-balance-en-el-fortalecimiento-de-delitos-de-alto-impacto-en-2022\/#breadcrumb"},"inLanguage":"es-CO","potentialAction":[{"@type":"ReadAction","target":["https:\/\/www.fiscalia.gov.co\/colombia\/noticias\/la-fiscalia-seccional-caldas-entrega-positivo-balance-en-el-fortalecimiento-de-delitos-de-alto-impacto-en-2022\/"]}]},{"@type":"ImageObject","inLanguage":"es-CO","@id":"https:\/\/www.fiscalia.gov.co\/colombia\/noticias\/la-fiscalia-seccional-caldas-entrega-positivo-balance-en-el-fortalecimiento-de-delitos-de-alto-impacto-en-2022\/#primaryimage","url":"https:\/\/www.fiscalia.gov.co\/colombia\/wp-content\/uploads\/maxresdefault-837.jpg","contentUrl":"https:\/\/www.fiscalia.gov.co\/colombia\/wp-content\/uploads\/maxresdefault-837.jpg","width":1280,"height":720},{"@type":"BreadcrumbList","@id":"https:\/\/www.fiscalia.gov.co\/colombia\/noticias\/la-fiscalia-seccional-caldas-entrega-positivo-balance-en-el-fortalecimiento-de-delitos-de-alto-impacto-en-2022\/#breadcrumb","itemListElement":[{"@type":"ListItem","position":1,"name":"Home","item":"https:\/\/www.fiscalia.gov.co\/colombia\/"},{"@type":"ListItem","position":2,"name":"La Fiscal\u00eda seccional Caldas entrega positivo balance en el fortalecimiento de delitos de alto impacto en 2022"}]},{"@type":"WebSite","@id":"https:\/\/www.fiscalia.gov.co\/colombia\/#website","url":"https:\/\/www.fiscalia.gov.co\/colombia\/","name":"Fiscal\u00eda General de la Naci\u00f3n","description":"P\u00e1gina oficial de la Fiscal\u00eda General de la Naci\u00f3n \u2013 Colombia. Garantizamos el acceso efectivo a la justicia, la verdad y la reparaci\u00f3n de las v\u00edctimas de los delitos.","publisher":{"@id":"https:\/\/www.fiscalia.gov.co\/colombia\/#organization"},"potentialAction":[{"@type":"SearchAction","target":{"@type":"EntryPoint","urlTemplate":"https:\/\/www.fiscalia.gov.co\/colombia\/?s={search_term_string}"},"query-input":{"@type":"PropertyValueSpecification","valueRequired":true,"valueName":"search_term_string"}}],"inLanguage":"es-CO"},{"@type":"Organization","@id":"https:\/\/www.fiscalia.gov.co\/colombia\/#organization","name":"Fiscal\u00eda General de la Naci\u00f3n","url":"https:\/\/www.fiscalia.gov.co\/colombia\/","logo":{"@type":"ImageObject","inLanguage":"es-CO","@id":"https:\/\/www.fiscalia.gov.co\/colombia\/#\/schema\/logo\/image\/","url":"https:\/\/www.fiscalia.gov.co\/colombia\/wp-content\/uploads\/LogoHorizontal_1.jpg","contentUrl":"https:\/\/www.fiscalia.gov.co\/colombia\/wp-content\/uploads\/LogoHorizontal_1.jpg","width":300,"height":90,"caption":"Fiscal\u00eda General de la Naci\u00f3n"},"image":{"@id":"https:\/\/www.fiscalia.gov.co\/colombia\/#\/schema\/logo\/image\/"},"sameAs":["https:\/\/www.facebook.com\/FiscaliaCol","https:\/\/x.com\/FiscaliaCol","https:\/\/www.instagram.com\/fiscaliacol","https:\/\/www.linkedin.com\/company\/fiscalia-general-de-la-naci-n\/","https:\/\/youtube.com\/@fiscaliageneraldelanacion-4668?si=6nN79nyQICPU5iTh"]},{"@type":"Person","@id":"https:\/\/www.fiscalia.gov.co\/colombia\/#\/schema\/person\/bf84402cf293a5393e9c70b111020b24","name":"Jordan Leandro Oviedo Anzola","image":{"@type":"ImageObject","inLanguage":"es-CO","@id":"https:\/\/www.fiscalia.gov.co\/colombia\/#\/schema\/person\/image\/","url":"https:\/\/secure.gravatar.com\/avatar\/dabba4346fa9b9207d96adafa8f92721?s=96&d=mm&r=g","contentUrl":"https:\/\/secure.gravatar.com\/avatar\/dabba4346fa9b9207d96adafa8f92721?s=96&d=mm&r=g","caption":"Jordan Leandro Oviedo Anzola"},"url":"https:\/\/www.fiscalia.gov.co\/colombia\/author\/joviedo\/"}]}},"_links":{"self":[{"href":"https:\/\/www.fiscalia.gov.co\/colombia\/wp-json\/wp\/v2\/posts\/263302","targetHints":{"allow":["GET"]}}],"collection":[{"href":"https:\/\/www.fiscalia.gov.co\/colombia\/wp-json\/wp\/v2\/posts"}],"about":[{"href":"https:\/\/www.fiscalia.gov.co\/colombia\/wp-json\/wp\/v2\/types\/post"}],"author":[{"embeddable":true,"href":"https:\/\/www.fiscalia.gov.co\/colombia\/wp-json\/wp\/v2\/users\/177"}],"replies":[{"embeddable":true,"href":"https:\/\/www.fiscalia.gov.co\/colombia\/wp-json\/wp\/v2\/comments?post=263302"}],"version-history":[{"count":1,"href":"https:\/\/www.fiscalia.gov.co\/colombia\/wp-json\/wp\/v2\/posts\/263302\/revisions"}],"predecessor-version":[{"id":263303,"href":"https:\/\/www.fiscalia.gov.co\/colombia\/wp-json\/wp\/v2\/posts\/263302\/revisions\/263303"}],"wp:featuredmedia":[{"embeddable":true,"href":"https:\/\/www.fiscalia.gov.co\/colombia\/wp-json\/wp\/v2\/media\/263650"}],"wp:attachment":[{"href":"https:\/\/www.fiscalia.gov.co\/colombia\/wp-json\/wp\/v2\/media?parent=263302"}],"wp:term":[{"taxonomy":"category","embeddable":true,"href":"https:\/\/www.fiscalia.gov.co\/colombia\/wp-json\/wp\/v2\/categories?post=263302"},{"taxonomy":"post_tag","embeddable":true,"href":"https:\/\/www.fiscalia.gov.co\/colombia\/wp-json\/wp\/v2\/tags?post=263302"}],"curies":[{"name":"wp","href":"https:\/\/api.w.org\/{rel}","templated":true}]}}