{"id":263274,"date":"2022-12-20T12:07:36","date_gmt":"2022-12-20T17:07:36","guid":{"rendered":"https:\/\/www.fiscalia.gov.co\/colombia\/?p=263274"},"modified":"2022-12-29T13:41:45","modified_gmt":"2022-12-29T18:41:45","slug":"durante-el-2022-en-amazonas-la-fiscalia-logro-importantes-resultados-en-la-lucha-contra-delitos-que-afectan-a-los-ninos-ninas-y-adolescentes","status":"publish","type":"post","link":"https:\/\/www.fiscalia.gov.co\/colombia\/noticias\/durante-el-2022-en-amazonas-la-fiscalia-logro-importantes-resultados-en-la-lucha-contra-delitos-que-afectan-a-los-ninos-ninas-y-adolescentes\/","title":{"rendered":"Durante el 2022 en Amazonas, la Fiscal\u00eda logr\u00f3 importantes resultados en la lucha contra delitos que afectan a los ni\u00f1os, ni\u00f1as y adolescentes"},"content":{"rendered":"<h4><strong><em>Tambi\u00e9n se lograron avances en las investigaciones relacionadas con delitos de alto impacto<\/em> <em>como hurto violento, homicidio y violencia intrafamiliar.<\/em><\/strong><\/h4>\n<p>Los elementos materiales probatorios obtenidos por fiscales, investigadores y t\u00e9cnicos forenses adscritos a la Seccional Amazonas, le permiti\u00f3 a la Fiscal\u00eda General de la Naci\u00f3n alcanzar importantes resultados en la defensa de los ni\u00f1os, ni\u00f1as y adolescentes en esa regi\u00f3n del pa\u00eds.<\/p>\n<p>De acuerdo con el m\u00e1s reciente balance, el ente investigador ha resuelto el 94,12% de los casos denunciados por este tipo de delitos, ocurridos en el presente a\u00f1o. Las labores de polic\u00eda judicial y la contundencia argumentativa de los fiscales permitieron alcanzar medidas ejemplarizantes contra presuntos abusadores sexuales de menores de edad.<\/p>\n<p>En Leticia (Amazonas) fue judicializado un profesor de ciencias naturales que habr\u00eda sido responsable de abusar sexualmente a una de sus alumnas, de 8 a\u00f1os.<\/p>\n<p>En otro caso, el ente acusador obtuvo la medida de aseguramiento en centro carcelario para el padrastro de una menor de edad, agredida desde que ten\u00eda 10 a\u00f1os. Seg\u00fan se logr\u00f3 determinar, los abusos se presentaron en el barrio Victoria Regia, Leticia (Amazonas) y se prolongaron hasta cuando la ni\u00f1a cumpli\u00f3 los 12 a\u00f1os. Ante el abundante material probatorio el imputado acept\u00f3 los cargos.<\/p>\n<p>Las cifras positivas tambi\u00e9n se presentaron en cuando a delitos de la violencia intrafamiliar. En este caso fue resuelto el 88,46% de los casos conocidos por la Fiscal\u00eda. En cuanto a las muertes violentas ocurridas en Amazonas se logr\u00f3 la judicializaci\u00f3n del 77% de los presuntos responsables.<\/p>\n<p>A estos resultados se suma la desarticulaci\u00f3n de tres bandas; dos, dedicadas al hurto de celulares y una al tr\u00e1fico de estupefacientes. En total 15 presuntos integrantes de estas redes de crimen organizado fueron judicializados.<\/p>\n<p>Entre las organizaciones impactadas est\u00e1n \u2018Los del Puerto\u2019, conformada por siete integrantes de una misma familia quienes, presuntamente, mov\u00edan cargamentos de estupefacientes desde el vecino pa\u00eds de Per\u00fa hacia Puerto Nari\u00f1o (Amazonas). Todos los procesados fueron enviados a prisi\u00f3n.<\/p>\n<p><strong>La Fiscal\u00eda habla con resultados.<\/strong><\/p>\n<p>&nbsp;<\/p>\n<p>&nbsp;<\/p>\n<p>&nbsp;<\/p>\n<p>&nbsp;<\/p>\n<p>LMBG\/MAGA\/DOPM.<\/p>\n<p>&nbsp;<\/p>\n<p>&nbsp;<\/p>\n<p>&nbsp;<\/p>\n<p>&nbsp;<\/p>\n<div class=\"td-post-content tagdiv-type\">\n<div class=\"td-post-content tagdiv-type\">\n<div class=\"td-post-content tagdiv-type\">\n<div class=\"td-post-content tagdiv-type\">\n<p><i>La informaci\u00f3n contenida en este bolet\u00edn de prensa corresponde a la narraci\u00f3n de los hechos noticiosos objetivos, suministrados por los funcionarios encargados de adelantar las investigaciones penales al interior de la Fiscal\u00eda General de la Naci\u00f3n. Para el momento de la divulgaci\u00f3n de este comunicado, la situaci\u00f3n jur\u00eddica de la(s) persona(s) relacionada(s) se encuentra pendiente de resolver por la autoridad judicial competente, siempre bajo los preceptos de la presunci\u00f3n de inocencia, consagrados en el art\u00edculo 29 de la Constituci\u00f3n Pol\u00edtica y el art\u00edculo 7\u00ba de la Ley 906 de 2004.<\/i><\/p>\n<\/div>\n<\/div>\n<\/div>\n<\/div>\n\n<div class=\"twitter-share\"><a href=\"https:\/\/twitter.com\/intent\/tweet?via=fiscaliacol\" class=\"twitter-share-button\">Tweet<\/a><\/div>\n","protected":false},"excerpt":{"rendered":"<p>Tambi\u00e9n se lograron avances en las investigaciones relacionadas con delitos de alto impacto como hurto violento, homicidio y violencia intrafamiliar. Los elementos materiales probatorios obtenidos por fiscales, investigadores y t\u00e9cnicos forenses adscritos a la Seccional Amazonas, le permiti\u00f3 a la Fiscal\u00eda General de la Naci\u00f3n alcanzar importantes resultados en la defensa de los ni\u00f1os, ni\u00f1as [&hellip;]<\/p>\n","protected":false},"author":177,"featured_media":263610,"comment_status":"closed","ping_status":"open","sticky":false,"template":"","format":"video","meta":{"tdm_status":"","tdm_grid_status":"","footnotes":""},"categories":[1,24153,303],"tags":[30755,7823,25137,4345,24185,1047,24531,30714],"class_list":{"0":"post-263274","1":"post","2":"type-post","3":"status-publish","4":"format-video","5":"has-post-thumbnail","7":"category-noticias","8":"category-seccional-leticia","9":"category-seccionales","10":"tag-30755","11":"tag-amazonas","12":"tag-balance","13":"tag-delitos","14":"tag-fiscal-barbosa","15":"tag-fiscalia-general-de-la-nacion","16":"tag-ninas","17":"tag-ninos-y-adolescentes","18":"post_format-post-format-video"},"yoast_head":"<!-- This site is optimized with the Yoast SEO plugin v24.3 - https:\/\/yoast.com\/wordpress\/plugins\/seo\/ -->\n<title>Fiscal\u00eda General de la Naci\u00f3n<\/title>\n<meta name=\"description\" content=\"P\u00e1gina oficial de la Fiscal\u00eda General de la Naci\u00f3n \u2013 Colombia. Garantizamos el acceso efectivo a la justicia, la verdad y la reparaci\u00f3n de las v\u00edctimas de los delitos.\" \/>\n<meta name=\"robots\" content=\"noindex, follow\" \/>\n<meta property=\"og:locale\" content=\"es_ES\" \/>\n<meta property=\"og:type\" content=\"article\" \/>\n<meta property=\"og:title\" content=\"Fiscal\u00eda General de la Naci\u00f3n\" \/>\n<meta property=\"og:description\" content=\"P\u00e1gina oficial de la Fiscal\u00eda General de la Naci\u00f3n \u2013 Colombia. Garantizamos el acceso efectivo a la justicia, la verdad y la reparaci\u00f3n de las v\u00edctimas de los delitos.\" \/>\n<meta property=\"og:url\" content=\"https:\/\/www.fiscalia.gov.co\/colombia\/noticias\/durante-el-2022-en-amazonas-la-fiscalia-logro-importantes-resultados-en-la-lucha-contra-delitos-que-afectan-a-los-ninos-ninas-y-adolescentes\/\" \/>\n<meta property=\"og:site_name\" content=\"Fiscal\u00eda General de la Naci\u00f3n\" \/>\n<meta property=\"article:publisher\" content=\"https:\/\/www.facebook.com\/FiscaliaCol\" \/>\n<meta property=\"article:published_time\" content=\"2022-12-20T17:07:36+00:00\" \/>\n<meta property=\"article:modified_time\" content=\"2022-12-29T18:41:45+00:00\" \/>\n<meta property=\"og:image\" content=\"https:\/\/www.fiscalia.gov.co\/colombia\/wp-content\/uploads\/maxresdefault-834.jpg\" \/>\n\t<meta property=\"og:image:width\" content=\"1280\" \/>\n\t<meta property=\"og:image:height\" content=\"720\" \/>\n\t<meta property=\"og:image:type\" content=\"image\/jpeg\" \/>\n<meta name=\"author\" content=\"Jordan Leandro Oviedo Anzola\" \/>\n<meta name=\"twitter:card\" content=\"summary_large_image\" \/>\n<meta name=\"twitter:creator\" content=\"@FiscaliaCol\" \/>\n<meta name=\"twitter:site\" content=\"@FiscaliaCol\" \/>\n<meta name=\"twitter:label1\" content=\"Escrito por\" \/>\n\t<meta name=\"twitter:data1\" content=\"Jordan Leandro Oviedo Anzola\" \/>\n\t<meta name=\"twitter:label2\" content=\"Tiempo de lectura\" \/>\n\t<meta name=\"twitter:data2\" content=\"2 minutos\" \/>\n<script type=\"application\/ld+json\" class=\"yoast-schema-graph\">{\"@context\":\"https:\/\/schema.org\",\"@graph\":[{\"@type\":\"Article\",\"@id\":\"https:\/\/www.fiscalia.gov.co\/colombia\/noticias\/durante-el-2022-en-amazonas-la-fiscalia-logro-importantes-resultados-en-la-lucha-contra-delitos-que-afectan-a-los-ninos-ninas-y-adolescentes\/#article\",\"isPartOf\":{\"@id\":\"https:\/\/www.fiscalia.gov.co\/colombia\/noticias\/durante-el-2022-en-amazonas-la-fiscalia-logro-importantes-resultados-en-la-lucha-contra-delitos-que-afectan-a-los-ninos-ninas-y-adolescentes\/\"},\"author\":{\"name\":\"Jordan Leandro Oviedo Anzola\",\"@id\":\"https:\/\/www.fiscalia.gov.co\/colombia\/#\/schema\/person\/bf84402cf293a5393e9c70b111020b24\"},\"headline\":\"Durante el 2022 en Amazonas, la Fiscal\u00eda logr\u00f3 importantes resultados en la lucha contra delitos que afectan a los ni\u00f1os, ni\u00f1as y adolescentes\",\"datePublished\":\"2022-12-20T17:07:36+00:00\",\"dateModified\":\"2022-12-29T18:41:45+00:00\",\"mainEntityOfPage\":{\"@id\":\"https:\/\/www.fiscalia.gov.co\/colombia\/noticias\/durante-el-2022-en-amazonas-la-fiscalia-logro-importantes-resultados-en-la-lucha-contra-delitos-que-afectan-a-los-ninos-ninas-y-adolescentes\/\"},\"wordCount\":489,\"publisher\":{\"@id\":\"https:\/\/www.fiscalia.gov.co\/colombia\/#organization\"},\"image\":{\"@id\":\"https:\/\/www.fiscalia.gov.co\/colombia\/noticias\/durante-el-2022-en-amazonas-la-fiscalia-logro-importantes-resultados-en-la-lucha-contra-delitos-que-afectan-a-los-ninos-ninas-y-adolescentes\/#primaryimage\"},\"thumbnailUrl\":\"https:\/\/www.fiscalia.gov.co\/colombia\/wp-content\/uploads\/maxresdefault-834.jpg\",\"keywords\":[\"2022\",\"Amazonas\",\"balance\",\"Delitos\",\"Fiscal Barbosa\",\"Fiscal\u00eda General de la Naci\u00f3n\",\"ni\u00f1as\",\"ni\u00f1os y adolescentes\"],\"articleSection\":[\"Noticias\",\"Seccional Leticia\",\"Seccionales\"],\"inLanguage\":\"es-CO\"},{\"@type\":\"WebPage\",\"@id\":\"https:\/\/www.fiscalia.gov.co\/colombia\/noticias\/durante-el-2022-en-amazonas-la-fiscalia-logro-importantes-resultados-en-la-lucha-contra-delitos-que-afectan-a-los-ninos-ninas-y-adolescentes\/\",\"url\":\"https:\/\/www.fiscalia.gov.co\/colombia\/noticias\/durante-el-2022-en-amazonas-la-fiscalia-logro-importantes-resultados-en-la-lucha-contra-delitos-que-afectan-a-los-ninos-ninas-y-adolescentes\/\",\"name\":\"Fiscal\u00eda General de la Naci\u00f3n\",\"isPartOf\":{\"@id\":\"https:\/\/www.fiscalia.gov.co\/colombia\/#website\"},\"primaryImageOfPage\":{\"@id\":\"https:\/\/www.fiscalia.gov.co\/colombia\/noticias\/durante-el-2022-en-amazonas-la-fiscalia-logro-importantes-resultados-en-la-lucha-contra-delitos-que-afectan-a-los-ninos-ninas-y-adolescentes\/#primaryimage\"},\"image\":{\"@id\":\"https:\/\/www.fiscalia.gov.co\/colombia\/noticias\/durante-el-2022-en-amazonas-la-fiscalia-logro-importantes-resultados-en-la-lucha-contra-delitos-que-afectan-a-los-ninos-ninas-y-adolescentes\/#primaryimage\"},\"thumbnailUrl\":\"https:\/\/www.fiscalia.gov.co\/colombia\/wp-content\/uploads\/maxresdefault-834.jpg\",\"datePublished\":\"2022-12-20T17:07:36+00:00\",\"dateModified\":\"2022-12-29T18:41:45+00:00\",\"description\":\"P\u00e1gina oficial de la Fiscal\u00eda General de la Naci\u00f3n \u2013 Colombia. Garantizamos el acceso efectivo a la justicia, la verdad y la reparaci\u00f3n de las v\u00edctimas de los delitos.\",\"breadcrumb\":{\"@id\":\"https:\/\/www.fiscalia.gov.co\/colombia\/noticias\/durante-el-2022-en-amazonas-la-fiscalia-logro-importantes-resultados-en-la-lucha-contra-delitos-que-afectan-a-los-ninos-ninas-y-adolescentes\/#breadcrumb\"},\"inLanguage\":\"es-CO\",\"potentialAction\":[{\"@type\":\"ReadAction\",\"target\":[\"https:\/\/www.fiscalia.gov.co\/colombia\/noticias\/durante-el-2022-en-amazonas-la-fiscalia-logro-importantes-resultados-en-la-lucha-contra-delitos-que-afectan-a-los-ninos-ninas-y-adolescentes\/\"]}]},{\"@type\":\"ImageObject\",\"inLanguage\":\"es-CO\",\"@id\":\"https:\/\/www.fiscalia.gov.co\/colombia\/noticias\/durante-el-2022-en-amazonas-la-fiscalia-logro-importantes-resultados-en-la-lucha-contra-delitos-que-afectan-a-los-ninos-ninas-y-adolescentes\/#primaryimage\",\"url\":\"https:\/\/www.fiscalia.gov.co\/colombia\/wp-content\/uploads\/maxresdefault-834.jpg\",\"contentUrl\":\"https:\/\/www.fiscalia.gov.co\/colombia\/wp-content\/uploads\/maxresdefault-834.jpg\",\"width\":1280,\"height\":720},{\"@type\":\"BreadcrumbList\",\"@id\":\"https:\/\/www.fiscalia.gov.co\/colombia\/noticias\/durante-el-2022-en-amazonas-la-fiscalia-logro-importantes-resultados-en-la-lucha-contra-delitos-que-afectan-a-los-ninos-ninas-y-adolescentes\/#breadcrumb\",\"itemListElement\":[{\"@type\":\"ListItem\",\"position\":1,\"name\":\"Home\",\"item\":\"https:\/\/www.fiscalia.gov.co\/colombia\/\"},{\"@type\":\"ListItem\",\"position\":2,\"name\":\"Durante el 2022 en Amazonas, la Fiscal\u00eda logr\u00f3 importantes resultados en la lucha contra delitos que afectan a los ni\u00f1os, ni\u00f1as y adolescentes\"}]},{\"@type\":\"WebSite\",\"@id\":\"https:\/\/www.fiscalia.gov.co\/colombia\/#website\",\"url\":\"https:\/\/www.fiscalia.gov.co\/colombia\/\",\"name\":\"Fiscal\u00eda General de la Naci\u00f3n\",\"description\":\"P\u00e1gina oficial de la Fiscal\u00eda General de la Naci\u00f3n \u2013 Colombia. Garantizamos el acceso efectivo a la justicia, la verdad y la reparaci\u00f3n de las v\u00edctimas de los delitos.\",\"publisher\":{\"@id\":\"https:\/\/www.fiscalia.gov.co\/colombia\/#organization\"},\"potentialAction\":[{\"@type\":\"SearchAction\",\"target\":{\"@type\":\"EntryPoint\",\"urlTemplate\":\"https:\/\/www.fiscalia.gov.co\/colombia\/?s={search_term_string}\"},\"query-input\":{\"@type\":\"PropertyValueSpecification\",\"valueRequired\":true,\"valueName\":\"search_term_string\"}}],\"inLanguage\":\"es-CO\"},{\"@type\":\"Organization\",\"@id\":\"https:\/\/www.fiscalia.gov.co\/colombia\/#organization\",\"name\":\"Fiscal\u00eda General de la Naci\u00f3n\",\"url\":\"https:\/\/www.fiscalia.gov.co\/colombia\/\",\"logo\":{\"@type\":\"ImageObject\",\"inLanguage\":\"es-CO\",\"@id\":\"https:\/\/www.fiscalia.gov.co\/colombia\/#\/schema\/logo\/image\/\",\"url\":\"https:\/\/www.fiscalia.gov.co\/colombia\/wp-content\/uploads\/LogoHorizontal_1.jpg\",\"contentUrl\":\"https:\/\/www.fiscalia.gov.co\/colombia\/wp-content\/uploads\/LogoHorizontal_1.jpg\",\"width\":300,\"height\":90,\"caption\":\"Fiscal\u00eda General de la Naci\u00f3n\"},\"image\":{\"@id\":\"https:\/\/www.fiscalia.gov.co\/colombia\/#\/schema\/logo\/image\/\"},\"sameAs\":[\"https:\/\/www.facebook.com\/FiscaliaCol\",\"https:\/\/x.com\/FiscaliaCol\",\"https:\/\/www.instagram.com\/fiscaliacol\",\"https:\/\/www.linkedin.com\/company\/fiscalia-general-de-la-naci-n\/\",\"https:\/\/youtube.com\/@fiscaliageneraldelanacion-4668?si=6nN79nyQICPU5iTh\"]},{\"@type\":\"Person\",\"@id\":\"https:\/\/www.fiscalia.gov.co\/colombia\/#\/schema\/person\/bf84402cf293a5393e9c70b111020b24\",\"name\":\"Jordan Leandro Oviedo Anzola\",\"image\":{\"@type\":\"ImageObject\",\"inLanguage\":\"es-CO\",\"@id\":\"https:\/\/www.fiscalia.gov.co\/colombia\/#\/schema\/person\/image\/\",\"url\":\"https:\/\/secure.gravatar.com\/avatar\/dabba4346fa9b9207d96adafa8f92721?s=96&d=mm&r=g\",\"contentUrl\":\"https:\/\/secure.gravatar.com\/avatar\/dabba4346fa9b9207d96adafa8f92721?s=96&d=mm&r=g\",\"caption\":\"Jordan Leandro Oviedo Anzola\"},\"url\":\"https:\/\/www.fiscalia.gov.co\/colombia\/author\/joviedo\/\"}]}<\/script>\n<!-- \/ Yoast SEO plugin. -->","yoast_head_json":{"title":"Fiscal\u00eda General de la Naci\u00f3n","description":"P\u00e1gina oficial de la Fiscal\u00eda General de la Naci\u00f3n \u2013 Colombia. Garantizamos el acceso efectivo a la justicia, la verdad y la reparaci\u00f3n de las v\u00edctimas de los delitos.","robots":{"index":"noindex","follow":"follow"},"og_locale":"es_ES","og_type":"article","og_title":"Fiscal\u00eda General de la Naci\u00f3n","og_description":"P\u00e1gina oficial de la Fiscal\u00eda General de la Naci\u00f3n \u2013 Colombia. Garantizamos el acceso efectivo a la justicia, la verdad y la reparaci\u00f3n de las v\u00edctimas de los delitos.","og_url":"https:\/\/www.fiscalia.gov.co\/colombia\/noticias\/durante-el-2022-en-amazonas-la-fiscalia-logro-importantes-resultados-en-la-lucha-contra-delitos-que-afectan-a-los-ninos-ninas-y-adolescentes\/","og_site_name":"Fiscal\u00eda General de la Naci\u00f3n","article_publisher":"https:\/\/www.facebook.com\/FiscaliaCol","article_published_time":"2022-12-20T17:07:36+00:00","article_modified_time":"2022-12-29T18:41:45+00:00","og_image":[{"width":1280,"height":720,"url":"https:\/\/www.fiscalia.gov.co\/colombia\/wp-content\/uploads\/maxresdefault-834.jpg","type":"image\/jpeg"}],"author":"Jordan Leandro Oviedo Anzola","twitter_card":"summary_large_image","twitter_creator":"@FiscaliaCol","twitter_site":"@FiscaliaCol","twitter_misc":{"Escrito por":"Jordan Leandro Oviedo Anzola","Tiempo de lectura":"2 minutos"},"schema":{"@context":"https:\/\/schema.org","@graph":[{"@type":"Article","@id":"https:\/\/www.fiscalia.gov.co\/colombia\/noticias\/durante-el-2022-en-amazonas-la-fiscalia-logro-importantes-resultados-en-la-lucha-contra-delitos-que-afectan-a-los-ninos-ninas-y-adolescentes\/#article","isPartOf":{"@id":"https:\/\/www.fiscalia.gov.co\/colombia\/noticias\/durante-el-2022-en-amazonas-la-fiscalia-logro-importantes-resultados-en-la-lucha-contra-delitos-que-afectan-a-los-ninos-ninas-y-adolescentes\/"},"author":{"name":"Jordan Leandro Oviedo Anzola","@id":"https:\/\/www.fiscalia.gov.co\/colombia\/#\/schema\/person\/bf84402cf293a5393e9c70b111020b24"},"headline":"Durante el 2022 en Amazonas, la Fiscal\u00eda logr\u00f3 importantes resultados en la lucha contra delitos que afectan a los ni\u00f1os, ni\u00f1as y adolescentes","datePublished":"2022-12-20T17:07:36+00:00","dateModified":"2022-12-29T18:41:45+00:00","mainEntityOfPage":{"@id":"https:\/\/www.fiscalia.gov.co\/colombia\/noticias\/durante-el-2022-en-amazonas-la-fiscalia-logro-importantes-resultados-en-la-lucha-contra-delitos-que-afectan-a-los-ninos-ninas-y-adolescentes\/"},"wordCount":489,"publisher":{"@id":"https:\/\/www.fiscalia.gov.co\/colombia\/#organization"},"image":{"@id":"https:\/\/www.fiscalia.gov.co\/colombia\/noticias\/durante-el-2022-en-amazonas-la-fiscalia-logro-importantes-resultados-en-la-lucha-contra-delitos-que-afectan-a-los-ninos-ninas-y-adolescentes\/#primaryimage"},"thumbnailUrl":"https:\/\/www.fiscalia.gov.co\/colombia\/wp-content\/uploads\/maxresdefault-834.jpg","keywords":["2022","Amazonas","balance","Delitos","Fiscal Barbosa","Fiscal\u00eda General de la Naci\u00f3n","ni\u00f1as","ni\u00f1os y adolescentes"],"articleSection":["Noticias","Seccional Leticia","Seccionales"],"inLanguage":"es-CO"},{"@type":"WebPage","@id":"https:\/\/www.fiscalia.gov.co\/colombia\/noticias\/durante-el-2022-en-amazonas-la-fiscalia-logro-importantes-resultados-en-la-lucha-contra-delitos-que-afectan-a-los-ninos-ninas-y-adolescentes\/","url":"https:\/\/www.fiscalia.gov.co\/colombia\/noticias\/durante-el-2022-en-amazonas-la-fiscalia-logro-importantes-resultados-en-la-lucha-contra-delitos-que-afectan-a-los-ninos-ninas-y-adolescentes\/","name":"Fiscal\u00eda General de la Naci\u00f3n","isPartOf":{"@id":"https:\/\/www.fiscalia.gov.co\/colombia\/#website"},"primaryImageOfPage":{"@id":"https:\/\/www.fiscalia.gov.co\/colombia\/noticias\/durante-el-2022-en-amazonas-la-fiscalia-logro-importantes-resultados-en-la-lucha-contra-delitos-que-afectan-a-los-ninos-ninas-y-adolescentes\/#primaryimage"},"image":{"@id":"https:\/\/www.fiscalia.gov.co\/colombia\/noticias\/durante-el-2022-en-amazonas-la-fiscalia-logro-importantes-resultados-en-la-lucha-contra-delitos-que-afectan-a-los-ninos-ninas-y-adolescentes\/#primaryimage"},"thumbnailUrl":"https:\/\/www.fiscalia.gov.co\/colombia\/wp-content\/uploads\/maxresdefault-834.jpg","datePublished":"2022-12-20T17:07:36+00:00","dateModified":"2022-12-29T18:41:45+00:00","description":"P\u00e1gina oficial de la Fiscal\u00eda General de la Naci\u00f3n \u2013 Colombia. Garantizamos el acceso efectivo a la justicia, la verdad y la reparaci\u00f3n de las v\u00edctimas de los delitos.","breadcrumb":{"@id":"https:\/\/www.fiscalia.gov.co\/colombia\/noticias\/durante-el-2022-en-amazonas-la-fiscalia-logro-importantes-resultados-en-la-lucha-contra-delitos-que-afectan-a-los-ninos-ninas-y-adolescentes\/#breadcrumb"},"inLanguage":"es-CO","potentialAction":[{"@type":"ReadAction","target":["https:\/\/www.fiscalia.gov.co\/colombia\/noticias\/durante-el-2022-en-amazonas-la-fiscalia-logro-importantes-resultados-en-la-lucha-contra-delitos-que-afectan-a-los-ninos-ninas-y-adolescentes\/"]}]},{"@type":"ImageObject","inLanguage":"es-CO","@id":"https:\/\/www.fiscalia.gov.co\/colombia\/noticias\/durante-el-2022-en-amazonas-la-fiscalia-logro-importantes-resultados-en-la-lucha-contra-delitos-que-afectan-a-los-ninos-ninas-y-adolescentes\/#primaryimage","url":"https:\/\/www.fiscalia.gov.co\/colombia\/wp-content\/uploads\/maxresdefault-834.jpg","contentUrl":"https:\/\/www.fiscalia.gov.co\/colombia\/wp-content\/uploads\/maxresdefault-834.jpg","width":1280,"height":720},{"@type":"BreadcrumbList","@id":"https:\/\/www.fiscalia.gov.co\/colombia\/noticias\/durante-el-2022-en-amazonas-la-fiscalia-logro-importantes-resultados-en-la-lucha-contra-delitos-que-afectan-a-los-ninos-ninas-y-adolescentes\/#breadcrumb","itemListElement":[{"@type":"ListItem","position":1,"name":"Home","item":"https:\/\/www.fiscalia.gov.co\/colombia\/"},{"@type":"ListItem","position":2,"name":"Durante el 2022 en Amazonas, la Fiscal\u00eda logr\u00f3 importantes resultados en la lucha contra delitos que afectan a los ni\u00f1os, ni\u00f1as y adolescentes"}]},{"@type":"WebSite","@id":"https:\/\/www.fiscalia.gov.co\/colombia\/#website","url":"https:\/\/www.fiscalia.gov.co\/colombia\/","name":"Fiscal\u00eda General de la Naci\u00f3n","description":"P\u00e1gina oficial de la Fiscal\u00eda General de la Naci\u00f3n \u2013 Colombia. Garantizamos el acceso efectivo a la justicia, la verdad y la reparaci\u00f3n de las v\u00edctimas de los delitos.","publisher":{"@id":"https:\/\/www.fiscalia.gov.co\/colombia\/#organization"},"potentialAction":[{"@type":"SearchAction","target":{"@type":"EntryPoint","urlTemplate":"https:\/\/www.fiscalia.gov.co\/colombia\/?s={search_term_string}"},"query-input":{"@type":"PropertyValueSpecification","valueRequired":true,"valueName":"search_term_string"}}],"inLanguage":"es-CO"},{"@type":"Organization","@id":"https:\/\/www.fiscalia.gov.co\/colombia\/#organization","name":"Fiscal\u00eda General de la Naci\u00f3n","url":"https:\/\/www.fiscalia.gov.co\/colombia\/","logo":{"@type":"ImageObject","inLanguage":"es-CO","@id":"https:\/\/www.fiscalia.gov.co\/colombia\/#\/schema\/logo\/image\/","url":"https:\/\/www.fiscalia.gov.co\/colombia\/wp-content\/uploads\/LogoHorizontal_1.jpg","contentUrl":"https:\/\/www.fiscalia.gov.co\/colombia\/wp-content\/uploads\/LogoHorizontal_1.jpg","width":300,"height":90,"caption":"Fiscal\u00eda General de la Naci\u00f3n"},"image":{"@id":"https:\/\/www.fiscalia.gov.co\/colombia\/#\/schema\/logo\/image\/"},"sameAs":["https:\/\/www.facebook.com\/FiscaliaCol","https:\/\/x.com\/FiscaliaCol","https:\/\/www.instagram.com\/fiscaliacol","https:\/\/www.linkedin.com\/company\/fiscalia-general-de-la-naci-n\/","https:\/\/youtube.com\/@fiscaliageneraldelanacion-4668?si=6nN79nyQICPU5iTh"]},{"@type":"Person","@id":"https:\/\/www.fiscalia.gov.co\/colombia\/#\/schema\/person\/bf84402cf293a5393e9c70b111020b24","name":"Jordan Leandro Oviedo Anzola","image":{"@type":"ImageObject","inLanguage":"es-CO","@id":"https:\/\/www.fiscalia.gov.co\/colombia\/#\/schema\/person\/image\/","url":"https:\/\/secure.gravatar.com\/avatar\/dabba4346fa9b9207d96adafa8f92721?s=96&d=mm&r=g","contentUrl":"https:\/\/secure.gravatar.com\/avatar\/dabba4346fa9b9207d96adafa8f92721?s=96&d=mm&r=g","caption":"Jordan Leandro Oviedo Anzola"},"url":"https:\/\/www.fiscalia.gov.co\/colombia\/author\/joviedo\/"}]}},"_links":{"self":[{"href":"https:\/\/www.fiscalia.gov.co\/colombia\/wp-json\/wp\/v2\/posts\/263274","targetHints":{"allow":["GET"]}}],"collection":[{"href":"https:\/\/www.fiscalia.gov.co\/colombia\/wp-json\/wp\/v2\/posts"}],"about":[{"href":"https:\/\/www.fiscalia.gov.co\/colombia\/wp-json\/wp\/v2\/types\/post"}],"author":[{"embeddable":true,"href":"https:\/\/www.fiscalia.gov.co\/colombia\/wp-json\/wp\/v2\/users\/177"}],"replies":[{"embeddable":true,"href":"https:\/\/www.fiscalia.gov.co\/colombia\/wp-json\/wp\/v2\/comments?post=263274"}],"version-history":[{"count":1,"href":"https:\/\/www.fiscalia.gov.co\/colombia\/wp-json\/wp\/v2\/posts\/263274\/revisions"}],"predecessor-version":[{"id":263275,"href":"https:\/\/www.fiscalia.gov.co\/colombia\/wp-json\/wp\/v2\/posts\/263274\/revisions\/263275"}],"wp:featuredmedia":[{"embeddable":true,"href":"https:\/\/www.fiscalia.gov.co\/colombia\/wp-json\/wp\/v2\/media\/263610"}],"wp:attachment":[{"href":"https:\/\/www.fiscalia.gov.co\/colombia\/wp-json\/wp\/v2\/media?parent=263274"}],"wp:term":[{"taxonomy":"category","embeddable":true,"href":"https:\/\/www.fiscalia.gov.co\/colombia\/wp-json\/wp\/v2\/categories?post=263274"},{"taxonomy":"post_tag","embeddable":true,"href":"https:\/\/www.fiscalia.gov.co\/colombia\/wp-json\/wp\/v2\/tags?post=263274"}],"curies":[{"name":"wp","href":"https:\/\/api.w.org\/{rel}","templated":true}]}}