{"id":263271,"date":"2022-12-20T11:59:12","date_gmt":"2022-12-20T16:59:12","guid":{"rendered":"https:\/\/www.fiscalia.gov.co\/colombia\/?p=263271"},"modified":"2022-12-20T11:59:12","modified_gmt":"2022-12-20T16:59:12","slug":"judicializados-un-adulto-y-un-menor-implicados-en-trafico-de-estupefacientes-en-bolivar-valle-del-cauca","status":"publish","type":"post","link":"https:\/\/www.fiscalia.gov.co\/colombia\/noticias\/judicializados-un-adulto-y-un-menor-implicados-en-trafico-de-estupefacientes-en-bolivar-valle-del-cauca\/","title":{"rendered":"Judicializados un adulto y un menor implicados en tr\u00e1fico de estupefacientes en Bol\u00edvar (Valle del Cauca)"},"content":{"rendered":"<p dir=\"ltr\">Un adulto y un menor de edad fueron judicializados por la Fiscal\u00eda General de la Naci\u00f3n como presuntos responsables de la venta de sustancias estupefacientes en el municipio de Bol\u00edvar (Valle del Cauca).<\/p>\n<figure id=\"attachment_263272\" aria-describedby=\"caption-attachment-263272\" style=\"width: 696px\" class=\"wp-caption aligncenter\"><img loading=\"lazy\" decoding=\"async\" class=\"size-large wp-image-263272\" src=\"https:\/\/www.fiscalia.gov.co\/colombia\/wp-content\/uploads\/Joao-Sergio-Trivino-Garcia-alias-Cafir.-Estupefacientes.-Bolivar-Valle.-1024x687.jpg\" alt=\"En la foto aparece de pie Joao Sergio Trivi\u00f1o Garc\u00eda, alias \u2018Cafir\u2019. A su lado derecho e izquierdo hay un uniformado de la Polic\u00eda Nacional. Delante de ellos hay una mesa y sobre ella hay letreros y elementos como marihuana, celulares, base de coca\u00edna y otros elementos. Detr\u00e1s de ellos hay un pend\u00f3n institucional de la Polic\u00eda.\" width=\"696\" height=\"467\" srcset=\"https:\/\/www.fiscalia.gov.co\/colombia\/wp-content\/uploads\/Joao-Sergio-Trivino-Garcia-alias-Cafir.-Estupefacientes.-Bolivar-Valle.-1024x687.jpg 1024w, https:\/\/www.fiscalia.gov.co\/colombia\/wp-content\/uploads\/Joao-Sergio-Trivino-Garcia-alias-Cafir.-Estupefacientes.-Bolivar-Valle.-300x201.jpg 300w, https:\/\/www.fiscalia.gov.co\/colombia\/wp-content\/uploads\/Joao-Sergio-Trivino-Garcia-alias-Cafir.-Estupefacientes.-Bolivar-Valle.-768x515.jpg 768w, https:\/\/www.fiscalia.gov.co\/colombia\/wp-content\/uploads\/Joao-Sergio-Trivino-Garcia-alias-Cafir.-Estupefacientes.-Bolivar-Valle.-696x467.jpg 696w, https:\/\/www.fiscalia.gov.co\/colombia\/wp-content\/uploads\/Joao-Sergio-Trivino-Garcia-alias-Cafir.-Estupefacientes.-Bolivar-Valle.-1068x717.jpg 1068w, https:\/\/www.fiscalia.gov.co\/colombia\/wp-content\/uploads\/Joao-Sergio-Trivino-Garcia-alias-Cafir.-Estupefacientes.-Bolivar-Valle.-626x420.jpg 626w, https:\/\/www.fiscalia.gov.co\/colombia\/wp-content\/uploads\/Joao-Sergio-Trivino-Garcia-alias-Cafir.-Estupefacientes.-Bolivar-Valle..jpg 1280w\" sizes=\"auto, (max-width: 696px) 100vw, 696px\" \/><figcaption id=\"caption-attachment-263272\" class=\"wp-caption-text\">Joao Sergio Trivi\u00f1o Garc\u00eda, alias \u2018Cafir\u2019, quien junto con un menor de 17 a\u00f1os fueron judicializados como presuntos responsables de la venta de estupefacientes en Bol\u00edvar (Valle).<\/figcaption><\/figure>\n<div dir=\"auto\">\n<p>Se trata de Joao Sergio Trivi\u00f1o Garc\u00eda, alias \u2018Cafir\u2019 y un adolescente de 17 a\u00f1os, quienes durante diligencia de registro y allanamiento realizado por la SIJIN de la Polic\u00eda Nacional fueron encontrados, al parecer,\u00a0 con 60 papeletas de bazuco, 230 gramos de\u00a0<a href=\"https:\/\/www.fiscalia.gov.co\/colombia\/noticias\/fiscalia-legalizo-la-incautacion-de-851-kilos-de-marihuana-encontrada-en-el-norte-del-cauca\/\" target=\"_blank\" rel=\"noopener noreferrer\" data-saferedirecturl=\"https:\/\/www.google.com\/url?q=https:\/\/www.fiscalia.gov.co\/colombia\/noticias\/fiscalia-legalizo-la-incautacion-de-851-kilos-de-marihuana-encontrada-en-el-norte-del-cauca\/&amp;source=gmail&amp;ust=1671641735400000&amp;usg=AOvVaw3T0MmwGDfBo5hlRdFThl6Q\">marihuana<\/a>, una gramera y tel\u00e9fonos celulares<\/p>\n<p>Alias \u2018Cafir\u2019 fue capturado y el menor fue aprehendido.<\/p>\n<p>Durante las audiencias la Fiscal\u00eda le imput\u00f3 cargos al adulto los delitos de tr\u00e1fico, fabricaci\u00f3n y porte de estupefacientes, as\u00ed como\u00a0<a href=\"https:\/\/www.fiscalia.gov.co\/colombia\/noticias\/la-fiscalia-impacto-a-la-organizacion-delictiva-la-hermandad-por-venta-de-estupefacientes-y-el-uso-de-menores-con-fines-delictivos\/\" target=\"_blank\" rel=\"noopener noreferrer\" data-saferedirecturl=\"https:\/\/www.google.com\/url?q=https:\/\/www.fiscalia.gov.co\/colombia\/noticias\/la-fiscalia-impacto-a-la-organizacion-delictiva-la-hermandad-por-venta-de-estupefacientes-y-el-uso-de-menores-con-fines-delictivos\/&amp;source=gmail&amp;ust=1671641735400000&amp;usg=AOvVaw1aCUdLwCvO4Oto15t8yzSo\">uso de menores de edad para la comisi\u00f3n de delitos<\/a>. Al adolescente la Fiscal\u00eda le imput\u00f3\u00a0tr\u00e1fico, fabricaci\u00f3n y porte de estupefacientes.<\/p>\n<p>Por decisi\u00f3n de los jueces el adulto, quien no acept\u00f3 cargos, debe cumplir la medida de aseguramiento en centro carcelario. El menor, deber\u00e1 cumplir internamiento preventivo en un centro especializado para adolescentes.<\/p>\n<p>Esta informaci\u00f3n se publica por razones de inter\u00e9s general.<\/p>\n<p><b>La Fiscal\u00eda habla con resultados.<\/b><\/p>\n<\/div>\n<p>&nbsp;<\/p>\n<p>&nbsp;<\/p>\n<p>&nbsp;<\/p>\n<p>&nbsp;<\/p>\n<div dir=\"auto\">\n<p>&nbsp;<\/p>\n<p>MAP\/SMRL\/DSVC<\/p>\n<\/div>\n<p>&nbsp;<\/p>\n<p>&nbsp;<\/p>\n<p>&nbsp;<\/p>\n<p>&nbsp;<\/p>\n<p>&nbsp;<\/p>\n<div class=\"td-post-content tagdiv-type\">\n<div class=\"td-post-content tagdiv-type\">\n<div class=\"td-post-content tagdiv-type\">\n<p><i>La informaci\u00f3n contenida en este bolet\u00edn de prensa corresponde a la narraci\u00f3n de los hechos noticiosos objetivos, suministrados por los funcionarios encargados de adelantar las investigaciones penales al interior de la Fiscal\u00eda General de la Naci\u00f3n. Para el momento de la divulgaci\u00f3n de este comunicado, la situaci\u00f3n jur\u00eddica de la(s) persona(s) relacionada(s) se encuentra pendiente de resolver por la autoridad judicial competente, siempre bajo los preceptos de la presunci\u00f3n de inocencia, consagrados en el art\u00edculo 29 de la Constituci\u00f3n Pol\u00edtica y el art\u00edculo 7\u00ba de la Ley 906 de 2004.<\/i><\/p>\n<\/div>\n<\/div>\n<\/div>\n\n<div class=\"twitter-share\"><a href=\"https:\/\/twitter.com\/intent\/tweet?via=fiscaliacol\" class=\"twitter-share-button\">Tweet<\/a><\/div>\n","protected":false},"excerpt":{"rendered":"<p>Un adulto y un menor de edad fueron judicializados por la Fiscal\u00eda General de la Naci\u00f3n como presuntos responsables de la venta de sustancias estupefacientes en el municipio de Bol\u00edvar (Valle del Cauca). Se trata de Joao Sergio Trivi\u00f1o Garc\u00eda, alias \u2018Cafir\u2019 y un adolescente de 17 a\u00f1os, quienes durante diligencia de registro y allanamiento [&hellip;]<\/p>\n","protected":false},"author":177,"featured_media":0,"comment_status":"closed","ping_status":"open","sticky":false,"template":"","format":"standard","meta":{"tdm_status":"","tdm_grid_status":"","footnotes":""},"categories":[1,324,303,24103],"tags":[33579,24508,33578,33577,12424,24551,32186,10177,78,24187,7169,24507,1185,12467,29437,916],"class_list":{"0":"post-263271","1":"post","2":"type-post","3":"status-publish","4":"format-standard","6":"category-noticias","7":"category-seccional-cali","8":"category-seccionales","9":"category-trafico-de-estupefacientes","10":"tag-alias-cafir","11":"tag-aprehendido","12":"tag-asi-como-uso-de-menores-de-edad-para-la-comision-de-delitos","13":"tag-bolivar-valle-del-cauca","14":"tag-capturado","15":"tag-centro-carcelario","16":"tag-centro-especializado-para-menores","17":"tag-fabricacion-y-porte-de-estupefacientes","18":"tag-fiscal-general-de-la-nacion","19":"tag-fiscalia-colombia","20":"tag-flagrancia","21":"tag-internamiento-preventivo","22":"tag-medida-de-aseguramiento","23":"tag-menor-infractor","24":"tag-seccional-valle-del-cauca","25":"tag-trafico"},"yoast_head":"<!-- This site is optimized with the Yoast SEO plugin v24.3 - https:\/\/yoast.com\/wordpress\/plugins\/seo\/ -->\n<title>Fiscal\u00eda General de la Naci\u00f3n<\/title>\n<meta name=\"description\" content=\"P\u00e1gina oficial de la Fiscal\u00eda General de la Naci\u00f3n \u2013 Colombia. Garantizamos el acceso efectivo a la justicia, la verdad y la reparaci\u00f3n de las v\u00edctimas de los delitos.\" \/>\n<meta name=\"robots\" content=\"noindex, follow\" \/>\n<meta property=\"og:locale\" content=\"es_ES\" \/>\n<meta property=\"og:type\" content=\"article\" \/>\n<meta property=\"og:title\" content=\"Fiscal\u00eda General de la Naci\u00f3n\" \/>\n<meta property=\"og:description\" content=\"P\u00e1gina oficial de la Fiscal\u00eda General de la Naci\u00f3n \u2013 Colombia. Garantizamos el acceso efectivo a la justicia, la verdad y la reparaci\u00f3n de las v\u00edctimas de los delitos.\" \/>\n<meta property=\"og:url\" content=\"https:\/\/www.fiscalia.gov.co\/colombia\/noticias\/judicializados-un-adulto-y-un-menor-implicados-en-trafico-de-estupefacientes-en-bolivar-valle-del-cauca\/\" \/>\n<meta property=\"og:site_name\" content=\"Fiscal\u00eda General de la Naci\u00f3n\" \/>\n<meta property=\"article:publisher\" content=\"https:\/\/www.facebook.com\/FiscaliaCol\" \/>\n<meta property=\"article:published_time\" content=\"2022-12-20T16:59:12+00:00\" \/>\n<meta property=\"og:image\" content=\"https:\/\/www.fiscalia.gov.co\/colombia\/wp-content\/uploads\/Joao-Sergio-Trivino-Garcia-alias-Cafir.-Estupefacientes.-Bolivar-Valle.-1024x687.jpg\" \/>\n<meta name=\"author\" content=\"Jordan Leandro Oviedo Anzola\" \/>\n<meta name=\"twitter:card\" content=\"summary_large_image\" \/>\n<meta name=\"twitter:creator\" content=\"@FiscaliaCol\" \/>\n<meta name=\"twitter:site\" content=\"@FiscaliaCol\" \/>\n<meta name=\"twitter:label1\" content=\"Escrito por\" \/>\n\t<meta name=\"twitter:data1\" content=\"Jordan Leandro Oviedo Anzola\" \/>\n\t<meta name=\"twitter:label2\" content=\"Tiempo de lectura\" \/>\n\t<meta name=\"twitter:data2\" content=\"2 minutos\" \/>\n<script type=\"application\/ld+json\" class=\"yoast-schema-graph\">{\"@context\":\"https:\/\/schema.org\",\"@graph\":[{\"@type\":\"Article\",\"@id\":\"https:\/\/www.fiscalia.gov.co\/colombia\/noticias\/judicializados-un-adulto-y-un-menor-implicados-en-trafico-de-estupefacientes-en-bolivar-valle-del-cauca\/#article\",\"isPartOf\":{\"@id\":\"https:\/\/www.fiscalia.gov.co\/colombia\/noticias\/judicializados-un-adulto-y-un-menor-implicados-en-trafico-de-estupefacientes-en-bolivar-valle-del-cauca\/\"},\"author\":{\"name\":\"Jordan Leandro Oviedo Anzola\",\"@id\":\"https:\/\/www.fiscalia.gov.co\/colombia\/#\/schema\/person\/bf84402cf293a5393e9c70b111020b24\"},\"headline\":\"Judicializados un adulto y un menor implicados en tr\u00e1fico de estupefacientes en Bol\u00edvar (Valle del Cauca)\",\"datePublished\":\"2022-12-20T16:59:12+00:00\",\"dateModified\":\"2022-12-20T16:59:12+00:00\",\"mainEntityOfPage\":{\"@id\":\"https:\/\/www.fiscalia.gov.co\/colombia\/noticias\/judicializados-un-adulto-y-un-menor-implicados-en-trafico-de-estupefacientes-en-bolivar-valle-del-cauca\/\"},\"wordCount\":365,\"publisher\":{\"@id\":\"https:\/\/www.fiscalia.gov.co\/colombia\/#organization\"},\"image\":{\"@id\":\"https:\/\/www.fiscalia.gov.co\/colombia\/noticias\/judicializados-un-adulto-y-un-menor-implicados-en-trafico-de-estupefacientes-en-bolivar-valle-del-cauca\/#primaryimage\"},\"thumbnailUrl\":\"https:\/\/www.fiscalia.gov.co\/colombia\/wp-content\/uploads\/Joao-Sergio-Trivino-Garcia-alias-Cafir.-Estupefacientes.-Bolivar-Valle.-1024x687.jpg\",\"keywords\":[\"alias \u2018Cafir\u2019\",\"aprehendido\",\"as\u00ed como uso de menores de edad para la comisi\u00f3n de delitos\",\"Bol\u00edvar (Valle del Cauca)\",\"Capturado\",\"centro carcelario\",\"centro especializado para menores\",\"fabricaci\u00f3n y porte de estupefacientes\",\"Fiscal General de la Naci\u00f3n\",\"Fiscal\u00eda Colombia\",\"Flagrancia\",\"internamiento preventivo\",\"Medida de aseguramiento\",\"menor infractor\",\"Seccional Valle del Cauca\",\"Tr\u00e1fico\"],\"articleSection\":[\"Noticias\",\"Seccional Cali\",\"Seccionales\",\"Tr\u00e1fico de estupefacientes\"],\"inLanguage\":\"es-CO\"},{\"@type\":\"WebPage\",\"@id\":\"https:\/\/www.fiscalia.gov.co\/colombia\/noticias\/judicializados-un-adulto-y-un-menor-implicados-en-trafico-de-estupefacientes-en-bolivar-valle-del-cauca\/\",\"url\":\"https:\/\/www.fiscalia.gov.co\/colombia\/noticias\/judicializados-un-adulto-y-un-menor-implicados-en-trafico-de-estupefacientes-en-bolivar-valle-del-cauca\/\",\"name\":\"Fiscal\u00eda General de la Naci\u00f3n\",\"isPartOf\":{\"@id\":\"https:\/\/www.fiscalia.gov.co\/colombia\/#website\"},\"primaryImageOfPage\":{\"@id\":\"https:\/\/www.fiscalia.gov.co\/colombia\/noticias\/judicializados-un-adulto-y-un-menor-implicados-en-trafico-de-estupefacientes-en-bolivar-valle-del-cauca\/#primaryimage\"},\"image\":{\"@id\":\"https:\/\/www.fiscalia.gov.co\/colombia\/noticias\/judicializados-un-adulto-y-un-menor-implicados-en-trafico-de-estupefacientes-en-bolivar-valle-del-cauca\/#primaryimage\"},\"thumbnailUrl\":\"https:\/\/www.fiscalia.gov.co\/colombia\/wp-content\/uploads\/Joao-Sergio-Trivino-Garcia-alias-Cafir.-Estupefacientes.-Bolivar-Valle.-1024x687.jpg\",\"datePublished\":\"2022-12-20T16:59:12+00:00\",\"dateModified\":\"2022-12-20T16:59:12+00:00\",\"description\":\"P\u00e1gina oficial de la Fiscal\u00eda General de la Naci\u00f3n \u2013 Colombia. Garantizamos el acceso efectivo a la justicia, la verdad y la reparaci\u00f3n de las v\u00edctimas de los delitos.\",\"breadcrumb\":{\"@id\":\"https:\/\/www.fiscalia.gov.co\/colombia\/noticias\/judicializados-un-adulto-y-un-menor-implicados-en-trafico-de-estupefacientes-en-bolivar-valle-del-cauca\/#breadcrumb\"},\"inLanguage\":\"es-CO\",\"potentialAction\":[{\"@type\":\"ReadAction\",\"target\":[\"https:\/\/www.fiscalia.gov.co\/colombia\/noticias\/judicializados-un-adulto-y-un-menor-implicados-en-trafico-de-estupefacientes-en-bolivar-valle-del-cauca\/\"]}]},{\"@type\":\"ImageObject\",\"inLanguage\":\"es-CO\",\"@id\":\"https:\/\/www.fiscalia.gov.co\/colombia\/noticias\/judicializados-un-adulto-y-un-menor-implicados-en-trafico-de-estupefacientes-en-bolivar-valle-del-cauca\/#primaryimage\",\"url\":\"https:\/\/www.fiscalia.gov.co\/colombia\/wp-content\/uploads\/Joao-Sergio-Trivino-Garcia-alias-Cafir.-Estupefacientes.-Bolivar-Valle..jpg\",\"contentUrl\":\"https:\/\/www.fiscalia.gov.co\/colombia\/wp-content\/uploads\/Joao-Sergio-Trivino-Garcia-alias-Cafir.-Estupefacientes.-Bolivar-Valle..jpg\",\"width\":1280,\"height\":859,\"caption\":\"Joao Sergio Trivi\u00f1o Garc\u00eda, alias \u2018Cafir\u2019, quien junto con un menor de 17 a\u00f1os fueron judicializados como presuntos responsables de la venta de estupefacientes en Bol\u00edvar (Valle).\"},{\"@type\":\"BreadcrumbList\",\"@id\":\"https:\/\/www.fiscalia.gov.co\/colombia\/noticias\/judicializados-un-adulto-y-un-menor-implicados-en-trafico-de-estupefacientes-en-bolivar-valle-del-cauca\/#breadcrumb\",\"itemListElement\":[{\"@type\":\"ListItem\",\"position\":1,\"name\":\"Home\",\"item\":\"https:\/\/www.fiscalia.gov.co\/colombia\/\"},{\"@type\":\"ListItem\",\"position\":2,\"name\":\"Judicializados un adulto y un menor implicados en tr\u00e1fico de estupefacientes en Bol\u00edvar (Valle del Cauca)\"}]},{\"@type\":\"WebSite\",\"@id\":\"https:\/\/www.fiscalia.gov.co\/colombia\/#website\",\"url\":\"https:\/\/www.fiscalia.gov.co\/colombia\/\",\"name\":\"Fiscal\u00eda General de la Naci\u00f3n\",\"description\":\"P\u00e1gina oficial de la Fiscal\u00eda General de la Naci\u00f3n \u2013 Colombia. Garantizamos el acceso efectivo a la justicia, la verdad y la reparaci\u00f3n de las v\u00edctimas de los delitos.\",\"publisher\":{\"@id\":\"https:\/\/www.fiscalia.gov.co\/colombia\/#organization\"},\"potentialAction\":[{\"@type\":\"SearchAction\",\"target\":{\"@type\":\"EntryPoint\",\"urlTemplate\":\"https:\/\/www.fiscalia.gov.co\/colombia\/?s={search_term_string}\"},\"query-input\":{\"@type\":\"PropertyValueSpecification\",\"valueRequired\":true,\"valueName\":\"search_term_string\"}}],\"inLanguage\":\"es-CO\"},{\"@type\":\"Organization\",\"@id\":\"https:\/\/www.fiscalia.gov.co\/colombia\/#organization\",\"name\":\"Fiscal\u00eda General de la Naci\u00f3n\",\"url\":\"https:\/\/www.fiscalia.gov.co\/colombia\/\",\"logo\":{\"@type\":\"ImageObject\",\"inLanguage\":\"es-CO\",\"@id\":\"https:\/\/www.fiscalia.gov.co\/colombia\/#\/schema\/logo\/image\/\",\"url\":\"https:\/\/www.fiscalia.gov.co\/colombia\/wp-content\/uploads\/LogoHorizontal_1.jpg\",\"contentUrl\":\"https:\/\/www.fiscalia.gov.co\/colombia\/wp-content\/uploads\/LogoHorizontal_1.jpg\",\"width\":300,\"height\":90,\"caption\":\"Fiscal\u00eda General de la Naci\u00f3n\"},\"image\":{\"@id\":\"https:\/\/www.fiscalia.gov.co\/colombia\/#\/schema\/logo\/image\/\"},\"sameAs\":[\"https:\/\/www.facebook.com\/FiscaliaCol\",\"https:\/\/x.com\/FiscaliaCol\",\"https:\/\/www.instagram.com\/fiscaliacol\",\"https:\/\/www.linkedin.com\/company\/fiscalia-general-de-la-naci-n\/\",\"https:\/\/youtube.com\/@fiscaliageneraldelanacion-4668?si=6nN79nyQICPU5iTh\"]},{\"@type\":\"Person\",\"@id\":\"https:\/\/www.fiscalia.gov.co\/colombia\/#\/schema\/person\/bf84402cf293a5393e9c70b111020b24\",\"name\":\"Jordan Leandro Oviedo Anzola\",\"image\":{\"@type\":\"ImageObject\",\"inLanguage\":\"es-CO\",\"@id\":\"https:\/\/www.fiscalia.gov.co\/colombia\/#\/schema\/person\/image\/\",\"url\":\"https:\/\/secure.gravatar.com\/avatar\/dabba4346fa9b9207d96adafa8f92721?s=96&d=mm&r=g\",\"contentUrl\":\"https:\/\/secure.gravatar.com\/avatar\/dabba4346fa9b9207d96adafa8f92721?s=96&d=mm&r=g\",\"caption\":\"Jordan Leandro Oviedo Anzola\"},\"url\":\"https:\/\/www.fiscalia.gov.co\/colombia\/author\/joviedo\/\"}]}<\/script>\n<!-- \/ Yoast SEO plugin. -->","yoast_head_json":{"title":"Fiscal\u00eda General de la Naci\u00f3n","description":"P\u00e1gina oficial de la Fiscal\u00eda General de la Naci\u00f3n \u2013 Colombia. Garantizamos el acceso efectivo a la justicia, la verdad y la reparaci\u00f3n de las v\u00edctimas de los delitos.","robots":{"index":"noindex","follow":"follow"},"og_locale":"es_ES","og_type":"article","og_title":"Fiscal\u00eda General de la Naci\u00f3n","og_description":"P\u00e1gina oficial de la Fiscal\u00eda General de la Naci\u00f3n \u2013 Colombia. Garantizamos el acceso efectivo a la justicia, la verdad y la reparaci\u00f3n de las v\u00edctimas de los delitos.","og_url":"https:\/\/www.fiscalia.gov.co\/colombia\/noticias\/judicializados-un-adulto-y-un-menor-implicados-en-trafico-de-estupefacientes-en-bolivar-valle-del-cauca\/","og_site_name":"Fiscal\u00eda General de la Naci\u00f3n","article_publisher":"https:\/\/www.facebook.com\/FiscaliaCol","article_published_time":"2022-12-20T16:59:12+00:00","og_image":[{"url":"https:\/\/www.fiscalia.gov.co\/colombia\/wp-content\/uploads\/Joao-Sergio-Trivino-Garcia-alias-Cafir.-Estupefacientes.-Bolivar-Valle.-1024x687.jpg","type":"","width":"","height":""}],"author":"Jordan Leandro Oviedo Anzola","twitter_card":"summary_large_image","twitter_creator":"@FiscaliaCol","twitter_site":"@FiscaliaCol","twitter_misc":{"Escrito por":"Jordan Leandro Oviedo Anzola","Tiempo de lectura":"2 minutos"},"schema":{"@context":"https:\/\/schema.org","@graph":[{"@type":"Article","@id":"https:\/\/www.fiscalia.gov.co\/colombia\/noticias\/judicializados-un-adulto-y-un-menor-implicados-en-trafico-de-estupefacientes-en-bolivar-valle-del-cauca\/#article","isPartOf":{"@id":"https:\/\/www.fiscalia.gov.co\/colombia\/noticias\/judicializados-un-adulto-y-un-menor-implicados-en-trafico-de-estupefacientes-en-bolivar-valle-del-cauca\/"},"author":{"name":"Jordan Leandro Oviedo Anzola","@id":"https:\/\/www.fiscalia.gov.co\/colombia\/#\/schema\/person\/bf84402cf293a5393e9c70b111020b24"},"headline":"Judicializados un adulto y un menor implicados en tr\u00e1fico de estupefacientes en Bol\u00edvar (Valle del Cauca)","datePublished":"2022-12-20T16:59:12+00:00","dateModified":"2022-12-20T16:59:12+00:00","mainEntityOfPage":{"@id":"https:\/\/www.fiscalia.gov.co\/colombia\/noticias\/judicializados-un-adulto-y-un-menor-implicados-en-trafico-de-estupefacientes-en-bolivar-valle-del-cauca\/"},"wordCount":365,"publisher":{"@id":"https:\/\/www.fiscalia.gov.co\/colombia\/#organization"},"image":{"@id":"https:\/\/www.fiscalia.gov.co\/colombia\/noticias\/judicializados-un-adulto-y-un-menor-implicados-en-trafico-de-estupefacientes-en-bolivar-valle-del-cauca\/#primaryimage"},"thumbnailUrl":"https:\/\/www.fiscalia.gov.co\/colombia\/wp-content\/uploads\/Joao-Sergio-Trivino-Garcia-alias-Cafir.-Estupefacientes.-Bolivar-Valle.-1024x687.jpg","keywords":["alias \u2018Cafir\u2019","aprehendido","as\u00ed como uso de menores de edad para la comisi\u00f3n de delitos","Bol\u00edvar (Valle del Cauca)","Capturado","centro carcelario","centro especializado para menores","fabricaci\u00f3n y porte de estupefacientes","Fiscal General de la Naci\u00f3n","Fiscal\u00eda Colombia","Flagrancia","internamiento preventivo","Medida de aseguramiento","menor infractor","Seccional Valle del Cauca","Tr\u00e1fico"],"articleSection":["Noticias","Seccional Cali","Seccionales","Tr\u00e1fico de estupefacientes"],"inLanguage":"es-CO"},{"@type":"WebPage","@id":"https:\/\/www.fiscalia.gov.co\/colombia\/noticias\/judicializados-un-adulto-y-un-menor-implicados-en-trafico-de-estupefacientes-en-bolivar-valle-del-cauca\/","url":"https:\/\/www.fiscalia.gov.co\/colombia\/noticias\/judicializados-un-adulto-y-un-menor-implicados-en-trafico-de-estupefacientes-en-bolivar-valle-del-cauca\/","name":"Fiscal\u00eda General de la Naci\u00f3n","isPartOf":{"@id":"https:\/\/www.fiscalia.gov.co\/colombia\/#website"},"primaryImageOfPage":{"@id":"https:\/\/www.fiscalia.gov.co\/colombia\/noticias\/judicializados-un-adulto-y-un-menor-implicados-en-trafico-de-estupefacientes-en-bolivar-valle-del-cauca\/#primaryimage"},"image":{"@id":"https:\/\/www.fiscalia.gov.co\/colombia\/noticias\/judicializados-un-adulto-y-un-menor-implicados-en-trafico-de-estupefacientes-en-bolivar-valle-del-cauca\/#primaryimage"},"thumbnailUrl":"https:\/\/www.fiscalia.gov.co\/colombia\/wp-content\/uploads\/Joao-Sergio-Trivino-Garcia-alias-Cafir.-Estupefacientes.-Bolivar-Valle.-1024x687.jpg","datePublished":"2022-12-20T16:59:12+00:00","dateModified":"2022-12-20T16:59:12+00:00","description":"P\u00e1gina oficial de la Fiscal\u00eda General de la Naci\u00f3n \u2013 Colombia. Garantizamos el acceso efectivo a la justicia, la verdad y la reparaci\u00f3n de las v\u00edctimas de los delitos.","breadcrumb":{"@id":"https:\/\/www.fiscalia.gov.co\/colombia\/noticias\/judicializados-un-adulto-y-un-menor-implicados-en-trafico-de-estupefacientes-en-bolivar-valle-del-cauca\/#breadcrumb"},"inLanguage":"es-CO","potentialAction":[{"@type":"ReadAction","target":["https:\/\/www.fiscalia.gov.co\/colombia\/noticias\/judicializados-un-adulto-y-un-menor-implicados-en-trafico-de-estupefacientes-en-bolivar-valle-del-cauca\/"]}]},{"@type":"ImageObject","inLanguage":"es-CO","@id":"https:\/\/www.fiscalia.gov.co\/colombia\/noticias\/judicializados-un-adulto-y-un-menor-implicados-en-trafico-de-estupefacientes-en-bolivar-valle-del-cauca\/#primaryimage","url":"https:\/\/www.fiscalia.gov.co\/colombia\/wp-content\/uploads\/Joao-Sergio-Trivino-Garcia-alias-Cafir.-Estupefacientes.-Bolivar-Valle..jpg","contentUrl":"https:\/\/www.fiscalia.gov.co\/colombia\/wp-content\/uploads\/Joao-Sergio-Trivino-Garcia-alias-Cafir.-Estupefacientes.-Bolivar-Valle..jpg","width":1280,"height":859,"caption":"Joao Sergio Trivi\u00f1o Garc\u00eda, alias \u2018Cafir\u2019, quien junto con un menor de 17 a\u00f1os fueron judicializados como presuntos responsables de la venta de estupefacientes en Bol\u00edvar (Valle)."},{"@type":"BreadcrumbList","@id":"https:\/\/www.fiscalia.gov.co\/colombia\/noticias\/judicializados-un-adulto-y-un-menor-implicados-en-trafico-de-estupefacientes-en-bolivar-valle-del-cauca\/#breadcrumb","itemListElement":[{"@type":"ListItem","position":1,"name":"Home","item":"https:\/\/www.fiscalia.gov.co\/colombia\/"},{"@type":"ListItem","position":2,"name":"Judicializados un adulto y un menor implicados en tr\u00e1fico de estupefacientes en Bol\u00edvar (Valle del Cauca)"}]},{"@type":"WebSite","@id":"https:\/\/www.fiscalia.gov.co\/colombia\/#website","url":"https:\/\/www.fiscalia.gov.co\/colombia\/","name":"Fiscal\u00eda General de la Naci\u00f3n","description":"P\u00e1gina oficial de la Fiscal\u00eda General de la Naci\u00f3n \u2013 Colombia. Garantizamos el acceso efectivo a la justicia, la verdad y la reparaci\u00f3n de las v\u00edctimas de los delitos.","publisher":{"@id":"https:\/\/www.fiscalia.gov.co\/colombia\/#organization"},"potentialAction":[{"@type":"SearchAction","target":{"@type":"EntryPoint","urlTemplate":"https:\/\/www.fiscalia.gov.co\/colombia\/?s={search_term_string}"},"query-input":{"@type":"PropertyValueSpecification","valueRequired":true,"valueName":"search_term_string"}}],"inLanguage":"es-CO"},{"@type":"Organization","@id":"https:\/\/www.fiscalia.gov.co\/colombia\/#organization","name":"Fiscal\u00eda General de la Naci\u00f3n","url":"https:\/\/www.fiscalia.gov.co\/colombia\/","logo":{"@type":"ImageObject","inLanguage":"es-CO","@id":"https:\/\/www.fiscalia.gov.co\/colombia\/#\/schema\/logo\/image\/","url":"https:\/\/www.fiscalia.gov.co\/colombia\/wp-content\/uploads\/LogoHorizontal_1.jpg","contentUrl":"https:\/\/www.fiscalia.gov.co\/colombia\/wp-content\/uploads\/LogoHorizontal_1.jpg","width":300,"height":90,"caption":"Fiscal\u00eda General de la Naci\u00f3n"},"image":{"@id":"https:\/\/www.fiscalia.gov.co\/colombia\/#\/schema\/logo\/image\/"},"sameAs":["https:\/\/www.facebook.com\/FiscaliaCol","https:\/\/x.com\/FiscaliaCol","https:\/\/www.instagram.com\/fiscaliacol","https:\/\/www.linkedin.com\/company\/fiscalia-general-de-la-naci-n\/","https:\/\/youtube.com\/@fiscaliageneraldelanacion-4668?si=6nN79nyQICPU5iTh"]},{"@type":"Person","@id":"https:\/\/www.fiscalia.gov.co\/colombia\/#\/schema\/person\/bf84402cf293a5393e9c70b111020b24","name":"Jordan Leandro Oviedo Anzola","image":{"@type":"ImageObject","inLanguage":"es-CO","@id":"https:\/\/www.fiscalia.gov.co\/colombia\/#\/schema\/person\/image\/","url":"https:\/\/secure.gravatar.com\/avatar\/dabba4346fa9b9207d96adafa8f92721?s=96&d=mm&r=g","contentUrl":"https:\/\/secure.gravatar.com\/avatar\/dabba4346fa9b9207d96adafa8f92721?s=96&d=mm&r=g","caption":"Jordan Leandro Oviedo Anzola"},"url":"https:\/\/www.fiscalia.gov.co\/colombia\/author\/joviedo\/"}]}},"_links":{"self":[{"href":"https:\/\/www.fiscalia.gov.co\/colombia\/wp-json\/wp\/v2\/posts\/263271","targetHints":{"allow":["GET"]}}],"collection":[{"href":"https:\/\/www.fiscalia.gov.co\/colombia\/wp-json\/wp\/v2\/posts"}],"about":[{"href":"https:\/\/www.fiscalia.gov.co\/colombia\/wp-json\/wp\/v2\/types\/post"}],"author":[{"embeddable":true,"href":"https:\/\/www.fiscalia.gov.co\/colombia\/wp-json\/wp\/v2\/users\/177"}],"replies":[{"embeddable":true,"href":"https:\/\/www.fiscalia.gov.co\/colombia\/wp-json\/wp\/v2\/comments?post=263271"}],"version-history":[{"count":1,"href":"https:\/\/www.fiscalia.gov.co\/colombia\/wp-json\/wp\/v2\/posts\/263271\/revisions"}],"predecessor-version":[{"id":263273,"href":"https:\/\/www.fiscalia.gov.co\/colombia\/wp-json\/wp\/v2\/posts\/263271\/revisions\/263273"}],"wp:attachment":[{"href":"https:\/\/www.fiscalia.gov.co\/colombia\/wp-json\/wp\/v2\/media?parent=263271"}],"wp:term":[{"taxonomy":"category","embeddable":true,"href":"https:\/\/www.fiscalia.gov.co\/colombia\/wp-json\/wp\/v2\/categories?post=263271"},{"taxonomy":"post_tag","embeddable":true,"href":"https:\/\/www.fiscalia.gov.co\/colombia\/wp-json\/wp\/v2\/tags?post=263271"}],"curies":[{"name":"wp","href":"https:\/\/api.w.org\/{rel}","templated":true}]}}