{"id":263221,"date":"2022-12-20T07:01:35","date_gmt":"2022-12-20T12:01:35","guid":{"rendered":"https:\/\/www.fiscalia.gov.co\/colombia\/?p=263221"},"modified":"2022-12-20T07:01:35","modified_gmt":"2022-12-20T12:01:35","slug":"entra-en-funcionamiento-la-nueva-sede-de-la-fiscalia-general-de-la-nacion-en-huila","status":"publish","type":"post","link":"https:\/\/www.fiscalia.gov.co\/colombia\/noticias\/entra-en-funcionamiento-la-nueva-sede-de-la-fiscalia-general-de-la-nacion-en-huila\/","title":{"rendered":"Entra en funcionamiento la nueva sede de la Fiscal\u00eda General de la Naci\u00f3n en Huila"},"content":{"rendered":"<blockquote>\n<h4 style=\"text-align: left;\"><strong><em>La estructura, ubicada en el sur de Neiva, concentra en un solo edificio los servicios de la entidad y dispondr\u00e1 de una moderna Unidad de Reacci\u00f3n Inmediata (URI).<\/em><\/strong><\/h4>\n<\/blockquote>\n<p>El Fiscal General de la Naci\u00f3n, Francisco Barbosa Delgado, inaugur\u00f3 la nueva sede de la Direcci\u00f3n Seccional Huila, que facilitar\u00e1 el acceso a la justicia y mejorar\u00e1 las condiciones laborales de los servidores en el departamento. Se trata de una edificaci\u00f3n de 7.790 metros cuadrados, la cual concentrar\u00e1 toda la oferta de servicios que tiene disponible la entidad.<\/p>\n[embedyt] https:\/\/www.youtube.com\/watch?v=s0npasRakyI[\/embedyt]\n<p>\u201cEra una deuda de 30 a\u00f1os. 30 a\u00f1os en donde esta ciudad hab\u00eda sido maltratada y este departamentos hab\u00eda sido maltratado. Se hab\u00eda hecho muchos esfuerzos en diverso lugares del pa\u00eds, y lo que acabamos de hacer es concentrar en una sola edificaci\u00f3n ocho sedes, de las cuales siete estaban en arrendamiento y una en comodato con Migraci\u00f3n Colombia\u201d, enfatiz\u00f3 el Fiscal General.<\/p>\n<p>En el edificio de tres niveles funcionar\u00e1n el CTI, con sus laboratorios forenses y cient\u00edficos; las unidades de fiscales locales y nacionales; atenci\u00f3n al usuario, el archivo central y el \u00e1rea de bienes, entre otras dependencias. En beneficio de la ciudadan\u00eda se dispuso de un amplio espacio para recibir los requerimientos de los usuarios, con 10 puntos de recepci\u00f3n de denuncias, 2 cub\u00edculos de autogesti\u00f3n, ventanilla \u00fanica y salas de entrevistas.<\/p>\n[embedyt] https:\/\/www.youtube.com\/watch?v=K54eFnovmjs[\/embedyt]\n<p>\u201cActualmente, est\u00e1 habilitada para albergar una planta de 280 servidores, con la posibilidad de ampliar hasta 44 puestos m\u00e1s, para un total de 324 puestos de trabajo\u201d, precis\u00f3 el Fiscal Barbosa Delgado.<\/p>\n<p>Adicionalmente, tendr\u00e1 una Unidad de Reacci\u00f3n Inmediata (URI) equipada con aire acondicionado, celdas m\u00e1s amplias, espacios individuales para otras instituciones y conexi\u00f3n permanente para realizar audiencias no presenciales.<\/p>\n<p>\u201cAl ver espacios dentro de las c\u00e1rceles para poblaci\u00f3n ind\u00edgena, para mujeres, separadas de las carceletas de los hombres; la poblaci\u00f3n LGTBIQ+, me parece muy digno y me parece, adem\u00e1s, que plantea un debate muy interesante sobre lo que debemos entender por inclusi\u00f3n dentro del Estado colombiano\u201d, indic\u00f3 el Fiscal General.<\/p>\n<p>La nueva sede de la Fiscal\u00eda en Huila, ubicada en el sur de Neiva, cumple con las normas sismorresistencia, cuenta con red contra incendios, planta el\u00e9ctrica, ascensores, salidas de emergencia, circuito cerrado de monitoreo, ingreso con sistema biom\u00e9trico y parqueadero.<\/p>\n<p><strong><u>Huila en cifras<\/u><\/strong><\/p>\n<p>Las estrategias diferenciales contra el delito en Huila dejan importantes resultados en 2022. Por ejemplo, en homicidio se resolvi\u00f3 el 50,3% de los hechos conocidos, 21% m\u00e1s que el a\u00f1o anterior. En violencia sexual se lograron capturas y judicializaciones en 59,6% de los casos denunciados, 39% m\u00e1s que 2021; y en violencia intrafamiliar fueron resueltos 70,2% de los eventos reportados, 37% m\u00e1s que el a\u00f1o anterior.<\/p>\n[embedyt] https:\/\/www.youtube.com\/watch?v=xUJcvJJ2gK0[\/embedyt]\n<p>\u201cLa primera vez que vine al departamento del Huila como Fiscal General de la Naci\u00f3n me fui muy preocupado por las cifras que encontr\u00e9, y porque no encontr\u00e1bamos la idea que hemos venido sosteniendo en el territorio nacional de la itinerancia, la concentraci\u00f3n de actividades investigativas y la articulaci\u00f3n\u201d, detall\u00f3 el Fiscal Barbosa Delgado.<\/p>\n<p>Finalmente, hizo un llamado para que se articulen esfuerzos por parte de las distintas autoridades competentes, de tal manera que se frene el ascenso en los territorios de las conductas que m\u00e1s afectan a la ciudadan\u00eda.<\/p>\n[embedyt] https:\/\/www.youtube.com\/watch?v=M80yUgbGXpQ[\/embedyt]\n<p>\u201cHemos venido viendo que las administraciones municipales y departamentales se olvidaron de su rol de la prevenci\u00f3n del delito. Si los alcaldes y los gobernadores, especialmente los alcaldes, se olvidan de su funci\u00f3n de prevenci\u00f3n del delito, pues va a ser muy dif\u00edcil para nosotros poder resolver y poder frenar el aumento del crimen en Colombia\u201d, concluy\u00f3.<\/p>\n<p>MAGA\/JARG\/<\/p>\n<p><strong>La Fiscal\u00eda habla con resultados.<\/strong><\/p>\n<p>&nbsp;<\/p>\n<div class=\"td-post-content tagdiv-type\">\n<p><i>La informaci\u00f3n contenida en este bolet\u00edn de prensa corresponde a la narraci\u00f3n de los hechos noticiosos objetivos, suministrados por los funcionarios encargados de adelantar las investigaciones penales al interior de la Fiscal\u00eda General de la Naci\u00f3n. Para el momento de la divulgaci\u00f3n de este comunicado, la situaci\u00f3n jur\u00eddica de la(s) persona(s) relacionada(s) se encuentra pendiente de resolver por la autoridad judicial competente, siempre bajo los preceptos de la presunci\u00f3n de inocencia, consagrados en el art\u00edculo 29 de la Constituci\u00f3n Pol\u00edtica y el art\u00edculo 7\u00ba de la Ley 906 de 2004.<\/i><\/p>\n<\/div>\n\n<div class=\"twitter-share\"><a href=\"https:\/\/twitter.com\/intent\/tweet?via=fiscaliacol\" class=\"twitter-share-button\">Tweet<\/a><\/div>\n","protected":false},"excerpt":{"rendered":"<p>La estructura, ubicada en el sur de Neiva, concentra en un solo edificio los servicios de la entidad y dispondr\u00e1 de una moderna Unidad de Reacci\u00f3n Inmediata (URI). El Fiscal General de la Naci\u00f3n, Francisco Barbosa Delgado, inaugur\u00f3 la nueva sede de la Direcci\u00f3n Seccional Huila, que facilitar\u00e1 el acceso a la justicia y mejorar\u00e1 [&hellip;]<\/p>\n","protected":false},"author":175,"featured_media":263222,"comment_status":"closed","ping_status":"open","sticky":false,"template":"","format":"standard","meta":{"tdm_status":"","tdm_grid_status":"","footnotes":""},"categories":[25128,24096,1,333],"tags":[24189,24526],"class_list":{"0":"post-263221","1":"post","2":"type-post","3":"status-publish","4":"format-standard","5":"has-post-thumbnail","7":"category-el-fiscal-en-los-territorios","8":"category-fiscal-general-de-la-nacion","9":"category-noticias","10":"category-seccional-neiva","11":"tag-fiscal-francisco-barbosa-delgado","12":"tag-fiscal-general-francisco-barbosa-delgado"},"yoast_head":"<!-- This site is optimized with the Yoast SEO plugin v24.3 - https:\/\/yoast.com\/wordpress\/plugins\/seo\/ -->\n<title>Fiscal\u00eda General de la Naci\u00f3n<\/title>\n<meta name=\"description\" content=\"P\u00e1gina oficial de la Fiscal\u00eda General de la Naci\u00f3n \u2013 Colombia. Garantizamos el acceso efectivo a la justicia, la verdad y la reparaci\u00f3n de las v\u00edctimas de los delitos.\" \/>\n<meta name=\"robots\" content=\"noindex, follow\" \/>\n<meta property=\"og:locale\" content=\"es_ES\" \/>\n<meta property=\"og:type\" content=\"article\" \/>\n<meta property=\"og:title\" content=\"Fiscal\u00eda General de la Naci\u00f3n\" \/>\n<meta property=\"og:description\" content=\"P\u00e1gina oficial de la Fiscal\u00eda General de la Naci\u00f3n \u2013 Colombia. Garantizamos el acceso efectivo a la justicia, la verdad y la reparaci\u00f3n de las v\u00edctimas de los delitos.\" \/>\n<meta property=\"og:url\" content=\"https:\/\/www.fiscalia.gov.co\/colombia\/noticias\/entra-en-funcionamiento-la-nueva-sede-de-la-fiscalia-general-de-la-nacion-en-huila\/\" \/>\n<meta property=\"og:site_name\" content=\"Fiscal\u00eda General de la Naci\u00f3n\" \/>\n<meta property=\"article:publisher\" content=\"https:\/\/www.facebook.com\/FiscaliaCol\" \/>\n<meta property=\"article:published_time\" content=\"2022-12-20T12:01:35+00:00\" \/>\n<meta property=\"og:image\" content=\"https:\/\/www.fiscalia.gov.co\/colombia\/wp-content\/uploads\/SEDE-DE-LA-FISCALIA-EN-NEIVA.jpeg\" \/>\n\t<meta property=\"og:image:width\" content=\"1600\" \/>\n\t<meta property=\"og:image:height\" content=\"1066\" \/>\n\t<meta property=\"og:image:type\" content=\"image\/jpeg\" \/>\n<meta name=\"author\" content=\"Katherine Loaiza Mart\u00ednez\" \/>\n<meta name=\"twitter:card\" content=\"summary_large_image\" \/>\n<meta name=\"twitter:creator\" content=\"@FiscaliaCol\" \/>\n<meta name=\"twitter:site\" content=\"@FiscaliaCol\" \/>\n<meta name=\"twitter:label1\" content=\"Escrito por\" \/>\n\t<meta name=\"twitter:data1\" content=\"Katherine Loaiza Mart\u00ednez\" \/>\n\t<meta name=\"twitter:label2\" content=\"Tiempo de lectura\" \/>\n\t<meta name=\"twitter:data2\" content=\"4 minutos\" \/>\n<script type=\"application\/ld+json\" class=\"yoast-schema-graph\">{\"@context\":\"https:\/\/schema.org\",\"@graph\":[{\"@type\":\"Article\",\"@id\":\"https:\/\/www.fiscalia.gov.co\/colombia\/noticias\/entra-en-funcionamiento-la-nueva-sede-de-la-fiscalia-general-de-la-nacion-en-huila\/#article\",\"isPartOf\":{\"@id\":\"https:\/\/www.fiscalia.gov.co\/colombia\/noticias\/entra-en-funcionamiento-la-nueva-sede-de-la-fiscalia-general-de-la-nacion-en-huila\/\"},\"author\":{\"name\":\"Katherine Loaiza Mart\u00ednez\",\"@id\":\"https:\/\/www.fiscalia.gov.co\/colombia\/#\/schema\/person\/2e76b9aba5ecf875ed565ce4de0e0415\"},\"headline\":\"Entra en funcionamiento la nueva sede de la Fiscal\u00eda General de la Naci\u00f3n en Huila\",\"datePublished\":\"2022-12-20T12:01:35+00:00\",\"dateModified\":\"2022-12-20T12:01:35+00:00\",\"mainEntityOfPage\":{\"@id\":\"https:\/\/www.fiscalia.gov.co\/colombia\/noticias\/entra-en-funcionamiento-la-nueva-sede-de-la-fiscalia-general-de-la-nacion-en-huila\/\"},\"wordCount\":786,\"publisher\":{\"@id\":\"https:\/\/www.fiscalia.gov.co\/colombia\/#organization\"},\"image\":{\"@id\":\"https:\/\/www.fiscalia.gov.co\/colombia\/noticias\/entra-en-funcionamiento-la-nueva-sede-de-la-fiscalia-general-de-la-nacion-en-huila\/#primaryimage\"},\"thumbnailUrl\":\"https:\/\/www.fiscalia.gov.co\/colombia\/wp-content\/uploads\/SEDE-DE-LA-FISCALIA-EN-NEIVA.jpeg\",\"keywords\":[\"Fiscal Francisco Barbosa Delgado\",\"Fiscal General Francisco Barbosa Delgado\"],\"articleSection\":[\"El Fiscal en los territorios\",\"Fiscal General de la Naci\u00f3n\",\"Noticias\",\"Seccional Neiva\"],\"inLanguage\":\"es-CO\"},{\"@type\":\"WebPage\",\"@id\":\"https:\/\/www.fiscalia.gov.co\/colombia\/noticias\/entra-en-funcionamiento-la-nueva-sede-de-la-fiscalia-general-de-la-nacion-en-huila\/\",\"url\":\"https:\/\/www.fiscalia.gov.co\/colombia\/noticias\/entra-en-funcionamiento-la-nueva-sede-de-la-fiscalia-general-de-la-nacion-en-huila\/\",\"name\":\"Fiscal\u00eda General de la Naci\u00f3n\",\"isPartOf\":{\"@id\":\"https:\/\/www.fiscalia.gov.co\/colombia\/#website\"},\"primaryImageOfPage\":{\"@id\":\"https:\/\/www.fiscalia.gov.co\/colombia\/noticias\/entra-en-funcionamiento-la-nueva-sede-de-la-fiscalia-general-de-la-nacion-en-huila\/#primaryimage\"},\"image\":{\"@id\":\"https:\/\/www.fiscalia.gov.co\/colombia\/noticias\/entra-en-funcionamiento-la-nueva-sede-de-la-fiscalia-general-de-la-nacion-en-huila\/#primaryimage\"},\"thumbnailUrl\":\"https:\/\/www.fiscalia.gov.co\/colombia\/wp-content\/uploads\/SEDE-DE-LA-FISCALIA-EN-NEIVA.jpeg\",\"datePublished\":\"2022-12-20T12:01:35+00:00\",\"dateModified\":\"2022-12-20T12:01:35+00:00\",\"description\":\"P\u00e1gina oficial de la Fiscal\u00eda General de la Naci\u00f3n \u2013 Colombia. Garantizamos el acceso efectivo a la justicia, la verdad y la reparaci\u00f3n de las v\u00edctimas de los delitos.\",\"breadcrumb\":{\"@id\":\"https:\/\/www.fiscalia.gov.co\/colombia\/noticias\/entra-en-funcionamiento-la-nueva-sede-de-la-fiscalia-general-de-la-nacion-en-huila\/#breadcrumb\"},\"inLanguage\":\"es-CO\",\"potentialAction\":[{\"@type\":\"ReadAction\",\"target\":[\"https:\/\/www.fiscalia.gov.co\/colombia\/noticias\/entra-en-funcionamiento-la-nueva-sede-de-la-fiscalia-general-de-la-nacion-en-huila\/\"]}]},{\"@type\":\"ImageObject\",\"inLanguage\":\"es-CO\",\"@id\":\"https:\/\/www.fiscalia.gov.co\/colombia\/noticias\/entra-en-funcionamiento-la-nueva-sede-de-la-fiscalia-general-de-la-nacion-en-huila\/#primaryimage\",\"url\":\"https:\/\/www.fiscalia.gov.co\/colombia\/wp-content\/uploads\/SEDE-DE-LA-FISCALIA-EN-NEIVA.jpeg\",\"contentUrl\":\"https:\/\/www.fiscalia.gov.co\/colombia\/wp-content\/uploads\/SEDE-DE-LA-FISCALIA-EN-NEIVA.jpeg\",\"width\":1600,\"height\":1066},{\"@type\":\"BreadcrumbList\",\"@id\":\"https:\/\/www.fiscalia.gov.co\/colombia\/noticias\/entra-en-funcionamiento-la-nueva-sede-de-la-fiscalia-general-de-la-nacion-en-huila\/#breadcrumb\",\"itemListElement\":[{\"@type\":\"ListItem\",\"position\":1,\"name\":\"Home\",\"item\":\"https:\/\/www.fiscalia.gov.co\/colombia\/\"},{\"@type\":\"ListItem\",\"position\":2,\"name\":\"Entra en funcionamiento la nueva sede de la Fiscal\u00eda General de la Naci\u00f3n en Huila\"}]},{\"@type\":\"WebSite\",\"@id\":\"https:\/\/www.fiscalia.gov.co\/colombia\/#website\",\"url\":\"https:\/\/www.fiscalia.gov.co\/colombia\/\",\"name\":\"Fiscal\u00eda General de la Naci\u00f3n\",\"description\":\"P\u00e1gina oficial de la Fiscal\u00eda General de la Naci\u00f3n \u2013 Colombia. Garantizamos el acceso efectivo a la justicia, la verdad y la reparaci\u00f3n de las v\u00edctimas de los delitos.\",\"publisher\":{\"@id\":\"https:\/\/www.fiscalia.gov.co\/colombia\/#organization\"},\"potentialAction\":[{\"@type\":\"SearchAction\",\"target\":{\"@type\":\"EntryPoint\",\"urlTemplate\":\"https:\/\/www.fiscalia.gov.co\/colombia\/?s={search_term_string}\"},\"query-input\":{\"@type\":\"PropertyValueSpecification\",\"valueRequired\":true,\"valueName\":\"search_term_string\"}}],\"inLanguage\":\"es-CO\"},{\"@type\":\"Organization\",\"@id\":\"https:\/\/www.fiscalia.gov.co\/colombia\/#organization\",\"name\":\"Fiscal\u00eda General de la Naci\u00f3n\",\"url\":\"https:\/\/www.fiscalia.gov.co\/colombia\/\",\"logo\":{\"@type\":\"ImageObject\",\"inLanguage\":\"es-CO\",\"@id\":\"https:\/\/www.fiscalia.gov.co\/colombia\/#\/schema\/logo\/image\/\",\"url\":\"https:\/\/www.fiscalia.gov.co\/colombia\/wp-content\/uploads\/LogoHorizontal_1.jpg\",\"contentUrl\":\"https:\/\/www.fiscalia.gov.co\/colombia\/wp-content\/uploads\/LogoHorizontal_1.jpg\",\"width\":300,\"height\":90,\"caption\":\"Fiscal\u00eda General de la Naci\u00f3n\"},\"image\":{\"@id\":\"https:\/\/www.fiscalia.gov.co\/colombia\/#\/schema\/logo\/image\/\"},\"sameAs\":[\"https:\/\/www.facebook.com\/FiscaliaCol\",\"https:\/\/x.com\/FiscaliaCol\",\"https:\/\/www.instagram.com\/fiscaliacol\",\"https:\/\/www.linkedin.com\/company\/fiscalia-general-de-la-naci-n\/\",\"https:\/\/youtube.com\/@fiscaliageneraldelanacion-4668?si=6nN79nyQICPU5iTh\"]},{\"@type\":\"Person\",\"@id\":\"https:\/\/www.fiscalia.gov.co\/colombia\/#\/schema\/person\/2e76b9aba5ecf875ed565ce4de0e0415\",\"name\":\"Katherine Loaiza Mart\u00ednez\",\"image\":{\"@type\":\"ImageObject\",\"inLanguage\":\"es-CO\",\"@id\":\"https:\/\/www.fiscalia.gov.co\/colombia\/#\/schema\/person\/image\/\",\"url\":\"https:\/\/secure.gravatar.com\/avatar\/ab775a2f394c1b83b6d6f78680e57b50?s=96&d=mm&r=g\",\"contentUrl\":\"https:\/\/secure.gravatar.com\/avatar\/ab775a2f394c1b83b6d6f78680e57b50?s=96&d=mm&r=g\",\"caption\":\"Katherine Loaiza Mart\u00ednez\"},\"url\":\"https:\/\/www.fiscalia.gov.co\/colombia\/author\/kloaiza\/\"}]}<\/script>\n<!-- \/ Yoast SEO plugin. -->","yoast_head_json":{"title":"Fiscal\u00eda General de la Naci\u00f3n","description":"P\u00e1gina oficial de la Fiscal\u00eda General de la Naci\u00f3n \u2013 Colombia. Garantizamos el acceso efectivo a la justicia, la verdad y la reparaci\u00f3n de las v\u00edctimas de los delitos.","robots":{"index":"noindex","follow":"follow"},"og_locale":"es_ES","og_type":"article","og_title":"Fiscal\u00eda General de la Naci\u00f3n","og_description":"P\u00e1gina oficial de la Fiscal\u00eda General de la Naci\u00f3n \u2013 Colombia. Garantizamos el acceso efectivo a la justicia, la verdad y la reparaci\u00f3n de las v\u00edctimas de los delitos.","og_url":"https:\/\/www.fiscalia.gov.co\/colombia\/noticias\/entra-en-funcionamiento-la-nueva-sede-de-la-fiscalia-general-de-la-nacion-en-huila\/","og_site_name":"Fiscal\u00eda General de la Naci\u00f3n","article_publisher":"https:\/\/www.facebook.com\/FiscaliaCol","article_published_time":"2022-12-20T12:01:35+00:00","og_image":[{"width":1600,"height":1066,"url":"https:\/\/www.fiscalia.gov.co\/colombia\/wp-content\/uploads\/SEDE-DE-LA-FISCALIA-EN-NEIVA.jpeg","type":"image\/jpeg"}],"author":"Katherine Loaiza Mart\u00ednez","twitter_card":"summary_large_image","twitter_creator":"@FiscaliaCol","twitter_site":"@FiscaliaCol","twitter_misc":{"Escrito por":"Katherine Loaiza Mart\u00ednez","Tiempo de lectura":"4 minutos"},"schema":{"@context":"https:\/\/schema.org","@graph":[{"@type":"Article","@id":"https:\/\/www.fiscalia.gov.co\/colombia\/noticias\/entra-en-funcionamiento-la-nueva-sede-de-la-fiscalia-general-de-la-nacion-en-huila\/#article","isPartOf":{"@id":"https:\/\/www.fiscalia.gov.co\/colombia\/noticias\/entra-en-funcionamiento-la-nueva-sede-de-la-fiscalia-general-de-la-nacion-en-huila\/"},"author":{"name":"Katherine Loaiza Mart\u00ednez","@id":"https:\/\/www.fiscalia.gov.co\/colombia\/#\/schema\/person\/2e76b9aba5ecf875ed565ce4de0e0415"},"headline":"Entra en funcionamiento la nueva sede de la Fiscal\u00eda General de la Naci\u00f3n en Huila","datePublished":"2022-12-20T12:01:35+00:00","dateModified":"2022-12-20T12:01:35+00:00","mainEntityOfPage":{"@id":"https:\/\/www.fiscalia.gov.co\/colombia\/noticias\/entra-en-funcionamiento-la-nueva-sede-de-la-fiscalia-general-de-la-nacion-en-huila\/"},"wordCount":786,"publisher":{"@id":"https:\/\/www.fiscalia.gov.co\/colombia\/#organization"},"image":{"@id":"https:\/\/www.fiscalia.gov.co\/colombia\/noticias\/entra-en-funcionamiento-la-nueva-sede-de-la-fiscalia-general-de-la-nacion-en-huila\/#primaryimage"},"thumbnailUrl":"https:\/\/www.fiscalia.gov.co\/colombia\/wp-content\/uploads\/SEDE-DE-LA-FISCALIA-EN-NEIVA.jpeg","keywords":["Fiscal Francisco Barbosa Delgado","Fiscal General Francisco Barbosa Delgado"],"articleSection":["El Fiscal en los territorios","Fiscal General de la Naci\u00f3n","Noticias","Seccional Neiva"],"inLanguage":"es-CO"},{"@type":"WebPage","@id":"https:\/\/www.fiscalia.gov.co\/colombia\/noticias\/entra-en-funcionamiento-la-nueva-sede-de-la-fiscalia-general-de-la-nacion-en-huila\/","url":"https:\/\/www.fiscalia.gov.co\/colombia\/noticias\/entra-en-funcionamiento-la-nueva-sede-de-la-fiscalia-general-de-la-nacion-en-huila\/","name":"Fiscal\u00eda General de la Naci\u00f3n","isPartOf":{"@id":"https:\/\/www.fiscalia.gov.co\/colombia\/#website"},"primaryImageOfPage":{"@id":"https:\/\/www.fiscalia.gov.co\/colombia\/noticias\/entra-en-funcionamiento-la-nueva-sede-de-la-fiscalia-general-de-la-nacion-en-huila\/#primaryimage"},"image":{"@id":"https:\/\/www.fiscalia.gov.co\/colombia\/noticias\/entra-en-funcionamiento-la-nueva-sede-de-la-fiscalia-general-de-la-nacion-en-huila\/#primaryimage"},"thumbnailUrl":"https:\/\/www.fiscalia.gov.co\/colombia\/wp-content\/uploads\/SEDE-DE-LA-FISCALIA-EN-NEIVA.jpeg","datePublished":"2022-12-20T12:01:35+00:00","dateModified":"2022-12-20T12:01:35+00:00","description":"P\u00e1gina oficial de la Fiscal\u00eda General de la Naci\u00f3n \u2013 Colombia. Garantizamos el acceso efectivo a la justicia, la verdad y la reparaci\u00f3n de las v\u00edctimas de los delitos.","breadcrumb":{"@id":"https:\/\/www.fiscalia.gov.co\/colombia\/noticias\/entra-en-funcionamiento-la-nueva-sede-de-la-fiscalia-general-de-la-nacion-en-huila\/#breadcrumb"},"inLanguage":"es-CO","potentialAction":[{"@type":"ReadAction","target":["https:\/\/www.fiscalia.gov.co\/colombia\/noticias\/entra-en-funcionamiento-la-nueva-sede-de-la-fiscalia-general-de-la-nacion-en-huila\/"]}]},{"@type":"ImageObject","inLanguage":"es-CO","@id":"https:\/\/www.fiscalia.gov.co\/colombia\/noticias\/entra-en-funcionamiento-la-nueva-sede-de-la-fiscalia-general-de-la-nacion-en-huila\/#primaryimage","url":"https:\/\/www.fiscalia.gov.co\/colombia\/wp-content\/uploads\/SEDE-DE-LA-FISCALIA-EN-NEIVA.jpeg","contentUrl":"https:\/\/www.fiscalia.gov.co\/colombia\/wp-content\/uploads\/SEDE-DE-LA-FISCALIA-EN-NEIVA.jpeg","width":1600,"height":1066},{"@type":"BreadcrumbList","@id":"https:\/\/www.fiscalia.gov.co\/colombia\/noticias\/entra-en-funcionamiento-la-nueva-sede-de-la-fiscalia-general-de-la-nacion-en-huila\/#breadcrumb","itemListElement":[{"@type":"ListItem","position":1,"name":"Home","item":"https:\/\/www.fiscalia.gov.co\/colombia\/"},{"@type":"ListItem","position":2,"name":"Entra en funcionamiento la nueva sede de la Fiscal\u00eda General de la Naci\u00f3n en Huila"}]},{"@type":"WebSite","@id":"https:\/\/www.fiscalia.gov.co\/colombia\/#website","url":"https:\/\/www.fiscalia.gov.co\/colombia\/","name":"Fiscal\u00eda General de la Naci\u00f3n","description":"P\u00e1gina oficial de la Fiscal\u00eda General de la Naci\u00f3n \u2013 Colombia. Garantizamos el acceso efectivo a la justicia, la verdad y la reparaci\u00f3n de las v\u00edctimas de los delitos.","publisher":{"@id":"https:\/\/www.fiscalia.gov.co\/colombia\/#organization"},"potentialAction":[{"@type":"SearchAction","target":{"@type":"EntryPoint","urlTemplate":"https:\/\/www.fiscalia.gov.co\/colombia\/?s={search_term_string}"},"query-input":{"@type":"PropertyValueSpecification","valueRequired":true,"valueName":"search_term_string"}}],"inLanguage":"es-CO"},{"@type":"Organization","@id":"https:\/\/www.fiscalia.gov.co\/colombia\/#organization","name":"Fiscal\u00eda General de la Naci\u00f3n","url":"https:\/\/www.fiscalia.gov.co\/colombia\/","logo":{"@type":"ImageObject","inLanguage":"es-CO","@id":"https:\/\/www.fiscalia.gov.co\/colombia\/#\/schema\/logo\/image\/","url":"https:\/\/www.fiscalia.gov.co\/colombia\/wp-content\/uploads\/LogoHorizontal_1.jpg","contentUrl":"https:\/\/www.fiscalia.gov.co\/colombia\/wp-content\/uploads\/LogoHorizontal_1.jpg","width":300,"height":90,"caption":"Fiscal\u00eda General de la Naci\u00f3n"},"image":{"@id":"https:\/\/www.fiscalia.gov.co\/colombia\/#\/schema\/logo\/image\/"},"sameAs":["https:\/\/www.facebook.com\/FiscaliaCol","https:\/\/x.com\/FiscaliaCol","https:\/\/www.instagram.com\/fiscaliacol","https:\/\/www.linkedin.com\/company\/fiscalia-general-de-la-naci-n\/","https:\/\/youtube.com\/@fiscaliageneraldelanacion-4668?si=6nN79nyQICPU5iTh"]},{"@type":"Person","@id":"https:\/\/www.fiscalia.gov.co\/colombia\/#\/schema\/person\/2e76b9aba5ecf875ed565ce4de0e0415","name":"Katherine Loaiza Mart\u00ednez","image":{"@type":"ImageObject","inLanguage":"es-CO","@id":"https:\/\/www.fiscalia.gov.co\/colombia\/#\/schema\/person\/image\/","url":"https:\/\/secure.gravatar.com\/avatar\/ab775a2f394c1b83b6d6f78680e57b50?s=96&d=mm&r=g","contentUrl":"https:\/\/secure.gravatar.com\/avatar\/ab775a2f394c1b83b6d6f78680e57b50?s=96&d=mm&r=g","caption":"Katherine Loaiza Mart\u00ednez"},"url":"https:\/\/www.fiscalia.gov.co\/colombia\/author\/kloaiza\/"}]}},"_links":{"self":[{"href":"https:\/\/www.fiscalia.gov.co\/colombia\/wp-json\/wp\/v2\/posts\/263221","targetHints":{"allow":["GET"]}}],"collection":[{"href":"https:\/\/www.fiscalia.gov.co\/colombia\/wp-json\/wp\/v2\/posts"}],"about":[{"href":"https:\/\/www.fiscalia.gov.co\/colombia\/wp-json\/wp\/v2\/types\/post"}],"author":[{"embeddable":true,"href":"https:\/\/www.fiscalia.gov.co\/colombia\/wp-json\/wp\/v2\/users\/175"}],"replies":[{"embeddable":true,"href":"https:\/\/www.fiscalia.gov.co\/colombia\/wp-json\/wp\/v2\/comments?post=263221"}],"version-history":[{"count":1,"href":"https:\/\/www.fiscalia.gov.co\/colombia\/wp-json\/wp\/v2\/posts\/263221\/revisions"}],"predecessor-version":[{"id":263223,"href":"https:\/\/www.fiscalia.gov.co\/colombia\/wp-json\/wp\/v2\/posts\/263221\/revisions\/263223"}],"wp:featuredmedia":[{"embeddable":true,"href":"https:\/\/www.fiscalia.gov.co\/colombia\/wp-json\/wp\/v2\/media\/263222"}],"wp:attachment":[{"href":"https:\/\/www.fiscalia.gov.co\/colombia\/wp-json\/wp\/v2\/media?parent=263221"}],"wp:term":[{"taxonomy":"category","embeddable":true,"href":"https:\/\/www.fiscalia.gov.co\/colombia\/wp-json\/wp\/v2\/categories?post=263221"},{"taxonomy":"post_tag","embeddable":true,"href":"https:\/\/www.fiscalia.gov.co\/colombia\/wp-json\/wp\/v2\/tags?post=263221"}],"curies":[{"name":"wp","href":"https:\/\/api.w.org\/{rel}","templated":true}]}}